{"id":6425,"date":"2026-03-01T21:49:06","date_gmt":"2026-03-01T21:49:06","guid":{"rendered":"https:\/\/outsiderland.com\/danahilliot\/?p=6425"},"modified":"2026-03-06T10:10:36","modified_gmt":"2026-03-06T10:10:36","slug":"notes-eparses-sur-les-existences-malajustees","status":"publish","type":"post","link":"https:\/\/outsiderland.com\/danahilliot\/notes-eparses-sur-les-existences-malajustees\/","title":{"rendered":"Notes \u00e9parses sur les existences malajust\u00e9es"},"content":{"rendered":"<p align=\"justify\">(Prises au caf\u00e9 un matin de f\u00e9vrier.)<\/p>\n<p align=\"justify\">Je pr\u00e9f\u00e8re parler d\u2019existences malajust\u00e9es (qui traduit litt\u00e9ralement l\u2019anglais <i>maladjusted<\/i>) plut\u00f4t que de personnalit\u00e9s borderline, ou d\u2019\u00e9tats-limites, parce que ces concepts appartiennent au champ psychopathologique \u2013 et m\u00eame si elles ne sont pas, ou ne devraient pas, \u00eatre consid\u00e9r\u00e9es, en psychanalyse notamment, comme des tableaux pathologiques, elles demeurent des d\u00e9terminations probl\u00e9matiques, dans la mesure o\u00f9 elles renvoient implicitement \u00e0 une norme, laquelle n\u2019est pas th\u00e9matis\u00e9e ou interrog\u00e9e comme telle. C\u2019est une des grandes mis\u00e8res \u00ab \u00e9pist\u00e9mologiques \u00bb de la psychopathologie, particuli\u00e8rement dans les cat\u00e9gories qu\u2019elle \u00e9tablit dans les mod\u00e8les cognitivistes, comportementalistes ou neuropsychiatriques, de demeurer absolument sourde et aveugle, et pour tout dire, d\u2019occulter enti\u00e8rement, la question de la norme \u00e0 laquelle elle ne cesse de se r\u00e9f\u00e9rer sans jamais la d\u00e9crire, en ne l\u2019abordant que de mani\u00e8re \u00ab n\u00e9gative \u00bb, par le biais de l\u2019anomalie, de la d\u00e9viance (et donc, ce faisant, elle \u00ab\u00a0d\u00e9politise\u00a0\u00bb ces questions, se situant elle-m\u00eame dans un champ \u00ab\u00a0apolitique\u00a0\u00bb).<\/p>\n<p align=\"justify\">La psychologie contemporaine repose en r\u00e9alit\u00e9 sur un syst\u00e8me de normes non th\u00e9matis\u00e9, non \u00e9lucid\u00e9, non conscient, que ce soit au niveau th\u00e9orique, exp\u00e9rimental, mais trop souvent aussi dans les cabinets o\u00f9 sont re\u00e7u\u2027es les patient\u2027es, orient\u00e9\u2027es vers une \u00ab promesse de th\u00e9rapie \u00bb, hant\u00e9s par le \u00ab d\u00e9sir th\u00e9rapeutique \u00bb du psy, contre lequel Bion aussi bien que Lacan nous ont pourtant mis en garde, qui m\u2019a toujours sembl\u00e9 probl\u00e9matique. Cette occultation de ce sur quoi la psychologie fait fond a pour cons\u00e9quence que le travail du psychologue ou du psychiatre peut \u00eatre d\u00e9crit comme une entreprise de r\u00e9adaptation, de r\u00e9alignement, pour parler comme les f\u00e9ministes\/queer, de remise sur le droit chemin, de \u00ab conformation \u00bb \u00e0 l\u2019id\u00e9al de la \u00ab bonne vie \u00bb que diffusent \u00e0 bas bruit les <em>(infra-)structures of feeling<\/em> (Raymond Williams). L\u2019internement, la mise hors circuit, l\u2019association de la vie malajust\u00e9e \u00e0 un handicap, tout cela t\u00e9moigne de l\u2019\u00e9chec de cette entreprise, tout en confirmant \u00e9videmment sa n\u00e9cessit\u00e9 : moins on soigne plus il est urgent de soigner.<\/p>\n<p align=\"justify\">On parlait nagu\u00e8re, \u00e0 raison, de la psychiatrie comme d\u2019un levier de l\u2019hygi\u00e9nisme social : un outil politique qui vise \u00e0 s\u00e9parer le bon grain de l\u2019ivraie, de mani\u00e8re \u00e0 optimiser la \u00ab reproduction \u00bb du \u00ab\u00a0style de vie\u00a0\u00bb attendu, au sens f\u00e9ministe et marxiste. L\u2019entreprise psychoth\u00e9rapeutique vise \u00e0 individualiser autant que possible les cas probl\u00e9matiques, de mani\u00e8re \u00e0 occulter autant qu\u2019il est possible les structures sociales, \u00e9conomiques et politiques qui reproduisent la \u00ab s\u00e9lection \u00bb des individus, leur exclusion, leur inclusion, et les violences continues et inaper\u00e7ues des techniques de s\u00e9lection. Ce faisant, elle collabore \u00e0 cette reproduction, en fournissant des crit\u00e8res pr\u00e9tendus objectifs (ce qui pr\u00eaterait \u00e0 sourire si les cons\u00e9quences \u00e9taient moins graves, quand on conna\u00eet le caract\u00e8re purement empirique, et qui n\u2019a de scientifique que la forme, des diagnostics et des traitements psychiatriques, et dont la seule r\u00e9ussite notable est de transformer les psychotiques les plus d\u00e9sesp\u00e9r\u00e9s en l\u00e9gumes.). Elle contribue, comme les techniques de distribution du travail, la culture de la famille, la r\u00e9p\u00e9tition des hommages rendus \u00e0 la nation, \u00e0 alimenter et renforcer les <em>structures of feeling<\/em> qui d\u00e9terminent la norme et la d\u00e9viance, la vie d\u00e9sirable et la vie d\u00e9faillante, la bonne et la mauvaise sant\u00e9. L\u2019id\u00e9ologie que pr\u00e9suppose et qu\u2019incarne la psychopathologie prise au sens large, des ouvrages th\u00e9oriques aux cabinets des praticiens, devient la toile de fond qui va de soi, qui ne fait quasiment plus l\u2019objet d\u2019analyses critiques (comme c\u2019\u00e9tait le cas dans les ann\u00e9es 60 et 70 par exemple : des courants philosophiques et politiques anti-psychiatriques, qui pour le plupart \u00e9taient n\u00e9s de la psychiatrie elle-m\u00eame, il ne reste plus que les th\u00e9ories complotistes vaseuses de quelques imb\u00e9ciles illumin\u00e9s). Le travail de sape qu\u2019elle op\u00e8re passe sans qu\u2019on n\u2019y prenne plus garde, demeure \u00ab <em>unnoticed<\/em> \u00bb pour reprendre ce mot qui revient souvent, et on comprend pourquoi, dans l\u2019\u0153uvre de la chercheuse f\u00e9ministe queer Sara Ahmed.<\/p>\n<p align=\"justify\">[apart\u00e9\u00a0: comment s\u2019\u00e9tonner de ce qu\u2019on peut lire dans ces \u00ab\u00a0dossiers m\u00e9dicaux\u00a0\u00bb vol\u00e9s par un hacker, et dont le contenu confidentiel a \u00e9t\u00e9 en partie r\u00e9v\u00e9l\u00e9, dont les notes prises par quelques m\u00e9decins ou psychiatres, je cite <em>verbatim<\/em>\u00a0: \u00ab <em>\u00ab\u00a0porteuse sida !!! !!!!\u00a0\u00bb<\/em>, <em>\u00ab\u00a0serait homosexuelle d\u2019apr\u00e8s sa m\u00e8re\u00a0\u00bb<\/em>, <em>\u00ab\u00a0m\u00e8re musulmane voil\u00e9e\u00a0\u00bb<\/em>, ou encore <em>\u00ab\u00a0catholique non pratiquante car ses 2 fr\u00e8res sont suicid\u00e9s\u00a0\u00bb<\/em>. La question n\u2019est pas tant de s\u2019inqui\u00e9ter de l\u2019usage qui pourrait \u00eatre fait, comme le dit la presse fran\u00e7aise dans sa stupidit\u00e9 habituelle, \u00ab\u00a0\u00e0 des fins discriminatoires\u00a0\u00bb, de ces commentaires \u00ab\u00a0confidentiels\u00a0\u00bb \u2013 <em>de facto<\/em>, la discrimination n\u2019a pas besoin de ce genre d\u2019informations pour s\u2019accomplir chaque jour. Mais plut\u00f4t de r\u00e9fl\u00e9chir au fait que des soignants puissent non seulement \u00e9crire, mais aussi penser des choses pareilles. Il serait vraiment grand temps d\u2019ouvrir les yeux sur la violence du champ m\u00e9dical, qu\u2019on tend \u00e0 consid\u00e9rer comme un domaine sacro-saint, par la n\u00e9cessit\u00e9 qu\u2019il y a \u00e0 soigner les malades, qui serait peupl\u00e9 quasiment exclusivement de personnes bienveillantes et d\u2019une intelligence sup\u00e9rieure, \u00e0 l\u2019exception de quelques brebis galeuses, aux \u00e9garements bien d\u00e9plorables mais somme toute passagers \u2013 la r\u00e9alit\u00e9 est tout autre : la violence, ainsi que je le laissais entendre plus haut, est consubstantielle \u00e0 la pratique th\u00e9rapeutique d\u00e8s lors qu\u2019elle n\u2019interroge pas les normes sur lesquelles elle repose. Si j\u2019\u00e9tais en charge d\u2019une r\u00e9forme de la m\u00e9decine et de la psychiatrie, je commencerai par rendre obligatoire un enseignement pouss\u00e9 et continu, en philosophie des sciences, en \u00e9pist\u00e9mologie, en histoire de la m\u00e9decine, en \u00e9thique et morale, enseignement qui serait parachev\u00e9 par l\u2019\u00e9tude de livres politiques \u2013 notamment produits par des critiques f\u00e9ministes queer, anti-racistes, d\u00e9coloniaux, etc.]<\/p>\n<p align=\"justify\"><a href=\"https:\/\/www.franceinfo.fr\/sante\/enquete-francetv-une-fuite-massive-de-donnees-medicales-inquiete-en-france_7831823.html\">https:\/\/www.franceinfo.fr\/sante\/enquete-francetv-une-fuite-massive-de-donnees-medicales-inquiete-en-france_7831823.html<\/a><\/p>\n<p align=\"justify\">Il faut bien se faire \u00e0 l\u2019id\u00e9e que tous les termes qui viennent \u00e0 l\u2019esprit pour nommer ces \u00ab malajust\u00e9s \u00bb renvoient irr\u00e9sistiblement \u00e0 la norme, au syst\u00e8me des normes, dont ils s\u2019\u00e9cartent (de leur plein gr\u00e9 ou pas). On peut l\u00e9gitimement s\u2019agacer de ces d\u00e9finitions n\u00e9gatives, mais aussi consid\u00e9rer qu\u2019assumer par exemple, pour parler de soi, de faire usage des \u00ab mots de l\u2019ennemi \u00bb (<em>borderline<\/em>, <em>queer<\/em>, d\u00e9viant, etc.), c\u2019est assumer une diff\u00e9rence qui n\u2019a de sens que dans un contexte linguistique et exp\u00e9rientiel conflictuel, c\u2019est d\u00e9noncer la violence des assignations normatives, habituellement pass\u00e9es sous silence comme \u00ab non pertinentes \u00bb, et, <i>in fine<\/i>, se donner un lexique pour r\u00e9sister et lutter contre cette violence. (on lira cet argument chez Sara Ahmed dans son <i>Manuel rabat-joie f\u00e9ministe<\/i>.)<\/p>\n<p align=\"justify\">Tout se passe comme si on d\u00e9crivait l\u2019anomalie sans se soucier de l\u2019\u00e9tat normal auquel renvoie forc\u00e9ment l\u2019anomalie \u2013 \u00e9tat normal qui suppose une r\u00e9gularit\u00e9, que l\u2019anomalie est cens\u00e9e interrompre\u00a0: on pourrait aussi qualifier les malajust\u00e9s d\u2019\u00ab\u00a0irr\u00e9guliers\u00a0\u00bb.<\/p>\n<p align=\"justify\">Ou bien : \u00ab d\u00e9cal\u00e9s \u00bb, \u00ab non-adh\u00e9rents \u00bb (ou n\u2019adh\u00e9rant pas tout \u00e0 fait malgr\u00e9 leurs efforts, le probl\u00e8me \u00e9tant justement qu\u2019on doit, pour adh\u00e9rer, produire un effort, l\u00e0 o\u00f9, pour la plupart, l\u2019adh\u00e9sion est spontan\u00e9e, va s\u2019en dire, n\u2019est m\u00eame pas not\u00e9e).<\/p>\n<p align=\"justify\">Le terme \u00ab\u00a0<em>borderline<\/em>\u00a0\u00bb pr\u00e9sente un certain int\u00e9r\u00eat si l\u2019on oubliait toutes ses connotations psychopathologiques, et qu\u2019on l\u2019entendait au sens litt\u00e9ral\u00a0: la condition de celle ou celui qui se trouve en bordure de la ligne \u2013 reste \u00e0 d\u00e9crire cette ligne, description que la psychopathologie prend bien soin de ne jamais produire. Celle ou celui qui, avan\u00e7ant au bord de la ligne, se tient aussi au bord du vide.<\/p>\n<p align=\"justify\">On pourrait alors parler de \u00ab\u00a0non-align\u00e9\u00a0\u00bb \u2013 en se r\u00e9f\u00e9rant au concept et aux exp\u00e9riences d\u2019alignements (ou de re-alignements forc\u00e9s) d\u00e9crits dans la litt\u00e9rature f\u00e9ministe queer.<\/p>\n<p align=\"justify\">On se retrouve dans la m\u00eame situation que celles et ceux qui acceptent l\u2019id\u00e9e de \u00ab queer \u00bb, malgr\u00e9 ses origines stigmatisantes (ou les personnes de couleur avec le mot \u00ab <i>niger<\/i>\u00a0\u00bb) \u2013 ce qui souligne et positive d\u2019une certaine mani\u00e8re leur \u00ab\u00a0\u00e9tranget\u00e9\u00a0\u00bb \u2013 bien qu\u2019au fond, l\u00e0 encore, il n\u2019est d\u2019\u00e9trange que ce qui \u00e9tonne ou embarrasse la norme.<\/p>\n<p align=\"justify\">Peut-\u00eatre devrait-on tout bonnement reconna\u00eetre que le monde tel qu\u2019il se pr\u00e9sente \u00e0 nous, les non-align\u00e9s, n\u2019est pas fait pour nous. Qu\u2019il a \u00e9t\u00e9 constitu\u00e9 et institu\u00e9, pour l\u2019homme blanc d\u2019\u00e2ge m\u00fbr multi-propri\u00e9taire (pour reprendre la formule du s\u00e9nateur Howard en 1866 (\u00ab<i>\u00a0Everywhere mature manhood is the representative type of the human race.<\/i> \u00bb disait-il. J\u2019avais trouv\u00e9 cette citation chez Saidiya Hartman, <i>Scenes of subjection. Terror, Slavery, and Self-Making in Nineteenth-Century America<\/i>.<\/p>\n<p align=\"justify\">\n<blockquote class=\"wp-embedded-content\" data-secret=\"cZunEB662R\"><p><a href=\"https:\/\/outsiderland.com\/danahilliot\/le-type-representatif-de-la-race-humaine\/\">\u00ab\u00a0Le type repr\u00e9sentatif de la race humaine\u00a0\u00bb<\/a><\/p><\/blockquote>\n<p><iframe class=\"wp-embedded-content\" sandbox=\"allow-scripts\" security=\"restricted\" style=\"position: absolute; visibility: hidden;\" title=\"\u00ab\u00a0\u00ab\u00a0Le type repr\u00e9sentatif de la race humaine\u00a0\u00bb\u00a0\u00bb &#8212; Outside Dana Hilliot\" src=\"https:\/\/outsiderland.com\/danahilliot\/le-type-representatif-de-la-race-humaine\/embed\/#?secret=UM9KTK7w1w#?secret=cZunEB662R\" data-secret=\"cZunEB662R\" width=\"600\" height=\"338\" frameborder=\"0\" marginwidth=\"0\" marginheight=\"0\" scrolling=\"no\"><\/iframe><\/p>\n<p align=\"justify\">Pensez \u00e0 l\u2019organisation des villes, des espaces de travail, la r\u00e9partition des t\u00e2ches, la distribution des services, des biens et des revenus, etc. On ira parmi bien d\u2019autres exemples le livre de Leslie Kern, <i>Feminist City. Claiming space in a man-made world<\/i>, Verso 2020.<\/p>\n<p align=\"justify\">Le malajust\u00e9 se trouve toujours menac\u00e9 d\u2019effondrement. Il s\u2019effondre sans doute rarement, mais la menace subsiste. On pourrait appeler cet effondrement une <i>d\u00e9compensation<\/i> au sens psychiatrique du terme. Ce qui n\u2019est pas interrog\u00e9, comme toujours, c\u2019est ce en quoi consiste l\u2019\u00e9tat de compensation. En r\u00e9alit\u00e9, cet \u00e9tat \u00ab compens\u00e9 \u00bb ressemble, ou tente \u00e0 ressembler, \u00e0 un \u00e9tat \u00ab normal \u00bb qu\u2019on peut d\u00e9crire comme un comportement g\u00e9n\u00e9ral (une humeur, un \u00e9tat de l\u2019\u00e2me tout autant que du corps, des expressions verbales et non-verbales), qui serait align\u00e9 sur les normes. La difficult\u00e9, pour les malajust\u00e9s, c\u2019est qu\u2019ils ne d\u00e9compensent que rarement de mani\u00e8re spectaculaire. Il s\u2019agit plut\u00f4t d&rsquo;une succession de micro-effondrements, \u00e0 chaque fois que \u00ab\u00a0le sol de la r\u00e9alit\u00e9 se d\u00e9robe\u00a0\u00bb, quand l\u2019arri\u00e8re-plan se f\u00eale et, du m\u00eame coup devient conscient en tant qu\u2019arri\u00e8re-plan, et partant, probl\u00e9matique. On pourrait parler d\u2019une succession de crises, d\u2019une accumulation de d\u00e9r\u00e8glements, plut\u00f4t que d\u2019une catastrophe en bonne et due forme. C\u2019est seulement quand le tableau de fond se fissure, qu\u2019on prend conscience de son existence. Tant qu\u2019il reste homog\u00e8ne, il demeure \u00ab <em>unnoticed<\/em> \u00bb comme dit Sara Ahmed, terme \u00e0 mon avis crucial mais difficile \u00e0 traduire en fran\u00e7ais (\u00ab\u00a0non-remarqu\u00e9\u00a0\u00bb, \u00ab\u00a0non-not\u00e9\u00a0\u00bb, \u00ab\u00a0non-relev\u00e9\u00a0\u00bb \u2013 \u00ab ignor\u00e9 \u00bb ne convient pas). Cet empire des normes, qui constitue le sol de la r\u00e9alit\u00e9, le tableau de fond ou l\u2019arri\u00e8re-plan non interrog\u00e9 de l\u2019existence sociale, se diffuse en r\u00e9alit\u00e9 subrepticement \u00e0 bas bruit, et on parle alors, comme Raymond Williams, de <i>structure of feeling<\/i>, voire d\u2019<i>infrastructure of feeling<\/i> (voir par exemple le livre remarquable de Dominic Davies, <em>The Broken Promise of Infrastructure<\/em>, Lawrence Wishart, London 2023. (je pense aussi \u00e0 la somme d\u2019Alexander Kluge, <em>Chroniques des sentiments<\/em>, qui je crois illustre \u00e0 sa mani\u00e8re \u00ab\u00a0litt\u00e9raire\u00a0\u00bb, et mieux encore \u00ab\u00a0documente\u00a0\u00bb les traces de ces <i>structures of feeling<\/i>). Le monde ou l\u2019infra-monde des normes consiste en un ensemble d\u2019attentes (ou de \u00ab comportements \u00bb (au sens large) attendus). C\u2019est pourquoi ces (<i>infra-)structures of feeling<\/i> par lesquelles se diffusent des \u00ab ambiances g\u00e9n\u00e9rales \u00bb, riches en incitations, mais aussi en dissuasions, sont essentiellement dynamiques.<\/p>\n<p align=\"justify\">Elles sont dynamiques, au sens o\u00f9 elles projettent continuellement des assignations \u00e0 \u00ab\u00a0compara\u00eetre\u00a0\u00bb (para\u00eetre devant les autres), mais dissimulent en m\u00eame temps leur dynamisme, en se faisant passer pour une (seconde) nature, un monde donn\u00e9, statique, la r\u00e9alit\u00e9 avec laquelle on ne peut faire autrement que de composer, \u00e0 laquelle on n\u2019a pas d\u2019autre choix que s\u2019adapter. Le fait, soulign\u00e9 maintes fois par les historiens des m\u0153urs, que les normes \u00e9voluent, et par les ethnologues et sociologues, qu\u2019elles ne valent que pour une culture ou un groupe donn\u00e9, et pas forc\u00e9ment ailleurs, n\u2019y change rien. L\u2019\u00e9volution des normes, leur changement (en r\u00e9alit\u00e9 continu lui aussi), constituent toujours une menace pour celles et ceux qui s\u2019identifient comme les d\u00e9fenseurs de la norme (et les juges de la d\u00e9viance). Ce pourquoi la plus flagrante traduction politique de la r\u00e9alit\u00e9 normative, ce sont les politiques d\u2019int\u00e9gration et d\u2019assimilation, c\u2019est-\u00e0-dire la mise en place de techniques biopolitiques (et souvent n\u00e9cropolitiques) de remise en ordre des valeurs, d\u2019ajustement des comportements et des opinions, de rappel des normes en vigueur, et de nivellement, voire d\u2019arasement (souvent violent), des diff\u00e9rences, de stigmatisation de la d\u00e9viance, de pr\u00e9vention et de r\u00e9paration des d\u00e9faillances. Le syst\u00e8me \u00e9ducatif me para\u00eet, pris sous cet angle, \u00eatre la premi\u00e8re entreprise d\u2019int\u00e9gration et d\u2019ajustement (de l\u2019enfant sauvage, indisciplin\u00e9, potentiellement <em>queer<\/em>). Logiquement, toutes les institutions sociales et politiques s\u2019inspirent d\u2019une logique conservatrice et parfois (comme \u00e0 notre \u00e9poque o\u00f9 la menace d\u2019une d\u00e9cadence est brandie de mani\u00e8re obsessionnelle), r\u00e9actionnaire.<\/p>\n<p align=\"justify\">Ces <i>structures of feeling<\/i> normatives fabriquent de mani\u00e8re continue ce qu\u2019on pourrait appeler la r\u00e9alit\u00e9, c\u2019est-\u00e0-dire la toile de fond ou l\u2019arri\u00e8re-plan sur lequel se d\u00e9ploient les relations sociales. Les attentes qu\u2019elles projettent en permanence ne sont pas per\u00e7ues comme des attentes dans la mesure o\u00f9 elles sont satisfaites, o\u00f9 les gens se conforment et font ce qu\u2019on attend d\u2019eux. Elles deviennent probl\u00e9matis\u00e9es comme des attentes quand les personnes \u00e9chouent. Autrement dit, pour les personnes malajust\u00e9es, la r\u00e9alit\u00e9 devient une sorte d\u2019\u00e9preuve plus ou moins permanente \u2013 dont elles ont pris conscience en \u00e9chouant. Cette existence anxieuse ne s\u2019apaise que dans la mesure o\u00f9 l\u2019on est tout seul ou entre amis, avec des gens de confiance, et qu\u2019on \u00e9chappe, provisoirement, \u00e0 ce r\u00e9gime de la r\u00e9p\u00e9tition des attentes, qui sont \u00e9prouv\u00e9es comme autant d\u2019\u00e9preuves, de tests \u00e0 passer (sans qu\u2019ils aient \u00e9t\u00e9 pr\u00e9sent\u00e9s comme tels), qui suscitent des \u00e9tats \u00e9motionnels d\u2019inconfort, d\u2019embarras, d\u2019incompr\u00e9hension, un sentiment d\u2019injustice, la perte de confiance en soi et aux autres, et parfois le d\u00e9sespoir.<\/p>\n<p align=\"justify\">\u00c9chouer \u00e0 satisfaire cette attente, c\u2019est devenir suspect pour tous les autres, pour le social. L\u2019impression d\u2019avoir dit quelque chose de trop, de ne pas en avoir assez fait, d\u2019avoir souri de mani\u00e8re inappropri\u00e9e, soupir\u00e9 \u00e0 contre-temps, de s\u2019\u00eatre comport\u00e9 d\u2019une mani\u00e8re un peu d\u00e9cal\u00e9e, inad\u00e9quate, \u00eatre toujours un peu en retard ou un peu en avance, rarement dans le bon tempo. C\u2019est pourquoi je pr\u00e9f\u00e8re parler de \u00ab\u00a0<em>feelings<\/em> \u00bb. Ce l\u00e9ger d\u00e9calage, par sa r\u00e9p\u00e9tition, entra\u00eene pourtant des cons\u00e9quences parfois spectaculaires, de v\u00e9ritables bouleversements. Et quand le malajust\u00e9 se plaint des reproches qu\u2019on lui fait de n\u2019\u00eatre pas ajust\u00e9, on le renvoie \u00e0 la norme. On lui dit qu\u2019il fait tout un plat de quelque chose d\u2019anodin, qu\u2019il n\u2019y a pas lieu de se mettre dans cet \u00e9tat. \u00ab\u00a0Ce n\u2019est rien, tout le monde vit des choses pareilles apr\u00e8s tout !\u00a0\u00bb (minimiser la douleur ressentie <em>par l&rsquo;autre<\/em>, en la relativisant, en l\u2019universalisant, permet de ranger les plaintes des racis\u00e9s, des femmes, des <em>queer<\/em>, des malajust\u00e9s, dans le tiroir des sujets capricieux, des racis\u00e9s susceptibles, de l\u2019hyst\u00e9rie f\u00e9minine, des gar\u00e7ons eff\u00e9min\u00e9s, des sensibilit\u00e9s excessives, ou des mauvaises volont\u00e9s, des <i>willfull subjects,<\/i>\u00a0pour reprendre le titre d\u2019une \u00e9tude de Sara Ahmed \u2013 au fond, si vous n\u2019adh\u00e9rez pas et vous en plaignez, c\u2019est parce que vous \u00eates ou bien de mauvais citoyens, ou bien des personnes malades, et parfois, alternativement ou en m\u00eame temps, les deux.)<\/p>\n<p align=\"justify\">La vie sociale du mal ajust\u00e9 ressemble \u00e0 une course d\u2019orientation (et une course d\u2019obstacles). C\u2019est comme s\u2019il fallait faire des efforts pour d\u2019abord d\u00e9couvrir les balises, sans lesquels le bon chemin demeure invisible, \u00e9tudier la carte sociale pour esp\u00e9rer s\u2019orienter correctement. Pour la plupart des gens, au contraire, cette g\u00e9ographie est acquise, tout est d\u00e9j\u00e0 connu, les chemins ont d\u00e9j\u00e0 \u00e9t\u00e9 emprunt\u00e9s (\u00ab\u00a0<em>the more a path is used, the more a path is used<\/em>\u00a0\u00bb, rappelle Sara Ahmed dans <i>What\u2019s the use?<\/i>), les pens\u00e9es d\u00e9j\u00e0 pens\u00e9es. La r\u00e9alit\u00e9, c\u2019est-\u00e0-dire l\u2019ordre du symbolique (je renvoie ici incidemment \u00e0 Lacan, sans avoir le temps de d\u00e9velopper), ne signifie pas autre chose que : le monde est fait pour certains et pas pour d\u2019autres. Il a \u00e9t\u00e9 fabriqu\u00e9, a \u00e9t\u00e9 dispos\u00e9, pour les uns et pas pour d\u2019autres. M\u00eame si le mouvement est parfois scand\u00e9 de frictions, ponctu\u00e9es d\u2019\u00e9tapes et d\u2019\u00e9preuves, ces frictions, ces \u00e9tapes et ces \u00e9preuves, le dipl\u00f4me, le travail, le mariage, la maison, la retraite, etc., demeurent parfaitement normaux, c&rsquo;est-\u00e0-dire \u00ab\u00a0attendus\u00a0\u00bb. L\u2019amour du travail, de la famille et de la nation (la patrie), r\u00e9gulent l\u2019empire des normes auquel chacun est appel\u00e9 \u00e0 adh\u00e9rer. Et, il faut bien l\u2019admettre, la plupart y adh\u00e8rent sans sourciller (ou, sans vraiment sourciller) : s\u2019il est exag\u00e9r\u00e9 de parler d\u2019une r\u00e9elle unanimit\u00e9 (concernant des questions qu\u2019on ne pose que rarement), s\u2019impose tout de m\u00eame un large consensus, lequel se manifeste pas tant dans les opinions que dans les actes et les biographies (tout semble conspirer, semble-t-il parfois, de mani\u00e8re silencieuse, \u00e0 la confirmation de ces \u00ab \u00e9tats de fait \u00bb). L\u2019adh\u00e9sion est tenue pour acquise, et n\u2019est que rarement requise \u2013 except\u00e9 si vous \u00eates un migrant aux portes du pays que vous souhaitez traverser, ou un allocataire du RSA ou un demandeur d\u2019emploi etc. La plupart du temps, elle se diffuse sous la forme de micro-situations sociales, ce pourquoi on les appelle des <i>structures of feeling<\/i>\u00a0: on ne vous demande jamais d\u2019adh\u00e9rer explicitement au capitalisme, comme s\u2019il s\u2019agissait de voter pour une id\u00e9ologie, mais tout conspire en silence \u00e0 ce que vous n\u2019ayez d\u2019autre choix que d\u2019y adh\u00e9rer, par vos actes, vos sentiments, vos comportements. Ainsi, l\u2019existence, pour la plupart, au sein de la r\u00e9alit\u00e9, s\u2019av\u00e8re relativement fluide. Elle ne pose gu\u00e8re de questions sur la r\u00e9alit\u00e9 \u00e0 elle-m\u00eame. Une question serait un arr\u00eat, une interruption, une menace.<\/p>\n<p align=\"justify\">Il faut imaginer qu\u2019au contraire, pour le malajust\u00e9, ce m\u00eame espace social n\u2019a rien de fluide, mais qu\u2019il est en permanence interrompu, comme un d\u00e9placement scand\u00e9 par des \u00ab <i>checkpoints<\/i> \u00bb. <i>De facto<\/i>, ces d\u00e9placements interrompus par des passages aux checkpoints constitue pour bien des gens sur cette plan\u00e8te un \u00e9l\u00e9ment de la vie quotidienne. Un <i>checkpoint<\/i> est une interruption de la mobilit\u00e9 : il suscite un arr\u00eat. On se demande si l\u2019on est autoris\u00e9 \u00e0 entrer \u00e0 tel ou tel endroit, si l\u2019on est cens\u00e9 passer par telle ou telle voie. Il faut montrer patte blanche pour \u00ab\u00a0\u00eatre autoris\u00e9\u00a0\u00bb : d\u00e9cliner son identit\u00e9, montrer ses papiers, livrer son corps (et son smartphone) \u00e0 la fouille, s&rsquo;acquitter d&rsquo;un bakchich dans certains cas. Un checkpoint est un test de \u00ab\u00a0bonne citoyennet\u00e9\u00a0\u00bb, une \u00e9preuve (\u00e0 laquelle, si vous \u00e9chouez, peut avoir des cons\u00e9quences dramatiques) pour certains, mais une interface qui facilite la vie ou fluidifie le d\u00e9placement pour d\u2019autres. Une simple porte peut devenir un <i>checkpoint<\/i>, un restaurant dans lequel vous n\u2019entrerez jamais, un terrain de golf o\u00f9 vous n\u2019\u00eates pas le bienvenu, un quartier r\u00e9serv\u00e9, un sens interdit ou une voie obligatoire. Elle peut au contraire ouvrir un monde de plaisirs r\u00e9serv\u00e9s \u00e0 quelques privil\u00e9gi\u00e9s. L\u2019am\u00e9nagement urbain peut \u00eatre d\u00e9crit comme une g\u00e9ographie d\u2019apartheid plus ou moins implicite. Entre les quartiers gentrifi\u00e9s et les cit\u00e9s de mis\u00e8re, un tri s\u2019op\u00e8re parmi les populations (selon des crit\u00e8res socio-\u00e9conomiques et, bien souvent, raciaux). Les fronti\u00e8res s\u2019\u00e9l\u00e8vent, mat\u00e9rialis\u00e9es par des murs, tout autant que des remparts immat\u00e9riels, invisibles, abstraits (aux effets pas moins concrets). Pour celles et ceux qui m\u00e8nent une vie fluide et s\u00e9curis\u00e9e, celles et ceux pour qui ce monde est fait, ces fronti\u00e8res sont non remarqu\u00e9es, parce que non remarquables : ils peuvent aller o\u00f9 bon leur semble, sans subir aucun arr\u00eat. Ils notent \u00e0 peine l&rsquo;existence de la fronti\u00e8re, puisqu&rsquo;elles ne les arr\u00eatent pas &#8211; une fronti\u00e8re n&rsquo;existe que pour celles et ceux qu&rsquo;elle arr\u00eate (ce sont les m\u00eames qui affirment que les soci\u00e9t\u00e9s contemporaines sont devenues post-raciales, post-f\u00e9ministes, post-queer, qu\u2019il n\u2019y a donc plus vraiment lieu de se plaindre, et qu\u2019il faut au contraire saluer les efforts qui ont \u00e9t\u00e9 accomplis pour d\u00e9passer le racisme, le sexisme ou l\u2019homophobie, etc.)<\/p>\n<p align=\"justify\">La forteresse europ\u00e9enne d\u00e9ploie une immense fronti\u00e8re, \u00e0 la fois concr\u00e8te et abstraite (id\u00e9ologique) cens\u00e9e s\u00e9curiser l\u2019existence suppos\u00e9ment menac\u00e9e des Europ\u00e9ens (c\u2019est-\u00e0-dire la <i>whiteness<\/i>, la blancheur et ses privil\u00e8ges) et externalise la violence sur laquelle se fonde leur s\u00e9curit\u00e9 et leur prosp\u00e9rit\u00e9. Toute cette violence est cach\u00e9e, elle ne doit pas \u00eatre visible. On la confine dans des camps de r\u00e9tention (parfois situ\u00e9s au c\u0153ur m\u00eame des villes, \u00e0 deux pas de chez vous), et on la projette dans les pays limitrophes, et m\u00eame, de plus en plus lointains (les limites de l&rsquo;Europe peuvent aller jusqu&rsquo;au Moyen-Orient, en Afrique Noire et on parle de c\u00e9der la \u00ab\u00a0gestion\u00a0\u00bb des demandeurs d&rsquo;asile \u00e0 l&rsquo;Inde). Tout est fait pour occulter le fait que la norme repose sur l&rsquo;exclusion et la violence. Que la norme est un verbe, un acte, et pas un \u00e9tat de fait \u2013 le r\u00e9sultat d\u2019un travail, d\u2019une volont\u00e9, une \u00ab normalisation \u00bb. Et que ce verbe appartient au registre de la violence. (il est \u00e9videmment contre-intuitif d\u2019associer l\u2019adjectif \u00ab normal \u00bb \u00e0 la violence, ce que j\u2019essaie de faire ici).<\/p>\n<p align=\"justify\">Ces g\u00e9ographies circulent forc\u00e9ment avant tout dans le langage, et donc dans les pens\u00e9es, notamment sous la forme de r\u00e9f\u00e9rences qui sont comme des panneaux d\u2019orientation. C\u2019est le fameux indicateur de chemin de fer qui peut para\u00eetre absolument incompr\u00e9hensible pour tous les gens qui ne connaissent pas les codes. Le malajust\u00e9 a parfois le sentiment de n\u2019avoir jamais les bonnes r\u00e9f\u00e9rences. Ou bien les r\u00e9f\u00e9rences qui sont les siennes sont inconnues de la plupart des gens. Il ne sait pas ce qu\u2019il faut penser en telle ou telle occasion. Il ne sait pas ce qu\u2019il faut \u00ab en \u00bb penser. Une r\u00e9f\u00e9rence peut \u00eatre un programme t\u00e9l\u00e9vis\u00e9 que vous n\u2019avez pas vu, une personnalit\u00e9 dont tout le monde parle, un \u00e9v\u00e9nement qui fait la Une des journaux. Elle s\u2019institue comme norme, comme point d\u2019int\u00e9r\u00eat autour duquel gravite la conversation, dans le cercle familial, dans l\u2019entreprise, au caf\u00e9 avec des amis, dans la cour d\u2019\u00e9cole. Des choses dont on est cens\u00e9 se moquer, qu&rsquo;on est cens\u00e9 admirer, dont on est cens\u00e9 s&rsquo;indigner. Si vous ne manifestez pas l&rsquo;\u00e9tat \u00e9motionnel attendu, les probl\u00e8mes commencent. L\u2019inverse peut \u00eatre vrai. Ce qui retient votre attention ne retient l\u2019attention de personne. Ne semble pas remarquable pour les autres, tout \u00e0 fait banal, anecdotique, anodin, pas digne d\u2019\u00eatre relev\u00e9. Vous pouvez vous sentir ridicule de vous int\u00e9resser \u00e0 ce qui n\u2019int\u00e9resse personne. Vous pouvez \u00eatre ridiculis\u00e9 pour ne pas \u00eatre \u00ab au courant \u00bb des sujets de conversation \u00e0 la mode. Ce qui vous rend suspect, c\u2019est de faire tout un plat, prendre au s\u00e9rieux, consid\u00e9rer comme significatif ou porteur d\u2019une signification plus profonde, une chose qui laisse tous les autres indiff\u00e9rents. C\u2019est \u00e9videmment une exp\u00e9rience que connaissent bien les f\u00e9ministes, les queers, les racis\u00e9s et les pauvres, quand elles et ils sont confront\u00e9\u2027es \u00e0 des soci\u00e9t\u00e9s qui les ostracisent (souvent de mani\u00e8re subtile, par cette sorte d\u2019indiff\u00e9rence polie qui vous atteint bien plus profond\u00e9ment qu\u2019un rejet explicite).<\/p>\n<p align=\"justify\">Une r\u00e9f\u00e9rence est un point d\u2019orientation. (elle peut \u00eatre un point d\u2019exclamation, quand on la clame haut et fort comme une \u00e9vidence, ce qui \u00e9vite d\u2019ailleurs de \u00ab s\u2019y r\u00e9f\u00e9rer \u00bb r\u00e9ellement (en lisant par exemple le texte auquel on fait r\u00e9f\u00e9rence, comme si faire r\u00e9f\u00e9rence permettait de faire l&rsquo;\u00e9conomie de la peine de consulter la r\u00e9f\u00e9rence), mais, pour les personnes malajust\u00e9es, elle est souvent un point d\u2019interrogation, un point de d\u00e9part pour la pens\u00e9e, et parfois un point d&rsquo;anxi\u00e9t\u00e9). En tant que r\u00e9f\u00e9rence, par exemple une parole qui fait autorit\u00e9, quand donc elle est pos\u00e9e comme norme, elle pr\u00e9tend instituer un point de rassemblement \u00e0 partir duquel s\u2019orienter correctement, un chemin \u00e0 suivre, une invitation \u00e0 se conformer. C\u2019est autour d\u2019elle, en l\u2019adoubant, qu\u2019on apprend \u00e0 suivre le bon chemin, le chemin conformiste, consensuel. Il faut conna\u00eetre les bons sujets, les sujets de r\u00e9flexion, ce qui compte, ce dont tout le monde parle, ce qui permet de se situer dans le flux des opinions les plus courantes et d&rsquo;adopter ainsi une des opinions autoris\u00e9es (se situer dans l&rsquo;opinion plut\u00f4t que s&rsquo;orienter dans la pens\u00e9e). Ne rien en penser, ne pas s\u2019int\u00e9resser, devient d\u2019embl\u00e9e suspect. On dit : \u00ab Il ou elle plane, il vient de la plan\u00e8te Mars \u00bb. Planer, en grec ancien, c\u2019est errer, \u00e0 la fois \u00eatre perdu et avancer tout de m\u00eame (car on n\u2019a gu\u00e8re d\u2019autre choix) et \u00eatre dans l\u2019erreur. Il semble d\u00e9couvrir ce que tout le monde sait. Puisqu\u2019il s\u2019\u00e9tonne de ce dont personne ne s\u2019\u00e9tonne.<\/p>\n<p align=\"justify\">Ce que j\u2019essaie de faire ici, comme ailleurs, c\u2019est d\u2019attirer l\u2019attention sur des aspects non remarqu\u00e9s, <i>unnoticed<\/i>, de la vie quotidienne sous le ciel sinistre du capitalisme. Ce que Lauren Berlant appelle la \u00ab\u00a0<em>normal national culture<\/em> \u00bb ou bell hooks \u00ab\u00a0<em>the white supremacist capitalist patriarchy\u00a0<\/em>\u00bb.<\/p>\n<p align=\"justify\">Voici quelques sc\u00e8nes typiques o\u00f9 se manifestent cet inconfort et cet embarras caract\u00e9ristiques des existences malajust\u00e9es.<\/p>\n<p align=\"justify\">La prise de parole en r\u00e9union quand, d\u2019une voix peu assur\u00e9e, vous proposez quelque chose, une id\u00e9e, dans le cadre d\u2019un projet, et qu\u2019il semble \u00e0 ce moment-l\u00e0 que personne ne vous \u00e9coute. C\u2019est comme si vous n\u2019aviez absolument rien dit. Il y a peut-\u00eatre un sourire, un sourire g\u00ean\u00e9, un froncement de sourcils qui s\u2019\u00e9tonne que vous ayez pris la parole, un soupir qui s\u2019\u00e9chappe d\u2019une bouche exasp\u00e9r\u00e9e. On passe imm\u00e9diatement \u00e0 autre chose, sans m\u00eame avoir fait une seule remarque, except\u00e9 qu\u2019on vous a \u00e9ventuellement remerci\u00e9 poliment. Ce que vous avez dit semble n\u2019avoir produit aucun effet, except\u00e9 cet embarras qui ne vous a pas \u00e9chapp\u00e9 (et que tous, autour de la table, ont d\u00e9j\u00e0 oubli\u00e9). Puis, dans les minutes qui viennent, un peu plus tard dans la r\u00e9union, une autre personne dit exactement la m\u00eame chose que ce que vous aviez dit auparavant. A eu la m\u00eame id\u00e9e (\u00e0 croire qu\u2019elle l\u2019a reprise de vous!) \u00c0 ce moment-l\u00e0, tout le monde l\u2019\u00e9coute et la f\u00e9licite pour la pertinence de ses propos. Et une discussion s\u2019ensuit, dans laquelle tout le monde s\u2019engouffre avec enthousiasme. Et vous vous retrouvez seul, d\u00e9sarm\u00e9, d\u00e9sorient\u00e9, comme si votre parole n\u2019avait pas la moindre autorit\u00e9, comme si vous ne pouviez absolument pas faire r\u00e9f\u00e9rence ou \u00eatre un point \u00e0 partir duquel on aurait pu discuter. Le probl\u00e8me ne vient pas de ce que vous avez dit, mais de ce que vous \u00eates, et ce que vous \u00eates se d\u00e9duit peut-\u00eatre de la mani\u00e8re dont vous l\u2019avez dit, le ton de votre voix, le visage que vous composiez \u00e0 ce moment-l\u00e0, ou bien ce qu\u2019on croit deviner de vous \u00e0 cause des v\u00eatements que vous portez, de votre nouvelle coiffure, de la maladresse dont vous avez fait preuve hier devant la machine \u00e0 caf\u00e9 en remplissant une tasse, et sans doute d&rsquo;une multitude d&rsquo;indices de la sorte, qui se sont imprim\u00e9s de mani\u00e8re inconsciente dans l\u2019esprit de vos coll\u00e8gues mais ne laissent que gu\u00e8re de doute sur les aspects \u00ab\u00a0probl\u00e9matiques\u00a0\u00bb de votre personnalit\u00e9 (on s&rsquo;inqui\u00e8te : \u00ab\u00a0\u00eates-vous r\u00e9ellement fait pour \u00ab\u00a0travailler en \u00e9quipe\u00a0\u00bb ?\u00a0\u00bb). Et si jamais vous vous en plaignez, vous passez pour quelqu\u2019un d\u2019envieux de l\u2019int\u00e9r\u00eat suscit\u00e9 par l\u2019autre, quelqu\u2019un qui manque assur\u00e9ment de confiance et de reconnaissance. Le mieux alors serait d\u2019aller consulter un psy pour r\u00e9parer votre probl\u00e8me.<\/p>\n<p align=\"justify\">De mani\u00e8re beaucoup plus subtile et sournoise, se d\u00e9ploie tout un monde autour des abr\u00e9viations, des acronymes, des termes techniques, du jargon. Vous ne les comprenez pas du premier coup. Quand les explications arrivent, elles paraissent encore \u00e9nigmatiques. Il m\u2019est arriv\u00e9, au moment m\u00eame o\u00f9 je demandais une explication qu\u2019on me reproche de ne pas l\u2019avoir demand\u00e9e avant, et de me cong\u00e9dier sans avoir rien expliqu\u00e9 du tout. Si vous osez relever le caract\u00e8re absurde, pire encore, vous moquer, de cette manie jargonneuse, de cette technicit\u00e9 comique, on vous en fait le reproche. Quand j\u2019enseignais dans un lyc\u00e9e agricole, j\u2019avais donn\u00e9 un cours, dont l\u2019intitul\u00e9 m\u2019\u00e9chappe et qu\u2019on se contentait de d\u00e9signer par un acronyme abscons. Il s\u2019est pass\u00e9 plusieurs mois avant que je finisse par comprendre, \u00e0 force d\u2019interroger les uns et les autres, que ce que je proposais \u00e0 mes \u00e9l\u00e8ves n\u2019avait absolument rien \u00e0 voir avec ce qu\u2019on m\u2019attendait de moi. J\u2019avais bien not\u00e9 que les \u00e9tudiants me regardaient d\u2019un dr\u00f4le d\u2019air, et mes coll\u00e8gues tout autant, mais personne ne s\u2019\u00e9tait avis\u00e9 de m\u2019informer de quoi que ce soit, comme s\u2019il \u00e9tait agr\u00e9able et satisfaisant de me laisser persister dans l\u2019erreur. Vous connaissez peut-\u00eatre cette impression d\u2019\u00eatre toujours \u00ab \u00e0 c\u00f4t\u00e9 de la plaque \u00bb. Jamais align\u00e9. De fait, pour aggraver mon cas, je prenais soin de fr\u00e9quenter le moins possible la salle des professeurs (o\u00f9, j\u2019imagine, les informations \u00e9taient distill\u00e9es) et ne mettait jamais les pieds \u00e0 la cantine (o\u00f9 se diffusait sans doute cette <i>structure of feelings<\/i> impr\u00e9gnant les corps et les esprits des enseignants). Je les \u00e9vitais en raison de l\u2019inconfort que je ressentais en pr\u00e9sence du groupe form\u00e9 par mes coll\u00e8gues. Ce faisant, je m\u2019excluais moi-m\u00eame, condamn\u00e9 \u00e0 me perdre dans un cercle vicieux aux cons\u00e9quences d\u00e9sastreuses (pour ma sant\u00e9 mentale).<\/p>\n<p align=\"justify\">Je me souviens d\u2019une autre cantine, \u00e0 l\u2019usine dans laquelle j\u2019avais travaill\u00e9 bri\u00e8vement quand j\u2019\u00e9tais jeune. \u00c0 la pause de midi, entrant dans cette vaste cantine, je ne savais pas o\u00f9 m\u2019asseoir, il me manquait la carte pour m&rsquo;orienter dans la cantine, o\u00f9 aurait \u00e9t\u00e9 port\u00e9e la table convenable. Je m\u2019\u00e9tais donc install\u00e9 \u00e0 c\u00f4t\u00e9 d\u2019un homme solitaire, un petit gars barbu au regard triste. Il s\u2019agissait du d\u00e9l\u00e9gu\u00e9 de la CGT, qui \u00e9tait en quelque sorte banni, exclu, \u00e0 c\u00f4t\u00e9 duquel on ne s\u2019asseyait pas, et, m\u2019a-t-il expliqu\u00e9, qu\u2019on allait voir uniquement quand on avait des raisons de se plaindre \u00e0 la direction et qui, le reste du temps \u00e9tait exclu de la soci\u00e9t\u00e9 de ses coll\u00e8gues de travail. J\u2019\u00e9tais \u00e0 vrai dire une catastrophe sur la cha\u00eene de production, \u00e0 cause d\u2019une maladresse insigne, due \u00e0 mon absence totale d\u2019int\u00e9r\u00eat pour ce travail, ce qui avait fini par devenir suspect. Personne ne m\u2019adressait jamais la parole durant les rares pauses dans la journ\u00e9e et encore moins \u00e0 la cantine. Les rares et br\u00e8ves pauses devenaient encore plus insupportables que les heures de travail \u00e0 la cha\u00eene, et j\u2019avais juste envie de dispara\u00eetre \u00e0 ces moments-l\u00e0.<\/p>\n<p align=\"justify\">Tout se passe alors comme si la r\u00e9alit\u00e9 devenait une sorte de test, chaque t\u00e2che l\u2019occasion d\u2019une mise \u00e0 l\u2019\u00e9preuve. Il s\u2019agit toujours au fond de cela. La p\u00e9dagogie, y compris dans les \u00e9coles, consiste chez bien des enseignants (parfois bien intentionn\u00e9s), en une succession d\u2019\u00e9preuves suppos\u00e9es \u00e9valuer ce que l\u2019enfant sait d\u00e9j\u00e0, ce qu\u2019il est d\u00e9j\u00e0 cens\u00e9 savoir. Alors qu\u2019on ne lui a encore rien appris, qu\u2019on n\u2019a pas s\u00e9rieusement fait l\u2019effort de lui apprendre quoi que ce soit. On se demande alors \u00e0 quoi sert exactement l\u2019\u00e9cole, quand on voit se multiplier les exercices d\u2019\u00e9valuation, en quoi consistent bien des exercices sanctionn\u00e9s par une \u00ab\u00a0note\u00a0\u00bb, ces \u00e9preuves cens\u00e9es tester l\u2019avanc\u00e9e de l\u2019enfant dans le domaine du savoir.<\/p>\n<p align=\"justify\">L\u2019usage du jargon permet d\u2019asseoir le pouvoir de ceux qui ma\u00eetrisent le jargon. Dans tout groupe, il manifeste, incarne m\u00eame, l\u2019appartenance, institue un entre-soi. Il ressemble \u00e0 un culte f\u00e9tiche de l\u2019abr\u00e9viation ou du terme technique. C\u2019est quelque chose qui m\u2019a frapp\u00e9 quand je fr\u00e9quentais les associations de psychologues et de psychanalystes. Les discours finissaient par ressembler \u00e0 une accumulation indigeste de signifiants dont la valeur devenait quasiment religieuse, d\u00e9clam\u00e9 comme des mantras, et dont tout le monde semblait avoir oubli\u00e9 la signification originelle. Il semble que l\u2019effet recherch\u00e9 soit, en partie, celui de ne (surtout) pas vouloir expliciter les significations de cette expression, mais bien plut\u00f4t de sid\u00e9rer son auditoire, ou le rassurer, ou l\u2019hypnotiser. Utiliser dans un \u00e9nonc\u00e9 des mots comme \u00ab objet petit a \u00bb, \u00ab inconscient \u00bb, \u00ab identification projective \u00bb ou \u00ab jouissance \u00bb indique \u00e0 celui qui l\u2019entend qu\u2019on fait partie d\u2019un certain groupe r\u00e9put\u00e9 pour savoir ce qu\u2019on veut dire quand on utilise ce genre de mots. C\u2019est un signe de reconnaissance, un petit drapeau qu\u2019on agite, un sociolecte. Si on s\u2019efforce de le saisir \u00ab dans la situation o\u00f9 il est produit \u00bb (une situation o\u00f9 l\u2019on jargonne) sur le versant du sens, alors la description devient extr\u00eamement floue. C\u2019est l\u00e0 tout un savoir autour duquel on se rassemble. Des pens\u00e9es d\u00e9j\u00e0 pens\u00e9es et non pas des pens\u00e9es pensantes qui circulent \u00e0 m\u00eame les peaux, les esprits, les yeux, les oreilles des participants. Ils valent pour l\u2019effet, les affects d&rsquo;appartenance, de familiarit\u00e9, de reconnaissance, qu\u2019ils produisent. Nous sommes ensemble dans la mesure o\u00f9 nous \u00e9prouvons les m\u00eames sentiments envers ce jargon. Les mots agissent alors comme des pri\u00e8res, des invocations \u00e0 l&rsquo;unification, comme si on partageait un m\u00eame secret, une m\u00eame langue \u00e9sot\u00e9rique. On croirait entrer dans une secte parfois. L\u2019important n\u2019est pas le sens v\u00e9hicul\u00e9, mais l\u2019effet que \u00e7a fait, l\u2019effet que produit le bruit du jargon, qui diffuse comme ces flacons de parfum d\u2019int\u00e9rieur une ambiance au sein de laquelle certains \u00e9voluent \u00e0 leur guise, \u00e0 leur aise, \u00e9prouvent dans la familiarit\u00e9 d\u2019une langue partag\u00e9e, commune, le plaisir d\u2019\u00eatre en s\u00e9curit\u00e9 au sein du groupe. Le jargon produit une reconnaissance, fabrique un \u00ab nous \u00bb. Sa force vient qu\u2019il rassemble autant qu\u2019il exclut. Le club, le clan, le groupe, depuis la cour de r\u00e9cr\u00e9ation, jusqu\u2019au bureau des r\u00e9unions d\u2019entreprise, la machine \u00e0 caf\u00e9, la salle des profs, le vestiaire du gymnase, le caf\u00e9-concert, la bo\u00eete, le dancing, tous ces lieux de rassemblement constituent des groupes pr\u00e9cis\u00e9ment parce qu\u2019ils produisent des ambiances de consensus, de conformisme. M\u00eame les groupes r\u00e9put\u00e9s \u00ab subversifs \u00bb, les communaut\u00e9s \u00ab alternatives \u00bb, finissent aussi par \u00eatre baign\u00e9s dans leur propre ambiance conformiste, c\u2019est-\u00e0-dire projettent des attentes de comportements corrects, attendus, satisfaisants.<\/p>\n<p align=\"justify\">C\u2019est pourquoi on peut parler de la structure f\u00e9tiche de la r\u00e9alit\u00e9. C\u2019est dans la mesure o\u00f9 la structure n\u2019est pas aper\u00e7ue comme telle, et pas aper\u00e7ue du tout, qu\u2019elle atteint son efficacit\u00e9 maximale, et qu\u2019elle devient une fondation, ce sur quoi tout le reste repose. C\u2019est ainsi qu\u2019elle va de soi. Aller de soi, c\u2019est n\u2019avoir pas besoin d\u2019un autre pour aller. Ne pas tol\u00e9rer qu&rsquo;on la questionne, que l&rsquo;id\u00e9e m\u00eame de la questionner ne soit jamais \u00e9voqu\u00e9e. Elle se tient en quelque sorte d\u2019une mani\u00e8re autonome. Elle s\u2019auto-justifie, s\u2019auto-l\u00e9gitime. Elle est tenue pour acquise. Elle est d\u2019embl\u00e9e acquise et n\u2019est donc pas \u00ab \u00e0 apprendre \u00bb. On est cens\u00e9 d\u00e9j\u00e0 savoir. Autrement dit, elle est le point de d\u00e9part \u00e0 partir duquel on peut commencer \u00e0 exister. Elle devient naturelle, comme une seconde nature, et s\u2019\u00e9prouve (paradoxalement en ne s\u2019\u00e9prouvant pas, ou alors dans le confort et la satisfaction de la \u00ab familiarit\u00e9 \u00bb, de l\u2019alignement rassurant) \u00ab universelle \u00bb. Elle diffuse un sentiment d\u2019unanimit\u00e9, de consensus, de partage. C\u2019est une valeur \u00e9minemment sociale. Ce sur quoi tout le monde, \u00e0 quelques anomaliques pr\u00e8s, \u00e0 quelques exceptions pr\u00e8s, tombe d\u2019accord.<\/p>\n<p align=\"justify\">S\u2019y trouver mal \u00e0 l\u2019aise, inconfortable, ressentir ce sentiment d\u2019\u00e9tranget\u00e9 l\u00e0 o\u00f9 tout semble aller de soi, <span lang=\"de-DE\"><i>Unheimlich<\/i><\/span>, disait Freud, c\u2019est \u00e9chouer au test de la r\u00e9alit\u00e9. Quand, autre remarque de Freud, le sol de la r\u00e9alit\u00e9 se d\u00e9robe. C\u2019est aussi poser probl\u00e8me aux autres. C\u2019est devenir l\u2019exception. Or, comme on le sait, l\u2019exception confirme la r\u00e8gle. Et celle ou celui qui pose probl\u00e8me devient le probl\u00e8me.<\/p>\n","protected":false},"excerpt":{"rendered":"<p>(Prises au caf\u00e9 un matin de f\u00e9vrier.) Je pr\u00e9f\u00e8re parler d\u2019existences malajust\u00e9es (qui traduit litt\u00e9ralement l\u2019anglais maladjusted) plut\u00f4t que de personnalit\u00e9s borderline, ou d\u2019\u00e9tats-limites, parce que ces concepts appartiennent au champ psychopathologique \u2013 et m\u00eame si elles ne sont pas, ou ne devraient pas, \u00eatre consid\u00e9r\u00e9es, en psychanalyse notamment, comme des tableaux pathologiques, elles demeurent&hellip;<\/p>\n <a href=\"https:\/\/outsiderland.com\/danahilliot\/notes-eparses-sur-les-existences-malajustees\/\" title=\"Notes \u00e9parses sur les existences malajust\u00e9es\" class=\"entry-more-link\"><span>Read More<\/span> <span class=\"screen-reader-text\">Notes \u00e9parses sur les existences malajust\u00e9es<\/span><\/a>","protected":false},"author":1,"featured_media":6429,"comment_status":"closed","ping_status":"open","sticky":true,"template":"","format":"standard","meta":{"Layout":"","footnotes":"","jetpack_publicize_message":"","jetpack_publicize_feature_enabled":true,"jetpack_social_post_already_shared":true,"jetpack_social_options":{"image_generator_settings":{"template":"highway","default_image_id":0,"font":"","enabled":false},"version":2}},"categories":[62,61,27,109,111,124,80,91],"tags":[],"class_list":["entry","author-danah","post-6425","post","type-post","status-publish","format-standard","has-post-thumbnail","category-anthropologie","category-chronique","category-exp","category-feminisme","category-philosophie","category-psychanalyse","category-queer","category-racisme"],"yoast_head":"<!-- This site is optimized with the Yoast SEO plugin v27.0 - https:\/\/yoast.com\/product\/yoast-seo-wordpress\/ -->\n<title>Notes \u00e9parses sur les existences malajust\u00e9es - Outside Dana Hilliot<\/title>\n<meta name=\"robots\" content=\"index, follow, max-snippet:-1, max-image-preview:large, max-video-preview:-1\" \/>\n<link rel=\"canonical\" href=\"https:\/\/outsiderland.com\/danahilliot\/notes-eparses-sur-les-existences-malajustees\/\" \/>\n<meta property=\"og:locale\" content=\"fr_FR\" \/>\n<meta property=\"og:type\" content=\"article\" \/>\n<meta property=\"og:title\" content=\"Notes \u00e9parses sur les existences malajust\u00e9es - Outside Dana Hilliot\" \/>\n<meta property=\"og:description\" content=\"(Prises au caf\u00e9 un matin de f\u00e9vrier.) Je pr\u00e9f\u00e8re parler d\u2019existences malajust\u00e9es (qui traduit litt\u00e9ralement l\u2019anglais maladjusted) plut\u00f4t que de personnalit\u00e9s borderline, ou d\u2019\u00e9tats-limites, parce que ces concepts appartiennent au champ psychopathologique \u2013 et m\u00eame si elles ne sont pas, ou ne devraient pas, \u00eatre consid\u00e9r\u00e9es, en psychanalyse notamment, comme des tableaux pathologiques, elles demeurent&hellip;\" \/>\n<meta property=\"og:url\" content=\"https:\/\/outsiderland.com\/danahilliot\/notes-eparses-sur-les-existences-malajustees\/\" \/>\n<meta property=\"og:site_name\" content=\"Outside Dana Hilliot\" \/>\n<meta property=\"article:published_time\" content=\"2026-03-01T21:49:06+00:00\" \/>\n<meta property=\"article:modified_time\" content=\"2026-03-06T10:10:36+00:00\" \/>\n<meta property=\"og:image\" content=\"https:\/\/outsiderland.com\/danahilliot\/wp-content\/uploads\/2026\/03\/i.jpg\" \/>\n\t<meta property=\"og:image:width\" content=\"918\" \/>\n\t<meta property=\"og:image:height\" content=\"918\" \/>\n\t<meta property=\"og:image:type\" content=\"image\/jpeg\" \/>\n<meta name=\"author\" content=\"danah\" \/>\n<meta name=\"twitter:card\" content=\"summary_large_image\" \/>\n<meta name=\"twitter:label1\" content=\"\u00c9crit par\" \/>\n\t<meta name=\"twitter:data1\" content=\"danah\" \/>\n\t<meta name=\"twitter:label2\" content=\"Dur\u00e9e de lecture estim\u00e9e\" \/>\n\t<meta name=\"twitter:data2\" content=\"29 minutes\" \/>\n<script type=\"application\/ld+json\" class=\"yoast-schema-graph\">{\"@context\":\"https:\/\/schema.org\",\"@graph\":[{\"@type\":\"Article\",\"@id\":\"https:\/\/outsiderland.com\/danahilliot\/notes-eparses-sur-les-existences-malajustees\/#article\",\"isPartOf\":{\"@id\":\"https:\/\/outsiderland.com\/danahilliot\/notes-eparses-sur-les-existences-malajustees\/\"},\"author\":{\"name\":\"danah\",\"@id\":\"https:\/\/outsiderland.com\/danahilliot\/#\/schema\/person\/2f9b92e9fff19bccc36638b10510d5ae\"},\"headline\":\"Notes \u00e9parses sur les existences malajust\u00e9es\",\"datePublished\":\"2026-03-01T21:49:06+00:00\",\"dateModified\":\"2026-03-06T10:10:36+00:00\",\"mainEntityOfPage\":{\"@id\":\"https:\/\/outsiderland.com\/danahilliot\/notes-eparses-sur-les-existences-malajustees\/\"},\"wordCount\":6506,\"publisher\":{\"@id\":\"https:\/\/outsiderland.com\/danahilliot\/#\/schema\/person\/201a1fef0f5c2897bd65e98bcf6b1179\"},\"image\":{\"@id\":\"https:\/\/outsiderland.com\/danahilliot\/notes-eparses-sur-les-existences-malajustees\/#primaryimage\"},\"thumbnailUrl\":\"https:\/\/outsiderland.com\/danahilliot\/wp-content\/uploads\/2026\/03\/i.jpg\",\"articleSection\":[\"Anthropologie\",\"Chronique\",\"Exp\u00e9riences \/ Th\u00e9ories\",\"Feminisme\",\"Philosophie\",\"psychanalyse\",\"Queer\",\"Racisme\"],\"inLanguage\":\"fr-FR\"},{\"@type\":\"WebPage\",\"@id\":\"https:\/\/outsiderland.com\/danahilliot\/notes-eparses-sur-les-existences-malajustees\/\",\"url\":\"https:\/\/outsiderland.com\/danahilliot\/notes-eparses-sur-les-existences-malajustees\/\",\"name\":\"Notes \u00e9parses sur les existences malajust\u00e9es - Outside Dana Hilliot\",\"isPartOf\":{\"@id\":\"https:\/\/outsiderland.com\/danahilliot\/#website\"},\"primaryImageOfPage\":{\"@id\":\"https:\/\/outsiderland.com\/danahilliot\/notes-eparses-sur-les-existences-malajustees\/#primaryimage\"},\"image\":{\"@id\":\"https:\/\/outsiderland.com\/danahilliot\/notes-eparses-sur-les-existences-malajustees\/#primaryimage\"},\"thumbnailUrl\":\"https:\/\/outsiderland.com\/danahilliot\/wp-content\/uploads\/2026\/03\/i.jpg\",\"datePublished\":\"2026-03-01T21:49:06+00:00\",\"dateModified\":\"2026-03-06T10:10:36+00:00\",\"breadcrumb\":{\"@id\":\"https:\/\/outsiderland.com\/danahilliot\/notes-eparses-sur-les-existences-malajustees\/#breadcrumb\"},\"inLanguage\":\"fr-FR\",\"potentialAction\":[{\"@type\":\"ReadAction\",\"target\":[\"https:\/\/outsiderland.com\/danahilliot\/notes-eparses-sur-les-existences-malajustees\/\"]}]},{\"@type\":\"ImageObject\",\"inLanguage\":\"fr-FR\",\"@id\":\"https:\/\/outsiderland.com\/danahilliot\/notes-eparses-sur-les-existences-malajustees\/#primaryimage\",\"url\":\"https:\/\/outsiderland.com\/danahilliot\/wp-content\/uploads\/2026\/03\/i.jpg\",\"contentUrl\":\"https:\/\/outsiderland.com\/danahilliot\/wp-content\/uploads\/2026\/03\/i.jpg\",\"width\":918,\"height\":918},{\"@type\":\"BreadcrumbList\",\"@id\":\"https:\/\/outsiderland.com\/danahilliot\/notes-eparses-sur-les-existences-malajustees\/#breadcrumb\",\"itemListElement\":[{\"@type\":\"ListItem\",\"position\":1,\"name\":\"Accueil\",\"item\":\"https:\/\/outsiderland.com\/danahilliot\/\"},{\"@type\":\"ListItem\",\"position\":2,\"name\":\"Notes \u00e9parses sur les existences malajust\u00e9es\"}]},{\"@type\":\"WebSite\",\"@id\":\"https:\/\/outsiderland.com\/danahilliot\/#website\",\"url\":\"https:\/\/outsiderland.com\/danahilliot\/\",\"name\":\"Outside Dana Hilliot\",\"description\":\". Archives . Activit\u00e9s . Projets .\",\"publisher\":{\"@id\":\"https:\/\/outsiderland.com\/danahilliot\/#\/schema\/person\/201a1fef0f5c2897bd65e98bcf6b1179\"},\"potentialAction\":[{\"@type\":\"SearchAction\",\"target\":{\"@type\":\"EntryPoint\",\"urlTemplate\":\"https:\/\/outsiderland.com\/danahilliot\/?s={search_term_string}\"},\"query-input\":{\"@type\":\"PropertyValueSpecification\",\"valueRequired\":true,\"valueName\":\"search_term_string\"}}],\"inLanguage\":\"fr-FR\"},{\"@type\":[\"Person\",\"Organization\"],\"@id\":\"https:\/\/outsiderland.com\/danahilliot\/#\/schema\/person\/201a1fef0f5c2897bd65e98bcf6b1179\",\"name\":\"danahilliot\",\"image\":{\"@type\":\"ImageObject\",\"inLanguage\":\"fr-FR\",\"@id\":\"https:\/\/outsiderland.com\/danahilliot\/#\/schema\/person\/image\/\",\"url\":\"https:\/\/outsiderland.com\/danahilliot\/wp-content\/uploads\/2026\/02\/50801449407_a909f2c1ad_k.jpg\",\"contentUrl\":\"https:\/\/outsiderland.com\/danahilliot\/wp-content\/uploads\/2026\/02\/50801449407_a909f2c1ad_k.jpg\",\"width\":2048,\"height\":1536,\"caption\":\"danahilliot\"},\"logo\":{\"@id\":\"https:\/\/outsiderland.com\/danahilliot\/#\/schema\/person\/image\/\"}},{\"@type\":\"Person\",\"@id\":\"https:\/\/outsiderland.com\/danahilliot\/#\/schema\/person\/2f9b92e9fff19bccc36638b10510d5ae\",\"name\":\"danah\",\"image\":{\"@type\":\"ImageObject\",\"inLanguage\":\"fr-FR\",\"@id\":\"https:\/\/outsiderland.com\/danahilliot\/#\/schema\/person\/image\/\",\"url\":\"https:\/\/secure.gravatar.com\/avatar\/ed6349755e1d97f204277de3d09fc6ac31abd856835c8ea3c3a30d0aa84b0ddd?s=96&d=mm&r=g\",\"contentUrl\":\"https:\/\/secure.gravatar.com\/avatar\/ed6349755e1d97f204277de3d09fc6ac31abd856835c8ea3c3a30d0aa84b0ddd?s=96&d=mm&r=g\",\"caption\":\"danah\"},\"url\":\"https:\/\/outsiderland.com\/danahilliot\/author\/danah\/\"}]}<\/script>\n<!-- \/ Yoast SEO plugin. -->","yoast_head_json":{"title":"Notes \u00e9parses sur les existences malajust\u00e9es - Outside Dana Hilliot","robots":{"index":"index","follow":"follow","max-snippet":"max-snippet:-1","max-image-preview":"max-image-preview:large","max-video-preview":"max-video-preview:-1"},"canonical":"https:\/\/outsiderland.com\/danahilliot\/notes-eparses-sur-les-existences-malajustees\/","og_locale":"fr_FR","og_type":"article","og_title":"Notes \u00e9parses sur les existences malajust\u00e9es - Outside Dana Hilliot","og_description":"(Prises au caf\u00e9 un matin de f\u00e9vrier.) Je pr\u00e9f\u00e8re parler d\u2019existences malajust\u00e9es (qui traduit litt\u00e9ralement l\u2019anglais maladjusted) plut\u00f4t que de personnalit\u00e9s borderline, ou d\u2019\u00e9tats-limites, parce que ces concepts appartiennent au champ psychopathologique \u2013 et m\u00eame si elles ne sont pas, ou ne devraient pas, \u00eatre consid\u00e9r\u00e9es, en psychanalyse notamment, comme des tableaux pathologiques, elles demeurent&hellip;","og_url":"https:\/\/outsiderland.com\/danahilliot\/notes-eparses-sur-les-existences-malajustees\/","og_site_name":"Outside Dana Hilliot","article_published_time":"2026-03-01T21:49:06+00:00","article_modified_time":"2026-03-06T10:10:36+00:00","og_image":[{"width":918,"height":918,"url":"https:\/\/outsiderland.com\/danahilliot\/wp-content\/uploads\/2026\/03\/i.jpg","type":"image\/jpeg"}],"author":"danah","twitter_card":"summary_large_image","twitter_misc":{"\u00c9crit par":"danah","Dur\u00e9e de lecture estim\u00e9e":"29 minutes"},"schema":{"@context":"https:\/\/schema.org","@graph":[{"@type":"Article","@id":"https:\/\/outsiderland.com\/danahilliot\/notes-eparses-sur-les-existences-malajustees\/#article","isPartOf":{"@id":"https:\/\/outsiderland.com\/danahilliot\/notes-eparses-sur-les-existences-malajustees\/"},"author":{"name":"danah","@id":"https:\/\/outsiderland.com\/danahilliot\/#\/schema\/person\/2f9b92e9fff19bccc36638b10510d5ae"},"headline":"Notes \u00e9parses sur les existences malajust\u00e9es","datePublished":"2026-03-01T21:49:06+00:00","dateModified":"2026-03-06T10:10:36+00:00","mainEntityOfPage":{"@id":"https:\/\/outsiderland.com\/danahilliot\/notes-eparses-sur-les-existences-malajustees\/"},"wordCount":6506,"publisher":{"@id":"https:\/\/outsiderland.com\/danahilliot\/#\/schema\/person\/201a1fef0f5c2897bd65e98bcf6b1179"},"image":{"@id":"https:\/\/outsiderland.com\/danahilliot\/notes-eparses-sur-les-existences-malajustees\/#primaryimage"},"thumbnailUrl":"https:\/\/outsiderland.com\/danahilliot\/wp-content\/uploads\/2026\/03\/i.jpg","articleSection":["Anthropologie","Chronique","Exp\u00e9riences \/ Th\u00e9ories","Feminisme","Philosophie","psychanalyse","Queer","Racisme"],"inLanguage":"fr-FR"},{"@type":"WebPage","@id":"https:\/\/outsiderland.com\/danahilliot\/notes-eparses-sur-les-existences-malajustees\/","url":"https:\/\/outsiderland.com\/danahilliot\/notes-eparses-sur-les-existences-malajustees\/","name":"Notes \u00e9parses sur les existences malajust\u00e9es - Outside Dana Hilliot","isPartOf":{"@id":"https:\/\/outsiderland.com\/danahilliot\/#website"},"primaryImageOfPage":{"@id":"https:\/\/outsiderland.com\/danahilliot\/notes-eparses-sur-les-existences-malajustees\/#primaryimage"},"image":{"@id":"https:\/\/outsiderland.com\/danahilliot\/notes-eparses-sur-les-existences-malajustees\/#primaryimage"},"thumbnailUrl":"https:\/\/outsiderland.com\/danahilliot\/wp-content\/uploads\/2026\/03\/i.jpg","datePublished":"2026-03-01T21:49:06+00:00","dateModified":"2026-03-06T10:10:36+00:00","breadcrumb":{"@id":"https:\/\/outsiderland.com\/danahilliot\/notes-eparses-sur-les-existences-malajustees\/#breadcrumb"},"inLanguage":"fr-FR","potentialAction":[{"@type":"ReadAction","target":["https:\/\/outsiderland.com\/danahilliot\/notes-eparses-sur-les-existences-malajustees\/"]}]},{"@type":"ImageObject","inLanguage":"fr-FR","@id":"https:\/\/outsiderland.com\/danahilliot\/notes-eparses-sur-les-existences-malajustees\/#primaryimage","url":"https:\/\/outsiderland.com\/danahilliot\/wp-content\/uploads\/2026\/03\/i.jpg","contentUrl":"https:\/\/outsiderland.com\/danahilliot\/wp-content\/uploads\/2026\/03\/i.jpg","width":918,"height":918},{"@type":"BreadcrumbList","@id":"https:\/\/outsiderland.com\/danahilliot\/notes-eparses-sur-les-existences-malajustees\/#breadcrumb","itemListElement":[{"@type":"ListItem","position":1,"name":"Accueil","item":"https:\/\/outsiderland.com\/danahilliot\/"},{"@type":"ListItem","position":2,"name":"Notes \u00e9parses sur les existences malajust\u00e9es"}]},{"@type":"WebSite","@id":"https:\/\/outsiderland.com\/danahilliot\/#website","url":"https:\/\/outsiderland.com\/danahilliot\/","name":"Outside Dana Hilliot","description":". Archives . Activit\u00e9s . Projets .","publisher":{"@id":"https:\/\/outsiderland.com\/danahilliot\/#\/schema\/person\/201a1fef0f5c2897bd65e98bcf6b1179"},"potentialAction":[{"@type":"SearchAction","target":{"@type":"EntryPoint","urlTemplate":"https:\/\/outsiderland.com\/danahilliot\/?s={search_term_string}"},"query-input":{"@type":"PropertyValueSpecification","valueRequired":true,"valueName":"search_term_string"}}],"inLanguage":"fr-FR"},{"@type":["Person","Organization"],"@id":"https:\/\/outsiderland.com\/danahilliot\/#\/schema\/person\/201a1fef0f5c2897bd65e98bcf6b1179","name":"danahilliot","image":{"@type":"ImageObject","inLanguage":"fr-FR","@id":"https:\/\/outsiderland.com\/danahilliot\/#\/schema\/person\/image\/","url":"https:\/\/outsiderland.com\/danahilliot\/wp-content\/uploads\/2026\/02\/50801449407_a909f2c1ad_k.jpg","contentUrl":"https:\/\/outsiderland.com\/danahilliot\/wp-content\/uploads\/2026\/02\/50801449407_a909f2c1ad_k.jpg","width":2048,"height":1536,"caption":"danahilliot"},"logo":{"@id":"https:\/\/outsiderland.com\/danahilliot\/#\/schema\/person\/image\/"}},{"@type":"Person","@id":"https:\/\/outsiderland.com\/danahilliot\/#\/schema\/person\/2f9b92e9fff19bccc36638b10510d5ae","name":"danah","image":{"@type":"ImageObject","inLanguage":"fr-FR","@id":"https:\/\/outsiderland.com\/danahilliot\/#\/schema\/person\/image\/","url":"https:\/\/secure.gravatar.com\/avatar\/ed6349755e1d97f204277de3d09fc6ac31abd856835c8ea3c3a30d0aa84b0ddd?s=96&d=mm&r=g","contentUrl":"https:\/\/secure.gravatar.com\/avatar\/ed6349755e1d97f204277de3d09fc6ac31abd856835c8ea3c3a30d0aa84b0ddd?s=96&d=mm&r=g","caption":"danah"},"url":"https:\/\/outsiderland.com\/danahilliot\/author\/danah\/"}]}},"jetpack_publicize_connections":[],"_links":{"self":[{"href":"https:\/\/outsiderland.com\/danahilliot\/wp-json\/wp\/v2\/posts\/6425","targetHints":{"allow":["GET"]}}],"collection":[{"href":"https:\/\/outsiderland.com\/danahilliot\/wp-json\/wp\/v2\/posts"}],"about":[{"href":"https:\/\/outsiderland.com\/danahilliot\/wp-json\/wp\/v2\/types\/post"}],"author":[{"embeddable":true,"href":"https:\/\/outsiderland.com\/danahilliot\/wp-json\/wp\/v2\/users\/1"}],"replies":[{"embeddable":true,"href":"https:\/\/outsiderland.com\/danahilliot\/wp-json\/wp\/v2\/comments?post=6425"}],"version-history":[{"count":8,"href":"https:\/\/outsiderland.com\/danahilliot\/wp-json\/wp\/v2\/posts\/6425\/revisions"}],"predecessor-version":[{"id":6441,"href":"https:\/\/outsiderland.com\/danahilliot\/wp-json\/wp\/v2\/posts\/6425\/revisions\/6441"}],"wp:featuredmedia":[{"embeddable":true,"href":"https:\/\/outsiderland.com\/danahilliot\/wp-json\/wp\/v2\/media\/6429"}],"wp:attachment":[{"href":"https:\/\/outsiderland.com\/danahilliot\/wp-json\/wp\/v2\/media?parent=6425"}],"wp:term":[{"taxonomy":"category","embeddable":true,"href":"https:\/\/outsiderland.com\/danahilliot\/wp-json\/wp\/v2\/categories?post=6425"},{"taxonomy":"post_tag","embeddable":true,"href":"https:\/\/outsiderland.com\/danahilliot\/wp-json\/wp\/v2\/tags?post=6425"}],"curies":[{"name":"wp","href":"https:\/\/api.w.org\/{rel}","templated":true}]}}