{"id":6348,"date":"2026-02-08T20:26:44","date_gmt":"2026-02-08T20:26:44","guid":{"rendered":"https:\/\/outsiderland.com\/danahilliot\/?p=6348"},"modified":"2026-02-09T17:17:14","modified_gmt":"2026-02-09T17:17:14","slug":"martin-de-la-soudiere","status":"publish","type":"post","link":"https:\/\/outsiderland.com\/danahilliot\/martin-de-la-soudiere\/","title":{"rendered":"Martin de la Soudi\u00e8re"},"content":{"rendered":"<figure id=\"attachment_6349\" aria-describedby=\"caption-attachment-6349\" style=\"width: 1024px\" class=\"wp-caption aligncenter\"><img decoding=\"async\" class=\"wp-image-6349 size-large\" src=\"https:\/\/outsiderland.com\/danahilliot\/wp-content\/uploads\/2026\/02\/martin-de-la-soudier-1024x812.jpg\" alt=\"\" width=\"1024\" height=\"812\" srcset=\"https:\/\/outsiderland.com\/danahilliot\/wp-content\/uploads\/2026\/02\/martin-de-la-soudier-1024x812.jpg 1024w, https:\/\/outsiderland.com\/danahilliot\/wp-content\/uploads\/2026\/02\/martin-de-la-soudier-300x238.jpg 300w, https:\/\/outsiderland.com\/danahilliot\/wp-content\/uploads\/2026\/02\/martin-de-la-soudier-768x609.jpg 768w, https:\/\/outsiderland.com\/danahilliot\/wp-content\/uploads\/2026\/02\/martin-de-la-soudier.jpg 1026w\" sizes=\"(max-width: 1024px) 100vw, 1024px\" \/><figcaption id=\"caption-attachment-6349\" class=\"wp-caption-text\">Martin de la Soudi\u00e8re : Photo Guillaume LEBAUDY<\/figcaption><\/figure>\n<p>&nbsp;<\/p>\n<p>Martin de la Soudi\u00e8re vient de nous quitter.<\/p>\n<p>Une m\u00e9moire vivante des hauts-pays&#8230; des hivers mais pas seulement.<\/p>\n<p>Le premier livre que j&rsquo;ai lu de lui, c&rsquo;\u00e9tait\u00a0<i>Cueillir la montagne. A travers landes, p\u00e2tures et sous-bois<\/i> (qu&rsquo;il avait \u00e9crit avec le philosophe de la nature et naturaliste Rapha\u00ebl Larr\u00e8re). Puis son tr\u00e8s po\u00e9tique, <em>l&rsquo;Hiver, \u00e0 la recherche d&rsquo;une saison morte<\/em>.<\/p>\n<p>Je l&rsquo;ai rencontr\u00e9 peu apr\u00e8s la publication de son livre sur les villages de Margeride pendant la deuxi\u00e8me guerre mondiale (comment les villageois avaient cach\u00e9 des enfants juifs, mais aussi les massacres de la terrible colonne de l&rsquo;arm\u00e9e allemande, lors de la bataille du Mont Mouchet.<em>\u00a0<\/em>Lire<i><em> :\u00a0<\/em>Jours de guerre au village, 1939-195O. Ann\u00e9es noires, ann\u00e9es vertes en Auvergne et Margeride.) <\/i>C&rsquo;\u00e9tait lors d&rsquo;une rencontre qui avait \u00e9t\u00e9 organis\u00e9e \u00e0 la salle des f\u00eates de Ruynes avec les habitants qu&rsquo;il avait interview\u00e9s pour son ouvrage. Soir\u00e9e extr\u00eamement touchante. Martin \u00e9tait un vrai ethnologue de terrain, les gens l&rsquo;aimaient vraiment. Ils se confiaient facilement \u00e0 lui.<\/p>\n<p>Il avait un vrai talent pour faire parler m\u00eame les plus timides.<\/p>\n<p>Je l&rsquo;ai v\u00e9rifi\u00e9 lors d&rsquo;une conf\u00e9rence que j&rsquo;avais organis\u00e9e dans le cadre des animations que je proposais l&rsquo;hiver \u00e0 Valu\u00e9jols et au foyer du Ch\u00e9. Le th\u00e8me portait sur le d\u00e9neigement en montagne. Et c&rsquo;\u00e9tait g\u00e9nial parce qu&rsquo;on avait r\u00e9ussi \u00e0 faire venir les gars qui d\u00e9neigeaient sur le plateau, les anciens comme les plus jeunes, + les dameurs des domaines nordiques. Je crois que la soir\u00e9e a dur\u00e9 facilement plus de deux heures. Tout le monde avait sa petite histoire. C&rsquo;\u00e9tait chouette. Il m&rsquo;a beaucoup inspir\u00e9 dans sa mani\u00e8re d&rsquo;aller chercher les gens, de les faire parler, et j&rsquo;ai essay\u00e9 de l&rsquo;imiter dans mes propres conf\u00e9rences et enqu\u00eates locales.<\/p>\n<p>On l&rsquo;avait h\u00e9berg\u00e9 dans notre chalet \u00e0 Valu ce soir-l\u00e0 et il avait beaucoup parl\u00e9 avec Delphine qui \u00e9tait fascin\u00e9 par le destin de son fr\u00e8re, Vincent de la Soudi\u00e8re, un \u00e9crivain m\u00e9connu qui s&rsquo;est suicid\u00e9 jeune, et a laiss\u00e9 un journal assez fascinant (par contre, Martin n&rsquo;aimait pas trop les chiens\u00a0<span class=\"ipsEmoji\">\ud83d\ude07<\/span>)<\/p>\n<p>Bizarrement, c&rsquo;\u00e9tait quand m\u00eame un gars de la bourgeoisie urbaine. Il aimait venir en Loz\u00e8re ou Cantal, y amenait ses \u00e9tudiants parfois, \u00e9tait \u00e0 l&rsquo;aise sur ces terrains rudes, mais n&rsquo;y demeurait que le temps de ses enqu\u00eates : je dis cela, parce que ce fut un point de discorde entre nous (quand je lu ai donn\u00e9 lire mon propre livre sur le Cantal, qu&rsquo;il n&rsquo;a pas aim\u00e9 &#8211; nous n&rsquo;avions pas la m\u00eame vision de la ruralit\u00e9 contemporaine, et surtout pas les m\u00eames archives &#8211; les miennes \u00e9taient plus r\u00e9centes sans doute, et surtout je vivais ici, pas lui, j&rsquo;avais donc une vision peut-\u00eatre moins \u00ab\u00a0nostalgique\u00a0\u00bb, et plus pessimiste, moins romantique, plus \u00ab\u00a0d\u00e9cevante\u00a0\u00bb)<\/p>\n<p>On a correspondu de temps en temps. Et on s&rsquo;est revu, avec Delphine, une derni\u00e8re fois \u00e0 Clermont : on \u00e9tait assis aux jardins Lecoq avant une conf\u00e9rence qu&rsquo;il devait donner \u00e0 la librairie des volcans. Et l\u00e0, il se promenait un peu avant de prendre la parole. On a mang\u00e9 vite fait ensemble, et assist\u00e9 \u00e0 son intervention, je ne sais plus tr\u00e8s bien de quel ouvrage il \u00e9tait question, mais il tenait encore la forme intellectuellement, m\u00eame s&rsquo;il \u00e9tait fatigu\u00e9 physiquement.<\/p>\n<p>&nbsp;<\/p>\n<p>Pour moi, Martin de la Soudi\u00e8re est intimement li\u00e9 au Cantal, et surtout \u00e0 ma passion pour l&rsquo;hiver, qu&rsquo;il a nourrie en partie par ses r\u00e9cits et m\u00e9ditations. Et puis, c&rsquo;\u00e9tait avant tout un ethnologue-po\u00e8te, ou bien un po\u00e8te-ethnologue, avec ce talent incroyable pour entrer en relation avec les gens du pays, et une qualit\u00e9 d&rsquo;\u00e9criture qui renvoie sans doute \u00e0 une autre \u00e9poque, o\u00f9 le style comptait, o\u00f9 \u00ab\u00a0l&rsquo;acad\u00e9misme\u00a0\u00bb se mariait ais\u00e9ment avec la litt\u00e9rature.<\/p>\n","protected":false},"excerpt":{"rendered":"<p>&nbsp; Martin de la Soudi\u00e8re vient de nous quitter. Une m\u00e9moire vivante des hauts-pays&#8230; des hivers mais pas seulement. Le premier livre que j&rsquo;ai lu de lui, c&rsquo;\u00e9tait\u00a0Cueillir la montagne. A travers landes, p\u00e2tures et sous-bois (qu&rsquo;il avait \u00e9crit avec le philosophe de la nature et naturaliste Rapha\u00ebl Larr\u00e8re). Puis son tr\u00e8s po\u00e9tique, l&rsquo;Hiver, \u00e0&hellip;<\/p>\n <a href=\"https:\/\/outsiderland.com\/danahilliot\/martin-de-la-soudiere\/\" title=\"Martin de la Soudi\u00e8re\" class=\"entry-more-link\"><span>Read More<\/span> <span class=\"screen-reader-text\">Martin de la Soudi\u00e8re<\/span><\/a>","protected":false},"author":1,"featured_media":0,"comment_status":"closed","ping_status":"open","sticky":false,"template":"","format":"standard","meta":{"Layout":"","footnotes":"","jetpack_publicize_message":"","jetpack_publicize_feature_enabled":true,"jetpack_social_post_already_shared":true,"jetpack_social_options":{"image_generator_settings":{"template":"highway","default_image_id":0,"font":"","enabled":false},"version":2}},"categories":[61],"tags":[],"class_list":["entry","author-danah","post-6348","post","type-post","status-publish","format-standard","category-chronique"],"yoast_head":"<!-- This site is optimized with the Yoast SEO plugin v27.0 - https:\/\/yoast.com\/product\/yoast-seo-wordpress\/ -->\n<title>Martin de la Soudi\u00e8re - Outside Dana Hilliot<\/title>\n<meta name=\"robots\" content=\"index, follow, max-snippet:-1, max-image-preview:large, max-video-preview:-1\" \/>\n<link rel=\"canonical\" href=\"https:\/\/outsiderland.com\/danahilliot\/martin-de-la-soudiere\/\" \/>\n<meta property=\"og:locale\" content=\"fr_FR\" \/>\n<meta property=\"og:type\" content=\"article\" \/>\n<meta property=\"og:title\" content=\"Martin de la Soudi\u00e8re - Outside Dana Hilliot\" \/>\n<meta property=\"og:description\" content=\"&nbsp; Martin de la Soudi\u00e8re vient de nous quitter. Une m\u00e9moire vivante des hauts-pays&#8230; des hivers mais pas seulement. Le premier livre que j&rsquo;ai lu de lui, c&rsquo;\u00e9tait\u00a0Cueillir la montagne. A travers landes, p\u00e2tures et sous-bois (qu&rsquo;il avait \u00e9crit avec le philosophe de la nature et naturaliste Rapha\u00ebl Larr\u00e8re). Puis son tr\u00e8s po\u00e9tique, l&rsquo;Hiver, \u00e0&hellip;\" \/>\n<meta property=\"og:url\" content=\"https:\/\/outsiderland.com\/danahilliot\/martin-de-la-soudiere\/\" \/>\n<meta property=\"og:site_name\" content=\"Outside Dana Hilliot\" \/>\n<meta property=\"article:published_time\" content=\"2026-02-08T20:26:44+00:00\" \/>\n<meta property=\"article:modified_time\" content=\"2026-02-09T17:17:14+00:00\" \/>\n<meta property=\"og:image\" content=\"https:\/\/outsiderland.com\/danahilliot\/wp-content\/uploads\/2026\/02\/martin-de-la-soudier.jpg\" \/>\n\t<meta property=\"og:image:width\" content=\"1026\" \/>\n\t<meta property=\"og:image:height\" content=\"814\" \/>\n\t<meta property=\"og:image:type\" content=\"image\/jpeg\" \/>\n<meta name=\"author\" content=\"danah\" \/>\n<meta name=\"twitter:card\" content=\"summary_large_image\" \/>\n<meta name=\"twitter:label1\" content=\"\u00c9crit par\" \/>\n\t<meta name=\"twitter:data1\" content=\"danah\" \/>\n\t<meta name=\"twitter:label2\" content=\"Dur\u00e9e de lecture estim\u00e9e\" \/>\n\t<meta name=\"twitter:data2\" content=\"4 minutes\" \/>\n<script type=\"application\/ld+json\" class=\"yoast-schema-graph\">{\"@context\":\"https:\/\/schema.org\",\"@graph\":[{\"@type\":\"Article\",\"@id\":\"https:\/\/outsiderland.com\/danahilliot\/martin-de-la-soudiere\/#article\",\"isPartOf\":{\"@id\":\"https:\/\/outsiderland.com\/danahilliot\/martin-de-la-soudiere\/\"},\"author\":{\"name\":\"danah\",\"@id\":\"https:\/\/outsiderland.com\/danahilliot\/#\/schema\/person\/2f9b92e9fff19bccc36638b10510d5ae\"},\"headline\":\"Martin de la Soudi\u00e8re\",\"datePublished\":\"2026-02-08T20:26:44+00:00\",\"dateModified\":\"2026-02-09T17:17:14+00:00\",\"mainEntityOfPage\":{\"@id\":\"https:\/\/outsiderland.com\/danahilliot\/martin-de-la-soudiere\/\"},\"wordCount\":715,\"publisher\":{\"@id\":\"https:\/\/outsiderland.com\/danahilliot\/#\/schema\/person\/201a1fef0f5c2897bd65e98bcf6b1179\"},\"image\":{\"@id\":\"https:\/\/outsiderland.com\/danahilliot\/martin-de-la-soudiere\/#primaryimage\"},\"thumbnailUrl\":\"https:\/\/outsiderland.com\/danahilliot\/wp-content\/uploads\/2026\/02\/martin-de-la-soudier-1024x812.jpg\",\"articleSection\":[\"Chronique\"],\"inLanguage\":\"fr-FR\"},{\"@type\":\"WebPage\",\"@id\":\"https:\/\/outsiderland.com\/danahilliot\/martin-de-la-soudiere\/\",\"url\":\"https:\/\/outsiderland.com\/danahilliot\/martin-de-la-soudiere\/\",\"name\":\"Martin de la Soudi\u00e8re - Outside Dana Hilliot\",\"isPartOf\":{\"@id\":\"https:\/\/outsiderland.com\/danahilliot\/#website\"},\"primaryImageOfPage\":{\"@id\":\"https:\/\/outsiderland.com\/danahilliot\/martin-de-la-soudiere\/#primaryimage\"},\"image\":{\"@id\":\"https:\/\/outsiderland.com\/danahilliot\/martin-de-la-soudiere\/#primaryimage\"},\"thumbnailUrl\":\"https:\/\/outsiderland.com\/danahilliot\/wp-content\/uploads\/2026\/02\/martin-de-la-soudier-1024x812.jpg\",\"datePublished\":\"2026-02-08T20:26:44+00:00\",\"dateModified\":\"2026-02-09T17:17:14+00:00\",\"breadcrumb\":{\"@id\":\"https:\/\/outsiderland.com\/danahilliot\/martin-de-la-soudiere\/#breadcrumb\"},\"inLanguage\":\"fr-FR\",\"potentialAction\":[{\"@type\":\"ReadAction\",\"target\":[\"https:\/\/outsiderland.com\/danahilliot\/martin-de-la-soudiere\/\"]}]},{\"@type\":\"ImageObject\",\"inLanguage\":\"fr-FR\",\"@id\":\"https:\/\/outsiderland.com\/danahilliot\/martin-de-la-soudiere\/#primaryimage\",\"url\":\"https:\/\/outsiderland.com\/danahilliot\/wp-content\/uploads\/2026\/02\/martin-de-la-soudier.jpg\",\"contentUrl\":\"https:\/\/outsiderland.com\/danahilliot\/wp-content\/uploads\/2026\/02\/martin-de-la-soudier.jpg\",\"width\":1026,\"height\":814},{\"@type\":\"BreadcrumbList\",\"@id\":\"https:\/\/outsiderland.com\/danahilliot\/martin-de-la-soudiere\/#breadcrumb\",\"itemListElement\":[{\"@type\":\"ListItem\",\"position\":1,\"name\":\"Accueil\",\"item\":\"https:\/\/outsiderland.com\/danahilliot\/\"},{\"@type\":\"ListItem\",\"position\":2,\"name\":\"Martin de la Soudi\u00e8re\"}]},{\"@type\":\"WebSite\",\"@id\":\"https:\/\/outsiderland.com\/danahilliot\/#website\",\"url\":\"https:\/\/outsiderland.com\/danahilliot\/\",\"name\":\"Outside Dana Hilliot\",\"description\":\". Archives . Activit\u00e9s . Projets .\",\"publisher\":{\"@id\":\"https:\/\/outsiderland.com\/danahilliot\/#\/schema\/person\/201a1fef0f5c2897bd65e98bcf6b1179\"},\"potentialAction\":[{\"@type\":\"SearchAction\",\"target\":{\"@type\":\"EntryPoint\",\"urlTemplate\":\"https:\/\/outsiderland.com\/danahilliot\/?s={search_term_string}\"},\"query-input\":{\"@type\":\"PropertyValueSpecification\",\"valueRequired\":true,\"valueName\":\"search_term_string\"}}],\"inLanguage\":\"fr-FR\"},{\"@type\":[\"Person\",\"Organization\"],\"@id\":\"https:\/\/outsiderland.com\/danahilliot\/#\/schema\/person\/201a1fef0f5c2897bd65e98bcf6b1179\",\"name\":\"danahilliot\",\"image\":{\"@type\":\"ImageObject\",\"inLanguage\":\"fr-FR\",\"@id\":\"https:\/\/outsiderland.com\/danahilliot\/#\/schema\/person\/image\/\",\"url\":\"https:\/\/outsiderland.com\/danahilliot\/wp-content\/uploads\/2026\/02\/50801449407_a909f2c1ad_k.jpg\",\"contentUrl\":\"https:\/\/outsiderland.com\/danahilliot\/wp-content\/uploads\/2026\/02\/50801449407_a909f2c1ad_k.jpg\",\"width\":2048,\"height\":1536,\"caption\":\"danahilliot\"},\"logo\":{\"@id\":\"https:\/\/outsiderland.com\/danahilliot\/#\/schema\/person\/image\/\"}},{\"@type\":\"Person\",\"@id\":\"https:\/\/outsiderland.com\/danahilliot\/#\/schema\/person\/2f9b92e9fff19bccc36638b10510d5ae\",\"name\":\"danah\",\"image\":{\"@type\":\"ImageObject\",\"inLanguage\":\"fr-FR\",\"@id\":\"https:\/\/outsiderland.com\/danahilliot\/#\/schema\/person\/image\/\",\"url\":\"https:\/\/secure.gravatar.com\/avatar\/ed6349755e1d97f204277de3d09fc6ac31abd856835c8ea3c3a30d0aa84b0ddd?s=96&d=mm&r=g\",\"contentUrl\":\"https:\/\/secure.gravatar.com\/avatar\/ed6349755e1d97f204277de3d09fc6ac31abd856835c8ea3c3a30d0aa84b0ddd?s=96&d=mm&r=g\",\"caption\":\"danah\"},\"url\":\"https:\/\/outsiderland.com\/danahilliot\/author\/danah\/\"}]}<\/script>\n<!-- \/ Yoast SEO plugin. -->","yoast_head_json":{"title":"Martin de la Soudi\u00e8re - Outside Dana Hilliot","robots":{"index":"index","follow":"follow","max-snippet":"max-snippet:-1","max-image-preview":"max-image-preview:large","max-video-preview":"max-video-preview:-1"},"canonical":"https:\/\/outsiderland.com\/danahilliot\/martin-de-la-soudiere\/","og_locale":"fr_FR","og_type":"article","og_title":"Martin de la Soudi\u00e8re - Outside Dana Hilliot","og_description":"&nbsp; Martin de la Soudi\u00e8re vient de nous quitter. Une m\u00e9moire vivante des hauts-pays&#8230; des hivers mais pas seulement. Le premier livre que j&rsquo;ai lu de lui, c&rsquo;\u00e9tait\u00a0Cueillir la montagne. A travers landes, p\u00e2tures et sous-bois (qu&rsquo;il avait \u00e9crit avec le philosophe de la nature et naturaliste Rapha\u00ebl Larr\u00e8re). Puis son tr\u00e8s po\u00e9tique, l&rsquo;Hiver, \u00e0&hellip;","og_url":"https:\/\/outsiderland.com\/danahilliot\/martin-de-la-soudiere\/","og_site_name":"Outside Dana Hilliot","article_published_time":"2026-02-08T20:26:44+00:00","article_modified_time":"2026-02-09T17:17:14+00:00","og_image":[{"width":1026,"height":814,"url":"https:\/\/outsiderland.com\/danahilliot\/wp-content\/uploads\/2026\/02\/martin-de-la-soudier.jpg","type":"image\/jpeg"}],"author":"danah","twitter_card":"summary_large_image","twitter_misc":{"\u00c9crit par":"danah","Dur\u00e9e de lecture estim\u00e9e":"4 minutes"},"schema":{"@context":"https:\/\/schema.org","@graph":[{"@type":"Article","@id":"https:\/\/outsiderland.com\/danahilliot\/martin-de-la-soudiere\/#article","isPartOf":{"@id":"https:\/\/outsiderland.com\/danahilliot\/martin-de-la-soudiere\/"},"author":{"name":"danah","@id":"https:\/\/outsiderland.com\/danahilliot\/#\/schema\/person\/2f9b92e9fff19bccc36638b10510d5ae"},"headline":"Martin de la Soudi\u00e8re","datePublished":"2026-02-08T20:26:44+00:00","dateModified":"2026-02-09T17:17:14+00:00","mainEntityOfPage":{"@id":"https:\/\/outsiderland.com\/danahilliot\/martin-de-la-soudiere\/"},"wordCount":715,"publisher":{"@id":"https:\/\/outsiderland.com\/danahilliot\/#\/schema\/person\/201a1fef0f5c2897bd65e98bcf6b1179"},"image":{"@id":"https:\/\/outsiderland.com\/danahilliot\/martin-de-la-soudiere\/#primaryimage"},"thumbnailUrl":"https:\/\/outsiderland.com\/danahilliot\/wp-content\/uploads\/2026\/02\/martin-de-la-soudier-1024x812.jpg","articleSection":["Chronique"],"inLanguage":"fr-FR"},{"@type":"WebPage","@id":"https:\/\/outsiderland.com\/danahilliot\/martin-de-la-soudiere\/","url":"https:\/\/outsiderland.com\/danahilliot\/martin-de-la-soudiere\/","name":"Martin de la Soudi\u00e8re - Outside Dana Hilliot","isPartOf":{"@id":"https:\/\/outsiderland.com\/danahilliot\/#website"},"primaryImageOfPage":{"@id":"https:\/\/outsiderland.com\/danahilliot\/martin-de-la-soudiere\/#primaryimage"},"image":{"@id":"https:\/\/outsiderland.com\/danahilliot\/martin-de-la-soudiere\/#primaryimage"},"thumbnailUrl":"https:\/\/outsiderland.com\/danahilliot\/wp-content\/uploads\/2026\/02\/martin-de-la-soudier-1024x812.jpg","datePublished":"2026-02-08T20:26:44+00:00","dateModified":"2026-02-09T17:17:14+00:00","breadcrumb":{"@id":"https:\/\/outsiderland.com\/danahilliot\/martin-de-la-soudiere\/#breadcrumb"},"inLanguage":"fr-FR","potentialAction":[{"@type":"ReadAction","target":["https:\/\/outsiderland.com\/danahilliot\/martin-de-la-soudiere\/"]}]},{"@type":"ImageObject","inLanguage":"fr-FR","@id":"https:\/\/outsiderland.com\/danahilliot\/martin-de-la-soudiere\/#primaryimage","url":"https:\/\/outsiderland.com\/danahilliot\/wp-content\/uploads\/2026\/02\/martin-de-la-soudier.jpg","contentUrl":"https:\/\/outsiderland.com\/danahilliot\/wp-content\/uploads\/2026\/02\/martin-de-la-soudier.jpg","width":1026,"height":814},{"@type":"BreadcrumbList","@id":"https:\/\/outsiderland.com\/danahilliot\/martin-de-la-soudiere\/#breadcrumb","itemListElement":[{"@type":"ListItem","position":1,"name":"Accueil","item":"https:\/\/outsiderland.com\/danahilliot\/"},{"@type":"ListItem","position":2,"name":"Martin de la Soudi\u00e8re"}]},{"@type":"WebSite","@id":"https:\/\/outsiderland.com\/danahilliot\/#website","url":"https:\/\/outsiderland.com\/danahilliot\/","name":"Outside Dana Hilliot","description":". Archives . Activit\u00e9s . Projets .","publisher":{"@id":"https:\/\/outsiderland.com\/danahilliot\/#\/schema\/person\/201a1fef0f5c2897bd65e98bcf6b1179"},"potentialAction":[{"@type":"SearchAction","target":{"@type":"EntryPoint","urlTemplate":"https:\/\/outsiderland.com\/danahilliot\/?s={search_term_string}"},"query-input":{"@type":"PropertyValueSpecification","valueRequired":true,"valueName":"search_term_string"}}],"inLanguage":"fr-FR"},{"@type":["Person","Organization"],"@id":"https:\/\/outsiderland.com\/danahilliot\/#\/schema\/person\/201a1fef0f5c2897bd65e98bcf6b1179","name":"danahilliot","image":{"@type":"ImageObject","inLanguage":"fr-FR","@id":"https:\/\/outsiderland.com\/danahilliot\/#\/schema\/person\/image\/","url":"https:\/\/outsiderland.com\/danahilliot\/wp-content\/uploads\/2026\/02\/50801449407_a909f2c1ad_k.jpg","contentUrl":"https:\/\/outsiderland.com\/danahilliot\/wp-content\/uploads\/2026\/02\/50801449407_a909f2c1ad_k.jpg","width":2048,"height":1536,"caption":"danahilliot"},"logo":{"@id":"https:\/\/outsiderland.com\/danahilliot\/#\/schema\/person\/image\/"}},{"@type":"Person","@id":"https:\/\/outsiderland.com\/danahilliot\/#\/schema\/person\/2f9b92e9fff19bccc36638b10510d5ae","name":"danah","image":{"@type":"ImageObject","inLanguage":"fr-FR","@id":"https:\/\/outsiderland.com\/danahilliot\/#\/schema\/person\/image\/","url":"https:\/\/secure.gravatar.com\/avatar\/ed6349755e1d97f204277de3d09fc6ac31abd856835c8ea3c3a30d0aa84b0ddd?s=96&d=mm&r=g","contentUrl":"https:\/\/secure.gravatar.com\/avatar\/ed6349755e1d97f204277de3d09fc6ac31abd856835c8ea3c3a30d0aa84b0ddd?s=96&d=mm&r=g","caption":"danah"},"url":"https:\/\/outsiderland.com\/danahilliot\/author\/danah\/"}]}},"jetpack_publicize_connections":[],"_links":{"self":[{"href":"https:\/\/outsiderland.com\/danahilliot\/wp-json\/wp\/v2\/posts\/6348","targetHints":{"allow":["GET"]}}],"collection":[{"href":"https:\/\/outsiderland.com\/danahilliot\/wp-json\/wp\/v2\/posts"}],"about":[{"href":"https:\/\/outsiderland.com\/danahilliot\/wp-json\/wp\/v2\/types\/post"}],"author":[{"embeddable":true,"href":"https:\/\/outsiderland.com\/danahilliot\/wp-json\/wp\/v2\/users\/1"}],"replies":[{"embeddable":true,"href":"https:\/\/outsiderland.com\/danahilliot\/wp-json\/wp\/v2\/comments?post=6348"}],"version-history":[{"count":5,"href":"https:\/\/outsiderland.com\/danahilliot\/wp-json\/wp\/v2\/posts\/6348\/revisions"}],"predecessor-version":[{"id":6359,"href":"https:\/\/outsiderland.com\/danahilliot\/wp-json\/wp\/v2\/posts\/6348\/revisions\/6359"}],"wp:attachment":[{"href":"https:\/\/outsiderland.com\/danahilliot\/wp-json\/wp\/v2\/media?parent=6348"}],"wp:term":[{"taxonomy":"category","embeddable":true,"href":"https:\/\/outsiderland.com\/danahilliot\/wp-json\/wp\/v2\/categories?post=6348"},{"taxonomy":"post_tag","embeddable":true,"href":"https:\/\/outsiderland.com\/danahilliot\/wp-json\/wp\/v2\/tags?post=6348"}],"curies":[{"name":"wp","href":"https:\/\/api.w.org\/{rel}","templated":true}]}}