{"id":6320,"date":"2026-02-03T21:15:14","date_gmt":"2026-02-03T21:15:14","guid":{"rendered":"https:\/\/outsiderland.com\/danahilliot\/?p=6320"},"modified":"2026-02-21T21:57:34","modified_gmt":"2026-02-21T21:57:34","slug":"les-irresponsables-et-les-somnambules","status":"publish","type":"post","link":"https:\/\/outsiderland.com\/danahilliot\/les-irresponsables-et-les-somnambules\/","title":{"rendered":"Les irresponsables et les somnambules"},"content":{"rendered":"<p align=\"justify\">Ce qui se passe aux \u00c9tats-Unis sous l\u2019administration de Trump, la mise en place de politiques d\u00e9lib\u00e9r\u00e9es* de s\u00e9gr\u00e9gation raciale, d\u2019apartheid et de purification ethnique des populations am\u00e9ricaines, pr\u00e9figure ce qui va se passer en Europe dans les mois et les ann\u00e9es \u00e0 venir. \u00c0 moins d\u2019habiter sur une \u00eele d\u00e9serte, priv\u00e9 de toute source d\u2019informations, ou bien d\u2019\u00eatre perfus\u00e9 aux antid\u00e9presseurs, aux anxiolytiques et aux techniques de pens\u00e9e positive, je vois mal comment on peut croire qu\u2019on \u00e9chappera, de ce c\u00f4t\u00e9-ci de l&rsquo;Atlantique, \u00e0 ce destin funeste. Qu\u2019on prenne soin de soi, c\u2019est une chose, mais pour imaginer s\u00e9rieusement un avenir meilleur, \u00e9pargn\u00e9 par le fascisme et la catastrophe climatique, il faut ou bien \u00eatre install\u00e9 dans le confort de la certitude bourgeoise et esp\u00e9rer, non sans cynisme, passer entre les gouttes (et s\u2019appr\u00eater \u00e0 \u00e9migrer en Nouvelle-Z\u00e9lande si les choses tournent mal), ou bien faire preuve d\u2019un optimisme qui confine \u00e0 la stupidit\u00e9 \u2013 et qui pourrait bien s\u2019av\u00e9rer, a posteriori, criminel (ou bien consid\u00e9rer le fascisme comme un \u00ab\u00a0avenir d\u00e9sirable\u00a0\u00bb).<\/p>\n<p style=\"text-align: right;\" align=\"justify\">(*Je parle de politiques \u00ab\u00a0d\u00e9lib\u00e9r\u00e9ment\u00a0\u00bb racistes et supr\u00e9matistes, dans le cas du trumpisme, pour les distinguer des politiques ant\u00e9rieures, qui reposaient d\u00e9j\u00e0 bien entendu sur un racisme structurel, un apartheid \u00e9conomique de fait, et des politiques d\u2019immigration pas moins brutales, mais, tout cela se r\u00e9alisant \u00ab\u00a0\u00e0 bas bruit\u00a0\u00bb, noy\u00e9 sous la couverture moelleuse des valeurs d\u00e9mocratiques, des promesses de bonheur partag\u00e9es de l\u2019<i>american way of life<\/i>, de la soci\u00e9t\u00e9 pr\u00e9tendue \u00ab\u00a0post-raciale\u00a0\u00bb).<\/p>\n<p align=\"justify\">On ne peut pas faire comme si on ne savait pas.<\/p>\n<p align=\"justify\"><a href=\"https:\/\/outsiderland.com\/danahilliot\/echo-pour-qui-sait-entendre-hermann-broch-les-irresponsables-voix-3\/\">Hermann Broch<\/a>, publiait en 1932, <i>Les Somnambules<\/i>, puis, apr\u00e8s la catastrophe du nazisme, en 1950, <i>Les Irresponsables<\/i>, qui annon\u00e7aient pour le premier, et pour le second, en faisait le bilan r\u00e9trospectif, la catastrophe nazie, en d\u00e9non\u00e7ant la responsabilit\u00e9 des masses et des classes bourgeoises. \u00c0 cette d\u00e9nonciation, on pouvait toujours r\u00e9torquer que les populations ne pouvaient pas savoir, n\u2019\u00e9taient pas capables d\u2019imaginer, dans les ann\u00e9es 30, ce \u00e0 quoi allait conduire l\u2019adh\u00e9sion au parti nazi, ou la passivit\u00e9 devant l\u2019ascension d\u2019Hitler. De fait, les gouvernements \u00e9trangers ont sembl\u00e9 l\u2019ignorer tout autant en signant les accords de Munich en 1938. On peut discuter tant et plus, et il n\u2019est pas inutile de le faire, il existe une \u00e9norme litt\u00e9rature \u00e0 ce sujet, de la gradation des responsabilit\u00e9s dans l\u2019ascension des r\u00e9gimes fascistes et totalitaires en Europe.<\/p>\n<p align=\"justify\">Mais aujourd\u2019hui, il en va tout autrement. On ne saurait se r\u00e9fugier derri\u00e8re le voile de l\u2019ignorance. Ce qui aggrave notre cas pour ainsi dire, c\u2019est qu\u2019aux \u00c9tats-Unis aussi bien qu\u2019en Europe, ou encore en Am\u00e9rique Latine, les r\u00e9gimes fascistes menacent de s\u2019installer, pour ceux qui ne sont pas d\u00e9j\u00e0 install\u00e9s, par des voies d\u00e9mocratiques \u2013 et non pas suite \u00e0 un coup d\u2019\u00c9tat ou un d\u00e9tournement \u00ab\u00a0de force\u00a0\u00bb des institutions.<\/p>\n<p align=\"justify\">Autrement dit, les \u00e9lecteurs et les \u00e9lectrices ont port\u00e9 ces gens-l\u00e0, ou bien s\u2019appr\u00eatent \u00e0 les porter, au pouvoir, en connaissance de cause. Le programme de Trump suscitait, au moins dans ses grandes lignes, \u00e0 commencer par la purification ethnique des populations am\u00e9ricaines, l\u2019adh\u00e9sion d\u2019une part suffisamment grande de l\u2019\u00e9lectorat. Et quant \u00e0 ses opposants d\u00e9mocrates, le moins qu\u2019on puisse dire, c\u2019est qu\u2019ils ont fait preuve \u00e0 tout le moins de na\u00efvet\u00e9, ou bien d\u2019un optimisme confinant \u00e0 la stupidit\u00e9, en imaginant que Trump ne \u00ab\u00a0ferait pas ce qu\u2019il avait promis qu\u2019il ferait\u00a0\u00bb.<\/p>\n<p align=\"justify\">Il en va de m\u00eame chez nous, en France, pour,\u00a0au bas mot, les trois quarts de la classe politique fran\u00e7aise\u00a0: ils ne pourront pr\u00e9tendre apr\u00e8s coup, dans quelques ann\u00e9es, qu\u2019ils ne savaient pas. Tous, ils savent, qu\u2019ils s\u2019engagent explicitement dans cette voie criminelle, ou qu\u2019ils se r\u00e9signent \u00e0 la consid\u00e9rer comme in\u00e9vitable et esp\u00e8rent passer entre les gouttes quand les choses tourneront mal, tout en continuant \u00e0 mener \u00e0 bien leurs petites affaires, comme l\u2019ont fait bien des \u00ab\u00a0commer\u00e7ants\u00a0\u00bb durant les p\u00e9riodes les plus sombres de l\u2019Histoire, car le commerce et la bourgeoisie, comme chacun sait, sont toujours tent\u00e9s par l\u2019id\u00e9e que \u00ab\u00a0ce n\u2019est qu\u2019un sale moment \u00e0 passer\u00a0\u00bb, juste un peu de \u00ab\u00a0mauvaise conscience\u00a0\u00bb de plus \u00e0 supporter \u2013 on n\u2019est pas \u00e0 une culpabilit\u00e9 pr\u00e8s, n\u2019est-ce pas\u00a0?<\/p>\n<p align=\"justify\">Et l\u2019immense majorit\u00e9 des \u00e9lecteurs et des \u00e9lectrices des partis de droite ou d\u2019extr\u00eame droite savent. Qu\u2019ils soient ou non ignorants de l\u2019Histoire. Ils n\u2019ont pas besoin d\u2019en savoir plus qu\u2019il n\u2019en faut pour adh\u00e9rer, consciemment, au projet de purification ethnique, d\u2019instauration (mieux vaudrait parler de renforcement) d\u2019un r\u00e9gime d\u2019apartheid, de \u00ab r\u00e9tablissement \u00bb d\u2019un ordre militaire et policier (l\u00e0 aussi, il se renforce en r\u00e9alit\u00e9, plus qu\u2019il n\u2019est r\u00e9tabli). Rapporter la responsabilit\u00e9 de la mont\u00e9e du fascisme au bourrage de cr\u00e2ne des m\u00e9dias racistes et x\u00e9nophobes ne suffit pas \u00e0 comprendre ce qui s\u2019est pass\u00e9 dans l\u2019opinion publique ces vingt derni\u00e8res ann\u00e9es en France. L\u2019extr\u00eame droite n\u2019a pas attendu Bollor\u00e9 et consorts pour imposer son agenda dans la vie politique. Et, que je sache, la forteresse raciale europ\u00e9enne n\u2019a pas \u00e9t\u00e9 \u00e9difi\u00e9e par des partis d\u2019extr\u00eame droite, mais bien plut\u00f4t par l\u2019alliance des socio-d\u00e9mocrates et des conservateurs, unis sous la banni\u00e8re n\u00e9olib\u00e9rale. Ce qui arrive aujourd\u2019hui ne vient pas de nulle part. Combien d\u2019entre nous n\u2019avons cess\u00e9 d\u2019alerter, et ce depuis plus de trente ans, sur l\u2019orientation r\u00e9actionnaire du n\u00e9olib\u00e9ralisme, les \u00ab <i>structures of feeling<\/i>\u00a0\u00bb persistantes qui promeuvent les trois piliers de la reproduction des violences et des in\u00e9galit\u00e9s\u00a0: la famille, le travail et la nation, et les cons\u00e9quences qu\u2019il fallait en attendre. \u00ab\u00a0Qui aurait pu pr\u00e9dire\u00a0?\u00a0\u00bb, demandait sans sourciller le pr\u00e9sident Macron, en parlant du r\u00e9chauffement climatique, envoyant d\u2019une seule interrogation stupide d\u2019innombrables pr\u00e9dictions dans les limbes, comme si elles n\u2019avaient jamais \u00e9t\u00e9 publi\u00e9es.<\/p>\n<p align=\"justify\">Et pourtant. Nous y sommes. Et nombre d\u2019entre nous s\u2019en inqui\u00e9tait depuis des d\u00e9cennies.<\/p>\n<p align=\"justify\">C\u2019est d\u2019autant plus inacceptable que dans une tr\u00e8s vaste partie du monde, la libert\u00e9 d\u2019expression signifie l\u2019emprisonnement, ou pire, que la d\u00e9mocratie, ou bien n\u2019existe pas, ou bien n\u2019est qu\u2019une farce. Comment peut-on g\u00e2cher des biens aussi pr\u00e9cieux et fragiles que la libert\u00e9 d\u2019expression et la d\u00e9mocratie\u00a0? Ceux qui chez nous portent au pouvoir des adversaires de la d\u00e9mocratie par des voies d\u00e9mocratiques n\u2019esp\u00e8rent qu\u2019une chose\u00a0: \u00eatre du c\u00f4t\u00e9 des privil\u00e9gi\u00e9s du L\u00e9viathan quand il acc\u00e9dera au pouvoir\u00a0\u2013 comment attendre d\u2019eux autre chose qu\u2019une collaboration puisqu\u2019ils collaborent d\u00e9j\u00e0 en l\u2019adoubant\u00a0?<\/p>\n<p align=\"justify\">La d\u00e9mocratie ne prot\u00e8ge en rien les soci\u00e9t\u00e9s du fascisme. Elle est ce que les gouvernants, avec le soutien de nombre d\u2019\u00e9lecteurs et d\u2019\u00e9lectrices en font. Elle est toujours r\u00e9put\u00e9e \u00ab excessive \u00bb par ceux qui acc\u00e8dent au pouvoir par sa gr\u00e2ce. Mais on n\u2019a pas prot\u00e9g\u00e9 la d\u00e9mocratie. On l\u2019a sacrifi\u00e9e au business international, quand les opportunit\u00e9s du march\u00e9 incitaient \u00e0 passer sous silence les atrocit\u00e9s des dirigeants autoritaires ou fascisants avec lesquels on fricotait, quand on ne leur d\u00e9roulait pas le tapis rouge. On l\u2019a sacrifi\u00e9e en suivant, sans m\u00eame hausser les sourcils, l\u2019agenda rance et raciste impos\u00e9 par les partis d\u2019extr\u00eame droite. On l\u2019a sacrifi\u00e9e au nom de la s\u00e9curit\u00e9 en fantasmant sur les menaces terroristes \u00e0 g\u00e9om\u00e9trie variable. On l\u2019a sacrifi\u00e9e en expulsant du d\u00e9bat public les questions \u00e9conomiques fondamentales, en individualisant les in\u00e9galit\u00e9s (la condition des pauvres n\u2019est qu\u2019une affaire de d\u00e9faut de bonne volont\u00e9), en glorifiant le travail, la famille et la nation, les valeurs que tous tiennent pour allant de soi, m\u00eame \u00e0 gauche !)<\/p>\n<p align=\"justify\">Tous ceux-l\u00e0, qui d\u00e9sirent l\u2019ordre et le r\u00e9tablissement d\u2019une supr\u00e9matie blanche (laquelle n\u2019a en r\u00e9alit\u00e9 jamais cess\u00e9 d\u2019incarner la norme, le crit\u00e8re de la citoyennet\u00e9, d\u2019orienter les politiques publiques, la distribution de biens et des maux, des privil\u00e8ges et des humiliations), n\u2019auront pas \u00e0 craindre le jugement de l\u2019histoire, laquelle ne juge pas \u2013 ce sont les femmes et les hommes qui jugeront, s\u2019ils en ont encore le loisir dans un futur d\u2019apr\u00e8s le futur.<\/p>\n<p align=\"justify\">Ils comptent bien passer entre les gouttes comme sont pass\u00e9s entre les gouttes, quand il a fallu faire un bilan, apr\u00e8s 1945, les innombrables adh\u00e9rents au nazisme et aux fascismes des ann\u00e9es 30. Les litt\u00e9rateurs et litt\u00e9ratrices allemand\u2027es, Elfriede Jelinek, Ingeborg Bachmann, Thomas Bernhard, Wolfgang Hildescheimer, Fassbinder et tant d\u2019autres les d\u00e9sign\u00e8rent rageusement, ceux qui n\u2019avaient au fond jamais cess\u00e9 d\u2019\u00eatre nazis, bien apr\u00e8s qu\u2019Hitler se soit fait sauter le caisson dans son bunker. Toutes celles et ceux qui n\u2019eurent jamais de compte \u00e0 rendre, celles et ceux qui ob\u00e9irent avec z\u00e8le ou et pli\u00e8rent l\u2019\u00e9chine en esp\u00e9rant s\u2019en tirer \u00e0 bon compte. Il y en aura d\u2019autres, il y en a toujours d\u2019autres.<\/p>\n<p align=\"justify\">Il ne s\u2019agit pas tant d\u2019ignorance que d\u2019attachement\u00a0: un attachement au mode de vie occidental, \u00e0 la promesse de bonheur que dispensent ces id\u00e9ologies que bell hooks appelait \u00ab\u00a0<em>the white supremacist capitalist patriarchy\u00a0<\/em>\u00bb ou Laurent Berlant, la \u00ab\u00a0<em>normal national culture<\/em> \u00bb. Il y aurait trop \u00e0 perdre, et personne, ou quasiment personne, n\u2019est pr\u00eat \u00e0 l\u00e2cher quoi que ce soit de son confort personnel, personne n\u2019est dispos\u00e9 \u00e0 abandonner ses r\u00eaves de famille heureuse, de propri\u00e9t\u00e9, de retraite dor\u00e9e. Quand bien m\u00eame tout porte \u00e0 croire que pour la plupart, ces r\u00eaves seront d\u00e9\u00e7us.<\/p>\n<p align=\"justify\">La plupart font ce qu\u2019ils ont \u00e0 faire, ce qu\u2019on leur a dit de faire, ce \u00e0 quoi ils n\u2019ont jamais vraiment cess\u00e9 de croire, ce \u00e0 quoi ils ont toujours adh\u00e9r\u00e9 au nom de leur int\u00e9r\u00eat propre, incarnant ainsi avec z\u00e8le l&rsquo;id\u00e9al anthropologique n\u00e9olib\u00e9ral. Travailler pour devenir propri\u00e9taire, faire fructifier sa fortune et enrichir les actionnaires. Voil\u00e0 quelles sont les priorit\u00e9s. Reproduire le syst\u00e8me d\u2019exploitation, d\u2019extraction et de domination. Prendre soin des autres, prendre soin des plus vuln\u00e9rables, des \u00e9trangers, des moins fortun\u00e9s, de ceux qui n\u2019ont pas eu la chance de na\u00eetre au bon endroit et au bon moment, ceux qui n\u2019ont pas la bonne couleur de peau, le bon genre, la bonne sexualit\u00e9, ce n\u2019est pas, \u00e7a n\u2019a jamais \u00e9t\u00e9 la priorit\u00e9. On ne l\u00e2chera rien. Et surtout pas pour celles et pour ceux qui n\u2019en valent pas la peine, qui, au contraire, embarrassent, emp\u00eachent, entra\u00eenent notre communaut\u00e9 ch\u00e9rie vers le fond, nous appauvrissent. Qu\u2019ils se contentent d\u2019\u00eatre satisfaits qu\u2019on les exploite, qu\u2019on siphonne leur vitalit\u00e9, afin de conforter notre prosp\u00e9rit\u00e9.<\/p>\n<p align=\"justify\">Nous ne sommes pas seulement d\u00e9pendants du capitalisme, comme si nous \u00e9tions passifs dans cette histoire. Non. Nous <i>sommes<\/i> le capitalisme, nous l\u2019incarnons, en tant que producteurs, consommateurs, et <i>a fortiori<\/i> quand on s\u2019enrichit au passage. Nous sommes attach\u00e9s affectivement au syst\u00e8me d\u2019exploitation et d\u2019extraction g\u00e9n\u00e9ralis\u00e9s. Parce que nous ne voulons pas que notre style de vie soit transform\u00e9 au nom de la justice sociale ou climatique (combien d&rsquo;entre vous prennent au s\u00e9rieux l&rsquo;id\u00e9e d&rsquo;un revenu minimum universel inconditionn\u00e9 d\u00e9connect\u00e9 de l&rsquo;obligation au travail ? Combien prennent au s\u00e9rieux le projet d&rsquo;une \u00e9conomie d\u00e9croissante ?). Et c\u2019est parce que nous pensons que ce style de vie est menac\u00e9, que les valeurs de la civilisation blanche europ\u00e9enne ou am\u00e9ricaine \u00ab\u00a0d\u00e9clinent\u00a0\u00bb, que certains sont pr\u00eats, pour les s\u00e9curiser, \u00e0 embrasser les d\u00e9lires d\u2019un leader fasciste, \u00e0 sacrifier la d\u00e9mocratie sur l\u2019autel de l\u2019int\u00e9r\u00eat individuel, de la promesse d\u2019un futur qui ne concerne que soi-m\u00eame, quand bien m\u00eame elle se r\u00e9aliserait au d\u00e9triment de tous les autres.<\/p>\n<p align=\"justify\">Quant \u00e0 celles et ceux qui persistent \u00e0 ne pas croire \u00e0 ces futurs funestes, qu\u2019ils soient politiques ou climatiques, \u00e0 force de faire l\u2019autruche, ils finiront peut-\u00eatre par pondre un \u0153uf. Il y a un moment o\u00f9 l\u2019optimisme pourrait devenir criminel, o\u00f9 les techniques de d\u00e9veloppement personnel, ces entreprises d\u2019alignement c\u00e9r\u00e9brales et comportementales n\u00e9olib\u00e9rales, rel\u00e8vent de la collaboration pure et simple, o\u00f9 les pens\u00e9es positives et leurs promesses de bonheur ne sont plus seulement niaises, mais produisent des hordes de somnambules et d\u2019irresponsables, pour parler comme Hermann Broch.<\/p>\n<p align=\"justify\">(Note pour les partis de gauche : cessez par piti\u00e9 d&rsquo;essentialiser un peuple qui n&rsquo;existe plus sous la forme o\u00f9 vous pr\u00e9tendez le d\u00e9fendre, que dans votre imaginaire d\u00e9sol\u00e9 et p\u00e9rim\u00e9. Il y a longtemps qu&rsquo;une bonne part de ce peuple que vous brandissez comme un \u00e9tendard n&rsquo;a plus rien \u00e0 faire des valeurs de gauche &#8211; auxquelles vous ne croyez gu\u00e8re vous-m\u00eame soit-dit en passant. Ce peuple que vous pr\u00e9tendez conna\u00eetre, bien qu&rsquo;il ne vous reconnaisse plus, et parfois m\u00eame vous ha\u00efsse, vous tient pour la plus grande menace, il se pourrait qu&rsquo;il arrive un soir \u00e0 vos portes pour vous lyncher.)<\/p>\n<figure id=\"attachment_6324\" aria-describedby=\"caption-attachment-6324\" style=\"width: 1024px\" class=\"wp-caption alignleft\"><img decoding=\"async\" class=\"wp-image-6324 size-large\" src=\"https:\/\/outsiderland.com\/danahilliot\/wp-content\/uploads\/2026\/02\/Capture-decran_2026-02-03_22-03-00-1024x413.png\" alt=\"\" width=\"1024\" height=\"413\" srcset=\"https:\/\/outsiderland.com\/danahilliot\/wp-content\/uploads\/2026\/02\/Capture-decran_2026-02-03_22-03-00-1024x413.png 1024w, https:\/\/outsiderland.com\/danahilliot\/wp-content\/uploads\/2026\/02\/Capture-decran_2026-02-03_22-03-00-300x121.png 300w, https:\/\/outsiderland.com\/danahilliot\/wp-content\/uploads\/2026\/02\/Capture-decran_2026-02-03_22-03-00-768x310.png 768w, https:\/\/outsiderland.com\/danahilliot\/wp-content\/uploads\/2026\/02\/Capture-decran_2026-02-03_22-03-00-1536x620.png 1536w, https:\/\/outsiderland.com\/danahilliot\/wp-content\/uploads\/2026\/02\/Capture-decran_2026-02-03_22-03-00-1280x517.png 1280w, https:\/\/outsiderland.com\/danahilliot\/wp-content\/uploads\/2026\/02\/Capture-decran_2026-02-03_22-03-00.png 1917w\" sizes=\"(max-width: 1024px) 100vw, 1024px\" \/><figcaption id=\"caption-attachment-6324\" class=\"wp-caption-text\">Arthur Penn, The Chase<\/figcaption><\/figure>\n<figure id=\"attachment_6322\" aria-describedby=\"caption-attachment-6322\" style=\"width: 1024px\" class=\"wp-caption alignleft\"><img decoding=\"async\" class=\"wp-image-6322 size-large\" src=\"https:\/\/outsiderland.com\/danahilliot\/wp-content\/uploads\/2026\/02\/Capture-decran_2026-02-03_22-03-59-1024x767.png\" alt=\"\" width=\"1024\" height=\"767\" srcset=\"https:\/\/outsiderland.com\/danahilliot\/wp-content\/uploads\/2026\/02\/Capture-decran_2026-02-03_22-03-59-1024x767.png 1024w, https:\/\/outsiderland.com\/danahilliot\/wp-content\/uploads\/2026\/02\/Capture-decran_2026-02-03_22-03-59-300x225.png 300w, https:\/\/outsiderland.com\/danahilliot\/wp-content\/uploads\/2026\/02\/Capture-decran_2026-02-03_22-03-59-768x575.png 768w, https:\/\/outsiderland.com\/danahilliot\/wp-content\/uploads\/2026\/02\/Capture-decran_2026-02-03_22-03-59.png 1384w\" sizes=\"(max-width: 1024px) 100vw, 1024px\" \/><figcaption id=\"caption-attachment-6322\" class=\"wp-caption-text\">Julien Duvivier, Panique<\/figcaption><\/figure>\n<figure id=\"attachment_6321\" aria-describedby=\"caption-attachment-6321\" style=\"width: 1024px\" class=\"wp-caption alignleft\"><img decoding=\"async\" class=\"wp-image-6321 size-large\" src=\"https:\/\/outsiderland.com\/danahilliot\/wp-content\/uploads\/2026\/02\/Capture-decran_2026-02-03_22-04-45-1024x763.png\" alt=\"\" width=\"1024\" height=\"763\" srcset=\"https:\/\/outsiderland.com\/danahilliot\/wp-content\/uploads\/2026\/02\/Capture-decran_2026-02-03_22-04-45-1024x763.png 1024w, https:\/\/outsiderland.com\/danahilliot\/wp-content\/uploads\/2026\/02\/Capture-decran_2026-02-03_22-04-45-300x223.png 300w, https:\/\/outsiderland.com\/danahilliot\/wp-content\/uploads\/2026\/02\/Capture-decran_2026-02-03_22-04-45-768x572.png 768w, https:\/\/outsiderland.com\/danahilliot\/wp-content\/uploads\/2026\/02\/Capture-decran_2026-02-03_22-04-45.png 1384w\" sizes=\"(max-width: 1024px) 100vw, 1024px\" \/><figcaption id=\"caption-attachment-6321\" class=\"wp-caption-text\">Julien Duvivier, Panique<\/figcaption><\/figure>\n<p align=\"justify\">(au fait, j\u2019\u00e9coutais France Info ce soir et je me suis demand\u00e9 si la station avait \u00e9t\u00e9 rachet\u00e9e par Bollor\u00e9 ? C\u2019est fou comment cette radio est devenue de droite.)<\/p>\n","protected":false},"excerpt":{"rendered":"<p>Ce qui se passe aux \u00c9tats-Unis sous l\u2019administration de Trump, la mise en place de politiques d\u00e9lib\u00e9r\u00e9es* de s\u00e9gr\u00e9gation raciale, d\u2019apartheid et de purification ethnique des populations am\u00e9ricaines, pr\u00e9figure ce qui va se passer en Europe dans les mois et les ann\u00e9es \u00e0 venir. \u00c0 moins d\u2019habiter sur une \u00eele d\u00e9serte, priv\u00e9 de toute source&hellip;<\/p>\n <a href=\"https:\/\/outsiderland.com\/danahilliot\/les-irresponsables-et-les-somnambules\/\" title=\"Les irresponsables et les somnambules\" class=\"entry-more-link\"><span>Read More<\/span> <span class=\"screen-reader-text\">Les irresponsables et les somnambules<\/span><\/a>","protected":false},"author":1,"featured_media":6321,"comment_status":"closed","ping_status":"open","sticky":true,"template":"","format":"standard","meta":{"Layout":"","footnotes":"","jetpack_publicize_message":"","jetpack_publicize_feature_enabled":true,"jetpack_social_post_already_shared":true,"jetpack_social_options":{"image_generator_settings":{"template":"highway","default_image_id":0,"font":"","enabled":false},"version":2}},"categories":[114,119,107,91,77],"tags":[],"class_list":["entry","author-danah","post-6320","post","type-post","status-publish","format-standard","has-post-thumbnail","category-democratie-2","category-populisme","category-propagande","category-racisme","category-xenophobie"],"yoast_head":"<!-- This site is optimized with the Yoast SEO plugin v27.0 - https:\/\/yoast.com\/product\/yoast-seo-wordpress\/ -->\n<title>Les irresponsables et les somnambules - Outside Dana Hilliot<\/title>\n<meta name=\"robots\" content=\"index, follow, max-snippet:-1, max-image-preview:large, max-video-preview:-1\" \/>\n<link rel=\"canonical\" href=\"https:\/\/outsiderland.com\/danahilliot\/les-irresponsables-et-les-somnambules\/\" \/>\n<meta property=\"og:locale\" content=\"fr_FR\" \/>\n<meta property=\"og:type\" content=\"article\" \/>\n<meta property=\"og:title\" content=\"Les irresponsables et les somnambules - Outside Dana Hilliot\" \/>\n<meta property=\"og:description\" content=\"Ce qui se passe aux \u00c9tats-Unis sous l\u2019administration de Trump, la mise en place de politiques d\u00e9lib\u00e9r\u00e9es* de s\u00e9gr\u00e9gation raciale, d\u2019apartheid et de purification ethnique des populations am\u00e9ricaines, pr\u00e9figure ce qui va se passer en Europe dans les mois et les ann\u00e9es \u00e0 venir. \u00c0 moins d\u2019habiter sur une \u00eele d\u00e9serte, priv\u00e9 de toute source&hellip;\" \/>\n<meta property=\"og:url\" content=\"https:\/\/outsiderland.com\/danahilliot\/les-irresponsables-et-les-somnambules\/\" \/>\n<meta property=\"og:site_name\" content=\"Outside Dana Hilliot\" \/>\n<meta property=\"article:published_time\" content=\"2026-02-03T21:15:14+00:00\" \/>\n<meta property=\"article:modified_time\" content=\"2026-02-21T21:57:34+00:00\" \/>\n<meta property=\"og:image\" content=\"https:\/\/outsiderland.com\/danahilliot\/wp-content\/uploads\/2026\/02\/Capture-decran_2026-02-03_22-04-45.png\" \/>\n\t<meta property=\"og:image:width\" content=\"1384\" \/>\n\t<meta property=\"og:image:height\" content=\"1031\" \/>\n\t<meta property=\"og:image:type\" content=\"image\/png\" \/>\n<meta name=\"author\" content=\"danah\" \/>\n<meta name=\"twitter:card\" content=\"summary_large_image\" \/>\n<meta name=\"twitter:label1\" content=\"\u00c9crit par\" \/>\n\t<meta name=\"twitter:data1\" content=\"danah\" \/>\n\t<meta name=\"twitter:label2\" content=\"Dur\u00e9e de lecture estim\u00e9e\" \/>\n\t<meta name=\"twitter:data2\" content=\"12 minutes\" \/>\n<script type=\"application\/ld+json\" class=\"yoast-schema-graph\">{\"@context\":\"https:\/\/schema.org\",\"@graph\":[{\"@type\":\"Article\",\"@id\":\"https:\/\/outsiderland.com\/danahilliot\/les-irresponsables-et-les-somnambules\/#article\",\"isPartOf\":{\"@id\":\"https:\/\/outsiderland.com\/danahilliot\/les-irresponsables-et-les-somnambules\/\"},\"author\":{\"name\":\"danah\",\"@id\":\"https:\/\/outsiderland.com\/danahilliot\/#\/schema\/person\/2f9b92e9fff19bccc36638b10510d5ae\"},\"headline\":\"Les irresponsables et les somnambules\",\"datePublished\":\"2026-02-03T21:15:14+00:00\",\"dateModified\":\"2026-02-21T21:57:34+00:00\",\"mainEntityOfPage\":{\"@id\":\"https:\/\/outsiderland.com\/danahilliot\/les-irresponsables-et-les-somnambules\/\"},\"wordCount\":2428,\"publisher\":{\"@id\":\"https:\/\/outsiderland.com\/danahilliot\/#\/schema\/person\/201a1fef0f5c2897bd65e98bcf6b1179\"},\"image\":{\"@id\":\"https:\/\/outsiderland.com\/danahilliot\/les-irresponsables-et-les-somnambules\/#primaryimage\"},\"thumbnailUrl\":\"https:\/\/outsiderland.com\/danahilliot\/wp-content\/uploads\/2026\/02\/Capture-decran_2026-02-03_22-04-45.png\",\"articleSection\":[\"Democratie\",\"populisme\",\"Propagande\",\"Racisme\",\"X\u00e9nophobie\"],\"inLanguage\":\"fr-FR\"},{\"@type\":\"WebPage\",\"@id\":\"https:\/\/outsiderland.com\/danahilliot\/les-irresponsables-et-les-somnambules\/\",\"url\":\"https:\/\/outsiderland.com\/danahilliot\/les-irresponsables-et-les-somnambules\/\",\"name\":\"Les irresponsables et les somnambules - Outside Dana Hilliot\",\"isPartOf\":{\"@id\":\"https:\/\/outsiderland.com\/danahilliot\/#website\"},\"primaryImageOfPage\":{\"@id\":\"https:\/\/outsiderland.com\/danahilliot\/les-irresponsables-et-les-somnambules\/#primaryimage\"},\"image\":{\"@id\":\"https:\/\/outsiderland.com\/danahilliot\/les-irresponsables-et-les-somnambules\/#primaryimage\"},\"thumbnailUrl\":\"https:\/\/outsiderland.com\/danahilliot\/wp-content\/uploads\/2026\/02\/Capture-decran_2026-02-03_22-04-45.png\",\"datePublished\":\"2026-02-03T21:15:14+00:00\",\"dateModified\":\"2026-02-21T21:57:34+00:00\",\"breadcrumb\":{\"@id\":\"https:\/\/outsiderland.com\/danahilliot\/les-irresponsables-et-les-somnambules\/#breadcrumb\"},\"inLanguage\":\"fr-FR\",\"potentialAction\":[{\"@type\":\"ReadAction\",\"target\":[\"https:\/\/outsiderland.com\/danahilliot\/les-irresponsables-et-les-somnambules\/\"]}]},{\"@type\":\"ImageObject\",\"inLanguage\":\"fr-FR\",\"@id\":\"https:\/\/outsiderland.com\/danahilliot\/les-irresponsables-et-les-somnambules\/#primaryimage\",\"url\":\"https:\/\/outsiderland.com\/danahilliot\/wp-content\/uploads\/2026\/02\/Capture-decran_2026-02-03_22-04-45.png\",\"contentUrl\":\"https:\/\/outsiderland.com\/danahilliot\/wp-content\/uploads\/2026\/02\/Capture-decran_2026-02-03_22-04-45.png\",\"width\":1384,\"height\":1031},{\"@type\":\"BreadcrumbList\",\"@id\":\"https:\/\/outsiderland.com\/danahilliot\/les-irresponsables-et-les-somnambules\/#breadcrumb\",\"itemListElement\":[{\"@type\":\"ListItem\",\"position\":1,\"name\":\"Accueil\",\"item\":\"https:\/\/outsiderland.com\/danahilliot\/\"},{\"@type\":\"ListItem\",\"position\":2,\"name\":\"Les irresponsables et les somnambules\"}]},{\"@type\":\"WebSite\",\"@id\":\"https:\/\/outsiderland.com\/danahilliot\/#website\",\"url\":\"https:\/\/outsiderland.com\/danahilliot\/\",\"name\":\"Outside Dana Hilliot\",\"description\":\". Archives . Activit\u00e9s . Projets .\",\"publisher\":{\"@id\":\"https:\/\/outsiderland.com\/danahilliot\/#\/schema\/person\/201a1fef0f5c2897bd65e98bcf6b1179\"},\"potentialAction\":[{\"@type\":\"SearchAction\",\"target\":{\"@type\":\"EntryPoint\",\"urlTemplate\":\"https:\/\/outsiderland.com\/danahilliot\/?s={search_term_string}\"},\"query-input\":{\"@type\":\"PropertyValueSpecification\",\"valueRequired\":true,\"valueName\":\"search_term_string\"}}],\"inLanguage\":\"fr-FR\"},{\"@type\":[\"Person\",\"Organization\"],\"@id\":\"https:\/\/outsiderland.com\/danahilliot\/#\/schema\/person\/201a1fef0f5c2897bd65e98bcf6b1179\",\"name\":\"danahilliot\",\"image\":{\"@type\":\"ImageObject\",\"inLanguage\":\"fr-FR\",\"@id\":\"https:\/\/outsiderland.com\/danahilliot\/#\/schema\/person\/image\/\",\"url\":\"https:\/\/outsiderland.com\/danahilliot\/wp-content\/uploads\/2026\/02\/50801449407_a909f2c1ad_k.jpg\",\"contentUrl\":\"https:\/\/outsiderland.com\/danahilliot\/wp-content\/uploads\/2026\/02\/50801449407_a909f2c1ad_k.jpg\",\"width\":2048,\"height\":1536,\"caption\":\"danahilliot\"},\"logo\":{\"@id\":\"https:\/\/outsiderland.com\/danahilliot\/#\/schema\/person\/image\/\"}},{\"@type\":\"Person\",\"@id\":\"https:\/\/outsiderland.com\/danahilliot\/#\/schema\/person\/2f9b92e9fff19bccc36638b10510d5ae\",\"name\":\"danah\",\"image\":{\"@type\":\"ImageObject\",\"inLanguage\":\"fr-FR\",\"@id\":\"https:\/\/outsiderland.com\/danahilliot\/#\/schema\/person\/image\/\",\"url\":\"https:\/\/secure.gravatar.com\/avatar\/ed6349755e1d97f204277de3d09fc6ac31abd856835c8ea3c3a30d0aa84b0ddd?s=96&d=mm&r=g\",\"contentUrl\":\"https:\/\/secure.gravatar.com\/avatar\/ed6349755e1d97f204277de3d09fc6ac31abd856835c8ea3c3a30d0aa84b0ddd?s=96&d=mm&r=g\",\"caption\":\"danah\"},\"url\":\"https:\/\/outsiderland.com\/danahilliot\/author\/danah\/\"}]}<\/script>\n<!-- \/ Yoast SEO plugin. -->","yoast_head_json":{"title":"Les irresponsables et les somnambules - Outside Dana Hilliot","robots":{"index":"index","follow":"follow","max-snippet":"max-snippet:-1","max-image-preview":"max-image-preview:large","max-video-preview":"max-video-preview:-1"},"canonical":"https:\/\/outsiderland.com\/danahilliot\/les-irresponsables-et-les-somnambules\/","og_locale":"fr_FR","og_type":"article","og_title":"Les irresponsables et les somnambules - Outside Dana Hilliot","og_description":"Ce qui se passe aux \u00c9tats-Unis sous l\u2019administration de Trump, la mise en place de politiques d\u00e9lib\u00e9r\u00e9es* de s\u00e9gr\u00e9gation raciale, d\u2019apartheid et de purification ethnique des populations am\u00e9ricaines, pr\u00e9figure ce qui va se passer en Europe dans les mois et les ann\u00e9es \u00e0 venir. \u00c0 moins d\u2019habiter sur une \u00eele d\u00e9serte, priv\u00e9 de toute source&hellip;","og_url":"https:\/\/outsiderland.com\/danahilliot\/les-irresponsables-et-les-somnambules\/","og_site_name":"Outside Dana Hilliot","article_published_time":"2026-02-03T21:15:14+00:00","article_modified_time":"2026-02-21T21:57:34+00:00","og_image":[{"width":1384,"height":1031,"url":"https:\/\/outsiderland.com\/danahilliot\/wp-content\/uploads\/2026\/02\/Capture-decran_2026-02-03_22-04-45.png","type":"image\/png"}],"author":"danah","twitter_card":"summary_large_image","twitter_misc":{"\u00c9crit par":"danah","Dur\u00e9e de lecture estim\u00e9e":"12 minutes"},"schema":{"@context":"https:\/\/schema.org","@graph":[{"@type":"Article","@id":"https:\/\/outsiderland.com\/danahilliot\/les-irresponsables-et-les-somnambules\/#article","isPartOf":{"@id":"https:\/\/outsiderland.com\/danahilliot\/les-irresponsables-et-les-somnambules\/"},"author":{"name":"danah","@id":"https:\/\/outsiderland.com\/danahilliot\/#\/schema\/person\/2f9b92e9fff19bccc36638b10510d5ae"},"headline":"Les irresponsables et les somnambules","datePublished":"2026-02-03T21:15:14+00:00","dateModified":"2026-02-21T21:57:34+00:00","mainEntityOfPage":{"@id":"https:\/\/outsiderland.com\/danahilliot\/les-irresponsables-et-les-somnambules\/"},"wordCount":2428,"publisher":{"@id":"https:\/\/outsiderland.com\/danahilliot\/#\/schema\/person\/201a1fef0f5c2897bd65e98bcf6b1179"},"image":{"@id":"https:\/\/outsiderland.com\/danahilliot\/les-irresponsables-et-les-somnambules\/#primaryimage"},"thumbnailUrl":"https:\/\/outsiderland.com\/danahilliot\/wp-content\/uploads\/2026\/02\/Capture-decran_2026-02-03_22-04-45.png","articleSection":["Democratie","populisme","Propagande","Racisme","X\u00e9nophobie"],"inLanguage":"fr-FR"},{"@type":"WebPage","@id":"https:\/\/outsiderland.com\/danahilliot\/les-irresponsables-et-les-somnambules\/","url":"https:\/\/outsiderland.com\/danahilliot\/les-irresponsables-et-les-somnambules\/","name":"Les irresponsables et les somnambules - Outside Dana Hilliot","isPartOf":{"@id":"https:\/\/outsiderland.com\/danahilliot\/#website"},"primaryImageOfPage":{"@id":"https:\/\/outsiderland.com\/danahilliot\/les-irresponsables-et-les-somnambules\/#primaryimage"},"image":{"@id":"https:\/\/outsiderland.com\/danahilliot\/les-irresponsables-et-les-somnambules\/#primaryimage"},"thumbnailUrl":"https:\/\/outsiderland.com\/danahilliot\/wp-content\/uploads\/2026\/02\/Capture-decran_2026-02-03_22-04-45.png","datePublished":"2026-02-03T21:15:14+00:00","dateModified":"2026-02-21T21:57:34+00:00","breadcrumb":{"@id":"https:\/\/outsiderland.com\/danahilliot\/les-irresponsables-et-les-somnambules\/#breadcrumb"},"inLanguage":"fr-FR","potentialAction":[{"@type":"ReadAction","target":["https:\/\/outsiderland.com\/danahilliot\/les-irresponsables-et-les-somnambules\/"]}]},{"@type":"ImageObject","inLanguage":"fr-FR","@id":"https:\/\/outsiderland.com\/danahilliot\/les-irresponsables-et-les-somnambules\/#primaryimage","url":"https:\/\/outsiderland.com\/danahilliot\/wp-content\/uploads\/2026\/02\/Capture-decran_2026-02-03_22-04-45.png","contentUrl":"https:\/\/outsiderland.com\/danahilliot\/wp-content\/uploads\/2026\/02\/Capture-decran_2026-02-03_22-04-45.png","width":1384,"height":1031},{"@type":"BreadcrumbList","@id":"https:\/\/outsiderland.com\/danahilliot\/les-irresponsables-et-les-somnambules\/#breadcrumb","itemListElement":[{"@type":"ListItem","position":1,"name":"Accueil","item":"https:\/\/outsiderland.com\/danahilliot\/"},{"@type":"ListItem","position":2,"name":"Les irresponsables et les somnambules"}]},{"@type":"WebSite","@id":"https:\/\/outsiderland.com\/danahilliot\/#website","url":"https:\/\/outsiderland.com\/danahilliot\/","name":"Outside Dana Hilliot","description":". Archives . Activit\u00e9s . Projets .","publisher":{"@id":"https:\/\/outsiderland.com\/danahilliot\/#\/schema\/person\/201a1fef0f5c2897bd65e98bcf6b1179"},"potentialAction":[{"@type":"SearchAction","target":{"@type":"EntryPoint","urlTemplate":"https:\/\/outsiderland.com\/danahilliot\/?s={search_term_string}"},"query-input":{"@type":"PropertyValueSpecification","valueRequired":true,"valueName":"search_term_string"}}],"inLanguage":"fr-FR"},{"@type":["Person","Organization"],"@id":"https:\/\/outsiderland.com\/danahilliot\/#\/schema\/person\/201a1fef0f5c2897bd65e98bcf6b1179","name":"danahilliot","image":{"@type":"ImageObject","inLanguage":"fr-FR","@id":"https:\/\/outsiderland.com\/danahilliot\/#\/schema\/person\/image\/","url":"https:\/\/outsiderland.com\/danahilliot\/wp-content\/uploads\/2026\/02\/50801449407_a909f2c1ad_k.jpg","contentUrl":"https:\/\/outsiderland.com\/danahilliot\/wp-content\/uploads\/2026\/02\/50801449407_a909f2c1ad_k.jpg","width":2048,"height":1536,"caption":"danahilliot"},"logo":{"@id":"https:\/\/outsiderland.com\/danahilliot\/#\/schema\/person\/image\/"}},{"@type":"Person","@id":"https:\/\/outsiderland.com\/danahilliot\/#\/schema\/person\/2f9b92e9fff19bccc36638b10510d5ae","name":"danah","image":{"@type":"ImageObject","inLanguage":"fr-FR","@id":"https:\/\/outsiderland.com\/danahilliot\/#\/schema\/person\/image\/","url":"https:\/\/secure.gravatar.com\/avatar\/ed6349755e1d97f204277de3d09fc6ac31abd856835c8ea3c3a30d0aa84b0ddd?s=96&d=mm&r=g","contentUrl":"https:\/\/secure.gravatar.com\/avatar\/ed6349755e1d97f204277de3d09fc6ac31abd856835c8ea3c3a30d0aa84b0ddd?s=96&d=mm&r=g","caption":"danah"},"url":"https:\/\/outsiderland.com\/danahilliot\/author\/danah\/"}]}},"jetpack_publicize_connections":[],"_links":{"self":[{"href":"https:\/\/outsiderland.com\/danahilliot\/wp-json\/wp\/v2\/posts\/6320","targetHints":{"allow":["GET"]}}],"collection":[{"href":"https:\/\/outsiderland.com\/danahilliot\/wp-json\/wp\/v2\/posts"}],"about":[{"href":"https:\/\/outsiderland.com\/danahilliot\/wp-json\/wp\/v2\/types\/post"}],"author":[{"embeddable":true,"href":"https:\/\/outsiderland.com\/danahilliot\/wp-json\/wp\/v2\/users\/1"}],"replies":[{"embeddable":true,"href":"https:\/\/outsiderland.com\/danahilliot\/wp-json\/wp\/v2\/comments?post=6320"}],"version-history":[{"count":14,"href":"https:\/\/outsiderland.com\/danahilliot\/wp-json\/wp\/v2\/posts\/6320\/revisions"}],"predecessor-version":[{"id":6421,"href":"https:\/\/outsiderland.com\/danahilliot\/wp-json\/wp\/v2\/posts\/6320\/revisions\/6421"}],"wp:featuredmedia":[{"embeddable":true,"href":"https:\/\/outsiderland.com\/danahilliot\/wp-json\/wp\/v2\/media\/6321"}],"wp:attachment":[{"href":"https:\/\/outsiderland.com\/danahilliot\/wp-json\/wp\/v2\/media?parent=6320"}],"wp:term":[{"taxonomy":"category","embeddable":true,"href":"https:\/\/outsiderland.com\/danahilliot\/wp-json\/wp\/v2\/categories?post=6320"},{"taxonomy":"post_tag","embeddable":true,"href":"https:\/\/outsiderland.com\/danahilliot\/wp-json\/wp\/v2\/tags?post=6320"}],"curies":[{"name":"wp","href":"https:\/\/api.w.org\/{rel}","templated":true}]}}