{"id":6275,"date":"2026-01-01T10:25:28","date_gmt":"2026-01-01T10:25:28","guid":{"rendered":"https:\/\/outsiderland.com\/danahilliot\/?p=6275"},"modified":"2026-01-01T10:32:33","modified_gmt":"2026-01-01T10:32:33","slug":"conversations-de-rue-la-vie-quotidienne-juste-avant-le-fascisme","status":"publish","type":"post","link":"https:\/\/outsiderland.com\/danahilliot\/conversations-de-rue-la-vie-quotidienne-juste-avant-le-fascisme\/","title":{"rendered":"Conversations de rue (la vie quotidienne juste avant le fascisme)"},"content":{"rendered":"<p align=\"justify\">Apr\u00e8s qu\u2019une dame \u00e2g\u00e9e nous ait gratifi\u00e9 d\u2019une d\u00e9licieuse sc\u00e9nette au cours de laquelle elle envoyait au diable sa belle-m\u00e8re (encore plus \u00e2g\u00e9e qu\u2019elle) dont elle doit s\u2019occuper pour les f\u00eates, la boulang\u00e8re, tout \u00e0 l\u2019heure, en apart\u00e9, pendant que je passe commande d\u2019un caf\u00e9 et d\u2019un pain au chocolat\u00a0:<\/p>\n<p align=\"justify\">: \u00ab\u00a0Ah\u2026 Dire tout haut ce que l\u2019on pense tout bas\u00a0\u00bb.<\/p>\n<p align=\"justify\">On devine que la boulang\u00e8re aimerait bien pouvoir en faire autant \u2013 car elle en pense des choses, \u00ab\u00a0tout bas\u00a0\u00bb. Je lui r\u00e9ponds qu\u2019avec l\u2019\u00e2ge, oui, on ne s\u2019embarrasse plus de tant de scrupules. Je l\u2019observe aussi chez moi du reste (je vieillis, voyez-vous\u00a0!). La langue publique se d\u00e9lie dans la mesure o\u00f9 l\u2019on se fiche un peu de l\u2019effet qu\u2019on produit. Une d\u00e9tente narcissique probablement. \u00ab\u00a0Je vous le dis comme je le pense et si \u00e7a ne vous pla\u00eet pas, c\u2019est pareil.\u00a0\u00bb Comme si l\u2019\u00e9cart entre les pens\u00e9es et la parole diminuait, la censure se rel\u00e2chait\u00a0: on ne se sent plus tenu de m\u00e9nager son public. Il faut, pour se donner ainsi en spectacle sur la petite sc\u00e8ne de la vie quotidienne, une dose suffisante de confiance en soi, une disposition \u00e0 ne pas \u00eatre affect\u00e9 plus que de raison par l\u2019autre, les froncements de sourcils, les rictus de d\u00e9sapprobation, les ricanements, les marques d\u2019embarras \u2013 quand on vous fait savoir qu\u2019on a <i>un peu honte pour vous<\/i>\u00a0!<\/p>\n<p align=\"justify\">Certes, parler, c\u2019est toujours dire quelque chose de soi. Une toute petite partie de soi dans la conversation de rue. Ce qu\u2019on l\u00e2che alors, quand on dit ce qu\u2019on pense, parce que, saisi dans l\u2019instant d\u2019un bref \u00e9change, rel\u00e8ve plut\u00f4t de la caricature\u00a0: vous devenez un personnage, haut en couleur, comme cette dame qui r\u00e2lait sur les devoirs familiaux du nouvel an. En rousp\u00e9tant de la sorte, avec humour et verve, ne brisait-elle pas le consensus qui conduisait ce matin-l\u00e0 tous les clients \u00e0 faire la queue \u00e0 la boulangerie pour se ravitailler en vue du r\u00e9veillon. Ne se posait-elle pas en rabat-joie (<i>killjoy<\/i>) en instillant un r\u00e9cit contraire dans le cluster de promesses de bonheur attach\u00e9 au nouvel an\u00a0?<\/p>\n<p align=\"justify\">Je comprends qu\u2019on ait besoin de se prot\u00e9ger, de s\u00e9curiser une part de soi, m\u00eame une toute petite partie, une part de myst\u00e8re, n\u00e9gocier ses interventions, les distribuer chichement, pr\u00e9f\u00e9rer garder le silence, se cacher, dissuader la relation, \u00e9viter la parole. De peur d\u2019\u00eatre mal compris,\u00a0jug\u00e9 \u00ab\u00a0de travers\u00a0\u00bb. Ce faisant, en ne disant rien, dans cette disposition de non-attention aux sc\u00e9nettes de la vie quotidienne, qui laisse entendre que vous avez d\u2019autres pr\u00e9occupations en t\u00eate, si importantes et si s\u00e9rieuses qu\u2019elles ne tol\u00e9reraient pas d\u2019\u00eatre perturb\u00e9es par \u00ab\u00a0ce qui arrive l\u00e0 maintenant\u00a0\u00bb, qui laisse indiff\u00e9rent \u2013 comme s\u2019il ne se passait rien \u2013, vous demeurez \u00e0 l\u2019\u00e9cart du monde, dans un retrait qui peut t\u00e9moigner d\u2019un sentiment d\u2019ennui, de condescendance, ou de d\u00e9saffection.<\/p>\n<p align=\"justify\">Tr\u00e8s peu pour moi. J\u2019ai toujours \u00e9t\u00e9 incapable de r\u00e9sister aux sc\u00e9nettes impromptues du social. Mieux encore, je les suscite, je les joue parfois, et j\u2019aime faire vivre les conversations inattendues. Ce plaisir m\u2019est venu je crois dans les caf\u00e9s de ma jeunesse, quand j\u2019allais au lyc\u00e9e du centre-ville, passant plus de temps dans les arri\u00e8res salles des caf\u00e9s que dans les salles de cours. Ce go\u00fbt des autres. Ce go\u00fbt de la parole vive. Je prenais note de tout cela sur d\u2019innombrables carnets, constituant des archives. Pas \u00e9tonnant que je sois devenu \u00e9crivain et psychanalyste.<\/p>\n<p align=\"justify\">Dans ces conversations, il n\u2019est pas tant question du \u00ab\u00a0soi\u00a0\u00bb ou du \u00ab\u00a0moi\u00a0\u00bb. Livrer quelque chose dans une conversation, quelques mots, un sourire, une remarque acerbe, une main compatissante sur l\u2019\u00e9paule, n\u2019est pas abandonner quelque chose. C\u2019est faire vivre le social. Donner du grain \u00e0 moudre. Susciter un mouvement. Le social cr\u00e8ve de ces retranchements. Ces forteresses narcissiques ou identitaires derri\u00e8re lesquelles on s\u2019abrite. La crainte de n\u2019\u00eatre pas compris. Le malentendu. Quelle importance\u00a0! \u00ab\u00a0Le signifiant repr\u00e9sente un sujet pour un autre signifiant\u00a0\u00bb. La formule de Lacan, aussi p\u00e9remptoire et d\u00e9ceptive qu\u2019elle para\u00eet, devrait au contraire nous lib\u00e9rer\u00a0des esp\u00e9rances d\u2019\u00eatre saisi dans la v\u00e9rit\u00e9 (et le moi n\u2019est apr\u00e8s tout que la somme des repr\u00e9sentations qu\u2019on se fait de soi \u00e0 un instant donn\u00e9 \u2013 il est une production de l\u2019imaginaire \u2013 commode, il faut l\u2019admettre, mais qui ne dit pas tout \u2013 Dieu merci\u00a0! Il en reste, et ce reste est ce qui importe n\u2019est-ce pas\u00a0? Ce qui reste \u00e0 vivre, \u00e0 penser, \u00e0 explorer, ce qu\u2019on d\u00e9couvre de soi qu\u2019on avait ignor\u00e9. Et, il faut de l\u2019autre pour se d\u00e9couvrir et s\u2019explorer).<\/p>\n<p align=\"justify\">Et voil\u00e0 tout. C\u2019est parce qu\u2019on attend trop de la relation que le narcissique, enferr\u00e9 dans ses retranchements, \u00e9choue. M\u00eame dans la conversation quotidienne.<\/p>\n<p align=\"justify\">Bient\u00f4t, il sera peut-\u00eatre trop tard, et vous devrez apprendre \u00e0 n\u00e9gocier, distribuer, avec prudence, vos contributions aux conversations de rue et vos engagements dans le monde. Dans une soci\u00e9t\u00e9 fasciste o\u00f9 tout le monde surveille tout le monde, on commence par se surveiller soi-m\u00eame. Les angoisses narcissiques passent au second plan, la m\u00e9fiance est de mise, et pour de bonnes raisons. Toute relation devient intens\u00e9ment politique. Surtout dans la mesure o\u00f9 vous \u00eates orient\u00e9 \u00ab\u00a0de travers\u00a0\u00bb. Si vous refusez d\u2019abonder dans les promesses de bonheur du futur fasciste, si vous rechignez \u00e0 manifester votre adh\u00e9sion \u00e0 la haine obligatoire. Et bien entendu, si vous \u00eates per\u00e7u comme queer, que vous assumez de refuser les voies align\u00e9es, le revendiquez, que vous \u00eates consid\u00e9r\u00e9 comme une menace ou tout bonnement pers\u00e9cut\u00e9. Parce que le caract\u00e8re queer vous a \u00e9t\u00e9 assign\u00e9. Il est peut-\u00eatre d\u00e9j\u00e0 grand temps de d\u00e9passer les douleurs des blessures narcissiques (que je prends n\u00e9anmoins tr\u00e8s au s\u00e9rieux, croyez-moi), dans la mesure o\u00f9, dans quelques ann\u00e9es, et d\u00e9j\u00e0 maintenant, l\u2019\u00e9tau se resserre sur la parole vive et les conversations de rue n\u2019auront plus ce caract\u00e8re fructueux, vivant qu\u2019elles ont aujourd\u2019hui. Elles seront hant\u00e9es par des nuages d\u2019angoisse \u2013 il faudra dire non pas ce qu\u2019on pense, mais ce qu\u2019on est cens\u00e9 penser, manifester son adh\u00e9sion aux valeurs de la famille, du travail et de la nation. Et donc, apprendre \u00e0 se taire. Mais cette fois, pour de bonnes raisons.<\/p>\n","protected":false},"excerpt":{"rendered":"<p>Apr\u00e8s qu\u2019une dame \u00e2g\u00e9e nous ait gratifi\u00e9 d\u2019une d\u00e9licieuse sc\u00e9nette au cours de laquelle elle envoyait au diable sa belle-m\u00e8re (encore plus \u00e2g\u00e9e qu\u2019elle) dont elle doit s\u2019occuper pour les f\u00eates, la boulang\u00e8re, tout \u00e0 l\u2019heure, en apart\u00e9, pendant que je passe commande d\u2019un caf\u00e9 et d\u2019un pain au chocolat\u00a0: : \u00ab\u00a0Ah\u2026 Dire tout haut&hellip;<\/p>\n <a href=\"https:\/\/outsiderland.com\/danahilliot\/conversations-de-rue-la-vie-quotidienne-juste-avant-le-fascisme\/\" title=\"Conversations de rue (la vie quotidienne juste avant le fascisme)\" class=\"entry-more-link\"><span>Read More<\/span> <span class=\"screen-reader-text\">Conversations de rue (la vie quotidienne juste avant le fascisme)<\/span><\/a>","protected":false},"author":1,"featured_media":0,"comment_status":"closed","ping_status":"open","sticky":false,"template":"","format":"standard","meta":{"Layout":"","footnotes":"","jetpack_publicize_message":"","jetpack_publicize_feature_enabled":true,"jetpack_social_post_already_shared":true,"jetpack_social_options":{"image_generator_settings":{"template":"highway","default_image_id":0,"font":"","enabled":false},"version":2}},"categories":[61],"tags":[],"class_list":["entry","author-danah","post-6275","post","type-post","status-publish","format-standard","category-chronique"],"yoast_head":"<!-- This site is optimized with the Yoast SEO plugin v27.0 - https:\/\/yoast.com\/product\/yoast-seo-wordpress\/ -->\n<title>Conversations de rue (la vie quotidienne juste avant le fascisme) - Outside Dana Hilliot<\/title>\n<meta name=\"robots\" content=\"index, follow, max-snippet:-1, max-image-preview:large, max-video-preview:-1\" \/>\n<link rel=\"canonical\" href=\"https:\/\/outsiderland.com\/danahilliot\/conversations-de-rue-la-vie-quotidienne-juste-avant-le-fascisme\/\" \/>\n<meta property=\"og:locale\" content=\"fr_FR\" \/>\n<meta property=\"og:type\" content=\"article\" \/>\n<meta property=\"og:title\" content=\"Conversations de rue (la vie quotidienne juste avant le fascisme) - Outside Dana Hilliot\" \/>\n<meta property=\"og:description\" content=\"Apr\u00e8s qu\u2019une dame \u00e2g\u00e9e nous ait gratifi\u00e9 d\u2019une d\u00e9licieuse sc\u00e9nette au cours de laquelle elle envoyait au diable sa belle-m\u00e8re (encore plus \u00e2g\u00e9e qu\u2019elle) dont elle doit s\u2019occuper pour les f\u00eates, la boulang\u00e8re, tout \u00e0 l\u2019heure, en apart\u00e9, pendant que je passe commande d\u2019un caf\u00e9 et d\u2019un pain au chocolat\u00a0: : \u00ab\u00a0Ah\u2026 Dire tout haut&hellip;\" \/>\n<meta property=\"og:url\" content=\"https:\/\/outsiderland.com\/danahilliot\/conversations-de-rue-la-vie-quotidienne-juste-avant-le-fascisme\/\" \/>\n<meta property=\"og:site_name\" content=\"Outside Dana Hilliot\" \/>\n<meta property=\"article:published_time\" content=\"2026-01-01T10:25:28+00:00\" \/>\n<meta property=\"article:modified_time\" content=\"2026-01-01T10:32:33+00:00\" \/>\n<meta name=\"author\" content=\"danah\" \/>\n<meta name=\"twitter:card\" content=\"summary_large_image\" \/>\n<meta name=\"twitter:label1\" content=\"\u00c9crit par\" \/>\n\t<meta name=\"twitter:data1\" content=\"danah\" \/>\n\t<meta name=\"twitter:label2\" content=\"Dur\u00e9e de lecture estim\u00e9e\" \/>\n\t<meta name=\"twitter:data2\" content=\"6 minutes\" \/>\n<script type=\"application\/ld+json\" class=\"yoast-schema-graph\">{\"@context\":\"https:\/\/schema.org\",\"@graph\":[{\"@type\":\"Article\",\"@id\":\"https:\/\/outsiderland.com\/danahilliot\/conversations-de-rue-la-vie-quotidienne-juste-avant-le-fascisme\/#article\",\"isPartOf\":{\"@id\":\"https:\/\/outsiderland.com\/danahilliot\/conversations-de-rue-la-vie-quotidienne-juste-avant-le-fascisme\/\"},\"author\":{\"name\":\"danah\",\"@id\":\"https:\/\/outsiderland.com\/danahilliot\/#\/schema\/person\/2f9b92e9fff19bccc36638b10510d5ae\"},\"headline\":\"Conversations de rue (la vie quotidienne juste avant le fascisme)\",\"datePublished\":\"2026-01-01T10:25:28+00:00\",\"dateModified\":\"2026-01-01T10:32:33+00:00\",\"mainEntityOfPage\":{\"@id\":\"https:\/\/outsiderland.com\/danahilliot\/conversations-de-rue-la-vie-quotidienne-juste-avant-le-fascisme\/\"},\"wordCount\":1160,\"publisher\":{\"@id\":\"https:\/\/outsiderland.com\/danahilliot\/#\/schema\/person\/201a1fef0f5c2897bd65e98bcf6b1179\"},\"articleSection\":[\"Chronique\"],\"inLanguage\":\"fr-FR\"},{\"@type\":\"WebPage\",\"@id\":\"https:\/\/outsiderland.com\/danahilliot\/conversations-de-rue-la-vie-quotidienne-juste-avant-le-fascisme\/\",\"url\":\"https:\/\/outsiderland.com\/danahilliot\/conversations-de-rue-la-vie-quotidienne-juste-avant-le-fascisme\/\",\"name\":\"Conversations de rue (la vie quotidienne juste avant le fascisme) - Outside Dana Hilliot\",\"isPartOf\":{\"@id\":\"https:\/\/outsiderland.com\/danahilliot\/#website\"},\"datePublished\":\"2026-01-01T10:25:28+00:00\",\"dateModified\":\"2026-01-01T10:32:33+00:00\",\"breadcrumb\":{\"@id\":\"https:\/\/outsiderland.com\/danahilliot\/conversations-de-rue-la-vie-quotidienne-juste-avant-le-fascisme\/#breadcrumb\"},\"inLanguage\":\"fr-FR\",\"potentialAction\":[{\"@type\":\"ReadAction\",\"target\":[\"https:\/\/outsiderland.com\/danahilliot\/conversations-de-rue-la-vie-quotidienne-juste-avant-le-fascisme\/\"]}]},{\"@type\":\"BreadcrumbList\",\"@id\":\"https:\/\/outsiderland.com\/danahilliot\/conversations-de-rue-la-vie-quotidienne-juste-avant-le-fascisme\/#breadcrumb\",\"itemListElement\":[{\"@type\":\"ListItem\",\"position\":1,\"name\":\"Accueil\",\"item\":\"https:\/\/outsiderland.com\/danahilliot\/\"},{\"@type\":\"ListItem\",\"position\":2,\"name\":\"Conversations de rue (la vie quotidienne juste avant le fascisme)\"}]},{\"@type\":\"WebSite\",\"@id\":\"https:\/\/outsiderland.com\/danahilliot\/#website\",\"url\":\"https:\/\/outsiderland.com\/danahilliot\/\",\"name\":\"Outside Dana Hilliot\",\"description\":\". Archives . Activit\u00e9s . Projets .\",\"publisher\":{\"@id\":\"https:\/\/outsiderland.com\/danahilliot\/#\/schema\/person\/201a1fef0f5c2897bd65e98bcf6b1179\"},\"potentialAction\":[{\"@type\":\"SearchAction\",\"target\":{\"@type\":\"EntryPoint\",\"urlTemplate\":\"https:\/\/outsiderland.com\/danahilliot\/?s={search_term_string}\"},\"query-input\":{\"@type\":\"PropertyValueSpecification\",\"valueRequired\":true,\"valueName\":\"search_term_string\"}}],\"inLanguage\":\"fr-FR\"},{\"@type\":[\"Person\",\"Organization\"],\"@id\":\"https:\/\/outsiderland.com\/danahilliot\/#\/schema\/person\/201a1fef0f5c2897bd65e98bcf6b1179\",\"name\":\"danahilliot\",\"image\":{\"@type\":\"ImageObject\",\"inLanguage\":\"fr-FR\",\"@id\":\"https:\/\/outsiderland.com\/danahilliot\/#\/schema\/person\/image\/\",\"url\":\"https:\/\/outsiderland.com\/danahilliot\/wp-content\/uploads\/2026\/02\/50801449407_a909f2c1ad_k.jpg\",\"contentUrl\":\"https:\/\/outsiderland.com\/danahilliot\/wp-content\/uploads\/2026\/02\/50801449407_a909f2c1ad_k.jpg\",\"width\":2048,\"height\":1536,\"caption\":\"danahilliot\"},\"logo\":{\"@id\":\"https:\/\/outsiderland.com\/danahilliot\/#\/schema\/person\/image\/\"}},{\"@type\":\"Person\",\"@id\":\"https:\/\/outsiderland.com\/danahilliot\/#\/schema\/person\/2f9b92e9fff19bccc36638b10510d5ae\",\"name\":\"danah\",\"image\":{\"@type\":\"ImageObject\",\"inLanguage\":\"fr-FR\",\"@id\":\"https:\/\/outsiderland.com\/danahilliot\/#\/schema\/person\/image\/\",\"url\":\"https:\/\/secure.gravatar.com\/avatar\/ed6349755e1d97f204277de3d09fc6ac31abd856835c8ea3c3a30d0aa84b0ddd?s=96&d=mm&r=g\",\"contentUrl\":\"https:\/\/secure.gravatar.com\/avatar\/ed6349755e1d97f204277de3d09fc6ac31abd856835c8ea3c3a30d0aa84b0ddd?s=96&d=mm&r=g\",\"caption\":\"danah\"},\"url\":\"https:\/\/outsiderland.com\/danahilliot\/author\/danah\/\"}]}<\/script>\n<!-- \/ Yoast SEO plugin. -->","yoast_head_json":{"title":"Conversations de rue (la vie quotidienne juste avant le fascisme) - Outside Dana Hilliot","robots":{"index":"index","follow":"follow","max-snippet":"max-snippet:-1","max-image-preview":"max-image-preview:large","max-video-preview":"max-video-preview:-1"},"canonical":"https:\/\/outsiderland.com\/danahilliot\/conversations-de-rue-la-vie-quotidienne-juste-avant-le-fascisme\/","og_locale":"fr_FR","og_type":"article","og_title":"Conversations de rue (la vie quotidienne juste avant le fascisme) - Outside Dana Hilliot","og_description":"Apr\u00e8s qu\u2019une dame \u00e2g\u00e9e nous ait gratifi\u00e9 d\u2019une d\u00e9licieuse sc\u00e9nette au cours de laquelle elle envoyait au diable sa belle-m\u00e8re (encore plus \u00e2g\u00e9e qu\u2019elle) dont elle doit s\u2019occuper pour les f\u00eates, la boulang\u00e8re, tout \u00e0 l\u2019heure, en apart\u00e9, pendant que je passe commande d\u2019un caf\u00e9 et d\u2019un pain au chocolat\u00a0: : \u00ab\u00a0Ah\u2026 Dire tout haut&hellip;","og_url":"https:\/\/outsiderland.com\/danahilliot\/conversations-de-rue-la-vie-quotidienne-juste-avant-le-fascisme\/","og_site_name":"Outside Dana Hilliot","article_published_time":"2026-01-01T10:25:28+00:00","article_modified_time":"2026-01-01T10:32:33+00:00","author":"danah","twitter_card":"summary_large_image","twitter_misc":{"\u00c9crit par":"danah","Dur\u00e9e de lecture estim\u00e9e":"6 minutes"},"schema":{"@context":"https:\/\/schema.org","@graph":[{"@type":"Article","@id":"https:\/\/outsiderland.com\/danahilliot\/conversations-de-rue-la-vie-quotidienne-juste-avant-le-fascisme\/#article","isPartOf":{"@id":"https:\/\/outsiderland.com\/danahilliot\/conversations-de-rue-la-vie-quotidienne-juste-avant-le-fascisme\/"},"author":{"name":"danah","@id":"https:\/\/outsiderland.com\/danahilliot\/#\/schema\/person\/2f9b92e9fff19bccc36638b10510d5ae"},"headline":"Conversations de rue (la vie quotidienne juste avant le fascisme)","datePublished":"2026-01-01T10:25:28+00:00","dateModified":"2026-01-01T10:32:33+00:00","mainEntityOfPage":{"@id":"https:\/\/outsiderland.com\/danahilliot\/conversations-de-rue-la-vie-quotidienne-juste-avant-le-fascisme\/"},"wordCount":1160,"publisher":{"@id":"https:\/\/outsiderland.com\/danahilliot\/#\/schema\/person\/201a1fef0f5c2897bd65e98bcf6b1179"},"articleSection":["Chronique"],"inLanguage":"fr-FR"},{"@type":"WebPage","@id":"https:\/\/outsiderland.com\/danahilliot\/conversations-de-rue-la-vie-quotidienne-juste-avant-le-fascisme\/","url":"https:\/\/outsiderland.com\/danahilliot\/conversations-de-rue-la-vie-quotidienne-juste-avant-le-fascisme\/","name":"Conversations de rue (la vie quotidienne juste avant le fascisme) - Outside Dana Hilliot","isPartOf":{"@id":"https:\/\/outsiderland.com\/danahilliot\/#website"},"datePublished":"2026-01-01T10:25:28+00:00","dateModified":"2026-01-01T10:32:33+00:00","breadcrumb":{"@id":"https:\/\/outsiderland.com\/danahilliot\/conversations-de-rue-la-vie-quotidienne-juste-avant-le-fascisme\/#breadcrumb"},"inLanguage":"fr-FR","potentialAction":[{"@type":"ReadAction","target":["https:\/\/outsiderland.com\/danahilliot\/conversations-de-rue-la-vie-quotidienne-juste-avant-le-fascisme\/"]}]},{"@type":"BreadcrumbList","@id":"https:\/\/outsiderland.com\/danahilliot\/conversations-de-rue-la-vie-quotidienne-juste-avant-le-fascisme\/#breadcrumb","itemListElement":[{"@type":"ListItem","position":1,"name":"Accueil","item":"https:\/\/outsiderland.com\/danahilliot\/"},{"@type":"ListItem","position":2,"name":"Conversations de rue (la vie quotidienne juste avant le fascisme)"}]},{"@type":"WebSite","@id":"https:\/\/outsiderland.com\/danahilliot\/#website","url":"https:\/\/outsiderland.com\/danahilliot\/","name":"Outside Dana Hilliot","description":". Archives . Activit\u00e9s . Projets .","publisher":{"@id":"https:\/\/outsiderland.com\/danahilliot\/#\/schema\/person\/201a1fef0f5c2897bd65e98bcf6b1179"},"potentialAction":[{"@type":"SearchAction","target":{"@type":"EntryPoint","urlTemplate":"https:\/\/outsiderland.com\/danahilliot\/?s={search_term_string}"},"query-input":{"@type":"PropertyValueSpecification","valueRequired":true,"valueName":"search_term_string"}}],"inLanguage":"fr-FR"},{"@type":["Person","Organization"],"@id":"https:\/\/outsiderland.com\/danahilliot\/#\/schema\/person\/201a1fef0f5c2897bd65e98bcf6b1179","name":"danahilliot","image":{"@type":"ImageObject","inLanguage":"fr-FR","@id":"https:\/\/outsiderland.com\/danahilliot\/#\/schema\/person\/image\/","url":"https:\/\/outsiderland.com\/danahilliot\/wp-content\/uploads\/2026\/02\/50801449407_a909f2c1ad_k.jpg","contentUrl":"https:\/\/outsiderland.com\/danahilliot\/wp-content\/uploads\/2026\/02\/50801449407_a909f2c1ad_k.jpg","width":2048,"height":1536,"caption":"danahilliot"},"logo":{"@id":"https:\/\/outsiderland.com\/danahilliot\/#\/schema\/person\/image\/"}},{"@type":"Person","@id":"https:\/\/outsiderland.com\/danahilliot\/#\/schema\/person\/2f9b92e9fff19bccc36638b10510d5ae","name":"danah","image":{"@type":"ImageObject","inLanguage":"fr-FR","@id":"https:\/\/outsiderland.com\/danahilliot\/#\/schema\/person\/image\/","url":"https:\/\/secure.gravatar.com\/avatar\/ed6349755e1d97f204277de3d09fc6ac31abd856835c8ea3c3a30d0aa84b0ddd?s=96&d=mm&r=g","contentUrl":"https:\/\/secure.gravatar.com\/avatar\/ed6349755e1d97f204277de3d09fc6ac31abd856835c8ea3c3a30d0aa84b0ddd?s=96&d=mm&r=g","caption":"danah"},"url":"https:\/\/outsiderland.com\/danahilliot\/author\/danah\/"}]}},"jetpack_publicize_connections":[],"_links":{"self":[{"href":"https:\/\/outsiderland.com\/danahilliot\/wp-json\/wp\/v2\/posts\/6275","targetHints":{"allow":["GET"]}}],"collection":[{"href":"https:\/\/outsiderland.com\/danahilliot\/wp-json\/wp\/v2\/posts"}],"about":[{"href":"https:\/\/outsiderland.com\/danahilliot\/wp-json\/wp\/v2\/types\/post"}],"author":[{"embeddable":true,"href":"https:\/\/outsiderland.com\/danahilliot\/wp-json\/wp\/v2\/users\/1"}],"replies":[{"embeddable":true,"href":"https:\/\/outsiderland.com\/danahilliot\/wp-json\/wp\/v2\/comments?post=6275"}],"version-history":[{"count":2,"href":"https:\/\/outsiderland.com\/danahilliot\/wp-json\/wp\/v2\/posts\/6275\/revisions"}],"predecessor-version":[{"id":6279,"href":"https:\/\/outsiderland.com\/danahilliot\/wp-json\/wp\/v2\/posts\/6275\/revisions\/6279"}],"wp:attachment":[{"href":"https:\/\/outsiderland.com\/danahilliot\/wp-json\/wp\/v2\/media?parent=6275"}],"wp:term":[{"taxonomy":"category","embeddable":true,"href":"https:\/\/outsiderland.com\/danahilliot\/wp-json\/wp\/v2\/categories?post=6275"},{"taxonomy":"post_tag","embeddable":true,"href":"https:\/\/outsiderland.com\/danahilliot\/wp-json\/wp\/v2\/tags?post=6275"}],"curies":[{"name":"wp","href":"https:\/\/api.w.org\/{rel}","templated":true}]}}