{"id":6104,"date":"2025-09-27T17:29:28","date_gmt":"2025-09-27T17:29:28","guid":{"rendered":"https:\/\/outsiderland.com\/danahilliot\/?p=6104"},"modified":"2025-11-09T12:01:37","modified_gmt":"2025-11-09T12:01:37","slug":"lessentialisation-du-peuple-et-la-montee-des-aspirations-au-fascisme","status":"publish","type":"post","link":"https:\/\/outsiderland.com\/danahilliot\/lessentialisation-du-peuple-et-la-montee-des-aspirations-au-fascisme\/","title":{"rendered":"L&rsquo;essentialisation du peuple et la mont\u00e9e des aspirations au fascisme"},"content":{"rendered":"<p>S\u2019efforcer de comprendre comment des foules enti\u00e8res en viennent \u00e0 adh\u00e9rer au fascisme, y aspirer, en d\u00e9sirer l\u2019av\u00e8nement, \u00e0 embrasser des positions racistes et supr\u00e9matistes. Retracer l\u2019histoire de ces adh\u00e9sions, identifier les causes, leur multiplicit\u00e9, leur enchev\u00eatrement, leur complexit\u00e9. Montrer comment l\u2019alliance des n\u00e9olib\u00e9raux et des (n\u00e9o-)conservateurs \u00e0 droite, la trahison des \u00e9lites \u00e0 gauche, les tendances populistes auxquelles les partis de tout bord c\u00e8dent plus souvent qu\u2019\u00e0 leur tour, constituent autant de terreaux fertiles pour l\u2019\u00e9mergence de ce d\u00e9sir fasciste. Insister sur la d\u00e9gradation de l\u2019exp\u00e9rience sociale sous le ciel implacable du capitalisme absolu, les subjectivit\u00e9s qu\u2019il fabrique, les rivalit\u00e9s brutales, l\u2019individualisme radical, que radicalisent la pr\u00e9carit\u00e9 galopante, la destruction des acquis sociaux, les promesses de bonheur non tenues, et qui aboutissent \u00e0 la d\u00e9signation des boucs \u00e9missaires coupables de tant de malheur. Mesurer l\u2019effet depuis des si\u00e8cles des r\u00e9cits, imp\u00e9rialistes, coloniaux, scientifiques, qui ont forg\u00e9 et continent d&rsquo;affermir la conscience raciale. S\u2019attarder sur les micro-r\u00e9cits de l\u2019inconvenance des corps, ces signifiants qui circulent et se collent \u00e0 la surface des peaux color\u00e9es, engendrant ces affects d\u2019indisposition, de d\u00e9go\u00fbt, de haine. D\u00e9crire la grammaire des relations des groupes sociaux, des affinit\u00e9s, des consanguinit\u00e9s, des appartenances, la composition, d\u00e9composition et recomposition des \u00ab nous \u00bb, et, in\u00e9vitablement, dans le m\u00eame mouvement, des \u00ab autres \u00bb que ce \u00ab nous \u00bb exclut, sous l\u2019\u00e9gide de la nation, de la blancheur, de la culture ou de la civilisation. Rappeler que ces crispations r\u00e9actionnaires r\u00e9pondent aux grands mouvements d\u2019\u00e9mancipation d&rsquo;autrefois, aux menaces qu\u2019elles ont fait peser sur l\u2019\u00e9thique du travail, de la famille, la hi\u00e9rarchie des races, l\u2019ordre bourgeois du monde. Dire un mot de la cr\u00e9tinisation digitale, de la cr\u00e9tinisation m\u00e9diatique, de la cr\u00e9tinisation en g\u00e9n\u00e9ral.<\/p>\n<p>Tout ce travail de compr\u00e9hension, n\u2019oblige pas pour autant \u00e0 \u00e9prouver pour ces personnes de l\u2019empathie.<\/p>\n<p>En \u00e9coutant, en essayant de comprendre la logique qui sous-tend les rationalit\u00e9s \u00e0 l\u2019\u0153uvre, on suspend provisoirement son jugement. Ou du moins, le temps de l\u2019analyse, ce jugement se trouve rel\u00e9gu\u00e9 \u00e0 l\u2019arri\u00e8re-plan. (c\u2019est frappant quand je lis par exemple les livres d\u2019Arlie Russell Hochschild sur la fiert\u00e9 perdue des \u00e9lecteurs ruraux de Trump).<\/p>\n<p>La gauche de ce point de vue me para\u00eet \u00eatre dans une situation embarrass\u00e9e, parce que ces foules ressemblent au peuple qu\u2019elle est cens\u00e9e d\u00e9fendre contre le capital et la bourgeoisie \u2013 ce m\u00eame peuple dont on dit \u00e0 raison qu\u2019il a tourn\u00e9 le dos \u00e0 la gauche depuis d\u00e9j\u00e0 quelques d\u00e9cennies. Il est plus facile de pointer du doigt la responsabilit\u00e9 des \u00e9lites ou des m\u00e9dias dans la mont\u00e9e de l\u2019extr\u00eame droite que de reconna\u00eetre que la majorit\u00e9 de la population qu\u2019elle appelle le \u00ab peuple \u00bb adh\u00e8re en r\u00e9alit\u00e9 de son plein gr\u00e9 et en pleine connaissance de cause aux id\u00e9es d\u2019extr\u00eame droite.<\/p>\n<p>Il est encore plus difficile et embarrassant d\u2019admettre que c\u2019est pr\u00e9cis\u00e9ment ce qu\u2019elle repr\u00e9sente, elle, la gauche, ses suppos\u00e9es valeurs, qui fait l\u2019objet de la fureur de ces esprits vengeurs : l\u2019attention port\u00e9e aux plus vuln\u00e9rables, aux opprim\u00e9s, aux subalternes, aux racis\u00e9s, et, d\u2019un point de vue politique, la redistribution de la richesse (pas seulement selon le m\u00e9rite), la lutte contre les in\u00e9galit\u00e9s, l\u2019aspiration \u00e0 la justice sociale que ces personnes d\u00e9testent quand elle ne les concerne pas directement. Ce ressentiment envers les suppos\u00e9es \u00e9lites de la gauche (urbaine, \u00e9cologistes, post-raciales, etc.) vient alimenter une part de la haine qui meut ces foules en col\u00e8re.<\/p>\n<p>Oui, ce qu\u2019affirment ces gens qui s\u2019appr\u00eatent \u00e0 suivre le leader qui saura leur rendre justice, c\u2019est le droit de ne pas prendre soin. De ne pas \u00eatre de gauche. Ne pas prendre soin de ce qui n\u2019est pas eux, de ce qui ne leur ressemble pas. Ces autres qui, parmi tous les autres, ne sauraient faire partie de leur \u00ab nous \u00bb, aussi fantasm\u00e9 soit-il. Les racis\u00e9s qui les menacent, les gauchistes qui les snobent, les \u00e9cologistes qui leur font la le\u00e7on, les non-humains qui leur font obsctacle, les sexualit\u00e9s qui les indisposent, les intellectuels qui les m\u00e9prisent, la liste est longue. Tout ce qui en somme vient faire obstacle \u00e0 la domination de leur \u00ab communaut\u00e9 \u00bb, qui vient questionner et critiquer la coh\u00e9sion et le sens de cette pr\u00e9tendue communaut\u00e9.<\/p>\n<p>Oui, la gauche est gravement coupable d\u2019avoir essentialis\u00e9 le peuple, et de persister, encore aujourd\u2019hui, non seulement \u00e0 croire en cette fiction mais \u00e0 s\u2019imaginer qu\u2019elle en serait le (seul) porte-parole autoris\u00e9. Mais les populations qui adh\u00e8rent de plus en plus clairement aux promesses fascisantes s\u2019auto-essentialisent tout autant pour ainsi dire. Et c\u2019est ce qui rend dangereux tous les populismes, qu\u2019ils soient de droite ou de gauche, et plus largement l\u2019invocation de la nation, de sa fiert\u00e9, de ce qui la menace \u2013 et ces invocations ne sont certainement pas l\u2019apanage des populistes.<\/p>\n<p>Comprendre oui. Mais sans empathie. Ils peuvent \u00eatre nos proches, nos voisins, partager avec nous des objets de passion, les m\u00eames loisirs, et peut-\u00eatre, d\u00e9fendre certaines causes avec nous. Mais il se pourrait que demain, ils soient aussi ceux qui iront vous d\u00e9noncer, vous battre, vous lyncher.<\/p>\n<p>(et l\u00e0, il faudrait que j\u2019\u00e9crive un autre chapitre pour \u00e9lucider quel est ce \u00ab nous \u00bb que ces fascistes menacent)<\/p>\n","protected":false},"excerpt":{"rendered":"<p>S\u2019efforcer de comprendre comment des foules enti\u00e8res en viennent \u00e0 adh\u00e9rer au fascisme, y aspirer, en d\u00e9sirer l\u2019av\u00e8nement, \u00e0 embrasser des positions racistes et supr\u00e9matistes. Retracer l\u2019histoire de ces adh\u00e9sions, identifier les causes, leur multiplicit\u00e9, leur enchev\u00eatrement, leur complexit\u00e9. Montrer comment l\u2019alliance des n\u00e9olib\u00e9raux et des (n\u00e9o-)conservateurs \u00e0 droite, la trahison des \u00e9lites \u00e0 gauche,&hellip;<\/p>\n <a href=\"https:\/\/outsiderland.com\/danahilliot\/lessentialisation-du-peuple-et-la-montee-des-aspirations-au-fascisme\/\" title=\"L&rsquo;essentialisation du peuple et la mont\u00e9e des aspirations au fascisme\" class=\"entry-more-link\"><span>Read More<\/span> <span class=\"screen-reader-text\">L&rsquo;essentialisation du peuple et la mont\u00e9e des aspirations au fascisme<\/span><\/a>","protected":false},"author":1,"featured_media":6191,"comment_status":"closed","ping_status":"open","sticky":false,"template":"","format":"standard","meta":{"Layout":"","footnotes":"","jetpack_publicize_message":"","jetpack_publicize_feature_enabled":true,"jetpack_social_post_already_shared":true,"jetpack_social_options":{"image_generator_settings":{"template":"highway","default_image_id":0,"font":"","enabled":false},"version":2}},"categories":[99,114,119],"tags":[46],"class_list":["entry","author-danah","post-6104","post","type-post","status-publish","format-standard","has-post-thumbnail","category-democratie","category-democratie-2","category-populisme","tag-politique"],"yoast_head":"<!-- This site is optimized with the Yoast SEO plugin v27.0 - https:\/\/yoast.com\/product\/yoast-seo-wordpress\/ -->\n<title>L&#039;essentialisation du peuple et la mont\u00e9e des aspirations au fascisme - Outside Dana Hilliot<\/title>\n<meta name=\"robots\" content=\"index, follow, max-snippet:-1, max-image-preview:large, max-video-preview:-1\" \/>\n<link rel=\"canonical\" href=\"https:\/\/outsiderland.com\/danahilliot\/lessentialisation-du-peuple-et-la-montee-des-aspirations-au-fascisme\/\" \/>\n<meta property=\"og:locale\" content=\"fr_FR\" \/>\n<meta property=\"og:type\" content=\"article\" \/>\n<meta property=\"og:title\" content=\"L&#039;essentialisation du peuple et la mont\u00e9e des aspirations au fascisme - Outside Dana Hilliot\" \/>\n<meta property=\"og:description\" content=\"S\u2019efforcer de comprendre comment des foules enti\u00e8res en viennent \u00e0 adh\u00e9rer au fascisme, y aspirer, en d\u00e9sirer l\u2019av\u00e8nement, \u00e0 embrasser des positions racistes et supr\u00e9matistes. Retracer l\u2019histoire de ces adh\u00e9sions, identifier les causes, leur multiplicit\u00e9, leur enchev\u00eatrement, leur complexit\u00e9. Montrer comment l\u2019alliance des n\u00e9olib\u00e9raux et des (n\u00e9o-)conservateurs \u00e0 droite, la trahison des \u00e9lites \u00e0 gauche,&hellip;\" \/>\n<meta property=\"og:url\" content=\"https:\/\/outsiderland.com\/danahilliot\/lessentialisation-du-peuple-et-la-montee-des-aspirations-au-fascisme\/\" \/>\n<meta property=\"og:site_name\" content=\"Outside Dana Hilliot\" \/>\n<meta property=\"article:published_time\" content=\"2025-09-27T17:29:28+00:00\" \/>\n<meta property=\"article:modified_time\" content=\"2025-11-09T12:01:37+00:00\" \/>\n<meta property=\"og:image\" content=\"https:\/\/outsiderland.com\/danahilliot\/wp-content\/uploads\/2025\/09\/Capture-decran_2025-11-09_13-00-53.png\" \/>\n\t<meta property=\"og:image:width\" content=\"833\" \/>\n\t<meta property=\"og:image:height\" content=\"551\" \/>\n\t<meta property=\"og:image:type\" content=\"image\/png\" \/>\n<meta name=\"author\" content=\"danah\" \/>\n<meta name=\"twitter:card\" content=\"summary_large_image\" \/>\n<meta name=\"twitter:label1\" content=\"\u00c9crit par\" \/>\n\t<meta name=\"twitter:data1\" content=\"danah\" \/>\n\t<meta name=\"twitter:label2\" content=\"Dur\u00e9e de lecture estim\u00e9e\" \/>\n\t<meta name=\"twitter:data2\" content=\"5 minutes\" \/>\n<script type=\"application\/ld+json\" class=\"yoast-schema-graph\">{\"@context\":\"https:\/\/schema.org\",\"@graph\":[{\"@type\":\"Article\",\"@id\":\"https:\/\/outsiderland.com\/danahilliot\/lessentialisation-du-peuple-et-la-montee-des-aspirations-au-fascisme\/#article\",\"isPartOf\":{\"@id\":\"https:\/\/outsiderland.com\/danahilliot\/lessentialisation-du-peuple-et-la-montee-des-aspirations-au-fascisme\/\"},\"author\":{\"name\":\"danah\",\"@id\":\"https:\/\/outsiderland.com\/danahilliot\/#\/schema\/person\/2f9b92e9fff19bccc36638b10510d5ae\"},\"headline\":\"L&rsquo;essentialisation du peuple et la mont\u00e9e des aspirations au fascisme\",\"datePublished\":\"2025-09-27T17:29:28+00:00\",\"dateModified\":\"2025-11-09T12:01:37+00:00\",\"mainEntityOfPage\":{\"@id\":\"https:\/\/outsiderland.com\/danahilliot\/lessentialisation-du-peuple-et-la-montee-des-aspirations-au-fascisme\/\"},\"wordCount\":975,\"publisher\":{\"@id\":\"https:\/\/outsiderland.com\/danahilliot\/#\/schema\/person\/201a1fef0f5c2897bd65e98bcf6b1179\"},\"image\":{\"@id\":\"https:\/\/outsiderland.com\/danahilliot\/lessentialisation-du-peuple-et-la-montee-des-aspirations-au-fascisme\/#primaryimage\"},\"thumbnailUrl\":\"https:\/\/outsiderland.com\/danahilliot\/wp-content\/uploads\/2025\/09\/Capture-decran_2025-11-09_13-00-53.png\",\"keywords\":[\"politique\"],\"articleSection\":[\"(d\u00e9mocratie)\",\"Democratie\",\"populisme\"],\"inLanguage\":\"fr-FR\"},{\"@type\":\"WebPage\",\"@id\":\"https:\/\/outsiderland.com\/danahilliot\/lessentialisation-du-peuple-et-la-montee-des-aspirations-au-fascisme\/\",\"url\":\"https:\/\/outsiderland.com\/danahilliot\/lessentialisation-du-peuple-et-la-montee-des-aspirations-au-fascisme\/\",\"name\":\"L'essentialisation du peuple et la mont\u00e9e des aspirations au fascisme - Outside Dana Hilliot\",\"isPartOf\":{\"@id\":\"https:\/\/outsiderland.com\/danahilliot\/#website\"},\"primaryImageOfPage\":{\"@id\":\"https:\/\/outsiderland.com\/danahilliot\/lessentialisation-du-peuple-et-la-montee-des-aspirations-au-fascisme\/#primaryimage\"},\"image\":{\"@id\":\"https:\/\/outsiderland.com\/danahilliot\/lessentialisation-du-peuple-et-la-montee-des-aspirations-au-fascisme\/#primaryimage\"},\"thumbnailUrl\":\"https:\/\/outsiderland.com\/danahilliot\/wp-content\/uploads\/2025\/09\/Capture-decran_2025-11-09_13-00-53.png\",\"datePublished\":\"2025-09-27T17:29:28+00:00\",\"dateModified\":\"2025-11-09T12:01:37+00:00\",\"breadcrumb\":{\"@id\":\"https:\/\/outsiderland.com\/danahilliot\/lessentialisation-du-peuple-et-la-montee-des-aspirations-au-fascisme\/#breadcrumb\"},\"inLanguage\":\"fr-FR\",\"potentialAction\":[{\"@type\":\"ReadAction\",\"target\":[\"https:\/\/outsiderland.com\/danahilliot\/lessentialisation-du-peuple-et-la-montee-des-aspirations-au-fascisme\/\"]}]},{\"@type\":\"ImageObject\",\"inLanguage\":\"fr-FR\",\"@id\":\"https:\/\/outsiderland.com\/danahilliot\/lessentialisation-du-peuple-et-la-montee-des-aspirations-au-fascisme\/#primaryimage\",\"url\":\"https:\/\/outsiderland.com\/danahilliot\/wp-content\/uploads\/2025\/09\/Capture-decran_2025-11-09_13-00-53.png\",\"contentUrl\":\"https:\/\/outsiderland.com\/danahilliot\/wp-content\/uploads\/2025\/09\/Capture-decran_2025-11-09_13-00-53.png\",\"width\":833,\"height\":551},{\"@type\":\"BreadcrumbList\",\"@id\":\"https:\/\/outsiderland.com\/danahilliot\/lessentialisation-du-peuple-et-la-montee-des-aspirations-au-fascisme\/#breadcrumb\",\"itemListElement\":[{\"@type\":\"ListItem\",\"position\":1,\"name\":\"Accueil\",\"item\":\"https:\/\/outsiderland.com\/danahilliot\/\"},{\"@type\":\"ListItem\",\"position\":2,\"name\":\"L&rsquo;essentialisation du peuple et la mont\u00e9e des aspirations au fascisme\"}]},{\"@type\":\"WebSite\",\"@id\":\"https:\/\/outsiderland.com\/danahilliot\/#website\",\"url\":\"https:\/\/outsiderland.com\/danahilliot\/\",\"name\":\"Outside Dana Hilliot\",\"description\":\". Archives . Activit\u00e9s . Projets .\",\"publisher\":{\"@id\":\"https:\/\/outsiderland.com\/danahilliot\/#\/schema\/person\/201a1fef0f5c2897bd65e98bcf6b1179\"},\"potentialAction\":[{\"@type\":\"SearchAction\",\"target\":{\"@type\":\"EntryPoint\",\"urlTemplate\":\"https:\/\/outsiderland.com\/danahilliot\/?s={search_term_string}\"},\"query-input\":{\"@type\":\"PropertyValueSpecification\",\"valueRequired\":true,\"valueName\":\"search_term_string\"}}],\"inLanguage\":\"fr-FR\"},{\"@type\":[\"Person\",\"Organization\"],\"@id\":\"https:\/\/outsiderland.com\/danahilliot\/#\/schema\/person\/201a1fef0f5c2897bd65e98bcf6b1179\",\"name\":\"danahilliot\",\"image\":{\"@type\":\"ImageObject\",\"inLanguage\":\"fr-FR\",\"@id\":\"https:\/\/outsiderland.com\/danahilliot\/#\/schema\/person\/image\/\",\"url\":\"https:\/\/outsiderland.com\/danahilliot\/wp-content\/uploads\/2026\/02\/50801449407_a909f2c1ad_k.jpg\",\"contentUrl\":\"https:\/\/outsiderland.com\/danahilliot\/wp-content\/uploads\/2026\/02\/50801449407_a909f2c1ad_k.jpg\",\"width\":2048,\"height\":1536,\"caption\":\"danahilliot\"},\"logo\":{\"@id\":\"https:\/\/outsiderland.com\/danahilliot\/#\/schema\/person\/image\/\"}},{\"@type\":\"Person\",\"@id\":\"https:\/\/outsiderland.com\/danahilliot\/#\/schema\/person\/2f9b92e9fff19bccc36638b10510d5ae\",\"name\":\"danah\",\"image\":{\"@type\":\"ImageObject\",\"inLanguage\":\"fr-FR\",\"@id\":\"https:\/\/outsiderland.com\/danahilliot\/#\/schema\/person\/image\/\",\"url\":\"https:\/\/secure.gravatar.com\/avatar\/ed6349755e1d97f204277de3d09fc6ac31abd856835c8ea3c3a30d0aa84b0ddd?s=96&d=mm&r=g\",\"contentUrl\":\"https:\/\/secure.gravatar.com\/avatar\/ed6349755e1d97f204277de3d09fc6ac31abd856835c8ea3c3a30d0aa84b0ddd?s=96&d=mm&r=g\",\"caption\":\"danah\"},\"url\":\"https:\/\/outsiderland.com\/danahilliot\/author\/danah\/\"}]}<\/script>\n<!-- \/ Yoast SEO plugin. -->","yoast_head_json":{"title":"L'essentialisation du peuple et la mont\u00e9e des aspirations au fascisme - Outside Dana Hilliot","robots":{"index":"index","follow":"follow","max-snippet":"max-snippet:-1","max-image-preview":"max-image-preview:large","max-video-preview":"max-video-preview:-1"},"canonical":"https:\/\/outsiderland.com\/danahilliot\/lessentialisation-du-peuple-et-la-montee-des-aspirations-au-fascisme\/","og_locale":"fr_FR","og_type":"article","og_title":"L'essentialisation du peuple et la mont\u00e9e des aspirations au fascisme - Outside Dana Hilliot","og_description":"S\u2019efforcer de comprendre comment des foules enti\u00e8res en viennent \u00e0 adh\u00e9rer au fascisme, y aspirer, en d\u00e9sirer l\u2019av\u00e8nement, \u00e0 embrasser des positions racistes et supr\u00e9matistes. Retracer l\u2019histoire de ces adh\u00e9sions, identifier les causes, leur multiplicit\u00e9, leur enchev\u00eatrement, leur complexit\u00e9. Montrer comment l\u2019alliance des n\u00e9olib\u00e9raux et des (n\u00e9o-)conservateurs \u00e0 droite, la trahison des \u00e9lites \u00e0 gauche,&hellip;","og_url":"https:\/\/outsiderland.com\/danahilliot\/lessentialisation-du-peuple-et-la-montee-des-aspirations-au-fascisme\/","og_site_name":"Outside Dana Hilliot","article_published_time":"2025-09-27T17:29:28+00:00","article_modified_time":"2025-11-09T12:01:37+00:00","og_image":[{"width":833,"height":551,"url":"https:\/\/outsiderland.com\/danahilliot\/wp-content\/uploads\/2025\/09\/Capture-decran_2025-11-09_13-00-53.png","type":"image\/png"}],"author":"danah","twitter_card":"summary_large_image","twitter_misc":{"\u00c9crit par":"danah","Dur\u00e9e de lecture estim\u00e9e":"5 minutes"},"schema":{"@context":"https:\/\/schema.org","@graph":[{"@type":"Article","@id":"https:\/\/outsiderland.com\/danahilliot\/lessentialisation-du-peuple-et-la-montee-des-aspirations-au-fascisme\/#article","isPartOf":{"@id":"https:\/\/outsiderland.com\/danahilliot\/lessentialisation-du-peuple-et-la-montee-des-aspirations-au-fascisme\/"},"author":{"name":"danah","@id":"https:\/\/outsiderland.com\/danahilliot\/#\/schema\/person\/2f9b92e9fff19bccc36638b10510d5ae"},"headline":"L&rsquo;essentialisation du peuple et la mont\u00e9e des aspirations au fascisme","datePublished":"2025-09-27T17:29:28+00:00","dateModified":"2025-11-09T12:01:37+00:00","mainEntityOfPage":{"@id":"https:\/\/outsiderland.com\/danahilliot\/lessentialisation-du-peuple-et-la-montee-des-aspirations-au-fascisme\/"},"wordCount":975,"publisher":{"@id":"https:\/\/outsiderland.com\/danahilliot\/#\/schema\/person\/201a1fef0f5c2897bd65e98bcf6b1179"},"image":{"@id":"https:\/\/outsiderland.com\/danahilliot\/lessentialisation-du-peuple-et-la-montee-des-aspirations-au-fascisme\/#primaryimage"},"thumbnailUrl":"https:\/\/outsiderland.com\/danahilliot\/wp-content\/uploads\/2025\/09\/Capture-decran_2025-11-09_13-00-53.png","keywords":["politique"],"articleSection":["(d\u00e9mocratie)","Democratie","populisme"],"inLanguage":"fr-FR"},{"@type":"WebPage","@id":"https:\/\/outsiderland.com\/danahilliot\/lessentialisation-du-peuple-et-la-montee-des-aspirations-au-fascisme\/","url":"https:\/\/outsiderland.com\/danahilliot\/lessentialisation-du-peuple-et-la-montee-des-aspirations-au-fascisme\/","name":"L'essentialisation du peuple et la mont\u00e9e des aspirations au fascisme - Outside Dana Hilliot","isPartOf":{"@id":"https:\/\/outsiderland.com\/danahilliot\/#website"},"primaryImageOfPage":{"@id":"https:\/\/outsiderland.com\/danahilliot\/lessentialisation-du-peuple-et-la-montee-des-aspirations-au-fascisme\/#primaryimage"},"image":{"@id":"https:\/\/outsiderland.com\/danahilliot\/lessentialisation-du-peuple-et-la-montee-des-aspirations-au-fascisme\/#primaryimage"},"thumbnailUrl":"https:\/\/outsiderland.com\/danahilliot\/wp-content\/uploads\/2025\/09\/Capture-decran_2025-11-09_13-00-53.png","datePublished":"2025-09-27T17:29:28+00:00","dateModified":"2025-11-09T12:01:37+00:00","breadcrumb":{"@id":"https:\/\/outsiderland.com\/danahilliot\/lessentialisation-du-peuple-et-la-montee-des-aspirations-au-fascisme\/#breadcrumb"},"inLanguage":"fr-FR","potentialAction":[{"@type":"ReadAction","target":["https:\/\/outsiderland.com\/danahilliot\/lessentialisation-du-peuple-et-la-montee-des-aspirations-au-fascisme\/"]}]},{"@type":"ImageObject","inLanguage":"fr-FR","@id":"https:\/\/outsiderland.com\/danahilliot\/lessentialisation-du-peuple-et-la-montee-des-aspirations-au-fascisme\/#primaryimage","url":"https:\/\/outsiderland.com\/danahilliot\/wp-content\/uploads\/2025\/09\/Capture-decran_2025-11-09_13-00-53.png","contentUrl":"https:\/\/outsiderland.com\/danahilliot\/wp-content\/uploads\/2025\/09\/Capture-decran_2025-11-09_13-00-53.png","width":833,"height":551},{"@type":"BreadcrumbList","@id":"https:\/\/outsiderland.com\/danahilliot\/lessentialisation-du-peuple-et-la-montee-des-aspirations-au-fascisme\/#breadcrumb","itemListElement":[{"@type":"ListItem","position":1,"name":"Accueil","item":"https:\/\/outsiderland.com\/danahilliot\/"},{"@type":"ListItem","position":2,"name":"L&rsquo;essentialisation du peuple et la mont\u00e9e des aspirations au fascisme"}]},{"@type":"WebSite","@id":"https:\/\/outsiderland.com\/danahilliot\/#website","url":"https:\/\/outsiderland.com\/danahilliot\/","name":"Outside Dana Hilliot","description":". Archives . Activit\u00e9s . Projets .","publisher":{"@id":"https:\/\/outsiderland.com\/danahilliot\/#\/schema\/person\/201a1fef0f5c2897bd65e98bcf6b1179"},"potentialAction":[{"@type":"SearchAction","target":{"@type":"EntryPoint","urlTemplate":"https:\/\/outsiderland.com\/danahilliot\/?s={search_term_string}"},"query-input":{"@type":"PropertyValueSpecification","valueRequired":true,"valueName":"search_term_string"}}],"inLanguage":"fr-FR"},{"@type":["Person","Organization"],"@id":"https:\/\/outsiderland.com\/danahilliot\/#\/schema\/person\/201a1fef0f5c2897bd65e98bcf6b1179","name":"danahilliot","image":{"@type":"ImageObject","inLanguage":"fr-FR","@id":"https:\/\/outsiderland.com\/danahilliot\/#\/schema\/person\/image\/","url":"https:\/\/outsiderland.com\/danahilliot\/wp-content\/uploads\/2026\/02\/50801449407_a909f2c1ad_k.jpg","contentUrl":"https:\/\/outsiderland.com\/danahilliot\/wp-content\/uploads\/2026\/02\/50801449407_a909f2c1ad_k.jpg","width":2048,"height":1536,"caption":"danahilliot"},"logo":{"@id":"https:\/\/outsiderland.com\/danahilliot\/#\/schema\/person\/image\/"}},{"@type":"Person","@id":"https:\/\/outsiderland.com\/danahilliot\/#\/schema\/person\/2f9b92e9fff19bccc36638b10510d5ae","name":"danah","image":{"@type":"ImageObject","inLanguage":"fr-FR","@id":"https:\/\/outsiderland.com\/danahilliot\/#\/schema\/person\/image\/","url":"https:\/\/secure.gravatar.com\/avatar\/ed6349755e1d97f204277de3d09fc6ac31abd856835c8ea3c3a30d0aa84b0ddd?s=96&d=mm&r=g","contentUrl":"https:\/\/secure.gravatar.com\/avatar\/ed6349755e1d97f204277de3d09fc6ac31abd856835c8ea3c3a30d0aa84b0ddd?s=96&d=mm&r=g","caption":"danah"},"url":"https:\/\/outsiderland.com\/danahilliot\/author\/danah\/"}]}},"jetpack_publicize_connections":[],"_links":{"self":[{"href":"https:\/\/outsiderland.com\/danahilliot\/wp-json\/wp\/v2\/posts\/6104","targetHints":{"allow":["GET"]}}],"collection":[{"href":"https:\/\/outsiderland.com\/danahilliot\/wp-json\/wp\/v2\/posts"}],"about":[{"href":"https:\/\/outsiderland.com\/danahilliot\/wp-json\/wp\/v2\/types\/post"}],"author":[{"embeddable":true,"href":"https:\/\/outsiderland.com\/danahilliot\/wp-json\/wp\/v2\/users\/1"}],"replies":[{"embeddable":true,"href":"https:\/\/outsiderland.com\/danahilliot\/wp-json\/wp\/v2\/comments?post=6104"}],"version-history":[{"count":1,"href":"https:\/\/outsiderland.com\/danahilliot\/wp-json\/wp\/v2\/posts\/6104\/revisions"}],"predecessor-version":[{"id":6105,"href":"https:\/\/outsiderland.com\/danahilliot\/wp-json\/wp\/v2\/posts\/6104\/revisions\/6105"}],"wp:featuredmedia":[{"embeddable":true,"href":"https:\/\/outsiderland.com\/danahilliot\/wp-json\/wp\/v2\/media\/6191"}],"wp:attachment":[{"href":"https:\/\/outsiderland.com\/danahilliot\/wp-json\/wp\/v2\/media?parent=6104"}],"wp:term":[{"taxonomy":"category","embeddable":true,"href":"https:\/\/outsiderland.com\/danahilliot\/wp-json\/wp\/v2\/categories?post=6104"},{"taxonomy":"post_tag","embeddable":true,"href":"https:\/\/outsiderland.com\/danahilliot\/wp-json\/wp\/v2\/tags?post=6104"}],"curies":[{"name":"wp","href":"https:\/\/api.w.org\/{rel}","templated":true}]}}