{"id":6095,"date":"2025-09-27T16:34:20","date_gmt":"2025-09-27T16:34:20","guid":{"rendered":"https:\/\/outsiderland.com\/danahilliot\/?p=6095"},"modified":"2025-11-09T12:03:26","modified_gmt":"2025-11-09T12:03:26","slug":"unite-the-kingdom-le-desir-neofasciste-dordre-et-de-purification","status":"publish","type":"post","link":"https:\/\/outsiderland.com\/danahilliot\/unite-the-kingdom-le-desir-neofasciste-dordre-et-de-purification\/","title":{"rendered":"Unite the kingdom : le d\u00e9sir n\u00e9ofasciste d&rsquo;ordre et de purification"},"content":{"rendered":"<div class=\"moz-text-html\" lang=\"x-unicode\">\n<p>Cette manif aux allures de coup d&rsquo;\u00e9tat populiste fasciste, <em>Unite the Kingdom<\/em>, me plonge dans une terreur absolue.<br \/>\nToutes ces images de foules vocif\u00e9rantes qui reviennent, en noir et blanc (et parfois en couleur)<\/p>\n<p><a href=\"https:\/\/www.theguardian.com\/politics\/live\/2025\/sep\/13\/uk-politics-latest-news-unite-the-kingdom-march-far-right-rally-london-labour-keir-starmer?page=with:block-68c5a0558f0880bae9c53063#block-68c5a0558f0880bae9c53063\">\u00e0 lire ici par exemple dans The Guardian.<\/a><\/p>\n<p>(et : avez-vous vu ces yellow jackets en t\u00eate de cort\u00e8ge ? Un hommage peut-\u00eatre ?)<br \/>\n(et, cette femme qui brandit la photo du martyr Charly Kirk)<br \/>\n(et, tiens, y&rsquo;avait Zemmour \u00e0 la manif)<\/p>\n<p>C&rsquo;est une manifestation raciste pure et dure. De supr\u00e9matistes nationalistes blancs. (et internationalistes d&rsquo;une certaine mani\u00e8re)<\/p>\n<p>ah, le peuple ! Vive le peuple ! Ce fantasme pourri d\u00e9cr\u00e9pi qu&rsquo;on brandit \u00e0 droite comme \u00e0 gauche. Vous verrez quand ledit peuple, sympathique par d\u00e9finition, viendra vous lyncher pour une raison ou pour une autre.<\/p>\n<p>On est en Grande-Bretagne, un pays qui pratique, \u00e0 l&rsquo;instar de ses voisins europ\u00e9ens une politique migratoire compl\u00e8tement raciste &#8211; qui date d&rsquo;au moins deux d\u00e9cennies. O\u00f9 la plupart des racis\u00e9s sont des descendants des populations colonis\u00e9es \u00e0 l&rsquo;\u00e9poque o\u00f9 la Grande Bretagne avait \u00e9tabli un empire d&rsquo;une extension jamais vue dans l&rsquo;histoire du monde, asservissant et exploitant des centaines de millions d&rsquo;\u00eatres humains, et pillant leur environnement. Un empire dont l&rsquo;h\u00e9ritage est r\u00e9voltant : la partition de l&rsquo;Inde, le bourbier Israelo-Palestinien, et bien d&rsquo;autres catastrophes g\u00e9opolitiques dont les effets s&rsquo;\u00e9talent encore, interminables, voil\u00e0 leur\u00a0<em>\u0153uvre<\/em> \u00e0 ces g\u00e9nies, Churchill et ses amis, visc\u00e9ralement racistes.<\/p>\n<p>Un empire dont on ne sait plus rien outre Manche, sinon qu&rsquo;on en regrette la fiert\u00e9 qu&rsquo;il inspirait quand le royaume dominait la terre. Dont on a effac\u00e9 soigneusement les horreurs : les g\u00e9nocides notamment, commis bien apr\u00e8s la fin de la seconde guerre mondiale, comme celui des Mau Mau au Kenya.<\/p>\n<p>Lisez sur cet Empire le livre implacable que Caroline Elkins lui a consacr\u00e9, <em>Legacy of violence : a history of the British empire<\/em>, New York : Alfred A. Knopf, 2022.<br \/>\nOu bien celui de Priya Satia,<em> Times Monster. History, Conscience and Britains Empire<\/em> (Havard University Press 2020)<\/p>\n<p>Qu&rsquo;on soit clair. Ces manifestants qui s&rsquo;en prennent aux politiques migratoires se foutent de nous : la forteresse europ\u00e9enne est d\u00e9j\u00e0 raciste, de bout en bout. Non, leur plainte, c&rsquo;est : \u00ab\u00a0ON N&rsquo;EST PLUS CHEZ NOUS\u00a0\u00bb &#8211; et s&rsquo;ils ne se sentent plus chez eux, c&rsquo;est \u00e0 cause de la pr\u00e9sence des racis\u00e9s, des gens d&rsquo;une autre couleur de peau que la leur. Des gens qui ne sont pas \u00ab\u00a0nous\u00a0\u00bb. Qui les embarrassent, les indisposent, les r\u00e9vulsent, leur donnent envie de vomir. Ils voudraient rester entre blancs. Voil\u00e0 tout. Sans eux, \u00e7a irait mieux.<\/p>\n<p>Ils ont perdu leur fiert\u00e9 d&rsquo;\u00eatre blancs, d&rsquo;\u00eatre des sujets de sa Majest\u00e9. La menace, c&rsquo;est la couleur. Ces<em> other others<\/em>, ces autres qui, parmi tous les autres, ne seront jamais \u00ab\u00a0nous\u00a0\u00bb. Leur nationalisme d\u00e9gouline de haine et sert de pr\u00e9texte \u00e0 la fabrication d&rsquo;un \u00ab\u00a0nous\u00a0\u00bb d\u00e9lirant. D&rsquo;une foule unie dans la m\u00eame scansion haineuse.<\/p>\n<p>Ah, la fiert\u00e9 perdue ! Assomm\u00e9s, humili\u00e9s, cr\u00e9tinis\u00e9s, apr\u00e8s des d\u00e9cennies de n\u00e9olib\u00e9ralisme, les voil\u00e0 qui, n&rsquo;ont d&rsquo;autre priorit\u00e9 que s&rsquo;en prendre aux racis\u00e9s. Et qui veulent un leader, un qui parle fort, un bien viril, qui hurle tout haut ce qu&rsquo;on les contraignait soit-disant \u00e0 taire (alors que le racisme est devenu compl\u00e8tement mainstream en quelques ann\u00e9es, mais peu importe).<\/p>\n<p>Voil\u00e0 en tous cas une vraie manifestation fasciste (et dieu sait que j&#8217;emploie le terme avec prudence, une prudence que j&rsquo;assume), qui remplit toutes les cases, y compris l&rsquo;appel au guide et au sauveur. (L&rsquo;extr\u00eame droite am\u00e9ricaine ne s&rsquo;y est pas tromp\u00e9 qui en fait des tonnes pour encourager le pays cousin sur cette voie).<\/p>\n<p>Ah, encore un mot : que cette manif ait lieu alors que gouverne l&rsquo;aile droite du labour, c&rsquo;est-\u00e0-dire une soit-disant gauche qui ressemble comme deux gouttes d&rsquo;eau \u00e0 n&rsquo;importe quel gouvernement n\u00e9olib\u00e9ral en Europe, cela n&rsquo;est pas anodin. Car on soup\u00e7onne Starmer, \u00e0 tort, de favoriser les racis\u00e9s et l&rsquo;immigration, alors que dans ce domaine et bien d&rsquo;autres, il ne diff\u00e8re en rien de ses pr\u00e9d\u00e9cesseurs. Mais voil\u00e0, c&rsquo;est le labour. C&rsquo;est une menace, comme le Parti D\u00e9mocrate aux \u00c9tats-Unis (qu&rsquo;ils soit n\u00e9olib\u00e9ral jusqu&rsquo;\u00e0 l&rsquo;os n&rsquo;y change rien).<\/p>\n<p>Bref, tout cela est horrible.<\/p>\n<p>Parce qu&rsquo;\u00e9videmment, l&rsquo;exemple britannique n&rsquo;en est qu&rsquo;un parmi d&rsquo;autre, impressionnant, mais qui ne fait que confirmer le poids d\u00e9sormais majoritaire de l&rsquo;extr\u00eame droite dans les population\u2027 Ajout\u00e9 aux votes conservateurs, que reste-t-il aux gauches europ\u00e9ennes ? Que reste-t-il, quand, \u00e0 gauche, les partis populistes \u00ab\u00a0de gauche\u00a0\u00bb sont les seuls \u00e0 surnager un peu ?<\/p>\n<p>Rien.<br \/>\nLe n\u00e9ant.<br \/>\nOn a ou bien des partis nationalistes populistes \u00e0 droite, des partis populistes \u00e0 gauche, une alliance n\u00e9olib\u00e9rale et n\u00e9oconservatrice au centre, et quelques partis plus ou moins de gauche ou \u00e9cologistes qui r\u00eavent d&rsquo;un capitalisme vert \u00e0 visage humain.<br \/>\nTous nationalistes en diable d&rsquo;ailleurs, le patriotisme chevill\u00e9 au programme.<\/p>\n<\/div>\n<div class=\"moz-text-html\" lang=\"x-unicode\">\n<p>(PS : et n&rsquo;allez pas me parler du 10 septembre ce soir, j&rsquo;ai pas l&rsquo;humeur \u00e0 la plaisanterie, et je bloque \u00e0 tour de bras en ce moment<br \/>\nOu de l&rsquo;influence irr\u00e9sistible des m\u00e9dias de masse.<br \/>\nSans d\u00e9conner : je connais des tas de gens qui regardent la t\u00e9l\u00e9vision et que \u00e7a n&rsquo;a jamais conduit \u00e0 devenir raciste.<\/p>\n<p>Et la fiert\u00e9 perdue. Moi, qui suis un vrai pr\u00e9caire, un vrai d\u00e9class\u00e9, je ne me suis jamais senti fier d&rsquo;\u00eatre banc, d&rsquo;\u00eatre un m\u00e2le, d&rsquo;\u00eatre fran\u00e7ais, bien au contraire. J&rsquo;ai toujours d\u00e9test\u00e9 ce pays, son arrogance. J&rsquo;ai toujours ha\u00ef toute forme de patriotisme.<\/p>\n<p>Il faut arr\u00eater avec cette histoire d&rsquo;influence comme si les gens n&rsquo;\u00e9taient pas assez cons pour \u00eatre racistes et d\u00e9cr\u00e9ter qu&rsquo;ils ne prendront soin de personne, except\u00e9 leurs proches et ceux qui leur ressemblent, et surtout pas des autres, des racis\u00e9s, des plus pauvres qu&rsquo;eux, de la plan\u00e8te, etc..<br \/>\nJ&rsquo;en ai ma claque de ces explications par l&rsquo;influence. Internet n&rsquo;existait pas dans l&rsquo;Italie pr\u00e9-mussolinienne, ou l&rsquo;Allemagne pr\u00e9-nazie. Il n&rsquo;y avait pas besoin de m\u00e9dias de masse pour entra\u00eener des populations enti\u00e8res derri\u00e8re un leader fasciste nationaliste.<br \/>\nLa gauche se fourre le doigt dans le nez jusque dans l&rsquo;omoplate en restant bloqu\u00e9e sur des explications aussi minables. Elle ferait mieux de contempler sa propre stupidit\u00e9 et mesurer l&rsquo;\u00e9tendue de son impuissance.<br \/>\nBref sortez de vos obsessions nationales et locales, d\u00e9passez les fronti\u00e8res de vos esprits scl\u00e9ros\u00e9s et constatez l&rsquo;extension du d\u00e9sastre.<br \/>\nIl est trop tard. Et \u00e7a fait longtemps qu&rsquo;il est trop tard. Comme pour la catastrophe climatique.<\/p>\n<\/div>\n<div class=\"moz-text-html\" lang=\"x-unicode\">\n<p>&nbsp;<\/p>\n<\/div>\n","protected":false},"excerpt":{"rendered":"<p>Cette manif aux allures de coup d&rsquo;\u00e9tat populiste fasciste, Unite the Kingdom, me plonge dans une terreur absolue. Toutes ces images de foules vocif\u00e9rantes qui reviennent, en noir et blanc (et parfois en couleur) \u00e0 lire ici par exemple dans The Guardian. (et : avez-vous vu ces yellow jackets en t\u00eate de cort\u00e8ge ? Un&hellip;<\/p>\n <a href=\"https:\/\/outsiderland.com\/danahilliot\/unite-the-kingdom-le-desir-neofasciste-dordre-et-de-purification\/\" title=\"Unite the kingdom : le d\u00e9sir n\u00e9ofasciste d&rsquo;ordre et de purification\" class=\"entry-more-link\"><span>Read More<\/span> <span class=\"screen-reader-text\">Unite the kingdom : le d\u00e9sir n\u00e9ofasciste d&rsquo;ordre et de purification<\/span><\/a>","protected":false},"author":1,"featured_media":6192,"comment_status":"closed","ping_status":"open","sticky":false,"template":"","format":"standard","meta":{"Layout":"","footnotes":"","jetpack_publicize_message":"","jetpack_publicize_feature_enabled":true,"jetpack_social_post_already_shared":true,"jetpack_social_options":{"image_generator_settings":{"template":"highway","default_image_id":0,"font":"","enabled":false},"version":2}},"categories":[99,75,114,119],"tags":[],"class_list":["entry","author-danah","post-6095","post","type-post","status-publish","format-standard","has-post-thumbnail","category-democratie","category-colonialisme","category-democratie-2","category-populisme"],"yoast_head":"<!-- This site is optimized with the Yoast SEO plugin v27.0 - https:\/\/yoast.com\/product\/yoast-seo-wordpress\/ -->\n<title>Unite the kingdom : le d\u00e9sir n\u00e9ofasciste d&#039;ordre et de purification - Outside Dana Hilliot<\/title>\n<meta name=\"robots\" content=\"index, follow, max-snippet:-1, max-image-preview:large, max-video-preview:-1\" \/>\n<link rel=\"canonical\" href=\"https:\/\/outsiderland.com\/danahilliot\/unite-the-kingdom-le-desir-neofasciste-dordre-et-de-purification\/\" \/>\n<meta property=\"og:locale\" content=\"fr_FR\" \/>\n<meta property=\"og:type\" content=\"article\" \/>\n<meta property=\"og:title\" content=\"Unite the kingdom : le d\u00e9sir n\u00e9ofasciste d&#039;ordre et de purification - Outside Dana Hilliot\" \/>\n<meta property=\"og:description\" content=\"Cette manif aux allures de coup d&rsquo;\u00e9tat populiste fasciste, Unite the Kingdom, me plonge dans une terreur absolue. Toutes ces images de foules vocif\u00e9rantes qui reviennent, en noir et blanc (et parfois en couleur) \u00e0 lire ici par exemple dans The Guardian. (et : avez-vous vu ces yellow jackets en t\u00eate de cort\u00e8ge ? Un&hellip;\" \/>\n<meta property=\"og:url\" content=\"https:\/\/outsiderland.com\/danahilliot\/unite-the-kingdom-le-desir-neofasciste-dordre-et-de-purification\/\" \/>\n<meta property=\"og:site_name\" content=\"Outside Dana Hilliot\" \/>\n<meta property=\"article:published_time\" content=\"2025-09-27T16:34:20+00:00\" \/>\n<meta property=\"article:modified_time\" content=\"2025-11-09T12:03:26+00:00\" \/>\n<meta name=\"author\" content=\"danah\" \/>\n<meta name=\"twitter:card\" content=\"summary_large_image\" \/>\n<meta name=\"twitter:label1\" content=\"\u00c9crit par\" \/>\n\t<meta name=\"twitter:data1\" content=\"danah\" \/>\n\t<meta name=\"twitter:label2\" content=\"Dur\u00e9e de lecture estim\u00e9e\" \/>\n\t<meta name=\"twitter:data2\" content=\"6 minutes\" \/>\n<script type=\"application\/ld+json\" class=\"yoast-schema-graph\">{\"@context\":\"https:\/\/schema.org\",\"@graph\":[{\"@type\":\"Article\",\"@id\":\"https:\/\/outsiderland.com\/danahilliot\/unite-the-kingdom-le-desir-neofasciste-dordre-et-de-purification\/#article\",\"isPartOf\":{\"@id\":\"https:\/\/outsiderland.com\/danahilliot\/unite-the-kingdom-le-desir-neofasciste-dordre-et-de-purification\/\"},\"author\":{\"name\":\"danah\",\"@id\":\"https:\/\/outsiderland.com\/danahilliot\/#\/schema\/person\/2f9b92e9fff19bccc36638b10510d5ae\"},\"headline\":\"Unite the kingdom : le d\u00e9sir n\u00e9ofasciste d&rsquo;ordre et de purification\",\"datePublished\":\"2025-09-27T16:34:20+00:00\",\"dateModified\":\"2025-11-09T12:03:26+00:00\",\"mainEntityOfPage\":{\"@id\":\"https:\/\/outsiderland.com\/danahilliot\/unite-the-kingdom-le-desir-neofasciste-dordre-et-de-purification\/\"},\"wordCount\":1202,\"publisher\":{\"@id\":\"https:\/\/outsiderland.com\/danahilliot\/#\/schema\/person\/201a1fef0f5c2897bd65e98bcf6b1179\"},\"image\":{\"@id\":\"https:\/\/outsiderland.com\/danahilliot\/unite-the-kingdom-le-desir-neofasciste-dordre-et-de-purification\/#primaryimage\"},\"thumbnailUrl\":\"https:\/\/outsiderland.com\/danahilliot\/wp-content\/uploads\/2025\/09\/5000.avif\",\"articleSection\":[\"(d\u00e9mocratie)\",\"Colonialisme\",\"Democratie\",\"populisme\"],\"inLanguage\":\"fr-FR\"},{\"@type\":\"WebPage\",\"@id\":\"https:\/\/outsiderland.com\/danahilliot\/unite-the-kingdom-le-desir-neofasciste-dordre-et-de-purification\/\",\"url\":\"https:\/\/outsiderland.com\/danahilliot\/unite-the-kingdom-le-desir-neofasciste-dordre-et-de-purification\/\",\"name\":\"Unite the kingdom : le d\u00e9sir n\u00e9ofasciste d'ordre et de purification - Outside Dana Hilliot\",\"isPartOf\":{\"@id\":\"https:\/\/outsiderland.com\/danahilliot\/#website\"},\"primaryImageOfPage\":{\"@id\":\"https:\/\/outsiderland.com\/danahilliot\/unite-the-kingdom-le-desir-neofasciste-dordre-et-de-purification\/#primaryimage\"},\"image\":{\"@id\":\"https:\/\/outsiderland.com\/danahilliot\/unite-the-kingdom-le-desir-neofasciste-dordre-et-de-purification\/#primaryimage\"},\"thumbnailUrl\":\"https:\/\/outsiderland.com\/danahilliot\/wp-content\/uploads\/2025\/09\/5000.avif\",\"datePublished\":\"2025-09-27T16:34:20+00:00\",\"dateModified\":\"2025-11-09T12:03:26+00:00\",\"breadcrumb\":{\"@id\":\"https:\/\/outsiderland.com\/danahilliot\/unite-the-kingdom-le-desir-neofasciste-dordre-et-de-purification\/#breadcrumb\"},\"inLanguage\":\"fr-FR\",\"potentialAction\":[{\"@type\":\"ReadAction\",\"target\":[\"https:\/\/outsiderland.com\/danahilliot\/unite-the-kingdom-le-desir-neofasciste-dordre-et-de-purification\/\"]}]},{\"@type\":\"ImageObject\",\"inLanguage\":\"fr-FR\",\"@id\":\"https:\/\/outsiderland.com\/danahilliot\/unite-the-kingdom-le-desir-neofasciste-dordre-et-de-purification\/#primaryimage\",\"url\":\"https:\/\/outsiderland.com\/danahilliot\/wp-content\/uploads\/2025\/09\/5000.avif\",\"contentUrl\":\"https:\/\/outsiderland.com\/danahilliot\/wp-content\/uploads\/2025\/09\/5000.avif\",\"width\":1900,\"height\":1520},{\"@type\":\"BreadcrumbList\",\"@id\":\"https:\/\/outsiderland.com\/danahilliot\/unite-the-kingdom-le-desir-neofasciste-dordre-et-de-purification\/#breadcrumb\",\"itemListElement\":[{\"@type\":\"ListItem\",\"position\":1,\"name\":\"Accueil\",\"item\":\"https:\/\/outsiderland.com\/danahilliot\/\"},{\"@type\":\"ListItem\",\"position\":2,\"name\":\"Unite the kingdom : le d\u00e9sir n\u00e9ofasciste d&rsquo;ordre et de purification\"}]},{\"@type\":\"WebSite\",\"@id\":\"https:\/\/outsiderland.com\/danahilliot\/#website\",\"url\":\"https:\/\/outsiderland.com\/danahilliot\/\",\"name\":\"Outside Dana Hilliot\",\"description\":\". Archives . Activit\u00e9s . Projets .\",\"publisher\":{\"@id\":\"https:\/\/outsiderland.com\/danahilliot\/#\/schema\/person\/201a1fef0f5c2897bd65e98bcf6b1179\"},\"potentialAction\":[{\"@type\":\"SearchAction\",\"target\":{\"@type\":\"EntryPoint\",\"urlTemplate\":\"https:\/\/outsiderland.com\/danahilliot\/?s={search_term_string}\"},\"query-input\":{\"@type\":\"PropertyValueSpecification\",\"valueRequired\":true,\"valueName\":\"search_term_string\"}}],\"inLanguage\":\"fr-FR\"},{\"@type\":[\"Person\",\"Organization\"],\"@id\":\"https:\/\/outsiderland.com\/danahilliot\/#\/schema\/person\/201a1fef0f5c2897bd65e98bcf6b1179\",\"name\":\"danahilliot\",\"image\":{\"@type\":\"ImageObject\",\"inLanguage\":\"fr-FR\",\"@id\":\"https:\/\/outsiderland.com\/danahilliot\/#\/schema\/person\/image\/\",\"url\":\"https:\/\/outsiderland.com\/danahilliot\/wp-content\/uploads\/2026\/02\/50801449407_a909f2c1ad_k.jpg\",\"contentUrl\":\"https:\/\/outsiderland.com\/danahilliot\/wp-content\/uploads\/2026\/02\/50801449407_a909f2c1ad_k.jpg\",\"width\":2048,\"height\":1536,\"caption\":\"danahilliot\"},\"logo\":{\"@id\":\"https:\/\/outsiderland.com\/danahilliot\/#\/schema\/person\/image\/\"}},{\"@type\":\"Person\",\"@id\":\"https:\/\/outsiderland.com\/danahilliot\/#\/schema\/person\/2f9b92e9fff19bccc36638b10510d5ae\",\"name\":\"danah\",\"image\":{\"@type\":\"ImageObject\",\"inLanguage\":\"fr-FR\",\"@id\":\"https:\/\/outsiderland.com\/danahilliot\/#\/schema\/person\/image\/\",\"url\":\"https:\/\/secure.gravatar.com\/avatar\/ed6349755e1d97f204277de3d09fc6ac31abd856835c8ea3c3a30d0aa84b0ddd?s=96&d=mm&r=g\",\"contentUrl\":\"https:\/\/secure.gravatar.com\/avatar\/ed6349755e1d97f204277de3d09fc6ac31abd856835c8ea3c3a30d0aa84b0ddd?s=96&d=mm&r=g\",\"caption\":\"danah\"},\"url\":\"https:\/\/outsiderland.com\/danahilliot\/author\/danah\/\"}]}<\/script>\n<!-- \/ Yoast SEO plugin. -->","yoast_head_json":{"title":"Unite the kingdom : le d\u00e9sir n\u00e9ofasciste d'ordre et de purification - Outside Dana Hilliot","robots":{"index":"index","follow":"follow","max-snippet":"max-snippet:-1","max-image-preview":"max-image-preview:large","max-video-preview":"max-video-preview:-1"},"canonical":"https:\/\/outsiderland.com\/danahilliot\/unite-the-kingdom-le-desir-neofasciste-dordre-et-de-purification\/","og_locale":"fr_FR","og_type":"article","og_title":"Unite the kingdom : le d\u00e9sir n\u00e9ofasciste d'ordre et de purification - Outside Dana Hilliot","og_description":"Cette manif aux allures de coup d&rsquo;\u00e9tat populiste fasciste, Unite the Kingdom, me plonge dans une terreur absolue. Toutes ces images de foules vocif\u00e9rantes qui reviennent, en noir et blanc (et parfois en couleur) \u00e0 lire ici par exemple dans The Guardian. (et : avez-vous vu ces yellow jackets en t\u00eate de cort\u00e8ge ? Un&hellip;","og_url":"https:\/\/outsiderland.com\/danahilliot\/unite-the-kingdom-le-desir-neofasciste-dordre-et-de-purification\/","og_site_name":"Outside Dana Hilliot","article_published_time":"2025-09-27T16:34:20+00:00","article_modified_time":"2025-11-09T12:03:26+00:00","author":"danah","twitter_card":"summary_large_image","twitter_misc":{"\u00c9crit par":"danah","Dur\u00e9e de lecture estim\u00e9e":"6 minutes"},"schema":{"@context":"https:\/\/schema.org","@graph":[{"@type":"Article","@id":"https:\/\/outsiderland.com\/danahilliot\/unite-the-kingdom-le-desir-neofasciste-dordre-et-de-purification\/#article","isPartOf":{"@id":"https:\/\/outsiderland.com\/danahilliot\/unite-the-kingdom-le-desir-neofasciste-dordre-et-de-purification\/"},"author":{"name":"danah","@id":"https:\/\/outsiderland.com\/danahilliot\/#\/schema\/person\/2f9b92e9fff19bccc36638b10510d5ae"},"headline":"Unite the kingdom : le d\u00e9sir n\u00e9ofasciste d&rsquo;ordre et de purification","datePublished":"2025-09-27T16:34:20+00:00","dateModified":"2025-11-09T12:03:26+00:00","mainEntityOfPage":{"@id":"https:\/\/outsiderland.com\/danahilliot\/unite-the-kingdom-le-desir-neofasciste-dordre-et-de-purification\/"},"wordCount":1202,"publisher":{"@id":"https:\/\/outsiderland.com\/danahilliot\/#\/schema\/person\/201a1fef0f5c2897bd65e98bcf6b1179"},"image":{"@id":"https:\/\/outsiderland.com\/danahilliot\/unite-the-kingdom-le-desir-neofasciste-dordre-et-de-purification\/#primaryimage"},"thumbnailUrl":"https:\/\/outsiderland.com\/danahilliot\/wp-content\/uploads\/2025\/09\/5000.avif","articleSection":["(d\u00e9mocratie)","Colonialisme","Democratie","populisme"],"inLanguage":"fr-FR"},{"@type":"WebPage","@id":"https:\/\/outsiderland.com\/danahilliot\/unite-the-kingdom-le-desir-neofasciste-dordre-et-de-purification\/","url":"https:\/\/outsiderland.com\/danahilliot\/unite-the-kingdom-le-desir-neofasciste-dordre-et-de-purification\/","name":"Unite the kingdom : le d\u00e9sir n\u00e9ofasciste d'ordre et de purification - Outside Dana Hilliot","isPartOf":{"@id":"https:\/\/outsiderland.com\/danahilliot\/#website"},"primaryImageOfPage":{"@id":"https:\/\/outsiderland.com\/danahilliot\/unite-the-kingdom-le-desir-neofasciste-dordre-et-de-purification\/#primaryimage"},"image":{"@id":"https:\/\/outsiderland.com\/danahilliot\/unite-the-kingdom-le-desir-neofasciste-dordre-et-de-purification\/#primaryimage"},"thumbnailUrl":"https:\/\/outsiderland.com\/danahilliot\/wp-content\/uploads\/2025\/09\/5000.avif","datePublished":"2025-09-27T16:34:20+00:00","dateModified":"2025-11-09T12:03:26+00:00","breadcrumb":{"@id":"https:\/\/outsiderland.com\/danahilliot\/unite-the-kingdom-le-desir-neofasciste-dordre-et-de-purification\/#breadcrumb"},"inLanguage":"fr-FR","potentialAction":[{"@type":"ReadAction","target":["https:\/\/outsiderland.com\/danahilliot\/unite-the-kingdom-le-desir-neofasciste-dordre-et-de-purification\/"]}]},{"@type":"ImageObject","inLanguage":"fr-FR","@id":"https:\/\/outsiderland.com\/danahilliot\/unite-the-kingdom-le-desir-neofasciste-dordre-et-de-purification\/#primaryimage","url":"https:\/\/outsiderland.com\/danahilliot\/wp-content\/uploads\/2025\/09\/5000.avif","contentUrl":"https:\/\/outsiderland.com\/danahilliot\/wp-content\/uploads\/2025\/09\/5000.avif","width":1900,"height":1520},{"@type":"BreadcrumbList","@id":"https:\/\/outsiderland.com\/danahilliot\/unite-the-kingdom-le-desir-neofasciste-dordre-et-de-purification\/#breadcrumb","itemListElement":[{"@type":"ListItem","position":1,"name":"Accueil","item":"https:\/\/outsiderland.com\/danahilliot\/"},{"@type":"ListItem","position":2,"name":"Unite the kingdom : le d\u00e9sir n\u00e9ofasciste d&rsquo;ordre et de purification"}]},{"@type":"WebSite","@id":"https:\/\/outsiderland.com\/danahilliot\/#website","url":"https:\/\/outsiderland.com\/danahilliot\/","name":"Outside Dana Hilliot","description":". Archives . Activit\u00e9s . Projets .","publisher":{"@id":"https:\/\/outsiderland.com\/danahilliot\/#\/schema\/person\/201a1fef0f5c2897bd65e98bcf6b1179"},"potentialAction":[{"@type":"SearchAction","target":{"@type":"EntryPoint","urlTemplate":"https:\/\/outsiderland.com\/danahilliot\/?s={search_term_string}"},"query-input":{"@type":"PropertyValueSpecification","valueRequired":true,"valueName":"search_term_string"}}],"inLanguage":"fr-FR"},{"@type":["Person","Organization"],"@id":"https:\/\/outsiderland.com\/danahilliot\/#\/schema\/person\/201a1fef0f5c2897bd65e98bcf6b1179","name":"danahilliot","image":{"@type":"ImageObject","inLanguage":"fr-FR","@id":"https:\/\/outsiderland.com\/danahilliot\/#\/schema\/person\/image\/","url":"https:\/\/outsiderland.com\/danahilliot\/wp-content\/uploads\/2026\/02\/50801449407_a909f2c1ad_k.jpg","contentUrl":"https:\/\/outsiderland.com\/danahilliot\/wp-content\/uploads\/2026\/02\/50801449407_a909f2c1ad_k.jpg","width":2048,"height":1536,"caption":"danahilliot"},"logo":{"@id":"https:\/\/outsiderland.com\/danahilliot\/#\/schema\/person\/image\/"}},{"@type":"Person","@id":"https:\/\/outsiderland.com\/danahilliot\/#\/schema\/person\/2f9b92e9fff19bccc36638b10510d5ae","name":"danah","image":{"@type":"ImageObject","inLanguage":"fr-FR","@id":"https:\/\/outsiderland.com\/danahilliot\/#\/schema\/person\/image\/","url":"https:\/\/secure.gravatar.com\/avatar\/ed6349755e1d97f204277de3d09fc6ac31abd856835c8ea3c3a30d0aa84b0ddd?s=96&d=mm&r=g","contentUrl":"https:\/\/secure.gravatar.com\/avatar\/ed6349755e1d97f204277de3d09fc6ac31abd856835c8ea3c3a30d0aa84b0ddd?s=96&d=mm&r=g","caption":"danah"},"url":"https:\/\/outsiderland.com\/danahilliot\/author\/danah\/"}]}},"jetpack_publicize_connections":[],"_links":{"self":[{"href":"https:\/\/outsiderland.com\/danahilliot\/wp-json\/wp\/v2\/posts\/6095","targetHints":{"allow":["GET"]}}],"collection":[{"href":"https:\/\/outsiderland.com\/danahilliot\/wp-json\/wp\/v2\/posts"}],"about":[{"href":"https:\/\/outsiderland.com\/danahilliot\/wp-json\/wp\/v2\/types\/post"}],"author":[{"embeddable":true,"href":"https:\/\/outsiderland.com\/danahilliot\/wp-json\/wp\/v2\/users\/1"}],"replies":[{"embeddable":true,"href":"https:\/\/outsiderland.com\/danahilliot\/wp-json\/wp\/v2\/comments?post=6095"}],"version-history":[{"count":3,"href":"https:\/\/outsiderland.com\/danahilliot\/wp-json\/wp\/v2\/posts\/6095\/revisions"}],"predecessor-version":[{"id":6098,"href":"https:\/\/outsiderland.com\/danahilliot\/wp-json\/wp\/v2\/posts\/6095\/revisions\/6098"}],"wp:featuredmedia":[{"embeddable":true,"href":"https:\/\/outsiderland.com\/danahilliot\/wp-json\/wp\/v2\/media\/6192"}],"wp:attachment":[{"href":"https:\/\/outsiderland.com\/danahilliot\/wp-json\/wp\/v2\/media?parent=6095"}],"wp:term":[{"taxonomy":"category","embeddable":true,"href":"https:\/\/outsiderland.com\/danahilliot\/wp-json\/wp\/v2\/categories?post=6095"},{"taxonomy":"post_tag","embeddable":true,"href":"https:\/\/outsiderland.com\/danahilliot\/wp-json\/wp\/v2\/tags?post=6095"}],"curies":[{"name":"wp","href":"https:\/\/api.w.org\/{rel}","templated":true}]}}