{"id":6081,"date":"2025-12-27T16:23:59","date_gmt":"2025-12-27T16:23:59","guid":{"rendered":"https:\/\/outsiderland.com\/danahilliot\/?p=6081"},"modified":"2026-01-20T21:21:00","modified_gmt":"2026-01-20T21:21:00","slug":"la-responsabilite-inter-generationnelle-avec-stephen-gardiner","status":"publish","type":"post","link":"https:\/\/outsiderland.com\/danahilliot\/la-responsabilite-inter-generationnelle-avec-stephen-gardiner\/","title":{"rendered":"La responsabilit\u00e9 inter-g\u00e9n\u00e9rationnelle (avec Stephen Gardiner)"},"content":{"rendered":"<p>\u00ab\u00a0<em>Il y a quelque chose d&rsquo;immoral, qu&rsquo;une g\u00e9n\u00e9ration ne pense pas \u00e0 la g\u00e9n\u00e9ration suivante, qui lui impose, sans lui dire, de payer<\/em>\u00a0\u00bb<\/p>\n<p>Oui, Fran\u00e7ois Bayrou, comme souvent, tu trouves les mots justes. C&rsquo;est exactement ce que \u00e0 quoi nous nous employons, chaque jour que le diable fait sous le r\u00e9gime du capitaloc\u00e8ne (ou de l&rsquo;anthropo-obscene pour reprendre la formule d&rsquo;Erik Swyngedouw) : nous fabriquons avec z\u00e8le un monde qui devient chaque jour de plus en plus inhabitable, et nous en laissons le fardeau aux g\u00e9n\u00e9rations qui nous succ\u00e9deront (certaines sont d\u00e9j\u00e0 de ce monde, ce sont nos enfants, et d&rsquo;autres ont d\u00e9j\u00e0 p\u00e9ri, notamment dans les zones de sacrifice de l&rsquo;extraction globale)<\/p>\n<p>Stephen Gardiner, dans un chapitre stimulant du recueil :<em> Climate Ethics. Essential Readings, Oxford University Press<\/em>, USA (le texte date de 2010), proposait un calcul moral apocalyptique (qui montre \u00e9videmment les accablantes limites de l&rsquo;approche utilitariste, mais passons..)<\/p>\n<blockquote><p>\u00ab\u00a01. le changement climatique n\u2019est pas un ph\u00e9nom\u00e8ne statique. En n\u2019agissant pas de mani\u00e8re appropri\u00e9e, la g\u00e9n\u00e9ration actuelle ne se contente pas de transmettre un probl\u00e8me existant aux g\u00e9n\u00e9rations futures ; elle l\u2019aggrave. D\u2019une part, elle augmente les co\u00fbts de la lutte contre le changement climatique : ne pas agir maintenant accro\u00eet l\u2019ampleur du changement climatique futur et de ses effets. D\u2019autre part, elle augmente les co\u00fbts d\u2019att\u00e9nuation : ne pas agir maintenant rend le changement plus difficile car cela permet d\u2019investir davantage dans les infrastructures bas\u00e9es sur les combustibles fossiles dans les pays d\u00e9velopp\u00e9s et surtout dans les pays moins d\u00e9velopp\u00e9s. Par cons\u00e9quent, l\u2019inaction augmente les co\u00fbts de transition, rendant les changements futurs plus difficiles que les changements actuels. Enfin, et c\u2019est peut-\u00eatre le plus important, la g\u00e9n\u00e9ration actuelle n\u2019aggrave pas le probl\u00e8me de mani\u00e8re lin\u00e9aire. Au contraire, elle acc\u00e9l\u00e8re rapidement le probl\u00e8me, puisque les \u00e9missions mondiales augmentent \u00e0 un rythme consid\u00e9rable (&#8230;)<\/p>\n<p>2, une action insuffisante peut faire souffrir inutilement certaines g\u00e9n\u00e9rations. Supposons qu\u2019\u00e0 l\u2019heure actuelle, le changement climatique affecte gravement les perspectives des g\u00e9n\u00e9rations A, B et C. Supposons ensuite que si la g\u00e9n\u00e9ration A refuse d\u2019agir, l\u2019effet se poursuivra plus longtemps et nuira aux g\u00e9n\u00e9rations D et E. L\u2019inaction de la g\u00e9n\u00e9ration A peut alors s\u2019aggraver de mani\u00e8re significative. En plus de ne pas aider les g\u00e9n\u00e9rations B et C (et probablement aussi d\u2019augmenter l\u2019ampleur des dommages qui leur sont inflig\u00e9s), la g\u00e9n\u00e9ration A nuit maintenant aux g\u00e9n\u00e9rations D et E, qui seraient autrement \u00e9pargn\u00e9es. D\u2019un certain point de vue, cela pourrait \u00eatre consid\u00e9r\u00e9 comme particuli\u00e8rement grave, puisqu\u2019on pourrait dire que cela viole un principe moral fondamental : \u00ab Ne pas nuire \u00bb.<\/p>\n<p>3, l\u2019inaction de la g\u00e9n\u00e9ration A peut cr\u00e9er des situations o\u00f9 des choix tragiques doivent \u00eatre faits. Une g\u00e9n\u00e9ration peut mal agir si elle met en place un ensemble de circonstances futures qui obligent moralement ses successeurs (et peut-\u00eatre m\u00eame elle-m\u00eame) \u00e0 faire souffrir d\u2019autres g\u00e9n\u00e9rations, soit inutilement, soit plus qu\u2019elles ne l\u2019auraient fait autrement. Supposons, par exemple, que la g\u00e9n\u00e9ration A puisse et doive agir maintenant pour limiter le changement climatique de mani\u00e8re \u00e0 ce que la g\u00e9n\u00e9ration D soit maintenue en dessous d\u2019un certain seuil climatique crucial, mais que tout retard signifie qu\u2019elle franchira ce seuil. Si le d\u00e9passement du seuil impose des co\u00fbts importants \u00e0 la g\u00e9n\u00e9ration D, sa situation peut \u00eatre si d\u00e9sastreuse qu\u2019elle est oblig\u00e9e de prendre des mesures qui nuiront \u00e0 la g\u00e9n\u00e9ration F \u2013 comme l\u2019\u00e9mission d\u2019encore plus de gaz \u00e0 effet de serre \u2013 qu\u2019elle n\u2019aurait pas eu besoin d\u2019envisager autrement. Ce que je veux dire, c\u2019est ceci. Dans certaines circonstances, des actions qui nuisent \u00e0 d\u2019autres personnes innocentes peuvent \u00eatre moralement autoris\u00e9es pour des raisons de l\u00e9gitime d\u00e9fense, et de telles circonstances peuvent se pr\u00e9senter dans le cas du changement climatique. L\u2019affirmation est donc la suivante : s\u2019il existe une exception de l\u00e9gitime d\u00e9fense \u00e0 l\u2019interdiction de nuire \u00e0 des tiers innocents, la g\u00e9n\u00e9ration A peut se comporter mal en cr\u00e9ant une situation telle que la g\u00e9n\u00e9ration D est oblig\u00e9e de faire appel \u00e0 l\u2019exception de l\u00e9gitime d\u00e9fense et inflige ainsi des souffrances suppl\u00e9mentaires \u00e0 la g\u00e9n\u00e9ration F. De plus, comme dans le cas du PIP (<em>pure intergenerational problem<\/em>) de base, ce probl\u00e8me peut devenir it\u00e9ratif : peut-\u00eatre que la g\u00e9n\u00e9ration F doit elle aussi faire appel \u00e0 l\u2019exception de l\u00e9gitime d\u00e9fense et infliger ainsi des dommages \u00e0 la g\u00e9n\u00e9ration H, et ainsi de suite.\u00a0\u00bb<\/p><\/blockquote>\n","protected":false},"excerpt":{"rendered":"<p>\u00ab\u00a0Il y a quelque chose d&rsquo;immoral, qu&rsquo;une g\u00e9n\u00e9ration ne pense pas \u00e0 la g\u00e9n\u00e9ration suivante, qui lui impose, sans lui dire, de payer\u00a0\u00bb Oui, Fran\u00e7ois Bayrou, comme souvent, tu trouves les mots justes. C&rsquo;est exactement ce que \u00e0 quoi nous nous employons, chaque jour que le diable fait sous le r\u00e9gime du capitaloc\u00e8ne (ou de&hellip;<\/p>\n <a href=\"https:\/\/outsiderland.com\/danahilliot\/la-responsabilite-inter-generationnelle-avec-stephen-gardiner\/\" title=\"La responsabilit\u00e9 inter-g\u00e9n\u00e9rationnelle (avec Stephen Gardiner)\" class=\"entry-more-link\"><span>Read More<\/span> <span class=\"screen-reader-text\">La responsabilit\u00e9 inter-g\u00e9n\u00e9rationnelle (avec Stephen Gardiner)<\/span><\/a>","protected":false},"author":1,"featured_media":0,"comment_status":"closed","ping_status":"open","sticky":false,"template":"","format":"standard","meta":{"Layout":"","footnotes":"","jetpack_publicize_message":"","jetpack_publicize_feature_enabled":true,"jetpack_social_post_already_shared":true,"jetpack_social_options":{"image_generator_settings":{"template":"highway","default_image_id":0,"font":"","enabled":false},"version":2}},"categories":[64,111],"tags":[],"class_list":["entry","author-danah","post-6081","post","type-post","status-publish","format-standard","category-catastrophe-climatique","category-philosophie"],"yoast_head":"<!-- This site is optimized with the Yoast SEO plugin v27.0 - https:\/\/yoast.com\/product\/yoast-seo-wordpress\/ -->\n<title>La responsabilit\u00e9 inter-g\u00e9n\u00e9rationnelle (avec Stephen Gardiner) - Outside Dana Hilliot<\/title>\n<meta name=\"robots\" content=\"index, follow, max-snippet:-1, max-image-preview:large, max-video-preview:-1\" \/>\n<link rel=\"canonical\" href=\"https:\/\/outsiderland.com\/danahilliot\/la-responsabilite-inter-generationnelle-avec-stephen-gardiner\/\" \/>\n<meta property=\"og:locale\" content=\"fr_FR\" \/>\n<meta property=\"og:type\" content=\"article\" \/>\n<meta property=\"og:title\" content=\"La responsabilit\u00e9 inter-g\u00e9n\u00e9rationnelle (avec Stephen Gardiner) - Outside Dana Hilliot\" \/>\n<meta property=\"og:description\" content=\"\u00ab\u00a0Il y a quelque chose d&rsquo;immoral, qu&rsquo;une g\u00e9n\u00e9ration ne pense pas \u00e0 la g\u00e9n\u00e9ration suivante, qui lui impose, sans lui dire, de payer\u00a0\u00bb Oui, Fran\u00e7ois Bayrou, comme souvent, tu trouves les mots justes. C&rsquo;est exactement ce que \u00e0 quoi nous nous employons, chaque jour que le diable fait sous le r\u00e9gime du capitaloc\u00e8ne (ou de&hellip;\" \/>\n<meta property=\"og:url\" content=\"https:\/\/outsiderland.com\/danahilliot\/la-responsabilite-inter-generationnelle-avec-stephen-gardiner\/\" \/>\n<meta property=\"og:site_name\" content=\"Outside Dana Hilliot\" \/>\n<meta property=\"article:published_time\" content=\"2025-12-27T16:23:59+00:00\" \/>\n<meta property=\"article:modified_time\" content=\"2026-01-20T21:21:00+00:00\" \/>\n<meta name=\"author\" content=\"danah\" \/>\n<meta name=\"twitter:card\" content=\"summary_large_image\" \/>\n<meta name=\"twitter:label1\" content=\"\u00c9crit par\" \/>\n\t<meta name=\"twitter:data1\" content=\"danah\" \/>\n\t<meta name=\"twitter:label2\" content=\"Dur\u00e9e de lecture estim\u00e9e\" \/>\n\t<meta name=\"twitter:data2\" content=\"4 minutes\" \/>\n<script type=\"application\/ld+json\" class=\"yoast-schema-graph\">{\"@context\":\"https:\/\/schema.org\",\"@graph\":[{\"@type\":\"Article\",\"@id\":\"https:\/\/outsiderland.com\/danahilliot\/la-responsabilite-inter-generationnelle-avec-stephen-gardiner\/#article\",\"isPartOf\":{\"@id\":\"https:\/\/outsiderland.com\/danahilliot\/la-responsabilite-inter-generationnelle-avec-stephen-gardiner\/\"},\"author\":{\"name\":\"danah\",\"@id\":\"https:\/\/outsiderland.com\/danahilliot\/#\/schema\/person\/2f9b92e9fff19bccc36638b10510d5ae\"},\"headline\":\"La responsabilit\u00e9 inter-g\u00e9n\u00e9rationnelle (avec Stephen Gardiner)\",\"datePublished\":\"2025-12-27T16:23:59+00:00\",\"dateModified\":\"2026-01-20T21:21:00+00:00\",\"mainEntityOfPage\":{\"@id\":\"https:\/\/outsiderland.com\/danahilliot\/la-responsabilite-inter-generationnelle-avec-stephen-gardiner\/\"},\"wordCount\":859,\"publisher\":{\"@id\":\"https:\/\/outsiderland.com\/danahilliot\/#\/schema\/person\/201a1fef0f5c2897bd65e98bcf6b1179\"},\"articleSection\":[\"Catastrophe Climatique\",\"Philosophie\"],\"inLanguage\":\"fr-FR\"},{\"@type\":\"WebPage\",\"@id\":\"https:\/\/outsiderland.com\/danahilliot\/la-responsabilite-inter-generationnelle-avec-stephen-gardiner\/\",\"url\":\"https:\/\/outsiderland.com\/danahilliot\/la-responsabilite-inter-generationnelle-avec-stephen-gardiner\/\",\"name\":\"La responsabilit\u00e9 inter-g\u00e9n\u00e9rationnelle (avec Stephen Gardiner) - Outside Dana Hilliot\",\"isPartOf\":{\"@id\":\"https:\/\/outsiderland.com\/danahilliot\/#website\"},\"datePublished\":\"2025-12-27T16:23:59+00:00\",\"dateModified\":\"2026-01-20T21:21:00+00:00\",\"breadcrumb\":{\"@id\":\"https:\/\/outsiderland.com\/danahilliot\/la-responsabilite-inter-generationnelle-avec-stephen-gardiner\/#breadcrumb\"},\"inLanguage\":\"fr-FR\",\"potentialAction\":[{\"@type\":\"ReadAction\",\"target\":[\"https:\/\/outsiderland.com\/danahilliot\/la-responsabilite-inter-generationnelle-avec-stephen-gardiner\/\"]}]},{\"@type\":\"BreadcrumbList\",\"@id\":\"https:\/\/outsiderland.com\/danahilliot\/la-responsabilite-inter-generationnelle-avec-stephen-gardiner\/#breadcrumb\",\"itemListElement\":[{\"@type\":\"ListItem\",\"position\":1,\"name\":\"Accueil\",\"item\":\"https:\/\/outsiderland.com\/danahilliot\/\"},{\"@type\":\"ListItem\",\"position\":2,\"name\":\"La responsabilit\u00e9 inter-g\u00e9n\u00e9rationnelle (avec Stephen Gardiner)\"}]},{\"@type\":\"WebSite\",\"@id\":\"https:\/\/outsiderland.com\/danahilliot\/#website\",\"url\":\"https:\/\/outsiderland.com\/danahilliot\/\",\"name\":\"Outside Dana Hilliot\",\"description\":\". Archives . Activit\u00e9s . Projets .\",\"publisher\":{\"@id\":\"https:\/\/outsiderland.com\/danahilliot\/#\/schema\/person\/201a1fef0f5c2897bd65e98bcf6b1179\"},\"potentialAction\":[{\"@type\":\"SearchAction\",\"target\":{\"@type\":\"EntryPoint\",\"urlTemplate\":\"https:\/\/outsiderland.com\/danahilliot\/?s={search_term_string}\"},\"query-input\":{\"@type\":\"PropertyValueSpecification\",\"valueRequired\":true,\"valueName\":\"search_term_string\"}}],\"inLanguage\":\"fr-FR\"},{\"@type\":[\"Person\",\"Organization\"],\"@id\":\"https:\/\/outsiderland.com\/danahilliot\/#\/schema\/person\/201a1fef0f5c2897bd65e98bcf6b1179\",\"name\":\"danahilliot\",\"image\":{\"@type\":\"ImageObject\",\"inLanguage\":\"fr-FR\",\"@id\":\"https:\/\/outsiderland.com\/danahilliot\/#\/schema\/person\/image\/\",\"url\":\"https:\/\/outsiderland.com\/danahilliot\/wp-content\/uploads\/2026\/02\/50801449407_a909f2c1ad_k.jpg\",\"contentUrl\":\"https:\/\/outsiderland.com\/danahilliot\/wp-content\/uploads\/2026\/02\/50801449407_a909f2c1ad_k.jpg\",\"width\":2048,\"height\":1536,\"caption\":\"danahilliot\"},\"logo\":{\"@id\":\"https:\/\/outsiderland.com\/danahilliot\/#\/schema\/person\/image\/\"}},{\"@type\":\"Person\",\"@id\":\"https:\/\/outsiderland.com\/danahilliot\/#\/schema\/person\/2f9b92e9fff19bccc36638b10510d5ae\",\"name\":\"danah\",\"image\":{\"@type\":\"ImageObject\",\"inLanguage\":\"fr-FR\",\"@id\":\"https:\/\/outsiderland.com\/danahilliot\/#\/schema\/person\/image\/\",\"url\":\"https:\/\/secure.gravatar.com\/avatar\/ed6349755e1d97f204277de3d09fc6ac31abd856835c8ea3c3a30d0aa84b0ddd?s=96&d=mm&r=g\",\"contentUrl\":\"https:\/\/secure.gravatar.com\/avatar\/ed6349755e1d97f204277de3d09fc6ac31abd856835c8ea3c3a30d0aa84b0ddd?s=96&d=mm&r=g\",\"caption\":\"danah\"},\"url\":\"https:\/\/outsiderland.com\/danahilliot\/author\/danah\/\"}]}<\/script>\n<!-- \/ Yoast SEO plugin. -->","yoast_head_json":{"title":"La responsabilit\u00e9 inter-g\u00e9n\u00e9rationnelle (avec Stephen Gardiner) - Outside Dana Hilliot","robots":{"index":"index","follow":"follow","max-snippet":"max-snippet:-1","max-image-preview":"max-image-preview:large","max-video-preview":"max-video-preview:-1"},"canonical":"https:\/\/outsiderland.com\/danahilliot\/la-responsabilite-inter-generationnelle-avec-stephen-gardiner\/","og_locale":"fr_FR","og_type":"article","og_title":"La responsabilit\u00e9 inter-g\u00e9n\u00e9rationnelle (avec Stephen Gardiner) - Outside Dana Hilliot","og_description":"\u00ab\u00a0Il y a quelque chose d&rsquo;immoral, qu&rsquo;une g\u00e9n\u00e9ration ne pense pas \u00e0 la g\u00e9n\u00e9ration suivante, qui lui impose, sans lui dire, de payer\u00a0\u00bb Oui, Fran\u00e7ois Bayrou, comme souvent, tu trouves les mots justes. C&rsquo;est exactement ce que \u00e0 quoi nous nous employons, chaque jour que le diable fait sous le r\u00e9gime du capitaloc\u00e8ne (ou de&hellip;","og_url":"https:\/\/outsiderland.com\/danahilliot\/la-responsabilite-inter-generationnelle-avec-stephen-gardiner\/","og_site_name":"Outside Dana Hilliot","article_published_time":"2025-12-27T16:23:59+00:00","article_modified_time":"2026-01-20T21:21:00+00:00","author":"danah","twitter_card":"summary_large_image","twitter_misc":{"\u00c9crit par":"danah","Dur\u00e9e de lecture estim\u00e9e":"4 minutes"},"schema":{"@context":"https:\/\/schema.org","@graph":[{"@type":"Article","@id":"https:\/\/outsiderland.com\/danahilliot\/la-responsabilite-inter-generationnelle-avec-stephen-gardiner\/#article","isPartOf":{"@id":"https:\/\/outsiderland.com\/danahilliot\/la-responsabilite-inter-generationnelle-avec-stephen-gardiner\/"},"author":{"name":"danah","@id":"https:\/\/outsiderland.com\/danahilliot\/#\/schema\/person\/2f9b92e9fff19bccc36638b10510d5ae"},"headline":"La responsabilit\u00e9 inter-g\u00e9n\u00e9rationnelle (avec Stephen Gardiner)","datePublished":"2025-12-27T16:23:59+00:00","dateModified":"2026-01-20T21:21:00+00:00","mainEntityOfPage":{"@id":"https:\/\/outsiderland.com\/danahilliot\/la-responsabilite-inter-generationnelle-avec-stephen-gardiner\/"},"wordCount":859,"publisher":{"@id":"https:\/\/outsiderland.com\/danahilliot\/#\/schema\/person\/201a1fef0f5c2897bd65e98bcf6b1179"},"articleSection":["Catastrophe Climatique","Philosophie"],"inLanguage":"fr-FR"},{"@type":"WebPage","@id":"https:\/\/outsiderland.com\/danahilliot\/la-responsabilite-inter-generationnelle-avec-stephen-gardiner\/","url":"https:\/\/outsiderland.com\/danahilliot\/la-responsabilite-inter-generationnelle-avec-stephen-gardiner\/","name":"La responsabilit\u00e9 inter-g\u00e9n\u00e9rationnelle (avec Stephen Gardiner) - Outside Dana Hilliot","isPartOf":{"@id":"https:\/\/outsiderland.com\/danahilliot\/#website"},"datePublished":"2025-12-27T16:23:59+00:00","dateModified":"2026-01-20T21:21:00+00:00","breadcrumb":{"@id":"https:\/\/outsiderland.com\/danahilliot\/la-responsabilite-inter-generationnelle-avec-stephen-gardiner\/#breadcrumb"},"inLanguage":"fr-FR","potentialAction":[{"@type":"ReadAction","target":["https:\/\/outsiderland.com\/danahilliot\/la-responsabilite-inter-generationnelle-avec-stephen-gardiner\/"]}]},{"@type":"BreadcrumbList","@id":"https:\/\/outsiderland.com\/danahilliot\/la-responsabilite-inter-generationnelle-avec-stephen-gardiner\/#breadcrumb","itemListElement":[{"@type":"ListItem","position":1,"name":"Accueil","item":"https:\/\/outsiderland.com\/danahilliot\/"},{"@type":"ListItem","position":2,"name":"La responsabilit\u00e9 inter-g\u00e9n\u00e9rationnelle (avec Stephen Gardiner)"}]},{"@type":"WebSite","@id":"https:\/\/outsiderland.com\/danahilliot\/#website","url":"https:\/\/outsiderland.com\/danahilliot\/","name":"Outside Dana Hilliot","description":". Archives . Activit\u00e9s . Projets .","publisher":{"@id":"https:\/\/outsiderland.com\/danahilliot\/#\/schema\/person\/201a1fef0f5c2897bd65e98bcf6b1179"},"potentialAction":[{"@type":"SearchAction","target":{"@type":"EntryPoint","urlTemplate":"https:\/\/outsiderland.com\/danahilliot\/?s={search_term_string}"},"query-input":{"@type":"PropertyValueSpecification","valueRequired":true,"valueName":"search_term_string"}}],"inLanguage":"fr-FR"},{"@type":["Person","Organization"],"@id":"https:\/\/outsiderland.com\/danahilliot\/#\/schema\/person\/201a1fef0f5c2897bd65e98bcf6b1179","name":"danahilliot","image":{"@type":"ImageObject","inLanguage":"fr-FR","@id":"https:\/\/outsiderland.com\/danahilliot\/#\/schema\/person\/image\/","url":"https:\/\/outsiderland.com\/danahilliot\/wp-content\/uploads\/2026\/02\/50801449407_a909f2c1ad_k.jpg","contentUrl":"https:\/\/outsiderland.com\/danahilliot\/wp-content\/uploads\/2026\/02\/50801449407_a909f2c1ad_k.jpg","width":2048,"height":1536,"caption":"danahilliot"},"logo":{"@id":"https:\/\/outsiderland.com\/danahilliot\/#\/schema\/person\/image\/"}},{"@type":"Person","@id":"https:\/\/outsiderland.com\/danahilliot\/#\/schema\/person\/2f9b92e9fff19bccc36638b10510d5ae","name":"danah","image":{"@type":"ImageObject","inLanguage":"fr-FR","@id":"https:\/\/outsiderland.com\/danahilliot\/#\/schema\/person\/image\/","url":"https:\/\/secure.gravatar.com\/avatar\/ed6349755e1d97f204277de3d09fc6ac31abd856835c8ea3c3a30d0aa84b0ddd?s=96&d=mm&r=g","contentUrl":"https:\/\/secure.gravatar.com\/avatar\/ed6349755e1d97f204277de3d09fc6ac31abd856835c8ea3c3a30d0aa84b0ddd?s=96&d=mm&r=g","caption":"danah"},"url":"https:\/\/outsiderland.com\/danahilliot\/author\/danah\/"}]}},"jetpack_publicize_connections":[],"_links":{"self":[{"href":"https:\/\/outsiderland.com\/danahilliot\/wp-json\/wp\/v2\/posts\/6081","targetHints":{"allow":["GET"]}}],"collection":[{"href":"https:\/\/outsiderland.com\/danahilliot\/wp-json\/wp\/v2\/posts"}],"about":[{"href":"https:\/\/outsiderland.com\/danahilliot\/wp-json\/wp\/v2\/types\/post"}],"author":[{"embeddable":true,"href":"https:\/\/outsiderland.com\/danahilliot\/wp-json\/wp\/v2\/users\/1"}],"replies":[{"embeddable":true,"href":"https:\/\/outsiderland.com\/danahilliot\/wp-json\/wp\/v2\/comments?post=6081"}],"version-history":[{"count":2,"href":"https:\/\/outsiderland.com\/danahilliot\/wp-json\/wp\/v2\/posts\/6081\/revisions"}],"predecessor-version":[{"id":6083,"href":"https:\/\/outsiderland.com\/danahilliot\/wp-json\/wp\/v2\/posts\/6081\/revisions\/6083"}],"wp:attachment":[{"href":"https:\/\/outsiderland.com\/danahilliot\/wp-json\/wp\/v2\/media?parent=6081"}],"wp:term":[{"taxonomy":"category","embeddable":true,"href":"https:\/\/outsiderland.com\/danahilliot\/wp-json\/wp\/v2\/categories?post=6081"},{"taxonomy":"post_tag","embeddable":true,"href":"https:\/\/outsiderland.com\/danahilliot\/wp-json\/wp\/v2\/tags?post=6081"}],"curies":[{"name":"wp","href":"https:\/\/api.w.org\/{rel}","templated":true}]}}