{"id":6039,"date":"2025-08-13T16:57:18","date_gmt":"2025-08-13T16:57:18","guid":{"rendered":"https:\/\/outsiderland.com\/danahilliot\/?p=6039"},"modified":"2025-08-13T16:57:18","modified_gmt":"2025-08-13T16:57:18","slug":"la-grande-re-segregation-de-ladministration-trump","status":"publish","type":"post","link":"https:\/\/outsiderland.com\/danahilliot\/la-grande-re-segregation-de-ladministration-trump\/","title":{"rendered":"La Grande Re-S\u00e9gr\u00e9gation de l&rsquo;administration Trump"},"content":{"rendered":"<p>&nbsp;<\/p>\n<p><a class=\"status-link unhandled-link\" title=\"https:\/\/www.theatlantic.com\/politics\/archive\/2025\/02\/trump-attacks-dei\/681772\/\" translate=\"no\" href=\"https:\/\/www.theatlantic.com\/politics\/archive\/2025\/02\/trump-attacks-dei\/681772\/\" target=\"_blank\" rel=\"nofollow noopener\"><span class=\"invisible\">https:\/\/www.<\/span><span class=\"ellipsis\">theatlantic.com\/politics\/archi<\/span><span class=\"invisible\">ve\/2025\/02\/trump-attacks-dei\/681772\/<\/span><\/a><\/p>\n<p>Voici sans doute une des analyses les plus int\u00e9ressantes et les plus justes sur les premiers mois du gouvernement Trump. Adam Serwer avait publi\u00e9 en 2021 un bilan du premier mandat de Trump, <em>The Cruelty Is the Point: The Past, Present, and Future of Trump&rsquo;s America<\/em>, et ce grand article s&rsquo;inscrit dans cette lign\u00e9e &#8211; et on mesure \u00e0 quel point ce qui \u00e9tait latent lors de la premi\u00e8re mandature se d\u00e9ploie d\u00e9sormais sans limite lors de la seconde.<\/p>\n<p>Il faudrait des pages pour en relever ici tous les points saillants, mais je me contenterai de vous renvoyer au texte et \u00e0 la traduction en fran\u00e7ais ci-dessous.<\/p>\n<p>1. Je voudrais toutefois souligner deux points. Contrairement au racisme souvent explicite des discours supr\u00e9matistes blancs, les politiques re-s\u00e9gr\u00e9gationistes engag\u00e9es par l\u2019administration Trump prennent soin d&rsquo;\u00e9viter dans leur discours de recourir \u00e0 des arguments racistes explicites. Tout se passe comme s&rsquo;ils prenaient soin de conserver la rh\u00e9torique de la soci\u00e9t\u00e9 post-raciale, ou de la \u00ab\u00a0colorblindness\u00a0\u00bb &#8211; une soci\u00e9t\u00e9 o\u00f9 le racisme n&rsquo;existe pas. Quand bien m\u00eame tous leurs actes visent \u00e0 consolider et radicaliser les structures de s\u00e9gr\u00e9gations raciales et \u00e9conomiques &#8211; je dis bien \u00ab\u00a0consolider et radicaliser\u00a0\u00bb : car il s&rsquo;agit bien de maintenir le mythe d&rsquo;une soci\u00e9t\u00e9 juste et m\u00e9ritocratique, o\u00f9 chacun aurait sa chance. Ce qui n&rsquo;a \u00e9videment jamais \u00e9t\u00e9 vrai (ce pourquoi c&rsquo;est un mythe) :<\/p>\n<p>\u00ab\u00a0Si la grande s\u00e9gr\u00e9gation r\u00e9ussit, elle r\u00e9tablira une Am\u00e9rique pass\u00e9e o\u00f9 les minorit\u00e9s raciales et ethniques n\u2019\u00e9taient qu\u2019une pr\u00e9sence symbolique occasionnelle dans un paysage domin\u00e9 par les Blancs. Elle abrogerait int\u00e9gralement les acquis de l\u2019\u00e8re des droits civiques. Ce que veulent ses partisans, ce n\u2019est pas le r\u00e9tablissement de la s\u00e9gr\u00e9gation explicite de Jim Crow \u2013 cela briserait l\u2019illusion que leurs propres r\u00e9alisations sont bas\u00e9es sur une m\u00e9ritocratie sans distinction de couleur. Ils veulent un arrangement qui perp\u00e9tue ind\u00e9finiment l\u2019in\u00e9galit\u00e9 raciale tout en conservant un certain d\u00e9ni plausible, un syst\u00e8me truqu\u00e9 qui maintient un mirage d\u2019\u00e9galit\u00e9 des chances tout en conservant une hi\u00e9rarchie raciale officieuse. \u00c0 l\u2019instar des \u00e9lections dans les pays autoritaires o\u00f9 l\u2019autocrate est toujours r\u00e9\u00e9lu haut la main, ils veulent un syst\u00e8me dans lequel ils ne risquent jamais de perdre mais peuvent toujours pr\u00e9tendre qu\u2019ils ont gagn\u00e9 \u00e9quitablement.\u00a0\u00bb<\/p>\n<p>2. Autre point tr\u00e8s pertinent, et qui l\u00e0 non plus n&rsquo;a rien de nouveau, mais est rendu en quelque sorte programmatique, c&rsquo;est le privil\u00e8ge assum\u00e9 accord\u00e9 \u00e0 \u00ab\u00a0l&rsquo;homme blanc comp\u00e9tent\u00a0\u00bb (et l\u00e0 aussi soulignez au stabilo \u00ab\u00a0homme\u00a0\u00bb, au sens de m\u00e2le, et \u00ab\u00a0blanc\u00a0\u00bb) sur la foi de sa suppos\u00e9e \u00ab\u00a0comp\u00e9tence\u00a0\u00bb (ce qui peut faire hurler de rire, certes d&rsquo;un rire un peu crisp\u00e9, quand on conna\u00eet le background des membres de l&rsquo;\u00e9quipe gouvernementale). Je cite Adam Serwer :<\/p>\n<p>\u00ab\u00a0Comme l\u2019a \u00e9crit Darren Beattie, fonctionnaire du d\u00e9partement d\u2019\u00c9tat de Trump, \u00ab\u00a0les hommes blancs comp\u00e9tents doivent \u00eatre plac\u00e9s aux commandes si l\u2019on veut que les choses fonctionnent. Malheureusement, toute notre id\u00e9ologie nationale est fond\u00e9e sur le fait de dorloter les sentiments des femmes et des minorit\u00e9s, et de d\u00e9moraliser les hommes blancs comp\u00e9tents.\u00a0\u00bb Cette analyse est perspicace dans la mesure o\u00f9 c\u2019est exactement l\u2019inverse qui est vrai \u2013 nous sommes maintenant dans la deuxi\u00e8me d\u00e9cennie d\u2019une crise de col\u00e8re de plusieurs ann\u00e9es d\u00e9clench\u00e9e par l\u2019\u00e9lection de Barack Obama \u2013 sans parler des tentatives infructueuses d\u2019\u00e9lire une femme pour lui succ\u00e9der \u2013 et de l\u2019effet qu\u2019elle a eu sur la fragile estime de soi de personnes comme Beattie.\u00a0\u00bb<\/p>\n<p>Et ne peux m&#8217;emp\u00eacher de penser \u00e0 cette citation du s\u00e9nateur Howard, qui date de 1866, \u00ab En tous lieux, l\u2019homme d\u2019\u00e2ge m\u00fbr est le type repr\u00e9sentatif de la race humaine \u00bb, sur laquelle j&rsquo;avais glos\u00e9 sur mon blog :<\/p>\n<p><a class=\"status-link unhandled-link\" title=\"https:\/\/outsiderland.com\/danahilliot\/le-type-representatif-de-la-race-humaine\/\" translate=\"no\" href=\"https:\/\/outsiderland.com\/danahilliot\/le-type-representatif-de-la-race-humaine\/\" target=\"_blank\" rel=\"nofollow noopener\"><span class=\"invisible\">https:\/\/<\/span><span class=\"ellipsis\">outsiderland.com\/danahilliot\/l<\/span><span class=\"invisible\">e-type-representatif-de-la-race-humaine\/<\/span><\/a><\/p>\n<p>3. Concernant la lutte syst\u00e9matique contre la diversit\u00e9, je vous renvoie \u00e0 l&rsquo;excellent livre de Sara Ahmed, On Being Included: Racism and Diversity in Institutional Life [Sur l&rsquo;inclusion: du racisme et de la diversit\u00e9 dans la vie des institutions], Duke University Press, 2012, dans laquelle la g\u00e9niale philosophe anglo-australienne donne les cl\u00e9s pour comprendre ce qui se joue aux \u00c9tats-Unis sous le nom de diversit\u00e9.<\/p>\n<p>***<\/p>\n<p>Une traduction en fran\u00e7ais ici (si les ayants droits ne souhaitent pas que je la fasse discr\u00e8tement circuler, qu&rsquo;ils se manifestent) :<\/p>\n<p><a class=\"status-link unhandled-link\" title=\"https:\/\/www.outsiderland.com\/divers\/The%20Great%20Resegregation%20-%20Adam%20Serwer%20fr.pdf\" translate=\"no\" href=\"https:\/\/www.outsiderland.com\/divers\/The%20Great%20Resegregation%20-%20Adam%20Serwer%20fr.pdf\" target=\"_blank\" rel=\"nofollow noopener\"><span class=\"invisible\">https:\/\/www.<\/span><span class=\"ellipsis\">outsiderland.com\/divers\/The%20<\/span><span class=\"invisible\">Great%20Resegregation%20-%20Adam%20Serwer%20fr\u2027pdf<\/span><\/a><\/p>\n<p>&nbsp;<\/p>\n","protected":false},"excerpt":{"rendered":"<p>&nbsp; https:\/\/www.theatlantic.com\/politics\/archive\/2025\/02\/trump-attacks-dei\/681772\/ Voici sans doute une des analyses les plus int\u00e9ressantes et les plus justes sur les premiers mois du gouvernement Trump. Adam Serwer avait publi\u00e9 en 2021 un bilan du premier mandat de Trump, The Cruelty Is the Point: The Past, Present, and Future of Trump&rsquo;s America, et ce grand article s&rsquo;inscrit dans cette&hellip;<\/p>\n <a href=\"https:\/\/outsiderland.com\/danahilliot\/la-grande-re-segregation-de-ladministration-trump\/\" title=\"La Grande Re-S\u00e9gr\u00e9gation de l&rsquo;administration Trump\" class=\"entry-more-link\"><span>Read More<\/span> <span class=\"screen-reader-text\">La Grande Re-S\u00e9gr\u00e9gation de l&rsquo;administration Trump<\/span><\/a>","protected":false},"author":1,"featured_media":0,"comment_status":"closed","ping_status":"open","sticky":false,"template":"","format":"standard","meta":{"Layout":"","footnotes":"","jetpack_publicize_message":"","jetpack_publicize_feature_enabled":true,"jetpack_social_post_already_shared":true,"jetpack_social_options":{"image_generator_settings":{"template":"highway","default_image_id":0,"font":"","enabled":false},"version":2}},"categories":[79],"tags":[],"class_list":["entry","author-danah","post-6039","post","type-post","status-publish","format-standard","category-neo-liberalismes"],"yoast_head":"<!-- This site is optimized with the Yoast SEO plugin v27.0 - https:\/\/yoast.com\/product\/yoast-seo-wordpress\/ -->\n<title>La Grande Re-S\u00e9gr\u00e9gation de l&#039;administration Trump - Outside Dana Hilliot<\/title>\n<meta name=\"robots\" content=\"index, follow, max-snippet:-1, max-image-preview:large, max-video-preview:-1\" \/>\n<link rel=\"canonical\" href=\"https:\/\/outsiderland.com\/danahilliot\/la-grande-re-segregation-de-ladministration-trump\/\" \/>\n<meta property=\"og:locale\" content=\"fr_FR\" \/>\n<meta property=\"og:type\" content=\"article\" \/>\n<meta property=\"og:title\" content=\"La Grande Re-S\u00e9gr\u00e9gation de l&#039;administration Trump - Outside Dana Hilliot\" \/>\n<meta property=\"og:description\" content=\"&nbsp; https:\/\/www.theatlantic.com\/politics\/archive\/2025\/02\/trump-attacks-dei\/681772\/ Voici sans doute une des analyses les plus int\u00e9ressantes et les plus justes sur les premiers mois du gouvernement Trump. Adam Serwer avait publi\u00e9 en 2021 un bilan du premier mandat de Trump, The Cruelty Is the Point: The Past, Present, and Future of Trump&rsquo;s America, et ce grand article s&rsquo;inscrit dans cette&hellip;\" \/>\n<meta property=\"og:url\" content=\"https:\/\/outsiderland.com\/danahilliot\/la-grande-re-segregation-de-ladministration-trump\/\" \/>\n<meta property=\"og:site_name\" content=\"Outside Dana Hilliot\" \/>\n<meta property=\"article:published_time\" content=\"2025-08-13T16:57:18+00:00\" \/>\n<meta name=\"author\" content=\"danah\" \/>\n<meta name=\"twitter:card\" content=\"summary_large_image\" \/>\n<meta name=\"twitter:label1\" content=\"\u00c9crit par\" \/>\n\t<meta name=\"twitter:data1\" content=\"danah\" \/>\n\t<meta name=\"twitter:label2\" content=\"Dur\u00e9e de lecture estim\u00e9e\" \/>\n\t<meta name=\"twitter:data2\" content=\"4 minutes\" \/>\n<script type=\"application\/ld+json\" class=\"yoast-schema-graph\">{\"@context\":\"https:\/\/schema.org\",\"@graph\":[{\"@type\":\"Article\",\"@id\":\"https:\/\/outsiderland.com\/danahilliot\/la-grande-re-segregation-de-ladministration-trump\/#article\",\"isPartOf\":{\"@id\":\"https:\/\/outsiderland.com\/danahilliot\/la-grande-re-segregation-de-ladministration-trump\/\"},\"author\":{\"name\":\"danah\",\"@id\":\"https:\/\/outsiderland.com\/danahilliot\/#\/schema\/person\/2f9b92e9fff19bccc36638b10510d5ae\"},\"headline\":\"La Grande Re-S\u00e9gr\u00e9gation de l&rsquo;administration Trump\",\"datePublished\":\"2025-08-13T16:57:18+00:00\",\"mainEntityOfPage\":{\"@id\":\"https:\/\/outsiderland.com\/danahilliot\/la-grande-re-segregation-de-ladministration-trump\/\"},\"wordCount\":818,\"publisher\":{\"@id\":\"https:\/\/outsiderland.com\/danahilliot\/#\/schema\/person\/201a1fef0f5c2897bd65e98bcf6b1179\"},\"articleSection\":[\"N\u00e9o-lib\u00e9ralismes\"],\"inLanguage\":\"fr-FR\"},{\"@type\":\"WebPage\",\"@id\":\"https:\/\/outsiderland.com\/danahilliot\/la-grande-re-segregation-de-ladministration-trump\/\",\"url\":\"https:\/\/outsiderland.com\/danahilliot\/la-grande-re-segregation-de-ladministration-trump\/\",\"name\":\"La Grande Re-S\u00e9gr\u00e9gation de l'administration Trump - Outside Dana Hilliot\",\"isPartOf\":{\"@id\":\"https:\/\/outsiderland.com\/danahilliot\/#website\"},\"datePublished\":\"2025-08-13T16:57:18+00:00\",\"breadcrumb\":{\"@id\":\"https:\/\/outsiderland.com\/danahilliot\/la-grande-re-segregation-de-ladministration-trump\/#breadcrumb\"},\"inLanguage\":\"fr-FR\",\"potentialAction\":[{\"@type\":\"ReadAction\",\"target\":[\"https:\/\/outsiderland.com\/danahilliot\/la-grande-re-segregation-de-ladministration-trump\/\"]}]},{\"@type\":\"BreadcrumbList\",\"@id\":\"https:\/\/outsiderland.com\/danahilliot\/la-grande-re-segregation-de-ladministration-trump\/#breadcrumb\",\"itemListElement\":[{\"@type\":\"ListItem\",\"position\":1,\"name\":\"Accueil\",\"item\":\"https:\/\/outsiderland.com\/danahilliot\/\"},{\"@type\":\"ListItem\",\"position\":2,\"name\":\"La Grande Re-S\u00e9gr\u00e9gation de l&rsquo;administration Trump\"}]},{\"@type\":\"WebSite\",\"@id\":\"https:\/\/outsiderland.com\/danahilliot\/#website\",\"url\":\"https:\/\/outsiderland.com\/danahilliot\/\",\"name\":\"Outside Dana Hilliot\",\"description\":\". Archives . Activit\u00e9s . Projets .\",\"publisher\":{\"@id\":\"https:\/\/outsiderland.com\/danahilliot\/#\/schema\/person\/201a1fef0f5c2897bd65e98bcf6b1179\"},\"potentialAction\":[{\"@type\":\"SearchAction\",\"target\":{\"@type\":\"EntryPoint\",\"urlTemplate\":\"https:\/\/outsiderland.com\/danahilliot\/?s={search_term_string}\"},\"query-input\":{\"@type\":\"PropertyValueSpecification\",\"valueRequired\":true,\"valueName\":\"search_term_string\"}}],\"inLanguage\":\"fr-FR\"},{\"@type\":[\"Person\",\"Organization\"],\"@id\":\"https:\/\/outsiderland.com\/danahilliot\/#\/schema\/person\/201a1fef0f5c2897bd65e98bcf6b1179\",\"name\":\"danahilliot\",\"image\":{\"@type\":\"ImageObject\",\"inLanguage\":\"fr-FR\",\"@id\":\"https:\/\/outsiderland.com\/danahilliot\/#\/schema\/person\/image\/\",\"url\":\"https:\/\/outsiderland.com\/danahilliot\/wp-content\/uploads\/2026\/02\/50801449407_a909f2c1ad_k.jpg\",\"contentUrl\":\"https:\/\/outsiderland.com\/danahilliot\/wp-content\/uploads\/2026\/02\/50801449407_a909f2c1ad_k.jpg\",\"width\":2048,\"height\":1536,\"caption\":\"danahilliot\"},\"logo\":{\"@id\":\"https:\/\/outsiderland.com\/danahilliot\/#\/schema\/person\/image\/\"}},{\"@type\":\"Person\",\"@id\":\"https:\/\/outsiderland.com\/danahilliot\/#\/schema\/person\/2f9b92e9fff19bccc36638b10510d5ae\",\"name\":\"danah\",\"image\":{\"@type\":\"ImageObject\",\"inLanguage\":\"fr-FR\",\"@id\":\"https:\/\/outsiderland.com\/danahilliot\/#\/schema\/person\/image\/\",\"url\":\"https:\/\/secure.gravatar.com\/avatar\/ed6349755e1d97f204277de3d09fc6ac31abd856835c8ea3c3a30d0aa84b0ddd?s=96&d=mm&r=g\",\"contentUrl\":\"https:\/\/secure.gravatar.com\/avatar\/ed6349755e1d97f204277de3d09fc6ac31abd856835c8ea3c3a30d0aa84b0ddd?s=96&d=mm&r=g\",\"caption\":\"danah\"},\"url\":\"https:\/\/outsiderland.com\/danahilliot\/author\/danah\/\"}]}<\/script>\n<!-- \/ Yoast SEO plugin. -->","yoast_head_json":{"title":"La Grande Re-S\u00e9gr\u00e9gation de l'administration Trump - Outside Dana Hilliot","robots":{"index":"index","follow":"follow","max-snippet":"max-snippet:-1","max-image-preview":"max-image-preview:large","max-video-preview":"max-video-preview:-1"},"canonical":"https:\/\/outsiderland.com\/danahilliot\/la-grande-re-segregation-de-ladministration-trump\/","og_locale":"fr_FR","og_type":"article","og_title":"La Grande Re-S\u00e9gr\u00e9gation de l'administration Trump - Outside Dana Hilliot","og_description":"&nbsp; https:\/\/www.theatlantic.com\/politics\/archive\/2025\/02\/trump-attacks-dei\/681772\/ Voici sans doute une des analyses les plus int\u00e9ressantes et les plus justes sur les premiers mois du gouvernement Trump. Adam Serwer avait publi\u00e9 en 2021 un bilan du premier mandat de Trump, The Cruelty Is the Point: The Past, Present, and Future of Trump&rsquo;s America, et ce grand article s&rsquo;inscrit dans cette&hellip;","og_url":"https:\/\/outsiderland.com\/danahilliot\/la-grande-re-segregation-de-ladministration-trump\/","og_site_name":"Outside Dana Hilliot","article_published_time":"2025-08-13T16:57:18+00:00","author":"danah","twitter_card":"summary_large_image","twitter_misc":{"\u00c9crit par":"danah","Dur\u00e9e de lecture estim\u00e9e":"4 minutes"},"schema":{"@context":"https:\/\/schema.org","@graph":[{"@type":"Article","@id":"https:\/\/outsiderland.com\/danahilliot\/la-grande-re-segregation-de-ladministration-trump\/#article","isPartOf":{"@id":"https:\/\/outsiderland.com\/danahilliot\/la-grande-re-segregation-de-ladministration-trump\/"},"author":{"name":"danah","@id":"https:\/\/outsiderland.com\/danahilliot\/#\/schema\/person\/2f9b92e9fff19bccc36638b10510d5ae"},"headline":"La Grande Re-S\u00e9gr\u00e9gation de l&rsquo;administration Trump","datePublished":"2025-08-13T16:57:18+00:00","mainEntityOfPage":{"@id":"https:\/\/outsiderland.com\/danahilliot\/la-grande-re-segregation-de-ladministration-trump\/"},"wordCount":818,"publisher":{"@id":"https:\/\/outsiderland.com\/danahilliot\/#\/schema\/person\/201a1fef0f5c2897bd65e98bcf6b1179"},"articleSection":["N\u00e9o-lib\u00e9ralismes"],"inLanguage":"fr-FR"},{"@type":"WebPage","@id":"https:\/\/outsiderland.com\/danahilliot\/la-grande-re-segregation-de-ladministration-trump\/","url":"https:\/\/outsiderland.com\/danahilliot\/la-grande-re-segregation-de-ladministration-trump\/","name":"La Grande Re-S\u00e9gr\u00e9gation de l'administration Trump - Outside Dana Hilliot","isPartOf":{"@id":"https:\/\/outsiderland.com\/danahilliot\/#website"},"datePublished":"2025-08-13T16:57:18+00:00","breadcrumb":{"@id":"https:\/\/outsiderland.com\/danahilliot\/la-grande-re-segregation-de-ladministration-trump\/#breadcrumb"},"inLanguage":"fr-FR","potentialAction":[{"@type":"ReadAction","target":["https:\/\/outsiderland.com\/danahilliot\/la-grande-re-segregation-de-ladministration-trump\/"]}]},{"@type":"BreadcrumbList","@id":"https:\/\/outsiderland.com\/danahilliot\/la-grande-re-segregation-de-ladministration-trump\/#breadcrumb","itemListElement":[{"@type":"ListItem","position":1,"name":"Accueil","item":"https:\/\/outsiderland.com\/danahilliot\/"},{"@type":"ListItem","position":2,"name":"La Grande Re-S\u00e9gr\u00e9gation de l&rsquo;administration Trump"}]},{"@type":"WebSite","@id":"https:\/\/outsiderland.com\/danahilliot\/#website","url":"https:\/\/outsiderland.com\/danahilliot\/","name":"Outside Dana Hilliot","description":". Archives . Activit\u00e9s . Projets .","publisher":{"@id":"https:\/\/outsiderland.com\/danahilliot\/#\/schema\/person\/201a1fef0f5c2897bd65e98bcf6b1179"},"potentialAction":[{"@type":"SearchAction","target":{"@type":"EntryPoint","urlTemplate":"https:\/\/outsiderland.com\/danahilliot\/?s={search_term_string}"},"query-input":{"@type":"PropertyValueSpecification","valueRequired":true,"valueName":"search_term_string"}}],"inLanguage":"fr-FR"},{"@type":["Person","Organization"],"@id":"https:\/\/outsiderland.com\/danahilliot\/#\/schema\/person\/201a1fef0f5c2897bd65e98bcf6b1179","name":"danahilliot","image":{"@type":"ImageObject","inLanguage":"fr-FR","@id":"https:\/\/outsiderland.com\/danahilliot\/#\/schema\/person\/image\/","url":"https:\/\/outsiderland.com\/danahilliot\/wp-content\/uploads\/2026\/02\/50801449407_a909f2c1ad_k.jpg","contentUrl":"https:\/\/outsiderland.com\/danahilliot\/wp-content\/uploads\/2026\/02\/50801449407_a909f2c1ad_k.jpg","width":2048,"height":1536,"caption":"danahilliot"},"logo":{"@id":"https:\/\/outsiderland.com\/danahilliot\/#\/schema\/person\/image\/"}},{"@type":"Person","@id":"https:\/\/outsiderland.com\/danahilliot\/#\/schema\/person\/2f9b92e9fff19bccc36638b10510d5ae","name":"danah","image":{"@type":"ImageObject","inLanguage":"fr-FR","@id":"https:\/\/outsiderland.com\/danahilliot\/#\/schema\/person\/image\/","url":"https:\/\/secure.gravatar.com\/avatar\/ed6349755e1d97f204277de3d09fc6ac31abd856835c8ea3c3a30d0aa84b0ddd?s=96&d=mm&r=g","contentUrl":"https:\/\/secure.gravatar.com\/avatar\/ed6349755e1d97f204277de3d09fc6ac31abd856835c8ea3c3a30d0aa84b0ddd?s=96&d=mm&r=g","caption":"danah"},"url":"https:\/\/outsiderland.com\/danahilliot\/author\/danah\/"}]}},"jetpack_publicize_connections":[],"_links":{"self":[{"href":"https:\/\/outsiderland.com\/danahilliot\/wp-json\/wp\/v2\/posts\/6039","targetHints":{"allow":["GET"]}}],"collection":[{"href":"https:\/\/outsiderland.com\/danahilliot\/wp-json\/wp\/v2\/posts"}],"about":[{"href":"https:\/\/outsiderland.com\/danahilliot\/wp-json\/wp\/v2\/types\/post"}],"author":[{"embeddable":true,"href":"https:\/\/outsiderland.com\/danahilliot\/wp-json\/wp\/v2\/users\/1"}],"replies":[{"embeddable":true,"href":"https:\/\/outsiderland.com\/danahilliot\/wp-json\/wp\/v2\/comments?post=6039"}],"version-history":[{"count":1,"href":"https:\/\/outsiderland.com\/danahilliot\/wp-json\/wp\/v2\/posts\/6039\/revisions"}],"predecessor-version":[{"id":6040,"href":"https:\/\/outsiderland.com\/danahilliot\/wp-json\/wp\/v2\/posts\/6039\/revisions\/6040"}],"wp:attachment":[{"href":"https:\/\/outsiderland.com\/danahilliot\/wp-json\/wp\/v2\/media?parent=6039"}],"wp:term":[{"taxonomy":"category","embeddable":true,"href":"https:\/\/outsiderland.com\/danahilliot\/wp-json\/wp\/v2\/categories?post=6039"},{"taxonomy":"post_tag","embeddable":true,"href":"https:\/\/outsiderland.com\/danahilliot\/wp-json\/wp\/v2\/tags?post=6039"}],"curies":[{"name":"wp","href":"https:\/\/api.w.org\/{rel}","templated":true}]}}