{"id":6027,"date":"2025-08-12T17:20:34","date_gmt":"2025-08-12T17:20:34","guid":{"rendered":"https:\/\/outsiderland.com\/danahilliot\/?p=6027"},"modified":"2025-08-12T17:20:34","modified_gmt":"2025-08-12T17:20:34","slug":"alignements-racistes","status":"publish","type":"post","link":"https:\/\/outsiderland.com\/danahilliot\/alignements-racistes\/","title":{"rendered":"Alignements racistes"},"content":{"rendered":"<p>&nbsp;<\/p>\n<p>\u00c0 la table derri\u00e8re moi : un trio de gars autour de la soixantaine. L&rsquo;un deux m\u00e8ne la danse &#8211; affable, \u00e0 l&rsquo;aise, de la gouaille et un ample lexique, une langue riche et vivante. Une figure locale si je saisis bien (par bribes). Les deux autres sont franchement \u00e0 la tra\u00eene. Des gars de la ville, qui l&rsquo;habitent depuis toujours et qui reconnaissent et saluent tous les passants.<\/p>\n<p>D\u00e9filent les th\u00e9matiques de l&rsquo;agenda politique du moment : le racisme et l&rsquo;\u00e9cologie, sur le mode \u00ab\u00a0c&rsquo;\u00e9tait mieux avant\u00a0\u00bb quand m\u00eame. Y&rsquo;a pas \u00e0 dire, la ville, ici, c&rsquo;\u00e9tait mieux avant. J&rsquo;observe une nouvelle fois ces tentatives d&rsquo;alignement. Maladroites, contradictoires, tordues. \u00ab\u00a0Je ne suis pas raciste mais eux (the other others), le sont bien, racistes.\u00a0\u00bb (et de donner des exemples : ils ne se g\u00eanent pas pour parler arabe dans la rue, au t\u00e9l\u00e9phone, entre eux, devant \u00ab\u00a0nous\u00a0\u00bb). Mais, dans la foul\u00e9e, une correction : \u00ab\u00a0En m\u00eame temps, si tout le monde se ressemblait, si tout le monde mangeait la m\u00eame chose (sic), s&rsquo;habillait de la m\u00eame fa\u00e7on, on se ferait chier non ?\u00a0\u00bb. Puis : la salet\u00e9 dans les rues (encha\u00eenement irr\u00e9sistible : des \u00e9trangers \u00e0 la salet\u00e9 dans les rues). Le leader avoue qu&rsquo;il aime bien cette ville, mais un de ses comparses veut \u00e0 tout prix se plaindre de l&rsquo;herbe. \u00ab\u00a0Y&rsquo;a de l&rsquo;herbe\u00a0\u00bb. \u00ab\u00a0Ah. Moi l&rsquo;herbe ne me d\u00e9range pas\u00a0\u00bb. \u00ab\u00a0Oui mais sur les passages pi\u00e9tons \u00e0 l&rsquo;angle de la rue machin et de la rue machin, l&rsquo;herbe pousse et pour les personnes \u00e2g\u00e9es blablabla.\u00a0\u00bb \u00ab\u00a0Oui, tu as raison. L&rsquo;herbe sur les passages pi\u00e9tons.\u00a0\u00bb<\/p>\n<p>Alignement, r\u00e9-alignement : il s&rsquo;agit de trouver un accord, un consensus. Maintenant : \u00ab\u00a0Ta fille elle est vraiment jolie. Tu as fait une jolie fille vraiment !\u00a0\u00bb \u00ab\u00a0Oui, mais faut voir la maman surtout\u00a0\u00bb (dit le p\u00e8re, lequel effectivement n&rsquo;a rien d&rsquo;un Apollon, plut\u00f4t le genre us\u00e9 par une vie de travail et de picole). Le leader insiste : \u00ab\u00a0et elle parle bien, elle est \u00e0 l&rsquo;aise\u00a0\u00bb. L&rsquo;autre, le p\u00e8re, un peu embarrass\u00e9 (serait-il pas en train d&rsquo;en vouloir \u00e0 la vertu de ma fille ?), tente de conclure d&rsquo;un d\u00e9finitif : \u00ab\u00a0Oui, mais elle est tr\u00e8s polie\u00a0\u00bb. \u00ab\u00a0Ah oui, c&rsquo;est vrai qu&rsquo;elle est polie. Ses parents lui ont inculqu\u00e9 la politesse, ils l&rsquo;ont bien \u00e9lev\u00e9\u00a0\u00bb. L&rsquo;honneur, vaguement mis en p\u00e9ril par sa beaut\u00e9, est sauv\u00e9 par la politesse. Alignement encore. Reproduction. On va s&rsquo;en sortir encore une fois. Tomber d&rsquo;accord. Et c&rsquo;est ainsi que les valeurs circulent : parce qu&rsquo;on veut avant tout tomber d&rsquo;accord, consolider et affermir un \u00ab\u00a0nous\u00a0\u00bb plus fragile qu&rsquo;il n&rsquo;y para\u00eet, il faut ramener les dissensus, fussent-ils \u00e0 peine \u00e9bauch\u00e9s, \u00e0 la raison d&rsquo;un moyen terme &#8211; ce moyen-terme se situant plut\u00f4t du c\u00f4t\u00e9 de la droite radicale ces derniers temps.<\/p>\n<p>\u00c7a me rappelle cette conversation r\u00e9cente, au parc des \u00e9tangs, avec ce type qui commen\u00e7ait \u00e0 embrayer gentiment sur l&rsquo;invasion du parc par les africains (noirs et maghr\u00e9bins), avant de l\u00e2cher bizarrement, peut-\u00eatre embarrass\u00e9 par mon sourire dont il ne savait que penser, qu&rsquo;il avait accept\u00e9 la merguez qu&rsquo;un de ces \u00ab\u00a0inconvenant other\u00a0\u00bb (Lauren Berlant), lui avait propos\u00e9 tout \u00e0 l&rsquo;heure. Que la merguez \u00e9tait bonne &#8211; s&rsquo;\u00e9tait-il senti oblig\u00e9 d&rsquo;ajouter.<\/p>\n<p>Sans doute faut-il pr\u00e9ciser ici que dans les deux cas, \u00e0 la table du caf\u00e9 et sur le chemin au bord de l&rsquo;\u00e9tang, les locuteurs savaient qu&rsquo;ils \u00e9taient entendus : le second, le promeneur, s&rsquo;adressait \u00e0 moi, les premiers devinaient que je pouvais, si je le souhaitais, les entendre. En cercle ferm\u00e9, dans la privaut\u00e9 familiale, le vestiaire du club de foot ou de l&rsquo;association des chasseurs du cru, on peut se l\u00e2cher. Faire moins de simagr\u00e9es. \u00catre plus radical dans l&rsquo;entre-soi d&rsquo;un \u00ab\u00a0nous\u00a0\u00bb plus assur\u00e9 (tout le monde se conna\u00eet, on a grandi ensemble, il est fort \u00e0 parier qu&rsquo;on pense la m\u00eame chose).<\/p>\n<p>Dehors, en pr\u00e9sence d&rsquo;un inconnu, c&rsquo;est plus incertain. Cet homme blanc \u00e0 sa table qui \u00e9crit sur un cahier, il se pourrait bien qu&rsquo;il soit de gauche. \u00c9cologiste. Pas raciste en tous cas. Ces gens-l\u00e0 existent. On en tient compte en amendant ses discours, en les lissant, les arrondissant. Ce voisin de caf\u00e9 embarrasse aux entournures de la parole : que \u00e7a plaise ou non, puisqu&rsquo;il nous \u00e9coute peut-\u00eatre, il faut en tenir compte. Ajouter (comme un scrupule) : \u00ab\u00a0L&rsquo;herbe, moi \u00e7a ne me g\u00e8ne pas\u00a0\u00bb, et \u00ab\u00a0Si on mangeait tous la m\u00eame chose\u00a0\u00bb.<\/p>\n<p>Dans une certaine mesure, les r\u00e9cits d&rsquo;extr\u00eame droite n&rsquo;existent qu&rsquo;en fonction d&rsquo;un discours contraire (ce pourquoi ils sont \u00ab\u00a0r\u00e9actionnaires\u00a0\u00bb). C&rsquo;est ce qu&rsquo;Arlie Russell Hochschil (Stolen Pride. Loss, Shame, and the Rise of the Right (The New Press 2024) montre tr\u00e8s bien en \u00e9coutant les Hillbillys du Kentucky. Il y a de l&rsquo;envie, du ressentiment, et certain\u2027es savent bien qu&rsquo;au fond ce \u00ab\u00a0nous\u00a0\u00bb crisp\u00e9 dont on se r\u00e9clame n&rsquo;est pas si \u00e9vident qu&rsquo;il y para\u00eet &#8211; qu&rsquo;il faut le construire, l&rsquo;affirmer, le consolider, le faire exister. Qu&rsquo;il n&rsquo;est sans doute pas \u00ab\u00a0joli\u00a0\u00bb &#8211; qu&rsquo;il est m\u00eame laid.<\/p>\n<p><a translate=\"no\" href=\"https:\/\/outsiderland.com\/danahilliot\/arlie-russell-hochschild-stolen-pride-loss-shame-and-the-rise-of-the-right\/\" target=\"_blank\" rel=\"nofollow noopener noreferrer\"><span class=\"invisible\">https:\/\/<\/span><span class=\"ellipsis\">outsiderland.com\/danahilliot\/a<\/span><span class=\"invisible\">rlie-russell-hochschild-stolen-pride-loss-shame-and-the-rise-of-the-right\/<\/span><\/a><\/p>\n","protected":false},"excerpt":{"rendered":"<p>&nbsp; \u00c0 la table derri\u00e8re moi : un trio de gars autour de la soixantaine. L&rsquo;un deux m\u00e8ne la danse &#8211; affable, \u00e0 l&rsquo;aise, de la gouaille et un ample lexique, une langue riche et vivante. Une figure locale si je saisis bien (par bribes). Les deux autres sont franchement \u00e0 la tra\u00eene. Des gars&hellip;<\/p>\n <a href=\"https:\/\/outsiderland.com\/danahilliot\/alignements-racistes\/\" title=\"Alignements racistes\" class=\"entry-more-link\"><span>Read More<\/span> <span class=\"screen-reader-text\">Alignements racistes<\/span><\/a>","protected":false},"author":1,"featured_media":0,"comment_status":"closed","ping_status":"open","sticky":false,"template":"","format":"standard","meta":{"Layout":"","footnotes":"","jetpack_publicize_message":"","jetpack_publicize_feature_enabled":true,"jetpack_social_post_already_shared":true,"jetpack_social_options":{"image_generator_settings":{"template":"highway","default_image_id":0,"font":"","enabled":false},"version":2}},"categories":[91,77],"tags":[],"class_list":["entry","author-danah","post-6027","post","type-post","status-publish","format-standard","category-racisme","category-xenophobie"],"yoast_head":"<!-- This site is optimized with the Yoast SEO plugin v27.0 - https:\/\/yoast.com\/product\/yoast-seo-wordpress\/ -->\n<title>Alignements racistes - Outside Dana Hilliot<\/title>\n<meta name=\"robots\" content=\"index, follow, max-snippet:-1, max-image-preview:large, max-video-preview:-1\" \/>\n<link rel=\"canonical\" href=\"https:\/\/outsiderland.com\/danahilliot\/alignements-racistes\/\" \/>\n<meta property=\"og:locale\" content=\"fr_FR\" \/>\n<meta property=\"og:type\" content=\"article\" \/>\n<meta property=\"og:title\" content=\"Alignements racistes - Outside Dana Hilliot\" \/>\n<meta property=\"og:description\" content=\"&nbsp; \u00c0 la table derri\u00e8re moi : un trio de gars autour de la soixantaine. L&rsquo;un deux m\u00e8ne la danse &#8211; affable, \u00e0 l&rsquo;aise, de la gouaille et un ample lexique, une langue riche et vivante. Une figure locale si je saisis bien (par bribes). Les deux autres sont franchement \u00e0 la tra\u00eene. Des gars&hellip;\" \/>\n<meta property=\"og:url\" content=\"https:\/\/outsiderland.com\/danahilliot\/alignements-racistes\/\" \/>\n<meta property=\"og:site_name\" content=\"Outside Dana Hilliot\" \/>\n<meta property=\"article:published_time\" content=\"2025-08-12T17:20:34+00:00\" \/>\n<meta name=\"author\" content=\"danah\" \/>\n<meta name=\"twitter:card\" content=\"summary_large_image\" \/>\n<meta name=\"twitter:label1\" content=\"\u00c9crit par\" \/>\n\t<meta name=\"twitter:data1\" content=\"danah\" \/>\n\t<meta name=\"twitter:label2\" content=\"Dur\u00e9e de lecture estim\u00e9e\" \/>\n\t<meta name=\"twitter:data2\" content=\"4 minutes\" \/>\n<script type=\"application\/ld+json\" class=\"yoast-schema-graph\">{\"@context\":\"https:\/\/schema.org\",\"@graph\":[{\"@type\":\"Article\",\"@id\":\"https:\/\/outsiderland.com\/danahilliot\/alignements-racistes\/#article\",\"isPartOf\":{\"@id\":\"https:\/\/outsiderland.com\/danahilliot\/alignements-racistes\/\"},\"author\":{\"name\":\"danah\",\"@id\":\"https:\/\/outsiderland.com\/danahilliot\/#\/schema\/person\/2f9b92e9fff19bccc36638b10510d5ae\"},\"headline\":\"Alignements racistes\",\"datePublished\":\"2025-08-12T17:20:34+00:00\",\"mainEntityOfPage\":{\"@id\":\"https:\/\/outsiderland.com\/danahilliot\/alignements-racistes\/\"},\"wordCount\":926,\"publisher\":{\"@id\":\"https:\/\/outsiderland.com\/danahilliot\/#\/schema\/person\/201a1fef0f5c2897bd65e98bcf6b1179\"},\"articleSection\":[\"Racisme\",\"X\u00e9nophobie\"],\"inLanguage\":\"fr-FR\"},{\"@type\":\"WebPage\",\"@id\":\"https:\/\/outsiderland.com\/danahilliot\/alignements-racistes\/\",\"url\":\"https:\/\/outsiderland.com\/danahilliot\/alignements-racistes\/\",\"name\":\"Alignements racistes - Outside Dana Hilliot\",\"isPartOf\":{\"@id\":\"https:\/\/outsiderland.com\/danahilliot\/#website\"},\"datePublished\":\"2025-08-12T17:20:34+00:00\",\"breadcrumb\":{\"@id\":\"https:\/\/outsiderland.com\/danahilliot\/alignements-racistes\/#breadcrumb\"},\"inLanguage\":\"fr-FR\",\"potentialAction\":[{\"@type\":\"ReadAction\",\"target\":[\"https:\/\/outsiderland.com\/danahilliot\/alignements-racistes\/\"]}]},{\"@type\":\"BreadcrumbList\",\"@id\":\"https:\/\/outsiderland.com\/danahilliot\/alignements-racistes\/#breadcrumb\",\"itemListElement\":[{\"@type\":\"ListItem\",\"position\":1,\"name\":\"Accueil\",\"item\":\"https:\/\/outsiderland.com\/danahilliot\/\"},{\"@type\":\"ListItem\",\"position\":2,\"name\":\"Alignements racistes\"}]},{\"@type\":\"WebSite\",\"@id\":\"https:\/\/outsiderland.com\/danahilliot\/#website\",\"url\":\"https:\/\/outsiderland.com\/danahilliot\/\",\"name\":\"Outside Dana Hilliot\",\"description\":\". Archives . Activit\u00e9s . Projets .\",\"publisher\":{\"@id\":\"https:\/\/outsiderland.com\/danahilliot\/#\/schema\/person\/201a1fef0f5c2897bd65e98bcf6b1179\"},\"potentialAction\":[{\"@type\":\"SearchAction\",\"target\":{\"@type\":\"EntryPoint\",\"urlTemplate\":\"https:\/\/outsiderland.com\/danahilliot\/?s={search_term_string}\"},\"query-input\":{\"@type\":\"PropertyValueSpecification\",\"valueRequired\":true,\"valueName\":\"search_term_string\"}}],\"inLanguage\":\"fr-FR\"},{\"@type\":[\"Person\",\"Organization\"],\"@id\":\"https:\/\/outsiderland.com\/danahilliot\/#\/schema\/person\/201a1fef0f5c2897bd65e98bcf6b1179\",\"name\":\"danahilliot\",\"image\":{\"@type\":\"ImageObject\",\"inLanguage\":\"fr-FR\",\"@id\":\"https:\/\/outsiderland.com\/danahilliot\/#\/schema\/person\/image\/\",\"url\":\"https:\/\/outsiderland.com\/danahilliot\/wp-content\/uploads\/2026\/02\/50801449407_a909f2c1ad_k.jpg\",\"contentUrl\":\"https:\/\/outsiderland.com\/danahilliot\/wp-content\/uploads\/2026\/02\/50801449407_a909f2c1ad_k.jpg\",\"width\":2048,\"height\":1536,\"caption\":\"danahilliot\"},\"logo\":{\"@id\":\"https:\/\/outsiderland.com\/danahilliot\/#\/schema\/person\/image\/\"}},{\"@type\":\"Person\",\"@id\":\"https:\/\/outsiderland.com\/danahilliot\/#\/schema\/person\/2f9b92e9fff19bccc36638b10510d5ae\",\"name\":\"danah\",\"image\":{\"@type\":\"ImageObject\",\"inLanguage\":\"fr-FR\",\"@id\":\"https:\/\/outsiderland.com\/danahilliot\/#\/schema\/person\/image\/\",\"url\":\"https:\/\/secure.gravatar.com\/avatar\/ed6349755e1d97f204277de3d09fc6ac31abd856835c8ea3c3a30d0aa84b0ddd?s=96&d=mm&r=g\",\"contentUrl\":\"https:\/\/secure.gravatar.com\/avatar\/ed6349755e1d97f204277de3d09fc6ac31abd856835c8ea3c3a30d0aa84b0ddd?s=96&d=mm&r=g\",\"caption\":\"danah\"},\"url\":\"https:\/\/outsiderland.com\/danahilliot\/author\/danah\/\"}]}<\/script>\n<!-- \/ Yoast SEO plugin. -->","yoast_head_json":{"title":"Alignements racistes - Outside Dana Hilliot","robots":{"index":"index","follow":"follow","max-snippet":"max-snippet:-1","max-image-preview":"max-image-preview:large","max-video-preview":"max-video-preview:-1"},"canonical":"https:\/\/outsiderland.com\/danahilliot\/alignements-racistes\/","og_locale":"fr_FR","og_type":"article","og_title":"Alignements racistes - Outside Dana Hilliot","og_description":"&nbsp; \u00c0 la table derri\u00e8re moi : un trio de gars autour de la soixantaine. L&rsquo;un deux m\u00e8ne la danse &#8211; affable, \u00e0 l&rsquo;aise, de la gouaille et un ample lexique, une langue riche et vivante. Une figure locale si je saisis bien (par bribes). Les deux autres sont franchement \u00e0 la tra\u00eene. Des gars&hellip;","og_url":"https:\/\/outsiderland.com\/danahilliot\/alignements-racistes\/","og_site_name":"Outside Dana Hilliot","article_published_time":"2025-08-12T17:20:34+00:00","author":"danah","twitter_card":"summary_large_image","twitter_misc":{"\u00c9crit par":"danah","Dur\u00e9e de lecture estim\u00e9e":"4 minutes"},"schema":{"@context":"https:\/\/schema.org","@graph":[{"@type":"Article","@id":"https:\/\/outsiderland.com\/danahilliot\/alignements-racistes\/#article","isPartOf":{"@id":"https:\/\/outsiderland.com\/danahilliot\/alignements-racistes\/"},"author":{"name":"danah","@id":"https:\/\/outsiderland.com\/danahilliot\/#\/schema\/person\/2f9b92e9fff19bccc36638b10510d5ae"},"headline":"Alignements racistes","datePublished":"2025-08-12T17:20:34+00:00","mainEntityOfPage":{"@id":"https:\/\/outsiderland.com\/danahilliot\/alignements-racistes\/"},"wordCount":926,"publisher":{"@id":"https:\/\/outsiderland.com\/danahilliot\/#\/schema\/person\/201a1fef0f5c2897bd65e98bcf6b1179"},"articleSection":["Racisme","X\u00e9nophobie"],"inLanguage":"fr-FR"},{"@type":"WebPage","@id":"https:\/\/outsiderland.com\/danahilliot\/alignements-racistes\/","url":"https:\/\/outsiderland.com\/danahilliot\/alignements-racistes\/","name":"Alignements racistes - Outside Dana Hilliot","isPartOf":{"@id":"https:\/\/outsiderland.com\/danahilliot\/#website"},"datePublished":"2025-08-12T17:20:34+00:00","breadcrumb":{"@id":"https:\/\/outsiderland.com\/danahilliot\/alignements-racistes\/#breadcrumb"},"inLanguage":"fr-FR","potentialAction":[{"@type":"ReadAction","target":["https:\/\/outsiderland.com\/danahilliot\/alignements-racistes\/"]}]},{"@type":"BreadcrumbList","@id":"https:\/\/outsiderland.com\/danahilliot\/alignements-racistes\/#breadcrumb","itemListElement":[{"@type":"ListItem","position":1,"name":"Accueil","item":"https:\/\/outsiderland.com\/danahilliot\/"},{"@type":"ListItem","position":2,"name":"Alignements racistes"}]},{"@type":"WebSite","@id":"https:\/\/outsiderland.com\/danahilliot\/#website","url":"https:\/\/outsiderland.com\/danahilliot\/","name":"Outside Dana Hilliot","description":". Archives . Activit\u00e9s . Projets .","publisher":{"@id":"https:\/\/outsiderland.com\/danahilliot\/#\/schema\/person\/201a1fef0f5c2897bd65e98bcf6b1179"},"potentialAction":[{"@type":"SearchAction","target":{"@type":"EntryPoint","urlTemplate":"https:\/\/outsiderland.com\/danahilliot\/?s={search_term_string}"},"query-input":{"@type":"PropertyValueSpecification","valueRequired":true,"valueName":"search_term_string"}}],"inLanguage":"fr-FR"},{"@type":["Person","Organization"],"@id":"https:\/\/outsiderland.com\/danahilliot\/#\/schema\/person\/201a1fef0f5c2897bd65e98bcf6b1179","name":"danahilliot","image":{"@type":"ImageObject","inLanguage":"fr-FR","@id":"https:\/\/outsiderland.com\/danahilliot\/#\/schema\/person\/image\/","url":"https:\/\/outsiderland.com\/danahilliot\/wp-content\/uploads\/2026\/02\/50801449407_a909f2c1ad_k.jpg","contentUrl":"https:\/\/outsiderland.com\/danahilliot\/wp-content\/uploads\/2026\/02\/50801449407_a909f2c1ad_k.jpg","width":2048,"height":1536,"caption":"danahilliot"},"logo":{"@id":"https:\/\/outsiderland.com\/danahilliot\/#\/schema\/person\/image\/"}},{"@type":"Person","@id":"https:\/\/outsiderland.com\/danahilliot\/#\/schema\/person\/2f9b92e9fff19bccc36638b10510d5ae","name":"danah","image":{"@type":"ImageObject","inLanguage":"fr-FR","@id":"https:\/\/outsiderland.com\/danahilliot\/#\/schema\/person\/image\/","url":"https:\/\/secure.gravatar.com\/avatar\/ed6349755e1d97f204277de3d09fc6ac31abd856835c8ea3c3a30d0aa84b0ddd?s=96&d=mm&r=g","contentUrl":"https:\/\/secure.gravatar.com\/avatar\/ed6349755e1d97f204277de3d09fc6ac31abd856835c8ea3c3a30d0aa84b0ddd?s=96&d=mm&r=g","caption":"danah"},"url":"https:\/\/outsiderland.com\/danahilliot\/author\/danah\/"}]}},"jetpack_publicize_connections":[],"_links":{"self":[{"href":"https:\/\/outsiderland.com\/danahilliot\/wp-json\/wp\/v2\/posts\/6027","targetHints":{"allow":["GET"]}}],"collection":[{"href":"https:\/\/outsiderland.com\/danahilliot\/wp-json\/wp\/v2\/posts"}],"about":[{"href":"https:\/\/outsiderland.com\/danahilliot\/wp-json\/wp\/v2\/types\/post"}],"author":[{"embeddable":true,"href":"https:\/\/outsiderland.com\/danahilliot\/wp-json\/wp\/v2\/users\/1"}],"replies":[{"embeddable":true,"href":"https:\/\/outsiderland.com\/danahilliot\/wp-json\/wp\/v2\/comments?post=6027"}],"version-history":[{"count":1,"href":"https:\/\/outsiderland.com\/danahilliot\/wp-json\/wp\/v2\/posts\/6027\/revisions"}],"predecessor-version":[{"id":6028,"href":"https:\/\/outsiderland.com\/danahilliot\/wp-json\/wp\/v2\/posts\/6027\/revisions\/6028"}],"wp:attachment":[{"href":"https:\/\/outsiderland.com\/danahilliot\/wp-json\/wp\/v2\/media?parent=6027"}],"wp:term":[{"taxonomy":"category","embeddable":true,"href":"https:\/\/outsiderland.com\/danahilliot\/wp-json\/wp\/v2\/categories?post=6027"},{"taxonomy":"post_tag","embeddable":true,"href":"https:\/\/outsiderland.com\/danahilliot\/wp-json\/wp\/v2\/tags?post=6027"}],"curies":[{"name":"wp","href":"https:\/\/api.w.org\/{rel}","templated":true}]}}