{"id":6020,"date":"2025-08-12T17:15:36","date_gmt":"2025-08-12T17:15:36","guid":{"rendered":"https:\/\/outsiderland.com\/danahilliot\/?p=6020"},"modified":"2025-08-12T17:15:58","modified_gmt":"2025-08-12T17:15:58","slug":"laccumulation-initiale-et-loccultation-de-la-violence","status":"publish","type":"post","link":"https:\/\/outsiderland.com\/danahilliot\/laccumulation-initiale-et-loccultation-de-la-violence\/","title":{"rendered":"L&rsquo;accumulation initiale et l&rsquo;occultation de la violence"},"content":{"rendered":"<p>Le fameux d\u00e9but du chapitre XXIV du premier livre du Capital (ici dans la traduction r\u00e9vis\u00e9e de JP Lefebvre parue aux \u00c9ditions Sociales &#8211; derni\u00e8re \u00e9dition 2022)<\/p>\n<p><a translate=\"no\" href=\"https:\/\/editionssociales.fr\/catalogue\/le-capital-livre-1\/\" target=\"_blank\" rel=\"nofollow noopener noreferrer\"><span class=\"invisible\">https:\/\/<\/span><span class=\"ellipsis\">editionssociales.fr\/catalogue\/<\/span><span class=\"invisible\">le-capital-livre-1\/<\/span><\/a><\/p>\n<blockquote><p>\u00ab\u00a0Le secret de l\u2019accumulation initiale.<\/p>\n<p>Nous avons vu comment la monnaie est transform\u00e9e en capital, comment, avec le capital, on fait de la survaleur, et \u00e0 partir de la survaleur davantage de capital. Cependant, l\u2019accumulation du capital pr\u00e9suppose la survaleur, la survaleur la production capitaliste, laquelle pr\u00e9suppose \u00e0 son tour la pr\u00e9sence de masse importante de capital et de force de travail entre les mains de producteurs de marchandises. Tout ce mouvement semble donc tourner dans un cercle vicieux dont nous ne sortons qu\u2019en supposant une accumulation initiale ant\u00e9rieure \u00e0 l\u2019accumulation capitaliste (\u00ab\u00a0previous accumulation\u00a0\u00bb chez A. Smith), une accumulation qui n\u2019est pas le r\u00e9sultat du mode de production capitaliste, mais son point de d\u00e9part.<\/p>\n<p>Cette accumulation initiale joue dans l\u2019\u00e9conomie politique \u00e0 peu pr\u00e8s le m\u00eame r\u00f4le que le p\u00e9ch\u00e9 originel en th\u00e9ologie. Adam a mordu la pomme et le p\u00e9ch\u00e9 s\u2019est abattu sur le genre humain. On en explique l\u2019origine en la racontant comme une anecdote du temps pass\u00e9. Il \u00e9tait une fois, il y a bien longtemps de cela, une \u00e9lite laborieuse d\u2019un c\u00f4t\u00e9, intelligente et avant tout \u00e9conome, et de l\u2019autre, une bande de canailles fain\u00e9antes, qui gaspillait sans compter les biens de cette \u00e9lite. La l\u00e9gende th\u00e9ologique du p\u00e9ch\u00e9 originel nous raconte, il est vrai, comment l\u2019homme fut condamn\u00e9 \u00e0 gagner son pain \u00e0 la sueur de son front\u00a0; l\u2019histoire du p\u00e9ch\u00e9 originel \u00e9conomique, en revanche, nous r\u00e9v\u00e8le pourquoi il est des gens qui n\u2019en ont nul besoin point. Passons\u00a0! Or il advint ainsi que les uns accumul\u00e8rent de la richesse et que les autres n\u2019eurent en d\u00e9finitive rien d\u2019autre \u00e0 vendre que leur peau. Et c\u2019est de ce p\u00e9ch\u00e9 originel que date la pauvret\u00e9 de la grande masse, qui, en d\u00e9pit de tout son travail, n\u2019a toujours rien d\u2019autre \u00e0 vendre qu\u2019elle-m\u00eame, et la richesse de quelques-uns, qui cro\u00eet continuellement, bien qu\u2019ils aient depuis longtemps cess\u00e9 de travailler\u00a0; c\u2019est ce genre d\u2019histoire pu\u00e9ril et insipide que, par exemple, monsieur Thiers rab\u00e2che encore aux Fran\u00e7ais, jadis si spirituels, en y mettant le s\u00e9rieux solennel de l\u2019homme d\u2019\u00c9tat, pour d\u00e9fendre la propri\u00e9t\u00e9. Il est vrai que d\u00e8s lors que la question de la propri\u00e9t\u00e9 entre en jeu, c\u2019est un devoir sacr\u00e9 de s\u2019en tenir mordicus aux v\u00e9rit\u00e9s d\u2019ab\u00e9c\u00e9daire, seule perspective valable pour toutes les classes d\u2019\u00e2ge et tous les stades de d\u00e9veloppement. Chacun sait que dans l\u2019histoire r\u00e9elle le premier r\u00f4le est tenu par la conqu\u00eate, l\u2019asservissement, le crime et le pillage, en un mot par la violence. Dans la suave \u00e9conomie politique, c\u2019est l\u2019idylle qui a toujours r\u00e9gn\u00e9. Droit et \u00ab\u00a0travail\u00a0\u00bb furent de tout temps les uniques moyens d\u2019enrichissement, exception faite chaque fois, naturellement, de \u00ab\u00a0cette ann\u00e9e\u00a0\u00bb. En r\u00e9alit\u00e9 les m\u00e9thodes de l\u2019accumulation initiale sont tout ce qu\u2019on voudra sauf idylliques.\u00a0\u00bb<\/p><\/blockquote>\n<p>Texte classique, qu\u2019on a lu ici ou l\u00e0, mais qui reste d\u2019une ind\u00e9niable actualit\u00e9. Demandez \u00e0 n\u2019importe quel lib\u00e9ral ou \u00e0 n\u2019importe quel bourgeois quelle est l\u2019origine de la richesse des uns et l\u2019explication de la pauvret\u00e9 des autres, il vous servira \u00e0 peu pr\u00e8s la m\u00eame fable. Le capitalisme a, depuis l\u2019origine, ce besoin de se justifier en produisant une histoire dans laquelle sa violence est soigneusement occult\u00e9e. Cette occultation de la violence (qui vient toujours des autres, les barbares, les hordes sauvages \u2013 \u00ab\u00a0externalis\u00e9e\u00a0\u00bb comme on dit aujourd\u2019hui), s\u2019accompagne d\u2019affirmations indiscutables \u2013 les points de d\u00e9part de la fable\u00a0: la naturalit\u00e9 des in\u00e9galit\u00e9s socio-\u00e9conomiques, la propri\u00e9t\u00e9, la valeur-travail, le travail en question \u00e9tant entendu comme \u00ab\u00a0travail salari\u00e9\u00a0\u00bb, etc. Autant de points de d\u00e9part tenus pour acquis, qui vont de soi, r\u00e9put\u00e9s universels et inscrits dans la nature humaine (Il n\u2019y a pas d\u2019alternatives\u00a0!), et qui donc, du m\u00eame coup, sont soustraits du d\u00e9bat politique. D\u00e9politis\u00e9s.<\/p>\n<p>Quand on s\u2019interroge sur le \u201csucc\u00e8s\u201d du syst\u00e8me capitaliste, d\u00e9sormais \u201cabsolu\u201d, en d\u00e9pit de son iniquit\u00e9, des souffrances monstrueuses qu\u2019il inflige \u00e0 la majorit\u00e9 des \u00eatres humains (sans parler des non-humains et de la plan\u00e8te), il faut toujours se rappeler la puissance du narratif qui l\u2019accompagne, sa dimension \u201cid\u00e9ologique\u201d (et les voies de sa diffusion dans l\u2019esprit des masses, \u00e0 commencer par la famille, l\u2019\u00e9cole, l\u2019entreprise, les m\u00e9dias, chapeaut\u00e9s avec attention par les gouvernants, les classes bourgeoises et capitalistes eux-m\u00eames). Une masse consid\u00e9rable d\u2019exploit\u00e9s adh\u00e8re sans discuter aux fondements fallacieux de la fable de la naturalit\u00e9 de l\u2019accumulation du capital (la valeur-travail, la propri\u00e9t\u00e9, la croissance, la menace de la dette, le ruissellement, etc). Et c\u2019est bien l\u00e0 le probl\u00e8me.<\/p>\n<p>&nbsp;<\/p>\n<p>NB : On notera le parall\u00e8le entre la th\u00e9orie \u00e9conomique et la th\u00e9ologie. Marx \u00e9crit dans les Manuscrits de 1944, que \u00ab le th\u00e9ologien explique l\u2019origine du mal par le p\u00e9ch\u00e9 originel, posant comme un fait, comme un \u00e9v\u00e9nement historique ce qu\u2019il doit lui-m\u00eame expliquer \u00bb<br \/>\nAutrement dit, il n&rsquo;explique ici rien du tout, puisqu&rsquo;il se contente de rapporter l&rsquo;origine du mal \u00e0 un mal originaire.<br \/>\nL\u2019\u00e9conomiste proc\u00e8de de la m\u00eame fa\u00e7on quand il pose d&#8217;embl\u00e9e la propri\u00e9t\u00e9 priv\u00e9e au rang de fait primitif ou de principe, ce qui lui conf\u00e8re une valeur inconditionnelle et la soustrait d\u2019avance \u00e0 toute tentative d\u2019explication.<\/p>\n","protected":false},"excerpt":{"rendered":"<p>Le fameux d\u00e9but du chapitre XXIV du premier livre du Capital (ici dans la traduction r\u00e9vis\u00e9e de JP Lefebvre parue aux \u00c9ditions Sociales &#8211; derni\u00e8re \u00e9dition 2022) https:\/\/editionssociales.fr\/catalogue\/le-capital-livre-1\/ \u00ab\u00a0Le secret de l\u2019accumulation initiale. Nous avons vu comment la monnaie est transform\u00e9e en capital, comment, avec le capital, on fait de la survaleur, et \u00e0 partir&hellip;<\/p>\n <a href=\"https:\/\/outsiderland.com\/danahilliot\/laccumulation-initiale-et-loccultation-de-la-violence\/\" title=\"L&rsquo;accumulation initiale et l&rsquo;occultation de la violence\" class=\"entry-more-link\"><span>Read More<\/span> <span class=\"screen-reader-text\">L&rsquo;accumulation initiale et l&rsquo;occultation de la violence<\/span><\/a>","protected":false},"author":1,"featured_media":0,"comment_status":"closed","ping_status":"open","sticky":false,"template":"","format":"standard","meta":{"Layout":"","footnotes":"","jetpack_publicize_message":"","jetpack_publicize_feature_enabled":true,"jetpack_social_post_already_shared":true,"jetpack_social_options":{"image_generator_settings":{"template":"highway","default_image_id":0,"font":"","enabled":false},"version":2}},"categories":[102,104],"tags":[],"class_list":["entry","author-danah","post-6020","post","type-post","status-publish","format-standard","category-marx","category-marxismes"],"yoast_head":"<!-- This site is optimized with the Yoast SEO plugin v27.0 - https:\/\/yoast.com\/product\/yoast-seo-wordpress\/ -->\n<title>L&#039;accumulation initiale et l&#039;occultation de la violence - Outside Dana Hilliot<\/title>\n<meta name=\"robots\" content=\"index, follow, max-snippet:-1, max-image-preview:large, max-video-preview:-1\" \/>\n<link rel=\"canonical\" href=\"https:\/\/outsiderland.com\/danahilliot\/laccumulation-initiale-et-loccultation-de-la-violence\/\" \/>\n<meta property=\"og:locale\" content=\"fr_FR\" \/>\n<meta property=\"og:type\" content=\"article\" \/>\n<meta property=\"og:title\" content=\"L&#039;accumulation initiale et l&#039;occultation de la violence - Outside Dana Hilliot\" \/>\n<meta property=\"og:description\" content=\"Le fameux d\u00e9but du chapitre XXIV du premier livre du Capital (ici dans la traduction r\u00e9vis\u00e9e de JP Lefebvre parue aux \u00c9ditions Sociales &#8211; derni\u00e8re \u00e9dition 2022) https:\/\/editionssociales.fr\/catalogue\/le-capital-livre-1\/ \u00ab\u00a0Le secret de l\u2019accumulation initiale. Nous avons vu comment la monnaie est transform\u00e9e en capital, comment, avec le capital, on fait de la survaleur, et \u00e0 partir&hellip;\" \/>\n<meta property=\"og:url\" content=\"https:\/\/outsiderland.com\/danahilliot\/laccumulation-initiale-et-loccultation-de-la-violence\/\" \/>\n<meta property=\"og:site_name\" content=\"Outside Dana Hilliot\" \/>\n<meta property=\"article:published_time\" content=\"2025-08-12T17:15:36+00:00\" \/>\n<meta property=\"article:modified_time\" content=\"2025-08-12T17:15:58+00:00\" \/>\n<meta name=\"author\" content=\"danah\" \/>\n<meta name=\"twitter:card\" content=\"summary_large_image\" \/>\n<meta name=\"twitter:label1\" content=\"\u00c9crit par\" \/>\n\t<meta name=\"twitter:data1\" content=\"danah\" \/>\n\t<meta name=\"twitter:label2\" content=\"Dur\u00e9e de lecture estim\u00e9e\" \/>\n\t<meta name=\"twitter:data2\" content=\"5 minutes\" \/>\n<script type=\"application\/ld+json\" class=\"yoast-schema-graph\">{\"@context\":\"https:\/\/schema.org\",\"@graph\":[{\"@type\":\"Article\",\"@id\":\"https:\/\/outsiderland.com\/danahilliot\/laccumulation-initiale-et-loccultation-de-la-violence\/#article\",\"isPartOf\":{\"@id\":\"https:\/\/outsiderland.com\/danahilliot\/laccumulation-initiale-et-loccultation-de-la-violence\/\"},\"author\":{\"name\":\"danah\",\"@id\":\"https:\/\/outsiderland.com\/danahilliot\/#\/schema\/person\/2f9b92e9fff19bccc36638b10510d5ae\"},\"headline\":\"L&rsquo;accumulation initiale et l&rsquo;occultation de la violence\",\"datePublished\":\"2025-08-12T17:15:36+00:00\",\"dateModified\":\"2025-08-12T17:15:58+00:00\",\"mainEntityOfPage\":{\"@id\":\"https:\/\/outsiderland.com\/danahilliot\/laccumulation-initiale-et-loccultation-de-la-violence\/\"},\"wordCount\":1016,\"publisher\":{\"@id\":\"https:\/\/outsiderland.com\/danahilliot\/#\/schema\/person\/201a1fef0f5c2897bd65e98bcf6b1179\"},\"articleSection\":[\"Marx\",\"Marxismes\"],\"inLanguage\":\"fr-FR\"},{\"@type\":\"WebPage\",\"@id\":\"https:\/\/outsiderland.com\/danahilliot\/laccumulation-initiale-et-loccultation-de-la-violence\/\",\"url\":\"https:\/\/outsiderland.com\/danahilliot\/laccumulation-initiale-et-loccultation-de-la-violence\/\",\"name\":\"L'accumulation initiale et l'occultation de la violence - Outside Dana Hilliot\",\"isPartOf\":{\"@id\":\"https:\/\/outsiderland.com\/danahilliot\/#website\"},\"datePublished\":\"2025-08-12T17:15:36+00:00\",\"dateModified\":\"2025-08-12T17:15:58+00:00\",\"breadcrumb\":{\"@id\":\"https:\/\/outsiderland.com\/danahilliot\/laccumulation-initiale-et-loccultation-de-la-violence\/#breadcrumb\"},\"inLanguage\":\"fr-FR\",\"potentialAction\":[{\"@type\":\"ReadAction\",\"target\":[\"https:\/\/outsiderland.com\/danahilliot\/laccumulation-initiale-et-loccultation-de-la-violence\/\"]}]},{\"@type\":\"BreadcrumbList\",\"@id\":\"https:\/\/outsiderland.com\/danahilliot\/laccumulation-initiale-et-loccultation-de-la-violence\/#breadcrumb\",\"itemListElement\":[{\"@type\":\"ListItem\",\"position\":1,\"name\":\"Accueil\",\"item\":\"https:\/\/outsiderland.com\/danahilliot\/\"},{\"@type\":\"ListItem\",\"position\":2,\"name\":\"L&rsquo;accumulation initiale et l&rsquo;occultation de la violence\"}]},{\"@type\":\"WebSite\",\"@id\":\"https:\/\/outsiderland.com\/danahilliot\/#website\",\"url\":\"https:\/\/outsiderland.com\/danahilliot\/\",\"name\":\"Outside Dana Hilliot\",\"description\":\". Archives . Activit\u00e9s . Projets .\",\"publisher\":{\"@id\":\"https:\/\/outsiderland.com\/danahilliot\/#\/schema\/person\/201a1fef0f5c2897bd65e98bcf6b1179\"},\"potentialAction\":[{\"@type\":\"SearchAction\",\"target\":{\"@type\":\"EntryPoint\",\"urlTemplate\":\"https:\/\/outsiderland.com\/danahilliot\/?s={search_term_string}\"},\"query-input\":{\"@type\":\"PropertyValueSpecification\",\"valueRequired\":true,\"valueName\":\"search_term_string\"}}],\"inLanguage\":\"fr-FR\"},{\"@type\":[\"Person\",\"Organization\"],\"@id\":\"https:\/\/outsiderland.com\/danahilliot\/#\/schema\/person\/201a1fef0f5c2897bd65e98bcf6b1179\",\"name\":\"danahilliot\",\"image\":{\"@type\":\"ImageObject\",\"inLanguage\":\"fr-FR\",\"@id\":\"https:\/\/outsiderland.com\/danahilliot\/#\/schema\/person\/image\/\",\"url\":\"https:\/\/outsiderland.com\/danahilliot\/wp-content\/uploads\/2026\/02\/50801449407_a909f2c1ad_k.jpg\",\"contentUrl\":\"https:\/\/outsiderland.com\/danahilliot\/wp-content\/uploads\/2026\/02\/50801449407_a909f2c1ad_k.jpg\",\"width\":2048,\"height\":1536,\"caption\":\"danahilliot\"},\"logo\":{\"@id\":\"https:\/\/outsiderland.com\/danahilliot\/#\/schema\/person\/image\/\"}},{\"@type\":\"Person\",\"@id\":\"https:\/\/outsiderland.com\/danahilliot\/#\/schema\/person\/2f9b92e9fff19bccc36638b10510d5ae\",\"name\":\"danah\",\"image\":{\"@type\":\"ImageObject\",\"inLanguage\":\"fr-FR\",\"@id\":\"https:\/\/outsiderland.com\/danahilliot\/#\/schema\/person\/image\/\",\"url\":\"https:\/\/secure.gravatar.com\/avatar\/ed6349755e1d97f204277de3d09fc6ac31abd856835c8ea3c3a30d0aa84b0ddd?s=96&d=mm&r=g\",\"contentUrl\":\"https:\/\/secure.gravatar.com\/avatar\/ed6349755e1d97f204277de3d09fc6ac31abd856835c8ea3c3a30d0aa84b0ddd?s=96&d=mm&r=g\",\"caption\":\"danah\"},\"url\":\"https:\/\/outsiderland.com\/danahilliot\/author\/danah\/\"}]}<\/script>\n<!-- \/ Yoast SEO plugin. -->","yoast_head_json":{"title":"L'accumulation initiale et l'occultation de la violence - Outside Dana Hilliot","robots":{"index":"index","follow":"follow","max-snippet":"max-snippet:-1","max-image-preview":"max-image-preview:large","max-video-preview":"max-video-preview:-1"},"canonical":"https:\/\/outsiderland.com\/danahilliot\/laccumulation-initiale-et-loccultation-de-la-violence\/","og_locale":"fr_FR","og_type":"article","og_title":"L'accumulation initiale et l'occultation de la violence - Outside Dana Hilliot","og_description":"Le fameux d\u00e9but du chapitre XXIV du premier livre du Capital (ici dans la traduction r\u00e9vis\u00e9e de JP Lefebvre parue aux \u00c9ditions Sociales &#8211; derni\u00e8re \u00e9dition 2022) https:\/\/editionssociales.fr\/catalogue\/le-capital-livre-1\/ \u00ab\u00a0Le secret de l\u2019accumulation initiale. Nous avons vu comment la monnaie est transform\u00e9e en capital, comment, avec le capital, on fait de la survaleur, et \u00e0 partir&hellip;","og_url":"https:\/\/outsiderland.com\/danahilliot\/laccumulation-initiale-et-loccultation-de-la-violence\/","og_site_name":"Outside Dana Hilliot","article_published_time":"2025-08-12T17:15:36+00:00","article_modified_time":"2025-08-12T17:15:58+00:00","author":"danah","twitter_card":"summary_large_image","twitter_misc":{"\u00c9crit par":"danah","Dur\u00e9e de lecture estim\u00e9e":"5 minutes"},"schema":{"@context":"https:\/\/schema.org","@graph":[{"@type":"Article","@id":"https:\/\/outsiderland.com\/danahilliot\/laccumulation-initiale-et-loccultation-de-la-violence\/#article","isPartOf":{"@id":"https:\/\/outsiderland.com\/danahilliot\/laccumulation-initiale-et-loccultation-de-la-violence\/"},"author":{"name":"danah","@id":"https:\/\/outsiderland.com\/danahilliot\/#\/schema\/person\/2f9b92e9fff19bccc36638b10510d5ae"},"headline":"L&rsquo;accumulation initiale et l&rsquo;occultation de la violence","datePublished":"2025-08-12T17:15:36+00:00","dateModified":"2025-08-12T17:15:58+00:00","mainEntityOfPage":{"@id":"https:\/\/outsiderland.com\/danahilliot\/laccumulation-initiale-et-loccultation-de-la-violence\/"},"wordCount":1016,"publisher":{"@id":"https:\/\/outsiderland.com\/danahilliot\/#\/schema\/person\/201a1fef0f5c2897bd65e98bcf6b1179"},"articleSection":["Marx","Marxismes"],"inLanguage":"fr-FR"},{"@type":"WebPage","@id":"https:\/\/outsiderland.com\/danahilliot\/laccumulation-initiale-et-loccultation-de-la-violence\/","url":"https:\/\/outsiderland.com\/danahilliot\/laccumulation-initiale-et-loccultation-de-la-violence\/","name":"L'accumulation initiale et l'occultation de la violence - Outside Dana Hilliot","isPartOf":{"@id":"https:\/\/outsiderland.com\/danahilliot\/#website"},"datePublished":"2025-08-12T17:15:36+00:00","dateModified":"2025-08-12T17:15:58+00:00","breadcrumb":{"@id":"https:\/\/outsiderland.com\/danahilliot\/laccumulation-initiale-et-loccultation-de-la-violence\/#breadcrumb"},"inLanguage":"fr-FR","potentialAction":[{"@type":"ReadAction","target":["https:\/\/outsiderland.com\/danahilliot\/laccumulation-initiale-et-loccultation-de-la-violence\/"]}]},{"@type":"BreadcrumbList","@id":"https:\/\/outsiderland.com\/danahilliot\/laccumulation-initiale-et-loccultation-de-la-violence\/#breadcrumb","itemListElement":[{"@type":"ListItem","position":1,"name":"Accueil","item":"https:\/\/outsiderland.com\/danahilliot\/"},{"@type":"ListItem","position":2,"name":"L&rsquo;accumulation initiale et l&rsquo;occultation de la violence"}]},{"@type":"WebSite","@id":"https:\/\/outsiderland.com\/danahilliot\/#website","url":"https:\/\/outsiderland.com\/danahilliot\/","name":"Outside Dana Hilliot","description":". Archives . Activit\u00e9s . Projets .","publisher":{"@id":"https:\/\/outsiderland.com\/danahilliot\/#\/schema\/person\/201a1fef0f5c2897bd65e98bcf6b1179"},"potentialAction":[{"@type":"SearchAction","target":{"@type":"EntryPoint","urlTemplate":"https:\/\/outsiderland.com\/danahilliot\/?s={search_term_string}"},"query-input":{"@type":"PropertyValueSpecification","valueRequired":true,"valueName":"search_term_string"}}],"inLanguage":"fr-FR"},{"@type":["Person","Organization"],"@id":"https:\/\/outsiderland.com\/danahilliot\/#\/schema\/person\/201a1fef0f5c2897bd65e98bcf6b1179","name":"danahilliot","image":{"@type":"ImageObject","inLanguage":"fr-FR","@id":"https:\/\/outsiderland.com\/danahilliot\/#\/schema\/person\/image\/","url":"https:\/\/outsiderland.com\/danahilliot\/wp-content\/uploads\/2026\/02\/50801449407_a909f2c1ad_k.jpg","contentUrl":"https:\/\/outsiderland.com\/danahilliot\/wp-content\/uploads\/2026\/02\/50801449407_a909f2c1ad_k.jpg","width":2048,"height":1536,"caption":"danahilliot"},"logo":{"@id":"https:\/\/outsiderland.com\/danahilliot\/#\/schema\/person\/image\/"}},{"@type":"Person","@id":"https:\/\/outsiderland.com\/danahilliot\/#\/schema\/person\/2f9b92e9fff19bccc36638b10510d5ae","name":"danah","image":{"@type":"ImageObject","inLanguage":"fr-FR","@id":"https:\/\/outsiderland.com\/danahilliot\/#\/schema\/person\/image\/","url":"https:\/\/secure.gravatar.com\/avatar\/ed6349755e1d97f204277de3d09fc6ac31abd856835c8ea3c3a30d0aa84b0ddd?s=96&d=mm&r=g","contentUrl":"https:\/\/secure.gravatar.com\/avatar\/ed6349755e1d97f204277de3d09fc6ac31abd856835c8ea3c3a30d0aa84b0ddd?s=96&d=mm&r=g","caption":"danah"},"url":"https:\/\/outsiderland.com\/danahilliot\/author\/danah\/"}]}},"jetpack_publicize_connections":[],"_links":{"self":[{"href":"https:\/\/outsiderland.com\/danahilliot\/wp-json\/wp\/v2\/posts\/6020","targetHints":{"allow":["GET"]}}],"collection":[{"href":"https:\/\/outsiderland.com\/danahilliot\/wp-json\/wp\/v2\/posts"}],"about":[{"href":"https:\/\/outsiderland.com\/danahilliot\/wp-json\/wp\/v2\/types\/post"}],"author":[{"embeddable":true,"href":"https:\/\/outsiderland.com\/danahilliot\/wp-json\/wp\/v2\/users\/1"}],"replies":[{"embeddable":true,"href":"https:\/\/outsiderland.com\/danahilliot\/wp-json\/wp\/v2\/comments?post=6020"}],"version-history":[{"count":2,"href":"https:\/\/outsiderland.com\/danahilliot\/wp-json\/wp\/v2\/posts\/6020\/revisions"}],"predecessor-version":[{"id":6022,"href":"https:\/\/outsiderland.com\/danahilliot\/wp-json\/wp\/v2\/posts\/6020\/revisions\/6022"}],"wp:attachment":[{"href":"https:\/\/outsiderland.com\/danahilliot\/wp-json\/wp\/v2\/media?parent=6020"}],"wp:term":[{"taxonomy":"category","embeddable":true,"href":"https:\/\/outsiderland.com\/danahilliot\/wp-json\/wp\/v2\/categories?post=6020"},{"taxonomy":"post_tag","embeddable":true,"href":"https:\/\/outsiderland.com\/danahilliot\/wp-json\/wp\/v2\/tags?post=6020"}],"curies":[{"name":"wp","href":"https:\/\/api.w.org\/{rel}","templated":true}]}}