{"id":5999,"date":"2025-08-12T16:56:35","date_gmt":"2025-08-12T16:56:35","guid":{"rendered":"https:\/\/outsiderland.com\/danahilliot\/?p=5999"},"modified":"2025-08-12T16:56:35","modified_gmt":"2025-08-12T16:56:35","slug":"naturaliser-lesprit","status":"publish","type":"post","link":"https:\/\/outsiderland.com\/danahilliot\/naturaliser-lesprit\/","title":{"rendered":"Naturaliser l&rsquo;esprit"},"content":{"rendered":"<p>S&rsquo;il y a bien un aspect du monde contemporain avec lequel je ne m&rsquo;accorde absolument pas, c&rsquo;est bien celui qui consiste \u00e0 \u00ab\u00a0naturaliser\u00a0\u00bb les affections psychiques. Par exemple, je vois passer un message concernant la d\u00e9pression, qui dit clairement que toute tentative de lui donner du sens (c&rsquo;est-\u00e0-dire de l&rsquo;inscrire dans un champ narratif plus large, biographique, social ou politique par exemple, encore moins de la penser comme une exp\u00e9rience, un \u00e9pisode de l&rsquo;existence dont on pourrait \u00ab\u00a0apprendre\u00a0\u00bb quelque chose) serait en r\u00e9duire la \u00ab\u00a0gravit\u00e9\u00a0\u00bb, une mani\u00e8re de ne pas la prendre au s\u00e9rieux.<\/p>\n<p>Ce faisant, on en fait quelque chose qui arrive, sans explication, de nulle part, dont il n&rsquo;y a rien \u00e0 penser, une pure \u00ab\u00a0anomalie c\u00e9r\u00e9brale\u00a0\u00bb &#8211; except\u00e9 s&rsquo;en plaindre et demander qu&rsquo;elle soit \u00ab\u00a0reconnue\u00a0\u00bb &#8211; en g\u00e9n\u00e9ral par les pouvoirs publics ou \u00ab\u00a0l&rsquo;opinion\u00a0\u00bb &#8211; et prise en charge d&rsquo;une mani\u00e8re ou d&rsquo;une autre.<\/p>\n<p>Je parle de la d\u00e9pression, mais c&rsquo;est valable \u00e9videmment pour la plupart des affections psychiques et des \u00ab\u00a0particularit\u00e9s comportementales\u00a0\u00bb, etc..<\/p>\n<p>\u00c7a me pose \u00e9norm\u00e9ment de probl\u00e8mes. Intellectuellement d&rsquo;abord : parce que, logiquement, si c&rsquo;est une anomalie c\u00e9r\u00e9brale qui vous tombe dessus, naturelle donc (c&rsquo;est pourquoi on parle de naturaliser le psychisme, convertir l&rsquo;esprit en cerveau ou en une suite de \u00ab\u00a0comportements\u00a0\u00bb), alors la cons\u00e9quence est d&rsquo;en demander le soin \u00e0 la m\u00e9decine et plus largement \u00e0 la science. Un cerveau ne parle pas, il n&rsquo;est pas un sujet. On l&rsquo;observe par neuro-imagerie. On \u00e9value statiquement des comportements (en dessinant des diagrammes, les fameux \u00ab\u00a0spectres\u00a0\u00bb cens\u00e9s d\u00e9crire les variations et les fr\u00e9quences comportementales, d&rsquo;une mani\u00e8re abstraite, pr\u00e9cis\u00e9ment en \u00e9vacuant d&rsquo;abord par principe le fait qu&rsquo;ils puissent avoir une signification).<br \/>\nEt politiquement : dans la mesure o\u00f9 la cons\u00e9quence logique est d&rsquo;en r\u00e9f\u00e9rer in fine aux pouvoirs publics et \u00e0 l&rsquo;\u00c9tat, \u00e0 qui sont adress\u00e9 une demande de reconnaissance et de prise en charge &#8211; autrement dit, c&rsquo;est \u00e0 l&rsquo;\u00c9tat de \u00ab\u00a0r\u00e9pondre\u00a0\u00bb de la maladie, d&rsquo;en parler, pas au patient, encore moins au sujet, qui se prive lui-m\u00eame et d\u00e9lib\u00e9r\u00e9ment de parole.<\/p>\n<p>Dans les ann\u00e9es 90, on plaisantait parfois en disant que les patients qui souffraient de d\u00e9pression n&rsquo;arrivaient pas chez leur m\u00e9decin ou leur psy en disant qu&rsquo;ils souffraient d&rsquo;un faible taux de s\u00e9rotonine. Aujourd&rsquo;hui, les temps ont chang\u00e9 : la plupart des gens ont tellement int\u00e9gr\u00e9 le discours m\u00e9dical, le principe de la naturalisation de la psych\u00e9 et de l&rsquo;esprit (le dernier continent qui manquait dans la grande entreprise moderne de naturalisation de toutes choses, qui, notez-le, va de pair et s&rsquo;articule fort bien avec le projet de transformation de toutes choses, m\u00eame nos int\u00e9riorit\u00e9s, en marchandises), qu&rsquo;ils s&rsquo;y soumettent avec z\u00e8le, voire, pire encore, en assurent le triomphe.<\/p>\n<p>\u00c7a ne signifie pas que la d\u00e9pression (pas moins que les autres \u00ab\u00a0affections psychiques\u00a0\u00bb, tout comme les actes cognitifs ou les \u00e9motions etc..) ne se \u00ab\u00a0voient\u00a0\u00bb pas dans le cerveau. Bien s\u00fbr que toutes les exp\u00e9riences que nous vivons se lisent aussi dans les corps, pour le dire tr\u00e8s vite, et qu&rsquo;il faut recourir aux m\u00e9dicaments quand l&rsquo;existence devient insupportable, et m\u00eame se battre pour obtenir un statut social particulier (par exemple, \u00eatre exempt\u00e9 de recherche de travail, b\u00e9n\u00e9ficier d&rsquo;am\u00e9nagements sociaux-\u00e9conomiques, d&rsquo;un statut d&rsquo;handicap\u00e9 etc&#8230;). Mais \u00e7a ne dit pas tout, et m\u00eame, \u00e7a ne dit rien, du sens de ces affections. Le risque, m\u00eame, \u00e0 se focaliser exclusivement sur ces \u00ab\u00a0prises en charge\u00a0\u00bb m\u00e9dicales ou administratives, c&rsquo;est de les priver a priori de toute signification, de rendre impossible de rien apprendre de ces exp\u00e9riences (et au fond, de les soustraire au champ des exp\u00e9riences de l&rsquo;existence).<\/p>\n<p>L\u00e0, j&rsquo;atteins le point o\u00f9 je ne peux vraiment pas me faire \u00e0 cet aspect de la modernit\u00e9. Je tiens mordicus \u00e0 la pens\u00e9e, \u00e0 la parole, au r\u00e9cit de soi complexe, \u00e0 la perspective critique et politique concernant la \u00ab\u00a0sant\u00e9 mentale\u00a0\u00bb comme ILS disent.<\/p>\n<p>S&rsquo;il y en a que ces sujets (et mon point de vue) int\u00e9ressent, voici une tr\u00e8s br\u00e8ve bibliographie :<br \/>\n1. Les ouvrages classiques d&rsquo;Alain Erhenberg, qui datent des ann\u00e9es 90, dans lesquels le sociologue avait tr\u00e8s bien per\u00e7u ce qui \u00e9tait en train de se jouer :<\/p>\n<p>Alain Ehrenberg, <em>Le Culte de la performance<\/em>, Paris, Calmann-L\u00e9vy, 1991<br \/>\nAlain Ehrenberg, <em>La Fatigue d\u2019\u00eatre soi \u2013 d\u00e9pression et soci\u00e9t\u00e9<\/em>, Paris, Odile Jacob, 1998<\/p>\n<p>2. Un livre tr\u00e8s int\u00e9ressant de Pierre Fedida, <em>Des bienfaits de la d\u00e9pression : \u00e9loge de la psychoth\u00e9rapie<\/em>, Paris, Odile Jacob, 2001<\/p>\n<p>3. Pierre-Henri Castel, <em>L&rsquo;Esprit malade<\/em>, Paris, Ithaque, 2009<\/p>\n<p>4. Louis A. Sass, <em>Les paradoxes du d\u00e9lire<\/em> (<em>The Paradoxes of Delusion: Wittgenstein, Schreber and the Schizophrenic Mind<\/em>, 1995), traduction fran\u00e7aise P.H. Castel, Ithaque \u00c9ditions, 2010)<\/p>\n<p>dont j&rsquo;ai parl\u00e9 ici :<br \/>\n<a translate=\"no\" href=\"https:\/\/outsiderland.com\/danahilliot\/?s=sass\" target=\"_blank\" rel=\"nofollow noopener noreferrer\"><span class=\"invisible\">https:\/\/<\/span><span class=\"ellipsis\">outsiderland.com\/danahilliot\/?<\/span><span class=\"invisible\">s=sass<\/span><\/a><\/p>\n<p>Et par exemple, cet article que j&rsquo;avais publi\u00e9 :<\/p>\n<p><a translate=\"no\" href=\"https:\/\/outsiderland.com\/danahilliot\/la-depression-du-point-de-vue-de-lobjet\/\" target=\"_blank\" rel=\"nofollow noopener noreferrer\"><span class=\"invisible\">https:\/\/<\/span><span class=\"ellipsis\">outsiderland.com\/danahilliot\/l<\/span><span class=\"invisible\">a-depression-du-point-de-vue-de-lobjet\/<\/span><\/a><\/p>\n","protected":false},"excerpt":{"rendered":"<p>S&rsquo;il y a bien un aspect du monde contemporain avec lequel je ne m&rsquo;accorde absolument pas, c&rsquo;est bien celui qui consiste \u00e0 \u00ab\u00a0naturaliser\u00a0\u00bb les affections psychiques. Par exemple, je vois passer un message concernant la d\u00e9pression, qui dit clairement que toute tentative de lui donner du sens (c&rsquo;est-\u00e0-dire de l&rsquo;inscrire dans un champ narratif plus&hellip;<\/p>\n <a href=\"https:\/\/outsiderland.com\/danahilliot\/naturaliser-lesprit\/\" title=\"Naturaliser l&rsquo;esprit\" class=\"entry-more-link\"><span>Read More<\/span> <span class=\"screen-reader-text\">Naturaliser l&rsquo;esprit<\/span><\/a>","protected":false},"author":1,"featured_media":0,"comment_status":"closed","ping_status":"open","sticky":false,"template":"","format":"standard","meta":{"Layout":"","footnotes":"","jetpack_publicize_message":"","jetpack_publicize_feature_enabled":true,"jetpack_social_post_already_shared":true,"jetpack_social_options":{"image_generator_settings":{"template":"highway","default_image_id":0,"font":"","enabled":false},"version":2}},"categories":[111],"tags":[],"class_list":["entry","author-danah","post-5999","post","type-post","status-publish","format-standard","category-philosophie"],"yoast_head":"<!-- This site is optimized with the Yoast SEO plugin v27.0 - https:\/\/yoast.com\/product\/yoast-seo-wordpress\/ -->\n<title>Naturaliser l&#039;esprit - Outside Dana Hilliot<\/title>\n<meta name=\"robots\" content=\"index, follow, max-snippet:-1, max-image-preview:large, max-video-preview:-1\" \/>\n<link rel=\"canonical\" href=\"https:\/\/outsiderland.com\/danahilliot\/naturaliser-lesprit\/\" \/>\n<meta property=\"og:locale\" content=\"fr_FR\" \/>\n<meta property=\"og:type\" content=\"article\" \/>\n<meta property=\"og:title\" content=\"Naturaliser l&#039;esprit - Outside Dana Hilliot\" \/>\n<meta property=\"og:description\" content=\"S&rsquo;il y a bien un aspect du monde contemporain avec lequel je ne m&rsquo;accorde absolument pas, c&rsquo;est bien celui qui consiste \u00e0 \u00ab\u00a0naturaliser\u00a0\u00bb les affections psychiques. Par exemple, je vois passer un message concernant la d\u00e9pression, qui dit clairement que toute tentative de lui donner du sens (c&rsquo;est-\u00e0-dire de l&rsquo;inscrire dans un champ narratif plus&hellip;\" \/>\n<meta property=\"og:url\" content=\"https:\/\/outsiderland.com\/danahilliot\/naturaliser-lesprit\/\" \/>\n<meta property=\"og:site_name\" content=\"Outside Dana Hilliot\" \/>\n<meta property=\"article:published_time\" content=\"2025-08-12T16:56:35+00:00\" \/>\n<meta name=\"author\" content=\"danah\" \/>\n<meta name=\"twitter:card\" content=\"summary_large_image\" \/>\n<meta name=\"twitter:label1\" content=\"\u00c9crit par\" \/>\n\t<meta name=\"twitter:data1\" content=\"danah\" \/>\n\t<meta name=\"twitter:label2\" content=\"Dur\u00e9e de lecture estim\u00e9e\" \/>\n\t<meta name=\"twitter:data2\" content=\"4 minutes\" \/>\n<script type=\"application\/ld+json\" class=\"yoast-schema-graph\">{\"@context\":\"https:\/\/schema.org\",\"@graph\":[{\"@type\":\"Article\",\"@id\":\"https:\/\/outsiderland.com\/danahilliot\/naturaliser-lesprit\/#article\",\"isPartOf\":{\"@id\":\"https:\/\/outsiderland.com\/danahilliot\/naturaliser-lesprit\/\"},\"author\":{\"name\":\"danah\",\"@id\":\"https:\/\/outsiderland.com\/danahilliot\/#\/schema\/person\/2f9b92e9fff19bccc36638b10510d5ae\"},\"headline\":\"Naturaliser l&rsquo;esprit\",\"datePublished\":\"2025-08-12T16:56:35+00:00\",\"mainEntityOfPage\":{\"@id\":\"https:\/\/outsiderland.com\/danahilliot\/naturaliser-lesprit\/\"},\"wordCount\":887,\"publisher\":{\"@id\":\"https:\/\/outsiderland.com\/danahilliot\/#\/schema\/person\/201a1fef0f5c2897bd65e98bcf6b1179\"},\"articleSection\":[\"Philosophie\"],\"inLanguage\":\"fr-FR\"},{\"@type\":\"WebPage\",\"@id\":\"https:\/\/outsiderland.com\/danahilliot\/naturaliser-lesprit\/\",\"url\":\"https:\/\/outsiderland.com\/danahilliot\/naturaliser-lesprit\/\",\"name\":\"Naturaliser l'esprit - Outside Dana Hilliot\",\"isPartOf\":{\"@id\":\"https:\/\/outsiderland.com\/danahilliot\/#website\"},\"datePublished\":\"2025-08-12T16:56:35+00:00\",\"breadcrumb\":{\"@id\":\"https:\/\/outsiderland.com\/danahilliot\/naturaliser-lesprit\/#breadcrumb\"},\"inLanguage\":\"fr-FR\",\"potentialAction\":[{\"@type\":\"ReadAction\",\"target\":[\"https:\/\/outsiderland.com\/danahilliot\/naturaliser-lesprit\/\"]}]},{\"@type\":\"BreadcrumbList\",\"@id\":\"https:\/\/outsiderland.com\/danahilliot\/naturaliser-lesprit\/#breadcrumb\",\"itemListElement\":[{\"@type\":\"ListItem\",\"position\":1,\"name\":\"Accueil\",\"item\":\"https:\/\/outsiderland.com\/danahilliot\/\"},{\"@type\":\"ListItem\",\"position\":2,\"name\":\"Naturaliser l&rsquo;esprit\"}]},{\"@type\":\"WebSite\",\"@id\":\"https:\/\/outsiderland.com\/danahilliot\/#website\",\"url\":\"https:\/\/outsiderland.com\/danahilliot\/\",\"name\":\"Outside Dana Hilliot\",\"description\":\". Archives . Activit\u00e9s . Projets .\",\"publisher\":{\"@id\":\"https:\/\/outsiderland.com\/danahilliot\/#\/schema\/person\/201a1fef0f5c2897bd65e98bcf6b1179\"},\"potentialAction\":[{\"@type\":\"SearchAction\",\"target\":{\"@type\":\"EntryPoint\",\"urlTemplate\":\"https:\/\/outsiderland.com\/danahilliot\/?s={search_term_string}\"},\"query-input\":{\"@type\":\"PropertyValueSpecification\",\"valueRequired\":true,\"valueName\":\"search_term_string\"}}],\"inLanguage\":\"fr-FR\"},{\"@type\":[\"Person\",\"Organization\"],\"@id\":\"https:\/\/outsiderland.com\/danahilliot\/#\/schema\/person\/201a1fef0f5c2897bd65e98bcf6b1179\",\"name\":\"danahilliot\",\"image\":{\"@type\":\"ImageObject\",\"inLanguage\":\"fr-FR\",\"@id\":\"https:\/\/outsiderland.com\/danahilliot\/#\/schema\/person\/image\/\",\"url\":\"https:\/\/outsiderland.com\/danahilliot\/wp-content\/uploads\/2026\/02\/50801449407_a909f2c1ad_k.jpg\",\"contentUrl\":\"https:\/\/outsiderland.com\/danahilliot\/wp-content\/uploads\/2026\/02\/50801449407_a909f2c1ad_k.jpg\",\"width\":2048,\"height\":1536,\"caption\":\"danahilliot\"},\"logo\":{\"@id\":\"https:\/\/outsiderland.com\/danahilliot\/#\/schema\/person\/image\/\"}},{\"@type\":\"Person\",\"@id\":\"https:\/\/outsiderland.com\/danahilliot\/#\/schema\/person\/2f9b92e9fff19bccc36638b10510d5ae\",\"name\":\"danah\",\"image\":{\"@type\":\"ImageObject\",\"inLanguage\":\"fr-FR\",\"@id\":\"https:\/\/outsiderland.com\/danahilliot\/#\/schema\/person\/image\/\",\"url\":\"https:\/\/secure.gravatar.com\/avatar\/ed6349755e1d97f204277de3d09fc6ac31abd856835c8ea3c3a30d0aa84b0ddd?s=96&d=mm&r=g\",\"contentUrl\":\"https:\/\/secure.gravatar.com\/avatar\/ed6349755e1d97f204277de3d09fc6ac31abd856835c8ea3c3a30d0aa84b0ddd?s=96&d=mm&r=g\",\"caption\":\"danah\"},\"url\":\"https:\/\/outsiderland.com\/danahilliot\/author\/danah\/\"}]}<\/script>\n<!-- \/ Yoast SEO plugin. -->","yoast_head_json":{"title":"Naturaliser l'esprit - Outside Dana Hilliot","robots":{"index":"index","follow":"follow","max-snippet":"max-snippet:-1","max-image-preview":"max-image-preview:large","max-video-preview":"max-video-preview:-1"},"canonical":"https:\/\/outsiderland.com\/danahilliot\/naturaliser-lesprit\/","og_locale":"fr_FR","og_type":"article","og_title":"Naturaliser l'esprit - Outside Dana Hilliot","og_description":"S&rsquo;il y a bien un aspect du monde contemporain avec lequel je ne m&rsquo;accorde absolument pas, c&rsquo;est bien celui qui consiste \u00e0 \u00ab\u00a0naturaliser\u00a0\u00bb les affections psychiques. Par exemple, je vois passer un message concernant la d\u00e9pression, qui dit clairement que toute tentative de lui donner du sens (c&rsquo;est-\u00e0-dire de l&rsquo;inscrire dans un champ narratif plus&hellip;","og_url":"https:\/\/outsiderland.com\/danahilliot\/naturaliser-lesprit\/","og_site_name":"Outside Dana Hilliot","article_published_time":"2025-08-12T16:56:35+00:00","author":"danah","twitter_card":"summary_large_image","twitter_misc":{"\u00c9crit par":"danah","Dur\u00e9e de lecture estim\u00e9e":"4 minutes"},"schema":{"@context":"https:\/\/schema.org","@graph":[{"@type":"Article","@id":"https:\/\/outsiderland.com\/danahilliot\/naturaliser-lesprit\/#article","isPartOf":{"@id":"https:\/\/outsiderland.com\/danahilliot\/naturaliser-lesprit\/"},"author":{"name":"danah","@id":"https:\/\/outsiderland.com\/danahilliot\/#\/schema\/person\/2f9b92e9fff19bccc36638b10510d5ae"},"headline":"Naturaliser l&rsquo;esprit","datePublished":"2025-08-12T16:56:35+00:00","mainEntityOfPage":{"@id":"https:\/\/outsiderland.com\/danahilliot\/naturaliser-lesprit\/"},"wordCount":887,"publisher":{"@id":"https:\/\/outsiderland.com\/danahilliot\/#\/schema\/person\/201a1fef0f5c2897bd65e98bcf6b1179"},"articleSection":["Philosophie"],"inLanguage":"fr-FR"},{"@type":"WebPage","@id":"https:\/\/outsiderland.com\/danahilliot\/naturaliser-lesprit\/","url":"https:\/\/outsiderland.com\/danahilliot\/naturaliser-lesprit\/","name":"Naturaliser l'esprit - Outside Dana Hilliot","isPartOf":{"@id":"https:\/\/outsiderland.com\/danahilliot\/#website"},"datePublished":"2025-08-12T16:56:35+00:00","breadcrumb":{"@id":"https:\/\/outsiderland.com\/danahilliot\/naturaliser-lesprit\/#breadcrumb"},"inLanguage":"fr-FR","potentialAction":[{"@type":"ReadAction","target":["https:\/\/outsiderland.com\/danahilliot\/naturaliser-lesprit\/"]}]},{"@type":"BreadcrumbList","@id":"https:\/\/outsiderland.com\/danahilliot\/naturaliser-lesprit\/#breadcrumb","itemListElement":[{"@type":"ListItem","position":1,"name":"Accueil","item":"https:\/\/outsiderland.com\/danahilliot\/"},{"@type":"ListItem","position":2,"name":"Naturaliser l&rsquo;esprit"}]},{"@type":"WebSite","@id":"https:\/\/outsiderland.com\/danahilliot\/#website","url":"https:\/\/outsiderland.com\/danahilliot\/","name":"Outside Dana Hilliot","description":". Archives . Activit\u00e9s . Projets .","publisher":{"@id":"https:\/\/outsiderland.com\/danahilliot\/#\/schema\/person\/201a1fef0f5c2897bd65e98bcf6b1179"},"potentialAction":[{"@type":"SearchAction","target":{"@type":"EntryPoint","urlTemplate":"https:\/\/outsiderland.com\/danahilliot\/?s={search_term_string}"},"query-input":{"@type":"PropertyValueSpecification","valueRequired":true,"valueName":"search_term_string"}}],"inLanguage":"fr-FR"},{"@type":["Person","Organization"],"@id":"https:\/\/outsiderland.com\/danahilliot\/#\/schema\/person\/201a1fef0f5c2897bd65e98bcf6b1179","name":"danahilliot","image":{"@type":"ImageObject","inLanguage":"fr-FR","@id":"https:\/\/outsiderland.com\/danahilliot\/#\/schema\/person\/image\/","url":"https:\/\/outsiderland.com\/danahilliot\/wp-content\/uploads\/2026\/02\/50801449407_a909f2c1ad_k.jpg","contentUrl":"https:\/\/outsiderland.com\/danahilliot\/wp-content\/uploads\/2026\/02\/50801449407_a909f2c1ad_k.jpg","width":2048,"height":1536,"caption":"danahilliot"},"logo":{"@id":"https:\/\/outsiderland.com\/danahilliot\/#\/schema\/person\/image\/"}},{"@type":"Person","@id":"https:\/\/outsiderland.com\/danahilliot\/#\/schema\/person\/2f9b92e9fff19bccc36638b10510d5ae","name":"danah","image":{"@type":"ImageObject","inLanguage":"fr-FR","@id":"https:\/\/outsiderland.com\/danahilliot\/#\/schema\/person\/image\/","url":"https:\/\/secure.gravatar.com\/avatar\/ed6349755e1d97f204277de3d09fc6ac31abd856835c8ea3c3a30d0aa84b0ddd?s=96&d=mm&r=g","contentUrl":"https:\/\/secure.gravatar.com\/avatar\/ed6349755e1d97f204277de3d09fc6ac31abd856835c8ea3c3a30d0aa84b0ddd?s=96&d=mm&r=g","caption":"danah"},"url":"https:\/\/outsiderland.com\/danahilliot\/author\/danah\/"}]}},"jetpack_publicize_connections":[],"_links":{"self":[{"href":"https:\/\/outsiderland.com\/danahilliot\/wp-json\/wp\/v2\/posts\/5999","targetHints":{"allow":["GET"]}}],"collection":[{"href":"https:\/\/outsiderland.com\/danahilliot\/wp-json\/wp\/v2\/posts"}],"about":[{"href":"https:\/\/outsiderland.com\/danahilliot\/wp-json\/wp\/v2\/types\/post"}],"author":[{"embeddable":true,"href":"https:\/\/outsiderland.com\/danahilliot\/wp-json\/wp\/v2\/users\/1"}],"replies":[{"embeddable":true,"href":"https:\/\/outsiderland.com\/danahilliot\/wp-json\/wp\/v2\/comments?post=5999"}],"version-history":[{"count":1,"href":"https:\/\/outsiderland.com\/danahilliot\/wp-json\/wp\/v2\/posts\/5999\/revisions"}],"predecessor-version":[{"id":6000,"href":"https:\/\/outsiderland.com\/danahilliot\/wp-json\/wp\/v2\/posts\/5999\/revisions\/6000"}],"wp:attachment":[{"href":"https:\/\/outsiderland.com\/danahilliot\/wp-json\/wp\/v2\/media?parent=5999"}],"wp:term":[{"taxonomy":"category","embeddable":true,"href":"https:\/\/outsiderland.com\/danahilliot\/wp-json\/wp\/v2\/categories?post=5999"},{"taxonomy":"post_tag","embeddable":true,"href":"https:\/\/outsiderland.com\/danahilliot\/wp-json\/wp\/v2\/tags?post=5999"}],"curies":[{"name":"wp","href":"https:\/\/api.w.org\/{rel}","templated":true}]}}