{"id":5884,"date":"2025-04-27T09:40:14","date_gmt":"2025-04-27T09:40:14","guid":{"rendered":"https:\/\/outsiderland.com\/danahilliot\/?p=5884"},"modified":"2025-04-27T09:40:14","modified_gmt":"2025-04-27T09:40:14","slug":"defendre-la-democratie-en-roumanie","status":"publish","type":"post","link":"https:\/\/outsiderland.com\/danahilliot\/defendre-la-democratie-en-roumanie\/","title":{"rendered":"D\u00e9fendre la d\u00e9mocratie en Roumanie"},"content":{"rendered":"<p>C&rsquo;est tr\u00e8s int\u00e9ressant ce qui se passe en Roumanie. La commission \u00e9lectorale fait le tri entre les candidats pour les pr\u00e9sidentielles du 5 mai.<\/p>\n<p>Apr\u00e8s le rejet de celle de Calin Georgescu, le fameux \u00ab\u00a0agent russe\u00a0\u00bb arriv\u00e9 en t\u00eate du premier tour en 2024, \u00e9lections annul\u00e9e pour des soup\u00e7ons d&rsquo;ing\u00e9rence de la Russie, la commission a rejet\u00e9 une autre candidate d&rsquo;extr\u00eame droite, Diana Sosoaca, qui avait enfil\u00e9 des gants de boxe pour \u00ab\u00a0combattre le syst\u00e8me\u00a0\u00bb.<\/p>\n<p><a class=\"status-link unhandled-link\" title=\"https:\/\/www.francetvinfo.fr\/monde\/europe\/presidentielle-en-roumanie-une-nouvelle-candidate-d-extreme-droite-exclue-par-la-commission-electorale_7131699.html\" translate=\"no\" href=\"https:\/\/www.francetvinfo.fr\/monde\/europe\/presidentielle-en-roumanie-une-nouvelle-candidate-d-extreme-droite-exclue-par-la-commission-electorale_7131699.html\" target=\"_blank\" rel=\"nofollow noopener noreferrer\"><span class=\"invisible\">https:\/\/www.<\/span><span class=\"ellipsis\">francetvinfo.fr\/monde\/europe\/p<\/span><span class=\"invisible\">residentielle-en-roumanie-une-nouvelle-candidate-d-extreme-droite-exclue-par-la-commission-electorale_7131699.html<\/span><\/a><\/p>\n<p>Par contre, la candidature d&rsquo;un autre candidat d&rsquo;ED, George Simion, a \u00e9t\u00e9 accept\u00e9e.<\/p>\n<p>Une partie de la soci\u00e9t\u00e9 civile, associations militantes et intellectuels, s&rsquo;est r\u00e9unie sous la banni\u00e8re d&rsquo;un Manifeste pour l&rsquo;Europe, et leurs craintes (pour le moins fond\u00e9es !) d&rsquo;une Roumanie livr\u00e9e \u00e0 la Russie, et sombrant dans le national populisme, voire le fascisme, est manifestement relay\u00e9e par le pouvoir en place, \u00e0, travers les d\u00e9cisions de la commission \u00e9lectorale.<\/p>\n<p><a class=\"status-link unhandled-link\" title=\"https:\/\/www.rfi.fr\/ro\/rom%C3%A2nia\/20250314-radu-vancu-votul-pentru-extremi%C8%99ti-nu-distruge-sistemul-corupt-distruge-rom%C3%A2nia\" translate=\"no\" href=\"https:\/\/www.rfi.fr\/ro\/rom%C3%A2nia\/20250314-radu-vancu-votul-pentru-extremi%C8%99ti-nu-distruge-sistemul-corupt-distruge-rom%C3%A2nia\" target=\"_blank\" rel=\"nofollow noopener noreferrer\"><span class=\"invisible\">https:\/\/www.<\/span><span class=\"ellipsis\">rfi.fr\/ro\/rom%C3%A2nia\/2025031<\/span><span class=\"invisible\">4-radu-vancu-votul-pentru-extremi%C8%99ti-nu-distruge-sistemul-corupt-distruge-rom%C3%A2nia<\/span><\/a><\/p>\n<p>C&rsquo;est tr\u00e8s int\u00e9ressant parce qu&rsquo;assez contre-intuitif, de d\u00e9fendre la d\u00e9mocratie tout en revendiquant le droit d&rsquo;exclure a priori certaines candidats, comme le font r\u00e9guli\u00e8rement les dirigeants autoritaires (\u00e0 commencer par les dirigeants russes ou bi\u00e9lorusses).<\/p>\n<p>Mais il s&rsquo;agit l\u00e0 de d\u00e9fendre une v\u00e9ritable d\u00e9mocratie, pas de singer la d\u00e9mocratie comme le font Poutine et ses amis, en pratiquant ce qu&rsquo;on appelle la pseudo-d\u00e9mocratie. L\u00e9 d\u00e9mocratie porte en elle le risque de sa propre n\u00e9gation. Il se trouvera bien des gens pour s&rsquo;en indigner (\u00e0 commencer par les exclus, mais aussi, probablement, une fois qu&rsquo;ils auront r\u00e9ussi \u00e0 situer la Roumanie sur une carte, les \u00ab\u00a0d\u00e9fenseurs de la libert\u00e9\u00a0\u00bb de la clique trumpienne, sans parler de Poutine).<\/p>\n<p>Pourrait-on imaginer qu&rsquo;un jour, en France, on emp\u00eache un candidat de se pr\u00e9senter au pr\u00e9texte que les id\u00e9es qu&rsquo;il d\u00e9fend constitue un danger pour la d\u00e9mocratie ? Dans le cas Roumain, \u00e9videmment, il ne s&rsquo;agit pas seulement de cela : il s&rsquo;agit de se d\u00e9fendre contre l&#8217;emprise croissante de la propagande russe, dans la perspective d&rsquo;une guerre possible.<\/p>\n<p>La traduction (via deepl) de la discussion sur le site de RFI :<\/p>\n<blockquote><p>\u00ab\u00a0Diana Voicu, pourquoi le destin europ\u00e9en de la Roumanie est-il en danger ?<\/p>\n<p>Diana Voicu : Au cours des six derniers mois, et plus particuli\u00e8rement au cours des deux ou trois derniers mois, il semble qu&rsquo;il n&rsquo;y ait plus de place pour la voix des personnes qui estiment avoir travaill\u00e9 pour que l&rsquo;Europe soit notre destin.<\/p>\n<p>Nos voix, nos pens\u00e9es, ont \u00e9t\u00e9 noy\u00e9es par une extr\u00eame droite tr\u00e8s agressive, tr\u00e8s bruyante, qui pense qu&rsquo;il est juste de nous sortir des valeurs europ\u00e9ennes, de pi\u00e9tiner tout ce que nous avons construit ces derni\u00e8res ann\u00e9es, d&rsquo;organiser des manifestations agressives, d&rsquo;\u00eatre accompagn\u00e9e par des gens qui connaissent tr\u00e8s bien les armes, d&rsquo;avoir un discours fasciste, un discours pro-russe. Et d&rsquo;un point de vue tr\u00e8s personnel, je me sens menac\u00e9 non seulement par les efforts de ces derni\u00e8res ann\u00e9es, mais aussi par l&rsquo;avenir de mon enfant.<\/p>\n<p>Roxana Dasc\u0103lu, il y a quelques mots cl\u00e9s dans la communication politique de ces derniers jours : paix, libert\u00e9, d\u00e9mocratie. Ils sont \u00e9galement utilis\u00e9s par le voisinage de C\u0103lin Georgescu. Il n&rsquo;est plus candidat, mais son h\u00e9ritage est l\u00e0. Ces mots ont des significations diff\u00e9rentes selon la personne qui les utilise.<\/p>\n<p>Roxana Dasc\u0103lu : Regardez, si Trump dit la paix, si Poutine dit la paix, l&rsquo;Ukraine est \u00e0 genoux parce qu&rsquo;il n&rsquo;y a aucune garantie Europe Macron, le leader et les autres dirigeants europ\u00e9ens qui ont d\u00e9clar\u00e9 leur solidarit\u00e9. Nous esp\u00e9rons que la Roumanie restera parmi eux. Il veut la paix avec des garanties en Ukraine parce qu&rsquo;il a dit, comme Macron, que la Russie est une menace existentielle pour l&rsquo;Europe et pour la France.<\/p>\n<p>La paix n&rsquo;est pas synonyme de capitulation&#8230;<\/p>\n<p>Roxana Dasc\u0103lu : Pas \u00e0 genoux, pas de capitulation. C&rsquo;est une premi\u00e8re id\u00e9e.<\/p>\n<p>D\u00e9mocratie, libert\u00e9&#8230; L&rsquo;Europe soutient l&rsquo;annulation des \u00e9lections. Ils disent que l&rsquo;Europe viole la d\u00e9mocratie.<\/p>\n<p>Roxana Dasc\u0103lu : L&rsquo;Europe ne viole pas la d\u00e9mocratie. Ce qui est peut-\u00eatre moins connu dans les canaux de communication et les m\u00e9dias &#8211; et croyez-moi, je ne me vante pas, mais j&rsquo;y travaille et je suis fi\u00e8re d&rsquo;avoir \u00e9crit \u00e0 mes coll\u00e8gues du Financial Times de Londres. Hier, ils ont publi\u00e9 un article citant notre manifeste, dans lequel ils parlent de ce qui se passe en Roumanie avec le rejet de la candidature de C\u0103lin Georgescu. Oui, donc l&rsquo;information est entr\u00e9e et non pas des fake news comme les d\u00e9clarations de Trump ou de JD Vance ou de Moscou.<\/p>\n<p>\u00ab\u00a0Nous sommes au milieu d&rsquo;une guerre de l&rsquo;information. Comment g\u00e9rer l&rsquo;h\u00e9ritage que le mouvement de C\u0103lin Georgescu laisse dans la soci\u00e9t\u00e9 roumaine ? Ce sont de vraies personnes. Il y a des griefs, pour la plupart l\u00e9gitimes, si nous parlons de corruption, de rupture des politiciens avec l&rsquo;opinion publique, de privil\u00e8ges qui ne sont pas en ordre. Mais beaucoup, je ne sais pas, 30 \u00e0 40 %, sont pr\u00eats \u00e0 envisager la solution radicale plut\u00f4t que la solution d\u00e9mocratique. Comment voyez-vous cet h\u00e9ritage et comment le g\u00e9rer dans la soci\u00e9t\u00e9 ?<\/p>\n<p>Diana Voicu : Il est important de se rappeler que la d\u00e9mocratie n&rsquo;est jamais garantie si l&rsquo;on ne travaille pas pour elle. Mais en m\u00eame temps, je suis heureuse qu&rsquo;en Roumanie, nous ayons commenc\u00e9 quelque chose ces derni\u00e8res ann\u00e9es.<\/p>\n<p>Par exemple, nous avons multipli\u00e9 les discussions sur le communisme et sur ce que c&rsquo;\u00e9tait sous le communisme, notamment avec le lancement du film \u00ab Le Nouvel An qui n&rsquo;a jamais exist\u00e9 \u00bb.<\/p>\n<p>Nous ne pouvons pas oublier ce que signifie l&rsquo;autocratie et l&rsquo;absence de d\u00e9mocratie. Je veux dire que nous ne pouvons pas oublier, mais nous sommes parfois en col\u00e8re.<\/p>\n<p>Et nous sommes descendus dans la rue tant de fois parce que nous n&rsquo;aimons pas toujours la fa\u00e7on dont la justice fonctionne. Nous n&rsquo;aimons pas qu&rsquo;une partie du plan de Dragnea concernant les lois sur la justice ait r\u00e9ussi. Le dossier du 10 ao\u00fbt n&rsquo;est toujours pas r\u00e9solu. Et il n&rsquo;est pas le seul.<\/p>\n<p>Nous sommes donc m\u00e9contents de la d\u00e9mocratie, nous sommes m\u00e9contents de la classe politique, mais c&rsquo;est \u00e0 nous de d\u00e9cider et cela ne signifie pas que nous devons passer \u00e0 l&rsquo;autocratie.<\/p>\n<p>Radu Vancu : Il faut expliquer aussi clairement et calmement que possible que, cette fois, il ne s&rsquo;agit pas simplement d&rsquo;un vote antisyst\u00e8me, comme les gens l&rsquo;ont pratiqu\u00e9, y compris nous tous, en raison d&rsquo;une naus\u00e9e absolument explicable face \u00e0 la corruption et au cynisme des politiciens.<\/p>\n<p>Cette fois, le vote antisyst\u00e8me pour les extr\u00e9mistes ne d\u00e9truit pas un syst\u00e8me corrompu, mais d\u00e9truit la Roumanie dans son ensemble.<\/p>\n<p>Nous ne pouvons pas r\u00e9parer le contrat social, nous ne pouvons pas r\u00e9parer le type de relation que nous avons avec nos politiciens, nous ne pouvons pas r\u00e9parer les institutions dysfonctionnelles de la d\u00e9mocratie roumaine si ce n&rsquo;est au sein de la d\u00e9mocratie.<\/p>\n<p>C&rsquo;est ce que nous devons garder \u00e0 l&rsquo;esprit. Traversons ces \u00e9lections de mani\u00e8re \u00e0 ce qu&rsquo;en mai, la Roumanie reste une d\u00e9mocratie europ\u00e9enne, avec un pr\u00e9sident pro-europ\u00e9en et pro-OTAN, qui s&rsquo;accrochera \u00e0 nos alliances identitaires que C\u0103lin Georgescu &#8211; qui n&rsquo;est plus candidat &#8211; mais dont l&rsquo;\u00e9lectorat est pr\u00eat \u00e0 annuler.\u00a0\u00bb<\/p><\/blockquote>\n","protected":false},"excerpt":{"rendered":"<p>C&rsquo;est tr\u00e8s int\u00e9ressant ce qui se passe en Roumanie. La commission \u00e9lectorale fait le tri entre les candidats pour les pr\u00e9sidentielles du 5 mai. Apr\u00e8s le rejet de celle de Calin Georgescu, le fameux \u00ab\u00a0agent russe\u00a0\u00bb arriv\u00e9 en t\u00eate du premier tour en 2024, \u00e9lections annul\u00e9e pour des soup\u00e7ons d&rsquo;ing\u00e9rence de la Russie, la commission&hellip;<\/p>\n <a href=\"https:\/\/outsiderland.com\/danahilliot\/defendre-la-democratie-en-roumanie\/\" title=\"D\u00e9fendre la d\u00e9mocratie en Roumanie\" class=\"entry-more-link\"><span>Read More<\/span> <span class=\"screen-reader-text\">D\u00e9fendre la d\u00e9mocratie en Roumanie<\/span><\/a>","protected":false},"author":1,"featured_media":0,"comment_status":"closed","ping_status":"open","sticky":false,"template":"","format":"standard","meta":{"Layout":"","footnotes":"","jetpack_publicize_message":"","jetpack_publicize_feature_enabled":true,"jetpack_social_post_already_shared":true,"jetpack_social_options":{"image_generator_settings":{"template":"highway","default_image_id":0,"font":"","enabled":false},"version":2}},"categories":[99],"tags":[],"class_list":["entry","author-danah","post-5884","post","type-post","status-publish","format-standard","category-democratie"],"yoast_head":"<!-- This site is optimized with the Yoast SEO plugin v27.0 - https:\/\/yoast.com\/product\/yoast-seo-wordpress\/ -->\n<title>D\u00e9fendre la d\u00e9mocratie en Roumanie - Outside Dana Hilliot<\/title>\n<meta name=\"robots\" content=\"index, follow, max-snippet:-1, max-image-preview:large, max-video-preview:-1\" \/>\n<link rel=\"canonical\" href=\"https:\/\/outsiderland.com\/danahilliot\/defendre-la-democratie-en-roumanie\/\" \/>\n<meta property=\"og:locale\" content=\"fr_FR\" \/>\n<meta property=\"og:type\" content=\"article\" \/>\n<meta property=\"og:title\" content=\"D\u00e9fendre la d\u00e9mocratie en Roumanie - Outside Dana Hilliot\" \/>\n<meta property=\"og:description\" content=\"C&rsquo;est tr\u00e8s int\u00e9ressant ce qui se passe en Roumanie. La commission \u00e9lectorale fait le tri entre les candidats pour les pr\u00e9sidentielles du 5 mai. Apr\u00e8s le rejet de celle de Calin Georgescu, le fameux \u00ab\u00a0agent russe\u00a0\u00bb arriv\u00e9 en t\u00eate du premier tour en 2024, \u00e9lections annul\u00e9e pour des soup\u00e7ons d&rsquo;ing\u00e9rence de la Russie, la commission&hellip;\" \/>\n<meta property=\"og:url\" content=\"https:\/\/outsiderland.com\/danahilliot\/defendre-la-democratie-en-roumanie\/\" \/>\n<meta property=\"og:site_name\" content=\"Outside Dana Hilliot\" \/>\n<meta property=\"article:published_time\" content=\"2025-04-27T09:40:14+00:00\" \/>\n<meta name=\"author\" content=\"danah\" \/>\n<meta name=\"twitter:card\" content=\"summary_large_image\" \/>\n<meta name=\"twitter:label1\" content=\"\u00c9crit par\" \/>\n\t<meta name=\"twitter:data1\" content=\"danah\" \/>\n\t<meta name=\"twitter:label2\" content=\"Dur\u00e9e de lecture estim\u00e9e\" \/>\n\t<meta name=\"twitter:data2\" content=\"6 minutes\" \/>\n<script type=\"application\/ld+json\" class=\"yoast-schema-graph\">{\"@context\":\"https:\/\/schema.org\",\"@graph\":[{\"@type\":\"Article\",\"@id\":\"https:\/\/outsiderland.com\/danahilliot\/defendre-la-democratie-en-roumanie\/#article\",\"isPartOf\":{\"@id\":\"https:\/\/outsiderland.com\/danahilliot\/defendre-la-democratie-en-roumanie\/\"},\"author\":{\"name\":\"danah\",\"@id\":\"https:\/\/outsiderland.com\/danahilliot\/#\/schema\/person\/2f9b92e9fff19bccc36638b10510d5ae\"},\"headline\":\"D\u00e9fendre la d\u00e9mocratie en Roumanie\",\"datePublished\":\"2025-04-27T09:40:14+00:00\",\"mainEntityOfPage\":{\"@id\":\"https:\/\/outsiderland.com\/danahilliot\/defendre-la-democratie-en-roumanie\/\"},\"wordCount\":1366,\"publisher\":{\"@id\":\"https:\/\/outsiderland.com\/danahilliot\/#\/schema\/person\/201a1fef0f5c2897bd65e98bcf6b1179\"},\"articleSection\":[\"(d\u00e9mocratie)\"],\"inLanguage\":\"fr-FR\"},{\"@type\":\"WebPage\",\"@id\":\"https:\/\/outsiderland.com\/danahilliot\/defendre-la-democratie-en-roumanie\/\",\"url\":\"https:\/\/outsiderland.com\/danahilliot\/defendre-la-democratie-en-roumanie\/\",\"name\":\"D\u00e9fendre la d\u00e9mocratie en Roumanie - Outside Dana Hilliot\",\"isPartOf\":{\"@id\":\"https:\/\/outsiderland.com\/danahilliot\/#website\"},\"datePublished\":\"2025-04-27T09:40:14+00:00\",\"breadcrumb\":{\"@id\":\"https:\/\/outsiderland.com\/danahilliot\/defendre-la-democratie-en-roumanie\/#breadcrumb\"},\"inLanguage\":\"fr-FR\",\"potentialAction\":[{\"@type\":\"ReadAction\",\"target\":[\"https:\/\/outsiderland.com\/danahilliot\/defendre-la-democratie-en-roumanie\/\"]}]},{\"@type\":\"BreadcrumbList\",\"@id\":\"https:\/\/outsiderland.com\/danahilliot\/defendre-la-democratie-en-roumanie\/#breadcrumb\",\"itemListElement\":[{\"@type\":\"ListItem\",\"position\":1,\"name\":\"Accueil\",\"item\":\"https:\/\/outsiderland.com\/danahilliot\/\"},{\"@type\":\"ListItem\",\"position\":2,\"name\":\"D\u00e9fendre la d\u00e9mocratie en Roumanie\"}]},{\"@type\":\"WebSite\",\"@id\":\"https:\/\/outsiderland.com\/danahilliot\/#website\",\"url\":\"https:\/\/outsiderland.com\/danahilliot\/\",\"name\":\"Outside Dana Hilliot\",\"description\":\". Archives . Activit\u00e9s . Projets .\",\"publisher\":{\"@id\":\"https:\/\/outsiderland.com\/danahilliot\/#\/schema\/person\/201a1fef0f5c2897bd65e98bcf6b1179\"},\"potentialAction\":[{\"@type\":\"SearchAction\",\"target\":{\"@type\":\"EntryPoint\",\"urlTemplate\":\"https:\/\/outsiderland.com\/danahilliot\/?s={search_term_string}\"},\"query-input\":{\"@type\":\"PropertyValueSpecification\",\"valueRequired\":true,\"valueName\":\"search_term_string\"}}],\"inLanguage\":\"fr-FR\"},{\"@type\":[\"Person\",\"Organization\"],\"@id\":\"https:\/\/outsiderland.com\/danahilliot\/#\/schema\/person\/201a1fef0f5c2897bd65e98bcf6b1179\",\"name\":\"danahilliot\",\"image\":{\"@type\":\"ImageObject\",\"inLanguage\":\"fr-FR\",\"@id\":\"https:\/\/outsiderland.com\/danahilliot\/#\/schema\/person\/image\/\",\"url\":\"https:\/\/outsiderland.com\/danahilliot\/wp-content\/uploads\/2026\/02\/50801449407_a909f2c1ad_k.jpg\",\"contentUrl\":\"https:\/\/outsiderland.com\/danahilliot\/wp-content\/uploads\/2026\/02\/50801449407_a909f2c1ad_k.jpg\",\"width\":2048,\"height\":1536,\"caption\":\"danahilliot\"},\"logo\":{\"@id\":\"https:\/\/outsiderland.com\/danahilliot\/#\/schema\/person\/image\/\"}},{\"@type\":\"Person\",\"@id\":\"https:\/\/outsiderland.com\/danahilliot\/#\/schema\/person\/2f9b92e9fff19bccc36638b10510d5ae\",\"name\":\"danah\",\"image\":{\"@type\":\"ImageObject\",\"inLanguage\":\"fr-FR\",\"@id\":\"https:\/\/outsiderland.com\/danahilliot\/#\/schema\/person\/image\/\",\"url\":\"https:\/\/secure.gravatar.com\/avatar\/ed6349755e1d97f204277de3d09fc6ac31abd856835c8ea3c3a30d0aa84b0ddd?s=96&d=mm&r=g\",\"contentUrl\":\"https:\/\/secure.gravatar.com\/avatar\/ed6349755e1d97f204277de3d09fc6ac31abd856835c8ea3c3a30d0aa84b0ddd?s=96&d=mm&r=g\",\"caption\":\"danah\"},\"url\":\"https:\/\/outsiderland.com\/danahilliot\/author\/danah\/\"}]}<\/script>\n<!-- \/ Yoast SEO plugin. -->","yoast_head_json":{"title":"D\u00e9fendre la d\u00e9mocratie en Roumanie - Outside Dana Hilliot","robots":{"index":"index","follow":"follow","max-snippet":"max-snippet:-1","max-image-preview":"max-image-preview:large","max-video-preview":"max-video-preview:-1"},"canonical":"https:\/\/outsiderland.com\/danahilliot\/defendre-la-democratie-en-roumanie\/","og_locale":"fr_FR","og_type":"article","og_title":"D\u00e9fendre la d\u00e9mocratie en Roumanie - Outside Dana Hilliot","og_description":"C&rsquo;est tr\u00e8s int\u00e9ressant ce qui se passe en Roumanie. La commission \u00e9lectorale fait le tri entre les candidats pour les pr\u00e9sidentielles du 5 mai. Apr\u00e8s le rejet de celle de Calin Georgescu, le fameux \u00ab\u00a0agent russe\u00a0\u00bb arriv\u00e9 en t\u00eate du premier tour en 2024, \u00e9lections annul\u00e9e pour des soup\u00e7ons d&rsquo;ing\u00e9rence de la Russie, la commission&hellip;","og_url":"https:\/\/outsiderland.com\/danahilliot\/defendre-la-democratie-en-roumanie\/","og_site_name":"Outside Dana Hilliot","article_published_time":"2025-04-27T09:40:14+00:00","author":"danah","twitter_card":"summary_large_image","twitter_misc":{"\u00c9crit par":"danah","Dur\u00e9e de lecture estim\u00e9e":"6 minutes"},"schema":{"@context":"https:\/\/schema.org","@graph":[{"@type":"Article","@id":"https:\/\/outsiderland.com\/danahilliot\/defendre-la-democratie-en-roumanie\/#article","isPartOf":{"@id":"https:\/\/outsiderland.com\/danahilliot\/defendre-la-democratie-en-roumanie\/"},"author":{"name":"danah","@id":"https:\/\/outsiderland.com\/danahilliot\/#\/schema\/person\/2f9b92e9fff19bccc36638b10510d5ae"},"headline":"D\u00e9fendre la d\u00e9mocratie en Roumanie","datePublished":"2025-04-27T09:40:14+00:00","mainEntityOfPage":{"@id":"https:\/\/outsiderland.com\/danahilliot\/defendre-la-democratie-en-roumanie\/"},"wordCount":1366,"publisher":{"@id":"https:\/\/outsiderland.com\/danahilliot\/#\/schema\/person\/201a1fef0f5c2897bd65e98bcf6b1179"},"articleSection":["(d\u00e9mocratie)"],"inLanguage":"fr-FR"},{"@type":"WebPage","@id":"https:\/\/outsiderland.com\/danahilliot\/defendre-la-democratie-en-roumanie\/","url":"https:\/\/outsiderland.com\/danahilliot\/defendre-la-democratie-en-roumanie\/","name":"D\u00e9fendre la d\u00e9mocratie en Roumanie - Outside Dana Hilliot","isPartOf":{"@id":"https:\/\/outsiderland.com\/danahilliot\/#website"},"datePublished":"2025-04-27T09:40:14+00:00","breadcrumb":{"@id":"https:\/\/outsiderland.com\/danahilliot\/defendre-la-democratie-en-roumanie\/#breadcrumb"},"inLanguage":"fr-FR","potentialAction":[{"@type":"ReadAction","target":["https:\/\/outsiderland.com\/danahilliot\/defendre-la-democratie-en-roumanie\/"]}]},{"@type":"BreadcrumbList","@id":"https:\/\/outsiderland.com\/danahilliot\/defendre-la-democratie-en-roumanie\/#breadcrumb","itemListElement":[{"@type":"ListItem","position":1,"name":"Accueil","item":"https:\/\/outsiderland.com\/danahilliot\/"},{"@type":"ListItem","position":2,"name":"D\u00e9fendre la d\u00e9mocratie en Roumanie"}]},{"@type":"WebSite","@id":"https:\/\/outsiderland.com\/danahilliot\/#website","url":"https:\/\/outsiderland.com\/danahilliot\/","name":"Outside Dana Hilliot","description":". Archives . Activit\u00e9s . Projets .","publisher":{"@id":"https:\/\/outsiderland.com\/danahilliot\/#\/schema\/person\/201a1fef0f5c2897bd65e98bcf6b1179"},"potentialAction":[{"@type":"SearchAction","target":{"@type":"EntryPoint","urlTemplate":"https:\/\/outsiderland.com\/danahilliot\/?s={search_term_string}"},"query-input":{"@type":"PropertyValueSpecification","valueRequired":true,"valueName":"search_term_string"}}],"inLanguage":"fr-FR"},{"@type":["Person","Organization"],"@id":"https:\/\/outsiderland.com\/danahilliot\/#\/schema\/person\/201a1fef0f5c2897bd65e98bcf6b1179","name":"danahilliot","image":{"@type":"ImageObject","inLanguage":"fr-FR","@id":"https:\/\/outsiderland.com\/danahilliot\/#\/schema\/person\/image\/","url":"https:\/\/outsiderland.com\/danahilliot\/wp-content\/uploads\/2026\/02\/50801449407_a909f2c1ad_k.jpg","contentUrl":"https:\/\/outsiderland.com\/danahilliot\/wp-content\/uploads\/2026\/02\/50801449407_a909f2c1ad_k.jpg","width":2048,"height":1536,"caption":"danahilliot"},"logo":{"@id":"https:\/\/outsiderland.com\/danahilliot\/#\/schema\/person\/image\/"}},{"@type":"Person","@id":"https:\/\/outsiderland.com\/danahilliot\/#\/schema\/person\/2f9b92e9fff19bccc36638b10510d5ae","name":"danah","image":{"@type":"ImageObject","inLanguage":"fr-FR","@id":"https:\/\/outsiderland.com\/danahilliot\/#\/schema\/person\/image\/","url":"https:\/\/secure.gravatar.com\/avatar\/ed6349755e1d97f204277de3d09fc6ac31abd856835c8ea3c3a30d0aa84b0ddd?s=96&d=mm&r=g","contentUrl":"https:\/\/secure.gravatar.com\/avatar\/ed6349755e1d97f204277de3d09fc6ac31abd856835c8ea3c3a30d0aa84b0ddd?s=96&d=mm&r=g","caption":"danah"},"url":"https:\/\/outsiderland.com\/danahilliot\/author\/danah\/"}]}},"jetpack_publicize_connections":[],"_links":{"self":[{"href":"https:\/\/outsiderland.com\/danahilliot\/wp-json\/wp\/v2\/posts\/5884","targetHints":{"allow":["GET"]}}],"collection":[{"href":"https:\/\/outsiderland.com\/danahilliot\/wp-json\/wp\/v2\/posts"}],"about":[{"href":"https:\/\/outsiderland.com\/danahilliot\/wp-json\/wp\/v2\/types\/post"}],"author":[{"embeddable":true,"href":"https:\/\/outsiderland.com\/danahilliot\/wp-json\/wp\/v2\/users\/1"}],"replies":[{"embeddable":true,"href":"https:\/\/outsiderland.com\/danahilliot\/wp-json\/wp\/v2\/comments?post=5884"}],"version-history":[{"count":1,"href":"https:\/\/outsiderland.com\/danahilliot\/wp-json\/wp\/v2\/posts\/5884\/revisions"}],"predecessor-version":[{"id":5885,"href":"https:\/\/outsiderland.com\/danahilliot\/wp-json\/wp\/v2\/posts\/5884\/revisions\/5885"}],"wp:attachment":[{"href":"https:\/\/outsiderland.com\/danahilliot\/wp-json\/wp\/v2\/media?parent=5884"}],"wp:term":[{"taxonomy":"category","embeddable":true,"href":"https:\/\/outsiderland.com\/danahilliot\/wp-json\/wp\/v2\/categories?post=5884"},{"taxonomy":"post_tag","embeddable":true,"href":"https:\/\/outsiderland.com\/danahilliot\/wp-json\/wp\/v2\/tags?post=5884"}],"curies":[{"name":"wp","href":"https:\/\/api.w.org\/{rel}","templated":true}]}}