{"id":5731,"date":"2025-01-01T20:01:50","date_gmt":"2025-01-01T20:01:50","guid":{"rendered":"https:\/\/outsiderland.com\/danahilliot\/?p=5731"},"modified":"2025-02-15T20:24:10","modified_gmt":"2025-02-15T20:24:10","slug":"linadequation-scalaire-dans-le-contexte-du-recyclage","status":"publish","type":"post","link":"https:\/\/outsiderland.com\/danahilliot\/linadequation-scalaire-dans-le-contexte-du-recyclage\/","title":{"rendered":"\u00ab\u00a0L&rsquo;inad\u00e9quation scalaire dans le contexte du recyclage\u00a0\u00bb"},"content":{"rendered":"<p>Puisque nous discutions \u00ab\u00a0recyclage\u00a0\u00bb, c&rsquo;est\u00a0 l&rsquo;occasion de rappeler que le livre de la chercheuse Max Liboiron, sp\u00e9cialiste des microplastiques et des \u00ab\u00a0discard studies\u00a0\u00bb, et militante \u00ab\u00a0feministe \/ decoloniale\u00a0\u00bb, <em>Pollution is Colonialism<\/em>, a \u00e9t\u00e9 traduit en fran\u00e7ais cette ann\u00e9e. Chouette cadeau de No\u00ebl.<\/p>\n<p><a class=\"status-link unhandled-link\" title=\"http:\/\/www.editionsamsterdam.fr\/polluer-cest-coloniser\/\" translate=\"no\" href=\"http:\/\/www.editionsamsterdam.fr\/polluer-cest-coloniser\/\" target=\"_blank\" rel=\"nofollow noopener noreferrer\"><span class=\"invisible\">http:\/\/www.<\/span><span class=\"ellipsis\">editionsamsterdam.fr\/polluer-c<\/span><span class=\"invisible\">est-coloniser\/<\/span><\/a><\/p>\n<p>J&rsquo;ai d\u00e9j\u00e0 caus\u00e9 \u00e0 plusieurs reprises des livres de Max Liboiron sur mon blog :<\/p>\n<p><a class=\"status-link unhandled-link\" title=\"https:\/\/outsiderland.com\/danahilliot\/?s=liboiron\" translate=\"no\" href=\"https:\/\/outsiderland.com\/danahilliot\/?s=liboiron\" target=\"_blank\" rel=\"nofollow noopener noreferrer\"><span class=\"invisible\">https:\/\/<\/span><span class=\"ellipsis\">outsiderland.com\/danahilliot\/?<\/span><span class=\"invisible\">s=liboiron<\/span><\/a><\/p>\n<p>Et voici un extrait tir\u00e9 d&rsquo;un ouvrage qu&rsquo;elle a publi\u00e9 avec son coll\u00e8gue Josh Lepawsky, Discard studies : wasting, systems, and power, MIT Press 2022 (notez que l&rsquo;ouvrage est sous licence Creative Commons BY NC ND\u00a0 et qu&rsquo;il est accessible et t\u00e9l\u00e9chargeable gratuitement \u00e0 cette adresse :<br \/>\n<a class=\"status-link unhandled-link\" title=\"https:\/\/direct.mit.edu\/books\/oa-monograph\/5337\/Discard-StudiesWasting-Systems-and-Power\" translate=\"no\" href=\"https:\/\/direct.mit.edu\/books\/oa-monograph\/5337\/Discard-StudiesWasting-Systems-and-Power\" target=\"_blank\" rel=\"nofollow noopener noreferrer\"><span class=\"invisible\">https:\/\/<\/span><span class=\"ellipsis\">direct.mit.edu\/books\/oa-monogr<\/span><span class=\"invisible\">aph\/5337\/Discard-StudiesWasting-Systems-and-Power<\/span><\/a> ) &#8211; il s&rsquo;inscrit dans ce qu&rsquo;on appelle aujourd&rsquo;hui les <em>Waste Critical Studies<\/em>.<\/p>\n<blockquote><p>\u00ab\u00a0Comme le montre la figure 2.1, l&rsquo;essor de l&rsquo;environnementalisme, du recyclage \u00e0 la source, des boycotts d&#8217;emballages et du consum\u00e9risme vert depuis les ann\u00e9es 1970 n&rsquo;a pas du tout r\u00e9duit la production de plastique, bien au contraire, puisque celle-ci continue d&rsquo;augmenter de mani\u00e8re exponentielle. En effet, les emballages plastiques restent la plus grande cat\u00e9gorie de produits plastiques dans le monde (PlasticsEurope 2019). Ainsi, les interdictions de sacs en plastique ne semblent pas \u00ab s&rsquo;\u00e9tendre \u00bb pour avoir un impact sur la production de plastiques ou sur les plastiques du littoral local, m\u00eame si elles peuvent avoir d&rsquo;autres effets.<\/p>\n<p>L&rsquo;inad\u00e9quation scalaire dans le contexte du recyclage est un autre domaine central d&rsquo;\u00e9tude et de pr\u00e9occupation dans les \u00e9tudes sur les rejets. Samantha MacBride, directrice de la recherche au d\u00e9partement de l&rsquo;assainissement de la ville de New York, est l&rsquo;une des plus \u00e9minentes th\u00e9oriciennes dans ce domaine. Elle analyse les relations qui sont ou ne sont pas \u00e0 l&rsquo;\u00e9chelle (qui prennent de l&rsquo;importance) dans l&rsquo;impact du recyclage sur l&rsquo;environnement :<\/p>\n<p>\u00ab\u00a0Comment \u00e9valuer l&rsquo;hypoth\u00e8se selon laquelle le recyclage du plastique r\u00e9duit la n\u00e9cessit\u00e9 d&rsquo;extraire des combustibles fossiles, ou l&rsquo;affirmation distincte mais connexe selon laquelle la fabrication \u00e0 partir d&rsquo;intrants recycl\u00e9s consomme moins d&rsquo;\u00e9nergie, ce qui signifie une r\u00e9duction de la consommation de carburant \u00e0 l&rsquo;\u00e9chelle de l&rsquo;\u00e9conomie, et donc une diminution des \u00e9missions de carbone ? Il est bien connu que seul un faible pourcentage de l&rsquo;extraction mondiale de combustibles fossiles est utilis\u00e9 directement pour la production de mati\u00e8res plastiques. Ainsi, m\u00eame le recyclage de chaque morceau de plastique ne r\u00e9duirait pas, \u00e0 lui seul, la n\u00e9cessit\u00e9 de forer au rythme actuel de beaucoup&#8230;..<br \/>\nSupposons qu&rsquo;un plus grand nombre d&rsquo;Am\u00e9ricains recyclent leurs plastiques, ce qui se traduirait par un afflux de plastique recycl\u00e9 sur le march\u00e9. M\u00eame si de solides boucles ferm\u00e9es sont mises en place, quelqu&rsquo;un pense-t-il vraiment que les dirigeants de l&rsquo;une de ces multinationales [p\u00e9troli\u00e8res] en viendraient \u00e0 dire : \u00ab Vous savez, c&rsquo;est une bonne chose que les besoins en mati\u00e8res premi\u00e8res soient satisfaits par le plastique recycl\u00e9, et cela signifie que cette ann\u00e9e, nous pouvons r\u00e9duire un peu la production. Nous n&rsquo;avons pas besoin d&rsquo;ouvrir une nouvelle plateforme offshore. Ce n&rsquo;est pas n\u00e9cessaire pour r\u00e9pondre aux besoins de la soci\u00e9t\u00e9, apr\u00e8s tout ! &#8230; dans le domaine des d\u00e9chets plastiques, nous avons peut-\u00eatre l&rsquo;abus le plus flagrant des affirmations selon lesquelles le recyclage va r\u00e9soudre les probl\u00e8mes li\u00e9s \u00e0 la pollution et au changement climatique. (MacBride 2019, \u201cDoes Recycling Actually Conserve or Preserve Things?\u201d Discard Studies (blog). February 11, 2019 =&gt; <a class=\"status-link unhandled-link\" title=\"https:\/\/discardstudies.com\/2019\/02\/11\/12755\/\" translate=\"no\" href=\"https:\/\/discardstudies.com\/2019\/02\/11\/12755\/\" target=\"_blank\" rel=\"nofollow noopener noreferrer\"><span class=\"invisible\">https:\/\/<\/span><span class=\"ellipsis\">discardstudies.com\/2019\/02\/11\/<\/span><span class=\"invisible\">12755\/<\/span><\/a> )\u00a0\u00bb<\/p><\/blockquote>\n<p>Le travail de MacBride interroge les hypoth\u00e8ses de d\u00e9clarations telles que \u00ab le recyclage sauve l&rsquo;environnement \u00bb en utilisant des donn\u00e9es empiriques et en accordant une attention particuli\u00e8re aux d\u00e9tails des processus de recyclage pour r\u00e9fl\u00e9chir \u00e0 l&rsquo;\u00e9chelle (MacBride 2012). Encore une fois, cela ne signifie pas que le recyclage est une pratique inutile, mais que l&rsquo;utilit\u00e9 du recyclage n&rsquo;est pas n\u00e9cessairement d&rsquo;\u00e9conomiser des mati\u00e8res premi\u00e8res ou de pr\u00e9server l&rsquo;environnement.\u00a0\u00bb<\/p>\n<p>(je conseille aussi l&rsquo;ouvrage de Samantha McBride, <em>Recycling Reconsidered: The Present Failure and Future Promise of Environmental Action in the United States<\/em>. Cambridge, MA: MIT Press 2012)<\/p>\n","protected":false},"excerpt":{"rendered":"<p>Puisque nous discutions \u00ab\u00a0recyclage\u00a0\u00bb, c&rsquo;est\u00a0 l&rsquo;occasion de rappeler que le livre de la chercheuse Max Liboiron, sp\u00e9cialiste des microplastiques et des \u00ab\u00a0discard studies\u00a0\u00bb, et militante \u00ab\u00a0feministe \/ decoloniale\u00a0\u00bb, Pollution is Colonialism, a \u00e9t\u00e9 traduit en fran\u00e7ais cette ann\u00e9e. Chouette cadeau de No\u00ebl. http:\/\/www.editionsamsterdam.fr\/polluer-cest-coloniser\/ J&rsquo;ai d\u00e9j\u00e0 caus\u00e9 \u00e0 plusieurs reprises des livres de Max Liboiron sur&hellip;<\/p>\n <a href=\"https:\/\/outsiderland.com\/danahilliot\/linadequation-scalaire-dans-le-contexte-du-recyclage\/\" title=\"\u00ab\u00a0L&rsquo;inad\u00e9quation scalaire dans le contexte du recyclage\u00a0\u00bb\" class=\"entry-more-link\"><span>Read More<\/span> <span class=\"screen-reader-text\">\u00ab\u00a0L&rsquo;inad\u00e9quation scalaire dans le contexte du recyclage\u00a0\u00bb<\/span><\/a>","protected":false},"author":1,"featured_media":0,"comment_status":"closed","ping_status":"open","sticky":false,"template":"","format":"standard","meta":{"Layout":"","footnotes":"","jetpack_publicize_message":"","jetpack_publicize_feature_enabled":true,"jetpack_social_post_already_shared":true,"jetpack_social_options":{"image_generator_settings":{"template":"highway","default_image_id":0,"font":"","enabled":false},"version":2}},"categories":[110,42],"tags":[],"class_list":["entry","author-danah","post-5731","post","type-post","status-publish","format-standard","category-dechets","category-justice-environnementale"],"yoast_head":"<!-- This site is optimized with the Yoast SEO plugin v27.0 - https:\/\/yoast.com\/product\/yoast-seo-wordpress\/ -->\n<title>&quot;L&#039;inad\u00e9quation scalaire dans le contexte du recyclage&quot; - Outside Dana Hilliot<\/title>\n<meta name=\"robots\" content=\"index, follow, max-snippet:-1, max-image-preview:large, max-video-preview:-1\" \/>\n<link rel=\"canonical\" href=\"https:\/\/outsiderland.com\/danahilliot\/linadequation-scalaire-dans-le-contexte-du-recyclage\/\" \/>\n<meta property=\"og:locale\" content=\"fr_FR\" \/>\n<meta property=\"og:type\" content=\"article\" \/>\n<meta property=\"og:title\" content=\"&quot;L&#039;inad\u00e9quation scalaire dans le contexte du recyclage&quot; - Outside Dana Hilliot\" \/>\n<meta property=\"og:description\" content=\"Puisque nous discutions \u00ab\u00a0recyclage\u00a0\u00bb, c&rsquo;est\u00a0 l&rsquo;occasion de rappeler que le livre de la chercheuse Max Liboiron, sp\u00e9cialiste des microplastiques et des \u00ab\u00a0discard studies\u00a0\u00bb, et militante \u00ab\u00a0feministe \/ decoloniale\u00a0\u00bb, Pollution is Colonialism, a \u00e9t\u00e9 traduit en fran\u00e7ais cette ann\u00e9e. Chouette cadeau de No\u00ebl. http:\/\/www.editionsamsterdam.fr\/polluer-cest-coloniser\/ J&rsquo;ai d\u00e9j\u00e0 caus\u00e9 \u00e0 plusieurs reprises des livres de Max Liboiron sur&hellip;\" \/>\n<meta property=\"og:url\" content=\"https:\/\/outsiderland.com\/danahilliot\/linadequation-scalaire-dans-le-contexte-du-recyclage\/\" \/>\n<meta property=\"og:site_name\" content=\"Outside Dana Hilliot\" \/>\n<meta property=\"article:published_time\" content=\"2025-01-01T20:01:50+00:00\" \/>\n<meta property=\"article:modified_time\" content=\"2025-02-15T20:24:10+00:00\" \/>\n<meta name=\"author\" content=\"danah\" \/>\n<meta name=\"twitter:card\" content=\"summary_large_image\" \/>\n<meta name=\"twitter:label1\" content=\"\u00c9crit par\" \/>\n\t<meta name=\"twitter:data1\" content=\"danah\" \/>\n\t<meta name=\"twitter:label2\" content=\"Dur\u00e9e de lecture estim\u00e9e\" \/>\n\t<meta name=\"twitter:data2\" content=\"3 minutes\" \/>\n<script type=\"application\/ld+json\" class=\"yoast-schema-graph\">{\"@context\":\"https:\/\/schema.org\",\"@graph\":[{\"@type\":\"Article\",\"@id\":\"https:\/\/outsiderland.com\/danahilliot\/linadequation-scalaire-dans-le-contexte-du-recyclage\/#article\",\"isPartOf\":{\"@id\":\"https:\/\/outsiderland.com\/danahilliot\/linadequation-scalaire-dans-le-contexte-du-recyclage\/\"},\"author\":{\"name\":\"danah\",\"@id\":\"https:\/\/outsiderland.com\/danahilliot\/#\/schema\/person\/2f9b92e9fff19bccc36638b10510d5ae\"},\"headline\":\"\u00ab\u00a0L&rsquo;inad\u00e9quation scalaire dans le contexte du recyclage\u00a0\u00bb\",\"datePublished\":\"2025-01-01T20:01:50+00:00\",\"dateModified\":\"2025-02-15T20:24:10+00:00\",\"mainEntityOfPage\":{\"@id\":\"https:\/\/outsiderland.com\/danahilliot\/linadequation-scalaire-dans-le-contexte-du-recyclage\/\"},\"wordCount\":740,\"publisher\":{\"@id\":\"https:\/\/outsiderland.com\/danahilliot\/#\/schema\/person\/201a1fef0f5c2897bd65e98bcf6b1179\"},\"articleSection\":[\"dechets\",\"Justice environnementale\"],\"inLanguage\":\"fr-FR\"},{\"@type\":\"WebPage\",\"@id\":\"https:\/\/outsiderland.com\/danahilliot\/linadequation-scalaire-dans-le-contexte-du-recyclage\/\",\"url\":\"https:\/\/outsiderland.com\/danahilliot\/linadequation-scalaire-dans-le-contexte-du-recyclage\/\",\"name\":\"\\\"L'inad\u00e9quation scalaire dans le contexte du recyclage\\\" - Outside Dana Hilliot\",\"isPartOf\":{\"@id\":\"https:\/\/outsiderland.com\/danahilliot\/#website\"},\"datePublished\":\"2025-01-01T20:01:50+00:00\",\"dateModified\":\"2025-02-15T20:24:10+00:00\",\"breadcrumb\":{\"@id\":\"https:\/\/outsiderland.com\/danahilliot\/linadequation-scalaire-dans-le-contexte-du-recyclage\/#breadcrumb\"},\"inLanguage\":\"fr-FR\",\"potentialAction\":[{\"@type\":\"ReadAction\",\"target\":[\"https:\/\/outsiderland.com\/danahilliot\/linadequation-scalaire-dans-le-contexte-du-recyclage\/\"]}]},{\"@type\":\"BreadcrumbList\",\"@id\":\"https:\/\/outsiderland.com\/danahilliot\/linadequation-scalaire-dans-le-contexte-du-recyclage\/#breadcrumb\",\"itemListElement\":[{\"@type\":\"ListItem\",\"position\":1,\"name\":\"Accueil\",\"item\":\"https:\/\/outsiderland.com\/danahilliot\/\"},{\"@type\":\"ListItem\",\"position\":2,\"name\":\"\u00ab\u00a0L&rsquo;inad\u00e9quation scalaire dans le contexte du recyclage\u00a0\u00bb\"}]},{\"@type\":\"WebSite\",\"@id\":\"https:\/\/outsiderland.com\/danahilliot\/#website\",\"url\":\"https:\/\/outsiderland.com\/danahilliot\/\",\"name\":\"Outside Dana Hilliot\",\"description\":\". Archives . Activit\u00e9s . Projets .\",\"publisher\":{\"@id\":\"https:\/\/outsiderland.com\/danahilliot\/#\/schema\/person\/201a1fef0f5c2897bd65e98bcf6b1179\"},\"potentialAction\":[{\"@type\":\"SearchAction\",\"target\":{\"@type\":\"EntryPoint\",\"urlTemplate\":\"https:\/\/outsiderland.com\/danahilliot\/?s={search_term_string}\"},\"query-input\":{\"@type\":\"PropertyValueSpecification\",\"valueRequired\":true,\"valueName\":\"search_term_string\"}}],\"inLanguage\":\"fr-FR\"},{\"@type\":[\"Person\",\"Organization\"],\"@id\":\"https:\/\/outsiderland.com\/danahilliot\/#\/schema\/person\/201a1fef0f5c2897bd65e98bcf6b1179\",\"name\":\"danahilliot\",\"image\":{\"@type\":\"ImageObject\",\"inLanguage\":\"fr-FR\",\"@id\":\"https:\/\/outsiderland.com\/danahilliot\/#\/schema\/person\/image\/\",\"url\":\"https:\/\/outsiderland.com\/danahilliot\/wp-content\/uploads\/2026\/02\/50801449407_a909f2c1ad_k.jpg\",\"contentUrl\":\"https:\/\/outsiderland.com\/danahilliot\/wp-content\/uploads\/2026\/02\/50801449407_a909f2c1ad_k.jpg\",\"width\":2048,\"height\":1536,\"caption\":\"danahilliot\"},\"logo\":{\"@id\":\"https:\/\/outsiderland.com\/danahilliot\/#\/schema\/person\/image\/\"}},{\"@type\":\"Person\",\"@id\":\"https:\/\/outsiderland.com\/danahilliot\/#\/schema\/person\/2f9b92e9fff19bccc36638b10510d5ae\",\"name\":\"danah\",\"image\":{\"@type\":\"ImageObject\",\"inLanguage\":\"fr-FR\",\"@id\":\"https:\/\/outsiderland.com\/danahilliot\/#\/schema\/person\/image\/\",\"url\":\"https:\/\/secure.gravatar.com\/avatar\/ed6349755e1d97f204277de3d09fc6ac31abd856835c8ea3c3a30d0aa84b0ddd?s=96&d=mm&r=g\",\"contentUrl\":\"https:\/\/secure.gravatar.com\/avatar\/ed6349755e1d97f204277de3d09fc6ac31abd856835c8ea3c3a30d0aa84b0ddd?s=96&d=mm&r=g\",\"caption\":\"danah\"},\"url\":\"https:\/\/outsiderland.com\/danahilliot\/author\/danah\/\"}]}<\/script>\n<!-- \/ Yoast SEO plugin. -->","yoast_head_json":{"title":"\"L'inad\u00e9quation scalaire dans le contexte du recyclage\" - Outside Dana Hilliot","robots":{"index":"index","follow":"follow","max-snippet":"max-snippet:-1","max-image-preview":"max-image-preview:large","max-video-preview":"max-video-preview:-1"},"canonical":"https:\/\/outsiderland.com\/danahilliot\/linadequation-scalaire-dans-le-contexte-du-recyclage\/","og_locale":"fr_FR","og_type":"article","og_title":"\"L'inad\u00e9quation scalaire dans le contexte du recyclage\" - Outside Dana Hilliot","og_description":"Puisque nous discutions \u00ab\u00a0recyclage\u00a0\u00bb, c&rsquo;est\u00a0 l&rsquo;occasion de rappeler que le livre de la chercheuse Max Liboiron, sp\u00e9cialiste des microplastiques et des \u00ab\u00a0discard studies\u00a0\u00bb, et militante \u00ab\u00a0feministe \/ decoloniale\u00a0\u00bb, Pollution is Colonialism, a \u00e9t\u00e9 traduit en fran\u00e7ais cette ann\u00e9e. Chouette cadeau de No\u00ebl. http:\/\/www.editionsamsterdam.fr\/polluer-cest-coloniser\/ J&rsquo;ai d\u00e9j\u00e0 caus\u00e9 \u00e0 plusieurs reprises des livres de Max Liboiron sur&hellip;","og_url":"https:\/\/outsiderland.com\/danahilliot\/linadequation-scalaire-dans-le-contexte-du-recyclage\/","og_site_name":"Outside Dana Hilliot","article_published_time":"2025-01-01T20:01:50+00:00","article_modified_time":"2025-02-15T20:24:10+00:00","author":"danah","twitter_card":"summary_large_image","twitter_misc":{"\u00c9crit par":"danah","Dur\u00e9e de lecture estim\u00e9e":"3 minutes"},"schema":{"@context":"https:\/\/schema.org","@graph":[{"@type":"Article","@id":"https:\/\/outsiderland.com\/danahilliot\/linadequation-scalaire-dans-le-contexte-du-recyclage\/#article","isPartOf":{"@id":"https:\/\/outsiderland.com\/danahilliot\/linadequation-scalaire-dans-le-contexte-du-recyclage\/"},"author":{"name":"danah","@id":"https:\/\/outsiderland.com\/danahilliot\/#\/schema\/person\/2f9b92e9fff19bccc36638b10510d5ae"},"headline":"\u00ab\u00a0L&rsquo;inad\u00e9quation scalaire dans le contexte du recyclage\u00a0\u00bb","datePublished":"2025-01-01T20:01:50+00:00","dateModified":"2025-02-15T20:24:10+00:00","mainEntityOfPage":{"@id":"https:\/\/outsiderland.com\/danahilliot\/linadequation-scalaire-dans-le-contexte-du-recyclage\/"},"wordCount":740,"publisher":{"@id":"https:\/\/outsiderland.com\/danahilliot\/#\/schema\/person\/201a1fef0f5c2897bd65e98bcf6b1179"},"articleSection":["dechets","Justice environnementale"],"inLanguage":"fr-FR"},{"@type":"WebPage","@id":"https:\/\/outsiderland.com\/danahilliot\/linadequation-scalaire-dans-le-contexte-du-recyclage\/","url":"https:\/\/outsiderland.com\/danahilliot\/linadequation-scalaire-dans-le-contexte-du-recyclage\/","name":"\"L'inad\u00e9quation scalaire dans le contexte du recyclage\" - Outside Dana Hilliot","isPartOf":{"@id":"https:\/\/outsiderland.com\/danahilliot\/#website"},"datePublished":"2025-01-01T20:01:50+00:00","dateModified":"2025-02-15T20:24:10+00:00","breadcrumb":{"@id":"https:\/\/outsiderland.com\/danahilliot\/linadequation-scalaire-dans-le-contexte-du-recyclage\/#breadcrumb"},"inLanguage":"fr-FR","potentialAction":[{"@type":"ReadAction","target":["https:\/\/outsiderland.com\/danahilliot\/linadequation-scalaire-dans-le-contexte-du-recyclage\/"]}]},{"@type":"BreadcrumbList","@id":"https:\/\/outsiderland.com\/danahilliot\/linadequation-scalaire-dans-le-contexte-du-recyclage\/#breadcrumb","itemListElement":[{"@type":"ListItem","position":1,"name":"Accueil","item":"https:\/\/outsiderland.com\/danahilliot\/"},{"@type":"ListItem","position":2,"name":"\u00ab\u00a0L&rsquo;inad\u00e9quation scalaire dans le contexte du recyclage\u00a0\u00bb"}]},{"@type":"WebSite","@id":"https:\/\/outsiderland.com\/danahilliot\/#website","url":"https:\/\/outsiderland.com\/danahilliot\/","name":"Outside Dana Hilliot","description":". Archives . Activit\u00e9s . Projets .","publisher":{"@id":"https:\/\/outsiderland.com\/danahilliot\/#\/schema\/person\/201a1fef0f5c2897bd65e98bcf6b1179"},"potentialAction":[{"@type":"SearchAction","target":{"@type":"EntryPoint","urlTemplate":"https:\/\/outsiderland.com\/danahilliot\/?s={search_term_string}"},"query-input":{"@type":"PropertyValueSpecification","valueRequired":true,"valueName":"search_term_string"}}],"inLanguage":"fr-FR"},{"@type":["Person","Organization"],"@id":"https:\/\/outsiderland.com\/danahilliot\/#\/schema\/person\/201a1fef0f5c2897bd65e98bcf6b1179","name":"danahilliot","image":{"@type":"ImageObject","inLanguage":"fr-FR","@id":"https:\/\/outsiderland.com\/danahilliot\/#\/schema\/person\/image\/","url":"https:\/\/outsiderland.com\/danahilliot\/wp-content\/uploads\/2026\/02\/50801449407_a909f2c1ad_k.jpg","contentUrl":"https:\/\/outsiderland.com\/danahilliot\/wp-content\/uploads\/2026\/02\/50801449407_a909f2c1ad_k.jpg","width":2048,"height":1536,"caption":"danahilliot"},"logo":{"@id":"https:\/\/outsiderland.com\/danahilliot\/#\/schema\/person\/image\/"}},{"@type":"Person","@id":"https:\/\/outsiderland.com\/danahilliot\/#\/schema\/person\/2f9b92e9fff19bccc36638b10510d5ae","name":"danah","image":{"@type":"ImageObject","inLanguage":"fr-FR","@id":"https:\/\/outsiderland.com\/danahilliot\/#\/schema\/person\/image\/","url":"https:\/\/secure.gravatar.com\/avatar\/ed6349755e1d97f204277de3d09fc6ac31abd856835c8ea3c3a30d0aa84b0ddd?s=96&d=mm&r=g","contentUrl":"https:\/\/secure.gravatar.com\/avatar\/ed6349755e1d97f204277de3d09fc6ac31abd856835c8ea3c3a30d0aa84b0ddd?s=96&d=mm&r=g","caption":"danah"},"url":"https:\/\/outsiderland.com\/danahilliot\/author\/danah\/"}]}},"jetpack_publicize_connections":[],"_links":{"self":[{"href":"https:\/\/outsiderland.com\/danahilliot\/wp-json\/wp\/v2\/posts\/5731","targetHints":{"allow":["GET"]}}],"collection":[{"href":"https:\/\/outsiderland.com\/danahilliot\/wp-json\/wp\/v2\/posts"}],"about":[{"href":"https:\/\/outsiderland.com\/danahilliot\/wp-json\/wp\/v2\/types\/post"}],"author":[{"embeddable":true,"href":"https:\/\/outsiderland.com\/danahilliot\/wp-json\/wp\/v2\/users\/1"}],"replies":[{"embeddable":true,"href":"https:\/\/outsiderland.com\/danahilliot\/wp-json\/wp\/v2\/comments?post=5731"}],"version-history":[{"count":2,"href":"https:\/\/outsiderland.com\/danahilliot\/wp-json\/wp\/v2\/posts\/5731\/revisions"}],"predecessor-version":[{"id":5820,"href":"https:\/\/outsiderland.com\/danahilliot\/wp-json\/wp\/v2\/posts\/5731\/revisions\/5820"}],"wp:attachment":[{"href":"https:\/\/outsiderland.com\/danahilliot\/wp-json\/wp\/v2\/media?parent=5731"}],"wp:term":[{"taxonomy":"category","embeddable":true,"href":"https:\/\/outsiderland.com\/danahilliot\/wp-json\/wp\/v2\/categories?post=5731"},{"taxonomy":"post_tag","embeddable":true,"href":"https:\/\/outsiderland.com\/danahilliot\/wp-json\/wp\/v2\/tags?post=5731"}],"curies":[{"name":"wp","href":"https:\/\/api.w.org\/{rel}","templated":true}]}}