{"id":5483,"date":"2024-09-29T14:25:04","date_gmt":"2024-09-29T14:25:04","guid":{"rendered":"https:\/\/outsiderland.com\/danahilliot\/?p=5483"},"modified":"2024-10-02T07:07:51","modified_gmt":"2024-10-02T07:07:51","slug":"victimes-collaterales-bouclier-humain","status":"publish","type":"post","link":"https:\/\/outsiderland.com\/danahilliot\/victimes-collaterales-bouclier-humain\/","title":{"rendered":"Victimes collat\u00e9rales \/ Bouclier humain"},"content":{"rendered":"<p>Je pense avoir entendu pour la premi\u00e8re fois l&rsquo;expression \u00ab\u00a0victimes collat\u00e9rales\u00a0\u00bb lors de la premi\u00e8re ou de la deuxi\u00e8me guerre men\u00e9e par les USA et leurs alli\u00e9s en Irak.<\/p>\n<p>\u00c0 peu pr\u00e8s \u00e0 la m\u00eame \u00e9poque, on a aussi commenc\u00e9 \u00e0 entendre les bellig\u00e9rants occidentaux se plaindre que leurs ennemis utilisaient des \u00ab\u00a0boucliers humains\u00a0\u00bb (derri\u00e8re lesquels se cachaient des dirigeants ou des centres militaires n\u00e9vralgiques).<\/p>\n<p>On a depuis longtemps soulign\u00e9 comment ce nouveau jargon servait \u00e0 minimiser ou occulter le nombre de victimes caus\u00e9 par les actes de guerre occidentaux &#8211; mais occidentaux seulement : car, au contraire, si l&rsquo;ennemi des occidentaux frappe une cible entra\u00eenant la mort de civils, alors il ne s&rsquo;agit pas de victimes collat\u00e9rales, et on ne parle pas de bouclier humain, mais d&rsquo;un crime de guerre effroyable, d&rsquo;une attaque terroriste contre des populations.<\/p>\n<p>Les bombardements \u00e0 Gaza et maintenant au Liban font des victimes collat\u00e9rales, disent les responsables isra\u00e9liens. Ils esp\u00e8rent faire passer le g\u00e9nocide d&rsquo;une population en \u00ab\u00a0victimes collat\u00e9rales\u00a0\u00bb &#8211; mais ils n&rsquo;ont pas d&rsquo;autre choix \u00e9tant donn\u00e9 que l&rsquo;ennemi se dissimule \u00ab\u00a0parmi les civils\u00a0\u00bb, consid\u00e9r\u00e9s donc comme un vaste bouclier humain (de plusieurs millions de personnes).<\/p>\n<p>On en viendrait presque \u00e0 croire que ceux qui sont \u00e0 plaindre ce sont les chefs de guerre contraints de \u00ab\u00a0faire des victimes collat\u00e9rales\u00a0\u00bb : ils sont eux-m\u00eames victimes de la fourberie et de la ruse de leurs ennemis.<\/p>\n<p>On notera que les \u00ab\u00a0victimes collat\u00e9rales\u00a0\u00bb sont g\u00e9n\u00e9ralement des personnes racis\u00e9es. Les victimes d&rsquo;atroces actes terroristes, la plupart du temps, sont blanches.<\/p>\n<p>L&rsquo;autre chose frappante, concernant la notion de \u00ab\u00a0bouclier humain\u00a0\u00bb, c&rsquo;est qu&rsquo;on pourrait s&rsquo;attendre \u00e0 ce qu&rsquo;il soit efficace, c&rsquo;est-\u00e0-dire que la pr\u00e9sence de civils autour d&rsquo;objectifs militaires constitue bel et bien une dissuasion. On ne bombarde pas les civils, qu&rsquo;ils servent (soit-disant) ou pas de bouclier. Mais, dans les conflits o\u00f9 ces notions de victimes collat\u00e9rales ou de bouclier humain ont \u00e9t\u00e9 utilis\u00e9es, cela n&rsquo;a en rien dissuad\u00e9 les bellig\u00e9rants de frapper les civils.<\/p>\n<p>Il n&rsquo;y a rien de plus ind\u00e9cent, du point de vue moral, que l&rsquo;usage de ces expressions, qui n&rsquo;ont d&rsquo;autres buts que de justifier aux yeux d&rsquo;une certaine opinion publique des actes criminels (et exon\u00e9rer les responsables, au moins partiellement, de les excuser si l&rsquo;on peut dire).<\/p>\n<p>Relisez l&rsquo;histoire r\u00e9cente des conflits dans lesquels ont \u00e9t\u00e9 engag\u00e9es les forces occidentales. Vous verrez \u00e0 quel point nous avons \u00e9t\u00e9 impr\u00e9gn\u00e9s de cette pens\u00e9e d&rsquo;une guerre \u00ab\u00a0juste\u00a0\u00bb, et moralement d\u00e9fendable, y compris quand elle impliquait le massacre de populations civiles.<\/p>\n<p>Les bombes nucl\u00e9aires largu\u00e9es sur Hiroshima et Nagasaki constituent de ce point de vue le sinistre mod\u00e8le de la \u00ab\u00a0collat\u00e9ralit\u00e9 des victimes\u00a0\u00bb &#8211; en r\u00e9alit\u00e9, vaincre l&rsquo;ennemi en an\u00e9antissant la population et en r\u00e9pandant une terreur sans nom. On a oubli\u00e9 les d\u00e9bats qu&rsquo;avaient soulev\u00e9 ces crimes monstrueux apr\u00e8s guerre. On oublie beaucoup. Si l&rsquo;on n&rsquo;oubliait pas tant, les guerres et les g\u00e9nocides seraient impossibles.<\/p>\n<p>Je conclue cette r\u00e9flexion bien trop rapide en faisant entendre la voix de \u00ab\u00a0victimes collat\u00e9rales\u00a0\u00bb et de \u00ab\u00a0boucliers humains\u00a0\u00bb :<\/p>\n<p>Quand est-ce que la destruction et la mort, \u00e7a va arr\u00eater ?<br \/>\n\u0645\u062a\u0649 \u0633\u062a\u0646\u062a\u0647\u064a \u0627\u0644\u062f\u0645\u0627\u0631 \u0648\u0627\u0644\u0645\u0648\u062a\u061f<\/p>\n<p><a class=\"status-link unhandled-link\" title=\"https:\/\/agencemediapalestine.fr\/blog\/2024\/09\/25\/quand-on-sera-mort-est-ce-que-jentendrai-ta-voix-les-questions-des-enfants-de-gaza\/\" translate=\"no\" href=\"https:\/\/agencemediapalestine.fr\/blog\/2024\/09\/25\/quand-on-sera-mort-est-ce-que-jentendrai-ta-voix-les-questions-des-enfants-de-gaza\/\" target=\"_blank\" rel=\"nofollow noopener noreferrer\"><span class=\"invisible\">https:\/\/<\/span><span class=\"ellipsis\">agencemediapalestine.fr\/blog\/2<\/span><span class=\"invisible\">024\/09\/25\/quand-on-sera-mort-est-ce-que-jentendrai-ta-voix-les-questions-des-enfants-de-gaza\/<\/span><\/a><\/p>\n<p><a class=\"mention hashtag status-link\" href=\"https:\/\/climatejustice.social\/tags\/VictimesCollaterales\" rel=\"tag\">#VictimesCollaterales<\/a> <a class=\"mention hashtag status-link\" href=\"https:\/\/climatejustice.social\/tags\/Genocide\" rel=\"tag\">#Genocide<\/a> <a class=\"mention hashtag status-link\" href=\"https:\/\/climatejustice.social\/tags\/Guerre\" rel=\"tag\">#Guerre<\/a> <a class=\"mention hashtag status-link\" href=\"https:\/\/climatejustice.social\/tags\/BouclierHumain\" rel=\"tag\">#BouclierHumain<\/a><\/p>\n<p>NB : \u00e7a me fait penser \u00e0 ce que j&rsquo;avais not\u00e9 concernant <a href=\"https:\/\/outsiderland.com\/danahilliot\/culpabilite-collective-la-genealogie-funeste-de-ahn\/\">la \u00ab\u00a0culpabilit\u00e9 collective\u00a0\u00bb<\/a> &#8211; l\u00e0 aussi, un \u00ab\u00a0concept\u00a0\u00bb (d&rsquo;une r\u00e9alit\u00e9 atroce) qui permet de justifier un g\u00e9nocide ou des meurtres de masse (par exemple par bombardements). Cette id\u00e9e est centrale dans le chef d&rsquo;oeuvre de l&rsquo;historienne Priya Satia, Time\u2019s Monster : How History Makes History (Havard University Press 2020)<\/p>\n<p>NB (2) : suite aux bombardements depuis l&rsquo;Iran sur Isra\u00ebl, Steve Walker (the Skwawkbox) a eu la m\u00eame r\u00e9flexion que moi concernant la rh\u00e9torique des \u00ab\u00a0boucliers humains\u00a0\u00bb :<\/p>\n<p>\u00ab\u00a0L&#8217;emplacement du QG du Mossad tourne en d\u00e9rision l&rsquo;excuse d&rsquo;Isra\u00ebl pour les massacres de civils au Liban et \u00e0 Gaza. L&rsquo;excuse d&rsquo;Isra\u00ebl pour ses bombardements massifs de civils \u00e0 Gaza et au Liban est que les sites militaires qu&rsquo;il veut cibler sont cach\u00e9s parmi les gens ordinaires afin de les utiliser comme \u00ab\u00a0boucliers humains\u00a0\u00bb. L&rsquo;Iran a lanc\u00e9 un barrage de missiles ce soir en repr\u00e9sailles au massacre de Palestiniens et de civils libanais et \u00e0 l&rsquo;assassinat du chef du Hezbollah, Hassan Nasrallah, la semaine derni\u00e8re &#8211; des missiles que les d\u00e9fenses a\u00e9riennes d&rsquo;Isra\u00ebl semblent avoir \u00e9t\u00e9 impuissantes \u00e0 arr\u00eater.<\/p>\n<p>La couverture de la cha\u00eene am\u00e9ricaine CNN a involontairement r\u00e9v\u00e9l\u00e9 la r\u00e9alit\u00e9 : les principales installations militaires et de renseignement d&rsquo;Isra\u00ebl &#8211; comme celles de la plupart des pays, y compris le Royaume-Uni et les \u00c9tats-Unis &#8211; sont situ\u00e9es au milieu des civils, y compris le si\u00e8ge du service de renseignement isra\u00e9lien Mossad\u00a0\u00bb<\/p>\n<p>(&#8230;) =&gt; <a href=\"https:\/\/skwawkbox.org\/2024\/10\/01\/video-cnn-confirms-israel-using-civilians-as-human-shields-by-placing-military-targets-in-residential-areas\/\">https:\/\/skwawkbox.org\/2024\/10\/01\/video-cnn-confirms-israel-using-civilians-as-human-shields-by-placing-military-targets-in-residential-areas\/<\/a><\/p>\n<p>&nbsp;<\/p>\n","protected":false},"excerpt":{"rendered":"<p>Je pense avoir entendu pour la premi\u00e8re fois l&rsquo;expression \u00ab\u00a0victimes collat\u00e9rales\u00a0\u00bb lors de la premi\u00e8re ou de la deuxi\u00e8me guerre men\u00e9e par les USA et leurs alli\u00e9s en Irak. \u00c0 peu pr\u00e8s \u00e0 la m\u00eame \u00e9poque, on a aussi commenc\u00e9 \u00e0 entendre les bellig\u00e9rants occidentaux se plaindre que leurs ennemis utilisaient des \u00ab\u00a0boucliers humains\u00a0\u00bb (derri\u00e8re&hellip;<\/p>\n <a href=\"https:\/\/outsiderland.com\/danahilliot\/victimes-collaterales-bouclier-humain\/\" title=\"Victimes collat\u00e9rales \/ Bouclier humain\" class=\"entry-more-link\"><span>Read More<\/span> <span class=\"screen-reader-text\">Victimes collat\u00e9rales \/ Bouclier humain<\/span><\/a>","protected":false},"author":1,"featured_media":0,"comment_status":"closed","ping_status":"open","sticky":false,"template":"","format":"standard","meta":{"Layout":"","footnotes":"","jetpack_publicize_message":"","jetpack_publicize_feature_enabled":true,"jetpack_social_post_already_shared":true,"jetpack_social_options":{"image_generator_settings":{"template":"highway","default_image_id":0,"font":"","enabled":false},"version":2}},"categories":[82,76],"tags":[],"class_list":["entry","author-danah","post-5483","post","type-post","status-publish","format-standard","category-guerres","category-histoire"],"yoast_head":"<!-- This site is optimized with the Yoast SEO plugin v27.0 - https:\/\/yoast.com\/product\/yoast-seo-wordpress\/ -->\n<title>Victimes collat\u00e9rales \/ Bouclier humain - Outside Dana Hilliot<\/title>\n<meta name=\"robots\" content=\"index, follow, max-snippet:-1, max-image-preview:large, max-video-preview:-1\" \/>\n<link rel=\"canonical\" href=\"https:\/\/outsiderland.com\/danahilliot\/victimes-collaterales-bouclier-humain\/\" \/>\n<meta property=\"og:locale\" content=\"fr_FR\" \/>\n<meta property=\"og:type\" content=\"article\" \/>\n<meta property=\"og:title\" content=\"Victimes collat\u00e9rales \/ Bouclier humain - Outside Dana Hilliot\" \/>\n<meta property=\"og:description\" content=\"Je pense avoir entendu pour la premi\u00e8re fois l&rsquo;expression \u00ab\u00a0victimes collat\u00e9rales\u00a0\u00bb lors de la premi\u00e8re ou de la deuxi\u00e8me guerre men\u00e9e par les USA et leurs alli\u00e9s en Irak. \u00c0 peu pr\u00e8s \u00e0 la m\u00eame \u00e9poque, on a aussi commenc\u00e9 \u00e0 entendre les bellig\u00e9rants occidentaux se plaindre que leurs ennemis utilisaient des \u00ab\u00a0boucliers humains\u00a0\u00bb (derri\u00e8re&hellip;\" \/>\n<meta property=\"og:url\" content=\"https:\/\/outsiderland.com\/danahilliot\/victimes-collaterales-bouclier-humain\/\" \/>\n<meta property=\"og:site_name\" content=\"Outside Dana Hilliot\" \/>\n<meta property=\"article:published_time\" content=\"2024-09-29T14:25:04+00:00\" \/>\n<meta property=\"article:modified_time\" content=\"2024-10-02T07:07:51+00:00\" \/>\n<meta name=\"author\" content=\"danah\" \/>\n<meta name=\"twitter:card\" content=\"summary_large_image\" \/>\n<meta name=\"twitter:label1\" content=\"\u00c9crit par\" \/>\n\t<meta name=\"twitter:data1\" content=\"danah\" \/>\n\t<meta name=\"twitter:label2\" content=\"Dur\u00e9e de lecture estim\u00e9e\" \/>\n\t<meta name=\"twitter:data2\" content=\"4 minutes\" \/>\n<script type=\"application\/ld+json\" class=\"yoast-schema-graph\">{\"@context\":\"https:\/\/schema.org\",\"@graph\":[{\"@type\":\"Article\",\"@id\":\"https:\/\/outsiderland.com\/danahilliot\/victimes-collaterales-bouclier-humain\/#article\",\"isPartOf\":{\"@id\":\"https:\/\/outsiderland.com\/danahilliot\/victimes-collaterales-bouclier-humain\/\"},\"author\":{\"name\":\"danah\",\"@id\":\"https:\/\/outsiderland.com\/danahilliot\/#\/schema\/person\/2f9b92e9fff19bccc36638b10510d5ae\"},\"headline\":\"Victimes collat\u00e9rales \/ Bouclier humain\",\"datePublished\":\"2024-09-29T14:25:04+00:00\",\"dateModified\":\"2024-10-02T07:07:51+00:00\",\"mainEntityOfPage\":{\"@id\":\"https:\/\/outsiderland.com\/danahilliot\/victimes-collaterales-bouclier-humain\/\"},\"wordCount\":874,\"publisher\":{\"@id\":\"https:\/\/outsiderland.com\/danahilliot\/#\/schema\/person\/201a1fef0f5c2897bd65e98bcf6b1179\"},\"articleSection\":[\"Guerres\",\"Histoire\"],\"inLanguage\":\"fr-FR\"},{\"@type\":\"WebPage\",\"@id\":\"https:\/\/outsiderland.com\/danahilliot\/victimes-collaterales-bouclier-humain\/\",\"url\":\"https:\/\/outsiderland.com\/danahilliot\/victimes-collaterales-bouclier-humain\/\",\"name\":\"Victimes collat\u00e9rales \/ Bouclier humain - Outside Dana Hilliot\",\"isPartOf\":{\"@id\":\"https:\/\/outsiderland.com\/danahilliot\/#website\"},\"datePublished\":\"2024-09-29T14:25:04+00:00\",\"dateModified\":\"2024-10-02T07:07:51+00:00\",\"breadcrumb\":{\"@id\":\"https:\/\/outsiderland.com\/danahilliot\/victimes-collaterales-bouclier-humain\/#breadcrumb\"},\"inLanguage\":\"fr-FR\",\"potentialAction\":[{\"@type\":\"ReadAction\",\"target\":[\"https:\/\/outsiderland.com\/danahilliot\/victimes-collaterales-bouclier-humain\/\"]}]},{\"@type\":\"BreadcrumbList\",\"@id\":\"https:\/\/outsiderland.com\/danahilliot\/victimes-collaterales-bouclier-humain\/#breadcrumb\",\"itemListElement\":[{\"@type\":\"ListItem\",\"position\":1,\"name\":\"Accueil\",\"item\":\"https:\/\/outsiderland.com\/danahilliot\/\"},{\"@type\":\"ListItem\",\"position\":2,\"name\":\"Victimes collat\u00e9rales \/ Bouclier humain\"}]},{\"@type\":\"WebSite\",\"@id\":\"https:\/\/outsiderland.com\/danahilliot\/#website\",\"url\":\"https:\/\/outsiderland.com\/danahilliot\/\",\"name\":\"Outside Dana Hilliot\",\"description\":\". Archives . Activit\u00e9s . Projets .\",\"publisher\":{\"@id\":\"https:\/\/outsiderland.com\/danahilliot\/#\/schema\/person\/201a1fef0f5c2897bd65e98bcf6b1179\"},\"potentialAction\":[{\"@type\":\"SearchAction\",\"target\":{\"@type\":\"EntryPoint\",\"urlTemplate\":\"https:\/\/outsiderland.com\/danahilliot\/?s={search_term_string}\"},\"query-input\":{\"@type\":\"PropertyValueSpecification\",\"valueRequired\":true,\"valueName\":\"search_term_string\"}}],\"inLanguage\":\"fr-FR\"},{\"@type\":[\"Person\",\"Organization\"],\"@id\":\"https:\/\/outsiderland.com\/danahilliot\/#\/schema\/person\/201a1fef0f5c2897bd65e98bcf6b1179\",\"name\":\"danahilliot\",\"image\":{\"@type\":\"ImageObject\",\"inLanguage\":\"fr-FR\",\"@id\":\"https:\/\/outsiderland.com\/danahilliot\/#\/schema\/person\/image\/\",\"url\":\"https:\/\/outsiderland.com\/danahilliot\/wp-content\/uploads\/2026\/02\/50801449407_a909f2c1ad_k.jpg\",\"contentUrl\":\"https:\/\/outsiderland.com\/danahilliot\/wp-content\/uploads\/2026\/02\/50801449407_a909f2c1ad_k.jpg\",\"width\":2048,\"height\":1536,\"caption\":\"danahilliot\"},\"logo\":{\"@id\":\"https:\/\/outsiderland.com\/danahilliot\/#\/schema\/person\/image\/\"}},{\"@type\":\"Person\",\"@id\":\"https:\/\/outsiderland.com\/danahilliot\/#\/schema\/person\/2f9b92e9fff19bccc36638b10510d5ae\",\"name\":\"danah\",\"image\":{\"@type\":\"ImageObject\",\"inLanguage\":\"fr-FR\",\"@id\":\"https:\/\/outsiderland.com\/danahilliot\/#\/schema\/person\/image\/\",\"url\":\"https:\/\/secure.gravatar.com\/avatar\/ed6349755e1d97f204277de3d09fc6ac31abd856835c8ea3c3a30d0aa84b0ddd?s=96&d=mm&r=g\",\"contentUrl\":\"https:\/\/secure.gravatar.com\/avatar\/ed6349755e1d97f204277de3d09fc6ac31abd856835c8ea3c3a30d0aa84b0ddd?s=96&d=mm&r=g\",\"caption\":\"danah\"},\"url\":\"https:\/\/outsiderland.com\/danahilliot\/author\/danah\/\"}]}<\/script>\n<!-- \/ Yoast SEO plugin. -->","yoast_head_json":{"title":"Victimes collat\u00e9rales \/ Bouclier humain - Outside Dana Hilliot","robots":{"index":"index","follow":"follow","max-snippet":"max-snippet:-1","max-image-preview":"max-image-preview:large","max-video-preview":"max-video-preview:-1"},"canonical":"https:\/\/outsiderland.com\/danahilliot\/victimes-collaterales-bouclier-humain\/","og_locale":"fr_FR","og_type":"article","og_title":"Victimes collat\u00e9rales \/ Bouclier humain - Outside Dana Hilliot","og_description":"Je pense avoir entendu pour la premi\u00e8re fois l&rsquo;expression \u00ab\u00a0victimes collat\u00e9rales\u00a0\u00bb lors de la premi\u00e8re ou de la deuxi\u00e8me guerre men\u00e9e par les USA et leurs alli\u00e9s en Irak. \u00c0 peu pr\u00e8s \u00e0 la m\u00eame \u00e9poque, on a aussi commenc\u00e9 \u00e0 entendre les bellig\u00e9rants occidentaux se plaindre que leurs ennemis utilisaient des \u00ab\u00a0boucliers humains\u00a0\u00bb (derri\u00e8re&hellip;","og_url":"https:\/\/outsiderland.com\/danahilliot\/victimes-collaterales-bouclier-humain\/","og_site_name":"Outside Dana Hilliot","article_published_time":"2024-09-29T14:25:04+00:00","article_modified_time":"2024-10-02T07:07:51+00:00","author":"danah","twitter_card":"summary_large_image","twitter_misc":{"\u00c9crit par":"danah","Dur\u00e9e de lecture estim\u00e9e":"4 minutes"},"schema":{"@context":"https:\/\/schema.org","@graph":[{"@type":"Article","@id":"https:\/\/outsiderland.com\/danahilliot\/victimes-collaterales-bouclier-humain\/#article","isPartOf":{"@id":"https:\/\/outsiderland.com\/danahilliot\/victimes-collaterales-bouclier-humain\/"},"author":{"name":"danah","@id":"https:\/\/outsiderland.com\/danahilliot\/#\/schema\/person\/2f9b92e9fff19bccc36638b10510d5ae"},"headline":"Victimes collat\u00e9rales \/ Bouclier humain","datePublished":"2024-09-29T14:25:04+00:00","dateModified":"2024-10-02T07:07:51+00:00","mainEntityOfPage":{"@id":"https:\/\/outsiderland.com\/danahilliot\/victimes-collaterales-bouclier-humain\/"},"wordCount":874,"publisher":{"@id":"https:\/\/outsiderland.com\/danahilliot\/#\/schema\/person\/201a1fef0f5c2897bd65e98bcf6b1179"},"articleSection":["Guerres","Histoire"],"inLanguage":"fr-FR"},{"@type":"WebPage","@id":"https:\/\/outsiderland.com\/danahilliot\/victimes-collaterales-bouclier-humain\/","url":"https:\/\/outsiderland.com\/danahilliot\/victimes-collaterales-bouclier-humain\/","name":"Victimes collat\u00e9rales \/ Bouclier humain - Outside Dana Hilliot","isPartOf":{"@id":"https:\/\/outsiderland.com\/danahilliot\/#website"},"datePublished":"2024-09-29T14:25:04+00:00","dateModified":"2024-10-02T07:07:51+00:00","breadcrumb":{"@id":"https:\/\/outsiderland.com\/danahilliot\/victimes-collaterales-bouclier-humain\/#breadcrumb"},"inLanguage":"fr-FR","potentialAction":[{"@type":"ReadAction","target":["https:\/\/outsiderland.com\/danahilliot\/victimes-collaterales-bouclier-humain\/"]}]},{"@type":"BreadcrumbList","@id":"https:\/\/outsiderland.com\/danahilliot\/victimes-collaterales-bouclier-humain\/#breadcrumb","itemListElement":[{"@type":"ListItem","position":1,"name":"Accueil","item":"https:\/\/outsiderland.com\/danahilliot\/"},{"@type":"ListItem","position":2,"name":"Victimes collat\u00e9rales \/ Bouclier humain"}]},{"@type":"WebSite","@id":"https:\/\/outsiderland.com\/danahilliot\/#website","url":"https:\/\/outsiderland.com\/danahilliot\/","name":"Outside Dana Hilliot","description":". Archives . Activit\u00e9s . Projets .","publisher":{"@id":"https:\/\/outsiderland.com\/danahilliot\/#\/schema\/person\/201a1fef0f5c2897bd65e98bcf6b1179"},"potentialAction":[{"@type":"SearchAction","target":{"@type":"EntryPoint","urlTemplate":"https:\/\/outsiderland.com\/danahilliot\/?s={search_term_string}"},"query-input":{"@type":"PropertyValueSpecification","valueRequired":true,"valueName":"search_term_string"}}],"inLanguage":"fr-FR"},{"@type":["Person","Organization"],"@id":"https:\/\/outsiderland.com\/danahilliot\/#\/schema\/person\/201a1fef0f5c2897bd65e98bcf6b1179","name":"danahilliot","image":{"@type":"ImageObject","inLanguage":"fr-FR","@id":"https:\/\/outsiderland.com\/danahilliot\/#\/schema\/person\/image\/","url":"https:\/\/outsiderland.com\/danahilliot\/wp-content\/uploads\/2026\/02\/50801449407_a909f2c1ad_k.jpg","contentUrl":"https:\/\/outsiderland.com\/danahilliot\/wp-content\/uploads\/2026\/02\/50801449407_a909f2c1ad_k.jpg","width":2048,"height":1536,"caption":"danahilliot"},"logo":{"@id":"https:\/\/outsiderland.com\/danahilliot\/#\/schema\/person\/image\/"}},{"@type":"Person","@id":"https:\/\/outsiderland.com\/danahilliot\/#\/schema\/person\/2f9b92e9fff19bccc36638b10510d5ae","name":"danah","image":{"@type":"ImageObject","inLanguage":"fr-FR","@id":"https:\/\/outsiderland.com\/danahilliot\/#\/schema\/person\/image\/","url":"https:\/\/secure.gravatar.com\/avatar\/ed6349755e1d97f204277de3d09fc6ac31abd856835c8ea3c3a30d0aa84b0ddd?s=96&d=mm&r=g","contentUrl":"https:\/\/secure.gravatar.com\/avatar\/ed6349755e1d97f204277de3d09fc6ac31abd856835c8ea3c3a30d0aa84b0ddd?s=96&d=mm&r=g","caption":"danah"},"url":"https:\/\/outsiderland.com\/danahilliot\/author\/danah\/"}]}},"jetpack_publicize_connections":[],"_links":{"self":[{"href":"https:\/\/outsiderland.com\/danahilliot\/wp-json\/wp\/v2\/posts\/5483","targetHints":{"allow":["GET"]}}],"collection":[{"href":"https:\/\/outsiderland.com\/danahilliot\/wp-json\/wp\/v2\/posts"}],"about":[{"href":"https:\/\/outsiderland.com\/danahilliot\/wp-json\/wp\/v2\/types\/post"}],"author":[{"embeddable":true,"href":"https:\/\/outsiderland.com\/danahilliot\/wp-json\/wp\/v2\/users\/1"}],"replies":[{"embeddable":true,"href":"https:\/\/outsiderland.com\/danahilliot\/wp-json\/wp\/v2\/comments?post=5483"}],"version-history":[{"count":3,"href":"https:\/\/outsiderland.com\/danahilliot\/wp-json\/wp\/v2\/posts\/5483\/revisions"}],"predecessor-version":[{"id":5488,"href":"https:\/\/outsiderland.com\/danahilliot\/wp-json\/wp\/v2\/posts\/5483\/revisions\/5488"}],"wp:attachment":[{"href":"https:\/\/outsiderland.com\/danahilliot\/wp-json\/wp\/v2\/media?parent=5483"}],"wp:term":[{"taxonomy":"category","embeddable":true,"href":"https:\/\/outsiderland.com\/danahilliot\/wp-json\/wp\/v2\/categories?post=5483"},{"taxonomy":"post_tag","embeddable":true,"href":"https:\/\/outsiderland.com\/danahilliot\/wp-json\/wp\/v2\/tags?post=5483"}],"curies":[{"name":"wp","href":"https:\/\/api.w.org\/{rel}","templated":true}]}}