{"id":5250,"date":"2024-06-26T18:22:16","date_gmt":"2024-06-26T18:22:16","guid":{"rendered":"https:\/\/outsiderland.com\/danahilliot\/?p=5250"},"modified":"2024-06-26T18:22:30","modified_gmt":"2024-06-26T18:22:30","slug":"preference-raciale","status":"publish","type":"post","link":"https:\/\/outsiderland.com\/danahilliot\/preference-raciale\/","title":{"rendered":"Pr\u00e9f\u00e9rence raciale"},"content":{"rendered":"<div class=\"status__content\" tabindex=\"0\">\n<div class=\"status__content__text status__content__text--visible translate\" lang=\"fr\">\n<p>N&#8217;emp\u00eache, m\u00eame si ce n&rsquo;est pas une cause directe de l&rsquo;\u00e9pisode \u00e9lectoral que vivent les fran\u00e7ais en ce moment, il y a un truc qui aura vraiment jou\u00e9 un r\u00f4le majeur, pour le coup d&rsquo;une mani\u00e8re impr\u00e9visible et compl\u00e8tement hallucinante (d&rsquo;un point de vue rationnel), ce sont les \u00e9v\u00e8nements tragiques qui se d\u00e9roulent en Israel\/Palestine.<\/p>\n<p>Alors \u00e9videmment, il ne s&rsquo;agit pas des \u00e9v\u00e8nements eux-m\u00eames, mais de leur instrumentalisation d\u00e9lirante, selon un r\u00e9cit totalement p\u00e9t\u00e9 qui assimile ceux qui s&rsquo;indignent du sort des populations de Gaza \u00e0 des antis\u00e9mites, et sont trait\u00e9s comme des terroristes &#8211; r\u00e9cit qui dissimule maladroitement, quand il prend la peine de la faire, sa pr\u00e9f\u00e9rence raciale : l&rsquo;arabe et\/ou le musulman figurent l&rsquo;envers, l&rsquo;alt\u00e9rit\u00e9, le bouc \u00e9missaire de cette p\u00e9riode de l&rsquo;histoire europ\u00e9enne. La forteresse \u00e9rig\u00e9e avec ardeur autour du continent, \u00e0 ses fronti\u00e8res et dans ses enclaves, est avant tout destin\u00e9e \u00e0 d\u00e9limiter la whiteness, l&rsquo;identit\u00e9 europ\u00e9enne (et en exclure a priori les arabes, les musulmans, mais aussi les noirs africains).<\/p>\n<p>L&rsquo;instrumentalisation des \u00e9v\u00e8nements en Israel\/Palestine, sans surprise, se confond avec et confirme les politiques raciales en vigueur. Il n&rsquo;est d\u00e8s lors pas surprenant qu&rsquo;ici comme ailleurs en Europe, les Partis d&rsquo;extr\u00eame droite ou, disons, \u00ab\u00a0nationaux populistes\u00a0\u00bb, \u00e9mergent comme des forces dominantes dans les paysages politiques. C&rsquo;est une banalit\u00e9 de dire que depuis le 11 septembre 2001, l&rsquo;agenda s\u00e9curitaire, qui se donne comme priorit\u00e9 la d\u00e9fense du supr\u00e9matisme blanc contre ce qui est cens\u00e9 le menacer de toutes parts, l&rsquo;ironique et sinistre effet boomerang de la globalisation extractiviste et coloniale du capitalisme dans sa version n\u00e9olib\u00e9rale, que cet agenda, donc, a fini par s&rsquo;imposer dans tous les d\u00e9bats politiques nationaux. Mais il faut sans cesse rappeler qu&rsquo;il ne s&rsquo;agit pas seulement d&rsquo;un agenda ou d&rsquo;un imaginaire, mais d&rsquo;une r\u00e9alit\u00e9 qu&rsquo;ont \u00e0 souffrir les populations racis\u00e9es \u00e0 l&rsquo;int\u00e9rieur comme aux fronti\u00e8res d&rsquo;une Europe ultra-militaris\u00e9e.<\/p>\n<p>Ce sentiment d&rsquo;\u00eatre \u201csurrounded by barbarians\u201d comme l&rsquo;\u00e9crit Ghassan Hage (dont je ne saurais trop recommander la lecture en ces temps troubl\u00e9s. On peut commencer par cette interview passionnante dans The Conversation :<\/p>\n<p><a class=\"status-link unhandled-link\" title=\"https:\/\/theconversation.com\/ghassan-hage-is-one-of-australias-most-significant-intellectuals-hes-still-on-a-quest-for-a-multicultural-society-that-hopes-and-cares-206753\" translate=\"no\" href=\"https:\/\/theconversation.com\/ghassan-hage-is-one-of-australias-most-significant-intellectuals-hes-still-on-a-quest-for-a-multicultural-society-that-hopes-and-cares-206753\" target=\"_blank\" rel=\"nofollow noopener noreferrer\"><span class=\"invisible\">https:\/\/<\/span><span class=\"ellipsis\">theconversation.com\/ghassan-ha<\/span><span class=\"invisible\">ge-is-one-of-australias-most-significant-intellectuals-hes-still-on-a-quest-for-a-multicultural-society-that-hopes-and-cares-206753<\/span><\/a><\/p>\n<p>Ce sentiment donc d&rsquo;un \u00e9tat de si\u00e8ge permanent, auxquels les europ\u00e9ens blancs seraient condamn\u00e9s, fournit l&rsquo;arri\u00e8re-plan imaginaire sur le fond duquel se d\u00e9roule le drame \u00e9lectoral pr\u00e9sent, y compris l&rsquo;instrumentalisation des \u00e9v\u00e8nements tragiques en Israel\/Palestine dans le cadre de la campagne franco-fran\u00e7aise. Il n&rsquo;y a rien d&rsquo;\u00e9tonnant \u00e0 ce que cet usage de la catastrophe de Gaza dans les d\u00e9bats fran\u00e7ais se d\u00e9ploie sur des lignes d&rsquo;oppositions raciales. Et finisse par servir \u00e0 stigmatiser comme racistes ou antis\u00e9mites des militants de gauche (principalement) qui d\u00e9noncent la violence de la r\u00e9pression (qui va jusqu&rsquo;au nettoyage ethnique, voire au g\u00e9nocide) des populations pi\u00e9g\u00e9es dans l&rsquo;enclave de Gaza. Et le plus ahurissant, c&rsquo;est quand des partis ouvertement racistes (et, historiquement, nourris aux rh\u00e9toriques antis\u00e9mites) conduisent ces campagnes de diffamation (avec l&rsquo;aval et le soutien z\u00e9l\u00e9s des m\u00e9dias de masse et des partis n\u00e9olib\u00e9raux).<\/p>\n<p>On aurait pu s&rsquo;attendre, je le mentionne en passant, \u00e0 ce que la guerre men\u00e9e par Poutine en Ukraine soit au c\u0153ur des d\u00e9bats &#8211; mais elle n&rsquo;est pr\u00e9sente que de mani\u00e8re latente, \u00e0 la marge. Comme si les menaces que le d\u00e9lire Poutinien fait peser sur l&rsquo;Europe n&rsquo;\u00e9taient pas aussi \u00ab\u00a0prioritaires\u00a0\u00bb que celles qu&rsquo;inspirent les populations racis\u00e9es. (On aura rivalis\u00e9 de g\u00e9n\u00e9rosit\u00e9 pour accueillir les r\u00e9fugi\u00e9s ukrainiens blancs &#8211; les \u00e9tudiants racis\u00e9s pris dans le pi\u00e8ge Ukrainien au commencement de l&rsquo;agression russe n&rsquo;ont pas eu cet honneur : on devine pourquoi)<\/p>\n<p>Cette catastrophe politique en tous cas, ne date pas du jour r\u00e9cent o\u00f9 Macron a d\u00e9cid\u00e9 de dissoudre l&rsquo;Assembl\u00e9e. Elle est le r\u00e9sultat (encore incertain, \u00e0 l&rsquo;heure o\u00f9 j&rsquo;\u00e9cris) non pas seulement d&rsquo;une accumulation d&rsquo;\u00e9v\u00e8nements, mais de ce qui structure depuis plus de 20 ans les politiques europ\u00e9ennes et qu&rsquo;un nombre consid\u00e9rable de chercheurs et de militants n&rsquo;ont cess\u00e9 de d\u00e9noncer. En vain.<\/p>\n<\/div>\n<\/div>\n","protected":false},"excerpt":{"rendered":"<p>N&#8217;emp\u00eache, m\u00eame si ce n&rsquo;est pas une cause directe de l&rsquo;\u00e9pisode \u00e9lectoral que vivent les fran\u00e7ais en ce moment, il y a un truc qui aura vraiment jou\u00e9 un r\u00f4le majeur, pour le coup d&rsquo;une mani\u00e8re impr\u00e9visible et compl\u00e8tement hallucinante (d&rsquo;un point de vue rationnel), ce sont les \u00e9v\u00e8nements tragiques qui se d\u00e9roulent en Israel\/Palestine.&hellip;<\/p>\n <a href=\"https:\/\/outsiderland.com\/danahilliot\/preference-raciale\/\" title=\"Pr\u00e9f\u00e9rence raciale\" class=\"entry-more-link\"><span>Read More<\/span> <span class=\"screen-reader-text\">Pr\u00e9f\u00e9rence raciale<\/span><\/a>","protected":false},"author":1,"featured_media":0,"comment_status":"closed","ping_status":"open","sticky":false,"template":"","format":"standard","meta":{"Layout":"","footnotes":"","jetpack_publicize_message":"","jetpack_publicize_feature_enabled":true,"jetpack_social_post_already_shared":true,"jetpack_social_options":{"image_generator_settings":{"template":"highway","default_image_id":0,"font":"","enabled":false},"version":2}},"categories":[79,91],"tags":[],"class_list":["entry","author-danah","post-5250","post","type-post","status-publish","format-standard","category-neo-liberalismes","category-racisme"],"yoast_head":"<!-- This site is optimized with the Yoast SEO plugin v27.0 - https:\/\/yoast.com\/product\/yoast-seo-wordpress\/ -->\n<title>Pr\u00e9f\u00e9rence raciale - Outside Dana Hilliot<\/title>\n<meta name=\"robots\" content=\"index, follow, max-snippet:-1, max-image-preview:large, max-video-preview:-1\" \/>\n<link rel=\"canonical\" href=\"https:\/\/outsiderland.com\/danahilliot\/preference-raciale\/\" \/>\n<meta property=\"og:locale\" content=\"fr_FR\" \/>\n<meta property=\"og:type\" content=\"article\" \/>\n<meta property=\"og:title\" content=\"Pr\u00e9f\u00e9rence raciale - Outside Dana Hilliot\" \/>\n<meta property=\"og:description\" content=\"N&#8217;emp\u00eache, m\u00eame si ce n&rsquo;est pas une cause directe de l&rsquo;\u00e9pisode \u00e9lectoral que vivent les fran\u00e7ais en ce moment, il y a un truc qui aura vraiment jou\u00e9 un r\u00f4le majeur, pour le coup d&rsquo;une mani\u00e8re impr\u00e9visible et compl\u00e8tement hallucinante (d&rsquo;un point de vue rationnel), ce sont les \u00e9v\u00e8nements tragiques qui se d\u00e9roulent en Israel\/Palestine.&hellip;\" \/>\n<meta property=\"og:url\" content=\"https:\/\/outsiderland.com\/danahilliot\/preference-raciale\/\" \/>\n<meta property=\"og:site_name\" content=\"Outside Dana Hilliot\" \/>\n<meta property=\"article:published_time\" content=\"2024-06-26T18:22:16+00:00\" \/>\n<meta property=\"article:modified_time\" content=\"2024-06-26T18:22:30+00:00\" \/>\n<meta name=\"author\" content=\"danah\" \/>\n<meta name=\"twitter:card\" content=\"summary_large_image\" \/>\n<meta name=\"twitter:label1\" content=\"\u00c9crit par\" \/>\n\t<meta name=\"twitter:data1\" content=\"danah\" \/>\n\t<meta name=\"twitter:label2\" content=\"Dur\u00e9e de lecture estim\u00e9e\" \/>\n\t<meta name=\"twitter:data2\" content=\"4 minutes\" \/>\n<script type=\"application\/ld+json\" class=\"yoast-schema-graph\">{\"@context\":\"https:\/\/schema.org\",\"@graph\":[{\"@type\":\"Article\",\"@id\":\"https:\/\/outsiderland.com\/danahilliot\/preference-raciale\/#article\",\"isPartOf\":{\"@id\":\"https:\/\/outsiderland.com\/danahilliot\/preference-raciale\/\"},\"author\":{\"name\":\"danah\",\"@id\":\"https:\/\/outsiderland.com\/danahilliot\/#\/schema\/person\/2f9b92e9fff19bccc36638b10510d5ae\"},\"headline\":\"Pr\u00e9f\u00e9rence raciale\",\"datePublished\":\"2024-06-26T18:22:16+00:00\",\"dateModified\":\"2024-06-26T18:22:30+00:00\",\"mainEntityOfPage\":{\"@id\":\"https:\/\/outsiderland.com\/danahilliot\/preference-raciale\/\"},\"wordCount\":774,\"publisher\":{\"@id\":\"https:\/\/outsiderland.com\/danahilliot\/#\/schema\/person\/201a1fef0f5c2897bd65e98bcf6b1179\"},\"articleSection\":[\"N\u00e9o-lib\u00e9ralismes\",\"Racisme\"],\"inLanguage\":\"fr-FR\"},{\"@type\":\"WebPage\",\"@id\":\"https:\/\/outsiderland.com\/danahilliot\/preference-raciale\/\",\"url\":\"https:\/\/outsiderland.com\/danahilliot\/preference-raciale\/\",\"name\":\"Pr\u00e9f\u00e9rence raciale - Outside Dana Hilliot\",\"isPartOf\":{\"@id\":\"https:\/\/outsiderland.com\/danahilliot\/#website\"},\"datePublished\":\"2024-06-26T18:22:16+00:00\",\"dateModified\":\"2024-06-26T18:22:30+00:00\",\"breadcrumb\":{\"@id\":\"https:\/\/outsiderland.com\/danahilliot\/preference-raciale\/#breadcrumb\"},\"inLanguage\":\"fr-FR\",\"potentialAction\":[{\"@type\":\"ReadAction\",\"target\":[\"https:\/\/outsiderland.com\/danahilliot\/preference-raciale\/\"]}]},{\"@type\":\"BreadcrumbList\",\"@id\":\"https:\/\/outsiderland.com\/danahilliot\/preference-raciale\/#breadcrumb\",\"itemListElement\":[{\"@type\":\"ListItem\",\"position\":1,\"name\":\"Accueil\",\"item\":\"https:\/\/outsiderland.com\/danahilliot\/\"},{\"@type\":\"ListItem\",\"position\":2,\"name\":\"Pr\u00e9f\u00e9rence raciale\"}]},{\"@type\":\"WebSite\",\"@id\":\"https:\/\/outsiderland.com\/danahilliot\/#website\",\"url\":\"https:\/\/outsiderland.com\/danahilliot\/\",\"name\":\"Outside Dana Hilliot\",\"description\":\". Archives . Activit\u00e9s . Projets .\",\"publisher\":{\"@id\":\"https:\/\/outsiderland.com\/danahilliot\/#\/schema\/person\/201a1fef0f5c2897bd65e98bcf6b1179\"},\"potentialAction\":[{\"@type\":\"SearchAction\",\"target\":{\"@type\":\"EntryPoint\",\"urlTemplate\":\"https:\/\/outsiderland.com\/danahilliot\/?s={search_term_string}\"},\"query-input\":{\"@type\":\"PropertyValueSpecification\",\"valueRequired\":true,\"valueName\":\"search_term_string\"}}],\"inLanguage\":\"fr-FR\"},{\"@type\":[\"Person\",\"Organization\"],\"@id\":\"https:\/\/outsiderland.com\/danahilliot\/#\/schema\/person\/201a1fef0f5c2897bd65e98bcf6b1179\",\"name\":\"danahilliot\",\"image\":{\"@type\":\"ImageObject\",\"inLanguage\":\"fr-FR\",\"@id\":\"https:\/\/outsiderland.com\/danahilliot\/#\/schema\/person\/image\/\",\"url\":\"https:\/\/outsiderland.com\/danahilliot\/wp-content\/uploads\/2026\/02\/50801449407_a909f2c1ad_k.jpg\",\"contentUrl\":\"https:\/\/outsiderland.com\/danahilliot\/wp-content\/uploads\/2026\/02\/50801449407_a909f2c1ad_k.jpg\",\"width\":2048,\"height\":1536,\"caption\":\"danahilliot\"},\"logo\":{\"@id\":\"https:\/\/outsiderland.com\/danahilliot\/#\/schema\/person\/image\/\"}},{\"@type\":\"Person\",\"@id\":\"https:\/\/outsiderland.com\/danahilliot\/#\/schema\/person\/2f9b92e9fff19bccc36638b10510d5ae\",\"name\":\"danah\",\"image\":{\"@type\":\"ImageObject\",\"inLanguage\":\"fr-FR\",\"@id\":\"https:\/\/outsiderland.com\/danahilliot\/#\/schema\/person\/image\/\",\"url\":\"https:\/\/secure.gravatar.com\/avatar\/ed6349755e1d97f204277de3d09fc6ac31abd856835c8ea3c3a30d0aa84b0ddd?s=96&d=mm&r=g\",\"contentUrl\":\"https:\/\/secure.gravatar.com\/avatar\/ed6349755e1d97f204277de3d09fc6ac31abd856835c8ea3c3a30d0aa84b0ddd?s=96&d=mm&r=g\",\"caption\":\"danah\"},\"url\":\"https:\/\/outsiderland.com\/danahilliot\/author\/danah\/\"}]}<\/script>\n<!-- \/ Yoast SEO plugin. -->","yoast_head_json":{"title":"Pr\u00e9f\u00e9rence raciale - Outside Dana Hilliot","robots":{"index":"index","follow":"follow","max-snippet":"max-snippet:-1","max-image-preview":"max-image-preview:large","max-video-preview":"max-video-preview:-1"},"canonical":"https:\/\/outsiderland.com\/danahilliot\/preference-raciale\/","og_locale":"fr_FR","og_type":"article","og_title":"Pr\u00e9f\u00e9rence raciale - Outside Dana Hilliot","og_description":"N&#8217;emp\u00eache, m\u00eame si ce n&rsquo;est pas une cause directe de l&rsquo;\u00e9pisode \u00e9lectoral que vivent les fran\u00e7ais en ce moment, il y a un truc qui aura vraiment jou\u00e9 un r\u00f4le majeur, pour le coup d&rsquo;une mani\u00e8re impr\u00e9visible et compl\u00e8tement hallucinante (d&rsquo;un point de vue rationnel), ce sont les \u00e9v\u00e8nements tragiques qui se d\u00e9roulent en Israel\/Palestine.&hellip;","og_url":"https:\/\/outsiderland.com\/danahilliot\/preference-raciale\/","og_site_name":"Outside Dana Hilliot","article_published_time":"2024-06-26T18:22:16+00:00","article_modified_time":"2024-06-26T18:22:30+00:00","author":"danah","twitter_card":"summary_large_image","twitter_misc":{"\u00c9crit par":"danah","Dur\u00e9e de lecture estim\u00e9e":"4 minutes"},"schema":{"@context":"https:\/\/schema.org","@graph":[{"@type":"Article","@id":"https:\/\/outsiderland.com\/danahilliot\/preference-raciale\/#article","isPartOf":{"@id":"https:\/\/outsiderland.com\/danahilliot\/preference-raciale\/"},"author":{"name":"danah","@id":"https:\/\/outsiderland.com\/danahilliot\/#\/schema\/person\/2f9b92e9fff19bccc36638b10510d5ae"},"headline":"Pr\u00e9f\u00e9rence raciale","datePublished":"2024-06-26T18:22:16+00:00","dateModified":"2024-06-26T18:22:30+00:00","mainEntityOfPage":{"@id":"https:\/\/outsiderland.com\/danahilliot\/preference-raciale\/"},"wordCount":774,"publisher":{"@id":"https:\/\/outsiderland.com\/danahilliot\/#\/schema\/person\/201a1fef0f5c2897bd65e98bcf6b1179"},"articleSection":["N\u00e9o-lib\u00e9ralismes","Racisme"],"inLanguage":"fr-FR"},{"@type":"WebPage","@id":"https:\/\/outsiderland.com\/danahilliot\/preference-raciale\/","url":"https:\/\/outsiderland.com\/danahilliot\/preference-raciale\/","name":"Pr\u00e9f\u00e9rence raciale - Outside Dana Hilliot","isPartOf":{"@id":"https:\/\/outsiderland.com\/danahilliot\/#website"},"datePublished":"2024-06-26T18:22:16+00:00","dateModified":"2024-06-26T18:22:30+00:00","breadcrumb":{"@id":"https:\/\/outsiderland.com\/danahilliot\/preference-raciale\/#breadcrumb"},"inLanguage":"fr-FR","potentialAction":[{"@type":"ReadAction","target":["https:\/\/outsiderland.com\/danahilliot\/preference-raciale\/"]}]},{"@type":"BreadcrumbList","@id":"https:\/\/outsiderland.com\/danahilliot\/preference-raciale\/#breadcrumb","itemListElement":[{"@type":"ListItem","position":1,"name":"Accueil","item":"https:\/\/outsiderland.com\/danahilliot\/"},{"@type":"ListItem","position":2,"name":"Pr\u00e9f\u00e9rence raciale"}]},{"@type":"WebSite","@id":"https:\/\/outsiderland.com\/danahilliot\/#website","url":"https:\/\/outsiderland.com\/danahilliot\/","name":"Outside Dana Hilliot","description":". Archives . Activit\u00e9s . Projets .","publisher":{"@id":"https:\/\/outsiderland.com\/danahilliot\/#\/schema\/person\/201a1fef0f5c2897bd65e98bcf6b1179"},"potentialAction":[{"@type":"SearchAction","target":{"@type":"EntryPoint","urlTemplate":"https:\/\/outsiderland.com\/danahilliot\/?s={search_term_string}"},"query-input":{"@type":"PropertyValueSpecification","valueRequired":true,"valueName":"search_term_string"}}],"inLanguage":"fr-FR"},{"@type":["Person","Organization"],"@id":"https:\/\/outsiderland.com\/danahilliot\/#\/schema\/person\/201a1fef0f5c2897bd65e98bcf6b1179","name":"danahilliot","image":{"@type":"ImageObject","inLanguage":"fr-FR","@id":"https:\/\/outsiderland.com\/danahilliot\/#\/schema\/person\/image\/","url":"https:\/\/outsiderland.com\/danahilliot\/wp-content\/uploads\/2026\/02\/50801449407_a909f2c1ad_k.jpg","contentUrl":"https:\/\/outsiderland.com\/danahilliot\/wp-content\/uploads\/2026\/02\/50801449407_a909f2c1ad_k.jpg","width":2048,"height":1536,"caption":"danahilliot"},"logo":{"@id":"https:\/\/outsiderland.com\/danahilliot\/#\/schema\/person\/image\/"}},{"@type":"Person","@id":"https:\/\/outsiderland.com\/danahilliot\/#\/schema\/person\/2f9b92e9fff19bccc36638b10510d5ae","name":"danah","image":{"@type":"ImageObject","inLanguage":"fr-FR","@id":"https:\/\/outsiderland.com\/danahilliot\/#\/schema\/person\/image\/","url":"https:\/\/secure.gravatar.com\/avatar\/ed6349755e1d97f204277de3d09fc6ac31abd856835c8ea3c3a30d0aa84b0ddd?s=96&d=mm&r=g","contentUrl":"https:\/\/secure.gravatar.com\/avatar\/ed6349755e1d97f204277de3d09fc6ac31abd856835c8ea3c3a30d0aa84b0ddd?s=96&d=mm&r=g","caption":"danah"},"url":"https:\/\/outsiderland.com\/danahilliot\/author\/danah\/"}]}},"jetpack_publicize_connections":[],"_links":{"self":[{"href":"https:\/\/outsiderland.com\/danahilliot\/wp-json\/wp\/v2\/posts\/5250","targetHints":{"allow":["GET"]}}],"collection":[{"href":"https:\/\/outsiderland.com\/danahilliot\/wp-json\/wp\/v2\/posts"}],"about":[{"href":"https:\/\/outsiderland.com\/danahilliot\/wp-json\/wp\/v2\/types\/post"}],"author":[{"embeddable":true,"href":"https:\/\/outsiderland.com\/danahilliot\/wp-json\/wp\/v2\/users\/1"}],"replies":[{"embeddable":true,"href":"https:\/\/outsiderland.com\/danahilliot\/wp-json\/wp\/v2\/comments?post=5250"}],"version-history":[{"count":1,"href":"https:\/\/outsiderland.com\/danahilliot\/wp-json\/wp\/v2\/posts\/5250\/revisions"}],"predecessor-version":[{"id":5251,"href":"https:\/\/outsiderland.com\/danahilliot\/wp-json\/wp\/v2\/posts\/5250\/revisions\/5251"}],"wp:attachment":[{"href":"https:\/\/outsiderland.com\/danahilliot\/wp-json\/wp\/v2\/media?parent=5250"}],"wp:term":[{"taxonomy":"category","embeddable":true,"href":"https:\/\/outsiderland.com\/danahilliot\/wp-json\/wp\/v2\/categories?post=5250"},{"taxonomy":"post_tag","embeddable":true,"href":"https:\/\/outsiderland.com\/danahilliot\/wp-json\/wp\/v2\/tags?post=5250"}],"curies":[{"name":"wp","href":"https:\/\/api.w.org\/{rel}","templated":true}]}}