{"id":5168,"date":"2024-04-18T19:31:26","date_gmt":"2024-04-18T19:31:26","guid":{"rendered":"https:\/\/outsiderland.com\/danahilliot\/?p=5168"},"modified":"2024-04-18T20:36:13","modified_gmt":"2024-04-18T20:36:13","slug":"une-declaration-de-guerre-raciale","status":"publish","type":"post","link":"https:\/\/outsiderland.com\/danahilliot\/une-declaration-de-guerre-raciale\/","title":{"rendered":"Une d\u00e9claration de guerre raciale"},"content":{"rendered":"<p align=\"justify\">Je me suis farci <em>in extenso et verbatim<\/em> (et vaguement stup\u00e9fait au moins durant la premi\u00e8re minute) le discours de Gabriel Attal sur le n\u00e9cessaire et vital (pour la coh\u00e9sion nationale : Mar\u00e9chal nous (re)voil\u00e0) r\u00e9tablissement de l\u2019autorit\u00e9 : discipliner les adolescents, la gouvernance des subalternes, tout cela appuy\u00e9 sur des \u00ab\u00a0expertises\u00a0\u00bb (\u00ab\u00a0les \u00e9tudes montrent que..\u00a0\u00bb) dont je reparlerais plus bas.<\/p>\n<p align=\"justify\">Ce sont des remarques en vrac, publi\u00e9es \u00e0 la va vite sur l&rsquo;excellent r\u00e9seau social Mastodon. On m&rsquo;excusera (ou pas, peu importe) pour leur aspect bord\u00e9lique.<\/p>\n<h3 align=\"justify\">1. L&rsquo;explicitation du projet racial n\u00e9olib\u00e9ral<\/h3>\n<p align=\"justify\">C\u2019est magnifique. Qu\u2019on ne s\u2019y trompe pas : ce qui est magnifique, c\u2019est qu\u2019Attal explicite sans aucune r\u00e9serve de langage les politiques mises en \u0153uvre depuis maintenant deux d\u00e9cennies. Il dit tout haut et d\u00e9voile ce qui se pratique de mani\u00e8re continue depuis des lustres. Et comme toujours, ce qui est pr\u00e9cis\u00e9ment ni\u00e9 (et c\u2019est le but de la chose), ce sont toutes les violences du n\u00e9olib\u00e9ralisme, le racisme structurel, les in\u00e9galit\u00e9s cultiv\u00e9es d\u00e9lib\u00e9r\u00e9ment, la fabrication du pr\u00e9cariat, les emp\u00eachements bureaucratiques et policiers r\u00e9serv\u00e9es aux classes subalternes. Bref, on nage en plein r\u00e9gime post-politique (la d\u00e9politisation, la des-historicisation).<\/p>\n<p align=\"justify\">Tout cela (ce que ce petit con appelle \u00ab\u00a0des excuses\u00a0\u00bb), doit \u00eatre balay\u00e9 devant la d\u00e9faillance de la responsabilit\u00e9 de ces parents, les g\u00e9niteurs irresponsables des adolescents ingouvernables.<\/p>\n<p align=\"justify\">On croit r\u00eaver tellement c\u2019est limpide. Mention sp\u00e9ciale pour la d\u00e9nonciation de \u00ab\u00a0l\u2019individualisme\u00a0\u00bb de ces jeunes, pour ne pas dire leur \u00e9go\u00efsme (coupable \u00e9videmment). C\u2019est extraordinaire de d\u00e9noncer pr\u00e9cis\u00e9ment le caract\u00e8re propre de cet homme qu\u2019a model\u00e9 l\u2019anthropologie n\u00e9olib\u00e9rale depuis des d\u00e9cennies.<\/p>\n<p align=\"justify\">J\u2019ai tout de suite pens\u00e9 \u00e0 mes amis Foucaldiens (avec lesquels je ne suis pas toujours d\u2019accord mais l\u00e0, faut admettre que leurs grilles d\u2019analyse s\u2019imposent)\u00a0: la biopolitique n\u00e9olib\u00e9rale (la gouvernance disciplinaire, la mani\u00e8re dont l\u2019\u00c9tat d\u00e9ploie son empire au sein m\u00eame des intimit\u00e9s, la famille comme objet politique, etc.) expos\u00e9e au grand jour, sans fioriture. Si Foucault \u00e9tait encore de ce monde, il ajouterait une chapitre expr\u00e8s pour commenter point par point ce discours \u00e0 son s\u00e9minaire.<\/p>\n<p align=\"justify\">Bon. Pour les adeptes des \u00ab bascules et des tournants \u00bb (petit pique \u00e0 F. Lordon), nul doute que ce discours est \u00e0 marquer d\u2019une pierre blanche.<\/p>\n<p align=\"justify\">Alors quelles seront les r\u00e9actions\u00a0?<\/p>\n<p align=\"justify\">\u00c0 gauche on s\u2019indignera, certains tomberont des nues \u2013 comme si le discours sortait de nulle part, alors qu\u2019il ne fait que rendre explicite ce qui structure la gouvernance n\u00e9olib\u00e9rale.<\/p>\n<p align=\"justify\">Mais surtout, ce discours va prendre. Il va prendre en masse. La plupart des gens tomberont d\u2019accord avec lui\u00a0: parce que c\u2019est la faute des parents (racis\u00e9s, musulmans, subalternes), comme chacun sait. Parce que, pr\u00e9cis\u00e9ment, la plupart des habitants de ce pays (et c\u2019est pas mieux ailleurs) ont parfaitement int\u00e9gr\u00e9, et sont m\u00eame attach\u00e9s, \u00e0 cette logique d\u2019assignation de la responsabilit\u00e9 individuelle (et donc de la d\u00e9faillance \u201cpersonnelle\u201d par rapport \u00e0 la norme), et ont accept\u00e9 aussi cette d\u00e9politisation des relations sociales, s\u00e9parer l\u2019individu et sa destin\u00e9e de toute rationalit\u00e9 politique, de toute analyse structurelle.<\/p>\n<p align=\"justify\">ON Y VA TOUT DROIT, et AU GALOP.<\/p>\n<h3 align=\"justify\">2. Une guerre (post-)raciale<\/h3>\n<p align=\"justify\">Concernant le discours de Gabriel Attal aujourd\u2019hui\u00a0: en fait, il ne s\u2019agit pas d\u2019une \u00ab\u00a0guerre contre la jeunesse de ce pays\u00a0\u00bb. Croire cela, c\u2019est d\u2019une certaine mani\u00e8re gober une partie (m\u00eame de mani\u00e8re critique) du grand r\u00e9cit gouvernemental.<\/p>\n<p align=\"justify\">Mais d\u2019un nouvel \u00e9pisode de la guerre men\u00e9e par l\u2019\u00c9tat contre les habitants des zones pr\u00e9caris\u00e9es, les \u201cquartiers\u201d ou les \u201cbanlieues\u201d comme on dit, et tr\u00e8s directement contre les personnes dont la couleur de peau et la (souvent suppos\u00e9e) religion les excluent de ce qu\u2019on appelle la \u201cwhiteness\u201d (pour parler comme les militants des racial studies), de la \u201cblancheur\u201d ou de la \u201cblanchitude\u201d si vous pr\u00e9f\u00e9rez. On peut \u00eatre noir de peau, et m\u00eame \u00eatre n\u00e9 dans ces quartiers, mais faire totalement partie de la whiteness (\u00eatre ministre de l\u2019\u00e9ducation ou le footballeur le mieux pay\u00e9 au monde).<\/p>\n<p align=\"justify\">Ce qui est frappant dans ce discours et les crit\u00e8res de stigmatisation qui en effleurent \u00e0 chaque phrase, c\u2019est qu\u2019il se garde bien d\u2019employer une seule fois le mot \u201crace\u201d (mais il ne peut s\u2019emp\u00eacher d\u2019\u00e9voquer le danger de l\u2019entrisme de l\u2019Islam dans les \u00e9tablissements scolaires, la menace pr\u00e9f\u00e9r\u00e9e de toutes les droites europ\u00e9ennes). On est typiquement dans un r\u00e9cit post-racial, au sens de David Th\u00e9o Goldberg ou Ghassan Hage, c\u2019est-un discours qui pr\u00e9tend tenir pour acquis non seulement l\u2019effacement de la race dans les institutions publiques, mais qui consid\u00e8re aussi que cet effacement a fait dispara\u00eetre, comme par magie, le racisme en g\u00e9n\u00e9ral. On parle aussi de \u201ccolorblindness\u201d (c\u00e9cit\u00e9 \u00e0 la couleur\u00a0\u00bb). \u00c9videmment, tout cela est d\u2019une \u00e9norme hypocrisie \u2013 mais, plus fondamentalement, ce discours hypocrite permet justement de rendre acceptable le racisme institutionnel aussi bien que le racisme ordinaire en se cachant derri\u00e8re des soi-disant statistiques, des soi-disant \u201c\u00e9tudes\u201d. J\u2019y reviendrais car c\u2019est important ce recours aux \u201csciences\u201d.<\/p>\n<p align=\"justify\">Les supr\u00e9matistes blancs, eux, n\u2019ont pas ces scrupules verbaux. Et quand ils parlent de \u201cwhiteness\u201d, ils indiquent tr\u00e8s litt\u00e9ralement la couleur de la peau (et donc excluent le ministre de l\u2019\u00e9ducation ou le footballeur le mieux pay\u00e9 au monde des populations qui doivent \u00eatre sauv\u00e9es). Au final, pas s\u00fbr que \u00e7a fasse une \u00e9norme diff\u00e9rence\u00a0: les effets des politiques raciales seront \u00e0 juste titre v\u00e9cues comme des manifestations de racisme (bureaucratique ou policier) par les gens qui en seront les victimes\u00a0: suspectes \u201cstatistiquement\u201d avant d\u2019avoir descendu leur cage d\u2019escalier.<\/p>\n<p align=\"justify\">Des populations (fabriqu\u00e9es statistiquement) encore plus emp\u00each\u00e9es, embarrass\u00e9es, entrav\u00e9es \u2013 pr\u00e9cis\u00e9ment pour permettre aux populations les plus ais\u00e9es de circuler encore plus librement, de mener une vie encore plus s\u00e9curis\u00e9e, plus fluide, plus apais\u00e9e : car, ne nous cachons non plus cette articulation \u2013 cette guerre quotidienne est cens\u00e9e garantir la paix des m\u00e9nages ais\u00e9s. Tout comme la pr\u00e9carisation d\u2019une masse de plus en plus consid\u00e9rable de gens est le prix \u00e0 payer pour soutenir la prosp\u00e9rit\u00e9 d\u2019une part de plus en plus r\u00e9duite de la population. C\u2019est la m\u00eame articulation. La stigmatisation, la d\u00e9gradation et la d\u00e9gradation des uns conditionnent le maintien des privil\u00e8ges des autres. Une autre forme de la guerre g\u00e9n\u00e9ralis\u00e9e men\u00e9e par les \u00c9tats Europ\u00e9ens contre la menace qu&rsquo;incarnent les racis\u00e9s, a fortiori s&rsquo;ils sont musulmans, qui se traduit ici dans nos quartiers, et partout en Europe, jusqu&rsquo;\u00e0 ses p\u00e9riph\u00e9ries, dans les camps d&rsquo;internement (pour ne pas dire pire) qu&rsquo;on r\u00e9serve aux migrants.<\/p>\n<h3 align=\"justify\">3. La subordination des sciences au pouvoir<\/h3>\n<p align=\"justify\">Dernier point, et pas des moindres \u00e0 mon avis, concernant le discours de Gabriel Attal sur la restauration de l\u2019autorit\u00e9 sur \u00ab\u00a0les jeunes d\u00e9viants\u00a0\u00bb (corrigez plut\u00f4t en\u00a0: \u00ab\u00a0sur les arabes, les blacks et les musulmans des zones pr\u00e9caris\u00e9es\u00a0\u00bb).<\/p>\n<p align=\"justify\">Le recours \u00e0 \u00ab\u00a0l\u2019expertise scientifique\u00a0\u00bb. En effet, au milieu de son la\u00efus, il l\u00e2che un remarquable \u00ab\u00a0comme presque toutes les \u00e9tudes l\u2019ont montr\u00e9\u00a0\u00bb.. J\u2019ai failli m\u2019\u00e9trangler en entendant cette formule. Et surtout ce qu\u2019il en d\u00e9duit. (le \u201cpresque\u201d m\u00e9riterait \u00e0 lui seul tout un d\u00e9veloppement).<\/p>\n<p align=\"justify\">C\u2019est un trait assez r\u00e9current des gouvernances d\u00e9sormais, de faire appel \u00e0 \u00ab\u00a0des \u00e9tudes\u00a0\u00bb. Oui il y a des psychologues, et des psycho-sociologues, et m\u00eame des sociologues (Bourdieu se retournerait dans sa tombe) qui vendent leur \u00e2me au diable, c\u2019est-\u00e0-dire r\u00e9pondent \u00e0 des commandes de l\u2019\u00c9tat (car il faut bien vivre n\u2019est-ce pas, et se plaignent un peu quand m\u00eame quand leurs \u201c\u00e9tudes\u201d sont caviard\u00e9es, ou censur\u00e9es, ou ignor\u00e9es). Mais aussi bien entendu des cabinets d\u2019\u00e9tudes, des think tank, des \u00ab\u00a0laboratoires d\u2019id\u00e9es, des McKinsey, qui vous transformeront tous ces braves habitants en statistiques, tableaux et graphiques lumineux (et qui se plaignent beaucoup plus rarement par contre<\/p>\n<p align=\"justify\">Tous ces braves cerveaux cogitent (pas tr\u00e8s longtemps et avec tr\u00e8s peu d\u2019intensit\u00e9 faut admettre, m\u00eame si certains se font payer tr\u00e8s cher le service rendu) pour servir la soupe (pseudo-)scientifique dont a besoin le pouvoir pour \u201cobjectiver\u201d (et naturaliser) ces saloperies (racistes).<\/p>\n<p align=\"justify\">D\u2019un point de vue scientifique, ce \u00ab presque toutes les \u00e9tudes ont montr\u00e9 que \u00bb me fait irr\u00e9sistiblement penser au \u00ab ils disent \u00bb de Donald Trump (\u00ab ils disent que les vents venus du Pacifique apportent jusqu\u2019aux rivages purs des \u00c9tats-Unis les miasmes produits par ces milliards de Chinois toxiques \u00bb, ou : \u00ab ils disent que le bruit des \u00e9oliennes provoque le cancer\u00a0\u00bb&lsquo; (si et re-sic). C\u2019est \u00e0 peu pr\u00e8s de cet acabit. Mais peu importe.<\/p>\n<p align=\"justify\">Ce qui est important, c\u2019est cette relation du pouvoir aux sciences (et au savoir de mani\u00e8re plus g\u00e9n\u00e9rale). Car en v\u00e9rit\u00e9, le pouvoir produit son propre savoir (en finan\u00e7ant telle ou telle recherche et en coupant les subsides \u00e0 telle ou telle autre\u00a0: demandez aux facult\u00e9s de sciences humaines ou \u00ab\u00a0<em>social et critical studies<\/em>\u00a0\u00bb ce qu\u2019elles en pensent).<\/p>\n<p align=\"justify\">Et ce faisant, il s\u2019accapare la science, tant qu\u2019elle lui convient, la fait sienne, et la rend positivement INOFFENSIVE. Il la d\u00e9politise, en annulant sa port\u00e9e critique, et la re-politise, comme outil subordonn\u00e9 \u00e0 la propagande (inutile de pr\u00e9ciser que, pour le pouvoir, ce qui importe n\u2019est pas d\u2019apprendre quelque chose de nouveau \u2013 il existe des services de renseignement pour \u00e7a \u2013 mais d\u2019orienter la recherche, ou plut\u00f4t la d\u00e9sorienter, vers le r\u00e9cit dont lui, le pouvoir, a besoin, aussi irrationnel soit-il)<\/p>\n<h3 align=\"justify\">4. Une certaine coloration fasciste ?<\/h3>\n<div class=\"status__content\" tabindex=\"0\">\n<div class=\"status__content__text status__content__text--visible translate\" lang=\"fr\">\n<p>Je me rends compte que j&rsquo;ai un peu c\u00e9d\u00e9 (dans un \u00e9lan rh\u00e9torique dont habituellement j&rsquo;essaie de me garder) \u00e0 cette tendance \u00e0 qualifier de fasciste tout et n&rsquo;importe quoi.<\/p>\n<p>Je pensais au discours sur la restauration de l&rsquo;autorit\u00e9 de Attal aujourd&rsquo;hui. Sans doute n&rsquo;est-il pas en soi fasciste (il est assez typique du discours conservateur et r\u00e9actionnaire &#8211; on l&rsquo;entend d\u00e9j\u00e0 au XIX\u00e8me si\u00e8cle ou par exemple dans ce texte extraordinaire (et abominable) qu&rsquo;\u00e9tait The Negro Family: The Case For National Action de Daniel Patrick Moynihan (en 1965, connu comme le Moynihan Report) &#8211; dont je parlerai un de ces jours.<br \/>\nMais la r\u00e9f\u00e9rence r\u00e9it\u00e9r\u00e9e, insistante, permanente, pas seulement dans ce discours, mais quasiment \u00e0 chaque fois qu&rsquo;un membre du gouvernement prend la parole \u00e0 la \u00ab\u00a0coh\u00e9sion nationale\u00a0\u00bb suppos\u00e9ment menac\u00e9e (fantasm\u00e9e comme telle en tous cas), colore d&rsquo;un je ne sais quoi de fasciste la propagande minist\u00e9rielle. Bon. Reconnaissons qu&rsquo;il ne suffit pas d&rsquo;\u00eatre nationaliste pour \u00eatre fasciste, loin de l\u00e0 (et, mon dieu, on va s&rsquo;en farcir de la r\u00e9f\u00e9rence \u00e0 la glorieuse nation avec les JO qui arrivent)<\/p>\n<p>De m\u00eame les politiques racistes d&rsquo;internement et de refoulement des migrants et r\u00e9fugi\u00e9s ne rel\u00e8vent pas sp\u00e9cifiquement du fascisme &#8211; ou alors il faudrait qualifier de fascistes la quasi-totalit\u00e9 des pays occidentaux (et m\u00eame la plupart des autres pays). Les d\u00e9mocraties en sont les instigatrices apr\u00e8s tout.<\/p>\n<p>Comme je m&rsquo;int\u00e9resse de pr\u00e8s \u00e0 ce qui se passe en Italie, et notamment aux \u00ab\u00a0exp\u00e9rimentations\u00a0\u00bb du gouvernement Meloni (laquelle, pour le coup, assume une influence fasciste explicite dans la mesure o\u00f9 elle peut se le permettre dans le d\u00e9bat public), il me semble que l&rsquo;\u00e9l\u00e9ment d\u00e9cisif qui n&rsquo;a pas encore \u00e9t\u00e9 \u00ab\u00a0explicitement\u00a0\u00bb verbalis\u00e9 par le gouvernement fran\u00e7ais, c&rsquo;est la fameuse question de la \u00ab\u00a0natalit\u00e9\u00a0\u00bb &#8211; ou plut\u00f4t la crise de la natalit\u00e9 sous-entendu \u00ab\u00a0nationale\u00a0\u00bb &#8211; c&rsquo;est-\u00e0-dire la reproduction de la nation (sous-entendu, les blancs pour ce qui est de l&rsquo;Italie). Ce pas a \u00e9t\u00e9 franchi depuis un bout de temps dans la plupart des pays des Balkans, de la Serbie \u00e0 la Bulgarie. Il se manifeste par l&rsquo;obsession du contr\u00f4le des forces reproductrices, c&rsquo;est-\u00e0-dire de la sexualit\u00e9, et, bien \u00e9videmment, avant tout du corps des femmes. Ces biopolitiques de la natalit\u00e9 obs\u00e8dent litt\u00e9ralement les fascistes, parce que c&rsquo;est pr\u00e9cis\u00e9ment le c\u0153ur de la doctrine : gouverner les corps, assujettir les individus \u00e0 la nation, le fantasme d&rsquo;une nation qui \u00ab\u00a0fait corps\u00a0\u00bb, une conversion quasiment biologique et spirituelle de tous les corps et les esprits \u00e0 l&rsquo;id\u00e9al national.<br \/>\n(le fascisme d&rsquo;ailleurs, ne se conjugue pas forc\u00e9ment avec le racisme, m\u00eame si le projet totalitaire finit toujours par adopter au moins des mesures de s\u00e9gr\u00e9gation, voire pire &#8211; Mussolini a attendu 1937 pour promulguer une loi criminalisant le mariage et le concubinage entre Italiens et \u201csujets\u201d des colonies africaines et 1938 pour d\u00e9clamer ses \u00ab\u00a0lois raciales\u00a0\u00bb (visant les juifs \u00e9videmment, mais aussi d&rsquo;autres communaut\u00e9s)<\/p>\n<p>Et je me demande : est-ce que ce gouvernement, ou le prochain gouvernement Macron, franchira ce pas, des politiques natalistes nationales ? Peut-\u00eatre pas.<\/p>\n<p>Nul doute par contre que si le RN arrive au pouvoir, par contre, il s&#8217;empressera d&rsquo;aller sur ce terrain.<\/p>\n<\/div>\n<\/div>\n","protected":false},"excerpt":{"rendered":"<p>Je me suis farci in extenso et verbatim (et vaguement stup\u00e9fait au moins durant la premi\u00e8re minute) le discours de Gabriel Attal sur le n\u00e9cessaire et vital (pour la coh\u00e9sion nationale : Mar\u00e9chal nous (re)voil\u00e0) r\u00e9tablissement de l\u2019autorit\u00e9 : discipliner les adolescents, la gouvernance des subalternes, tout cela appuy\u00e9 sur des \u00ab\u00a0expertises\u00a0\u00bb (\u00ab\u00a0les \u00e9tudes montrent&hellip;<\/p>\n <a href=\"https:\/\/outsiderland.com\/danahilliot\/une-declaration-de-guerre-raciale\/\" title=\"Une d\u00e9claration de guerre raciale\" class=\"entry-more-link\"><span>Read More<\/span> <span class=\"screen-reader-text\">Une d\u00e9claration de guerre raciale<\/span><\/a>","protected":false},"author":1,"featured_media":5169,"comment_status":"closed","ping_status":"open","sticky":false,"template":"","format":"standard","meta":{"Layout":"","footnotes":"","jetpack_publicize_message":"","jetpack_publicize_feature_enabled":true,"jetpack_social_post_already_shared":true,"jetpack_social_options":{"image_generator_settings":{"template":"highway","default_image_id":0,"font":"","enabled":false},"version":2}},"categories":[99,79,91],"tags":[],"class_list":["entry","author-danah","post-5168","post","type-post","status-publish","format-standard","has-post-thumbnail","category-democratie","category-neo-liberalismes","category-racisme"],"yoast_head":"<!-- This site is optimized with the Yoast SEO plugin v27.0 - https:\/\/yoast.com\/product\/yoast-seo-wordpress\/ -->\n<title>Une d\u00e9claration de guerre raciale - Outside Dana Hilliot<\/title>\n<meta name=\"robots\" content=\"index, follow, max-snippet:-1, max-image-preview:large, max-video-preview:-1\" \/>\n<link rel=\"canonical\" href=\"https:\/\/outsiderland.com\/danahilliot\/une-declaration-de-guerre-raciale\/\" \/>\n<meta property=\"og:locale\" content=\"fr_FR\" \/>\n<meta property=\"og:type\" content=\"article\" \/>\n<meta property=\"og:title\" content=\"Une d\u00e9claration de guerre raciale - Outside Dana Hilliot\" \/>\n<meta property=\"og:description\" content=\"Je me suis farci in extenso et verbatim (et vaguement stup\u00e9fait au moins durant la premi\u00e8re minute) le discours de Gabriel Attal sur le n\u00e9cessaire et vital (pour la coh\u00e9sion nationale : Mar\u00e9chal nous (re)voil\u00e0) r\u00e9tablissement de l\u2019autorit\u00e9 : discipliner les adolescents, la gouvernance des subalternes, tout cela appuy\u00e9 sur des \u00ab\u00a0expertises\u00a0\u00bb (\u00ab\u00a0les \u00e9tudes montrent&hellip;\" \/>\n<meta property=\"og:url\" content=\"https:\/\/outsiderland.com\/danahilliot\/une-declaration-de-guerre-raciale\/\" \/>\n<meta property=\"og:site_name\" content=\"Outside Dana Hilliot\" \/>\n<meta property=\"article:published_time\" content=\"2024-04-18T19:31:26+00:00\" \/>\n<meta property=\"article:modified_time\" content=\"2024-04-18T20:36:13+00:00\" \/>\n<meta property=\"og:image\" content=\"https:\/\/outsiderland.com\/danahilliot\/wp-content\/uploads\/2024\/04\/Capture-decran_2024-04-18_21-31-00.png\" \/>\n\t<meta property=\"og:image:width\" content=\"809\" \/>\n\t<meta property=\"og:image:height\" content=\"393\" \/>\n\t<meta property=\"og:image:type\" content=\"image\/png\" \/>\n<meta name=\"author\" content=\"danah\" \/>\n<meta name=\"twitter:card\" content=\"summary_large_image\" \/>\n<meta name=\"twitter:label1\" content=\"\u00c9crit par\" \/>\n\t<meta name=\"twitter:data1\" content=\"danah\" \/>\n\t<meta name=\"twitter:label2\" content=\"Dur\u00e9e de lecture estim\u00e9e\" \/>\n\t<meta name=\"twitter:data2\" content=\"11 minutes\" \/>\n<script type=\"application\/ld+json\" class=\"yoast-schema-graph\">{\"@context\":\"https:\/\/schema.org\",\"@graph\":[{\"@type\":\"Article\",\"@id\":\"https:\/\/outsiderland.com\/danahilliot\/une-declaration-de-guerre-raciale\/#article\",\"isPartOf\":{\"@id\":\"https:\/\/outsiderland.com\/danahilliot\/une-declaration-de-guerre-raciale\/\"},\"author\":{\"name\":\"danah\",\"@id\":\"https:\/\/outsiderland.com\/danahilliot\/#\/schema\/person\/2f9b92e9fff19bccc36638b10510d5ae\"},\"headline\":\"Une d\u00e9claration de guerre raciale\",\"datePublished\":\"2024-04-18T19:31:26+00:00\",\"dateModified\":\"2024-04-18T20:36:13+00:00\",\"mainEntityOfPage\":{\"@id\":\"https:\/\/outsiderland.com\/danahilliot\/une-declaration-de-guerre-raciale\/\"},\"wordCount\":2317,\"publisher\":{\"@id\":\"https:\/\/outsiderland.com\/danahilliot\/#\/schema\/person\/201a1fef0f5c2897bd65e98bcf6b1179\"},\"image\":{\"@id\":\"https:\/\/outsiderland.com\/danahilliot\/une-declaration-de-guerre-raciale\/#primaryimage\"},\"thumbnailUrl\":\"https:\/\/outsiderland.com\/danahilliot\/wp-content\/uploads\/2024\/04\/Capture-decran_2024-04-18_21-31-00.png\",\"articleSection\":[\"(d\u00e9mocratie)\",\"N\u00e9o-lib\u00e9ralismes\",\"Racisme\"],\"inLanguage\":\"fr-FR\"},{\"@type\":\"WebPage\",\"@id\":\"https:\/\/outsiderland.com\/danahilliot\/une-declaration-de-guerre-raciale\/\",\"url\":\"https:\/\/outsiderland.com\/danahilliot\/une-declaration-de-guerre-raciale\/\",\"name\":\"Une d\u00e9claration de guerre raciale - Outside Dana Hilliot\",\"isPartOf\":{\"@id\":\"https:\/\/outsiderland.com\/danahilliot\/#website\"},\"primaryImageOfPage\":{\"@id\":\"https:\/\/outsiderland.com\/danahilliot\/une-declaration-de-guerre-raciale\/#primaryimage\"},\"image\":{\"@id\":\"https:\/\/outsiderland.com\/danahilliot\/une-declaration-de-guerre-raciale\/#primaryimage\"},\"thumbnailUrl\":\"https:\/\/outsiderland.com\/danahilliot\/wp-content\/uploads\/2024\/04\/Capture-decran_2024-04-18_21-31-00.png\",\"datePublished\":\"2024-04-18T19:31:26+00:00\",\"dateModified\":\"2024-04-18T20:36:13+00:00\",\"breadcrumb\":{\"@id\":\"https:\/\/outsiderland.com\/danahilliot\/une-declaration-de-guerre-raciale\/#breadcrumb\"},\"inLanguage\":\"fr-FR\",\"potentialAction\":[{\"@type\":\"ReadAction\",\"target\":[\"https:\/\/outsiderland.com\/danahilliot\/une-declaration-de-guerre-raciale\/\"]}]},{\"@type\":\"ImageObject\",\"inLanguage\":\"fr-FR\",\"@id\":\"https:\/\/outsiderland.com\/danahilliot\/une-declaration-de-guerre-raciale\/#primaryimage\",\"url\":\"https:\/\/outsiderland.com\/danahilliot\/wp-content\/uploads\/2024\/04\/Capture-decran_2024-04-18_21-31-00.png\",\"contentUrl\":\"https:\/\/outsiderland.com\/danahilliot\/wp-content\/uploads\/2024\/04\/Capture-decran_2024-04-18_21-31-00.png\",\"width\":809,\"height\":393},{\"@type\":\"BreadcrumbList\",\"@id\":\"https:\/\/outsiderland.com\/danahilliot\/une-declaration-de-guerre-raciale\/#breadcrumb\",\"itemListElement\":[{\"@type\":\"ListItem\",\"position\":1,\"name\":\"Accueil\",\"item\":\"https:\/\/outsiderland.com\/danahilliot\/\"},{\"@type\":\"ListItem\",\"position\":2,\"name\":\"Une d\u00e9claration de guerre raciale\"}]},{\"@type\":\"WebSite\",\"@id\":\"https:\/\/outsiderland.com\/danahilliot\/#website\",\"url\":\"https:\/\/outsiderland.com\/danahilliot\/\",\"name\":\"Outside Dana Hilliot\",\"description\":\". Archives . Activit\u00e9s . Projets .\",\"publisher\":{\"@id\":\"https:\/\/outsiderland.com\/danahilliot\/#\/schema\/person\/201a1fef0f5c2897bd65e98bcf6b1179\"},\"potentialAction\":[{\"@type\":\"SearchAction\",\"target\":{\"@type\":\"EntryPoint\",\"urlTemplate\":\"https:\/\/outsiderland.com\/danahilliot\/?s={search_term_string}\"},\"query-input\":{\"@type\":\"PropertyValueSpecification\",\"valueRequired\":true,\"valueName\":\"search_term_string\"}}],\"inLanguage\":\"fr-FR\"},{\"@type\":[\"Person\",\"Organization\"],\"@id\":\"https:\/\/outsiderland.com\/danahilliot\/#\/schema\/person\/201a1fef0f5c2897bd65e98bcf6b1179\",\"name\":\"danahilliot\",\"image\":{\"@type\":\"ImageObject\",\"inLanguage\":\"fr-FR\",\"@id\":\"https:\/\/outsiderland.com\/danahilliot\/#\/schema\/person\/image\/\",\"url\":\"https:\/\/outsiderland.com\/danahilliot\/wp-content\/uploads\/2026\/02\/50801449407_a909f2c1ad_k.jpg\",\"contentUrl\":\"https:\/\/outsiderland.com\/danahilliot\/wp-content\/uploads\/2026\/02\/50801449407_a909f2c1ad_k.jpg\",\"width\":2048,\"height\":1536,\"caption\":\"danahilliot\"},\"logo\":{\"@id\":\"https:\/\/outsiderland.com\/danahilliot\/#\/schema\/person\/image\/\"}},{\"@type\":\"Person\",\"@id\":\"https:\/\/outsiderland.com\/danahilliot\/#\/schema\/person\/2f9b92e9fff19bccc36638b10510d5ae\",\"name\":\"danah\",\"image\":{\"@type\":\"ImageObject\",\"inLanguage\":\"fr-FR\",\"@id\":\"https:\/\/outsiderland.com\/danahilliot\/#\/schema\/person\/image\/\",\"url\":\"https:\/\/secure.gravatar.com\/avatar\/ed6349755e1d97f204277de3d09fc6ac31abd856835c8ea3c3a30d0aa84b0ddd?s=96&d=mm&r=g\",\"contentUrl\":\"https:\/\/secure.gravatar.com\/avatar\/ed6349755e1d97f204277de3d09fc6ac31abd856835c8ea3c3a30d0aa84b0ddd?s=96&d=mm&r=g\",\"caption\":\"danah\"},\"url\":\"https:\/\/outsiderland.com\/danahilliot\/author\/danah\/\"}]}<\/script>\n<!-- \/ Yoast SEO plugin. -->","yoast_head_json":{"title":"Une d\u00e9claration de guerre raciale - Outside Dana Hilliot","robots":{"index":"index","follow":"follow","max-snippet":"max-snippet:-1","max-image-preview":"max-image-preview:large","max-video-preview":"max-video-preview:-1"},"canonical":"https:\/\/outsiderland.com\/danahilliot\/une-declaration-de-guerre-raciale\/","og_locale":"fr_FR","og_type":"article","og_title":"Une d\u00e9claration de guerre raciale - Outside Dana Hilliot","og_description":"Je me suis farci in extenso et verbatim (et vaguement stup\u00e9fait au moins durant la premi\u00e8re minute) le discours de Gabriel Attal sur le n\u00e9cessaire et vital (pour la coh\u00e9sion nationale : Mar\u00e9chal nous (re)voil\u00e0) r\u00e9tablissement de l\u2019autorit\u00e9 : discipliner les adolescents, la gouvernance des subalternes, tout cela appuy\u00e9 sur des \u00ab\u00a0expertises\u00a0\u00bb (\u00ab\u00a0les \u00e9tudes montrent&hellip;","og_url":"https:\/\/outsiderland.com\/danahilliot\/une-declaration-de-guerre-raciale\/","og_site_name":"Outside Dana Hilliot","article_published_time":"2024-04-18T19:31:26+00:00","article_modified_time":"2024-04-18T20:36:13+00:00","og_image":[{"width":809,"height":393,"url":"https:\/\/outsiderland.com\/danahilliot\/wp-content\/uploads\/2024\/04\/Capture-decran_2024-04-18_21-31-00.png","type":"image\/png"}],"author":"danah","twitter_card":"summary_large_image","twitter_misc":{"\u00c9crit par":"danah","Dur\u00e9e de lecture estim\u00e9e":"11 minutes"},"schema":{"@context":"https:\/\/schema.org","@graph":[{"@type":"Article","@id":"https:\/\/outsiderland.com\/danahilliot\/une-declaration-de-guerre-raciale\/#article","isPartOf":{"@id":"https:\/\/outsiderland.com\/danahilliot\/une-declaration-de-guerre-raciale\/"},"author":{"name":"danah","@id":"https:\/\/outsiderland.com\/danahilliot\/#\/schema\/person\/2f9b92e9fff19bccc36638b10510d5ae"},"headline":"Une d\u00e9claration de guerre raciale","datePublished":"2024-04-18T19:31:26+00:00","dateModified":"2024-04-18T20:36:13+00:00","mainEntityOfPage":{"@id":"https:\/\/outsiderland.com\/danahilliot\/une-declaration-de-guerre-raciale\/"},"wordCount":2317,"publisher":{"@id":"https:\/\/outsiderland.com\/danahilliot\/#\/schema\/person\/201a1fef0f5c2897bd65e98bcf6b1179"},"image":{"@id":"https:\/\/outsiderland.com\/danahilliot\/une-declaration-de-guerre-raciale\/#primaryimage"},"thumbnailUrl":"https:\/\/outsiderland.com\/danahilliot\/wp-content\/uploads\/2024\/04\/Capture-decran_2024-04-18_21-31-00.png","articleSection":["(d\u00e9mocratie)","N\u00e9o-lib\u00e9ralismes","Racisme"],"inLanguage":"fr-FR"},{"@type":"WebPage","@id":"https:\/\/outsiderland.com\/danahilliot\/une-declaration-de-guerre-raciale\/","url":"https:\/\/outsiderland.com\/danahilliot\/une-declaration-de-guerre-raciale\/","name":"Une d\u00e9claration de guerre raciale - Outside Dana Hilliot","isPartOf":{"@id":"https:\/\/outsiderland.com\/danahilliot\/#website"},"primaryImageOfPage":{"@id":"https:\/\/outsiderland.com\/danahilliot\/une-declaration-de-guerre-raciale\/#primaryimage"},"image":{"@id":"https:\/\/outsiderland.com\/danahilliot\/une-declaration-de-guerre-raciale\/#primaryimage"},"thumbnailUrl":"https:\/\/outsiderland.com\/danahilliot\/wp-content\/uploads\/2024\/04\/Capture-decran_2024-04-18_21-31-00.png","datePublished":"2024-04-18T19:31:26+00:00","dateModified":"2024-04-18T20:36:13+00:00","breadcrumb":{"@id":"https:\/\/outsiderland.com\/danahilliot\/une-declaration-de-guerre-raciale\/#breadcrumb"},"inLanguage":"fr-FR","potentialAction":[{"@type":"ReadAction","target":["https:\/\/outsiderland.com\/danahilliot\/une-declaration-de-guerre-raciale\/"]}]},{"@type":"ImageObject","inLanguage":"fr-FR","@id":"https:\/\/outsiderland.com\/danahilliot\/une-declaration-de-guerre-raciale\/#primaryimage","url":"https:\/\/outsiderland.com\/danahilliot\/wp-content\/uploads\/2024\/04\/Capture-decran_2024-04-18_21-31-00.png","contentUrl":"https:\/\/outsiderland.com\/danahilliot\/wp-content\/uploads\/2024\/04\/Capture-decran_2024-04-18_21-31-00.png","width":809,"height":393},{"@type":"BreadcrumbList","@id":"https:\/\/outsiderland.com\/danahilliot\/une-declaration-de-guerre-raciale\/#breadcrumb","itemListElement":[{"@type":"ListItem","position":1,"name":"Accueil","item":"https:\/\/outsiderland.com\/danahilliot\/"},{"@type":"ListItem","position":2,"name":"Une d\u00e9claration de guerre raciale"}]},{"@type":"WebSite","@id":"https:\/\/outsiderland.com\/danahilliot\/#website","url":"https:\/\/outsiderland.com\/danahilliot\/","name":"Outside Dana Hilliot","description":". Archives . Activit\u00e9s . Projets .","publisher":{"@id":"https:\/\/outsiderland.com\/danahilliot\/#\/schema\/person\/201a1fef0f5c2897bd65e98bcf6b1179"},"potentialAction":[{"@type":"SearchAction","target":{"@type":"EntryPoint","urlTemplate":"https:\/\/outsiderland.com\/danahilliot\/?s={search_term_string}"},"query-input":{"@type":"PropertyValueSpecification","valueRequired":true,"valueName":"search_term_string"}}],"inLanguage":"fr-FR"},{"@type":["Person","Organization"],"@id":"https:\/\/outsiderland.com\/danahilliot\/#\/schema\/person\/201a1fef0f5c2897bd65e98bcf6b1179","name":"danahilliot","image":{"@type":"ImageObject","inLanguage":"fr-FR","@id":"https:\/\/outsiderland.com\/danahilliot\/#\/schema\/person\/image\/","url":"https:\/\/outsiderland.com\/danahilliot\/wp-content\/uploads\/2026\/02\/50801449407_a909f2c1ad_k.jpg","contentUrl":"https:\/\/outsiderland.com\/danahilliot\/wp-content\/uploads\/2026\/02\/50801449407_a909f2c1ad_k.jpg","width":2048,"height":1536,"caption":"danahilliot"},"logo":{"@id":"https:\/\/outsiderland.com\/danahilliot\/#\/schema\/person\/image\/"}},{"@type":"Person","@id":"https:\/\/outsiderland.com\/danahilliot\/#\/schema\/person\/2f9b92e9fff19bccc36638b10510d5ae","name":"danah","image":{"@type":"ImageObject","inLanguage":"fr-FR","@id":"https:\/\/outsiderland.com\/danahilliot\/#\/schema\/person\/image\/","url":"https:\/\/secure.gravatar.com\/avatar\/ed6349755e1d97f204277de3d09fc6ac31abd856835c8ea3c3a30d0aa84b0ddd?s=96&d=mm&r=g","contentUrl":"https:\/\/secure.gravatar.com\/avatar\/ed6349755e1d97f204277de3d09fc6ac31abd856835c8ea3c3a30d0aa84b0ddd?s=96&d=mm&r=g","caption":"danah"},"url":"https:\/\/outsiderland.com\/danahilliot\/author\/danah\/"}]}},"jetpack_publicize_connections":[],"_links":{"self":[{"href":"https:\/\/outsiderland.com\/danahilliot\/wp-json\/wp\/v2\/posts\/5168","targetHints":{"allow":["GET"]}}],"collection":[{"href":"https:\/\/outsiderland.com\/danahilliot\/wp-json\/wp\/v2\/posts"}],"about":[{"href":"https:\/\/outsiderland.com\/danahilliot\/wp-json\/wp\/v2\/types\/post"}],"author":[{"embeddable":true,"href":"https:\/\/outsiderland.com\/danahilliot\/wp-json\/wp\/v2\/users\/1"}],"replies":[{"embeddable":true,"href":"https:\/\/outsiderland.com\/danahilliot\/wp-json\/wp\/v2\/comments?post=5168"}],"version-history":[{"count":5,"href":"https:\/\/outsiderland.com\/danahilliot\/wp-json\/wp\/v2\/posts\/5168\/revisions"}],"predecessor-version":[{"id":5176,"href":"https:\/\/outsiderland.com\/danahilliot\/wp-json\/wp\/v2\/posts\/5168\/revisions\/5176"}],"wp:featuredmedia":[{"embeddable":true,"href":"https:\/\/outsiderland.com\/danahilliot\/wp-json\/wp\/v2\/media\/5169"}],"wp:attachment":[{"href":"https:\/\/outsiderland.com\/danahilliot\/wp-json\/wp\/v2\/media?parent=5168"}],"wp:term":[{"taxonomy":"category","embeddable":true,"href":"https:\/\/outsiderland.com\/danahilliot\/wp-json\/wp\/v2\/categories?post=5168"},{"taxonomy":"post_tag","embeddable":true,"href":"https:\/\/outsiderland.com\/danahilliot\/wp-json\/wp\/v2\/tags?post=5168"}],"curies":[{"name":"wp","href":"https:\/\/api.w.org\/{rel}","templated":true}]}}