{"id":5165,"date":"2024-04-17T18:30:14","date_gmt":"2024-04-17T18:30:14","guid":{"rendered":"https:\/\/outsiderland.com\/danahilliot\/?p=5165"},"modified":"2024-04-17T18:30:14","modified_gmt":"2024-04-17T18:30:14","slug":"un-moment-de-reaction-passagere-du-racisme-dans-les-societes-post-raciales","status":"publish","type":"post","link":"https:\/\/outsiderland.com\/danahilliot\/un-moment-de-reaction-passagere-du-racisme-dans-les-societes-post-raciales\/","title":{"rendered":"\u00ab\u00a0un moment de r\u00e9action passag\u00e8re\u00a0\u00bb (du racisme dans les soci\u00e9t\u00e9s post-raciales)"},"content":{"rendered":"<p>Un exemple flagrant de la mani\u00e8re dont est consid\u00e9r\u00e9 le racisme dans une soci\u00e9t\u00e9 \u00ab\u00a0post-raciale\u00a0\u00bb &#8211; au sens de David Theo Goldberg.<\/p>\n<p>Article publi\u00e9 dans l&rsquo;excellent magazine Afrofeminas :<\/p>\n<blockquote class=\"wp-embedded-content\" data-secret=\"UooWLKOG4x\"><p><a href=\"https:\/\/afrofeminas.com\/2024\/04\/12\/la-audiencia-de-cantabria-no-considera-delito-de-odio-llamar-a-una-mujer-negra-gentuza-negra-de-mierda-o-sudaca-de-mierda\/\">La Audiencia de Cantabria no considera delito de odio llamar a una mujer negra \u00abGentuza\u00bb, \u00abnegra de mierda\u00bb o \u00absudaca de mierda\u00bb<\/a><\/p><\/blockquote>\n<p><iframe class=\"wp-embedded-content\" sandbox=\"allow-scripts\" security=\"restricted\" style=\"position: absolute; clip: rect(1px, 1px, 1px, 1px);\" title=\"\u00abLa Audiencia de Cantabria no considera delito de odio llamar a una mujer negra \u00abGentuza\u00bb, \u00abnegra de mierda\u00bb o \u00absudaca de mierda\u00bb\u00bb \u2014 Afrof\u00e9minas\" src=\"https:\/\/afrofeminas.com\/2024\/04\/12\/la-audiencia-de-cantabria-no-considera-delito-de-odio-llamar-a-una-mujer-negra-gentuza-negra-de-mierda-o-sudaca-de-mierda\/embed\/#?secret=OZHIKdxYxz#?secret=UooWLKOG4x\" data-secret=\"UooWLKOG4x\" width=\"600\" height=\"338\" frameborder=\"0\" marginwidth=\"0\" marginheight=\"0\" scrolling=\"no\"><\/iframe><\/p>\n<p>(traduction Deepl d&rsquo;un extrait de l&rsquo;article \ud83d\ude42<\/p>\n<p>***<\/p>\n<blockquote><p>\u00ab\u00a0Incroyablement, pour le tribunal, des expressions telles que \u00ab\u00a0Gentuza, va contaminer ton putain de pays, esp\u00e8ce de merde noire, tu tues la faim en Espagne\u00a0\u00bb sont des expressions qui \u00ab\u00a0sont occasionnelles, dans un moment de r\u00e9action passag\u00e8re, et ne constituent donc pas le comportement criminel qui fait l&rsquo;objet des poursuites\u00a0\u00bb. Mais pour mieux se moquer de la victime, le tribunal a d\u00e9clar\u00e9 que cela \u00ab\u00a0ne signifie pas que le comportement consistant \u00e0 manquer de respect \u00e0 une autre personne, \u00e0 l&rsquo;humilier en raison de la couleur de sa peau ou de son origine, doit rester impuni, car il est clair que la victime s&rsquo;est sentie insult\u00e9e, humili\u00e9e et offens\u00e9e\u00a0\u00bb. Par cons\u00e9quent, en raison de ces conclusions surr\u00e9alistes, \u00ab\u00a0si l&rsquo;on \u00e9limine l&rsquo;intention de discrimination et de haine du comportement des accus\u00e9s, ce qui rend le crime de haine inop\u00e9rant, il est clair que le comportement poursuivi devrait \u00eatre inclus dans le crime d&rsquo;insulte\u00a0\u00bb. En d&rsquo;autres termes, si l&rsquo;on \u00e9limine le crime, il n&rsquo;y a pas de crime.<\/p>\n<p>\u00ab\u00a0En r\u00e9sum\u00e9, ce qui est puni dans ces crimes de haine n&rsquo;est pas la simple manifestation d&rsquo;une insulte qui porte atteinte \u00e0 la dignit\u00e9 d&rsquo;une personne, mais plut\u00f4t qu&rsquo;elle soit faite d&rsquo;une mani\u00e8re qui incorpore une provocation \u00e0 la haine, \u00e0 la discrimination ou \u00e0 la violence ; et pour \u00e9valuer la concomitance de tout cela, il est n\u00e9cessaire de proc\u00e9der \u00e0 une analyse contextuelle qui, dans le cas pr\u00e9sent, ne nous permet pas d&rsquo;en identifier l&rsquo;existence\u00a0\u00bb, conclut le jugement.\u00a0\u00bb<\/p><\/blockquote>\n<p>***<\/p>\n<p>Je vous renvoie aux remarques que j&rsquo;avais faite sur mon blog sur le \u00ab\u00a0r\u00e9gime post-racial\u00a0\u00bb (dans lequel nous sommes \u00e9videmment immerg\u00e9s) d\u00e9velopp\u00e9 notamment par David Theo Goldberg :<\/p>\n<p>\u00ab\u00a0Ce colorblindness, cette c\u00e9cit\u00e9 vis-\u00e0-vis de la couleur, a permis paradoxalement (en apparence) de \u201cd\u00e9complexer\u201d, comme disait Sarkozy, qui avait tr\u00e8s bien compris ce qui \u00e9tait en jeu ici, la parole et l\u2019expression raciste. Les r\u00e9seaux sociaux, mais aussi les m\u00e9dias de masse, d\u00e9bordent de propos qu\u2019on aurait condamn\u00e9s sans h\u00e9sitation, m\u00eame dans les milieux conservateurs, dans les ann\u00e9es 80 et 90. Mais cela ne saurait faire d\u00e9bat dans la mesure o\u00f9, ayant pris soin de rendre innommable toute r\u00e9f\u00e9rence raciale, et donc les \u201cracis\u00e9s\u201d en tant que groupe (discrimin\u00e9, violent\u00e9, victime d\u2019injustices \u00e9conomiques, sociales, environnementales, etc.), ces manifestations de racisme explicites ne peuvent \u00eatre que des ph\u00e9nom\u00e8nes individuels, de \u00ab bad apples \u00bb, comme disent les Anglais. Des exceptions. Dont les auteurs ne risquent pas grand-chose. Rien de structurel.\u00a0\u00bb<\/p>\n<p>Comme le dit l&rsquo;attendu du jugement du tribunal de Cantabrie, rapport\u00e9 par le magazine Afrofeminas, ces insultes ne sont qu&rsquo; \u00ab\u00a0occasionnelles, (prof\u00e9r\u00e9es) dans un moment de r\u00e9action passag\u00e8re, etc.. M\u00eame pas \u00ab\u00a0the bad apple\u00a0\u00bb, mais un exc\u00e8s de manifestation \u00e9motionnel sans signification particuli\u00e8re &#8211; et surtout pas la manifestation d&rsquo;un racisme institutionnel ou structurel \u00e9videmment !<\/p>\n<p>Mais le pire dans cet attendu, selon moi, c&rsquo;est cette mani\u00e8re de \u00ab\u00a0naturaliser\u00a0\u00bb la r\u00e9action de la victime : \u00ab\u00a0il est clair que la victime s&rsquo;est sentie insult\u00e9e, humili\u00e9e et offens\u00e9e\u00a0\u00bb. Elle s&rsquo;est sentie humili\u00e9e &#8211; elle n&rsquo;a pas \u00e9t\u00e9 humili\u00e9e. Vous percevez l&rsquo;immense diff\u00e9rence ? Autrement dit, ce n&rsquo;est pas une affaire politique, mais juste une affaire de \u00ab\u00a0sentiment\u00a0\u00bb, d&rsquo;affects priv\u00e9s, intimes. Au point qu&rsquo;on pourrait se demander si le ressenti de la victime n&rsquo;est pas lui-m\u00eame \u00ab\u00a0exag\u00e9r\u00e9\u00a0\u00bb. C&rsquo;\u00e9tait sans doute \u00e0 elle de conserver son \u00ab\u00a0self-control\u00a0\u00bb, de ne pas en faire tant de cas, de ne pas laisser les \u00e9motions l&#8217;emporter, de ne pas r\u00e9pondre.<\/p>\n<p>Autre question qui br\u00fble les l\u00e8vres : Et si la \u00ab\u00a0victime\u00a0\u00bb avait \u00e9t\u00e9 un homme ? Est-ce que le fait que ce soit une femme, dans l&rsquo;esprit des juges, ne joue pas en faveur d&rsquo;une interpr\u00e9tation en terme de \u00ab\u00a0sentimentalit\u00e9\u00a0\u00bb, d&rsquo;exc\u00e8s \u00e9motionnel ? (car comme chacun croit savoir, les femmes, \u00e0 commencer par les femmes noires n&rsquo;est-ce pas&#8230; etc etc..)<\/p>\n<p>Ainsi va le monde dans le r\u00e9gime post-racial n\u00e9olib\u00e9ral. Il ne va pas mieux qu&rsquo;autrefois, soci\u00e9t\u00e9 pr\u00e9tendument post-raciale ou pas.<\/p>\n","protected":false},"excerpt":{"rendered":"<p>Un exemple flagrant de la mani\u00e8re dont est consid\u00e9r\u00e9 le racisme dans une soci\u00e9t\u00e9 \u00ab\u00a0post-raciale\u00a0\u00bb &#8211; au sens de David Theo Goldberg. Article publi\u00e9 dans l&rsquo;excellent magazine Afrofeminas : La Audiencia de Cantabria no considera delito de odio llamar a una mujer negra \u00abGentuza\u00bb, \u00abnegra de mierda\u00bb o \u00absudaca de mierda\u00bb (traduction Deepl d&rsquo;un extrait&hellip;<\/p>\n <a href=\"https:\/\/outsiderland.com\/danahilliot\/un-moment-de-reaction-passagere-du-racisme-dans-les-societes-post-raciales\/\" title=\"\u00ab\u00a0un moment de r\u00e9action passag\u00e8re\u00a0\u00bb (du racisme dans les soci\u00e9t\u00e9s post-raciales)\" class=\"entry-more-link\"><span>Read More<\/span> <span class=\"screen-reader-text\">\u00ab\u00a0un moment de r\u00e9action passag\u00e8re\u00a0\u00bb (du racisme dans les soci\u00e9t\u00e9s post-raciales)<\/span><\/a>","protected":false},"author":1,"featured_media":5166,"comment_status":"closed","ping_status":"open","sticky":false,"template":"","format":"standard","meta":{"Layout":"","footnotes":"","jetpack_publicize_message":"","jetpack_publicize_feature_enabled":true,"jetpack_social_post_already_shared":true,"jetpack_social_options":{"image_generator_settings":{"template":"highway","default_image_id":0,"font":"","enabled":false},"version":2}},"categories":[91],"tags":[],"class_list":["entry","author-danah","post-5165","post","type-post","status-publish","format-standard","has-post-thumbnail","category-racisme"],"yoast_head":"<!-- This site is optimized with the Yoast SEO plugin v27.0 - https:\/\/yoast.com\/product\/yoast-seo-wordpress\/ -->\n<title>&quot;un moment de r\u00e9action passag\u00e8re&quot; (du racisme dans les soci\u00e9t\u00e9s post-raciales) - Outside Dana Hilliot<\/title>\n<meta name=\"robots\" content=\"index, follow, max-snippet:-1, max-image-preview:large, max-video-preview:-1\" \/>\n<link rel=\"canonical\" href=\"https:\/\/outsiderland.com\/danahilliot\/un-moment-de-reaction-passagere-du-racisme-dans-les-societes-post-raciales\/\" \/>\n<meta property=\"og:locale\" content=\"fr_FR\" \/>\n<meta property=\"og:type\" content=\"article\" \/>\n<meta property=\"og:title\" content=\"&quot;un moment de r\u00e9action passag\u00e8re&quot; (du racisme dans les soci\u00e9t\u00e9s post-raciales) - Outside Dana Hilliot\" \/>\n<meta property=\"og:description\" content=\"Un exemple flagrant de la mani\u00e8re dont est consid\u00e9r\u00e9 le racisme dans une soci\u00e9t\u00e9 \u00ab\u00a0post-raciale\u00a0\u00bb &#8211; au sens de David Theo Goldberg. Article publi\u00e9 dans l&rsquo;excellent magazine Afrofeminas : La Audiencia de Cantabria no considera delito de odio llamar a una mujer negra \u00abGentuza\u00bb, \u00abnegra de mierda\u00bb o \u00absudaca de mierda\u00bb (traduction Deepl d&rsquo;un extrait&hellip;\" \/>\n<meta property=\"og:url\" content=\"https:\/\/outsiderland.com\/danahilliot\/un-moment-de-reaction-passagere-du-racisme-dans-les-societes-post-raciales\/\" \/>\n<meta property=\"og:site_name\" content=\"Outside Dana Hilliot\" \/>\n<meta property=\"article:published_time\" content=\"2024-04-17T18:30:14+00:00\" \/>\n<meta property=\"og:image\" content=\"https:\/\/outsiderland.com\/danahilliot\/wp-content\/uploads\/2024\/04\/Capture-decran_2024-04-17_20-29-53.png\" \/>\n\t<meta property=\"og:image:width\" content=\"827\" \/>\n\t<meta property=\"og:image:height\" content=\"297\" \/>\n\t<meta property=\"og:image:type\" content=\"image\/png\" \/>\n<meta name=\"author\" content=\"danah\" \/>\n<meta name=\"twitter:card\" content=\"summary_large_image\" \/>\n<meta name=\"twitter:label1\" content=\"\u00c9crit par\" \/>\n\t<meta name=\"twitter:data1\" content=\"danah\" \/>\n\t<meta name=\"twitter:label2\" content=\"Dur\u00e9e de lecture estim\u00e9e\" \/>\n\t<meta name=\"twitter:data2\" content=\"4 minutes\" \/>\n<script type=\"application\/ld+json\" class=\"yoast-schema-graph\">{\"@context\":\"https:\/\/schema.org\",\"@graph\":[{\"@type\":\"Article\",\"@id\":\"https:\/\/outsiderland.com\/danahilliot\/un-moment-de-reaction-passagere-du-racisme-dans-les-societes-post-raciales\/#article\",\"isPartOf\":{\"@id\":\"https:\/\/outsiderland.com\/danahilliot\/un-moment-de-reaction-passagere-du-racisme-dans-les-societes-post-raciales\/\"},\"author\":{\"name\":\"danah\",\"@id\":\"https:\/\/outsiderland.com\/danahilliot\/#\/schema\/person\/2f9b92e9fff19bccc36638b10510d5ae\"},\"headline\":\"\u00ab\u00a0un moment de r\u00e9action passag\u00e8re\u00a0\u00bb (du racisme dans les soci\u00e9t\u00e9s post-raciales)\",\"datePublished\":\"2024-04-17T18:30:14+00:00\",\"mainEntityOfPage\":{\"@id\":\"https:\/\/outsiderland.com\/danahilliot\/un-moment-de-reaction-passagere-du-racisme-dans-les-societes-post-raciales\/\"},\"wordCount\":787,\"publisher\":{\"@id\":\"https:\/\/outsiderland.com\/danahilliot\/#\/schema\/person\/201a1fef0f5c2897bd65e98bcf6b1179\"},\"image\":{\"@id\":\"https:\/\/outsiderland.com\/danahilliot\/un-moment-de-reaction-passagere-du-racisme-dans-les-societes-post-raciales\/#primaryimage\"},\"thumbnailUrl\":\"https:\/\/outsiderland.com\/danahilliot\/wp-content\/uploads\/2024\/04\/Capture-decran_2024-04-17_20-29-53.png\",\"articleSection\":[\"Racisme\"],\"inLanguage\":\"fr-FR\"},{\"@type\":\"WebPage\",\"@id\":\"https:\/\/outsiderland.com\/danahilliot\/un-moment-de-reaction-passagere-du-racisme-dans-les-societes-post-raciales\/\",\"url\":\"https:\/\/outsiderland.com\/danahilliot\/un-moment-de-reaction-passagere-du-racisme-dans-les-societes-post-raciales\/\",\"name\":\"\\\"un moment de r\u00e9action passag\u00e8re\\\" (du racisme dans les soci\u00e9t\u00e9s post-raciales) - Outside Dana Hilliot\",\"isPartOf\":{\"@id\":\"https:\/\/outsiderland.com\/danahilliot\/#website\"},\"primaryImageOfPage\":{\"@id\":\"https:\/\/outsiderland.com\/danahilliot\/un-moment-de-reaction-passagere-du-racisme-dans-les-societes-post-raciales\/#primaryimage\"},\"image\":{\"@id\":\"https:\/\/outsiderland.com\/danahilliot\/un-moment-de-reaction-passagere-du-racisme-dans-les-societes-post-raciales\/#primaryimage\"},\"thumbnailUrl\":\"https:\/\/outsiderland.com\/danahilliot\/wp-content\/uploads\/2024\/04\/Capture-decran_2024-04-17_20-29-53.png\",\"datePublished\":\"2024-04-17T18:30:14+00:00\",\"breadcrumb\":{\"@id\":\"https:\/\/outsiderland.com\/danahilliot\/un-moment-de-reaction-passagere-du-racisme-dans-les-societes-post-raciales\/#breadcrumb\"},\"inLanguage\":\"fr-FR\",\"potentialAction\":[{\"@type\":\"ReadAction\",\"target\":[\"https:\/\/outsiderland.com\/danahilliot\/un-moment-de-reaction-passagere-du-racisme-dans-les-societes-post-raciales\/\"]}]},{\"@type\":\"ImageObject\",\"inLanguage\":\"fr-FR\",\"@id\":\"https:\/\/outsiderland.com\/danahilliot\/un-moment-de-reaction-passagere-du-racisme-dans-les-societes-post-raciales\/#primaryimage\",\"url\":\"https:\/\/outsiderland.com\/danahilliot\/wp-content\/uploads\/2024\/04\/Capture-decran_2024-04-17_20-29-53.png\",\"contentUrl\":\"https:\/\/outsiderland.com\/danahilliot\/wp-content\/uploads\/2024\/04\/Capture-decran_2024-04-17_20-29-53.png\",\"width\":827,\"height\":297},{\"@type\":\"BreadcrumbList\",\"@id\":\"https:\/\/outsiderland.com\/danahilliot\/un-moment-de-reaction-passagere-du-racisme-dans-les-societes-post-raciales\/#breadcrumb\",\"itemListElement\":[{\"@type\":\"ListItem\",\"position\":1,\"name\":\"Accueil\",\"item\":\"https:\/\/outsiderland.com\/danahilliot\/\"},{\"@type\":\"ListItem\",\"position\":2,\"name\":\"\u00ab\u00a0un moment de r\u00e9action passag\u00e8re\u00a0\u00bb (du racisme dans les soci\u00e9t\u00e9s post-raciales)\"}]},{\"@type\":\"WebSite\",\"@id\":\"https:\/\/outsiderland.com\/danahilliot\/#website\",\"url\":\"https:\/\/outsiderland.com\/danahilliot\/\",\"name\":\"Outside Dana Hilliot\",\"description\":\". Archives . Activit\u00e9s . Projets .\",\"publisher\":{\"@id\":\"https:\/\/outsiderland.com\/danahilliot\/#\/schema\/person\/201a1fef0f5c2897bd65e98bcf6b1179\"},\"potentialAction\":[{\"@type\":\"SearchAction\",\"target\":{\"@type\":\"EntryPoint\",\"urlTemplate\":\"https:\/\/outsiderland.com\/danahilliot\/?s={search_term_string}\"},\"query-input\":{\"@type\":\"PropertyValueSpecification\",\"valueRequired\":true,\"valueName\":\"search_term_string\"}}],\"inLanguage\":\"fr-FR\"},{\"@type\":[\"Person\",\"Organization\"],\"@id\":\"https:\/\/outsiderland.com\/danahilliot\/#\/schema\/person\/201a1fef0f5c2897bd65e98bcf6b1179\",\"name\":\"danahilliot\",\"image\":{\"@type\":\"ImageObject\",\"inLanguage\":\"fr-FR\",\"@id\":\"https:\/\/outsiderland.com\/danahilliot\/#\/schema\/person\/image\/\",\"url\":\"https:\/\/outsiderland.com\/danahilliot\/wp-content\/uploads\/2026\/02\/50801449407_a909f2c1ad_k.jpg\",\"contentUrl\":\"https:\/\/outsiderland.com\/danahilliot\/wp-content\/uploads\/2026\/02\/50801449407_a909f2c1ad_k.jpg\",\"width\":2048,\"height\":1536,\"caption\":\"danahilliot\"},\"logo\":{\"@id\":\"https:\/\/outsiderland.com\/danahilliot\/#\/schema\/person\/image\/\"}},{\"@type\":\"Person\",\"@id\":\"https:\/\/outsiderland.com\/danahilliot\/#\/schema\/person\/2f9b92e9fff19bccc36638b10510d5ae\",\"name\":\"danah\",\"image\":{\"@type\":\"ImageObject\",\"inLanguage\":\"fr-FR\",\"@id\":\"https:\/\/outsiderland.com\/danahilliot\/#\/schema\/person\/image\/\",\"url\":\"https:\/\/secure.gravatar.com\/avatar\/ed6349755e1d97f204277de3d09fc6ac31abd856835c8ea3c3a30d0aa84b0ddd?s=96&d=mm&r=g\",\"contentUrl\":\"https:\/\/secure.gravatar.com\/avatar\/ed6349755e1d97f204277de3d09fc6ac31abd856835c8ea3c3a30d0aa84b0ddd?s=96&d=mm&r=g\",\"caption\":\"danah\"},\"url\":\"https:\/\/outsiderland.com\/danahilliot\/author\/danah\/\"}]}<\/script>\n<!-- \/ Yoast SEO plugin. -->","yoast_head_json":{"title":"\"un moment de r\u00e9action passag\u00e8re\" (du racisme dans les soci\u00e9t\u00e9s post-raciales) - Outside Dana Hilliot","robots":{"index":"index","follow":"follow","max-snippet":"max-snippet:-1","max-image-preview":"max-image-preview:large","max-video-preview":"max-video-preview:-1"},"canonical":"https:\/\/outsiderland.com\/danahilliot\/un-moment-de-reaction-passagere-du-racisme-dans-les-societes-post-raciales\/","og_locale":"fr_FR","og_type":"article","og_title":"\"un moment de r\u00e9action passag\u00e8re\" (du racisme dans les soci\u00e9t\u00e9s post-raciales) - Outside Dana Hilliot","og_description":"Un exemple flagrant de la mani\u00e8re dont est consid\u00e9r\u00e9 le racisme dans une soci\u00e9t\u00e9 \u00ab\u00a0post-raciale\u00a0\u00bb &#8211; au sens de David Theo Goldberg. Article publi\u00e9 dans l&rsquo;excellent magazine Afrofeminas : La Audiencia de Cantabria no considera delito de odio llamar a una mujer negra \u00abGentuza\u00bb, \u00abnegra de mierda\u00bb o \u00absudaca de mierda\u00bb (traduction Deepl d&rsquo;un extrait&hellip;","og_url":"https:\/\/outsiderland.com\/danahilliot\/un-moment-de-reaction-passagere-du-racisme-dans-les-societes-post-raciales\/","og_site_name":"Outside Dana Hilliot","article_published_time":"2024-04-17T18:30:14+00:00","og_image":[{"width":827,"height":297,"url":"https:\/\/outsiderland.com\/danahilliot\/wp-content\/uploads\/2024\/04\/Capture-decran_2024-04-17_20-29-53.png","type":"image\/png"}],"author":"danah","twitter_card":"summary_large_image","twitter_misc":{"\u00c9crit par":"danah","Dur\u00e9e de lecture estim\u00e9e":"4 minutes"},"schema":{"@context":"https:\/\/schema.org","@graph":[{"@type":"Article","@id":"https:\/\/outsiderland.com\/danahilliot\/un-moment-de-reaction-passagere-du-racisme-dans-les-societes-post-raciales\/#article","isPartOf":{"@id":"https:\/\/outsiderland.com\/danahilliot\/un-moment-de-reaction-passagere-du-racisme-dans-les-societes-post-raciales\/"},"author":{"name":"danah","@id":"https:\/\/outsiderland.com\/danahilliot\/#\/schema\/person\/2f9b92e9fff19bccc36638b10510d5ae"},"headline":"\u00ab\u00a0un moment de r\u00e9action passag\u00e8re\u00a0\u00bb (du racisme dans les soci\u00e9t\u00e9s post-raciales)","datePublished":"2024-04-17T18:30:14+00:00","mainEntityOfPage":{"@id":"https:\/\/outsiderland.com\/danahilliot\/un-moment-de-reaction-passagere-du-racisme-dans-les-societes-post-raciales\/"},"wordCount":787,"publisher":{"@id":"https:\/\/outsiderland.com\/danahilliot\/#\/schema\/person\/201a1fef0f5c2897bd65e98bcf6b1179"},"image":{"@id":"https:\/\/outsiderland.com\/danahilliot\/un-moment-de-reaction-passagere-du-racisme-dans-les-societes-post-raciales\/#primaryimage"},"thumbnailUrl":"https:\/\/outsiderland.com\/danahilliot\/wp-content\/uploads\/2024\/04\/Capture-decran_2024-04-17_20-29-53.png","articleSection":["Racisme"],"inLanguage":"fr-FR"},{"@type":"WebPage","@id":"https:\/\/outsiderland.com\/danahilliot\/un-moment-de-reaction-passagere-du-racisme-dans-les-societes-post-raciales\/","url":"https:\/\/outsiderland.com\/danahilliot\/un-moment-de-reaction-passagere-du-racisme-dans-les-societes-post-raciales\/","name":"\"un moment de r\u00e9action passag\u00e8re\" (du racisme dans les soci\u00e9t\u00e9s post-raciales) - Outside Dana Hilliot","isPartOf":{"@id":"https:\/\/outsiderland.com\/danahilliot\/#website"},"primaryImageOfPage":{"@id":"https:\/\/outsiderland.com\/danahilliot\/un-moment-de-reaction-passagere-du-racisme-dans-les-societes-post-raciales\/#primaryimage"},"image":{"@id":"https:\/\/outsiderland.com\/danahilliot\/un-moment-de-reaction-passagere-du-racisme-dans-les-societes-post-raciales\/#primaryimage"},"thumbnailUrl":"https:\/\/outsiderland.com\/danahilliot\/wp-content\/uploads\/2024\/04\/Capture-decran_2024-04-17_20-29-53.png","datePublished":"2024-04-17T18:30:14+00:00","breadcrumb":{"@id":"https:\/\/outsiderland.com\/danahilliot\/un-moment-de-reaction-passagere-du-racisme-dans-les-societes-post-raciales\/#breadcrumb"},"inLanguage":"fr-FR","potentialAction":[{"@type":"ReadAction","target":["https:\/\/outsiderland.com\/danahilliot\/un-moment-de-reaction-passagere-du-racisme-dans-les-societes-post-raciales\/"]}]},{"@type":"ImageObject","inLanguage":"fr-FR","@id":"https:\/\/outsiderland.com\/danahilliot\/un-moment-de-reaction-passagere-du-racisme-dans-les-societes-post-raciales\/#primaryimage","url":"https:\/\/outsiderland.com\/danahilliot\/wp-content\/uploads\/2024\/04\/Capture-decran_2024-04-17_20-29-53.png","contentUrl":"https:\/\/outsiderland.com\/danahilliot\/wp-content\/uploads\/2024\/04\/Capture-decran_2024-04-17_20-29-53.png","width":827,"height":297},{"@type":"BreadcrumbList","@id":"https:\/\/outsiderland.com\/danahilliot\/un-moment-de-reaction-passagere-du-racisme-dans-les-societes-post-raciales\/#breadcrumb","itemListElement":[{"@type":"ListItem","position":1,"name":"Accueil","item":"https:\/\/outsiderland.com\/danahilliot\/"},{"@type":"ListItem","position":2,"name":"\u00ab\u00a0un moment de r\u00e9action passag\u00e8re\u00a0\u00bb (du racisme dans les soci\u00e9t\u00e9s post-raciales)"}]},{"@type":"WebSite","@id":"https:\/\/outsiderland.com\/danahilliot\/#website","url":"https:\/\/outsiderland.com\/danahilliot\/","name":"Outside Dana Hilliot","description":". Archives . Activit\u00e9s . Projets .","publisher":{"@id":"https:\/\/outsiderland.com\/danahilliot\/#\/schema\/person\/201a1fef0f5c2897bd65e98bcf6b1179"},"potentialAction":[{"@type":"SearchAction","target":{"@type":"EntryPoint","urlTemplate":"https:\/\/outsiderland.com\/danahilliot\/?s={search_term_string}"},"query-input":{"@type":"PropertyValueSpecification","valueRequired":true,"valueName":"search_term_string"}}],"inLanguage":"fr-FR"},{"@type":["Person","Organization"],"@id":"https:\/\/outsiderland.com\/danahilliot\/#\/schema\/person\/201a1fef0f5c2897bd65e98bcf6b1179","name":"danahilliot","image":{"@type":"ImageObject","inLanguage":"fr-FR","@id":"https:\/\/outsiderland.com\/danahilliot\/#\/schema\/person\/image\/","url":"https:\/\/outsiderland.com\/danahilliot\/wp-content\/uploads\/2026\/02\/50801449407_a909f2c1ad_k.jpg","contentUrl":"https:\/\/outsiderland.com\/danahilliot\/wp-content\/uploads\/2026\/02\/50801449407_a909f2c1ad_k.jpg","width":2048,"height":1536,"caption":"danahilliot"},"logo":{"@id":"https:\/\/outsiderland.com\/danahilliot\/#\/schema\/person\/image\/"}},{"@type":"Person","@id":"https:\/\/outsiderland.com\/danahilliot\/#\/schema\/person\/2f9b92e9fff19bccc36638b10510d5ae","name":"danah","image":{"@type":"ImageObject","inLanguage":"fr-FR","@id":"https:\/\/outsiderland.com\/danahilliot\/#\/schema\/person\/image\/","url":"https:\/\/secure.gravatar.com\/avatar\/ed6349755e1d97f204277de3d09fc6ac31abd856835c8ea3c3a30d0aa84b0ddd?s=96&d=mm&r=g","contentUrl":"https:\/\/secure.gravatar.com\/avatar\/ed6349755e1d97f204277de3d09fc6ac31abd856835c8ea3c3a30d0aa84b0ddd?s=96&d=mm&r=g","caption":"danah"},"url":"https:\/\/outsiderland.com\/danahilliot\/author\/danah\/"}]}},"jetpack_publicize_connections":[],"_links":{"self":[{"href":"https:\/\/outsiderland.com\/danahilliot\/wp-json\/wp\/v2\/posts\/5165","targetHints":{"allow":["GET"]}}],"collection":[{"href":"https:\/\/outsiderland.com\/danahilliot\/wp-json\/wp\/v2\/posts"}],"about":[{"href":"https:\/\/outsiderland.com\/danahilliot\/wp-json\/wp\/v2\/types\/post"}],"author":[{"embeddable":true,"href":"https:\/\/outsiderland.com\/danahilliot\/wp-json\/wp\/v2\/users\/1"}],"replies":[{"embeddable":true,"href":"https:\/\/outsiderland.com\/danahilliot\/wp-json\/wp\/v2\/comments?post=5165"}],"version-history":[{"count":1,"href":"https:\/\/outsiderland.com\/danahilliot\/wp-json\/wp\/v2\/posts\/5165\/revisions"}],"predecessor-version":[{"id":5167,"href":"https:\/\/outsiderland.com\/danahilliot\/wp-json\/wp\/v2\/posts\/5165\/revisions\/5167"}],"wp:featuredmedia":[{"embeddable":true,"href":"https:\/\/outsiderland.com\/danahilliot\/wp-json\/wp\/v2\/media\/5166"}],"wp:attachment":[{"href":"https:\/\/outsiderland.com\/danahilliot\/wp-json\/wp\/v2\/media?parent=5165"}],"wp:term":[{"taxonomy":"category","embeddable":true,"href":"https:\/\/outsiderland.com\/danahilliot\/wp-json\/wp\/v2\/categories?post=5165"},{"taxonomy":"post_tag","embeddable":true,"href":"https:\/\/outsiderland.com\/danahilliot\/wp-json\/wp\/v2\/tags?post=5165"}],"curies":[{"name":"wp","href":"https:\/\/api.w.org\/{rel}","templated":true}]}}