{"id":5048,"date":"2024-02-11T13:05:27","date_gmt":"2024-02-11T13:05:27","guid":{"rendered":"https:\/\/outsiderland.com\/danahilliot\/?p=5048"},"modified":"2024-02-11T13:07:48","modified_gmt":"2024-02-11T13:07:48","slug":"mayotte-un-laboratoire-experimental-et-une-zone-neocoloniale-pour-lextreme-droite","status":"publish","type":"post","link":"https:\/\/outsiderland.com\/danahilliot\/mayotte-un-laboratoire-experimental-et-une-zone-neocoloniale-pour-lextreme-droite\/","title":{"rendered":"Mayotte : un laboratoire exp\u00e9rimental et une zone n\u00e9ocoloniale pour l&rsquo;extr\u00eame droite"},"content":{"rendered":"<p align=\"justify\">Le ministre de l\u2019int\u00e9rieur fran\u00e7ais, en visite \u00e0 Mayotte, d\u00e9clare\u00a0: <em><a href=\"https:\/\/www.lemonde.fr\/politique\/article\/2024\/02\/11\/gerald-darmanin-annonce-qu-emmanuel-macron-va-proposer-la-fin-du-droit-du-sol-a-mayotte-par-une-reforme-constitutionnelle_6215956_823448.html\">\u00ab\u00a0Nous allons prendre une d\u00e9cision radicale qui est l\u2019inscription de la fin du droit du sol \u00e0 Mayotte dans une r\u00e9vision constitutionnelle<\/a>\u00a0\u00bb. <\/em>Autrement dit une r\u00e9vision de la constitution pour supprimer le droit du sol \u00e0 Mayotte, c\u2019est-\u00e0-dire sur un territoire fran\u00e7ais. Je suis tout bonnement horrifi\u00e9. Et d\u2019abord, sid\u00e9r\u00e9. J\u2019imagine que les membres du Conseil Constitutionnel ont d\u00fb bondir de leur fauteuil (\u00e9tant donn\u00e9 leur \u00e2ge moyen, j\u2019esp\u00e8re qu\u2019ils sont bien retomb\u00e9s, et pr\u00eats \u00e0 faire annuler ce projet quand ils auront le devoir de l\u2019examiner). Afin de d\u00e9passer la sid\u00e9ration, voici tout de m\u00eame quelques pistes de r\u00e9flexion.<\/p>\n<p align=\"justify\">1. Depuis quelque temps, Mayotte est devenue un <strong>laboratoire (n\u00e9o-)colonial<\/strong>, pour la mise en place d\u2019exp\u00e9rimentations politiques raciales radicales\u00a0: les immigrants constituent les cobayes de cette exp\u00e9rience sinistre. On retrouve les modalit\u00e9s d\u2019organisation sociales qu\u2019on retrouvait traditionnellement dans les territoires colonis\u00e9s\u00a0: l\u2019instauration d\u2019un \u00e9tat d\u2019exception permanent, lequel autorise des exemptions au droit des personnes vis\u00e9es. L\u2019\u00c9tat affirme ses pr\u00e9rogatives dans l\u2019usage exclusif et seul l\u00e9gitime de la violence \u2013 que ces op\u00e9rations de d\u00e9placement, de harc\u00e8lement, ces chasses \u00e0 l\u2019immigrant, se fasse avec l\u2019aval d\u2019une partie de la population n\u2019y change pas grand-chose. Les \u00e9v\u00e8nements qui se d\u00e9roulent loin des regards m\u00e9tropolitains depuis l\u2019\u00e9t\u00e9 dernier alimenteront \u00e0 coup s\u00fbr une des pages les plus sombres de l\u2019histoire de France. Le gouvernement peut se pavaner en se r\u00e9clamant \u00ab\u00a0pays des droits de l\u2019homme\u00a0\u00bb\u00a0: plus personne ne le prend au s\u00e9rieux. Les politiques d\u2019immigration, de nationalit\u00e9, et plus profond\u00e9ment, d\u2019alt\u00e9risation (comment on fabrique un autre auquel on recourt comme un bouc \u00e9missaire), constituent d\u00e9sormais le c\u0153ur obs\u00e9dant de l\u2019activit\u00e9 gouvernementale\u00a0: pour reprendre <a href=\"https:\/\/www.wiley.com\/en-us\/The+Racial+State-p-9780631199212\">la distinction \u00e9tablie par David Theo Goldberg<\/a> il y a une vingtaine d\u2019ann\u00e9es, la France est en train de basculer d\u2019un r\u00e9gime racialiste (\u00ab\u00a0<i>the racial state<\/i>\u00a0\u00bb) \u00e0 un r\u00e9gime tout bonnement raciste. L\u2019exp\u00e9rience mahoraise est \u00e9videmment vou\u00e9e \u00e0 se d\u00e9ployer plus largement.<\/p>\n<p align=\"justify\">2. La mani\u00e8re dont le ministre fait conna\u00eetre sa d\u00e9cision est tout \u00e0 fait typique des gouvernances n\u00e9olib\u00e9rales. L\u2019effet d\u2019annonce, tout comme la manipulation de rh\u00e9toriques grossi\u00e8res, la transformation de toute pens\u00e9e, de tout concept, de tout la langue politique, en purs \u00ab\u00a0\u00e9l\u00e9ments de langage\u00a0\u00bb dont seule compte l\u2019efficacit\u00e9 performative, participe \u00e0 cette instauration d\u2019un nihilisme de march\u00e9\u00a0: plus rien n\u2019a de sens, la seule valeur qui tienne est celle des marchandises. Les techniques de gouvernance n\u00e9olib\u00e9rales jouent en permanence sur l\u2019effet de surprise. Elles cr\u00e9ent de l\u2019instabilit\u00e9, alimentent un flux de crises ininterrompu\u00a0: \u00e0 chaque jour sa crise. Il ne faut surtout pas que les esprits gouvern\u00e9s (pas plus que les corps) se reposent et commencent \u00e0 penser. La conversion europ\u00e9enne \u00e0 des politiques d\u2019apartheid et la construction de la forteresse europ\u00e9enne se poursuit sans qu\u2019on ait m\u00eame pu avoir le temps de leur opposer une autre vision du monde, parce que les chocs se succ\u00e8dent, entra\u00eenent des r\u00e9actions \u00e9pidermiques, puis sid\u00e8rent. Il est faux de croire que les n\u00e9olib\u00e9raux sont incoh\u00e9rents\u00a0: ils ont r\u00e9ussi mieux que leurs pr\u00e9d\u00e9cesseurs \u00e0 instrumentaliser d\u2019une part les flux d\u2019informations et d\u2019autres part les institutions d\u00e9mocratiques elles-m\u00eames, les transformant en techniques de gouvernance, mais les objectifs sont clairs et d\u00e9termin\u00e9s (la captation d\u2019une part toujours plus importante des capitaux et des richesses pour le b\u00e9n\u00e9fice des \u00e9lites, la s\u00e9curisation des zones d\u2019extraction de minerais humains et non-humains et des flux de marchandises, et la militarisation croissante des fronti\u00e8res externes et internes \u2013 je pense ici aux enclaves territoriales au sein m\u00eame des villes, les quartiers, ou encore une \u00eele comme Mayotte \u2013 afin d\u2019assurer la protection des int\u00e9r\u00eats des classes les plus ais\u00e9es).<\/p>\n<p align=\"justify\">3. En r\u00e9alit\u00e9, cette annonce tonitruante ne fait que rendre visible une politique, qui ne date pas d\u2019hier, qui vise \u00e0 compliquer l\u2019existence quotidienne des \u00e9trangers (et des racis\u00e9s de mani\u00e8re g\u00e9n\u00e9rale, voire de l\u2019ensemble des subalternes). La remise en cause de facto du droit du sol \u00e0 Mayotte n\u2019a pas attendu la d\u00e9claration du ministre pour se traduire en acte.. L\u2019exemple des emp\u00eachements et des obstacles mis sur le chemin des demandeurs d\u2019asile et des r\u00e9fugi\u00e9s en Europe est \u00e9difiant, mais il peut \u00eatre largement \u00e9tendu aux difficult\u00e9s et aux discriminations, voire aux violences sp\u00e9cifiques, dont sont victimes les habitants des quartiers urbains les plus pauvres. La question des conditions d\u2019acquisition de la nationalit\u00e9 et de la citoyennet\u00e9 constituent un th\u00e8me obs\u00e9dant de l\u2019histoire des pays europ\u00e9ens, notamment depuis l\u2019\u00e9poque esclavagiste et colonial. Mais, comme le rappelaient <a href=\"https:\/\/www.assemblee-nationale.fr\/dyn\/16\/textes\/l16b2022_proposition-loi#\">les d\u00e9put\u00e9s Mme\u00a0Andr\u00e9e TAURINYA, Mme\u00a0Dani\u00e8le OBONO, M. Thomas PORTES, Mme\u00a0\u00c9lisa MARTIN, M. Andy KERBRAT dans un texte admirable en d\u00e9cembre dernier \u00e0 l\u2019occasion des d\u00e9bats sur la loi immigration\u00a0:<\/a><\/p>\n<blockquote><p>\u00ab\u00a0Les r\u00e8gles de l\u2019acquisition de la nationalit\u00e9 par le sang et le sol restent relativement claires. Un individu na\u00eet fran\u00e7ais si l\u2019un de ses parents est lui\u2011m\u00eame fran\u00e7ais, ou bien si son parent \u00e9tranger est n\u00e9 sur le territoire national. Depuis 1945, l\u2019\u00e9tranger qui na\u00eet en France peut acqu\u00e9rir la nationalit\u00e9 \u00e0 sa majorit\u00e9 s\u2019il r\u00e9side sur le territoire et qu\u2019il justifie d\u2019une dur\u00e9e de r\u00e9sidence suffisante. Cependant, depuis le milieu des ann\u00e9es 80 et la fin act\u00e9e de l\u2019immigration de travail, le droit de la nationalit\u00e9 est mis \u00e0 contribution pour \u00ab\u00a0r\u00e9tr\u00e9cir l\u2019acc\u00e8s \u00e0 la communaut\u00e9 nationale [et] \u00e9viter que l\u2019\u00e9tranger ind\u00e9sirable ne s\u2019implante\u00a0\u00bb (Karine. PARROT, Carte Blanche, l\u2019\u00c9tat contre les \u00e9trangers, La fabrique, 2019). \u00ab\u00a0<\/p><\/blockquote>\n<p align=\"justify\">Lire aussi ce passage sur la situation \u00e0 Mayotte\u00a0:<\/p>\n<blockquote>\n<p align=\"justify\">La remise en cause du droit du sol constitue alors la troisi\u00e8me pi\u00e8ce de ce vaisseau identitaire. Ce mode d\u2019acquisition de la nationalit\u00e9 est con\u00e7u comme un cheval de Troie dans la rh\u00e9torique raciste du \u00ab\u00a0grand remplacement\u00a0\u00bb, pseudo-th\u00e9orie qui voit dans des mouvements naturels de population le p\u00e9ril d\u2019une disparition civilisationnelle provoqu\u00e9e par \u00ab\u00a0submersion migratoire\u00a0\u00bb. Mayotte illustre \u00e0 ce propos un v\u00e9ritable renversement de l\u2019histoire et des mots qui permettent de la d\u00e9crire. Les fantasmes de l\u2019extr\u00eame droite \u00e0 son sujet nient les conditions de son rattachement d\u00e9finitif \u00e0 la R\u00e9publique fran\u00e7aise, pleinement responsable du sabotage de la d\u00e9colonisation aux Comores. Le non-respect du r\u00e9f\u00e9rendum d\u2019autod\u00e9termination organis\u00e9 \u00e0 cette occasion \u2013 dont les r\u00e9sultats ont \u00e9t\u00e9 pris en compte \u00eele par \u00eele \u2013 est pourtant au fondement des contradictions qui bouleversent cet archipel. Le corps des femmes comoriennes y est d\u00e9crit comme instrument d\u2019une colonisation de peuplement par les tenants d\u2019une politique x\u00e9nophobe. Pour contrer ce qui est pr\u00e9sent\u00e9 fallacieusement comme un remplacement de population par une autre, ceux\u2011ci appellent \u00e0 la fin pure et simple du droit du sol. Ces propositions re\u00e7oivent le soutien m\u00e9diatique de l\u2019extr\u00eame droite la plus rance qui en profite pour avancer son agenda politique. Elles masquent mal des r\u00e9alit\u00e9s qu\u2019une certaine \u00e9lite locale pr\u00e9f\u00e9rerait ignorer\u00a0: \u00ab\u00a0une nouvelle g\u00e9n\u00e9ration n\u00e9e \u00e0 Mayotte, fran\u00e7aise dans sa majorit\u00e9, ne fera peut\u2011\u00eatre pas le choix de la docilit\u00e9 consentie par leurs parents pour tenter de pr\u00e9server le peu qu\u2019ils ont sur le territoire\u00a0\u00bb, comme le r\u00e9sume M. Gr\u00e9goire M\u00e9rot dans un article publi\u00e9 le 21 avril 2023 pour Blast, sur l\u2019explosion sociale couverte par l\u2019op\u00e9ration Wuambushu.<\/p>\n<p align=\"justify\">Ce r\u00e9tr\u00e9cissement de l\u2019acc\u00e8s \u00e0 la nationalit\u00e9 se produit sur la base d\u2019un fantasme\u00a0: celui de l\u2019homme extra europ\u00e9en, oisif et fraudeur, inassimilable par essence\u00a0: un homo economicus migrant en France par pur opportunisme. La multiplication de ce \u00ab\u00a0corps \u00e9tranger\u00a0\u00bb menacerait l\u2019unit\u00e9 d\u2019une nation organique blanche, de \u00ab\u00a0culture\u00a0\u00bb chr\u00e9tienne, ethniquement homog\u00e8ne. Une premi\u00e8re concession extr\u00eamement dangereuse a \u00e9t\u00e9 act\u00e9e par la loi de\u00a02018 pour une immigration ma\u00eetris\u00e9e, un droit d\u2019asile effectif et une int\u00e9gration r\u00e9ussie. Le gouvernement d\u2019Edouard Philippe engageait une rupture historique en am\u00e9nageant le droit du sol. Le statut \u00e0 part de Mayotte \u00e9tait confirm\u00e9, ce 101e d\u00e9partement fran\u00e7ais maintenu juridiquement hors de la R\u00e9publique.<\/p>\n<p align=\"justify\">Le Code civil dispose en son article\u00a021\u20117 que\u00a0: \u00ab\u00a0Tout enfant n\u00e9 en France de parents \u00e9trangers acquiert la nationalit\u00e9 fran\u00e7aise \u00e0 sa majorit\u00e9 si, \u00e0 cette date, il a en France sa r\u00e9sidence et s\u2019il a eu sa r\u00e9sidence habituelle en France pendant une p\u00e9riode continue ou discontinue d\u2019au moins cinq ans, depuis l\u2019\u00e2ge de onze ans\u00a0\u00bb. Son nouvel article\u00a02493 pr\u00e9cisait que\u00a0: \u00ab\u00a0Pour un enfant n\u00e9 \u00e0 Mayotte, le premier alin\u00e9a de l\u2019article\u00a021\u20117 et l\u2019article\u00a021\u201111 ne sont applicables que si, \u00e0 la date de sa naissance, l\u2019un de ses parents au moins r\u00e9sidait en France de mani\u00e8re r\u00e9guli\u00e8re, sous couvert d\u2019un titre de s\u00e9jour, et de mani\u00e8re ininterrompue depuis plus de trois mois.\u00a0\u00bb<\/p>\n<\/blockquote>\n<p align=\"justify\">Certes, on dira que le ministre s\u2019adresse encore une fois \u00e0 cette partie raciste et assumant explicitement des repr\u00e9sentations du monde n\u00e9o-coloniales et supr\u00e9matistes blanches, dont il est \u00e0 craindre qu\u2019elle soit d\u00e9sormais majoritaire dans l\u2019\u00e9lectorat. Mais ce ne sont pas que des mots. Les politiques men\u00e9es \u00e0 l\u2019\u00e9gard des populations d\u00e9sign\u00e9es comme boucs \u00e9missaires ont des effets bel et bien r\u00e9els. Elles humilient, compliquent, emp\u00eachent, ali\u00e8nent, affament, blessent, et tuent.<\/p>\n","protected":false},"excerpt":{"rendered":"<p>Le ministre de l\u2019int\u00e9rieur fran\u00e7ais, en visite \u00e0 Mayotte, d\u00e9clare\u00a0: \u00ab\u00a0Nous allons prendre une d\u00e9cision radicale qui est l\u2019inscription de la fin du droit du sol \u00e0 Mayotte dans une r\u00e9vision constitutionnelle\u00a0\u00bb. Autrement dit une r\u00e9vision de la constitution pour supprimer le droit du sol \u00e0 Mayotte, c\u2019est-\u00e0-dire sur un territoire fran\u00e7ais. Je suis tout&hellip;<\/p>\n <a href=\"https:\/\/outsiderland.com\/danahilliot\/mayotte-un-laboratoire-experimental-et-une-zone-neocoloniale-pour-lextreme-droite\/\" title=\"Mayotte : un laboratoire exp\u00e9rimental et une zone n\u00e9ocoloniale pour l&rsquo;extr\u00eame droite\" class=\"entry-more-link\"><span>Read More<\/span> <span class=\"screen-reader-text\">Mayotte : un laboratoire exp\u00e9rimental et une zone n\u00e9ocoloniale pour l&rsquo;extr\u00eame droite<\/span><\/a>","protected":false},"author":1,"featured_media":5053,"comment_status":"closed","ping_status":"open","sticky":false,"template":"","format":"standard","meta":{"Layout":"","footnotes":"","jetpack_publicize_message":"","jetpack_publicize_feature_enabled":true,"jetpack_social_post_already_shared":true,"jetpack_social_options":{"image_generator_settings":{"template":"highway","default_image_id":0,"font":"","enabled":false},"version":2}},"categories":[75,79,77],"tags":[],"class_list":["entry","author-danah","post-5048","post","type-post","status-publish","format-standard","has-post-thumbnail","category-colonialisme","category-neo-liberalismes","category-xenophobie"],"yoast_head":"<!-- This site is optimized with the Yoast SEO plugin v27.0 - https:\/\/yoast.com\/product\/yoast-seo-wordpress\/ -->\n<title>Mayotte : un laboratoire exp\u00e9rimental et une zone n\u00e9ocoloniale pour l&#039;extr\u00eame droite - Outside Dana Hilliot<\/title>\n<meta name=\"robots\" content=\"index, follow, max-snippet:-1, max-image-preview:large, max-video-preview:-1\" \/>\n<link rel=\"canonical\" href=\"https:\/\/outsiderland.com\/danahilliot\/mayotte-un-laboratoire-experimental-et-une-zone-neocoloniale-pour-lextreme-droite\/\" \/>\n<meta property=\"og:locale\" content=\"fr_FR\" \/>\n<meta property=\"og:type\" content=\"article\" \/>\n<meta property=\"og:title\" content=\"Mayotte : un laboratoire exp\u00e9rimental et une zone n\u00e9ocoloniale pour l&#039;extr\u00eame droite - Outside Dana Hilliot\" \/>\n<meta property=\"og:description\" content=\"Le ministre de l\u2019int\u00e9rieur fran\u00e7ais, en visite \u00e0 Mayotte, d\u00e9clare\u00a0: \u00ab\u00a0Nous allons prendre une d\u00e9cision radicale qui est l\u2019inscription de la fin du droit du sol \u00e0 Mayotte dans une r\u00e9vision constitutionnelle\u00a0\u00bb. Autrement dit une r\u00e9vision de la constitution pour supprimer le droit du sol \u00e0 Mayotte, c\u2019est-\u00e0-dire sur un territoire fran\u00e7ais. Je suis tout&hellip;\" \/>\n<meta property=\"og:url\" content=\"https:\/\/outsiderland.com\/danahilliot\/mayotte-un-laboratoire-experimental-et-une-zone-neocoloniale-pour-lextreme-droite\/\" \/>\n<meta property=\"og:site_name\" content=\"Outside Dana Hilliot\" \/>\n<meta property=\"article:published_time\" content=\"2024-02-11T13:05:27+00:00\" \/>\n<meta property=\"article:modified_time\" content=\"2024-02-11T13:07:48+00:00\" \/>\n<meta property=\"og:image\" content=\"https:\/\/outsiderland.com\/danahilliot\/wp-content\/uploads\/2024\/02\/cd656b5a8fb4c0146f4c0d67f969a5e7cbb1c254.jpg\" \/>\n\t<meta property=\"og:image:width\" content=\"1023\" \/>\n\t<meta property=\"og:image:height\" content=\"798\" \/>\n\t<meta property=\"og:image:type\" content=\"image\/jpeg\" \/>\n<meta name=\"author\" content=\"danah\" \/>\n<meta name=\"twitter:card\" content=\"summary_large_image\" \/>\n<meta name=\"twitter:label1\" content=\"\u00c9crit par\" \/>\n\t<meta name=\"twitter:data1\" content=\"danah\" \/>\n\t<meta name=\"twitter:label2\" content=\"Dur\u00e9e de lecture estim\u00e9e\" \/>\n\t<meta name=\"twitter:data2\" content=\"9 minutes\" \/>\n<script type=\"application\/ld+json\" class=\"yoast-schema-graph\">{\"@context\":\"https:\/\/schema.org\",\"@graph\":[{\"@type\":\"Article\",\"@id\":\"https:\/\/outsiderland.com\/danahilliot\/mayotte-un-laboratoire-experimental-et-une-zone-neocoloniale-pour-lextreme-droite\/#article\",\"isPartOf\":{\"@id\":\"https:\/\/outsiderland.com\/danahilliot\/mayotte-un-laboratoire-experimental-et-une-zone-neocoloniale-pour-lextreme-droite\/\"},\"author\":{\"name\":\"danah\",\"@id\":\"https:\/\/outsiderland.com\/danahilliot\/#\/schema\/person\/2f9b92e9fff19bccc36638b10510d5ae\"},\"headline\":\"Mayotte : un laboratoire exp\u00e9rimental et une zone n\u00e9ocoloniale pour l&rsquo;extr\u00eame droite\",\"datePublished\":\"2024-02-11T13:05:27+00:00\",\"dateModified\":\"2024-02-11T13:07:48+00:00\",\"mainEntityOfPage\":{\"@id\":\"https:\/\/outsiderland.com\/danahilliot\/mayotte-un-laboratoire-experimental-et-une-zone-neocoloniale-pour-lextreme-droite\/\"},\"wordCount\":1715,\"publisher\":{\"@id\":\"https:\/\/outsiderland.com\/danahilliot\/#\/schema\/person\/201a1fef0f5c2897bd65e98bcf6b1179\"},\"image\":{\"@id\":\"https:\/\/outsiderland.com\/danahilliot\/mayotte-un-laboratoire-experimental-et-une-zone-neocoloniale-pour-lextreme-droite\/#primaryimage\"},\"thumbnailUrl\":\"https:\/\/outsiderland.com\/danahilliot\/wp-content\/uploads\/2024\/02\/cd656b5a8fb4c0146f4c0d67f969a5e7cbb1c254.jpg\",\"articleSection\":[\"Colonialisme\",\"N\u00e9o-lib\u00e9ralismes\",\"X\u00e9nophobie\"],\"inLanguage\":\"fr-FR\"},{\"@type\":\"WebPage\",\"@id\":\"https:\/\/outsiderland.com\/danahilliot\/mayotte-un-laboratoire-experimental-et-une-zone-neocoloniale-pour-lextreme-droite\/\",\"url\":\"https:\/\/outsiderland.com\/danahilliot\/mayotte-un-laboratoire-experimental-et-une-zone-neocoloniale-pour-lextreme-droite\/\",\"name\":\"Mayotte : un laboratoire exp\u00e9rimental et une zone n\u00e9ocoloniale pour l'extr\u00eame droite - Outside Dana Hilliot\",\"isPartOf\":{\"@id\":\"https:\/\/outsiderland.com\/danahilliot\/#website\"},\"primaryImageOfPage\":{\"@id\":\"https:\/\/outsiderland.com\/danahilliot\/mayotte-un-laboratoire-experimental-et-une-zone-neocoloniale-pour-lextreme-droite\/#primaryimage\"},\"image\":{\"@id\":\"https:\/\/outsiderland.com\/danahilliot\/mayotte-un-laboratoire-experimental-et-une-zone-neocoloniale-pour-lextreme-droite\/#primaryimage\"},\"thumbnailUrl\":\"https:\/\/outsiderland.com\/danahilliot\/wp-content\/uploads\/2024\/02\/cd656b5a8fb4c0146f4c0d67f969a5e7cbb1c254.jpg\",\"datePublished\":\"2024-02-11T13:05:27+00:00\",\"dateModified\":\"2024-02-11T13:07:48+00:00\",\"breadcrumb\":{\"@id\":\"https:\/\/outsiderland.com\/danahilliot\/mayotte-un-laboratoire-experimental-et-une-zone-neocoloniale-pour-lextreme-droite\/#breadcrumb\"},\"inLanguage\":\"fr-FR\",\"potentialAction\":[{\"@type\":\"ReadAction\",\"target\":[\"https:\/\/outsiderland.com\/danahilliot\/mayotte-un-laboratoire-experimental-et-une-zone-neocoloniale-pour-lextreme-droite\/\"]}]},{\"@type\":\"ImageObject\",\"inLanguage\":\"fr-FR\",\"@id\":\"https:\/\/outsiderland.com\/danahilliot\/mayotte-un-laboratoire-experimental-et-une-zone-neocoloniale-pour-lextreme-droite\/#primaryimage\",\"url\":\"https:\/\/outsiderland.com\/danahilliot\/wp-content\/uploads\/2024\/02\/cd656b5a8fb4c0146f4c0d67f969a5e7cbb1c254.jpg\",\"contentUrl\":\"https:\/\/outsiderland.com\/danahilliot\/wp-content\/uploads\/2024\/02\/cd656b5a8fb4c0146f4c0d67f969a5e7cbb1c254.jpg\",\"width\":1023,\"height\":798,\"caption\":\"Archive image of a former slum demolition operation in 2021. | Photo: Prefecture of Mayotte\"},{\"@type\":\"BreadcrumbList\",\"@id\":\"https:\/\/outsiderland.com\/danahilliot\/mayotte-un-laboratoire-experimental-et-une-zone-neocoloniale-pour-lextreme-droite\/#breadcrumb\",\"itemListElement\":[{\"@type\":\"ListItem\",\"position\":1,\"name\":\"Accueil\",\"item\":\"https:\/\/outsiderland.com\/danahilliot\/\"},{\"@type\":\"ListItem\",\"position\":2,\"name\":\"Mayotte : un laboratoire exp\u00e9rimental et une zone n\u00e9ocoloniale pour l&rsquo;extr\u00eame droite\"}]},{\"@type\":\"WebSite\",\"@id\":\"https:\/\/outsiderland.com\/danahilliot\/#website\",\"url\":\"https:\/\/outsiderland.com\/danahilliot\/\",\"name\":\"Outside Dana Hilliot\",\"description\":\". Archives . Activit\u00e9s . Projets .\",\"publisher\":{\"@id\":\"https:\/\/outsiderland.com\/danahilliot\/#\/schema\/person\/201a1fef0f5c2897bd65e98bcf6b1179\"},\"potentialAction\":[{\"@type\":\"SearchAction\",\"target\":{\"@type\":\"EntryPoint\",\"urlTemplate\":\"https:\/\/outsiderland.com\/danahilliot\/?s={search_term_string}\"},\"query-input\":{\"@type\":\"PropertyValueSpecification\",\"valueRequired\":true,\"valueName\":\"search_term_string\"}}],\"inLanguage\":\"fr-FR\"},{\"@type\":[\"Person\",\"Organization\"],\"@id\":\"https:\/\/outsiderland.com\/danahilliot\/#\/schema\/person\/201a1fef0f5c2897bd65e98bcf6b1179\",\"name\":\"danahilliot\",\"image\":{\"@type\":\"ImageObject\",\"inLanguage\":\"fr-FR\",\"@id\":\"https:\/\/outsiderland.com\/danahilliot\/#\/schema\/person\/image\/\",\"url\":\"https:\/\/outsiderland.com\/danahilliot\/wp-content\/uploads\/2026\/02\/50801449407_a909f2c1ad_k.jpg\",\"contentUrl\":\"https:\/\/outsiderland.com\/danahilliot\/wp-content\/uploads\/2026\/02\/50801449407_a909f2c1ad_k.jpg\",\"width\":2048,\"height\":1536,\"caption\":\"danahilliot\"},\"logo\":{\"@id\":\"https:\/\/outsiderland.com\/danahilliot\/#\/schema\/person\/image\/\"}},{\"@type\":\"Person\",\"@id\":\"https:\/\/outsiderland.com\/danahilliot\/#\/schema\/person\/2f9b92e9fff19bccc36638b10510d5ae\",\"name\":\"danah\",\"image\":{\"@type\":\"ImageObject\",\"inLanguage\":\"fr-FR\",\"@id\":\"https:\/\/outsiderland.com\/danahilliot\/#\/schema\/person\/image\/\",\"url\":\"https:\/\/secure.gravatar.com\/avatar\/ed6349755e1d97f204277de3d09fc6ac31abd856835c8ea3c3a30d0aa84b0ddd?s=96&d=mm&r=g\",\"contentUrl\":\"https:\/\/secure.gravatar.com\/avatar\/ed6349755e1d97f204277de3d09fc6ac31abd856835c8ea3c3a30d0aa84b0ddd?s=96&d=mm&r=g\",\"caption\":\"danah\"},\"url\":\"https:\/\/outsiderland.com\/danahilliot\/author\/danah\/\"}]}<\/script>\n<!-- \/ Yoast SEO plugin. -->","yoast_head_json":{"title":"Mayotte : un laboratoire exp\u00e9rimental et une zone n\u00e9ocoloniale pour l'extr\u00eame droite - Outside Dana Hilliot","robots":{"index":"index","follow":"follow","max-snippet":"max-snippet:-1","max-image-preview":"max-image-preview:large","max-video-preview":"max-video-preview:-1"},"canonical":"https:\/\/outsiderland.com\/danahilliot\/mayotte-un-laboratoire-experimental-et-une-zone-neocoloniale-pour-lextreme-droite\/","og_locale":"fr_FR","og_type":"article","og_title":"Mayotte : un laboratoire exp\u00e9rimental et une zone n\u00e9ocoloniale pour l'extr\u00eame droite - Outside Dana Hilliot","og_description":"Le ministre de l\u2019int\u00e9rieur fran\u00e7ais, en visite \u00e0 Mayotte, d\u00e9clare\u00a0: \u00ab\u00a0Nous allons prendre une d\u00e9cision radicale qui est l\u2019inscription de la fin du droit du sol \u00e0 Mayotte dans une r\u00e9vision constitutionnelle\u00a0\u00bb. Autrement dit une r\u00e9vision de la constitution pour supprimer le droit du sol \u00e0 Mayotte, c\u2019est-\u00e0-dire sur un territoire fran\u00e7ais. Je suis tout&hellip;","og_url":"https:\/\/outsiderland.com\/danahilliot\/mayotte-un-laboratoire-experimental-et-une-zone-neocoloniale-pour-lextreme-droite\/","og_site_name":"Outside Dana Hilliot","article_published_time":"2024-02-11T13:05:27+00:00","article_modified_time":"2024-02-11T13:07:48+00:00","og_image":[{"width":1023,"height":798,"url":"https:\/\/outsiderland.com\/danahilliot\/wp-content\/uploads\/2024\/02\/cd656b5a8fb4c0146f4c0d67f969a5e7cbb1c254.jpg","type":"image\/jpeg"}],"author":"danah","twitter_card":"summary_large_image","twitter_misc":{"\u00c9crit par":"danah","Dur\u00e9e de lecture estim\u00e9e":"9 minutes"},"schema":{"@context":"https:\/\/schema.org","@graph":[{"@type":"Article","@id":"https:\/\/outsiderland.com\/danahilliot\/mayotte-un-laboratoire-experimental-et-une-zone-neocoloniale-pour-lextreme-droite\/#article","isPartOf":{"@id":"https:\/\/outsiderland.com\/danahilliot\/mayotte-un-laboratoire-experimental-et-une-zone-neocoloniale-pour-lextreme-droite\/"},"author":{"name":"danah","@id":"https:\/\/outsiderland.com\/danahilliot\/#\/schema\/person\/2f9b92e9fff19bccc36638b10510d5ae"},"headline":"Mayotte : un laboratoire exp\u00e9rimental et une zone n\u00e9ocoloniale pour l&rsquo;extr\u00eame droite","datePublished":"2024-02-11T13:05:27+00:00","dateModified":"2024-02-11T13:07:48+00:00","mainEntityOfPage":{"@id":"https:\/\/outsiderland.com\/danahilliot\/mayotte-un-laboratoire-experimental-et-une-zone-neocoloniale-pour-lextreme-droite\/"},"wordCount":1715,"publisher":{"@id":"https:\/\/outsiderland.com\/danahilliot\/#\/schema\/person\/201a1fef0f5c2897bd65e98bcf6b1179"},"image":{"@id":"https:\/\/outsiderland.com\/danahilliot\/mayotte-un-laboratoire-experimental-et-une-zone-neocoloniale-pour-lextreme-droite\/#primaryimage"},"thumbnailUrl":"https:\/\/outsiderland.com\/danahilliot\/wp-content\/uploads\/2024\/02\/cd656b5a8fb4c0146f4c0d67f969a5e7cbb1c254.jpg","articleSection":["Colonialisme","N\u00e9o-lib\u00e9ralismes","X\u00e9nophobie"],"inLanguage":"fr-FR"},{"@type":"WebPage","@id":"https:\/\/outsiderland.com\/danahilliot\/mayotte-un-laboratoire-experimental-et-une-zone-neocoloniale-pour-lextreme-droite\/","url":"https:\/\/outsiderland.com\/danahilliot\/mayotte-un-laboratoire-experimental-et-une-zone-neocoloniale-pour-lextreme-droite\/","name":"Mayotte : un laboratoire exp\u00e9rimental et une zone n\u00e9ocoloniale pour l'extr\u00eame droite - Outside Dana Hilliot","isPartOf":{"@id":"https:\/\/outsiderland.com\/danahilliot\/#website"},"primaryImageOfPage":{"@id":"https:\/\/outsiderland.com\/danahilliot\/mayotte-un-laboratoire-experimental-et-une-zone-neocoloniale-pour-lextreme-droite\/#primaryimage"},"image":{"@id":"https:\/\/outsiderland.com\/danahilliot\/mayotte-un-laboratoire-experimental-et-une-zone-neocoloniale-pour-lextreme-droite\/#primaryimage"},"thumbnailUrl":"https:\/\/outsiderland.com\/danahilliot\/wp-content\/uploads\/2024\/02\/cd656b5a8fb4c0146f4c0d67f969a5e7cbb1c254.jpg","datePublished":"2024-02-11T13:05:27+00:00","dateModified":"2024-02-11T13:07:48+00:00","breadcrumb":{"@id":"https:\/\/outsiderland.com\/danahilliot\/mayotte-un-laboratoire-experimental-et-une-zone-neocoloniale-pour-lextreme-droite\/#breadcrumb"},"inLanguage":"fr-FR","potentialAction":[{"@type":"ReadAction","target":["https:\/\/outsiderland.com\/danahilliot\/mayotte-un-laboratoire-experimental-et-une-zone-neocoloniale-pour-lextreme-droite\/"]}]},{"@type":"ImageObject","inLanguage":"fr-FR","@id":"https:\/\/outsiderland.com\/danahilliot\/mayotte-un-laboratoire-experimental-et-une-zone-neocoloniale-pour-lextreme-droite\/#primaryimage","url":"https:\/\/outsiderland.com\/danahilliot\/wp-content\/uploads\/2024\/02\/cd656b5a8fb4c0146f4c0d67f969a5e7cbb1c254.jpg","contentUrl":"https:\/\/outsiderland.com\/danahilliot\/wp-content\/uploads\/2024\/02\/cd656b5a8fb4c0146f4c0d67f969a5e7cbb1c254.jpg","width":1023,"height":798,"caption":"Archive image of a former slum demolition operation in 2021. | Photo: Prefecture of Mayotte"},{"@type":"BreadcrumbList","@id":"https:\/\/outsiderland.com\/danahilliot\/mayotte-un-laboratoire-experimental-et-une-zone-neocoloniale-pour-lextreme-droite\/#breadcrumb","itemListElement":[{"@type":"ListItem","position":1,"name":"Accueil","item":"https:\/\/outsiderland.com\/danahilliot\/"},{"@type":"ListItem","position":2,"name":"Mayotte : un laboratoire exp\u00e9rimental et une zone n\u00e9ocoloniale pour l&rsquo;extr\u00eame droite"}]},{"@type":"WebSite","@id":"https:\/\/outsiderland.com\/danahilliot\/#website","url":"https:\/\/outsiderland.com\/danahilliot\/","name":"Outside Dana Hilliot","description":". Archives . Activit\u00e9s . Projets .","publisher":{"@id":"https:\/\/outsiderland.com\/danahilliot\/#\/schema\/person\/201a1fef0f5c2897bd65e98bcf6b1179"},"potentialAction":[{"@type":"SearchAction","target":{"@type":"EntryPoint","urlTemplate":"https:\/\/outsiderland.com\/danahilliot\/?s={search_term_string}"},"query-input":{"@type":"PropertyValueSpecification","valueRequired":true,"valueName":"search_term_string"}}],"inLanguage":"fr-FR"},{"@type":["Person","Organization"],"@id":"https:\/\/outsiderland.com\/danahilliot\/#\/schema\/person\/201a1fef0f5c2897bd65e98bcf6b1179","name":"danahilliot","image":{"@type":"ImageObject","inLanguage":"fr-FR","@id":"https:\/\/outsiderland.com\/danahilliot\/#\/schema\/person\/image\/","url":"https:\/\/outsiderland.com\/danahilliot\/wp-content\/uploads\/2026\/02\/50801449407_a909f2c1ad_k.jpg","contentUrl":"https:\/\/outsiderland.com\/danahilliot\/wp-content\/uploads\/2026\/02\/50801449407_a909f2c1ad_k.jpg","width":2048,"height":1536,"caption":"danahilliot"},"logo":{"@id":"https:\/\/outsiderland.com\/danahilliot\/#\/schema\/person\/image\/"}},{"@type":"Person","@id":"https:\/\/outsiderland.com\/danahilliot\/#\/schema\/person\/2f9b92e9fff19bccc36638b10510d5ae","name":"danah","image":{"@type":"ImageObject","inLanguage":"fr-FR","@id":"https:\/\/outsiderland.com\/danahilliot\/#\/schema\/person\/image\/","url":"https:\/\/secure.gravatar.com\/avatar\/ed6349755e1d97f204277de3d09fc6ac31abd856835c8ea3c3a30d0aa84b0ddd?s=96&d=mm&r=g","contentUrl":"https:\/\/secure.gravatar.com\/avatar\/ed6349755e1d97f204277de3d09fc6ac31abd856835c8ea3c3a30d0aa84b0ddd?s=96&d=mm&r=g","caption":"danah"},"url":"https:\/\/outsiderland.com\/danahilliot\/author\/danah\/"}]}},"jetpack_publicize_connections":[],"_links":{"self":[{"href":"https:\/\/outsiderland.com\/danahilliot\/wp-json\/wp\/v2\/posts\/5048","targetHints":{"allow":["GET"]}}],"collection":[{"href":"https:\/\/outsiderland.com\/danahilliot\/wp-json\/wp\/v2\/posts"}],"about":[{"href":"https:\/\/outsiderland.com\/danahilliot\/wp-json\/wp\/v2\/types\/post"}],"author":[{"embeddable":true,"href":"https:\/\/outsiderland.com\/danahilliot\/wp-json\/wp\/v2\/users\/1"}],"replies":[{"embeddable":true,"href":"https:\/\/outsiderland.com\/danahilliot\/wp-json\/wp\/v2\/comments?post=5048"}],"version-history":[{"count":7,"href":"https:\/\/outsiderland.com\/danahilliot\/wp-json\/wp\/v2\/posts\/5048\/revisions"}],"predecessor-version":[{"id":5056,"href":"https:\/\/outsiderland.com\/danahilliot\/wp-json\/wp\/v2\/posts\/5048\/revisions\/5056"}],"wp:featuredmedia":[{"embeddable":true,"href":"https:\/\/outsiderland.com\/danahilliot\/wp-json\/wp\/v2\/media\/5053"}],"wp:attachment":[{"href":"https:\/\/outsiderland.com\/danahilliot\/wp-json\/wp\/v2\/media?parent=5048"}],"wp:term":[{"taxonomy":"category","embeddable":true,"href":"https:\/\/outsiderland.com\/danahilliot\/wp-json\/wp\/v2\/categories?post=5048"},{"taxonomy":"post_tag","embeddable":true,"href":"https:\/\/outsiderland.com\/danahilliot\/wp-json\/wp\/v2\/tags?post=5048"}],"curies":[{"name":"wp","href":"https:\/\/api.w.org\/{rel}","templated":true}]}}