{"id":4863,"date":"2023-12-24T10:14:04","date_gmt":"2023-12-24T10:14:04","guid":{"rendered":"https:\/\/outsiderland.com\/danahilliot\/?p=4863"},"modified":"2024-01-16T09:53:07","modified_gmt":"2024-01-16T09:53:07","slug":"souffrez-et-nous-deviendrons-une-puissance-internationale-largentine-de-milei-vue-par-julia-exposito","status":"publish","type":"post","link":"https:\/\/outsiderland.com\/danahilliot\/souffrez-et-nous-deviendrons-une-puissance-internationale-largentine-de-milei-vue-par-julia-exposito\/","title":{"rendered":"\u00ab\u00a0Souffrez et nous deviendrons une puissance internationale\u00a0\u00bb &#8211; L&rsquo;Argentine de Milei vue par Julia Exp\u00f3sito"},"content":{"rendered":"<p>\u00c0 lire absolument l<a href=\"https:\/\/www.elsaltodiario.com\/argentina\/entrevista-julia-exposito-milei-feminismo-argentina-aborto\">&lsquo;interview de la chercheuse f\u00e9ministe marxiste Julia Exp\u00f3sito par Eva Manez dans EL SALTO<\/a> :<\/p>\n<figure id=\"attachment_4864\" aria-describedby=\"caption-attachment-4864\" style=\"width: 843px\" class=\"wp-caption alignleft\"><img decoding=\"async\" class=\"wp-image-4864 size-full\" src=\"https:\/\/outsiderland.com\/danahilliot\/wp-content\/uploads\/2023\/12\/Capture-decran_2023-12-24_11-09-45.png\" alt=\"\" width=\"843\" height=\"889\" srcset=\"https:\/\/outsiderland.com\/danahilliot\/wp-content\/uploads\/2023\/12\/Capture-decran_2023-12-24_11-09-45.png 843w, https:\/\/outsiderland.com\/danahilliot\/wp-content\/uploads\/2023\/12\/Capture-decran_2023-12-24_11-09-45-284x300.png 284w, https:\/\/outsiderland.com\/danahilliot\/wp-content\/uploads\/2023\/12\/Capture-decran_2023-12-24_11-09-45-768x810.png 768w\" sizes=\"(max-width: 843px) 100vw, 843px\" \/><figcaption id=\"caption-attachment-4864\" class=\"wp-caption-text\">Julia Exposito, interview par Eva M\u00e1\u00f1ez , El Salto, 23 d\u00e9cembre 2023<\/figcaption><\/figure>\n<p>&nbsp;<\/p>\n<p>extraits choisis :<\/p>\n<p>sur l&rsquo;<em>aporafobia<\/em><\/p>\n<blockquote><p>\u00ab\u00a0&#8211; En Espagne, on parle beaucoup de l&rsquo;aporaphobie (<em>aporafobia<\/em>), la haine des pauvres, m\u00eame de la part de personnes qui ont peu de ressources.<\/p>\n<p>&#8211; Oui, les pauvres vont dire du mal des gens qui vivent de prestations sociales et qui ne travaillent pas. Il me semble que la bataille id\u00e9ologique qui a \u00e9t\u00e9 perdue est justement celle-l\u00e0. Il y a quelque chose dans ce plan \u00e9conomique qui est totalement li\u00e9 \u00e0 une forme de construction de la subjectivit\u00e9.<\/p>\n<p>La classe ouvri\u00e8re n&rsquo;a pas le sentiment d&rsquo;\u00eatre un travailleur ou de ne pas \u00eatre pauvre. Le pauvre est toujours l&rsquo;autre, le noir est toujours l&rsquo;autre, le violent est toujours l&rsquo;autre.<\/p>\n<p>L&rsquo;ultra-lib\u00e9ralisme de Milei vient d&rsquo;un discours tr\u00e8s ancien, mais l&#8217;emballage est totalement contemporain avec TikTok, les fake news.<\/p>\n<p>Milei ne part pas de rien. Il s&rsquo;appuie sur un processus qui dure depuis des ann\u00e9es. Il y a quinze ans, nous avons commenc\u00e9 \u00e0 lyncher les enfants des rues qui volaient un t\u00e9l\u00e9phone portable ou un portefeuille.<\/p>\n<p>Dans les ann\u00e9es 1990, le n\u00e9olib\u00e9ralisme des entreprises a commenc\u00e9 et, depuis lors, cette bataille id\u00e9ologique a \u00e9t\u00e9 gagn\u00e9e par la droite. Et nous l&rsquo;avons perdue en termes de classe.\u00a0\u00bb<\/p><\/blockquote>\n<p>***<\/p>\n<p>Sur le retour d&rsquo;un r\u00e9cit n\u00e9gationnisme :<\/p>\n<blockquote><p>\u00ab\u00a0&#8212; Que repr\u00e9sentent l&rsquo;actuelle vice-pr\u00e9sidente de l&rsquo;Argentine, Victoria Villarruel, parente de g\u00e9nocidaires, et Patricia Bullrich, l&rsquo;actuelle ministre de la s\u00e9curit\u00e9 ?<\/p>\n<p>&#8212; Villarruel et Bullrich sont deux figures en conflit interne au sein de la coalition gouvernementale sur l&rsquo;axe de la s\u00e9curit\u00e9. Ils repr\u00e9sentent tous deux des lieux de r\u00e9pression et de violence. Bullrich est responsable de la r\u00e9pression polici\u00e8re de ces derni\u00e8res ann\u00e9es, de l&rsquo;assassinat de Santiago Maldonado par exemple. Mais Villarruel repr\u00e9sente les officiers militaires les plus durs de la dictature. Il tente de revenir \u00e0 la th\u00e9orie des \u00ab\u00a0deux diables\u00a0\u00bb, selon laquelle il n&rsquo;y a pas eu de g\u00e9nocide, mais un ennemi int\u00e9rieur qu&rsquo;il fallait exterminer. Si ce discours n&rsquo;a pas disparu socialement, il ne peut pas \u00eatre dit publiquement. Certains de ces discours ont commenc\u00e9 \u00e0 s&rsquo;effriter et ont \u00e9t\u00e9 introduits dans le d\u00e9bat. Par exemple, \u00e0 l&rsquo;affirmation de 30 000 disparus, Milei r\u00e9pond qu&rsquo;il y en a eu 8 000. Et nous revenons \u00e0 la th\u00e9orie de l&rsquo;ennemi int\u00e9rieur, du \u00ab\u00a0ils ont d\u00fb faire quelque chose\u00a0\u00bb, qui est le discours de la dictature civilo-militaire. Ils ont gagn\u00e9 la bataille d&rsquo;une certaine mani\u00e8re, et ces formidables lieux de violence politique, de violence sociale et de rejet de la responsabilit\u00e9 sur l&rsquo;autre sont \u00e0 nouveau activ\u00e9s.\u00a0\u00bb<\/p><\/blockquote>\n<p>***<\/p>\n<p>Une critique nuanc\u00e9e du discours f\u00e9ministe blanc\/bourgeois (le \u00ab\u00a0f\u00e9minisme n\u00e9olib\u00e9ral\u00a0\u00bb) qui n&rsquo;a pas su s&rsquo;arrimer dans une critique sociale, mais repr\u00e9sente finalement une menace pour les n\u00e9olib\u00e9raux r\u00e9actionnaires.<\/p>\n<blockquote><p>\u00ab\u00a0&#8212; La libert\u00e9 dans le f\u00e9minisme est apparue dans des phrases comme \u00ab\u00a0mon corps, mon choix\u00a0\u00bb. Mais si cette libert\u00e9 n&rsquo;est pas li\u00e9e au d\u00e9bat sur l&rsquo;\u00e9galit\u00e9, elle ne concerne que les personnes blanches ou riches.<\/p>\n<p>&#8212; Il y a un probl\u00e8me tr\u00e8s grave, parce qu&rsquo;au sein du f\u00e9minisme &#8211; un mouvement pluriel, h\u00e9t\u00e9rog\u00e8ne, complexe &#8211; cette libert\u00e9 est apparue dans des phrases comme \u00ab\u00a0mon corps, ma d\u00e9cision\u00a0\u00bb, par exemple, mais si cette libert\u00e9 n&rsquo;est pas li\u00e9e au d\u00e9bat sur l&rsquo;\u00e9galit\u00e9, c&rsquo;est une libert\u00e9 seulement pour les blancs ou les riches. Cela explique aussi pourquoi on peut penser \u00e0 un processus aussi complexe que le f\u00e9minisme n\u00e9olib\u00e9ral.<\/p>\n<p>Mais le f\u00e9minisme est utilis\u00e9 comme une arme de guerre par cette droite qui parle d&rsquo;id\u00e9ologie du genre.<br \/>\nElle conteste ce concept de libert\u00e9 et le fait d&rsquo;une mani\u00e8re diff\u00e9rente, et r\u00e9pond \u00e9galement \u00e0 la libert\u00e9 des masculinit\u00e9s qui se sont senties attaqu\u00e9es. Milei ne parle pas de famille. Quelle est la famille de Milei ? Cinq chiens, trois chiens clon\u00e9s et sa s\u0153ur. C&rsquo;est une famille queer en termes f\u00e9ministes. Le danger n\u00e9olib\u00e9ral des f\u00e9minismes queer, n&rsquo;est-ce pas ?<\/p>\n<p>Mais, n\u00e9anmoins, dans les f\u00e9minismes, il y a une remise en question au-del\u00e0 de ces termes lib\u00e9raux, des structures de reproduction sociale du capitalisme, de la colonialit\u00e9 et des formes de patriarcat, et c&rsquo;est pourquoi nous pouvons dire que le f\u00e9minisme est un mouvement r\u00e9volutionnaire dans ces termes, et c&rsquo;est l\u00e0 le danger pour les nouveaux partisans de la droite.<\/p>\n<p>Ce que le concept de libert\u00e9 vient d\u00e9fendre, c&rsquo;est la propri\u00e9t\u00e9, qui est un concept clairement capitaliste, mais aussi colonial et patriarcal. On apporte la libert\u00e9 de vendre ce que l&rsquo;on veut. \u00ab\u00a0<\/p><\/blockquote>\n<p>***<\/p>\n<div class=\"status__content\" tabindex=\"0\">\n<div class=\"status__content__text status__content__text--visible translate\" lang=\"fr\">\n<p>\u00ab\u00a0Souffrez et nous deviendrons une puissance internationale\u00a0\u00bb<\/p>\n<p>sur la signification internationale de l&rsquo;exp\u00e9rience n\u00e9olib\u00e9rale men\u00e9e par Milei :<\/p>\n<blockquote><p>\u00ab\u00a0&#8212; Les groupes f\u00e9ministes s&rsquo;organisent-ils ?<\/p>\n<p>&#8212; Ce n&rsquo;est pas une p\u00e9riode facile pour r\u00e9fl\u00e9chir \u00e0 la mani\u00e8re de sortir et ce n&rsquo;est pas une p\u00e9riode pour se pr\u00e9cipiter. Il s&rsquo;agit de comprendre la gravit\u00e9, l&rsquo;urgence de la situation et ce qui se passe en termes de mouvement. Il s&rsquo;agit davantage d&rsquo;une retraite organisationnelle, pour voir quelle forme de soins nous allons prendre et comment nous allons nous organiser lorsque la cl\u00e9 de ce \u00e0 quoi nous sommes habitu\u00e9s changera. Sortir dans la rue comme \u00e7a, c&rsquo;est devenir de la chair \u00e0 canon.<\/p>\n<p>Nous n&rsquo;avons pas \u00e9t\u00e9 capables de g\u00e9n\u00e9rer un discours qui soit attrayant pour les jeunes ou qu&rsquo;ils le comprennent et le ressentent comme le leur.<\/p>\n<p>&#8212; Nous avons vu de nombreux \u00e9l\u00e9ments de l&rsquo;extr\u00eame droite internationale lors de l&rsquo;investiture de Milei. Il semble que l&rsquo;Argentine pourrait devenir un laboratoire de l&rsquo;extr\u00eame droite.<\/p>\n<p>&#8212; Oui, et avec des financements \u00e9trangers. \u00c0 l&rsquo;origine, le laboratoire du n\u00e9olib\u00e9ralisme \u00e9tait aussi l&rsquo;Am\u00e9rique latine. Consid\u00e9rer Milei uniquement comme un ph\u00e9nom\u00e8ne national est une erreur, il est n\u00e9cessaire de le relier \u00e0 l&rsquo;ensemble de la situation internationale qui s&rsquo;est renforc\u00e9e avec la pand\u00e9mie.<\/p>\n<p>Il semble qu&rsquo;il soit plus facile de penser et de construire des dystopies que des utopies.<br \/>\nOui, il me semble que l&rsquo;utopie est en crise depuis longtemps. D&rsquo;ailleurs, nous avons une exp\u00e9rience historique de la crise du marxisme par rapport \u00e0 ce qu&rsquo;\u00e9taient les utopies socialistes.<\/p>\n<p>Il faut revenir \u00e0 la question de l&rsquo;avenir. Il y a quelque chose d&rsquo;int\u00e9ressant dans le f\u00e9minisme, la pluralit\u00e9, non pas pour appara\u00eetre comme un mouvement, mais comme quelque chose d&rsquo;h\u00e9t\u00e9rog\u00e8ne qui peut peut-\u00eatre penser des h\u00e9t\u00e9rotopies et non des utopies ou g\u00e9n\u00e9rer une autre ouverture. Mais il faut penser l&rsquo;avenir, on ne peut pas le donner.\u00a0\u00bb<\/p>\n<p>Parce que cette id\u00e9e qu&rsquo;il n&rsquo;y a pas d&rsquo;avenir est la seule que la droite prenne comme un gant. Pour eux, c&rsquo;est l&rsquo;avenir et ils vont nous faire exploser, nous allons souffrir. Le discours de Milei est presque religieux : souffrez et nous deviendrons une puissance internationale.\u00a0\u00bb<\/p><\/blockquote>\n<\/div>\n<p>***<\/p>\n<\/div>\n<div class=\"status__content\" tabindex=\"0\">\n<div class=\"status__content__text status__content__text--visible translate\" lang=\"fr\">\n<p>En lisant cette interview, me revenait l&rsquo;id\u00e9e insistante que le laboratoire qu&rsquo;est l&rsquo;Argentine de MIlei concerne directement les d\u00e9mocraties europ\u00e9ennes, dont la France. Parce que tous les ingr\u00e9dients de l&rsquo;ultralib\u00e9ralisme r\u00e9actionnaire qu&rsquo;un Milei peut d\u00e9ployer sans fard en Argentine sont pr\u00e9sents chez nous, \u00e0 peine moins explicitement. Et qu&rsquo;il ne s&rsquo;agit pas simplement de Milei ou de Macron, mais d&rsquo;une bonne partie de la population qui adh\u00e8re sans retenue \u00e0 cette vision du monde.<\/p>\n<p>1. La logique de la comp\u00e9tition \u00e9conomique exclue du d\u00e9bat politique (consid\u00e9r\u00e9e comme allant de soi et indiscutable) : le d\u00e9tournement des ressources publiques vers les int\u00e9r\u00eats priv\u00e9s et le patrimoine des classes bourgeoises. La destruction des services publics except\u00e9s le financement de la police et de l&rsquo;arm\u00e9e.<\/p>\n<p>2. La stigmatisation des classes populaires, l&rsquo; \u00ab\u00a0<em>aporafobia<\/em>\u00ab\u00a0, et des \u00ab\u00a0minorit\u00e9s\u00a0\u00bb (les \u00ab\u00a0gens de couleur\u00a0\u00bb, \u00e0 commencer par les \u00ab\u00a0arabes musulmans\u00a0\u00bb sont les indig\u00e8nes de Milei) dans une logique de \u00ab\u00a0bouc \u00e9missaire\u00a0\u00bb.<\/p>\n<p>3. La criminalisation des r\u00e9cits alternatifs et des revendications port\u00e9es par le sens de la justice &#8211; et leur r\u00e9pression violente (inscrite dans les lois)<\/p>\n<p>4. Le grand r\u00e9cit national du \u00ab\u00a0sacrifice n\u00e9cessaire\u00a0\u00bb &#8211; qui ne date pas d&rsquo;hier (les fran\u00e7ais doivent se serrer la ceinture &#8211; sous-entendu, les plus pauvres).<\/p>\n<p>5. Et, pour des motifs purement \u00e9lectoraux, la promotion de syst\u00e8mes de valeur r\u00e9actionnaires au sens propre du terme &#8211; le mythe d&rsquo;une culture et d&rsquo;une identit\u00e9 menac\u00e9e par ces \u00ab\u00a0\u00e9trangers\u00a0\u00bb de l&rsquo;int\u00e9rieur que sont les cultures queer &#8211; c&rsquo;est-\u00e0-dire au fond, le cosmopolitisme, les libert\u00e9s sexuelles, plus fondamentalement encore : l&rsquo;amour d&rsquo;un prochain qui ne ressemble pas \u00e0 un \u00ab\u00a0blanc chr\u00e9tien\u00a0\u00bb. Autrement dit, ce supr\u00e9matisme blanc dont un Zemmour chez nous a fait sa marque de fabrique, et dont on ne peut que constater, effar\u00e9s, le succ\u00e8s dans toutes les classes de la soci\u00e9t\u00e9 aujourd&rsquo;hui.<\/p>\n<p>6. Et ce n&rsquo;est pas rien : ces gens-l\u00e0 ont \u00e9t\u00e9 \u00e9lus. Quelles qu&rsquo;aient \u00e9t\u00e9 les modalit\u00e9s de leur \u00e9lection, et l&rsquo;\u00e9tat des institutions d\u00e9mocratiques qui les ont port\u00e9es au pouvoir, ils ont \u00e9t\u00e9 \u00e9lus avec l&rsquo;assentiment d&rsquo;une partie de la population (celle dont le vote finit toujours par compter)<\/p>\n<p>Milei (comme Trump, Bolsonaro, Orban, Meloni, et tant d&rsquo;autres !!) ne sont pas des exceptions, encore moins des anomalies !<br \/>\nIls mettent en place un futur possible, voire probable (en France en tous cas, c&rsquo;est histoire de quelques ann\u00e9es avant que la bascule s&rsquo;op\u00e8re)<\/p>\n<\/div>\n<\/div>\n","protected":false},"excerpt":{"rendered":"<p>\u00c0 lire absolument l&lsquo;interview de la chercheuse f\u00e9ministe marxiste Julia Exp\u00f3sito par Eva Manez dans EL SALTO : &nbsp; extraits choisis : sur l&rsquo;aporafobia \u00ab\u00a0&#8211; En Espagne, on parle beaucoup de l&rsquo;aporaphobie (aporafobia), la haine des pauvres, m\u00eame de la part de personnes qui ont peu de ressources. &#8211; Oui, les pauvres vont dire du&hellip;<\/p>\n <a href=\"https:\/\/outsiderland.com\/danahilliot\/souffrez-et-nous-deviendrons-une-puissance-internationale-largentine-de-milei-vue-par-julia-exposito\/\" title=\"\u00ab\u00a0Souffrez et nous deviendrons une puissance internationale\u00a0\u00bb &#8211; L&rsquo;Argentine de Milei vue par Julia Exp\u00f3sito\" class=\"entry-more-link\"><span>Read More<\/span> <span class=\"screen-reader-text\">\u00ab\u00a0Souffrez et nous deviendrons une puissance internationale\u00a0\u00bb &#8211; L&rsquo;Argentine de Milei vue par Julia Exp\u00f3sito<\/span><\/a>","protected":false},"author":1,"featured_media":4865,"comment_status":"closed","ping_status":"open","sticky":false,"template":"","format":"standard","meta":{"Layout":"","footnotes":"","jetpack_publicize_message":"","jetpack_publicize_feature_enabled":true,"jetpack_social_post_already_shared":true,"jetpack_social_options":{"image_generator_settings":{"template":"highway","default_image_id":0,"font":"","enabled":false},"version":2}},"categories":[68,79,77],"tags":[],"class_list":["entry","author-danah","post-4863","post","type-post","status-publish","format-standard","has-post-thumbnail","category-crise","category-neo-liberalismes","category-xenophobie"],"yoast_head":"<!-- This site is optimized with the Yoast SEO plugin v27.0 - https:\/\/yoast.com\/product\/yoast-seo-wordpress\/ -->\n<title>&quot;Souffrez et nous deviendrons une puissance internationale&quot; - L&#039;Argentine de Milei vue par Julia Exp\u00f3sito - Outside Dana Hilliot<\/title>\n<meta name=\"robots\" content=\"index, follow, max-snippet:-1, max-image-preview:large, max-video-preview:-1\" \/>\n<link rel=\"canonical\" href=\"https:\/\/outsiderland.com\/danahilliot\/souffrez-et-nous-deviendrons-une-puissance-internationale-largentine-de-milei-vue-par-julia-exposito\/\" \/>\n<meta property=\"og:locale\" content=\"fr_FR\" \/>\n<meta property=\"og:type\" content=\"article\" \/>\n<meta property=\"og:title\" content=\"&quot;Souffrez et nous deviendrons une puissance internationale&quot; - L&#039;Argentine de Milei vue par Julia Exp\u00f3sito - Outside Dana Hilliot\" \/>\n<meta property=\"og:description\" content=\"\u00c0 lire absolument l&lsquo;interview de la chercheuse f\u00e9ministe marxiste Julia Exp\u00f3sito par Eva Manez dans EL SALTO : &nbsp; extraits choisis : sur l&rsquo;aporafobia \u00ab\u00a0&#8211; En Espagne, on parle beaucoup de l&rsquo;aporaphobie (aporafobia), la haine des pauvres, m\u00eame de la part de personnes qui ont peu de ressources. &#8211; Oui, les pauvres vont dire du&hellip;\" \/>\n<meta property=\"og:url\" content=\"https:\/\/outsiderland.com\/danahilliot\/souffrez-et-nous-deviendrons-une-puissance-internationale-largentine-de-milei-vue-par-julia-exposito\/\" \/>\n<meta property=\"og:site_name\" content=\"Outside Dana Hilliot\" \/>\n<meta property=\"article:published_time\" content=\"2023-12-24T10:14:04+00:00\" \/>\n<meta property=\"article:modified_time\" content=\"2024-01-16T09:53:07+00:00\" \/>\n<meta property=\"og:image\" content=\"https:\/\/outsiderland.com\/danahilliot\/wp-content\/uploads\/2023\/12\/Javier_Milei_Presidente_-_Asuncion.jpg\" \/>\n\t<meta property=\"og:image:width\" content=\"512\" \/>\n\t<meta property=\"og:image:height\" content=\"341\" \/>\n\t<meta property=\"og:image:type\" content=\"image\/jpeg\" \/>\n<meta name=\"author\" content=\"danah\" \/>\n<meta name=\"twitter:card\" content=\"summary_large_image\" \/>\n<meta name=\"twitter:label1\" content=\"\u00c9crit par\" \/>\n\t<meta name=\"twitter:data1\" content=\"danah\" \/>\n\t<meta name=\"twitter:label2\" content=\"Dur\u00e9e de lecture estim\u00e9e\" \/>\n\t<meta name=\"twitter:data2\" content=\"8 minutes\" \/>\n<script type=\"application\/ld+json\" class=\"yoast-schema-graph\">{\"@context\":\"https:\/\/schema.org\",\"@graph\":[{\"@type\":\"Article\",\"@id\":\"https:\/\/outsiderland.com\/danahilliot\/souffrez-et-nous-deviendrons-une-puissance-internationale-largentine-de-milei-vue-par-julia-exposito\/#article\",\"isPartOf\":{\"@id\":\"https:\/\/outsiderland.com\/danahilliot\/souffrez-et-nous-deviendrons-une-puissance-internationale-largentine-de-milei-vue-par-julia-exposito\/\"},\"author\":{\"name\":\"danah\",\"@id\":\"https:\/\/outsiderland.com\/danahilliot\/#\/schema\/person\/2f9b92e9fff19bccc36638b10510d5ae\"},\"headline\":\"\u00ab\u00a0Souffrez et nous deviendrons une puissance internationale\u00a0\u00bb &#8211; L&rsquo;Argentine de Milei vue par Julia Exp\u00f3sito\",\"datePublished\":\"2023-12-24T10:14:04+00:00\",\"dateModified\":\"2024-01-16T09:53:07+00:00\",\"mainEntityOfPage\":{\"@id\":\"https:\/\/outsiderland.com\/danahilliot\/souffrez-et-nous-deviendrons-une-puissance-internationale-largentine-de-milei-vue-par-julia-exposito\/\"},\"wordCount\":1751,\"publisher\":{\"@id\":\"https:\/\/outsiderland.com\/danahilliot\/#\/schema\/person\/201a1fef0f5c2897bd65e98bcf6b1179\"},\"image\":{\"@id\":\"https:\/\/outsiderland.com\/danahilliot\/souffrez-et-nous-deviendrons-une-puissance-internationale-largentine-de-milei-vue-par-julia-exposito\/#primaryimage\"},\"thumbnailUrl\":\"https:\/\/outsiderland.com\/danahilliot\/wp-content\/uploads\/2023\/12\/Javier_Milei_Presidente_-_Asuncion.jpg\",\"articleSection\":[\"Crise\",\"N\u00e9o-lib\u00e9ralismes\",\"X\u00e9nophobie\"],\"inLanguage\":\"fr-FR\"},{\"@type\":\"WebPage\",\"@id\":\"https:\/\/outsiderland.com\/danahilliot\/souffrez-et-nous-deviendrons-une-puissance-internationale-largentine-de-milei-vue-par-julia-exposito\/\",\"url\":\"https:\/\/outsiderland.com\/danahilliot\/souffrez-et-nous-deviendrons-une-puissance-internationale-largentine-de-milei-vue-par-julia-exposito\/\",\"name\":\"\\\"Souffrez et nous deviendrons une puissance internationale\\\" - L'Argentine de Milei vue par Julia Exp\u00f3sito - Outside Dana Hilliot\",\"isPartOf\":{\"@id\":\"https:\/\/outsiderland.com\/danahilliot\/#website\"},\"primaryImageOfPage\":{\"@id\":\"https:\/\/outsiderland.com\/danahilliot\/souffrez-et-nous-deviendrons-une-puissance-internationale-largentine-de-milei-vue-par-julia-exposito\/#primaryimage\"},\"image\":{\"@id\":\"https:\/\/outsiderland.com\/danahilliot\/souffrez-et-nous-deviendrons-une-puissance-internationale-largentine-de-milei-vue-par-julia-exposito\/#primaryimage\"},\"thumbnailUrl\":\"https:\/\/outsiderland.com\/danahilliot\/wp-content\/uploads\/2023\/12\/Javier_Milei_Presidente_-_Asuncion.jpg\",\"datePublished\":\"2023-12-24T10:14:04+00:00\",\"dateModified\":\"2024-01-16T09:53:07+00:00\",\"breadcrumb\":{\"@id\":\"https:\/\/outsiderland.com\/danahilliot\/souffrez-et-nous-deviendrons-une-puissance-internationale-largentine-de-milei-vue-par-julia-exposito\/#breadcrumb\"},\"inLanguage\":\"fr-FR\",\"potentialAction\":[{\"@type\":\"ReadAction\",\"target\":[\"https:\/\/outsiderland.com\/danahilliot\/souffrez-et-nous-deviendrons-une-puissance-internationale-largentine-de-milei-vue-par-julia-exposito\/\"]}]},{\"@type\":\"ImageObject\",\"inLanguage\":\"fr-FR\",\"@id\":\"https:\/\/outsiderland.com\/danahilliot\/souffrez-et-nous-deviendrons-une-puissance-internationale-largentine-de-milei-vue-par-julia-exposito\/#primaryimage\",\"url\":\"https:\/\/outsiderland.com\/danahilliot\/wp-content\/uploads\/2023\/12\/Javier_Milei_Presidente_-_Asuncion.jpg\",\"contentUrl\":\"https:\/\/outsiderland.com\/danahilliot\/wp-content\/uploads\/2023\/12\/Javier_Milei_Presidente_-_Asuncion.jpg\",\"width\":512,\"height\":341},{\"@type\":\"BreadcrumbList\",\"@id\":\"https:\/\/outsiderland.com\/danahilliot\/souffrez-et-nous-deviendrons-une-puissance-internationale-largentine-de-milei-vue-par-julia-exposito\/#breadcrumb\",\"itemListElement\":[{\"@type\":\"ListItem\",\"position\":1,\"name\":\"Accueil\",\"item\":\"https:\/\/outsiderland.com\/danahilliot\/\"},{\"@type\":\"ListItem\",\"position\":2,\"name\":\"\u00ab\u00a0Souffrez et nous deviendrons une puissance internationale\u00a0\u00bb &#8211; L&rsquo;Argentine de Milei vue par Julia Exp\u00f3sito\"}]},{\"@type\":\"WebSite\",\"@id\":\"https:\/\/outsiderland.com\/danahilliot\/#website\",\"url\":\"https:\/\/outsiderland.com\/danahilliot\/\",\"name\":\"Outside Dana Hilliot\",\"description\":\". Archives . Activit\u00e9s . Projets .\",\"publisher\":{\"@id\":\"https:\/\/outsiderland.com\/danahilliot\/#\/schema\/person\/201a1fef0f5c2897bd65e98bcf6b1179\"},\"potentialAction\":[{\"@type\":\"SearchAction\",\"target\":{\"@type\":\"EntryPoint\",\"urlTemplate\":\"https:\/\/outsiderland.com\/danahilliot\/?s={search_term_string}\"},\"query-input\":{\"@type\":\"PropertyValueSpecification\",\"valueRequired\":true,\"valueName\":\"search_term_string\"}}],\"inLanguage\":\"fr-FR\"},{\"@type\":[\"Person\",\"Organization\"],\"@id\":\"https:\/\/outsiderland.com\/danahilliot\/#\/schema\/person\/201a1fef0f5c2897bd65e98bcf6b1179\",\"name\":\"danahilliot\",\"image\":{\"@type\":\"ImageObject\",\"inLanguage\":\"fr-FR\",\"@id\":\"https:\/\/outsiderland.com\/danahilliot\/#\/schema\/person\/image\/\",\"url\":\"https:\/\/outsiderland.com\/danahilliot\/wp-content\/uploads\/2026\/02\/50801449407_a909f2c1ad_k.jpg\",\"contentUrl\":\"https:\/\/outsiderland.com\/danahilliot\/wp-content\/uploads\/2026\/02\/50801449407_a909f2c1ad_k.jpg\",\"width\":2048,\"height\":1536,\"caption\":\"danahilliot\"},\"logo\":{\"@id\":\"https:\/\/outsiderland.com\/danahilliot\/#\/schema\/person\/image\/\"}},{\"@type\":\"Person\",\"@id\":\"https:\/\/outsiderland.com\/danahilliot\/#\/schema\/person\/2f9b92e9fff19bccc36638b10510d5ae\",\"name\":\"danah\",\"image\":{\"@type\":\"ImageObject\",\"inLanguage\":\"fr-FR\",\"@id\":\"https:\/\/outsiderland.com\/danahilliot\/#\/schema\/person\/image\/\",\"url\":\"https:\/\/secure.gravatar.com\/avatar\/ed6349755e1d97f204277de3d09fc6ac31abd856835c8ea3c3a30d0aa84b0ddd?s=96&d=mm&r=g\",\"contentUrl\":\"https:\/\/secure.gravatar.com\/avatar\/ed6349755e1d97f204277de3d09fc6ac31abd856835c8ea3c3a30d0aa84b0ddd?s=96&d=mm&r=g\",\"caption\":\"danah\"},\"url\":\"https:\/\/outsiderland.com\/danahilliot\/author\/danah\/\"}]}<\/script>\n<!-- \/ Yoast SEO plugin. -->","yoast_head_json":{"title":"\"Souffrez et nous deviendrons une puissance internationale\" - L'Argentine de Milei vue par Julia Exp\u00f3sito - Outside Dana Hilliot","robots":{"index":"index","follow":"follow","max-snippet":"max-snippet:-1","max-image-preview":"max-image-preview:large","max-video-preview":"max-video-preview:-1"},"canonical":"https:\/\/outsiderland.com\/danahilliot\/souffrez-et-nous-deviendrons-une-puissance-internationale-largentine-de-milei-vue-par-julia-exposito\/","og_locale":"fr_FR","og_type":"article","og_title":"\"Souffrez et nous deviendrons une puissance internationale\" - L'Argentine de Milei vue par Julia Exp\u00f3sito - Outside Dana Hilliot","og_description":"\u00c0 lire absolument l&lsquo;interview de la chercheuse f\u00e9ministe marxiste Julia Exp\u00f3sito par Eva Manez dans EL SALTO : &nbsp; extraits choisis : sur l&rsquo;aporafobia \u00ab\u00a0&#8211; En Espagne, on parle beaucoup de l&rsquo;aporaphobie (aporafobia), la haine des pauvres, m\u00eame de la part de personnes qui ont peu de ressources. &#8211; Oui, les pauvres vont dire du&hellip;","og_url":"https:\/\/outsiderland.com\/danahilliot\/souffrez-et-nous-deviendrons-une-puissance-internationale-largentine-de-milei-vue-par-julia-exposito\/","og_site_name":"Outside Dana Hilliot","article_published_time":"2023-12-24T10:14:04+00:00","article_modified_time":"2024-01-16T09:53:07+00:00","og_image":[{"width":512,"height":341,"url":"https:\/\/outsiderland.com\/danahilliot\/wp-content\/uploads\/2023\/12\/Javier_Milei_Presidente_-_Asuncion.jpg","type":"image\/jpeg"}],"author":"danah","twitter_card":"summary_large_image","twitter_misc":{"\u00c9crit par":"danah","Dur\u00e9e de lecture estim\u00e9e":"8 minutes"},"schema":{"@context":"https:\/\/schema.org","@graph":[{"@type":"Article","@id":"https:\/\/outsiderland.com\/danahilliot\/souffrez-et-nous-deviendrons-une-puissance-internationale-largentine-de-milei-vue-par-julia-exposito\/#article","isPartOf":{"@id":"https:\/\/outsiderland.com\/danahilliot\/souffrez-et-nous-deviendrons-une-puissance-internationale-largentine-de-milei-vue-par-julia-exposito\/"},"author":{"name":"danah","@id":"https:\/\/outsiderland.com\/danahilliot\/#\/schema\/person\/2f9b92e9fff19bccc36638b10510d5ae"},"headline":"\u00ab\u00a0Souffrez et nous deviendrons une puissance internationale\u00a0\u00bb &#8211; L&rsquo;Argentine de Milei vue par Julia Exp\u00f3sito","datePublished":"2023-12-24T10:14:04+00:00","dateModified":"2024-01-16T09:53:07+00:00","mainEntityOfPage":{"@id":"https:\/\/outsiderland.com\/danahilliot\/souffrez-et-nous-deviendrons-une-puissance-internationale-largentine-de-milei-vue-par-julia-exposito\/"},"wordCount":1751,"publisher":{"@id":"https:\/\/outsiderland.com\/danahilliot\/#\/schema\/person\/201a1fef0f5c2897bd65e98bcf6b1179"},"image":{"@id":"https:\/\/outsiderland.com\/danahilliot\/souffrez-et-nous-deviendrons-une-puissance-internationale-largentine-de-milei-vue-par-julia-exposito\/#primaryimage"},"thumbnailUrl":"https:\/\/outsiderland.com\/danahilliot\/wp-content\/uploads\/2023\/12\/Javier_Milei_Presidente_-_Asuncion.jpg","articleSection":["Crise","N\u00e9o-lib\u00e9ralismes","X\u00e9nophobie"],"inLanguage":"fr-FR"},{"@type":"WebPage","@id":"https:\/\/outsiderland.com\/danahilliot\/souffrez-et-nous-deviendrons-une-puissance-internationale-largentine-de-milei-vue-par-julia-exposito\/","url":"https:\/\/outsiderland.com\/danahilliot\/souffrez-et-nous-deviendrons-une-puissance-internationale-largentine-de-milei-vue-par-julia-exposito\/","name":"\"Souffrez et nous deviendrons une puissance internationale\" - L'Argentine de Milei vue par Julia Exp\u00f3sito - Outside Dana Hilliot","isPartOf":{"@id":"https:\/\/outsiderland.com\/danahilliot\/#website"},"primaryImageOfPage":{"@id":"https:\/\/outsiderland.com\/danahilliot\/souffrez-et-nous-deviendrons-une-puissance-internationale-largentine-de-milei-vue-par-julia-exposito\/#primaryimage"},"image":{"@id":"https:\/\/outsiderland.com\/danahilliot\/souffrez-et-nous-deviendrons-une-puissance-internationale-largentine-de-milei-vue-par-julia-exposito\/#primaryimage"},"thumbnailUrl":"https:\/\/outsiderland.com\/danahilliot\/wp-content\/uploads\/2023\/12\/Javier_Milei_Presidente_-_Asuncion.jpg","datePublished":"2023-12-24T10:14:04+00:00","dateModified":"2024-01-16T09:53:07+00:00","breadcrumb":{"@id":"https:\/\/outsiderland.com\/danahilliot\/souffrez-et-nous-deviendrons-une-puissance-internationale-largentine-de-milei-vue-par-julia-exposito\/#breadcrumb"},"inLanguage":"fr-FR","potentialAction":[{"@type":"ReadAction","target":["https:\/\/outsiderland.com\/danahilliot\/souffrez-et-nous-deviendrons-une-puissance-internationale-largentine-de-milei-vue-par-julia-exposito\/"]}]},{"@type":"ImageObject","inLanguage":"fr-FR","@id":"https:\/\/outsiderland.com\/danahilliot\/souffrez-et-nous-deviendrons-une-puissance-internationale-largentine-de-milei-vue-par-julia-exposito\/#primaryimage","url":"https:\/\/outsiderland.com\/danahilliot\/wp-content\/uploads\/2023\/12\/Javier_Milei_Presidente_-_Asuncion.jpg","contentUrl":"https:\/\/outsiderland.com\/danahilliot\/wp-content\/uploads\/2023\/12\/Javier_Milei_Presidente_-_Asuncion.jpg","width":512,"height":341},{"@type":"BreadcrumbList","@id":"https:\/\/outsiderland.com\/danahilliot\/souffrez-et-nous-deviendrons-une-puissance-internationale-largentine-de-milei-vue-par-julia-exposito\/#breadcrumb","itemListElement":[{"@type":"ListItem","position":1,"name":"Accueil","item":"https:\/\/outsiderland.com\/danahilliot\/"},{"@type":"ListItem","position":2,"name":"\u00ab\u00a0Souffrez et nous deviendrons une puissance internationale\u00a0\u00bb &#8211; L&rsquo;Argentine de Milei vue par Julia Exp\u00f3sito"}]},{"@type":"WebSite","@id":"https:\/\/outsiderland.com\/danahilliot\/#website","url":"https:\/\/outsiderland.com\/danahilliot\/","name":"Outside Dana Hilliot","description":". Archives . Activit\u00e9s . Projets .","publisher":{"@id":"https:\/\/outsiderland.com\/danahilliot\/#\/schema\/person\/201a1fef0f5c2897bd65e98bcf6b1179"},"potentialAction":[{"@type":"SearchAction","target":{"@type":"EntryPoint","urlTemplate":"https:\/\/outsiderland.com\/danahilliot\/?s={search_term_string}"},"query-input":{"@type":"PropertyValueSpecification","valueRequired":true,"valueName":"search_term_string"}}],"inLanguage":"fr-FR"},{"@type":["Person","Organization"],"@id":"https:\/\/outsiderland.com\/danahilliot\/#\/schema\/person\/201a1fef0f5c2897bd65e98bcf6b1179","name":"danahilliot","image":{"@type":"ImageObject","inLanguage":"fr-FR","@id":"https:\/\/outsiderland.com\/danahilliot\/#\/schema\/person\/image\/","url":"https:\/\/outsiderland.com\/danahilliot\/wp-content\/uploads\/2026\/02\/50801449407_a909f2c1ad_k.jpg","contentUrl":"https:\/\/outsiderland.com\/danahilliot\/wp-content\/uploads\/2026\/02\/50801449407_a909f2c1ad_k.jpg","width":2048,"height":1536,"caption":"danahilliot"},"logo":{"@id":"https:\/\/outsiderland.com\/danahilliot\/#\/schema\/person\/image\/"}},{"@type":"Person","@id":"https:\/\/outsiderland.com\/danahilliot\/#\/schema\/person\/2f9b92e9fff19bccc36638b10510d5ae","name":"danah","image":{"@type":"ImageObject","inLanguage":"fr-FR","@id":"https:\/\/outsiderland.com\/danahilliot\/#\/schema\/person\/image\/","url":"https:\/\/secure.gravatar.com\/avatar\/ed6349755e1d97f204277de3d09fc6ac31abd856835c8ea3c3a30d0aa84b0ddd?s=96&d=mm&r=g","contentUrl":"https:\/\/secure.gravatar.com\/avatar\/ed6349755e1d97f204277de3d09fc6ac31abd856835c8ea3c3a30d0aa84b0ddd?s=96&d=mm&r=g","caption":"danah"},"url":"https:\/\/outsiderland.com\/danahilliot\/author\/danah\/"}]}},"jetpack_publicize_connections":[],"_links":{"self":[{"href":"https:\/\/outsiderland.com\/danahilliot\/wp-json\/wp\/v2\/posts\/4863","targetHints":{"allow":["GET"]}}],"collection":[{"href":"https:\/\/outsiderland.com\/danahilliot\/wp-json\/wp\/v2\/posts"}],"about":[{"href":"https:\/\/outsiderland.com\/danahilliot\/wp-json\/wp\/v2\/types\/post"}],"author":[{"embeddable":true,"href":"https:\/\/outsiderland.com\/danahilliot\/wp-json\/wp\/v2\/users\/1"}],"replies":[{"embeddable":true,"href":"https:\/\/outsiderland.com\/danahilliot\/wp-json\/wp\/v2\/comments?post=4863"}],"version-history":[{"count":3,"href":"https:\/\/outsiderland.com\/danahilliot\/wp-json\/wp\/v2\/posts\/4863\/revisions"}],"predecessor-version":[{"id":4868,"href":"https:\/\/outsiderland.com\/danahilliot\/wp-json\/wp\/v2\/posts\/4863\/revisions\/4868"}],"wp:featuredmedia":[{"embeddable":true,"href":"https:\/\/outsiderland.com\/danahilliot\/wp-json\/wp\/v2\/media\/4865"}],"wp:attachment":[{"href":"https:\/\/outsiderland.com\/danahilliot\/wp-json\/wp\/v2\/media?parent=4863"}],"wp:term":[{"taxonomy":"category","embeddable":true,"href":"https:\/\/outsiderland.com\/danahilliot\/wp-json\/wp\/v2\/categories?post=4863"},{"taxonomy":"post_tag","embeddable":true,"href":"https:\/\/outsiderland.com\/danahilliot\/wp-json\/wp\/v2\/tags?post=4863"}],"curies":[{"name":"wp","href":"https:\/\/api.w.org\/{rel}","templated":true}]}}