{"id":4853,"date":"2023-12-16T20:21:47","date_gmt":"2023-12-16T20:21:47","guid":{"rendered":"https:\/\/outsiderland.com\/danahilliot\/?p=4853"},"modified":"2024-01-16T09:53:25","modified_gmt":"2024-01-16T09:53:25","slug":"la-baiser-de-la-mort-meloni-sunak","status":"publish","type":"post","link":"https:\/\/outsiderland.com\/danahilliot\/la-baiser-de-la-mort-meloni-sunak\/","title":{"rendered":"La baiser de la mort (Meloni\/Sunak)"},"content":{"rendered":"<p>Avec ce baiser de Sunak \u00e0 Meloni, qui fait suite \u00e0 toutes les manifestations de sympathie exprim\u00e9es par d&rsquo;autres dirigeants europ\u00e9ens, \u00e0 commencer par les dirigeants fran\u00e7ais, on mesure le chemin parcouru par le n\u00e9olib\u00e9ralisme europ\u00e9en ces derni\u00e8res ann\u00e9es.<\/p>\n<p>Une Meloni, il y a 20 ans, aurait \u00e9t\u00e9 consid\u00e9r\u00e9e comme persona non grata. La rencontrer et lui rendre des hommages aussi ostensibles auraient valu aux responsables politiques europ\u00e9ens une bronca g\u00e9n\u00e9rale. Non sans une bonne dose d&rsquo;hypocrisie, notons-le : car apr\u00e8s tout la vision de l&rsquo;Europe comme une forteresse assi\u00e9g\u00e9e ne date pas d&rsquo;hier, m\u00eame s&rsquo;il y a un avant et un apr\u00e8s 11 septembre 2001, c&rsquo;est certain.<\/p>\n<p>Avec ce baiser (de la mort) et les propos de Sunak qui l&rsquo;accompagnent, et plus encore le succ\u00e8s de Meloni sur la sc\u00e8ne politique internationale, triomphent les politiques x\u00e9nophobes europ\u00e9ennes , d\u00e9sormais assum\u00e9es de mani\u00e8re explicites, sans langue de bois.<\/p>\n<p>Le supr\u00e9matisme blanc, le grand remplacement, la submersion migratoire, la menace qui p\u00e8se sur la civilisation blanche chr\u00e9tienne, th\u00e8ses qu&rsquo;on croyait na\u00efvement r\u00e9serv\u00e9es \u00e0 quelques groupuscules d&rsquo;extr\u00eame droite, ou bien aux rh\u00e9toriques des populistes hongrois, bulgares ou serbes, forment d\u00e9sormais le socle des politiques immunitaires europ\u00e9ennes. Il est d\u00e9j\u00e0 loin le temps o\u00f9 l&rsquo;on \u00e9vitait de se montrer en compagnie d&rsquo;un Victor Orban. Les extr\u00eame-droites europ\u00e9ennes, \u00e0 commencer par le RN, sont d\u00e9bord\u00e9es : leurs id\u00e9es pourries ne leur appartiennent plus &#8211; elles sont devenues la pens\u00e9e commune, elles constituent l&rsquo;agenda g\u00e9n\u00e9ral. Elles l&rsquo;admettent d&rsquo;ailleurs en invitant les populations \u00e0 pr\u00e9f\u00e9rer l&rsquo;original \u00e0 la copie.<\/p>\n<p>Meloni parle de catastrophe nataliste dans la logique du grand remplacement, Sunak de submersion migratoire et Macron de \u00ab\u00a0prot\u00e9ger les fran\u00e7ais\u00a0\u00bb. C&rsquo;est exactement le m\u00eame d\u00e9lire, le m\u00eame fantasme \u00e0 l\u2019\u0153uvre.<\/p>\n<p>Cette Europe-l\u00e0, c&rsquo;est l&rsquo;Europe des camps d&rsquo;internement, des r\u00e9fugi\u00e9s molest\u00e9s et humili\u00e9s aux fronti\u00e8res, des corps noy\u00e9s dans la M\u00e9diterran\u00e9e, c&rsquo;est une Europe explicitement raciste.<\/p>\n<p>Il faut le dire et le redire : il n&rsquo;y a pas de crise des migrants. Ou plut\u00f4t cette \u00ab\u00a0crise\u00a0\u00bb, comme toutes les \u00ab\u00a0crises\u00a0\u00bb dont se nourrit le capitalisme n\u00e9olib\u00e9ral, n&rsquo;est que la fable qui justifie le choix des europ\u00e9ens de vivre entre eux, repli\u00e9 dans la forteresse raciale, jouissant d&rsquo;une prosp\u00e9rit\u00e9 sans \u00e9gal alors que se d\u00e9ploie la lente et sournoise d\u00e9vastation climatique, aux d\u00e9triment de tous les autres. Ce qu&rsquo;il y a, c&rsquo;est une catastrophe morale, une d\u00e9b\u00e2cle politique, un d\u00e9sastre intellectuel. Le r\u00e9cit nationaliste nous le pr\u00e9sente comme une fatalit\u00e9, une tendance irr\u00e9sistible de nos soci\u00e9t\u00e9s, le mouvement naturel d&rsquo;une nation en p\u00e9ril, mais en r\u00e9alit\u00e9, c&rsquo;est un choix. On sait o\u00f9 de tels choix ont men\u00e9 le monde il y a presque un si\u00e8cle.<\/p>\n<p>Une Europe criminelle \u00e0 bien des titres (elle est criminelle aussi pour son histoire coloniale et postcoloniale et la mani\u00e8re dont elle continue, elle n&rsquo;est certes pas la seule, \u00e0 extraire les ressources humaines et non-humaines dans les pays pauvres, et externaliser ses d\u00e9chets et sa toxicit\u00e9 dans les m\u00eames lointains. Condamnant ainsi \u00e0 la catastrophe climatique ceux-l\u00e0 m\u00eame auxquels elle refuse l&rsquo;hospitalit\u00e9, les tenant pour barbares et corrupteurs)<\/p>\n<p>Et NOUS sommes complices \u00e9videmment. Parce que c&rsquo;est pour la pr\u00e9servation de nos modes de vie europ\u00e9ens (non n\u00e9gociables comme disait G. Bush Jr en parlant du mode de vie am\u00e9ricain) que toutes ces politiques sont men\u00e9es.<\/p>\n<p><a href=\"https:\/\/www.theguardian.com\/world\/2023\/dec\/16\/sunak-accused-toxic-rhetoric-after-warning-overwhelming-migration-europe\">https:\/\/www.theguardian.com\/world\/2023\/dec\/16\/sunak-accused-toxic-rhetoric-after-warning-overwhelming-migration-europe<\/a><\/p>\n","protected":false},"excerpt":{"rendered":"<p>Avec ce baiser de Sunak \u00e0 Meloni, qui fait suite \u00e0 toutes les manifestations de sympathie exprim\u00e9es par d&rsquo;autres dirigeants europ\u00e9ens, \u00e0 commencer par les dirigeants fran\u00e7ais, on mesure le chemin parcouru par le n\u00e9olib\u00e9ralisme europ\u00e9en ces derni\u00e8res ann\u00e9es. Une Meloni, il y a 20 ans, aurait \u00e9t\u00e9 consid\u00e9r\u00e9e comme persona non grata. La rencontrer&hellip;<\/p>\n <a href=\"https:\/\/outsiderland.com\/danahilliot\/la-baiser-de-la-mort-meloni-sunak\/\" title=\"La baiser de la mort (Meloni\/Sunak)\" class=\"entry-more-link\"><span>Read More<\/span> <span class=\"screen-reader-text\">La baiser de la mort (Meloni\/Sunak)<\/span><\/a>","protected":false},"author":1,"featured_media":4854,"comment_status":"closed","ping_status":"open","sticky":false,"template":"","format":"standard","meta":{"Layout":"","footnotes":"","jetpack_publicize_message":"","jetpack_publicize_feature_enabled":true,"jetpack_social_post_already_shared":true,"jetpack_social_options":{"image_generator_settings":{"template":"highway","default_image_id":0,"font":"","enabled":false},"version":2}},"categories":[61,76,79,77],"tags":[],"class_list":["entry","author-danah","post-4853","post","type-post","status-publish","format-standard","has-post-thumbnail","category-chronique","category-histoire","category-neo-liberalismes","category-xenophobie"],"yoast_head":"<!-- This site is optimized with the Yoast SEO plugin v27.0 - https:\/\/yoast.com\/product\/yoast-seo-wordpress\/ -->\n<title>La baiser de la mort (Meloni\/Sunak) - Outside Dana Hilliot<\/title>\n<meta name=\"robots\" content=\"index, follow, max-snippet:-1, max-image-preview:large, max-video-preview:-1\" \/>\n<link rel=\"canonical\" href=\"https:\/\/outsiderland.com\/danahilliot\/la-baiser-de-la-mort-meloni-sunak\/\" \/>\n<meta property=\"og:locale\" content=\"fr_FR\" \/>\n<meta property=\"og:type\" content=\"article\" \/>\n<meta property=\"og:title\" content=\"La baiser de la mort (Meloni\/Sunak) - Outside Dana Hilliot\" \/>\n<meta property=\"og:description\" content=\"Avec ce baiser de Sunak \u00e0 Meloni, qui fait suite \u00e0 toutes les manifestations de sympathie exprim\u00e9es par d&rsquo;autres dirigeants europ\u00e9ens, \u00e0 commencer par les dirigeants fran\u00e7ais, on mesure le chemin parcouru par le n\u00e9olib\u00e9ralisme europ\u00e9en ces derni\u00e8res ann\u00e9es. Une Meloni, il y a 20 ans, aurait \u00e9t\u00e9 consid\u00e9r\u00e9e comme persona non grata. La rencontrer&hellip;\" \/>\n<meta property=\"og:url\" content=\"https:\/\/outsiderland.com\/danahilliot\/la-baiser-de-la-mort-meloni-sunak\/\" \/>\n<meta property=\"og:site_name\" content=\"Outside Dana Hilliot\" \/>\n<meta property=\"article:published_time\" content=\"2023-12-16T20:21:47+00:00\" \/>\n<meta property=\"article:modified_time\" content=\"2024-01-16T09:53:25+00:00\" \/>\n<meta property=\"og:image\" content=\"https:\/\/outsiderland.com\/danahilliot\/wp-content\/uploads\/2023\/12\/Capture-decran_2023-12-16_21-07-55.png\" \/>\n\t<meta property=\"og:image:width\" content=\"621\" \/>\n\t<meta property=\"og:image:height\" content=\"374\" \/>\n\t<meta property=\"og:image:type\" content=\"image\/png\" \/>\n<meta name=\"author\" content=\"danah\" \/>\n<meta name=\"twitter:card\" content=\"summary_large_image\" \/>\n<meta name=\"twitter:label1\" content=\"\u00c9crit par\" \/>\n\t<meta name=\"twitter:data1\" content=\"danah\" \/>\n\t<meta name=\"twitter:label2\" content=\"Dur\u00e9e de lecture estim\u00e9e\" \/>\n\t<meta name=\"twitter:data2\" content=\"3 minutes\" \/>\n<script type=\"application\/ld+json\" class=\"yoast-schema-graph\">{\"@context\":\"https:\/\/schema.org\",\"@graph\":[{\"@type\":\"Article\",\"@id\":\"https:\/\/outsiderland.com\/danahilliot\/la-baiser-de-la-mort-meloni-sunak\/#article\",\"isPartOf\":{\"@id\":\"https:\/\/outsiderland.com\/danahilliot\/la-baiser-de-la-mort-meloni-sunak\/\"},\"author\":{\"name\":\"danah\",\"@id\":\"https:\/\/outsiderland.com\/danahilliot\/#\/schema\/person\/2f9b92e9fff19bccc36638b10510d5ae\"},\"headline\":\"La baiser de la mort (Meloni\/Sunak)\",\"datePublished\":\"2023-12-16T20:21:47+00:00\",\"dateModified\":\"2024-01-16T09:53:25+00:00\",\"mainEntityOfPage\":{\"@id\":\"https:\/\/outsiderland.com\/danahilliot\/la-baiser-de-la-mort-meloni-sunak\/\"},\"wordCount\":658,\"publisher\":{\"@id\":\"https:\/\/outsiderland.com\/danahilliot\/#\/schema\/person\/201a1fef0f5c2897bd65e98bcf6b1179\"},\"image\":{\"@id\":\"https:\/\/outsiderland.com\/danahilliot\/la-baiser-de-la-mort-meloni-sunak\/#primaryimage\"},\"thumbnailUrl\":\"https:\/\/outsiderland.com\/danahilliot\/wp-content\/uploads\/2023\/12\/Capture-decran_2023-12-16_21-07-55.png\",\"articleSection\":[\"Chronique\",\"Histoire\",\"N\u00e9o-lib\u00e9ralismes\",\"X\u00e9nophobie\"],\"inLanguage\":\"fr-FR\"},{\"@type\":\"WebPage\",\"@id\":\"https:\/\/outsiderland.com\/danahilliot\/la-baiser-de-la-mort-meloni-sunak\/\",\"url\":\"https:\/\/outsiderland.com\/danahilliot\/la-baiser-de-la-mort-meloni-sunak\/\",\"name\":\"La baiser de la mort (Meloni\/Sunak) - Outside Dana Hilliot\",\"isPartOf\":{\"@id\":\"https:\/\/outsiderland.com\/danahilliot\/#website\"},\"primaryImageOfPage\":{\"@id\":\"https:\/\/outsiderland.com\/danahilliot\/la-baiser-de-la-mort-meloni-sunak\/#primaryimage\"},\"image\":{\"@id\":\"https:\/\/outsiderland.com\/danahilliot\/la-baiser-de-la-mort-meloni-sunak\/#primaryimage\"},\"thumbnailUrl\":\"https:\/\/outsiderland.com\/danahilliot\/wp-content\/uploads\/2023\/12\/Capture-decran_2023-12-16_21-07-55.png\",\"datePublished\":\"2023-12-16T20:21:47+00:00\",\"dateModified\":\"2024-01-16T09:53:25+00:00\",\"breadcrumb\":{\"@id\":\"https:\/\/outsiderland.com\/danahilliot\/la-baiser-de-la-mort-meloni-sunak\/#breadcrumb\"},\"inLanguage\":\"fr-FR\",\"potentialAction\":[{\"@type\":\"ReadAction\",\"target\":[\"https:\/\/outsiderland.com\/danahilliot\/la-baiser-de-la-mort-meloni-sunak\/\"]}]},{\"@type\":\"ImageObject\",\"inLanguage\":\"fr-FR\",\"@id\":\"https:\/\/outsiderland.com\/danahilliot\/la-baiser-de-la-mort-meloni-sunak\/#primaryimage\",\"url\":\"https:\/\/outsiderland.com\/danahilliot\/wp-content\/uploads\/2023\/12\/Capture-decran_2023-12-16_21-07-55.png\",\"contentUrl\":\"https:\/\/outsiderland.com\/danahilliot\/wp-content\/uploads\/2023\/12\/Capture-decran_2023-12-16_21-07-55.png\",\"width\":621,\"height\":374,\"caption\":\"Italian premier Giorgia Meloni welcoming Rishi Sunak in Rome on Saturday: an onlooker thought they had \u2018good chemistry\u2019. Photograph: Franco Origlia\/Getty Images\"},{\"@type\":\"BreadcrumbList\",\"@id\":\"https:\/\/outsiderland.com\/danahilliot\/la-baiser-de-la-mort-meloni-sunak\/#breadcrumb\",\"itemListElement\":[{\"@type\":\"ListItem\",\"position\":1,\"name\":\"Accueil\",\"item\":\"https:\/\/outsiderland.com\/danahilliot\/\"},{\"@type\":\"ListItem\",\"position\":2,\"name\":\"La baiser de la mort (Meloni\/Sunak)\"}]},{\"@type\":\"WebSite\",\"@id\":\"https:\/\/outsiderland.com\/danahilliot\/#website\",\"url\":\"https:\/\/outsiderland.com\/danahilliot\/\",\"name\":\"Outside Dana Hilliot\",\"description\":\". Archives . Activit\u00e9s . Projets .\",\"publisher\":{\"@id\":\"https:\/\/outsiderland.com\/danahilliot\/#\/schema\/person\/201a1fef0f5c2897bd65e98bcf6b1179\"},\"potentialAction\":[{\"@type\":\"SearchAction\",\"target\":{\"@type\":\"EntryPoint\",\"urlTemplate\":\"https:\/\/outsiderland.com\/danahilliot\/?s={search_term_string}\"},\"query-input\":{\"@type\":\"PropertyValueSpecification\",\"valueRequired\":true,\"valueName\":\"search_term_string\"}}],\"inLanguage\":\"fr-FR\"},{\"@type\":[\"Person\",\"Organization\"],\"@id\":\"https:\/\/outsiderland.com\/danahilliot\/#\/schema\/person\/201a1fef0f5c2897bd65e98bcf6b1179\",\"name\":\"danahilliot\",\"image\":{\"@type\":\"ImageObject\",\"inLanguage\":\"fr-FR\",\"@id\":\"https:\/\/outsiderland.com\/danahilliot\/#\/schema\/person\/image\/\",\"url\":\"https:\/\/outsiderland.com\/danahilliot\/wp-content\/uploads\/2026\/02\/50801449407_a909f2c1ad_k.jpg\",\"contentUrl\":\"https:\/\/outsiderland.com\/danahilliot\/wp-content\/uploads\/2026\/02\/50801449407_a909f2c1ad_k.jpg\",\"width\":2048,\"height\":1536,\"caption\":\"danahilliot\"},\"logo\":{\"@id\":\"https:\/\/outsiderland.com\/danahilliot\/#\/schema\/person\/image\/\"}},{\"@type\":\"Person\",\"@id\":\"https:\/\/outsiderland.com\/danahilliot\/#\/schema\/person\/2f9b92e9fff19bccc36638b10510d5ae\",\"name\":\"danah\",\"image\":{\"@type\":\"ImageObject\",\"inLanguage\":\"fr-FR\",\"@id\":\"https:\/\/outsiderland.com\/danahilliot\/#\/schema\/person\/image\/\",\"url\":\"https:\/\/secure.gravatar.com\/avatar\/ed6349755e1d97f204277de3d09fc6ac31abd856835c8ea3c3a30d0aa84b0ddd?s=96&d=mm&r=g\",\"contentUrl\":\"https:\/\/secure.gravatar.com\/avatar\/ed6349755e1d97f204277de3d09fc6ac31abd856835c8ea3c3a30d0aa84b0ddd?s=96&d=mm&r=g\",\"caption\":\"danah\"},\"url\":\"https:\/\/outsiderland.com\/danahilliot\/author\/danah\/\"}]}<\/script>\n<!-- \/ Yoast SEO plugin. -->","yoast_head_json":{"title":"La baiser de la mort (Meloni\/Sunak) - Outside Dana Hilliot","robots":{"index":"index","follow":"follow","max-snippet":"max-snippet:-1","max-image-preview":"max-image-preview:large","max-video-preview":"max-video-preview:-1"},"canonical":"https:\/\/outsiderland.com\/danahilliot\/la-baiser-de-la-mort-meloni-sunak\/","og_locale":"fr_FR","og_type":"article","og_title":"La baiser de la mort (Meloni\/Sunak) - Outside Dana Hilliot","og_description":"Avec ce baiser de Sunak \u00e0 Meloni, qui fait suite \u00e0 toutes les manifestations de sympathie exprim\u00e9es par d&rsquo;autres dirigeants europ\u00e9ens, \u00e0 commencer par les dirigeants fran\u00e7ais, on mesure le chemin parcouru par le n\u00e9olib\u00e9ralisme europ\u00e9en ces derni\u00e8res ann\u00e9es. Une Meloni, il y a 20 ans, aurait \u00e9t\u00e9 consid\u00e9r\u00e9e comme persona non grata. La rencontrer&hellip;","og_url":"https:\/\/outsiderland.com\/danahilliot\/la-baiser-de-la-mort-meloni-sunak\/","og_site_name":"Outside Dana Hilliot","article_published_time":"2023-12-16T20:21:47+00:00","article_modified_time":"2024-01-16T09:53:25+00:00","og_image":[{"width":621,"height":374,"url":"https:\/\/outsiderland.com\/danahilliot\/wp-content\/uploads\/2023\/12\/Capture-decran_2023-12-16_21-07-55.png","type":"image\/png"}],"author":"danah","twitter_card":"summary_large_image","twitter_misc":{"\u00c9crit par":"danah","Dur\u00e9e de lecture estim\u00e9e":"3 minutes"},"schema":{"@context":"https:\/\/schema.org","@graph":[{"@type":"Article","@id":"https:\/\/outsiderland.com\/danahilliot\/la-baiser-de-la-mort-meloni-sunak\/#article","isPartOf":{"@id":"https:\/\/outsiderland.com\/danahilliot\/la-baiser-de-la-mort-meloni-sunak\/"},"author":{"name":"danah","@id":"https:\/\/outsiderland.com\/danahilliot\/#\/schema\/person\/2f9b92e9fff19bccc36638b10510d5ae"},"headline":"La baiser de la mort (Meloni\/Sunak)","datePublished":"2023-12-16T20:21:47+00:00","dateModified":"2024-01-16T09:53:25+00:00","mainEntityOfPage":{"@id":"https:\/\/outsiderland.com\/danahilliot\/la-baiser-de-la-mort-meloni-sunak\/"},"wordCount":658,"publisher":{"@id":"https:\/\/outsiderland.com\/danahilliot\/#\/schema\/person\/201a1fef0f5c2897bd65e98bcf6b1179"},"image":{"@id":"https:\/\/outsiderland.com\/danahilliot\/la-baiser-de-la-mort-meloni-sunak\/#primaryimage"},"thumbnailUrl":"https:\/\/outsiderland.com\/danahilliot\/wp-content\/uploads\/2023\/12\/Capture-decran_2023-12-16_21-07-55.png","articleSection":["Chronique","Histoire","N\u00e9o-lib\u00e9ralismes","X\u00e9nophobie"],"inLanguage":"fr-FR"},{"@type":"WebPage","@id":"https:\/\/outsiderland.com\/danahilliot\/la-baiser-de-la-mort-meloni-sunak\/","url":"https:\/\/outsiderland.com\/danahilliot\/la-baiser-de-la-mort-meloni-sunak\/","name":"La baiser de la mort (Meloni\/Sunak) - Outside Dana Hilliot","isPartOf":{"@id":"https:\/\/outsiderland.com\/danahilliot\/#website"},"primaryImageOfPage":{"@id":"https:\/\/outsiderland.com\/danahilliot\/la-baiser-de-la-mort-meloni-sunak\/#primaryimage"},"image":{"@id":"https:\/\/outsiderland.com\/danahilliot\/la-baiser-de-la-mort-meloni-sunak\/#primaryimage"},"thumbnailUrl":"https:\/\/outsiderland.com\/danahilliot\/wp-content\/uploads\/2023\/12\/Capture-decran_2023-12-16_21-07-55.png","datePublished":"2023-12-16T20:21:47+00:00","dateModified":"2024-01-16T09:53:25+00:00","breadcrumb":{"@id":"https:\/\/outsiderland.com\/danahilliot\/la-baiser-de-la-mort-meloni-sunak\/#breadcrumb"},"inLanguage":"fr-FR","potentialAction":[{"@type":"ReadAction","target":["https:\/\/outsiderland.com\/danahilliot\/la-baiser-de-la-mort-meloni-sunak\/"]}]},{"@type":"ImageObject","inLanguage":"fr-FR","@id":"https:\/\/outsiderland.com\/danahilliot\/la-baiser-de-la-mort-meloni-sunak\/#primaryimage","url":"https:\/\/outsiderland.com\/danahilliot\/wp-content\/uploads\/2023\/12\/Capture-decran_2023-12-16_21-07-55.png","contentUrl":"https:\/\/outsiderland.com\/danahilliot\/wp-content\/uploads\/2023\/12\/Capture-decran_2023-12-16_21-07-55.png","width":621,"height":374,"caption":"Italian premier Giorgia Meloni welcoming Rishi Sunak in Rome on Saturday: an onlooker thought they had \u2018good chemistry\u2019. Photograph: Franco Origlia\/Getty Images"},{"@type":"BreadcrumbList","@id":"https:\/\/outsiderland.com\/danahilliot\/la-baiser-de-la-mort-meloni-sunak\/#breadcrumb","itemListElement":[{"@type":"ListItem","position":1,"name":"Accueil","item":"https:\/\/outsiderland.com\/danahilliot\/"},{"@type":"ListItem","position":2,"name":"La baiser de la mort (Meloni\/Sunak)"}]},{"@type":"WebSite","@id":"https:\/\/outsiderland.com\/danahilliot\/#website","url":"https:\/\/outsiderland.com\/danahilliot\/","name":"Outside Dana Hilliot","description":". Archives . Activit\u00e9s . Projets .","publisher":{"@id":"https:\/\/outsiderland.com\/danahilliot\/#\/schema\/person\/201a1fef0f5c2897bd65e98bcf6b1179"},"potentialAction":[{"@type":"SearchAction","target":{"@type":"EntryPoint","urlTemplate":"https:\/\/outsiderland.com\/danahilliot\/?s={search_term_string}"},"query-input":{"@type":"PropertyValueSpecification","valueRequired":true,"valueName":"search_term_string"}}],"inLanguage":"fr-FR"},{"@type":["Person","Organization"],"@id":"https:\/\/outsiderland.com\/danahilliot\/#\/schema\/person\/201a1fef0f5c2897bd65e98bcf6b1179","name":"danahilliot","image":{"@type":"ImageObject","inLanguage":"fr-FR","@id":"https:\/\/outsiderland.com\/danahilliot\/#\/schema\/person\/image\/","url":"https:\/\/outsiderland.com\/danahilliot\/wp-content\/uploads\/2026\/02\/50801449407_a909f2c1ad_k.jpg","contentUrl":"https:\/\/outsiderland.com\/danahilliot\/wp-content\/uploads\/2026\/02\/50801449407_a909f2c1ad_k.jpg","width":2048,"height":1536,"caption":"danahilliot"},"logo":{"@id":"https:\/\/outsiderland.com\/danahilliot\/#\/schema\/person\/image\/"}},{"@type":"Person","@id":"https:\/\/outsiderland.com\/danahilliot\/#\/schema\/person\/2f9b92e9fff19bccc36638b10510d5ae","name":"danah","image":{"@type":"ImageObject","inLanguage":"fr-FR","@id":"https:\/\/outsiderland.com\/danahilliot\/#\/schema\/person\/image\/","url":"https:\/\/secure.gravatar.com\/avatar\/ed6349755e1d97f204277de3d09fc6ac31abd856835c8ea3c3a30d0aa84b0ddd?s=96&d=mm&r=g","contentUrl":"https:\/\/secure.gravatar.com\/avatar\/ed6349755e1d97f204277de3d09fc6ac31abd856835c8ea3c3a30d0aa84b0ddd?s=96&d=mm&r=g","caption":"danah"},"url":"https:\/\/outsiderland.com\/danahilliot\/author\/danah\/"}]}},"jetpack_publicize_connections":[],"_links":{"self":[{"href":"https:\/\/outsiderland.com\/danahilliot\/wp-json\/wp\/v2\/posts\/4853","targetHints":{"allow":["GET"]}}],"collection":[{"href":"https:\/\/outsiderland.com\/danahilliot\/wp-json\/wp\/v2\/posts"}],"about":[{"href":"https:\/\/outsiderland.com\/danahilliot\/wp-json\/wp\/v2\/types\/post"}],"author":[{"embeddable":true,"href":"https:\/\/outsiderland.com\/danahilliot\/wp-json\/wp\/v2\/users\/1"}],"replies":[{"embeddable":true,"href":"https:\/\/outsiderland.com\/danahilliot\/wp-json\/wp\/v2\/comments?post=4853"}],"version-history":[{"count":4,"href":"https:\/\/outsiderland.com\/danahilliot\/wp-json\/wp\/v2\/posts\/4853\/revisions"}],"predecessor-version":[{"id":4858,"href":"https:\/\/outsiderland.com\/danahilliot\/wp-json\/wp\/v2\/posts\/4853\/revisions\/4858"}],"wp:featuredmedia":[{"embeddable":true,"href":"https:\/\/outsiderland.com\/danahilliot\/wp-json\/wp\/v2\/media\/4854"}],"wp:attachment":[{"href":"https:\/\/outsiderland.com\/danahilliot\/wp-json\/wp\/v2\/media?parent=4853"}],"wp:term":[{"taxonomy":"category","embeddable":true,"href":"https:\/\/outsiderland.com\/danahilliot\/wp-json\/wp\/v2\/categories?post=4853"},{"taxonomy":"post_tag","embeddable":true,"href":"https:\/\/outsiderland.com\/danahilliot\/wp-json\/wp\/v2\/tags?post=4853"}],"curies":[{"name":"wp","href":"https:\/\/api.w.org\/{rel}","templated":true}]}}