{"id":4825,"date":"2023-12-12T18:53:12","date_gmt":"2023-12-12T18:53:12","guid":{"rendered":"https:\/\/outsiderland.com\/danahilliot\/?p=4825"},"modified":"2024-01-16T09:53:41","modified_gmt":"2024-01-16T09:53:41","slug":"remarques-sur-le-suprematisme-blanc-et-les-politiques-migratoires-europeennes","status":"publish","type":"post","link":"https:\/\/outsiderland.com\/danahilliot\/remarques-sur-le-suprematisme-blanc-et-les-politiques-migratoires-europeennes\/","title":{"rendered":"Remarques sur le supr\u00e9matisme blanc et les \u00ab\u00a0politiques migratoires\u00a0\u00bb europ\u00e9ennes"},"content":{"rendered":"<p>Plus \u00e7a va, plus je suis absolument convaincu que le r\u00e9cit supr\u00e9matiste blanc qui semble ressurgir actuellement, saturant les agendas politiques des pays de l\u2019Ouest, n\u2019est pas seulement inspir\u00e9 par la nostalgie d\u2019un monde unipolaire domin\u00e9 par les puissances coloniales europ\u00e9ennes. Et qu\u2019il n\u2019a rien non plus d\u2019un \u201cprojet\u201d pour un futur dystopique. Mais qu\u2019il est le r\u00e9cit sur lequel s\u2019est construit l\u2019histoire des nations europ\u00e9ennes, Russie comprise, puis des \u00c9tats-Unis, r\u00e9cit qui se d\u00e9ploie depuis que les conquistadors ont d\u00e9barqu\u00e9 sur les \u00eeles des Cara\u00efbes il y a plus de cinq si\u00e8cles. Quelles qu\u2019aient \u00e9t\u00e9 les d\u00e9clarations de principes, morales, politiques, humanistes, les proclamations en faveur des droits humains, l\u2019abolition de l\u2019esclavage, les d\u00e9colonisations, il n\u2019a jamais \u00e9t\u00e9 question que de cela : garantir l\u2019immunit\u00e9 et la prosp\u00e9rit\u00e9 de quelques nations aux d\u00e9pens de toutes les autres. Et, comme dans les plantations o\u00f9 la plus grande crainte des colons c\u2019\u00e9tait la r\u00e9volte des esclaves, dans le monde d\u2019aujourd\u2019hui, la terreur, au sens propre du terme, c\u2019est que les peuples du reste du monde en viennent \u00e0 s\u2019opposer violemment \u00e0 cette domination. Toute la g\u00e9opolitique, mais aussi les pens\u00e9es politiques actuelles, et pas seulement, loin s\u2019en faut, celles des extr\u00eames droites, visent \u00e0 contenir cette menace, \u00e0 prot\u00e9ger et immuniser non seulement les territoires, mais aussi l\u2019histoire (en d\u00e9s-historicisant le pr\u00e9sent), en \u00e9crasant les r\u00e9cits alternatifs.<\/p>\n<p>Ces derni\u00e8res d\u00e9cennies, disons avec la re-ordonnancement du monde apr\u00e8s les d\u00e9colonisations et la fin de l\u2019empire sovi\u00e9tique, les id\u00e9ologies ultranationalistes et racistes avaient \u00e9t\u00e9 en quelque sorte projet\u00e9es dans les \u00c9tats qui constituent la bordure (b\/order) immunitaire europ\u00e9enne (on pourrait faire la m\u00eame remarque concernant l\u2019Am\u00e9rique du Nord vis-\u00e0-vis du Mexique et de l\u2019Am\u00e9rique Latine en g\u00e9n\u00e9ral). Les ex-pays socialistes, les pays d\u2019Afrique du Nord (le Maghreb mais aussi l\u2019\u00c9gypte), certains \u00c9tats du proche-Orient (\u00e0 commencer par Isra\u00ebl et la Turquie), \u00e9tant charg\u00e9s en quelque sorte de faire le sale boulot pour prot\u00e9ger l\u2019Europe de la suppos\u00e9e menace d\u2019une r\u00e9volte des peuples domin\u00e9s, en appliquant des politiques coercitives aussi bien sur leurs propres populations et minorit\u00e9s, mais aussi en stoppant, quels que soient les moyens employ\u00e9s, le flux des r\u00e9fugi\u00e9s. Ils assuraient aussi, et continuent de le faire, la promesse de vacances s\u00e9curis\u00e9es pour les touristes fortun\u00e9s : on ne s&rsquo;indigne pas de voir danser des europ\u00e9ens blancs \u00e0 quelques encablures des camps d&rsquo;internement de r\u00e9fugi\u00e9s plac\u00e9s sous haute surveillance. Le r\u00eave ici c\u00f4toie le cauchemar : l&rsquo;ind\u00e9cence, l&rsquo;arrogance et l&rsquo;indiff\u00e9rence des touristes sont autant de modalit\u00e9s du refoulement fabuleux qui structure et rend supportable, d&rsquo;un point de vue moral, notre \u00ab\u00a0colonialisme intime\u00a0\u00bb. On fait la f\u00eate et l&rsquo;on danse \u00e0 quelque centaines de m\u00e8tres d&rsquo;une enclave o\u00f9 sont confin\u00e9s des millions de personnes, mais il arrive que la fronti\u00e8re ne soit pas aussi solide qu&rsquo;on l&rsquo;imaginait.<\/p>\n<p>On voit bien que cette strat\u00e9gie de confinement et d\u2019externalisation (ou de refoulement) de la violence raciale politique d\u00e9borde d\u00e9sormais au sein m\u00eame des \u00c9tats qu\u2019elle \u00e9tait cens\u00e9e prot\u00e9ger (en leur donnant toujours le \u00ab beau r\u00f4le \u00bb). Elle revient des p\u00e9riph\u00e9ries vers le centre, par une sorte de contagion invers\u00e9e : l\u2019Italie de Meloni en est l\u2019exemple le plus flagrant, mais il faudrait \u00eatre aveugle pour ne pas voir que la France sombre \u00e0 son tour dans les politiques raciales les plus assum\u00e9es et \u201cd\u00e9complex\u00e9es\u201d, et qu\u2019au fond les institutions europ\u00e9ennes n\u2019ont pas cess\u00e9 de promouvoir cette id\u00e9ologie supr\u00e9matiste blanche, \u00e0 travers notamment les politiques de s\u00e9lections migratoires (le dernier exemple \u00e9clatant \u00e9tant l\u2019accueil r\u00e9serv\u00e9 aux migrants Ukrainiens, consid\u00e9r\u00e9s comme \u00ab blancs et chr\u00e9tiens \u00bb, alors qu\u2019on refusait le passage aux fronti\u00e8res des \u00e9tudiants noirs africains qui habitaient en Ukraine).<\/p>\n<p>&nbsp;<\/p>\n<p>Remarque additionnelle : consid\u00e9r\u00e9e dans la perspective de la catastrophe climatique (l&rsquo;horizon d\u00e9sormais in\u00e9vitable de notre \u00e9poque), ce mod\u00e8le se traduirait sous la forme des sc\u00e9narios de \u00ab\u00a0s\u00e9cession\u00a0\u00bb des pays les plus riches &#8211; et \u00e0 aussi, si on peut relire l&rsquo;histoire des 5 si\u00e8cles pass\u00e9es comme la lente et opini\u00e2tre \u00ab\u00a0pr\u00e9paration\u00a0\u00bb d&rsquo;une telle s\u00e9cession &#8211; la prosp\u00e9rit\u00e9 des pays riches reposant sur l&rsquo;extraction des ressources humaines et non humaines du reste du monde &#8211; ce reste du monde demeurant \u00e9videmment \u00ab\u00a0n\u00e9gociable\u00a0\u00bb, ou, \u00ab\u00a0en suspens\u00a0\u00bb, selon les int\u00e9r\u00eats des puissances \u00e9conomiques en jeu. Il s&rsquo;agit l\u00e0 aussi d&rsquo;une strat\u00e9gie immunitaire &#8211; au point que, pour reprendre le mod\u00e8le d\u00e9velopp\u00e9e par Marco Armiero dans son livre Wasteoc\u00e8ne, les d\u00e9chets du syst\u00e8me m\u00e9tabolique europ\u00e9ano-am\u00e9ricain sont rejet\u00e9s dans les pays pauvres, les p\u00e9riph\u00e9ries, et, bien \u00e9videmment, dans le ciel.<\/p>\n","protected":false},"excerpt":{"rendered":"<p>Plus \u00e7a va, plus je suis absolument convaincu que le r\u00e9cit supr\u00e9matiste blanc qui semble ressurgir actuellement, saturant les agendas politiques des pays de l\u2019Ouest, n\u2019est pas seulement inspir\u00e9 par la nostalgie d\u2019un monde unipolaire domin\u00e9 par les puissances coloniales europ\u00e9ennes. Et qu\u2019il n\u2019a rien non plus d\u2019un \u201cprojet\u201d pour un futur dystopique. Mais qu\u2019il&hellip;<\/p>\n <a href=\"https:\/\/outsiderland.com\/danahilliot\/remarques-sur-le-suprematisme-blanc-et-les-politiques-migratoires-europeennes\/\" title=\"Remarques sur le supr\u00e9matisme blanc et les \u00ab\u00a0politiques migratoires\u00a0\u00bb europ\u00e9ennes\" class=\"entry-more-link\"><span>Read More<\/span> <span class=\"screen-reader-text\">Remarques sur le supr\u00e9matisme blanc et les \u00ab\u00a0politiques migratoires\u00a0\u00bb europ\u00e9ennes<\/span><\/a>","protected":false},"author":1,"featured_media":4827,"comment_status":"closed","ping_status":"open","sticky":false,"template":"","format":"standard","meta":{"Layout":"","footnotes":"","jetpack_publicize_message":"","jetpack_publicize_feature_enabled":true,"jetpack_social_post_already_shared":true,"jetpack_social_options":{"image_generator_settings":{"template":"highway","default_image_id":0,"font":"","enabled":false},"version":2}},"categories":[61,68,76,79,77],"tags":[],"class_list":["entry","author-danah","post-4825","post","type-post","status-publish","format-standard","has-post-thumbnail","category-chronique","category-crise","category-histoire","category-neo-liberalismes","category-xenophobie"],"yoast_head":"<!-- This site is optimized with the Yoast SEO plugin v27.0 - https:\/\/yoast.com\/product\/yoast-seo-wordpress\/ -->\n<title>Remarques sur le supr\u00e9matisme blanc et les &quot;politiques migratoires&quot; europ\u00e9ennes - Outside Dana Hilliot<\/title>\n<meta name=\"robots\" content=\"index, follow, max-snippet:-1, max-image-preview:large, max-video-preview:-1\" \/>\n<link rel=\"canonical\" href=\"https:\/\/outsiderland.com\/danahilliot\/remarques-sur-le-suprematisme-blanc-et-les-politiques-migratoires-europeennes\/\" \/>\n<meta property=\"og:locale\" content=\"fr_FR\" \/>\n<meta property=\"og:type\" content=\"article\" \/>\n<meta property=\"og:title\" content=\"Remarques sur le supr\u00e9matisme blanc et les &quot;politiques migratoires&quot; europ\u00e9ennes - Outside Dana Hilliot\" \/>\n<meta property=\"og:description\" content=\"Plus \u00e7a va, plus je suis absolument convaincu que le r\u00e9cit supr\u00e9matiste blanc qui semble ressurgir actuellement, saturant les agendas politiques des pays de l\u2019Ouest, n\u2019est pas seulement inspir\u00e9 par la nostalgie d\u2019un monde unipolaire domin\u00e9 par les puissances coloniales europ\u00e9ennes. Et qu\u2019il n\u2019a rien non plus d\u2019un \u201cprojet\u201d pour un futur dystopique. Mais qu\u2019il&hellip;\" \/>\n<meta property=\"og:url\" content=\"https:\/\/outsiderland.com\/danahilliot\/remarques-sur-le-suprematisme-blanc-et-les-politiques-migratoires-europeennes\/\" \/>\n<meta property=\"og:site_name\" content=\"Outside Dana Hilliot\" \/>\n<meta property=\"article:published_time\" content=\"2023-12-12T18:53:12+00:00\" \/>\n<meta property=\"article:modified_time\" content=\"2024-01-16T09:53:41+00:00\" \/>\n<meta property=\"og:image\" content=\"https:\/\/outsiderland.com\/danahilliot\/wp-content\/uploads\/2023\/12\/AFAD_Kilis_kampi-scaled.jpg\" \/>\n\t<meta property=\"og:image:width\" content=\"2560\" \/>\n\t<meta property=\"og:image:height\" content=\"1700\" \/>\n\t<meta property=\"og:image:type\" content=\"image\/jpeg\" \/>\n<meta name=\"author\" content=\"danah\" \/>\n<meta name=\"twitter:card\" content=\"summary_large_image\" \/>\n<meta name=\"twitter:label1\" content=\"\u00c9crit par\" \/>\n\t<meta name=\"twitter:data1\" content=\"danah\" \/>\n\t<meta name=\"twitter:label2\" content=\"Dur\u00e9e de lecture estim\u00e9e\" \/>\n\t<meta name=\"twitter:data2\" content=\"4 minutes\" \/>\n<script type=\"application\/ld+json\" class=\"yoast-schema-graph\">{\"@context\":\"https:\/\/schema.org\",\"@graph\":[{\"@type\":\"Article\",\"@id\":\"https:\/\/outsiderland.com\/danahilliot\/remarques-sur-le-suprematisme-blanc-et-les-politiques-migratoires-europeennes\/#article\",\"isPartOf\":{\"@id\":\"https:\/\/outsiderland.com\/danahilliot\/remarques-sur-le-suprematisme-blanc-et-les-politiques-migratoires-europeennes\/\"},\"author\":{\"name\":\"danah\",\"@id\":\"https:\/\/outsiderland.com\/danahilliot\/#\/schema\/person\/2f9b92e9fff19bccc36638b10510d5ae\"},\"headline\":\"Remarques sur le supr\u00e9matisme blanc et les \u00ab\u00a0politiques migratoires\u00a0\u00bb europ\u00e9ennes\",\"datePublished\":\"2023-12-12T18:53:12+00:00\",\"dateModified\":\"2024-01-16T09:53:41+00:00\",\"mainEntityOfPage\":{\"@id\":\"https:\/\/outsiderland.com\/danahilliot\/remarques-sur-le-suprematisme-blanc-et-les-politiques-migratoires-europeennes\/\"},\"wordCount\":900,\"publisher\":{\"@id\":\"https:\/\/outsiderland.com\/danahilliot\/#\/schema\/person\/201a1fef0f5c2897bd65e98bcf6b1179\"},\"image\":{\"@id\":\"https:\/\/outsiderland.com\/danahilliot\/remarques-sur-le-suprematisme-blanc-et-les-politiques-migratoires-europeennes\/#primaryimage\"},\"thumbnailUrl\":\"https:\/\/outsiderland.com\/danahilliot\/wp-content\/uploads\/2023\/12\/AFAD_Kilis_kampi-scaled.jpg\",\"articleSection\":[\"Chronique\",\"Crise\",\"Histoire\",\"N\u00e9o-lib\u00e9ralismes\",\"X\u00e9nophobie\"],\"inLanguage\":\"fr-FR\"},{\"@type\":\"WebPage\",\"@id\":\"https:\/\/outsiderland.com\/danahilliot\/remarques-sur-le-suprematisme-blanc-et-les-politiques-migratoires-europeennes\/\",\"url\":\"https:\/\/outsiderland.com\/danahilliot\/remarques-sur-le-suprematisme-blanc-et-les-politiques-migratoires-europeennes\/\",\"name\":\"Remarques sur le supr\u00e9matisme blanc et les \\\"politiques migratoires\\\" europ\u00e9ennes - Outside Dana Hilliot\",\"isPartOf\":{\"@id\":\"https:\/\/outsiderland.com\/danahilliot\/#website\"},\"primaryImageOfPage\":{\"@id\":\"https:\/\/outsiderland.com\/danahilliot\/remarques-sur-le-suprematisme-blanc-et-les-politiques-migratoires-europeennes\/#primaryimage\"},\"image\":{\"@id\":\"https:\/\/outsiderland.com\/danahilliot\/remarques-sur-le-suprematisme-blanc-et-les-politiques-migratoires-europeennes\/#primaryimage\"},\"thumbnailUrl\":\"https:\/\/outsiderland.com\/danahilliot\/wp-content\/uploads\/2023\/12\/AFAD_Kilis_kampi-scaled.jpg\",\"datePublished\":\"2023-12-12T18:53:12+00:00\",\"dateModified\":\"2024-01-16T09:53:41+00:00\",\"breadcrumb\":{\"@id\":\"https:\/\/outsiderland.com\/danahilliot\/remarques-sur-le-suprematisme-blanc-et-les-politiques-migratoires-europeennes\/#breadcrumb\"},\"inLanguage\":\"fr-FR\",\"potentialAction\":[{\"@type\":\"ReadAction\",\"target\":[\"https:\/\/outsiderland.com\/danahilliot\/remarques-sur-le-suprematisme-blanc-et-les-politiques-migratoires-europeennes\/\"]}]},{\"@type\":\"ImageObject\",\"inLanguage\":\"fr-FR\",\"@id\":\"https:\/\/outsiderland.com\/danahilliot\/remarques-sur-le-suprematisme-blanc-et-les-politiques-migratoires-europeennes\/#primaryimage\",\"url\":\"https:\/\/outsiderland.com\/danahilliot\/wp-content\/uploads\/2023\/12\/AFAD_Kilis_kampi-scaled.jpg\",\"contentUrl\":\"https:\/\/outsiderland.com\/danahilliot\/wp-content\/uploads\/2023\/12\/AFAD_Kilis_kampi-scaled.jpg\",\"width\":2560,\"height\":1700,\"caption\":\"ANADOLU AGENCY HAD OBSERVED CONTAINER CITY BY HELICOPTER. THE CITY HAS BEEN ESTABLISHED IN KILIS TO HOST SYRIAN REFUGEES WHO ESCAPED TURKEY BECAUSE OF THE BAD LIFE CONDITIONS IN SYRIA. FIRSTLY, THE CONTAINER CITIES SETTLED IN THE ALTINOZU AND REYHANLI, THE TWO SMALL TOWNS OF HATAY, AND THEN MOVED TO KILIS. IT HAS BEEN OBSERVED THAT REFUGEES GET USED TO LIVE WITH THEIR NEW LIFE CONDITIONS. (ANADOLU AJANSI - ADEM YILMAZ) (20120410)\"},{\"@type\":\"BreadcrumbList\",\"@id\":\"https:\/\/outsiderland.com\/danahilliot\/remarques-sur-le-suprematisme-blanc-et-les-politiques-migratoires-europeennes\/#breadcrumb\",\"itemListElement\":[{\"@type\":\"ListItem\",\"position\":1,\"name\":\"Accueil\",\"item\":\"https:\/\/outsiderland.com\/danahilliot\/\"},{\"@type\":\"ListItem\",\"position\":2,\"name\":\"Remarques sur le supr\u00e9matisme blanc et les \u00ab\u00a0politiques migratoires\u00a0\u00bb europ\u00e9ennes\"}]},{\"@type\":\"WebSite\",\"@id\":\"https:\/\/outsiderland.com\/danahilliot\/#website\",\"url\":\"https:\/\/outsiderland.com\/danahilliot\/\",\"name\":\"Outside Dana Hilliot\",\"description\":\". Archives . Activit\u00e9s . Projets .\",\"publisher\":{\"@id\":\"https:\/\/outsiderland.com\/danahilliot\/#\/schema\/person\/201a1fef0f5c2897bd65e98bcf6b1179\"},\"potentialAction\":[{\"@type\":\"SearchAction\",\"target\":{\"@type\":\"EntryPoint\",\"urlTemplate\":\"https:\/\/outsiderland.com\/danahilliot\/?s={search_term_string}\"},\"query-input\":{\"@type\":\"PropertyValueSpecification\",\"valueRequired\":true,\"valueName\":\"search_term_string\"}}],\"inLanguage\":\"fr-FR\"},{\"@type\":[\"Person\",\"Organization\"],\"@id\":\"https:\/\/outsiderland.com\/danahilliot\/#\/schema\/person\/201a1fef0f5c2897bd65e98bcf6b1179\",\"name\":\"danahilliot\",\"image\":{\"@type\":\"ImageObject\",\"inLanguage\":\"fr-FR\",\"@id\":\"https:\/\/outsiderland.com\/danahilliot\/#\/schema\/person\/image\/\",\"url\":\"https:\/\/outsiderland.com\/danahilliot\/wp-content\/uploads\/2026\/02\/50801449407_a909f2c1ad_k.jpg\",\"contentUrl\":\"https:\/\/outsiderland.com\/danahilliot\/wp-content\/uploads\/2026\/02\/50801449407_a909f2c1ad_k.jpg\",\"width\":2048,\"height\":1536,\"caption\":\"danahilliot\"},\"logo\":{\"@id\":\"https:\/\/outsiderland.com\/danahilliot\/#\/schema\/person\/image\/\"}},{\"@type\":\"Person\",\"@id\":\"https:\/\/outsiderland.com\/danahilliot\/#\/schema\/person\/2f9b92e9fff19bccc36638b10510d5ae\",\"name\":\"danah\",\"image\":{\"@type\":\"ImageObject\",\"inLanguage\":\"fr-FR\",\"@id\":\"https:\/\/outsiderland.com\/danahilliot\/#\/schema\/person\/image\/\",\"url\":\"https:\/\/secure.gravatar.com\/avatar\/ed6349755e1d97f204277de3d09fc6ac31abd856835c8ea3c3a30d0aa84b0ddd?s=96&d=mm&r=g\",\"contentUrl\":\"https:\/\/secure.gravatar.com\/avatar\/ed6349755e1d97f204277de3d09fc6ac31abd856835c8ea3c3a30d0aa84b0ddd?s=96&d=mm&r=g\",\"caption\":\"danah\"},\"url\":\"https:\/\/outsiderland.com\/danahilliot\/author\/danah\/\"}]}<\/script>\n<!-- \/ Yoast SEO plugin. -->","yoast_head_json":{"title":"Remarques sur le supr\u00e9matisme blanc et les \"politiques migratoires\" europ\u00e9ennes - Outside Dana Hilliot","robots":{"index":"index","follow":"follow","max-snippet":"max-snippet:-1","max-image-preview":"max-image-preview:large","max-video-preview":"max-video-preview:-1"},"canonical":"https:\/\/outsiderland.com\/danahilliot\/remarques-sur-le-suprematisme-blanc-et-les-politiques-migratoires-europeennes\/","og_locale":"fr_FR","og_type":"article","og_title":"Remarques sur le supr\u00e9matisme blanc et les \"politiques migratoires\" europ\u00e9ennes - Outside Dana Hilliot","og_description":"Plus \u00e7a va, plus je suis absolument convaincu que le r\u00e9cit supr\u00e9matiste blanc qui semble ressurgir actuellement, saturant les agendas politiques des pays de l\u2019Ouest, n\u2019est pas seulement inspir\u00e9 par la nostalgie d\u2019un monde unipolaire domin\u00e9 par les puissances coloniales europ\u00e9ennes. Et qu\u2019il n\u2019a rien non plus d\u2019un \u201cprojet\u201d pour un futur dystopique. Mais qu\u2019il&hellip;","og_url":"https:\/\/outsiderland.com\/danahilliot\/remarques-sur-le-suprematisme-blanc-et-les-politiques-migratoires-europeennes\/","og_site_name":"Outside Dana Hilliot","article_published_time":"2023-12-12T18:53:12+00:00","article_modified_time":"2024-01-16T09:53:41+00:00","og_image":[{"width":2560,"height":1700,"url":"https:\/\/outsiderland.com\/danahilliot\/wp-content\/uploads\/2023\/12\/AFAD_Kilis_kampi-scaled.jpg","type":"image\/jpeg"}],"author":"danah","twitter_card":"summary_large_image","twitter_misc":{"\u00c9crit par":"danah","Dur\u00e9e de lecture estim\u00e9e":"4 minutes"},"schema":{"@context":"https:\/\/schema.org","@graph":[{"@type":"Article","@id":"https:\/\/outsiderland.com\/danahilliot\/remarques-sur-le-suprematisme-blanc-et-les-politiques-migratoires-europeennes\/#article","isPartOf":{"@id":"https:\/\/outsiderland.com\/danahilliot\/remarques-sur-le-suprematisme-blanc-et-les-politiques-migratoires-europeennes\/"},"author":{"name":"danah","@id":"https:\/\/outsiderland.com\/danahilliot\/#\/schema\/person\/2f9b92e9fff19bccc36638b10510d5ae"},"headline":"Remarques sur le supr\u00e9matisme blanc et les \u00ab\u00a0politiques migratoires\u00a0\u00bb europ\u00e9ennes","datePublished":"2023-12-12T18:53:12+00:00","dateModified":"2024-01-16T09:53:41+00:00","mainEntityOfPage":{"@id":"https:\/\/outsiderland.com\/danahilliot\/remarques-sur-le-suprematisme-blanc-et-les-politiques-migratoires-europeennes\/"},"wordCount":900,"publisher":{"@id":"https:\/\/outsiderland.com\/danahilliot\/#\/schema\/person\/201a1fef0f5c2897bd65e98bcf6b1179"},"image":{"@id":"https:\/\/outsiderland.com\/danahilliot\/remarques-sur-le-suprematisme-blanc-et-les-politiques-migratoires-europeennes\/#primaryimage"},"thumbnailUrl":"https:\/\/outsiderland.com\/danahilliot\/wp-content\/uploads\/2023\/12\/AFAD_Kilis_kampi-scaled.jpg","articleSection":["Chronique","Crise","Histoire","N\u00e9o-lib\u00e9ralismes","X\u00e9nophobie"],"inLanguage":"fr-FR"},{"@type":"WebPage","@id":"https:\/\/outsiderland.com\/danahilliot\/remarques-sur-le-suprematisme-blanc-et-les-politiques-migratoires-europeennes\/","url":"https:\/\/outsiderland.com\/danahilliot\/remarques-sur-le-suprematisme-blanc-et-les-politiques-migratoires-europeennes\/","name":"Remarques sur le supr\u00e9matisme blanc et les \"politiques migratoires\" europ\u00e9ennes - Outside Dana Hilliot","isPartOf":{"@id":"https:\/\/outsiderland.com\/danahilliot\/#website"},"primaryImageOfPage":{"@id":"https:\/\/outsiderland.com\/danahilliot\/remarques-sur-le-suprematisme-blanc-et-les-politiques-migratoires-europeennes\/#primaryimage"},"image":{"@id":"https:\/\/outsiderland.com\/danahilliot\/remarques-sur-le-suprematisme-blanc-et-les-politiques-migratoires-europeennes\/#primaryimage"},"thumbnailUrl":"https:\/\/outsiderland.com\/danahilliot\/wp-content\/uploads\/2023\/12\/AFAD_Kilis_kampi-scaled.jpg","datePublished":"2023-12-12T18:53:12+00:00","dateModified":"2024-01-16T09:53:41+00:00","breadcrumb":{"@id":"https:\/\/outsiderland.com\/danahilliot\/remarques-sur-le-suprematisme-blanc-et-les-politiques-migratoires-europeennes\/#breadcrumb"},"inLanguage":"fr-FR","potentialAction":[{"@type":"ReadAction","target":["https:\/\/outsiderland.com\/danahilliot\/remarques-sur-le-suprematisme-blanc-et-les-politiques-migratoires-europeennes\/"]}]},{"@type":"ImageObject","inLanguage":"fr-FR","@id":"https:\/\/outsiderland.com\/danahilliot\/remarques-sur-le-suprematisme-blanc-et-les-politiques-migratoires-europeennes\/#primaryimage","url":"https:\/\/outsiderland.com\/danahilliot\/wp-content\/uploads\/2023\/12\/AFAD_Kilis_kampi-scaled.jpg","contentUrl":"https:\/\/outsiderland.com\/danahilliot\/wp-content\/uploads\/2023\/12\/AFAD_Kilis_kampi-scaled.jpg","width":2560,"height":1700,"caption":"ANADOLU AGENCY HAD OBSERVED CONTAINER CITY BY HELICOPTER. THE CITY HAS BEEN ESTABLISHED IN KILIS TO HOST SYRIAN REFUGEES WHO ESCAPED TURKEY BECAUSE OF THE BAD LIFE CONDITIONS IN SYRIA. FIRSTLY, THE CONTAINER CITIES SETTLED IN THE ALTINOZU AND REYHANLI, THE TWO SMALL TOWNS OF HATAY, AND THEN MOVED TO KILIS. IT HAS BEEN OBSERVED THAT REFUGEES GET USED TO LIVE WITH THEIR NEW LIFE CONDITIONS. (ANADOLU AJANSI - ADEM YILMAZ) (20120410)"},{"@type":"BreadcrumbList","@id":"https:\/\/outsiderland.com\/danahilliot\/remarques-sur-le-suprematisme-blanc-et-les-politiques-migratoires-europeennes\/#breadcrumb","itemListElement":[{"@type":"ListItem","position":1,"name":"Accueil","item":"https:\/\/outsiderland.com\/danahilliot\/"},{"@type":"ListItem","position":2,"name":"Remarques sur le supr\u00e9matisme blanc et les \u00ab\u00a0politiques migratoires\u00a0\u00bb europ\u00e9ennes"}]},{"@type":"WebSite","@id":"https:\/\/outsiderland.com\/danahilliot\/#website","url":"https:\/\/outsiderland.com\/danahilliot\/","name":"Outside Dana Hilliot","description":". Archives . Activit\u00e9s . Projets .","publisher":{"@id":"https:\/\/outsiderland.com\/danahilliot\/#\/schema\/person\/201a1fef0f5c2897bd65e98bcf6b1179"},"potentialAction":[{"@type":"SearchAction","target":{"@type":"EntryPoint","urlTemplate":"https:\/\/outsiderland.com\/danahilliot\/?s={search_term_string}"},"query-input":{"@type":"PropertyValueSpecification","valueRequired":true,"valueName":"search_term_string"}}],"inLanguage":"fr-FR"},{"@type":["Person","Organization"],"@id":"https:\/\/outsiderland.com\/danahilliot\/#\/schema\/person\/201a1fef0f5c2897bd65e98bcf6b1179","name":"danahilliot","image":{"@type":"ImageObject","inLanguage":"fr-FR","@id":"https:\/\/outsiderland.com\/danahilliot\/#\/schema\/person\/image\/","url":"https:\/\/outsiderland.com\/danahilliot\/wp-content\/uploads\/2026\/02\/50801449407_a909f2c1ad_k.jpg","contentUrl":"https:\/\/outsiderland.com\/danahilliot\/wp-content\/uploads\/2026\/02\/50801449407_a909f2c1ad_k.jpg","width":2048,"height":1536,"caption":"danahilliot"},"logo":{"@id":"https:\/\/outsiderland.com\/danahilliot\/#\/schema\/person\/image\/"}},{"@type":"Person","@id":"https:\/\/outsiderland.com\/danahilliot\/#\/schema\/person\/2f9b92e9fff19bccc36638b10510d5ae","name":"danah","image":{"@type":"ImageObject","inLanguage":"fr-FR","@id":"https:\/\/outsiderland.com\/danahilliot\/#\/schema\/person\/image\/","url":"https:\/\/secure.gravatar.com\/avatar\/ed6349755e1d97f204277de3d09fc6ac31abd856835c8ea3c3a30d0aa84b0ddd?s=96&d=mm&r=g","contentUrl":"https:\/\/secure.gravatar.com\/avatar\/ed6349755e1d97f204277de3d09fc6ac31abd856835c8ea3c3a30d0aa84b0ddd?s=96&d=mm&r=g","caption":"danah"},"url":"https:\/\/outsiderland.com\/danahilliot\/author\/danah\/"}]}},"jetpack_publicize_connections":[],"_links":{"self":[{"href":"https:\/\/outsiderland.com\/danahilliot\/wp-json\/wp\/v2\/posts\/4825","targetHints":{"allow":["GET"]}}],"collection":[{"href":"https:\/\/outsiderland.com\/danahilliot\/wp-json\/wp\/v2\/posts"}],"about":[{"href":"https:\/\/outsiderland.com\/danahilliot\/wp-json\/wp\/v2\/types\/post"}],"author":[{"embeddable":true,"href":"https:\/\/outsiderland.com\/danahilliot\/wp-json\/wp\/v2\/users\/1"}],"replies":[{"embeddable":true,"href":"https:\/\/outsiderland.com\/danahilliot\/wp-json\/wp\/v2\/comments?post=4825"}],"version-history":[{"count":6,"href":"https:\/\/outsiderland.com\/danahilliot\/wp-json\/wp\/v2\/posts\/4825\/revisions"}],"predecessor-version":[{"id":4828,"href":"https:\/\/outsiderland.com\/danahilliot\/wp-json\/wp\/v2\/posts\/4825\/revisions\/4828"}],"wp:featuredmedia":[{"embeddable":true,"href":"https:\/\/outsiderland.com\/danahilliot\/wp-json\/wp\/v2\/media\/4827"}],"wp:attachment":[{"href":"https:\/\/outsiderland.com\/danahilliot\/wp-json\/wp\/v2\/media?parent=4825"}],"wp:term":[{"taxonomy":"category","embeddable":true,"href":"https:\/\/outsiderland.com\/danahilliot\/wp-json\/wp\/v2\/categories?post=4825"},{"taxonomy":"post_tag","embeddable":true,"href":"https:\/\/outsiderland.com\/danahilliot\/wp-json\/wp\/v2\/tags?post=4825"}],"curies":[{"name":"wp","href":"https:\/\/api.w.org\/{rel}","templated":true}]}}