{"id":4768,"date":"2023-11-16T16:08:08","date_gmt":"2023-11-16T16:08:08","guid":{"rendered":"https:\/\/outsiderland.com\/danahilliot\/?p=4768"},"modified":"2025-01-22T15:09:54","modified_gmt":"2025-01-22T15:09:54","slug":"de-la-guerre-envisagee-sous-langle-de-la-catastrophe-climatique","status":"publish","type":"post","link":"https:\/\/outsiderland.com\/danahilliot\/de-la-guerre-envisagee-sous-langle-de-la-catastrophe-climatique\/","title":{"rendered":"De la guerre envisag\u00e9e sous l&rsquo;angle de la catastrophe climatique"},"content":{"rendered":"<p align=\"justify\">(Je remercie Larus Mammut (larus_mammut@mastodon.social ) pour la discussion concernant cette question sur le r\u00e9seau Mastodon)<\/p>\n<p align=\"justify\"><span lang=\"fr-FR\">Le recueil <\/span><span lang=\"fr-FR\"><i>Critical Distater Studies<\/i><\/span><span lang=\"fr-FR\"> r\u00e9unit des \u00e9tudes portant sur la gestion des risques et des catastrophes dans le monde contemporain, \u00e9tudes qui d\u00e9noncent la mani\u00e8re dont les catastrophes sont la plupart du temps instrumentalis\u00e9es et consid\u00e9r\u00e9es non seulement comme des opportunit\u00e9s pour le march\u00e9 (tourisme et b\u00e2timent en premier lieu), mais aussi bien souvent comme ce qui justifie des r\u00e9am\u00e9nagements du territoire au profit des classes dominantes et au d\u00e9triment des plus pauvres. \u00c0 la toute fin de l\u2019ouvrage on trouve un \u00ab\u00a0afterwords\u00a0\u00bb de Kenneth Hewitt, g\u00e9ographe qui a notamment travaill\u00e9 sur les glaciers himalayens <\/span><span lang=\"fr-FR\">et a publi\u00e9 une excellente synth\u00e8se intitul\u00e9e \u00ab\u00a0<\/span>Regions of Risk\u00a0: A Geographical Introduction to Disasters<span lang=\"fr-FR\">\u00a0\u00bb. <\/span><span lang=\"fr-FR\">Il rel\u00e8ve<\/span> <span lang=\"fr-FR\">dans cet article<\/span><span lang=\"fr-FR\"> l\u2019absence dans les politiques de gestion des catastrophes des d\u00e9sastres caus\u00e9s par l\u2019homme\u00a0: les famines (que, dans la lign\u00e9e d\u2019Amartya Sen ou Michael Watts, <\/span><span lang=\"fr-FR\">il consid\u00e8re principalement comme le r\u00e9sultat de politiques agraires et \u00e9conomiques), les catastrophes \u00ab\u00a0industrielles\u00a0\u00bb, et les guerres.<\/span><\/p>\n<p>Je m\u2019inspire ici de ces remarques (dont on trouvera une traduction rapide ci-dessous) pour me pencher sur la question de la relation de la guerre et du climat. La premi\u00e8re chose qui frappe, c\u2019est la mani\u00e8re dont les conflits militaires qu\u2019ils soient ext\u00e9rieurs, entre plusieurs \u00c9tats rivaux, ou internes, dans le cadre d\u2019une guerre \u00ab civile \u00bb, occupent une place \u00ab \u00e0 part \u00bb dans la liste des maux qui accablent l\u2019humanit\u00e9, et ce, comme le rappelle Hewith, malgr\u00e9 leur gravit\u00e9, le nombre de victimes et la persistance de ses effets sur les populations (et l\u2019environnement). Il est d\u2019ailleurs remarquable que les d\u00e9g\u00e2ts caus\u00e9s sur les environnements par l\u2019industrie militaire \u2013 car si les bombes tombent du ciel, elles ne sont pas cr\u00e9\u00e9es ex-nihilo et impliquent, comme n\u2019importe quelle arme, des activit\u00e9s extractives, des \u00e9missions carbon\u00e9es, la manipulation et le rejet de composants extraordinairement toxiques (pensez par exemple au napalm ou au phosphore) \u2013, et que la destruction pure et simple de territoires, dont on dit qu\u2019ils peuvent \u00eatre \u00ab ray\u00e9s de la carte \u00bb, avec toutes les cons\u00e9quences \u00e9cologiques que cela suppose, sans parler des d\u00e9g\u00e2ts \u00e0 long terme (empoisonnement des sols, des rivi\u00e8res et des fleuves, des habitats humains et non-humains, champs de mines rendant certaines portions du territoire impraticables et inaccessibles \u00e0 l\u2019activit\u00e9 agricole par exemple), ne soient que rarement \u00e9voqu\u00e9s dans la liste des variables \u00e0 prendre en compte pour \u00e9valuer la crise climatique pass\u00e9e, pr\u00e9sente et \u00e0 venir.<\/p>\n<p>Il semble donc que la guerre, et ses implications aussi bien en amont qu\u2019en aval du conflit proprement dit, rel\u00e8ve d\u2019autres ordres de pr\u00e9occupation : g\u00e9opolitique, historique, national (au sens o\u00f9 la guerre s\u2019\u00e9panouit dans les Grands R\u00e9cits sur lesquels s\u2019arriment les constructions identitaires nationales ou patriotiques). Traduit dans les termes des politiques n\u00e9olib\u00e9rales qui dominent outrageusement les gouvernances dans le monde, la guerre fait partie des (rares) devoirs \u00ab r\u00e9galiens \u00bb que les \u00c9tats ne semblent pas m\u00eame pouvoir imaginer de remettre en question. Aucune puissance politique n\u2019envisage s\u00e9rieusement de r\u00e9duire ses investissements militaires, et les populations, dans leur immense majorit\u00e9, n&rsquo;imaginent pas qu\u2019on s&rsquo;aventure \u00e0 rogner sur les budgets consacr\u00e9s \u00e0 la d\u00e9fense. Nous vivons, aujourd\u2019hui comme aux temps de la guerre soi-disant \u00ab froide \u00bb, une \u00e8re de guerre sempiternelle. Le r\u00e9cit n\u00e9olib\u00e9ral qui consid\u00e9rait, apr\u00e8s 1945, qu\u2019une comp\u00e9tition \u00e9conomique lib\u00e9r\u00e9e sur un march\u00e9 d\u00e9r\u00e9gul\u00e9 devenu mondial aurait rendu obsol\u00e8te le besoin de se faire la guerre militairement, au sens litt\u00e9ral si l\u2019on peut parler ainsi, s\u2019est av\u00e9r\u00e9 n\u2019\u00eatre qu\u2019un mythe. Ce contexte d\u2019une guerre sempiternelle, qu\u2019elle soit \u00e9conomique ou militaire, adoss\u00e9 \u00e0 l\u2019exacerbation des nationalismes, constitue une catastrophe pour les populations victimes, pass\u00e9es, pr\u00e9sentes et \u00e0 venir, aussi bien qu\u2019un d\u00e9sastre pour les environnements et pour l\u2019\u00e9volution du climat.<\/p>\n<p align=\"justify\"><span lang=\"fr-FR\">P<\/span><span lang=\"fr-FR\">ire encore, par un effet de boucle en quelque sorte, la crise climatique fournit d\u00e9j\u00e0, et fourni<\/span><span lang=\"fr-FR\">r<\/span><span lang=\"fr-FR\">a plus encore dans le futur, le pr\u00e9texte ou l\u2019occasion de nouveaux conflits portant sur les disputes li\u00e9es \u00e0 l\u2019acc\u00e8s et la disponibilit\u00e9 des ressources\u00a0: l\u2019eau (et le contr\u00f4le des barrages en amont des grands fleuves internationaux), les terres cultivables, les minerais, le p\u00e9trole, le gaz, et j\u2019en passe, toutes les ressources font d\u00e9j\u00e0 l\u2019objet de guerres \u00e9conomiques qui d\u00e9g\u00e9n\u00e8rent ou menacent de d\u00e9g\u00e9n\u00e9rer en conflits militaires. Les prospectives pour le futur envisagent logiquement non seulement la perp\u00e9tuation mais aussi l\u2019augmentation des conflits arm\u00e9s pour ces motifs.<\/span><\/p>\n<p align=\"justify\"><span lang=\"fr-FR\">R<\/span><span lang=\"fr-FR\">amener les conflits militaires, les bombardements des villes notamment, la destruction d\u00e9lib\u00e9r\u00e9 de biotopes, <\/span><span lang=\"fr-FR\">au champ des catastrophes et les inscrire dans les politiques de gestion des risques comme le sugg\u00e8re ici Kenneth Hewitt, me semble \u00eatre une \u00e9tape n\u00e9cessaire, qui peut \u00eatre \u00e9largi dans le cadre de la crise climatique, comme je le sugg\u00e8re <\/span><span lang=\"fr-FR\">(on n\u2019en prend \u00e9videmment pas le chemin, c\u2019est le moins qu\u2019on puisse dire). Pour le dire autrement, si la crise climatique est cette \u00ab\u00a0lente catastrophe\u00a0\u00bb caus\u00e9e par certaines activit\u00e9s humaines, alors il est temps d&rsquo;\u00e9largir notre compr\u00e9hension des catastrophes en y rapportant celles qui sont cr\u00e9\u00e9es, partiellement ou en totalit\u00e9, par les \u00eatres humains. Ce qui signifie s&rsquo;opposer \u00e0 la tendance des politiques n\u00e9olib\u00e9rales \u00e0 \u00ab\u00a0naturaliser\u00a0\u00bb le d\u00e9r\u00e8glement climatique (dans une neutralisation environnementaliste encore trop r\u00e9pandue).<br \/>\n<\/span><\/p>\n<p lang=\"fr-FR\" align=\"justify\">***<\/p>\n<p lang=\"fr-FR\" align=\"justify\">Traduction d\u2019un extrait de\u00a0: Kenneth Hewitt, \u00ab\u00a0\u201cActs of Men\u201d. Disasters Neglected, Preventable, and Moral\u00a0\u00bb in <i>Critical disaster studies,<\/i> edited by Jacob A.C. Remes and Andy Horowitz, University of Pennsylvania Press, 2011, p. 188-191)<\/p>\n<blockquote>\n<p lang=\"fr-FR\" align=\"justify\">\u00ab\u00a0Les conceptions anciennes pla\u00e7aient la guerre parmi les grandes formes de calamit\u00e9. Aujourd\u2019hui, la communaut\u00e9 des chercheurs qui \u00e9tudient les catastrophes l\u2019ignore largement. N\u00e9anmoins, le militarisme et la violence arm\u00e9e s\u2019immiscent dans tous les aspects du travail sur les catastrophes et sont parmi les plus grandes sources de mort et de destruction d\u00e9sastreuses. La croissance exponentielle de la guerre et des budgets militaires en a fait \u00ab\u00a0<i>the \u00e9lephant in the room<\/i>\u00a0\u00bb, notamment en influen\u00e7ant les id\u00e9es et les pratiques de gestion des catastrophes.<\/p>\n<p lang=\"fr-FR\" align=\"justify\">Mon expression \u00ab\u00a0d\u00e9sastres de la guerre\u00a0\u00bb fait intentionnellement \u00e9cho au titre des gravures de Francisco Goya sur la guerre dans la p\u00e9ninsule de 1808-1814. Dans les sc\u00e8nes sinistres qui se succ\u00e8dent, Goya d\u00e9peint des civils terrifi\u00e9s, d\u00e9racin\u00e9s et massacr\u00e9s, et les charrettes charg\u00e9es de leurs morts jet\u00e9es dans des fosses communes. Les survivants sont affam\u00e9s, bless\u00e9s, emprisonn\u00e9s ou attendent la balle du bourreau. Lorsque des soldats apparaissent, c\u2019est pour les pendaisons ou les pelotons d\u2019ex\u00e9cution. Ils violent, torturent et assassinent les citoyens, mutilent les prisonniers de guerre ou, \u00e9tant eux-m\u00eames captifs, sont mutil\u00e9s par d\u2019autres soldats. Le combat \u2013 la guerre de combat \u2013 est totalement absent.<\/p>\n<p lang=\"fr-FR\" align=\"justify\">Les \u201cd\u00e9sastres\u201d de Goya sont loin de la guerre telle qu\u2019on la con\u00e7oit habituellement. Aussi sanglants et ruineux soient-ils, combattre est ce qu\u2019on attend des arm\u00e9es. Les forces combattantes, leurs batailles et leurs pertes, sont g\u00e9n\u00e9ralement consid\u00e9r\u00e9es comme h\u00e9ro\u00efques et courageuses, accomplissant les sacrifices les plus \u00e9lev\u00e9s et les plus d\u00e9sint\u00e9ress\u00e9s, reconnus comme sauveurs de la nation. Ils sont pay\u00e9s et re\u00e7oivent l\u2019ordre de tuer et de d\u00e9truire. Les d\u00e9sastres dont t\u00e9moigne Goya, en revanche, ne violent pas seulement les r\u00e8gles d\u2019engagement militaire\u00a0; ils sont largement consid\u00e9r\u00e9s comme des crimes de guerre et des crimes contre l\u2019humanit\u00e9. Ils font appel \u00e0 un sens plus profond de la \u201cviolence\u201d, li\u00e9 \u00e0 la violation\u00a0: \u00ab\u00a0profaner, d\u00e9shonorer, profaner, souiller.. corrompre ou g\u00e2cher\u00a0\u00bb. Ils impliquent des crimes et des calamit\u00e9s tels que le domicide, le gendrocide, l\u2019urbicide, le nettoyage ethnique et le g\u00e9nocide et, selon moi, si la violence est au c\u0153ur des \u00e9tudes critiques sur les catastrophes, ils impliquent des questions juridiques et morales.<\/p>\n<p lang=\"fr-FR\" align=\"justify\">Les attaques arm\u00e9es contre ou impliquant des civils cr\u00e9ent invariablement des catastrophes. Les majorit\u00e9s civiles sont militairement sans d\u00e9fense, des \u00ab\u00a0non-combattants\u00a0\u00bb par d\u00e9finition. Elles sont rarement prot\u00e9g\u00e9es de mani\u00e8re ad\u00e9quate. La plupart d\u2019entre eux vivent la guerre dans leur environnement domestique et communautaire en temps de paix\u00a0; ils sont susceptibles d\u2019assister \u00e0 l\u2019attaque et \u00e0 la mutilation d\u2019\u00eatres chers et vuln\u00e9rables. Les deux guerres mondiales dominent les totaux modernes des victimes non combattantes et des victimes militaires. Mais depuis 1945, le nombre de victimes civiles n\u2019a cess\u00e9 d\u2019augmenter.<\/p>\n<p lang=\"fr-FR\" align=\"justify\">Prenons l\u2019exemple des bombardements a\u00e9riens des villes britanniques, allemandes et japonaises pendant la Seconde Guerre mondiale. Les victimes civiles des raids a\u00e9riens dans les trois pays ont d\u00e9pass\u00e9 1,5 million de morts et 2,3 millions de bless\u00e9s graves. Plus de 17 millions de citadins ont perdu leur logement. L\u2019histoire des guerres a\u00e9riennes parle rarement de ceux qui ont subi les bombardements. Pourtant, les gouvernements ont accord\u00e9 une attention particuli\u00e8re aux civils des villes bombard\u00e9es, et les \u00e9valuations de leur \u201cmoral\u201d ont donn\u00e9 lieu \u00e0 de remarquables t\u00e9moignages sur le front int\u00e9rieur. Ces \u00ab\u00a0vues d\u2019en bas\u00a0\u00bb des r\u00e9alit\u00e9s civiles r\u00e9v\u00e8lent les d\u00e9sastres de la puissance a\u00e9rienne.<\/p>\n<p lang=\"fr-FR\" align=\"justify\">Les autorit\u00e9s militaires pr\u00e9f\u00e8rent les raids incendiaires et les raids nocturnes parce qu\u2019ils minimisent les pertes de l\u2019arm\u00e9e de l\u2019air. Mais ils frappent plus aveugl\u00e9ment les civils, et de mani\u00e8re horrible, en particulier les m\u00e8res et les enfants. Les m\u00e9nages urbains sont avant tout dirig\u00e9s par des femmes, tandis que les hommes sont au front ou incorpor\u00e9s dans les industries de guerre. La cat\u00e9gorie professionnelle la plus importante parmi les victimes des raids est celle des \u00ab\u00a0femmes au foyer\u00a0\u00bb. Dix fois plus de femmes civiles sont mortes que d\u2019aviateurs envoy\u00e9s contre elles. On pourrait parler d\u2019un conflit sexu\u00e9\u00a0: les hommes en haut de l\u2019\u00e9chelle ont tu\u00e9, les femmes en bas de l\u2019\u00e9chelle sont mortes.<\/p>\n<p lang=\"fr-FR\" align=\"justify\">Si l\u2019ensemble des campagnes urbaines semble \u00eatre une \u00ab\u00a0catastrophe caus\u00e9e par l\u2019homme\u00a0\u00bb, une s\u00e9rie d\u2019attaques moins nombreuses mais d\u00e9cisives cause une d\u00e9vastation sans pr\u00e9c\u00e9dent. La plupart des villes n\u2019ont subi qu\u2019une seule attaque. C\u2019est le cas de Coventry en novembre 1940 (568 morts civils), de Hambourg en juillet 1943 (40\u00a0000 morts civils) et de Dresde en f\u00e9vrier 1945 (35\u00a0000 morts civils). L\u2019attaque la plus destructrice et la plus meurtri\u00e8re a \u00e9t\u00e9 celle de Tokyo le 9 mars 1945, avec plus de 100\u00a0000 morts et 25\u00a0% de la superficie de la ville r\u00e9duite en cendres. Mais des centaines de villes ont \u00e9t\u00e9 pratiquement an\u00e9anties \u2013 la concentration et l\u2019\u00e9tendue des destructions ont \u00e9t\u00e9 bien sup\u00e9rieures, par exemple, aux projections actuelles des pertes dues au changement climatique jusqu\u2019\u00e0 la fin du XXIe si\u00e8cle \u2013 et chaque raid-catastrophe reste inscrit dans l\u2019histoire de la ville et dans la m\u00e9moire des survivants sous le nom de \u00ab\u00a0la catastrophe\u00a0\u00bb.<\/p>\n<p lang=\"fr-FR\" align=\"justify\">Pour les citadins, les catastrophes n\u2019ont pas commenc\u00e9 lorsque les bombes ont commenc\u00e9 \u00e0 tomber, pas plus qu\u2019elles n\u2019ont pris fin lorsque les incendies se sont \u00e9teints. La menace de l\u2019an\u00e9antissement plane sur toutes les villes du d\u00e9but \u00e0 la fin de la guerre, ou jusqu\u2019\u00e0 ce que leur \u00ab\u00a0raid catastrophe\u00a0\u00bb ait eu lieu. Se succ\u00e8dent des milliers d\u2019alarmes de raids, la plupart \u201cfausses\u201d, mais qui terrorisent les habitants. Pendant une d\u00e9cennie ou plus apr\u00e8s les attaques, les survivants survivent dans des quartiers en ruine et des abris de fortune, entour\u00e9s de d\u00e9combres, de poussi\u00e8re et de bombes non explos\u00e9es\u00a0; le souvenir de la guerre est remplac\u00e9 par le rappel permanent de catastrophes morales et humanitaires sans pr\u00e9c\u00e9dent.<\/p>\n<p lang=\"fr-FR\" align=\"justify\">Apr\u00e8s 1945, les attaques a\u00e9riennes poursuivirent l\u2019an\u00e9antissement des villes\u00a0: Pyonyang, Hanoi, Sarajevo, Grozny, Bagdad, Falluja, Sana&rsquo;h, Mogadiscio, Alep. Et les majorit\u00e9s les plus touch\u00e9es furent \u00e0 chaque fois les \u00ab\u00a0personnes prot\u00e9g\u00e9es\u00a0\u00bb des Conventions de Gen\u00e8ve de 1949\u00a0: enfants, m\u00e8res de jeunes enfants, personnes \u00e2g\u00e9es, malades ou handicap\u00e9es. Les raids des guerres de Cor\u00e9e et de la deuxi\u00e8me guerre d\u2019Indochine, des ann\u00e9es 1950 aux ann\u00e9es 1970, ont tristement utilis\u00e9 le napalm, responsable de terribles br\u00fblures et de d\u00e9c\u00e8s dus au monoxyde de carbone parmi les civils. Les guerres r\u00e9centes impliquent un plus grand d\u00e9ploiement d\u2019explosifs brisants, probablement en raison de l\u2019aridit\u00e9 des terres et du caract\u00e8re moins inflammable des biens dans le Grand Moyen-Orient et en Afrique du Nord. Rien qu\u2019en 2017, pr\u00e8s de 43\u00a0000 victimes et 24\u00a0848 d\u00e9c\u00e8s ont \u00e9t\u00e9 signal\u00e9s \u00e0 cause des armes explosives. Quelque 74\u00a0% des morts \u00e9taient des civils, ce chiffre atteignant 97\u00a0% dans le cas d\u2019attaques contre des march\u00e9s et des lieux de culte. Les r\u00e9fugi\u00e9s interrog\u00e9s en Europe ont indiqu\u00e9 que 85\u00a0% d\u2019entre eux fuyaient la menace de la violence explosive. En Afghanistan, 92\u00a0% des habitants ont \u00e9t\u00e9 directement touch\u00e9s par la violence explosive, et 90\u00a0% en Irak. Les populations d\u00e9plac\u00e9es de force sont revenues \u00e0 des niveaux jamais atteints depuis les guerres mondiales.<\/p>\n<p lang=\"fr-FR\" align=\"justify\">On peut affirmer que les armes et les strat\u00e9gies modernes ont rendu les villes, les non-combattants et les biens non militaires absolument vuln\u00e9rables. Les \u00e9normes investissements dans les armes et les arm\u00e9es co\u00efncident avec les plus grandes destructions visant l\u2019habitat et les pertes civiles, ainsi qu\u2019avec un manque extraordinaire de protection civile, notamment en ce qui concerne le r\u00e9tablissement de la paix.<\/p>\n<p lang=\"fr-FR\" align=\"justify\">Le travail sur les catastrophes a \u00e9galement des racines profondes dans la d\u00e9fense civile en temps de guerre, et la longue ombre des guerres mondiales plane sur le domaine des catastrophes. Jusqu\u2019\u00e0 un certain point. La guerre nucl\u00e9aire est la plus grande menace pour la survie de l\u2019humanit\u00e9 et de la plan\u00e8te, mais elle ne re\u00e7oit aucune attention de la part de la communaut\u00e9 des chercheurs qui \u00e9tudient les catastrophes. Pendant ce temps, les forces arm\u00e9es jouent un r\u00f4le de plus en plus important dans les r\u00e9ponses aux catastrophes. Les services de police sont de plus en plus lourdement arm\u00e9s. L\u2019absence de sensibilisation, et <i>a fortiori<\/i> de poursuite, de la r\u00e9solution des conflits, ou de la recherche et de la d\u00e9fense de la paix, peut expliquer l\u2019\u00e9chec des DRR (Disaster Risk Reduction) de mani\u00e8re plus g\u00e9n\u00e9rale.\u00a0\u00bb<\/p>\n<\/blockquote>\n<p lang=\"fr-FR\" align=\"justify\">****<\/p>\n<p lang=\"fr-FR\" align=\"justify\">\u00c0 lire \u00e9galement :<\/p>\n<p><a href=\"https:\/\/www.theguardian.com\/environment\/2014\/nov\/06\/whats-the-environmental-impact-of-modern-war\">https:\/\/www.theguardian.com\/environment\/2014\/nov\/06\/whats-the-environmental-impact-of-modern-war<\/a><\/p>\n<p><a href=\"https:\/\/theconversation.com\/us-military-is-a-bigger-polluter-than-as-many-as-140-countries-shrinking-this-war-machine-is-a-must-119269\">https:\/\/theconversation.com\/us-military-is-a-bigger-polluter-than-as-many-as-140-countries-shrinking-this-war-machine-is-a-must-119269<\/a><\/p>\n<p>NOTA BENE (janvier 2024) :<\/p>\n<div class=\"status__content\" tabindex=\"0\">\n<div class=\"status__content__text status__content__text--visible translate\" lang=\"fr\">\n<p>Je suis tomb\u00e9 au hasard de mes lecture et p\u00e9r\u00e9grinations bibliographiques sur ce volume d&rsquo;articles r\u00e9unis par Alexander Dunlap et Andrea Brock, Enforcing Ecocide. Power, Policing &amp; Planetary Militarization (Palgrave 2022)<\/p>\n<p>\u00c0 partir de cet excellent volume on peut d\u00e9couvrir une solide litt\u00e9rature \u00e0 ce sujet. Dunlap et Borck, s&rsquo;inscrivent dans un g\u00e9ographie politique anarchiste qui me convient bien. Les perspectives, qui d\u00e9montent les rouages du capitalisme extractiviste, sont radicales, et se conjuguent fort bien avec celles d&rsquo;autres auteurs que j&rsquo;appr\u00e9cie, par exemple Michael Watts et ses \u00e9l\u00e8ves, Peter Gelderloos, ou encore Erik Swyngedouw.<\/p>\n<p>J&rsquo;en dirais un peu plus quand j&rsquo;aurais avanc\u00e9 dans ma lecture.<\/p>\n<p><a class=\"status-link unhandled-link\" title=\"https:\/\/link.springer.com\/book\/10.1007\/978-3-030-99646-8\" translate=\"no\" href=\"https:\/\/link.springer.com\/book\/10.1007\/978-3-030-99646-8\" target=\"_blank\" rel=\"nofollow noopener noreferrer\"><span class=\"invisible\">https:\/\/<\/span><span class=\"ellipsis\">link.springer.com\/book\/10.1007<\/span><span class=\"invisible\">\/978-3-030-99646-8<\/span><\/a><\/p>\n<p>Alexander Dunlap est aussi l&rsquo;auteur de l&rsquo;incisif The Violent Technologies of Extraction. Political ecology, critical agrarian studies and the capitalist worldeater (avec Jostein Jakobsen) (Palgrave 2019)<\/p>\n<p>Les personnes qui s&rsquo;int\u00e9ressent aux perspectives anarchistes auront peut-\u00eatre d\u00e9j\u00e0 quelques textes de sa plume ici :<\/p>\n<p><a class=\"status-link unhandled-link\" title=\"https:\/\/theanarchistlibrary.org\/category\/author\/alexander-dunlap\" translate=\"no\" href=\"https:\/\/theanarchistlibrary.org\/category\/author\/alexander-dunlap\" target=\"_blank\" rel=\"nofollow noopener noreferrer\"><span class=\"invisible\">https:\/\/<\/span><span class=\"ellipsis\">theanarchistlibrary.org\/catego<\/span><span class=\"invisible\">ry\/author\/alexander-dunlap<\/span><\/a><\/p>\n<\/div>\n<\/div>\n<div class=\"media-gallery\">\n<div class=\"spoiler-button spoiler-button--minified\"><\/div>\n<\/div>\n<div class=\"media-gallery__item media-gallery__item--tall\">\n<p><a class=\"media-gallery__item-thumbnail\" href=\"https:\/\/climatejustice.social\/system\/media_attachments\/files\/111\/827\/996\/218\/548\/519\/original\/da01f34217dda834.png\" target=\"_blank\" rel=\"noopener noreferrer\"><img decoding=\"async\" class=\"aligncenter\" lang=\"fr\" title=\" The Violent Technologies of Extraction Political ecology, critical agrarian studies and the capitalist worldeate by Alexander Dunlap , Jostein Jakobsen\" src=\"https:\/\/climatejustice.social\/system\/media_attachments\/files\/111\/827\/996\/218\/548\/519\/small\/da01f34217dda834.png\" sizes=\"273px\" srcset=\"https:\/\/climatejustice.social\/system\/media_attachments\/files\/111\/827\/996\/218\/548\/519\/original\/da01f34217dda834.png 624w, https:\/\/climatejustice.social\/system\/media_attachments\/files\/111\/827\/996\/218\/548\/519\/small\/da01f34217dda834.png 395w\" alt=\" The Violent Technologies of Extraction Political ecology, critical agrarian studies and the capitalist worldeate by Alexander Dunlap , Jostein Jakobsen\" \/><\/a><\/p>\n<div class=\"media-gallery__item__badges\"><span class=\"media-gallery__gifv__label\">\u00a0<\/span><\/div>\n<\/div>\n<div class=\"media-gallery__item media-gallery__item--tall\"><a class=\"media-gallery__item-thumbnail\" href=\"https:\/\/climatejustice.social\/system\/media_attachments\/files\/111\/827\/996\/252\/298\/429\/original\/333b8cff79de7069.png\" target=\"_blank\" rel=\"noopener noreferrer\"><img decoding=\"async\" class=\"alignright\" lang=\"fr\" title=\" Enforcing Ecocide, Power, Policing &amp; Planetary Militarization Palgrave Macmillan by Alexander Dunlap, Andrea Brock\" src=\"https:\/\/climatejustice.social\/system\/media_attachments\/files\/111\/827\/996\/252\/298\/429\/small\/333b8cff79de7069.png\" sizes=\"273px\" srcset=\"https:\/\/climatejustice.social\/system\/media_attachments\/files\/111\/827\/996\/252\/298\/429\/original\/333b8cff79de7069.png 612w, https:\/\/climatejustice.social\/system\/media_attachments\/files\/111\/827\/996\/252\/298\/429\/small\/333b8cff79de7069.png 394w\" alt=\" Enforcing Ecocide, Power, Policing &amp; Planetary Militarization Palgrave Macmillan by Alexander Dunlap, Andrea Brock\" \/><\/a><\/div>\n","protected":false},"excerpt":{"rendered":"<p>(Je remercie Larus Mammut (larus_mammut@mastodon.social ) pour la discussion concernant cette question sur le r\u00e9seau Mastodon) Le recueil Critical Distater Studies r\u00e9unit des \u00e9tudes portant sur la gestion des risques et des catastrophes dans le monde contemporain, \u00e9tudes qui d\u00e9noncent la mani\u00e8re dont les catastrophes sont la plupart du temps instrumentalis\u00e9es et consid\u00e9r\u00e9es non seulement&hellip;<\/p>\n <a href=\"https:\/\/outsiderland.com\/danahilliot\/de-la-guerre-envisagee-sous-langle-de-la-catastrophe-climatique\/\" title=\"De la guerre envisag\u00e9e sous l&rsquo;angle de la catastrophe climatique\" class=\"entry-more-link\"><span>Read More<\/span> <span class=\"screen-reader-text\">De la guerre envisag\u00e9e sous l&rsquo;angle de la catastrophe climatique<\/span><\/a>","protected":false},"author":1,"featured_media":4770,"comment_status":"closed","ping_status":"open","sticky":false,"template":"","format":"standard","meta":{"Layout":"","footnotes":"","jetpack_publicize_message":"","jetpack_publicize_feature_enabled":true,"jetpack_social_post_already_shared":true,"jetpack_social_options":{"image_generator_settings":{"template":"highway","default_image_id":0,"font":"","enabled":false},"version":2}},"categories":[64,82,42],"tags":[],"class_list":["entry","author-danah","post-4768","post","type-post","status-publish","format-standard","has-post-thumbnail","category-catastrophe-climatique","category-guerres","category-justice-environnementale"],"yoast_head":"<!-- This site is optimized with the Yoast SEO plugin v27.0 - https:\/\/yoast.com\/product\/yoast-seo-wordpress\/ -->\n<title>De la guerre envisag\u00e9e sous l&#039;angle de la catastrophe climatique - Outside Dana Hilliot<\/title>\n<meta name=\"robots\" content=\"index, follow, max-snippet:-1, max-image-preview:large, max-video-preview:-1\" \/>\n<link rel=\"canonical\" href=\"https:\/\/outsiderland.com\/danahilliot\/de-la-guerre-envisagee-sous-langle-de-la-catastrophe-climatique\/\" \/>\n<meta property=\"og:locale\" content=\"fr_FR\" \/>\n<meta property=\"og:type\" content=\"article\" \/>\n<meta property=\"og:title\" content=\"De la guerre envisag\u00e9e sous l&#039;angle de la catastrophe climatique - Outside Dana Hilliot\" \/>\n<meta property=\"og:description\" content=\"(Je remercie Larus Mammut (larus_mammut@mastodon.social ) pour la discussion concernant cette question sur le r\u00e9seau Mastodon) Le recueil Critical Distater Studies r\u00e9unit des \u00e9tudes portant sur la gestion des risques et des catastrophes dans le monde contemporain, \u00e9tudes qui d\u00e9noncent la mani\u00e8re dont les catastrophes sont la plupart du temps instrumentalis\u00e9es et consid\u00e9r\u00e9es non seulement&hellip;\" \/>\n<meta property=\"og:url\" content=\"https:\/\/outsiderland.com\/danahilliot\/de-la-guerre-envisagee-sous-langle-de-la-catastrophe-climatique\/\" \/>\n<meta property=\"og:site_name\" content=\"Outside Dana Hilliot\" \/>\n<meta property=\"article:published_time\" content=\"2023-11-16T16:08:08+00:00\" \/>\n<meta property=\"article:modified_time\" content=\"2025-01-22T15:09:54+00:00\" \/>\n<meta property=\"og:image\" content=\"https:\/\/outsiderland.com\/danahilliot\/wp-content\/uploads\/2023\/11\/Capture-decran_2023-11-16_17-06-54.png\" \/>\n\t<meta property=\"og:image:width\" content=\"616\" \/>\n\t<meta property=\"og:image:height\" content=\"366\" \/>\n\t<meta property=\"og:image:type\" content=\"image\/png\" \/>\n<meta name=\"author\" content=\"danah\" \/>\n<meta name=\"twitter:card\" content=\"summary_large_image\" \/>\n<meta name=\"twitter:label1\" content=\"\u00c9crit par\" \/>\n\t<meta name=\"twitter:data1\" content=\"danah\" \/>\n\t<meta name=\"twitter:label2\" content=\"Dur\u00e9e de lecture estim\u00e9e\" \/>\n\t<meta name=\"twitter:data2\" content=\"14 minutes\" \/>\n<script type=\"application\/ld+json\" class=\"yoast-schema-graph\">{\"@context\":\"https:\/\/schema.org\",\"@graph\":[{\"@type\":\"Article\",\"@id\":\"https:\/\/outsiderland.com\/danahilliot\/de-la-guerre-envisagee-sous-langle-de-la-catastrophe-climatique\/#article\",\"isPartOf\":{\"@id\":\"https:\/\/outsiderland.com\/danahilliot\/de-la-guerre-envisagee-sous-langle-de-la-catastrophe-climatique\/\"},\"author\":{\"name\":\"danah\",\"@id\":\"https:\/\/outsiderland.com\/danahilliot\/#\/schema\/person\/2f9b92e9fff19bccc36638b10510d5ae\"},\"headline\":\"De la guerre envisag\u00e9e sous l&rsquo;angle de la catastrophe climatique\",\"datePublished\":\"2023-11-16T16:08:08+00:00\",\"dateModified\":\"2025-01-22T15:09:54+00:00\",\"mainEntityOfPage\":{\"@id\":\"https:\/\/outsiderland.com\/danahilliot\/de-la-guerre-envisagee-sous-langle-de-la-catastrophe-climatique\/\"},\"wordCount\":2738,\"publisher\":{\"@id\":\"https:\/\/outsiderland.com\/danahilliot\/#\/schema\/person\/201a1fef0f5c2897bd65e98bcf6b1179\"},\"image\":{\"@id\":\"https:\/\/outsiderland.com\/danahilliot\/de-la-guerre-envisagee-sous-langle-de-la-catastrophe-climatique\/#primaryimage\"},\"thumbnailUrl\":\"https:\/\/outsiderland.com\/danahilliot\/wp-content\/uploads\/2023\/11\/Capture-decran_2023-11-16_17-06-54.png\",\"articleSection\":[\"Catastrophe Climatique\",\"Guerres\",\"Justice environnementale\"],\"inLanguage\":\"fr-FR\"},{\"@type\":\"WebPage\",\"@id\":\"https:\/\/outsiderland.com\/danahilliot\/de-la-guerre-envisagee-sous-langle-de-la-catastrophe-climatique\/\",\"url\":\"https:\/\/outsiderland.com\/danahilliot\/de-la-guerre-envisagee-sous-langle-de-la-catastrophe-climatique\/\",\"name\":\"De la guerre envisag\u00e9e sous l'angle de la catastrophe climatique - Outside Dana Hilliot\",\"isPartOf\":{\"@id\":\"https:\/\/outsiderland.com\/danahilliot\/#website\"},\"primaryImageOfPage\":{\"@id\":\"https:\/\/outsiderland.com\/danahilliot\/de-la-guerre-envisagee-sous-langle-de-la-catastrophe-climatique\/#primaryimage\"},\"image\":{\"@id\":\"https:\/\/outsiderland.com\/danahilliot\/de-la-guerre-envisagee-sous-langle-de-la-catastrophe-climatique\/#primaryimage\"},\"thumbnailUrl\":\"https:\/\/outsiderland.com\/danahilliot\/wp-content\/uploads\/2023\/11\/Capture-decran_2023-11-16_17-06-54.png\",\"datePublished\":\"2023-11-16T16:08:08+00:00\",\"dateModified\":\"2025-01-22T15:09:54+00:00\",\"breadcrumb\":{\"@id\":\"https:\/\/outsiderland.com\/danahilliot\/de-la-guerre-envisagee-sous-langle-de-la-catastrophe-climatique\/#breadcrumb\"},\"inLanguage\":\"fr-FR\",\"potentialAction\":[{\"@type\":\"ReadAction\",\"target\":[\"https:\/\/outsiderland.com\/danahilliot\/de-la-guerre-envisagee-sous-langle-de-la-catastrophe-climatique\/\"]}]},{\"@type\":\"ImageObject\",\"inLanguage\":\"fr-FR\",\"@id\":\"https:\/\/outsiderland.com\/danahilliot\/de-la-guerre-envisagee-sous-langle-de-la-catastrophe-climatique\/#primaryimage\",\"url\":\"https:\/\/outsiderland.com\/danahilliot\/wp-content\/uploads\/2023\/11\/Capture-decran_2023-11-16_17-06-54.png\",\"contentUrl\":\"https:\/\/outsiderland.com\/danahilliot\/wp-content\/uploads\/2023\/11\/Capture-decran_2023-11-16_17-06-54.png\",\"width\":616,\"height\":366,\"caption\":\"The environmental impact of war: In Kuwait in 1991, after the Gulf War ended, the retreating Iraqi forces torched hundreds of oil wells. Photograph: Per-Anders Pettersson\/Corbis\"},{\"@type\":\"BreadcrumbList\",\"@id\":\"https:\/\/outsiderland.com\/danahilliot\/de-la-guerre-envisagee-sous-langle-de-la-catastrophe-climatique\/#breadcrumb\",\"itemListElement\":[{\"@type\":\"ListItem\",\"position\":1,\"name\":\"Accueil\",\"item\":\"https:\/\/outsiderland.com\/danahilliot\/\"},{\"@type\":\"ListItem\",\"position\":2,\"name\":\"De la guerre envisag\u00e9e sous l&rsquo;angle de la catastrophe climatique\"}]},{\"@type\":\"WebSite\",\"@id\":\"https:\/\/outsiderland.com\/danahilliot\/#website\",\"url\":\"https:\/\/outsiderland.com\/danahilliot\/\",\"name\":\"Outside Dana Hilliot\",\"description\":\". Archives . Activit\u00e9s . Projets .\",\"publisher\":{\"@id\":\"https:\/\/outsiderland.com\/danahilliot\/#\/schema\/person\/201a1fef0f5c2897bd65e98bcf6b1179\"},\"potentialAction\":[{\"@type\":\"SearchAction\",\"target\":{\"@type\":\"EntryPoint\",\"urlTemplate\":\"https:\/\/outsiderland.com\/danahilliot\/?s={search_term_string}\"},\"query-input\":{\"@type\":\"PropertyValueSpecification\",\"valueRequired\":true,\"valueName\":\"search_term_string\"}}],\"inLanguage\":\"fr-FR\"},{\"@type\":[\"Person\",\"Organization\"],\"@id\":\"https:\/\/outsiderland.com\/danahilliot\/#\/schema\/person\/201a1fef0f5c2897bd65e98bcf6b1179\",\"name\":\"danahilliot\",\"image\":{\"@type\":\"ImageObject\",\"inLanguage\":\"fr-FR\",\"@id\":\"https:\/\/outsiderland.com\/danahilliot\/#\/schema\/person\/image\/\",\"url\":\"https:\/\/outsiderland.com\/danahilliot\/wp-content\/uploads\/2026\/02\/50801449407_a909f2c1ad_k.jpg\",\"contentUrl\":\"https:\/\/outsiderland.com\/danahilliot\/wp-content\/uploads\/2026\/02\/50801449407_a909f2c1ad_k.jpg\",\"width\":2048,\"height\":1536,\"caption\":\"danahilliot\"},\"logo\":{\"@id\":\"https:\/\/outsiderland.com\/danahilliot\/#\/schema\/person\/image\/\"}},{\"@type\":\"Person\",\"@id\":\"https:\/\/outsiderland.com\/danahilliot\/#\/schema\/person\/2f9b92e9fff19bccc36638b10510d5ae\",\"name\":\"danah\",\"image\":{\"@type\":\"ImageObject\",\"inLanguage\":\"fr-FR\",\"@id\":\"https:\/\/outsiderland.com\/danahilliot\/#\/schema\/person\/image\/\",\"url\":\"https:\/\/secure.gravatar.com\/avatar\/ed6349755e1d97f204277de3d09fc6ac31abd856835c8ea3c3a30d0aa84b0ddd?s=96&d=mm&r=g\",\"contentUrl\":\"https:\/\/secure.gravatar.com\/avatar\/ed6349755e1d97f204277de3d09fc6ac31abd856835c8ea3c3a30d0aa84b0ddd?s=96&d=mm&r=g\",\"caption\":\"danah\"},\"url\":\"https:\/\/outsiderland.com\/danahilliot\/author\/danah\/\"}]}<\/script>\n<!-- \/ Yoast SEO plugin. -->","yoast_head_json":{"title":"De la guerre envisag\u00e9e sous l'angle de la catastrophe climatique - Outside Dana Hilliot","robots":{"index":"index","follow":"follow","max-snippet":"max-snippet:-1","max-image-preview":"max-image-preview:large","max-video-preview":"max-video-preview:-1"},"canonical":"https:\/\/outsiderland.com\/danahilliot\/de-la-guerre-envisagee-sous-langle-de-la-catastrophe-climatique\/","og_locale":"fr_FR","og_type":"article","og_title":"De la guerre envisag\u00e9e sous l'angle de la catastrophe climatique - Outside Dana Hilliot","og_description":"(Je remercie Larus Mammut (larus_mammut@mastodon.social ) pour la discussion concernant cette question sur le r\u00e9seau Mastodon) Le recueil Critical Distater Studies r\u00e9unit des \u00e9tudes portant sur la gestion des risques et des catastrophes dans le monde contemporain, \u00e9tudes qui d\u00e9noncent la mani\u00e8re dont les catastrophes sont la plupart du temps instrumentalis\u00e9es et consid\u00e9r\u00e9es non seulement&hellip;","og_url":"https:\/\/outsiderland.com\/danahilliot\/de-la-guerre-envisagee-sous-langle-de-la-catastrophe-climatique\/","og_site_name":"Outside Dana Hilliot","article_published_time":"2023-11-16T16:08:08+00:00","article_modified_time":"2025-01-22T15:09:54+00:00","og_image":[{"width":616,"height":366,"url":"https:\/\/outsiderland.com\/danahilliot\/wp-content\/uploads\/2023\/11\/Capture-decran_2023-11-16_17-06-54.png","type":"image\/png"}],"author":"danah","twitter_card":"summary_large_image","twitter_misc":{"\u00c9crit par":"danah","Dur\u00e9e de lecture estim\u00e9e":"14 minutes"},"schema":{"@context":"https:\/\/schema.org","@graph":[{"@type":"Article","@id":"https:\/\/outsiderland.com\/danahilliot\/de-la-guerre-envisagee-sous-langle-de-la-catastrophe-climatique\/#article","isPartOf":{"@id":"https:\/\/outsiderland.com\/danahilliot\/de-la-guerre-envisagee-sous-langle-de-la-catastrophe-climatique\/"},"author":{"name":"danah","@id":"https:\/\/outsiderland.com\/danahilliot\/#\/schema\/person\/2f9b92e9fff19bccc36638b10510d5ae"},"headline":"De la guerre envisag\u00e9e sous l&rsquo;angle de la catastrophe climatique","datePublished":"2023-11-16T16:08:08+00:00","dateModified":"2025-01-22T15:09:54+00:00","mainEntityOfPage":{"@id":"https:\/\/outsiderland.com\/danahilliot\/de-la-guerre-envisagee-sous-langle-de-la-catastrophe-climatique\/"},"wordCount":2738,"publisher":{"@id":"https:\/\/outsiderland.com\/danahilliot\/#\/schema\/person\/201a1fef0f5c2897bd65e98bcf6b1179"},"image":{"@id":"https:\/\/outsiderland.com\/danahilliot\/de-la-guerre-envisagee-sous-langle-de-la-catastrophe-climatique\/#primaryimage"},"thumbnailUrl":"https:\/\/outsiderland.com\/danahilliot\/wp-content\/uploads\/2023\/11\/Capture-decran_2023-11-16_17-06-54.png","articleSection":["Catastrophe Climatique","Guerres","Justice environnementale"],"inLanguage":"fr-FR"},{"@type":"WebPage","@id":"https:\/\/outsiderland.com\/danahilliot\/de-la-guerre-envisagee-sous-langle-de-la-catastrophe-climatique\/","url":"https:\/\/outsiderland.com\/danahilliot\/de-la-guerre-envisagee-sous-langle-de-la-catastrophe-climatique\/","name":"De la guerre envisag\u00e9e sous l'angle de la catastrophe climatique - Outside Dana Hilliot","isPartOf":{"@id":"https:\/\/outsiderland.com\/danahilliot\/#website"},"primaryImageOfPage":{"@id":"https:\/\/outsiderland.com\/danahilliot\/de-la-guerre-envisagee-sous-langle-de-la-catastrophe-climatique\/#primaryimage"},"image":{"@id":"https:\/\/outsiderland.com\/danahilliot\/de-la-guerre-envisagee-sous-langle-de-la-catastrophe-climatique\/#primaryimage"},"thumbnailUrl":"https:\/\/outsiderland.com\/danahilliot\/wp-content\/uploads\/2023\/11\/Capture-decran_2023-11-16_17-06-54.png","datePublished":"2023-11-16T16:08:08+00:00","dateModified":"2025-01-22T15:09:54+00:00","breadcrumb":{"@id":"https:\/\/outsiderland.com\/danahilliot\/de-la-guerre-envisagee-sous-langle-de-la-catastrophe-climatique\/#breadcrumb"},"inLanguage":"fr-FR","potentialAction":[{"@type":"ReadAction","target":["https:\/\/outsiderland.com\/danahilliot\/de-la-guerre-envisagee-sous-langle-de-la-catastrophe-climatique\/"]}]},{"@type":"ImageObject","inLanguage":"fr-FR","@id":"https:\/\/outsiderland.com\/danahilliot\/de-la-guerre-envisagee-sous-langle-de-la-catastrophe-climatique\/#primaryimage","url":"https:\/\/outsiderland.com\/danahilliot\/wp-content\/uploads\/2023\/11\/Capture-decran_2023-11-16_17-06-54.png","contentUrl":"https:\/\/outsiderland.com\/danahilliot\/wp-content\/uploads\/2023\/11\/Capture-decran_2023-11-16_17-06-54.png","width":616,"height":366,"caption":"The environmental impact of war: In Kuwait in 1991, after the Gulf War ended, the retreating Iraqi forces torched hundreds of oil wells. Photograph: Per-Anders Pettersson\/Corbis"},{"@type":"BreadcrumbList","@id":"https:\/\/outsiderland.com\/danahilliot\/de-la-guerre-envisagee-sous-langle-de-la-catastrophe-climatique\/#breadcrumb","itemListElement":[{"@type":"ListItem","position":1,"name":"Accueil","item":"https:\/\/outsiderland.com\/danahilliot\/"},{"@type":"ListItem","position":2,"name":"De la guerre envisag\u00e9e sous l&rsquo;angle de la catastrophe climatique"}]},{"@type":"WebSite","@id":"https:\/\/outsiderland.com\/danahilliot\/#website","url":"https:\/\/outsiderland.com\/danahilliot\/","name":"Outside Dana Hilliot","description":". Archives . Activit\u00e9s . Projets .","publisher":{"@id":"https:\/\/outsiderland.com\/danahilliot\/#\/schema\/person\/201a1fef0f5c2897bd65e98bcf6b1179"},"potentialAction":[{"@type":"SearchAction","target":{"@type":"EntryPoint","urlTemplate":"https:\/\/outsiderland.com\/danahilliot\/?s={search_term_string}"},"query-input":{"@type":"PropertyValueSpecification","valueRequired":true,"valueName":"search_term_string"}}],"inLanguage":"fr-FR"},{"@type":["Person","Organization"],"@id":"https:\/\/outsiderland.com\/danahilliot\/#\/schema\/person\/201a1fef0f5c2897bd65e98bcf6b1179","name":"danahilliot","image":{"@type":"ImageObject","inLanguage":"fr-FR","@id":"https:\/\/outsiderland.com\/danahilliot\/#\/schema\/person\/image\/","url":"https:\/\/outsiderland.com\/danahilliot\/wp-content\/uploads\/2026\/02\/50801449407_a909f2c1ad_k.jpg","contentUrl":"https:\/\/outsiderland.com\/danahilliot\/wp-content\/uploads\/2026\/02\/50801449407_a909f2c1ad_k.jpg","width":2048,"height":1536,"caption":"danahilliot"},"logo":{"@id":"https:\/\/outsiderland.com\/danahilliot\/#\/schema\/person\/image\/"}},{"@type":"Person","@id":"https:\/\/outsiderland.com\/danahilliot\/#\/schema\/person\/2f9b92e9fff19bccc36638b10510d5ae","name":"danah","image":{"@type":"ImageObject","inLanguage":"fr-FR","@id":"https:\/\/outsiderland.com\/danahilliot\/#\/schema\/person\/image\/","url":"https:\/\/secure.gravatar.com\/avatar\/ed6349755e1d97f204277de3d09fc6ac31abd856835c8ea3c3a30d0aa84b0ddd?s=96&d=mm&r=g","contentUrl":"https:\/\/secure.gravatar.com\/avatar\/ed6349755e1d97f204277de3d09fc6ac31abd856835c8ea3c3a30d0aa84b0ddd?s=96&d=mm&r=g","caption":"danah"},"url":"https:\/\/outsiderland.com\/danahilliot\/author\/danah\/"}]}},"jetpack_publicize_connections":[],"_links":{"self":[{"href":"https:\/\/outsiderland.com\/danahilliot\/wp-json\/wp\/v2\/posts\/4768","targetHints":{"allow":["GET"]}}],"collection":[{"href":"https:\/\/outsiderland.com\/danahilliot\/wp-json\/wp\/v2\/posts"}],"about":[{"href":"https:\/\/outsiderland.com\/danahilliot\/wp-json\/wp\/v2\/types\/post"}],"author":[{"embeddable":true,"href":"https:\/\/outsiderland.com\/danahilliot\/wp-json\/wp\/v2\/users\/1"}],"replies":[{"embeddable":true,"href":"https:\/\/outsiderland.com\/danahilliot\/wp-json\/wp\/v2\/comments?post=4768"}],"version-history":[{"count":10,"href":"https:\/\/outsiderland.com\/danahilliot\/wp-json\/wp\/v2\/posts\/4768\/revisions"}],"predecessor-version":[{"id":5758,"href":"https:\/\/outsiderland.com\/danahilliot\/wp-json\/wp\/v2\/posts\/4768\/revisions\/5758"}],"wp:featuredmedia":[{"embeddable":true,"href":"https:\/\/outsiderland.com\/danahilliot\/wp-json\/wp\/v2\/media\/4770"}],"wp:attachment":[{"href":"https:\/\/outsiderland.com\/danahilliot\/wp-json\/wp\/v2\/media?parent=4768"}],"wp:term":[{"taxonomy":"category","embeddable":true,"href":"https:\/\/outsiderland.com\/danahilliot\/wp-json\/wp\/v2\/categories?post=4768"},{"taxonomy":"post_tag","embeddable":true,"href":"https:\/\/outsiderland.com\/danahilliot\/wp-json\/wp\/v2\/tags?post=4768"}],"curies":[{"name":"wp","href":"https:\/\/api.w.org\/{rel}","templated":true}]}}