{"id":4760,"date":"2023-11-14T08:14:29","date_gmt":"2023-11-14T08:14:29","guid":{"rendered":"https:\/\/outsiderland.com\/danahilliot\/?p=4760"},"modified":"2024-01-16T09:55:56","modified_gmt":"2024-01-16T09:55:56","slug":"racismes-et-suprematismes","status":"publish","type":"post","link":"https:\/\/outsiderland.com\/danahilliot\/racismes-et-suprematismes\/","title":{"rendered":"Racismes et supr\u00e9matismes"},"content":{"rendered":"<p>Quand je participe \u00e0 une discussion sur la signification et l&rsquo;extension du racisme et de la x\u00e9nophobie, je rappelle souvent cet \u00e9pisode qui pourrait surprendre au premier abord, mais nous apprend \u00e0 mon sens bien des choses sur ce qu&rsquo;est le racisme.<\/p>\n<p>Il s&rsquo;agit de la mani\u00e8re dont les Britanniques consid\u00e9raient les Irlandais, notamment \u00e0 l&rsquo;\u00e9poque de la guerre d&rsquo;ind\u00e9pendance (1916-1918). On retrouve dans la propagande britannique de l&rsquo;\u00e9poque \u00e0 peu pr\u00e8s tous les \u00e9l\u00e9ments de langage qui nous sont familiers aujourd&rsquo;hui (et qui ne datent pas d&rsquo;hier), notamment l&rsquo;assimilation des Irlandais \u00e0 des animaux, de leur r\u00e9volte \u00e0 du terrorisme.<\/p>\n<p>Dans son remarquable ouvrage (dont je parle r\u00e9guli\u00e8rement) Legacy of Violence: A History of the British Empire, Caroline Elkins consacre un chapitre \u00e0 ces \u00e9v\u00e8nements, qu&rsquo;elle inscrit fort justement dans les politiques coloniales (et les emp\u00eatrements) britanniques.<\/p>\n<p>L\u00e9nine du reste ne s&rsquo;y trompait pas en d\u00e9clarant que la guerre d&rsquo;ind\u00e9pendance Irlandaise repr\u00e9sentait le d\u00e9but d&rsquo;une s\u00e9rie de soul\u00e8vements contre l&rsquo;ordre colonial et les puissances europ\u00e9ennes (=&gt; <a class=\"status-link unhandled-link\" title=\"https:\/\/www.marxists.org\/francais\/lenin\/works\/1916\/07\/19160700k.htm\" translate=\"no\" href=\"https:\/\/www.marxists.org\/francais\/lenin\/works\/1916\/07\/19160700k.htm\" target=\"_blank\" rel=\"nofollow noopener noreferrer\"><span class=\"invisible\">https:\/\/www.<\/span><span class=\"ellipsis\">marxists.org\/francais\/lenin\/wo<\/span><span class=\"invisible\">rks\/1916\/07\/19160700k.htm<\/span><\/a> )<\/p>\n<p>Voici la traduction d&rsquo;un passage du livre de Elkins (et le texte anglais en PJ)<\/p>\n<p>********<\/p>\n<p><img decoding=\"async\" class=\"alignleft wp-image-4677 size-medium\" src=\"https:\/\/outsiderland.com\/danahilliot\/wp-content\/uploads\/2023\/10\/Capture-decran_2023-10-08_21-39-25-205x300.png\" alt=\"\" width=\"205\" height=\"300\" srcset=\"https:\/\/outsiderland.com\/danahilliot\/wp-content\/uploads\/2023\/10\/Capture-decran_2023-10-08_21-39-25-205x300.png 205w, https:\/\/outsiderland.com\/danahilliot\/wp-content\/uploads\/2023\/10\/Capture-decran_2023-10-08_21-39-25.png 472w\" sizes=\"(max-width: 205px) 100vw, 205px\" \/>\u00ab\u00a0La question persistante de l&rsquo;Ulster a \u00e9galement \u00e9t\u00e9 en partie \u00e0 l&rsquo;origine du report de l&rsquo;adoption du Home Rule, et la partition imagin\u00e9e a approfondi des divisions anciennes \u00e0 travers la Grande-Bretagne, qui \u00e9taient dues \u00e0 la x\u00e9nophobie et aux normes imp\u00e9riales autant qu&rsquo;\u00e0 toute autre chose. La discrimination \u00e0 l&rsquo;\u00e9gard des Irlandais, enracin\u00e9e dans l&rsquo;anticatholicisme, remonte \u00e0 l&rsquo;\u00e9poque normande, lorsque les textes de Gerald de Galles, largement diffus\u00e9s, condamnaient les Irlandais comme \u00ab\u00a0un peuple vraiment barbare\u00a0\u00bb qui \u00ab\u00a0vit comme des animaux\u00a0\u00bb. Ces affirmations ont prolif\u00e9r\u00e9 pendant des si\u00e8cles et ont justifi\u00e9 l&rsquo;exploitation et l&rsquo;annexion de l&rsquo;Irlande \u00e0 la Grande-Bretagne en 1801. Les suzerains britanniques ont consolid\u00e9 leurs droits territoriaux, qui incluaient de vastes domaines de propri\u00e9taires absent\u00e9istes ; ils ont institu\u00e9 des politiques d&rsquo;imposition et d&rsquo;exploitation \u00e9conomique et n&rsquo;ont pas tenu compte des difficult\u00e9s humaines, telles que celles qui se sont manifest\u00e9es au milieu du XIXe si\u00e8cle avec la Grande Famine. Cette catastrophe a co\u00fbt\u00e9 la vie \u00e0 pr\u00e8s d&rsquo;un million de personnes parmi les plus pauvres d&rsquo;Europe et a contraint environ 3 millions de personnes \u00e0 \u00e9migrer d&rsquo;Irlande, entra\u00eenant une baisse de pr\u00e8s de 25 % de la population irlandaise, baisse qui s&rsquo;est poursuivie au point que la population de l&rsquo;Irlande est pass\u00e9e de 8,1 millions d&rsquo;habitants en 1841 \u00e0 4,5 millions d&rsquo;habitants en 1901. Cette disparition spectaculaire de l&rsquo;Irlande a laiss\u00e9 des traces politiques, culturelles et \u00e9conomiques permanentes, y compris en Grande-Bretagne, o\u00f9 un tiers des sujets \u00e9taient irlandais au d\u00e9but du XIXe si\u00e8cle, alors qu&rsquo;ils repr\u00e9sentaient 10 % de la population nationale \u00e0 la fin du si\u00e8cle.<\/p>\n<p>Dans la Grande-Bretagne victorienne, la blancheur ne conf\u00e9rait pas, a priori, la civilisation. Comme pour les Afrikaners, le monde racial britannique ne se contente pas de d\u00e9peindre les Irlandais comme des \u00eatres inf\u00e9rieurs, mais les d\u00e9shumanise parfois \u00e0 l&rsquo;aide d&rsquo;images proches de celles des singes. Ce vitriol transcende les appartenances politiques. D&rsquo;un c\u00f4t\u00e9, Friedrich Engels admire la r\u00e9sistance irlandaise mais, d&rsquo;un autre c\u00f4t\u00e9, reproche aux immigrants irlandais d&rsquo;avoir grandi presque sans civilisation et d&rsquo;avoir contamin\u00e9 la classe ouvri\u00e8re de la r\u00e9volution industrielle. \u00c0 l&rsquo;autre extr\u00e9mit\u00e9, Benjamin Disraeli a d\u00e9clar\u00e9 que les Irlandais \u00ab\u00a0ha\u00efssent notre \u00eele libre et fertile. Ils d\u00e9testent notre ordre, notre civilisation, notre industrie entreprenante&#8230; notre religion pure. Cette race sauvage, insouciante, indolente, incertaine et superstitieuse n&rsquo;a aucune sympathie pour le caract\u00e8re anglais&#8230;.Leur histoire d\u00e9crit un cercle ininterrompu de bigoterie et de sang\u00a0\u00bb.<\/p>\n<p>Voir aussi l&rsquo;article de Wikipedia :<\/p>\n<p><a class=\"status-link unhandled-link\" title=\"https:\/\/en.wikipedia.org\/wiki\/Anti-Irish_sentiment\" translate=\"no\" href=\"https:\/\/en.wikipedia.org\/wiki\/Anti-Irish_sentiment\" target=\"_blank\" rel=\"nofollow noopener noreferrer\"><span class=\"invisible\">https:\/\/<\/span><span class=\"ellipsis\">en.wikipedia.org\/wiki\/Anti-Iri<\/span><\/a><\/p>\n","protected":false},"excerpt":{"rendered":"<p>Quand je participe \u00e0 une discussion sur la signification et l&rsquo;extension du racisme et de la x\u00e9nophobie, je rappelle souvent cet \u00e9pisode qui pourrait surprendre au premier abord, mais nous apprend \u00e0 mon sens bien des choses sur ce qu&rsquo;est le racisme. Il s&rsquo;agit de la mani\u00e8re dont les Britanniques consid\u00e9raient les Irlandais, notamment \u00e0&hellip;<\/p>\n <a href=\"https:\/\/outsiderland.com\/danahilliot\/racismes-et-suprematismes\/\" title=\"Racismes et supr\u00e9matismes\" class=\"entry-more-link\"><span>Read More<\/span> <span class=\"screen-reader-text\">Racismes et supr\u00e9matismes<\/span><\/a>","protected":false},"author":1,"featured_media":4763,"comment_status":"closed","ping_status":"open","sticky":false,"template":"","format":"standard","meta":{"Layout":"","footnotes":"","jetpack_publicize_message":"","jetpack_publicize_feature_enabled":true,"jetpack_social_post_already_shared":true,"jetpack_social_options":{"image_generator_settings":{"template":"highway","default_image_id":0,"font":"","enabled":false},"version":2}},"categories":[68,76,79,77],"tags":[],"class_list":["entry","author-danah","post-4760","post","type-post","status-publish","format-standard","has-post-thumbnail","category-crise","category-histoire","category-neo-liberalismes","category-xenophobie"],"yoast_head":"<!-- This site is optimized with the Yoast SEO plugin v27.0 - https:\/\/yoast.com\/product\/yoast-seo-wordpress\/ -->\n<title>Racismes et supr\u00e9matismes - Outside Dana Hilliot<\/title>\n<meta name=\"robots\" content=\"index, follow, max-snippet:-1, max-image-preview:large, max-video-preview:-1\" \/>\n<link rel=\"canonical\" href=\"https:\/\/outsiderland.com\/danahilliot\/racismes-et-suprematismes\/\" \/>\n<meta property=\"og:locale\" content=\"fr_FR\" \/>\n<meta property=\"og:type\" content=\"article\" \/>\n<meta property=\"og:title\" content=\"Racismes et supr\u00e9matismes - Outside Dana Hilliot\" \/>\n<meta property=\"og:description\" content=\"Quand je participe \u00e0 une discussion sur la signification et l&rsquo;extension du racisme et de la x\u00e9nophobie, je rappelle souvent cet \u00e9pisode qui pourrait surprendre au premier abord, mais nous apprend \u00e0 mon sens bien des choses sur ce qu&rsquo;est le racisme. Il s&rsquo;agit de la mani\u00e8re dont les Britanniques consid\u00e9raient les Irlandais, notamment \u00e0&hellip;\" \/>\n<meta property=\"og:url\" content=\"https:\/\/outsiderland.com\/danahilliot\/racismes-et-suprematismes\/\" \/>\n<meta property=\"og:site_name\" content=\"Outside Dana Hilliot\" \/>\n<meta property=\"article:published_time\" content=\"2023-11-14T08:14:29+00:00\" \/>\n<meta property=\"article:modified_time\" content=\"2024-01-16T09:55:56+00:00\" \/>\n<meta property=\"og:image\" content=\"https:\/\/outsiderland.com\/danahilliot\/wp-content\/uploads\/2023\/11\/Capture-decran_2023-11-13_22-31-39.png\" \/>\n\t<meta property=\"og:image:width\" content=\"671\" \/>\n\t<meta property=\"og:image:height\" content=\"463\" \/>\n\t<meta property=\"og:image:type\" content=\"image\/png\" \/>\n<meta name=\"author\" content=\"danah\" \/>\n<meta name=\"twitter:card\" content=\"summary_large_image\" \/>\n<meta name=\"twitter:label1\" content=\"\u00c9crit par\" \/>\n\t<meta name=\"twitter:data1\" content=\"danah\" \/>\n\t<meta name=\"twitter:label2\" content=\"Dur\u00e9e de lecture estim\u00e9e\" \/>\n\t<meta name=\"twitter:data2\" content=\"3 minutes\" \/>\n<script type=\"application\/ld+json\" class=\"yoast-schema-graph\">{\"@context\":\"https:\/\/schema.org\",\"@graph\":[{\"@type\":\"Article\",\"@id\":\"https:\/\/outsiderland.com\/danahilliot\/racismes-et-suprematismes\/#article\",\"isPartOf\":{\"@id\":\"https:\/\/outsiderland.com\/danahilliot\/racismes-et-suprematismes\/\"},\"author\":{\"name\":\"danah\",\"@id\":\"https:\/\/outsiderland.com\/danahilliot\/#\/schema\/person\/2f9b92e9fff19bccc36638b10510d5ae\"},\"headline\":\"Racismes et supr\u00e9matismes\",\"datePublished\":\"2023-11-14T08:14:29+00:00\",\"dateModified\":\"2024-01-16T09:55:56+00:00\",\"mainEntityOfPage\":{\"@id\":\"https:\/\/outsiderland.com\/danahilliot\/racismes-et-suprematismes\/\"},\"wordCount\":674,\"publisher\":{\"@id\":\"https:\/\/outsiderland.com\/danahilliot\/#\/schema\/person\/201a1fef0f5c2897bd65e98bcf6b1179\"},\"image\":{\"@id\":\"https:\/\/outsiderland.com\/danahilliot\/racismes-et-suprematismes\/#primaryimage\"},\"thumbnailUrl\":\"https:\/\/outsiderland.com\/danahilliot\/wp-content\/uploads\/2023\/11\/Capture-decran_2023-11-13_22-31-39.png\",\"articleSection\":[\"Crise\",\"Histoire\",\"N\u00e9o-lib\u00e9ralismes\",\"X\u00e9nophobie\"],\"inLanguage\":\"fr-FR\"},{\"@type\":\"WebPage\",\"@id\":\"https:\/\/outsiderland.com\/danahilliot\/racismes-et-suprematismes\/\",\"url\":\"https:\/\/outsiderland.com\/danahilliot\/racismes-et-suprematismes\/\",\"name\":\"Racismes et supr\u00e9matismes - Outside Dana Hilliot\",\"isPartOf\":{\"@id\":\"https:\/\/outsiderland.com\/danahilliot\/#website\"},\"primaryImageOfPage\":{\"@id\":\"https:\/\/outsiderland.com\/danahilliot\/racismes-et-suprematismes\/#primaryimage\"},\"image\":{\"@id\":\"https:\/\/outsiderland.com\/danahilliot\/racismes-et-suprematismes\/#primaryimage\"},\"thumbnailUrl\":\"https:\/\/outsiderland.com\/danahilliot\/wp-content\/uploads\/2023\/11\/Capture-decran_2023-11-13_22-31-39.png\",\"datePublished\":\"2023-11-14T08:14:29+00:00\",\"dateModified\":\"2024-01-16T09:55:56+00:00\",\"breadcrumb\":{\"@id\":\"https:\/\/outsiderland.com\/danahilliot\/racismes-et-suprematismes\/#breadcrumb\"},\"inLanguage\":\"fr-FR\",\"potentialAction\":[{\"@type\":\"ReadAction\",\"target\":[\"https:\/\/outsiderland.com\/danahilliot\/racismes-et-suprematismes\/\"]}]},{\"@type\":\"ImageObject\",\"inLanguage\":\"fr-FR\",\"@id\":\"https:\/\/outsiderland.com\/danahilliot\/racismes-et-suprematismes\/#primaryimage\",\"url\":\"https:\/\/outsiderland.com\/danahilliot\/wp-content\/uploads\/2023\/11\/Capture-decran_2023-11-13_22-31-39.png\",\"contentUrl\":\"https:\/\/outsiderland.com\/danahilliot\/wp-content\/uploads\/2023\/11\/Capture-decran_2023-11-13_22-31-39.png\",\"width\":671,\"height\":463},{\"@type\":\"BreadcrumbList\",\"@id\":\"https:\/\/outsiderland.com\/danahilliot\/racismes-et-suprematismes\/#breadcrumb\",\"itemListElement\":[{\"@type\":\"ListItem\",\"position\":1,\"name\":\"Accueil\",\"item\":\"https:\/\/outsiderland.com\/danahilliot\/\"},{\"@type\":\"ListItem\",\"position\":2,\"name\":\"Racismes et supr\u00e9matismes\"}]},{\"@type\":\"WebSite\",\"@id\":\"https:\/\/outsiderland.com\/danahilliot\/#website\",\"url\":\"https:\/\/outsiderland.com\/danahilliot\/\",\"name\":\"Outside Dana Hilliot\",\"description\":\". Archives . Activit\u00e9s . Projets .\",\"publisher\":{\"@id\":\"https:\/\/outsiderland.com\/danahilliot\/#\/schema\/person\/201a1fef0f5c2897bd65e98bcf6b1179\"},\"potentialAction\":[{\"@type\":\"SearchAction\",\"target\":{\"@type\":\"EntryPoint\",\"urlTemplate\":\"https:\/\/outsiderland.com\/danahilliot\/?s={search_term_string}\"},\"query-input\":{\"@type\":\"PropertyValueSpecification\",\"valueRequired\":true,\"valueName\":\"search_term_string\"}}],\"inLanguage\":\"fr-FR\"},{\"@type\":[\"Person\",\"Organization\"],\"@id\":\"https:\/\/outsiderland.com\/danahilliot\/#\/schema\/person\/201a1fef0f5c2897bd65e98bcf6b1179\",\"name\":\"danahilliot\",\"image\":{\"@type\":\"ImageObject\",\"inLanguage\":\"fr-FR\",\"@id\":\"https:\/\/outsiderland.com\/danahilliot\/#\/schema\/person\/image\/\",\"url\":\"https:\/\/outsiderland.com\/danahilliot\/wp-content\/uploads\/2026\/02\/50801449407_a909f2c1ad_k.jpg\",\"contentUrl\":\"https:\/\/outsiderland.com\/danahilliot\/wp-content\/uploads\/2026\/02\/50801449407_a909f2c1ad_k.jpg\",\"width\":2048,\"height\":1536,\"caption\":\"danahilliot\"},\"logo\":{\"@id\":\"https:\/\/outsiderland.com\/danahilliot\/#\/schema\/person\/image\/\"}},{\"@type\":\"Person\",\"@id\":\"https:\/\/outsiderland.com\/danahilliot\/#\/schema\/person\/2f9b92e9fff19bccc36638b10510d5ae\",\"name\":\"danah\",\"image\":{\"@type\":\"ImageObject\",\"inLanguage\":\"fr-FR\",\"@id\":\"https:\/\/outsiderland.com\/danahilliot\/#\/schema\/person\/image\/\",\"url\":\"https:\/\/secure.gravatar.com\/avatar\/ed6349755e1d97f204277de3d09fc6ac31abd856835c8ea3c3a30d0aa84b0ddd?s=96&d=mm&r=g\",\"contentUrl\":\"https:\/\/secure.gravatar.com\/avatar\/ed6349755e1d97f204277de3d09fc6ac31abd856835c8ea3c3a30d0aa84b0ddd?s=96&d=mm&r=g\",\"caption\":\"danah\"},\"url\":\"https:\/\/outsiderland.com\/danahilliot\/author\/danah\/\"}]}<\/script>\n<!-- \/ Yoast SEO plugin. -->","yoast_head_json":{"title":"Racismes et supr\u00e9matismes - Outside Dana Hilliot","robots":{"index":"index","follow":"follow","max-snippet":"max-snippet:-1","max-image-preview":"max-image-preview:large","max-video-preview":"max-video-preview:-1"},"canonical":"https:\/\/outsiderland.com\/danahilliot\/racismes-et-suprematismes\/","og_locale":"fr_FR","og_type":"article","og_title":"Racismes et supr\u00e9matismes - Outside Dana Hilliot","og_description":"Quand je participe \u00e0 une discussion sur la signification et l&rsquo;extension du racisme et de la x\u00e9nophobie, je rappelle souvent cet \u00e9pisode qui pourrait surprendre au premier abord, mais nous apprend \u00e0 mon sens bien des choses sur ce qu&rsquo;est le racisme. Il s&rsquo;agit de la mani\u00e8re dont les Britanniques consid\u00e9raient les Irlandais, notamment \u00e0&hellip;","og_url":"https:\/\/outsiderland.com\/danahilliot\/racismes-et-suprematismes\/","og_site_name":"Outside Dana Hilliot","article_published_time":"2023-11-14T08:14:29+00:00","article_modified_time":"2024-01-16T09:55:56+00:00","og_image":[{"width":671,"height":463,"url":"https:\/\/outsiderland.com\/danahilliot\/wp-content\/uploads\/2023\/11\/Capture-decran_2023-11-13_22-31-39.png","type":"image\/png"}],"author":"danah","twitter_card":"summary_large_image","twitter_misc":{"\u00c9crit par":"danah","Dur\u00e9e de lecture estim\u00e9e":"3 minutes"},"schema":{"@context":"https:\/\/schema.org","@graph":[{"@type":"Article","@id":"https:\/\/outsiderland.com\/danahilliot\/racismes-et-suprematismes\/#article","isPartOf":{"@id":"https:\/\/outsiderland.com\/danahilliot\/racismes-et-suprematismes\/"},"author":{"name":"danah","@id":"https:\/\/outsiderland.com\/danahilliot\/#\/schema\/person\/2f9b92e9fff19bccc36638b10510d5ae"},"headline":"Racismes et supr\u00e9matismes","datePublished":"2023-11-14T08:14:29+00:00","dateModified":"2024-01-16T09:55:56+00:00","mainEntityOfPage":{"@id":"https:\/\/outsiderland.com\/danahilliot\/racismes-et-suprematismes\/"},"wordCount":674,"publisher":{"@id":"https:\/\/outsiderland.com\/danahilliot\/#\/schema\/person\/201a1fef0f5c2897bd65e98bcf6b1179"},"image":{"@id":"https:\/\/outsiderland.com\/danahilliot\/racismes-et-suprematismes\/#primaryimage"},"thumbnailUrl":"https:\/\/outsiderland.com\/danahilliot\/wp-content\/uploads\/2023\/11\/Capture-decran_2023-11-13_22-31-39.png","articleSection":["Crise","Histoire","N\u00e9o-lib\u00e9ralismes","X\u00e9nophobie"],"inLanguage":"fr-FR"},{"@type":"WebPage","@id":"https:\/\/outsiderland.com\/danahilliot\/racismes-et-suprematismes\/","url":"https:\/\/outsiderland.com\/danahilliot\/racismes-et-suprematismes\/","name":"Racismes et supr\u00e9matismes - Outside Dana Hilliot","isPartOf":{"@id":"https:\/\/outsiderland.com\/danahilliot\/#website"},"primaryImageOfPage":{"@id":"https:\/\/outsiderland.com\/danahilliot\/racismes-et-suprematismes\/#primaryimage"},"image":{"@id":"https:\/\/outsiderland.com\/danahilliot\/racismes-et-suprematismes\/#primaryimage"},"thumbnailUrl":"https:\/\/outsiderland.com\/danahilliot\/wp-content\/uploads\/2023\/11\/Capture-decran_2023-11-13_22-31-39.png","datePublished":"2023-11-14T08:14:29+00:00","dateModified":"2024-01-16T09:55:56+00:00","breadcrumb":{"@id":"https:\/\/outsiderland.com\/danahilliot\/racismes-et-suprematismes\/#breadcrumb"},"inLanguage":"fr-FR","potentialAction":[{"@type":"ReadAction","target":["https:\/\/outsiderland.com\/danahilliot\/racismes-et-suprematismes\/"]}]},{"@type":"ImageObject","inLanguage":"fr-FR","@id":"https:\/\/outsiderland.com\/danahilliot\/racismes-et-suprematismes\/#primaryimage","url":"https:\/\/outsiderland.com\/danahilliot\/wp-content\/uploads\/2023\/11\/Capture-decran_2023-11-13_22-31-39.png","contentUrl":"https:\/\/outsiderland.com\/danahilliot\/wp-content\/uploads\/2023\/11\/Capture-decran_2023-11-13_22-31-39.png","width":671,"height":463},{"@type":"BreadcrumbList","@id":"https:\/\/outsiderland.com\/danahilliot\/racismes-et-suprematismes\/#breadcrumb","itemListElement":[{"@type":"ListItem","position":1,"name":"Accueil","item":"https:\/\/outsiderland.com\/danahilliot\/"},{"@type":"ListItem","position":2,"name":"Racismes et supr\u00e9matismes"}]},{"@type":"WebSite","@id":"https:\/\/outsiderland.com\/danahilliot\/#website","url":"https:\/\/outsiderland.com\/danahilliot\/","name":"Outside Dana Hilliot","description":". Archives . Activit\u00e9s . Projets .","publisher":{"@id":"https:\/\/outsiderland.com\/danahilliot\/#\/schema\/person\/201a1fef0f5c2897bd65e98bcf6b1179"},"potentialAction":[{"@type":"SearchAction","target":{"@type":"EntryPoint","urlTemplate":"https:\/\/outsiderland.com\/danahilliot\/?s={search_term_string}"},"query-input":{"@type":"PropertyValueSpecification","valueRequired":true,"valueName":"search_term_string"}}],"inLanguage":"fr-FR"},{"@type":["Person","Organization"],"@id":"https:\/\/outsiderland.com\/danahilliot\/#\/schema\/person\/201a1fef0f5c2897bd65e98bcf6b1179","name":"danahilliot","image":{"@type":"ImageObject","inLanguage":"fr-FR","@id":"https:\/\/outsiderland.com\/danahilliot\/#\/schema\/person\/image\/","url":"https:\/\/outsiderland.com\/danahilliot\/wp-content\/uploads\/2026\/02\/50801449407_a909f2c1ad_k.jpg","contentUrl":"https:\/\/outsiderland.com\/danahilliot\/wp-content\/uploads\/2026\/02\/50801449407_a909f2c1ad_k.jpg","width":2048,"height":1536,"caption":"danahilliot"},"logo":{"@id":"https:\/\/outsiderland.com\/danahilliot\/#\/schema\/person\/image\/"}},{"@type":"Person","@id":"https:\/\/outsiderland.com\/danahilliot\/#\/schema\/person\/2f9b92e9fff19bccc36638b10510d5ae","name":"danah","image":{"@type":"ImageObject","inLanguage":"fr-FR","@id":"https:\/\/outsiderland.com\/danahilliot\/#\/schema\/person\/image\/","url":"https:\/\/secure.gravatar.com\/avatar\/ed6349755e1d97f204277de3d09fc6ac31abd856835c8ea3c3a30d0aa84b0ddd?s=96&d=mm&r=g","contentUrl":"https:\/\/secure.gravatar.com\/avatar\/ed6349755e1d97f204277de3d09fc6ac31abd856835c8ea3c3a30d0aa84b0ddd?s=96&d=mm&r=g","caption":"danah"},"url":"https:\/\/outsiderland.com\/danahilliot\/author\/danah\/"}]}},"jetpack_publicize_connections":[],"_links":{"self":[{"href":"https:\/\/outsiderland.com\/danahilliot\/wp-json\/wp\/v2\/posts\/4760","targetHints":{"allow":["GET"]}}],"collection":[{"href":"https:\/\/outsiderland.com\/danahilliot\/wp-json\/wp\/v2\/posts"}],"about":[{"href":"https:\/\/outsiderland.com\/danahilliot\/wp-json\/wp\/v2\/types\/post"}],"author":[{"embeddable":true,"href":"https:\/\/outsiderland.com\/danahilliot\/wp-json\/wp\/v2\/users\/1"}],"replies":[{"embeddable":true,"href":"https:\/\/outsiderland.com\/danahilliot\/wp-json\/wp\/v2\/comments?post=4760"}],"version-history":[{"count":3,"href":"https:\/\/outsiderland.com\/danahilliot\/wp-json\/wp\/v2\/posts\/4760\/revisions"}],"predecessor-version":[{"id":4767,"href":"https:\/\/outsiderland.com\/danahilliot\/wp-json\/wp\/v2\/posts\/4760\/revisions\/4767"}],"wp:featuredmedia":[{"embeddable":true,"href":"https:\/\/outsiderland.com\/danahilliot\/wp-json\/wp\/v2\/media\/4763"}],"wp:attachment":[{"href":"https:\/\/outsiderland.com\/danahilliot\/wp-json\/wp\/v2\/media?parent=4760"}],"wp:term":[{"taxonomy":"category","embeddable":true,"href":"https:\/\/outsiderland.com\/danahilliot\/wp-json\/wp\/v2\/categories?post=4760"},{"taxonomy":"post_tag","embeddable":true,"href":"https:\/\/outsiderland.com\/danahilliot\/wp-json\/wp\/v2\/tags?post=4760"}],"curies":[{"name":"wp","href":"https:\/\/api.w.org\/{rel}","templated":true}]}}