{"id":4737,"date":"2023-11-07T19:25:53","date_gmt":"2023-11-07T19:25:53","guid":{"rendered":"https:\/\/outsiderland.com\/danahilliot\/?p=4737"},"modified":"2023-11-07T19:45:30","modified_gmt":"2023-11-07T19:45:30","slug":"remarques-sur-les-genocides","status":"publish","type":"post","link":"https:\/\/outsiderland.com\/danahilliot\/remarques-sur-les-genocides\/","title":{"rendered":"Remarques sur les g\u00e9nocides pour contribuer peut-\u00eatre \u00e0 clarifier un peu les d\u00e9bats"},"content":{"rendered":"<p align=\"justify\">Comme je vois passer des discussions parfois un peu tendues sur la question du g\u00e9nocide \u2013 et, en ce qui concerne les \u00e9v\u00e8nements en Palestine, une sorte de \u00ab\u00a0moral panic\u00a0\u00bb, qui, par exemple, finit par produire un syllogisme assez tordu du style\u00a0: 1. Les nazis = g\u00e9nocide 2. les juifs commettent un g\u00e9nocide donc\u00a0: 3. les juifs sont des nazis (j\u2019exag\u00e8re \u00e0 peine), je voudrais rappeler deux trois choses, que la plupart d\u2019entre vous savent, mais que les sp\u00e9cificit\u00e9s du drame en Isra\u00ebl et en Palestine tendent \u00e0 occulter\u00a0:<\/p>\n<p align=\"justify\">1. Les nazis ne sont pas propri\u00e9taires des projets g\u00e9nocidaires\u00a0: le contenu des deux premiers volumes de la<a href=\"https:\/\/www.cambridge.org\/core\/books\/cambridge-world-history-of-genocide\/E60C05ADB875E63EE57B5D41EC4BA485\"> <i>Cambridge World History of Genocide<\/i><\/a> qui couvrent la p\u00e9riode de l\u2019antiquit\u00e9 \u00e0 la premi\u00e8re guerre mondiale suffiront \u00e0 s\u2019en convaincre (les indig\u00e8nes extermin\u00e9s par les Europ\u00e9ens lors de la conqu\u00eate des Am\u00e9riques par exemple, fournissent un exemple majeur : et les conquistadors n\u2019\u00e9taient certainement pas des Nazis). Le troisi\u00e8me volume de cette somme n\u2019est pas encore paru, mais je n\u2019ai aucun doute qu\u2019il sera tout aussi \u00e9pais que les pr\u00e9c\u00e9dents.<\/p>\n<p align=\"justify\">J\u2019ajouterai que le <a href=\"https:\/\/www.memorialdelashoah.org\/archives-et-documentation\/genocides-xx-siecle.html\">Memorial de la Shoah<\/a> consacre une partie de ses expositions \u00e0 d\u2019autres g\u00e9nocides que celui commis par les nazis contre les juifs d\u2019Europe.<\/p>\n<p align=\"justify\">2. Ce qui m\u2019am\u00e8ne \u00e0 un second point\u00a0: le g\u00e9nocide des Arm\u00e9niens ou celui des Mau Mau au Kenya, ne font pas automatiquement de <i>tous<\/i> les Turcs et des <i>tous<\/i> les sujets du royaume Britannique des g\u00e9nocidaires. Les Tutsis n\u2019ont pas \u00e9t\u00e9 victimes d\u2019un g\u00e9nocide commis par les Rwandais, mais par les groupes extr\u00e9mistes Hutus, et allez expliquer aux Cambodgiens qu\u2019ils seraient responsables de leur propre g\u00e9nocide\u00a0? Pour en revenir \u00e0 la situation politique en Isra\u00ebl, le g\u00e9nocide perp\u00e9tr\u00e9 en ce moment ne l\u2019est ni par les juifs ni par les Isra\u00e9liens, mais par un gouvernement d\u2019extr\u00eame droite qui n\u2019attendait que \u00e7a en v\u00e9rit\u00e9, soutenu par diff\u00e9rents courants dans la population certes, mais certainement pas par <i>toute<\/i> la population, loin de l\u00e0 (c\u2019est ind\u00e9cent de dire une chose pareille quand on songe \u00e0 tous les opposants et les partisans de la paix, tous ceux qui s\u2019opposent \u00e0 Netanyaou et sa clique depuis plus de deux d\u00e9cennies\u00a0!)<\/p>\n<p align=\"justify\">3. Le g\u00e9nocide des juifs pendant la seconde guerre mondiale n\u2019emp\u00eache nullement une certaine clique radicale et extr\u00e9miste, le gouvernement Netanyaou en l\u2019occurrence, d\u2019\u00eatre en train de commettre un g\u00e9nocide. C\u2019est un fait. Quand Pol Pot prend le pouvoir au Cambodge, il le fait parce qu\u2019il est port\u00e9 par une partie de la population qui a \u00e9t\u00e9 victime de massacres de masse pendant toute la guerre civile. \u00c7a ne l\u2019emp\u00eachera pas d\u2019en organiser \u00e0 son tour, dans des proportions hallucinantes. Il n\u2019existe rien de tel qu\u2019une loi morale universelle qui pr\u00e9viendrait que des crimes commis par le pass\u00e9 soient perp\u00e9tr\u00e9s dans le futur. L\u2019histoire n\u2019oblige pas \u00e0 grand-chose du point de vue moral. C&rsquo;est un fait, qui heurte certes une sorte de logique morale spontan\u00e9e, mais c&rsquo;est un fait. Je n&rsquo;y peux rien et vous non plus. Les Grands r\u00e9cits nationaux sont pour la plupart s\u00e9lectifs et oublieux parce qu\u2019ils sont \u00e9crits non pas par une instance morale transcendante, mais par des \u00eatres humains. C\u2019est d\u2019ailleurs une des raisons pour lesquelles je milite chaque jour que le diable fait pour la reconnaissance des crimes commis notamment par les puissances coloniales, et leur r\u00e9paration. En r\u00e9alit\u00e9, il faut se battre pour tirer aujourd&rsquo;hui et pour demain des le\u00e7ons et des cons\u00e9quences des crimes commis dans le pass\u00e9. C&rsquo;est tout l\u2019ab\u00eeme qui existe entre l&rsquo;id\u00e9al de nos esp\u00e9rances morales et la r\u00e9alit\u00e9.<\/p>\n<p align=\"justify\">4. Il y a des extr\u00e9mistes de droite en Isra\u00ebl, et \u00e7a ne date pas d\u2019aujourd\u2019hui. Le rabbin Meir Kahane, fondateur de la Jewish Defense League, \u00e9tait une v\u00e9ritable ordure, et certains membres du gouvernement actuel en sont les h\u00e9ritiers. Les n\u00e9osionistes tr\u00e8s repr\u00e9sent\u00e9s chez les colons sont ouvertement racistes et ultranationalistes. Avant m\u00eame la cr\u00e9ation de l\u2019\u00c9tat d\u2019Isra\u00ebl, certains partisans sionistes ne cachaient pas leur tendance fasciste. D&rsquo;autres (les m\u00eames parfois) r\u00eavent d&rsquo;une th\u00e9ocratie. Et surtout gardons \u00e0 l\u2019esprit la complexit\u00e9 fascinante du tableau politique Isra\u00e9lien ! Les gauches, le front jud\u00e9o-arabe, les courants pacifistes, certes en piteux \u00e9tat sur le plan \u00e9lectoral, sont encore bien vivants, et se font entendre avec vigueur dans la rue et dans la diaspora. Et tous les courants de pens\u00e9e politiques ne sont pas sionistes, \u00e0 gauche comme \u00e0 droite. Je donne souvent l\u2019exemple, afin d\u2019illustrer cette complexit\u00e9, de ces haredim (certes minoritaires) qui non seulement s\u2019opposent \u00e0 l\u2019\u00c9tat d\u2019Isra\u00ebl, mais militent pour la cr\u00e9ation d\u2019un \u00c9tat Palestinien ! (lire <a href=\"https:\/\/www.lepoint.fr\/monde\/ces-juifs-ultraorthodoxes-qui-haissent-israel-06-01-2012-1416179_24.php\">la fabuleuse interview du rabbin Isra\u00ebl Hirsch dans Le Point<\/a>). Bref, il n&rsquo;y a aucun lien n\u00e9cessaire et intrins\u00e8que entre se dire juif, pratiquant ou pas, et\/ou sioniste, et\/ou isra\u00e9lien et \u00ab\u00a0commettre un g\u00e9nocide\u00a0\u00bb. C&rsquo;est une \u00e9vidence, mais \u00e0 lire certains messages, parfois, on se demande si elle l&rsquo;est tant que \u00e7a.<\/p>\n<p align=\"justify\">De mani\u00e8re g\u00e9n\u00e9rale, je crois qu\u2019il nous faut \u00e9viter de parler et de penser \u00e0 la place et au nom des Isra\u00e9liens, en projetant sur cette complexit\u00e9 nos id\u00e9aux moraux et nos g\u00e9n\u00e9ralisations simplistes.<\/p>\n<p align=\"justify\">\n","protected":false},"excerpt":{"rendered":"<p>Comme je vois passer des discussions parfois un peu tendues sur la question du g\u00e9nocide \u2013 et, en ce qui concerne les \u00e9v\u00e8nements en Palestine, une sorte de \u00ab\u00a0moral panic\u00a0\u00bb, qui, par exemple, finit par produire un syllogisme assez tordu du style\u00a0: 1. Les nazis = g\u00e9nocide 2. les juifs commettent un g\u00e9nocide donc\u00a0: 3.&hellip;<\/p>\n <a href=\"https:\/\/outsiderland.com\/danahilliot\/remarques-sur-les-genocides\/\" title=\"Remarques sur les g\u00e9nocides pour contribuer peut-\u00eatre \u00e0 clarifier un peu les d\u00e9bats\" class=\"entry-more-link\"><span>Read More<\/span> <span class=\"screen-reader-text\">Remarques sur les g\u00e9nocides pour contribuer peut-\u00eatre \u00e0 clarifier un peu les d\u00e9bats<\/span><\/a>","protected":false},"author":1,"featured_media":0,"comment_status":"closed","ping_status":"open","sticky":false,"template":"","format":"standard","meta":{"Layout":"","footnotes":"","jetpack_publicize_message":"","jetpack_publicize_feature_enabled":true,"jetpack_social_post_already_shared":true,"jetpack_social_options":{"image_generator_settings":{"template":"highway","default_image_id":0,"font":"","enabled":false},"version":2}},"categories":[76],"tags":[],"class_list":["entry","author-danah","post-4737","post","type-post","status-publish","format-standard","category-histoire"],"yoast_head":"<!-- This site is optimized with the Yoast SEO plugin v27.0 - https:\/\/yoast.com\/product\/yoast-seo-wordpress\/ -->\n<title>Remarques sur les g\u00e9nocides pour contribuer peut-\u00eatre \u00e0 clarifier un peu les d\u00e9bats - Outside Dana Hilliot<\/title>\n<meta name=\"robots\" content=\"index, follow, max-snippet:-1, max-image-preview:large, max-video-preview:-1\" \/>\n<link rel=\"canonical\" href=\"https:\/\/outsiderland.com\/danahilliot\/remarques-sur-les-genocides\/\" \/>\n<meta property=\"og:locale\" content=\"fr_FR\" \/>\n<meta property=\"og:type\" content=\"article\" \/>\n<meta property=\"og:title\" content=\"Remarques sur les g\u00e9nocides pour contribuer peut-\u00eatre \u00e0 clarifier un peu les d\u00e9bats - Outside Dana Hilliot\" \/>\n<meta property=\"og:description\" content=\"Comme je vois passer des discussions parfois un peu tendues sur la question du g\u00e9nocide \u2013 et, en ce qui concerne les \u00e9v\u00e8nements en Palestine, une sorte de \u00ab\u00a0moral panic\u00a0\u00bb, qui, par exemple, finit par produire un syllogisme assez tordu du style\u00a0: 1. Les nazis = g\u00e9nocide 2. les juifs commettent un g\u00e9nocide donc\u00a0: 3.&hellip;\" \/>\n<meta property=\"og:url\" content=\"https:\/\/outsiderland.com\/danahilliot\/remarques-sur-les-genocides\/\" \/>\n<meta property=\"og:site_name\" content=\"Outside Dana Hilliot\" \/>\n<meta property=\"article:published_time\" content=\"2023-11-07T19:25:53+00:00\" \/>\n<meta property=\"article:modified_time\" content=\"2023-11-07T19:45:30+00:00\" \/>\n<meta name=\"author\" content=\"danah\" \/>\n<meta name=\"twitter:card\" content=\"summary_large_image\" \/>\n<meta name=\"twitter:label1\" content=\"\u00c9crit par\" \/>\n\t<meta name=\"twitter:data1\" content=\"danah\" \/>\n\t<meta name=\"twitter:label2\" content=\"Dur\u00e9e de lecture estim\u00e9e\" \/>\n\t<meta name=\"twitter:data2\" content=\"5 minutes\" \/>\n<script type=\"application\/ld+json\" class=\"yoast-schema-graph\">{\"@context\":\"https:\/\/schema.org\",\"@graph\":[{\"@type\":\"Article\",\"@id\":\"https:\/\/outsiderland.com\/danahilliot\/remarques-sur-les-genocides\/#article\",\"isPartOf\":{\"@id\":\"https:\/\/outsiderland.com\/danahilliot\/remarques-sur-les-genocides\/\"},\"author\":{\"name\":\"danah\",\"@id\":\"https:\/\/outsiderland.com\/danahilliot\/#\/schema\/person\/2f9b92e9fff19bccc36638b10510d5ae\"},\"headline\":\"Remarques sur les g\u00e9nocides pour contribuer peut-\u00eatre \u00e0 clarifier un peu les d\u00e9bats\",\"datePublished\":\"2023-11-07T19:25:53+00:00\",\"dateModified\":\"2023-11-07T19:45:30+00:00\",\"mainEntityOfPage\":{\"@id\":\"https:\/\/outsiderland.com\/danahilliot\/remarques-sur-les-genocides\/\"},\"wordCount\":975,\"publisher\":{\"@id\":\"https:\/\/outsiderland.com\/danahilliot\/#\/schema\/person\/201a1fef0f5c2897bd65e98bcf6b1179\"},\"articleSection\":[\"Histoire\"],\"inLanguage\":\"fr-FR\"},{\"@type\":\"WebPage\",\"@id\":\"https:\/\/outsiderland.com\/danahilliot\/remarques-sur-les-genocides\/\",\"url\":\"https:\/\/outsiderland.com\/danahilliot\/remarques-sur-les-genocides\/\",\"name\":\"Remarques sur les g\u00e9nocides pour contribuer peut-\u00eatre \u00e0 clarifier un peu les d\u00e9bats - Outside Dana Hilliot\",\"isPartOf\":{\"@id\":\"https:\/\/outsiderland.com\/danahilliot\/#website\"},\"datePublished\":\"2023-11-07T19:25:53+00:00\",\"dateModified\":\"2023-11-07T19:45:30+00:00\",\"breadcrumb\":{\"@id\":\"https:\/\/outsiderland.com\/danahilliot\/remarques-sur-les-genocides\/#breadcrumb\"},\"inLanguage\":\"fr-FR\",\"potentialAction\":[{\"@type\":\"ReadAction\",\"target\":[\"https:\/\/outsiderland.com\/danahilliot\/remarques-sur-les-genocides\/\"]}]},{\"@type\":\"BreadcrumbList\",\"@id\":\"https:\/\/outsiderland.com\/danahilliot\/remarques-sur-les-genocides\/#breadcrumb\",\"itemListElement\":[{\"@type\":\"ListItem\",\"position\":1,\"name\":\"Accueil\",\"item\":\"https:\/\/outsiderland.com\/danahilliot\/\"},{\"@type\":\"ListItem\",\"position\":2,\"name\":\"Remarques sur les g\u00e9nocides pour contribuer peut-\u00eatre \u00e0 clarifier un peu les d\u00e9bats\"}]},{\"@type\":\"WebSite\",\"@id\":\"https:\/\/outsiderland.com\/danahilliot\/#website\",\"url\":\"https:\/\/outsiderland.com\/danahilliot\/\",\"name\":\"Outside Dana Hilliot\",\"description\":\". Archives . Activit\u00e9s . Projets .\",\"publisher\":{\"@id\":\"https:\/\/outsiderland.com\/danahilliot\/#\/schema\/person\/201a1fef0f5c2897bd65e98bcf6b1179\"},\"potentialAction\":[{\"@type\":\"SearchAction\",\"target\":{\"@type\":\"EntryPoint\",\"urlTemplate\":\"https:\/\/outsiderland.com\/danahilliot\/?s={search_term_string}\"},\"query-input\":{\"@type\":\"PropertyValueSpecification\",\"valueRequired\":true,\"valueName\":\"search_term_string\"}}],\"inLanguage\":\"fr-FR\"},{\"@type\":[\"Person\",\"Organization\"],\"@id\":\"https:\/\/outsiderland.com\/danahilliot\/#\/schema\/person\/201a1fef0f5c2897bd65e98bcf6b1179\",\"name\":\"danahilliot\",\"image\":{\"@type\":\"ImageObject\",\"inLanguage\":\"fr-FR\",\"@id\":\"https:\/\/outsiderland.com\/danahilliot\/#\/schema\/person\/image\/\",\"url\":\"https:\/\/outsiderland.com\/danahilliot\/wp-content\/uploads\/2026\/02\/50801449407_a909f2c1ad_k.jpg\",\"contentUrl\":\"https:\/\/outsiderland.com\/danahilliot\/wp-content\/uploads\/2026\/02\/50801449407_a909f2c1ad_k.jpg\",\"width\":2048,\"height\":1536,\"caption\":\"danahilliot\"},\"logo\":{\"@id\":\"https:\/\/outsiderland.com\/danahilliot\/#\/schema\/person\/image\/\"}},{\"@type\":\"Person\",\"@id\":\"https:\/\/outsiderland.com\/danahilliot\/#\/schema\/person\/2f9b92e9fff19bccc36638b10510d5ae\",\"name\":\"danah\",\"image\":{\"@type\":\"ImageObject\",\"inLanguage\":\"fr-FR\",\"@id\":\"https:\/\/outsiderland.com\/danahilliot\/#\/schema\/person\/image\/\",\"url\":\"https:\/\/secure.gravatar.com\/avatar\/ed6349755e1d97f204277de3d09fc6ac31abd856835c8ea3c3a30d0aa84b0ddd?s=96&d=mm&r=g\",\"contentUrl\":\"https:\/\/secure.gravatar.com\/avatar\/ed6349755e1d97f204277de3d09fc6ac31abd856835c8ea3c3a30d0aa84b0ddd?s=96&d=mm&r=g\",\"caption\":\"danah\"},\"url\":\"https:\/\/outsiderland.com\/danahilliot\/author\/danah\/\"}]}<\/script>\n<!-- \/ Yoast SEO plugin. -->","yoast_head_json":{"title":"Remarques sur les g\u00e9nocides pour contribuer peut-\u00eatre \u00e0 clarifier un peu les d\u00e9bats - Outside Dana Hilliot","robots":{"index":"index","follow":"follow","max-snippet":"max-snippet:-1","max-image-preview":"max-image-preview:large","max-video-preview":"max-video-preview:-1"},"canonical":"https:\/\/outsiderland.com\/danahilliot\/remarques-sur-les-genocides\/","og_locale":"fr_FR","og_type":"article","og_title":"Remarques sur les g\u00e9nocides pour contribuer peut-\u00eatre \u00e0 clarifier un peu les d\u00e9bats - Outside Dana Hilliot","og_description":"Comme je vois passer des discussions parfois un peu tendues sur la question du g\u00e9nocide \u2013 et, en ce qui concerne les \u00e9v\u00e8nements en Palestine, une sorte de \u00ab\u00a0moral panic\u00a0\u00bb, qui, par exemple, finit par produire un syllogisme assez tordu du style\u00a0: 1. Les nazis = g\u00e9nocide 2. les juifs commettent un g\u00e9nocide donc\u00a0: 3.&hellip;","og_url":"https:\/\/outsiderland.com\/danahilliot\/remarques-sur-les-genocides\/","og_site_name":"Outside Dana Hilliot","article_published_time":"2023-11-07T19:25:53+00:00","article_modified_time":"2023-11-07T19:45:30+00:00","author":"danah","twitter_card":"summary_large_image","twitter_misc":{"\u00c9crit par":"danah","Dur\u00e9e de lecture estim\u00e9e":"5 minutes"},"schema":{"@context":"https:\/\/schema.org","@graph":[{"@type":"Article","@id":"https:\/\/outsiderland.com\/danahilliot\/remarques-sur-les-genocides\/#article","isPartOf":{"@id":"https:\/\/outsiderland.com\/danahilliot\/remarques-sur-les-genocides\/"},"author":{"name":"danah","@id":"https:\/\/outsiderland.com\/danahilliot\/#\/schema\/person\/2f9b92e9fff19bccc36638b10510d5ae"},"headline":"Remarques sur les g\u00e9nocides pour contribuer peut-\u00eatre \u00e0 clarifier un peu les d\u00e9bats","datePublished":"2023-11-07T19:25:53+00:00","dateModified":"2023-11-07T19:45:30+00:00","mainEntityOfPage":{"@id":"https:\/\/outsiderland.com\/danahilliot\/remarques-sur-les-genocides\/"},"wordCount":975,"publisher":{"@id":"https:\/\/outsiderland.com\/danahilliot\/#\/schema\/person\/201a1fef0f5c2897bd65e98bcf6b1179"},"articleSection":["Histoire"],"inLanguage":"fr-FR"},{"@type":"WebPage","@id":"https:\/\/outsiderland.com\/danahilliot\/remarques-sur-les-genocides\/","url":"https:\/\/outsiderland.com\/danahilliot\/remarques-sur-les-genocides\/","name":"Remarques sur les g\u00e9nocides pour contribuer peut-\u00eatre \u00e0 clarifier un peu les d\u00e9bats - Outside Dana Hilliot","isPartOf":{"@id":"https:\/\/outsiderland.com\/danahilliot\/#website"},"datePublished":"2023-11-07T19:25:53+00:00","dateModified":"2023-11-07T19:45:30+00:00","breadcrumb":{"@id":"https:\/\/outsiderland.com\/danahilliot\/remarques-sur-les-genocides\/#breadcrumb"},"inLanguage":"fr-FR","potentialAction":[{"@type":"ReadAction","target":["https:\/\/outsiderland.com\/danahilliot\/remarques-sur-les-genocides\/"]}]},{"@type":"BreadcrumbList","@id":"https:\/\/outsiderland.com\/danahilliot\/remarques-sur-les-genocides\/#breadcrumb","itemListElement":[{"@type":"ListItem","position":1,"name":"Accueil","item":"https:\/\/outsiderland.com\/danahilliot\/"},{"@type":"ListItem","position":2,"name":"Remarques sur les g\u00e9nocides pour contribuer peut-\u00eatre \u00e0 clarifier un peu les d\u00e9bats"}]},{"@type":"WebSite","@id":"https:\/\/outsiderland.com\/danahilliot\/#website","url":"https:\/\/outsiderland.com\/danahilliot\/","name":"Outside Dana Hilliot","description":". Archives . Activit\u00e9s . Projets .","publisher":{"@id":"https:\/\/outsiderland.com\/danahilliot\/#\/schema\/person\/201a1fef0f5c2897bd65e98bcf6b1179"},"potentialAction":[{"@type":"SearchAction","target":{"@type":"EntryPoint","urlTemplate":"https:\/\/outsiderland.com\/danahilliot\/?s={search_term_string}"},"query-input":{"@type":"PropertyValueSpecification","valueRequired":true,"valueName":"search_term_string"}}],"inLanguage":"fr-FR"},{"@type":["Person","Organization"],"@id":"https:\/\/outsiderland.com\/danahilliot\/#\/schema\/person\/201a1fef0f5c2897bd65e98bcf6b1179","name":"danahilliot","image":{"@type":"ImageObject","inLanguage":"fr-FR","@id":"https:\/\/outsiderland.com\/danahilliot\/#\/schema\/person\/image\/","url":"https:\/\/outsiderland.com\/danahilliot\/wp-content\/uploads\/2026\/02\/50801449407_a909f2c1ad_k.jpg","contentUrl":"https:\/\/outsiderland.com\/danahilliot\/wp-content\/uploads\/2026\/02\/50801449407_a909f2c1ad_k.jpg","width":2048,"height":1536,"caption":"danahilliot"},"logo":{"@id":"https:\/\/outsiderland.com\/danahilliot\/#\/schema\/person\/image\/"}},{"@type":"Person","@id":"https:\/\/outsiderland.com\/danahilliot\/#\/schema\/person\/2f9b92e9fff19bccc36638b10510d5ae","name":"danah","image":{"@type":"ImageObject","inLanguage":"fr-FR","@id":"https:\/\/outsiderland.com\/danahilliot\/#\/schema\/person\/image\/","url":"https:\/\/secure.gravatar.com\/avatar\/ed6349755e1d97f204277de3d09fc6ac31abd856835c8ea3c3a30d0aa84b0ddd?s=96&d=mm&r=g","contentUrl":"https:\/\/secure.gravatar.com\/avatar\/ed6349755e1d97f204277de3d09fc6ac31abd856835c8ea3c3a30d0aa84b0ddd?s=96&d=mm&r=g","caption":"danah"},"url":"https:\/\/outsiderland.com\/danahilliot\/author\/danah\/"}]}},"jetpack_publicize_connections":[],"_links":{"self":[{"href":"https:\/\/outsiderland.com\/danahilliot\/wp-json\/wp\/v2\/posts\/4737","targetHints":{"allow":["GET"]}}],"collection":[{"href":"https:\/\/outsiderland.com\/danahilliot\/wp-json\/wp\/v2\/posts"}],"about":[{"href":"https:\/\/outsiderland.com\/danahilliot\/wp-json\/wp\/v2\/types\/post"}],"author":[{"embeddable":true,"href":"https:\/\/outsiderland.com\/danahilliot\/wp-json\/wp\/v2\/users\/1"}],"replies":[{"embeddable":true,"href":"https:\/\/outsiderland.com\/danahilliot\/wp-json\/wp\/v2\/comments?post=4737"}],"version-history":[{"count":6,"href":"https:\/\/outsiderland.com\/danahilliot\/wp-json\/wp\/v2\/posts\/4737\/revisions"}],"predecessor-version":[{"id":4747,"href":"https:\/\/outsiderland.com\/danahilliot\/wp-json\/wp\/v2\/posts\/4737\/revisions\/4747"}],"wp:attachment":[{"href":"https:\/\/outsiderland.com\/danahilliot\/wp-json\/wp\/v2\/media?parent=4737"}],"wp:term":[{"taxonomy":"category","embeddable":true,"href":"https:\/\/outsiderland.com\/danahilliot\/wp-json\/wp\/v2\/categories?post=4737"},{"taxonomy":"post_tag","embeddable":true,"href":"https:\/\/outsiderland.com\/danahilliot\/wp-json\/wp\/v2\/tags?post=4737"}],"curies":[{"name":"wp","href":"https:\/\/api.w.org\/{rel}","templated":true}]}}