{"id":4691,"date":"2023-10-10T16:40:25","date_gmt":"2023-10-10T16:40:25","guid":{"rendered":"https:\/\/outsiderland.com\/danahilliot\/?p=4691"},"modified":"2024-01-16T10:00:11","modified_gmt":"2024-01-16T10:00:11","slug":"le-nous-de-la-conscience-morale-pretendument-universelle","status":"publish","type":"post","link":"https:\/\/outsiderland.com\/danahilliot\/le-nous-de-la-conscience-morale-pretendument-universelle\/","title":{"rendered":"Le \u00ab\u00a0nous\u00a0\u00bb de la conscience morale pr\u00e9tendument universelle"},"content":{"rendered":"<p>Il est somme toute \u00e9trange ce \u201cnous\u201d qu\u2019on entend parfois, qui se veut sans doute l\u2019expression d\u2019une \u00ab\u00a0conscience morale universelle\u00a0\u00bb, celle qui juge, condamne, d\u00e9termine le bon et le mauvais c\u00f4t\u00e9, interdit, fixe des limites, soutient, compatit, etc.<\/p>\n<p>On remarquera premi\u00e8rement qu\u2019en fait d\u2019universalit\u00e9, elle est immanquablement Europ\u00e9enne (et plus largement nord-am\u00e9ricaine-et-europ\u00e9enne \u2013 l\u2019Europe de l\u2019Ouest de pr\u00e9f\u00e9rence). (mais les habitants de l&rsquo;Asie, de l&rsquo;Afrique ou de l&rsquo;Am\u00e9rique Latine auraient-ils par hasard une conscience morale universelle ? \u00e7a serait un sacr\u00e9 chantier s&rsquo;il fallait aussi tenir compte de ce qu&rsquo;ils pensent)<\/p>\n<p>C\u2019est la m\u00eame conscience qui, au temps des Empires, qualifiait les crimes de r\u00e9sistance commis par les colonis\u00e9s de \u201cbarbares\u201d. La m\u00eame.<\/p>\n<p>Et, deuxi\u00e8mement, on notera aussi que ce \u201cnous\u201d, sujet moral universel, qui cherche \u00e0 faire consensus au moment de trancher dans l\u2019histoire, prendre parti au nom d&rsquo;une position transcendante (seule \u00e0 m\u00eame de d\u00e9terminer le \u00ab\u00a0sens de l&rsquo;histoire\u00a0\u00bb) \u2013 \u00e0 d\u00e9faut de \u00ab\u00a0s\u2019engager\u00a0\u00bb, car, finalement, on s\u2019engage rarement, except\u00e9 pour faire la guerre en Irak, afin d\u2019assurer les livraisons de p\u00e9trole, ou en vendant des armes \u2013 les massacres commis avec ces armes ne sont pas compt\u00e9s \u00e0 la d\u00e9charge des pays qui les ont vendues : ce qu\u2019on appelle \u00ab\u00a0\u00eatre en paix\u00a0\u00bb, je suppose, du point de vue europ\u00e9en, \u00eatre en paix \u00ab\u00a0avec sa conscience\u00a0\u00bb du moins \u2013 on externalise la guerre comme on externalise nos \u00e9missions carbon\u00e9es, comme on externalise l\u2019exploitation des corps colonis\u00e9s. Voil\u00e0 ce que signifie cette paix durement gagn\u00e9e par les Europ\u00e9ens (quoique\u00a0: la situation en Ukraine, n\u2019est-ce pas\u00a0? Sont-ils \u201cnous\u201d\u00a0? Ne sont-ils pas \u201cnous\u201d\u00a0? Le demeurent-ils quand le conflit s\u2019\u00e9ternise\u00a0?)&#8230;<\/p>\n<p>&#8230; on notera donc aussi que ce \u201cnous\u201d, ne concerne pas les Ou\u00efghours, ni les Rohingyas, que nous ne nous sentons pas tenus de juger, ou prendre parti, au sujet des Y\u00e9m\u00e9nites, et plus pour les Syriens, quand aux Kurdes, qu\u2019ils se d\u00e9brouillent. Ah, l\u2019\u00c9thiopie entrerait donc dans sa troisi\u00e8me ann\u00e9e de guerre civile ? Et les \u00c9rythr\u00e9ens, pourquoi fuient-ils en si grand nombre vers chez nous\u00a0? Le Congo\u00a0? Le(s) Soudan(s)\u00a0? la Libye\u00a0? Et au fait, les Afghanes pourraient-elles susciter une attention digne de notre \u201cnous\u201d\u00a0?<\/p>\n","protected":false},"excerpt":{"rendered":"<p>Il est somme toute \u00e9trange ce \u201cnous\u201d qu\u2019on entend parfois, qui se veut sans doute l\u2019expression d\u2019une \u00ab\u00a0conscience morale universelle\u00a0\u00bb, celle qui juge, condamne, d\u00e9termine le bon et le mauvais c\u00f4t\u00e9, interdit, fixe des limites, soutient, compatit, etc. On remarquera premi\u00e8rement qu\u2019en fait d\u2019universalit\u00e9, elle est immanquablement Europ\u00e9enne (et plus largement nord-am\u00e9ricaine-et-europ\u00e9enne \u2013 l\u2019Europe de&hellip;<\/p>\n <a href=\"https:\/\/outsiderland.com\/danahilliot\/le-nous-de-la-conscience-morale-pretendument-universelle\/\" title=\"Le \u00ab\u00a0nous\u00a0\u00bb de la conscience morale pr\u00e9tendument universelle\" class=\"entry-more-link\"><span>Read More<\/span> <span class=\"screen-reader-text\">Le \u00ab\u00a0nous\u00a0\u00bb de la conscience morale pr\u00e9tendument universelle<\/span><\/a>","protected":false},"author":1,"featured_media":0,"comment_status":"closed","ping_status":"open","sticky":false,"template":"","format":"standard","meta":{"Layout":"","footnotes":"","jetpack_publicize_message":"","jetpack_publicize_feature_enabled":true,"jetpack_social_post_already_shared":true,"jetpack_social_options":{"image_generator_settings":{"template":"highway","default_image_id":0,"font":"","enabled":false},"version":2}},"categories":[75,82,76],"tags":[],"class_list":["entry","author-danah","post-4691","post","type-post","status-publish","format-standard","category-colonialisme","category-guerres","category-histoire"],"yoast_head":"<!-- This site is optimized with the Yoast SEO plugin v27.0 - https:\/\/yoast.com\/product\/yoast-seo-wordpress\/ -->\n<title>Le &quot;nous&quot; de la conscience morale pr\u00e9tendument universelle - Outside Dana Hilliot<\/title>\n<meta name=\"robots\" content=\"index, follow, max-snippet:-1, max-image-preview:large, max-video-preview:-1\" \/>\n<link rel=\"canonical\" href=\"https:\/\/outsiderland.com\/danahilliot\/le-nous-de-la-conscience-morale-pretendument-universelle\/\" \/>\n<meta property=\"og:locale\" content=\"fr_FR\" \/>\n<meta property=\"og:type\" content=\"article\" \/>\n<meta property=\"og:title\" content=\"Le &quot;nous&quot; de la conscience morale pr\u00e9tendument universelle - Outside Dana Hilliot\" \/>\n<meta property=\"og:description\" content=\"Il est somme toute \u00e9trange ce \u201cnous\u201d qu\u2019on entend parfois, qui se veut sans doute l\u2019expression d\u2019une \u00ab\u00a0conscience morale universelle\u00a0\u00bb, celle qui juge, condamne, d\u00e9termine le bon et le mauvais c\u00f4t\u00e9, interdit, fixe des limites, soutient, compatit, etc. On remarquera premi\u00e8rement qu\u2019en fait d\u2019universalit\u00e9, elle est immanquablement Europ\u00e9enne (et plus largement nord-am\u00e9ricaine-et-europ\u00e9enne \u2013 l\u2019Europe de&hellip;\" \/>\n<meta property=\"og:url\" content=\"https:\/\/outsiderland.com\/danahilliot\/le-nous-de-la-conscience-morale-pretendument-universelle\/\" \/>\n<meta property=\"og:site_name\" content=\"Outside Dana Hilliot\" \/>\n<meta property=\"article:published_time\" content=\"2023-10-10T16:40:25+00:00\" \/>\n<meta property=\"article:modified_time\" content=\"2024-01-16T10:00:11+00:00\" \/>\n<meta name=\"author\" content=\"danah\" \/>\n<meta name=\"twitter:card\" content=\"summary_large_image\" \/>\n<meta name=\"twitter:label1\" content=\"\u00c9crit par\" \/>\n\t<meta name=\"twitter:data1\" content=\"danah\" \/>\n\t<meta name=\"twitter:label2\" content=\"Dur\u00e9e de lecture estim\u00e9e\" \/>\n\t<meta name=\"twitter:data2\" content=\"2 minutes\" \/>\n<script type=\"application\/ld+json\" class=\"yoast-schema-graph\">{\"@context\":\"https:\/\/schema.org\",\"@graph\":[{\"@type\":\"Article\",\"@id\":\"https:\/\/outsiderland.com\/danahilliot\/le-nous-de-la-conscience-morale-pretendument-universelle\/#article\",\"isPartOf\":{\"@id\":\"https:\/\/outsiderland.com\/danahilliot\/le-nous-de-la-conscience-morale-pretendument-universelle\/\"},\"author\":{\"name\":\"danah\",\"@id\":\"https:\/\/outsiderland.com\/danahilliot\/#\/schema\/person\/2f9b92e9fff19bccc36638b10510d5ae\"},\"headline\":\"Le \u00ab\u00a0nous\u00a0\u00bb de la conscience morale pr\u00e9tendument universelle\",\"datePublished\":\"2023-10-10T16:40:25+00:00\",\"dateModified\":\"2024-01-16T10:00:11+00:00\",\"mainEntityOfPage\":{\"@id\":\"https:\/\/outsiderland.com\/danahilliot\/le-nous-de-la-conscience-morale-pretendument-universelle\/\"},\"wordCount\":411,\"publisher\":{\"@id\":\"https:\/\/outsiderland.com\/danahilliot\/#\/schema\/person\/201a1fef0f5c2897bd65e98bcf6b1179\"},\"articleSection\":[\"Colonialisme\",\"Guerres\",\"Histoire\"],\"inLanguage\":\"fr-FR\"},{\"@type\":\"WebPage\",\"@id\":\"https:\/\/outsiderland.com\/danahilliot\/le-nous-de-la-conscience-morale-pretendument-universelle\/\",\"url\":\"https:\/\/outsiderland.com\/danahilliot\/le-nous-de-la-conscience-morale-pretendument-universelle\/\",\"name\":\"Le \\\"nous\\\" de la conscience morale pr\u00e9tendument universelle - Outside Dana Hilliot\",\"isPartOf\":{\"@id\":\"https:\/\/outsiderland.com\/danahilliot\/#website\"},\"datePublished\":\"2023-10-10T16:40:25+00:00\",\"dateModified\":\"2024-01-16T10:00:11+00:00\",\"breadcrumb\":{\"@id\":\"https:\/\/outsiderland.com\/danahilliot\/le-nous-de-la-conscience-morale-pretendument-universelle\/#breadcrumb\"},\"inLanguage\":\"fr-FR\",\"potentialAction\":[{\"@type\":\"ReadAction\",\"target\":[\"https:\/\/outsiderland.com\/danahilliot\/le-nous-de-la-conscience-morale-pretendument-universelle\/\"]}]},{\"@type\":\"BreadcrumbList\",\"@id\":\"https:\/\/outsiderland.com\/danahilliot\/le-nous-de-la-conscience-morale-pretendument-universelle\/#breadcrumb\",\"itemListElement\":[{\"@type\":\"ListItem\",\"position\":1,\"name\":\"Accueil\",\"item\":\"https:\/\/outsiderland.com\/danahilliot\/\"},{\"@type\":\"ListItem\",\"position\":2,\"name\":\"Le \u00ab\u00a0nous\u00a0\u00bb de la conscience morale pr\u00e9tendument universelle\"}]},{\"@type\":\"WebSite\",\"@id\":\"https:\/\/outsiderland.com\/danahilliot\/#website\",\"url\":\"https:\/\/outsiderland.com\/danahilliot\/\",\"name\":\"Outside Dana Hilliot\",\"description\":\". Archives . Activit\u00e9s . Projets .\",\"publisher\":{\"@id\":\"https:\/\/outsiderland.com\/danahilliot\/#\/schema\/person\/201a1fef0f5c2897bd65e98bcf6b1179\"},\"potentialAction\":[{\"@type\":\"SearchAction\",\"target\":{\"@type\":\"EntryPoint\",\"urlTemplate\":\"https:\/\/outsiderland.com\/danahilliot\/?s={search_term_string}\"},\"query-input\":{\"@type\":\"PropertyValueSpecification\",\"valueRequired\":true,\"valueName\":\"search_term_string\"}}],\"inLanguage\":\"fr-FR\"},{\"@type\":[\"Person\",\"Organization\"],\"@id\":\"https:\/\/outsiderland.com\/danahilliot\/#\/schema\/person\/201a1fef0f5c2897bd65e98bcf6b1179\",\"name\":\"danahilliot\",\"image\":{\"@type\":\"ImageObject\",\"inLanguage\":\"fr-FR\",\"@id\":\"https:\/\/outsiderland.com\/danahilliot\/#\/schema\/person\/image\/\",\"url\":\"https:\/\/outsiderland.com\/danahilliot\/wp-content\/uploads\/2026\/02\/50801449407_a909f2c1ad_k.jpg\",\"contentUrl\":\"https:\/\/outsiderland.com\/danahilliot\/wp-content\/uploads\/2026\/02\/50801449407_a909f2c1ad_k.jpg\",\"width\":2048,\"height\":1536,\"caption\":\"danahilliot\"},\"logo\":{\"@id\":\"https:\/\/outsiderland.com\/danahilliot\/#\/schema\/person\/image\/\"}},{\"@type\":\"Person\",\"@id\":\"https:\/\/outsiderland.com\/danahilliot\/#\/schema\/person\/2f9b92e9fff19bccc36638b10510d5ae\",\"name\":\"danah\",\"image\":{\"@type\":\"ImageObject\",\"inLanguage\":\"fr-FR\",\"@id\":\"https:\/\/outsiderland.com\/danahilliot\/#\/schema\/person\/image\/\",\"url\":\"https:\/\/secure.gravatar.com\/avatar\/ed6349755e1d97f204277de3d09fc6ac31abd856835c8ea3c3a30d0aa84b0ddd?s=96&d=mm&r=g\",\"contentUrl\":\"https:\/\/secure.gravatar.com\/avatar\/ed6349755e1d97f204277de3d09fc6ac31abd856835c8ea3c3a30d0aa84b0ddd?s=96&d=mm&r=g\",\"caption\":\"danah\"},\"url\":\"https:\/\/outsiderland.com\/danahilliot\/author\/danah\/\"}]}<\/script>\n<!-- \/ Yoast SEO plugin. -->","yoast_head_json":{"title":"Le \"nous\" de la conscience morale pr\u00e9tendument universelle - Outside Dana Hilliot","robots":{"index":"index","follow":"follow","max-snippet":"max-snippet:-1","max-image-preview":"max-image-preview:large","max-video-preview":"max-video-preview:-1"},"canonical":"https:\/\/outsiderland.com\/danahilliot\/le-nous-de-la-conscience-morale-pretendument-universelle\/","og_locale":"fr_FR","og_type":"article","og_title":"Le \"nous\" de la conscience morale pr\u00e9tendument universelle - Outside Dana Hilliot","og_description":"Il est somme toute \u00e9trange ce \u201cnous\u201d qu\u2019on entend parfois, qui se veut sans doute l\u2019expression d\u2019une \u00ab\u00a0conscience morale universelle\u00a0\u00bb, celle qui juge, condamne, d\u00e9termine le bon et le mauvais c\u00f4t\u00e9, interdit, fixe des limites, soutient, compatit, etc. On remarquera premi\u00e8rement qu\u2019en fait d\u2019universalit\u00e9, elle est immanquablement Europ\u00e9enne (et plus largement nord-am\u00e9ricaine-et-europ\u00e9enne \u2013 l\u2019Europe de&hellip;","og_url":"https:\/\/outsiderland.com\/danahilliot\/le-nous-de-la-conscience-morale-pretendument-universelle\/","og_site_name":"Outside Dana Hilliot","article_published_time":"2023-10-10T16:40:25+00:00","article_modified_time":"2024-01-16T10:00:11+00:00","author":"danah","twitter_card":"summary_large_image","twitter_misc":{"\u00c9crit par":"danah","Dur\u00e9e de lecture estim\u00e9e":"2 minutes"},"schema":{"@context":"https:\/\/schema.org","@graph":[{"@type":"Article","@id":"https:\/\/outsiderland.com\/danahilliot\/le-nous-de-la-conscience-morale-pretendument-universelle\/#article","isPartOf":{"@id":"https:\/\/outsiderland.com\/danahilliot\/le-nous-de-la-conscience-morale-pretendument-universelle\/"},"author":{"name":"danah","@id":"https:\/\/outsiderland.com\/danahilliot\/#\/schema\/person\/2f9b92e9fff19bccc36638b10510d5ae"},"headline":"Le \u00ab\u00a0nous\u00a0\u00bb de la conscience morale pr\u00e9tendument universelle","datePublished":"2023-10-10T16:40:25+00:00","dateModified":"2024-01-16T10:00:11+00:00","mainEntityOfPage":{"@id":"https:\/\/outsiderland.com\/danahilliot\/le-nous-de-la-conscience-morale-pretendument-universelle\/"},"wordCount":411,"publisher":{"@id":"https:\/\/outsiderland.com\/danahilliot\/#\/schema\/person\/201a1fef0f5c2897bd65e98bcf6b1179"},"articleSection":["Colonialisme","Guerres","Histoire"],"inLanguage":"fr-FR"},{"@type":"WebPage","@id":"https:\/\/outsiderland.com\/danahilliot\/le-nous-de-la-conscience-morale-pretendument-universelle\/","url":"https:\/\/outsiderland.com\/danahilliot\/le-nous-de-la-conscience-morale-pretendument-universelle\/","name":"Le \"nous\" de la conscience morale pr\u00e9tendument universelle - Outside Dana Hilliot","isPartOf":{"@id":"https:\/\/outsiderland.com\/danahilliot\/#website"},"datePublished":"2023-10-10T16:40:25+00:00","dateModified":"2024-01-16T10:00:11+00:00","breadcrumb":{"@id":"https:\/\/outsiderland.com\/danahilliot\/le-nous-de-la-conscience-morale-pretendument-universelle\/#breadcrumb"},"inLanguage":"fr-FR","potentialAction":[{"@type":"ReadAction","target":["https:\/\/outsiderland.com\/danahilliot\/le-nous-de-la-conscience-morale-pretendument-universelle\/"]}]},{"@type":"BreadcrumbList","@id":"https:\/\/outsiderland.com\/danahilliot\/le-nous-de-la-conscience-morale-pretendument-universelle\/#breadcrumb","itemListElement":[{"@type":"ListItem","position":1,"name":"Accueil","item":"https:\/\/outsiderland.com\/danahilliot\/"},{"@type":"ListItem","position":2,"name":"Le \u00ab\u00a0nous\u00a0\u00bb de la conscience morale pr\u00e9tendument universelle"}]},{"@type":"WebSite","@id":"https:\/\/outsiderland.com\/danahilliot\/#website","url":"https:\/\/outsiderland.com\/danahilliot\/","name":"Outside Dana Hilliot","description":". Archives . Activit\u00e9s . Projets .","publisher":{"@id":"https:\/\/outsiderland.com\/danahilliot\/#\/schema\/person\/201a1fef0f5c2897bd65e98bcf6b1179"},"potentialAction":[{"@type":"SearchAction","target":{"@type":"EntryPoint","urlTemplate":"https:\/\/outsiderland.com\/danahilliot\/?s={search_term_string}"},"query-input":{"@type":"PropertyValueSpecification","valueRequired":true,"valueName":"search_term_string"}}],"inLanguage":"fr-FR"},{"@type":["Person","Organization"],"@id":"https:\/\/outsiderland.com\/danahilliot\/#\/schema\/person\/201a1fef0f5c2897bd65e98bcf6b1179","name":"danahilliot","image":{"@type":"ImageObject","inLanguage":"fr-FR","@id":"https:\/\/outsiderland.com\/danahilliot\/#\/schema\/person\/image\/","url":"https:\/\/outsiderland.com\/danahilliot\/wp-content\/uploads\/2026\/02\/50801449407_a909f2c1ad_k.jpg","contentUrl":"https:\/\/outsiderland.com\/danahilliot\/wp-content\/uploads\/2026\/02\/50801449407_a909f2c1ad_k.jpg","width":2048,"height":1536,"caption":"danahilliot"},"logo":{"@id":"https:\/\/outsiderland.com\/danahilliot\/#\/schema\/person\/image\/"}},{"@type":"Person","@id":"https:\/\/outsiderland.com\/danahilliot\/#\/schema\/person\/2f9b92e9fff19bccc36638b10510d5ae","name":"danah","image":{"@type":"ImageObject","inLanguage":"fr-FR","@id":"https:\/\/outsiderland.com\/danahilliot\/#\/schema\/person\/image\/","url":"https:\/\/secure.gravatar.com\/avatar\/ed6349755e1d97f204277de3d09fc6ac31abd856835c8ea3c3a30d0aa84b0ddd?s=96&d=mm&r=g","contentUrl":"https:\/\/secure.gravatar.com\/avatar\/ed6349755e1d97f204277de3d09fc6ac31abd856835c8ea3c3a30d0aa84b0ddd?s=96&d=mm&r=g","caption":"danah"},"url":"https:\/\/outsiderland.com\/danahilliot\/author\/danah\/"}]}},"jetpack_publicize_connections":[],"_links":{"self":[{"href":"https:\/\/outsiderland.com\/danahilliot\/wp-json\/wp\/v2\/posts\/4691","targetHints":{"allow":["GET"]}}],"collection":[{"href":"https:\/\/outsiderland.com\/danahilliot\/wp-json\/wp\/v2\/posts"}],"about":[{"href":"https:\/\/outsiderland.com\/danahilliot\/wp-json\/wp\/v2\/types\/post"}],"author":[{"embeddable":true,"href":"https:\/\/outsiderland.com\/danahilliot\/wp-json\/wp\/v2\/users\/1"}],"replies":[{"embeddable":true,"href":"https:\/\/outsiderland.com\/danahilliot\/wp-json\/wp\/v2\/comments?post=4691"}],"version-history":[{"count":6,"href":"https:\/\/outsiderland.com\/danahilliot\/wp-json\/wp\/v2\/posts\/4691\/revisions"}],"predecessor-version":[{"id":4697,"href":"https:\/\/outsiderland.com\/danahilliot\/wp-json\/wp\/v2\/posts\/4691\/revisions\/4697"}],"wp:attachment":[{"href":"https:\/\/outsiderland.com\/danahilliot\/wp-json\/wp\/v2\/media?parent=4691"}],"wp:term":[{"taxonomy":"category","embeddable":true,"href":"https:\/\/outsiderland.com\/danahilliot\/wp-json\/wp\/v2\/categories?post=4691"},{"taxonomy":"post_tag","embeddable":true,"href":"https:\/\/outsiderland.com\/danahilliot\/wp-json\/wp\/v2\/tags?post=4691"}],"curies":[{"name":"wp","href":"https:\/\/api.w.org\/{rel}","templated":true}]}}