{"id":4656,"date":"2023-10-01T09:41:27","date_gmt":"2023-10-01T09:41:27","guid":{"rendered":"https:\/\/outsiderland.com\/danahilliot\/?p=4656"},"modified":"2024-01-16T10:01:15","modified_gmt":"2024-01-16T10:01:15","slug":"violence-et-racisme-policiers-le-paradigme-du-suprematisme-blanc","status":"publish","type":"post","link":"https:\/\/outsiderland.com\/danahilliot\/violence-et-racisme-policiers-le-paradigme-du-suprematisme-blanc\/","title":{"rendered":"Violence et racisme policiers : le paradigme du supr\u00e9matisme blanc"},"content":{"rendered":"<p><img decoding=\"async\" class=\"alignright wp-image-4658 size-medium\" src=\"https:\/\/outsiderland.com\/danahilliot\/wp-content\/uploads\/2023\/10\/Afro-Pessimism_press_release-01-232x300.jpg\" alt=\"\" width=\"232\" height=\"300\" srcset=\"https:\/\/outsiderland.com\/danahilliot\/wp-content\/uploads\/2023\/10\/Afro-Pessimism_press_release-01-232x300.jpg 232w, https:\/\/outsiderland.com\/danahilliot\/wp-content\/uploads\/2023\/10\/Afro-Pessimism_press_release-01-791x1024.jpg 791w, https:\/\/outsiderland.com\/danahilliot\/wp-content\/uploads\/2023\/10\/Afro-Pessimism_press_release-01-768x994.jpg 768w, https:\/\/outsiderland.com\/danahilliot\/wp-content\/uploads\/2023\/10\/Afro-Pessimism_press_release-01-1187x1536.jpg 1187w, https:\/\/outsiderland.com\/danahilliot\/wp-content\/uploads\/2023\/10\/Afro-Pessimism_press_release-01-1583x2048.jpg 1583w, https:\/\/outsiderland.com\/danahilliot\/wp-content\/uploads\/2023\/10\/Afro-Pessimism_press_release-01-1280x1656.jpg 1280w, https:\/\/outsiderland.com\/danahilliot\/wp-content\/uploads\/2023\/10\/Afro-Pessimism_press_release-01-scaled.jpg 1978w\" sizes=\"(max-width: 232px) 100vw, 232px\" \/>Pour tous ceux qui r\u00e9fl\u00e9chissent aux violences polici\u00e8res et aux structures racistes dans lesquelles elles s&rsquo;inscrivent (et consid\u00e8rent donc que les meurtres et bastonnades perp\u00e9tr\u00e9s par la police ne sont absolument pas des \u00ab\u00a0cas isol\u00e9s\u00a0\u00bb, des \u00ab\u00a0exceptions\u00a0\u00bb, des \u00ab\u00a0d\u00e9rives malheureuses\u00a0\u00bb, qu&rsquo;il s&rsquo;agirait de r\u00e9guler \u00e0 coup de petites r\u00e9formes ou d&rsquo;am\u00e9nagements \u00ab\u00a0\u00e0 la marge\u00a0\u00bb) je vous conseille de lire, si ce n&rsquo;est d\u00e9j\u00e0 fait, les travaux de Jared Sexton et Steve Martinot, et, en guise d&rsquo;introduction, sur ce sujet pr\u00e9cis\u00e9ment, un article publi\u00e9 en 2003 dans\u00a0 <em>Social Identities<\/em><em> Journal for the Study of Race, Nation and Culture <\/em>Volume 9, intitul\u00e9 \u00ab\u00a0THE AVANT-GARDE OF\u00a0 WHITE SUPREMACY\u00a0\u00bb, et repris dans le fascinant et tr\u00e8s radical volume \u00ab\u00a0Afropessimism\u00a0\u00bb qu&rsquo;on trouvera ici (pdf en libre acc\u00e8s) :<\/p>\n<p><a class=\"status-link unhandled-link\" title=\"https:\/\/rackedanddispatched.noblogs.org\/\" href=\"https:\/\/rackedanddispatched.noblogs.org\/\" target=\"_blank\" rel=\"nofollow noopener noreferrer\"><span class=\"invisible\">https:\/\/<\/span><span class=\"ellipsis\">rackedanddispatched.noblogs.or<\/span><span class=\"invisible\">g\/<\/span><\/a><\/p>\n<p>&nbsp;<\/p>\n<p>&nbsp;<\/p>\n<p><img decoding=\"async\" class=\"alignleft wp-image-4657 size-medium\" src=\"https:\/\/outsiderland.com\/danahilliot\/wp-content\/uploads\/2023\/10\/Wayward-Lives-Beautiful-Experiments-200x300.jpg\" alt=\"\" width=\"200\" height=\"300\" \/>(je vous invite \u00e0 lire ce volume passionnant, d\u00e9rangeant, d\u00e9capant. &#8211; particuli\u00e8rement quand on est un lecteur blanc europ\u00e9en. On y trouve une collection de textes du radical Frank B. Wilderson, III, de Jared Sexton, Steve Martinot, de la grande f\u00e9ministe noire Hortense J. Spillers, et d&rsquo;une de mes autrices pr\u00e9f\u00e9r\u00e9es du moment, Saidiya Hartman, dont le dernier livre, <em>Wayward Lives, Beautiful Experiments: Intimate Histories of Riotous Black Girls, Troublesome Women, and Queer Radicals<\/em>, me hante litt\u00e9ralement &#8211; le genre de livre qu&rsquo;on lit tr\u00e8s doucement, tr\u00e8s lentement, pour bien s&rsquo;en impr\u00e9gner, en esp\u00e9rant favoriser de la sorte un bouleversement profond, \u00e0 la hauteur du propos &#8211; que \u00e7a chamboule l&rsquo;intimit\u00e9 &#8211; les \u00e9motions, la pens\u00e9e.)<\/p>\n<p lang=\"fr-FR\" align=\"justify\">Un extrait donc (traduit bri\u00e8vement, non sans difficult\u00e9s d&rsquo;ailleurs, je vous invite \u00e0 lire l&rsquo;article en entier pour\u00a0 am\u00e9liorer sa compr\u00e9hension) de \u00ab\u00a0The avant-garde of white suprema\u00e7y\u00a0\u00bb de Jared Sexton et Steve Martinot :<\/p>\n<p lang=\"fr-FR\" align=\"justify\">\u00ab\u00a0LE PROBL\u00c8ME DU PROBL\u00c8ME (SPECTACLE ET BANALIT\u00c9)<\/p>\n<p lang=\"fr-FR\" align=\"justify\">La dichotomie entre l\u2019\u00e9thique blanche et sa non-pertinence (<i>irrelevance<\/i>) par rapport \u00e0 la violence du profilage policier n\u2019est pas dialectique\u00a0; les deux sont incommensurables. Chaque fois que quelqu\u2019un s\u2019avise d\u2019\u00e9voquer le paradigme du maintien de l\u2019ordre (<i>paradigm of policy<\/i>), il est forc\u00e9 d\u2019en revenir \u00e0 une discussion sur des \u00e9v\u00e9nements particuliers \u2013 les homicides policiers tr\u00e8s m\u00e9diatis\u00e9s et les batailles judiciaires qui s\u2019ensuivent, par exemple. L\u2019\u00e9v\u00e9nement spectaculaire camoufle le fonctionnement du droit (<i>law<\/i>) policier comme le m\u00e9pris, la terreur, l\u2019occupation des quartiers\u00a0; le secret du droit policier est le fait qu\u2019il n\u2019existe pas de recours visant la perturbation de la vie des gens par ces activit\u00e9s. En fait, se focaliser sur l\u2019\u00e9v\u00e9nement spectaculaire de la violence polici\u00e8re, c\u2019est d\u00e9ployer (et donc r\u00e9affirmer) la logique m\u00eame du profilage policier. Or, on ne peut \u00e9chapper \u00e0 cette logique d\u00e8s lors que l\u2019on se soumet \u00e0 la demande de fournir des exemples ou des images du paradigme. Par cons\u00e9quent, la tentative d\u2019articuler le paradigme du maintien de l\u2019ordre se rend elle-m\u00eame non paradigmatique, r\u00e9affirme la logique du profilage policier et se r\u00e9duit ainsi \u00e0 l\u2019\u00e9thique frauduleuse par laquelle la soci\u00e9t\u00e9 civile blanche rationalise son existence.<\/p>\n<p lang=\"fr-FR\" align=\"justify\">Les exemples ne sont pas \u00e0 m\u00eame de couvrir le spectre de la supr\u00e9matie blanche contemporaine, du plus subtil (par exemple, l\u2019impossibilit\u00e9 d\u2019obtenir un taxi) au plus extr\u00eame (par exemple, l\u2019occupation <i>de facto<\/i> de nombreux quartiers noirs et bruns en vertu de la loi martiale), tout cela \u00e9tant devenu structurel et quotidien. Comme dans le cas de la violence polici\u00e8re spectaculaire, la production d\u2019exemples de formes plus subtiles (bien qu\u2019\u00e9videntes) de \u00ab\u00a0racisme institutionnel\u00a0\u00bb (par exemple, les tendances discriminatoires persistantes dans les domaines du logement, de l\u2019\u00e9ducation et de l\u2019emploi) produit le m\u00eame effet de r\u00e9duction du paradigme au non-paradigme. La logique de cette approche journalistique g\u00e9n\u00e8re une nonchalance dans le discours racial contemporain, de sorte que les reportages sensationnels sur les r\u00e9sidus suppos\u00e9s cach\u00e9s d\u2019un racisme persistant rendent l\u2019analyse impossible. Le spectaculaire et le subtil, contre lesquels les gens peuvent s\u2019unir dans leur d\u00e9sir de justice, restent les masques derri\u00e8re lesquels se d\u00e9roulent les op\u00e9rations quotidiennes de la terreur supr\u00e9matiste blanche.<\/p>\n<p lang=\"fr-FR\" align=\"justify\">La plupart des th\u00e9ories portant sur la supr\u00e9matie blanche cherchent \u00e0 sonder les profondeurs de sa d\u00e9mesure, par-del\u00e0 l\u2019ordinaire\u00a0; elles passent \u00e0 c\u00f4t\u00e9 du fait que le racisme est une affaire triviale (<i>mundane<\/i>). L\u2019exc\u00e8s fondamental du paradigme du maintien de l\u2019ordre qui impr\u00e8gne cette culture est tout \u00e0 fait banal (<i>wholly banal<\/i>). Ces th\u00e9ories n\u00e9gligent ce fait au profit de l\u2019extravagance, du spectacle ou de la \u00ab\u00a0psychologie profonde\u00bb d\u2019\u00e9l\u00e9ments d\u00e9voy\u00e9s et deviennent complices de la perp\u00e9tuation de la supr\u00e9matie blanche. Au contraire, la r\u00e9alit\u00e9 est un ethos odieux de l\u2019exc\u00e8s (<i>the reality is an <\/i><i>invidious ethos of excess<\/i>) qui constitue la surface de toutes choses dans cette soci\u00e9t\u00e9. Depuis quelque temps d\u00e9j\u00e0, la qu\u00eate intellectuelle du sens pr\u00e9tendument cach\u00e9 du racisme permet d\u2019\u00e9chapper \u00e0 la confrontation avec cette banalit\u00e9, voire \u00e0 son \u00e9ventuelle reconnaissance. L\u2019aspect le plus flagrant de cette banalit\u00e9 est notre acquiescement tacite aux r\u00e8gles de la race et du pouvoir, \u00e0 la l\u00e9gitimit\u00e9 que la supr\u00e9matie blanche pr\u00e9tend avoir, ind\u00e9pendamment de leur violation totale de la raison et de l\u2019intelligibilit\u00e9. Notre \u00ab\u00a0acquiescement tacite\u00a0\u00bb est la v\u00e9ritable source silencieuse de la t\u00e9nacit\u00e9 et du pouvoir de la supr\u00e9matie blanche.<\/p>\n<p lang=\"fr-FR\" align=\"justify\">Le spectacle est une forme de camouflage. Il ne cache rien, il rend simplement m\u00e9connaissable. On le regarde et on ne le voit pas. Il appara\u00eet d\u00e9guis\u00e9. (&#8230;) Le camouflage est une relation entre celui qui dissimule son apparence et celui qui est dup\u00e9, qui regarde tout en \u00e9tant incapable de voir. Comme la racialisation en tant que syst\u00e8me de significations assign\u00e9es au corps, le spectacle policier est lui-m\u00eame la forme d\u2019apparition de cette banalit\u00e9. Cette interminable agression refl\u00e8te l\u2019id\u00e9e que la race est une enveloppe sociale, un syst\u00e8me de cat\u00e9gorisation sociale d\u00e9pos\u00e9 sur la t\u00eate des gens comme un v\u00eatement. L\u2019impunit\u00e9 polici\u00e8re sert \u00e0 distinguer l\u2019uniforme racial lui-m\u00eame de l\u2019ailleurs qui l\u2019impose (<i>the elsewhere that mandates it<\/i>). Est ainsi constitu\u00e9e la distinction entre ceux dont l\u2019humanit\u00e9 est constamment remise en cause et ceux pour qui elle va de soi. Le spectacle policier n\u2019est pas l\u2019effet de l\u2019uniforme racial ; c\u2019est plut\u00f4t l\u2019uniforme policier qui produit la re-racialisation.\u00a0\u00bb<\/p>\n","protected":false},"excerpt":{"rendered":"<p>Pour tous ceux qui r\u00e9fl\u00e9chissent aux violences polici\u00e8res et aux structures racistes dans lesquelles elles s&rsquo;inscrivent (et consid\u00e8rent donc que les meurtres et bastonnades perp\u00e9tr\u00e9s par la police ne sont absolument pas des \u00ab\u00a0cas isol\u00e9s\u00a0\u00bb, des \u00ab\u00a0exceptions\u00a0\u00bb, des \u00ab\u00a0d\u00e9rives malheureuses\u00a0\u00bb, qu&rsquo;il s&rsquo;agirait de r\u00e9guler \u00e0 coup de petites r\u00e9formes ou d&rsquo;am\u00e9nagements \u00ab\u00a0\u00e0 la marge\u00a0\u00bb) je&hellip;<\/p>\n <a href=\"https:\/\/outsiderland.com\/danahilliot\/violence-et-racisme-policiers-le-paradigme-du-suprematisme-blanc\/\" title=\"Violence et racisme policiers : le paradigme du supr\u00e9matisme blanc\" class=\"entry-more-link\"><span>Read More<\/span> <span class=\"screen-reader-text\">Violence et racisme policiers : le paradigme du supr\u00e9matisme blanc<\/span><\/a>","protected":false},"author":1,"featured_media":4659,"comment_status":"closed","ping_status":"open","sticky":false,"template":"","format":"standard","meta":{"Layout":"","footnotes":"","jetpack_publicize_message":"","jetpack_publicize_feature_enabled":true,"jetpack_social_post_already_shared":true,"jetpack_social_options":{"image_generator_settings":{"template":"highway","default_image_id":0,"font":"","enabled":false},"version":2}},"categories":[62,77],"tags":[],"class_list":["entry","author-danah","post-4656","post","type-post","status-publish","format-standard","has-post-thumbnail","category-anthropologie","category-xenophobie"],"yoast_head":"<!-- This site is optimized with the Yoast SEO plugin v27.0 - https:\/\/yoast.com\/product\/yoast-seo-wordpress\/ -->\n<title>Violence et racisme policiers : le paradigme du supr\u00e9matisme blanc - Outside Dana Hilliot<\/title>\n<meta name=\"robots\" content=\"index, follow, max-snippet:-1, max-image-preview:large, max-video-preview:-1\" \/>\n<link rel=\"canonical\" href=\"https:\/\/outsiderland.com\/danahilliot\/violence-et-racisme-policiers-le-paradigme-du-suprematisme-blanc\/\" \/>\n<meta property=\"og:locale\" content=\"fr_FR\" \/>\n<meta property=\"og:type\" content=\"article\" \/>\n<meta property=\"og:title\" content=\"Violence et racisme policiers : le paradigme du supr\u00e9matisme blanc - Outside Dana Hilliot\" \/>\n<meta property=\"og:description\" content=\"Pour tous ceux qui r\u00e9fl\u00e9chissent aux violences polici\u00e8res et aux structures racistes dans lesquelles elles s&rsquo;inscrivent (et consid\u00e8rent donc que les meurtres et bastonnades perp\u00e9tr\u00e9s par la police ne sont absolument pas des \u00ab\u00a0cas isol\u00e9s\u00a0\u00bb, des \u00ab\u00a0exceptions\u00a0\u00bb, des \u00ab\u00a0d\u00e9rives malheureuses\u00a0\u00bb, qu&rsquo;il s&rsquo;agirait de r\u00e9guler \u00e0 coup de petites r\u00e9formes ou d&rsquo;am\u00e9nagements \u00ab\u00a0\u00e0 la marge\u00a0\u00bb) je&hellip;\" \/>\n<meta property=\"og:url\" content=\"https:\/\/outsiderland.com\/danahilliot\/violence-et-racisme-policiers-le-paradigme-du-suprematisme-blanc\/\" \/>\n<meta property=\"og:site_name\" content=\"Outside Dana Hilliot\" \/>\n<meta property=\"article:published_time\" content=\"2023-10-01T09:41:27+00:00\" \/>\n<meta property=\"article:modified_time\" content=\"2024-01-16T10:01:15+00:00\" \/>\n<meta property=\"og:image\" content=\"https:\/\/outsiderland.com\/danahilliot\/wp-content\/uploads\/2023\/10\/Capture-decran_2023-10-01_11-38-25.png\" \/>\n\t<meta property=\"og:image:width\" content=\"822\" \/>\n\t<meta property=\"og:image:height\" content=\"556\" \/>\n\t<meta property=\"og:image:type\" content=\"image\/png\" \/>\n<meta name=\"author\" content=\"danah\" \/>\n<meta name=\"twitter:card\" content=\"summary_large_image\" \/>\n<meta name=\"twitter:label1\" content=\"\u00c9crit par\" \/>\n\t<meta name=\"twitter:data1\" content=\"danah\" \/>\n\t<meta name=\"twitter:label2\" content=\"Dur\u00e9e de lecture estim\u00e9e\" \/>\n\t<meta name=\"twitter:data2\" content=\"6 minutes\" \/>\n<script type=\"application\/ld+json\" class=\"yoast-schema-graph\">{\"@context\":\"https:\/\/schema.org\",\"@graph\":[{\"@type\":\"Article\",\"@id\":\"https:\/\/outsiderland.com\/danahilliot\/violence-et-racisme-policiers-le-paradigme-du-suprematisme-blanc\/#article\",\"isPartOf\":{\"@id\":\"https:\/\/outsiderland.com\/danahilliot\/violence-et-racisme-policiers-le-paradigme-du-suprematisme-blanc\/\"},\"author\":{\"name\":\"danah\",\"@id\":\"https:\/\/outsiderland.com\/danahilliot\/#\/schema\/person\/2f9b92e9fff19bccc36638b10510d5ae\"},\"headline\":\"Violence et racisme policiers : le paradigme du supr\u00e9matisme blanc\",\"datePublished\":\"2023-10-01T09:41:27+00:00\",\"dateModified\":\"2024-01-16T10:01:15+00:00\",\"mainEntityOfPage\":{\"@id\":\"https:\/\/outsiderland.com\/danahilliot\/violence-et-racisme-policiers-le-paradigme-du-suprematisme-blanc\/\"},\"wordCount\":1151,\"publisher\":{\"@id\":\"https:\/\/outsiderland.com\/danahilliot\/#\/schema\/person\/201a1fef0f5c2897bd65e98bcf6b1179\"},\"image\":{\"@id\":\"https:\/\/outsiderland.com\/danahilliot\/violence-et-racisme-policiers-le-paradigme-du-suprematisme-blanc\/#primaryimage\"},\"thumbnailUrl\":\"https:\/\/outsiderland.com\/danahilliot\/wp-content\/uploads\/2023\/10\/Capture-decran_2023-10-01_11-38-25.png\",\"articleSection\":[\"Anthropologie\",\"X\u00e9nophobie\"],\"inLanguage\":\"fr-FR\"},{\"@type\":\"WebPage\",\"@id\":\"https:\/\/outsiderland.com\/danahilliot\/violence-et-racisme-policiers-le-paradigme-du-suprematisme-blanc\/\",\"url\":\"https:\/\/outsiderland.com\/danahilliot\/violence-et-racisme-policiers-le-paradigme-du-suprematisme-blanc\/\",\"name\":\"Violence et racisme policiers : le paradigme du supr\u00e9matisme blanc - Outside Dana Hilliot\",\"isPartOf\":{\"@id\":\"https:\/\/outsiderland.com\/danahilliot\/#website\"},\"primaryImageOfPage\":{\"@id\":\"https:\/\/outsiderland.com\/danahilliot\/violence-et-racisme-policiers-le-paradigme-du-suprematisme-blanc\/#primaryimage\"},\"image\":{\"@id\":\"https:\/\/outsiderland.com\/danahilliot\/violence-et-racisme-policiers-le-paradigme-du-suprematisme-blanc\/#primaryimage\"},\"thumbnailUrl\":\"https:\/\/outsiderland.com\/danahilliot\/wp-content\/uploads\/2023\/10\/Capture-decran_2023-10-01_11-38-25.png\",\"datePublished\":\"2023-10-01T09:41:27+00:00\",\"dateModified\":\"2024-01-16T10:01:15+00:00\",\"breadcrumb\":{\"@id\":\"https:\/\/outsiderland.com\/danahilliot\/violence-et-racisme-policiers-le-paradigme-du-suprematisme-blanc\/#breadcrumb\"},\"inLanguage\":\"fr-FR\",\"potentialAction\":[{\"@type\":\"ReadAction\",\"target\":[\"https:\/\/outsiderland.com\/danahilliot\/violence-et-racisme-policiers-le-paradigme-du-suprematisme-blanc\/\"]}]},{\"@type\":\"ImageObject\",\"inLanguage\":\"fr-FR\",\"@id\":\"https:\/\/outsiderland.com\/danahilliot\/violence-et-racisme-policiers-le-paradigme-du-suprematisme-blanc\/#primaryimage\",\"url\":\"https:\/\/outsiderland.com\/danahilliot\/wp-content\/uploads\/2023\/10\/Capture-decran_2023-10-01_11-38-25.png\",\"contentUrl\":\"https:\/\/outsiderland.com\/danahilliot\/wp-content\/uploads\/2023\/10\/Capture-decran_2023-10-01_11-38-25.png\",\"width\":822,\"height\":556},{\"@type\":\"BreadcrumbList\",\"@id\":\"https:\/\/outsiderland.com\/danahilliot\/violence-et-racisme-policiers-le-paradigme-du-suprematisme-blanc\/#breadcrumb\",\"itemListElement\":[{\"@type\":\"ListItem\",\"position\":1,\"name\":\"Accueil\",\"item\":\"https:\/\/outsiderland.com\/danahilliot\/\"},{\"@type\":\"ListItem\",\"position\":2,\"name\":\"Violence et racisme policiers : le paradigme du supr\u00e9matisme blanc\"}]},{\"@type\":\"WebSite\",\"@id\":\"https:\/\/outsiderland.com\/danahilliot\/#website\",\"url\":\"https:\/\/outsiderland.com\/danahilliot\/\",\"name\":\"Outside Dana Hilliot\",\"description\":\". Archives . Activit\u00e9s . Projets .\",\"publisher\":{\"@id\":\"https:\/\/outsiderland.com\/danahilliot\/#\/schema\/person\/201a1fef0f5c2897bd65e98bcf6b1179\"},\"potentialAction\":[{\"@type\":\"SearchAction\",\"target\":{\"@type\":\"EntryPoint\",\"urlTemplate\":\"https:\/\/outsiderland.com\/danahilliot\/?s={search_term_string}\"},\"query-input\":{\"@type\":\"PropertyValueSpecification\",\"valueRequired\":true,\"valueName\":\"search_term_string\"}}],\"inLanguage\":\"fr-FR\"},{\"@type\":[\"Person\",\"Organization\"],\"@id\":\"https:\/\/outsiderland.com\/danahilliot\/#\/schema\/person\/201a1fef0f5c2897bd65e98bcf6b1179\",\"name\":\"danahilliot\",\"image\":{\"@type\":\"ImageObject\",\"inLanguage\":\"fr-FR\",\"@id\":\"https:\/\/outsiderland.com\/danahilliot\/#\/schema\/person\/image\/\",\"url\":\"https:\/\/outsiderland.com\/danahilliot\/wp-content\/uploads\/2026\/02\/50801449407_a909f2c1ad_k.jpg\",\"contentUrl\":\"https:\/\/outsiderland.com\/danahilliot\/wp-content\/uploads\/2026\/02\/50801449407_a909f2c1ad_k.jpg\",\"width\":2048,\"height\":1536,\"caption\":\"danahilliot\"},\"logo\":{\"@id\":\"https:\/\/outsiderland.com\/danahilliot\/#\/schema\/person\/image\/\"}},{\"@type\":\"Person\",\"@id\":\"https:\/\/outsiderland.com\/danahilliot\/#\/schema\/person\/2f9b92e9fff19bccc36638b10510d5ae\",\"name\":\"danah\",\"image\":{\"@type\":\"ImageObject\",\"inLanguage\":\"fr-FR\",\"@id\":\"https:\/\/outsiderland.com\/danahilliot\/#\/schema\/person\/image\/\",\"url\":\"https:\/\/secure.gravatar.com\/avatar\/ed6349755e1d97f204277de3d09fc6ac31abd856835c8ea3c3a30d0aa84b0ddd?s=96&d=mm&r=g\",\"contentUrl\":\"https:\/\/secure.gravatar.com\/avatar\/ed6349755e1d97f204277de3d09fc6ac31abd856835c8ea3c3a30d0aa84b0ddd?s=96&d=mm&r=g\",\"caption\":\"danah\"},\"url\":\"https:\/\/outsiderland.com\/danahilliot\/author\/danah\/\"}]}<\/script>\n<!-- \/ Yoast SEO plugin. -->","yoast_head_json":{"title":"Violence et racisme policiers : le paradigme du supr\u00e9matisme blanc - Outside Dana Hilliot","robots":{"index":"index","follow":"follow","max-snippet":"max-snippet:-1","max-image-preview":"max-image-preview:large","max-video-preview":"max-video-preview:-1"},"canonical":"https:\/\/outsiderland.com\/danahilliot\/violence-et-racisme-policiers-le-paradigme-du-suprematisme-blanc\/","og_locale":"fr_FR","og_type":"article","og_title":"Violence et racisme policiers : le paradigme du supr\u00e9matisme blanc - Outside Dana Hilliot","og_description":"Pour tous ceux qui r\u00e9fl\u00e9chissent aux violences polici\u00e8res et aux structures racistes dans lesquelles elles s&rsquo;inscrivent (et consid\u00e8rent donc que les meurtres et bastonnades perp\u00e9tr\u00e9s par la police ne sont absolument pas des \u00ab\u00a0cas isol\u00e9s\u00a0\u00bb, des \u00ab\u00a0exceptions\u00a0\u00bb, des \u00ab\u00a0d\u00e9rives malheureuses\u00a0\u00bb, qu&rsquo;il s&rsquo;agirait de r\u00e9guler \u00e0 coup de petites r\u00e9formes ou d&rsquo;am\u00e9nagements \u00ab\u00a0\u00e0 la marge\u00a0\u00bb) je&hellip;","og_url":"https:\/\/outsiderland.com\/danahilliot\/violence-et-racisme-policiers-le-paradigme-du-suprematisme-blanc\/","og_site_name":"Outside Dana Hilliot","article_published_time":"2023-10-01T09:41:27+00:00","article_modified_time":"2024-01-16T10:01:15+00:00","og_image":[{"width":822,"height":556,"url":"https:\/\/outsiderland.com\/danahilliot\/wp-content\/uploads\/2023\/10\/Capture-decran_2023-10-01_11-38-25.png","type":"image\/png"}],"author":"danah","twitter_card":"summary_large_image","twitter_misc":{"\u00c9crit par":"danah","Dur\u00e9e de lecture estim\u00e9e":"6 minutes"},"schema":{"@context":"https:\/\/schema.org","@graph":[{"@type":"Article","@id":"https:\/\/outsiderland.com\/danahilliot\/violence-et-racisme-policiers-le-paradigme-du-suprematisme-blanc\/#article","isPartOf":{"@id":"https:\/\/outsiderland.com\/danahilliot\/violence-et-racisme-policiers-le-paradigme-du-suprematisme-blanc\/"},"author":{"name":"danah","@id":"https:\/\/outsiderland.com\/danahilliot\/#\/schema\/person\/2f9b92e9fff19bccc36638b10510d5ae"},"headline":"Violence et racisme policiers : le paradigme du supr\u00e9matisme blanc","datePublished":"2023-10-01T09:41:27+00:00","dateModified":"2024-01-16T10:01:15+00:00","mainEntityOfPage":{"@id":"https:\/\/outsiderland.com\/danahilliot\/violence-et-racisme-policiers-le-paradigme-du-suprematisme-blanc\/"},"wordCount":1151,"publisher":{"@id":"https:\/\/outsiderland.com\/danahilliot\/#\/schema\/person\/201a1fef0f5c2897bd65e98bcf6b1179"},"image":{"@id":"https:\/\/outsiderland.com\/danahilliot\/violence-et-racisme-policiers-le-paradigme-du-suprematisme-blanc\/#primaryimage"},"thumbnailUrl":"https:\/\/outsiderland.com\/danahilliot\/wp-content\/uploads\/2023\/10\/Capture-decran_2023-10-01_11-38-25.png","articleSection":["Anthropologie","X\u00e9nophobie"],"inLanguage":"fr-FR"},{"@type":"WebPage","@id":"https:\/\/outsiderland.com\/danahilliot\/violence-et-racisme-policiers-le-paradigme-du-suprematisme-blanc\/","url":"https:\/\/outsiderland.com\/danahilliot\/violence-et-racisme-policiers-le-paradigme-du-suprematisme-blanc\/","name":"Violence et racisme policiers : le paradigme du supr\u00e9matisme blanc - Outside Dana Hilliot","isPartOf":{"@id":"https:\/\/outsiderland.com\/danahilliot\/#website"},"primaryImageOfPage":{"@id":"https:\/\/outsiderland.com\/danahilliot\/violence-et-racisme-policiers-le-paradigme-du-suprematisme-blanc\/#primaryimage"},"image":{"@id":"https:\/\/outsiderland.com\/danahilliot\/violence-et-racisme-policiers-le-paradigme-du-suprematisme-blanc\/#primaryimage"},"thumbnailUrl":"https:\/\/outsiderland.com\/danahilliot\/wp-content\/uploads\/2023\/10\/Capture-decran_2023-10-01_11-38-25.png","datePublished":"2023-10-01T09:41:27+00:00","dateModified":"2024-01-16T10:01:15+00:00","breadcrumb":{"@id":"https:\/\/outsiderland.com\/danahilliot\/violence-et-racisme-policiers-le-paradigme-du-suprematisme-blanc\/#breadcrumb"},"inLanguage":"fr-FR","potentialAction":[{"@type":"ReadAction","target":["https:\/\/outsiderland.com\/danahilliot\/violence-et-racisme-policiers-le-paradigme-du-suprematisme-blanc\/"]}]},{"@type":"ImageObject","inLanguage":"fr-FR","@id":"https:\/\/outsiderland.com\/danahilliot\/violence-et-racisme-policiers-le-paradigme-du-suprematisme-blanc\/#primaryimage","url":"https:\/\/outsiderland.com\/danahilliot\/wp-content\/uploads\/2023\/10\/Capture-decran_2023-10-01_11-38-25.png","contentUrl":"https:\/\/outsiderland.com\/danahilliot\/wp-content\/uploads\/2023\/10\/Capture-decran_2023-10-01_11-38-25.png","width":822,"height":556},{"@type":"BreadcrumbList","@id":"https:\/\/outsiderland.com\/danahilliot\/violence-et-racisme-policiers-le-paradigme-du-suprematisme-blanc\/#breadcrumb","itemListElement":[{"@type":"ListItem","position":1,"name":"Accueil","item":"https:\/\/outsiderland.com\/danahilliot\/"},{"@type":"ListItem","position":2,"name":"Violence et racisme policiers : le paradigme du supr\u00e9matisme blanc"}]},{"@type":"WebSite","@id":"https:\/\/outsiderland.com\/danahilliot\/#website","url":"https:\/\/outsiderland.com\/danahilliot\/","name":"Outside Dana Hilliot","description":". Archives . Activit\u00e9s . Projets .","publisher":{"@id":"https:\/\/outsiderland.com\/danahilliot\/#\/schema\/person\/201a1fef0f5c2897bd65e98bcf6b1179"},"potentialAction":[{"@type":"SearchAction","target":{"@type":"EntryPoint","urlTemplate":"https:\/\/outsiderland.com\/danahilliot\/?s={search_term_string}"},"query-input":{"@type":"PropertyValueSpecification","valueRequired":true,"valueName":"search_term_string"}}],"inLanguage":"fr-FR"},{"@type":["Person","Organization"],"@id":"https:\/\/outsiderland.com\/danahilliot\/#\/schema\/person\/201a1fef0f5c2897bd65e98bcf6b1179","name":"danahilliot","image":{"@type":"ImageObject","inLanguage":"fr-FR","@id":"https:\/\/outsiderland.com\/danahilliot\/#\/schema\/person\/image\/","url":"https:\/\/outsiderland.com\/danahilliot\/wp-content\/uploads\/2026\/02\/50801449407_a909f2c1ad_k.jpg","contentUrl":"https:\/\/outsiderland.com\/danahilliot\/wp-content\/uploads\/2026\/02\/50801449407_a909f2c1ad_k.jpg","width":2048,"height":1536,"caption":"danahilliot"},"logo":{"@id":"https:\/\/outsiderland.com\/danahilliot\/#\/schema\/person\/image\/"}},{"@type":"Person","@id":"https:\/\/outsiderland.com\/danahilliot\/#\/schema\/person\/2f9b92e9fff19bccc36638b10510d5ae","name":"danah","image":{"@type":"ImageObject","inLanguage":"fr-FR","@id":"https:\/\/outsiderland.com\/danahilliot\/#\/schema\/person\/image\/","url":"https:\/\/secure.gravatar.com\/avatar\/ed6349755e1d97f204277de3d09fc6ac31abd856835c8ea3c3a30d0aa84b0ddd?s=96&d=mm&r=g","contentUrl":"https:\/\/secure.gravatar.com\/avatar\/ed6349755e1d97f204277de3d09fc6ac31abd856835c8ea3c3a30d0aa84b0ddd?s=96&d=mm&r=g","caption":"danah"},"url":"https:\/\/outsiderland.com\/danahilliot\/author\/danah\/"}]}},"jetpack_publicize_connections":[],"_links":{"self":[{"href":"https:\/\/outsiderland.com\/danahilliot\/wp-json\/wp\/v2\/posts\/4656","targetHints":{"allow":["GET"]}}],"collection":[{"href":"https:\/\/outsiderland.com\/danahilliot\/wp-json\/wp\/v2\/posts"}],"about":[{"href":"https:\/\/outsiderland.com\/danahilliot\/wp-json\/wp\/v2\/types\/post"}],"author":[{"embeddable":true,"href":"https:\/\/outsiderland.com\/danahilliot\/wp-json\/wp\/v2\/users\/1"}],"replies":[{"embeddable":true,"href":"https:\/\/outsiderland.com\/danahilliot\/wp-json\/wp\/v2\/comments?post=4656"}],"version-history":[{"count":3,"href":"https:\/\/outsiderland.com\/danahilliot\/wp-json\/wp\/v2\/posts\/4656\/revisions"}],"predecessor-version":[{"id":5098,"href":"https:\/\/outsiderland.com\/danahilliot\/wp-json\/wp\/v2\/posts\/4656\/revisions\/5098"}],"wp:featuredmedia":[{"embeddable":true,"href":"https:\/\/outsiderland.com\/danahilliot\/wp-json\/wp\/v2\/media\/4659"}],"wp:attachment":[{"href":"https:\/\/outsiderland.com\/danahilliot\/wp-json\/wp\/v2\/media?parent=4656"}],"wp:term":[{"taxonomy":"category","embeddable":true,"href":"https:\/\/outsiderland.com\/danahilliot\/wp-json\/wp\/v2\/categories?post=4656"},{"taxonomy":"post_tag","embeddable":true,"href":"https:\/\/outsiderland.com\/danahilliot\/wp-json\/wp\/v2\/tags?post=4656"}],"curies":[{"name":"wp","href":"https:\/\/api.w.org\/{rel}","templated":true}]}}