{"id":4629,"date":"2023-09-13T19:07:35","date_gmt":"2023-09-13T19:07:35","guid":{"rendered":"https:\/\/outsiderland.com\/danahilliot\/?p=4629"},"modified":"2024-01-16T10:04:57","modified_gmt":"2024-01-16T10:04:57","slug":"greta-thunberg-al-le-grand-livre-du-climat-2022","status":"publish","type":"post","link":"https:\/\/outsiderland.com\/danahilliot\/greta-thunberg-al-le-grand-livre-du-climat-2022\/","title":{"rendered":"Greta Thunberg &#038; al., Le Grand Livre du Climat (2022)"},"content":{"rendered":"<p>J\u2019ai termin\u00e9 la lecture du <i>Grand Livre du Climat<\/i>, une collection d\u2019une centaine de textes qui font la synth\u00e8se des probl\u00e9matiques li\u00e9es \u00e0 la crise climatique (sciences, histoire, \u00e9conomie, anthropologie etc).<\/p>\n<p>Tous les auteurs sont des experts ou des militants reconnus, et m\u00eame si l\u2019on devine qu\u2019ils se sentent parfois un peu \u00e0 l\u2019\u00e9troit dans le nombre de pages qui leur sont allou\u00e9es, l\u2019ensemble demeure extr\u00eamement complet, et le site web qui vient compl\u00e9ter le livre permet de creuser telle ou telle question en consultant une bibliographie pour chaque article (et beaucoup de textes <i>online<\/i>).<\/p>\n<p><a href=\"https:\/\/theclimatebook.org\">https:\/\/theclimatebook.org<\/a><\/p>\n<p>Il faut le concevoir comme un outil plus pratique que les rapports du GIEC et leurs milliers de pages. Une sorte de boussole qui permet de s\u2019orienter dans le maquis des th\u00e8mes relatifs \u00e0 la crise climatique.<\/p>\n<p>Greta Thunberg pr\u00e9sente ces textes et les articule dans une th\u00e9orie globale de la crise (qui ne peut \u00eatre effectivement que globale) avec beaucoup de pertinence. Elle se montre impitoyable avec les acteurs dominants de l\u2019\u00e9conomie et de la politique internationale, ne m\u00e2che pas ses mots, et je ne cesse de penser en la lisant qu\u2019on tient pour l\u2019avenir une personnalit\u00e9 dont l\u2019intelligence et la d\u00e9termination pourrait s\u2019av\u00e9rer cruciales (si tant est que ses opposants, nombreux et tout aussi d\u00e9termin\u00e9s, ne parviennent pas \u00e0 la r\u00e9duire au silence d\u2019une mani\u00e8re ou d\u2019une autre).<\/p>\n<p>Ce qui m\u2019a le plus troubl\u00e9, c\u2019est l\u2019impression d\u2019avoir eu le m\u00eame cheminement intellectuel que Greta ces derni\u00e8res ann\u00e9es. Il a des phrases que j\u2019ai pu \u00e9crire mot pour mot ou presque. L\u2019importance qu\u2019elle accorde par exemple \u00e0 la lecture coloniale et n\u00e9ocoloniale de la crise actuelle, sa dimension historique et politique, rejoint tout \u00e0 fait mes pr\u00e9occupations, jusqu\u2019\u00e0 ce qui me semble une exigence absolument cruciale de la r\u00e9paration des torts caus\u00e9s par trois si\u00e8cles de colonisation (entre autres devoirs qui incombent aux pays \u00ab\u00a0du nord\u00a0\u00bb).<\/p>\n<p>Clairement, on ne baigne pas dans l\u2019optimisme (c\u2019est un livre s\u00e9rieux, et, si l\u2019on est s\u00e9rieux et r\u00e9aliste, je ne vois pas comment baigner dans l\u2019optimisme). Il \u00e9bauche toutefois quelques avenirs possible, moins dystopiques ou cauchemardesques que notre pr\u00e9sent. Si l\u2019on fait le bilan des ouvertures plus positives, il me semble que toutes reposent sur l\u2019espoir qu\u2019un mouvement contagieux de positions exemplaires (par exemple \u00e0 partir des luttes des populations autochtones, des mouvements militants, des scientifiques, artistes et intellectuels, etc.) finissent par forcer un changement drastique et global.<\/p>\n<p>Or, plusieurs \u00e9cueils redoutables (et, je le crains, ind\u00e9passables sans violence) viennent, dans mes analyses, freiner cette contagion positive\u00a0:<\/p>\n<p>1. Je n\u2019imagine pas les classes dominantes renoncer \u00e0 leurs privil\u00e8ges (et leurs comportements destructeurs) sous la pression d\u2019une partie de la population. Le fait que ces dominants sont au pouvoir, et mieux encore, qu\u2019ils concentrent absolument tous les pouvoirs (\u00e9conomiques, politiques, m\u00e9diatiques et militaires). C\u2019est une des grandes r\u00e9ussites de l\u2019ach\u00e8vement de l\u2019hyper-capitalisme n\u00e9olib\u00e9ral. Et je n\u2019arrive pas \u00e0 imaginer pourquoi ils l\u00e2cheraient une affaire si bien engag\u00e9e, au moment m\u00eame o\u00f9 elle atteint son apog\u00e9e (d\u2019autant plus que ces classes dominantes ne risquent pas de perdre grand-chose avec la crise climatique)<\/p>\n<p>2. Une partie importante des populations des pays du nord, notamment dans les r\u00e9gimes d\u00e9mocratiques (dont la fragilit\u00e9 est patente aujourd\u2019hui), prend fait et cause pour les classes dominantes, et\/ou se tourne avec empressement vers l\u2019ultranationalisme et la x\u00e9nophobie radicale. Le supr\u00e9matisme blanc s\u2019affiche \u00e0 nouveau sans fard et sans complexe, les barri\u00e8res \u00e9tablies, au moins \u00e0 titre symbolique, dans l\u2019expression des opinions publiques tendent \u00e0 s\u2019effondrer, et de nombreux pays \u00ab\u00a0du nord\u00a0\u00bb basculent ou sont menac\u00e9s de basculer dans des formes contemporaines de fascisme ou d\u2019autoritarisme. Sans entrer dans les d\u00e9tails ici, on comprend assez bien que ces positions sont encore plus d\u00e9vastatrices pour le climat et promettent de nouveaux g\u00e9nocides dans les pays du sud (et un renforcement du n\u00e9ocolonialisme, et de sa violence intrins\u00e8que)<\/p>\n<p>3. Il n\u2019y a pas de lutte contre la catastrophe climatique possible sans une gouvernance internationale compos\u00e9e de \u201cd\u00e9mocraties\u201d. Or, il faut bien admettre que le mod\u00e8le d\u00e9mocratique dans le monde bat de l\u2019aile. Non seulement le nombre de r\u00e9gimes autoritaires (ou pseudo-d\u00e9mocratiques) a rarement \u00e9t\u00e9 aussi important ces derni\u00e8res d\u00e9cennies, mais ces r\u00e9gimes semblent se renforcer, et ne donnent gu\u00e8re l\u2019impression d\u2019\u00eatre menac\u00e9 par des \u00ab\u00a0coups d\u2019\u00c9tats d\u00e9mocratiques\u00a0\u00bb.<\/p>\n<p>Autant de motifs, et pas des moindres, qui font craindre plut\u00f4t une r\u00e9pression g\u00e9n\u00e9ralis\u00e9e des militants et des populations en lutte pour la justice climatique et environnementale (et la justice en g\u00e9n\u00e9ral)<\/p>\n","protected":false},"excerpt":{"rendered":"<p>J\u2019ai termin\u00e9 la lecture du Grand Livre du Climat, une collection d\u2019une centaine de textes qui font la synth\u00e8se des probl\u00e9matiques li\u00e9es \u00e0 la crise climatique (sciences, histoire, \u00e9conomie, anthropologie etc). Tous les auteurs sont des experts ou des militants reconnus, et m\u00eame si l\u2019on devine qu\u2019ils se sentent parfois un peu \u00e0 l\u2019\u00e9troit dans&hellip;<\/p>\n <a href=\"https:\/\/outsiderland.com\/danahilliot\/greta-thunberg-al-le-grand-livre-du-climat-2022\/\" title=\"Greta Thunberg &#038; al., Le Grand Livre du Climat (2022)\" class=\"entry-more-link\"><span>Read More<\/span> <span class=\"screen-reader-text\">Greta Thunberg &#038; al., Le Grand Livre du Climat (2022)<\/span><\/a>","protected":false},"author":1,"featured_media":4636,"comment_status":"closed","ping_status":"open","sticky":false,"template":"","format":"standard","meta":{"Layout":"","footnotes":"","jetpack_publicize_message":"","jetpack_publicize_feature_enabled":true,"jetpack_social_post_already_shared":true,"jetpack_social_options":{"image_generator_settings":{"template":"highway","default_image_id":0,"font":"","enabled":false},"version":2}},"categories":[64,39],"tags":[],"class_list":["entry","author-danah","post-4629","post","type-post","status-publish","format-standard","has-post-thumbnail","category-catastrophe-climatique","category-references"],"yoast_head":"<!-- This site is optimized with the Yoast SEO plugin v27.0 - https:\/\/yoast.com\/product\/yoast-seo-wordpress\/ -->\n<title>Greta Thunberg &amp; al., Le Grand Livre du Climat (2022) - Outside Dana Hilliot<\/title>\n<meta name=\"robots\" content=\"index, follow, max-snippet:-1, max-image-preview:large, max-video-preview:-1\" \/>\n<link rel=\"canonical\" href=\"https:\/\/outsiderland.com\/danahilliot\/greta-thunberg-al-le-grand-livre-du-climat-2022\/\" \/>\n<meta property=\"og:locale\" content=\"fr_FR\" \/>\n<meta property=\"og:type\" content=\"article\" \/>\n<meta property=\"og:title\" content=\"Greta Thunberg &amp; al., Le Grand Livre du Climat (2022) - Outside Dana Hilliot\" \/>\n<meta property=\"og:description\" content=\"J\u2019ai termin\u00e9 la lecture du Grand Livre du Climat, une collection d\u2019une centaine de textes qui font la synth\u00e8se des probl\u00e9matiques li\u00e9es \u00e0 la crise climatique (sciences, histoire, \u00e9conomie, anthropologie etc). Tous les auteurs sont des experts ou des militants reconnus, et m\u00eame si l\u2019on devine qu\u2019ils se sentent parfois un peu \u00e0 l\u2019\u00e9troit dans&hellip;\" \/>\n<meta property=\"og:url\" content=\"https:\/\/outsiderland.com\/danahilliot\/greta-thunberg-al-le-grand-livre-du-climat-2022\/\" \/>\n<meta property=\"og:site_name\" content=\"Outside Dana Hilliot\" \/>\n<meta property=\"article:published_time\" content=\"2023-09-13T19:07:35+00:00\" \/>\n<meta property=\"article:modified_time\" content=\"2024-01-16T10:04:57+00:00\" \/>\n<meta property=\"og:image\" content=\"https:\/\/outsiderland.com\/danahilliot\/wp-content\/uploads\/2023\/09\/Capture-decran_2023-09-11_15-48-20.png\" \/>\n\t<meta property=\"og:image:width\" content=\"586\" \/>\n\t<meta property=\"og:image:height\" content=\"791\" \/>\n\t<meta property=\"og:image:type\" content=\"image\/png\" \/>\n<meta name=\"author\" content=\"danah\" \/>\n<meta name=\"twitter:card\" content=\"summary_large_image\" \/>\n<meta name=\"twitter:label1\" content=\"\u00c9crit par\" \/>\n\t<meta name=\"twitter:data1\" content=\"danah\" \/>\n\t<meta name=\"twitter:label2\" content=\"Dur\u00e9e de lecture estim\u00e9e\" \/>\n\t<meta name=\"twitter:data2\" content=\"4 minutes\" \/>\n<script type=\"application\/ld+json\" class=\"yoast-schema-graph\">{\"@context\":\"https:\/\/schema.org\",\"@graph\":[{\"@type\":\"Article\",\"@id\":\"https:\/\/outsiderland.com\/danahilliot\/greta-thunberg-al-le-grand-livre-du-climat-2022\/#article\",\"isPartOf\":{\"@id\":\"https:\/\/outsiderland.com\/danahilliot\/greta-thunberg-al-le-grand-livre-du-climat-2022\/\"},\"author\":{\"name\":\"danah\",\"@id\":\"https:\/\/outsiderland.com\/danahilliot\/#\/schema\/person\/2f9b92e9fff19bccc36638b10510d5ae\"},\"headline\":\"Greta Thunberg &#038; al., Le Grand Livre du Climat (2022)\",\"datePublished\":\"2023-09-13T19:07:35+00:00\",\"dateModified\":\"2024-01-16T10:04:57+00:00\",\"mainEntityOfPage\":{\"@id\":\"https:\/\/outsiderland.com\/danahilliot\/greta-thunberg-al-le-grand-livre-du-climat-2022\/\"},\"wordCount\":853,\"publisher\":{\"@id\":\"https:\/\/outsiderland.com\/danahilliot\/#\/schema\/person\/201a1fef0f5c2897bd65e98bcf6b1179\"},\"image\":{\"@id\":\"https:\/\/outsiderland.com\/danahilliot\/greta-thunberg-al-le-grand-livre-du-climat-2022\/#primaryimage\"},\"thumbnailUrl\":\"https:\/\/outsiderland.com\/danahilliot\/wp-content\/uploads\/2023\/09\/Capture-decran_2023-09-11_15-48-20.png\",\"articleSection\":[\"Catastrophe Climatique\",\"References\"],\"inLanguage\":\"fr-FR\"},{\"@type\":\"WebPage\",\"@id\":\"https:\/\/outsiderland.com\/danahilliot\/greta-thunberg-al-le-grand-livre-du-climat-2022\/\",\"url\":\"https:\/\/outsiderland.com\/danahilliot\/greta-thunberg-al-le-grand-livre-du-climat-2022\/\",\"name\":\"Greta Thunberg & al., Le Grand Livre du Climat (2022) - Outside Dana Hilliot\",\"isPartOf\":{\"@id\":\"https:\/\/outsiderland.com\/danahilliot\/#website\"},\"primaryImageOfPage\":{\"@id\":\"https:\/\/outsiderland.com\/danahilliot\/greta-thunberg-al-le-grand-livre-du-climat-2022\/#primaryimage\"},\"image\":{\"@id\":\"https:\/\/outsiderland.com\/danahilliot\/greta-thunberg-al-le-grand-livre-du-climat-2022\/#primaryimage\"},\"thumbnailUrl\":\"https:\/\/outsiderland.com\/danahilliot\/wp-content\/uploads\/2023\/09\/Capture-decran_2023-09-11_15-48-20.png\",\"datePublished\":\"2023-09-13T19:07:35+00:00\",\"dateModified\":\"2024-01-16T10:04:57+00:00\",\"breadcrumb\":{\"@id\":\"https:\/\/outsiderland.com\/danahilliot\/greta-thunberg-al-le-grand-livre-du-climat-2022\/#breadcrumb\"},\"inLanguage\":\"fr-FR\",\"potentialAction\":[{\"@type\":\"ReadAction\",\"target\":[\"https:\/\/outsiderland.com\/danahilliot\/greta-thunberg-al-le-grand-livre-du-climat-2022\/\"]}]},{\"@type\":\"ImageObject\",\"inLanguage\":\"fr-FR\",\"@id\":\"https:\/\/outsiderland.com\/danahilliot\/greta-thunberg-al-le-grand-livre-du-climat-2022\/#primaryimage\",\"url\":\"https:\/\/outsiderland.com\/danahilliot\/wp-content\/uploads\/2023\/09\/Capture-decran_2023-09-11_15-48-20.png\",\"contentUrl\":\"https:\/\/outsiderland.com\/danahilliot\/wp-content\/uploads\/2023\/09\/Capture-decran_2023-09-11_15-48-20.png\",\"width\":586,\"height\":791,\"caption\":\"Greta Thunberg & al. Le Grand Livre du Climat\"},{\"@type\":\"BreadcrumbList\",\"@id\":\"https:\/\/outsiderland.com\/danahilliot\/greta-thunberg-al-le-grand-livre-du-climat-2022\/#breadcrumb\",\"itemListElement\":[{\"@type\":\"ListItem\",\"position\":1,\"name\":\"Accueil\",\"item\":\"https:\/\/outsiderland.com\/danahilliot\/\"},{\"@type\":\"ListItem\",\"position\":2,\"name\":\"Greta Thunberg &#038; al., Le Grand Livre du Climat (2022)\"}]},{\"@type\":\"WebSite\",\"@id\":\"https:\/\/outsiderland.com\/danahilliot\/#website\",\"url\":\"https:\/\/outsiderland.com\/danahilliot\/\",\"name\":\"Outside Dana Hilliot\",\"description\":\". Archives . Activit\u00e9s . Projets .\",\"publisher\":{\"@id\":\"https:\/\/outsiderland.com\/danahilliot\/#\/schema\/person\/201a1fef0f5c2897bd65e98bcf6b1179\"},\"potentialAction\":[{\"@type\":\"SearchAction\",\"target\":{\"@type\":\"EntryPoint\",\"urlTemplate\":\"https:\/\/outsiderland.com\/danahilliot\/?s={search_term_string}\"},\"query-input\":{\"@type\":\"PropertyValueSpecification\",\"valueRequired\":true,\"valueName\":\"search_term_string\"}}],\"inLanguage\":\"fr-FR\"},{\"@type\":[\"Person\",\"Organization\"],\"@id\":\"https:\/\/outsiderland.com\/danahilliot\/#\/schema\/person\/201a1fef0f5c2897bd65e98bcf6b1179\",\"name\":\"danahilliot\",\"image\":{\"@type\":\"ImageObject\",\"inLanguage\":\"fr-FR\",\"@id\":\"https:\/\/outsiderland.com\/danahilliot\/#\/schema\/person\/image\/\",\"url\":\"https:\/\/outsiderland.com\/danahilliot\/wp-content\/uploads\/2026\/02\/50801449407_a909f2c1ad_k.jpg\",\"contentUrl\":\"https:\/\/outsiderland.com\/danahilliot\/wp-content\/uploads\/2026\/02\/50801449407_a909f2c1ad_k.jpg\",\"width\":2048,\"height\":1536,\"caption\":\"danahilliot\"},\"logo\":{\"@id\":\"https:\/\/outsiderland.com\/danahilliot\/#\/schema\/person\/image\/\"}},{\"@type\":\"Person\",\"@id\":\"https:\/\/outsiderland.com\/danahilliot\/#\/schema\/person\/2f9b92e9fff19bccc36638b10510d5ae\",\"name\":\"danah\",\"image\":{\"@type\":\"ImageObject\",\"inLanguage\":\"fr-FR\",\"@id\":\"https:\/\/outsiderland.com\/danahilliot\/#\/schema\/person\/image\/\",\"url\":\"https:\/\/secure.gravatar.com\/avatar\/ed6349755e1d97f204277de3d09fc6ac31abd856835c8ea3c3a30d0aa84b0ddd?s=96&d=mm&r=g\",\"contentUrl\":\"https:\/\/secure.gravatar.com\/avatar\/ed6349755e1d97f204277de3d09fc6ac31abd856835c8ea3c3a30d0aa84b0ddd?s=96&d=mm&r=g\",\"caption\":\"danah\"},\"url\":\"https:\/\/outsiderland.com\/danahilliot\/author\/danah\/\"}]}<\/script>\n<!-- \/ Yoast SEO plugin. -->","yoast_head_json":{"title":"Greta Thunberg & al., Le Grand Livre du Climat (2022) - Outside Dana Hilliot","robots":{"index":"index","follow":"follow","max-snippet":"max-snippet:-1","max-image-preview":"max-image-preview:large","max-video-preview":"max-video-preview:-1"},"canonical":"https:\/\/outsiderland.com\/danahilliot\/greta-thunberg-al-le-grand-livre-du-climat-2022\/","og_locale":"fr_FR","og_type":"article","og_title":"Greta Thunberg & al., Le Grand Livre du Climat (2022) - Outside Dana Hilliot","og_description":"J\u2019ai termin\u00e9 la lecture du Grand Livre du Climat, une collection d\u2019une centaine de textes qui font la synth\u00e8se des probl\u00e9matiques li\u00e9es \u00e0 la crise climatique (sciences, histoire, \u00e9conomie, anthropologie etc). Tous les auteurs sont des experts ou des militants reconnus, et m\u00eame si l\u2019on devine qu\u2019ils se sentent parfois un peu \u00e0 l\u2019\u00e9troit dans&hellip;","og_url":"https:\/\/outsiderland.com\/danahilliot\/greta-thunberg-al-le-grand-livre-du-climat-2022\/","og_site_name":"Outside Dana Hilliot","article_published_time":"2023-09-13T19:07:35+00:00","article_modified_time":"2024-01-16T10:04:57+00:00","og_image":[{"width":586,"height":791,"url":"https:\/\/outsiderland.com\/danahilliot\/wp-content\/uploads\/2023\/09\/Capture-decran_2023-09-11_15-48-20.png","type":"image\/png"}],"author":"danah","twitter_card":"summary_large_image","twitter_misc":{"\u00c9crit par":"danah","Dur\u00e9e de lecture estim\u00e9e":"4 minutes"},"schema":{"@context":"https:\/\/schema.org","@graph":[{"@type":"Article","@id":"https:\/\/outsiderland.com\/danahilliot\/greta-thunberg-al-le-grand-livre-du-climat-2022\/#article","isPartOf":{"@id":"https:\/\/outsiderland.com\/danahilliot\/greta-thunberg-al-le-grand-livre-du-climat-2022\/"},"author":{"name":"danah","@id":"https:\/\/outsiderland.com\/danahilliot\/#\/schema\/person\/2f9b92e9fff19bccc36638b10510d5ae"},"headline":"Greta Thunberg &#038; al., Le Grand Livre du Climat (2022)","datePublished":"2023-09-13T19:07:35+00:00","dateModified":"2024-01-16T10:04:57+00:00","mainEntityOfPage":{"@id":"https:\/\/outsiderland.com\/danahilliot\/greta-thunberg-al-le-grand-livre-du-climat-2022\/"},"wordCount":853,"publisher":{"@id":"https:\/\/outsiderland.com\/danahilliot\/#\/schema\/person\/201a1fef0f5c2897bd65e98bcf6b1179"},"image":{"@id":"https:\/\/outsiderland.com\/danahilliot\/greta-thunberg-al-le-grand-livre-du-climat-2022\/#primaryimage"},"thumbnailUrl":"https:\/\/outsiderland.com\/danahilliot\/wp-content\/uploads\/2023\/09\/Capture-decran_2023-09-11_15-48-20.png","articleSection":["Catastrophe Climatique","References"],"inLanguage":"fr-FR"},{"@type":"WebPage","@id":"https:\/\/outsiderland.com\/danahilliot\/greta-thunberg-al-le-grand-livre-du-climat-2022\/","url":"https:\/\/outsiderland.com\/danahilliot\/greta-thunberg-al-le-grand-livre-du-climat-2022\/","name":"Greta Thunberg & al., Le Grand Livre du Climat (2022) - Outside Dana Hilliot","isPartOf":{"@id":"https:\/\/outsiderland.com\/danahilliot\/#website"},"primaryImageOfPage":{"@id":"https:\/\/outsiderland.com\/danahilliot\/greta-thunberg-al-le-grand-livre-du-climat-2022\/#primaryimage"},"image":{"@id":"https:\/\/outsiderland.com\/danahilliot\/greta-thunberg-al-le-grand-livre-du-climat-2022\/#primaryimage"},"thumbnailUrl":"https:\/\/outsiderland.com\/danahilliot\/wp-content\/uploads\/2023\/09\/Capture-decran_2023-09-11_15-48-20.png","datePublished":"2023-09-13T19:07:35+00:00","dateModified":"2024-01-16T10:04:57+00:00","breadcrumb":{"@id":"https:\/\/outsiderland.com\/danahilliot\/greta-thunberg-al-le-grand-livre-du-climat-2022\/#breadcrumb"},"inLanguage":"fr-FR","potentialAction":[{"@type":"ReadAction","target":["https:\/\/outsiderland.com\/danahilliot\/greta-thunberg-al-le-grand-livre-du-climat-2022\/"]}]},{"@type":"ImageObject","inLanguage":"fr-FR","@id":"https:\/\/outsiderland.com\/danahilliot\/greta-thunberg-al-le-grand-livre-du-climat-2022\/#primaryimage","url":"https:\/\/outsiderland.com\/danahilliot\/wp-content\/uploads\/2023\/09\/Capture-decran_2023-09-11_15-48-20.png","contentUrl":"https:\/\/outsiderland.com\/danahilliot\/wp-content\/uploads\/2023\/09\/Capture-decran_2023-09-11_15-48-20.png","width":586,"height":791,"caption":"Greta Thunberg & al. Le Grand Livre du Climat"},{"@type":"BreadcrumbList","@id":"https:\/\/outsiderland.com\/danahilliot\/greta-thunberg-al-le-grand-livre-du-climat-2022\/#breadcrumb","itemListElement":[{"@type":"ListItem","position":1,"name":"Accueil","item":"https:\/\/outsiderland.com\/danahilliot\/"},{"@type":"ListItem","position":2,"name":"Greta Thunberg &#038; al., Le Grand Livre du Climat (2022)"}]},{"@type":"WebSite","@id":"https:\/\/outsiderland.com\/danahilliot\/#website","url":"https:\/\/outsiderland.com\/danahilliot\/","name":"Outside Dana Hilliot","description":". Archives . Activit\u00e9s . Projets .","publisher":{"@id":"https:\/\/outsiderland.com\/danahilliot\/#\/schema\/person\/201a1fef0f5c2897bd65e98bcf6b1179"},"potentialAction":[{"@type":"SearchAction","target":{"@type":"EntryPoint","urlTemplate":"https:\/\/outsiderland.com\/danahilliot\/?s={search_term_string}"},"query-input":{"@type":"PropertyValueSpecification","valueRequired":true,"valueName":"search_term_string"}}],"inLanguage":"fr-FR"},{"@type":["Person","Organization"],"@id":"https:\/\/outsiderland.com\/danahilliot\/#\/schema\/person\/201a1fef0f5c2897bd65e98bcf6b1179","name":"danahilliot","image":{"@type":"ImageObject","inLanguage":"fr-FR","@id":"https:\/\/outsiderland.com\/danahilliot\/#\/schema\/person\/image\/","url":"https:\/\/outsiderland.com\/danahilliot\/wp-content\/uploads\/2026\/02\/50801449407_a909f2c1ad_k.jpg","contentUrl":"https:\/\/outsiderland.com\/danahilliot\/wp-content\/uploads\/2026\/02\/50801449407_a909f2c1ad_k.jpg","width":2048,"height":1536,"caption":"danahilliot"},"logo":{"@id":"https:\/\/outsiderland.com\/danahilliot\/#\/schema\/person\/image\/"}},{"@type":"Person","@id":"https:\/\/outsiderland.com\/danahilliot\/#\/schema\/person\/2f9b92e9fff19bccc36638b10510d5ae","name":"danah","image":{"@type":"ImageObject","inLanguage":"fr-FR","@id":"https:\/\/outsiderland.com\/danahilliot\/#\/schema\/person\/image\/","url":"https:\/\/secure.gravatar.com\/avatar\/ed6349755e1d97f204277de3d09fc6ac31abd856835c8ea3c3a30d0aa84b0ddd?s=96&d=mm&r=g","contentUrl":"https:\/\/secure.gravatar.com\/avatar\/ed6349755e1d97f204277de3d09fc6ac31abd856835c8ea3c3a30d0aa84b0ddd?s=96&d=mm&r=g","caption":"danah"},"url":"https:\/\/outsiderland.com\/danahilliot\/author\/danah\/"}]}},"jetpack_publicize_connections":[],"_links":{"self":[{"href":"https:\/\/outsiderland.com\/danahilliot\/wp-json\/wp\/v2\/posts\/4629","targetHints":{"allow":["GET"]}}],"collection":[{"href":"https:\/\/outsiderland.com\/danahilliot\/wp-json\/wp\/v2\/posts"}],"about":[{"href":"https:\/\/outsiderland.com\/danahilliot\/wp-json\/wp\/v2\/types\/post"}],"author":[{"embeddable":true,"href":"https:\/\/outsiderland.com\/danahilliot\/wp-json\/wp\/v2\/users\/1"}],"replies":[{"embeddable":true,"href":"https:\/\/outsiderland.com\/danahilliot\/wp-json\/wp\/v2\/comments?post=4629"}],"version-history":[{"count":2,"href":"https:\/\/outsiderland.com\/danahilliot\/wp-json\/wp\/v2\/posts\/4629\/revisions"}],"predecessor-version":[{"id":4637,"href":"https:\/\/outsiderland.com\/danahilliot\/wp-json\/wp\/v2\/posts\/4629\/revisions\/4637"}],"wp:featuredmedia":[{"embeddable":true,"href":"https:\/\/outsiderland.com\/danahilliot\/wp-json\/wp\/v2\/media\/4636"}],"wp:attachment":[{"href":"https:\/\/outsiderland.com\/danahilliot\/wp-json\/wp\/v2\/media?parent=4629"}],"wp:term":[{"taxonomy":"category","embeddable":true,"href":"https:\/\/outsiderland.com\/danahilliot\/wp-json\/wp\/v2\/categories?post=4629"},{"taxonomy":"post_tag","embeddable":true,"href":"https:\/\/outsiderland.com\/danahilliot\/wp-json\/wp\/v2\/tags?post=4629"}],"curies":[{"name":"wp","href":"https:\/\/api.w.org\/{rel}","templated":true}]}}