{"id":4541,"date":"2022-08-11T13:57:31","date_gmt":"2022-08-11T13:57:31","guid":{"rendered":"https:\/\/outsiderland.com\/danahilliot\/?p=4541"},"modified":"2022-08-11T14:00:19","modified_gmt":"2022-08-11T14:00:19","slug":"nationalismes-et-climat","status":"publish","type":"post","link":"https:\/\/outsiderland.com\/danahilliot\/nationalismes-et-climat\/","title":{"rendered":"Nationalismes et climat"},"content":{"rendered":"<p align=\"justify\">L\u2019Europe, enfin, la plus grande partie, unie par une m\u00eame canicule (pour ceux douteraient encore du caract\u00e8re exceptionnel de ces remont\u00e9es d\u2019air br\u00fblant).<\/p>\n<p align=\"justify\">Un conseil\u00a0: TOUJOURS sortir de nos mis\u00e9rables fronti\u00e8res politiques quand il s\u2019agit du climat\u00a0!! Le d\u00e9r\u00e8glement climatique est un fait plan\u00e9taire, le consid\u00e9rer d\u2019un point de vue national est, si l\u2019on y songe s\u00e9rieusement, ridicule.<\/p>\n<p align=\"justify\">Et le r\u00e9chauffement n\u2019est qu\u2019un des aspects de ce d\u00e9r\u00e8glement.<\/p>\n<p align=\"justify\">Et la \u201ccrise\u201d climatique (le d\u00e9r\u00e8glement consid\u00e9r\u00e9 du point de vue de l\u2019histoire humaine si l\u2019on veut, ou d\u2019un point de vue politique au sens large), n\u2019est en rien nationale.<\/p>\n<p align=\"justify\">Encore moins dirais-je\u00a0!<\/p>\n<p align=\"justify\">C\u2019est vrai \u00e0 trois niveaux (<i>a minima<\/i>)\u00a0:<\/p>\n<p align=\"justify\">1. Au niveau des responsabilit\u00e9s, ou, des causalit\u00e9s\u00a0: la crise est mondiale mais les responsables de la crise sont tout \u00e0 fait situables, \u00e9conomiquement, g\u00e9ographiquement et historiquement.<\/p>\n<p align=\"justify\">Donc non\u00a0!<\/p>\n<p align=\"justify\">L&rsquo; \u00ab\u00a0humanit\u00e9\u00a0\u00bb n\u2019est pas responsable dans son ensemble de la d\u00e9gradation du climat\u00a0! Ce \u00ab\u00a0nous\u00a0\u00bb qu\u2019on lit souvent est ind\u00e9cent et obsc\u00e8ne.<\/p>\n<p align=\"justify\">Les \u00e9leveurs de rennes nomades en Sib\u00e9rie, les indiens d\u2019Amazonie ou les petits paysans d\u2019Asie du sud-est n\u2019y sont pour rien. (etc.).<\/p>\n<p align=\"justify\">2. Le d\u00e9r\u00e8glement et la crise climatique affectent quasiment tout le monde mais PAS DU TOUT DE LA M\u00caME MANI\u00c8RE. Certains ont d\u00e9j\u00e0 tout perdu (depuis des d\u00e9cennies, au nom des politiques de d\u00e9veloppement criminelles qui les ont priv\u00e9s de moyens de subsistance, en remodelant leurs vies, leurs mani\u00e8res d\u2019habiter le monde et leur environnement, en les VULN\u00c9RABILISANT purement et simplement (au nom parfois de la crise \u00e0 venir et pour les remettre dans le droit chemin sinistre de l\u2019\u00e9conomie du march\u00e9 global).<\/p>\n<p align=\"justify\">D\u2019autres vont \u00e0 leur tour perdre un monde, et m\u00eame plusieurs, et seront confront\u00e9s \u00e0 l\u2019inhabitable.<\/p>\n<p align=\"justify\">Et d\u2019autres (les gagnants du capitalisme, disons 30\u00a0% de la pop. mondiale \u00e0 vue de nez) s\u2019en sortiront tranquillou gr\u00e2ce aux fabuleuses politiques d\u2019adaptation, etc.<\/p>\n<p align=\"justify\">3. Et c\u2019est l\u00e0 que se situe la troisi\u00e8me in\u00e9galit\u00e9 mondiale qui rend toutes les \u201crassuristes\u201d ind\u00e9cents et obsc\u00e8nes (je l\u2019ai d\u00e9j\u00e0 dit, je le redis).<\/p>\n<p align=\"justify\">Non\u00a0! La g\u00e9o-ing\u00e9nierie, les centrales nucl\u00e9aires, les bagnoles \u00e9lectriques, la techno-agriculture et autres machineries ne \u201cnous\u201d sauveront pas TOUS, \u00e0 moins d\u2019exclure de ce \u201cnous\u201d (et donc de l\u2019humanit\u00e9) quelques milliards d\u2019humains. Toutes les populations ne b\u00e9n\u00e9ficieront certainement pas \u00e0 parts \u00e9gales des politiques d\u2019adaptation.<\/p>\n<p align=\"justify\">Et pire\u00a0: les pays riches continueront, pour fabriquer leurs machineries adaptatives, \u00e0 extraire sans scrupule les ressources (min\u00e9rales, v\u00e9g\u00e9tales et humaines) qui se trouvent dans les pays du sud, ce minerai comme ils disent pour parler de toute chose (les vivants compris).<\/p>\n<p align=\"justify\">Conclusion\u00a0: nos visions nationales (pour pas dire \u201cnationalistes\u201d) sont absolument path\u00e9tiques, elles ne saisissent pas l\u2019ampleur des probl\u00e8mes auquel les habitants de cette plan\u00e8te sont confront\u00e9s, elles se trompent gravement d\u2019\u00e9chelle.<\/p>\n","protected":false},"excerpt":{"rendered":"<p>L\u2019Europe, enfin, la plus grande partie, unie par une m\u00eame canicule (pour ceux douteraient encore du caract\u00e8re exceptionnel de ces remont\u00e9es d\u2019air br\u00fblant). Un conseil\u00a0: TOUJOURS sortir de nos mis\u00e9rables fronti\u00e8res politiques quand il s\u2019agit du climat\u00a0!! Le d\u00e9r\u00e8glement climatique est un fait plan\u00e9taire, le consid\u00e9rer d\u2019un point de vue national est, si l\u2019on y&hellip;<\/p>\n <a href=\"https:\/\/outsiderland.com\/danahilliot\/nationalismes-et-climat\/\" title=\"Nationalismes et climat\" class=\"entry-more-link\"><span>Read More<\/span> <span class=\"screen-reader-text\">Nationalismes et climat<\/span><\/a>","protected":false},"author":1,"featured_media":0,"comment_status":"closed","ping_status":"open","sticky":false,"template":"","format":"standard","meta":{"Layout":"","footnotes":"","jetpack_publicize_message":"","jetpack_publicize_feature_enabled":true,"jetpack_social_post_already_shared":false,"jetpack_social_options":{"image_generator_settings":{"template":"highway","default_image_id":0,"font":"","enabled":false},"version":2}},"categories":[64],"tags":[],"class_list":["entry","author-danah","post-4541","post","type-post","status-publish","format-standard","category-catastrophe-climatique"],"yoast_head":"<!-- This site is optimized with the Yoast SEO plugin v27.0 - https:\/\/yoast.com\/product\/yoast-seo-wordpress\/ -->\n<title>Nationalismes et climat - Outside Dana Hilliot<\/title>\n<meta name=\"robots\" content=\"index, follow, max-snippet:-1, max-image-preview:large, max-video-preview:-1\" \/>\n<link rel=\"canonical\" href=\"https:\/\/outsiderland.com\/danahilliot\/nationalismes-et-climat\/\" \/>\n<meta property=\"og:locale\" content=\"fr_FR\" \/>\n<meta property=\"og:type\" content=\"article\" \/>\n<meta property=\"og:title\" content=\"Nationalismes et climat - Outside Dana Hilliot\" \/>\n<meta property=\"og:description\" content=\"L\u2019Europe, enfin, la plus grande partie, unie par une m\u00eame canicule (pour ceux douteraient encore du caract\u00e8re exceptionnel de ces remont\u00e9es d\u2019air br\u00fblant). Un conseil\u00a0: TOUJOURS sortir de nos mis\u00e9rables fronti\u00e8res politiques quand il s\u2019agit du climat\u00a0!! Le d\u00e9r\u00e8glement climatique est un fait plan\u00e9taire, le consid\u00e9rer d\u2019un point de vue national est, si l\u2019on y&hellip;\" \/>\n<meta property=\"og:url\" content=\"https:\/\/outsiderland.com\/danahilliot\/nationalismes-et-climat\/\" \/>\n<meta property=\"og:site_name\" content=\"Outside Dana Hilliot\" \/>\n<meta property=\"article:published_time\" content=\"2022-08-11T13:57:31+00:00\" \/>\n<meta property=\"article:modified_time\" content=\"2022-08-11T14:00:19+00:00\" \/>\n<meta name=\"author\" content=\"danah\" \/>\n<meta name=\"twitter:card\" content=\"summary_large_image\" \/>\n<meta name=\"twitter:label1\" content=\"\u00c9crit par\" \/>\n\t<meta name=\"twitter:data1\" content=\"danah\" \/>\n\t<meta name=\"twitter:label2\" content=\"Dur\u00e9e de lecture estim\u00e9e\" \/>\n\t<meta name=\"twitter:data2\" content=\"3 minutes\" \/>\n<script type=\"application\/ld+json\" class=\"yoast-schema-graph\">{\"@context\":\"https:\/\/schema.org\",\"@graph\":[{\"@type\":\"Article\",\"@id\":\"https:\/\/outsiderland.com\/danahilliot\/nationalismes-et-climat\/#article\",\"isPartOf\":{\"@id\":\"https:\/\/outsiderland.com\/danahilliot\/nationalismes-et-climat\/\"},\"author\":{\"name\":\"danah\",\"@id\":\"https:\/\/outsiderland.com\/danahilliot\/#\/schema\/person\/2f9b92e9fff19bccc36638b10510d5ae\"},\"headline\":\"Nationalismes et climat\",\"datePublished\":\"2022-08-11T13:57:31+00:00\",\"dateModified\":\"2022-08-11T14:00:19+00:00\",\"mainEntityOfPage\":{\"@id\":\"https:\/\/outsiderland.com\/danahilliot\/nationalismes-et-climat\/\"},\"wordCount\":525,\"publisher\":{\"@id\":\"https:\/\/outsiderland.com\/danahilliot\/#\/schema\/person\/201a1fef0f5c2897bd65e98bcf6b1179\"},\"articleSection\":[\"Catastrophe Climatique\"],\"inLanguage\":\"fr-FR\"},{\"@type\":\"WebPage\",\"@id\":\"https:\/\/outsiderland.com\/danahilliot\/nationalismes-et-climat\/\",\"url\":\"https:\/\/outsiderland.com\/danahilliot\/nationalismes-et-climat\/\",\"name\":\"Nationalismes et climat - Outside Dana Hilliot\",\"isPartOf\":{\"@id\":\"https:\/\/outsiderland.com\/danahilliot\/#website\"},\"datePublished\":\"2022-08-11T13:57:31+00:00\",\"dateModified\":\"2022-08-11T14:00:19+00:00\",\"breadcrumb\":{\"@id\":\"https:\/\/outsiderland.com\/danahilliot\/nationalismes-et-climat\/#breadcrumb\"},\"inLanguage\":\"fr-FR\",\"potentialAction\":[{\"@type\":\"ReadAction\",\"target\":[\"https:\/\/outsiderland.com\/danahilliot\/nationalismes-et-climat\/\"]}]},{\"@type\":\"BreadcrumbList\",\"@id\":\"https:\/\/outsiderland.com\/danahilliot\/nationalismes-et-climat\/#breadcrumb\",\"itemListElement\":[{\"@type\":\"ListItem\",\"position\":1,\"name\":\"Accueil\",\"item\":\"https:\/\/outsiderland.com\/danahilliot\/\"},{\"@type\":\"ListItem\",\"position\":2,\"name\":\"Nationalismes et climat\"}]},{\"@type\":\"WebSite\",\"@id\":\"https:\/\/outsiderland.com\/danahilliot\/#website\",\"url\":\"https:\/\/outsiderland.com\/danahilliot\/\",\"name\":\"Outside Dana Hilliot\",\"description\":\". Archives . Activit\u00e9s . Projets .\",\"publisher\":{\"@id\":\"https:\/\/outsiderland.com\/danahilliot\/#\/schema\/person\/201a1fef0f5c2897bd65e98bcf6b1179\"},\"potentialAction\":[{\"@type\":\"SearchAction\",\"target\":{\"@type\":\"EntryPoint\",\"urlTemplate\":\"https:\/\/outsiderland.com\/danahilliot\/?s={search_term_string}\"},\"query-input\":{\"@type\":\"PropertyValueSpecification\",\"valueRequired\":true,\"valueName\":\"search_term_string\"}}],\"inLanguage\":\"fr-FR\"},{\"@type\":[\"Person\",\"Organization\"],\"@id\":\"https:\/\/outsiderland.com\/danahilliot\/#\/schema\/person\/201a1fef0f5c2897bd65e98bcf6b1179\",\"name\":\"danahilliot\",\"image\":{\"@type\":\"ImageObject\",\"inLanguage\":\"fr-FR\",\"@id\":\"https:\/\/outsiderland.com\/danahilliot\/#\/schema\/person\/image\/\",\"url\":\"https:\/\/outsiderland.com\/danahilliot\/wp-content\/uploads\/2026\/02\/50801449407_a909f2c1ad_k.jpg\",\"contentUrl\":\"https:\/\/outsiderland.com\/danahilliot\/wp-content\/uploads\/2026\/02\/50801449407_a909f2c1ad_k.jpg\",\"width\":2048,\"height\":1536,\"caption\":\"danahilliot\"},\"logo\":{\"@id\":\"https:\/\/outsiderland.com\/danahilliot\/#\/schema\/person\/image\/\"}},{\"@type\":\"Person\",\"@id\":\"https:\/\/outsiderland.com\/danahilliot\/#\/schema\/person\/2f9b92e9fff19bccc36638b10510d5ae\",\"name\":\"danah\",\"image\":{\"@type\":\"ImageObject\",\"inLanguage\":\"fr-FR\",\"@id\":\"https:\/\/outsiderland.com\/danahilliot\/#\/schema\/person\/image\/\",\"url\":\"https:\/\/secure.gravatar.com\/avatar\/ed6349755e1d97f204277de3d09fc6ac31abd856835c8ea3c3a30d0aa84b0ddd?s=96&d=mm&r=g\",\"contentUrl\":\"https:\/\/secure.gravatar.com\/avatar\/ed6349755e1d97f204277de3d09fc6ac31abd856835c8ea3c3a30d0aa84b0ddd?s=96&d=mm&r=g\",\"caption\":\"danah\"},\"url\":\"https:\/\/outsiderland.com\/danahilliot\/author\/danah\/\"}]}<\/script>\n<!-- \/ Yoast SEO plugin. -->","yoast_head_json":{"title":"Nationalismes et climat - Outside Dana Hilliot","robots":{"index":"index","follow":"follow","max-snippet":"max-snippet:-1","max-image-preview":"max-image-preview:large","max-video-preview":"max-video-preview:-1"},"canonical":"https:\/\/outsiderland.com\/danahilliot\/nationalismes-et-climat\/","og_locale":"fr_FR","og_type":"article","og_title":"Nationalismes et climat - Outside Dana Hilliot","og_description":"L\u2019Europe, enfin, la plus grande partie, unie par une m\u00eame canicule (pour ceux douteraient encore du caract\u00e8re exceptionnel de ces remont\u00e9es d\u2019air br\u00fblant). Un conseil\u00a0: TOUJOURS sortir de nos mis\u00e9rables fronti\u00e8res politiques quand il s\u2019agit du climat\u00a0!! Le d\u00e9r\u00e8glement climatique est un fait plan\u00e9taire, le consid\u00e9rer d\u2019un point de vue national est, si l\u2019on y&hellip;","og_url":"https:\/\/outsiderland.com\/danahilliot\/nationalismes-et-climat\/","og_site_name":"Outside Dana Hilliot","article_published_time":"2022-08-11T13:57:31+00:00","article_modified_time":"2022-08-11T14:00:19+00:00","author":"danah","twitter_card":"summary_large_image","twitter_misc":{"\u00c9crit par":"danah","Dur\u00e9e de lecture estim\u00e9e":"3 minutes"},"schema":{"@context":"https:\/\/schema.org","@graph":[{"@type":"Article","@id":"https:\/\/outsiderland.com\/danahilliot\/nationalismes-et-climat\/#article","isPartOf":{"@id":"https:\/\/outsiderland.com\/danahilliot\/nationalismes-et-climat\/"},"author":{"name":"danah","@id":"https:\/\/outsiderland.com\/danahilliot\/#\/schema\/person\/2f9b92e9fff19bccc36638b10510d5ae"},"headline":"Nationalismes et climat","datePublished":"2022-08-11T13:57:31+00:00","dateModified":"2022-08-11T14:00:19+00:00","mainEntityOfPage":{"@id":"https:\/\/outsiderland.com\/danahilliot\/nationalismes-et-climat\/"},"wordCount":525,"publisher":{"@id":"https:\/\/outsiderland.com\/danahilliot\/#\/schema\/person\/201a1fef0f5c2897bd65e98bcf6b1179"},"articleSection":["Catastrophe Climatique"],"inLanguage":"fr-FR"},{"@type":"WebPage","@id":"https:\/\/outsiderland.com\/danahilliot\/nationalismes-et-climat\/","url":"https:\/\/outsiderland.com\/danahilliot\/nationalismes-et-climat\/","name":"Nationalismes et climat - Outside Dana Hilliot","isPartOf":{"@id":"https:\/\/outsiderland.com\/danahilliot\/#website"},"datePublished":"2022-08-11T13:57:31+00:00","dateModified":"2022-08-11T14:00:19+00:00","breadcrumb":{"@id":"https:\/\/outsiderland.com\/danahilliot\/nationalismes-et-climat\/#breadcrumb"},"inLanguage":"fr-FR","potentialAction":[{"@type":"ReadAction","target":["https:\/\/outsiderland.com\/danahilliot\/nationalismes-et-climat\/"]}]},{"@type":"BreadcrumbList","@id":"https:\/\/outsiderland.com\/danahilliot\/nationalismes-et-climat\/#breadcrumb","itemListElement":[{"@type":"ListItem","position":1,"name":"Accueil","item":"https:\/\/outsiderland.com\/danahilliot\/"},{"@type":"ListItem","position":2,"name":"Nationalismes et climat"}]},{"@type":"WebSite","@id":"https:\/\/outsiderland.com\/danahilliot\/#website","url":"https:\/\/outsiderland.com\/danahilliot\/","name":"Outside Dana Hilliot","description":". Archives . Activit\u00e9s . Projets .","publisher":{"@id":"https:\/\/outsiderland.com\/danahilliot\/#\/schema\/person\/201a1fef0f5c2897bd65e98bcf6b1179"},"potentialAction":[{"@type":"SearchAction","target":{"@type":"EntryPoint","urlTemplate":"https:\/\/outsiderland.com\/danahilliot\/?s={search_term_string}"},"query-input":{"@type":"PropertyValueSpecification","valueRequired":true,"valueName":"search_term_string"}}],"inLanguage":"fr-FR"},{"@type":["Person","Organization"],"@id":"https:\/\/outsiderland.com\/danahilliot\/#\/schema\/person\/201a1fef0f5c2897bd65e98bcf6b1179","name":"danahilliot","image":{"@type":"ImageObject","inLanguage":"fr-FR","@id":"https:\/\/outsiderland.com\/danahilliot\/#\/schema\/person\/image\/","url":"https:\/\/outsiderland.com\/danahilliot\/wp-content\/uploads\/2026\/02\/50801449407_a909f2c1ad_k.jpg","contentUrl":"https:\/\/outsiderland.com\/danahilliot\/wp-content\/uploads\/2026\/02\/50801449407_a909f2c1ad_k.jpg","width":2048,"height":1536,"caption":"danahilliot"},"logo":{"@id":"https:\/\/outsiderland.com\/danahilliot\/#\/schema\/person\/image\/"}},{"@type":"Person","@id":"https:\/\/outsiderland.com\/danahilliot\/#\/schema\/person\/2f9b92e9fff19bccc36638b10510d5ae","name":"danah","image":{"@type":"ImageObject","inLanguage":"fr-FR","@id":"https:\/\/outsiderland.com\/danahilliot\/#\/schema\/person\/image\/","url":"https:\/\/secure.gravatar.com\/avatar\/ed6349755e1d97f204277de3d09fc6ac31abd856835c8ea3c3a30d0aa84b0ddd?s=96&d=mm&r=g","contentUrl":"https:\/\/secure.gravatar.com\/avatar\/ed6349755e1d97f204277de3d09fc6ac31abd856835c8ea3c3a30d0aa84b0ddd?s=96&d=mm&r=g","caption":"danah"},"url":"https:\/\/outsiderland.com\/danahilliot\/author\/danah\/"}]}},"jetpack_publicize_connections":[],"_links":{"self":[{"href":"https:\/\/outsiderland.com\/danahilliot\/wp-json\/wp\/v2\/posts\/4541","targetHints":{"allow":["GET"]}}],"collection":[{"href":"https:\/\/outsiderland.com\/danahilliot\/wp-json\/wp\/v2\/posts"}],"about":[{"href":"https:\/\/outsiderland.com\/danahilliot\/wp-json\/wp\/v2\/types\/post"}],"author":[{"embeddable":true,"href":"https:\/\/outsiderland.com\/danahilliot\/wp-json\/wp\/v2\/users\/1"}],"replies":[{"embeddable":true,"href":"https:\/\/outsiderland.com\/danahilliot\/wp-json\/wp\/v2\/comments?post=4541"}],"version-history":[{"count":2,"href":"https:\/\/outsiderland.com\/danahilliot\/wp-json\/wp\/v2\/posts\/4541\/revisions"}],"predecessor-version":[{"id":4543,"href":"https:\/\/outsiderland.com\/danahilliot\/wp-json\/wp\/v2\/posts\/4541\/revisions\/4543"}],"wp:attachment":[{"href":"https:\/\/outsiderland.com\/danahilliot\/wp-json\/wp\/v2\/media?parent=4541"}],"wp:term":[{"taxonomy":"category","embeddable":true,"href":"https:\/\/outsiderland.com\/danahilliot\/wp-json\/wp\/v2\/categories?post=4541"},{"taxonomy":"post_tag","embeddable":true,"href":"https:\/\/outsiderland.com\/danahilliot\/wp-json\/wp\/v2\/tags?post=4541"}],"curies":[{"name":"wp","href":"https:\/\/api.w.org\/{rel}","templated":true}]}}