{"id":4331,"date":"2021-12-13T07:58:19","date_gmt":"2021-12-13T07:58:19","guid":{"rendered":"https:\/\/outsiderland.com\/danahilliot\/?p=4331"},"modified":"2021-12-13T07:58:19","modified_gmt":"2021-12-13T07:58:19","slug":"troisieme-dose-un-cas-de-conscience","status":"publish","type":"post","link":"https:\/\/outsiderland.com\/danahilliot\/troisieme-dose-un-cas-de-conscience\/","title":{"rendered":"Troisi\u00e8me dose : un cas de conscience"},"content":{"rendered":"<div id=\"tweet_1\" class=\"content-tweet allow-preview\" dir=\"auto\" data-controller=\"thread\" data-action=\"click-&gt;thread#showTweet\" data-screenname=\"danahilliot\" data-tweet=\"1470125270703251457\">La troisi\u00e8me dose (done !) m&rsquo;a pos\u00e9 un cas de conscience. J&rsquo;allais \u00e9crire un petit cas de conscience, mais, du point de vue moral, il n&rsquo;y a pas de \u00ab\u00a0petit\u00a0\u00bb cas. Et il soul\u00e8ve des cons\u00e9quences int\u00e9ressantes.<\/div>\n<div dir=\"auto\" data-controller=\"thread\" data-action=\"click-&gt;thread#showTweet\" data-screenname=\"danahilliot\" data-tweet=\"1470125270703251457\"><\/div>\n<div id=\"tweet_2\" class=\"content-tweet allow-preview\" dir=\"auto\" data-controller=\"thread\" data-action=\"click-&gt;thread#showTweet\" data-screenname=\"danahilliot\" data-tweet=\"1470125273391800323\">En effet, il y a quelque chose de tout \u00e0 fait ind\u00e9cent, du point de vue moral et \u00ab\u00a0cosmopolitique\u00a0\u00bb \u00e0 administrer des 3\u00e8 doses (et bient\u00f4t des 4\u00e8 ou des 5\u00e8) alors qu&rsquo;une large partie de la population du monde n&rsquo;a m\u00eame pas eu acc\u00e8s \u00e0 la premi\u00e8re. <i class=\"fas fa-link\"><\/i><\/div>\n<div id=\"tweet_3\" class=\"content-tweet allow-preview\" dir=\"auto\" data-controller=\"thread\" data-action=\"click-&gt;thread#showTweet\" data-screenname=\"danahilliot\" data-tweet=\"1470125276055093259\">\u00c0 commencer \u00e9videmment par les pays les plus pauvres parmi lesquels beaucoup de pays Africains. J&rsquo;avais d\u00e9j\u00e0 repris les indignations de l&rsquo;OMS \u00e0 ce sujet (notez que, la situation n&rsquo;a gu\u00e8re \u00e9volu\u00e9) <a class=\"entity-url\" href=\"https:\/\/outsiderland.com\/danahilliot\/partager-les-vaccins\/\" data-preview=\"true\">outsiderland.com\/danahilliot\/pa\u2026<\/a><\/div>\n<div dir=\"auto\" data-controller=\"thread\" data-action=\"click-&gt;thread#showTweet\" data-screenname=\"danahilliot\" data-tweet=\"1470125276055093259\"><\/div>\n<div id=\"tweet_4\" class=\"content-tweet allow-preview\" dir=\"auto\" data-controller=\"thread\" data-action=\"click-&gt;thread#showTweet\" data-screenname=\"danahilliot\" data-tweet=\"1470125278726955020\">Malgr\u00e9 la col\u00e8re que m&rsquo;inspire cette r\u00e9partition inique des vaccins, inspir\u00e9e par une logique de comp\u00e9tition \u00e9conomique (libre concurrence, ceux qui peuvent payer ach\u00e8tent la totalit\u00e9 du g\u00e2teau) <i class=\"fas fa-link\"><\/i>immorale (et stupide d&rsquo;un point de vue pragmatique : puisque laisser le virus circuler ailleurs, fut-ce fort loin de chez nous, c&rsquo;est \u00eatre quasiment assur\u00e9 qu&rsquo;un variant vous reviendra un de ces jours) <i class=\"fas fa-link\"><\/i><\/div>\n<div dir=\"auto\" data-controller=\"thread\" data-action=\"click-&gt;thread#showTweet\" data-screenname=\"danahilliot\" data-tweet=\"1470125278726955020\"><\/div>\n<div id=\"tweet_6\" class=\"content-tweet allow-preview\" dir=\"auto\" data-controller=\"thread\" data-action=\"click-&gt;thread#showTweet\" data-screenname=\"danahilliot\" data-tweet=\"1470125284208918539\">Malgr\u00e9 cette col\u00e8re donc, je suis tout de m\u00eame all\u00e9 me faire vacciner une troisi\u00e8me fois. Pas tr\u00e8s \u00e0 l&rsquo;aise en pensant \u00e0 ces centaines de millions de personnes qui n&rsquo;ont pas encore eu acc\u00e8s \u00e0 une seule dose. <i class=\"fas fa-link\"><\/i><\/div>\n<div dir=\"auto\" data-controller=\"thread\" data-action=\"click-&gt;thread#showTweet\" data-screenname=\"danahilliot\" data-tweet=\"1470125284208918539\"><\/div>\n<div id=\"tweet_7\" class=\"content-tweet allow-preview\" dir=\"auto\" data-controller=\"thread\" data-action=\"click-&gt;thread#showTweet\" data-screenname=\"danahilliot\" data-tweet=\"1470125286733799424\">Juste une remarque entre parenth\u00e8se &#8211; j&rsquo;entends dire : \u00ab\u00a0ah mais de toutes fa\u00e7ons, \u00ab\u00a0ils\u00a0\u00bb (les Africains ou qui vous voudrez) n&rsquo;en veulent pas du vaccin (c&rsquo;est bien connu, la plupart vivent encore \u00e0 l&rsquo;\u00e2ge de pierre et pratiquent la sorcellerie) <i class=\"fas fa-link\"><\/i><\/div>\n<div id=\"tweet_8\" class=\"content-tweet allow-preview\" dir=\"auto\" data-controller=\"thread\" data-action=\"click-&gt;thread#showTweet\" data-screenname=\"danahilliot\" data-tweet=\"1470125289258860545\">C&rsquo;est faux, et de toutes fa\u00e7ons, en l&rsquo;absence de proposition vaccinale, vous n&rsquo;en savez strictement rien. (et s&rsquo;il y a bien une partie du monde o\u00f9 on se bagarre avec les \u00e9pid\u00e9mies, c&rsquo;est bien en Afrique, leur savoir est d&rsquo;exp\u00e9rience) <i class=\"fas fa-link\"><\/i><\/div>\n<div dir=\"auto\" data-controller=\"thread\" data-action=\"click-&gt;thread#showTweet\" data-screenname=\"danahilliot\" data-tweet=\"1470125289258860545\"><\/div>\n<div id=\"tweet_9\" class=\"content-tweet allow-preview\" dir=\"auto\" data-controller=\"thread\" data-action=\"click-&gt;thread#showTweet\" data-screenname=\"danahilliot\" data-tweet=\"1470125291771150339\">Mais, plus profond\u00e9ment peut-\u00eatre, ce cas de conscience interroge mon\/n\u00f4tre situation dans le monde, j&rsquo;allais dire, au sens ph\u00e9nom\u00e9nologique. Ou pour le dire autrement, o\u00f9 est-ce que j&rsquo;habite vraiment ? <i class=\"fas fa-link\"><\/i><\/div>\n<div dir=\"auto\" data-controller=\"thread\" data-action=\"click-&gt;thread#showTweet\" data-screenname=\"danahilliot\" data-tweet=\"1470125291771150339\"><\/div>\n<div id=\"tweet_10\" class=\"content-tweet allow-preview\" dir=\"auto\" data-controller=\"thread\" data-action=\"click-&gt;thread#showTweet\" data-screenname=\"danahilliot\" data-tweet=\"1470125294157713413\">Est-ce que j&rsquo;habite le monde au sens cosmopolitique, \u00ab\u00a0avec\u00a0\u00bb 8 Mds de \u00ab\u00a0voisins\u00a0\u00bb &#8211; cette perspective est-elle abstraite ? (elle l&rsquo;est, mais pas tant qu&rsquo;on le croit, tant nous sommes en r\u00e9alit\u00e9 interd\u00e9pendant. cf la crise climatique, l&rsquo;\u00e9conomie mondialis\u00e9e &amp;c) <i class=\"fas fa-link\"><\/i><\/div>\n<div dir=\"auto\" data-controller=\"thread\" data-action=\"click-&gt;thread#showTweet\" data-screenname=\"danahilliot\" data-tweet=\"1470125294157713413\"><\/div>\n<div id=\"tweet_11\" class=\"content-tweet allow-preview\" dir=\"auto\" data-controller=\"thread\" data-action=\"click-&gt;thread#showTweet\" data-screenname=\"danahilliot\" data-tweet=\"1470125296506527750\">Ou est-ce que j&rsquo;habite, \u00ab\u00a0en r\u00e9alit\u00e9\u00a0\u00bb, mon petit village qui compte une centaine d&rsquo;\u00e2mes, mes \u00ab\u00a0proches\u00a0\u00bb en un sens, puisque j&rsquo;y passe le plus clair de mon temps (sauf quand je vais galoper, seul avec mon chien, dans les montagnes et for\u00eats proches) <i class=\"fas fa-link\"><\/i><\/div>\n<div dir=\"auto\" data-controller=\"thread\" data-action=\"click-&gt;thread#showTweet\" data-screenname=\"danahilliot\" data-tweet=\"1470125296506527750\"><\/div>\n<div id=\"tweet_12\" class=\"content-tweet allow-preview\" dir=\"auto\" data-controller=\"thread\" data-action=\"click-&gt;thread#showTweet\" data-screenname=\"danahilliot\" data-tweet=\"1470125299174105091\">Dans la mani\u00e8re \u00ab\u00a0locale\u00a0\u00bb d&rsquo;habiter le monde, l&rsquo;ici et maintenant, il m&rsquo;importe d&rsquo;\u00eatre \u00e0 m\u00eame de prot\u00e9ger les autres de la transmission du virus &#8211; je dois donc, imp\u00e9ratif moral, \u00eatre vaccin\u00e9 correctement (y compris avec une troisi\u00e8me dose) <i class=\"fas fa-link\"><\/i><\/div>\n<div dir=\"auto\" data-controller=\"thread\" data-action=\"click-&gt;thread#showTweet\" data-screenname=\"danahilliot\" data-tweet=\"1470125299174105091\"><\/div>\n<div id=\"tweet_13\" class=\"content-tweet allow-preview\" dir=\"auto\" data-controller=\"thread\" data-action=\"click-&gt;thread#showTweet\" data-screenname=\"danahilliot\" data-tweet=\"1470125301896253444\">La troisi\u00e8me dose n&rsquo;en reste pas moins injuste d&rsquo;un point de vue cosmopolitique, m\u00eame si je n&rsquo;habite pas r\u00e9ellement le cosmos &#8211; le changement d&rsquo;\u00e9chelle, du local au global, rend ma troisi\u00e8me dose \u00ab\u00a0personnelle\u00a0\u00bb peu pertinente du point de vue global. <i class=\"fas fa-link\"><\/i><\/div>\n<div dir=\"auto\" data-controller=\"thread\" data-action=\"click-&gt;thread#showTweet\" data-screenname=\"danahilliot\" data-tweet=\"1470125301896253444\"><\/div>\n<div id=\"tweet_14\" class=\"content-tweet allow-preview\" dir=\"auto\" data-controller=\"thread\" data-action=\"click-&gt;thread#showTweet\" data-screenname=\"danahilliot\" data-tweet=\"1470125304287010823\">On voit qu&rsquo;ici, comme souvent, le raisonnement moral pur d\u00e9bouche sur une impasse (Hello Kant). Celui qui d\u00e9fendrait le point de vue local (ne pas contaminer mes proches) et celui qui d\u00e9fendrait le point de vue de la justice cosmopolitique (partager les vaccins) <i class=\"fas fa-link\"><\/i>pourraient bien avoir raison tous les deux quand bien m\u00eame ils semblent s&rsquo;opposer. Sur la perspective morale, que j&rsquo;ai souvent abord\u00e9e \u00e0 l&rsquo;occasion de la pand\u00e9mie, on pourra lire ceci par exemple : <a class=\"entity-url\" href=\"https:\/\/outsiderland.com\/danahilliot\/rudiments-de-philosophie-morale-et-vaccination\/\" data-preview=\"true\">outsiderland.com\/danahilliot\/ru\u2026<\/a><\/div>\n<div id=\"tweet_16\" class=\"content-tweet allow-preview\" dir=\"auto\" data-controller=\"thread\" data-action=\"click-&gt;thread#showTweet\" data-screenname=\"danahilliot\" data-tweet=\"1470125309517307907\"><\/div>\n<div id=\"tweet_17\" class=\"content-tweet allow-preview\" dir=\"auto\" data-controller=\"thread\" data-action=\"click-&gt;thread#showTweet\" data-screenname=\"danahilliot\" data-tweet=\"1470138015142105092\">Objection possible : il n&rsquo;y a un probl\u00e8me moral que dans la mesure o\u00f9 la troisi\u00e8me dose dont tu b\u00e9n\u00e9ficies prive quelqu&rsquo;un d&rsquo;autre d&rsquo;une premi\u00e8re dose (par exemple). Sauf que cela n&rsquo;a de sens que si le stock global de doses est limit\u00e9. <i class=\"fas fa-link\"><\/i><\/div>\n<div id=\"tweet_18\" class=\"content-tweet allow-preview\" dir=\"auto\" data-controller=\"thread\" data-action=\"click-&gt;thread#showTweet\" data-screenname=\"danahilliot\" data-tweet=\"1470138802257674240\">Cette limitation peut \u00eatre lev\u00e9e : lib\u00e9ration des brevets, r\u00e9orientation de la distribution au profit des moins vaccin\u00e9s, gratuit\u00e9 des vaccins pour les pays les plus pauvres etc.. <i class=\"fas fa-link\"><\/i><\/div>\n<div dir=\"auto\" data-controller=\"thread\" data-action=\"click-&gt;thread#showTweet\" data-screenname=\"danahilliot\" data-tweet=\"1470138802257674240\"><\/div>\n<div id=\"tweet_19\" class=\"content-tweet allow-preview\" dir=\"auto\" data-controller=\"thread\" data-action=\"click-&gt;thread#showTweet\" data-screenname=\"danahilliot\" data-tweet=\"1470138804862439433\">Autrement dit, il aurait fallu suivre l&rsquo;OMS et d&#8217;embl\u00e9e choisir de sortir la fabrication et\/ou la r\u00e9partition des vaccins des logiques de l&rsquo;\u00e9conomie de march\u00e9. Dire : le vaccin n&rsquo;est pas une marchandise. <i class=\"fas fa-link\"><\/i><\/div>\n<div dir=\"auto\" data-controller=\"thread\" data-action=\"click-&gt;thread#showTweet\" data-screenname=\"danahilliot\" data-tweet=\"1470138804862439433\"><\/div>\n<div id=\"tweet_20\" class=\"content-tweet allow-preview\" dir=\"auto\" data-controller=\"thread\" data-action=\"click-&gt;thread#showTweet\" data-screenname=\"danahilliot\" data-tweet=\"1470138807324393473\">Cela n&rsquo;est envisageable que s&rsquo;il existe une volont\u00e9 (cosmo-)politique, de la part des pays les plus riches. \u00c7a n&rsquo;aura pas \u00e9t\u00e9 le cas. Et on s&rsquo;en mordra les doigts. <i class=\"fas fa-link\"><\/i><\/div>\n<div id=\"tweet_21\" class=\"content-tweet allow-preview\" dir=\"auto\" data-controller=\"thread\" data-action=\"click-&gt;thread#showTweet\" data-screenname=\"danahilliot\" data-tweet=\"1470139743283425281\">Correction : tout le monde s&rsquo;en mord d&rsquo;ores et d\u00e9j\u00e0 les doigts. <i class=\"fas fa-link\"><\/i><\/div>\n","protected":false},"excerpt":{"rendered":"<p>La troisi\u00e8me dose (done !) m&rsquo;a pos\u00e9 un cas de conscience. J&rsquo;allais \u00e9crire un petit cas de conscience, mais, du point de vue moral, il n&rsquo;y a pas de \u00ab\u00a0petit\u00a0\u00bb cas. Et il soul\u00e8ve des cons\u00e9quences int\u00e9ressantes. En effet, il y a quelque chose de tout \u00e0 fait ind\u00e9cent, du point de vue moral et&hellip;<\/p>\n <a href=\"https:\/\/outsiderland.com\/danahilliot\/troisieme-dose-un-cas-de-conscience\/\" title=\"Troisi\u00e8me dose : un cas de conscience\" class=\"entry-more-link\"><span>Read More<\/span> <span class=\"screen-reader-text\">Troisi\u00e8me dose : un cas de conscience<\/span><\/a>","protected":false},"author":1,"featured_media":0,"comment_status":"closed","ping_status":"open","sticky":false,"template":"","format":"standard","meta":{"Layout":"","footnotes":"","jetpack_publicize_message":"","jetpack_publicize_feature_enabled":true,"jetpack_social_post_already_shared":false,"jetpack_social_options":{"image_generator_settings":{"template":"highway","default_image_id":0,"font":"","enabled":false},"version":2}},"categories":[73],"tags":[],"class_list":["entry","author-danah","post-4331","post","type-post","status-publish","format-standard","category-pandemie-covid-19"],"yoast_head":"<!-- This site is optimized with the Yoast SEO plugin v27.0 - https:\/\/yoast.com\/product\/yoast-seo-wordpress\/ -->\n<title>Troisi\u00e8me dose : un cas de conscience - Outside Dana Hilliot<\/title>\n<meta name=\"robots\" content=\"index, follow, max-snippet:-1, max-image-preview:large, max-video-preview:-1\" \/>\n<link rel=\"canonical\" href=\"https:\/\/outsiderland.com\/danahilliot\/troisieme-dose-un-cas-de-conscience\/\" \/>\n<meta property=\"og:locale\" content=\"fr_FR\" \/>\n<meta property=\"og:type\" content=\"article\" \/>\n<meta property=\"og:title\" content=\"Troisi\u00e8me dose : un cas de conscience - Outside Dana Hilliot\" \/>\n<meta property=\"og:description\" content=\"La troisi\u00e8me dose (done !) m&rsquo;a pos\u00e9 un cas de conscience. J&rsquo;allais \u00e9crire un petit cas de conscience, mais, du point de vue moral, il n&rsquo;y a pas de \u00ab\u00a0petit\u00a0\u00bb cas. Et il soul\u00e8ve des cons\u00e9quences int\u00e9ressantes. En effet, il y a quelque chose de tout \u00e0 fait ind\u00e9cent, du point de vue moral et&hellip;\" \/>\n<meta property=\"og:url\" content=\"https:\/\/outsiderland.com\/danahilliot\/troisieme-dose-un-cas-de-conscience\/\" \/>\n<meta property=\"og:site_name\" content=\"Outside Dana Hilliot\" \/>\n<meta property=\"article:published_time\" content=\"2021-12-13T07:58:19+00:00\" \/>\n<meta name=\"author\" content=\"danah\" \/>\n<meta name=\"twitter:card\" content=\"summary_large_image\" \/>\n<meta name=\"twitter:label1\" content=\"\u00c9crit par\" \/>\n\t<meta name=\"twitter:data1\" content=\"danah\" \/>\n\t<meta name=\"twitter:label2\" content=\"Dur\u00e9e de lecture estim\u00e9e\" \/>\n\t<meta name=\"twitter:data2\" content=\"4 minutes\" \/>\n<script type=\"application\/ld+json\" class=\"yoast-schema-graph\">{\"@context\":\"https:\/\/schema.org\",\"@graph\":[{\"@type\":\"Article\",\"@id\":\"https:\/\/outsiderland.com\/danahilliot\/troisieme-dose-un-cas-de-conscience\/#article\",\"isPartOf\":{\"@id\":\"https:\/\/outsiderland.com\/danahilliot\/troisieme-dose-un-cas-de-conscience\/\"},\"author\":{\"name\":\"danah\",\"@id\":\"https:\/\/outsiderland.com\/danahilliot\/#\/schema\/person\/2f9b92e9fff19bccc36638b10510d5ae\"},\"headline\":\"Troisi\u00e8me dose : un cas de conscience\",\"datePublished\":\"2021-12-13T07:58:19+00:00\",\"mainEntityOfPage\":{\"@id\":\"https:\/\/outsiderland.com\/danahilliot\/troisieme-dose-un-cas-de-conscience\/\"},\"wordCount\":830,\"publisher\":{\"@id\":\"https:\/\/outsiderland.com\/danahilliot\/#\/schema\/person\/201a1fef0f5c2897bd65e98bcf6b1179\"},\"articleSection\":[\"Pand\u00e9mie Covid-19\"],\"inLanguage\":\"fr-FR\"},{\"@type\":\"WebPage\",\"@id\":\"https:\/\/outsiderland.com\/danahilliot\/troisieme-dose-un-cas-de-conscience\/\",\"url\":\"https:\/\/outsiderland.com\/danahilliot\/troisieme-dose-un-cas-de-conscience\/\",\"name\":\"Troisi\u00e8me dose : un cas de conscience - Outside Dana Hilliot\",\"isPartOf\":{\"@id\":\"https:\/\/outsiderland.com\/danahilliot\/#website\"},\"datePublished\":\"2021-12-13T07:58:19+00:00\",\"breadcrumb\":{\"@id\":\"https:\/\/outsiderland.com\/danahilliot\/troisieme-dose-un-cas-de-conscience\/#breadcrumb\"},\"inLanguage\":\"fr-FR\",\"potentialAction\":[{\"@type\":\"ReadAction\",\"target\":[\"https:\/\/outsiderland.com\/danahilliot\/troisieme-dose-un-cas-de-conscience\/\"]}]},{\"@type\":\"BreadcrumbList\",\"@id\":\"https:\/\/outsiderland.com\/danahilliot\/troisieme-dose-un-cas-de-conscience\/#breadcrumb\",\"itemListElement\":[{\"@type\":\"ListItem\",\"position\":1,\"name\":\"Accueil\",\"item\":\"https:\/\/outsiderland.com\/danahilliot\/\"},{\"@type\":\"ListItem\",\"position\":2,\"name\":\"Troisi\u00e8me dose : un cas de conscience\"}]},{\"@type\":\"WebSite\",\"@id\":\"https:\/\/outsiderland.com\/danahilliot\/#website\",\"url\":\"https:\/\/outsiderland.com\/danahilliot\/\",\"name\":\"Outside Dana Hilliot\",\"description\":\". Archives . Activit\u00e9s . Projets .\",\"publisher\":{\"@id\":\"https:\/\/outsiderland.com\/danahilliot\/#\/schema\/person\/201a1fef0f5c2897bd65e98bcf6b1179\"},\"potentialAction\":[{\"@type\":\"SearchAction\",\"target\":{\"@type\":\"EntryPoint\",\"urlTemplate\":\"https:\/\/outsiderland.com\/danahilliot\/?s={search_term_string}\"},\"query-input\":{\"@type\":\"PropertyValueSpecification\",\"valueRequired\":true,\"valueName\":\"search_term_string\"}}],\"inLanguage\":\"fr-FR\"},{\"@type\":[\"Person\",\"Organization\"],\"@id\":\"https:\/\/outsiderland.com\/danahilliot\/#\/schema\/person\/201a1fef0f5c2897bd65e98bcf6b1179\",\"name\":\"danahilliot\",\"image\":{\"@type\":\"ImageObject\",\"inLanguage\":\"fr-FR\",\"@id\":\"https:\/\/outsiderland.com\/danahilliot\/#\/schema\/person\/image\/\",\"url\":\"https:\/\/outsiderland.com\/danahilliot\/wp-content\/uploads\/2026\/02\/50801449407_a909f2c1ad_k.jpg\",\"contentUrl\":\"https:\/\/outsiderland.com\/danahilliot\/wp-content\/uploads\/2026\/02\/50801449407_a909f2c1ad_k.jpg\",\"width\":2048,\"height\":1536,\"caption\":\"danahilliot\"},\"logo\":{\"@id\":\"https:\/\/outsiderland.com\/danahilliot\/#\/schema\/person\/image\/\"}},{\"@type\":\"Person\",\"@id\":\"https:\/\/outsiderland.com\/danahilliot\/#\/schema\/person\/2f9b92e9fff19bccc36638b10510d5ae\",\"name\":\"danah\",\"image\":{\"@type\":\"ImageObject\",\"inLanguage\":\"fr-FR\",\"@id\":\"https:\/\/outsiderland.com\/danahilliot\/#\/schema\/person\/image\/\",\"url\":\"https:\/\/secure.gravatar.com\/avatar\/ed6349755e1d97f204277de3d09fc6ac31abd856835c8ea3c3a30d0aa84b0ddd?s=96&d=mm&r=g\",\"contentUrl\":\"https:\/\/secure.gravatar.com\/avatar\/ed6349755e1d97f204277de3d09fc6ac31abd856835c8ea3c3a30d0aa84b0ddd?s=96&d=mm&r=g\",\"caption\":\"danah\"},\"url\":\"https:\/\/outsiderland.com\/danahilliot\/author\/danah\/\"}]}<\/script>\n<!-- \/ Yoast SEO plugin. -->","yoast_head_json":{"title":"Troisi\u00e8me dose : un cas de conscience - Outside Dana Hilliot","robots":{"index":"index","follow":"follow","max-snippet":"max-snippet:-1","max-image-preview":"max-image-preview:large","max-video-preview":"max-video-preview:-1"},"canonical":"https:\/\/outsiderland.com\/danahilliot\/troisieme-dose-un-cas-de-conscience\/","og_locale":"fr_FR","og_type":"article","og_title":"Troisi\u00e8me dose : un cas de conscience - Outside Dana Hilliot","og_description":"La troisi\u00e8me dose (done !) m&rsquo;a pos\u00e9 un cas de conscience. J&rsquo;allais \u00e9crire un petit cas de conscience, mais, du point de vue moral, il n&rsquo;y a pas de \u00ab\u00a0petit\u00a0\u00bb cas. Et il soul\u00e8ve des cons\u00e9quences int\u00e9ressantes. En effet, il y a quelque chose de tout \u00e0 fait ind\u00e9cent, du point de vue moral et&hellip;","og_url":"https:\/\/outsiderland.com\/danahilliot\/troisieme-dose-un-cas-de-conscience\/","og_site_name":"Outside Dana Hilliot","article_published_time":"2021-12-13T07:58:19+00:00","author":"danah","twitter_card":"summary_large_image","twitter_misc":{"\u00c9crit par":"danah","Dur\u00e9e de lecture estim\u00e9e":"4 minutes"},"schema":{"@context":"https:\/\/schema.org","@graph":[{"@type":"Article","@id":"https:\/\/outsiderland.com\/danahilliot\/troisieme-dose-un-cas-de-conscience\/#article","isPartOf":{"@id":"https:\/\/outsiderland.com\/danahilliot\/troisieme-dose-un-cas-de-conscience\/"},"author":{"name":"danah","@id":"https:\/\/outsiderland.com\/danahilliot\/#\/schema\/person\/2f9b92e9fff19bccc36638b10510d5ae"},"headline":"Troisi\u00e8me dose : un cas de conscience","datePublished":"2021-12-13T07:58:19+00:00","mainEntityOfPage":{"@id":"https:\/\/outsiderland.com\/danahilliot\/troisieme-dose-un-cas-de-conscience\/"},"wordCount":830,"publisher":{"@id":"https:\/\/outsiderland.com\/danahilliot\/#\/schema\/person\/201a1fef0f5c2897bd65e98bcf6b1179"},"articleSection":["Pand\u00e9mie Covid-19"],"inLanguage":"fr-FR"},{"@type":"WebPage","@id":"https:\/\/outsiderland.com\/danahilliot\/troisieme-dose-un-cas-de-conscience\/","url":"https:\/\/outsiderland.com\/danahilliot\/troisieme-dose-un-cas-de-conscience\/","name":"Troisi\u00e8me dose : un cas de conscience - Outside Dana Hilliot","isPartOf":{"@id":"https:\/\/outsiderland.com\/danahilliot\/#website"},"datePublished":"2021-12-13T07:58:19+00:00","breadcrumb":{"@id":"https:\/\/outsiderland.com\/danahilliot\/troisieme-dose-un-cas-de-conscience\/#breadcrumb"},"inLanguage":"fr-FR","potentialAction":[{"@type":"ReadAction","target":["https:\/\/outsiderland.com\/danahilliot\/troisieme-dose-un-cas-de-conscience\/"]}]},{"@type":"BreadcrumbList","@id":"https:\/\/outsiderland.com\/danahilliot\/troisieme-dose-un-cas-de-conscience\/#breadcrumb","itemListElement":[{"@type":"ListItem","position":1,"name":"Accueil","item":"https:\/\/outsiderland.com\/danahilliot\/"},{"@type":"ListItem","position":2,"name":"Troisi\u00e8me dose : un cas de conscience"}]},{"@type":"WebSite","@id":"https:\/\/outsiderland.com\/danahilliot\/#website","url":"https:\/\/outsiderland.com\/danahilliot\/","name":"Outside Dana Hilliot","description":". Archives . Activit\u00e9s . Projets .","publisher":{"@id":"https:\/\/outsiderland.com\/danahilliot\/#\/schema\/person\/201a1fef0f5c2897bd65e98bcf6b1179"},"potentialAction":[{"@type":"SearchAction","target":{"@type":"EntryPoint","urlTemplate":"https:\/\/outsiderland.com\/danahilliot\/?s={search_term_string}"},"query-input":{"@type":"PropertyValueSpecification","valueRequired":true,"valueName":"search_term_string"}}],"inLanguage":"fr-FR"},{"@type":["Person","Organization"],"@id":"https:\/\/outsiderland.com\/danahilliot\/#\/schema\/person\/201a1fef0f5c2897bd65e98bcf6b1179","name":"danahilliot","image":{"@type":"ImageObject","inLanguage":"fr-FR","@id":"https:\/\/outsiderland.com\/danahilliot\/#\/schema\/person\/image\/","url":"https:\/\/outsiderland.com\/danahilliot\/wp-content\/uploads\/2026\/02\/50801449407_a909f2c1ad_k.jpg","contentUrl":"https:\/\/outsiderland.com\/danahilliot\/wp-content\/uploads\/2026\/02\/50801449407_a909f2c1ad_k.jpg","width":2048,"height":1536,"caption":"danahilliot"},"logo":{"@id":"https:\/\/outsiderland.com\/danahilliot\/#\/schema\/person\/image\/"}},{"@type":"Person","@id":"https:\/\/outsiderland.com\/danahilliot\/#\/schema\/person\/2f9b92e9fff19bccc36638b10510d5ae","name":"danah","image":{"@type":"ImageObject","inLanguage":"fr-FR","@id":"https:\/\/outsiderland.com\/danahilliot\/#\/schema\/person\/image\/","url":"https:\/\/secure.gravatar.com\/avatar\/ed6349755e1d97f204277de3d09fc6ac31abd856835c8ea3c3a30d0aa84b0ddd?s=96&d=mm&r=g","contentUrl":"https:\/\/secure.gravatar.com\/avatar\/ed6349755e1d97f204277de3d09fc6ac31abd856835c8ea3c3a30d0aa84b0ddd?s=96&d=mm&r=g","caption":"danah"},"url":"https:\/\/outsiderland.com\/danahilliot\/author\/danah\/"}]}},"jetpack_publicize_connections":[],"_links":{"self":[{"href":"https:\/\/outsiderland.com\/danahilliot\/wp-json\/wp\/v2\/posts\/4331","targetHints":{"allow":["GET"]}}],"collection":[{"href":"https:\/\/outsiderland.com\/danahilliot\/wp-json\/wp\/v2\/posts"}],"about":[{"href":"https:\/\/outsiderland.com\/danahilliot\/wp-json\/wp\/v2\/types\/post"}],"author":[{"embeddable":true,"href":"https:\/\/outsiderland.com\/danahilliot\/wp-json\/wp\/v2\/users\/1"}],"replies":[{"embeddable":true,"href":"https:\/\/outsiderland.com\/danahilliot\/wp-json\/wp\/v2\/comments?post=4331"}],"version-history":[{"count":1,"href":"https:\/\/outsiderland.com\/danahilliot\/wp-json\/wp\/v2\/posts\/4331\/revisions"}],"predecessor-version":[{"id":4332,"href":"https:\/\/outsiderland.com\/danahilliot\/wp-json\/wp\/v2\/posts\/4331\/revisions\/4332"}],"wp:attachment":[{"href":"https:\/\/outsiderland.com\/danahilliot\/wp-json\/wp\/v2\/media?parent=4331"}],"wp:term":[{"taxonomy":"category","embeddable":true,"href":"https:\/\/outsiderland.com\/danahilliot\/wp-json\/wp\/v2\/categories?post=4331"},{"taxonomy":"post_tag","embeddable":true,"href":"https:\/\/outsiderland.com\/danahilliot\/wp-json\/wp\/v2\/tags?post=4331"}],"curies":[{"name":"wp","href":"https:\/\/api.w.org\/{rel}","templated":true}]}}