{"id":4103,"date":"2021-07-17T20:22:25","date_gmt":"2021-07-17T20:22:25","guid":{"rendered":"https:\/\/outsiderland.com\/danahilliot\/?p=4103"},"modified":"2021-07-17T21:17:20","modified_gmt":"2021-07-17T21:17:20","slug":"pandemie-juillet-2021","status":"publish","type":"post","link":"https:\/\/outsiderland.com\/danahilliot\/pandemie-juillet-2021\/","title":{"rendered":"PAND\u00c9MIE JUILLET 2021"},"content":{"rendered":"<p align=\"justify\">Un an et demi plus tard, donc, la situation ne s\u2019est gu\u00e8re am\u00e9lior\u00e9e, c\u2019est le moins qu\u2019on puisse dire. L\u2019\u00e9pid\u00e9mie bat son plein dans de nombreux pays du monde, notamment ceux o\u00f9 la vaccination demeure rare et difficile d\u2019acc\u00e8s. Elle est catastrophique, pour prendre quelques exemples, en Indon\u00e9sie, en Afrique du sud, en Argentine, au Br\u00e9sil, en Colombie, en Inde, en Iran, en Irak, en Malaisie, etc. Sans parler de nombreux pays o\u00f9 les statistiques sont tr\u00e8s en-dessous de la situation r\u00e9elle, notamment ceux o\u00f9 une grande partie de la population travaille dans ce qu\u2019on appelle l\u2019\u00e9conomie informelle, et, par cons\u00e9quent, n\u2019est pas rep\u00e9r\u00e9e par les syst\u00e8mes de sant\u00e9. Quand, dans quelques ann\u00e9es, le bilan r\u00e9el de la pand\u00e9mie pourra \u00eatre \u00e9tabli, on devra conclure que la mortalit\u00e9 et le nombre de cas surpasse toutes les pand\u00e9mies pr\u00e9c\u00e9dentes. La d\u00e9mographie de la plan\u00e8te et les \u00e9changes mondialis\u00e9s expliquent \u00e9videmment ce triste record, tout autant que la transmissibilit\u00e9 du virus lui-m\u00eame, et de ses variants.<\/p>\n<p align=\"justify\">Ont chang\u00e9 la donne d\u2019une part l\u2019apparition de variants plus virulents que la souche originaire et d\u2019autre part la fabrication et la diffusion de vaccins. Ces variants ont d\u00e9jou\u00e9 certaines pr\u00e9visions des \u00e9pid\u00e9miologistes, bien que d&rsquo;autres l&rsquo;aient envisag\u00e9, mais la vaccination permet tout de m\u00eame d\u2019imaginer un reflux possible de la pand\u00e9mie. On n\u2019en est pas l\u00e0 pour la raison majeure et terrible que plusieurs milliards d\u2019\u00eatres humains n\u2019ont pas encore acc\u00e8s aux vaccins, situation que l\u2019OMS n\u2019a cess\u00e9 de d\u00e9noncer depuis d\u00e9j\u00e0 un an : les pays les plus riches se sont servis d\u2019abord. Mais leur \u00e9go\u00efsme leur est revenu comme un coup de boomerang : car, tant que le virus circule quelque part au sein d\u2019une population dense et peu vaccin\u00e9e, de nouveaux variants risquent d\u2019appara\u00eetre possiblement plus virulents (et pourquoi pas un de ces jours, r\u00e9sistants aux vaccins). Si, comme le demandait l\u2019OMS depuis l\u2019\u00e9t\u00e9 2020, les nations avaient pris soin de r\u00e9partir \u00e9quitablement les doses de vaccins parmi les diff\u00e9rents \u00c9tats, si l\u2019on avait fait preuve de solidarit\u00e9, plut\u00f4t que d\u2019esp\u00e9rer sauver sa peau d\u2019abord (en red\u00e9marrant l\u2019activit\u00e9 \u00e9conomique avant ses voisins), nous n\u2019en serions pas l\u00e0 (en Europe par exemple).<\/p>\n<p align=\"justify\">Il n\u2019en a rien \u00e9t\u00e9. La pand\u00e9mie, par sa logique m\u00eame, surtout dans une \u00e9conomie mondialis\u00e9e, aurait d\u00fb contraindre les \u00c9tats les plus puissants \u00e0 envisager le probl\u00e8me de mani\u00e8re globale, en adoptant, m\u00eame de mani\u00e8re pragmatique \u00e0 d\u00e9faut d\u2019un r\u00e9el souci \u00e9thique, une logique de solidarit\u00e9. Mais la concurrence g\u00e9n\u00e9ralis\u00e9e des march\u00e9s et les imp\u00e9ratifs de la comp\u00e9tition \u00e9conomique ont pris le pas sur la logique de solidarit\u00e9. Le co\u00fbt en est d\u00e9sastreux\u00a0: une catastrophe humanitaire sans pr\u00e9c\u00e9dent, un accroissement brutal de la mis\u00e8re et des famines dans le monde, une vuln\u00e9rabilit\u00e9 encore plus grande des populations les plus d\u00e9munies.<\/p>\n<p align=\"justify\">La persistance de l\u2019\u00e9pid\u00e9mie dans les pays les plus riches \u2013 avec la diffusion irr\u00e9sistible de nouveaux variants \u2013, constitue de ce point de vue un juste retour des choses (mais il n\u2019existe pas de justice immanente en ce monde sinon dans notre imagination).<\/p>\n<p align=\"justify\">Quand on adopte, comme je m\u2019efforce de le faire depuis le d\u00e9but de la pand\u00e9mie, un point de vue global, et pas seulement local ou national, les d\u00e9bats qui agitent l\u2019opinion dans ce petit coin de l\u2019Europe paraissent assez path\u00e9tiques, et, d\u2019un point de vue moral, ind\u00e9cents.<\/p>\n<p align=\"justify\">Ils le sont, de ce point de vue, mais pas seulement. Ils disent aussi beaucoup sur l\u2019\u00e9tat des populations de pays qui, depuis plusieurs d\u00e9cennies, ont pu se sentir \u00e0 l\u2019abri des drames et des trag\u00e9dies qui sont le quotidien de bien des gens sur cette plan\u00e8te, mais qui d\u00e9sormais d\u00e9couvrent, avec peu de ressources pour le penser et le tol\u00e9rer, qu\u2019elles peuvent \u00eatre elles aussi affect\u00e9es par ce genre de catastrophes. J\u2019irais encore plus loin\u00a0: je crois que l\u2019angoisse li\u00e9e \u00e0 la pand\u00e9mie manifeste (chez les Europ\u00e9ens de l\u2019ouest en tous cas) un sentiment de pr\u00e9carisation qui demeurait plus ou moins latent (\u00e0 quelques soubresauts pr\u00e8s, comme les manifestations des Gilets Jaunes chez nous)\u00a0: le processus de lib\u00e9ralisation de l\u2019\u00e9conomie et du \u201csocial\u201d, que le gouvernement actuel avait promis de mener \u00e0 son terme (mais qui a \u00e9t\u00e9 frein\u00e9 dans le contexte pand\u00e9mique), a induit ce sentiment de pr\u00e9carisation \u2013 qui est d\u2019ailleurs fond\u00e9 en r\u00e9alit\u00e9, n\u2019est pas seulement un \u201csentiment\u201d. La crainte (parfois panique) d\u2019une partie de la population qu\u2019on attente \u00e0 son int\u00e9grit\u00e9 \u201cphysique\u201d (par la vaccination), me para\u00eet s\u2019inscrire partiellement dans cette angoisse de pr\u00e9carit\u00e9\u00a0: mon travail, mon avenir, mon territoire, mon corps, sont menac\u00e9s (et, dans ce contexte, on comprend qu\u2019un des premiers r\u00e9flexes soit d\u2019adopter un comportement x\u00e9no-phobique\u00a0: le virus apr\u00e8s tout, est un \u00e9tranger, et la vaccination l\u2019injection d\u2019un corps \u00e9tranger \u2013 c\u2019est \u00e9videmment absurde dans la mesure o\u00f9 le corps, comme la pens\u00e9e, ne peuvent survivre que dans une interd\u00e9pendance absolue entre l\u2019autre et le soi \u2013 au point que le soi n\u2019est probablement qu\u2019une id\u00e9e abstraite \u2013 nous sommes ali\u00e9n\u00e9s par essence).<\/p>\n<p align=\"justify\">Bref. Il n\u2019emp\u00eache, au point o\u00f9 nous en sommes, il n\u2019y a que trois m\u00e9thodes en r\u00e9ponse \u00e0 cette crise (en l\u2019attente d\u2019un \u00e9ventuel traitement m\u00e9dical)\u00a0: ou bien les contraintes sanitaires (limitation des contacts, voire confinement plus ou moins strict), ou bien la vaccination de masse, ou bien un mixte des deux (je laisse de c\u00f4t\u00e9 le \u00ab\u00a0laisser courir\u00a0\u00bb l\u2019\u00e9pid\u00e9mie\u00a0: il suffit de voir ce que \u00e7a a donn\u00e9 au Br\u00e9sil par exemple pour se faire une id\u00e9e des cons\u00e9quences). Autrement dit, on peut refuser la vaccination, mais il faut alors logiquement accepter un re-confinement ou du moins des contraintes sanitaires drastiques. Ou alors accepter de prendre le risque de tomber malade, de contracter des sympt\u00f4mes \u00e0 long terme, de mourir \u00e9ventuellement, et, de surcro\u00eet, de favoriser l\u2019\u00e9mergence d\u2019un nouveau variant.<\/p>\n<p align=\"justify\">Pour conclure, cette crise n\u2019augure rien de bon concernant la mani\u00e8re dont les \u00e9tats du monde et une partie des populations affronteront l\u2019autre grande crise (ou plut\u00f4t la succession des crises, dont la pand\u00e9mie est d\u2019ailleurs, probablement, d\u00e9j\u00e0 l\u2019une d\u2019entre elles), c\u2019est-\u00e0-dire la crise climatique.<\/p>\n","protected":false},"excerpt":{"rendered":"<p>Un an et demi plus tard, donc, la situation ne s\u2019est gu\u00e8re am\u00e9lior\u00e9e, c\u2019est le moins qu\u2019on puisse dire. L\u2019\u00e9pid\u00e9mie bat son plein dans de nombreux pays du monde, notamment ceux o\u00f9 la vaccination demeure rare et difficile d\u2019acc\u00e8s. Elle est catastrophique, pour prendre quelques exemples, en Indon\u00e9sie, en Afrique du sud, en Argentine, au&hellip;<\/p>\n <a href=\"https:\/\/outsiderland.com\/danahilliot\/pandemie-juillet-2021\/\" title=\"PAND\u00c9MIE JUILLET 2021\" class=\"entry-more-link\"><span>Read More<\/span> <span class=\"screen-reader-text\">PAND\u00c9MIE JUILLET 2021<\/span><\/a>","protected":false},"author":1,"featured_media":4104,"comment_status":"closed","ping_status":"open","sticky":false,"template":"","format":"standard","meta":{"Layout":"","footnotes":"","jetpack_publicize_message":"","jetpack_publicize_feature_enabled":true,"jetpack_social_post_already_shared":false,"jetpack_social_options":{"image_generator_settings":{"template":"highway","default_image_id":0,"font":"","enabled":false},"version":2}},"categories":[68,73],"tags":[],"class_list":["entry","author-danah","post-4103","post","type-post","status-publish","format-standard","has-post-thumbnail","category-crise","category-pandemie-covid-19"],"yoast_head":"<!-- This site is optimized with the Yoast SEO plugin v27.0 - https:\/\/yoast.com\/product\/yoast-seo-wordpress\/ -->\n<title>PAND\u00c9MIE JUILLET 2021 - Outside Dana Hilliot<\/title>\n<meta name=\"robots\" content=\"index, follow, max-snippet:-1, max-image-preview:large, max-video-preview:-1\" \/>\n<link rel=\"canonical\" href=\"https:\/\/outsiderland.com\/danahilliot\/pandemie-juillet-2021\/\" \/>\n<meta property=\"og:locale\" content=\"fr_FR\" \/>\n<meta property=\"og:type\" content=\"article\" \/>\n<meta property=\"og:title\" content=\"PAND\u00c9MIE JUILLET 2021 - Outside Dana Hilliot\" \/>\n<meta property=\"og:description\" content=\"Un an et demi plus tard, donc, la situation ne s\u2019est gu\u00e8re am\u00e9lior\u00e9e, c\u2019est le moins qu\u2019on puisse dire. L\u2019\u00e9pid\u00e9mie bat son plein dans de nombreux pays du monde, notamment ceux o\u00f9 la vaccination demeure rare et difficile d\u2019acc\u00e8s. Elle est catastrophique, pour prendre quelques exemples, en Indon\u00e9sie, en Afrique du sud, en Argentine, au&hellip;\" \/>\n<meta property=\"og:url\" content=\"https:\/\/outsiderland.com\/danahilliot\/pandemie-juillet-2021\/\" \/>\n<meta property=\"og:site_name\" content=\"Outside Dana Hilliot\" \/>\n<meta property=\"article:published_time\" content=\"2021-07-17T20:22:25+00:00\" \/>\n<meta property=\"article:modified_time\" content=\"2021-07-17T21:17:20+00:00\" \/>\n<meta property=\"og:image\" content=\"https:\/\/outsiderland.com\/danahilliot\/wp-content\/uploads\/2021\/07\/50168335433_98223e4c8a_c.jpg\" \/>\n\t<meta property=\"og:image:width\" content=\"799\" \/>\n\t<meta property=\"og:image:height\" content=\"533\" \/>\n\t<meta property=\"og:image:type\" content=\"image\/jpeg\" \/>\n<meta name=\"author\" content=\"danah\" \/>\n<meta name=\"twitter:card\" content=\"summary_large_image\" \/>\n<meta name=\"twitter:label1\" content=\"\u00c9crit par\" \/>\n\t<meta name=\"twitter:data1\" content=\"danah\" \/>\n\t<meta name=\"twitter:label2\" content=\"Dur\u00e9e de lecture estim\u00e9e\" \/>\n\t<meta name=\"twitter:data2\" content=\"6 minutes\" \/>\n<script type=\"application\/ld+json\" class=\"yoast-schema-graph\">{\"@context\":\"https:\/\/schema.org\",\"@graph\":[{\"@type\":\"Article\",\"@id\":\"https:\/\/outsiderland.com\/danahilliot\/pandemie-juillet-2021\/#article\",\"isPartOf\":{\"@id\":\"https:\/\/outsiderland.com\/danahilliot\/pandemie-juillet-2021\/\"},\"author\":{\"name\":\"danah\",\"@id\":\"https:\/\/outsiderland.com\/danahilliot\/#\/schema\/person\/2f9b92e9fff19bccc36638b10510d5ae\"},\"headline\":\"PAND\u00c9MIE JUILLET 2021\",\"datePublished\":\"2021-07-17T20:22:25+00:00\",\"dateModified\":\"2021-07-17T21:17:20+00:00\",\"mainEntityOfPage\":{\"@id\":\"https:\/\/outsiderland.com\/danahilliot\/pandemie-juillet-2021\/\"},\"wordCount\":1166,\"publisher\":{\"@id\":\"https:\/\/outsiderland.com\/danahilliot\/#\/schema\/person\/201a1fef0f5c2897bd65e98bcf6b1179\"},\"image\":{\"@id\":\"https:\/\/outsiderland.com\/danahilliot\/pandemie-juillet-2021\/#primaryimage\"},\"thumbnailUrl\":\"https:\/\/outsiderland.com\/danahilliot\/wp-content\/uploads\/2021\/07\/50168335433_98223e4c8a_c.jpg\",\"articleSection\":[\"Crise\",\"Pand\u00e9mie Covid-19\"],\"inLanguage\":\"fr-FR\"},{\"@type\":\"WebPage\",\"@id\":\"https:\/\/outsiderland.com\/danahilliot\/pandemie-juillet-2021\/\",\"url\":\"https:\/\/outsiderland.com\/danahilliot\/pandemie-juillet-2021\/\",\"name\":\"PAND\u00c9MIE JUILLET 2021 - Outside Dana Hilliot\",\"isPartOf\":{\"@id\":\"https:\/\/outsiderland.com\/danahilliot\/#website\"},\"primaryImageOfPage\":{\"@id\":\"https:\/\/outsiderland.com\/danahilliot\/pandemie-juillet-2021\/#primaryimage\"},\"image\":{\"@id\":\"https:\/\/outsiderland.com\/danahilliot\/pandemie-juillet-2021\/#primaryimage\"},\"thumbnailUrl\":\"https:\/\/outsiderland.com\/danahilliot\/wp-content\/uploads\/2021\/07\/50168335433_98223e4c8a_c.jpg\",\"datePublished\":\"2021-07-17T20:22:25+00:00\",\"dateModified\":\"2021-07-17T21:17:20+00:00\",\"breadcrumb\":{\"@id\":\"https:\/\/outsiderland.com\/danahilliot\/pandemie-juillet-2021\/#breadcrumb\"},\"inLanguage\":\"fr-FR\",\"potentialAction\":[{\"@type\":\"ReadAction\",\"target\":[\"https:\/\/outsiderland.com\/danahilliot\/pandemie-juillet-2021\/\"]}]},{\"@type\":\"ImageObject\",\"inLanguage\":\"fr-FR\",\"@id\":\"https:\/\/outsiderland.com\/danahilliot\/pandemie-juillet-2021\/#primaryimage\",\"url\":\"https:\/\/outsiderland.com\/danahilliot\/wp-content\/uploads\/2021\/07\/50168335433_98223e4c8a_c.jpg\",\"contentUrl\":\"https:\/\/outsiderland.com\/danahilliot\/wp-content\/uploads\/2021\/07\/50168335433_98223e4c8a_c.jpg\",\"width\":799,\"height\":533},{\"@type\":\"BreadcrumbList\",\"@id\":\"https:\/\/outsiderland.com\/danahilliot\/pandemie-juillet-2021\/#breadcrumb\",\"itemListElement\":[{\"@type\":\"ListItem\",\"position\":1,\"name\":\"Accueil\",\"item\":\"https:\/\/outsiderland.com\/danahilliot\/\"},{\"@type\":\"ListItem\",\"position\":2,\"name\":\"PAND\u00c9MIE JUILLET 2021\"}]},{\"@type\":\"WebSite\",\"@id\":\"https:\/\/outsiderland.com\/danahilliot\/#website\",\"url\":\"https:\/\/outsiderland.com\/danahilliot\/\",\"name\":\"Outside Dana Hilliot\",\"description\":\". Archives . Activit\u00e9s . Projets .\",\"publisher\":{\"@id\":\"https:\/\/outsiderland.com\/danahilliot\/#\/schema\/person\/201a1fef0f5c2897bd65e98bcf6b1179\"},\"potentialAction\":[{\"@type\":\"SearchAction\",\"target\":{\"@type\":\"EntryPoint\",\"urlTemplate\":\"https:\/\/outsiderland.com\/danahilliot\/?s={search_term_string}\"},\"query-input\":{\"@type\":\"PropertyValueSpecification\",\"valueRequired\":true,\"valueName\":\"search_term_string\"}}],\"inLanguage\":\"fr-FR\"},{\"@type\":[\"Person\",\"Organization\"],\"@id\":\"https:\/\/outsiderland.com\/danahilliot\/#\/schema\/person\/201a1fef0f5c2897bd65e98bcf6b1179\",\"name\":\"danahilliot\",\"image\":{\"@type\":\"ImageObject\",\"inLanguage\":\"fr-FR\",\"@id\":\"https:\/\/outsiderland.com\/danahilliot\/#\/schema\/person\/image\/\",\"url\":\"https:\/\/outsiderland.com\/danahilliot\/wp-content\/uploads\/2026\/02\/50801449407_a909f2c1ad_k.jpg\",\"contentUrl\":\"https:\/\/outsiderland.com\/danahilliot\/wp-content\/uploads\/2026\/02\/50801449407_a909f2c1ad_k.jpg\",\"width\":2048,\"height\":1536,\"caption\":\"danahilliot\"},\"logo\":{\"@id\":\"https:\/\/outsiderland.com\/danahilliot\/#\/schema\/person\/image\/\"}},{\"@type\":\"Person\",\"@id\":\"https:\/\/outsiderland.com\/danahilliot\/#\/schema\/person\/2f9b92e9fff19bccc36638b10510d5ae\",\"name\":\"danah\",\"image\":{\"@type\":\"ImageObject\",\"inLanguage\":\"fr-FR\",\"@id\":\"https:\/\/outsiderland.com\/danahilliot\/#\/schema\/person\/image\/\",\"url\":\"https:\/\/secure.gravatar.com\/avatar\/ed6349755e1d97f204277de3d09fc6ac31abd856835c8ea3c3a30d0aa84b0ddd?s=96&d=mm&r=g\",\"contentUrl\":\"https:\/\/secure.gravatar.com\/avatar\/ed6349755e1d97f204277de3d09fc6ac31abd856835c8ea3c3a30d0aa84b0ddd?s=96&d=mm&r=g\",\"caption\":\"danah\"},\"url\":\"https:\/\/outsiderland.com\/danahilliot\/author\/danah\/\"}]}<\/script>\n<!-- \/ Yoast SEO plugin. -->","yoast_head_json":{"title":"PAND\u00c9MIE JUILLET 2021 - Outside Dana Hilliot","robots":{"index":"index","follow":"follow","max-snippet":"max-snippet:-1","max-image-preview":"max-image-preview:large","max-video-preview":"max-video-preview:-1"},"canonical":"https:\/\/outsiderland.com\/danahilliot\/pandemie-juillet-2021\/","og_locale":"fr_FR","og_type":"article","og_title":"PAND\u00c9MIE JUILLET 2021 - Outside Dana Hilliot","og_description":"Un an et demi plus tard, donc, la situation ne s\u2019est gu\u00e8re am\u00e9lior\u00e9e, c\u2019est le moins qu\u2019on puisse dire. L\u2019\u00e9pid\u00e9mie bat son plein dans de nombreux pays du monde, notamment ceux o\u00f9 la vaccination demeure rare et difficile d\u2019acc\u00e8s. Elle est catastrophique, pour prendre quelques exemples, en Indon\u00e9sie, en Afrique du sud, en Argentine, au&hellip;","og_url":"https:\/\/outsiderland.com\/danahilliot\/pandemie-juillet-2021\/","og_site_name":"Outside Dana Hilliot","article_published_time":"2021-07-17T20:22:25+00:00","article_modified_time":"2021-07-17T21:17:20+00:00","og_image":[{"width":799,"height":533,"url":"https:\/\/outsiderland.com\/danahilliot\/wp-content\/uploads\/2021\/07\/50168335433_98223e4c8a_c.jpg","type":"image\/jpeg"}],"author":"danah","twitter_card":"summary_large_image","twitter_misc":{"\u00c9crit par":"danah","Dur\u00e9e de lecture estim\u00e9e":"6 minutes"},"schema":{"@context":"https:\/\/schema.org","@graph":[{"@type":"Article","@id":"https:\/\/outsiderland.com\/danahilliot\/pandemie-juillet-2021\/#article","isPartOf":{"@id":"https:\/\/outsiderland.com\/danahilliot\/pandemie-juillet-2021\/"},"author":{"name":"danah","@id":"https:\/\/outsiderland.com\/danahilliot\/#\/schema\/person\/2f9b92e9fff19bccc36638b10510d5ae"},"headline":"PAND\u00c9MIE JUILLET 2021","datePublished":"2021-07-17T20:22:25+00:00","dateModified":"2021-07-17T21:17:20+00:00","mainEntityOfPage":{"@id":"https:\/\/outsiderland.com\/danahilliot\/pandemie-juillet-2021\/"},"wordCount":1166,"publisher":{"@id":"https:\/\/outsiderland.com\/danahilliot\/#\/schema\/person\/201a1fef0f5c2897bd65e98bcf6b1179"},"image":{"@id":"https:\/\/outsiderland.com\/danahilliot\/pandemie-juillet-2021\/#primaryimage"},"thumbnailUrl":"https:\/\/outsiderland.com\/danahilliot\/wp-content\/uploads\/2021\/07\/50168335433_98223e4c8a_c.jpg","articleSection":["Crise","Pand\u00e9mie Covid-19"],"inLanguage":"fr-FR"},{"@type":"WebPage","@id":"https:\/\/outsiderland.com\/danahilliot\/pandemie-juillet-2021\/","url":"https:\/\/outsiderland.com\/danahilliot\/pandemie-juillet-2021\/","name":"PAND\u00c9MIE JUILLET 2021 - Outside Dana Hilliot","isPartOf":{"@id":"https:\/\/outsiderland.com\/danahilliot\/#website"},"primaryImageOfPage":{"@id":"https:\/\/outsiderland.com\/danahilliot\/pandemie-juillet-2021\/#primaryimage"},"image":{"@id":"https:\/\/outsiderland.com\/danahilliot\/pandemie-juillet-2021\/#primaryimage"},"thumbnailUrl":"https:\/\/outsiderland.com\/danahilliot\/wp-content\/uploads\/2021\/07\/50168335433_98223e4c8a_c.jpg","datePublished":"2021-07-17T20:22:25+00:00","dateModified":"2021-07-17T21:17:20+00:00","breadcrumb":{"@id":"https:\/\/outsiderland.com\/danahilliot\/pandemie-juillet-2021\/#breadcrumb"},"inLanguage":"fr-FR","potentialAction":[{"@type":"ReadAction","target":["https:\/\/outsiderland.com\/danahilliot\/pandemie-juillet-2021\/"]}]},{"@type":"ImageObject","inLanguage":"fr-FR","@id":"https:\/\/outsiderland.com\/danahilliot\/pandemie-juillet-2021\/#primaryimage","url":"https:\/\/outsiderland.com\/danahilliot\/wp-content\/uploads\/2021\/07\/50168335433_98223e4c8a_c.jpg","contentUrl":"https:\/\/outsiderland.com\/danahilliot\/wp-content\/uploads\/2021\/07\/50168335433_98223e4c8a_c.jpg","width":799,"height":533},{"@type":"BreadcrumbList","@id":"https:\/\/outsiderland.com\/danahilliot\/pandemie-juillet-2021\/#breadcrumb","itemListElement":[{"@type":"ListItem","position":1,"name":"Accueil","item":"https:\/\/outsiderland.com\/danahilliot\/"},{"@type":"ListItem","position":2,"name":"PAND\u00c9MIE JUILLET 2021"}]},{"@type":"WebSite","@id":"https:\/\/outsiderland.com\/danahilliot\/#website","url":"https:\/\/outsiderland.com\/danahilliot\/","name":"Outside Dana Hilliot","description":". Archives . Activit\u00e9s . Projets .","publisher":{"@id":"https:\/\/outsiderland.com\/danahilliot\/#\/schema\/person\/201a1fef0f5c2897bd65e98bcf6b1179"},"potentialAction":[{"@type":"SearchAction","target":{"@type":"EntryPoint","urlTemplate":"https:\/\/outsiderland.com\/danahilliot\/?s={search_term_string}"},"query-input":{"@type":"PropertyValueSpecification","valueRequired":true,"valueName":"search_term_string"}}],"inLanguage":"fr-FR"},{"@type":["Person","Organization"],"@id":"https:\/\/outsiderland.com\/danahilliot\/#\/schema\/person\/201a1fef0f5c2897bd65e98bcf6b1179","name":"danahilliot","image":{"@type":"ImageObject","inLanguage":"fr-FR","@id":"https:\/\/outsiderland.com\/danahilliot\/#\/schema\/person\/image\/","url":"https:\/\/outsiderland.com\/danahilliot\/wp-content\/uploads\/2026\/02\/50801449407_a909f2c1ad_k.jpg","contentUrl":"https:\/\/outsiderland.com\/danahilliot\/wp-content\/uploads\/2026\/02\/50801449407_a909f2c1ad_k.jpg","width":2048,"height":1536,"caption":"danahilliot"},"logo":{"@id":"https:\/\/outsiderland.com\/danahilliot\/#\/schema\/person\/image\/"}},{"@type":"Person","@id":"https:\/\/outsiderland.com\/danahilliot\/#\/schema\/person\/2f9b92e9fff19bccc36638b10510d5ae","name":"danah","image":{"@type":"ImageObject","inLanguage":"fr-FR","@id":"https:\/\/outsiderland.com\/danahilliot\/#\/schema\/person\/image\/","url":"https:\/\/secure.gravatar.com\/avatar\/ed6349755e1d97f204277de3d09fc6ac31abd856835c8ea3c3a30d0aa84b0ddd?s=96&d=mm&r=g","contentUrl":"https:\/\/secure.gravatar.com\/avatar\/ed6349755e1d97f204277de3d09fc6ac31abd856835c8ea3c3a30d0aa84b0ddd?s=96&d=mm&r=g","caption":"danah"},"url":"https:\/\/outsiderland.com\/danahilliot\/author\/danah\/"}]}},"jetpack_publicize_connections":[],"_links":{"self":[{"href":"https:\/\/outsiderland.com\/danahilliot\/wp-json\/wp\/v2\/posts\/4103","targetHints":{"allow":["GET"]}}],"collection":[{"href":"https:\/\/outsiderland.com\/danahilliot\/wp-json\/wp\/v2\/posts"}],"about":[{"href":"https:\/\/outsiderland.com\/danahilliot\/wp-json\/wp\/v2\/types\/post"}],"author":[{"embeddable":true,"href":"https:\/\/outsiderland.com\/danahilliot\/wp-json\/wp\/v2\/users\/1"}],"replies":[{"embeddable":true,"href":"https:\/\/outsiderland.com\/danahilliot\/wp-json\/wp\/v2\/comments?post=4103"}],"version-history":[{"count":3,"href":"https:\/\/outsiderland.com\/danahilliot\/wp-json\/wp\/v2\/posts\/4103\/revisions"}],"predecessor-version":[{"id":4107,"href":"https:\/\/outsiderland.com\/danahilliot\/wp-json\/wp\/v2\/posts\/4103\/revisions\/4107"}],"wp:featuredmedia":[{"embeddable":true,"href":"https:\/\/outsiderland.com\/danahilliot\/wp-json\/wp\/v2\/media\/4104"}],"wp:attachment":[{"href":"https:\/\/outsiderland.com\/danahilliot\/wp-json\/wp\/v2\/media?parent=4103"}],"wp:term":[{"taxonomy":"category","embeddable":true,"href":"https:\/\/outsiderland.com\/danahilliot\/wp-json\/wp\/v2\/categories?post=4103"},{"taxonomy":"post_tag","embeddable":true,"href":"https:\/\/outsiderland.com\/danahilliot\/wp-json\/wp\/v2\/tags?post=4103"}],"curies":[{"name":"wp","href":"https:\/\/api.w.org\/{rel}","templated":true}]}}