{"id":4069,"date":"2021-06-23T09:59:26","date_gmt":"2021-06-23T09:59:26","guid":{"rendered":"https:\/\/outsiderland.com\/danahilliot\/?p=4069"},"modified":"2021-06-23T10:02:11","modified_gmt":"2021-06-23T10:02:11","slug":"biodiversite-deforestation-elevage-intensif-et-pandemies","status":"publish","type":"post","link":"https:\/\/outsiderland.com\/danahilliot\/biodiversite-deforestation-elevage-intensif-et-pandemies\/","title":{"rendered":"Biodiversit\u00e9, d\u00e9forestation, \u00e9levage intensif et pand\u00e9mies"},"content":{"rendered":"<p>Suite \u00e0 l&rsquo;\u00e9pisode de la M\u00e9thode Scientifique sur les prochaines pand\u00e9mies :<br \/>\n<a href=\"https:\/\/www.franceculture.fr\/emissions\/la-methode-scientifique\/pandemies-la-menace-fantome\">https:\/\/www.franceculture.fr\/emissions\/la-methode-scientifique\/pandemies-la-menace-fantome<\/a><\/p>\n<p>&nbsp;<\/p>\n<p>Pour comprendre le probl\u00e8me, \u00e9coutons Serge Morand : \u00ab\u00a0en 1997, il y a avait 200 milliards d&rsquo;oiseaux sauvages. Ils ne sont plus aujourd&rsquo;hui que 40 milliards, et, face \u00e0 eux, il y a 30 milliards de poulets.\u00a0\u00bb M\u00eame sans \u00eatre sp\u00e9cialement au courant de la mani\u00e8re dont fonctionne une zoonose, on peut de mani\u00e8re intuitive se faire une id\u00e9e de la mani\u00e8re dont la perte de la biodiversit\u00e9 et l&rsquo;\u00e9mergence de maladie transmissible \u00e0 l&rsquo;homme sont li\u00e9es : ce \u00ab\u00a0face \u00e0 face\u00a0\u00bb entre le sauvage et le domestique favorise des variations virales susceptibles d&rsquo;affecter in fine les humains.<\/p>\n<p>Je note la remarque tr\u00e8s juste de Marisa Peyre concernant le paradoxe de la pr\u00e9vention : c&rsquo;est de continuer \u00e0 payer quand il ne se passe rien. Pour pr\u00e9venir la diffusion des pand\u00e9mies \u00e0 venir, on peut mettre en place un syst\u00e8me de surveillance autour des zones \u00e0 risques, les territoires \u00ab\u00a0liminaux\u00a0\u00bb &#8211; particuli\u00e8rement ceux o\u00f9 les animaux sauvages sont en contact avec les animaux domestiques ou d&rsquo;\u00e9levage, surveillance engageant des chercheurs mais aussi les populations locales. Mais le probl\u00e8me, c&rsquo;est de maintenir ces dispositifs sur une longue dur\u00e9e, quand il ne se passe rien (c&rsquo;est-\u00e0-dire tant que la pr\u00e9vention fonctionne).<br \/>\nJ&rsquo;ajouterai que c&rsquo;est encore plus incertain dans des territoires qui subissent une instabilit\u00e9 politique notoire, notamment en Afrique Centrale. Une \u00e9pid\u00e9mie \u00ab\u00a0pr\u00e9venue\u00a0\u00bb en amont n&rsquo;existe pour ainsi dire pas du tout pour des d\u00e9cideurs politiques dont le mandat court sur quelques ann\u00e9es, et c&rsquo;est la m\u00eame chose pour les opinions publiques.<\/p>\n<p>Autre remarque : ce sont les pays riches, principalement, par leurs besoins croissants en ressources mini\u00e8res, p\u00e9trolif\u00e8res et en bois, qui sont en derni\u00e8re analyse responsables de la d\u00e9forestation, que ce soit en Afrique, en Asie ou en Am\u00e9rique Latine. Et du r\u00e9chauffement climatique. En repoussant sans cesse les fronti\u00e8res entre les territoires o\u00f9 se situent les r\u00e9servoirs des virus, le risque de voir certains de ses virus muter et se transmettre \u00e0 l&rsquo;homme par voie animale s&rsquo;accentue.<br \/>\nC&rsquo;est en ce sens qu&rsquo;on peut dire, comme pour le changement climatique, que les modes de vie des habitants des pays riches (et des autres dans une moindre mesure) et les besoins en ressources naturelles que ces modes de vie impliquent, sont responsables de l&rsquo;\u00e9mergence de pand\u00e9mies.<\/p>\n<p>De fait, une politique id\u00e9ale de pr\u00e9vention des prochains pand\u00e9mies \u00e9pouserait \u00e0 quelques d\u00e9tails pr\u00e8s les politiques imagin\u00e9es pour freiner les effets du changement climatique. Comme ce n&rsquo;est pas demain la veille que les soci\u00e9t\u00e9s occidentales vont se r\u00e9soudre d\u00e9lib\u00e9r\u00e9ment \u00e0 modifier drastiquement leur mani\u00e8re pr\u00e9datrice \u00ab\u00a0d&rsquo;habiter le monde\u00a0\u00bb, il ne reste plus qu&rsquo;\u00e0 se terrer dans un fatalisme de rigueur et attendre la prochaine pand\u00e9mie et les autres joyeuset\u00e9s promises par le r\u00e9chauffement du climat.<\/p>\n","protected":false},"excerpt":{"rendered":"<p>Suite \u00e0 l&rsquo;\u00e9pisode de la M\u00e9thode Scientifique sur les prochaines pand\u00e9mies : https:\/\/www.franceculture.fr\/emissions\/la-methode-scientifique\/pandemies-la-menace-fantome &nbsp; Pour comprendre le probl\u00e8me, \u00e9coutons Serge Morand : \u00ab\u00a0en 1997, il y a avait 200 milliards d&rsquo;oiseaux sauvages. Ils ne sont plus aujourd&rsquo;hui que 40 milliards, et, face \u00e0 eux, il y a 30 milliards de poulets.\u00a0\u00bb M\u00eame sans \u00eatre sp\u00e9cialement&hellip;<\/p>\n <a href=\"https:\/\/outsiderland.com\/danahilliot\/biodiversite-deforestation-elevage-intensif-et-pandemies\/\" title=\"Biodiversit\u00e9, d\u00e9forestation, \u00e9levage intensif et pand\u00e9mies\" class=\"entry-more-link\"><span>Read More<\/span> <span class=\"screen-reader-text\">Biodiversit\u00e9, d\u00e9forestation, \u00e9levage intensif et pand\u00e9mies<\/span><\/a>","protected":false},"author":1,"featured_media":4070,"comment_status":"closed","ping_status":"open","sticky":false,"template":"","format":"standard","meta":{"Layout":"","footnotes":"","jetpack_publicize_message":"","jetpack_publicize_feature_enabled":true,"jetpack_social_post_already_shared":false,"jetpack_social_options":{"image_generator_settings":{"template":"highway","default_image_id":0,"font":"","enabled":false},"version":2}},"categories":[64,73],"tags":[],"class_list":["entry","author-danah","post-4069","post","type-post","status-publish","format-standard","has-post-thumbnail","category-catastrophe-climatique","category-pandemie-covid-19"],"yoast_head":"<!-- This site is optimized with the Yoast SEO plugin v27.0 - https:\/\/yoast.com\/product\/yoast-seo-wordpress\/ -->\n<title>Biodiversit\u00e9, d\u00e9forestation, \u00e9levage intensif et pand\u00e9mies - Outside Dana Hilliot<\/title>\n<meta name=\"robots\" content=\"index, follow, max-snippet:-1, max-image-preview:large, max-video-preview:-1\" \/>\n<link rel=\"canonical\" href=\"https:\/\/outsiderland.com\/danahilliot\/biodiversite-deforestation-elevage-intensif-et-pandemies\/\" \/>\n<meta property=\"og:locale\" content=\"fr_FR\" \/>\n<meta property=\"og:type\" content=\"article\" \/>\n<meta property=\"og:title\" content=\"Biodiversit\u00e9, d\u00e9forestation, \u00e9levage intensif et pand\u00e9mies - Outside Dana Hilliot\" \/>\n<meta property=\"og:description\" content=\"Suite \u00e0 l&rsquo;\u00e9pisode de la M\u00e9thode Scientifique sur les prochaines pand\u00e9mies : https:\/\/www.franceculture.fr\/emissions\/la-methode-scientifique\/pandemies-la-menace-fantome &nbsp; Pour comprendre le probl\u00e8me, \u00e9coutons Serge Morand : \u00ab\u00a0en 1997, il y a avait 200 milliards d&rsquo;oiseaux sauvages. Ils ne sont plus aujourd&rsquo;hui que 40 milliards, et, face \u00e0 eux, il y a 30 milliards de poulets.\u00a0\u00bb M\u00eame sans \u00eatre sp\u00e9cialement&hellip;\" \/>\n<meta property=\"og:url\" content=\"https:\/\/outsiderland.com\/danahilliot\/biodiversite-deforestation-elevage-intensif-et-pandemies\/\" \/>\n<meta property=\"og:site_name\" content=\"Outside Dana Hilliot\" \/>\n<meta property=\"article:published_time\" content=\"2021-06-23T09:59:26+00:00\" \/>\n<meta property=\"article:modified_time\" content=\"2021-06-23T10:02:11+00:00\" \/>\n<meta property=\"og:image\" content=\"https:\/\/outsiderland.com\/danahilliot\/wp-content\/uploads\/2021\/06\/b628227dd8_50175244_wwf-deforestation-union-europe-2.jpg\" \/>\n\t<meta property=\"og:image:width\" content=\"1920\" \/>\n\t<meta property=\"og:image:height\" content=\"1200\" \/>\n\t<meta property=\"og:image:type\" content=\"image\/jpeg\" \/>\n<meta name=\"author\" content=\"danah\" \/>\n<meta name=\"twitter:card\" content=\"summary_large_image\" \/>\n<meta name=\"twitter:label1\" content=\"\u00c9crit par\" \/>\n\t<meta name=\"twitter:data1\" content=\"danah\" \/>\n\t<meta name=\"twitter:label2\" content=\"Dur\u00e9e de lecture estim\u00e9e\" \/>\n\t<meta name=\"twitter:data2\" content=\"3 minutes\" \/>\n<script type=\"application\/ld+json\" class=\"yoast-schema-graph\">{\"@context\":\"https:\/\/schema.org\",\"@graph\":[{\"@type\":\"Article\",\"@id\":\"https:\/\/outsiderland.com\/danahilliot\/biodiversite-deforestation-elevage-intensif-et-pandemies\/#article\",\"isPartOf\":{\"@id\":\"https:\/\/outsiderland.com\/danahilliot\/biodiversite-deforestation-elevage-intensif-et-pandemies\/\"},\"author\":{\"name\":\"danah\",\"@id\":\"https:\/\/outsiderland.com\/danahilliot\/#\/schema\/person\/2f9b92e9fff19bccc36638b10510d5ae\"},\"headline\":\"Biodiversit\u00e9, d\u00e9forestation, \u00e9levage intensif et pand\u00e9mies\",\"datePublished\":\"2021-06-23T09:59:26+00:00\",\"dateModified\":\"2021-06-23T10:02:11+00:00\",\"mainEntityOfPage\":{\"@id\":\"https:\/\/outsiderland.com\/danahilliot\/biodiversite-deforestation-elevage-intensif-et-pandemies\/\"},\"wordCount\":533,\"publisher\":{\"@id\":\"https:\/\/outsiderland.com\/danahilliot\/#\/schema\/person\/201a1fef0f5c2897bd65e98bcf6b1179\"},\"image\":{\"@id\":\"https:\/\/outsiderland.com\/danahilliot\/biodiversite-deforestation-elevage-intensif-et-pandemies\/#primaryimage\"},\"thumbnailUrl\":\"https:\/\/outsiderland.com\/danahilliot\/wp-content\/uploads\/2021\/06\/b628227dd8_50175244_wwf-deforestation-union-europe-2.jpg\",\"articleSection\":[\"Catastrophe Climatique\",\"Pand\u00e9mie Covid-19\"],\"inLanguage\":\"fr-FR\"},{\"@type\":\"WebPage\",\"@id\":\"https:\/\/outsiderland.com\/danahilliot\/biodiversite-deforestation-elevage-intensif-et-pandemies\/\",\"url\":\"https:\/\/outsiderland.com\/danahilliot\/biodiversite-deforestation-elevage-intensif-et-pandemies\/\",\"name\":\"Biodiversit\u00e9, d\u00e9forestation, \u00e9levage intensif et pand\u00e9mies - Outside Dana Hilliot\",\"isPartOf\":{\"@id\":\"https:\/\/outsiderland.com\/danahilliot\/#website\"},\"primaryImageOfPage\":{\"@id\":\"https:\/\/outsiderland.com\/danahilliot\/biodiversite-deforestation-elevage-intensif-et-pandemies\/#primaryimage\"},\"image\":{\"@id\":\"https:\/\/outsiderland.com\/danahilliot\/biodiversite-deforestation-elevage-intensif-et-pandemies\/#primaryimage\"},\"thumbnailUrl\":\"https:\/\/outsiderland.com\/danahilliot\/wp-content\/uploads\/2021\/06\/b628227dd8_50175244_wwf-deforestation-union-europe-2.jpg\",\"datePublished\":\"2021-06-23T09:59:26+00:00\",\"dateModified\":\"2021-06-23T10:02:11+00:00\",\"breadcrumb\":{\"@id\":\"https:\/\/outsiderland.com\/danahilliot\/biodiversite-deforestation-elevage-intensif-et-pandemies\/#breadcrumb\"},\"inLanguage\":\"fr-FR\",\"potentialAction\":[{\"@type\":\"ReadAction\",\"target\":[\"https:\/\/outsiderland.com\/danahilliot\/biodiversite-deforestation-elevage-intensif-et-pandemies\/\"]}]},{\"@type\":\"ImageObject\",\"inLanguage\":\"fr-FR\",\"@id\":\"https:\/\/outsiderland.com\/danahilliot\/biodiversite-deforestation-elevage-intensif-et-pandemies\/#primaryimage\",\"url\":\"https:\/\/outsiderland.com\/danahilliot\/wp-content\/uploads\/2021\/06\/b628227dd8_50175244_wwf-deforestation-union-europe-2.jpg\",\"contentUrl\":\"https:\/\/outsiderland.com\/danahilliot\/wp-content\/uploads\/2021\/06\/b628227dd8_50175244_wwf-deforestation-union-europe-2.jpg\",\"width\":1920,\"height\":1200},{\"@type\":\"BreadcrumbList\",\"@id\":\"https:\/\/outsiderland.com\/danahilliot\/biodiversite-deforestation-elevage-intensif-et-pandemies\/#breadcrumb\",\"itemListElement\":[{\"@type\":\"ListItem\",\"position\":1,\"name\":\"Accueil\",\"item\":\"https:\/\/outsiderland.com\/danahilliot\/\"},{\"@type\":\"ListItem\",\"position\":2,\"name\":\"Biodiversit\u00e9, d\u00e9forestation, \u00e9levage intensif et pand\u00e9mies\"}]},{\"@type\":\"WebSite\",\"@id\":\"https:\/\/outsiderland.com\/danahilliot\/#website\",\"url\":\"https:\/\/outsiderland.com\/danahilliot\/\",\"name\":\"Outside Dana Hilliot\",\"description\":\". Archives . Activit\u00e9s . Projets .\",\"publisher\":{\"@id\":\"https:\/\/outsiderland.com\/danahilliot\/#\/schema\/person\/201a1fef0f5c2897bd65e98bcf6b1179\"},\"potentialAction\":[{\"@type\":\"SearchAction\",\"target\":{\"@type\":\"EntryPoint\",\"urlTemplate\":\"https:\/\/outsiderland.com\/danahilliot\/?s={search_term_string}\"},\"query-input\":{\"@type\":\"PropertyValueSpecification\",\"valueRequired\":true,\"valueName\":\"search_term_string\"}}],\"inLanguage\":\"fr-FR\"},{\"@type\":[\"Person\",\"Organization\"],\"@id\":\"https:\/\/outsiderland.com\/danahilliot\/#\/schema\/person\/201a1fef0f5c2897bd65e98bcf6b1179\",\"name\":\"danahilliot\",\"image\":{\"@type\":\"ImageObject\",\"inLanguage\":\"fr-FR\",\"@id\":\"https:\/\/outsiderland.com\/danahilliot\/#\/schema\/person\/image\/\",\"url\":\"https:\/\/outsiderland.com\/danahilliot\/wp-content\/uploads\/2026\/02\/50801449407_a909f2c1ad_k.jpg\",\"contentUrl\":\"https:\/\/outsiderland.com\/danahilliot\/wp-content\/uploads\/2026\/02\/50801449407_a909f2c1ad_k.jpg\",\"width\":2048,\"height\":1536,\"caption\":\"danahilliot\"},\"logo\":{\"@id\":\"https:\/\/outsiderland.com\/danahilliot\/#\/schema\/person\/image\/\"}},{\"@type\":\"Person\",\"@id\":\"https:\/\/outsiderland.com\/danahilliot\/#\/schema\/person\/2f9b92e9fff19bccc36638b10510d5ae\",\"name\":\"danah\",\"image\":{\"@type\":\"ImageObject\",\"inLanguage\":\"fr-FR\",\"@id\":\"https:\/\/outsiderland.com\/danahilliot\/#\/schema\/person\/image\/\",\"url\":\"https:\/\/secure.gravatar.com\/avatar\/ed6349755e1d97f204277de3d09fc6ac31abd856835c8ea3c3a30d0aa84b0ddd?s=96&d=mm&r=g\",\"contentUrl\":\"https:\/\/secure.gravatar.com\/avatar\/ed6349755e1d97f204277de3d09fc6ac31abd856835c8ea3c3a30d0aa84b0ddd?s=96&d=mm&r=g\",\"caption\":\"danah\"},\"url\":\"https:\/\/outsiderland.com\/danahilliot\/author\/danah\/\"}]}<\/script>\n<!-- \/ Yoast SEO plugin. -->","yoast_head_json":{"title":"Biodiversit\u00e9, d\u00e9forestation, \u00e9levage intensif et pand\u00e9mies - Outside Dana Hilliot","robots":{"index":"index","follow":"follow","max-snippet":"max-snippet:-1","max-image-preview":"max-image-preview:large","max-video-preview":"max-video-preview:-1"},"canonical":"https:\/\/outsiderland.com\/danahilliot\/biodiversite-deforestation-elevage-intensif-et-pandemies\/","og_locale":"fr_FR","og_type":"article","og_title":"Biodiversit\u00e9, d\u00e9forestation, \u00e9levage intensif et pand\u00e9mies - Outside Dana Hilliot","og_description":"Suite \u00e0 l&rsquo;\u00e9pisode de la M\u00e9thode Scientifique sur les prochaines pand\u00e9mies : https:\/\/www.franceculture.fr\/emissions\/la-methode-scientifique\/pandemies-la-menace-fantome &nbsp; Pour comprendre le probl\u00e8me, \u00e9coutons Serge Morand : \u00ab\u00a0en 1997, il y a avait 200 milliards d&rsquo;oiseaux sauvages. Ils ne sont plus aujourd&rsquo;hui que 40 milliards, et, face \u00e0 eux, il y a 30 milliards de poulets.\u00a0\u00bb M\u00eame sans \u00eatre sp\u00e9cialement&hellip;","og_url":"https:\/\/outsiderland.com\/danahilliot\/biodiversite-deforestation-elevage-intensif-et-pandemies\/","og_site_name":"Outside Dana Hilliot","article_published_time":"2021-06-23T09:59:26+00:00","article_modified_time":"2021-06-23T10:02:11+00:00","og_image":[{"width":1920,"height":1200,"url":"https:\/\/outsiderland.com\/danahilliot\/wp-content\/uploads\/2021\/06\/b628227dd8_50175244_wwf-deforestation-union-europe-2.jpg","type":"image\/jpeg"}],"author":"danah","twitter_card":"summary_large_image","twitter_misc":{"\u00c9crit par":"danah","Dur\u00e9e de lecture estim\u00e9e":"3 minutes"},"schema":{"@context":"https:\/\/schema.org","@graph":[{"@type":"Article","@id":"https:\/\/outsiderland.com\/danahilliot\/biodiversite-deforestation-elevage-intensif-et-pandemies\/#article","isPartOf":{"@id":"https:\/\/outsiderland.com\/danahilliot\/biodiversite-deforestation-elevage-intensif-et-pandemies\/"},"author":{"name":"danah","@id":"https:\/\/outsiderland.com\/danahilliot\/#\/schema\/person\/2f9b92e9fff19bccc36638b10510d5ae"},"headline":"Biodiversit\u00e9, d\u00e9forestation, \u00e9levage intensif et pand\u00e9mies","datePublished":"2021-06-23T09:59:26+00:00","dateModified":"2021-06-23T10:02:11+00:00","mainEntityOfPage":{"@id":"https:\/\/outsiderland.com\/danahilliot\/biodiversite-deforestation-elevage-intensif-et-pandemies\/"},"wordCount":533,"publisher":{"@id":"https:\/\/outsiderland.com\/danahilliot\/#\/schema\/person\/201a1fef0f5c2897bd65e98bcf6b1179"},"image":{"@id":"https:\/\/outsiderland.com\/danahilliot\/biodiversite-deforestation-elevage-intensif-et-pandemies\/#primaryimage"},"thumbnailUrl":"https:\/\/outsiderland.com\/danahilliot\/wp-content\/uploads\/2021\/06\/b628227dd8_50175244_wwf-deforestation-union-europe-2.jpg","articleSection":["Catastrophe Climatique","Pand\u00e9mie Covid-19"],"inLanguage":"fr-FR"},{"@type":"WebPage","@id":"https:\/\/outsiderland.com\/danahilliot\/biodiversite-deforestation-elevage-intensif-et-pandemies\/","url":"https:\/\/outsiderland.com\/danahilliot\/biodiversite-deforestation-elevage-intensif-et-pandemies\/","name":"Biodiversit\u00e9, d\u00e9forestation, \u00e9levage intensif et pand\u00e9mies - Outside Dana Hilliot","isPartOf":{"@id":"https:\/\/outsiderland.com\/danahilliot\/#website"},"primaryImageOfPage":{"@id":"https:\/\/outsiderland.com\/danahilliot\/biodiversite-deforestation-elevage-intensif-et-pandemies\/#primaryimage"},"image":{"@id":"https:\/\/outsiderland.com\/danahilliot\/biodiversite-deforestation-elevage-intensif-et-pandemies\/#primaryimage"},"thumbnailUrl":"https:\/\/outsiderland.com\/danahilliot\/wp-content\/uploads\/2021\/06\/b628227dd8_50175244_wwf-deforestation-union-europe-2.jpg","datePublished":"2021-06-23T09:59:26+00:00","dateModified":"2021-06-23T10:02:11+00:00","breadcrumb":{"@id":"https:\/\/outsiderland.com\/danahilliot\/biodiversite-deforestation-elevage-intensif-et-pandemies\/#breadcrumb"},"inLanguage":"fr-FR","potentialAction":[{"@type":"ReadAction","target":["https:\/\/outsiderland.com\/danahilliot\/biodiversite-deforestation-elevage-intensif-et-pandemies\/"]}]},{"@type":"ImageObject","inLanguage":"fr-FR","@id":"https:\/\/outsiderland.com\/danahilliot\/biodiversite-deforestation-elevage-intensif-et-pandemies\/#primaryimage","url":"https:\/\/outsiderland.com\/danahilliot\/wp-content\/uploads\/2021\/06\/b628227dd8_50175244_wwf-deforestation-union-europe-2.jpg","contentUrl":"https:\/\/outsiderland.com\/danahilliot\/wp-content\/uploads\/2021\/06\/b628227dd8_50175244_wwf-deforestation-union-europe-2.jpg","width":1920,"height":1200},{"@type":"BreadcrumbList","@id":"https:\/\/outsiderland.com\/danahilliot\/biodiversite-deforestation-elevage-intensif-et-pandemies\/#breadcrumb","itemListElement":[{"@type":"ListItem","position":1,"name":"Accueil","item":"https:\/\/outsiderland.com\/danahilliot\/"},{"@type":"ListItem","position":2,"name":"Biodiversit\u00e9, d\u00e9forestation, \u00e9levage intensif et pand\u00e9mies"}]},{"@type":"WebSite","@id":"https:\/\/outsiderland.com\/danahilliot\/#website","url":"https:\/\/outsiderland.com\/danahilliot\/","name":"Outside Dana Hilliot","description":". Archives . Activit\u00e9s . Projets .","publisher":{"@id":"https:\/\/outsiderland.com\/danahilliot\/#\/schema\/person\/201a1fef0f5c2897bd65e98bcf6b1179"},"potentialAction":[{"@type":"SearchAction","target":{"@type":"EntryPoint","urlTemplate":"https:\/\/outsiderland.com\/danahilliot\/?s={search_term_string}"},"query-input":{"@type":"PropertyValueSpecification","valueRequired":true,"valueName":"search_term_string"}}],"inLanguage":"fr-FR"},{"@type":["Person","Organization"],"@id":"https:\/\/outsiderland.com\/danahilliot\/#\/schema\/person\/201a1fef0f5c2897bd65e98bcf6b1179","name":"danahilliot","image":{"@type":"ImageObject","inLanguage":"fr-FR","@id":"https:\/\/outsiderland.com\/danahilliot\/#\/schema\/person\/image\/","url":"https:\/\/outsiderland.com\/danahilliot\/wp-content\/uploads\/2026\/02\/50801449407_a909f2c1ad_k.jpg","contentUrl":"https:\/\/outsiderland.com\/danahilliot\/wp-content\/uploads\/2026\/02\/50801449407_a909f2c1ad_k.jpg","width":2048,"height":1536,"caption":"danahilliot"},"logo":{"@id":"https:\/\/outsiderland.com\/danahilliot\/#\/schema\/person\/image\/"}},{"@type":"Person","@id":"https:\/\/outsiderland.com\/danahilliot\/#\/schema\/person\/2f9b92e9fff19bccc36638b10510d5ae","name":"danah","image":{"@type":"ImageObject","inLanguage":"fr-FR","@id":"https:\/\/outsiderland.com\/danahilliot\/#\/schema\/person\/image\/","url":"https:\/\/secure.gravatar.com\/avatar\/ed6349755e1d97f204277de3d09fc6ac31abd856835c8ea3c3a30d0aa84b0ddd?s=96&d=mm&r=g","contentUrl":"https:\/\/secure.gravatar.com\/avatar\/ed6349755e1d97f204277de3d09fc6ac31abd856835c8ea3c3a30d0aa84b0ddd?s=96&d=mm&r=g","caption":"danah"},"url":"https:\/\/outsiderland.com\/danahilliot\/author\/danah\/"}]}},"jetpack_publicize_connections":[],"_links":{"self":[{"href":"https:\/\/outsiderland.com\/danahilliot\/wp-json\/wp\/v2\/posts\/4069","targetHints":{"allow":["GET"]}}],"collection":[{"href":"https:\/\/outsiderland.com\/danahilliot\/wp-json\/wp\/v2\/posts"}],"about":[{"href":"https:\/\/outsiderland.com\/danahilliot\/wp-json\/wp\/v2\/types\/post"}],"author":[{"embeddable":true,"href":"https:\/\/outsiderland.com\/danahilliot\/wp-json\/wp\/v2\/users\/1"}],"replies":[{"embeddable":true,"href":"https:\/\/outsiderland.com\/danahilliot\/wp-json\/wp\/v2\/comments?post=4069"}],"version-history":[{"count":4,"href":"https:\/\/outsiderland.com\/danahilliot\/wp-json\/wp\/v2\/posts\/4069\/revisions"}],"predecessor-version":[{"id":4074,"href":"https:\/\/outsiderland.com\/danahilliot\/wp-json\/wp\/v2\/posts\/4069\/revisions\/4074"}],"wp:featuredmedia":[{"embeddable":true,"href":"https:\/\/outsiderland.com\/danahilliot\/wp-json\/wp\/v2\/media\/4070"}],"wp:attachment":[{"href":"https:\/\/outsiderland.com\/danahilliot\/wp-json\/wp\/v2\/media?parent=4069"}],"wp:term":[{"taxonomy":"category","embeddable":true,"href":"https:\/\/outsiderland.com\/danahilliot\/wp-json\/wp\/v2\/categories?post=4069"},{"taxonomy":"post_tag","embeddable":true,"href":"https:\/\/outsiderland.com\/danahilliot\/wp-json\/wp\/v2\/tags?post=4069"}],"curies":[{"name":"wp","href":"https:\/\/api.w.org\/{rel}","templated":true}]}}