{"id":4021,"date":"2021-05-17T10:12:57","date_gmt":"2021-05-17T10:12:57","guid":{"rendered":"https:\/\/outsiderland.com\/danahilliot\/?p=4021"},"modified":"2021-05-17T12:59:39","modified_gmt":"2021-05-17T12:59:39","slug":"la-propagande-ultraliberale-au-quotidien","status":"publish","type":"post","link":"https:\/\/outsiderland.com\/danahilliot\/la-propagande-ultraliberale-au-quotidien\/","title":{"rendered":"La propagande ultralib\u00e9rale au quotidien"},"content":{"rendered":"<p align=\"justify\">Le quotidien <i>La Montagne<\/i> ne manque jamais d\u2019alimenter, consciencieusement et \u00e0 dose r\u00e9guli\u00e8re, \u00e0 l\u2019instar de la plupart de ses cong\u00e9n\u00e8res de la presse r\u00e9gionale et nationale, l\u2019id\u00e9ologie de la valeur-travail et de la m\u00e9ritocratie.<\/p>\n<p align=\"justify\"><a href=\"https:\/\/www.lamontagne.fr\/moulins-03000\/actualites\/apres-avoir-vecu-deux-fermetures-dusine-corinne-mazelier-a-decroche-a-57-ans-un-cdi-a-la-sca-centre-a-yzeure-allier_13949240\/\"><img decoding=\"async\" class=\"alignleft size-large wp-image-4023\" src=\"https:\/\/outsiderland.com\/danahilliot\/wp-content\/uploads\/2021\/05\/Capture-decran_2021-05-17_12-07-27-1024x468.png\" alt=\"\" width=\"1024\" height=\"468\" srcset=\"https:\/\/outsiderland.com\/danahilliot\/wp-content\/uploads\/2021\/05\/Capture-decran_2021-05-17_12-07-27-1024x468.png 1024w, https:\/\/outsiderland.com\/danahilliot\/wp-content\/uploads\/2021\/05\/Capture-decran_2021-05-17_12-07-27-300x137.png 300w, https:\/\/outsiderland.com\/danahilliot\/wp-content\/uploads\/2021\/05\/Capture-decran_2021-05-17_12-07-27-768x351.png 768w, https:\/\/outsiderland.com\/danahilliot\/wp-content\/uploads\/2021\/05\/Capture-decran_2021-05-17_12-07-27.png 1062w\" sizes=\"(max-width: 1024px) 100vw, 1024px\" \/><\/a><\/p>\n<p>\u00c0 la recherche probablement de \u00ab\u00a0bonnes nouvelles\u00a0\u00bb dans ce maelstrom continu de \u00ab\u00a0mauvaises nouvelles\u00a0\u00bb, quoi de plus exaltant que de c\u00e9l\u00e9brer le \u00ab\u00a0retour au travail\u00a0\u00bb, le courage et la t\u00e9nacit\u00e9 r\u00e9compens\u00e9s du chercheur d\u2019emploi, en ces temps assur\u00e9ment difficiles n\u2019est-ce pas\u00a0? Corinne M. a bien du m\u00e9rite\u00a0: bien que le sort ne l\u2019ait gu\u00e8re \u00e9pargn\u00e9, qu\u2019elle ait \u00e9t\u00e9 frapp\u00e9e dans sa chair et dans son \u00e2me par de funestes coups du destin, deux fermetures d\u2019usine en l\u2019occurrence, elle s\u2019est d\u00e9men\u00e9e sans rel\u00e2che, sans jamais c\u00e9der \u00e0 la paresse, pour regagner une place et, partant, une dignit\u00e9, dans le monde si enviable des travailleurs salari\u00e9s. \u00c0 seize ans d\u00e9j\u00e0, mue par le d\u00e9sir bien compr\u00e9hensible de, je cite, \u00ab\u00a0se faire de l\u2019argent\u00a0\u00bb, elle abandonne ses \u00e9tudes pour aller au turbin. Sa biographie, dans la version extr\u00eamement expurg\u00e9e propos\u00e9e par le journal, s\u2019\u00e9puise dans la succession de ses aventures professionnelles, r\u00e9cit dans lequel les patrons font ce qu\u2019ils peuvent, l\u2019ambiance au travail est somme toute agr\u00e9able, mais le destin aveugle frappe de temps en temps, les usines ferment, on licencie, personne n\u2019y est pour rien, c\u2019est la faute \u00e0 pas de chance, nulle tension sociale, pas de lutte syndicale. Ces drames qui, touchant des caract\u00e8res plus faibles, mettraient \u00e0 terre plus d\u2019un licenci\u00e9, ne sauraient affecter bien longtemps une personnalit\u00e9 volontaire comme Corinne M. Faisant \u00e9cho \u00e0 la fameuse antienne pr\u00e9sidentielle comme quoi il suffit n\u2019est-ce pas de traverser la rue pour trouver un emploi, elle ass\u00e8ne, je cite\u00a0: \u00ab\u00a0En r\u00e9alit\u00e9, je ne me suis jamais fait du souci pour savoir si j\u2019allais trouver du boulot. Si on veut travailler, on en trouve forc\u00e9ment. Il ne faut pas h\u00e9siter \u00e0 s\u2019inscrire dans plusieurs bo\u00eetes d\u2019int\u00e9rim et \u00e0 les relancer de temps \u00e0 autre, \u00e7a montre que l\u2019on est motiv\u00e9\u00a0!\u00a0\u00bb Cette nouvelle Stakhanov, cette modeste \u00e9g\u00e9rie du capitalisme \u00e0 la sauce ultralib\u00e9rale, est \u00e9videmment parvenue \u00e0 ses fins, d\u00e9gotant \u00e0 57 ans un CDI, et, sur sa lanc\u00e9e, peu d\u00e9sireuse de s\u2019en tenir l\u00e0, envisage d\u2019entamer une formation en management, histoire de faire profiter tout un chacun de ses dispositions vertueuses cisel\u00e9es par une volont\u00e9 sans faille.<\/p>\n<p align=\"justify\">Le Think Tank Fondapol (lib\u00e9ral, progressiste et europ\u00e9en, sic) publiait au d\u00e9but du mois de mai une \u00e9tude tendant \u00e0 montrer, ce dont on ne doute gu\u00e8re si l\u2019on discute r\u00e9guli\u00e8rement avec ses semblables, que les valeurs de droite gagnaient du terrain en Europe. On passera sur la mont\u00e9e de la x\u00e9nophobie et de l\u2019islamophobie, l\u2019obsession s\u00e9curitaire, le choix d\u2019une fermeture plus radicale des fronti\u00e8res, et la s\u00e9duction croissante exerc\u00e9e par les id\u00e9ologies identitaires. L\u2019Europe vit \u00e0 nouveau des heures sombres, et tout cela donne envie de vomir. (J\u2019aurais bien des choses \u00e0 dire \u00e9galement au sujet du rejet massif de ce que les lib\u00e9raux de Fondapol appelle \u00ab l\u2019\u00e9cologie punitive \u00bb, rejet qui se manifeste dans l\u2019id\u00e9e que, pour 76 % des personnes interrog\u00e9es, \u00ab on peut continuer \u00e0 d\u00e9velopper notre \u00e9conomie tout en pr\u00e9servant l\u2019environnement pour les g\u00e9n\u00e9rations futures \u00bb, et qu&rsquo;en gros, \u00ab\u00a0les contraintes, \u00e7a suffit comme \u00e7a\u00a0\u00bb. La lutte contre le changement climatique est mal barr\u00e9e. En fait non : elle est perdue depuis d\u00e9j\u00e0 longtemps).<\/p>\n<p align=\"justify\">Mais on ne devrait pas oublier que cette d\u00e9fiance envers l\u2019autre s\u2019adresse aussi aux plus pauvres, aux vaincus de la guerre \u00e9conomique. Je cite quelques chiffres et opinions : \u00ab Un peu moins de trois quarts de l\u2019ensemble des citoyens (71 %) jugent que \u00ab beaucoup de personnes parviennent \u00e0 obtenir des aides sociales auxquelles elles n\u2019ont pas contribu\u00e9 \u00bb, ou encore : \u00ab Plus de la moiti\u00e9 des r\u00e9pondants (55 %) consid\u00e8rent que \u00ab les ch\u00f4meurs pourraient trouver du travail s\u2019ils le voulaient vraiment \u00bb et que bien entendu : \u00ab Plus de deux tiers d\u2019entre elles (67 %) estiment qu\u2019\u00ab en faisant des efforts, chacun peut r\u00e9ussir \u00bb. On notera qu\u2019 \u00ab une importante majorit\u00e9 des r\u00e9pondants se situant \u00e0 gauche (58 %) de l\u2019\u00e9chiquier politique abonde dans ce sens, m\u00eame ils sont encore plus nombreux \u00e0 droite (71 %) \u00bb.<\/p>\n<p align=\"justify\">(voici l\u2019\u00e9tude sur la page de la fondation Fondapol : <a href=\"https:\/\/www.fondapol.org\/etude\/la-conversion-des-europeens-aux-valeurs-de-droite\/\">https:\/\/www.fondapol.org\/etude\/la-conversion-des-europeens-aux-valeurs-de-droite\/<\/a>)<\/p>\n<p align=\"justify\">Cette stigmatisation des pauvres et des ch\u00f4meurs, et plus g\u00e9n\u00e9ralement des gens qui ne ressemblent pas au portrait de l\u2019individu lib\u00e9ral \u00e9panoui qu\u2019exemplifie Corinne M., ne date pas d\u2019hier, et c\u2019est probablement la plus grande r\u00e9ussite de la propagande capitaliste d\u2019avoir, d\u00e8s le XIXe si\u00e8cle, inscrit dans la conscience du travailleur (actif ou potentiel) cette id\u00e9ologie de l\u2019accomplissement de soi dans le travail salari\u00e9, quelle qu\u2019en soit la nature, et, partant, de la dignit\u00e9. Comme l\u2019avait montr\u00e9 nagu\u00e8re Jacques Ellul, la r\u00e9ussite du capitalisme, c\u2019est-\u00e0-dire l\u2019impr\u00e9gnation de ses valeurs et de ses int\u00e9r\u00eats dans l\u2019habitus m\u00eame des populations qu\u2019il exploite, repose sur la conjonction entre la vie bienheureuse et la possibilit\u00e9 de consommer, ce qui suppose de toucher un salaire. La source dudit salaire, la nature de l\u2019emploi qui permet de le toucher, le sens m\u00eame du travail qu\u2019on accomplit, n\u2019a aucune importance.<\/p>\n<p align=\"justify\">En contrepoint de cet \u00e9difiant t\u00e9moignage propos\u00e9 par le journal La Montagne, relisons ces quelques lignes inaugurant le bref pamphlet de Lafargue, le Droit \u00e0 la paresse. (Notons qu\u2019il se montre s\u00e9v\u00e8re envers les r\u00e9volutionnaires de son si\u00e8cle, qui s\u2019avilirent en proclamant comme \u00ab\u00a0principe r\u00e9volutionnaire le droit au travail\u00a0\u00bb. C\u2019est l\u00e0 un des nombreux drames qui affectent les partis de gauche Europ\u00e9ennes, tout exsangues qu\u2019ils soient\u00a0: cette incapacit\u00e9 \u00e0 imaginer une politique sociale qui ne c\u00e8dent pas \u00e0 la loi lib\u00e9rale du \u00ab\u00a0retour (\u00e0 tout prix) \u00e0 l\u2019emploi\u00a0\u00bb. Cette incapacit\u00e9 \u00e0 penser une forme de dignit\u00e9 qui ne d\u00e9pende pas de l\u2019occupation d\u2019un emploi salari\u00e9. Cette incapacit\u00e9 \u00e0 accorder un statut et une dignit\u00e9 \u00e0 ceux qui ne ressemblent pas \u00e0 Corinne M. et ses disciples.)<\/p>\n<p align=\"justify\">Ce brave Paul Lafargue donc\u00a0:<\/p>\n<p align=\"justify\">\u00ab\u00a0Une \u00e9trange folie poss\u00e8de les classes ouvri\u00e8res des nations o\u00f9 r\u00e8gne la civilisation capitaliste. Cette folie tra\u00eene \u00e0 sa suite des mis\u00e8res individuelles et sociales qui, depuis des si\u00e8cles, torturent la triste humanit\u00e9. Cette folie est l\u2019amour du travail, la passion moribonde du travail, pouss\u00e9e jusqu\u2019\u00e0 l\u2019\u00e9puisement des forces vitales de l\u2019individu et de sa prog\u00e9niture. Au lieu de r\u00e9agir contre cette aberration mentale, les pr\u00eatres, les \u00e9conomistes, les moralistes, ont sacro-sanctifi\u00e9 le travail. Hommes aveugles et born\u00e9s, ils ont voulu \u00eatre plus sages que leur Dieu\u00a0; hommes faibles et m\u00e9prisables, ils ont voulu r\u00e9habiliter ce que leur Dieu avait maudit. Moi, qui ne professe d\u2019\u00eatre chr\u00e9tien, \u00e9conome et moral, j\u2019en appelle de leur jugement \u00e0 celui de leur Dieu\u00a0; des pr\u00e9dications de leur morale religieuse, \u00e9conomique, libre penseuse, aux \u00e9pouvantables cons\u00e9quences du travail dans la soci\u00e9t\u00e9 capitaliste.\u00a0\u00bb<\/p>\n<p align=\"justify\">\n","protected":false},"excerpt":{"rendered":"<p>Le quotidien La Montagne ne manque jamais d\u2019alimenter, consciencieusement et \u00e0 dose r\u00e9guli\u00e8re, \u00e0 l\u2019instar de la plupart de ses cong\u00e9n\u00e8res de la presse r\u00e9gionale et nationale, l\u2019id\u00e9ologie de la valeur-travail et de la m\u00e9ritocratie. \u00c0 la recherche probablement de \u00ab\u00a0bonnes nouvelles\u00a0\u00bb dans ce maelstrom continu de \u00ab\u00a0mauvaises nouvelles\u00a0\u00bb, quoi de plus exaltant que de&hellip;<\/p>\n <a href=\"https:\/\/outsiderland.com\/danahilliot\/la-propagande-ultraliberale-au-quotidien\/\" title=\"La propagande ultralib\u00e9rale au quotidien\" class=\"entry-more-link\"><span>Read More<\/span> <span class=\"screen-reader-text\">La propagande ultralib\u00e9rale au quotidien<\/span><\/a>","protected":false},"author":1,"featured_media":4024,"comment_status":"closed","ping_status":"open","sticky":false,"template":"","format":"standard","meta":{"Layout":"","footnotes":"","jetpack_publicize_message":"","jetpack_publicize_feature_enabled":true,"jetpack_social_post_already_shared":false,"jetpack_social_options":{"image_generator_settings":{"template":"highway","default_image_id":0,"font":"","enabled":false},"version":2}},"categories":[61],"tags":[],"class_list":["entry","author-danah","post-4021","post","type-post","status-publish","format-standard","has-post-thumbnail","category-chronique"],"yoast_head":"<!-- This site is optimized with the Yoast SEO plugin v27.0 - https:\/\/yoast.com\/product\/yoast-seo-wordpress\/ -->\n<title>La propagande ultralib\u00e9rale au quotidien - Outside Dana Hilliot<\/title>\n<meta name=\"robots\" content=\"index, follow, max-snippet:-1, max-image-preview:large, max-video-preview:-1\" \/>\n<link rel=\"canonical\" href=\"https:\/\/outsiderland.com\/danahilliot\/la-propagande-ultraliberale-au-quotidien\/\" \/>\n<meta property=\"og:locale\" content=\"fr_FR\" \/>\n<meta property=\"og:type\" content=\"article\" \/>\n<meta property=\"og:title\" content=\"La propagande ultralib\u00e9rale au quotidien - Outside Dana Hilliot\" \/>\n<meta property=\"og:description\" content=\"Le quotidien La Montagne ne manque jamais d\u2019alimenter, consciencieusement et \u00e0 dose r\u00e9guli\u00e8re, \u00e0 l\u2019instar de la plupart de ses cong\u00e9n\u00e8res de la presse r\u00e9gionale et nationale, l\u2019id\u00e9ologie de la valeur-travail et de la m\u00e9ritocratie. \u00c0 la recherche probablement de \u00ab\u00a0bonnes nouvelles\u00a0\u00bb dans ce maelstrom continu de \u00ab\u00a0mauvaises nouvelles\u00a0\u00bb, quoi de plus exaltant que de&hellip;\" \/>\n<meta property=\"og:url\" content=\"https:\/\/outsiderland.com\/danahilliot\/la-propagande-ultraliberale-au-quotidien\/\" \/>\n<meta property=\"og:site_name\" content=\"Outside Dana Hilliot\" \/>\n<meta property=\"article:published_time\" content=\"2021-05-17T10:12:57+00:00\" \/>\n<meta property=\"article:modified_time\" content=\"2021-05-17T12:59:39+00:00\" \/>\n<meta property=\"og:image\" content=\"https:\/\/outsiderland.com\/danahilliot\/wp-content\/uploads\/2021\/05\/manifestation-contre-la-reforme-du-code-du-travail_5943360.jpg\" \/>\n\t<meta property=\"og:image:width\" content=\"960\" \/>\n\t<meta property=\"og:image:height\" content=\"540\" \/>\n\t<meta property=\"og:image:type\" content=\"image\/jpeg\" \/>\n<meta name=\"author\" content=\"danah\" \/>\n<meta name=\"twitter:card\" content=\"summary_large_image\" \/>\n<meta name=\"twitter:label1\" content=\"\u00c9crit par\" \/>\n\t<meta name=\"twitter:data1\" content=\"danah\" \/>\n\t<meta name=\"twitter:label2\" content=\"Dur\u00e9e de lecture estim\u00e9e\" \/>\n\t<meta name=\"twitter:data2\" content=\"6 minutes\" \/>\n<script type=\"application\/ld+json\" class=\"yoast-schema-graph\">{\"@context\":\"https:\/\/schema.org\",\"@graph\":[{\"@type\":\"Article\",\"@id\":\"https:\/\/outsiderland.com\/danahilliot\/la-propagande-ultraliberale-au-quotidien\/#article\",\"isPartOf\":{\"@id\":\"https:\/\/outsiderland.com\/danahilliot\/la-propagande-ultraliberale-au-quotidien\/\"},\"author\":{\"name\":\"danah\",\"@id\":\"https:\/\/outsiderland.com\/danahilliot\/#\/schema\/person\/2f9b92e9fff19bccc36638b10510d5ae\"},\"headline\":\"La propagande ultralib\u00e9rale au quotidien\",\"datePublished\":\"2021-05-17T10:12:57+00:00\",\"dateModified\":\"2021-05-17T12:59:39+00:00\",\"mainEntityOfPage\":{\"@id\":\"https:\/\/outsiderland.com\/danahilliot\/la-propagande-ultraliberale-au-quotidien\/\"},\"wordCount\":1256,\"publisher\":{\"@id\":\"https:\/\/outsiderland.com\/danahilliot\/#\/schema\/person\/201a1fef0f5c2897bd65e98bcf6b1179\"},\"image\":{\"@id\":\"https:\/\/outsiderland.com\/danahilliot\/la-propagande-ultraliberale-au-quotidien\/#primaryimage\"},\"thumbnailUrl\":\"https:\/\/outsiderland.com\/danahilliot\/wp-content\/uploads\/2021\/05\/manifestation-contre-la-reforme-du-code-du-travail_5943360.jpg\",\"articleSection\":[\"Chronique\"],\"inLanguage\":\"fr-FR\"},{\"@type\":\"WebPage\",\"@id\":\"https:\/\/outsiderland.com\/danahilliot\/la-propagande-ultraliberale-au-quotidien\/\",\"url\":\"https:\/\/outsiderland.com\/danahilliot\/la-propagande-ultraliberale-au-quotidien\/\",\"name\":\"La propagande ultralib\u00e9rale au quotidien - Outside Dana Hilliot\",\"isPartOf\":{\"@id\":\"https:\/\/outsiderland.com\/danahilliot\/#website\"},\"primaryImageOfPage\":{\"@id\":\"https:\/\/outsiderland.com\/danahilliot\/la-propagande-ultraliberale-au-quotidien\/#primaryimage\"},\"image\":{\"@id\":\"https:\/\/outsiderland.com\/danahilliot\/la-propagande-ultraliberale-au-quotidien\/#primaryimage\"},\"thumbnailUrl\":\"https:\/\/outsiderland.com\/danahilliot\/wp-content\/uploads\/2021\/05\/manifestation-contre-la-reforme-du-code-du-travail_5943360.jpg\",\"datePublished\":\"2021-05-17T10:12:57+00:00\",\"dateModified\":\"2021-05-17T12:59:39+00:00\",\"breadcrumb\":{\"@id\":\"https:\/\/outsiderland.com\/danahilliot\/la-propagande-ultraliberale-au-quotidien\/#breadcrumb\"},\"inLanguage\":\"fr-FR\",\"potentialAction\":[{\"@type\":\"ReadAction\",\"target\":[\"https:\/\/outsiderland.com\/danahilliot\/la-propagande-ultraliberale-au-quotidien\/\"]}]},{\"@type\":\"ImageObject\",\"inLanguage\":\"fr-FR\",\"@id\":\"https:\/\/outsiderland.com\/danahilliot\/la-propagande-ultraliberale-au-quotidien\/#primaryimage\",\"url\":\"https:\/\/outsiderland.com\/danahilliot\/wp-content\/uploads\/2021\/05\/manifestation-contre-la-reforme-du-code-du-travail_5943360.jpg\",\"contentUrl\":\"https:\/\/outsiderland.com\/danahilliot\/wp-content\/uploads\/2021\/05\/manifestation-contre-la-reforme-du-code-du-travail_5943360.jpg\",\"width\":960,\"height\":540},{\"@type\":\"BreadcrumbList\",\"@id\":\"https:\/\/outsiderland.com\/danahilliot\/la-propagande-ultraliberale-au-quotidien\/#breadcrumb\",\"itemListElement\":[{\"@type\":\"ListItem\",\"position\":1,\"name\":\"Accueil\",\"item\":\"https:\/\/outsiderland.com\/danahilliot\/\"},{\"@type\":\"ListItem\",\"position\":2,\"name\":\"La propagande ultralib\u00e9rale au quotidien\"}]},{\"@type\":\"WebSite\",\"@id\":\"https:\/\/outsiderland.com\/danahilliot\/#website\",\"url\":\"https:\/\/outsiderland.com\/danahilliot\/\",\"name\":\"Outside Dana Hilliot\",\"description\":\". Archives . Activit\u00e9s . Projets .\",\"publisher\":{\"@id\":\"https:\/\/outsiderland.com\/danahilliot\/#\/schema\/person\/201a1fef0f5c2897bd65e98bcf6b1179\"},\"potentialAction\":[{\"@type\":\"SearchAction\",\"target\":{\"@type\":\"EntryPoint\",\"urlTemplate\":\"https:\/\/outsiderland.com\/danahilliot\/?s={search_term_string}\"},\"query-input\":{\"@type\":\"PropertyValueSpecification\",\"valueRequired\":true,\"valueName\":\"search_term_string\"}}],\"inLanguage\":\"fr-FR\"},{\"@type\":[\"Person\",\"Organization\"],\"@id\":\"https:\/\/outsiderland.com\/danahilliot\/#\/schema\/person\/201a1fef0f5c2897bd65e98bcf6b1179\",\"name\":\"danahilliot\",\"image\":{\"@type\":\"ImageObject\",\"inLanguage\":\"fr-FR\",\"@id\":\"https:\/\/outsiderland.com\/danahilliot\/#\/schema\/person\/image\/\",\"url\":\"https:\/\/outsiderland.com\/danahilliot\/wp-content\/uploads\/2026\/02\/50801449407_a909f2c1ad_k.jpg\",\"contentUrl\":\"https:\/\/outsiderland.com\/danahilliot\/wp-content\/uploads\/2026\/02\/50801449407_a909f2c1ad_k.jpg\",\"width\":2048,\"height\":1536,\"caption\":\"danahilliot\"},\"logo\":{\"@id\":\"https:\/\/outsiderland.com\/danahilliot\/#\/schema\/person\/image\/\"}},{\"@type\":\"Person\",\"@id\":\"https:\/\/outsiderland.com\/danahilliot\/#\/schema\/person\/2f9b92e9fff19bccc36638b10510d5ae\",\"name\":\"danah\",\"image\":{\"@type\":\"ImageObject\",\"inLanguage\":\"fr-FR\",\"@id\":\"https:\/\/outsiderland.com\/danahilliot\/#\/schema\/person\/image\/\",\"url\":\"https:\/\/secure.gravatar.com\/avatar\/ed6349755e1d97f204277de3d09fc6ac31abd856835c8ea3c3a30d0aa84b0ddd?s=96&d=mm&r=g\",\"contentUrl\":\"https:\/\/secure.gravatar.com\/avatar\/ed6349755e1d97f204277de3d09fc6ac31abd856835c8ea3c3a30d0aa84b0ddd?s=96&d=mm&r=g\",\"caption\":\"danah\"},\"url\":\"https:\/\/outsiderland.com\/danahilliot\/author\/danah\/\"}]}<\/script>\n<!-- \/ Yoast SEO plugin. -->","yoast_head_json":{"title":"La propagande ultralib\u00e9rale au quotidien - Outside Dana Hilliot","robots":{"index":"index","follow":"follow","max-snippet":"max-snippet:-1","max-image-preview":"max-image-preview:large","max-video-preview":"max-video-preview:-1"},"canonical":"https:\/\/outsiderland.com\/danahilliot\/la-propagande-ultraliberale-au-quotidien\/","og_locale":"fr_FR","og_type":"article","og_title":"La propagande ultralib\u00e9rale au quotidien - Outside Dana Hilliot","og_description":"Le quotidien La Montagne ne manque jamais d\u2019alimenter, consciencieusement et \u00e0 dose r\u00e9guli\u00e8re, \u00e0 l\u2019instar de la plupart de ses cong\u00e9n\u00e8res de la presse r\u00e9gionale et nationale, l\u2019id\u00e9ologie de la valeur-travail et de la m\u00e9ritocratie. \u00c0 la recherche probablement de \u00ab\u00a0bonnes nouvelles\u00a0\u00bb dans ce maelstrom continu de \u00ab\u00a0mauvaises nouvelles\u00a0\u00bb, quoi de plus exaltant que de&hellip;","og_url":"https:\/\/outsiderland.com\/danahilliot\/la-propagande-ultraliberale-au-quotidien\/","og_site_name":"Outside Dana Hilliot","article_published_time":"2021-05-17T10:12:57+00:00","article_modified_time":"2021-05-17T12:59:39+00:00","og_image":[{"width":960,"height":540,"url":"https:\/\/outsiderland.com\/danahilliot\/wp-content\/uploads\/2021\/05\/manifestation-contre-la-reforme-du-code-du-travail_5943360.jpg","type":"image\/jpeg"}],"author":"danah","twitter_card":"summary_large_image","twitter_misc":{"\u00c9crit par":"danah","Dur\u00e9e de lecture estim\u00e9e":"6 minutes"},"schema":{"@context":"https:\/\/schema.org","@graph":[{"@type":"Article","@id":"https:\/\/outsiderland.com\/danahilliot\/la-propagande-ultraliberale-au-quotidien\/#article","isPartOf":{"@id":"https:\/\/outsiderland.com\/danahilliot\/la-propagande-ultraliberale-au-quotidien\/"},"author":{"name":"danah","@id":"https:\/\/outsiderland.com\/danahilliot\/#\/schema\/person\/2f9b92e9fff19bccc36638b10510d5ae"},"headline":"La propagande ultralib\u00e9rale au quotidien","datePublished":"2021-05-17T10:12:57+00:00","dateModified":"2021-05-17T12:59:39+00:00","mainEntityOfPage":{"@id":"https:\/\/outsiderland.com\/danahilliot\/la-propagande-ultraliberale-au-quotidien\/"},"wordCount":1256,"publisher":{"@id":"https:\/\/outsiderland.com\/danahilliot\/#\/schema\/person\/201a1fef0f5c2897bd65e98bcf6b1179"},"image":{"@id":"https:\/\/outsiderland.com\/danahilliot\/la-propagande-ultraliberale-au-quotidien\/#primaryimage"},"thumbnailUrl":"https:\/\/outsiderland.com\/danahilliot\/wp-content\/uploads\/2021\/05\/manifestation-contre-la-reforme-du-code-du-travail_5943360.jpg","articleSection":["Chronique"],"inLanguage":"fr-FR"},{"@type":"WebPage","@id":"https:\/\/outsiderland.com\/danahilliot\/la-propagande-ultraliberale-au-quotidien\/","url":"https:\/\/outsiderland.com\/danahilliot\/la-propagande-ultraliberale-au-quotidien\/","name":"La propagande ultralib\u00e9rale au quotidien - Outside Dana Hilliot","isPartOf":{"@id":"https:\/\/outsiderland.com\/danahilliot\/#website"},"primaryImageOfPage":{"@id":"https:\/\/outsiderland.com\/danahilliot\/la-propagande-ultraliberale-au-quotidien\/#primaryimage"},"image":{"@id":"https:\/\/outsiderland.com\/danahilliot\/la-propagande-ultraliberale-au-quotidien\/#primaryimage"},"thumbnailUrl":"https:\/\/outsiderland.com\/danahilliot\/wp-content\/uploads\/2021\/05\/manifestation-contre-la-reforme-du-code-du-travail_5943360.jpg","datePublished":"2021-05-17T10:12:57+00:00","dateModified":"2021-05-17T12:59:39+00:00","breadcrumb":{"@id":"https:\/\/outsiderland.com\/danahilliot\/la-propagande-ultraliberale-au-quotidien\/#breadcrumb"},"inLanguage":"fr-FR","potentialAction":[{"@type":"ReadAction","target":["https:\/\/outsiderland.com\/danahilliot\/la-propagande-ultraliberale-au-quotidien\/"]}]},{"@type":"ImageObject","inLanguage":"fr-FR","@id":"https:\/\/outsiderland.com\/danahilliot\/la-propagande-ultraliberale-au-quotidien\/#primaryimage","url":"https:\/\/outsiderland.com\/danahilliot\/wp-content\/uploads\/2021\/05\/manifestation-contre-la-reforme-du-code-du-travail_5943360.jpg","contentUrl":"https:\/\/outsiderland.com\/danahilliot\/wp-content\/uploads\/2021\/05\/manifestation-contre-la-reforme-du-code-du-travail_5943360.jpg","width":960,"height":540},{"@type":"BreadcrumbList","@id":"https:\/\/outsiderland.com\/danahilliot\/la-propagande-ultraliberale-au-quotidien\/#breadcrumb","itemListElement":[{"@type":"ListItem","position":1,"name":"Accueil","item":"https:\/\/outsiderland.com\/danahilliot\/"},{"@type":"ListItem","position":2,"name":"La propagande ultralib\u00e9rale au quotidien"}]},{"@type":"WebSite","@id":"https:\/\/outsiderland.com\/danahilliot\/#website","url":"https:\/\/outsiderland.com\/danahilliot\/","name":"Outside Dana Hilliot","description":". Archives . Activit\u00e9s . Projets .","publisher":{"@id":"https:\/\/outsiderland.com\/danahilliot\/#\/schema\/person\/201a1fef0f5c2897bd65e98bcf6b1179"},"potentialAction":[{"@type":"SearchAction","target":{"@type":"EntryPoint","urlTemplate":"https:\/\/outsiderland.com\/danahilliot\/?s={search_term_string}"},"query-input":{"@type":"PropertyValueSpecification","valueRequired":true,"valueName":"search_term_string"}}],"inLanguage":"fr-FR"},{"@type":["Person","Organization"],"@id":"https:\/\/outsiderland.com\/danahilliot\/#\/schema\/person\/201a1fef0f5c2897bd65e98bcf6b1179","name":"danahilliot","image":{"@type":"ImageObject","inLanguage":"fr-FR","@id":"https:\/\/outsiderland.com\/danahilliot\/#\/schema\/person\/image\/","url":"https:\/\/outsiderland.com\/danahilliot\/wp-content\/uploads\/2026\/02\/50801449407_a909f2c1ad_k.jpg","contentUrl":"https:\/\/outsiderland.com\/danahilliot\/wp-content\/uploads\/2026\/02\/50801449407_a909f2c1ad_k.jpg","width":2048,"height":1536,"caption":"danahilliot"},"logo":{"@id":"https:\/\/outsiderland.com\/danahilliot\/#\/schema\/person\/image\/"}},{"@type":"Person","@id":"https:\/\/outsiderland.com\/danahilliot\/#\/schema\/person\/2f9b92e9fff19bccc36638b10510d5ae","name":"danah","image":{"@type":"ImageObject","inLanguage":"fr-FR","@id":"https:\/\/outsiderland.com\/danahilliot\/#\/schema\/person\/image\/","url":"https:\/\/secure.gravatar.com\/avatar\/ed6349755e1d97f204277de3d09fc6ac31abd856835c8ea3c3a30d0aa84b0ddd?s=96&d=mm&r=g","contentUrl":"https:\/\/secure.gravatar.com\/avatar\/ed6349755e1d97f204277de3d09fc6ac31abd856835c8ea3c3a30d0aa84b0ddd?s=96&d=mm&r=g","caption":"danah"},"url":"https:\/\/outsiderland.com\/danahilliot\/author\/danah\/"}]}},"jetpack_publicize_connections":[],"_links":{"self":[{"href":"https:\/\/outsiderland.com\/danahilliot\/wp-json\/wp\/v2\/posts\/4021","targetHints":{"allow":["GET"]}}],"collection":[{"href":"https:\/\/outsiderland.com\/danahilliot\/wp-json\/wp\/v2\/posts"}],"about":[{"href":"https:\/\/outsiderland.com\/danahilliot\/wp-json\/wp\/v2\/types\/post"}],"author":[{"embeddable":true,"href":"https:\/\/outsiderland.com\/danahilliot\/wp-json\/wp\/v2\/users\/1"}],"replies":[{"embeddable":true,"href":"https:\/\/outsiderland.com\/danahilliot\/wp-json\/wp\/v2\/comments?post=4021"}],"version-history":[{"count":9,"href":"https:\/\/outsiderland.com\/danahilliot\/wp-json\/wp\/v2\/posts\/4021\/revisions"}],"predecessor-version":[{"id":4033,"href":"https:\/\/outsiderland.com\/danahilliot\/wp-json\/wp\/v2\/posts\/4021\/revisions\/4033"}],"wp:featuredmedia":[{"embeddable":true,"href":"https:\/\/outsiderland.com\/danahilliot\/wp-json\/wp\/v2\/media\/4024"}],"wp:attachment":[{"href":"https:\/\/outsiderland.com\/danahilliot\/wp-json\/wp\/v2\/media?parent=4021"}],"wp:term":[{"taxonomy":"category","embeddable":true,"href":"https:\/\/outsiderland.com\/danahilliot\/wp-json\/wp\/v2\/categories?post=4021"},{"taxonomy":"post_tag","embeddable":true,"href":"https:\/\/outsiderland.com\/danahilliot\/wp-json\/wp\/v2\/tags?post=4021"}],"curies":[{"name":"wp","href":"https:\/\/api.w.org\/{rel}","templated":true}]}}