{"id":3930,"date":"2021-03-24T09:14:37","date_gmt":"2021-03-24T09:14:37","guid":{"rendered":"https:\/\/outsiderland.com\/danahilliot\/?p=3930"},"modified":"2021-04-03T16:01:48","modified_gmt":"2021-04-03T16:01:48","slug":"tique-et-covid-19-un-point-sur-la-pandemie-a-la-fin-de-lhiver-2021","status":"publish","type":"post","link":"https:\/\/outsiderland.com\/danahilliot\/tique-et-covid-19-un-point-sur-la-pandemie-a-la-fin-de-lhiver-2021\/","title":{"rendered":"Tique et Covid-19 : un point sur la pand\u00e9mie \u00e0 la fin de l&rsquo;hiver 2021"},"content":{"rendered":"<div>\n<div class=\"\" dir=\"auto\">\n<div id=\"jsc_c_24\" class=\"ecm0bbzt hv4rvrfc e5nlhep0 dati1w0a\" data-ad-comet-preview=\"message\" data-ad-preview=\"message\">\n<div class=\"j83agx80 cbu4d94t ew0dbk1b irj2b8pg\">\n<div class=\"qzhwtbm6 knvmm38d\">\n<div class=\"kvgmc6g5 cxmmr5t8 oygrvhab hcukyx3x c1et5uql ii04i59q\">\n<div dir=\"auto\">Deux tiques hier, une install\u00e9e derri\u00e8re le genou gauche, l&rsquo;autre \u00e0 la cheville droite, et ce matin au r\u00e9veil, une troisi\u00e8me coll\u00e9e derri\u00e8re la nuque. Pas de piq\u00fbre a priori, mais bon. Le retour de la douceur favorise \u00e9videmment la prolif\u00e9ration de ces petites cr\u00e9atures vampires devenues des sujets philosophiques d&rsquo;importance sous la plume de Jacob von Uexk\u00fcll (Mondes animaux monde humain). On va \u00e9viter les crapahutages hors-sentiers pour le moment et s&rsquo;en tenir aux terrains \u00e0 peu pr\u00e8s d\u00e9gag\u00e9s : quand la saison d\u00e9marre de la sorte, c&rsquo;est assez dissuasif quand m\u00eame.<\/div>\n<\/div>\n<div class=\"o9v6fnle cxmmr5t8 oygrvhab hcukyx3x c1et5uql ii04i59q\">\n<div dir=\"auto\">Comme je me suis r\u00e9veill\u00e9 t\u00f4t, trop t\u00f4t, j&rsquo;ai fait un petit tour de l&rsquo;actualit\u00e9 de la pand\u00e9mie, histoire de deviner \u00e0 quel moment la r\u00e9gion o\u00f9 je vis sera confin\u00e9e \u00e0 son tour (et sous quelles modalit\u00e9s). Si je veux encore aller faire un tour ou deux en montagne, faut peut-\u00eatre en profiter maintenant, parce que dans quelques jours ou quelques semaines, on risque d&rsquo;\u00eatre plus ou moins assign\u00e9s \u00e0 demeure. Prendre sa dose en pr\u00e9vision de donc.<\/div>\n<div dir=\"auto\"><\/div>\n<\/div>\n<\/div>\n<\/div>\n<\/div>\n<div dir=\"auto\"><\/div>\n<div id=\"jsc_c_24\" class=\"ecm0bbzt hv4rvrfc e5nlhep0 dati1w0a\" data-ad-comet-preview=\"message\" data-ad-preview=\"message\">\n<div class=\"j83agx80 cbu4d94t ew0dbk1b irj2b8pg\">\n<div class=\"qzhwtbm6 knvmm38d\">\n<div class=\"o9v6fnle cxmmr5t8 oygrvhab hcukyx3x c1et5uql ii04i59q\">\n<div dir=\"auto\">Bon. Je fais la synth\u00e8se pour ceux qui n&rsquo;ont plus la force de s&rsquo;informer. Il suffit d&rsquo;\u00e9couter Angela Merkel, dans son style clair, net et pr\u00e9cis : \u00ab\u00a0Nous avons essentiellement une nouvelle pand\u00e9mie. La mutation de la Grande-Bretagne a pris le dessus&#8230; Elle est clairement plus mortelle, plus contagieuse et plus longtemps contagieuse.\u00a0\u00bb Voil\u00e0. Les \u00e9pid\u00e9miologues, dans leur grande majorit\u00e9, l&rsquo;avait annonc\u00e9 d\u00e8s le mois de janvier dernier. Le Pr\u00e9sident chez nous les a snob\u00e9s. Mais nous y sommes.<\/div>\n<div dir=\"auto\"><\/div>\n<div dir=\"auto\"><\/div>\n<\/div>\n<div class=\"o9v6fnle cxmmr5t8 oygrvhab hcukyx3x c1et5uql ii04i59q\">\n<div dir=\"auto\">Via twitter, je suis les t\u00e9moignages des soignants dans les h\u00f4pitaux : en r\u00e9gion Parisienne, \u00e7a ressemble \u00e0 la crise de l&rsquo;ann\u00e9e derni\u00e8re \u00e0 la m\u00eame \u00e9poque, sauf que les patients sont nettement moins \u00e2g\u00e9s. On \u00e9voque ici et l\u00e0 des moyennes d&rsquo;\u00e2ge de gens hospitalis\u00e9s qui tournent autour de 50 ans. Un grand nombre d&rsquo;interventions chirurgicales ou d&rsquo;examens est report\u00e9 sine die. L&rsquo;id\u00e9e selon laquelle l&rsquo;\u00e9pid\u00e9mie serait mieux \u00ab\u00a0g\u00e9rable\u00a0\u00bb avec la vaccination des personnes tr\u00e8s \u00e2g\u00e9es a fait long feu. Comme le disait le virologue allemand Christian Drosten (en janvier dernier) : \u00ab\u00a0Une fois que les personnes \u00e2g\u00e9es et peut-\u00eatre une partie des groupes \u00e0 risque auront \u00e9t\u00e9 vaccin\u00e9es, il y aura une immense pression \u00e9conomique, sociale, politique et peut-\u00eatre aussi juridique pour mettre fin aux mesures corona. Et puis, un grand nombre de personnes seront infect\u00e9es en peu de temps, plus que nous ne pouvons m\u00eame l\u2019imaginer pour le moment. Nous n\u2019aurons pas 20 000 ou 30 000 nouveaux cas par jour, mais jusqu\u2019\u00e0 100 000 dans le pire des cas. Il s\u2019agira, bien s\u00fbr, principalement de personnes plus jeunes qui sont moins susceptibles que les personnes \u00e2g\u00e9es d\u2019avoir des sympt\u00f4mes graves, mais lorsqu\u2019un grand nombre de personnes plus jeunes seront infect\u00e9es, les unit\u00e9s de soins intensifs se rempliront de toute fa\u00e7on et beaucoup de gens mourront. Juste que ce seront les plus jeunes.\u00a0\u00bb On ne pourra pas dire qu&rsquo;on ne savait pas hein (enfin si, on le dira quand m\u00eame)<\/div>\n<\/div>\n<div class=\"o9v6fnle cxmmr5t8 oygrvhab hcukyx3x c1et5uql ii04i59q\">\n<div dir=\"auto\">\u00c9videmment, la crise en Europe est malgr\u00e9 tout \u00e0 peu pr\u00e8s sous contr\u00f4le. Comme souvent, un petit tour au Br\u00e9sil, o\u00f9 l&rsquo;on vient de battre le triste record du nombre de d\u00e9c\u00e8s \u00e0 l&rsquo;h\u00f4pital due au Covid-19, 3000 morts hier, permet de relativiser. La vaccination ne va pas assez vite chez nous ? H\u00e9 bien demandez-vous si elle va assez vite dans la plupart des pays pauvres.<\/div>\n<div dir=\"auto\"><\/div>\n<div dir=\"auto\"><\/div>\n<\/div>\n<div class=\"o9v6fnle cxmmr5t8 oygrvhab hcukyx3x c1et5uql ii04i59q\">\n<div dir=\"auto\">\u00c0 ce sujet, la remarque d\u00e9licieusement cynique de Boris Johnson \u00e0 des coll\u00e8gues de son parti, remarque qui a fil\u00e9 en douce dans les r\u00e9seaux sociaux, permet de relativiser aussi la \u00ab\u00a0r\u00e9ussite\u00a0\u00bb des campagnes de vaccination \u00e9clair en Grande-Bretagne (ou en Isra\u00ebl), dont on fait grand cas. Je cite ce brave Boris : \u00ab\u00a0<em>The reason we have the vaccine success is because of capitalism, because of greed my friends.<\/em>\u00a0\u00bb (\u00ab\u00a0La raison pour laquelle notre campagne de vaccination est un succ\u00e8s est due au capitalisme et \u00e0 la cupidit\u00e9 mes amis.\u00a0\u00bb)<\/div>\n<div dir=\"auto\"><\/div>\n<div dir=\"auto\"><\/div>\n<\/div>\n<div class=\"o9v6fnle cxmmr5t8 oygrvhab hcukyx3x c1et5uql ii04i59q\">\n<div dir=\"auto\">Petit rappel au cas o\u00f9 : \u00ab\u00a0l&rsquo;esprit nationaliste\u00a0\u00bb en mati\u00e8re de vaccination (et plus globalement concernant les mesures sanitaires en temps de pand\u00e9mie) ne m\u00e8ne pas bien loin. \u00c0 supposer que votre beau pays ait r\u00e9ussi \u00e0 vacciner la totalit\u00e9 de sa population et r\u00e9duit le taux de circulation du virus \u00e0 z\u00e9ro, il lui faudra fermer ses fronti\u00e8res \u00e0 double tour tant que ses voisins n&rsquo;en seront pas au m\u00eame point, tant que le virus continue de circuler ailleurs dans le monde avec le risque qu&rsquo;apparaissent ici et l\u00e0 des mutations susceptibles de passer les barri\u00e8res des vaccins. C&rsquo;est, aux dires de certains experts, ce qui est peut-\u00eatre en train d&rsquo;arriver au Br\u00e9sil, o\u00f9 le variant local se joue d\u00e9j\u00e0 des immunit\u00e9s acquises lors de la premi\u00e8re vague (\u00e0 Manaus notamment).<\/div>\n<div dir=\"auto\"><\/div>\n<div dir=\"auto\"><\/div>\n<\/div>\n<div class=\"o9v6fnle cxmmr5t8 oygrvhab hcukyx3x c1et5uql ii04i59q\">\n<div dir=\"auto\">Un ami me demandait tant\u00f4t combien de temps l&rsquo;\u00e9pid\u00e9mie allait durer. Il y a quelques mois, avant l&rsquo;arriv\u00e9e des variants hivernaux, on pouvait tabler sur la fin de ce printemps. D\u00e9sormais, force est de reconna\u00eetre qu&rsquo;on n&rsquo;en sait trop rien. Comme le dit Merkel, c&rsquo;est une \u00ab\u00a0nouvelle\u00a0\u00bb \u00e9pid\u00e9mie (sauf qu&rsquo;on a des vaccins, ce qui n&rsquo;est pas rien).<\/div>\n<div dir=\"auto\"><\/div>\n<div dir=\"auto\"><\/div>\n<\/div>\n<div class=\"o9v6fnle cxmmr5t8 oygrvhab hcukyx3x c1et5uql ii04i59q\">\n<div dir=\"auto\">L&rsquo;\u00e9pid\u00e9miologue am\u00e9ricain Tom Frieden disait cet automne (avant de retrouver un peu d&rsquo;optimisme avec la mise en place de l&rsquo;administration Biden) que le virus avait gagn\u00e9 la partie (jusqu&rsquo;\u00e0 pr\u00e9sent). J&rsquo;avais d\u00e9j\u00e0 \u00e9crit sur le sujet : les \u00e9conomies n\u00e9olib\u00e9rales se r\u00e9v\u00e8lent d&rsquo;une extraordinaire fragilit\u00e9 \u00e0 l&rsquo;\u00e9preuve d&rsquo;une cr\u00e9ature microscopique. Ce qui ne doit pas nous \u00e9tonner, mais quand m\u00eame. Ici et l\u00e0, la plupart des gouvernements sont contraints d&rsquo;en revenir \u00e0 des formes d\u2019interventionnisme typiques des politiques disons \u00ab\u00a0social-d\u00e9mocrates\u00a0\u00bb, de r\u00e9investir dans le soutien direct aux populations appauvries, et dans les infrastructures et les institutions sanitaires. Soit. Mais quid du lendemain ? La pand\u00e9mie ne mettra pas le capitalisme \u00e0 genoux, mais a d\u00e9j\u00e0 frein\u00e9 la soi-disant irr\u00e9sistible entreprise de lib\u00e9ralisation des \u00e9conomies (et on voit ici et l\u00e0 un renforcement net des institutions \u00e9tatiques). Mais qu&rsquo;arrivera-t-il si la pand\u00e9mie dure encore des ann\u00e9es, ce qui n&rsquo;est pas impossible ? Tout est possible me semble-t-il.<\/div>\n<div dir=\"auto\"><\/div>\n<div dir=\"auto\"><\/div>\n<\/div>\n<div class=\"o9v6fnle cxmmr5t8 oygrvhab hcukyx3x c1et5uql ii04i59q\">\n<div dir=\"auto\">Bon. En attendant, vaudrait mieux \u00e9viter de se faire infecter par une morsure de tique. C&rsquo;est pas bien le moment d&rsquo;en rajouter.<\/div>\n<\/div>\n<\/div>\n<\/div>\n<\/div>\n<\/div>\n<\/div>\n","protected":false},"excerpt":{"rendered":"<p>Deux tiques hier, une install\u00e9e derri\u00e8re le genou gauche, l&rsquo;autre \u00e0 la cheville droite, et ce matin au r\u00e9veil, une troisi\u00e8me coll\u00e9e derri\u00e8re la nuque. Pas de piq\u00fbre a priori, mais bon. Le retour de la douceur favorise \u00e9videmment la prolif\u00e9ration de ces petites cr\u00e9atures vampires devenues des sujets philosophiques d&rsquo;importance sous la plume de&hellip;<\/p>\n <a href=\"https:\/\/outsiderland.com\/danahilliot\/tique-et-covid-19-un-point-sur-la-pandemie-a-la-fin-de-lhiver-2021\/\" title=\"Tique et Covid-19 : un point sur la pand\u00e9mie \u00e0 la fin de l&rsquo;hiver 2021\" class=\"entry-more-link\"><span>Read More<\/span> <span class=\"screen-reader-text\">Tique et Covid-19 : un point sur la pand\u00e9mie \u00e0 la fin de l&rsquo;hiver 2021<\/span><\/a>","protected":false},"author":1,"featured_media":0,"comment_status":"closed","ping_status":"open","sticky":false,"template":"","format":"standard","meta":{"Layout":"","footnotes":"","jetpack_publicize_message":"","jetpack_publicize_feature_enabled":true,"jetpack_social_post_already_shared":false,"jetpack_social_options":{"image_generator_settings":{"template":"highway","default_image_id":0,"font":"","enabled":false},"version":2}},"categories":[68,73],"tags":[],"class_list":["entry","author-danah","post-3930","post","type-post","status-publish","format-standard","category-crise","category-pandemie-covid-19"],"yoast_head":"<!-- This site is optimized with the Yoast SEO plugin v27.0 - https:\/\/yoast.com\/product\/yoast-seo-wordpress\/ -->\n<title>Tique et Covid-19 : un point sur la pand\u00e9mie \u00e0 la fin de l&#039;hiver 2021 - Outside Dana Hilliot<\/title>\n<meta name=\"robots\" content=\"index, follow, max-snippet:-1, max-image-preview:large, max-video-preview:-1\" \/>\n<link rel=\"canonical\" href=\"https:\/\/outsiderland.com\/danahilliot\/tique-et-covid-19-un-point-sur-la-pandemie-a-la-fin-de-lhiver-2021\/\" \/>\n<meta property=\"og:locale\" content=\"fr_FR\" \/>\n<meta property=\"og:type\" content=\"article\" \/>\n<meta property=\"og:title\" content=\"Tique et Covid-19 : un point sur la pand\u00e9mie \u00e0 la fin de l&#039;hiver 2021 - Outside Dana Hilliot\" \/>\n<meta property=\"og:description\" content=\"Deux tiques hier, une install\u00e9e derri\u00e8re le genou gauche, l&rsquo;autre \u00e0 la cheville droite, et ce matin au r\u00e9veil, une troisi\u00e8me coll\u00e9e derri\u00e8re la nuque. Pas de piq\u00fbre a priori, mais bon. Le retour de la douceur favorise \u00e9videmment la prolif\u00e9ration de ces petites cr\u00e9atures vampires devenues des sujets philosophiques d&rsquo;importance sous la plume de&hellip;\" \/>\n<meta property=\"og:url\" content=\"https:\/\/outsiderland.com\/danahilliot\/tique-et-covid-19-un-point-sur-la-pandemie-a-la-fin-de-lhiver-2021\/\" \/>\n<meta property=\"og:site_name\" content=\"Outside Dana Hilliot\" \/>\n<meta property=\"article:published_time\" content=\"2021-03-24T09:14:37+00:00\" \/>\n<meta property=\"article:modified_time\" content=\"2021-04-03T16:01:48+00:00\" \/>\n<meta name=\"author\" content=\"danah\" \/>\n<meta name=\"twitter:card\" content=\"summary_large_image\" \/>\n<meta name=\"twitter:label1\" content=\"\u00c9crit par\" \/>\n\t<meta name=\"twitter:data1\" content=\"danah\" \/>\n\t<meta name=\"twitter:label2\" content=\"Dur\u00e9e de lecture estim\u00e9e\" \/>\n\t<meta name=\"twitter:data2\" content=\"6 minutes\" \/>\n<script type=\"application\/ld+json\" class=\"yoast-schema-graph\">{\"@context\":\"https:\/\/schema.org\",\"@graph\":[{\"@type\":\"Article\",\"@id\":\"https:\/\/outsiderland.com\/danahilliot\/tique-et-covid-19-un-point-sur-la-pandemie-a-la-fin-de-lhiver-2021\/#article\",\"isPartOf\":{\"@id\":\"https:\/\/outsiderland.com\/danahilliot\/tique-et-covid-19-un-point-sur-la-pandemie-a-la-fin-de-lhiver-2021\/\"},\"author\":{\"name\":\"danah\",\"@id\":\"https:\/\/outsiderland.com\/danahilliot\/#\/schema\/person\/2f9b92e9fff19bccc36638b10510d5ae\"},\"headline\":\"Tique et Covid-19 : un point sur la pand\u00e9mie \u00e0 la fin de l&rsquo;hiver 2021\",\"datePublished\":\"2021-03-24T09:14:37+00:00\",\"dateModified\":\"2021-04-03T16:01:48+00:00\",\"mainEntityOfPage\":{\"@id\":\"https:\/\/outsiderland.com\/danahilliot\/tique-et-covid-19-un-point-sur-la-pandemie-a-la-fin-de-lhiver-2021\/\"},\"wordCount\":1152,\"publisher\":{\"@id\":\"https:\/\/outsiderland.com\/danahilliot\/#\/schema\/person\/201a1fef0f5c2897bd65e98bcf6b1179\"},\"articleSection\":[\"Crise\",\"Pand\u00e9mie Covid-19\"],\"inLanguage\":\"fr-FR\"},{\"@type\":\"WebPage\",\"@id\":\"https:\/\/outsiderland.com\/danahilliot\/tique-et-covid-19-un-point-sur-la-pandemie-a-la-fin-de-lhiver-2021\/\",\"url\":\"https:\/\/outsiderland.com\/danahilliot\/tique-et-covid-19-un-point-sur-la-pandemie-a-la-fin-de-lhiver-2021\/\",\"name\":\"Tique et Covid-19 : un point sur la pand\u00e9mie \u00e0 la fin de l'hiver 2021 - Outside Dana Hilliot\",\"isPartOf\":{\"@id\":\"https:\/\/outsiderland.com\/danahilliot\/#website\"},\"datePublished\":\"2021-03-24T09:14:37+00:00\",\"dateModified\":\"2021-04-03T16:01:48+00:00\",\"breadcrumb\":{\"@id\":\"https:\/\/outsiderland.com\/danahilliot\/tique-et-covid-19-un-point-sur-la-pandemie-a-la-fin-de-lhiver-2021\/#breadcrumb\"},\"inLanguage\":\"fr-FR\",\"potentialAction\":[{\"@type\":\"ReadAction\",\"target\":[\"https:\/\/outsiderland.com\/danahilliot\/tique-et-covid-19-un-point-sur-la-pandemie-a-la-fin-de-lhiver-2021\/\"]}]},{\"@type\":\"BreadcrumbList\",\"@id\":\"https:\/\/outsiderland.com\/danahilliot\/tique-et-covid-19-un-point-sur-la-pandemie-a-la-fin-de-lhiver-2021\/#breadcrumb\",\"itemListElement\":[{\"@type\":\"ListItem\",\"position\":1,\"name\":\"Accueil\",\"item\":\"https:\/\/outsiderland.com\/danahilliot\/\"},{\"@type\":\"ListItem\",\"position\":2,\"name\":\"Tique et Covid-19 : un point sur la pand\u00e9mie \u00e0 la fin de l&rsquo;hiver 2021\"}]},{\"@type\":\"WebSite\",\"@id\":\"https:\/\/outsiderland.com\/danahilliot\/#website\",\"url\":\"https:\/\/outsiderland.com\/danahilliot\/\",\"name\":\"Outside Dana Hilliot\",\"description\":\". Archives . Activit\u00e9s . Projets .\",\"publisher\":{\"@id\":\"https:\/\/outsiderland.com\/danahilliot\/#\/schema\/person\/201a1fef0f5c2897bd65e98bcf6b1179\"},\"potentialAction\":[{\"@type\":\"SearchAction\",\"target\":{\"@type\":\"EntryPoint\",\"urlTemplate\":\"https:\/\/outsiderland.com\/danahilliot\/?s={search_term_string}\"},\"query-input\":{\"@type\":\"PropertyValueSpecification\",\"valueRequired\":true,\"valueName\":\"search_term_string\"}}],\"inLanguage\":\"fr-FR\"},{\"@type\":[\"Person\",\"Organization\"],\"@id\":\"https:\/\/outsiderland.com\/danahilliot\/#\/schema\/person\/201a1fef0f5c2897bd65e98bcf6b1179\",\"name\":\"danahilliot\",\"image\":{\"@type\":\"ImageObject\",\"inLanguage\":\"fr-FR\",\"@id\":\"https:\/\/outsiderland.com\/danahilliot\/#\/schema\/person\/image\/\",\"url\":\"https:\/\/outsiderland.com\/danahilliot\/wp-content\/uploads\/2026\/02\/50801449407_a909f2c1ad_k.jpg\",\"contentUrl\":\"https:\/\/outsiderland.com\/danahilliot\/wp-content\/uploads\/2026\/02\/50801449407_a909f2c1ad_k.jpg\",\"width\":2048,\"height\":1536,\"caption\":\"danahilliot\"},\"logo\":{\"@id\":\"https:\/\/outsiderland.com\/danahilliot\/#\/schema\/person\/image\/\"}},{\"@type\":\"Person\",\"@id\":\"https:\/\/outsiderland.com\/danahilliot\/#\/schema\/person\/2f9b92e9fff19bccc36638b10510d5ae\",\"name\":\"danah\",\"image\":{\"@type\":\"ImageObject\",\"inLanguage\":\"fr-FR\",\"@id\":\"https:\/\/outsiderland.com\/danahilliot\/#\/schema\/person\/image\/\",\"url\":\"https:\/\/secure.gravatar.com\/avatar\/ed6349755e1d97f204277de3d09fc6ac31abd856835c8ea3c3a30d0aa84b0ddd?s=96&d=mm&r=g\",\"contentUrl\":\"https:\/\/secure.gravatar.com\/avatar\/ed6349755e1d97f204277de3d09fc6ac31abd856835c8ea3c3a30d0aa84b0ddd?s=96&d=mm&r=g\",\"caption\":\"danah\"},\"url\":\"https:\/\/outsiderland.com\/danahilliot\/author\/danah\/\"}]}<\/script>\n<!-- \/ Yoast SEO plugin. -->","yoast_head_json":{"title":"Tique et Covid-19 : un point sur la pand\u00e9mie \u00e0 la fin de l'hiver 2021 - Outside Dana Hilliot","robots":{"index":"index","follow":"follow","max-snippet":"max-snippet:-1","max-image-preview":"max-image-preview:large","max-video-preview":"max-video-preview:-1"},"canonical":"https:\/\/outsiderland.com\/danahilliot\/tique-et-covid-19-un-point-sur-la-pandemie-a-la-fin-de-lhiver-2021\/","og_locale":"fr_FR","og_type":"article","og_title":"Tique et Covid-19 : un point sur la pand\u00e9mie \u00e0 la fin de l'hiver 2021 - Outside Dana Hilliot","og_description":"Deux tiques hier, une install\u00e9e derri\u00e8re le genou gauche, l&rsquo;autre \u00e0 la cheville droite, et ce matin au r\u00e9veil, une troisi\u00e8me coll\u00e9e derri\u00e8re la nuque. Pas de piq\u00fbre a priori, mais bon. Le retour de la douceur favorise \u00e9videmment la prolif\u00e9ration de ces petites cr\u00e9atures vampires devenues des sujets philosophiques d&rsquo;importance sous la plume de&hellip;","og_url":"https:\/\/outsiderland.com\/danahilliot\/tique-et-covid-19-un-point-sur-la-pandemie-a-la-fin-de-lhiver-2021\/","og_site_name":"Outside Dana Hilliot","article_published_time":"2021-03-24T09:14:37+00:00","article_modified_time":"2021-04-03T16:01:48+00:00","author":"danah","twitter_card":"summary_large_image","twitter_misc":{"\u00c9crit par":"danah","Dur\u00e9e de lecture estim\u00e9e":"6 minutes"},"schema":{"@context":"https:\/\/schema.org","@graph":[{"@type":"Article","@id":"https:\/\/outsiderland.com\/danahilliot\/tique-et-covid-19-un-point-sur-la-pandemie-a-la-fin-de-lhiver-2021\/#article","isPartOf":{"@id":"https:\/\/outsiderland.com\/danahilliot\/tique-et-covid-19-un-point-sur-la-pandemie-a-la-fin-de-lhiver-2021\/"},"author":{"name":"danah","@id":"https:\/\/outsiderland.com\/danahilliot\/#\/schema\/person\/2f9b92e9fff19bccc36638b10510d5ae"},"headline":"Tique et Covid-19 : un point sur la pand\u00e9mie \u00e0 la fin de l&rsquo;hiver 2021","datePublished":"2021-03-24T09:14:37+00:00","dateModified":"2021-04-03T16:01:48+00:00","mainEntityOfPage":{"@id":"https:\/\/outsiderland.com\/danahilliot\/tique-et-covid-19-un-point-sur-la-pandemie-a-la-fin-de-lhiver-2021\/"},"wordCount":1152,"publisher":{"@id":"https:\/\/outsiderland.com\/danahilliot\/#\/schema\/person\/201a1fef0f5c2897bd65e98bcf6b1179"},"articleSection":["Crise","Pand\u00e9mie Covid-19"],"inLanguage":"fr-FR"},{"@type":"WebPage","@id":"https:\/\/outsiderland.com\/danahilliot\/tique-et-covid-19-un-point-sur-la-pandemie-a-la-fin-de-lhiver-2021\/","url":"https:\/\/outsiderland.com\/danahilliot\/tique-et-covid-19-un-point-sur-la-pandemie-a-la-fin-de-lhiver-2021\/","name":"Tique et Covid-19 : un point sur la pand\u00e9mie \u00e0 la fin de l'hiver 2021 - Outside Dana Hilliot","isPartOf":{"@id":"https:\/\/outsiderland.com\/danahilliot\/#website"},"datePublished":"2021-03-24T09:14:37+00:00","dateModified":"2021-04-03T16:01:48+00:00","breadcrumb":{"@id":"https:\/\/outsiderland.com\/danahilliot\/tique-et-covid-19-un-point-sur-la-pandemie-a-la-fin-de-lhiver-2021\/#breadcrumb"},"inLanguage":"fr-FR","potentialAction":[{"@type":"ReadAction","target":["https:\/\/outsiderland.com\/danahilliot\/tique-et-covid-19-un-point-sur-la-pandemie-a-la-fin-de-lhiver-2021\/"]}]},{"@type":"BreadcrumbList","@id":"https:\/\/outsiderland.com\/danahilliot\/tique-et-covid-19-un-point-sur-la-pandemie-a-la-fin-de-lhiver-2021\/#breadcrumb","itemListElement":[{"@type":"ListItem","position":1,"name":"Accueil","item":"https:\/\/outsiderland.com\/danahilliot\/"},{"@type":"ListItem","position":2,"name":"Tique et Covid-19 : un point sur la pand\u00e9mie \u00e0 la fin de l&rsquo;hiver 2021"}]},{"@type":"WebSite","@id":"https:\/\/outsiderland.com\/danahilliot\/#website","url":"https:\/\/outsiderland.com\/danahilliot\/","name":"Outside Dana Hilliot","description":". Archives . Activit\u00e9s . Projets .","publisher":{"@id":"https:\/\/outsiderland.com\/danahilliot\/#\/schema\/person\/201a1fef0f5c2897bd65e98bcf6b1179"},"potentialAction":[{"@type":"SearchAction","target":{"@type":"EntryPoint","urlTemplate":"https:\/\/outsiderland.com\/danahilliot\/?s={search_term_string}"},"query-input":{"@type":"PropertyValueSpecification","valueRequired":true,"valueName":"search_term_string"}}],"inLanguage":"fr-FR"},{"@type":["Person","Organization"],"@id":"https:\/\/outsiderland.com\/danahilliot\/#\/schema\/person\/201a1fef0f5c2897bd65e98bcf6b1179","name":"danahilliot","image":{"@type":"ImageObject","inLanguage":"fr-FR","@id":"https:\/\/outsiderland.com\/danahilliot\/#\/schema\/person\/image\/","url":"https:\/\/outsiderland.com\/danahilliot\/wp-content\/uploads\/2026\/02\/50801449407_a909f2c1ad_k.jpg","contentUrl":"https:\/\/outsiderland.com\/danahilliot\/wp-content\/uploads\/2026\/02\/50801449407_a909f2c1ad_k.jpg","width":2048,"height":1536,"caption":"danahilliot"},"logo":{"@id":"https:\/\/outsiderland.com\/danahilliot\/#\/schema\/person\/image\/"}},{"@type":"Person","@id":"https:\/\/outsiderland.com\/danahilliot\/#\/schema\/person\/2f9b92e9fff19bccc36638b10510d5ae","name":"danah","image":{"@type":"ImageObject","inLanguage":"fr-FR","@id":"https:\/\/outsiderland.com\/danahilliot\/#\/schema\/person\/image\/","url":"https:\/\/secure.gravatar.com\/avatar\/ed6349755e1d97f204277de3d09fc6ac31abd856835c8ea3c3a30d0aa84b0ddd?s=96&d=mm&r=g","contentUrl":"https:\/\/secure.gravatar.com\/avatar\/ed6349755e1d97f204277de3d09fc6ac31abd856835c8ea3c3a30d0aa84b0ddd?s=96&d=mm&r=g","caption":"danah"},"url":"https:\/\/outsiderland.com\/danahilliot\/author\/danah\/"}]}},"jetpack_publicize_connections":[],"_links":{"self":[{"href":"https:\/\/outsiderland.com\/danahilliot\/wp-json\/wp\/v2\/posts\/3930","targetHints":{"allow":["GET"]}}],"collection":[{"href":"https:\/\/outsiderland.com\/danahilliot\/wp-json\/wp\/v2\/posts"}],"about":[{"href":"https:\/\/outsiderland.com\/danahilliot\/wp-json\/wp\/v2\/types\/post"}],"author":[{"embeddable":true,"href":"https:\/\/outsiderland.com\/danahilliot\/wp-json\/wp\/v2\/users\/1"}],"replies":[{"embeddable":true,"href":"https:\/\/outsiderland.com\/danahilliot\/wp-json\/wp\/v2\/comments?post=3930"}],"version-history":[{"count":2,"href":"https:\/\/outsiderland.com\/danahilliot\/wp-json\/wp\/v2\/posts\/3930\/revisions"}],"predecessor-version":[{"id":3932,"href":"https:\/\/outsiderland.com\/danahilliot\/wp-json\/wp\/v2\/posts\/3930\/revisions\/3932"}],"wp:attachment":[{"href":"https:\/\/outsiderland.com\/danahilliot\/wp-json\/wp\/v2\/media?parent=3930"}],"wp:term":[{"taxonomy":"category","embeddable":true,"href":"https:\/\/outsiderland.com\/danahilliot\/wp-json\/wp\/v2\/categories?post=3930"},{"taxonomy":"post_tag","embeddable":true,"href":"https:\/\/outsiderland.com\/danahilliot\/wp-json\/wp\/v2\/tags?post=3930"}],"curies":[{"name":"wp","href":"https:\/\/api.w.org\/{rel}","templated":true}]}}