{"id":3852,"date":"2021-01-23T18:08:28","date_gmt":"2021-01-23T18:08:28","guid":{"rendered":"https:\/\/outsiderland.com\/danahilliot\/?p=3852"},"modified":"2021-04-03T16:01:49","modified_gmt":"2021-04-03T16:01:49","slug":"les-savants-et-les-politiques","status":"publish","type":"post","link":"https:\/\/outsiderland.com\/danahilliot\/les-savants-et-les-politiques\/","title":{"rendered":"Les savants et les politiques"},"content":{"rendered":"<p>Je recommande vivement la lecture de l&rsquo;interview donn\u00e9e au <em>Spiegel<\/em> par le virologue allemand Christian Drosten.<\/p>\n<p>D&rsquo;abord parce qu&rsquo;il est tr\u00e8s int\u00e9ressant d&rsquo;entendre ce qui se passe hors de nos fronti\u00e8res, concernant une pand\u00e9mie qui concerne la totalit\u00e9 des habitants de la plan\u00e8te et dont l&rsquo;avenir ne saurait \u00eatre g\u00e9r\u00e9 localement \u00e0 moyen terme en tous cas (\u00e0 court terme, une nation insulaire peut toujours fermer efficacement ses fronti\u00e8res, mais cette strat\u00e9gie ne saurait \u00eatre que provisoire : l&rsquo;exemple de Ta\u00efwan ou de la Nouvelle-Z\u00e9lande ne constituent pas des solutions viables dans le contexte d&rsquo;un capitalisme global et de flux marchands internationaux, et surtout des interd\u00e9pendances entre nations, devenues flagrantes \u00e0 l&rsquo;occasion de cette crise.)<\/p>\n<p>Dans chaque pays gouvern\u00e9 par un r\u00e9gime d\u00e9mocratique &#8211; un bon crit\u00e8re de la d\u00e9mocratie en question est d&rsquo;ailleurs illustr\u00e9 par le fait qu&rsquo;un scientifique de renom puisse s&rsquo;exprimer en toute libert\u00e9 dans un grand magazine de presse -, s&rsquo;est instaur\u00e9 de mani\u00e8re encore plus intense qu&rsquo;auparavant un dialogue permanent entre les scientifiques et les responsables politiques &#8211; je ne dis pas \u00ab\u00a0entre la science et le politique\u00a0\u00bb dans la mesure o\u00f9 ni l&rsquo;un ni l&rsquo;autre des interlocuteurs de ce dialogue ne pr\u00e9sente un visage uniforme &#8211; il y a des d\u00e9bats entre scientifiques d&rsquo;une part, et bien \u00e9videmment, au sein de la classe politique, d&rsquo;autre part, et ce pour le meilleur et pour le pire. En lisant l&rsquo;interview de Christian Drosten, on se rend compte que les d\u00e9bats ne sont pas moins virulents (c&rsquo;est le cas de dire) en Allemagne qu&rsquo;en France, y compris dans la communaut\u00e9 scientifique, au sujet des mesures sanitaires susceptibles de contenir la circulation du coronavirus. On peut citer le virologue Hendrik Streeck par exemple, dont la position a \u00e9t\u00e9 rapproch\u00e9e de la d\u00e9claration faites par trois chercheurs Am\u00e9ricains des universit\u00e9s Stanford, Oxford et Harvard, dite, d\u00e9claration de Great Barrington, laquelle avait eu les faveurs de D. Trump \u00e0 l&rsquo;\u00e9poque, en octobre dernier, parce qu&rsquo;elle pr\u00e9conisait une protection centr\u00e9e uniquement sur les populations les plus vuln\u00e9rables et un rel\u00e2chement des mesures sanitaires pour les plus jeunes. C&rsquo;est ici le principe et l&rsquo;efficacit\u00e9 du confinement qui est sujet \u00e0 d\u00e9bat, pas l&rsquo;existence m\u00eame et la gravit\u00e9 de la maladie, comme on a pu l&rsquo;entendre en France de mani\u00e8re assez effarante avec le recul des mois pass\u00e9s.<\/p>\n<p>Et c&rsquo;est l\u00e0 \u00e0 mon sens que s&rsquo;impose (et tel est l&rsquo;objet de ma r\u00e9flexion du jour) une nouvelle figure du savant, qui n&rsquo;est plus aussi distant qu&rsquo;il l&rsquo;est habituellement du champ politique &#8211; au sens o\u00f9 ce dernier a la charge (\u00e9crasante) de gouverner en temps de pand\u00e9mie, c&rsquo;est-\u00e0-dire, aujourd&rsquo;hui bien plus encore qu&rsquo;\u00e0 l&rsquo;accoutum\u00e9e, dans un oc\u00e9an d&rsquo;incertitudes -, ne peut plus se contenter d&rsquo;\u00e9tudier les virus et leur circulation, mais doit \u00e9galement proposer des solutions pragmatiques visant \u00e0 contenir l&rsquo;\u00e9pid\u00e9mie. Petite remarque en passant : je ne dis pas que les scientifiques sont habituellement totalement d\u00e9tach\u00e9s du champ politique, ou pour le dire comme Max Weber, qu&rsquo;une \u00ab\u00a0neutralit\u00e9 axiologique\u00a0\u00bb pure serait possible dans le r\u00e9el (ce que Weber ne dit pas d&rsquo;ailleurs). Les travaux des philosophes et anthropologues de la recherche scientifique, par exemple ceux de Bruno Latour, ont au contraire insist\u00e9 sur l&rsquo;imbrication in\u00e9vitable des deux domaines (ne serait-ce qu&rsquo;\u00e0 cause de la qu\u00eate incessante de financements et de reconnaissance par les pairs &#8211; ou le pouvoir). Il n&#8217;emp\u00eache, la crise que nous vivons, qui envoie les \u00e9pid\u00e9miologues, les virologues ou les infectiologues en premi\u00e8re ligne, traduit cette imbrication en termes non plus seulement \u00ab\u00a0philosophiques\u00a0\u00bb ou \u00ab\u00a0sociologiques\u00a0\u00bb mais extraordinairement r\u00e9aliste. Pour reprendre les termes de Weber, le savant ne peut d\u00e9cid\u00e9ment plus seulement se r\u00e9clamer de \u00ab\u00a0l&rsquo;\u00e9thique de la conviction\u00a0\u00bb, mais doit aussi se mesurer \u00e0 une \u00ab\u00a0\u00e9thique de la responsabilit\u00e9\u00a0\u00bb.<\/p>\n<p>C&rsquo;est exactement le probl\u00e8me pos\u00e9 \u00e0 Christian Drosten dans son interview par les journalistes du Spiegel.<\/p>\n<blockquote><p>DER SPIEGEL: Lorsque vous formulez de telles \u00e9valuations, les gens \u00e0 travers l&rsquo;Allemagne \u00e9coutent et cela d\u00e9termine souvent l&rsquo;opinion publique. Dans quelle mesure \u00eates-vous capable de vivre avec cette responsabilit\u00e9?<\/p>\n<p>Drosten: Cela ne me prive pas de dormir. D\u00e8s le d\u00e9but, j&rsquo;esp\u00e9rais que ce r\u00f4le public serait partag\u00e9 entre plusieurs personnes. Et heureusement, cela se produit.<\/p><\/blockquote>\n<div class=\"\" data-block=\"true\" data-editor=\"9qs1n\" data-offset-key=\"cjn20-0-0\">\n<div class=\"_1mf _1mj\" data-offset-key=\"cjn20-0-0\"><span data-offset-key=\"cjn20-3-0\">Il est question ici de la propension des scientifiques, et on peut affirmer que c\u2019est souvent le cas depuis le printemps dernier (2020), \u00e0 apporter de \u201cmauvaises nouvelles\u201d. Par exemple, dans cet interview, Christian Drosten se montre particuli\u00e8rement inquiet concernant les variations du virus qui se r\u00e9pandent actuellement dans le monde, et annonce d\u00e9j\u00e0, ce qui para\u00eet effectivement probable m\u00eame quand on n\u2019est pas sp\u00e9cialiste, que de nouvelles variantes ne manqueront pas d\u2019appara\u00eetre dans les mois \u00e0 venir. La m\u00e9taphore qu&rsquo;il d\u00e9veloppe s&rsquo;inscrit dans une longue litanies d&rsquo;images produites depuis mars dernier pour \u00e9voquer les limites de nos connaissances &#8211; cette incertitude inh\u00e9rente \u00e0 la recherche scientifique (sans quoi il n&rsquo;y aurait rien \u00e0 chercher du tout) passe aux yeux de bien des gens, d\u00e9nu\u00e9s de toute culture scientifique, comme un aveu d&rsquo;incomp\u00e9tence &#8211; parce qu&rsquo;il doit avoir une v\u00e9rit\u00e9 quelque part, et que si on ne la d\u00e9voile pas, c&rsquo;est parce qu&rsquo;on nous la cache, disent les conspirationnistes, qui sont en r\u00e9alit\u00e9 des id\u00e9alistes \u00e9pist\u00e9mologiques qui s&rsquo;ignorent !)<\/span><\/div>\n<\/div>\n<div class=\"\" data-block=\"true\" data-editor=\"9qs1n\" data-offset-key=\"b5rjm-0-0\">\n<div class=\"_1mf _1mj\" data-offset-key=\"b5rjm-0-0\"><span data-offset-key=\"b5rjm-0-0\">\u00a0<\/span><\/div>\n<\/div>\n<div class=\"\" data-block=\"true\" data-editor=\"9qs1n\" data-offset-key=\"1pkch-0-0\">\n<blockquote>\n<div class=\"_1mf _1mj\" data-offset-key=\"1pkch-0-0\"><span data-offset-key=\"1pkch-0-0\">\u00ab\u00a0DER SPIEGEL:<\/span><span data-offset-key=\"1pkch-0-1\"> Vous avez imagin\u00e9 une image pour illustrer notre situation actuelle dans la pand\u00e9mie: nous sommes dans un camion branlant qui descend un flanc de montagne escarp\u00e9 &#8230;<\/span><\/div>\n<\/blockquote>\n<\/div>\n<div class=\"\" data-block=\"true\" data-editor=\"9qs1n\" data-offset-key=\"1kece-0-0\">\n<blockquote>\n<div class=\"_1mf _1mj\" data-offset-key=\"1kece-0-0\"><span data-offset-key=\"1kece-0-0\">Drosten:<\/span><span data-offset-key=\"1kece-0-1\"> &#8230; et nous ne savons pas quels virages montent et si la route est sur le point de devenir soudainement plus raide. Nous ne savons pas non plus jusqu&rsquo;o\u00f9 nous devons encore aller, mais nous savons qu&rsquo;il faut absolument \u00e9viter de rater un virage. Dans une situation comme celle-ci, fermer les yeux n&rsquo;aide pas. Nous devons continuer et faire une chose en particulier: appuyer sur les freins, m\u00eame s&rsquo;ils sont rouill\u00e9s.\u00a0\u00bb<\/span><\/div>\n<\/blockquote>\n<\/div>\n<div class=\"\" data-block=\"true\" data-editor=\"9qs1n\" data-offset-key=\"2nej6-0-0\">\n<div class=\"_1mf _1mj\" data-offset-key=\"2nej6-0-0\"><span data-offset-key=\"2nej6-0-0\">\u00a0<\/span><\/div>\n<\/div>\n<div class=\"\" data-block=\"true\" data-editor=\"9qs1n\" data-offset-key=\"ehdlg-0-0\">\n<div class=\"_1mf _1mj\" data-offset-key=\"ehdlg-0-0\"><span data-offset-key=\"ehdlg-0-0\"> Comme il le dit ce r\u00f4le de Cassandre ne l\u2019emp\u00eache pas de dormir dans la mesure o\u00f9 il ne le tient pas de mani\u00e8re solitaire, mais est confort\u00e9 par le soutien et l\u2019accord d\u2019une communaut\u00e9 de chercheurs.<\/span><\/div>\n<\/div>\n<p>Pour le responsable politique, les choses sont sans doute moins \u00e9videntes. Je me demande parfois de quel bois est fait notre ministre de la sant\u00e9, Olivier Veran, qui tient son poste vaillamment, secou\u00e9 par une ambiance de temp\u00eate m\u00e9diatique permanente depuis le d\u00e9but de la pand\u00e9mie. Sans doute la r\u00e9ponse tient aussi au fait qu&rsquo;il n&rsquo;est pas tout seul sur ce navire.<\/p>\n<p>Pour en revenir \u00e0 cette interview, voici un passage qui rel\u00e8ve typiquement de ce qu&rsquo;on pourrait appeler un d\u00e9bordement du scientifique sur le politique. On l&rsquo;observe de plus en plus r\u00e9guli\u00e8rement, \u00e0 mesure que l&rsquo;\u00e9pid\u00e9mie s&rsquo;installe dans la dur\u00e9e : le savant ne peut plus demeurer en retrait, conservant une sorte de \u00ab\u00a0devoir de r\u00e9serve\u00a0\u00bb (au nom par exemple d&rsquo;une neutralit\u00e9 \u00ab\u00a0pratique\u00a0\u00bb), mais doit s&rsquo;engager \u00ab\u00a0dans le monde\u00a0\u00bb dans la mesure o\u00f9 ce qu&rsquo;il sait (ou ne sait pas, ou consid\u00e8re comme possible ou probable) lui para\u00eet d\u00e9terminant pour l&rsquo;avenir &#8211; et donc pour la politique future. C&rsquo;est exactement ce qui s&rsquo;est pass\u00e9 ces derni\u00e8res d\u00e9cennies chez les climatologues, lesquels, devant la gravit\u00e9 des r\u00e9sultats de leurs recherches, se sont transform\u00e9s en \u00ab\u00a0lanceurs d&rsquo;alerte\u00a0\u00bb comme on dit aujourd&rsquo;hui, et m\u00eame en prescripteurs et \u00e9valuateurs de solutions dans les politiques publiques. En rencontrant, notons-le au passage, les m\u00eames difficult\u00e9s (entre autres la confrontation avec des courants sceptiques \u00ab\u00a0par principe\u00a0\u00bb, des rivalit\u00e9s entre chercheurs pour des motifs parfois peu scientifiques, une opinion publique dont la culture \u00e9pist\u00e9mologique n&rsquo;est pas le fort, ce qui est un euph\u00e9misme, et des int\u00e9r\u00eats et des pouvoirs adverses, notamment industriels et commerciaux).<\/p>\n<blockquote><p>(&#8230;) je crains beaucoup ce qui pourrait se passer autrement au printemps et en \u00e9t\u00e9.<\/p>\n<p>DER SPIEGEL: Que voulez-vous dire?<\/p>\n<p>Drosten: Une fois que les personnes \u00e2g\u00e9es et peut-\u00eatre une partie des groupes \u00e0 risque auront \u00e9t\u00e9 vaccin\u00e9es, il y aura une immense pression \u00e9conomique, sociale, politique et peut-\u00eatre aussi juridique pour mettre fin aux mesures corona. Et puis, un grand nombre de personnes seront infect\u00e9es en peu de temps, plus que nous ne pouvons m\u00eame l&rsquo;imaginer pour le moment. Nous n&rsquo;aurons pas 20 000 ou 30 000 nouveaux cas par jour, mais jusqu&rsquo;\u00e0 100 000 dans le pire des cas. Il s&rsquo;agira, bien s\u00fbr, principalement de personnes plus jeunes qui sont moins susceptibles que les personnes \u00e2g\u00e9es d&rsquo;avoir des sympt\u00f4mes graves, mais lorsqu&rsquo;un grand nombre de personnes plus jeunes seront infect\u00e9es, les unit\u00e9s de soins intensifs se rempliront de toute fa\u00e7on et beaucoup de gens mourront. Juste que ce seront les plus jeunes. Nous pouvons amortir quelque peu ce terrible sc\u00e9nario en poussant les chiffres \u00e0 la baisse maintenant.<\/p>\n<p>DER SPIEGEL: Pouvons-nous \u00eatre s\u00fbrs que le nombre de cas commencera \u00e0 baisser au printemps \u00e0 mesure que les temp\u00e9ratures augmenteront?<\/p>\n<p>Drosten: Je ne pense pas. Le fait que nous ayons eu un \u00e9t\u00e9 aussi d\u00e9tendu en 2020 \u00e9tait probablement li\u00e9 au fait que le nombre de nos cas est rest\u00e9 en dessous d&rsquo;un seuil critique au printemps. Mais ce n&rsquo;est plus le cas. Je crains que ce ne soit plus comme en Espagne, o\u00f9 le nombre de cas a de nouveau augment\u00e9 rapidement apr\u00e8s la lev\u00e9e du lock-out, m\u00eame s&rsquo;il faisait assez chaud. En Afrique du Sud \u00e9galement, o\u00f9 nous sommes actuellement en \u00e9t\u00e9, le nombre de cas est \u00e0 un niveau \u00e9lev\u00e9. ( Se fond dans ses pens\u00e9es, sans rien dire ) Je suis d\u00e9sol\u00e9, malheureusement je suis extr\u00eamement fatigu\u00e9.<\/p><\/blockquote>\n<p>La fin de ce passage est assez touchante (l&rsquo;interview\u00e9 avoue qu&rsquo;il est \u00ab\u00a0extr\u00eamement fatigu\u00e9\u00a0\u00bb, on comprend pourquoi). Mais je rel\u00e8ve ici surtout la pression \u00ab\u00a0\u00e9conomique, sociale, politique et peut-\u00eatre aussi juridique\u00a0\u00bb, qui devrait s&rsquo;accentuer au printemps et cet \u00e9t\u00e9. Autant de domaines qui n&rsquo;entrent pas, \u00e0 premi\u00e8re vue, dans la comp\u00e9tence d&rsquo;un expert en virus. Et pourtant, \u00e0 bien y penser, les \u00e9pid\u00e9miologues en tous cas, et sans doute aussi les infectiologues et les virologues, se doivent d&rsquo;\u00eatre, dans une large mesure, historiens, g\u00e9ographes et anthropologues. Cela m&rsquo;avait frapp\u00e9 en \u00e9coutant les cours d&rsquo;Arnaud Fontanet au coll\u00e8ge de France (enregistr\u00e9s et diffus\u00e9s bien avant cette pand\u00e9mie) : on ne peut pas, pour \u00e9tudier une \u00e9pid\u00e9mie, se contenter de travailler en laboratoire ! Les chercheurs qui partent en qu\u00eate de l&rsquo;origine d&rsquo;un virus vont sur le terrain, \u00e9cument les march\u00e9s comme en Chine, les villages forestiers, les lieux d&rsquo;\u00e9levages, on les trouve encore dans les a\u00e9roports et les h\u00f4tels o\u00f9 l&rsquo;on suspecte le passage d&rsquo;un \u00ab\u00a0patient z\u00e9ro\u00a0\u00bb, et, bien \u00e9videmment, pour faire le suivi de la circulation du virus, s&rsquo;articulent \u00e0 un r\u00e9seau d&rsquo;observateurs partout o\u00f9 la maladie est d\u00e9clar\u00e9e. Ils prennent appui pour pr\u00e9dire l&rsquo;\u00e9volution de la situation sur les \u00e9pid\u00e9mies pass\u00e9es (toute une partie des cours de Fontanet porte sur l&rsquo;histoire des \u00e9pid\u00e9mies). Et quand il s&rsquo;agit d&rsquo;imaginer des mesures sanitaires, ils deviennent anthropologues : il n&rsquo;existe pas un panel de mesures applicables universellement et sans discernement \u00e0 n&rsquo;importe quelle culture. Les \u00eatres humains ne sont pas des souris de laboratoire. telle mesure tol\u00e9rable de tel c\u00f4t\u00e9 des Pyr\u00e9n\u00e9es ou des Alpes ne sera pas aussi bien accept\u00e9 de l&rsquo;autre c\u00f4t\u00e9. D&rsquo;o\u00f9 la remarque et l&rsquo;inqui\u00e9tude de Christian Drosten : la fin du processus de vaccination des personnes \u00e0 risque pourrait entra\u00eener un \u00ab\u00a0sc\u00e9nario catastrophe\u00a0\u00bb &#8211; voil\u00e0 qui para\u00eet contre-intuitif mais qui n&rsquo;a rien d&rsquo;illogique si l&rsquo;on prend au s\u00e9rieux l&rsquo;\u00e9tat d&rsquo;exasp\u00e9ration croissant d&rsquo;une partie de la population (qui se comprend). Il y a effectivement de quoi \u00eatre \u00ab\u00a0extr\u00eamement fatigu\u00e9\u00a0\u00bb.<\/p>\n<p>&nbsp;<\/p>\n","protected":false},"excerpt":{"rendered":"<p>Je recommande vivement la lecture de l&rsquo;interview donn\u00e9e au Spiegel par le virologue allemand Christian Drosten. D&rsquo;abord parce qu&rsquo;il est tr\u00e8s int\u00e9ressant d&rsquo;entendre ce qui se passe hors de nos fronti\u00e8res, concernant une pand\u00e9mie qui concerne la totalit\u00e9 des habitants de la plan\u00e8te et dont l&rsquo;avenir ne saurait \u00eatre g\u00e9r\u00e9 localement \u00e0 moyen terme en&hellip;<\/p>\n <a href=\"https:\/\/outsiderland.com\/danahilliot\/les-savants-et-les-politiques\/\" title=\"Les savants et les politiques\" class=\"entry-more-link\"><span>Read More<\/span> <span class=\"screen-reader-text\">Les savants et les politiques<\/span><\/a>","protected":false},"author":1,"featured_media":3868,"comment_status":"closed","ping_status":"open","sticky":false,"template":"","format":"standard","meta":{"Layout":"","footnotes":"","jetpack_publicize_message":"","jetpack_publicize_feature_enabled":true,"jetpack_social_post_already_shared":false,"jetpack_social_options":{"image_generator_settings":{"template":"highway","default_image_id":0,"font":"","enabled":false},"version":2}},"categories":[64,68,73,1],"tags":[],"class_list":["entry","author-danah","post-3852","post","type-post","status-publish","format-standard","has-post-thumbnail","category-catastrophe-climatique","category-crise","category-pandemie-covid-19","category-publications"],"yoast_head":"<!-- This site is optimized with the Yoast SEO plugin v27.0 - https:\/\/yoast.com\/product\/yoast-seo-wordpress\/ -->\n<title>Les savants et les politiques - Outside Dana Hilliot<\/title>\n<meta name=\"robots\" content=\"index, follow, max-snippet:-1, max-image-preview:large, max-video-preview:-1\" \/>\n<link rel=\"canonical\" href=\"https:\/\/outsiderland.com\/danahilliot\/les-savants-et-les-politiques\/\" \/>\n<meta property=\"og:locale\" content=\"fr_FR\" \/>\n<meta property=\"og:type\" content=\"article\" \/>\n<meta property=\"og:title\" content=\"Les savants et les politiques - Outside Dana Hilliot\" \/>\n<meta property=\"og:description\" content=\"Je recommande vivement la lecture de l&rsquo;interview donn\u00e9e au Spiegel par le virologue allemand Christian Drosten. D&rsquo;abord parce qu&rsquo;il est tr\u00e8s int\u00e9ressant d&rsquo;entendre ce qui se passe hors de nos fronti\u00e8res, concernant une pand\u00e9mie qui concerne la totalit\u00e9 des habitants de la plan\u00e8te et dont l&rsquo;avenir ne saurait \u00eatre g\u00e9r\u00e9 localement \u00e0 moyen terme en&hellip;\" \/>\n<meta property=\"og:url\" content=\"https:\/\/outsiderland.com\/danahilliot\/les-savants-et-les-politiques\/\" \/>\n<meta property=\"og:site_name\" content=\"Outside Dana Hilliot\" \/>\n<meta property=\"article:published_time\" content=\"2021-01-23T18:08:28+00:00\" \/>\n<meta property=\"article:modified_time\" content=\"2021-04-03T16:01:49+00:00\" \/>\n<meta property=\"og:image\" content=\"https:\/\/outsiderland.com\/danahilliot\/wp-content\/uploads\/2021\/01\/Capture-decran_2021-01-23_18-58-44-e1617313185145.png\" \/>\n\t<meta property=\"og:image:width\" content=\"400\" \/>\n\t<meta property=\"og:image:height\" content=\"406\" \/>\n\t<meta property=\"og:image:type\" content=\"image\/png\" \/>\n<meta name=\"author\" content=\"danah\" \/>\n<meta name=\"twitter:card\" content=\"summary_large_image\" \/>\n<meta name=\"twitter:label1\" content=\"\u00c9crit par\" \/>\n\t<meta name=\"twitter:data1\" content=\"danah\" \/>\n\t<meta name=\"twitter:label2\" content=\"Dur\u00e9e de lecture estim\u00e9e\" \/>\n\t<meta name=\"twitter:data2\" content=\"10 minutes\" \/>\n<script type=\"application\/ld+json\" class=\"yoast-schema-graph\">{\"@context\":\"https:\/\/schema.org\",\"@graph\":[{\"@type\":\"Article\",\"@id\":\"https:\/\/outsiderland.com\/danahilliot\/les-savants-et-les-politiques\/#article\",\"isPartOf\":{\"@id\":\"https:\/\/outsiderland.com\/danahilliot\/les-savants-et-les-politiques\/\"},\"author\":{\"name\":\"danah\",\"@id\":\"https:\/\/outsiderland.com\/danahilliot\/#\/schema\/person\/2f9b92e9fff19bccc36638b10510d5ae\"},\"headline\":\"Les savants et les politiques\",\"datePublished\":\"2021-01-23T18:08:28+00:00\",\"dateModified\":\"2021-04-03T16:01:49+00:00\",\"mainEntityOfPage\":{\"@id\":\"https:\/\/outsiderland.com\/danahilliot\/les-savants-et-les-politiques\/\"},\"wordCount\":2133,\"publisher\":{\"@id\":\"https:\/\/outsiderland.com\/danahilliot\/#\/schema\/person\/201a1fef0f5c2897bd65e98bcf6b1179\"},\"image\":{\"@id\":\"https:\/\/outsiderland.com\/danahilliot\/les-savants-et-les-politiques\/#primaryimage\"},\"thumbnailUrl\":\"https:\/\/outsiderland.com\/danahilliot\/wp-content\/uploads\/2021\/01\/Capture-decran_2021-01-23_18-58-44-e1617313185145.png\",\"articleSection\":[\"Catastrophe Climatique\",\"Crise\",\"Pand\u00e9mie Covid-19\",\"PUBLICATIONS\"],\"inLanguage\":\"fr-FR\"},{\"@type\":\"WebPage\",\"@id\":\"https:\/\/outsiderland.com\/danahilliot\/les-savants-et-les-politiques\/\",\"url\":\"https:\/\/outsiderland.com\/danahilliot\/les-savants-et-les-politiques\/\",\"name\":\"Les savants et les politiques - Outside Dana Hilliot\",\"isPartOf\":{\"@id\":\"https:\/\/outsiderland.com\/danahilliot\/#website\"},\"primaryImageOfPage\":{\"@id\":\"https:\/\/outsiderland.com\/danahilliot\/les-savants-et-les-politiques\/#primaryimage\"},\"image\":{\"@id\":\"https:\/\/outsiderland.com\/danahilliot\/les-savants-et-les-politiques\/#primaryimage\"},\"thumbnailUrl\":\"https:\/\/outsiderland.com\/danahilliot\/wp-content\/uploads\/2021\/01\/Capture-decran_2021-01-23_18-58-44-e1617313185145.png\",\"datePublished\":\"2021-01-23T18:08:28+00:00\",\"dateModified\":\"2021-04-03T16:01:49+00:00\",\"breadcrumb\":{\"@id\":\"https:\/\/outsiderland.com\/danahilliot\/les-savants-et-les-politiques\/#breadcrumb\"},\"inLanguage\":\"fr-FR\",\"potentialAction\":[{\"@type\":\"ReadAction\",\"target\":[\"https:\/\/outsiderland.com\/danahilliot\/les-savants-et-les-politiques\/\"]}]},{\"@type\":\"ImageObject\",\"inLanguage\":\"fr-FR\",\"@id\":\"https:\/\/outsiderland.com\/danahilliot\/les-savants-et-les-politiques\/#primaryimage\",\"url\":\"https:\/\/outsiderland.com\/danahilliot\/wp-content\/uploads\/2021\/01\/Capture-decran_2021-01-23_18-58-44-e1617313185145.png\",\"contentUrl\":\"https:\/\/outsiderland.com\/danahilliot\/wp-content\/uploads\/2021\/01\/Capture-decran_2021-01-23_18-58-44-e1617313185145.png\",\"width\":400,\"height\":406},{\"@type\":\"BreadcrumbList\",\"@id\":\"https:\/\/outsiderland.com\/danahilliot\/les-savants-et-les-politiques\/#breadcrumb\",\"itemListElement\":[{\"@type\":\"ListItem\",\"position\":1,\"name\":\"Accueil\",\"item\":\"https:\/\/outsiderland.com\/danahilliot\/\"},{\"@type\":\"ListItem\",\"position\":2,\"name\":\"Les savants et les politiques\"}]},{\"@type\":\"WebSite\",\"@id\":\"https:\/\/outsiderland.com\/danahilliot\/#website\",\"url\":\"https:\/\/outsiderland.com\/danahilliot\/\",\"name\":\"Outside Dana Hilliot\",\"description\":\". Archives . Activit\u00e9s . Projets .\",\"publisher\":{\"@id\":\"https:\/\/outsiderland.com\/danahilliot\/#\/schema\/person\/201a1fef0f5c2897bd65e98bcf6b1179\"},\"potentialAction\":[{\"@type\":\"SearchAction\",\"target\":{\"@type\":\"EntryPoint\",\"urlTemplate\":\"https:\/\/outsiderland.com\/danahilliot\/?s={search_term_string}\"},\"query-input\":{\"@type\":\"PropertyValueSpecification\",\"valueRequired\":true,\"valueName\":\"search_term_string\"}}],\"inLanguage\":\"fr-FR\"},{\"@type\":[\"Person\",\"Organization\"],\"@id\":\"https:\/\/outsiderland.com\/danahilliot\/#\/schema\/person\/201a1fef0f5c2897bd65e98bcf6b1179\",\"name\":\"danahilliot\",\"image\":{\"@type\":\"ImageObject\",\"inLanguage\":\"fr-FR\",\"@id\":\"https:\/\/outsiderland.com\/danahilliot\/#\/schema\/person\/image\/\",\"url\":\"https:\/\/outsiderland.com\/danahilliot\/wp-content\/uploads\/2026\/02\/50801449407_a909f2c1ad_k.jpg\",\"contentUrl\":\"https:\/\/outsiderland.com\/danahilliot\/wp-content\/uploads\/2026\/02\/50801449407_a909f2c1ad_k.jpg\",\"width\":2048,\"height\":1536,\"caption\":\"danahilliot\"},\"logo\":{\"@id\":\"https:\/\/outsiderland.com\/danahilliot\/#\/schema\/person\/image\/\"}},{\"@type\":\"Person\",\"@id\":\"https:\/\/outsiderland.com\/danahilliot\/#\/schema\/person\/2f9b92e9fff19bccc36638b10510d5ae\",\"name\":\"danah\",\"image\":{\"@type\":\"ImageObject\",\"inLanguage\":\"fr-FR\",\"@id\":\"https:\/\/outsiderland.com\/danahilliot\/#\/schema\/person\/image\/\",\"url\":\"https:\/\/secure.gravatar.com\/avatar\/ed6349755e1d97f204277de3d09fc6ac31abd856835c8ea3c3a30d0aa84b0ddd?s=96&d=mm&r=g\",\"contentUrl\":\"https:\/\/secure.gravatar.com\/avatar\/ed6349755e1d97f204277de3d09fc6ac31abd856835c8ea3c3a30d0aa84b0ddd?s=96&d=mm&r=g\",\"caption\":\"danah\"},\"url\":\"https:\/\/outsiderland.com\/danahilliot\/author\/danah\/\"}]}<\/script>\n<!-- \/ Yoast SEO plugin. -->","yoast_head_json":{"title":"Les savants et les politiques - Outside Dana Hilliot","robots":{"index":"index","follow":"follow","max-snippet":"max-snippet:-1","max-image-preview":"max-image-preview:large","max-video-preview":"max-video-preview:-1"},"canonical":"https:\/\/outsiderland.com\/danahilliot\/les-savants-et-les-politiques\/","og_locale":"fr_FR","og_type":"article","og_title":"Les savants et les politiques - Outside Dana Hilliot","og_description":"Je recommande vivement la lecture de l&rsquo;interview donn\u00e9e au Spiegel par le virologue allemand Christian Drosten. D&rsquo;abord parce qu&rsquo;il est tr\u00e8s int\u00e9ressant d&rsquo;entendre ce qui se passe hors de nos fronti\u00e8res, concernant une pand\u00e9mie qui concerne la totalit\u00e9 des habitants de la plan\u00e8te et dont l&rsquo;avenir ne saurait \u00eatre g\u00e9r\u00e9 localement \u00e0 moyen terme en&hellip;","og_url":"https:\/\/outsiderland.com\/danahilliot\/les-savants-et-les-politiques\/","og_site_name":"Outside Dana Hilliot","article_published_time":"2021-01-23T18:08:28+00:00","article_modified_time":"2021-04-03T16:01:49+00:00","og_image":[{"width":400,"height":406,"url":"https:\/\/outsiderland.com\/danahilliot\/wp-content\/uploads\/2021\/01\/Capture-decran_2021-01-23_18-58-44-e1617313185145.png","type":"image\/png"}],"author":"danah","twitter_card":"summary_large_image","twitter_misc":{"\u00c9crit par":"danah","Dur\u00e9e de lecture estim\u00e9e":"10 minutes"},"schema":{"@context":"https:\/\/schema.org","@graph":[{"@type":"Article","@id":"https:\/\/outsiderland.com\/danahilliot\/les-savants-et-les-politiques\/#article","isPartOf":{"@id":"https:\/\/outsiderland.com\/danahilliot\/les-savants-et-les-politiques\/"},"author":{"name":"danah","@id":"https:\/\/outsiderland.com\/danahilliot\/#\/schema\/person\/2f9b92e9fff19bccc36638b10510d5ae"},"headline":"Les savants et les politiques","datePublished":"2021-01-23T18:08:28+00:00","dateModified":"2021-04-03T16:01:49+00:00","mainEntityOfPage":{"@id":"https:\/\/outsiderland.com\/danahilliot\/les-savants-et-les-politiques\/"},"wordCount":2133,"publisher":{"@id":"https:\/\/outsiderland.com\/danahilliot\/#\/schema\/person\/201a1fef0f5c2897bd65e98bcf6b1179"},"image":{"@id":"https:\/\/outsiderland.com\/danahilliot\/les-savants-et-les-politiques\/#primaryimage"},"thumbnailUrl":"https:\/\/outsiderland.com\/danahilliot\/wp-content\/uploads\/2021\/01\/Capture-decran_2021-01-23_18-58-44-e1617313185145.png","articleSection":["Catastrophe Climatique","Crise","Pand\u00e9mie Covid-19","PUBLICATIONS"],"inLanguage":"fr-FR"},{"@type":"WebPage","@id":"https:\/\/outsiderland.com\/danahilliot\/les-savants-et-les-politiques\/","url":"https:\/\/outsiderland.com\/danahilliot\/les-savants-et-les-politiques\/","name":"Les savants et les politiques - Outside Dana Hilliot","isPartOf":{"@id":"https:\/\/outsiderland.com\/danahilliot\/#website"},"primaryImageOfPage":{"@id":"https:\/\/outsiderland.com\/danahilliot\/les-savants-et-les-politiques\/#primaryimage"},"image":{"@id":"https:\/\/outsiderland.com\/danahilliot\/les-savants-et-les-politiques\/#primaryimage"},"thumbnailUrl":"https:\/\/outsiderland.com\/danahilliot\/wp-content\/uploads\/2021\/01\/Capture-decran_2021-01-23_18-58-44-e1617313185145.png","datePublished":"2021-01-23T18:08:28+00:00","dateModified":"2021-04-03T16:01:49+00:00","breadcrumb":{"@id":"https:\/\/outsiderland.com\/danahilliot\/les-savants-et-les-politiques\/#breadcrumb"},"inLanguage":"fr-FR","potentialAction":[{"@type":"ReadAction","target":["https:\/\/outsiderland.com\/danahilliot\/les-savants-et-les-politiques\/"]}]},{"@type":"ImageObject","inLanguage":"fr-FR","@id":"https:\/\/outsiderland.com\/danahilliot\/les-savants-et-les-politiques\/#primaryimage","url":"https:\/\/outsiderland.com\/danahilliot\/wp-content\/uploads\/2021\/01\/Capture-decran_2021-01-23_18-58-44-e1617313185145.png","contentUrl":"https:\/\/outsiderland.com\/danahilliot\/wp-content\/uploads\/2021\/01\/Capture-decran_2021-01-23_18-58-44-e1617313185145.png","width":400,"height":406},{"@type":"BreadcrumbList","@id":"https:\/\/outsiderland.com\/danahilliot\/les-savants-et-les-politiques\/#breadcrumb","itemListElement":[{"@type":"ListItem","position":1,"name":"Accueil","item":"https:\/\/outsiderland.com\/danahilliot\/"},{"@type":"ListItem","position":2,"name":"Les savants et les politiques"}]},{"@type":"WebSite","@id":"https:\/\/outsiderland.com\/danahilliot\/#website","url":"https:\/\/outsiderland.com\/danahilliot\/","name":"Outside Dana Hilliot","description":". Archives . Activit\u00e9s . Projets .","publisher":{"@id":"https:\/\/outsiderland.com\/danahilliot\/#\/schema\/person\/201a1fef0f5c2897bd65e98bcf6b1179"},"potentialAction":[{"@type":"SearchAction","target":{"@type":"EntryPoint","urlTemplate":"https:\/\/outsiderland.com\/danahilliot\/?s={search_term_string}"},"query-input":{"@type":"PropertyValueSpecification","valueRequired":true,"valueName":"search_term_string"}}],"inLanguage":"fr-FR"},{"@type":["Person","Organization"],"@id":"https:\/\/outsiderland.com\/danahilliot\/#\/schema\/person\/201a1fef0f5c2897bd65e98bcf6b1179","name":"danahilliot","image":{"@type":"ImageObject","inLanguage":"fr-FR","@id":"https:\/\/outsiderland.com\/danahilliot\/#\/schema\/person\/image\/","url":"https:\/\/outsiderland.com\/danahilliot\/wp-content\/uploads\/2026\/02\/50801449407_a909f2c1ad_k.jpg","contentUrl":"https:\/\/outsiderland.com\/danahilliot\/wp-content\/uploads\/2026\/02\/50801449407_a909f2c1ad_k.jpg","width":2048,"height":1536,"caption":"danahilliot"},"logo":{"@id":"https:\/\/outsiderland.com\/danahilliot\/#\/schema\/person\/image\/"}},{"@type":"Person","@id":"https:\/\/outsiderland.com\/danahilliot\/#\/schema\/person\/2f9b92e9fff19bccc36638b10510d5ae","name":"danah","image":{"@type":"ImageObject","inLanguage":"fr-FR","@id":"https:\/\/outsiderland.com\/danahilliot\/#\/schema\/person\/image\/","url":"https:\/\/secure.gravatar.com\/avatar\/ed6349755e1d97f204277de3d09fc6ac31abd856835c8ea3c3a30d0aa84b0ddd?s=96&d=mm&r=g","contentUrl":"https:\/\/secure.gravatar.com\/avatar\/ed6349755e1d97f204277de3d09fc6ac31abd856835c8ea3c3a30d0aa84b0ddd?s=96&d=mm&r=g","caption":"danah"},"url":"https:\/\/outsiderland.com\/danahilliot\/author\/danah\/"}]}},"jetpack_publicize_connections":[],"_links":{"self":[{"href":"https:\/\/outsiderland.com\/danahilliot\/wp-json\/wp\/v2\/posts\/3852","targetHints":{"allow":["GET"]}}],"collection":[{"href":"https:\/\/outsiderland.com\/danahilliot\/wp-json\/wp\/v2\/posts"}],"about":[{"href":"https:\/\/outsiderland.com\/danahilliot\/wp-json\/wp\/v2\/types\/post"}],"author":[{"embeddable":true,"href":"https:\/\/outsiderland.com\/danahilliot\/wp-json\/wp\/v2\/users\/1"}],"replies":[{"embeddable":true,"href":"https:\/\/outsiderland.com\/danahilliot\/wp-json\/wp\/v2\/comments?post=3852"}],"version-history":[{"count":19,"href":"https:\/\/outsiderland.com\/danahilliot\/wp-json\/wp\/v2\/posts\/3852\/revisions"}],"predecessor-version":[{"id":3872,"href":"https:\/\/outsiderland.com\/danahilliot\/wp-json\/wp\/v2\/posts\/3852\/revisions\/3872"}],"wp:featuredmedia":[{"embeddable":true,"href":"https:\/\/outsiderland.com\/danahilliot\/wp-json\/wp\/v2\/media\/3868"}],"wp:attachment":[{"href":"https:\/\/outsiderland.com\/danahilliot\/wp-json\/wp\/v2\/media?parent=3852"}],"wp:term":[{"taxonomy":"category","embeddable":true,"href":"https:\/\/outsiderland.com\/danahilliot\/wp-json\/wp\/v2\/categories?post=3852"},{"taxonomy":"post_tag","embeddable":true,"href":"https:\/\/outsiderland.com\/danahilliot\/wp-json\/wp\/v2\/tags?post=3852"}],"curies":[{"name":"wp","href":"https:\/\/api.w.org\/{rel}","templated":true}]}}