{"id":3816,"date":"2021-01-07T14:06:42","date_gmt":"2021-01-07T14:06:42","guid":{"rendered":"https:\/\/outsiderland.com\/danahilliot\/?p=3816"},"modified":"2021-04-03T16:01:49","modified_gmt":"2021-04-03T16:01:49","slug":"lechec-patent-des-politiques-ultraliberales-en-temps-de-crise-pandemique-et-apres","status":"publish","type":"post","link":"https:\/\/outsiderland.com\/danahilliot\/lechec-patent-des-politiques-ultraliberales-en-temps-de-crise-pandemique-et-apres\/","title":{"rendered":"L&rsquo;\u00e9chec patent des politiques ultralib\u00e9rales en temps de crise pand\u00e9mique (et apr\u00e8s)"},"content":{"rendered":"<p>Le Br\u00e9sil est<em> \u00ab\u00a0quebrada\u00a0\u00bb<\/em> affirmait hier Bolsonaro, c&rsquo;est \u00e0 dire<em> \u00ab\u00a0fauch\u00e9\u00a0\u00bb<\/em>, <em>\u00ab\u00a0en faillite\u00a0\u00bb<\/em>.\u00a0Puis il ajoute\u00a0: <em>\u00ab\u00a0Je ne peux rien faire\u00a0\u00bb<\/em>. Et pourquoi ne peut-il rien faire\u00a0? Sa r\u00e9ponse est cinglante : <em>\u00ab\u00a0\u00c0 cause de la presse, \u00e0 cause de ce virus aliment\u00e9 par la presse, cette presse sans int\u00e9r\u00eat\u00a0\u00bb<\/em>. Concr\u00e8tement, cela signifie la fin des aides accord\u00e9es aux pauvres depuis le d\u00e9but de la pand\u00e9mie. Pour qui conna\u00eet le niveau des in\u00e9galit\u00e9s au Br\u00e9sil et le nombre de pauvres notamment dans les favelas et les zones rurales, cette annonce (plut\u00f4t qu\u2019un constat) sonne comme une d\u00e9claration de guerre au peuple (une de plus, me direz-vous).<\/p>\n<p>L&rsquo;exemple Br\u00e9silien, tr\u00e8s particulier, marqu\u00e9 par une gestion absolument catastrophique de la crise \u00e9pid\u00e9mique (sans parler de la crise environnementale), figure \u00e0 mon avis de mani\u00e8re radicale une sinistre exp\u00e9rience d&rsquo;une politique ultralib\u00e9rale men\u00e9e par un dirigeant d&rsquo;extr\u00eame droite, qui s&rsquo;est vautr\u00e9e lamentablement sur les r\u00e9cifs de la catastrophe \u00e9pid\u00e9mique.<\/p>\n<p>De fait, tous les r\u00e9gimes lib\u00e9raux ou ultralib\u00e9raux, se sont vautr\u00e9s et ont \u00e9t\u00e9 oblig\u00e9s de suspendre ou r\u00e9viser au moins partiellement leurs programmes \u00e9conomiques : la crise oblige l&rsquo;\u00c9tat \u00e0 \u00e9largir ses missions de service public, augmenter ses d\u00e9penses, et reprendre des initiatives qui rel\u00e8vent de ce qu&rsquo;on appelait autrefois l\u2019\u00c9tat-Providence ou du moins d\u2019une forme de social-d\u00e9mocratie qui a recul\u00e9 ces derni\u00e8res d\u00e9cennies partout dans le monde sous les coups de boutoir de la lib\u00e9ralisation (et donc du d\u00e9sengagement de l\u2019\u00c9tat au profit des soci\u00e9t\u00e9s priv\u00e9s du libre march\u00e9 mondialis\u00e9).<\/p>\n<p>En Europe, et particuli\u00e8rement en France, dans la mesure o\u00f9 la crise est survenue avant que la destruction des derni\u00e8res institutions de redistribution de la richesse ait \u00e9t\u00e9 consomm\u00e9e, il restait suffisamment de structures d\u2019aides et de soutien pour limite la casse sociale. Ce n\u2019est \u00e9videmment pas le cas ailleurs\u00a0: les aides apport\u00e9es aux plus pauvres ont d\u00fb passer par un vote et de longues tractations aux \u00c9tats-Unis par exemple. Les USA ont subi de plein fouet la crise pand\u00e9mique, mais les choses auraient pu \u00eatre encore bien pire\u00a0: la structure politique et f\u00e9d\u00e9rale, la puissance des grandes m\u00e9tropoles, constituent autant de contre-pouvoir qui ont limit\u00e9 (tr\u00e8s mal limit\u00e9 mais limit\u00e9 quand m\u00eame) la catastrophe. M\u00eame les \u00e9quipes autour de Trump ont probablement contribu\u00e9 \u00e0 g\u00e9rer le caract\u00e8re lunatique du personnage. C\u2019\u00e9tait moins le cas au Br\u00e9sil, quoique les gouverneurs de certains \u00c9tats ont pu aussi s\u2019opposer plus ou moins efficacement aux d\u00e9lires de Bolsonaro (et dans certains favelas ou dans les r\u00e9gions rurales les ONG ou les gangs ont pris le relais).<\/p>\n<p>La crise pand\u00e9mique est \u00e9videmment loin d\u2019\u00eatre termin\u00e9e, et, de toutes fa\u00e7ons, elle ne sera qu\u2019un \u00e9pisode spectaculaire dans une s\u00e9rie de crises et catastrophes environnementales et sociales qui vont d\u00e9sormais se succ\u00e9der sur la plan\u00e8te. La le\u00e7on de cette crise, de cette nouvelle crise on va dire (le capitalisme est toujours en crise, c\u2019est son \u00e9l\u00e9ment au sens H\u00e9g\u00e9lien du terme si l\u2019on veut), pour ceux qui en doutaient encore c\u2019est que les programmes ultralib\u00e9raux sont dans l\u2019incapacit\u00e9 d\u2019y faire face (sauf \u00e0 se trahir eux-m\u00eames!).<\/p>\n<p>La raison, si l\u2019on adopte un point de vue disons \u00ab\u00a0cynique\u00a0\u00bb, c\u2019est que la crise fait exploser le rapport \u00ab\u00a0acceptable\u00a0\u00bb (du point de vue du profit c\u2019est-\u00e0-dire \u00ab\u00a0rentable\u00a0\u00bb) des in\u00e9galit\u00e9s. Le capitalisme, et plus encore dans sa version lib\u00e9rale ou ultralib\u00e9rale, a besoin des in\u00e9galit\u00e9s, il s\u2019en nourrit. Pour le dire tr\u00e8s caricaturalement, il faut pour que le capital s\u2019engraisse qu\u2019il puisse disposer d\u2019une masse laborieuse suffisamment pauvre pour \u00eatre forc\u00e9e d\u2019accepter de travailler aux salaires les plus bas possibles. Mais il y a une limite \u00e0 cette pauvret\u00e9 n\u00e9cessaire (ou aux in\u00e9galit\u00e9s si l\u2019on pr\u00e9f\u00e8re)\u00a0: trop de pauvres et des pauvres trop pauvres (et surtout sans aucun espoir de sortir de leur situation) conduit aux \u00e9meutes et \u00e0 la guerre civile (le pire des maux disait d\u00e9j\u00e0 le raisonnable et mod\u00e9r\u00e9 Aristote) \u2013 et surtout le risque qu\u2019une majorit\u00e9 prenne conscience du fait que les plus riches se gavent. C\u2019est d\u2019ailleurs la raison pour laquelle tant d\u2019efforts ont \u00e9t\u00e9 accomplis (avec succ\u00e8s chez nous par exemple) pour focaliser l\u2019attention des classes moyennes, ou des gens \u00e0 faibles revenus, sur les plus pauvres qu\u2019eux, les sans emplois, les sans patrimoine, les immigr\u00e9s, lesquels constituent des boucs \u00e9missaires commodes pour le pouvoir. Mais \u00e0 partir du moment o\u00f9 la crise sociale, qui d\u2019ailleurs a commenc\u00e9 bien avant la crise \u00e9pid\u00e9mique, fait basculer ou menace de faire basculer un nombre consid\u00e9rable de personnes dans la pauvret\u00e9, les programmes ultralib\u00e9raux ne tiennent plus. Pour prot\u00e9ger et les populations, et les capitaux et ceux qui les d\u00e9tiennent, il faut mettre en place de toute urgence des programmes d\u2019aides sociales ou de substitut aux salaires, comme on l\u2019a vu chez nous d\u00e8s ce printemps. Ce n\u2019est pas ce que les puissances financi\u00e8res qui avaient port\u00e9 et inspir\u00e9 le gouvernement attendaient, mais, en France en tous cas, m\u00eame les partisans les plus illumin\u00e9s de l\u2019ultralib\u00e9ralisme ont capitul\u00e9 devant ces politiques d\u2019aides et accept\u00e9, certes momentan\u00e9ment, ce changement de cap.<\/p>\n<p>Toute la question d\u00e9sormais est de savoir combien de temps va durer ce \u00ab\u00a0momentan\u00e9ment\u00a0\u00bb. Reprendre, quand la crise sera termin\u00e9e, ce qui n\u2019est pas pour tout de suite loin de l\u00e0, le fil de la lib\u00e9ralisation \u00e9conomique, para\u00eet suicidaire. Faire payer aux populations le remboursement des dettes faramineuses engag\u00e9es \u00e0 l\u2019occasion de cette crise, c\u2019est-\u00e0-dire obliger encore et toujours des milliards de gens \u00e0 se \u00ab\u00a0serrer la ceinture\u00a0\u00bb (voire \u00e0 crever de faim) pendant qu\u2019une minorit\u00e9 accumule de la richesse et s\u2019engraisse pr\u00e9cis\u00e9ment du fait de ces politiques encore plus qu\u2019avant, c\u2019est, pour les r\u00e9gimes qui choisiraient cette voie ouvrir le chemin du pire. Nul doute cependant qu\u2019une bonne partie du monde se pr\u00e9cipitera dans cette voie stupide, entra\u00eenant des cons\u00e9quences dramatiques (d\u00e9j\u00e0 dramatiques sur une bonne partie de la plan\u00e8te du reste et depuis longtemps).<\/p>\n<p>Cette pr\u00e9sentation \u00ab cynique \u00bb des choses peut \u00eatre mise en regard d\u2019une perspective morale ou \u00ab politique \u00bb au sens noble du terme, c\u2019est-\u00e0-dire qui prend au s\u00e9rieux les id\u00e9es de \u00ab bien g\u00e9n\u00e9ral \u00bb, de responsabilit\u00e9 collective. D\u2019une certaine mani\u00e8re, la crise a contribu\u00e9 \u00e0 moraliser quelque peu le capitalisme lib\u00e9ral, ou du moins l\u2019a forc\u00e9 \u00e0 repenser le r\u00f4le et l\u2019objectif de la puissance publique. La comp\u00e9tition inter-\u00e9tatique pour l\u2019acquisition des vaccins, dans l\u2019espoir d\u2019une sortie de crise \u00ab avant ses voisins \u00bb, et donc d\u2019un gain de comp\u00e9titivit\u00e9 pour les march\u00e9s futurs, s\u2019est trouv\u00e9 parfois mod\u00e9r\u00e9e par un souci rationnel (plus que moral) d\u2019attention aux pays les plus faibles (qui ressemblerait de loin \u00e0 une \u00e9bauche de conscience cosmopolitique).<\/p>\n<p>Mais d\u2019un autre c\u00f4t\u00e9, d\u2019une mani\u00e8re assez perverse, elle a aussi renforc\u00e9 le contr\u00f4le (facilit\u00e9 par l\u2019extension des r\u00e9seaux connect\u00e9s) des populations par le pouvoir et promu l\u2019application de politiques de plus en plus s\u00e9curitaire, voire, dans certains cas, favoris\u00e9 l\u2019av\u00e8nement de v\u00e9ritables \u00e9tats policiers, illib\u00e9raux (d\u2019un point de vue moral). La tendance n\u2019\u00e9tait pas nouvelle, y compris en Europe, mais l\u2019hyperindividualisme qui forme depuis les ann\u00e9es 90 le socle des d\u00e9mocraties lib\u00e9rales, hyperindividualisme consubstantiel \u00e0 ces id\u00e9ologies, s\u2019est retourn\u00e9 contre le pouvoir et les populations elles-m\u00eames. En effet, le sens de la responsabilit\u00e9 collective \u00e9tant dans un \u00e9tat d\u00e9l\u00e9t\u00e8re, il a fallu pour lutter contre les effets d\u00e9sastreux de la pand\u00e9mie contraindre les gens par la loi, ou par la force parfois, pour compenser l\u2019absence chez une bonne partie de la population d\u2019un sentiment spontan\u00e9 de responsabilit\u00e9 pour autrui. Les id\u00e9ologies de la gauche humaniste, inspir\u00e9e par exemple par la th\u00e9orie du <em>care<\/em>, en ont pris pour leur grade en constatant l\u2019\u00e9tat catastrophique du sens moral individuel. Et c\u2019est l\u00e0 sans doute un des enseignements les plus inqui\u00e9tants en vue de l\u2019avenir, et des \u00e9preuves qui attendent les soci\u00e9t\u00e9s humaines.<\/p>\n<p>Que faire maintenant\u00a0? La raison raisonnable inspirerait plut\u00f4t un retour \u00e0 des formes de social-d\u00e9mocratie, fond\u00e9e sur l\u2019annulation de la dette (Feu David Graeber, parmi bien d\u2019autres, s\u2019\u00e9tait fait le parangon de cette annulation des dettes, dont on trouve de nombreux exemples dans l\u2019histoire, certes pas au niveau d\u2019une \u00e9conomie financiaris\u00e9e et mondialis\u00e9e), la mise en place d\u2019un revenu universel inconditionn\u00e9, une refonte de l\u2019imposition et une redistribution plus juste des richesses \u00e0 la Thomas Picketty, une taxation des flux financiers, la fin de l\u2019exploitation n\u00e9o-esclavagiste des ressources des pays du sud, sans oublier l\u2019indispensable r\u00e9forme de nos modes de vie pour freiner la catastrophe climatique. On imagine bien que, dans une \u00e9conomie mondialis\u00e9e, ces outils de \u00ab\u00a0r\u00e9paration\u00a0\u00bb ne se manifesteront que de mani\u00e8re sporadique et exp\u00e9rimentale ici et l\u00e0. Une sorte de remise \u00e0 z\u00e9ro qui certes, ne r\u00e9soudrait en rien la question des in\u00e9galit\u00e9s, mais permettrait au moins de laisser une petite chance aux plus pauvres, d\u2019\u00e9viter aux classes moyennes exsangues, et surtout aux g\u00e9n\u00e9rations qui viennent, de basculer d\u00e9finitivement dans la mis\u00e8re, et de permettre \u00e0 tous ces gens de vivre au moins \u00e0 peu pr\u00e8s dignement. Ce n\u2019est pas le Grand Soir, \u00e7a n\u2019a rien d\u2019utopique, \u00e7a ne renverse pas les rapports de force et de pouvoir en place, mais entre croupir dans la mis\u00e8re en attendant je ne sais quelle r\u00e9volution aux aspects pour le moins incertains et vivre un peu moins inconfortablement dans les ann\u00e9es qui viennent \u2013 en attendant la prochaine crise, pragmatiquement, le choix est vite fait de mon c\u00f4t\u00e9 en tous cas.<\/p>\n<p>Nous verrons bien comment les choses \u00e9voluent \u00e0 la fin de cette crise, quand il sera temps de refaire de la politique, et peut-\u00eatre, pour une fois, vraiment, de la politique. Il y aura des \u00e9lections importantes un peu partout dans le monde, et en ce qui nous concerne, nous autres Europ\u00e9ens, en Allemagne d\u00e8s cet automne, ou en France l\u2019ann\u00e9e prochaine (au vu de la nullit\u00e9 consternante des oppositions en France \u00e0 l\u2019occasion de cette crise, l\u2019absence totale de r\u00e9flexion politique s\u00e9rieuse de leur part, leur incapacit\u00e9 \u00e0 ouvrir des espaces de pens\u00e9e au-del\u00e0 de la gestion technocratique de la crise par le gouvernement \u2013 qui a fait, je le r\u00e9p\u00e8te, ce qu\u2019il avait \u00e0 faire, et avec l\u2019efficacit\u00e9 qu\u2019on pouvait attendre d\u2019une gouvernance \u00ab\u00a0des experts\u00a0\u00bb et technocratique \u2013 , bref, j\u2019ai peur que la suite ne soit gu\u00e8re \u00e0 la hauteur des enjeux. On verra bien).<\/p>\n","protected":false},"excerpt":{"rendered":"<p>Le Br\u00e9sil est \u00ab\u00a0quebrada\u00a0\u00bb affirmait hier Bolsonaro, c&rsquo;est \u00e0 dire \u00ab\u00a0fauch\u00e9\u00a0\u00bb, \u00ab\u00a0en faillite\u00a0\u00bb.\u00a0Puis il ajoute\u00a0: \u00ab\u00a0Je ne peux rien faire\u00a0\u00bb. Et pourquoi ne peut-il rien faire\u00a0? Sa r\u00e9ponse est cinglante : \u00ab\u00a0\u00c0 cause de la presse, \u00e0 cause de ce virus aliment\u00e9 par la presse, cette presse sans int\u00e9r\u00eat\u00a0\u00bb. Concr\u00e8tement, cela signifie la fin des&hellip;<\/p>\n <a href=\"https:\/\/outsiderland.com\/danahilliot\/lechec-patent-des-politiques-ultraliberales-en-temps-de-crise-pandemique-et-apres\/\" title=\"L&rsquo;\u00e9chec patent des politiques ultralib\u00e9rales en temps de crise pand\u00e9mique (et apr\u00e8s)\" class=\"entry-more-link\"><span>Read More<\/span> <span class=\"screen-reader-text\">L&rsquo;\u00e9chec patent des politiques ultralib\u00e9rales en temps de crise pand\u00e9mique (et apr\u00e8s)<\/span><\/a>","protected":false},"author":1,"featured_media":3817,"comment_status":"closed","ping_status":"open","sticky":false,"template":"","format":"standard","meta":{"Layout":"","footnotes":"","jetpack_publicize_message":"","jetpack_publicize_feature_enabled":true,"jetpack_social_post_already_shared":false,"jetpack_social_options":{"image_generator_settings":{"template":"highway","default_image_id":0,"font":"","enabled":false},"version":2}},"categories":[64,68,73],"tags":[],"class_list":["entry","author-danah","post-3816","post","type-post","status-publish","format-standard","has-post-thumbnail","category-catastrophe-climatique","category-crise","category-pandemie-covid-19"],"yoast_head":"<!-- This site is optimized with the Yoast SEO plugin v27.0 - https:\/\/yoast.com\/product\/yoast-seo-wordpress\/ -->\n<title>L&#039;\u00e9chec patent des politiques ultralib\u00e9rales en temps de crise pand\u00e9mique (et apr\u00e8s) - Outside Dana Hilliot<\/title>\n<meta name=\"robots\" content=\"index, follow, max-snippet:-1, max-image-preview:large, max-video-preview:-1\" \/>\n<link rel=\"canonical\" href=\"https:\/\/outsiderland.com\/danahilliot\/lechec-patent-des-politiques-ultraliberales-en-temps-de-crise-pandemique-et-apres\/\" \/>\n<meta property=\"og:locale\" content=\"fr_FR\" \/>\n<meta property=\"og:type\" content=\"article\" \/>\n<meta property=\"og:title\" content=\"L&#039;\u00e9chec patent des politiques ultralib\u00e9rales en temps de crise pand\u00e9mique (et apr\u00e8s) - Outside Dana Hilliot\" \/>\n<meta property=\"og:description\" content=\"Le Br\u00e9sil est \u00ab\u00a0quebrada\u00a0\u00bb affirmait hier Bolsonaro, c&rsquo;est \u00e0 dire \u00ab\u00a0fauch\u00e9\u00a0\u00bb, \u00ab\u00a0en faillite\u00a0\u00bb.\u00a0Puis il ajoute\u00a0: \u00ab\u00a0Je ne peux rien faire\u00a0\u00bb. Et pourquoi ne peut-il rien faire\u00a0? Sa r\u00e9ponse est cinglante : \u00ab\u00a0\u00c0 cause de la presse, \u00e0 cause de ce virus aliment\u00e9 par la presse, cette presse sans int\u00e9r\u00eat\u00a0\u00bb. Concr\u00e8tement, cela signifie la fin des&hellip;\" \/>\n<meta property=\"og:url\" content=\"https:\/\/outsiderland.com\/danahilliot\/lechec-patent-des-politiques-ultraliberales-en-temps-de-crise-pandemique-et-apres\/\" \/>\n<meta property=\"og:site_name\" content=\"Outside Dana Hilliot\" \/>\n<meta property=\"article:published_time\" content=\"2021-01-07T14:06:42+00:00\" \/>\n<meta property=\"article:modified_time\" content=\"2021-04-03T16:01:49+00:00\" \/>\n<meta property=\"og:image\" content=\"https:\/\/outsiderland.com\/danahilliot\/wp-content\/uploads\/2021\/01\/bresil-faillite-730x430-1.jpg\" \/>\n\t<meta property=\"og:image:width\" content=\"730\" \/>\n\t<meta property=\"og:image:height\" content=\"430\" \/>\n\t<meta property=\"og:image:type\" content=\"image\/jpeg\" \/>\n<meta name=\"author\" content=\"danah\" \/>\n<meta name=\"twitter:card\" content=\"summary_large_image\" \/>\n<meta name=\"twitter:label1\" content=\"\u00c9crit par\" \/>\n\t<meta name=\"twitter:data1\" content=\"danah\" \/>\n\t<meta name=\"twitter:label2\" content=\"Dur\u00e9e de lecture estim\u00e9e\" \/>\n\t<meta name=\"twitter:data2\" content=\"10 minutes\" \/>\n<script type=\"application\/ld+json\" class=\"yoast-schema-graph\">{\"@context\":\"https:\/\/schema.org\",\"@graph\":[{\"@type\":\"Article\",\"@id\":\"https:\/\/outsiderland.com\/danahilliot\/lechec-patent-des-politiques-ultraliberales-en-temps-de-crise-pandemique-et-apres\/#article\",\"isPartOf\":{\"@id\":\"https:\/\/outsiderland.com\/danahilliot\/lechec-patent-des-politiques-ultraliberales-en-temps-de-crise-pandemique-et-apres\/\"},\"author\":{\"name\":\"danah\",\"@id\":\"https:\/\/outsiderland.com\/danahilliot\/#\/schema\/person\/2f9b92e9fff19bccc36638b10510d5ae\"},\"headline\":\"L&rsquo;\u00e9chec patent des politiques ultralib\u00e9rales en temps de crise pand\u00e9mique (et apr\u00e8s)\",\"datePublished\":\"2021-01-07T14:06:42+00:00\",\"dateModified\":\"2021-04-03T16:01:49+00:00\",\"mainEntityOfPage\":{\"@id\":\"https:\/\/outsiderland.com\/danahilliot\/lechec-patent-des-politiques-ultraliberales-en-temps-de-crise-pandemique-et-apres\/\"},\"wordCount\":1947,\"publisher\":{\"@id\":\"https:\/\/outsiderland.com\/danahilliot\/#\/schema\/person\/201a1fef0f5c2897bd65e98bcf6b1179\"},\"image\":{\"@id\":\"https:\/\/outsiderland.com\/danahilliot\/lechec-patent-des-politiques-ultraliberales-en-temps-de-crise-pandemique-et-apres\/#primaryimage\"},\"thumbnailUrl\":\"https:\/\/outsiderland.com\/danahilliot\/wp-content\/uploads\/2021\/01\/bresil-faillite-730x430-1.jpg\",\"articleSection\":[\"Catastrophe Climatique\",\"Crise\",\"Pand\u00e9mie Covid-19\"],\"inLanguage\":\"fr-FR\"},{\"@type\":\"WebPage\",\"@id\":\"https:\/\/outsiderland.com\/danahilliot\/lechec-patent-des-politiques-ultraliberales-en-temps-de-crise-pandemique-et-apres\/\",\"url\":\"https:\/\/outsiderland.com\/danahilliot\/lechec-patent-des-politiques-ultraliberales-en-temps-de-crise-pandemique-et-apres\/\",\"name\":\"L'\u00e9chec patent des politiques ultralib\u00e9rales en temps de crise pand\u00e9mique (et apr\u00e8s) - Outside Dana Hilliot\",\"isPartOf\":{\"@id\":\"https:\/\/outsiderland.com\/danahilliot\/#website\"},\"primaryImageOfPage\":{\"@id\":\"https:\/\/outsiderland.com\/danahilliot\/lechec-patent-des-politiques-ultraliberales-en-temps-de-crise-pandemique-et-apres\/#primaryimage\"},\"image\":{\"@id\":\"https:\/\/outsiderland.com\/danahilliot\/lechec-patent-des-politiques-ultraliberales-en-temps-de-crise-pandemique-et-apres\/#primaryimage\"},\"thumbnailUrl\":\"https:\/\/outsiderland.com\/danahilliot\/wp-content\/uploads\/2021\/01\/bresil-faillite-730x430-1.jpg\",\"datePublished\":\"2021-01-07T14:06:42+00:00\",\"dateModified\":\"2021-04-03T16:01:49+00:00\",\"breadcrumb\":{\"@id\":\"https:\/\/outsiderland.com\/danahilliot\/lechec-patent-des-politiques-ultraliberales-en-temps-de-crise-pandemique-et-apres\/#breadcrumb\"},\"inLanguage\":\"fr-FR\",\"potentialAction\":[{\"@type\":\"ReadAction\",\"target\":[\"https:\/\/outsiderland.com\/danahilliot\/lechec-patent-des-politiques-ultraliberales-en-temps-de-crise-pandemique-et-apres\/\"]}]},{\"@type\":\"ImageObject\",\"inLanguage\":\"fr-FR\",\"@id\":\"https:\/\/outsiderland.com\/danahilliot\/lechec-patent-des-politiques-ultraliberales-en-temps-de-crise-pandemique-et-apres\/#primaryimage\",\"url\":\"https:\/\/outsiderland.com\/danahilliot\/wp-content\/uploads\/2021\/01\/bresil-faillite-730x430-1.jpg\",\"contentUrl\":\"https:\/\/outsiderland.com\/danahilliot\/wp-content\/uploads\/2021\/01\/bresil-faillite-730x430-1.jpg\",\"width\":730,\"height\":430},{\"@type\":\"BreadcrumbList\",\"@id\":\"https:\/\/outsiderland.com\/danahilliot\/lechec-patent-des-politiques-ultraliberales-en-temps-de-crise-pandemique-et-apres\/#breadcrumb\",\"itemListElement\":[{\"@type\":\"ListItem\",\"position\":1,\"name\":\"Accueil\",\"item\":\"https:\/\/outsiderland.com\/danahilliot\/\"},{\"@type\":\"ListItem\",\"position\":2,\"name\":\"L&rsquo;\u00e9chec patent des politiques ultralib\u00e9rales en temps de crise pand\u00e9mique (et apr\u00e8s)\"}]},{\"@type\":\"WebSite\",\"@id\":\"https:\/\/outsiderland.com\/danahilliot\/#website\",\"url\":\"https:\/\/outsiderland.com\/danahilliot\/\",\"name\":\"Outside Dana Hilliot\",\"description\":\". Archives . Activit\u00e9s . Projets .\",\"publisher\":{\"@id\":\"https:\/\/outsiderland.com\/danahilliot\/#\/schema\/person\/201a1fef0f5c2897bd65e98bcf6b1179\"},\"potentialAction\":[{\"@type\":\"SearchAction\",\"target\":{\"@type\":\"EntryPoint\",\"urlTemplate\":\"https:\/\/outsiderland.com\/danahilliot\/?s={search_term_string}\"},\"query-input\":{\"@type\":\"PropertyValueSpecification\",\"valueRequired\":true,\"valueName\":\"search_term_string\"}}],\"inLanguage\":\"fr-FR\"},{\"@type\":[\"Person\",\"Organization\"],\"@id\":\"https:\/\/outsiderland.com\/danahilliot\/#\/schema\/person\/201a1fef0f5c2897bd65e98bcf6b1179\",\"name\":\"danahilliot\",\"image\":{\"@type\":\"ImageObject\",\"inLanguage\":\"fr-FR\",\"@id\":\"https:\/\/outsiderland.com\/danahilliot\/#\/schema\/person\/image\/\",\"url\":\"https:\/\/outsiderland.com\/danahilliot\/wp-content\/uploads\/2026\/02\/50801449407_a909f2c1ad_k.jpg\",\"contentUrl\":\"https:\/\/outsiderland.com\/danahilliot\/wp-content\/uploads\/2026\/02\/50801449407_a909f2c1ad_k.jpg\",\"width\":2048,\"height\":1536,\"caption\":\"danahilliot\"},\"logo\":{\"@id\":\"https:\/\/outsiderland.com\/danahilliot\/#\/schema\/person\/image\/\"}},{\"@type\":\"Person\",\"@id\":\"https:\/\/outsiderland.com\/danahilliot\/#\/schema\/person\/2f9b92e9fff19bccc36638b10510d5ae\",\"name\":\"danah\",\"image\":{\"@type\":\"ImageObject\",\"inLanguage\":\"fr-FR\",\"@id\":\"https:\/\/outsiderland.com\/danahilliot\/#\/schema\/person\/image\/\",\"url\":\"https:\/\/secure.gravatar.com\/avatar\/ed6349755e1d97f204277de3d09fc6ac31abd856835c8ea3c3a30d0aa84b0ddd?s=96&d=mm&r=g\",\"contentUrl\":\"https:\/\/secure.gravatar.com\/avatar\/ed6349755e1d97f204277de3d09fc6ac31abd856835c8ea3c3a30d0aa84b0ddd?s=96&d=mm&r=g\",\"caption\":\"danah\"},\"url\":\"https:\/\/outsiderland.com\/danahilliot\/author\/danah\/\"}]}<\/script>\n<!-- \/ Yoast SEO plugin. -->","yoast_head_json":{"title":"L'\u00e9chec patent des politiques ultralib\u00e9rales en temps de crise pand\u00e9mique (et apr\u00e8s) - Outside Dana Hilliot","robots":{"index":"index","follow":"follow","max-snippet":"max-snippet:-1","max-image-preview":"max-image-preview:large","max-video-preview":"max-video-preview:-1"},"canonical":"https:\/\/outsiderland.com\/danahilliot\/lechec-patent-des-politiques-ultraliberales-en-temps-de-crise-pandemique-et-apres\/","og_locale":"fr_FR","og_type":"article","og_title":"L'\u00e9chec patent des politiques ultralib\u00e9rales en temps de crise pand\u00e9mique (et apr\u00e8s) - Outside Dana Hilliot","og_description":"Le Br\u00e9sil est \u00ab\u00a0quebrada\u00a0\u00bb affirmait hier Bolsonaro, c&rsquo;est \u00e0 dire \u00ab\u00a0fauch\u00e9\u00a0\u00bb, \u00ab\u00a0en faillite\u00a0\u00bb.\u00a0Puis il ajoute\u00a0: \u00ab\u00a0Je ne peux rien faire\u00a0\u00bb. Et pourquoi ne peut-il rien faire\u00a0? Sa r\u00e9ponse est cinglante : \u00ab\u00a0\u00c0 cause de la presse, \u00e0 cause de ce virus aliment\u00e9 par la presse, cette presse sans int\u00e9r\u00eat\u00a0\u00bb. Concr\u00e8tement, cela signifie la fin des&hellip;","og_url":"https:\/\/outsiderland.com\/danahilliot\/lechec-patent-des-politiques-ultraliberales-en-temps-de-crise-pandemique-et-apres\/","og_site_name":"Outside Dana Hilliot","article_published_time":"2021-01-07T14:06:42+00:00","article_modified_time":"2021-04-03T16:01:49+00:00","og_image":[{"width":730,"height":430,"url":"https:\/\/outsiderland.com\/danahilliot\/wp-content\/uploads\/2021\/01\/bresil-faillite-730x430-1.jpg","type":"image\/jpeg"}],"author":"danah","twitter_card":"summary_large_image","twitter_misc":{"\u00c9crit par":"danah","Dur\u00e9e de lecture estim\u00e9e":"10 minutes"},"schema":{"@context":"https:\/\/schema.org","@graph":[{"@type":"Article","@id":"https:\/\/outsiderland.com\/danahilliot\/lechec-patent-des-politiques-ultraliberales-en-temps-de-crise-pandemique-et-apres\/#article","isPartOf":{"@id":"https:\/\/outsiderland.com\/danahilliot\/lechec-patent-des-politiques-ultraliberales-en-temps-de-crise-pandemique-et-apres\/"},"author":{"name":"danah","@id":"https:\/\/outsiderland.com\/danahilliot\/#\/schema\/person\/2f9b92e9fff19bccc36638b10510d5ae"},"headline":"L&rsquo;\u00e9chec patent des politiques ultralib\u00e9rales en temps de crise pand\u00e9mique (et apr\u00e8s)","datePublished":"2021-01-07T14:06:42+00:00","dateModified":"2021-04-03T16:01:49+00:00","mainEntityOfPage":{"@id":"https:\/\/outsiderland.com\/danahilliot\/lechec-patent-des-politiques-ultraliberales-en-temps-de-crise-pandemique-et-apres\/"},"wordCount":1947,"publisher":{"@id":"https:\/\/outsiderland.com\/danahilliot\/#\/schema\/person\/201a1fef0f5c2897bd65e98bcf6b1179"},"image":{"@id":"https:\/\/outsiderland.com\/danahilliot\/lechec-patent-des-politiques-ultraliberales-en-temps-de-crise-pandemique-et-apres\/#primaryimage"},"thumbnailUrl":"https:\/\/outsiderland.com\/danahilliot\/wp-content\/uploads\/2021\/01\/bresil-faillite-730x430-1.jpg","articleSection":["Catastrophe Climatique","Crise","Pand\u00e9mie Covid-19"],"inLanguage":"fr-FR"},{"@type":"WebPage","@id":"https:\/\/outsiderland.com\/danahilliot\/lechec-patent-des-politiques-ultraliberales-en-temps-de-crise-pandemique-et-apres\/","url":"https:\/\/outsiderland.com\/danahilliot\/lechec-patent-des-politiques-ultraliberales-en-temps-de-crise-pandemique-et-apres\/","name":"L'\u00e9chec patent des politiques ultralib\u00e9rales en temps de crise pand\u00e9mique (et apr\u00e8s) - Outside Dana Hilliot","isPartOf":{"@id":"https:\/\/outsiderland.com\/danahilliot\/#website"},"primaryImageOfPage":{"@id":"https:\/\/outsiderland.com\/danahilliot\/lechec-patent-des-politiques-ultraliberales-en-temps-de-crise-pandemique-et-apres\/#primaryimage"},"image":{"@id":"https:\/\/outsiderland.com\/danahilliot\/lechec-patent-des-politiques-ultraliberales-en-temps-de-crise-pandemique-et-apres\/#primaryimage"},"thumbnailUrl":"https:\/\/outsiderland.com\/danahilliot\/wp-content\/uploads\/2021\/01\/bresil-faillite-730x430-1.jpg","datePublished":"2021-01-07T14:06:42+00:00","dateModified":"2021-04-03T16:01:49+00:00","breadcrumb":{"@id":"https:\/\/outsiderland.com\/danahilliot\/lechec-patent-des-politiques-ultraliberales-en-temps-de-crise-pandemique-et-apres\/#breadcrumb"},"inLanguage":"fr-FR","potentialAction":[{"@type":"ReadAction","target":["https:\/\/outsiderland.com\/danahilliot\/lechec-patent-des-politiques-ultraliberales-en-temps-de-crise-pandemique-et-apres\/"]}]},{"@type":"ImageObject","inLanguage":"fr-FR","@id":"https:\/\/outsiderland.com\/danahilliot\/lechec-patent-des-politiques-ultraliberales-en-temps-de-crise-pandemique-et-apres\/#primaryimage","url":"https:\/\/outsiderland.com\/danahilliot\/wp-content\/uploads\/2021\/01\/bresil-faillite-730x430-1.jpg","contentUrl":"https:\/\/outsiderland.com\/danahilliot\/wp-content\/uploads\/2021\/01\/bresil-faillite-730x430-1.jpg","width":730,"height":430},{"@type":"BreadcrumbList","@id":"https:\/\/outsiderland.com\/danahilliot\/lechec-patent-des-politiques-ultraliberales-en-temps-de-crise-pandemique-et-apres\/#breadcrumb","itemListElement":[{"@type":"ListItem","position":1,"name":"Accueil","item":"https:\/\/outsiderland.com\/danahilliot\/"},{"@type":"ListItem","position":2,"name":"L&rsquo;\u00e9chec patent des politiques ultralib\u00e9rales en temps de crise pand\u00e9mique (et apr\u00e8s)"}]},{"@type":"WebSite","@id":"https:\/\/outsiderland.com\/danahilliot\/#website","url":"https:\/\/outsiderland.com\/danahilliot\/","name":"Outside Dana Hilliot","description":". Archives . Activit\u00e9s . Projets .","publisher":{"@id":"https:\/\/outsiderland.com\/danahilliot\/#\/schema\/person\/201a1fef0f5c2897bd65e98bcf6b1179"},"potentialAction":[{"@type":"SearchAction","target":{"@type":"EntryPoint","urlTemplate":"https:\/\/outsiderland.com\/danahilliot\/?s={search_term_string}"},"query-input":{"@type":"PropertyValueSpecification","valueRequired":true,"valueName":"search_term_string"}}],"inLanguage":"fr-FR"},{"@type":["Person","Organization"],"@id":"https:\/\/outsiderland.com\/danahilliot\/#\/schema\/person\/201a1fef0f5c2897bd65e98bcf6b1179","name":"danahilliot","image":{"@type":"ImageObject","inLanguage":"fr-FR","@id":"https:\/\/outsiderland.com\/danahilliot\/#\/schema\/person\/image\/","url":"https:\/\/outsiderland.com\/danahilliot\/wp-content\/uploads\/2026\/02\/50801449407_a909f2c1ad_k.jpg","contentUrl":"https:\/\/outsiderland.com\/danahilliot\/wp-content\/uploads\/2026\/02\/50801449407_a909f2c1ad_k.jpg","width":2048,"height":1536,"caption":"danahilliot"},"logo":{"@id":"https:\/\/outsiderland.com\/danahilliot\/#\/schema\/person\/image\/"}},{"@type":"Person","@id":"https:\/\/outsiderland.com\/danahilliot\/#\/schema\/person\/2f9b92e9fff19bccc36638b10510d5ae","name":"danah","image":{"@type":"ImageObject","inLanguage":"fr-FR","@id":"https:\/\/outsiderland.com\/danahilliot\/#\/schema\/person\/image\/","url":"https:\/\/secure.gravatar.com\/avatar\/ed6349755e1d97f204277de3d09fc6ac31abd856835c8ea3c3a30d0aa84b0ddd?s=96&d=mm&r=g","contentUrl":"https:\/\/secure.gravatar.com\/avatar\/ed6349755e1d97f204277de3d09fc6ac31abd856835c8ea3c3a30d0aa84b0ddd?s=96&d=mm&r=g","caption":"danah"},"url":"https:\/\/outsiderland.com\/danahilliot\/author\/danah\/"}]}},"jetpack_publicize_connections":[],"_links":{"self":[{"href":"https:\/\/outsiderland.com\/danahilliot\/wp-json\/wp\/v2\/posts\/3816","targetHints":{"allow":["GET"]}}],"collection":[{"href":"https:\/\/outsiderland.com\/danahilliot\/wp-json\/wp\/v2\/posts"}],"about":[{"href":"https:\/\/outsiderland.com\/danahilliot\/wp-json\/wp\/v2\/types\/post"}],"author":[{"embeddable":true,"href":"https:\/\/outsiderland.com\/danahilliot\/wp-json\/wp\/v2\/users\/1"}],"replies":[{"embeddable":true,"href":"https:\/\/outsiderland.com\/danahilliot\/wp-json\/wp\/v2\/comments?post=3816"}],"version-history":[{"count":2,"href":"https:\/\/outsiderland.com\/danahilliot\/wp-json\/wp\/v2\/posts\/3816\/revisions"}],"predecessor-version":[{"id":3819,"href":"https:\/\/outsiderland.com\/danahilliot\/wp-json\/wp\/v2\/posts\/3816\/revisions\/3819"}],"wp:featuredmedia":[{"embeddable":true,"href":"https:\/\/outsiderland.com\/danahilliot\/wp-json\/wp\/v2\/media\/3817"}],"wp:attachment":[{"href":"https:\/\/outsiderland.com\/danahilliot\/wp-json\/wp\/v2\/media?parent=3816"}],"wp:term":[{"taxonomy":"category","embeddable":true,"href":"https:\/\/outsiderland.com\/danahilliot\/wp-json\/wp\/v2\/categories?post=3816"},{"taxonomy":"post_tag","embeddable":true,"href":"https:\/\/outsiderland.com\/danahilliot\/wp-json\/wp\/v2\/tags?post=3816"}],"curies":[{"name":"wp","href":"https:\/\/api.w.org\/{rel}","templated":true}]}}