{"id":3812,"date":"2020-12-23T08:45:34","date_gmt":"2020-12-23T08:45:34","guid":{"rendered":"https:\/\/outsiderland.com\/danahilliot\/?p=3812"},"modified":"2021-04-03T16:01:49","modified_gmt":"2021-04-03T16:01:49","slug":"le-secteur-culturel-comme-nouvel-acteur-de-la-sante-mentale","status":"publish","type":"post","link":"https:\/\/outsiderland.com\/danahilliot\/le-secteur-culturel-comme-nouvel-acteur-de-la-sante-mentale\/","title":{"rendered":"Le secteur culturel comme nouvel acteur de la sant\u00e9 mentale"},"content":{"rendered":"<div>\n<div class=\"\" dir=\"auto\">\n<div id=\"jsc_c_3p\" class=\"ecm0bbzt hv4rvrfc e5nlhep0 dati1w0a\" data-ad-comet-preview=\"message\" data-ad-preview=\"message\">\n<div class=\"j83agx80 cbu4d94t ew0dbk1b irj2b8pg\">\n<div class=\"qzhwtbm6 knvmm38d\">\n<div class=\"kvgmc6g5 cxmmr5t8 oygrvhab hcukyx3x c1et5uql ii04i59q\">\n<div dir=\"auto\">Le monde de la culture se fend d\u2019une nouvelle tribune qui s\u2019ouvre sur cet appel \u00e0 l\u2019aide : \u00ab Nous avons besoin de vous ! \u00bb.<\/div>\n<div dir=\"auto\"><a href=\"https:\/\/www.francetvinfo.fr\/culture\/tribune-nous-avons-besoin-de-vous-artistes-et-professionnels-du-monde-du-spectacle-demandent-la-reouverture-de-tous-les-lieux-culturels_4227211.html\">https:\/\/www.francetvinfo.fr\/culture\/tribune-nous-avons-besoin-de-vous-artistes-et-professionnels-du-monde-du-spectacle-demandent-la-reouverture-de-tous-les-lieux-culturels_4227211.html<\/a><\/div>\n<\/div>\n<div class=\"o9v6fnle cxmmr5t8 oygrvhab hcukyx3x c1et5uql ii04i59q\">\n<div dir=\"auto\">Mais qui \u00e7a \u00ab nous \u00bb ? Et qui \u00e7a \u00ab vous \u00bb ?<\/div>\n<div dir=\"auto\"><\/div>\n<\/div>\n<div class=\"o9v6fnle cxmmr5t8 oygrvhab hcukyx3x c1et5uql ii04i59q\">\n<div dir=\"auto\">Tout cela para\u00eet assez flou. Se pourrait-il, horreur !, que le \u00ab vous \u00bb d\u00e9signe les repr\u00e9sentants du pouvoir, le Pr\u00e9sident de la R\u00e9publique, le premier ministre, le ministre de la culture ou de la sant\u00e9. Notons d\u2019ailleurs que le seul nom propre mentionn\u00e9 dans cette lettre est celui d\u2019Olivier V\u00e9ran, le ministre de la sant\u00e9. C\u2019est int\u00e9ressant n\u2019est-ce pas, que le soi-disant monde de la culture s\u2019adresse au monde de la sant\u00e9.<\/div>\n<div dir=\"auto\"><\/div>\n<\/div>\n<div class=\"o9v6fnle cxmmr5t8 oygrvhab hcukyx3x c1et5uql ii04i59q\">\n<div dir=\"auto\">Et qui \u00e7a \u00ab nous \u00bb ? Dieu merci, il existe une multiplicit\u00e9 de \u00ab mondes de la culture \u00bb, et beaucoup de ces mondes ne se reconna\u00eetront pas dans l&rsquo;auto-portrait qui se manifeste dans cette tribune. La plupart sont plus discrets et on ne les entend gu\u00e8re se plaindre. Ils ont renonc\u00e9 ou rechignent \u00e0 demander de l\u2019aide, se d\u00e9brouillent sans le secours de l\u2019\u00c9tat, n\u2019aiment pas bien se vendre ou vendre quoi que ce soit. Ils n\u2019ont pas grand-chose en commun donc avec les signataires de cet appel, lesquels ont beau jeu de jouer les h\u00e9rauts et les porte-paroles de la \u00ab culture \u00bb, quand ils n\u2019en repr\u00e9sentent \u00e0 l\u2019\u00e9vidence qu\u2019une partie.<\/div>\n<div dir=\"auto\"><\/div>\n<\/div>\n<div class=\"o9v6fnle cxmmr5t8 oygrvhab hcukyx3x c1et5uql ii04i59q\">\n<div dir=\"auto\">Il suffit de d\u00e9cortiquer un peu le texte. Passons sur les litanies romantiques par lesquelles \u00ab\u00a0la culture\u00a0\u00bb aime d\u2019habitude \u00e0 se d\u00e9crire elle-m\u00eame, disons, le registre de la \u00ab cr\u00e9ation \u00bb. Le vocabulaire dominant ici n\u2019est pas celui-l\u00e0, mais celui de l\u2019industrie, du commerce, des recettes et des d\u00e9penses. Le \u00ab secteur \u00bb subit une \u00ab crise \u00e9conomique \u00bb, alors qu\u2019il contribue \u00e0 l\u2019 \u00ab \u00e9conomie nationale \u00bb &#8211; et c\u2019est sans vergogne et toute honte bue qu\u2019on assume les chiffres : \u00ab elle contribue sept fois plus que l\u2019automobile, elle contribue presque autant que le secteur agro-alimentaire et repr\u00e9sente 2,3% du PIB fran\u00e7ais \u00bb. Les bagnoles et le saucisson donc. L\u2019art et le lard comme aurait dit Duchamp. Et \u00e7a continue, c\u2019est manifestement surtout une histoire d\u2019argent, d\u2019ailleurs, le monde de la culture n\u2019est-il pas une \u00ab industrie \u00bb ? On y passe du temps, et le temps c\u2019est de \u00ab l\u2019argent d\u00e9pens\u00e9 \u00bb pour continuer \u00e0 \u00ab fonctionner \u00bb (mais aussi tout de m\u00eame \u00e0 cr\u00e9er, jouer et \u00ab accueillir \u00bb &#8211; ce qui me laisse songeur. Faudrait voir \u00e0 pas marcher sur les plates-bandes de l\u2019h\u00f4tellerie et des bars non plus). On parle de cr\u00e9ation, certes, mais aussi, et avec un prosa\u00efsme digne d\u2019un expert-comptable, de \u00ab rentrer dans ses frais et de ne pas jouer \u00e0 perte. \u00bb<\/div>\n<div dir=\"auto\"><\/div>\n<\/div>\n<div class=\"o9v6fnle cxmmr5t8 oygrvhab hcukyx3x c1et5uql ii04i59q\">\n<div dir=\"auto\">C\u2019est ainsi que ce monde de la culture l\u00e0 s\u2019adresse \u00e0 l\u2019\u00c9tat : on parle gros sous. Apr\u00e8s tout, la France est le pays des subventions \u00e0 la culture, un bon artiste sait remplir des dossiers de subventions et s\u00e9duire les d\u00e9cideurs culturels (Je pr\u00e9cise \u00ab\u00a0la France\u00a0\u00bb parce que, dans l&rsquo;immense majorit\u00e9 des nations du monde, l&rsquo;artiste se d\u00e9brouille autrement, et n&rsquo;attend pas grand chose des pouvoirs publics. C&rsquo;est sans doute la raison pour laquelle les \u0153uvres du secteur culturel Fran\u00e7ais brillent ainsi au firmament de la culture mondiale, \u00e9clipsant par leur g\u00e9nie toutes les autres nations. Je plaisante \u00e9videmment). C\u2019est une bonne partie du job, apprendre \u00e0 manier la novlangue et le jargon des collectivit\u00e9s locales et nationales en charge de l&rsquo;\u00e9tude de ces pr\u00e9cieux dossier &#8211; une comp\u00e9tence \u00ab\u00a0administrative\u00a0\u00bb qui fait a diff\u00e9rence n&rsquo;est-ce pas (et dieu sait que nombre d&rsquo;amis artistes qui ont choisi de jouer \u00e0 ce jeu s&rsquo;en plaignent !).<\/div>\n<div dir=\"auto\"><\/div>\n<\/div>\n<div class=\"o9v6fnle cxmmr5t8 oygrvhab hcukyx3x c1et5uql ii04i59q\">\n<div dir=\"auto\">Mais il ne s\u2019agit pas seulement d\u2019argent, car, voyez-vous, et c\u2019est une r\u00e9v\u00e9lation, les artistes, les com\u00e9diens, les musiciens, sont aussi des acteurs de la sant\u00e9 mentale. On ne s\u2019y attendait pas. La sant\u00e9 mentale est \u00e0 la mode depuis l\u2019explosion de la pand\u00e9mie et le d\u00e9ploiement des mesures sanitaires. Depuis quelques semaines, les psychiatres sont invit\u00e9s sur les plateaux de t\u00e9l\u00e9vision pour alerter sur les effets de la crise sur nos cerveaux et nos dispositions cognitives et comportementales. H\u00e9 bien, il faut toute affaire cessante recourir au \u00ab secteur culturel \u00bb, et c\u2019est la raison pour laquelle on lit dans la tribune cet appel du pied au ministre de la sant\u00e9 : car les artistes sont d\u2019ores et d\u00e9j\u00e0 pr\u00eats \u00e0 rejoindre la cohorte des m\u00e9decins, infirmiers, ambulanciers et aides-soignants. Car, voyez-vous, la culture \u00ab r\u00e9pond \u00e0 l&rsquo;irr\u00e9pressible besoin de r\u00eaver, d\u2019\u00eatre \u00e9mu, de danser, d\u2019\u00e9couter des histoires qui transportent et qui permettent de comprendre le monde qui nous entoure, de le supporter quand il devient trop fou, trop violent, trop dur. \u00bb C\u2019est \u00e0 pleurer. Aux m\u00e9decins les psychotropes, aux artistes les \u00e9motions positives et les consolations, le divertissement, les histoires qui font oublier provisoirement les malheurs du temps. Tout cela sent le d\u00e9veloppement personnel \u00e0 plein nez.<\/div>\n<\/div>\n<div class=\"o9v6fnle cxmmr5t8 oygrvhab hcukyx3x c1et5uql ii04i59q\">\n<div dir=\"auto\">Toutefois, au d\u00e9tour de cette envol\u00e9e lyrique, il est soudain question, comme en passant, comme si \u00e7a \u00ab allait de soi \u00bb, de \u00ab comprendre le monde \u00bb. Le monde, c\u2019est-\u00e0-dire je suppose \u00ab le public \u00bb, a besoin de \u00ab ce \u00bb secteur culturel pour \u00ab comprendre \u00bb. Il n\u2019est pas tant question de prendre de la hauteur, d\u2019interroger le pr\u00e9sent et d\u2019imaginer le monde qui vient. L\u2019\u0153uvre de l\u2019art ne consiste pas tant \u00e0 planter ses griffes ac\u00e9r\u00e9es sur nos mani\u00e8res de vivre et de penser, on n\u2019y trouvera ni perspective morale, ni politique, encore moins philosophique, non. Il s\u2019agit juste de mettre un peu de cr\u00e8me apaisante sur ce monde qui devient \u00ab trop fou, trop violent, trop dur \u00bb. Au risque de les d\u00e9primer encore plus, j\u2019ajouterais, non sans perfidie, que \u00e7a n\u2019est rien \u00e0 c\u00f4t\u00e9 de ce que le futur nous r\u00e9serve mes pauvres lapinours. Je note aussi le proc\u00e8s du gouvernement en \u00ab infantilisation \u00bb, qu\u2019on a d\u00e9j\u00e0 entendu ici et l\u00e0 : malheureusement, j\u2019ai bien peur \u00e0 lire cette tribune qu\u2019il soit justifi\u00e9e.<\/div>\n<div dir=\"auto\"><\/div>\n<div dir=\"auto\">Pour en revenir sur ce \u00ab nous \u00bb qui appelle \u00e0 l\u2019aide, il ne d\u00e9signe rien d\u2019autre qu\u2019une corporation cens\u00e9e prendre soin des autres, de tous les autres (du moment qu\u2019ils payent leur place au th\u00e9\u00e2tre). On est \u00e0 des mill\u00e9naires d\u2019un expression de \u00ab responsabilit\u00e9 collective \u00bb, d\u2019un \u00ab sens civique \u00bb m\u00eame minimal.<\/div>\n<\/div>\n<div dir=\"auto\"><\/div>\n<div class=\"o9v6fnle cxmmr5t8 oygrvhab hcukyx3x c1et5uql ii04i59q\">\n<div dir=\"auto\">L\u2019aspect le plus frappant du texte, \u00e0 mon sens, et particuli\u00e8rement symptomatique de la position de ses auteurs au sein de la communaut\u00e9 sociale, c\u2019est qu\u2019il n\u2019est quasiment pas question de la crise actuelle : la pand\u00e9mie, ses ravages un peu partout sur la plan\u00e8te, l\u2019incertitude dans laquelle elle nous plonge, y compris les responsables en charge des politiques sanitaires. On a l\u2019impression que les acteurs du \u00ab secteur culturel \u00bb qui se manifestent ici sont totalement pass\u00e9s \u00e0 c\u00f4t\u00e9 de la dimension extraordinaire de ce qui nous est tomb\u00e9 dessus depuis bient\u00f4t un an, qu\u2019ils n\u2019en ont absolument pas pris la mesure, et qu\u2019ils n\u2019ont qu\u2019une h\u00e2te : que tout red\u00e9marre \u00ab comme avant \u00bb, leur petit business, leur interview dans les journaux culturels, leurs spectacles inoffensifs. Remplacez dans tout ce texte l\u2019expression \u00ab secteur culturel \u00bb par \u00ab discoth\u00e8ques et bars-restaurants \u00bb, \u00e0 deux ou trois mots pr\u00e8s, \u00e7a ne fera gu\u00e8re de diff\u00e9rence.<\/div>\n<div dir=\"auto\"><\/div>\n<\/div>\n<div class=\"o9v6fnle cxmmr5t8 oygrvhab hcukyx3x c1et5uql ii04i59q\">\n<div dir=\"auto\">NB : une petite remarque concernant l\u2019ouverture \u00e9ventuelle des lieux de spectacle. 30 personnes dans une chapelle pour \u00e9couter un quatuor \u00e0 cordes romantique, \u00e0 distance respectable les une des autres, effectivement, \u00e7a ne pose gu\u00e8re de probl\u00e8mes d&rsquo;un point de vue sanitaire. Mais quid des musiques actuelles, le concert de hardcore o\u00f9 tout le monde a picol\u00e9 avant d&rsquo;entrer et o\u00f9 il est difficile de r\u00e9sister \u00e0 l&rsquo;appel du pogo (moi je peux pas r\u00e9sister). Qu\u2019en pensent les auteurs de cette tribune. Seraient-ils pr\u00eats \u00e0 sacrifier les \u00ab musiques actuelles \u00bb &#8211; ce qui revient \u00e0 s\u00e9lectionner le public soit-dit en passant, souvent les plus jeunes et les moins fortun\u00e9s d\u2019ailleurs. Je n\u2019ai pas lu un mot \u00e0 ce sujet.<\/div>\n<\/div>\n<\/div>\n<\/div>\n<\/div>\n<\/div>\n<\/div>\n","protected":false},"excerpt":{"rendered":"<p>Le monde de la culture se fend d\u2019une nouvelle tribune qui s\u2019ouvre sur cet appel \u00e0 l\u2019aide : \u00ab Nous avons besoin de vous ! \u00bb. https:\/\/www.francetvinfo.fr\/culture\/tribune-nous-avons-besoin-de-vous-artistes-et-professionnels-du-monde-du-spectacle-demandent-la-reouverture-de-tous-les-lieux-culturels_4227211.html Mais qui \u00e7a \u00ab nous \u00bb ? Et qui \u00e7a \u00ab vous \u00bb ? Tout cela para\u00eet assez flou. Se pourrait-il, horreur !, que le \u00ab vous \u00bb&hellip;<\/p>\n <a href=\"https:\/\/outsiderland.com\/danahilliot\/le-secteur-culturel-comme-nouvel-acteur-de-la-sante-mentale\/\" title=\"Le secteur culturel comme nouvel acteur de la sant\u00e9 mentale\" class=\"entry-more-link\"><span>Read More<\/span> <span class=\"screen-reader-text\">Le secteur culturel comme nouvel acteur de la sant\u00e9 mentale<\/span><\/a>","protected":false},"author":1,"featured_media":0,"comment_status":"closed","ping_status":"open","sticky":false,"template":"","format":"standard","meta":{"Layout":"","footnotes":"","jetpack_publicize_message":"","jetpack_publicize_feature_enabled":true,"jetpack_social_post_already_shared":false,"jetpack_social_options":{"image_generator_settings":{"template":"highway","default_image_id":0,"font":"","enabled":false},"version":2}},"categories":[57,68,73],"tags":[],"class_list":["entry","author-danah","post-3812","post","type-post","status-publish","format-standard","category-articles","category-crise","category-pandemie-covid-19"],"yoast_head":"<!-- This site is optimized with the Yoast SEO plugin v27.0 - https:\/\/yoast.com\/product\/yoast-seo-wordpress\/ -->\n<title>Le secteur culturel comme nouvel acteur de la sant\u00e9 mentale - Outside Dana Hilliot<\/title>\n<meta name=\"robots\" content=\"index, follow, max-snippet:-1, max-image-preview:large, max-video-preview:-1\" \/>\n<link rel=\"canonical\" href=\"https:\/\/outsiderland.com\/danahilliot\/le-secteur-culturel-comme-nouvel-acteur-de-la-sante-mentale\/\" \/>\n<meta property=\"og:locale\" content=\"fr_FR\" \/>\n<meta property=\"og:type\" content=\"article\" \/>\n<meta property=\"og:title\" content=\"Le secteur culturel comme nouvel acteur de la sant\u00e9 mentale - Outside Dana Hilliot\" \/>\n<meta property=\"og:description\" content=\"Le monde de la culture se fend d\u2019une nouvelle tribune qui s\u2019ouvre sur cet appel \u00e0 l\u2019aide : \u00ab Nous avons besoin de vous ! \u00bb. https:\/\/www.francetvinfo.fr\/culture\/tribune-nous-avons-besoin-de-vous-artistes-et-professionnels-du-monde-du-spectacle-demandent-la-reouverture-de-tous-les-lieux-culturels_4227211.html Mais qui \u00e7a \u00ab nous \u00bb ? Et qui \u00e7a \u00ab vous \u00bb ? Tout cela para\u00eet assez flou. Se pourrait-il, horreur !, que le \u00ab vous \u00bb&hellip;\" \/>\n<meta property=\"og:url\" content=\"https:\/\/outsiderland.com\/danahilliot\/le-secteur-culturel-comme-nouvel-acteur-de-la-sante-mentale\/\" \/>\n<meta property=\"og:site_name\" content=\"Outside Dana Hilliot\" \/>\n<meta property=\"article:published_time\" content=\"2020-12-23T08:45:34+00:00\" \/>\n<meta property=\"article:modified_time\" content=\"2021-04-03T16:01:49+00:00\" \/>\n<meta name=\"author\" content=\"danah\" \/>\n<meta name=\"twitter:card\" content=\"summary_large_image\" \/>\n<meta name=\"twitter:label1\" content=\"\u00c9crit par\" \/>\n\t<meta name=\"twitter:data1\" content=\"danah\" \/>\n\t<meta name=\"twitter:label2\" content=\"Dur\u00e9e de lecture estim\u00e9e\" \/>\n\t<meta name=\"twitter:data2\" content=\"7 minutes\" \/>\n<script type=\"application\/ld+json\" class=\"yoast-schema-graph\">{\"@context\":\"https:\/\/schema.org\",\"@graph\":[{\"@type\":\"Article\",\"@id\":\"https:\/\/outsiderland.com\/danahilliot\/le-secteur-culturel-comme-nouvel-acteur-de-la-sante-mentale\/#article\",\"isPartOf\":{\"@id\":\"https:\/\/outsiderland.com\/danahilliot\/le-secteur-culturel-comme-nouvel-acteur-de-la-sante-mentale\/\"},\"author\":{\"name\":\"danah\",\"@id\":\"https:\/\/outsiderland.com\/danahilliot\/#\/schema\/person\/2f9b92e9fff19bccc36638b10510d5ae\"},\"headline\":\"Le secteur culturel comme nouvel acteur de la sant\u00e9 mentale\",\"datePublished\":\"2020-12-23T08:45:34+00:00\",\"dateModified\":\"2021-04-03T16:01:49+00:00\",\"mainEntityOfPage\":{\"@id\":\"https:\/\/outsiderland.com\/danahilliot\/le-secteur-culturel-comme-nouvel-acteur-de-la-sante-mentale\/\"},\"wordCount\":1409,\"publisher\":{\"@id\":\"https:\/\/outsiderland.com\/danahilliot\/#\/schema\/person\/201a1fef0f5c2897bd65e98bcf6b1179\"},\"articleSection\":[\"Articles\",\"Crise\",\"Pand\u00e9mie Covid-19\"],\"inLanguage\":\"fr-FR\"},{\"@type\":\"WebPage\",\"@id\":\"https:\/\/outsiderland.com\/danahilliot\/le-secteur-culturel-comme-nouvel-acteur-de-la-sante-mentale\/\",\"url\":\"https:\/\/outsiderland.com\/danahilliot\/le-secteur-culturel-comme-nouvel-acteur-de-la-sante-mentale\/\",\"name\":\"Le secteur culturel comme nouvel acteur de la sant\u00e9 mentale - Outside Dana Hilliot\",\"isPartOf\":{\"@id\":\"https:\/\/outsiderland.com\/danahilliot\/#website\"},\"datePublished\":\"2020-12-23T08:45:34+00:00\",\"dateModified\":\"2021-04-03T16:01:49+00:00\",\"breadcrumb\":{\"@id\":\"https:\/\/outsiderland.com\/danahilliot\/le-secteur-culturel-comme-nouvel-acteur-de-la-sante-mentale\/#breadcrumb\"},\"inLanguage\":\"fr-FR\",\"potentialAction\":[{\"@type\":\"ReadAction\",\"target\":[\"https:\/\/outsiderland.com\/danahilliot\/le-secteur-culturel-comme-nouvel-acteur-de-la-sante-mentale\/\"]}]},{\"@type\":\"BreadcrumbList\",\"@id\":\"https:\/\/outsiderland.com\/danahilliot\/le-secteur-culturel-comme-nouvel-acteur-de-la-sante-mentale\/#breadcrumb\",\"itemListElement\":[{\"@type\":\"ListItem\",\"position\":1,\"name\":\"Accueil\",\"item\":\"https:\/\/outsiderland.com\/danahilliot\/\"},{\"@type\":\"ListItem\",\"position\":2,\"name\":\"Le secteur culturel comme nouvel acteur de la sant\u00e9 mentale\"}]},{\"@type\":\"WebSite\",\"@id\":\"https:\/\/outsiderland.com\/danahilliot\/#website\",\"url\":\"https:\/\/outsiderland.com\/danahilliot\/\",\"name\":\"Outside Dana Hilliot\",\"description\":\". Archives . Activit\u00e9s . Projets .\",\"publisher\":{\"@id\":\"https:\/\/outsiderland.com\/danahilliot\/#\/schema\/person\/201a1fef0f5c2897bd65e98bcf6b1179\"},\"potentialAction\":[{\"@type\":\"SearchAction\",\"target\":{\"@type\":\"EntryPoint\",\"urlTemplate\":\"https:\/\/outsiderland.com\/danahilliot\/?s={search_term_string}\"},\"query-input\":{\"@type\":\"PropertyValueSpecification\",\"valueRequired\":true,\"valueName\":\"search_term_string\"}}],\"inLanguage\":\"fr-FR\"},{\"@type\":[\"Person\",\"Organization\"],\"@id\":\"https:\/\/outsiderland.com\/danahilliot\/#\/schema\/person\/201a1fef0f5c2897bd65e98bcf6b1179\",\"name\":\"danahilliot\",\"image\":{\"@type\":\"ImageObject\",\"inLanguage\":\"fr-FR\",\"@id\":\"https:\/\/outsiderland.com\/danahilliot\/#\/schema\/person\/image\/\",\"url\":\"https:\/\/outsiderland.com\/danahilliot\/wp-content\/uploads\/2026\/02\/50801449407_a909f2c1ad_k.jpg\",\"contentUrl\":\"https:\/\/outsiderland.com\/danahilliot\/wp-content\/uploads\/2026\/02\/50801449407_a909f2c1ad_k.jpg\",\"width\":2048,\"height\":1536,\"caption\":\"danahilliot\"},\"logo\":{\"@id\":\"https:\/\/outsiderland.com\/danahilliot\/#\/schema\/person\/image\/\"}},{\"@type\":\"Person\",\"@id\":\"https:\/\/outsiderland.com\/danahilliot\/#\/schema\/person\/2f9b92e9fff19bccc36638b10510d5ae\",\"name\":\"danah\",\"image\":{\"@type\":\"ImageObject\",\"inLanguage\":\"fr-FR\",\"@id\":\"https:\/\/outsiderland.com\/danahilliot\/#\/schema\/person\/image\/\",\"url\":\"https:\/\/secure.gravatar.com\/avatar\/ed6349755e1d97f204277de3d09fc6ac31abd856835c8ea3c3a30d0aa84b0ddd?s=96&d=mm&r=g\",\"contentUrl\":\"https:\/\/secure.gravatar.com\/avatar\/ed6349755e1d97f204277de3d09fc6ac31abd856835c8ea3c3a30d0aa84b0ddd?s=96&d=mm&r=g\",\"caption\":\"danah\"},\"url\":\"https:\/\/outsiderland.com\/danahilliot\/author\/danah\/\"}]}<\/script>\n<!-- \/ Yoast SEO plugin. -->","yoast_head_json":{"title":"Le secteur culturel comme nouvel acteur de la sant\u00e9 mentale - Outside Dana Hilliot","robots":{"index":"index","follow":"follow","max-snippet":"max-snippet:-1","max-image-preview":"max-image-preview:large","max-video-preview":"max-video-preview:-1"},"canonical":"https:\/\/outsiderland.com\/danahilliot\/le-secteur-culturel-comme-nouvel-acteur-de-la-sante-mentale\/","og_locale":"fr_FR","og_type":"article","og_title":"Le secteur culturel comme nouvel acteur de la sant\u00e9 mentale - Outside Dana Hilliot","og_description":"Le monde de la culture se fend d\u2019une nouvelle tribune qui s\u2019ouvre sur cet appel \u00e0 l\u2019aide : \u00ab Nous avons besoin de vous ! \u00bb. https:\/\/www.francetvinfo.fr\/culture\/tribune-nous-avons-besoin-de-vous-artistes-et-professionnels-du-monde-du-spectacle-demandent-la-reouverture-de-tous-les-lieux-culturels_4227211.html Mais qui \u00e7a \u00ab nous \u00bb ? Et qui \u00e7a \u00ab vous \u00bb ? Tout cela para\u00eet assez flou. Se pourrait-il, horreur !, que le \u00ab vous \u00bb&hellip;","og_url":"https:\/\/outsiderland.com\/danahilliot\/le-secteur-culturel-comme-nouvel-acteur-de-la-sante-mentale\/","og_site_name":"Outside Dana Hilliot","article_published_time":"2020-12-23T08:45:34+00:00","article_modified_time":"2021-04-03T16:01:49+00:00","author":"danah","twitter_card":"summary_large_image","twitter_misc":{"\u00c9crit par":"danah","Dur\u00e9e de lecture estim\u00e9e":"7 minutes"},"schema":{"@context":"https:\/\/schema.org","@graph":[{"@type":"Article","@id":"https:\/\/outsiderland.com\/danahilliot\/le-secteur-culturel-comme-nouvel-acteur-de-la-sante-mentale\/#article","isPartOf":{"@id":"https:\/\/outsiderland.com\/danahilliot\/le-secteur-culturel-comme-nouvel-acteur-de-la-sante-mentale\/"},"author":{"name":"danah","@id":"https:\/\/outsiderland.com\/danahilliot\/#\/schema\/person\/2f9b92e9fff19bccc36638b10510d5ae"},"headline":"Le secteur culturel comme nouvel acteur de la sant\u00e9 mentale","datePublished":"2020-12-23T08:45:34+00:00","dateModified":"2021-04-03T16:01:49+00:00","mainEntityOfPage":{"@id":"https:\/\/outsiderland.com\/danahilliot\/le-secteur-culturel-comme-nouvel-acteur-de-la-sante-mentale\/"},"wordCount":1409,"publisher":{"@id":"https:\/\/outsiderland.com\/danahilliot\/#\/schema\/person\/201a1fef0f5c2897bd65e98bcf6b1179"},"articleSection":["Articles","Crise","Pand\u00e9mie Covid-19"],"inLanguage":"fr-FR"},{"@type":"WebPage","@id":"https:\/\/outsiderland.com\/danahilliot\/le-secteur-culturel-comme-nouvel-acteur-de-la-sante-mentale\/","url":"https:\/\/outsiderland.com\/danahilliot\/le-secteur-culturel-comme-nouvel-acteur-de-la-sante-mentale\/","name":"Le secteur culturel comme nouvel acteur de la sant\u00e9 mentale - Outside Dana Hilliot","isPartOf":{"@id":"https:\/\/outsiderland.com\/danahilliot\/#website"},"datePublished":"2020-12-23T08:45:34+00:00","dateModified":"2021-04-03T16:01:49+00:00","breadcrumb":{"@id":"https:\/\/outsiderland.com\/danahilliot\/le-secteur-culturel-comme-nouvel-acteur-de-la-sante-mentale\/#breadcrumb"},"inLanguage":"fr-FR","potentialAction":[{"@type":"ReadAction","target":["https:\/\/outsiderland.com\/danahilliot\/le-secteur-culturel-comme-nouvel-acteur-de-la-sante-mentale\/"]}]},{"@type":"BreadcrumbList","@id":"https:\/\/outsiderland.com\/danahilliot\/le-secteur-culturel-comme-nouvel-acteur-de-la-sante-mentale\/#breadcrumb","itemListElement":[{"@type":"ListItem","position":1,"name":"Accueil","item":"https:\/\/outsiderland.com\/danahilliot\/"},{"@type":"ListItem","position":2,"name":"Le secteur culturel comme nouvel acteur de la sant\u00e9 mentale"}]},{"@type":"WebSite","@id":"https:\/\/outsiderland.com\/danahilliot\/#website","url":"https:\/\/outsiderland.com\/danahilliot\/","name":"Outside Dana Hilliot","description":". Archives . Activit\u00e9s . Projets .","publisher":{"@id":"https:\/\/outsiderland.com\/danahilliot\/#\/schema\/person\/201a1fef0f5c2897bd65e98bcf6b1179"},"potentialAction":[{"@type":"SearchAction","target":{"@type":"EntryPoint","urlTemplate":"https:\/\/outsiderland.com\/danahilliot\/?s={search_term_string}"},"query-input":{"@type":"PropertyValueSpecification","valueRequired":true,"valueName":"search_term_string"}}],"inLanguage":"fr-FR"},{"@type":["Person","Organization"],"@id":"https:\/\/outsiderland.com\/danahilliot\/#\/schema\/person\/201a1fef0f5c2897bd65e98bcf6b1179","name":"danahilliot","image":{"@type":"ImageObject","inLanguage":"fr-FR","@id":"https:\/\/outsiderland.com\/danahilliot\/#\/schema\/person\/image\/","url":"https:\/\/outsiderland.com\/danahilliot\/wp-content\/uploads\/2026\/02\/50801449407_a909f2c1ad_k.jpg","contentUrl":"https:\/\/outsiderland.com\/danahilliot\/wp-content\/uploads\/2026\/02\/50801449407_a909f2c1ad_k.jpg","width":2048,"height":1536,"caption":"danahilliot"},"logo":{"@id":"https:\/\/outsiderland.com\/danahilliot\/#\/schema\/person\/image\/"}},{"@type":"Person","@id":"https:\/\/outsiderland.com\/danahilliot\/#\/schema\/person\/2f9b92e9fff19bccc36638b10510d5ae","name":"danah","image":{"@type":"ImageObject","inLanguage":"fr-FR","@id":"https:\/\/outsiderland.com\/danahilliot\/#\/schema\/person\/image\/","url":"https:\/\/secure.gravatar.com\/avatar\/ed6349755e1d97f204277de3d09fc6ac31abd856835c8ea3c3a30d0aa84b0ddd?s=96&d=mm&r=g","contentUrl":"https:\/\/secure.gravatar.com\/avatar\/ed6349755e1d97f204277de3d09fc6ac31abd856835c8ea3c3a30d0aa84b0ddd?s=96&d=mm&r=g","caption":"danah"},"url":"https:\/\/outsiderland.com\/danahilliot\/author\/danah\/"}]}},"jetpack_publicize_connections":[],"_links":{"self":[{"href":"https:\/\/outsiderland.com\/danahilliot\/wp-json\/wp\/v2\/posts\/3812","targetHints":{"allow":["GET"]}}],"collection":[{"href":"https:\/\/outsiderland.com\/danahilliot\/wp-json\/wp\/v2\/posts"}],"about":[{"href":"https:\/\/outsiderland.com\/danahilliot\/wp-json\/wp\/v2\/types\/post"}],"author":[{"embeddable":true,"href":"https:\/\/outsiderland.com\/danahilliot\/wp-json\/wp\/v2\/users\/1"}],"replies":[{"embeddable":true,"href":"https:\/\/outsiderland.com\/danahilliot\/wp-json\/wp\/v2\/comments?post=3812"}],"version-history":[{"count":2,"href":"https:\/\/outsiderland.com\/danahilliot\/wp-json\/wp\/v2\/posts\/3812\/revisions"}],"predecessor-version":[{"id":3814,"href":"https:\/\/outsiderland.com\/danahilliot\/wp-json\/wp\/v2\/posts\/3812\/revisions\/3814"}],"wp:attachment":[{"href":"https:\/\/outsiderland.com\/danahilliot\/wp-json\/wp\/v2\/media?parent=3812"}],"wp:term":[{"taxonomy":"category","embeddable":true,"href":"https:\/\/outsiderland.com\/danahilliot\/wp-json\/wp\/v2\/categories?post=3812"},{"taxonomy":"post_tag","embeddable":true,"href":"https:\/\/outsiderland.com\/danahilliot\/wp-json\/wp\/v2\/tags?post=3812"}],"curies":[{"name":"wp","href":"https:\/\/api.w.org\/{rel}","templated":true}]}}