{"id":3791,"date":"2020-11-26T11:31:21","date_gmt":"2020-11-26T11:31:21","guid":{"rendered":"https:\/\/outsiderland.com\/danahilliot\/?p=3791"},"modified":"2021-04-03T16:01:49","modified_gmt":"2021-04-03T16:01:49","slug":"des-sports-dhiver-et-de-la-pandemie","status":"publish","type":"post","link":"https:\/\/outsiderland.com\/danahilliot\/des-sports-dhiver-et-de-la-pandemie\/","title":{"rendered":"Des Sports d&rsquo;hiver et de la pand\u00e9mie"},"content":{"rendered":"<div class=\"\" dir=\"auto\">\n<div id=\"jsc_c_2e\" class=\"ecm0bbzt hv4rvrfc ihqw7lf3 dati1w0a\" data-ad-comet-preview=\"message\" data-ad-preview=\"message\">\n<div class=\"j83agx80 cbu4d94t ew0dbk1b irj2b8pg\">\n<div class=\"qzhwtbm6 knvmm38d\">\n<div class=\"kvgmc6g5 cxmmr5t8 oygrvhab hcukyx3x c1et5uql ii04i59q\">\n<div dir=\"auto\">Suivi aussi du feuilleton \u00ab\u00a0ouverture ou pas des stations\u00a0\u00bb. C&rsquo;est assez fascinant de voir que la partie se joue au niveau Europ\u00e9en. Les responsables au col de la Loge ou \u00e0 Prat-de-Bouc sont (ou devraient \u00eatre) suspendus aux d\u00e9cisions prises par nos voisins Allemands, Autrichiens, Italiens, Espagnols et Suisses (on passera sous silence les stations nordiques Belges).<\/div>\n<div dir=\"auto\"><\/div>\n<\/div>\n<div class=\"o9v6fnle cxmmr5t8 oygrvhab hcukyx3x c1et5uql ii04i59q\">\n<div dir=\"auto\">En gros, les Allemands, toujours tr\u00e8s pr\u00e9cautionneux et pr\u00e9voyant \u00e0 juste titre une troisi\u00e8me vague \u00e0 venir, voudraient un consensus sur la fermeture de toutes les stations en Europe (enfin, j&rsquo;imagine qu&rsquo;ils se fichent un peu des stations Scandinaves ou en Europe de l&rsquo;est). Ils sont suivis par les Italiens (un peu traumatis\u00e9s, on les comprend). Les Autrichiens et les Suisses veulent ouvrir. Les Espagnols, je sais pas. Les Frenchies se t\u00e2tent (et attendent de voir si Merkel obtiendra ce fameux consensus). Difficile de faire une croix dans certains pays sur une ressource majeure de l&rsquo;\u00e9conomie (Autriche notamment).<\/div>\n<div dir=\"auto\"><\/div>\n<\/div>\n<div class=\"o9v6fnle cxmmr5t8 oygrvhab hcukyx3x c1et5uql ii04i59q\">\n<div dir=\"auto\">Au-del\u00e0 de la question des stations de sports d&rsquo;hiver, qui ne concernent qu&rsquo;une part infime de la population Europ\u00e9enne, m\u00eame si, dans certains territoires, comme dans le Cantal par exemple, une grande partie de l&rsquo;\u00e9conomie repose sur les activit\u00e9s touristiques hivernales, au-del\u00e0 de cette question donc, il est int\u00e9ressant de constater (une nouvelle fois) les diff\u00e9rentes mani\u00e8res dont la crise pand\u00e9mique est g\u00e9r\u00e9e.<\/div>\n<div dir=\"auto\"><\/div>\n<\/div>\n<div class=\"o9v6fnle cxmmr5t8 oygrvhab hcukyx3x c1et5uql ii04i59q\">\n<div dir=\"auto\">Les pr\u00e9visions et les recommandations des \u00e9pid\u00e9miologues sont semblables dans tous les pays Europ\u00e9ens, il ne faut pas se leurrer l\u00e0-dessus. Il existe une sorte de politique sanitaire radicale qui consisterait \u00e0 reconfiner radicalement (ou, disons, au moins comme en mars) jusqu&rsquo;\u00e0 ce que le taux de transmission du virus ait atteint un niveau minimal permettant de reprendre le contr\u00f4le de l&rsquo;\u00e9pid\u00e9mie (par le suivi des personnes contaminantes et la mise en quarantaine des transmetteurs les plus virulents). Cette politique sanitaires id\u00e9ale se heurte au r\u00e9el &#8211; les \u00eatres humains ne sont pas des entit\u00e9s statistiques pures, dieu merci ! Et m\u00eame les plus radicaux des \u00e9pid\u00e9miologues savent fort bien que ce qui \u00e9tait plus ou moins accept\u00e9 par la population au printemps dernier ne l&rsquo;est plus cet automne, ne le sera pas cet hiver et encore moins au printemps prochain.<\/div>\n<div dir=\"auto\"><\/div>\n<\/div>\n<div class=\"o9v6fnle cxmmr5t8 oygrvhab hcukyx3x c1et5uql ii04i59q\">\n<div dir=\"auto\">On peut gloser tant qu&rsquo;on voudra sur les choix des dirigeants ici et l\u00e0, il n&#8217;emp\u00eache que c&rsquo;est vraiment une croix pour la raison cette pand\u00e9mie. Chez nous, l&rsquo;ouverture des commerces dans les jours qui viennent, et la perspective des f\u00eates de fin d&rsquo;ann\u00e9e, promettent la survenue d&rsquo;autres regroupements susceptibles de provoquer des clusters viraux et de faire red\u00e9marrer l&rsquo;\u00e9pid\u00e9mie d\u00e8s le d\u00e9but de l&rsquo;ann\u00e9e prochaine &#8211; avec donc le spectre d&rsquo;un nouvel \u00e9pisode de tension hospitali\u00e8re entre f\u00e9vrier et avril. Ce sc\u00e9nario est tout \u00e0 fait connu. Mais quelle population en Europe serait en mesure d&rsquo;accepter aujourd&rsquo;hui ou demain ce qu&rsquo;elle a d\u00fb accepter au printemps dernier ?<\/div>\n<div dir=\"auto\"><\/div>\n<\/div>\n<div class=\"o9v6fnle cxmmr5t8 oygrvhab hcukyx3x c1et5uql ii04i59q\">\n<div dir=\"auto\">Si un reconfinement au printemps prochain est inenvisageable, mais que la situation hospitali\u00e8re devient \u00e0 nouveau dramatique, sans parler des dommages collat\u00e9raux (effondrement \u00e9conomique, pr\u00e9carisation sociale et psychique, contestation violente), alors on va au-devant d&rsquo;une crise non seulement politique mais aussi morale. Ce qu&rsquo;un avis du conseil scientifique laissait entendre au mois d&rsquo;octobre, en sugg\u00e9rant au d\u00e9tour d&rsquo;une phrase que la question des \u00ab\u00a0soins prioritaires\u00a0\u00bb risquait de se poser un jour (elle se pose de fait, dans certains h\u00f4pitaux, mais pas dans le d\u00e9bat public pour le moment).<\/div>\n<\/div>\n<div class=\"o9v6fnle cxmmr5t8 oygrvhab hcukyx3x c1et5uql ii04i59q\">\n<div dir=\"auto\">Tout \u00e7a pour dire que derri\u00e8re cette d\u00e9cision apparemment anecdotique de l&rsquo;ouverture des stations de sports d&rsquo;hiver \u00e0 No\u00ebl, il se joue des choses autrement plus complexes.<\/div>\n<\/div>\n<\/div>\n<div dir=\"auto\"><\/div>\n<\/div>\n<\/div>\n<\/div>\n","protected":false},"excerpt":{"rendered":"<p>Suivi aussi du feuilleton \u00ab\u00a0ouverture ou pas des stations\u00a0\u00bb. C&rsquo;est assez fascinant de voir que la partie se joue au niveau Europ\u00e9en. Les responsables au col de la Loge ou \u00e0 Prat-de-Bouc sont (ou devraient \u00eatre) suspendus aux d\u00e9cisions prises par nos voisins Allemands, Autrichiens, Italiens, Espagnols et Suisses (on passera sous silence les stations&hellip;<\/p>\n <a href=\"https:\/\/outsiderland.com\/danahilliot\/des-sports-dhiver-et-de-la-pandemie\/\" title=\"Des Sports d&rsquo;hiver et de la pand\u00e9mie\" class=\"entry-more-link\"><span>Read More<\/span> <span class=\"screen-reader-text\">Des Sports d&rsquo;hiver et de la pand\u00e9mie<\/span><\/a>","protected":false},"author":1,"featured_media":0,"comment_status":"closed","ping_status":"open","sticky":false,"template":"","format":"standard","meta":{"Layout":"","footnotes":"","jetpack_publicize_message":"","jetpack_publicize_feature_enabled":true,"jetpack_social_post_already_shared":false,"jetpack_social_options":{"image_generator_settings":{"template":"highway","default_image_id":0,"font":"","enabled":false},"version":2}},"categories":[57,61,68,73],"tags":[],"class_list":["entry","author-danah","post-3791","post","type-post","status-publish","format-standard","category-articles","category-chronique","category-crise","category-pandemie-covid-19"],"yoast_head":"<!-- This site is optimized with the Yoast SEO plugin v27.0 - https:\/\/yoast.com\/product\/yoast-seo-wordpress\/ -->\n<title>Des Sports d&#039;hiver et de la pand\u00e9mie - Outside Dana Hilliot<\/title>\n<meta name=\"robots\" content=\"index, follow, max-snippet:-1, max-image-preview:large, max-video-preview:-1\" \/>\n<link rel=\"canonical\" href=\"https:\/\/outsiderland.com\/danahilliot\/des-sports-dhiver-et-de-la-pandemie\/\" \/>\n<meta property=\"og:locale\" content=\"fr_FR\" \/>\n<meta property=\"og:type\" content=\"article\" \/>\n<meta property=\"og:title\" content=\"Des Sports d&#039;hiver et de la pand\u00e9mie - Outside Dana Hilliot\" \/>\n<meta property=\"og:description\" content=\"Suivi aussi du feuilleton \u00ab\u00a0ouverture ou pas des stations\u00a0\u00bb. C&rsquo;est assez fascinant de voir que la partie se joue au niveau Europ\u00e9en. Les responsables au col de la Loge ou \u00e0 Prat-de-Bouc sont (ou devraient \u00eatre) suspendus aux d\u00e9cisions prises par nos voisins Allemands, Autrichiens, Italiens, Espagnols et Suisses (on passera sous silence les stations&hellip;\" \/>\n<meta property=\"og:url\" content=\"https:\/\/outsiderland.com\/danahilliot\/des-sports-dhiver-et-de-la-pandemie\/\" \/>\n<meta property=\"og:site_name\" content=\"Outside Dana Hilliot\" \/>\n<meta property=\"article:published_time\" content=\"2020-11-26T11:31:21+00:00\" \/>\n<meta property=\"article:modified_time\" content=\"2021-04-03T16:01:49+00:00\" \/>\n<meta name=\"author\" content=\"danah\" \/>\n<meta name=\"twitter:card\" content=\"summary_large_image\" \/>\n<meta name=\"twitter:label1\" content=\"\u00c9crit par\" \/>\n\t<meta name=\"twitter:data1\" content=\"danah\" \/>\n\t<meta name=\"twitter:label2\" content=\"Dur\u00e9e de lecture estim\u00e9e\" \/>\n\t<meta name=\"twitter:data2\" content=\"3 minutes\" \/>\n<script type=\"application\/ld+json\" class=\"yoast-schema-graph\">{\"@context\":\"https:\/\/schema.org\",\"@graph\":[{\"@type\":\"Article\",\"@id\":\"https:\/\/outsiderland.com\/danahilliot\/des-sports-dhiver-et-de-la-pandemie\/#article\",\"isPartOf\":{\"@id\":\"https:\/\/outsiderland.com\/danahilliot\/des-sports-dhiver-et-de-la-pandemie\/\"},\"author\":{\"name\":\"danah\",\"@id\":\"https:\/\/outsiderland.com\/danahilliot\/#\/schema\/person\/2f9b92e9fff19bccc36638b10510d5ae\"},\"headline\":\"Des Sports d&rsquo;hiver et de la pand\u00e9mie\",\"datePublished\":\"2020-11-26T11:31:21+00:00\",\"dateModified\":\"2021-04-03T16:01:49+00:00\",\"mainEntityOfPage\":{\"@id\":\"https:\/\/outsiderland.com\/danahilliot\/des-sports-dhiver-et-de-la-pandemie\/\"},\"wordCount\":661,\"publisher\":{\"@id\":\"https:\/\/outsiderland.com\/danahilliot\/#\/schema\/person\/201a1fef0f5c2897bd65e98bcf6b1179\"},\"articleSection\":[\"Articles\",\"Chronique\",\"Crise\",\"Pand\u00e9mie Covid-19\"],\"inLanguage\":\"fr-FR\"},{\"@type\":\"WebPage\",\"@id\":\"https:\/\/outsiderland.com\/danahilliot\/des-sports-dhiver-et-de-la-pandemie\/\",\"url\":\"https:\/\/outsiderland.com\/danahilliot\/des-sports-dhiver-et-de-la-pandemie\/\",\"name\":\"Des Sports d'hiver et de la pand\u00e9mie - Outside Dana Hilliot\",\"isPartOf\":{\"@id\":\"https:\/\/outsiderland.com\/danahilliot\/#website\"},\"datePublished\":\"2020-11-26T11:31:21+00:00\",\"dateModified\":\"2021-04-03T16:01:49+00:00\",\"breadcrumb\":{\"@id\":\"https:\/\/outsiderland.com\/danahilliot\/des-sports-dhiver-et-de-la-pandemie\/#breadcrumb\"},\"inLanguage\":\"fr-FR\",\"potentialAction\":[{\"@type\":\"ReadAction\",\"target\":[\"https:\/\/outsiderland.com\/danahilliot\/des-sports-dhiver-et-de-la-pandemie\/\"]}]},{\"@type\":\"BreadcrumbList\",\"@id\":\"https:\/\/outsiderland.com\/danahilliot\/des-sports-dhiver-et-de-la-pandemie\/#breadcrumb\",\"itemListElement\":[{\"@type\":\"ListItem\",\"position\":1,\"name\":\"Accueil\",\"item\":\"https:\/\/outsiderland.com\/danahilliot\/\"},{\"@type\":\"ListItem\",\"position\":2,\"name\":\"Des Sports d&rsquo;hiver et de la pand\u00e9mie\"}]},{\"@type\":\"WebSite\",\"@id\":\"https:\/\/outsiderland.com\/danahilliot\/#website\",\"url\":\"https:\/\/outsiderland.com\/danahilliot\/\",\"name\":\"Outside Dana Hilliot\",\"description\":\". Archives . Activit\u00e9s . Projets .\",\"publisher\":{\"@id\":\"https:\/\/outsiderland.com\/danahilliot\/#\/schema\/person\/201a1fef0f5c2897bd65e98bcf6b1179\"},\"potentialAction\":[{\"@type\":\"SearchAction\",\"target\":{\"@type\":\"EntryPoint\",\"urlTemplate\":\"https:\/\/outsiderland.com\/danahilliot\/?s={search_term_string}\"},\"query-input\":{\"@type\":\"PropertyValueSpecification\",\"valueRequired\":true,\"valueName\":\"search_term_string\"}}],\"inLanguage\":\"fr-FR\"},{\"@type\":[\"Person\",\"Organization\"],\"@id\":\"https:\/\/outsiderland.com\/danahilliot\/#\/schema\/person\/201a1fef0f5c2897bd65e98bcf6b1179\",\"name\":\"danahilliot\",\"image\":{\"@type\":\"ImageObject\",\"inLanguage\":\"fr-FR\",\"@id\":\"https:\/\/outsiderland.com\/danahilliot\/#\/schema\/person\/image\/\",\"url\":\"https:\/\/outsiderland.com\/danahilliot\/wp-content\/uploads\/2026\/02\/50801449407_a909f2c1ad_k.jpg\",\"contentUrl\":\"https:\/\/outsiderland.com\/danahilliot\/wp-content\/uploads\/2026\/02\/50801449407_a909f2c1ad_k.jpg\",\"width\":2048,\"height\":1536,\"caption\":\"danahilliot\"},\"logo\":{\"@id\":\"https:\/\/outsiderland.com\/danahilliot\/#\/schema\/person\/image\/\"}},{\"@type\":\"Person\",\"@id\":\"https:\/\/outsiderland.com\/danahilliot\/#\/schema\/person\/2f9b92e9fff19bccc36638b10510d5ae\",\"name\":\"danah\",\"image\":{\"@type\":\"ImageObject\",\"inLanguage\":\"fr-FR\",\"@id\":\"https:\/\/outsiderland.com\/danahilliot\/#\/schema\/person\/image\/\",\"url\":\"https:\/\/secure.gravatar.com\/avatar\/ed6349755e1d97f204277de3d09fc6ac31abd856835c8ea3c3a30d0aa84b0ddd?s=96&d=mm&r=g\",\"contentUrl\":\"https:\/\/secure.gravatar.com\/avatar\/ed6349755e1d97f204277de3d09fc6ac31abd856835c8ea3c3a30d0aa84b0ddd?s=96&d=mm&r=g\",\"caption\":\"danah\"},\"url\":\"https:\/\/outsiderland.com\/danahilliot\/author\/danah\/\"}]}<\/script>\n<!-- \/ Yoast SEO plugin. -->","yoast_head_json":{"title":"Des Sports d'hiver et de la pand\u00e9mie - Outside Dana Hilliot","robots":{"index":"index","follow":"follow","max-snippet":"max-snippet:-1","max-image-preview":"max-image-preview:large","max-video-preview":"max-video-preview:-1"},"canonical":"https:\/\/outsiderland.com\/danahilliot\/des-sports-dhiver-et-de-la-pandemie\/","og_locale":"fr_FR","og_type":"article","og_title":"Des Sports d'hiver et de la pand\u00e9mie - Outside Dana Hilliot","og_description":"Suivi aussi du feuilleton \u00ab\u00a0ouverture ou pas des stations\u00a0\u00bb. C&rsquo;est assez fascinant de voir que la partie se joue au niveau Europ\u00e9en. Les responsables au col de la Loge ou \u00e0 Prat-de-Bouc sont (ou devraient \u00eatre) suspendus aux d\u00e9cisions prises par nos voisins Allemands, Autrichiens, Italiens, Espagnols et Suisses (on passera sous silence les stations&hellip;","og_url":"https:\/\/outsiderland.com\/danahilliot\/des-sports-dhiver-et-de-la-pandemie\/","og_site_name":"Outside Dana Hilliot","article_published_time":"2020-11-26T11:31:21+00:00","article_modified_time":"2021-04-03T16:01:49+00:00","author":"danah","twitter_card":"summary_large_image","twitter_misc":{"\u00c9crit par":"danah","Dur\u00e9e de lecture estim\u00e9e":"3 minutes"},"schema":{"@context":"https:\/\/schema.org","@graph":[{"@type":"Article","@id":"https:\/\/outsiderland.com\/danahilliot\/des-sports-dhiver-et-de-la-pandemie\/#article","isPartOf":{"@id":"https:\/\/outsiderland.com\/danahilliot\/des-sports-dhiver-et-de-la-pandemie\/"},"author":{"name":"danah","@id":"https:\/\/outsiderland.com\/danahilliot\/#\/schema\/person\/2f9b92e9fff19bccc36638b10510d5ae"},"headline":"Des Sports d&rsquo;hiver et de la pand\u00e9mie","datePublished":"2020-11-26T11:31:21+00:00","dateModified":"2021-04-03T16:01:49+00:00","mainEntityOfPage":{"@id":"https:\/\/outsiderland.com\/danahilliot\/des-sports-dhiver-et-de-la-pandemie\/"},"wordCount":661,"publisher":{"@id":"https:\/\/outsiderland.com\/danahilliot\/#\/schema\/person\/201a1fef0f5c2897bd65e98bcf6b1179"},"articleSection":["Articles","Chronique","Crise","Pand\u00e9mie Covid-19"],"inLanguage":"fr-FR"},{"@type":"WebPage","@id":"https:\/\/outsiderland.com\/danahilliot\/des-sports-dhiver-et-de-la-pandemie\/","url":"https:\/\/outsiderland.com\/danahilliot\/des-sports-dhiver-et-de-la-pandemie\/","name":"Des Sports d'hiver et de la pand\u00e9mie - Outside Dana Hilliot","isPartOf":{"@id":"https:\/\/outsiderland.com\/danahilliot\/#website"},"datePublished":"2020-11-26T11:31:21+00:00","dateModified":"2021-04-03T16:01:49+00:00","breadcrumb":{"@id":"https:\/\/outsiderland.com\/danahilliot\/des-sports-dhiver-et-de-la-pandemie\/#breadcrumb"},"inLanguage":"fr-FR","potentialAction":[{"@type":"ReadAction","target":["https:\/\/outsiderland.com\/danahilliot\/des-sports-dhiver-et-de-la-pandemie\/"]}]},{"@type":"BreadcrumbList","@id":"https:\/\/outsiderland.com\/danahilliot\/des-sports-dhiver-et-de-la-pandemie\/#breadcrumb","itemListElement":[{"@type":"ListItem","position":1,"name":"Accueil","item":"https:\/\/outsiderland.com\/danahilliot\/"},{"@type":"ListItem","position":2,"name":"Des Sports d&rsquo;hiver et de la pand\u00e9mie"}]},{"@type":"WebSite","@id":"https:\/\/outsiderland.com\/danahilliot\/#website","url":"https:\/\/outsiderland.com\/danahilliot\/","name":"Outside Dana Hilliot","description":". Archives . Activit\u00e9s . Projets .","publisher":{"@id":"https:\/\/outsiderland.com\/danahilliot\/#\/schema\/person\/201a1fef0f5c2897bd65e98bcf6b1179"},"potentialAction":[{"@type":"SearchAction","target":{"@type":"EntryPoint","urlTemplate":"https:\/\/outsiderland.com\/danahilliot\/?s={search_term_string}"},"query-input":{"@type":"PropertyValueSpecification","valueRequired":true,"valueName":"search_term_string"}}],"inLanguage":"fr-FR"},{"@type":["Person","Organization"],"@id":"https:\/\/outsiderland.com\/danahilliot\/#\/schema\/person\/201a1fef0f5c2897bd65e98bcf6b1179","name":"danahilliot","image":{"@type":"ImageObject","inLanguage":"fr-FR","@id":"https:\/\/outsiderland.com\/danahilliot\/#\/schema\/person\/image\/","url":"https:\/\/outsiderland.com\/danahilliot\/wp-content\/uploads\/2026\/02\/50801449407_a909f2c1ad_k.jpg","contentUrl":"https:\/\/outsiderland.com\/danahilliot\/wp-content\/uploads\/2026\/02\/50801449407_a909f2c1ad_k.jpg","width":2048,"height":1536,"caption":"danahilliot"},"logo":{"@id":"https:\/\/outsiderland.com\/danahilliot\/#\/schema\/person\/image\/"}},{"@type":"Person","@id":"https:\/\/outsiderland.com\/danahilliot\/#\/schema\/person\/2f9b92e9fff19bccc36638b10510d5ae","name":"danah","image":{"@type":"ImageObject","inLanguage":"fr-FR","@id":"https:\/\/outsiderland.com\/danahilliot\/#\/schema\/person\/image\/","url":"https:\/\/secure.gravatar.com\/avatar\/ed6349755e1d97f204277de3d09fc6ac31abd856835c8ea3c3a30d0aa84b0ddd?s=96&d=mm&r=g","contentUrl":"https:\/\/secure.gravatar.com\/avatar\/ed6349755e1d97f204277de3d09fc6ac31abd856835c8ea3c3a30d0aa84b0ddd?s=96&d=mm&r=g","caption":"danah"},"url":"https:\/\/outsiderland.com\/danahilliot\/author\/danah\/"}]}},"jetpack_publicize_connections":[],"_links":{"self":[{"href":"https:\/\/outsiderland.com\/danahilliot\/wp-json\/wp\/v2\/posts\/3791","targetHints":{"allow":["GET"]}}],"collection":[{"href":"https:\/\/outsiderland.com\/danahilliot\/wp-json\/wp\/v2\/posts"}],"about":[{"href":"https:\/\/outsiderland.com\/danahilliot\/wp-json\/wp\/v2\/types\/post"}],"author":[{"embeddable":true,"href":"https:\/\/outsiderland.com\/danahilliot\/wp-json\/wp\/v2\/users\/1"}],"replies":[{"embeddable":true,"href":"https:\/\/outsiderland.com\/danahilliot\/wp-json\/wp\/v2\/comments?post=3791"}],"version-history":[{"count":1,"href":"https:\/\/outsiderland.com\/danahilliot\/wp-json\/wp\/v2\/posts\/3791\/revisions"}],"predecessor-version":[{"id":3792,"href":"https:\/\/outsiderland.com\/danahilliot\/wp-json\/wp\/v2\/posts\/3791\/revisions\/3792"}],"wp:attachment":[{"href":"https:\/\/outsiderland.com\/danahilliot\/wp-json\/wp\/v2\/media?parent=3791"}],"wp:term":[{"taxonomy":"category","embeddable":true,"href":"https:\/\/outsiderland.com\/danahilliot\/wp-json\/wp\/v2\/categories?post=3791"},{"taxonomy":"post_tag","embeddable":true,"href":"https:\/\/outsiderland.com\/danahilliot\/wp-json\/wp\/v2\/tags?post=3791"}],"curies":[{"name":"wp","href":"https:\/\/api.w.org\/{rel}","templated":true}]}}