{"id":3770,"date":"2020-10-30T22:52:33","date_gmt":"2020-10-30T22:52:33","guid":{"rendered":"https:\/\/outsiderland.com\/danahilliot\/?p=3770"},"modified":"2021-04-03T16:01:49","modified_gmt":"2021-04-03T16:01:49","slug":"deux-mots-sur-une-crise-du-mythe-liberal-de-lhyper-individu-autonome","status":"publish","type":"post","link":"https:\/\/outsiderland.com\/danahilliot\/deux-mots-sur-une-crise-du-mythe-liberal-de-lhyper-individu-autonome\/","title":{"rendered":"Deux mots sur une crise du mythe lib\u00e9ral de l&rsquo;hyper-individu autonome"},"content":{"rendered":"<div>\n<div class=\"\" dir=\"auto\">\n<div id=\"jsc_c_1t\" class=\"ecm0bbzt hv4rvrfc e5nlhep0 dati1w0a\" data-ad-comet-preview=\"message\" data-ad-preview=\"message\">\n<div class=\"j83agx80 cbu4d94t ew0dbk1b irj2b8pg\">\n<div class=\"qzhwtbm6 knvmm38d\">\n<div class=\"kvgmc6g5 cxmmr5t8 oygrvhab hcukyx3x c1et5uql ii04i59q\">\n<div dir=\"auto\">Si j&rsquo;en ai le courage, je reviendrais plus tard sur une question qui me semble assez centrale, cette tension redoutable que la pand\u00e9mie manifeste entre deux figures radicales : le \u00ab\u00a0citoyen responsable\u00a0\u00bb (altruiste) et l&rsquo;hyper-individu \u00ab\u00a0autonome\u00a0\u00bb. Un mot cependant :<\/div>\n<\/div>\n<div class=\"o9v6fnle cxmmr5t8 oygrvhab hcukyx3x c1et5uql ii04i59q\">\n<div dir=\"auto\">En r\u00e9alit\u00e9, ces deux id\u00e9aux-types ne se trouvent que rarement incarn\u00e9s, chacun d&rsquo;entre nous participant plus ou moins de l&rsquo;un plus ou moins de l&rsquo;autre &#8211; et c&rsquo;est la raison pour laquelle nous \u00e9prouvons des conflits int\u00e9rieurs, des dilemmes moraux, des scrupules etc (ce qui est d&rsquo;une grande valeur, mais aussi bouleversant et angoissant : pas \u00e9tonnant donc que nombre d&rsquo;entre nous s&rsquo;efforcent d&rsquo;expulser ce conflit int\u00e9rieur en le projetant dans le monde, pour mieux trancher d&rsquo;un c\u00f4t\u00e9 ou de l&rsquo;autre,en d\u00e9signant des ennemis \u00e0 d\u00e9truire, plut\u00f4t que de se confronter en \u00e2me et conscience, comme on disait nagu\u00e8re, \u00e0 ses propres d\u00e9mons)<\/div>\n<\/div>\n<div class=\"o9v6fnle cxmmr5t8 oygrvhab hcukyx3x c1et5uql ii04i59q\">\n<div dir=\"auto\">C&rsquo;est l\u00e0 tout le paradoxe d&rsquo;un gouvernement \u00e0 tendance ultralib\u00e9rale, qui nourrit et berce les populations d&rsquo;une propagande en faveur de la libre entreprise individuelle, exige de chacun l&rsquo;autonomie (m\u00eame des plus d\u00e9favoris\u00e9s), vante les m\u00e9rites et r\u00e9compense l&rsquo;individu hyper-connect\u00e9, mais qui, d\u00e9sormais, en appelle \u00e0 la conscience civique et la responsabilit\u00e9 collective.<\/div>\n<\/div>\n<div class=\"o9v6fnle cxmmr5t8 oygrvhab hcukyx3x c1et5uql ii04i59q\">\n<div dir=\"auto\">Il n&rsquo;y a gu\u00e8re \u00e0 s&rsquo;\u00e9tonner que ce discours soit inaudible pour une partie de la population qui a adh\u00e9r\u00e9, de gr\u00e9 ou de force, consciemment ou pas, \u00e0 ce mythe de l&rsquo;individu autonome, de l&rsquo;ind\u00e9pendance absolue, par laquelle chacun ayant sa chance dans une comp\u00e9tition infinie accepte sans sourciller les in\u00e9galit\u00e9s du moment qu&rsquo;il est \u00e0 m\u00eame de poursuivre des fins purement \u00e9go\u00efstes sans scrupule moral.<\/div>\n<\/div>\n<div class=\"o9v6fnle cxmmr5t8 oygrvhab hcukyx3x c1et5uql ii04i59q\">\n<div dir=\"auto\">Ce que manifeste en r\u00e9alit\u00e9 cette crise, c&rsquo;est l&rsquo;\u00e9tat de d\u00e9pendance quasiment absolu dans laquelle se trouvent les soi-disant individus autonomes : le capitalisme g\u00e9n\u00e9ralis\u00e9, la privatisation et la marchandisation presque achev\u00e9es de tout ce qui circule et s&rsquo;\u00e9change, de toutes les ressources, m\u00eame les plus essentielles, des corps et des esprits eux-m\u00eames (chacun \u00e9tant devenu cette petite entreprise, et m\u00eame pire, une ressource commercialisable, une marchandise n\u00e9gociable), ce syst\u00e8me capitaliste total cerne, sature et ceinture l&rsquo;habitant des soci\u00e9t\u00e9s contemporaines.<\/div>\n<\/div>\n<div class=\"o9v6fnle cxmmr5t8 oygrvhab hcukyx3x c1et5uql ii04i59q\">\n<div dir=\"auto\">Avec la pand\u00e9mie, la propagande du capitalisme ultralib\u00e9ral est mise \u00e0 mal, elle appara\u00eet pour ce qu&rsquo;elle est : une id\u00e9ologie mensong\u00e8re, une illusion. La r\u00e9alit\u00e9, c&rsquo;est que nous sommes, tout un chacun, d\u00e9j\u00e0 sous perfusion.<\/div>\n<\/div>\n<div class=\"o9v6fnle cxmmr5t8 oygrvhab hcukyx3x c1et5uql ii04i59q\">\n<div dir=\"auto\">Voici, tr\u00e8s bri\u00e8vement d\u00e9crit, le terrain \u00ab\u00a0anthropologique\u00a0\u00bb sur lequel se d\u00e9ploie cette pand\u00e9mie. On peut le regretter, r\u00eaver d&rsquo;un monde o\u00f9 les choses auraient pu \u00eatre diff\u00e9rentes. Mais je crains qu&rsquo;il n&rsquo;y ait pas d&rsquo;autres mondes possibles actuellement, et pas non plus dans un futur proche. Sans doute, une tendance social-d\u00e9mocrate plut\u00f4t qu&rsquo;ultralib\u00e9rale, att\u00e9nuerait la casse sociale provoqu\u00e9e par cette crise, mais je crains que le mythe de l&rsquo;autonomie soit d\u00e9sormais bien trop ancr\u00e9 dans l&rsquo;esprit de la plupart des gens pour qu&rsquo;une alternative de ce genre revienne sur le devant de la sc\u00e8ne (de mani\u00e8re durable). Et demeure la possibilit\u00e9 que cette crise anthropologique d\u00e9bouche sur l&rsquo;adoubement d&rsquo;un guide supr\u00eame, d&rsquo;un leader charismatique, cens\u00e9 r\u00e9tablit l&rsquo;ordre du monde &#8211; \u00e0 d\u00e9faut de penser le chaos des esprits.<\/div>\n<\/div>\n<\/div>\n<\/div>\n<\/div>\n<\/div>\n<\/div>\n","protected":false},"excerpt":{"rendered":"<p>Si j&rsquo;en ai le courage, je reviendrais plus tard sur une question qui me semble assez centrale, cette tension redoutable que la pand\u00e9mie manifeste entre deux figures radicales : le \u00ab\u00a0citoyen responsable\u00a0\u00bb (altruiste) et l&rsquo;hyper-individu \u00ab\u00a0autonome\u00a0\u00bb. Un mot cependant : En r\u00e9alit\u00e9, ces deux id\u00e9aux-types ne se trouvent que rarement incarn\u00e9s, chacun d&rsquo;entre nous participant&hellip;<\/p>\n <a href=\"https:\/\/outsiderland.com\/danahilliot\/deux-mots-sur-une-crise-du-mythe-liberal-de-lhyper-individu-autonome\/\" title=\"Deux mots sur une crise du mythe lib\u00e9ral de l&rsquo;hyper-individu autonome\" class=\"entry-more-link\"><span>Read More<\/span> <span class=\"screen-reader-text\">Deux mots sur une crise du mythe lib\u00e9ral de l&rsquo;hyper-individu autonome<\/span><\/a>","protected":false},"author":1,"featured_media":0,"comment_status":"closed","ping_status":"open","sticky":false,"template":"","format":"standard","meta":{"Layout":"","footnotes":"","jetpack_publicize_message":"","jetpack_publicize_feature_enabled":true,"jetpack_social_post_already_shared":false,"jetpack_social_options":{"image_generator_settings":{"template":"highway","default_image_id":0,"font":"","enabled":false},"version":2}},"categories":[32,61,68,73],"tags":[],"class_list":["entry","author-danah","post-3770","post","type-post","status-publish","format-standard","category-brev","category-chronique","category-crise","category-pandemie-covid-19"],"yoast_head":"<!-- This site is optimized with the Yoast SEO plugin v27.0 - https:\/\/yoast.com\/product\/yoast-seo-wordpress\/ -->\n<title>Deux mots sur une crise du mythe lib\u00e9ral de l&#039;hyper-individu autonome - Outside Dana Hilliot<\/title>\n<meta name=\"robots\" content=\"index, follow, max-snippet:-1, max-image-preview:large, max-video-preview:-1\" \/>\n<link rel=\"canonical\" href=\"https:\/\/outsiderland.com\/danahilliot\/deux-mots-sur-une-crise-du-mythe-liberal-de-lhyper-individu-autonome\/\" \/>\n<meta property=\"og:locale\" content=\"fr_FR\" \/>\n<meta property=\"og:type\" content=\"article\" \/>\n<meta property=\"og:title\" content=\"Deux mots sur une crise du mythe lib\u00e9ral de l&#039;hyper-individu autonome - Outside Dana Hilliot\" \/>\n<meta property=\"og:description\" content=\"Si j&rsquo;en ai le courage, je reviendrais plus tard sur une question qui me semble assez centrale, cette tension redoutable que la pand\u00e9mie manifeste entre deux figures radicales : le \u00ab\u00a0citoyen responsable\u00a0\u00bb (altruiste) et l&rsquo;hyper-individu \u00ab\u00a0autonome\u00a0\u00bb. Un mot cependant : En r\u00e9alit\u00e9, ces deux id\u00e9aux-types ne se trouvent que rarement incarn\u00e9s, chacun d&rsquo;entre nous participant&hellip;\" \/>\n<meta property=\"og:url\" content=\"https:\/\/outsiderland.com\/danahilliot\/deux-mots-sur-une-crise-du-mythe-liberal-de-lhyper-individu-autonome\/\" \/>\n<meta property=\"og:site_name\" content=\"Outside Dana Hilliot\" \/>\n<meta property=\"article:published_time\" content=\"2020-10-30T22:52:33+00:00\" \/>\n<meta property=\"article:modified_time\" content=\"2021-04-03T16:01:49+00:00\" \/>\n<meta name=\"author\" content=\"danah\" \/>\n<meta name=\"twitter:card\" content=\"summary_large_image\" \/>\n<meta name=\"twitter:label1\" content=\"\u00c9crit par\" \/>\n\t<meta name=\"twitter:data1\" content=\"danah\" \/>\n\t<meta name=\"twitter:label2\" content=\"Dur\u00e9e de lecture estim\u00e9e\" \/>\n\t<meta name=\"twitter:data2\" content=\"3 minutes\" \/>\n<script type=\"application\/ld+json\" class=\"yoast-schema-graph\">{\"@context\":\"https:\/\/schema.org\",\"@graph\":[{\"@type\":\"Article\",\"@id\":\"https:\/\/outsiderland.com\/danahilliot\/deux-mots-sur-une-crise-du-mythe-liberal-de-lhyper-individu-autonome\/#article\",\"isPartOf\":{\"@id\":\"https:\/\/outsiderland.com\/danahilliot\/deux-mots-sur-une-crise-du-mythe-liberal-de-lhyper-individu-autonome\/\"},\"author\":{\"name\":\"danah\",\"@id\":\"https:\/\/outsiderland.com\/danahilliot\/#\/schema\/person\/2f9b92e9fff19bccc36638b10510d5ae\"},\"headline\":\"Deux mots sur une crise du mythe lib\u00e9ral de l&rsquo;hyper-individu autonome\",\"datePublished\":\"2020-10-30T22:52:33+00:00\",\"dateModified\":\"2021-04-03T16:01:49+00:00\",\"mainEntityOfPage\":{\"@id\":\"https:\/\/outsiderland.com\/danahilliot\/deux-mots-sur-une-crise-du-mythe-liberal-de-lhyper-individu-autonome\/\"},\"wordCount\":612,\"publisher\":{\"@id\":\"https:\/\/outsiderland.com\/danahilliot\/#\/schema\/person\/201a1fef0f5c2897bd65e98bcf6b1179\"},\"articleSection\":[\"Br\u00e8ves\",\"Chronique\",\"Crise\",\"Pand\u00e9mie Covid-19\"],\"inLanguage\":\"fr-FR\"},{\"@type\":\"WebPage\",\"@id\":\"https:\/\/outsiderland.com\/danahilliot\/deux-mots-sur-une-crise-du-mythe-liberal-de-lhyper-individu-autonome\/\",\"url\":\"https:\/\/outsiderland.com\/danahilliot\/deux-mots-sur-une-crise-du-mythe-liberal-de-lhyper-individu-autonome\/\",\"name\":\"Deux mots sur une crise du mythe lib\u00e9ral de l'hyper-individu autonome - Outside Dana Hilliot\",\"isPartOf\":{\"@id\":\"https:\/\/outsiderland.com\/danahilliot\/#website\"},\"datePublished\":\"2020-10-30T22:52:33+00:00\",\"dateModified\":\"2021-04-03T16:01:49+00:00\",\"breadcrumb\":{\"@id\":\"https:\/\/outsiderland.com\/danahilliot\/deux-mots-sur-une-crise-du-mythe-liberal-de-lhyper-individu-autonome\/#breadcrumb\"},\"inLanguage\":\"fr-FR\",\"potentialAction\":[{\"@type\":\"ReadAction\",\"target\":[\"https:\/\/outsiderland.com\/danahilliot\/deux-mots-sur-une-crise-du-mythe-liberal-de-lhyper-individu-autonome\/\"]}]},{\"@type\":\"BreadcrumbList\",\"@id\":\"https:\/\/outsiderland.com\/danahilliot\/deux-mots-sur-une-crise-du-mythe-liberal-de-lhyper-individu-autonome\/#breadcrumb\",\"itemListElement\":[{\"@type\":\"ListItem\",\"position\":1,\"name\":\"Accueil\",\"item\":\"https:\/\/outsiderland.com\/danahilliot\/\"},{\"@type\":\"ListItem\",\"position\":2,\"name\":\"Deux mots sur une crise du mythe lib\u00e9ral de l&rsquo;hyper-individu autonome\"}]},{\"@type\":\"WebSite\",\"@id\":\"https:\/\/outsiderland.com\/danahilliot\/#website\",\"url\":\"https:\/\/outsiderland.com\/danahilliot\/\",\"name\":\"Outside Dana Hilliot\",\"description\":\". Archives . Activit\u00e9s . Projets .\",\"publisher\":{\"@id\":\"https:\/\/outsiderland.com\/danahilliot\/#\/schema\/person\/201a1fef0f5c2897bd65e98bcf6b1179\"},\"potentialAction\":[{\"@type\":\"SearchAction\",\"target\":{\"@type\":\"EntryPoint\",\"urlTemplate\":\"https:\/\/outsiderland.com\/danahilliot\/?s={search_term_string}\"},\"query-input\":{\"@type\":\"PropertyValueSpecification\",\"valueRequired\":true,\"valueName\":\"search_term_string\"}}],\"inLanguage\":\"fr-FR\"},{\"@type\":[\"Person\",\"Organization\"],\"@id\":\"https:\/\/outsiderland.com\/danahilliot\/#\/schema\/person\/201a1fef0f5c2897bd65e98bcf6b1179\",\"name\":\"danahilliot\",\"image\":{\"@type\":\"ImageObject\",\"inLanguage\":\"fr-FR\",\"@id\":\"https:\/\/outsiderland.com\/danahilliot\/#\/schema\/person\/image\/\",\"url\":\"https:\/\/outsiderland.com\/danahilliot\/wp-content\/uploads\/2026\/02\/50801449407_a909f2c1ad_k.jpg\",\"contentUrl\":\"https:\/\/outsiderland.com\/danahilliot\/wp-content\/uploads\/2026\/02\/50801449407_a909f2c1ad_k.jpg\",\"width\":2048,\"height\":1536,\"caption\":\"danahilliot\"},\"logo\":{\"@id\":\"https:\/\/outsiderland.com\/danahilliot\/#\/schema\/person\/image\/\"}},{\"@type\":\"Person\",\"@id\":\"https:\/\/outsiderland.com\/danahilliot\/#\/schema\/person\/2f9b92e9fff19bccc36638b10510d5ae\",\"name\":\"danah\",\"image\":{\"@type\":\"ImageObject\",\"inLanguage\":\"fr-FR\",\"@id\":\"https:\/\/outsiderland.com\/danahilliot\/#\/schema\/person\/image\/\",\"url\":\"https:\/\/secure.gravatar.com\/avatar\/ed6349755e1d97f204277de3d09fc6ac31abd856835c8ea3c3a30d0aa84b0ddd?s=96&d=mm&r=g\",\"contentUrl\":\"https:\/\/secure.gravatar.com\/avatar\/ed6349755e1d97f204277de3d09fc6ac31abd856835c8ea3c3a30d0aa84b0ddd?s=96&d=mm&r=g\",\"caption\":\"danah\"},\"url\":\"https:\/\/outsiderland.com\/danahilliot\/author\/danah\/\"}]}<\/script>\n<!-- \/ Yoast SEO plugin. -->","yoast_head_json":{"title":"Deux mots sur une crise du mythe lib\u00e9ral de l'hyper-individu autonome - Outside Dana Hilliot","robots":{"index":"index","follow":"follow","max-snippet":"max-snippet:-1","max-image-preview":"max-image-preview:large","max-video-preview":"max-video-preview:-1"},"canonical":"https:\/\/outsiderland.com\/danahilliot\/deux-mots-sur-une-crise-du-mythe-liberal-de-lhyper-individu-autonome\/","og_locale":"fr_FR","og_type":"article","og_title":"Deux mots sur une crise du mythe lib\u00e9ral de l'hyper-individu autonome - Outside Dana Hilliot","og_description":"Si j&rsquo;en ai le courage, je reviendrais plus tard sur une question qui me semble assez centrale, cette tension redoutable que la pand\u00e9mie manifeste entre deux figures radicales : le \u00ab\u00a0citoyen responsable\u00a0\u00bb (altruiste) et l&rsquo;hyper-individu \u00ab\u00a0autonome\u00a0\u00bb. Un mot cependant : En r\u00e9alit\u00e9, ces deux id\u00e9aux-types ne se trouvent que rarement incarn\u00e9s, chacun d&rsquo;entre nous participant&hellip;","og_url":"https:\/\/outsiderland.com\/danahilliot\/deux-mots-sur-une-crise-du-mythe-liberal-de-lhyper-individu-autonome\/","og_site_name":"Outside Dana Hilliot","article_published_time":"2020-10-30T22:52:33+00:00","article_modified_time":"2021-04-03T16:01:49+00:00","author":"danah","twitter_card":"summary_large_image","twitter_misc":{"\u00c9crit par":"danah","Dur\u00e9e de lecture estim\u00e9e":"3 minutes"},"schema":{"@context":"https:\/\/schema.org","@graph":[{"@type":"Article","@id":"https:\/\/outsiderland.com\/danahilliot\/deux-mots-sur-une-crise-du-mythe-liberal-de-lhyper-individu-autonome\/#article","isPartOf":{"@id":"https:\/\/outsiderland.com\/danahilliot\/deux-mots-sur-une-crise-du-mythe-liberal-de-lhyper-individu-autonome\/"},"author":{"name":"danah","@id":"https:\/\/outsiderland.com\/danahilliot\/#\/schema\/person\/2f9b92e9fff19bccc36638b10510d5ae"},"headline":"Deux mots sur une crise du mythe lib\u00e9ral de l&rsquo;hyper-individu autonome","datePublished":"2020-10-30T22:52:33+00:00","dateModified":"2021-04-03T16:01:49+00:00","mainEntityOfPage":{"@id":"https:\/\/outsiderland.com\/danahilliot\/deux-mots-sur-une-crise-du-mythe-liberal-de-lhyper-individu-autonome\/"},"wordCount":612,"publisher":{"@id":"https:\/\/outsiderland.com\/danahilliot\/#\/schema\/person\/201a1fef0f5c2897bd65e98bcf6b1179"},"articleSection":["Br\u00e8ves","Chronique","Crise","Pand\u00e9mie Covid-19"],"inLanguage":"fr-FR"},{"@type":"WebPage","@id":"https:\/\/outsiderland.com\/danahilliot\/deux-mots-sur-une-crise-du-mythe-liberal-de-lhyper-individu-autonome\/","url":"https:\/\/outsiderland.com\/danahilliot\/deux-mots-sur-une-crise-du-mythe-liberal-de-lhyper-individu-autonome\/","name":"Deux mots sur une crise du mythe lib\u00e9ral de l'hyper-individu autonome - Outside Dana Hilliot","isPartOf":{"@id":"https:\/\/outsiderland.com\/danahilliot\/#website"},"datePublished":"2020-10-30T22:52:33+00:00","dateModified":"2021-04-03T16:01:49+00:00","breadcrumb":{"@id":"https:\/\/outsiderland.com\/danahilliot\/deux-mots-sur-une-crise-du-mythe-liberal-de-lhyper-individu-autonome\/#breadcrumb"},"inLanguage":"fr-FR","potentialAction":[{"@type":"ReadAction","target":["https:\/\/outsiderland.com\/danahilliot\/deux-mots-sur-une-crise-du-mythe-liberal-de-lhyper-individu-autonome\/"]}]},{"@type":"BreadcrumbList","@id":"https:\/\/outsiderland.com\/danahilliot\/deux-mots-sur-une-crise-du-mythe-liberal-de-lhyper-individu-autonome\/#breadcrumb","itemListElement":[{"@type":"ListItem","position":1,"name":"Accueil","item":"https:\/\/outsiderland.com\/danahilliot\/"},{"@type":"ListItem","position":2,"name":"Deux mots sur une crise du mythe lib\u00e9ral de l&rsquo;hyper-individu autonome"}]},{"@type":"WebSite","@id":"https:\/\/outsiderland.com\/danahilliot\/#website","url":"https:\/\/outsiderland.com\/danahilliot\/","name":"Outside Dana Hilliot","description":". Archives . Activit\u00e9s . Projets .","publisher":{"@id":"https:\/\/outsiderland.com\/danahilliot\/#\/schema\/person\/201a1fef0f5c2897bd65e98bcf6b1179"},"potentialAction":[{"@type":"SearchAction","target":{"@type":"EntryPoint","urlTemplate":"https:\/\/outsiderland.com\/danahilliot\/?s={search_term_string}"},"query-input":{"@type":"PropertyValueSpecification","valueRequired":true,"valueName":"search_term_string"}}],"inLanguage":"fr-FR"},{"@type":["Person","Organization"],"@id":"https:\/\/outsiderland.com\/danahilliot\/#\/schema\/person\/201a1fef0f5c2897bd65e98bcf6b1179","name":"danahilliot","image":{"@type":"ImageObject","inLanguage":"fr-FR","@id":"https:\/\/outsiderland.com\/danahilliot\/#\/schema\/person\/image\/","url":"https:\/\/outsiderland.com\/danahilliot\/wp-content\/uploads\/2026\/02\/50801449407_a909f2c1ad_k.jpg","contentUrl":"https:\/\/outsiderland.com\/danahilliot\/wp-content\/uploads\/2026\/02\/50801449407_a909f2c1ad_k.jpg","width":2048,"height":1536,"caption":"danahilliot"},"logo":{"@id":"https:\/\/outsiderland.com\/danahilliot\/#\/schema\/person\/image\/"}},{"@type":"Person","@id":"https:\/\/outsiderland.com\/danahilliot\/#\/schema\/person\/2f9b92e9fff19bccc36638b10510d5ae","name":"danah","image":{"@type":"ImageObject","inLanguage":"fr-FR","@id":"https:\/\/outsiderland.com\/danahilliot\/#\/schema\/person\/image\/","url":"https:\/\/secure.gravatar.com\/avatar\/ed6349755e1d97f204277de3d09fc6ac31abd856835c8ea3c3a30d0aa84b0ddd?s=96&d=mm&r=g","contentUrl":"https:\/\/secure.gravatar.com\/avatar\/ed6349755e1d97f204277de3d09fc6ac31abd856835c8ea3c3a30d0aa84b0ddd?s=96&d=mm&r=g","caption":"danah"},"url":"https:\/\/outsiderland.com\/danahilliot\/author\/danah\/"}]}},"jetpack_publicize_connections":[],"_links":{"self":[{"href":"https:\/\/outsiderland.com\/danahilliot\/wp-json\/wp\/v2\/posts\/3770","targetHints":{"allow":["GET"]}}],"collection":[{"href":"https:\/\/outsiderland.com\/danahilliot\/wp-json\/wp\/v2\/posts"}],"about":[{"href":"https:\/\/outsiderland.com\/danahilliot\/wp-json\/wp\/v2\/types\/post"}],"author":[{"embeddable":true,"href":"https:\/\/outsiderland.com\/danahilliot\/wp-json\/wp\/v2\/users\/1"}],"replies":[{"embeddable":true,"href":"https:\/\/outsiderland.com\/danahilliot\/wp-json\/wp\/v2\/comments?post=3770"}],"version-history":[{"count":3,"href":"https:\/\/outsiderland.com\/danahilliot\/wp-json\/wp\/v2\/posts\/3770\/revisions"}],"predecessor-version":[{"id":3773,"href":"https:\/\/outsiderland.com\/danahilliot\/wp-json\/wp\/v2\/posts\/3770\/revisions\/3773"}],"wp:attachment":[{"href":"https:\/\/outsiderland.com\/danahilliot\/wp-json\/wp\/v2\/media?parent=3770"}],"wp:term":[{"taxonomy":"category","embeddable":true,"href":"https:\/\/outsiderland.com\/danahilliot\/wp-json\/wp\/v2\/categories?post=3770"},{"taxonomy":"post_tag","embeddable":true,"href":"https:\/\/outsiderland.com\/danahilliot\/wp-json\/wp\/v2\/tags?post=3770"}],"curies":[{"name":"wp","href":"https:\/\/api.w.org\/{rel}","templated":true}]}}