{"id":3623,"date":"2020-05-16T12:17:17","date_gmt":"2020-05-16T12:17:17","guid":{"rendered":"https:\/\/outsiderland.com\/danahilliot\/?p=3623"},"modified":"2020-05-16T12:29:33","modified_gmt":"2020-05-16T12:29:33","slug":"redemarrage-economique-droit-du-travail-et-regulations-environnementales","status":"publish","type":"post","link":"https:\/\/outsiderland.com\/danahilliot\/redemarrage-economique-droit-du-travail-et-regulations-environnementales\/","title":{"rendered":"Red\u00e9marrage \u00e9conomique, droit du travail et r\u00e9gulations environnementales."},"content":{"rendered":"<div class=\"\" data-block=\"true\" data-editor=\"f62bb\" data-offset-key=\"9l4c7-0-0\">\n<div class=\"_1mf _1mj\" data-offset-key=\"9l4c7-0-0\"><span data-offset-key=\"9l4c7-0-0\">Apr\u00e8s que dans un grand \u00e9lan quasiment consensuel, les nations se soient lanc\u00e9es dans un vaste mouvement mondial de confinement g\u00e9n\u00e9ral (envoyant par dessus bord momentan\u00e9ment quelques principes qu&rsquo;on croyait sacr\u00e9s des politiques ultralib\u00e9rales) , l&rsquo;heure est aujourd&rsquo;hui, deux mois plus tard, \u00e0 un tout aussi \u00ab\u00a0consensuel\u00a0\u00bb d\u00e9confinement g\u00e9n\u00e9ral, au nom de la reprise \u00e9conomique &#8211; d&rsquo;une part rendu possible par la r\u00e9ussite (tr\u00e8s relative dans certaines r\u00e9gions du monde) des strat\u00e9gies de limitation des d\u00e9g\u00e2ts sanitaires de la pand\u00e9mie et d&rsquo;autre part, du fait que dans le cadre de la comp\u00e9tition \u00e9conomique absolue, le pays qui rechignerait \u00e0 lever les obstacles au red\u00e9marrage \u00e9conomique prendrait un retard r\u00e9dhibitoire sur ses concurrents.<\/span><\/div>\n<\/div>\n<div class=\"\" data-block=\"true\" data-editor=\"f62bb\" data-offset-key=\"d0gt8-0-0\">\n<div class=\"_1mf _1mj\" data-offset-key=\"d0gt8-0-0\"><span data-offset-key=\"d0gt8-0-0\">\u00a0<\/span><\/div>\n<\/div>\n<div class=\"\" data-block=\"true\" data-editor=\"f62bb\" data-offset-key=\"fm6rl-0-0\">\n<div class=\"_1mf _1mj\" data-offset-key=\"fm6rl-0-0\"><span data-offset-key=\"fm6rl-0-0\">Au nom du suppos\u00e9 \u00ab\u00a0sauvetage\u00a0\u00bb de l&rsquo;\u00e9conomie mondiale (en r\u00e9alit\u00e9 le sauvetage des \u00e9conomies nationales avant tout et de la place de chacun sur les places financi\u00e8res, qui d\u00e9termine la capacit\u00e9 \u00e0 emprunter, les fameuses notes de cr\u00e9dit &#8211; nos voisins allemands l&rsquo;ont bien compris, avis\u00e9s qu&rsquo;ils sont en toute mati\u00e8re comme chacun semble le penser d\u00e9sormais), nombre de voix appellent d&rsquo;ores et d\u00e9j\u00e0 \u00e0 la n\u00e9cessit\u00e9 de produire des \u00ab\u00a0efforts suppl\u00e9mentaires\u00a0\u00bb &#8211; entendez par l\u00e0 qu&rsquo;il n&rsquo;est pas question de taxer les plus riches, non, bien entendu, mais d&rsquo;inciter les travailleurs, ou de les contraindre le cas \u00e9ch\u00e9ant, \u00e0 travailler plus pour gagner moins &#8211; le moyen classique pour augmenter les profits et assurer ainsi la production de dividendes. <\/span><\/div>\n<\/div>\n<div class=\"\" data-block=\"true\" data-editor=\"f62bb\" data-offset-key=\"18kon-0-0\">\n<div class=\"_1mf _1mj\" data-offset-key=\"18kon-0-0\"><span data-offset-key=\"18kon-0-0\">\u00a0<\/span><\/div>\n<\/div>\n<div class=\"\" data-block=\"true\" data-editor=\"f62bb\" data-offset-key=\"em65i-0-0\">\n<div class=\"_1mf _1mj\" data-offset-key=\"em65i-0-0\"><span data-offset-key=\"em65i-0-0\">L&rsquo;exemple le plus spectaculaire nous vient de l&rsquo;Inde ces derniers jours. \u00ab\u00a0Pr\u00e8s de la moiti\u00e9 des \u00c9tats f\u00e9d\u00e9r\u00e9s ont d\u00e9cid\u00e9 de suspendre une grande partie du droit du travail en vigueur, dans l\u2019espoir que cela attirera davantage d\u2019investissements, entre autres de Chine\u00a0\u00bb (citation tir\u00e9e de France-Culture). Il s&rsquo;agit de suspendre ni plus ni moins durant 3 ans (!) le salaire minimum, les cong\u00e9s pay\u00e9s et le fonctionnement des syndicats. Pas moins. Ces d\u00e9cisions n&rsquo;ont cependant pas encore \u00e9t\u00e9 ent\u00e9rin\u00e9es par le gouvernement Morsi. Soyons clairs : le droit du travail n&rsquo;est que rarement respect\u00e9 dans sa totalit\u00e9 en Inde (et chez ses voisins du subcontinent). Le travail des enfants par exemple n&rsquo;a pas disparu loin s&rsquo;en faut, et les ONG ne manquent pas de rappeler r\u00e9guli\u00e8rement aux consommateurs des pays riches que leurs textiles \u00e0 bas prix sont possiblement fabriqu\u00e9s par des gamins. Mais \u00e9videmment, sans droit du travail, rien ne prot\u00e8ge le travailleur de l&rsquo;esclavage (on notera que l&rsquo;esclave autrefois \u00e9tait au moins log\u00e9 et nourri, c&rsquo;est pourquoi je dis souvent que le travail des petites mains du capitalisme n&rsquo;est qu&rsquo;une forme d&rsquo;esclavage rendu acceptable par le versement d&rsquo;un salaire &#8211; acceptable dans la mesure o\u00f9 l&rsquo;on oublie que ce salaire est revers\u00e9 ensuite aux propri\u00e9taires des moyens de production quand il faut payer pour se loger et se nourrir : ce qu&rsquo;on gagne sert ni plus ni moins \u00e0 rembourser la dette qu&rsquo;on doit aux puissants en \u00e9change du droit qu&rsquo;ils nous accordent \u00e0 vivre).<\/span><\/div>\n<\/div>\n<div class=\"\" data-block=\"true\" data-editor=\"f62bb\" data-offset-key=\"3dh6e-0-0\">\n<div class=\"_1mf _1mj\" data-offset-key=\"3dh6e-0-0\"><span data-offset-key=\"3dh6e-0-0\">\u00a0<\/span><\/div>\n<\/div>\n<div class=\"\" data-block=\"true\" data-editor=\"f62bb\" data-offset-key=\"51eck-0-0\">\n<div class=\"_1mf _1mj\" data-offset-key=\"51eck-0-0\"><span data-offset-key=\"51eck-0-0\">L&rsquo;autre variable sur laquelle les entrepreneurs d&rsquo;ici et d&rsquo;ailleurs comptent bien jouer pour r\u00e9tablir leurs profits, c&rsquo;est \u00e9videmment la variable environnementale, c&rsquo;est-\u00e0-dire l&rsquo;ensemble des mesures et des contraintes si difficilement mises en place ces derni\u00e8res d\u00e9cennies, visant \u00e0 limiter les d\u00e9g\u00e2ts de la production industrielle et de l&rsquo;extraction de mati\u00e8res premi\u00e8res sur l&rsquo;environnement. Le spectre du changement climatique (qui est d\u00e9j\u00e0 beaucoup plus r\u00e9el qu&rsquo;un spectre) semble, \u00e0 entendre certains, d\u00e9j\u00e0 rel\u00e9gu\u00e9 au rang d&rsquo;un \u00ab\u00a0mal pour un bien\u00a0\u00bb, d&rsquo;un d\u00e9g\u00e2t collat\u00e9ral in\u00e9vitable. Le cas du Br\u00e9sil est \u00e9videmment flagrant : l&rsquo;\u00e9t\u00e9 dernier, l&rsquo;opinion publique s&rsquo;\u00e9mouvait en masse de la d\u00e9forestation en Amazonie, quelques gouvernants de ce monde, \u00e0 commencer par le n\u00f4tre, faisaient part de leur indignation et mena\u00e7aient Bolsonaro de je ne sais quelles mesures de repr\u00e9sailles. Mais le Br\u00e9sil n&rsquo;est pas l&rsquo;Iran et, depuis le mois de janvier de cette ann\u00e9e, la d\u00e9forestation au Br\u00e9sil continue de battre son plein, battant m\u00eame des records. Le virus accompagnant les entreprises d&rsquo;extraction et de d\u00e9forestation dans ses bagages, on en vient m\u00eame \u00e0 penser que nombre de tribus amazoniennes dispara\u00eetront non pas tant du fait de la r\u00e9duction de leur territoire, mais bien plut\u00f4t des effets du Covid-19.<\/span><\/div>\n<\/div>\n<div class=\"\" data-block=\"true\" data-editor=\"f62bb\" data-offset-key=\"clnec-0-0\">\n<div class=\"_1mf _1mj\" data-offset-key=\"clnec-0-0\"><span data-offset-key=\"clnec-0-0\">\u00a0<\/span><\/div>\n<\/div>\n<div class=\"\" data-block=\"true\" data-editor=\"f62bb\" data-offset-key=\"1tp3i-0-0\">\n<div class=\"_1mf _1mj\" data-offset-key=\"1tp3i-0-0\"><span data-offset-key=\"1tp3i-0-0\">Rappelons tout de m\u00eame \u00e0 quel point nous d\u00e9pendons de la d\u00e9forestation en Amazonie : les bovins de nos usines \u00e0 viande sont nourris aux tourteaux de soja produits sur les terres d\u00e9forest\u00e9es et nombre de mati\u00e8res premi\u00e8res extraites du sol sont indispensables \u00e0 la fabrication de technologies gr\u00e2ce auxquelles nous pouvons jouir du confort de notre si enviable mode de vie \u00e0 l&rsquo;Europ\u00e9enne. Comme nous aimons faire du shopping afin de renouveler nos gardes-robes en \u00e9vitant de nous demander dans quelles conditions vivent les ouvriers qui ont produit ces v\u00eatements \u00e0 bas prix. Mais apr\u00e8s tout qu&rsquo;est-ce que la mondialisation sinon que ces ouvriers Indiens et ces for\u00eats Amazoniennes sont \u00ab\u00a0nos\u00a0\u00bb ouvriers, \u00ab\u00a0nos\u00a0\u00bb for\u00eats, tout comme nous sommes pour les entrepreneurs Indiens ou Br\u00e9siliens leurs clients. <\/span><\/div>\n<\/div>\n<div class=\"\" data-block=\"true\" data-editor=\"f62bb\" data-offset-key=\"4qs8g-0-0\">\n<div class=\"_1mf _1mj\" data-offset-key=\"4qs8g-0-0\"><span data-offset-key=\"4qs8g-0-0\">\u00a0<\/span><\/div>\n<\/div>\n<div class=\"\" data-block=\"true\" data-editor=\"f62bb\" data-offset-key=\"68cqg-0-0\">\n<div class=\"_1mf _1mj\" data-offset-key=\"68cqg-0-0\"><span data-offset-key=\"68cqg-0-0\">La seule consolation dans cette histoire de \u00ab\u00a0red\u00e9marrage \u00e9conomique\u00a0\u00bb, c&rsquo;est qu&rsquo;\u00e0 pers\u00e9v\u00e9rer dans cette voie, l&rsquo;\u00e9conomie mondiale ne devrait pas tarder \u00e0 s&rsquo;effondrer tout \u00e0 fait sous l&rsquo;effet conjoint de la col\u00e8re des peuples exploit\u00e9s et des effets du changement climatique (Jean-Marc Jancovici, sp\u00e9cialiste des \u00e9nergies, ajoute que le processus qui \u00ab\u00a0nous\u00a0\u00bb (qui \u00e7a nous ?) contraindra \u00e0 changer de mod\u00e8le \u00e9conomique sera la prochaine crise p\u00e9troli\u00e8re. Tant mieux. Tout est bon \u00e0 pendre !)<\/span><\/div>\n<\/div>\n","protected":false},"excerpt":{"rendered":"<p>Apr\u00e8s que dans un grand \u00e9lan quasiment consensuel, les nations se soient lanc\u00e9es dans un vaste mouvement mondial de confinement g\u00e9n\u00e9ral (envoyant par dessus bord momentan\u00e9ment quelques principes qu&rsquo;on croyait sacr\u00e9s des politiques ultralib\u00e9rales) , l&rsquo;heure est aujourd&rsquo;hui, deux mois plus tard, \u00e0 un tout aussi \u00ab\u00a0consensuel\u00a0\u00bb d\u00e9confinement g\u00e9n\u00e9ral, au nom de la reprise \u00e9conomique&hellip;<\/p>\n <a href=\"https:\/\/outsiderland.com\/danahilliot\/redemarrage-economique-droit-du-travail-et-regulations-environnementales\/\" title=\"Red\u00e9marrage \u00e9conomique, droit du travail et r\u00e9gulations environnementales.\" class=\"entry-more-link\"><span>Read More<\/span> <span class=\"screen-reader-text\">Red\u00e9marrage \u00e9conomique, droit du travail et r\u00e9gulations environnementales.<\/span><\/a>","protected":false},"author":1,"featured_media":0,"comment_status":"closed","ping_status":"open","sticky":false,"template":"","format":"standard","meta":{"Layout":"","footnotes":"","jetpack_publicize_message":"","jetpack_publicize_feature_enabled":true,"jetpack_social_post_already_shared":false,"jetpack_social_options":{"image_generator_settings":{"template":"highway","default_image_id":0,"font":"","enabled":false},"version":2}},"categories":[57],"tags":[],"class_list":["entry","author-danah","post-3623","post","type-post","status-publish","format-standard","category-articles"],"yoast_head":"<!-- This site is optimized with the Yoast SEO plugin v27.0 - https:\/\/yoast.com\/product\/yoast-seo-wordpress\/ -->\n<title>Red\u00e9marrage \u00e9conomique, droit du travail et r\u00e9gulations environnementales. - Outside Dana Hilliot<\/title>\n<meta name=\"robots\" content=\"index, follow, max-snippet:-1, max-image-preview:large, max-video-preview:-1\" \/>\n<link rel=\"canonical\" href=\"https:\/\/outsiderland.com\/danahilliot\/redemarrage-economique-droit-du-travail-et-regulations-environnementales\/\" \/>\n<meta property=\"og:locale\" content=\"fr_FR\" \/>\n<meta property=\"og:type\" content=\"article\" \/>\n<meta property=\"og:title\" content=\"Red\u00e9marrage \u00e9conomique, droit du travail et r\u00e9gulations environnementales. - Outside Dana Hilliot\" \/>\n<meta property=\"og:description\" content=\"Apr\u00e8s que dans un grand \u00e9lan quasiment consensuel, les nations se soient lanc\u00e9es dans un vaste mouvement mondial de confinement g\u00e9n\u00e9ral (envoyant par dessus bord momentan\u00e9ment quelques principes qu&rsquo;on croyait sacr\u00e9s des politiques ultralib\u00e9rales) , l&rsquo;heure est aujourd&rsquo;hui, deux mois plus tard, \u00e0 un tout aussi \u00ab\u00a0consensuel\u00a0\u00bb d\u00e9confinement g\u00e9n\u00e9ral, au nom de la reprise \u00e9conomique&hellip;\" \/>\n<meta property=\"og:url\" content=\"https:\/\/outsiderland.com\/danahilliot\/redemarrage-economique-droit-du-travail-et-regulations-environnementales\/\" \/>\n<meta property=\"og:site_name\" content=\"Outside Dana Hilliot\" \/>\n<meta property=\"article:published_time\" content=\"2020-05-16T12:17:17+00:00\" \/>\n<meta property=\"article:modified_time\" content=\"2020-05-16T12:29:33+00:00\" \/>\n<meta name=\"author\" content=\"danah\" \/>\n<meta name=\"twitter:card\" content=\"summary_large_image\" \/>\n<meta name=\"twitter:label1\" content=\"\u00c9crit par\" \/>\n\t<meta name=\"twitter:data1\" content=\"danah\" \/>\n\t<meta name=\"twitter:label2\" content=\"Dur\u00e9e de lecture estim\u00e9e\" \/>\n\t<meta name=\"twitter:data2\" content=\"5 minutes\" \/>\n<script type=\"application\/ld+json\" class=\"yoast-schema-graph\">{\"@context\":\"https:\/\/schema.org\",\"@graph\":[{\"@type\":\"Article\",\"@id\":\"https:\/\/outsiderland.com\/danahilliot\/redemarrage-economique-droit-du-travail-et-regulations-environnementales\/#article\",\"isPartOf\":{\"@id\":\"https:\/\/outsiderland.com\/danahilliot\/redemarrage-economique-droit-du-travail-et-regulations-environnementales\/\"},\"author\":{\"name\":\"danah\",\"@id\":\"https:\/\/outsiderland.com\/danahilliot\/#\/schema\/person\/2f9b92e9fff19bccc36638b10510d5ae\"},\"headline\":\"Red\u00e9marrage \u00e9conomique, droit du travail et r\u00e9gulations environnementales.\",\"datePublished\":\"2020-05-16T12:17:17+00:00\",\"dateModified\":\"2020-05-16T12:29:33+00:00\",\"mainEntityOfPage\":{\"@id\":\"https:\/\/outsiderland.com\/danahilliot\/redemarrage-economique-droit-du-travail-et-regulations-environnementales\/\"},\"wordCount\":1016,\"publisher\":{\"@id\":\"https:\/\/outsiderland.com\/danahilliot\/#\/schema\/person\/201a1fef0f5c2897bd65e98bcf6b1179\"},\"articleSection\":[\"Articles\"],\"inLanguage\":\"fr-FR\"},{\"@type\":\"WebPage\",\"@id\":\"https:\/\/outsiderland.com\/danahilliot\/redemarrage-economique-droit-du-travail-et-regulations-environnementales\/\",\"url\":\"https:\/\/outsiderland.com\/danahilliot\/redemarrage-economique-droit-du-travail-et-regulations-environnementales\/\",\"name\":\"Red\u00e9marrage \u00e9conomique, droit du travail et r\u00e9gulations environnementales. - Outside Dana Hilliot\",\"isPartOf\":{\"@id\":\"https:\/\/outsiderland.com\/danahilliot\/#website\"},\"datePublished\":\"2020-05-16T12:17:17+00:00\",\"dateModified\":\"2020-05-16T12:29:33+00:00\",\"breadcrumb\":{\"@id\":\"https:\/\/outsiderland.com\/danahilliot\/redemarrage-economique-droit-du-travail-et-regulations-environnementales\/#breadcrumb\"},\"inLanguage\":\"fr-FR\",\"potentialAction\":[{\"@type\":\"ReadAction\",\"target\":[\"https:\/\/outsiderland.com\/danahilliot\/redemarrage-economique-droit-du-travail-et-regulations-environnementales\/\"]}]},{\"@type\":\"BreadcrumbList\",\"@id\":\"https:\/\/outsiderland.com\/danahilliot\/redemarrage-economique-droit-du-travail-et-regulations-environnementales\/#breadcrumb\",\"itemListElement\":[{\"@type\":\"ListItem\",\"position\":1,\"name\":\"Accueil\",\"item\":\"https:\/\/outsiderland.com\/danahilliot\/\"},{\"@type\":\"ListItem\",\"position\":2,\"name\":\"Red\u00e9marrage \u00e9conomique, droit du travail et r\u00e9gulations environnementales.\"}]},{\"@type\":\"WebSite\",\"@id\":\"https:\/\/outsiderland.com\/danahilliot\/#website\",\"url\":\"https:\/\/outsiderland.com\/danahilliot\/\",\"name\":\"Outside Dana Hilliot\",\"description\":\". Archives . Activit\u00e9s . Projets .\",\"publisher\":{\"@id\":\"https:\/\/outsiderland.com\/danahilliot\/#\/schema\/person\/201a1fef0f5c2897bd65e98bcf6b1179\"},\"potentialAction\":[{\"@type\":\"SearchAction\",\"target\":{\"@type\":\"EntryPoint\",\"urlTemplate\":\"https:\/\/outsiderland.com\/danahilliot\/?s={search_term_string}\"},\"query-input\":{\"@type\":\"PropertyValueSpecification\",\"valueRequired\":true,\"valueName\":\"search_term_string\"}}],\"inLanguage\":\"fr-FR\"},{\"@type\":[\"Person\",\"Organization\"],\"@id\":\"https:\/\/outsiderland.com\/danahilliot\/#\/schema\/person\/201a1fef0f5c2897bd65e98bcf6b1179\",\"name\":\"danahilliot\",\"image\":{\"@type\":\"ImageObject\",\"inLanguage\":\"fr-FR\",\"@id\":\"https:\/\/outsiderland.com\/danahilliot\/#\/schema\/person\/image\/\",\"url\":\"https:\/\/outsiderland.com\/danahilliot\/wp-content\/uploads\/2026\/02\/50801449407_a909f2c1ad_k.jpg\",\"contentUrl\":\"https:\/\/outsiderland.com\/danahilliot\/wp-content\/uploads\/2026\/02\/50801449407_a909f2c1ad_k.jpg\",\"width\":2048,\"height\":1536,\"caption\":\"danahilliot\"},\"logo\":{\"@id\":\"https:\/\/outsiderland.com\/danahilliot\/#\/schema\/person\/image\/\"}},{\"@type\":\"Person\",\"@id\":\"https:\/\/outsiderland.com\/danahilliot\/#\/schema\/person\/2f9b92e9fff19bccc36638b10510d5ae\",\"name\":\"danah\",\"image\":{\"@type\":\"ImageObject\",\"inLanguage\":\"fr-FR\",\"@id\":\"https:\/\/outsiderland.com\/danahilliot\/#\/schema\/person\/image\/\",\"url\":\"https:\/\/secure.gravatar.com\/avatar\/ed6349755e1d97f204277de3d09fc6ac31abd856835c8ea3c3a30d0aa84b0ddd?s=96&d=mm&r=g\",\"contentUrl\":\"https:\/\/secure.gravatar.com\/avatar\/ed6349755e1d97f204277de3d09fc6ac31abd856835c8ea3c3a30d0aa84b0ddd?s=96&d=mm&r=g\",\"caption\":\"danah\"},\"url\":\"https:\/\/outsiderland.com\/danahilliot\/author\/danah\/\"}]}<\/script>\n<!-- \/ Yoast SEO plugin. -->","yoast_head_json":{"title":"Red\u00e9marrage \u00e9conomique, droit du travail et r\u00e9gulations environnementales. - Outside Dana Hilliot","robots":{"index":"index","follow":"follow","max-snippet":"max-snippet:-1","max-image-preview":"max-image-preview:large","max-video-preview":"max-video-preview:-1"},"canonical":"https:\/\/outsiderland.com\/danahilliot\/redemarrage-economique-droit-du-travail-et-regulations-environnementales\/","og_locale":"fr_FR","og_type":"article","og_title":"Red\u00e9marrage \u00e9conomique, droit du travail et r\u00e9gulations environnementales. - Outside Dana Hilliot","og_description":"Apr\u00e8s que dans un grand \u00e9lan quasiment consensuel, les nations se soient lanc\u00e9es dans un vaste mouvement mondial de confinement g\u00e9n\u00e9ral (envoyant par dessus bord momentan\u00e9ment quelques principes qu&rsquo;on croyait sacr\u00e9s des politiques ultralib\u00e9rales) , l&rsquo;heure est aujourd&rsquo;hui, deux mois plus tard, \u00e0 un tout aussi \u00ab\u00a0consensuel\u00a0\u00bb d\u00e9confinement g\u00e9n\u00e9ral, au nom de la reprise \u00e9conomique&hellip;","og_url":"https:\/\/outsiderland.com\/danahilliot\/redemarrage-economique-droit-du-travail-et-regulations-environnementales\/","og_site_name":"Outside Dana Hilliot","article_published_time":"2020-05-16T12:17:17+00:00","article_modified_time":"2020-05-16T12:29:33+00:00","author":"danah","twitter_card":"summary_large_image","twitter_misc":{"\u00c9crit par":"danah","Dur\u00e9e de lecture estim\u00e9e":"5 minutes"},"schema":{"@context":"https:\/\/schema.org","@graph":[{"@type":"Article","@id":"https:\/\/outsiderland.com\/danahilliot\/redemarrage-economique-droit-du-travail-et-regulations-environnementales\/#article","isPartOf":{"@id":"https:\/\/outsiderland.com\/danahilliot\/redemarrage-economique-droit-du-travail-et-regulations-environnementales\/"},"author":{"name":"danah","@id":"https:\/\/outsiderland.com\/danahilliot\/#\/schema\/person\/2f9b92e9fff19bccc36638b10510d5ae"},"headline":"Red\u00e9marrage \u00e9conomique, droit du travail et r\u00e9gulations environnementales.","datePublished":"2020-05-16T12:17:17+00:00","dateModified":"2020-05-16T12:29:33+00:00","mainEntityOfPage":{"@id":"https:\/\/outsiderland.com\/danahilliot\/redemarrage-economique-droit-du-travail-et-regulations-environnementales\/"},"wordCount":1016,"publisher":{"@id":"https:\/\/outsiderland.com\/danahilliot\/#\/schema\/person\/201a1fef0f5c2897bd65e98bcf6b1179"},"articleSection":["Articles"],"inLanguage":"fr-FR"},{"@type":"WebPage","@id":"https:\/\/outsiderland.com\/danahilliot\/redemarrage-economique-droit-du-travail-et-regulations-environnementales\/","url":"https:\/\/outsiderland.com\/danahilliot\/redemarrage-economique-droit-du-travail-et-regulations-environnementales\/","name":"Red\u00e9marrage \u00e9conomique, droit du travail et r\u00e9gulations environnementales. - Outside Dana Hilliot","isPartOf":{"@id":"https:\/\/outsiderland.com\/danahilliot\/#website"},"datePublished":"2020-05-16T12:17:17+00:00","dateModified":"2020-05-16T12:29:33+00:00","breadcrumb":{"@id":"https:\/\/outsiderland.com\/danahilliot\/redemarrage-economique-droit-du-travail-et-regulations-environnementales\/#breadcrumb"},"inLanguage":"fr-FR","potentialAction":[{"@type":"ReadAction","target":["https:\/\/outsiderland.com\/danahilliot\/redemarrage-economique-droit-du-travail-et-regulations-environnementales\/"]}]},{"@type":"BreadcrumbList","@id":"https:\/\/outsiderland.com\/danahilliot\/redemarrage-economique-droit-du-travail-et-regulations-environnementales\/#breadcrumb","itemListElement":[{"@type":"ListItem","position":1,"name":"Accueil","item":"https:\/\/outsiderland.com\/danahilliot\/"},{"@type":"ListItem","position":2,"name":"Red\u00e9marrage \u00e9conomique, droit du travail et r\u00e9gulations environnementales."}]},{"@type":"WebSite","@id":"https:\/\/outsiderland.com\/danahilliot\/#website","url":"https:\/\/outsiderland.com\/danahilliot\/","name":"Outside Dana Hilliot","description":". Archives . Activit\u00e9s . Projets .","publisher":{"@id":"https:\/\/outsiderland.com\/danahilliot\/#\/schema\/person\/201a1fef0f5c2897bd65e98bcf6b1179"},"potentialAction":[{"@type":"SearchAction","target":{"@type":"EntryPoint","urlTemplate":"https:\/\/outsiderland.com\/danahilliot\/?s={search_term_string}"},"query-input":{"@type":"PropertyValueSpecification","valueRequired":true,"valueName":"search_term_string"}}],"inLanguage":"fr-FR"},{"@type":["Person","Organization"],"@id":"https:\/\/outsiderland.com\/danahilliot\/#\/schema\/person\/201a1fef0f5c2897bd65e98bcf6b1179","name":"danahilliot","image":{"@type":"ImageObject","inLanguage":"fr-FR","@id":"https:\/\/outsiderland.com\/danahilliot\/#\/schema\/person\/image\/","url":"https:\/\/outsiderland.com\/danahilliot\/wp-content\/uploads\/2026\/02\/50801449407_a909f2c1ad_k.jpg","contentUrl":"https:\/\/outsiderland.com\/danahilliot\/wp-content\/uploads\/2026\/02\/50801449407_a909f2c1ad_k.jpg","width":2048,"height":1536,"caption":"danahilliot"},"logo":{"@id":"https:\/\/outsiderland.com\/danahilliot\/#\/schema\/person\/image\/"}},{"@type":"Person","@id":"https:\/\/outsiderland.com\/danahilliot\/#\/schema\/person\/2f9b92e9fff19bccc36638b10510d5ae","name":"danah","image":{"@type":"ImageObject","inLanguage":"fr-FR","@id":"https:\/\/outsiderland.com\/danahilliot\/#\/schema\/person\/image\/","url":"https:\/\/secure.gravatar.com\/avatar\/ed6349755e1d97f204277de3d09fc6ac31abd856835c8ea3c3a30d0aa84b0ddd?s=96&d=mm&r=g","contentUrl":"https:\/\/secure.gravatar.com\/avatar\/ed6349755e1d97f204277de3d09fc6ac31abd856835c8ea3c3a30d0aa84b0ddd?s=96&d=mm&r=g","caption":"danah"},"url":"https:\/\/outsiderland.com\/danahilliot\/author\/danah\/"}]}},"jetpack_publicize_connections":[],"_links":{"self":[{"href":"https:\/\/outsiderland.com\/danahilliot\/wp-json\/wp\/v2\/posts\/3623","targetHints":{"allow":["GET"]}}],"collection":[{"href":"https:\/\/outsiderland.com\/danahilliot\/wp-json\/wp\/v2\/posts"}],"about":[{"href":"https:\/\/outsiderland.com\/danahilliot\/wp-json\/wp\/v2\/types\/post"}],"author":[{"embeddable":true,"href":"https:\/\/outsiderland.com\/danahilliot\/wp-json\/wp\/v2\/users\/1"}],"replies":[{"embeddable":true,"href":"https:\/\/outsiderland.com\/danahilliot\/wp-json\/wp\/v2\/comments?post=3623"}],"version-history":[{"count":2,"href":"https:\/\/outsiderland.com\/danahilliot\/wp-json\/wp\/v2\/posts\/3623\/revisions"}],"predecessor-version":[{"id":3625,"href":"https:\/\/outsiderland.com\/danahilliot\/wp-json\/wp\/v2\/posts\/3623\/revisions\/3625"}],"wp:attachment":[{"href":"https:\/\/outsiderland.com\/danahilliot\/wp-json\/wp\/v2\/media?parent=3623"}],"wp:term":[{"taxonomy":"category","embeddable":true,"href":"https:\/\/outsiderland.com\/danahilliot\/wp-json\/wp\/v2\/categories?post=3623"},{"taxonomy":"post_tag","embeddable":true,"href":"https:\/\/outsiderland.com\/danahilliot\/wp-json\/wp\/v2\/tags?post=3623"}],"curies":[{"name":"wp","href":"https:\/\/api.w.org\/{rel}","templated":true}]}}