{"id":3608,"date":"2020-04-30T12:07:57","date_gmt":"2020-04-30T12:07:57","guid":{"rendered":"https:\/\/outsiderland.com\/danahilliot\/?p=3608"},"modified":"2021-04-03T16:01:49","modified_gmt":"2021-04-03T16:01:49","slug":"maniere-dhabiter-le-monde-et-dorganiser-lespace-les-ecoles-au-temps-de-la-pandemie","status":"publish","type":"post","link":"https:\/\/outsiderland.com\/danahilliot\/maniere-dhabiter-le-monde-et-dorganiser-lespace-les-ecoles-au-temps-de-la-pandemie\/","title":{"rendered":"Mani\u00e8re d&rsquo;habiter le monde et d&rsquo;organiser l&rsquo;espace : les \u00e9coles au temps de la pand\u00e9mie."},"content":{"rendered":"<div data-contents=\"true\">\n<div class=\"_5pbx userContent _3576\" data-testid=\"post_message\" data-ft=\"{&quot;tn&quot;:&quot;K&quot;}\">\n<p>Durant le bref voyage (4 kms) jusqu&rsquo;\u00e0 la pharmacie de Saint-Dier ce matin (j&rsquo;\u00e9tais \u00e0 vrai dire le seul client, le bourg de Saint-Dier compte environ 500 \u00e2mes), j&rsquo;\u00e9coutais une programme d&rsquo;information continue \u00e0 la radio. Il \u00e9tait question des protocoles sanitaires qui devraient \u00eatre mis en place dans les \u00e9coles \u00e0 l&rsquo;occasion de leur r\u00e9ouverture. Un document de 60 pages les d\u00e9crit, d\u00e9taillant les mesures \u00e0 prendre pour organiser la vie quotidienne de ces petites ruches habituellement tr\u00e8s affair\u00e9es : 60 pages ! Un exemple superbe et rarement imagin\u00e9 je crois, m\u00eame par les plus d\u00e9lirants \u00e9crivains de science-fiction, de rationalisation absolue de la \u00ab\u00a0vie\u00a0\u00bb sociale.<\/p>\n<p>Toute cette r\u00e9glementation, qu&rsquo;on soit clair, d\u00e9coule logiquement des objectifs vis\u00e9s au d\u00e9part : limiter la propagation du virus et reprendre les activit\u00e9s scolaires (et faire en sorte que les parents retournent autant que possible au boulot). Tout cela s&rsquo;entend. Tout cela est parfaitement rationnel d\u00e8s lors qu&rsquo;on s&rsquo;accorde sur les principes qui guident cette rationalit\u00e9.<\/p>\n<p>Et c&rsquo;est en m\u00eame temps parfaitement d\u00e9lirant et parfaitement burlesque. Je songe ici aux analyses anciennes de Bergson dans le Rire, pour qui dans l&rsquo;essence du comique : \u00abil y a toujours un arrangement d&rsquo;actes et d&rsquo;\u00e9v\u00e9nements qui nous donnent, ins\u00e9r\u00e9s l&rsquo;un dans l&rsquo;autre, l&rsquo;illusion de la vie et la sensation nette d&rsquo;un agencement m\u00e9canique\u00bb. On devine assez bien que, dans l&rsquo;\u00e9cole ouverte \u00e0 la fin du printemps, les personnes, adultes et enfants, condamn\u00e9s \u00e0 partager cette improbable exp\u00e9rience, seront au c\u0153ur d&rsquo;une tension exacerb\u00e9e entre les imp\u00e9ratifs du m\u00e9canisme et les d\u00e9sirs et besoins du vivant. L&rsquo;\u00e9cole ressemblera sans doute \u00e0 un h\u00f4pital en crise &#8211; les entreprises aussi soit dit en passant. J&rsquo;avais \u00e9crit au d\u00e9but de notre affaire, je ne sais plus o\u00f9, que l&rsquo;EPHAD tendrait \u00e0 devenir le nouveau mod\u00e8le de l&rsquo;espace public &#8211; nous y sommes.<\/p>\n<p>On illustre g\u00e9n\u00e9ralement les id\u00e9es de Bergson avec des images extraites des films de Chaplin, notamment la fameuse s\u00e9quence du travail \u00e0 la cha\u00eene dans Les Temps Modernes. Mais on disposera bient\u00f4t d&rsquo;une autre hilarante illustration si l&rsquo;on s&rsquo;avise de filmer une journ\u00e9e de classe dans les \u00e9coles au temps du Covid-19. Hilarante et gla\u00e7ante &#8211; un interlocuteur \u00e0 la radio faisait remarquer tout \u00e0 l&rsquo;heure : l&rsquo;ambiance risque d&rsquo;\u00eatre un peu \u00ab\u00a0froide\u00a0\u00bb tout de m\u00eame.<\/p>\n<p>L&rsquo;id\u00e9al (dont personne ne r\u00eave mais que la logique inh\u00e9rente \u00e0 la rationalit\u00e9 m\u00e9caniste tend \u00e0 r\u00e9aliser) c&rsquo;est \u00e9videmment un monde o\u00f9 les enfants (et les enseignants, et le personnel de surveillance, de m\u00e9nage et de cantine) seraient d\u00e9j\u00e0 des robots. \u00c0 vrai dire, \u00e0 d\u00e9faut d&rsquo;\u00eatre d\u00e9j\u00e0 devenus des robots, et avant d&rsquo;avoir \u00e9t\u00e9 capable d&rsquo;en fabriquer qui donnent l&rsquo;illusion de la vie, nous seront devenus des cyborgs (l&rsquo;hybridation est d\u00e9j\u00e0 bien avanc\u00e9e dans les centre-villes hyperconnect\u00e9s ou les halls d&rsquo;a\u00e9roport).<\/p>\n<p>(\u00c9videmment, une autre raison, tout aussi rationnelle, qui se d\u00e9fend aussi tr\u00e8s bien, aurait conclu \u00e0 la n\u00e9cessit\u00e9 de garder les \u00e9coles ferm\u00e9es jusqu&rsquo;\u00e0 la fin de la pand\u00e9mie. On comprend que peu de pays dans le monde aient fait le choix de repousser cette r\u00e9-ouverture. On vit en tous cas une \u00e9poque passionnante !)<\/p>\n<p>Deux remarques subsidiaires suite \u00e0 des causeries ce midi : 1. La facilit\u00e9 avec laquelle nous imaginons ce genre de protocole pour les \u00e9coles s&rsquo;explique parce que l&rsquo;\u00e9cole est d\u00e9j\u00e0 un lieu de tension entre le m\u00e9canisme et le vivant &#8211; une entreprise de domestication comme l&rsquo;ont dit et redit nombre de philosophes \u00ab\u00a0libertaires\u00a0\u00bb ou \u00ab\u00a0critiques\u00a0\u00bb dans les ann\u00e9es 50-70. et<br \/>\n2. en raison de notre familiarit\u00e9 (plus ou moins consciente) avec ces espaces protocolaires : les lieux ne manquent pas dans la cit\u00e9 ou plut\u00f4t dans ses marges, bien qu&rsquo;invisibilis\u00e9s autant que faire se peut, o\u00f9 se d\u00e9ploient des rationalit\u00e9s m\u00e9canistes de cette sorte (o\u00f9 le vivant tend \u00e0 \u00eatre r\u00e9duit \u00e0 la machine, o\u00f9 s&rsquo;affairent des cyborgs (Cf. Donna Haraway) : l&rsquo;usine \u00e0 viande, les cha\u00eenes de production, l&rsquo;univers carc\u00e9ral, l&rsquo;univers hospitalier etc etc.. On valorise (enfin, on \u00ab\u00a0valorisait\u00a0\u00bb jusqu&rsquo;\u00e0 ces derniers mois) les espaces publics ouverts, propres \u00e0 susciter la socialit\u00e9 et la cr\u00e9ativit\u00e9 &#8211; mais c&rsquo;est oublier que nombre d&rsquo;espaces ne sont absolument pas libres, mais purement contraints.<\/p>\n<p>Et j&rsquo;en rajoute !!<br \/>\nParce que c&rsquo;est ainsi que les hommes vivent, qu&rsquo;ils habitent de vastes cit\u00e9s ou des villages de huttes au bord des rivi\u00e8res Amazoniennes : ils organisent leurs espaces, les rendent habitables, les domestiquent (certes selon des m\u00e9thodes forts diff\u00e9rentes parfois). Il faut lire Tim Ingold et ses disciples \u00e0 ce sujet (et l&rsquo;\u00e9tude de la mani\u00e8re dont les humains habitent le monde, dans une diversit\u00e9 fascinante, est passionnante). L&rsquo;espace scolaire sous le r\u00e9gime de la pand\u00e9mie ne fait que porter \u00e0 l&rsquo;exc\u00e8s, et presque \u00e0 l&rsquo;absurde, une ces mani\u00e8res, disons techno-rationnelle, d&rsquo;habiter le monde. Le confinement, de mani\u00e8re g\u00e9n\u00e9rale, est un r\u00e9gime somme toute pas si diff\u00e9rent de celui sous lequel se d\u00e9ploie nos grandes cit\u00e9s &#8211; et ma foi, c&rsquo;est sans doute la raison pour laquelle il n&rsquo;a pas produit, comme d&rsquo;aucuns l&rsquo;imaginaient, de grandes \u00e9pid\u00e9mies de folies. On s&rsquo;y est fait parce qu&rsquo;on y est d\u00e9j\u00e0, de mani\u00e8re certes plus discr\u00e8te et plus implicite.<\/p>\n<\/div>\n<\/div>\n","protected":false},"excerpt":{"rendered":"<p>Durant le bref voyage (4 kms) jusqu&rsquo;\u00e0 la pharmacie de Saint-Dier ce matin (j&rsquo;\u00e9tais \u00e0 vrai dire le seul client, le bourg de Saint-Dier compte environ 500 \u00e2mes), j&rsquo;\u00e9coutais une programme d&rsquo;information continue \u00e0 la radio. Il \u00e9tait question des protocoles sanitaires qui devraient \u00eatre mis en place dans les \u00e9coles \u00e0 l&rsquo;occasion de leur&hellip;<\/p>\n <a href=\"https:\/\/outsiderland.com\/danahilliot\/maniere-dhabiter-le-monde-et-dorganiser-lespace-les-ecoles-au-temps-de-la-pandemie\/\" title=\"Mani\u00e8re d&rsquo;habiter le monde et d&rsquo;organiser l&rsquo;espace : les \u00e9coles au temps de la pand\u00e9mie.\" class=\"entry-more-link\"><span>Read More<\/span> <span class=\"screen-reader-text\">Mani\u00e8re d&rsquo;habiter le monde et d&rsquo;organiser l&rsquo;espace : les \u00e9coles au temps de la pand\u00e9mie.<\/span><\/a>","protected":false},"author":1,"featured_media":0,"comment_status":"closed","ping_status":"open","sticky":false,"template":"","format":"standard","meta":{"Layout":"","footnotes":"","jetpack_publicize_message":"","jetpack_publicize_feature_enabled":true,"jetpack_social_post_already_shared":false,"jetpack_social_options":{"image_generator_settings":{"template":"highway","default_image_id":0,"font":"","enabled":false},"version":2}},"categories":[64,68,73],"tags":[],"class_list":["entry","author-danah","post-3608","post","type-post","status-publish","format-standard","category-catastrophe-climatique","category-crise","category-pandemie-covid-19"],"yoast_head":"<!-- This site is optimized with the Yoast SEO plugin v27.0 - https:\/\/yoast.com\/product\/yoast-seo-wordpress\/ -->\n<title>Mani\u00e8re d&#039;habiter le monde et d&#039;organiser l&#039;espace : les \u00e9coles au temps de la pand\u00e9mie. - Outside Dana Hilliot<\/title>\n<meta name=\"robots\" content=\"index, follow, max-snippet:-1, max-image-preview:large, max-video-preview:-1\" \/>\n<link rel=\"canonical\" href=\"https:\/\/outsiderland.com\/danahilliot\/maniere-dhabiter-le-monde-et-dorganiser-lespace-les-ecoles-au-temps-de-la-pandemie\/\" \/>\n<meta property=\"og:locale\" content=\"fr_FR\" \/>\n<meta property=\"og:type\" content=\"article\" \/>\n<meta property=\"og:title\" content=\"Mani\u00e8re d&#039;habiter le monde et d&#039;organiser l&#039;espace : les \u00e9coles au temps de la pand\u00e9mie. - Outside Dana Hilliot\" \/>\n<meta property=\"og:description\" content=\"Durant le bref voyage (4 kms) jusqu&rsquo;\u00e0 la pharmacie de Saint-Dier ce matin (j&rsquo;\u00e9tais \u00e0 vrai dire le seul client, le bourg de Saint-Dier compte environ 500 \u00e2mes), j&rsquo;\u00e9coutais une programme d&rsquo;information continue \u00e0 la radio. Il \u00e9tait question des protocoles sanitaires qui devraient \u00eatre mis en place dans les \u00e9coles \u00e0 l&rsquo;occasion de leur&hellip;\" \/>\n<meta property=\"og:url\" content=\"https:\/\/outsiderland.com\/danahilliot\/maniere-dhabiter-le-monde-et-dorganiser-lespace-les-ecoles-au-temps-de-la-pandemie\/\" \/>\n<meta property=\"og:site_name\" content=\"Outside Dana Hilliot\" \/>\n<meta property=\"article:published_time\" content=\"2020-04-30T12:07:57+00:00\" \/>\n<meta property=\"article:modified_time\" content=\"2021-04-03T16:01:49+00:00\" \/>\n<meta name=\"author\" content=\"danah\" \/>\n<meta name=\"twitter:card\" content=\"summary_large_image\" \/>\n<meta name=\"twitter:label1\" content=\"\u00c9crit par\" \/>\n\t<meta name=\"twitter:data1\" content=\"danah\" \/>\n\t<meta name=\"twitter:label2\" content=\"Dur\u00e9e de lecture estim\u00e9e\" \/>\n\t<meta name=\"twitter:data2\" content=\"5 minutes\" \/>\n<script type=\"application\/ld+json\" class=\"yoast-schema-graph\">{\"@context\":\"https:\/\/schema.org\",\"@graph\":[{\"@type\":\"Article\",\"@id\":\"https:\/\/outsiderland.com\/danahilliot\/maniere-dhabiter-le-monde-et-dorganiser-lespace-les-ecoles-au-temps-de-la-pandemie\/#article\",\"isPartOf\":{\"@id\":\"https:\/\/outsiderland.com\/danahilliot\/maniere-dhabiter-le-monde-et-dorganiser-lespace-les-ecoles-au-temps-de-la-pandemie\/\"},\"author\":{\"name\":\"danah\",\"@id\":\"https:\/\/outsiderland.com\/danahilliot\/#\/schema\/person\/2f9b92e9fff19bccc36638b10510d5ae\"},\"headline\":\"Mani\u00e8re d&rsquo;habiter le monde et d&rsquo;organiser l&rsquo;espace : les \u00e9coles au temps de la pand\u00e9mie.\",\"datePublished\":\"2020-04-30T12:07:57+00:00\",\"dateModified\":\"2021-04-03T16:01:49+00:00\",\"mainEntityOfPage\":{\"@id\":\"https:\/\/outsiderland.com\/danahilliot\/maniere-dhabiter-le-monde-et-dorganiser-lespace-les-ecoles-au-temps-de-la-pandemie\/\"},\"wordCount\":976,\"publisher\":{\"@id\":\"https:\/\/outsiderland.com\/danahilliot\/#\/schema\/person\/201a1fef0f5c2897bd65e98bcf6b1179\"},\"articleSection\":[\"Catastrophe Climatique\",\"Crise\",\"Pand\u00e9mie Covid-19\"],\"inLanguage\":\"fr-FR\"},{\"@type\":\"WebPage\",\"@id\":\"https:\/\/outsiderland.com\/danahilliot\/maniere-dhabiter-le-monde-et-dorganiser-lespace-les-ecoles-au-temps-de-la-pandemie\/\",\"url\":\"https:\/\/outsiderland.com\/danahilliot\/maniere-dhabiter-le-monde-et-dorganiser-lespace-les-ecoles-au-temps-de-la-pandemie\/\",\"name\":\"Mani\u00e8re d'habiter le monde et d'organiser l'espace : les \u00e9coles au temps de la pand\u00e9mie. - Outside Dana Hilliot\",\"isPartOf\":{\"@id\":\"https:\/\/outsiderland.com\/danahilliot\/#website\"},\"datePublished\":\"2020-04-30T12:07:57+00:00\",\"dateModified\":\"2021-04-03T16:01:49+00:00\",\"breadcrumb\":{\"@id\":\"https:\/\/outsiderland.com\/danahilliot\/maniere-dhabiter-le-monde-et-dorganiser-lespace-les-ecoles-au-temps-de-la-pandemie\/#breadcrumb\"},\"inLanguage\":\"fr-FR\",\"potentialAction\":[{\"@type\":\"ReadAction\",\"target\":[\"https:\/\/outsiderland.com\/danahilliot\/maniere-dhabiter-le-monde-et-dorganiser-lespace-les-ecoles-au-temps-de-la-pandemie\/\"]}]},{\"@type\":\"BreadcrumbList\",\"@id\":\"https:\/\/outsiderland.com\/danahilliot\/maniere-dhabiter-le-monde-et-dorganiser-lespace-les-ecoles-au-temps-de-la-pandemie\/#breadcrumb\",\"itemListElement\":[{\"@type\":\"ListItem\",\"position\":1,\"name\":\"Accueil\",\"item\":\"https:\/\/outsiderland.com\/danahilliot\/\"},{\"@type\":\"ListItem\",\"position\":2,\"name\":\"Mani\u00e8re d&rsquo;habiter le monde et d&rsquo;organiser l&rsquo;espace : les \u00e9coles au temps de la pand\u00e9mie.\"}]},{\"@type\":\"WebSite\",\"@id\":\"https:\/\/outsiderland.com\/danahilliot\/#website\",\"url\":\"https:\/\/outsiderland.com\/danahilliot\/\",\"name\":\"Outside Dana Hilliot\",\"description\":\". Archives . Activit\u00e9s . Projets .\",\"publisher\":{\"@id\":\"https:\/\/outsiderland.com\/danahilliot\/#\/schema\/person\/201a1fef0f5c2897bd65e98bcf6b1179\"},\"potentialAction\":[{\"@type\":\"SearchAction\",\"target\":{\"@type\":\"EntryPoint\",\"urlTemplate\":\"https:\/\/outsiderland.com\/danahilliot\/?s={search_term_string}\"},\"query-input\":{\"@type\":\"PropertyValueSpecification\",\"valueRequired\":true,\"valueName\":\"search_term_string\"}}],\"inLanguage\":\"fr-FR\"},{\"@type\":[\"Person\",\"Organization\"],\"@id\":\"https:\/\/outsiderland.com\/danahilliot\/#\/schema\/person\/201a1fef0f5c2897bd65e98bcf6b1179\",\"name\":\"danahilliot\",\"image\":{\"@type\":\"ImageObject\",\"inLanguage\":\"fr-FR\",\"@id\":\"https:\/\/outsiderland.com\/danahilliot\/#\/schema\/person\/image\/\",\"url\":\"https:\/\/outsiderland.com\/danahilliot\/wp-content\/uploads\/2026\/02\/50801449407_a909f2c1ad_k.jpg\",\"contentUrl\":\"https:\/\/outsiderland.com\/danahilliot\/wp-content\/uploads\/2026\/02\/50801449407_a909f2c1ad_k.jpg\",\"width\":2048,\"height\":1536,\"caption\":\"danahilliot\"},\"logo\":{\"@id\":\"https:\/\/outsiderland.com\/danahilliot\/#\/schema\/person\/image\/\"}},{\"@type\":\"Person\",\"@id\":\"https:\/\/outsiderland.com\/danahilliot\/#\/schema\/person\/2f9b92e9fff19bccc36638b10510d5ae\",\"name\":\"danah\",\"image\":{\"@type\":\"ImageObject\",\"inLanguage\":\"fr-FR\",\"@id\":\"https:\/\/outsiderland.com\/danahilliot\/#\/schema\/person\/image\/\",\"url\":\"https:\/\/secure.gravatar.com\/avatar\/ed6349755e1d97f204277de3d09fc6ac31abd856835c8ea3c3a30d0aa84b0ddd?s=96&d=mm&r=g\",\"contentUrl\":\"https:\/\/secure.gravatar.com\/avatar\/ed6349755e1d97f204277de3d09fc6ac31abd856835c8ea3c3a30d0aa84b0ddd?s=96&d=mm&r=g\",\"caption\":\"danah\"},\"url\":\"https:\/\/outsiderland.com\/danahilliot\/author\/danah\/\"}]}<\/script>\n<!-- \/ Yoast SEO plugin. -->","yoast_head_json":{"title":"Mani\u00e8re d'habiter le monde et d'organiser l'espace : les \u00e9coles au temps de la pand\u00e9mie. - Outside Dana Hilliot","robots":{"index":"index","follow":"follow","max-snippet":"max-snippet:-1","max-image-preview":"max-image-preview:large","max-video-preview":"max-video-preview:-1"},"canonical":"https:\/\/outsiderland.com\/danahilliot\/maniere-dhabiter-le-monde-et-dorganiser-lespace-les-ecoles-au-temps-de-la-pandemie\/","og_locale":"fr_FR","og_type":"article","og_title":"Mani\u00e8re d'habiter le monde et d'organiser l'espace : les \u00e9coles au temps de la pand\u00e9mie. - Outside Dana Hilliot","og_description":"Durant le bref voyage (4 kms) jusqu&rsquo;\u00e0 la pharmacie de Saint-Dier ce matin (j&rsquo;\u00e9tais \u00e0 vrai dire le seul client, le bourg de Saint-Dier compte environ 500 \u00e2mes), j&rsquo;\u00e9coutais une programme d&rsquo;information continue \u00e0 la radio. Il \u00e9tait question des protocoles sanitaires qui devraient \u00eatre mis en place dans les \u00e9coles \u00e0 l&rsquo;occasion de leur&hellip;","og_url":"https:\/\/outsiderland.com\/danahilliot\/maniere-dhabiter-le-monde-et-dorganiser-lespace-les-ecoles-au-temps-de-la-pandemie\/","og_site_name":"Outside Dana Hilliot","article_published_time":"2020-04-30T12:07:57+00:00","article_modified_time":"2021-04-03T16:01:49+00:00","author":"danah","twitter_card":"summary_large_image","twitter_misc":{"\u00c9crit par":"danah","Dur\u00e9e de lecture estim\u00e9e":"5 minutes"},"schema":{"@context":"https:\/\/schema.org","@graph":[{"@type":"Article","@id":"https:\/\/outsiderland.com\/danahilliot\/maniere-dhabiter-le-monde-et-dorganiser-lespace-les-ecoles-au-temps-de-la-pandemie\/#article","isPartOf":{"@id":"https:\/\/outsiderland.com\/danahilliot\/maniere-dhabiter-le-monde-et-dorganiser-lespace-les-ecoles-au-temps-de-la-pandemie\/"},"author":{"name":"danah","@id":"https:\/\/outsiderland.com\/danahilliot\/#\/schema\/person\/2f9b92e9fff19bccc36638b10510d5ae"},"headline":"Mani\u00e8re d&rsquo;habiter le monde et d&rsquo;organiser l&rsquo;espace : les \u00e9coles au temps de la pand\u00e9mie.","datePublished":"2020-04-30T12:07:57+00:00","dateModified":"2021-04-03T16:01:49+00:00","mainEntityOfPage":{"@id":"https:\/\/outsiderland.com\/danahilliot\/maniere-dhabiter-le-monde-et-dorganiser-lespace-les-ecoles-au-temps-de-la-pandemie\/"},"wordCount":976,"publisher":{"@id":"https:\/\/outsiderland.com\/danahilliot\/#\/schema\/person\/201a1fef0f5c2897bd65e98bcf6b1179"},"articleSection":["Catastrophe Climatique","Crise","Pand\u00e9mie Covid-19"],"inLanguage":"fr-FR"},{"@type":"WebPage","@id":"https:\/\/outsiderland.com\/danahilliot\/maniere-dhabiter-le-monde-et-dorganiser-lespace-les-ecoles-au-temps-de-la-pandemie\/","url":"https:\/\/outsiderland.com\/danahilliot\/maniere-dhabiter-le-monde-et-dorganiser-lespace-les-ecoles-au-temps-de-la-pandemie\/","name":"Mani\u00e8re d'habiter le monde et d'organiser l'espace : les \u00e9coles au temps de la pand\u00e9mie. - Outside Dana Hilliot","isPartOf":{"@id":"https:\/\/outsiderland.com\/danahilliot\/#website"},"datePublished":"2020-04-30T12:07:57+00:00","dateModified":"2021-04-03T16:01:49+00:00","breadcrumb":{"@id":"https:\/\/outsiderland.com\/danahilliot\/maniere-dhabiter-le-monde-et-dorganiser-lespace-les-ecoles-au-temps-de-la-pandemie\/#breadcrumb"},"inLanguage":"fr-FR","potentialAction":[{"@type":"ReadAction","target":["https:\/\/outsiderland.com\/danahilliot\/maniere-dhabiter-le-monde-et-dorganiser-lespace-les-ecoles-au-temps-de-la-pandemie\/"]}]},{"@type":"BreadcrumbList","@id":"https:\/\/outsiderland.com\/danahilliot\/maniere-dhabiter-le-monde-et-dorganiser-lespace-les-ecoles-au-temps-de-la-pandemie\/#breadcrumb","itemListElement":[{"@type":"ListItem","position":1,"name":"Accueil","item":"https:\/\/outsiderland.com\/danahilliot\/"},{"@type":"ListItem","position":2,"name":"Mani\u00e8re d&rsquo;habiter le monde et d&rsquo;organiser l&rsquo;espace : les \u00e9coles au temps de la pand\u00e9mie."}]},{"@type":"WebSite","@id":"https:\/\/outsiderland.com\/danahilliot\/#website","url":"https:\/\/outsiderland.com\/danahilliot\/","name":"Outside Dana Hilliot","description":". Archives . Activit\u00e9s . Projets .","publisher":{"@id":"https:\/\/outsiderland.com\/danahilliot\/#\/schema\/person\/201a1fef0f5c2897bd65e98bcf6b1179"},"potentialAction":[{"@type":"SearchAction","target":{"@type":"EntryPoint","urlTemplate":"https:\/\/outsiderland.com\/danahilliot\/?s={search_term_string}"},"query-input":{"@type":"PropertyValueSpecification","valueRequired":true,"valueName":"search_term_string"}}],"inLanguage":"fr-FR"},{"@type":["Person","Organization"],"@id":"https:\/\/outsiderland.com\/danahilliot\/#\/schema\/person\/201a1fef0f5c2897bd65e98bcf6b1179","name":"danahilliot","image":{"@type":"ImageObject","inLanguage":"fr-FR","@id":"https:\/\/outsiderland.com\/danahilliot\/#\/schema\/person\/image\/","url":"https:\/\/outsiderland.com\/danahilliot\/wp-content\/uploads\/2026\/02\/50801449407_a909f2c1ad_k.jpg","contentUrl":"https:\/\/outsiderland.com\/danahilliot\/wp-content\/uploads\/2026\/02\/50801449407_a909f2c1ad_k.jpg","width":2048,"height":1536,"caption":"danahilliot"},"logo":{"@id":"https:\/\/outsiderland.com\/danahilliot\/#\/schema\/person\/image\/"}},{"@type":"Person","@id":"https:\/\/outsiderland.com\/danahilliot\/#\/schema\/person\/2f9b92e9fff19bccc36638b10510d5ae","name":"danah","image":{"@type":"ImageObject","inLanguage":"fr-FR","@id":"https:\/\/outsiderland.com\/danahilliot\/#\/schema\/person\/image\/","url":"https:\/\/secure.gravatar.com\/avatar\/ed6349755e1d97f204277de3d09fc6ac31abd856835c8ea3c3a30d0aa84b0ddd?s=96&d=mm&r=g","contentUrl":"https:\/\/secure.gravatar.com\/avatar\/ed6349755e1d97f204277de3d09fc6ac31abd856835c8ea3c3a30d0aa84b0ddd?s=96&d=mm&r=g","caption":"danah"},"url":"https:\/\/outsiderland.com\/danahilliot\/author\/danah\/"}]}},"jetpack_publicize_connections":[],"_links":{"self":[{"href":"https:\/\/outsiderland.com\/danahilliot\/wp-json\/wp\/v2\/posts\/3608","targetHints":{"allow":["GET"]}}],"collection":[{"href":"https:\/\/outsiderland.com\/danahilliot\/wp-json\/wp\/v2\/posts"}],"about":[{"href":"https:\/\/outsiderland.com\/danahilliot\/wp-json\/wp\/v2\/types\/post"}],"author":[{"embeddable":true,"href":"https:\/\/outsiderland.com\/danahilliot\/wp-json\/wp\/v2\/users\/1"}],"replies":[{"embeddable":true,"href":"https:\/\/outsiderland.com\/danahilliot\/wp-json\/wp\/v2\/comments?post=3608"}],"version-history":[{"count":2,"href":"https:\/\/outsiderland.com\/danahilliot\/wp-json\/wp\/v2\/posts\/3608\/revisions"}],"predecessor-version":[{"id":3610,"href":"https:\/\/outsiderland.com\/danahilliot\/wp-json\/wp\/v2\/posts\/3608\/revisions\/3610"}],"wp:attachment":[{"href":"https:\/\/outsiderland.com\/danahilliot\/wp-json\/wp\/v2\/media?parent=3608"}],"wp:term":[{"taxonomy":"category","embeddable":true,"href":"https:\/\/outsiderland.com\/danahilliot\/wp-json\/wp\/v2\/categories?post=3608"},{"taxonomy":"post_tag","embeddable":true,"href":"https:\/\/outsiderland.com\/danahilliot\/wp-json\/wp\/v2\/tags?post=3608"}],"curies":[{"name":"wp","href":"https:\/\/api.w.org\/{rel}","templated":true}]}}