{"id":3600,"date":"2020-04-18T19:30:31","date_gmt":"2020-04-18T19:30:31","guid":{"rendered":"https:\/\/outsiderland.com\/danahilliot\/?p=3600"},"modified":"2021-04-03T16:01:49","modified_gmt":"2021-04-03T16:01:49","slug":"dune-supposee-crise-de-la-raison-breves-remarques","status":"publish","type":"post","link":"https:\/\/outsiderland.com\/danahilliot\/dune-supposee-crise-de-la-raison-breves-remarques\/","title":{"rendered":"D&rsquo;une suppos\u00e9e crise de la Raison (br\u00e8ves remarques)"},"content":{"rendered":"<div id=\"js_8\" class=\"_5pbx userContent _3576\" data-testid=\"post_message\" data-ft=\"{&quot;tn&quot;:&quot;K&quot;}\">\n<div class=\"_5pbx userContent _3576\" data-testid=\"post_message\" data-ft=\"{&quot;tn&quot;:&quot;K&quot;}\">\n<p>Au 18 avril \u00e0 20h49. (br\u00e8ves remarques en vue d&rsquo;un article que je n&rsquo;\u00e9crirais sans doute jamais sur la suppos\u00e9e \u00ab\u00a0crise de la Raison\u00a0\u00bb)<\/p>\n<p>On notera que l&rsquo;immense majorit\u00e9 des \u00c9tats du monde n&rsquo;a pas h\u00e9sit\u00e9 \u00e0 jeter quasiment par dessus-bord quelques-uns de leurs sacro-saints piliers \u00e9conomiques (r\u00e9duction des d\u00e9ficits, aust\u00e9rit\u00e9 budg\u00e9taire, lib\u00e9ralisation des services, organisation de la pr\u00e9carit\u00e9 des populations, et j&rsquo;en oublie) et ce en \u00e0 peine quelques semaines, depuis le d\u00e9but de l&rsquo;\u00e9pid\u00e9mie. Alors qu&rsquo;ils n&rsquo;ont pour ainsi dire pas boug\u00e9 le petit doigt pour ne serait-ce que limiter les \u00e9missions de gaz \u00e0 effets de serre, et m\u00eame pas le bout d&rsquo;une phalange pour lutter contre la malnutrition et la faim dans le monde (sans parler du reste, et de tous les maux qui accablent les populations les plus pauvres).<\/p>\n<p>On dira en guise d&rsquo;explications que, par exemple, l&rsquo;\u00e9pid\u00e9mie touche aussi (et d&rsquo;abord, pour le moment en tous cas) les pays riches &#8211; \u00e0 la population vieillissante, donc plus vuln\u00e9rables au virus -, que l&rsquo;\u00e9v\u00e8nement est arriv\u00e9 sans crier gare, avec une brutalit\u00e9 rare, alors que la malnutrition est pens\u00e9e comme un mal \u00ab\u00a0end\u00e9mique\u00a0\u00bb (relevant d&rsquo;une soi-disant fatalit\u00e9), et que le Changement Climatique n&rsquo;est encore qu&rsquo;une vague masse sombre \u00e0 l&rsquo;horizon du business (il y a encore du pognon \u00e0 se faire d&rsquo;ici l\u00e0).<\/p>\n<p>Et on trouvera sans doute encore beaucoup d&rsquo;explications.<\/p>\n<p>Il n&#8217;emp\u00eache : s&rsquo;il y a bien un truc que personne ou pas grand monde n&rsquo;avait pr\u00e9dit, c&rsquo;est la possibilit\u00e9 que certains principes du n\u00e9olib\u00e9ralisme soient foul\u00e9s au pied avec autant d&rsquo;ardeur et en aussi peu de temps, sans qu&rsquo;ait eu lieu un quelconque Grand Soir. On s&rsquo;est quand m\u00eame tap\u00e9 des d\u00e9cennies de restriction budg\u00e9taire et de d\u00e9ficit \u00e0 3% du PIB pour des prunes. Grandiose non ? Merci au virus donc. Une vraie exp\u00e9rience politique (et mondiale qui plus est !) \u00ab\u00a0Grandeur Nature\u00a0\u00bb dont on n&rsquo;aurait jamais os\u00e9 r\u00eaver.<\/p>\n<p>Je ferais remarquer que ces strat\u00e9gies de lutte contre le virus, aussi incoh\u00e9rentes semblent-elles avec les politiques qui les ont pr\u00e9c\u00e9d\u00e9es, n&rsquo;en sont pas moins extr\u00eamement rationnelles. Tout comme auraient \u00e9t\u00e9 parfaitement rationnelles des strat\u00e9gies du \u00ab\u00a0laisser faire\u00a0\u00bb. Et d&rsquo;autres. Je lis ici et l\u00e0 qu&rsquo;on d\u00e9plore une crise de la raison. Il faudrait mettre une majuscule \u00e0 la Raison dont on d\u00e9plore qu&rsquo;elle est en crise. Sauf qu&rsquo;\u00e0 mon avis, il n&rsquo;y a rien de tel. C&rsquo;est plut\u00f4t notre croyance, la croyance des citoyens (voire m\u00eame notre \u00ab\u00a0vouloir croire\u00a0\u00bb, notre esp\u00e9rance d\u00e9sesp\u00e9r\u00e9e), en l&rsquo;unicit\u00e9 de la raison et \u00e0 la coh\u00e9rence des politiques \u00e9conomiques et sociales qui est en crise (et aussi le contre-coup du naturalisme moderne, de la mise au silence de tous les autres discours par la science &#8211; on a mis tous nos \u0153ufs dans le m\u00eame panier pour ainsi dire, dans les paniers de quelques types en blouse blanche). On se plaint de l&rsquo;incons\u00e9quence des gouvernants, mais on continue d&rsquo;attendre d&rsquo;eux qu&rsquo;ils fournissent la raison de toutes choses (et, pour rester dans l&rsquo;actualit\u00e9, on voudrait que le gouvernement nous lib\u00e8re, nous \u00ab\u00a0autorise\u00a0\u00bb \u00e0 nous lib\u00e9rer (!), mais on pr\u00e9f\u00e9rerait ne pas tomber malade tout de m\u00eame et surtout pas mourir (auquel cas on criera \u00e0 la bande d&rsquo;assassins et le lib\u00e9rateur aura t\u00f4t fait de passer pour un criminel).<\/p>\n<p>Si j&rsquo;ai le temps, j&rsquo;\u00e9crirai un petit article pour rappeler ce qui me semblait si caract\u00e9ristique des mondes antiques, y compris la Gr\u00e8ce, suppos\u00e9ment initiatrice de la \u00ab\u00a0Raison Occidentale\u00a0\u00bb (foutaises !), c&rsquo;est-\u00e0-dire : l&rsquo;acceptation tranquille et spontan\u00e9 de la pluralit\u00e9 des v\u00e9rit\u00e9s et des rationalit\u00e9s &#8211; au point qu&rsquo;except\u00e9 une fois chez Varron -, on ne trouve jamais mention d&rsquo;une v\u00e9rit\u00e9 unique ni dans la litt\u00e9rature grecque, ni dans les textes romains : il faudra attendre le Christianisme pour en trouver mention (avant cela, on n&rsquo;aurait m\u00eame pas l\u00a0\u00bbid\u00e9e d&rsquo;exterminer ses voisins pour une banale histoire de divinit\u00e9 ou de d\u00e9saccord philosophique). Ne pas comprendre cela, c&rsquo;est rater tout le sens du n\u00e9oplatonisme par exemple, dans lesquels les dieux et les th\u00e9urges c\u00f4toient sans vergogne les concepts les plus abstraits dans des \u00e9difices d&rsquo;une sophistication incroyable. Ou bien, s&rsquo;\u00e9tonner que dans nombre de soci\u00e9t\u00e9s indig\u00e8nes, on accueille sans trop de peine l&rsquo;arriv\u00e9e d&rsquo;un nouveau Dieu, quitte \u00e0 l&rsquo;abandonner plus tard, de m\u00eame qu&rsquo;on fait une place \u00e0 la m\u00e9decine des blancs, sans pour autant laisser tomber tout \u00e0 fait les rituels de soin chamaniques.<\/p>\n<p>\u00c0 la revoyure !!<\/p>\n<p>NB : je passe sous silence les eug\u00e9nistes d&rsquo;extr\u00eame-droite du genre Trump ou Bolsonaro, lesquels se seraient bien content\u00e9s (ou se contentent) de laisser faire la \u00ab\u00a0s\u00e9lection naturelle\u00a0\u00bb.<\/p>\n<\/div>\n<\/div>\n","protected":false},"excerpt":{"rendered":"<p>Au 18 avril \u00e0 20h49. (br\u00e8ves remarques en vue d&rsquo;un article que je n&rsquo;\u00e9crirais sans doute jamais sur la suppos\u00e9e \u00ab\u00a0crise de la Raison\u00a0\u00bb) On notera que l&rsquo;immense majorit\u00e9 des \u00c9tats du monde n&rsquo;a pas h\u00e9sit\u00e9 \u00e0 jeter quasiment par dessus-bord quelques-uns de leurs sacro-saints piliers \u00e9conomiques (r\u00e9duction des d\u00e9ficits, aust\u00e9rit\u00e9 budg\u00e9taire, lib\u00e9ralisation des services,&hellip;<\/p>\n <a href=\"https:\/\/outsiderland.com\/danahilliot\/dune-supposee-crise-de-la-raison-breves-remarques\/\" title=\"D&rsquo;une suppos\u00e9e crise de la Raison (br\u00e8ves remarques)\" class=\"entry-more-link\"><span>Read More<\/span> <span class=\"screen-reader-text\">D&rsquo;une suppos\u00e9e crise de la Raison (br\u00e8ves remarques)<\/span><\/a>","protected":false},"author":1,"featured_media":0,"comment_status":"closed","ping_status":"open","sticky":false,"template":"","format":"standard","meta":{"Layout":"","footnotes":"","jetpack_publicize_message":"","jetpack_publicize_feature_enabled":true,"jetpack_social_post_already_shared":false,"jetpack_social_options":{"image_generator_settings":{"template":"highway","default_image_id":0,"font":"","enabled":false},"version":2}},"categories":[64,68,73],"tags":[],"class_list":["entry","author-danah","post-3600","post","type-post","status-publish","format-standard","category-catastrophe-climatique","category-crise","category-pandemie-covid-19"],"yoast_head":"<!-- This site is optimized with the Yoast SEO plugin v27.0 - https:\/\/yoast.com\/product\/yoast-seo-wordpress\/ -->\n<title>D&#039;une suppos\u00e9e crise de la Raison (br\u00e8ves remarques) - Outside Dana Hilliot<\/title>\n<meta name=\"robots\" content=\"index, follow, max-snippet:-1, max-image-preview:large, max-video-preview:-1\" \/>\n<link rel=\"canonical\" href=\"https:\/\/outsiderland.com\/danahilliot\/dune-supposee-crise-de-la-raison-breves-remarques\/\" \/>\n<meta property=\"og:locale\" content=\"fr_FR\" \/>\n<meta property=\"og:type\" content=\"article\" \/>\n<meta property=\"og:title\" content=\"D&#039;une suppos\u00e9e crise de la Raison (br\u00e8ves remarques) - Outside Dana Hilliot\" \/>\n<meta property=\"og:description\" content=\"Au 18 avril \u00e0 20h49. (br\u00e8ves remarques en vue d&rsquo;un article que je n&rsquo;\u00e9crirais sans doute jamais sur la suppos\u00e9e \u00ab\u00a0crise de la Raison\u00a0\u00bb) On notera que l&rsquo;immense majorit\u00e9 des \u00c9tats du monde n&rsquo;a pas h\u00e9sit\u00e9 \u00e0 jeter quasiment par dessus-bord quelques-uns de leurs sacro-saints piliers \u00e9conomiques (r\u00e9duction des d\u00e9ficits, aust\u00e9rit\u00e9 budg\u00e9taire, lib\u00e9ralisation des services,&hellip;\" \/>\n<meta property=\"og:url\" content=\"https:\/\/outsiderland.com\/danahilliot\/dune-supposee-crise-de-la-raison-breves-remarques\/\" \/>\n<meta property=\"og:site_name\" content=\"Outside Dana Hilliot\" \/>\n<meta property=\"article:published_time\" content=\"2020-04-18T19:30:31+00:00\" \/>\n<meta property=\"article:modified_time\" content=\"2021-04-03T16:01:49+00:00\" \/>\n<meta name=\"author\" content=\"danah\" \/>\n<meta name=\"twitter:card\" content=\"summary_large_image\" \/>\n<meta name=\"twitter:label1\" content=\"\u00c9crit par\" \/>\n\t<meta name=\"twitter:data1\" content=\"danah\" \/>\n\t<meta name=\"twitter:label2\" content=\"Dur\u00e9e de lecture estim\u00e9e\" \/>\n\t<meta name=\"twitter:data2\" content=\"4 minutes\" \/>\n<script type=\"application\/ld+json\" class=\"yoast-schema-graph\">{\"@context\":\"https:\/\/schema.org\",\"@graph\":[{\"@type\":\"Article\",\"@id\":\"https:\/\/outsiderland.com\/danahilliot\/dune-supposee-crise-de-la-raison-breves-remarques\/#article\",\"isPartOf\":{\"@id\":\"https:\/\/outsiderland.com\/danahilliot\/dune-supposee-crise-de-la-raison-breves-remarques\/\"},\"author\":{\"name\":\"danah\",\"@id\":\"https:\/\/outsiderland.com\/danahilliot\/#\/schema\/person\/2f9b92e9fff19bccc36638b10510d5ae\"},\"headline\":\"D&rsquo;une suppos\u00e9e crise de la Raison (br\u00e8ves remarques)\",\"datePublished\":\"2020-04-18T19:30:31+00:00\",\"dateModified\":\"2021-04-03T16:01:49+00:00\",\"mainEntityOfPage\":{\"@id\":\"https:\/\/outsiderland.com\/danahilliot\/dune-supposee-crise-de-la-raison-breves-remarques\/\"},\"wordCount\":876,\"publisher\":{\"@id\":\"https:\/\/outsiderland.com\/danahilliot\/#\/schema\/person\/201a1fef0f5c2897bd65e98bcf6b1179\"},\"articleSection\":[\"Catastrophe Climatique\",\"Crise\",\"Pand\u00e9mie Covid-19\"],\"inLanguage\":\"fr-FR\"},{\"@type\":\"WebPage\",\"@id\":\"https:\/\/outsiderland.com\/danahilliot\/dune-supposee-crise-de-la-raison-breves-remarques\/\",\"url\":\"https:\/\/outsiderland.com\/danahilliot\/dune-supposee-crise-de-la-raison-breves-remarques\/\",\"name\":\"D'une suppos\u00e9e crise de la Raison (br\u00e8ves remarques) - Outside Dana Hilliot\",\"isPartOf\":{\"@id\":\"https:\/\/outsiderland.com\/danahilliot\/#website\"},\"datePublished\":\"2020-04-18T19:30:31+00:00\",\"dateModified\":\"2021-04-03T16:01:49+00:00\",\"breadcrumb\":{\"@id\":\"https:\/\/outsiderland.com\/danahilliot\/dune-supposee-crise-de-la-raison-breves-remarques\/#breadcrumb\"},\"inLanguage\":\"fr-FR\",\"potentialAction\":[{\"@type\":\"ReadAction\",\"target\":[\"https:\/\/outsiderland.com\/danahilliot\/dune-supposee-crise-de-la-raison-breves-remarques\/\"]}]},{\"@type\":\"BreadcrumbList\",\"@id\":\"https:\/\/outsiderland.com\/danahilliot\/dune-supposee-crise-de-la-raison-breves-remarques\/#breadcrumb\",\"itemListElement\":[{\"@type\":\"ListItem\",\"position\":1,\"name\":\"Accueil\",\"item\":\"https:\/\/outsiderland.com\/danahilliot\/\"},{\"@type\":\"ListItem\",\"position\":2,\"name\":\"D&rsquo;une suppos\u00e9e crise de la Raison (br\u00e8ves remarques)\"}]},{\"@type\":\"WebSite\",\"@id\":\"https:\/\/outsiderland.com\/danahilliot\/#website\",\"url\":\"https:\/\/outsiderland.com\/danahilliot\/\",\"name\":\"Outside Dana Hilliot\",\"description\":\". Archives . Activit\u00e9s . Projets .\",\"publisher\":{\"@id\":\"https:\/\/outsiderland.com\/danahilliot\/#\/schema\/person\/201a1fef0f5c2897bd65e98bcf6b1179\"},\"potentialAction\":[{\"@type\":\"SearchAction\",\"target\":{\"@type\":\"EntryPoint\",\"urlTemplate\":\"https:\/\/outsiderland.com\/danahilliot\/?s={search_term_string}\"},\"query-input\":{\"@type\":\"PropertyValueSpecification\",\"valueRequired\":true,\"valueName\":\"search_term_string\"}}],\"inLanguage\":\"fr-FR\"},{\"@type\":[\"Person\",\"Organization\"],\"@id\":\"https:\/\/outsiderland.com\/danahilliot\/#\/schema\/person\/201a1fef0f5c2897bd65e98bcf6b1179\",\"name\":\"danahilliot\",\"image\":{\"@type\":\"ImageObject\",\"inLanguage\":\"fr-FR\",\"@id\":\"https:\/\/outsiderland.com\/danahilliot\/#\/schema\/person\/image\/\",\"url\":\"https:\/\/outsiderland.com\/danahilliot\/wp-content\/uploads\/2026\/02\/50801449407_a909f2c1ad_k.jpg\",\"contentUrl\":\"https:\/\/outsiderland.com\/danahilliot\/wp-content\/uploads\/2026\/02\/50801449407_a909f2c1ad_k.jpg\",\"width\":2048,\"height\":1536,\"caption\":\"danahilliot\"},\"logo\":{\"@id\":\"https:\/\/outsiderland.com\/danahilliot\/#\/schema\/person\/image\/\"}},{\"@type\":\"Person\",\"@id\":\"https:\/\/outsiderland.com\/danahilliot\/#\/schema\/person\/2f9b92e9fff19bccc36638b10510d5ae\",\"name\":\"danah\",\"image\":{\"@type\":\"ImageObject\",\"inLanguage\":\"fr-FR\",\"@id\":\"https:\/\/outsiderland.com\/danahilliot\/#\/schema\/person\/image\/\",\"url\":\"https:\/\/secure.gravatar.com\/avatar\/ed6349755e1d97f204277de3d09fc6ac31abd856835c8ea3c3a30d0aa84b0ddd?s=96&d=mm&r=g\",\"contentUrl\":\"https:\/\/secure.gravatar.com\/avatar\/ed6349755e1d97f204277de3d09fc6ac31abd856835c8ea3c3a30d0aa84b0ddd?s=96&d=mm&r=g\",\"caption\":\"danah\"},\"url\":\"https:\/\/outsiderland.com\/danahilliot\/author\/danah\/\"}]}<\/script>\n<!-- \/ Yoast SEO plugin. -->","yoast_head_json":{"title":"D'une suppos\u00e9e crise de la Raison (br\u00e8ves remarques) - Outside Dana Hilliot","robots":{"index":"index","follow":"follow","max-snippet":"max-snippet:-1","max-image-preview":"max-image-preview:large","max-video-preview":"max-video-preview:-1"},"canonical":"https:\/\/outsiderland.com\/danahilliot\/dune-supposee-crise-de-la-raison-breves-remarques\/","og_locale":"fr_FR","og_type":"article","og_title":"D'une suppos\u00e9e crise de la Raison (br\u00e8ves remarques) - Outside Dana Hilliot","og_description":"Au 18 avril \u00e0 20h49. (br\u00e8ves remarques en vue d&rsquo;un article que je n&rsquo;\u00e9crirais sans doute jamais sur la suppos\u00e9e \u00ab\u00a0crise de la Raison\u00a0\u00bb) On notera que l&rsquo;immense majorit\u00e9 des \u00c9tats du monde n&rsquo;a pas h\u00e9sit\u00e9 \u00e0 jeter quasiment par dessus-bord quelques-uns de leurs sacro-saints piliers \u00e9conomiques (r\u00e9duction des d\u00e9ficits, aust\u00e9rit\u00e9 budg\u00e9taire, lib\u00e9ralisation des services,&hellip;","og_url":"https:\/\/outsiderland.com\/danahilliot\/dune-supposee-crise-de-la-raison-breves-remarques\/","og_site_name":"Outside Dana Hilliot","article_published_time":"2020-04-18T19:30:31+00:00","article_modified_time":"2021-04-03T16:01:49+00:00","author":"danah","twitter_card":"summary_large_image","twitter_misc":{"\u00c9crit par":"danah","Dur\u00e9e de lecture estim\u00e9e":"4 minutes"},"schema":{"@context":"https:\/\/schema.org","@graph":[{"@type":"Article","@id":"https:\/\/outsiderland.com\/danahilliot\/dune-supposee-crise-de-la-raison-breves-remarques\/#article","isPartOf":{"@id":"https:\/\/outsiderland.com\/danahilliot\/dune-supposee-crise-de-la-raison-breves-remarques\/"},"author":{"name":"danah","@id":"https:\/\/outsiderland.com\/danahilliot\/#\/schema\/person\/2f9b92e9fff19bccc36638b10510d5ae"},"headline":"D&rsquo;une suppos\u00e9e crise de la Raison (br\u00e8ves remarques)","datePublished":"2020-04-18T19:30:31+00:00","dateModified":"2021-04-03T16:01:49+00:00","mainEntityOfPage":{"@id":"https:\/\/outsiderland.com\/danahilliot\/dune-supposee-crise-de-la-raison-breves-remarques\/"},"wordCount":876,"publisher":{"@id":"https:\/\/outsiderland.com\/danahilliot\/#\/schema\/person\/201a1fef0f5c2897bd65e98bcf6b1179"},"articleSection":["Catastrophe Climatique","Crise","Pand\u00e9mie Covid-19"],"inLanguage":"fr-FR"},{"@type":"WebPage","@id":"https:\/\/outsiderland.com\/danahilliot\/dune-supposee-crise-de-la-raison-breves-remarques\/","url":"https:\/\/outsiderland.com\/danahilliot\/dune-supposee-crise-de-la-raison-breves-remarques\/","name":"D'une suppos\u00e9e crise de la Raison (br\u00e8ves remarques) - Outside Dana Hilliot","isPartOf":{"@id":"https:\/\/outsiderland.com\/danahilliot\/#website"},"datePublished":"2020-04-18T19:30:31+00:00","dateModified":"2021-04-03T16:01:49+00:00","breadcrumb":{"@id":"https:\/\/outsiderland.com\/danahilliot\/dune-supposee-crise-de-la-raison-breves-remarques\/#breadcrumb"},"inLanguage":"fr-FR","potentialAction":[{"@type":"ReadAction","target":["https:\/\/outsiderland.com\/danahilliot\/dune-supposee-crise-de-la-raison-breves-remarques\/"]}]},{"@type":"BreadcrumbList","@id":"https:\/\/outsiderland.com\/danahilliot\/dune-supposee-crise-de-la-raison-breves-remarques\/#breadcrumb","itemListElement":[{"@type":"ListItem","position":1,"name":"Accueil","item":"https:\/\/outsiderland.com\/danahilliot\/"},{"@type":"ListItem","position":2,"name":"D&rsquo;une suppos\u00e9e crise de la Raison (br\u00e8ves remarques)"}]},{"@type":"WebSite","@id":"https:\/\/outsiderland.com\/danahilliot\/#website","url":"https:\/\/outsiderland.com\/danahilliot\/","name":"Outside Dana Hilliot","description":". Archives . Activit\u00e9s . Projets .","publisher":{"@id":"https:\/\/outsiderland.com\/danahilliot\/#\/schema\/person\/201a1fef0f5c2897bd65e98bcf6b1179"},"potentialAction":[{"@type":"SearchAction","target":{"@type":"EntryPoint","urlTemplate":"https:\/\/outsiderland.com\/danahilliot\/?s={search_term_string}"},"query-input":{"@type":"PropertyValueSpecification","valueRequired":true,"valueName":"search_term_string"}}],"inLanguage":"fr-FR"},{"@type":["Person","Organization"],"@id":"https:\/\/outsiderland.com\/danahilliot\/#\/schema\/person\/201a1fef0f5c2897bd65e98bcf6b1179","name":"danahilliot","image":{"@type":"ImageObject","inLanguage":"fr-FR","@id":"https:\/\/outsiderland.com\/danahilliot\/#\/schema\/person\/image\/","url":"https:\/\/outsiderland.com\/danahilliot\/wp-content\/uploads\/2026\/02\/50801449407_a909f2c1ad_k.jpg","contentUrl":"https:\/\/outsiderland.com\/danahilliot\/wp-content\/uploads\/2026\/02\/50801449407_a909f2c1ad_k.jpg","width":2048,"height":1536,"caption":"danahilliot"},"logo":{"@id":"https:\/\/outsiderland.com\/danahilliot\/#\/schema\/person\/image\/"}},{"@type":"Person","@id":"https:\/\/outsiderland.com\/danahilliot\/#\/schema\/person\/2f9b92e9fff19bccc36638b10510d5ae","name":"danah","image":{"@type":"ImageObject","inLanguage":"fr-FR","@id":"https:\/\/outsiderland.com\/danahilliot\/#\/schema\/person\/image\/","url":"https:\/\/secure.gravatar.com\/avatar\/ed6349755e1d97f204277de3d09fc6ac31abd856835c8ea3c3a30d0aa84b0ddd?s=96&d=mm&r=g","contentUrl":"https:\/\/secure.gravatar.com\/avatar\/ed6349755e1d97f204277de3d09fc6ac31abd856835c8ea3c3a30d0aa84b0ddd?s=96&d=mm&r=g","caption":"danah"},"url":"https:\/\/outsiderland.com\/danahilliot\/author\/danah\/"}]}},"jetpack_publicize_connections":[],"_links":{"self":[{"href":"https:\/\/outsiderland.com\/danahilliot\/wp-json\/wp\/v2\/posts\/3600","targetHints":{"allow":["GET"]}}],"collection":[{"href":"https:\/\/outsiderland.com\/danahilliot\/wp-json\/wp\/v2\/posts"}],"about":[{"href":"https:\/\/outsiderland.com\/danahilliot\/wp-json\/wp\/v2\/types\/post"}],"author":[{"embeddable":true,"href":"https:\/\/outsiderland.com\/danahilliot\/wp-json\/wp\/v2\/users\/1"}],"replies":[{"embeddable":true,"href":"https:\/\/outsiderland.com\/danahilliot\/wp-json\/wp\/v2\/comments?post=3600"}],"version-history":[{"count":3,"href":"https:\/\/outsiderland.com\/danahilliot\/wp-json\/wp\/v2\/posts\/3600\/revisions"}],"predecessor-version":[{"id":3603,"href":"https:\/\/outsiderland.com\/danahilliot\/wp-json\/wp\/v2\/posts\/3600\/revisions\/3603"}],"wp:attachment":[{"href":"https:\/\/outsiderland.com\/danahilliot\/wp-json\/wp\/v2\/media?parent=3600"}],"wp:term":[{"taxonomy":"category","embeddable":true,"href":"https:\/\/outsiderland.com\/danahilliot\/wp-json\/wp\/v2\/categories?post=3600"},{"taxonomy":"post_tag","embeddable":true,"href":"https:\/\/outsiderland.com\/danahilliot\/wp-json\/wp\/v2\/tags?post=3600"}],"curies":[{"name":"wp","href":"https:\/\/api.w.org\/{rel}","templated":true}]}}