{"id":3531,"date":"2020-04-03T12:39:29","date_gmt":"2020-04-03T12:39:29","guid":{"rendered":"https:\/\/outsiderland.com\/danahilliot\/?p=3531"},"modified":"2021-04-03T17:01:01","modified_gmt":"2021-04-03T17:01:01","slug":"pistes-pour-une-approche-anthropologique-du-confinement","status":"publish","type":"post","link":"https:\/\/outsiderland.com\/danahilliot\/pistes-pour-une-approche-anthropologique-du-confinement\/","title":{"rendered":"Pistes pour une approche anthropologique du confinement"},"content":{"rendered":"<p>Quelques pistes de r\u00e9flexion sur le confinement (suites \u00e0 de longues discussions avec ma ch\u00e9rie) sous un angle plut\u00f4t anthropologique. Ce texte compl\u00e8te le pr\u00e9c\u00e9dent, d&rsquo;une mani\u00e8re aussi moins ironique et plus \u00ab\u00a0s\u00e9rieuse\u00a0\u00bb.<\/p>\n<p>(comme toujours, pour des raisons de confort, on pr\u00e9f\u00e9rera lire le texte sur mon blog)<\/p>\n<p>Si je devais r\u00e9sumer mon approche, je dirais que le confinement est une solution \u00ab\u00a0culturelle\u00a0\u00bb, qui ne fait sens qu&rsquo;\u00e0 ce moment de l&rsquo;histoire et dans une perspective anthropologique singuli\u00e8re. Cette solution n&rsquo;a pu \u00e9merger que dans une configuration socio-politique, \u00e9conomique et culturelle particuli\u00e8re, qui, bien qu&rsquo;elle se soit impos\u00e9e (avec infiniment de variations) \u00e0 la quasi-totalit\u00e9 des humains (et des non-humains), n&rsquo;en reste pas moins une r\u00e9ponse contingente et circonstanci\u00e9e pour ainsi dire. Comme la plupart des nations semblent avoir adopt\u00e9 cette strat\u00e9gie de \u00ab\u00a0lutte\u00a0\u00bb contre la pand\u00e9mie de Covid19, le confinement nous semble parfois relever d&rsquo;une pure rationalit\u00e9 pratique &#8211; la moins pire des solutions pour ce que nous en savons, la conclusion \u00e9vidente d&rsquo;un calcul rationnel que tout esprit en bon \u00e9tat de fonctionnement devrait \u00eatre en mesure de produire.<\/p>\n<p>En r\u00e9alit\u00e9, il n&rsquo;en est rien. C&rsquo;est la solution qui s&rsquo;impose \u00ab\u00a0ici et maintenant\u00a0\u00bb, dans notre culture et \u00e0 ce moment de l&rsquo;histoire. Que ce soit clair : loin de moi l&rsquo;id\u00e9e d&rsquo;en juger la pertinence &#8211; la pand\u00e9mie a surpris litt\u00e9ralement les nations du monde, et, \u00e0 l&rsquo;exception de quelques pays d\u00e9j\u00e0 durement touch\u00e9s par des \u00e9pid\u00e9mies comparables dans les d\u00e9cennies pr\u00e9c\u00e9dentes, aucune de ces nations ne disposaient d&rsquo;un syst\u00e8me de sant\u00e9 capable d&rsquo;accueillir un afflux de malades s&rsquo;ajoutant \u00e0 tous les malades \u00ab\u00a0habituels\u00a0\u00bb. Mais, ce qui me frappe, c&rsquo;est qu&rsquo;une telle \u00ab\u00a0solution\u00a0\u00bb, le confinement d&rsquo;une tr\u00e8s grande partie de l&rsquo;humanit\u00e9, ne serait sans doute m\u00eame pas venue \u00e0 l&rsquo;esprit de nos anc\u00eatres (pas si lointain d&rsquo;ailleurs !), qui pourtant n&rsquo;ont pas manqu\u00e9 d&rsquo;\u00eatre affect\u00e9s par nombre d&rsquo;\u00e9pid\u00e9mies, autrement plus l\u00e9tales que celle-ci. On a certes mis en quarantaine certaines villes ou certains quartiers durant les \u00e9pid\u00e9mies de peste dans l&rsquo;histoire, mais le confinement n&rsquo;\u00e9tait pas aussi radical et g\u00e9n\u00e9ralis\u00e9 qu&rsquo;il l&rsquo;est aujourd&rsquo;hui (et en tous cas, limit\u00e9 aux centres urbains &#8211; les campagnes, dans lesquelles vivaient la plus grande partie de la population, \u00e9taient relativement pr\u00e9serv\u00e9es). L&rsquo;\u00e9volution de la d\u00e9mographie, l&rsquo;extension d\u00e9lirante des zones urbaines dans le monde, et le r\u00e9seau dense des transports, expliquent en partie la \u00ab\u00a0mondialisation\u00a0\u00bb du confinement. En partie seulement.<\/p>\n<p>L&rsquo;isolement pr\u00e9ventif des populations (qui va bien au-del\u00e0 de l&rsquo;isolement des seuls malades ou des seuls porteurs du virus), le confinement g\u00e9n\u00e9ralis\u00e9, s&rsquo;inscrit de mani\u00e8re tout \u00e0 fait logiquement dans la dynamique anthropologique du monde Occidental : l&rsquo;individu hyper connect\u00e9, satur\u00e9 d&rsquo;injonctions \u00e0 l&rsquo;autonomie, consid\u00e9r\u00e9 comme une monade ind\u00e9pendante ultra-mobile (d&rsquo;o\u00f9 l&rsquo;ironie de l&rsquo;immobilit\u00e9 \u00e0 laquelle il est tenu d\u00e9sormais), suppos\u00e9 capable en toutes circonstances d&rsquo;adaptation et de r\u00e9silience &#8211; un id\u00e9al tyrannique assur\u00e9ment (qui ne se r\u00e9alise en v\u00e9rit\u00e9 qu&rsquo;en d\u00e9ployant toute une armada de soutiens artificiels : psychotropes, industrie du divertissement, consolations diverses et vari\u00e9es procur\u00e9es par l&rsquo;hyper-consommation et les technologies, et j&rsquo;en passe). Je songeais \u00e0 la monadologie de Leibniz &#8211; le confinement en d\u00e9clinerait quelque chose, une infinit\u00e9 d&rsquo;esprits singuliers s\u00e9par\u00e9s les uns des autres, mais un seul corps, un seul immense corps malade (la nature). Des monades sans porte ni fen\u00eatres, mais avec des \u00e9crans. L&rsquo;image est assez parlante. Tous les symboles de l&rsquo;hyper-modernit\u00e9 sont renvers\u00e9s par la gr\u00e2ce d&rsquo;une cr\u00e9ature invisible \u00e0 l\u2019\u0153il nu, si \u00ab\u00a0pauvre en mondes\u00a0\u00bb comme aurait dit Heidegger : je songe par exemple aux hubs a\u00e9roportuaire, d\u00e9sormais d\u00e9serts, cens\u00e9s repr\u00e9senter le nec plus ultra de l&rsquo;humanit\u00e9 nomade hyper-connect\u00e9e (en v\u00e9rit\u00e9, l&rsquo;apanage d&rsquo;une poign\u00e9e d&rsquo;humains tri\u00e9s sur le volet).<\/p>\n<p>\u00ab\u00a0Faire la guerre\u00a0\u00bb, comme on entend dire ici et l\u00e0, contre un virus est une formulation qui n&rsquo;a de sens que dans la perspective moderne d&rsquo;arraisonnement de la nature, ou pour parler comme les anthropologues (Descola) que dans le cadre d&rsquo;une ontologie naturaliste. C&rsquo;est pourquoi de nombreux \u00e9cologistes n&rsquo;h\u00e9sitent pas \u00e0 voir dans cette pand\u00e9mie une \u00ab\u00a0vengeance de la nature\u00a0\u00bb. Ils pressentent (vaguement) qu&rsquo;il y a un lien entre ce projet moderne d&rsquo;arraisonnement de la nature, de mise au pas radical du non-humain, d&rsquo;une exploitation sans limite des ressources \u00ab\u00a0naturelles\u00a0\u00bb, et l&rsquo;irruption de ces \u00e9pid\u00e9mies virales. Ils ont tort cependant. La nature ne se venge pas. Dans toutes les soci\u00e9t\u00e9s non-naturalistes (animistes, tot\u00e9mistes ou analogistes pour rependre la classification de Descola, ce que je fais par commodit\u00e9 bien que n&rsquo;\u00e9tant pas forc\u00e9ment un pur adepte du \u00ab\u00a0tournant ontologique\u00a0\u00bb), cette id\u00e9e n&rsquo;aurait aucun sens (dans de nombreuses soci\u00e9t\u00e9s, par exemple, une maladie est caus\u00e9e par un esprit ou une divinit\u00e9 m\u00e9content(e) \u00e0 la suite d&rsquo;un rituel mal ex\u00e9cut\u00e9 ou n\u00e9glig\u00e9). Ce qui est typique au contraire de notre mani\u00e8re de se rapporter au monde, c&rsquo;est cette volont\u00e9 de lutter contre le virus &#8211; \u00e0 d\u00e9faut de pouvoir l&rsquo;\u00e9radiquer, on esp\u00e8re litt\u00e9ralement le ramener \u00e0 la raison. De fait, l&rsquo;\u00e9poque moderne, depuis disons l&rsquo;invention de la m\u00e9decine exp\u00e9rimentale au XIX\u00e8me si\u00e8cle et particuli\u00e8rement de la vaccination, est l&rsquo;histoire de la lutte contre les maladies contagieuses. Cette histoire est glorieuse, de nombreux agents pathog\u00e8nes ont \u00e9t\u00e9 sinon vaincus, du moins contenus, mais cette histoire est sans fin, car au fur et \u00e0 mesure qu&rsquo;on pense en avoir fini avec telle maladie, un autre virus appara\u00eet, et d&rsquo;autres qu&rsquo;on croyait vaincus r\u00e9apparaissent (la variole par exemple). La perspective des effets du changement climatique promet une guerre infinie : quand des agents pathog\u00e8nes inconnus de l&rsquo;esp\u00e8ce humaine surgiront des profondeurs du perg\u00e9lisol d\u00e9gel\u00e9, on peut s&rsquo;attendre \u00e0 des catastrophes sanitaires autrement plus dramatiques que ce que nous connaissons aujourd&rsquo;hui. Il y aurait aussi beaucoup \u00e0 dire sur le r\u00f4le de la m\u00e9decine exp\u00e9rimentale dans la r\u00e9ussite de la conqu\u00eate id\u00e9ologique du monde par le capitalisme lib\u00e9ral (c&rsquo;est parce que le m\u00e9decin soigne des maladies que le chamane ne soigne pas, ou pas aussi efficacement, que nombre de petites soci\u00e9t\u00e9s non-modernes se sont, en partie, converties aux joies de la modernit\u00e9 &#8211; en partie seulement dans bien des cas).<\/p>\n<p>Contenir une \u00e9pid\u00e9mie et confiner les populations ne va donc pas de soi.<\/p>\n<p>Consid\u00e9r\u00e9 d&rsquo;un point de vue politique, ce projet r\u00e9pond \u00e0 la r\u00e9alit\u00e9 sanitaire de la plupart des nations du monde, incapables de faire face par manque de moyens \u00e0 l&rsquo;irruption brutale d&rsquo;une nouvelle pathologie, et donc, si l&rsquo;on remonte des effets aux causes, aux politiques de sant\u00e9 publiques, \u00e0 la place \u00e9triqu\u00e9e que les gouvernements, tous acquis (ou presque) aux injonctions du capitalisme ultra-lib\u00e9ral, accordent \u00e0 la sant\u00e9. Il rel\u00e8ve d&rsquo;un calcul, typique de la th\u00e9orie \u00e9conomique dominante : minimiser le nombre de victimes \u00ab\u00a0directes\u00a0\u00bb du Covid19. Mais quid des morts \u00ab\u00a0collat\u00e9raux\u00a0\u00bb, indirects, de tous ceux qui, suite aux mesures de confinement et \u00e0 la pr\u00e9carisation de la vie quotidienne, se verront menac\u00e9s par d&rsquo;autres maladies, les p\u00e9nuries, la famine, sans compter d\u2019in\u00e9vitables conflits, \u00e9meutes et r\u00e9pressions &#8211; c&rsquo;est d\u00e9j\u00e0 le quotidien de nombre d&rsquo;habitants du monde cela dit, et s&rsquo;il y a bien un aspect r\u00e9voltant (pour une conscience morale) de la mani\u00e8re dont le monde capitaliste voit les choses, c&rsquo;est bien cela : on s\u2019accommode fort bien que des centaines de millions de personnes souffrent et meurent de la faim dans le monde, mais il est insupportable d&rsquo;imaginer que quelques millions succombent \u00e0 la suite d&rsquo;une pand\u00e9mie. Dans le second cas r\u00e8gne comme une atmosph\u00e8re de \u00ab\u00a0fin du monde\u00a0\u00bb &#8211; c&rsquo;est oublier que pour un milliard d&rsquo;habitants sur la terre (et certainement beaucoup plus), vivre consiste \u00e0 survivre \u00e0 la perte de mondes ou, disons, avec la pr\u00e9carit\u00e9 la plus absolue comme seul horizon.<\/p>\n<p>Consid\u00e9r\u00e9 d&rsquo;un point de vue philosophique, il interroge le monopole que les sciences naturalistes, et notamment la m\u00e9decine, ont acquis dans le savoir contemporain, la production (hautement concurrentielle) d&rsquo;experts au chevet des responsables politiques, et la foi souvent aveugle que nous accordons aux scientifiques (alors m\u00eame qu&rsquo;une infime partie de la population, politiques compris, dispose d&rsquo;une culture scientifique qui leur permettrait d&rsquo;en \u00e9valuer la scientificit\u00e9 et que les productions scientifiques elles-m\u00eames font l&rsquo;objet d&rsquo;une marchandisation qui op\u00e8re au d\u00e9triment de la qualit\u00e9 des publications). Plus profond\u00e9ment peut-\u00eatre, il constitue une d\u00e9clinaison assez frappante de ce que diff\u00e9rents auteurs, \u00e0 la suite d&rsquo;Ulrich Beck, ont d\u00e9crit comme la soci\u00e9t\u00e9 du risque &#8211; corr\u00e9l\u00e9e au principe de pr\u00e9caution. Mais je laisse de c\u00f4t\u00e9 ces analyses pour le moment. On voit en tous cas qu&rsquo;il y a de quoi penser avec ce confinement !<\/p>\n<p>Consid\u00e9r\u00e9 d&rsquo;un point de vue moral, il constitue une injonction \u00e9minemment paradoxale : le confinement ne peut \u00e9merger que dans une soci\u00e9t\u00e9 hyper-individualiste, et pourtant, on invite les populations \u00e0 s&rsquo;y plier au nom de valeurs citoyennes. Chacun est s\u00e9par\u00e9 tr\u00e8s localement et tr\u00e8s r\u00e9ellement de tous les autres, au nom d&rsquo;un \u00ab\u00a0nous\u00a0\u00bb, d&rsquo;une \u00ab\u00a0communaut\u00e9\u00a0\u00bb qui a tout d&rsquo;une abstraction. Rien d&rsquo;\u00e9tonnant \u00e0 ce qu&rsquo;on voit resurgir ici et l\u00e0 les spectres de la d\u00e9lation ou de l&rsquo;\u00e9go\u00efsme le plus radical. J&rsquo;en avais d\u00e9j\u00e0 peint certains tableaux dans un ouvrage litt\u00e9raire, publi\u00e9 en 2016, Sauver sa peau. Malgr\u00e9 les appels \u00e0 la responsabilit\u00e9 pour autrui, et bient\u00f4t au sacrifice en vue de la restauration du pays, il n&rsquo;y a qu&rsquo;un pas du confinement au survivalisme. (c&rsquo;est absolument inimaginable dans une soci\u00e9t\u00e9 tribale : chez les Nayaka \u00e9tudi\u00e9s par Nurit Bird-Davis, dans un livre dont je ne cesse ici de vanter les m\u00e9rites, Us, Relatives. Scaling and Plural Life in a Forager World, c&rsquo;est bien plut\u00f4t l&rsquo;isolement qui est consid\u00e9r\u00e9 comme une maladie &#8211; et je crois qu&rsquo;on pourrait tout \u00e0 fait \u00e9largir ce point de vue : l&rsquo;isolement n&rsquo;est-elle pas une maladie typique des \u00ab\u00a0Western Cultures\u00a0\u00bb ?)<\/p>\n<p>Consid\u00e9r\u00e9 d&rsquo;un point de vue anthropologique, il soul\u00e8ve la question du rapport que nos cultures modernes entretiennent avec la mort et le non-humain. Le projet moderne promeut le discours bio-m\u00e9dical sur la mort, le seul discours de v\u00e9rit\u00e9 sur la mort est produit par la science, les autres discours ne sont que des produits de l&rsquo;imaginaire ou du d\u00e9lire (ou des formations exotiques \u00e9tudi\u00e9es par les anthropologues). L&rsquo;esprit n&rsquo;est plus qu&rsquo;un cerveau souffrant d&rsquo;anomalies fonctionnelles. Les \u00e9crans des laboratoires r\u00e9v\u00e8lent la v\u00e9rit\u00e9 des corps. Rien d&rsquo;\u00e9tonnant que, dans ce monde-l\u00e0, quand un drame survient mena\u00e7ant d&#8217;emporter nombre de vies, seul le discours m\u00e9dical soit audible concernant la mort. Or, ce discours est vide de sens : il ne donne aucun sens \u00e0 la mort. Sa plus pure expression, finalement, c&rsquo;est une s\u00e9rie de statistiques dont nous sommes litt\u00e9ralement gav\u00e9s. Ce qui me donne envie de parler du d\u00e9licieux livre que Vinciane Despret avait publi\u00e9 il y a quelques ann\u00e9es, Le Bonheur des morts, ou de la mani\u00e8re dont certains, qu&rsquo;on tiendra pour excentriques (sinon \u00ab\u00a0malades\u00a0\u00bb), font leur deuil en recomposant le r\u00e9el avec l&rsquo;imaginaire. Cette r\u00e9flexion sur la mani\u00e8re dont nous pensons la mort, et la grande illusion de l&rsquo;immortalit\u00e9, consubstantielle \u00e0 mon sens \u00e0 l&rsquo;anthropologie des modernes, particuli\u00e8rement dans cette course effr\u00e9n\u00e9e \u00e0 l&rsquo;accumulation des richesses qui d\u00e9crit le capitalisme ultralib\u00e9ral, occupera je l&rsquo;esp\u00e8re le devant de la sc\u00e8ne quand les \u00e9v\u00e8nements laisseront un peu de temps pour prendre un peu de hauteur.<\/p>\n","protected":false},"excerpt":{"rendered":"<p>Quelques pistes de r\u00e9flexion sur le confinement (suites \u00e0 de longues discussions avec ma ch\u00e9rie) sous un angle plut\u00f4t anthropologique. Ce texte compl\u00e8te le pr\u00e9c\u00e9dent, d&rsquo;une mani\u00e8re aussi moins ironique et plus \u00ab\u00a0s\u00e9rieuse\u00a0\u00bb. (comme toujours, pour des raisons de confort, on pr\u00e9f\u00e9rera lire le texte sur mon blog) Si je devais r\u00e9sumer mon approche, je&hellip;<\/p>\n <a href=\"https:\/\/outsiderland.com\/danahilliot\/pistes-pour-une-approche-anthropologique-du-confinement\/\" title=\"Pistes pour une approche anthropologique du confinement\" class=\"entry-more-link\"><span>Read More<\/span> <span class=\"screen-reader-text\">Pistes pour une approche anthropologique du confinement<\/span><\/a>","protected":false},"author":1,"featured_media":3552,"comment_status":"closed","ping_status":"open","sticky":false,"template":"","format":"standard","meta":{"Layout":"","footnotes":"","jetpack_publicize_message":"","jetpack_publicize_feature_enabled":true,"jetpack_social_post_already_shared":false,"jetpack_social_options":{"image_generator_settings":{"template":"highway","default_image_id":0,"font":"","enabled":false},"version":2}},"categories":[73],"tags":[],"class_list":["entry","author-danah","post-3531","post","type-post","status-publish","format-standard","has-post-thumbnail","category-pandemie-covid-19"],"yoast_head":"<!-- This site is optimized with the Yoast SEO plugin v27.0 - https:\/\/yoast.com\/product\/yoast-seo-wordpress\/ -->\n<title>Pistes pour une approche anthropologique du confinement - Outside Dana Hilliot<\/title>\n<meta name=\"robots\" content=\"index, follow, max-snippet:-1, max-image-preview:large, max-video-preview:-1\" \/>\n<link rel=\"canonical\" href=\"https:\/\/outsiderland.com\/danahilliot\/pistes-pour-une-approche-anthropologique-du-confinement\/\" \/>\n<meta property=\"og:locale\" content=\"fr_FR\" \/>\n<meta property=\"og:type\" content=\"article\" \/>\n<meta property=\"og:title\" content=\"Pistes pour une approche anthropologique du confinement - Outside Dana Hilliot\" \/>\n<meta property=\"og:description\" content=\"Quelques pistes de r\u00e9flexion sur le confinement (suites \u00e0 de longues discussions avec ma ch\u00e9rie) sous un angle plut\u00f4t anthropologique. Ce texte compl\u00e8te le pr\u00e9c\u00e9dent, d&rsquo;une mani\u00e8re aussi moins ironique et plus \u00ab\u00a0s\u00e9rieuse\u00a0\u00bb. (comme toujours, pour des raisons de confort, on pr\u00e9f\u00e9rera lire le texte sur mon blog) Si je devais r\u00e9sumer mon approche, je&hellip;\" \/>\n<meta property=\"og:url\" content=\"https:\/\/outsiderland.com\/danahilliot\/pistes-pour-une-approche-anthropologique-du-confinement\/\" \/>\n<meta property=\"og:site_name\" content=\"Outside Dana Hilliot\" \/>\n<meta property=\"article:published_time\" content=\"2020-04-03T12:39:29+00:00\" \/>\n<meta property=\"article:modified_time\" content=\"2021-04-03T17:01:01+00:00\" \/>\n<meta property=\"og:image\" content=\"https:\/\/outsiderland.com\/danahilliot\/wp-content\/uploads\/2020\/04\/2452322289_70d2b19882_k.jpg\" \/>\n\t<meta property=\"og:image:width\" content=\"2048\" \/>\n\t<meta property=\"og:image:height\" content=\"1541\" \/>\n\t<meta property=\"og:image:type\" content=\"image\/jpeg\" \/>\n<meta name=\"author\" content=\"danah\" \/>\n<meta name=\"twitter:card\" content=\"summary_large_image\" \/>\n<meta name=\"twitter:label1\" content=\"\u00c9crit par\" \/>\n\t<meta name=\"twitter:data1\" content=\"danah\" \/>\n\t<meta name=\"twitter:label2\" content=\"Dur\u00e9e de lecture estim\u00e9e\" \/>\n\t<meta name=\"twitter:data2\" content=\"10 minutes\" \/>\n<script type=\"application\/ld+json\" class=\"yoast-schema-graph\">{\"@context\":\"https:\/\/schema.org\",\"@graph\":[{\"@type\":\"Article\",\"@id\":\"https:\/\/outsiderland.com\/danahilliot\/pistes-pour-une-approche-anthropologique-du-confinement\/#article\",\"isPartOf\":{\"@id\":\"https:\/\/outsiderland.com\/danahilliot\/pistes-pour-une-approche-anthropologique-du-confinement\/\"},\"author\":{\"name\":\"danah\",\"@id\":\"https:\/\/outsiderland.com\/danahilliot\/#\/schema\/person\/2f9b92e9fff19bccc36638b10510d5ae\"},\"headline\":\"Pistes pour une approche anthropologique du confinement\",\"datePublished\":\"2020-04-03T12:39:29+00:00\",\"dateModified\":\"2021-04-03T17:01:01+00:00\",\"mainEntityOfPage\":{\"@id\":\"https:\/\/outsiderland.com\/danahilliot\/pistes-pour-une-approche-anthropologique-du-confinement\/\"},\"wordCount\":2128,\"publisher\":{\"@id\":\"https:\/\/outsiderland.com\/danahilliot\/#\/schema\/person\/201a1fef0f5c2897bd65e98bcf6b1179\"},\"image\":{\"@id\":\"https:\/\/outsiderland.com\/danahilliot\/pistes-pour-une-approche-anthropologique-du-confinement\/#primaryimage\"},\"thumbnailUrl\":\"https:\/\/outsiderland.com\/danahilliot\/wp-content\/uploads\/2020\/04\/2452322289_70d2b19882_k.jpg\",\"articleSection\":[\"Pand\u00e9mie Covid-19\"],\"inLanguage\":\"fr-FR\"},{\"@type\":\"WebPage\",\"@id\":\"https:\/\/outsiderland.com\/danahilliot\/pistes-pour-une-approche-anthropologique-du-confinement\/\",\"url\":\"https:\/\/outsiderland.com\/danahilliot\/pistes-pour-une-approche-anthropologique-du-confinement\/\",\"name\":\"Pistes pour une approche anthropologique du confinement - Outside Dana Hilliot\",\"isPartOf\":{\"@id\":\"https:\/\/outsiderland.com\/danahilliot\/#website\"},\"primaryImageOfPage\":{\"@id\":\"https:\/\/outsiderland.com\/danahilliot\/pistes-pour-une-approche-anthropologique-du-confinement\/#primaryimage\"},\"image\":{\"@id\":\"https:\/\/outsiderland.com\/danahilliot\/pistes-pour-une-approche-anthropologique-du-confinement\/#primaryimage\"},\"thumbnailUrl\":\"https:\/\/outsiderland.com\/danahilliot\/wp-content\/uploads\/2020\/04\/2452322289_70d2b19882_k.jpg\",\"datePublished\":\"2020-04-03T12:39:29+00:00\",\"dateModified\":\"2021-04-03T17:01:01+00:00\",\"breadcrumb\":{\"@id\":\"https:\/\/outsiderland.com\/danahilliot\/pistes-pour-une-approche-anthropologique-du-confinement\/#breadcrumb\"},\"inLanguage\":\"fr-FR\",\"potentialAction\":[{\"@type\":\"ReadAction\",\"target\":[\"https:\/\/outsiderland.com\/danahilliot\/pistes-pour-une-approche-anthropologique-du-confinement\/\"]}]},{\"@type\":\"ImageObject\",\"inLanguage\":\"fr-FR\",\"@id\":\"https:\/\/outsiderland.com\/danahilliot\/pistes-pour-une-approche-anthropologique-du-confinement\/#primaryimage\",\"url\":\"https:\/\/outsiderland.com\/danahilliot\/wp-content\/uploads\/2020\/04\/2452322289_70d2b19882_k.jpg\",\"contentUrl\":\"https:\/\/outsiderland.com\/danahilliot\/wp-content\/uploads\/2020\/04\/2452322289_70d2b19882_k.jpg\",\"width\":2048,\"height\":1541},{\"@type\":\"BreadcrumbList\",\"@id\":\"https:\/\/outsiderland.com\/danahilliot\/pistes-pour-une-approche-anthropologique-du-confinement\/#breadcrumb\",\"itemListElement\":[{\"@type\":\"ListItem\",\"position\":1,\"name\":\"Accueil\",\"item\":\"https:\/\/outsiderland.com\/danahilliot\/\"},{\"@type\":\"ListItem\",\"position\":2,\"name\":\"Pistes pour une approche anthropologique du confinement\"}]},{\"@type\":\"WebSite\",\"@id\":\"https:\/\/outsiderland.com\/danahilliot\/#website\",\"url\":\"https:\/\/outsiderland.com\/danahilliot\/\",\"name\":\"Outside Dana Hilliot\",\"description\":\". Archives . Activit\u00e9s . Projets .\",\"publisher\":{\"@id\":\"https:\/\/outsiderland.com\/danahilliot\/#\/schema\/person\/201a1fef0f5c2897bd65e98bcf6b1179\"},\"potentialAction\":[{\"@type\":\"SearchAction\",\"target\":{\"@type\":\"EntryPoint\",\"urlTemplate\":\"https:\/\/outsiderland.com\/danahilliot\/?s={search_term_string}\"},\"query-input\":{\"@type\":\"PropertyValueSpecification\",\"valueRequired\":true,\"valueName\":\"search_term_string\"}}],\"inLanguage\":\"fr-FR\"},{\"@type\":[\"Person\",\"Organization\"],\"@id\":\"https:\/\/outsiderland.com\/danahilliot\/#\/schema\/person\/201a1fef0f5c2897bd65e98bcf6b1179\",\"name\":\"danahilliot\",\"image\":{\"@type\":\"ImageObject\",\"inLanguage\":\"fr-FR\",\"@id\":\"https:\/\/outsiderland.com\/danahilliot\/#\/schema\/person\/image\/\",\"url\":\"https:\/\/outsiderland.com\/danahilliot\/wp-content\/uploads\/2026\/02\/50801449407_a909f2c1ad_k.jpg\",\"contentUrl\":\"https:\/\/outsiderland.com\/danahilliot\/wp-content\/uploads\/2026\/02\/50801449407_a909f2c1ad_k.jpg\",\"width\":2048,\"height\":1536,\"caption\":\"danahilliot\"},\"logo\":{\"@id\":\"https:\/\/outsiderland.com\/danahilliot\/#\/schema\/person\/image\/\"}},{\"@type\":\"Person\",\"@id\":\"https:\/\/outsiderland.com\/danahilliot\/#\/schema\/person\/2f9b92e9fff19bccc36638b10510d5ae\",\"name\":\"danah\",\"image\":{\"@type\":\"ImageObject\",\"inLanguage\":\"fr-FR\",\"@id\":\"https:\/\/outsiderland.com\/danahilliot\/#\/schema\/person\/image\/\",\"url\":\"https:\/\/secure.gravatar.com\/avatar\/ed6349755e1d97f204277de3d09fc6ac31abd856835c8ea3c3a30d0aa84b0ddd?s=96&d=mm&r=g\",\"contentUrl\":\"https:\/\/secure.gravatar.com\/avatar\/ed6349755e1d97f204277de3d09fc6ac31abd856835c8ea3c3a30d0aa84b0ddd?s=96&d=mm&r=g\",\"caption\":\"danah\"},\"url\":\"https:\/\/outsiderland.com\/danahilliot\/author\/danah\/\"}]}<\/script>\n<!-- \/ Yoast SEO plugin. -->","yoast_head_json":{"title":"Pistes pour une approche anthropologique du confinement - Outside Dana Hilliot","robots":{"index":"index","follow":"follow","max-snippet":"max-snippet:-1","max-image-preview":"max-image-preview:large","max-video-preview":"max-video-preview:-1"},"canonical":"https:\/\/outsiderland.com\/danahilliot\/pistes-pour-une-approche-anthropologique-du-confinement\/","og_locale":"fr_FR","og_type":"article","og_title":"Pistes pour une approche anthropologique du confinement - Outside Dana Hilliot","og_description":"Quelques pistes de r\u00e9flexion sur le confinement (suites \u00e0 de longues discussions avec ma ch\u00e9rie) sous un angle plut\u00f4t anthropologique. Ce texte compl\u00e8te le pr\u00e9c\u00e9dent, d&rsquo;une mani\u00e8re aussi moins ironique et plus \u00ab\u00a0s\u00e9rieuse\u00a0\u00bb. (comme toujours, pour des raisons de confort, on pr\u00e9f\u00e9rera lire le texte sur mon blog) Si je devais r\u00e9sumer mon approche, je&hellip;","og_url":"https:\/\/outsiderland.com\/danahilliot\/pistes-pour-une-approche-anthropologique-du-confinement\/","og_site_name":"Outside Dana Hilliot","article_published_time":"2020-04-03T12:39:29+00:00","article_modified_time":"2021-04-03T17:01:01+00:00","og_image":[{"width":2048,"height":1541,"url":"https:\/\/outsiderland.com\/danahilliot\/wp-content\/uploads\/2020\/04\/2452322289_70d2b19882_k.jpg","type":"image\/jpeg"}],"author":"danah","twitter_card":"summary_large_image","twitter_misc":{"\u00c9crit par":"danah","Dur\u00e9e de lecture estim\u00e9e":"10 minutes"},"schema":{"@context":"https:\/\/schema.org","@graph":[{"@type":"Article","@id":"https:\/\/outsiderland.com\/danahilliot\/pistes-pour-une-approche-anthropologique-du-confinement\/#article","isPartOf":{"@id":"https:\/\/outsiderland.com\/danahilliot\/pistes-pour-une-approche-anthropologique-du-confinement\/"},"author":{"name":"danah","@id":"https:\/\/outsiderland.com\/danahilliot\/#\/schema\/person\/2f9b92e9fff19bccc36638b10510d5ae"},"headline":"Pistes pour une approche anthropologique du confinement","datePublished":"2020-04-03T12:39:29+00:00","dateModified":"2021-04-03T17:01:01+00:00","mainEntityOfPage":{"@id":"https:\/\/outsiderland.com\/danahilliot\/pistes-pour-une-approche-anthropologique-du-confinement\/"},"wordCount":2128,"publisher":{"@id":"https:\/\/outsiderland.com\/danahilliot\/#\/schema\/person\/201a1fef0f5c2897bd65e98bcf6b1179"},"image":{"@id":"https:\/\/outsiderland.com\/danahilliot\/pistes-pour-une-approche-anthropologique-du-confinement\/#primaryimage"},"thumbnailUrl":"https:\/\/outsiderland.com\/danahilliot\/wp-content\/uploads\/2020\/04\/2452322289_70d2b19882_k.jpg","articleSection":["Pand\u00e9mie Covid-19"],"inLanguage":"fr-FR"},{"@type":"WebPage","@id":"https:\/\/outsiderland.com\/danahilliot\/pistes-pour-une-approche-anthropologique-du-confinement\/","url":"https:\/\/outsiderland.com\/danahilliot\/pistes-pour-une-approche-anthropologique-du-confinement\/","name":"Pistes pour une approche anthropologique du confinement - Outside Dana Hilliot","isPartOf":{"@id":"https:\/\/outsiderland.com\/danahilliot\/#website"},"primaryImageOfPage":{"@id":"https:\/\/outsiderland.com\/danahilliot\/pistes-pour-une-approche-anthropologique-du-confinement\/#primaryimage"},"image":{"@id":"https:\/\/outsiderland.com\/danahilliot\/pistes-pour-une-approche-anthropologique-du-confinement\/#primaryimage"},"thumbnailUrl":"https:\/\/outsiderland.com\/danahilliot\/wp-content\/uploads\/2020\/04\/2452322289_70d2b19882_k.jpg","datePublished":"2020-04-03T12:39:29+00:00","dateModified":"2021-04-03T17:01:01+00:00","breadcrumb":{"@id":"https:\/\/outsiderland.com\/danahilliot\/pistes-pour-une-approche-anthropologique-du-confinement\/#breadcrumb"},"inLanguage":"fr-FR","potentialAction":[{"@type":"ReadAction","target":["https:\/\/outsiderland.com\/danahilliot\/pistes-pour-une-approche-anthropologique-du-confinement\/"]}]},{"@type":"ImageObject","inLanguage":"fr-FR","@id":"https:\/\/outsiderland.com\/danahilliot\/pistes-pour-une-approche-anthropologique-du-confinement\/#primaryimage","url":"https:\/\/outsiderland.com\/danahilliot\/wp-content\/uploads\/2020\/04\/2452322289_70d2b19882_k.jpg","contentUrl":"https:\/\/outsiderland.com\/danahilliot\/wp-content\/uploads\/2020\/04\/2452322289_70d2b19882_k.jpg","width":2048,"height":1541},{"@type":"BreadcrumbList","@id":"https:\/\/outsiderland.com\/danahilliot\/pistes-pour-une-approche-anthropologique-du-confinement\/#breadcrumb","itemListElement":[{"@type":"ListItem","position":1,"name":"Accueil","item":"https:\/\/outsiderland.com\/danahilliot\/"},{"@type":"ListItem","position":2,"name":"Pistes pour une approche anthropologique du confinement"}]},{"@type":"WebSite","@id":"https:\/\/outsiderland.com\/danahilliot\/#website","url":"https:\/\/outsiderland.com\/danahilliot\/","name":"Outside Dana Hilliot","description":". Archives . Activit\u00e9s . Projets .","publisher":{"@id":"https:\/\/outsiderland.com\/danahilliot\/#\/schema\/person\/201a1fef0f5c2897bd65e98bcf6b1179"},"potentialAction":[{"@type":"SearchAction","target":{"@type":"EntryPoint","urlTemplate":"https:\/\/outsiderland.com\/danahilliot\/?s={search_term_string}"},"query-input":{"@type":"PropertyValueSpecification","valueRequired":true,"valueName":"search_term_string"}}],"inLanguage":"fr-FR"},{"@type":["Person","Organization"],"@id":"https:\/\/outsiderland.com\/danahilliot\/#\/schema\/person\/201a1fef0f5c2897bd65e98bcf6b1179","name":"danahilliot","image":{"@type":"ImageObject","inLanguage":"fr-FR","@id":"https:\/\/outsiderland.com\/danahilliot\/#\/schema\/person\/image\/","url":"https:\/\/outsiderland.com\/danahilliot\/wp-content\/uploads\/2026\/02\/50801449407_a909f2c1ad_k.jpg","contentUrl":"https:\/\/outsiderland.com\/danahilliot\/wp-content\/uploads\/2026\/02\/50801449407_a909f2c1ad_k.jpg","width":2048,"height":1536,"caption":"danahilliot"},"logo":{"@id":"https:\/\/outsiderland.com\/danahilliot\/#\/schema\/person\/image\/"}},{"@type":"Person","@id":"https:\/\/outsiderland.com\/danahilliot\/#\/schema\/person\/2f9b92e9fff19bccc36638b10510d5ae","name":"danah","image":{"@type":"ImageObject","inLanguage":"fr-FR","@id":"https:\/\/outsiderland.com\/danahilliot\/#\/schema\/person\/image\/","url":"https:\/\/secure.gravatar.com\/avatar\/ed6349755e1d97f204277de3d09fc6ac31abd856835c8ea3c3a30d0aa84b0ddd?s=96&d=mm&r=g","contentUrl":"https:\/\/secure.gravatar.com\/avatar\/ed6349755e1d97f204277de3d09fc6ac31abd856835c8ea3c3a30d0aa84b0ddd?s=96&d=mm&r=g","caption":"danah"},"url":"https:\/\/outsiderland.com\/danahilliot\/author\/danah\/"}]}},"jetpack_publicize_connections":[],"_links":{"self":[{"href":"https:\/\/outsiderland.com\/danahilliot\/wp-json\/wp\/v2\/posts\/3531","targetHints":{"allow":["GET"]}}],"collection":[{"href":"https:\/\/outsiderland.com\/danahilliot\/wp-json\/wp\/v2\/posts"}],"about":[{"href":"https:\/\/outsiderland.com\/danahilliot\/wp-json\/wp\/v2\/types\/post"}],"author":[{"embeddable":true,"href":"https:\/\/outsiderland.com\/danahilliot\/wp-json\/wp\/v2\/users\/1"}],"replies":[{"embeddable":true,"href":"https:\/\/outsiderland.com\/danahilliot\/wp-json\/wp\/v2\/comments?post=3531"}],"version-history":[{"count":21,"href":"https:\/\/outsiderland.com\/danahilliot\/wp-json\/wp\/v2\/posts\/3531\/revisions"}],"predecessor-version":[{"id":3554,"href":"https:\/\/outsiderland.com\/danahilliot\/wp-json\/wp\/v2\/posts\/3531\/revisions\/3554"}],"wp:featuredmedia":[{"embeddable":true,"href":"https:\/\/outsiderland.com\/danahilliot\/wp-json\/wp\/v2\/media\/3552"}],"wp:attachment":[{"href":"https:\/\/outsiderland.com\/danahilliot\/wp-json\/wp\/v2\/media?parent=3531"}],"wp:term":[{"taxonomy":"category","embeddable":true,"href":"https:\/\/outsiderland.com\/danahilliot\/wp-json\/wp\/v2\/categories?post=3531"},{"taxonomy":"post_tag","embeddable":true,"href":"https:\/\/outsiderland.com\/danahilliot\/wp-json\/wp\/v2\/tags?post=3531"}],"curies":[{"name":"wp","href":"https:\/\/api.w.org\/{rel}","templated":true}]}}