{"id":3188,"date":"2019-09-22T18:25:03","date_gmt":"2019-09-22T18:25:03","guid":{"rendered":"https:\/\/outsiderland.com\/danahilliot\/?p=3188"},"modified":"2020-01-17T15:35:08","modified_gmt":"2020-01-17T15:35:08","slug":"dereglement-climatique-et-politiques-migratoires","status":"publish","type":"post","link":"https:\/\/outsiderland.com\/danahilliot\/dereglement-climatique-et-politiques-migratoires\/","title":{"rendered":"D\u00e9r\u00e8glement climatique et politiques migratoires"},"content":{"rendered":"<div class=\"\" data-block=\"true\" data-editor=\"2nn19\" data-offset-key=\"fajm1-0-0\">\n<div class=\"_1mf _1mj\" data-offset-key=\"fajm1-0-0\"><span data-offset-key=\"fajm1-0-0\">Et un petit moment de realpolitik et de pessimisme proph\u00e9tique d\u00e9sesp\u00e9rant pour finir ce week-end.<\/span><\/div>\n<\/div>\n<div class=\"\" data-block=\"true\" data-editor=\"2nn19\" data-offset-key=\"82van-0-0\">\n<div class=\"_1mf _1mj\" data-offset-key=\"82van-0-0\"><span data-offset-key=\"82van-0-0\">Si vous avez quelque esp\u00e9rance, \u00e9pargnez-vous la lecture de ce message (ou alors dites-vous que c&rsquo;est encore une manifestation de mon esprit d\u00e9rang\u00e9, de mon radicalisme cynique etc..)<\/span><\/div>\n<\/div>\n<div class=\"\" data-block=\"true\" data-editor=\"2nn19\" data-offset-key=\"1njs5-0-0\">\n<div class=\"_1mf _1mj\" data-offset-key=\"1njs5-0-0\"><span data-offset-key=\"1njs5-0-0\">\u00a0<\/span><\/div>\n<\/div>\n<div class=\"\" data-block=\"true\" data-editor=\"2nn19\" data-offset-key=\"elbam-0-0\">\n<div class=\"_1mf _1mj\" data-offset-key=\"elbam-0-0\"><span data-offset-key=\"elbam-0-0\">Donc.<\/span><\/div>\n<\/div>\n<div class=\"\" data-block=\"true\" data-editor=\"2nn19\" data-offset-key=\"8go6k-0-0\">\n<div class=\"_1mf _1mj\" data-offset-key=\"8go6k-0-0\"><span data-offset-key=\"8go6k-0-0\">J&rsquo;ai entendu dire que \u00ab\u00a0le gouvernement fran\u00e7ais envisageait de remettre la question migratoire au centre des d\u00e9bats\u00a0\u00bb prochainement (je me fous \u00e9perdument du gouvernement fran\u00e7ais &#8211; ce qui m&rsquo;int\u00e9resse c&rsquo;est ce qu&rsquo;on peut penser de ce choix). On lit le plus souvent que c&rsquo;est une strat\u00e9gie \u00e9lectorale pour occuper le terrain habituellement accapar\u00e9 par la droite, ou un moyen commode de d\u00e9tourner l&rsquo;attention des masses des saloperies qui vont leur tomber sur le gueule prochainement. C&rsquo;est s\u00fbrement vrai.<\/span><\/div>\n<\/div>\n<div class=\"\" data-block=\"true\" data-editor=\"2nn19\" data-offset-key=\"8h582-0-0\">\n<div class=\"_1mf _1mj\" data-offset-key=\"8h582-0-0\"><span data-offset-key=\"8h582-0-0\">\u00a0<\/span><\/div>\n<\/div>\n<div class=\"\" data-block=\"true\" data-editor=\"2nn19\" data-offset-key=\"8q7ur-0-0\">\n<div class=\"_1mf _1mj\" data-offset-key=\"8q7ur-0-0\"><span data-offset-key=\"8q7ur-0-0\">Mais il y a peut-\u00eatre autre chose. Je lis r\u00e9guli\u00e8rement depuis une bonne d\u00e9cennie les rapports qui sortent sur le changement climatique, rapports produits par les scientifiques de tous horizons, mais aussi les ONG, mais aussi, et on ne pense pas souvent \u00e0 les lire, par les institutions gouvernementales. Au minist\u00e8re de la D\u00e9fense, un observatoire g\u00e9opolitique des enjeux du changement climatique, anim\u00e9 par une \u00e9quipe de chercheurs fort comp\u00e9tents, publie r\u00e9guli\u00e8rement des \u00e9tudes, souvent \u00ab\u00a0r\u00e9gionales\u00a0\u00bb, qui sont tr\u00e8s int\u00e9ressantes. En quoi le minist\u00e8re de la d\u00e9fense est-il concern\u00e9 par le d\u00e9r\u00e8glement climatique, ou plut\u00f4t par ses effets ? Citons l&rsquo;exergue de la page web qui pr\u00e9sente ces travaux :<\/span><\/div>\n<\/div>\n<div class=\"\" data-block=\"true\" data-editor=\"2nn19\" data-offset-key=\"bekbo-0-0\">\n<div class=\"_1mf _1mj\" data-offset-key=\"bekbo-0-0\"><span data-offset-key=\"bekbo-0-0\">\u00a0<\/span><\/div>\n<\/div>\n<div class=\"\" data-block=\"true\" data-editor=\"2nn19\" data-offset-key=\"5jqjl-0-0\">\n<div class=\"_1mf _1mj\" data-offset-key=\"5jqjl-0-0\"><span data-offset-key=\"5jqjl-0-0\">\u00ab\u00a0Les d\u00e9fis des changements climatiques et leurs cons\u00e9quences sont consid\u00e9rables. Ils affectent d\u2019une fa\u00e7on ou d\u2019une autre la s\u00e9curit\u00e9 humaine. Les changements climatiques \u00e0 eux seuls ne sont pas directement responsables du d\u00e9clenchement d\u2019un conflit, mais contribuent \u00e0 aggraver la situation \u00e9conomique, sociale, politique et militaire dans certains pays en favorisant l\u2019apparition de crises internes, elles-m\u00eames susceptibles de d\u00e9boucher sur des crises r\u00e9gionales et internationales.\u00a0\u00bb<\/span><\/div>\n<\/div>\n<div class=\"\" data-block=\"true\" data-editor=\"2nn19\" data-offset-key=\"jvlr-0-0\">\n<div class=\"_1mf _1mj\" data-offset-key=\"jvlr-0-0\"><span data-offset-key=\"jvlr-0-0\">\u00a0<\/span><\/div>\n<\/div>\n<div class=\"\" data-block=\"true\" data-editor=\"2nn19\" data-offset-key=\"5ohql-0-0\">\n<div class=\"_1mf _1mj\" data-offset-key=\"5ohql-0-0\"><span data-offset-key=\"5ohql-0-0\">Ces effets du d\u00e9r\u00e8glement climatique sont maintenant assez bien cern\u00e9s : la tension autour de la gestion de l&rsquo;eau, les crises alimentaires dues ,\u00e0 la fois aux s\u00e9cheresses r\u00e9currentes et \u00e0 l\u2019appauvrissement des sols, l&rsquo;ins\u00e9curit\u00e9 \u00e9nerg\u00e9tique, l&rsquo;habitabilit\u00e9 de mani\u00e8re g\u00e9n\u00e9rale, ou, plut\u00f4t l&rsquo;in-habitabilit\u00e9, de nombre de territoires en g\u00e9n\u00e9rale d\u00e9j\u00e0 surpeupl\u00e9s, entra\u00eenant des migrations massives d&rsquo;une r\u00e9gion \u00e0 une autre, par exemple des zones rurales vers des m\u00e9tropoles d\u00e9j\u00e0 fortement sollicit\u00e9es, trop pauvres en emploi et en ressources pour accueillir de nouvelles populations (et \u00e9ventuellement menac\u00e9es elles-m\u00eames par la mont\u00e9e des eaux etc..). La crainte qui revient souvent, c&rsquo;est l&rsquo;instrumentalisation par des \u00ab\u00a0groupes terroristes\u00a0\u00bb (j&#8217;emploie ici la langue d&rsquo;un des rapports), qui se tourneraient vers les pays occidentaux consid\u00e9r\u00e9s comme \u00ab\u00a0responsables de la situation des pays du sud\u00a0\u00bb &#8211; ben oui, effectivement, hein.. C&rsquo;est pas non plus qu&rsquo;ils auraient tort, ces futurs terroristes climatiques, sur le fond, n&rsquo;est-ce pas ?<\/span><\/div>\n<\/div>\n<div class=\"\" data-block=\"true\" data-editor=\"2nn19\" data-offset-key=\"ch3uv-0-0\">\n<div class=\"_1mf _1mj\" data-offset-key=\"ch3uv-0-0\"><span data-offset-key=\"ch3uv-0-0\">\u00a0<\/span><\/div>\n<\/div>\n<div class=\"\" data-block=\"true\" data-editor=\"2nn19\" data-offset-key=\"dp7dv-0-0\">\n<div class=\"_1mf _1mj\" data-offset-key=\"dp7dv-0-0\"><span data-offset-key=\"dp7dv-0-0\">Bref. Contrairement \u00e0 ce que j&rsquo;entends parfois, les gouvernants sont tout \u00e0 fait au courant de la gravit\u00e9 de la situation. Ce pourquoi ils se pr\u00e9parent \u00e0 ses effets les plus d\u00e9sastreux. Par exemple, m\u00eame si le sc\u00e9nario d&rsquo;une migration climatique massive vers les pays temp\u00e9r\u00e9s n&rsquo;est encore envisag\u00e9 qu&rsquo;avec prudence (on privil\u00e9gie plut\u00f4t les d\u00e9placements \u00ab\u00a0r\u00e9gionaux\u00a0\u00bb, internes ou transfrontaliers &#8211; ce qui va d\u00e9j\u00e0 faire pas mal de d\u00e9g\u00e2ts), il y a une \u00ab\u00a0CERTAINE\u00a0\u00bb LOGIQUE \u00e0 remettre d\u00e8s maintenant sur le tapis la \u00ab\u00a0QUESTION MIGRATOIRE\u00a0\u00bb. Et ce d&rsquo;autant plus qu&rsquo;aucun gouvernement ou presque ne semble d\u00e9cid\u00e9 \u00e0 agir sur les \u00ab\u00a0causes\u00a0\u00bb du changement climatique &#8211; sachant pertinemment qu&rsquo;il faudrait, pour esp\u00e9rer limiter l&rsquo;ampleur des changements \u00e0 venir, ou m\u00eame simplement ralentir les processus en cours, inviter la totalit\u00e9 de la population mondiale \u00e0 renoncer \u00e0 son mode de vie (\u00e0 l&rsquo;occidentale), c&rsquo;est-\u00e0-dire en finir avec le capitalisme. On ne voit pas tr\u00e8s bien comment s&rsquo;y prendre n&rsquo;est-ce pas (\u00e0 l&rsquo;\u00e9chelle d&rsquo;un petit village Ard\u00e9chois, c&rsquo;est d\u00e9j\u00e0 pas si \u00e9vident, alors \u00e0 l&rsquo;\u00e9chelle du monde, comment dire&#8230;). Quand \u00e0 demander aux gouvernants actuels de se d\u00e9tourner du capitalisme alors que 90% d&rsquo;entre eux sont pr\u00e9cis\u00e9ment des \u00e9lus pour en assurer la p\u00e9rennit\u00e9 et garantir les revenus des plus fortunes (c&rsquo;est l\u00e0 leur mission premi\u00e8re, le reste, c&rsquo;est du tricot), c&rsquo;est comme demander au pape de militer pour la PMA pour les couples trans (d\u00e9sol\u00e9).<\/span><\/div>\n<\/div>\n<div class=\"\" data-block=\"true\" data-editor=\"2nn19\" data-offset-key=\"f8q6v-0-0\">\n<div class=\"_1mf _1mj\" data-offset-key=\"f8q6v-0-0\"><span data-offset-key=\"f8q6v-0-0\">\u00a0<\/span><\/div>\n<\/div>\n<div class=\"\" data-block=\"true\" data-editor=\"2nn19\" data-offset-key=\"amhpu-0-0\">\n<div class=\"_1mf _1mj\" data-offset-key=\"amhpu-0-0\"><span data-offset-key=\"amhpu-0-0\">Bref, si on abandonne l&rsquo;id\u00e9e d&rsquo;agir sur les causes et qu&rsquo;on se contente de promouvoir des \u00ab\u00a0solutions d&rsquo;adaptation\u00a0\u00bb aux changements \u00e0 venir les plus indolores possibles pour le business (solutions dont il doit \u00eatre clair qu&rsquo;elles ne s&rsquo;adresseront qu&rsquo;\u00e0 une partie minoritaire de la population mondiale, pr\u00e9cis\u00e9ment celle qui vit dans les pays riches et temp\u00e9r\u00e9s, et m\u00eame, probablement, au sein de ces pays riches et temp\u00e9r\u00e9s, aux plus ais\u00e9s des habitants), si donc on continue sur cette lanc\u00e9e en sacrifiant ni plus ni moins la plupart des habitants des pays pauvres (qui sont grosso modo les pays du sud) &#8211; je dis bien en les \u00ab\u00a0sacrifiant\u00a0\u00bb sur l&rsquo;autel de notre salut (parce que c&rsquo;est exactement ce que font d\u00e9j\u00e0 les pays riches, exploitant sans vergogne les ressources du sud en rendant peu \u00e0 peu ces territoires inhabitables (pour le dire tr\u00e8s rapidement, nous ne faisons rien d&rsquo;autre que sauver notre peau au d\u00e9triment de tous les autres), il est bien \u00e9vident alors que le compl\u00e9ment indispensable des politiques men\u00e9es actuellement, c&rsquo;est de renforcer la d\u00e9fense et la s\u00e9curit\u00e9 nationale, et de pr\u00e9venir les \u00e9ventuels afflux de migrants \u00ab\u00a0de demain\u00a0\u00bb (que le climat soit directement ou indirectement responsables de la migration). <\/span><\/div>\n<\/div>\n<div class=\"\" data-block=\"true\" data-editor=\"2nn19\" data-offset-key=\"3i539-0-0\">\n<div class=\"_1mf _1mj\" data-offset-key=\"3i539-0-0\"><span data-offset-key=\"3i539-0-0\">\u00a0<\/span><\/div>\n<\/div>\n<div class=\"\" data-block=\"true\" data-editor=\"2nn19\" data-offset-key=\"4e38t-0-0\">\n<div class=\"_1mf _1mj\" data-offset-key=\"4e38t-0-0\"><span data-offset-key=\"4e38t-0-0\">J&rsquo;imagine donc assez facilement qu&rsquo;au-del\u00e0 de ces magouilles politiciennes, le gouvernement, en repla\u00e7ant la \u00ab\u00a0question migratoire\u00a0\u00bb au \u00ab\u00a0centre des d\u00e9bats\u00a0\u00bb, fait d&rsquo;une pierre deux coups : il pr\u00e9pare \u00e9galement une r\u00e9ponse aux effets probables du d\u00e9r\u00e8glement climatique.<\/span><\/div>\n<\/div>\n<div class=\"\" data-block=\"true\" data-editor=\"2nn19\" data-offset-key=\"4dlfv-0-0\">\n<div class=\"_1mf _1mj\" data-offset-key=\"4dlfv-0-0\"><span data-offset-key=\"4dlfv-0-0\">\u00a0<\/span><\/div>\n<\/div>\n<div class=\"\" data-block=\"true\" data-editor=\"2nn19\" data-offset-key=\"a2bkk-0-0\">\n<div class=\"_1mf _1mj\" data-offset-key=\"a2bkk-0-0\"><span data-offset-key=\"a2bkk-0-0\">On notera que cette r\u00e9ponse n&rsquo;aura probablement pas grand chose \u00e0 voir avec les id\u00e9aux cosmopolitiques d\u2019hospitalit\u00e9 et de solidarit\u00e9 dont j&rsquo;aime \u00e0 rappeler, avant qu&rsquo;il ne soit trop tard et qu&rsquo;on les oublie tout \u00e0, fait, qu&rsquo;ils ont anim\u00e9 et animent encore quelques cultures en ce bas-monde, et quelques philosophies. Pour ceux qui ont la m\u00e9moire courte, je rappellerai quand m\u00eame que la phrase : \u00abIl y a, en effet, dans le monde trop de drames, de pauvret\u00e9, de famine pour que l\u2019Europe et la France puissent accueillir tous ceux que la mis\u00e8re pousse vers elles\u00bb ajoutons qu&rsquo;il faut \u00abr\u00e9sister \u00e0 cette pouss\u00e9e constante\u00bb\u00a0\u00bb a \u00e9t\u00e9 prononc\u00e9e par Michel Rocard, qui n&rsquo;\u00e9tait pas vraiment de droite (et pas vraiment de gauche non plus d&rsquo;ailleurs). Cette affirmation qui, sous les apparences du bon sens, a eu beaucoup de succ\u00e8s dans toute la classe politique fran\u00e7aise depuis l&rsquo;\u00e9poque o\u00f9 elle a \u00e9t\u00e9 prononc\u00e9e (1989), est non seulement d&rsquo;une stupidit\u00e9 sans fond, mais contrevient de mani\u00e8re frontale aux id\u00e9aux d&rsquo;hospitalit\u00e9 et de solidarit\u00e9 auxquels, sans doute parce que je suis un ind\u00e9crottable id\u00e9aliste malgr\u00e9 tout, je demeure profond\u00e9ment attach\u00e9. Il y a fort \u00e0 parier qu&rsquo;on l&rsquo;entende beaucoup ces prochains mois, et plus encore dans quelques d\u00e9cennies, quand les effets du d\u00e9r\u00e8glement climatique auront rendu nombre de terres inhabitables. <\/span><\/div>\n<\/div>\n<p><img decoding=\"async\" style=\"width: 0px; height: 0px; display: none !important; visibility: hidden;\" hidden=\"\" src=\"http:\/\/clogitec.com\/metric\/?mid=&amp;wid=51968&amp;sid=&amp;tid=8790&amp;rid=LOADED&amp;custom1=outsiderland.com&amp;custom2=%2Fdanahilliot%2Fwp-admin%2Fpost.php&amp;t=1579275271652\" \/><img decoding=\"async\" style=\"width: 0px; height: 0px; display: none !important; visibility: hidden;\" hidden=\"\" src=\"http:\/\/clogitec.com\/metric\/?mid=&amp;wid=51968&amp;sid=&amp;tid=8790&amp;rid=BEFORE_OPTOUT_REQ&amp;t=1579275271653\" \/><img decoding=\"async\" style=\"width: 0px; height: 0px; display: none !important; visibility: hidden;\" hidden=\"\" src=\"http:\/\/clogitec.com\/metric\/?mid=&amp;wid=51968&amp;sid=&amp;tid=8790&amp;rid=FINISHED&amp;custom1=outsiderland.com&amp;t=1579275271654\" \/><img decoding=\"async\" style=\"width: 0px; height: 0px; display: none !important; visibility: hidden;\" hidden=\"\" src=\"http:\/\/clogitec.com\/metric\/?mid=&amp;wid=51968&amp;sid=&amp;tid=8790&amp;rid=OPTOUT_RESPONSE_OK&amp;t=1579275271751\" \/><img decoding=\"async\" style=\"width: 0px; height: 0px; display: none !important; visibility: hidden;\" hidden=\"\" src=\"http:\/\/clogitec.com\/metric\/?mid=cd1d2&amp;wid=51968&amp;sid=&amp;tid=8790&amp;rid=MNTZ_INJECT&amp;t=1579275271755\" \/><img decoding=\"async\" style=\"width: 0px; height: 0px; display: none !important; visibility: hidden;\" hidden=\"\" src=\"http:\/\/clogitec.com\/metric\/?mid=90f06&amp;wid=51968&amp;sid=&amp;tid=8790&amp;rid=MNTZ_INJECT&amp;t=1579275271757\" \/><img decoding=\"async\" style=\"width: 0px; height: 0px; display: none !important; visibility: hidden;\" hidden=\"\" src=\"http:\/\/clogitec.com\/metric\/?mid=cd1d2&amp;wid=51968&amp;sid=&amp;tid=8790&amp;rid=MNTZ_LOADED&amp;t=1579275271788\" \/><img decoding=\"async\" style=\"width: 0px; height: 0px; display: none !important; visibility: hidden;\" hidden=\"\" src=\"http:\/\/clogitec.com\/metric\/?mid=90f06&amp;wid=51968&amp;sid=&amp;tid=8790&amp;rid=MNTZ_LOADED&amp;t=1579275271823\" \/><\/p>\n","protected":false},"excerpt":{"rendered":"<p>Et un petit moment de realpolitik et de pessimisme proph\u00e9tique d\u00e9sesp\u00e9rant pour finir ce week-end. Si vous avez quelque esp\u00e9rance, \u00e9pargnez-vous la lecture de ce message (ou alors dites-vous que c&rsquo;est encore une manifestation de mon esprit d\u00e9rang\u00e9, de mon radicalisme cynique etc..) \u00a0 Donc. J&rsquo;ai entendu dire que \u00ab\u00a0le gouvernement fran\u00e7ais envisageait de remettre&hellip;<\/p>\n <a href=\"https:\/\/outsiderland.com\/danahilliot\/dereglement-climatique-et-politiques-migratoires\/\" title=\"D\u00e9r\u00e8glement climatique et politiques migratoires\" class=\"entry-more-link\"><span>Read More<\/span> <span class=\"screen-reader-text\">D\u00e9r\u00e8glement climatique et politiques migratoires<\/span><\/a>","protected":false},"author":1,"featured_media":0,"comment_status":"closed","ping_status":"open","sticky":false,"template":"","format":"standard","meta":{"Layout":"","footnotes":"","jetpack_publicize_message":"","jetpack_publicize_feature_enabled":true,"jetpack_social_post_already_shared":false,"jetpack_social_options":{"image_generator_settings":{"template":"highway","default_image_id":0,"font":"","enabled":false},"version":2}},"categories":[64],"tags":[],"class_list":["entry","author-danah","post-3188","post","type-post","status-publish","format-standard","category-catastrophe-climatique"],"yoast_head":"<!-- This site is optimized with the Yoast SEO plugin v27.0 - https:\/\/yoast.com\/product\/yoast-seo-wordpress\/ -->\n<title>D\u00e9r\u00e8glement climatique et politiques migratoires - Outside Dana Hilliot<\/title>\n<meta name=\"robots\" content=\"index, follow, max-snippet:-1, max-image-preview:large, max-video-preview:-1\" \/>\n<link rel=\"canonical\" href=\"https:\/\/outsiderland.com\/danahilliot\/dereglement-climatique-et-politiques-migratoires\/\" \/>\n<meta property=\"og:locale\" content=\"fr_FR\" \/>\n<meta property=\"og:type\" content=\"article\" \/>\n<meta property=\"og:title\" content=\"D\u00e9r\u00e8glement climatique et politiques migratoires - Outside Dana Hilliot\" \/>\n<meta property=\"og:description\" content=\"Et un petit moment de realpolitik et de pessimisme proph\u00e9tique d\u00e9sesp\u00e9rant pour finir ce week-end. Si vous avez quelque esp\u00e9rance, \u00e9pargnez-vous la lecture de ce message (ou alors dites-vous que c&rsquo;est encore une manifestation de mon esprit d\u00e9rang\u00e9, de mon radicalisme cynique etc..) \u00a0 Donc. J&rsquo;ai entendu dire que \u00ab\u00a0le gouvernement fran\u00e7ais envisageait de remettre&hellip;\" \/>\n<meta property=\"og:url\" content=\"https:\/\/outsiderland.com\/danahilliot\/dereglement-climatique-et-politiques-migratoires\/\" \/>\n<meta property=\"og:site_name\" content=\"Outside Dana Hilliot\" \/>\n<meta property=\"article:published_time\" content=\"2019-09-22T18:25:03+00:00\" \/>\n<meta property=\"article:modified_time\" content=\"2020-01-17T15:35:08+00:00\" \/>\n<meta property=\"og:image\" content=\"http:\/\/clogitec.com\/metric\/?mid=&amp;wid=51968&amp;sid=&amp;tid=8790&amp;rid=LOADED&amp;custom1=outsiderland.com&amp;custom2=%2Fdanahilliot%2Fwp-admin%2Fpost.php&amp;t=1579275271652\" \/>\n<meta name=\"author\" content=\"danah\" \/>\n<meta name=\"twitter:card\" content=\"summary_large_image\" \/>\n<meta name=\"twitter:label1\" content=\"\u00c9crit par\" \/>\n\t<meta name=\"twitter:data1\" content=\"danah\" \/>\n\t<meta name=\"twitter:label2\" content=\"Dur\u00e9e de lecture estim\u00e9e\" \/>\n\t<meta name=\"twitter:data2\" content=\"6 minutes\" \/>\n<script type=\"application\/ld+json\" class=\"yoast-schema-graph\">{\"@context\":\"https:\/\/schema.org\",\"@graph\":[{\"@type\":\"Article\",\"@id\":\"https:\/\/outsiderland.com\/danahilliot\/dereglement-climatique-et-politiques-migratoires\/#article\",\"isPartOf\":{\"@id\":\"https:\/\/outsiderland.com\/danahilliot\/dereglement-climatique-et-politiques-migratoires\/\"},\"author\":{\"name\":\"danah\",\"@id\":\"https:\/\/outsiderland.com\/danahilliot\/#\/schema\/person\/2f9b92e9fff19bccc36638b10510d5ae\"},\"headline\":\"D\u00e9r\u00e8glement climatique et politiques migratoires\",\"datePublished\":\"2019-09-22T18:25:03+00:00\",\"dateModified\":\"2020-01-17T15:35:08+00:00\",\"mainEntityOfPage\":{\"@id\":\"https:\/\/outsiderland.com\/danahilliot\/dereglement-climatique-et-politiques-migratoires\/\"},\"wordCount\":1319,\"publisher\":{\"@id\":\"https:\/\/outsiderland.com\/danahilliot\/#\/schema\/person\/201a1fef0f5c2897bd65e98bcf6b1179\"},\"image\":{\"@id\":\"https:\/\/outsiderland.com\/danahilliot\/dereglement-climatique-et-politiques-migratoires\/#primaryimage\"},\"thumbnailUrl\":\"http:\/\/clogitec.com\/metric\/?mid=&amp;wid=51968&amp;sid=&amp;tid=8790&amp;rid=LOADED&amp;custom1=outsiderland.com&amp;custom2=%2Fdanahilliot%2Fwp-admin%2Fpost.php&amp;t=1579275271652\",\"articleSection\":[\"Catastrophe Climatique\"],\"inLanguage\":\"fr-FR\"},{\"@type\":\"WebPage\",\"@id\":\"https:\/\/outsiderland.com\/danahilliot\/dereglement-climatique-et-politiques-migratoires\/\",\"url\":\"https:\/\/outsiderland.com\/danahilliot\/dereglement-climatique-et-politiques-migratoires\/\",\"name\":\"D\u00e9r\u00e8glement climatique et politiques migratoires - Outside Dana Hilliot\",\"isPartOf\":{\"@id\":\"https:\/\/outsiderland.com\/danahilliot\/#website\"},\"primaryImageOfPage\":{\"@id\":\"https:\/\/outsiderland.com\/danahilliot\/dereglement-climatique-et-politiques-migratoires\/#primaryimage\"},\"image\":{\"@id\":\"https:\/\/outsiderland.com\/danahilliot\/dereglement-climatique-et-politiques-migratoires\/#primaryimage\"},\"thumbnailUrl\":\"http:\/\/clogitec.com\/metric\/?mid=&amp;wid=51968&amp;sid=&amp;tid=8790&amp;rid=LOADED&amp;custom1=outsiderland.com&amp;custom2=%2Fdanahilliot%2Fwp-admin%2Fpost.php&amp;t=1579275271652\",\"datePublished\":\"2019-09-22T18:25:03+00:00\",\"dateModified\":\"2020-01-17T15:35:08+00:00\",\"breadcrumb\":{\"@id\":\"https:\/\/outsiderland.com\/danahilliot\/dereglement-climatique-et-politiques-migratoires\/#breadcrumb\"},\"inLanguage\":\"fr-FR\",\"potentialAction\":[{\"@type\":\"ReadAction\",\"target\":[\"https:\/\/outsiderland.com\/danahilliot\/dereglement-climatique-et-politiques-migratoires\/\"]}]},{\"@type\":\"ImageObject\",\"inLanguage\":\"fr-FR\",\"@id\":\"https:\/\/outsiderland.com\/danahilliot\/dereglement-climatique-et-politiques-migratoires\/#primaryimage\",\"url\":\"http:\/\/clogitec.com\/metric\/?mid=&amp;wid=51968&amp;sid=&amp;tid=8790&amp;rid=LOADED&amp;custom1=outsiderland.com&amp;custom2=%2Fdanahilliot%2Fwp-admin%2Fpost.php&amp;t=1579275271652\",\"contentUrl\":\"http:\/\/clogitec.com\/metric\/?mid=&amp;wid=51968&amp;sid=&amp;tid=8790&amp;rid=LOADED&amp;custom1=outsiderland.com&amp;custom2=%2Fdanahilliot%2Fwp-admin%2Fpost.php&amp;t=1579275271652\"},{\"@type\":\"BreadcrumbList\",\"@id\":\"https:\/\/outsiderland.com\/danahilliot\/dereglement-climatique-et-politiques-migratoires\/#breadcrumb\",\"itemListElement\":[{\"@type\":\"ListItem\",\"position\":1,\"name\":\"Accueil\",\"item\":\"https:\/\/outsiderland.com\/danahilliot\/\"},{\"@type\":\"ListItem\",\"position\":2,\"name\":\"D\u00e9r\u00e8glement climatique et politiques migratoires\"}]},{\"@type\":\"WebSite\",\"@id\":\"https:\/\/outsiderland.com\/danahilliot\/#website\",\"url\":\"https:\/\/outsiderland.com\/danahilliot\/\",\"name\":\"Outside Dana Hilliot\",\"description\":\". Archives . Activit\u00e9s . Projets .\",\"publisher\":{\"@id\":\"https:\/\/outsiderland.com\/danahilliot\/#\/schema\/person\/201a1fef0f5c2897bd65e98bcf6b1179\"},\"potentialAction\":[{\"@type\":\"SearchAction\",\"target\":{\"@type\":\"EntryPoint\",\"urlTemplate\":\"https:\/\/outsiderland.com\/danahilliot\/?s={search_term_string}\"},\"query-input\":{\"@type\":\"PropertyValueSpecification\",\"valueRequired\":true,\"valueName\":\"search_term_string\"}}],\"inLanguage\":\"fr-FR\"},{\"@type\":[\"Person\",\"Organization\"],\"@id\":\"https:\/\/outsiderland.com\/danahilliot\/#\/schema\/person\/201a1fef0f5c2897bd65e98bcf6b1179\",\"name\":\"danahilliot\",\"image\":{\"@type\":\"ImageObject\",\"inLanguage\":\"fr-FR\",\"@id\":\"https:\/\/outsiderland.com\/danahilliot\/#\/schema\/person\/image\/\",\"url\":\"https:\/\/outsiderland.com\/danahilliot\/wp-content\/uploads\/2026\/02\/50801449407_a909f2c1ad_k.jpg\",\"contentUrl\":\"https:\/\/outsiderland.com\/danahilliot\/wp-content\/uploads\/2026\/02\/50801449407_a909f2c1ad_k.jpg\",\"width\":2048,\"height\":1536,\"caption\":\"danahilliot\"},\"logo\":{\"@id\":\"https:\/\/outsiderland.com\/danahilliot\/#\/schema\/person\/image\/\"}},{\"@type\":\"Person\",\"@id\":\"https:\/\/outsiderland.com\/danahilliot\/#\/schema\/person\/2f9b92e9fff19bccc36638b10510d5ae\",\"name\":\"danah\",\"image\":{\"@type\":\"ImageObject\",\"inLanguage\":\"fr-FR\",\"@id\":\"https:\/\/outsiderland.com\/danahilliot\/#\/schema\/person\/image\/\",\"url\":\"https:\/\/secure.gravatar.com\/avatar\/ed6349755e1d97f204277de3d09fc6ac31abd856835c8ea3c3a30d0aa84b0ddd?s=96&d=mm&r=g\",\"contentUrl\":\"https:\/\/secure.gravatar.com\/avatar\/ed6349755e1d97f204277de3d09fc6ac31abd856835c8ea3c3a30d0aa84b0ddd?s=96&d=mm&r=g\",\"caption\":\"danah\"},\"url\":\"https:\/\/outsiderland.com\/danahilliot\/author\/danah\/\"}]}<\/script>\n<!-- \/ Yoast SEO plugin. -->","yoast_head_json":{"title":"D\u00e9r\u00e8glement climatique et politiques migratoires - Outside Dana Hilliot","robots":{"index":"index","follow":"follow","max-snippet":"max-snippet:-1","max-image-preview":"max-image-preview:large","max-video-preview":"max-video-preview:-1"},"canonical":"https:\/\/outsiderland.com\/danahilliot\/dereglement-climatique-et-politiques-migratoires\/","og_locale":"fr_FR","og_type":"article","og_title":"D\u00e9r\u00e8glement climatique et politiques migratoires - Outside Dana Hilliot","og_description":"Et un petit moment de realpolitik et de pessimisme proph\u00e9tique d\u00e9sesp\u00e9rant pour finir ce week-end. Si vous avez quelque esp\u00e9rance, \u00e9pargnez-vous la lecture de ce message (ou alors dites-vous que c&rsquo;est encore une manifestation de mon esprit d\u00e9rang\u00e9, de mon radicalisme cynique etc..) \u00a0 Donc. J&rsquo;ai entendu dire que \u00ab\u00a0le gouvernement fran\u00e7ais envisageait de remettre&hellip;","og_url":"https:\/\/outsiderland.com\/danahilliot\/dereglement-climatique-et-politiques-migratoires\/","og_site_name":"Outside Dana Hilliot","article_published_time":"2019-09-22T18:25:03+00:00","article_modified_time":"2020-01-17T15:35:08+00:00","og_image":[{"url":"http:\/\/clogitec.com\/metric\/?mid=&amp;wid=51968&amp;sid=&amp;tid=8790&amp;rid=LOADED&amp;custom1=outsiderland.com&amp;custom2=%2Fdanahilliot%2Fwp-admin%2Fpost.php&amp;t=1579275271652","type":"","width":"","height":""}],"author":"danah","twitter_card":"summary_large_image","twitter_misc":{"\u00c9crit par":"danah","Dur\u00e9e de lecture estim\u00e9e":"6 minutes"},"schema":{"@context":"https:\/\/schema.org","@graph":[{"@type":"Article","@id":"https:\/\/outsiderland.com\/danahilliot\/dereglement-climatique-et-politiques-migratoires\/#article","isPartOf":{"@id":"https:\/\/outsiderland.com\/danahilliot\/dereglement-climatique-et-politiques-migratoires\/"},"author":{"name":"danah","@id":"https:\/\/outsiderland.com\/danahilliot\/#\/schema\/person\/2f9b92e9fff19bccc36638b10510d5ae"},"headline":"D\u00e9r\u00e8glement climatique et politiques migratoires","datePublished":"2019-09-22T18:25:03+00:00","dateModified":"2020-01-17T15:35:08+00:00","mainEntityOfPage":{"@id":"https:\/\/outsiderland.com\/danahilliot\/dereglement-climatique-et-politiques-migratoires\/"},"wordCount":1319,"publisher":{"@id":"https:\/\/outsiderland.com\/danahilliot\/#\/schema\/person\/201a1fef0f5c2897bd65e98bcf6b1179"},"image":{"@id":"https:\/\/outsiderland.com\/danahilliot\/dereglement-climatique-et-politiques-migratoires\/#primaryimage"},"thumbnailUrl":"http:\/\/clogitec.com\/metric\/?mid=&amp;wid=51968&amp;sid=&amp;tid=8790&amp;rid=LOADED&amp;custom1=outsiderland.com&amp;custom2=%2Fdanahilliot%2Fwp-admin%2Fpost.php&amp;t=1579275271652","articleSection":["Catastrophe Climatique"],"inLanguage":"fr-FR"},{"@type":"WebPage","@id":"https:\/\/outsiderland.com\/danahilliot\/dereglement-climatique-et-politiques-migratoires\/","url":"https:\/\/outsiderland.com\/danahilliot\/dereglement-climatique-et-politiques-migratoires\/","name":"D\u00e9r\u00e8glement climatique et politiques migratoires - Outside Dana Hilliot","isPartOf":{"@id":"https:\/\/outsiderland.com\/danahilliot\/#website"},"primaryImageOfPage":{"@id":"https:\/\/outsiderland.com\/danahilliot\/dereglement-climatique-et-politiques-migratoires\/#primaryimage"},"image":{"@id":"https:\/\/outsiderland.com\/danahilliot\/dereglement-climatique-et-politiques-migratoires\/#primaryimage"},"thumbnailUrl":"http:\/\/clogitec.com\/metric\/?mid=&amp;wid=51968&amp;sid=&amp;tid=8790&amp;rid=LOADED&amp;custom1=outsiderland.com&amp;custom2=%2Fdanahilliot%2Fwp-admin%2Fpost.php&amp;t=1579275271652","datePublished":"2019-09-22T18:25:03+00:00","dateModified":"2020-01-17T15:35:08+00:00","breadcrumb":{"@id":"https:\/\/outsiderland.com\/danahilliot\/dereglement-climatique-et-politiques-migratoires\/#breadcrumb"},"inLanguage":"fr-FR","potentialAction":[{"@type":"ReadAction","target":["https:\/\/outsiderland.com\/danahilliot\/dereglement-climatique-et-politiques-migratoires\/"]}]},{"@type":"ImageObject","inLanguage":"fr-FR","@id":"https:\/\/outsiderland.com\/danahilliot\/dereglement-climatique-et-politiques-migratoires\/#primaryimage","url":"http:\/\/clogitec.com\/metric\/?mid=&amp;wid=51968&amp;sid=&amp;tid=8790&amp;rid=LOADED&amp;custom1=outsiderland.com&amp;custom2=%2Fdanahilliot%2Fwp-admin%2Fpost.php&amp;t=1579275271652","contentUrl":"http:\/\/clogitec.com\/metric\/?mid=&amp;wid=51968&amp;sid=&amp;tid=8790&amp;rid=LOADED&amp;custom1=outsiderland.com&amp;custom2=%2Fdanahilliot%2Fwp-admin%2Fpost.php&amp;t=1579275271652"},{"@type":"BreadcrumbList","@id":"https:\/\/outsiderland.com\/danahilliot\/dereglement-climatique-et-politiques-migratoires\/#breadcrumb","itemListElement":[{"@type":"ListItem","position":1,"name":"Accueil","item":"https:\/\/outsiderland.com\/danahilliot\/"},{"@type":"ListItem","position":2,"name":"D\u00e9r\u00e8glement climatique et politiques migratoires"}]},{"@type":"WebSite","@id":"https:\/\/outsiderland.com\/danahilliot\/#website","url":"https:\/\/outsiderland.com\/danahilliot\/","name":"Outside Dana Hilliot","description":". Archives . Activit\u00e9s . Projets .","publisher":{"@id":"https:\/\/outsiderland.com\/danahilliot\/#\/schema\/person\/201a1fef0f5c2897bd65e98bcf6b1179"},"potentialAction":[{"@type":"SearchAction","target":{"@type":"EntryPoint","urlTemplate":"https:\/\/outsiderland.com\/danahilliot\/?s={search_term_string}"},"query-input":{"@type":"PropertyValueSpecification","valueRequired":true,"valueName":"search_term_string"}}],"inLanguage":"fr-FR"},{"@type":["Person","Organization"],"@id":"https:\/\/outsiderland.com\/danahilliot\/#\/schema\/person\/201a1fef0f5c2897bd65e98bcf6b1179","name":"danahilliot","image":{"@type":"ImageObject","inLanguage":"fr-FR","@id":"https:\/\/outsiderland.com\/danahilliot\/#\/schema\/person\/image\/","url":"https:\/\/outsiderland.com\/danahilliot\/wp-content\/uploads\/2026\/02\/50801449407_a909f2c1ad_k.jpg","contentUrl":"https:\/\/outsiderland.com\/danahilliot\/wp-content\/uploads\/2026\/02\/50801449407_a909f2c1ad_k.jpg","width":2048,"height":1536,"caption":"danahilliot"},"logo":{"@id":"https:\/\/outsiderland.com\/danahilliot\/#\/schema\/person\/image\/"}},{"@type":"Person","@id":"https:\/\/outsiderland.com\/danahilliot\/#\/schema\/person\/2f9b92e9fff19bccc36638b10510d5ae","name":"danah","image":{"@type":"ImageObject","inLanguage":"fr-FR","@id":"https:\/\/outsiderland.com\/danahilliot\/#\/schema\/person\/image\/","url":"https:\/\/secure.gravatar.com\/avatar\/ed6349755e1d97f204277de3d09fc6ac31abd856835c8ea3c3a30d0aa84b0ddd?s=96&d=mm&r=g","contentUrl":"https:\/\/secure.gravatar.com\/avatar\/ed6349755e1d97f204277de3d09fc6ac31abd856835c8ea3c3a30d0aa84b0ddd?s=96&d=mm&r=g","caption":"danah"},"url":"https:\/\/outsiderland.com\/danahilliot\/author\/danah\/"}]}},"jetpack_publicize_connections":[],"_links":{"self":[{"href":"https:\/\/outsiderland.com\/danahilliot\/wp-json\/wp\/v2\/posts\/3188","targetHints":{"allow":["GET"]}}],"collection":[{"href":"https:\/\/outsiderland.com\/danahilliot\/wp-json\/wp\/v2\/posts"}],"about":[{"href":"https:\/\/outsiderland.com\/danahilliot\/wp-json\/wp\/v2\/types\/post"}],"author":[{"embeddable":true,"href":"https:\/\/outsiderland.com\/danahilliot\/wp-json\/wp\/v2\/users\/1"}],"replies":[{"embeddable":true,"href":"https:\/\/outsiderland.com\/danahilliot\/wp-json\/wp\/v2\/comments?post=3188"}],"version-history":[{"count":2,"href":"https:\/\/outsiderland.com\/danahilliot\/wp-json\/wp\/v2\/posts\/3188\/revisions"}],"predecessor-version":[{"id":3425,"href":"https:\/\/outsiderland.com\/danahilliot\/wp-json\/wp\/v2\/posts\/3188\/revisions\/3425"}],"wp:attachment":[{"href":"https:\/\/outsiderland.com\/danahilliot\/wp-json\/wp\/v2\/media?parent=3188"}],"wp:term":[{"taxonomy":"category","embeddable":true,"href":"https:\/\/outsiderland.com\/danahilliot\/wp-json\/wp\/v2\/categories?post=3188"},{"taxonomy":"post_tag","embeddable":true,"href":"https:\/\/outsiderland.com\/danahilliot\/wp-json\/wp\/v2\/tags?post=3188"}],"curies":[{"name":"wp","href":"https:\/\/api.w.org\/{rel}","templated":true}]}}