{"id":3116,"date":"2019-08-15T09:23:52","date_gmt":"2019-08-15T09:23:52","guid":{"rendered":"https:\/\/outsiderland.com\/danahilliot\/?p=3116"},"modified":"2020-01-17T15:37:09","modified_gmt":"2020-01-17T15:37:09","slug":"quelques-elements-pour-mieux-sindigner-au-sujet-des-incendies-en-amazonie","status":"publish","type":"post","link":"https:\/\/outsiderland.com\/danahilliot\/quelques-elements-pour-mieux-sindigner-au-sujet-des-incendies-en-amazonie\/","title":{"rendered":"Quelques \u00e9l\u00e9ments pour mieux s&rsquo;indigner au sujet des incendies en Amazonie"},"content":{"rendered":"<div data-contents=\"true\">\n<div class=\"\" data-block=\"true\" data-editor=\"aivun\" data-offset-key=\"76qnf-0-0\">\n<div class=\"_1mf _1mj\" data-offset-key=\"41tcc-0-0\"><span data-offset-key=\"41tcc-0-0\">Je vois que les incendies de for\u00eat en Amazonie font le buzz, associ\u00e9s \u00e0 la figure de Bolsonaro. Je voulais rappeler certaines choses concernant cette vaste for\u00eat pluviale (d&rsquo;une superficie sup\u00e9rieure \u00e0 l&rsquo;Union Europ\u00e9enne) de mani\u00e8re \u00e0 permettre \u00e0 ceux qui le souhaitent une \u00ab\u00a0indignation\u00a0\u00bb mieux inform\u00e9e (mon int\u00e9r\u00eat pour la r\u00e9gion Amazonienne date d&rsquo;il y a fort longtemps, notamment depuis que je lis des compte-rendu ethnographiques). Je proposerai ensuite quelques liens pour ceux qui d\u00e9sirent s&rsquo;engager dans la d\u00e9couverte de ces mondes fascinants et d&rsquo;une extraordinaire complexit\u00e9. (Inutile de dire que je ne fais ici qu&rsquo;effleurer un sujet d&rsquo;une complexit\u00e9 immense, mais au vu de la nullit\u00e9 profonde de la plupart des papiers dans les mass medias, \u00e7a peut \u00eatre utile pour d\u00e9buter de rappeler ces quelques \u00e9lements)<\/span><\/div>\n<\/div>\n<div class=\"\" data-block=\"true\" data-editor=\"aivun\" data-offset-key=\"2uor8-0-0\">\n<div class=\"_1mf _1mj\" data-offset-key=\"2uor8-0-0\"><span data-offset-key=\"2uor8-0-0\">\u00a0<\/span><\/div>\n<\/div>\n<div class=\"\" data-block=\"true\" data-editor=\"aivun\" data-offset-key=\"bg3bp-0-0\">\n<div class=\"_1mf _1mj\" data-offset-key=\"bg3bp-0-0\"><span data-offset-key=\"bg3bp-0-0\">1. La for\u00eat Amazonienne n&rsquo;a rien d&rsquo;une for\u00eat \u00ab\u00a0vierge\u00a0\u00bb &#8211; d&rsquo;o\u00f9 l&rsquo;homme serait absent. Elle compte entre 18 et 25 millions d&rsquo;habitants (selon la prise en compte de certaines zones ou pas), tr\u00e8s majoritairement urbanis\u00e9s, mais avec des diff\u00e9rences de densit\u00e9 majeures selon les zones.<\/span><\/div>\n<\/div>\n<div class=\"\" data-block=\"true\" data-editor=\"aivun\" data-offset-key=\"fuv75-0-0\">\n<div class=\"_1mf _1mj\" data-offset-key=\"fuv75-0-0\"><span data-offset-key=\"fuv75-0-0\">\u00a0<\/span><\/div>\n<\/div>\n<div class=\"\" data-block=\"true\" data-editor=\"aivun\" data-offset-key=\"65s09-0-0\">\n<div class=\"_1mf _1mj\" data-offset-key=\"65s09-0-0\"><span data-offset-key=\"65s09-0-0\">2. Les activit\u00e9s humaines en for\u00eat ne datent pas d&rsquo;aujourd&rsquo;hui. Les peuples premiers (900 000 habitants r\u00e9partis en 305 tribus, sur le territoire br\u00e9silien entier d&rsquo;apr\u00e8s Survival International) pratiquaient et pratiquent encore quand leur territoire n&rsquo;a pas \u00e9t\u00e9 d\u00e9truit, la p\u00eache, la chasse, la cueillette et l&rsquo;horticulture sur br\u00fblis : \u00e9videmment, l&rsquo;impact environnemental de ces activit\u00e9s traditionnelles est minime, mais il est important de souligner que la for\u00eat est \u00ab\u00a0anthropis\u00e9e\u00a0\u00bb depuis fort longtemps.<\/span><\/div>\n<\/div>\n<div class=\"\" data-block=\"true\" data-editor=\"aivun\" data-offset-key=\"fo80-0-0\">\n<div class=\"_1mf _1mj\" data-offset-key=\"fo80-0-0\"><span data-offset-key=\"fo80-0-0\">\u00a0<\/span><\/div>\n<\/div>\n<div class=\"\" data-block=\"true\" data-editor=\"aivun\" data-offset-key=\"egcud-0-0\">\n<div class=\"_1mf _1mj\" data-offset-key=\"egcud-0-0\"><span data-offset-key=\"egcud-0-0\">3. Avec la cr\u00e9ation de Manaus en 1669, sur les rives du Rio Negro, \u00e9tait inaugur\u00e9e l&rsquo;urbanisation de certaines zones et le d\u00e9frichement en vue de la migration de populations vers l&rsquo;int\u00e9rieur des terres. La r\u00e9gion m\u00e9tropolitaine de Manaus compte aujourd&rsquo;hui plus de 2 millions d&rsquo;habitants en 2018, mais d&rsquo;autres cit\u00e9s se sont d\u00e9velopp\u00e9s, telle B\u00e9lem, capitale de l&rsquo;\u00c9tat du Par\u00e1 (1,4 millions d&rsquo;hab), Rio Branco, \u00e0 la fronti\u00e8re Bolivienne, autrefois enrichie par le commerce du caoutchouc (300 000 hab), et au sud dans le Mato Grosso, la conurbation form\u00e9e par Cuiab\u00e1 et V\u00e1rzea Grande qui d\u00e9passe 860 000 hab. La g\u00e9ographe Bertha Becker (en 2004) pouvait ainsi d\u00e9crire l\u2019Amazonie comme \u00ab une for\u00eat urbanis\u00e9e \u00bb. Ces vastes ensembles urbains ont grandi avec l&rsquo;industrie, l&rsquo;exploitation des ressources mini\u00e8res et p\u00e9troli\u00e8res, la cr\u00e9ation de barrages hydro-\u00e9lectriques, mais aussi l&rsquo;orpaillage plus ou moins organis\u00e9. Les habitants sont issus principalement d&rsquo;une immigration int\u00e9rieure (de l&rsquo;est vers l&rsquo;ouest pour dire vite).<\/span><\/div>\n<\/div>\n<div class=\"\" data-block=\"true\" data-editor=\"aivun\" data-offset-key=\"1avbe-0-0\">\n<div class=\"_1mf _1mj\" data-offset-key=\"1avbe-0-0\"><span data-offset-key=\"1avbe-0-0\">\u00a0<\/span><\/div>\n<\/div>\n<div class=\"\" data-block=\"true\" data-editor=\"aivun\" data-offset-key=\"1tlcs-0-0\">\n<div class=\"_1mf _1mj\" data-offset-key=\"1tlcs-0-0\"><span data-offset-key=\"1tlcs-0-0\">4. D&rsquo;importantes op\u00e9rations de d\u00e9forestation sont li\u00e9es aux politiques de relocalisation des activit\u00e9s paysannes (On a la m\u00eame probl\u00e9matique dans les pays limitrophes, en Bolivie et au Paraguay par exemple, avec les m\u00eames cons\u00e9quences en terme de d\u00e9forestation et d\u00a0\u00bbincendies). La r\u00e9forme agraire visant \u00e0 accorder des terres aux paysans, men\u00e9e notamment par le Pr\u00e9sident Lula, dans le but de lutter contre la pauvret\u00e9, s&rsquo;est traduite par une d\u00e9forestation accrue en Amazonie : pour m\u00e9nager les tr\u00e8s grands propri\u00e9taires des terres arables dans le reste du Br\u00e9sil et l&rsquo;agrobusiness, on pr\u00e9f\u00e9rait rogner sur la for\u00eat. Une population rurale \u00ab\u00a0traditionnelle\u00a0\u00bb peuple donc les r\u00e9gions d\u00e9frich\u00e9es de l&rsquo;Amazonie &#8211; qui subissent d&rsquo;ailleurs la pression des tr\u00e8s grands propri\u00e9taires.<\/span><\/div>\n<\/div>\n<div class=\"\" data-block=\"true\" data-editor=\"aivun\" data-offset-key=\"5djvb-0-0\">\n<div class=\"_1mf _1mj\" data-offset-key=\"5djvb-0-0\"><span data-offset-key=\"5djvb-0-0\">\u00a0<\/span><\/div>\n<\/div>\n<div class=\"\" data-block=\"true\" data-editor=\"aivun\" data-offset-key=\"9fgds-0-0\">\n<div class=\"_1mf _1mj\" data-offset-key=\"9fgds-0-0\"><span data-offset-key=\"9fgds-0-0\">5. La d\u00e9forestation \u00e0 des fins de prospection mini\u00e8re et p\u00e9trolif\u00e8re ne date pas d&rsquo;hier non plus ! Mais elle \u00e9tait limit\u00e9e \u00ab\u00a0plus ou moins\u00a0\u00bb par la prise en compte : a) des territoires r\u00e9serv\u00e9s aux populations autochtones b) d&rsquo;un souci de pr\u00e9servation du patrimoine environnemental. Il n&#8217;emp\u00eache, dans les ann\u00e9es 70\/80 notamment, le Br\u00e9sil \u00e9tait d\u00e9j\u00e0 r\u00e9put\u00e9 pour d\u00e9truire sa for\u00eat ! La premi\u00e8re ministre de l&rsquo;environnement de Lula, Marina Silva, au tournant du mill\u00e9naire, s&rsquo;\u00e9tait engag\u00e9e dans un vaste programme de reforestation, qui \u00e9tait alors assez unique au monde. Mais d\u00e8s le gouvernement de Dilma Rousseff, sous la pression de l&rsquo;agrobusiness et des ruralistes, le pays devait faire machine arri\u00e8re. Toutefois \u00e0 la la COP 21, le Br\u00e9sil avait annonc\u00e9 l\u2019objectif chiffr\u00e9 de la restauration de 12 millions d\u2019hectares de v\u00e9g\u00e9tation d\u2019ici \u00e0 2030. Inutile de dire que cet engagement n&rsquo;est plus qu&rsquo;un lointain souvenir.<\/span><\/div>\n<\/div>\n<div class=\"\" data-block=\"true\" data-editor=\"aivun\" data-offset-key=\"csaqh-0-0\">\n<div class=\"_1mf _1mj\" data-offset-key=\"csaqh-0-0\"><span data-offset-key=\"csaqh-0-0\">\u00a0<\/span><\/div>\n<\/div>\n<div class=\"\" data-block=\"true\" data-editor=\"aivun\" data-offset-key=\"fjilf-0-0\">\n<div class=\"_1mf _1mj\" data-offset-key=\"fjilf-0-0\"><span data-offset-key=\"fjilf-0-0\">6. Aujourd&rsquo;hui, avec Bolsonaro, les barri\u00e8res qui permettaient encore de limiter la d\u00e9forestation tombent une \u00e0 une (on d\u00e9qualifie des r\u00e9serves naturelles, les territoires autochtones sont d\u00e9mantel\u00e9s, le r\u00e9seau routier se d\u00e9ploie dans la for\u00eat etc.). D\u00e8s lors, les compagnies extractivistes et les multinationales de l&rsquo;agrobusiness (qui r\u00eavent de transformer l&rsquo;Amazonie en vastes champs de soja pour l&rsquo;alimentation animale), qui piaffaient d&rsquo;impatience aux portes de la for\u00eat, peuvent d\u00e9sormais s&rsquo;engouffrer en Amazonie et op\u00e9rer des destructions encore plus impressionnantes que dans les ann\u00e9es 70\/80. <\/span><\/div>\n<\/div>\n<div class=\"\" data-block=\"true\" data-editor=\"aivun\" data-offset-key=\"9ideh-0-0\">\n<div class=\"_1mf _1mj\" data-offset-key=\"9ideh-0-0\"><span data-offset-key=\"9ideh-0-0\">\u00a0<\/span><\/div>\n<\/div>\n<div class=\"\" data-block=\"true\" data-editor=\"aivun\" data-offset-key=\"cd4k1-0-0\">\n<div class=\"_1mf _1mj\" data-offset-key=\"cd4k1-0-0\"><span data-offset-key=\"cd4k1-0-0\">7. J&rsquo;aimerais enfin rappeler (voir lien ci-dessous) que ces compagnies et multinationales ne viennent pas de nulle part. Dans une \u00e9crasante majorit\u00e9, leur si\u00e8ge social se situe en Europe, aux \u00c9tats-Unis, au Canada (et chez nous en France \u00e9galement) et de mani\u00e8re g\u00e9n\u00e9rale dans les pays riches. Si Bolsonaro agit de la sorte, c&rsquo;est parce que toutes ces compagnies le pressent de faire ainsi (et pas seulement parce que, \u00e0 l&rsquo;instar d&rsquo;un Trump, il se fout de l&rsquo;environnement et des indiens). Je vous laisse admirer la belle liste de salopards dans un des liens ci-dessous, salopards dont vous retrouverez certainement quelques-unes des productions dans votre r\u00e9frig\u00e9rateur ou votre maison. <\/span><\/div>\n<\/div>\n<div class=\"\" data-block=\"true\" data-editor=\"aivun\" data-offset-key=\"e4ok0-0-0\">\n<div class=\"_1mf _1mj\" data-offset-key=\"e4ok0-0-0\"><span data-offset-key=\"e4ok0-0-0\">\u00a0<\/span><\/div>\n<\/div>\n<div class=\"\" data-block=\"true\" data-editor=\"aivun\" data-offset-key=\"69rh3-0-0\">\n<div class=\"_1mf _1mj\" data-offset-key=\"69rh3-0-0\"><span data-offset-key=\"69rh3-0-0\">On lira mes autres synth\u00e8ses et remarques sur mon blog :<\/span><\/div>\n<\/div>\n<div class=\"\" data-block=\"true\" data-editor=\"aivun\" data-offset-key=\"3u6nc-0-0\">\n<div class=\"_1mf _1mj\" data-offset-key=\"3u6nc-0-0\"><span data-offset-key=\"3u6nc-0-0\">https:\/\/outsiderland.com\/danahilliot\/<\/span><\/div>\n<\/div>\n<div class=\"\" data-block=\"true\" data-editor=\"aivun\" data-offset-key=\"56qhl-0-0\">\n<div class=\"_1mf _1mj\" data-offset-key=\"56qhl-0-0\"><span data-offset-key=\"56qhl-0-0\">\u00a0<\/span><\/div>\n<\/div>\n<div class=\"\" data-block=\"true\" data-editor=\"aivun\" data-offset-key=\"63mcq-0-0\">\n<div class=\"_1mf _1mj\" data-offset-key=\"63mcq-0-0\"><span data-offset-key=\"63mcq-0-0\">Pour la photo : une usine d&rsquo;aluminium dans l&rsquo;\u00c9tat br\u00e9silien du Par\u00e1.<\/span><\/div>\n<\/div>\n<\/div>\n","protected":false},"excerpt":{"rendered":"<p>Je vois que les incendies de for\u00eat en Amazonie font le buzz, associ\u00e9s \u00e0 la figure de Bolsonaro. Je voulais rappeler certaines choses concernant cette vaste for\u00eat pluviale (d&rsquo;une superficie sup\u00e9rieure \u00e0 l&rsquo;Union Europ\u00e9enne) de mani\u00e8re \u00e0 permettre \u00e0 ceux qui le souhaitent une \u00ab\u00a0indignation\u00a0\u00bb mieux inform\u00e9e (mon int\u00e9r\u00eat pour la r\u00e9gion Amazonienne date d&rsquo;il&hellip;<\/p>\n <a href=\"https:\/\/outsiderland.com\/danahilliot\/quelques-elements-pour-mieux-sindigner-au-sujet-des-incendies-en-amazonie\/\" title=\"Quelques \u00e9l\u00e9ments pour mieux s&rsquo;indigner au sujet des incendies en Amazonie\" class=\"entry-more-link\"><span>Read More<\/span> <span class=\"screen-reader-text\">Quelques \u00e9l\u00e9ments pour mieux s&rsquo;indigner au sujet des incendies en Amazonie<\/span><\/a>","protected":false},"author":1,"featured_media":3117,"comment_status":"closed","ping_status":"open","sticky":false,"template":"","format":"standard","meta":{"Layout":"","footnotes":"","jetpack_publicize_message":"","jetpack_publicize_feature_enabled":true,"jetpack_social_post_already_shared":false,"jetpack_social_options":{"image_generator_settings":{"template":"highway","default_image_id":0,"font":"","enabled":false},"version":2}},"categories":[57,64,1],"tags":[],"class_list":["entry","author-danah","post-3116","post","type-post","status-publish","format-standard","has-post-thumbnail","category-articles","category-catastrophe-climatique","category-publications"],"yoast_head":"<!-- This site is optimized with the Yoast SEO plugin v27.0 - https:\/\/yoast.com\/product\/yoast-seo-wordpress\/ -->\n<title>Quelques \u00e9l\u00e9ments pour mieux s&#039;indigner au sujet des incendies en Amazonie - Outside Dana Hilliot<\/title>\n<meta name=\"robots\" content=\"index, follow, max-snippet:-1, max-image-preview:large, max-video-preview:-1\" \/>\n<link rel=\"canonical\" href=\"https:\/\/outsiderland.com\/danahilliot\/quelques-elements-pour-mieux-sindigner-au-sujet-des-incendies-en-amazonie\/\" \/>\n<meta property=\"og:locale\" content=\"fr_FR\" \/>\n<meta property=\"og:type\" content=\"article\" \/>\n<meta property=\"og:title\" content=\"Quelques \u00e9l\u00e9ments pour mieux s&#039;indigner au sujet des incendies en Amazonie - Outside Dana Hilliot\" \/>\n<meta property=\"og:description\" content=\"Je vois que les incendies de for\u00eat en Amazonie font le buzz, associ\u00e9s \u00e0 la figure de Bolsonaro. Je voulais rappeler certaines choses concernant cette vaste for\u00eat pluviale (d&rsquo;une superficie sup\u00e9rieure \u00e0 l&rsquo;Union Europ\u00e9enne) de mani\u00e8re \u00e0 permettre \u00e0 ceux qui le souhaitent une \u00ab\u00a0indignation\u00a0\u00bb mieux inform\u00e9e (mon int\u00e9r\u00eat pour la r\u00e9gion Amazonienne date d&rsquo;il&hellip;\" \/>\n<meta property=\"og:url\" content=\"https:\/\/outsiderland.com\/danahilliot\/quelques-elements-pour-mieux-sindigner-au-sujet-des-incendies-en-amazonie\/\" \/>\n<meta property=\"og:site_name\" content=\"Outside Dana Hilliot\" \/>\n<meta property=\"article:published_time\" content=\"2019-08-15T09:23:52+00:00\" \/>\n<meta property=\"article:modified_time\" content=\"2020-01-17T15:37:09+00:00\" \/>\n<meta property=\"og:image\" content=\"https:\/\/outsiderland.com\/danahilliot\/wp-content\/uploads\/2019\/08\/69021614_2157842941181708_6201184355897835520_n.jpg\" \/>\n\t<meta property=\"og:image:width\" content=\"960\" \/>\n\t<meta property=\"og:image:height\" content=\"575\" \/>\n\t<meta property=\"og:image:type\" content=\"image\/jpeg\" \/>\n<meta name=\"author\" content=\"danah\" \/>\n<meta name=\"twitter:card\" content=\"summary_large_image\" \/>\n<meta name=\"twitter:label1\" content=\"\u00c9crit par\" \/>\n\t<meta name=\"twitter:data1\" content=\"danah\" \/>\n\t<meta name=\"twitter:label2\" content=\"Dur\u00e9e de lecture estim\u00e9e\" \/>\n\t<meta name=\"twitter:data2\" content=\"5 minutes\" \/>\n<script type=\"application\/ld+json\" class=\"yoast-schema-graph\">{\"@context\":\"https:\/\/schema.org\",\"@graph\":[{\"@type\":\"Article\",\"@id\":\"https:\/\/outsiderland.com\/danahilliot\/quelques-elements-pour-mieux-sindigner-au-sujet-des-incendies-en-amazonie\/#article\",\"isPartOf\":{\"@id\":\"https:\/\/outsiderland.com\/danahilliot\/quelques-elements-pour-mieux-sindigner-au-sujet-des-incendies-en-amazonie\/\"},\"author\":{\"name\":\"danah\",\"@id\":\"https:\/\/outsiderland.com\/danahilliot\/#\/schema\/person\/2f9b92e9fff19bccc36638b10510d5ae\"},\"headline\":\"Quelques \u00e9l\u00e9ments pour mieux s&rsquo;indigner au sujet des incendies en Amazonie\",\"datePublished\":\"2019-08-15T09:23:52+00:00\",\"dateModified\":\"2020-01-17T15:37:09+00:00\",\"mainEntityOfPage\":{\"@id\":\"https:\/\/outsiderland.com\/danahilliot\/quelques-elements-pour-mieux-sindigner-au-sujet-des-incendies-en-amazonie\/\"},\"wordCount\":1040,\"publisher\":{\"@id\":\"https:\/\/outsiderland.com\/danahilliot\/#\/schema\/person\/201a1fef0f5c2897bd65e98bcf6b1179\"},\"image\":{\"@id\":\"https:\/\/outsiderland.com\/danahilliot\/quelques-elements-pour-mieux-sindigner-au-sujet-des-incendies-en-amazonie\/#primaryimage\"},\"thumbnailUrl\":\"https:\/\/outsiderland.com\/danahilliot\/wp-content\/uploads\/2019\/08\/69021614_2157842941181708_6201184355897835520_n.jpg\",\"articleSection\":[\"Articles\",\"Catastrophe Climatique\",\"PUBLICATIONS\"],\"inLanguage\":\"fr-FR\"},{\"@type\":\"WebPage\",\"@id\":\"https:\/\/outsiderland.com\/danahilliot\/quelques-elements-pour-mieux-sindigner-au-sujet-des-incendies-en-amazonie\/\",\"url\":\"https:\/\/outsiderland.com\/danahilliot\/quelques-elements-pour-mieux-sindigner-au-sujet-des-incendies-en-amazonie\/\",\"name\":\"Quelques \u00e9l\u00e9ments pour mieux s'indigner au sujet des incendies en Amazonie - Outside Dana Hilliot\",\"isPartOf\":{\"@id\":\"https:\/\/outsiderland.com\/danahilliot\/#website\"},\"primaryImageOfPage\":{\"@id\":\"https:\/\/outsiderland.com\/danahilliot\/quelques-elements-pour-mieux-sindigner-au-sujet-des-incendies-en-amazonie\/#primaryimage\"},\"image\":{\"@id\":\"https:\/\/outsiderland.com\/danahilliot\/quelques-elements-pour-mieux-sindigner-au-sujet-des-incendies-en-amazonie\/#primaryimage\"},\"thumbnailUrl\":\"https:\/\/outsiderland.com\/danahilliot\/wp-content\/uploads\/2019\/08\/69021614_2157842941181708_6201184355897835520_n.jpg\",\"datePublished\":\"2019-08-15T09:23:52+00:00\",\"dateModified\":\"2020-01-17T15:37:09+00:00\",\"breadcrumb\":{\"@id\":\"https:\/\/outsiderland.com\/danahilliot\/quelques-elements-pour-mieux-sindigner-au-sujet-des-incendies-en-amazonie\/#breadcrumb\"},\"inLanguage\":\"fr-FR\",\"potentialAction\":[{\"@type\":\"ReadAction\",\"target\":[\"https:\/\/outsiderland.com\/danahilliot\/quelques-elements-pour-mieux-sindigner-au-sujet-des-incendies-en-amazonie\/\"]}]},{\"@type\":\"ImageObject\",\"inLanguage\":\"fr-FR\",\"@id\":\"https:\/\/outsiderland.com\/danahilliot\/quelques-elements-pour-mieux-sindigner-au-sujet-des-incendies-en-amazonie\/#primaryimage\",\"url\":\"https:\/\/outsiderland.com\/danahilliot\/wp-content\/uploads\/2019\/08\/69021614_2157842941181708_6201184355897835520_n.jpg\",\"contentUrl\":\"https:\/\/outsiderland.com\/danahilliot\/wp-content\/uploads\/2019\/08\/69021614_2157842941181708_6201184355897835520_n.jpg\",\"width\":960,\"height\":575},{\"@type\":\"BreadcrumbList\",\"@id\":\"https:\/\/outsiderland.com\/danahilliot\/quelques-elements-pour-mieux-sindigner-au-sujet-des-incendies-en-amazonie\/#breadcrumb\",\"itemListElement\":[{\"@type\":\"ListItem\",\"position\":1,\"name\":\"Accueil\",\"item\":\"https:\/\/outsiderland.com\/danahilliot\/\"},{\"@type\":\"ListItem\",\"position\":2,\"name\":\"Quelques \u00e9l\u00e9ments pour mieux s&rsquo;indigner au sujet des incendies en Amazonie\"}]},{\"@type\":\"WebSite\",\"@id\":\"https:\/\/outsiderland.com\/danahilliot\/#website\",\"url\":\"https:\/\/outsiderland.com\/danahilliot\/\",\"name\":\"Outside Dana Hilliot\",\"description\":\". Archives . Activit\u00e9s . Projets .\",\"publisher\":{\"@id\":\"https:\/\/outsiderland.com\/danahilliot\/#\/schema\/person\/201a1fef0f5c2897bd65e98bcf6b1179\"},\"potentialAction\":[{\"@type\":\"SearchAction\",\"target\":{\"@type\":\"EntryPoint\",\"urlTemplate\":\"https:\/\/outsiderland.com\/danahilliot\/?s={search_term_string}\"},\"query-input\":{\"@type\":\"PropertyValueSpecification\",\"valueRequired\":true,\"valueName\":\"search_term_string\"}}],\"inLanguage\":\"fr-FR\"},{\"@type\":[\"Person\",\"Organization\"],\"@id\":\"https:\/\/outsiderland.com\/danahilliot\/#\/schema\/person\/201a1fef0f5c2897bd65e98bcf6b1179\",\"name\":\"danahilliot\",\"image\":{\"@type\":\"ImageObject\",\"inLanguage\":\"fr-FR\",\"@id\":\"https:\/\/outsiderland.com\/danahilliot\/#\/schema\/person\/image\/\",\"url\":\"https:\/\/outsiderland.com\/danahilliot\/wp-content\/uploads\/2026\/02\/50801449407_a909f2c1ad_k.jpg\",\"contentUrl\":\"https:\/\/outsiderland.com\/danahilliot\/wp-content\/uploads\/2026\/02\/50801449407_a909f2c1ad_k.jpg\",\"width\":2048,\"height\":1536,\"caption\":\"danahilliot\"},\"logo\":{\"@id\":\"https:\/\/outsiderland.com\/danahilliot\/#\/schema\/person\/image\/\"}},{\"@type\":\"Person\",\"@id\":\"https:\/\/outsiderland.com\/danahilliot\/#\/schema\/person\/2f9b92e9fff19bccc36638b10510d5ae\",\"name\":\"danah\",\"image\":{\"@type\":\"ImageObject\",\"inLanguage\":\"fr-FR\",\"@id\":\"https:\/\/outsiderland.com\/danahilliot\/#\/schema\/person\/image\/\",\"url\":\"https:\/\/secure.gravatar.com\/avatar\/ed6349755e1d97f204277de3d09fc6ac31abd856835c8ea3c3a30d0aa84b0ddd?s=96&d=mm&r=g\",\"contentUrl\":\"https:\/\/secure.gravatar.com\/avatar\/ed6349755e1d97f204277de3d09fc6ac31abd856835c8ea3c3a30d0aa84b0ddd?s=96&d=mm&r=g\",\"caption\":\"danah\"},\"url\":\"https:\/\/outsiderland.com\/danahilliot\/author\/danah\/\"}]}<\/script>\n<!-- \/ Yoast SEO plugin. -->","yoast_head_json":{"title":"Quelques \u00e9l\u00e9ments pour mieux s'indigner au sujet des incendies en Amazonie - Outside Dana Hilliot","robots":{"index":"index","follow":"follow","max-snippet":"max-snippet:-1","max-image-preview":"max-image-preview:large","max-video-preview":"max-video-preview:-1"},"canonical":"https:\/\/outsiderland.com\/danahilliot\/quelques-elements-pour-mieux-sindigner-au-sujet-des-incendies-en-amazonie\/","og_locale":"fr_FR","og_type":"article","og_title":"Quelques \u00e9l\u00e9ments pour mieux s'indigner au sujet des incendies en Amazonie - Outside Dana Hilliot","og_description":"Je vois que les incendies de for\u00eat en Amazonie font le buzz, associ\u00e9s \u00e0 la figure de Bolsonaro. Je voulais rappeler certaines choses concernant cette vaste for\u00eat pluviale (d&rsquo;une superficie sup\u00e9rieure \u00e0 l&rsquo;Union Europ\u00e9enne) de mani\u00e8re \u00e0 permettre \u00e0 ceux qui le souhaitent une \u00ab\u00a0indignation\u00a0\u00bb mieux inform\u00e9e (mon int\u00e9r\u00eat pour la r\u00e9gion Amazonienne date d&rsquo;il&hellip;","og_url":"https:\/\/outsiderland.com\/danahilliot\/quelques-elements-pour-mieux-sindigner-au-sujet-des-incendies-en-amazonie\/","og_site_name":"Outside Dana Hilliot","article_published_time":"2019-08-15T09:23:52+00:00","article_modified_time":"2020-01-17T15:37:09+00:00","og_image":[{"width":960,"height":575,"url":"https:\/\/outsiderland.com\/danahilliot\/wp-content\/uploads\/2019\/08\/69021614_2157842941181708_6201184355897835520_n.jpg","type":"image\/jpeg"}],"author":"danah","twitter_card":"summary_large_image","twitter_misc":{"\u00c9crit par":"danah","Dur\u00e9e de lecture estim\u00e9e":"5 minutes"},"schema":{"@context":"https:\/\/schema.org","@graph":[{"@type":"Article","@id":"https:\/\/outsiderland.com\/danahilliot\/quelques-elements-pour-mieux-sindigner-au-sujet-des-incendies-en-amazonie\/#article","isPartOf":{"@id":"https:\/\/outsiderland.com\/danahilliot\/quelques-elements-pour-mieux-sindigner-au-sujet-des-incendies-en-amazonie\/"},"author":{"name":"danah","@id":"https:\/\/outsiderland.com\/danahilliot\/#\/schema\/person\/2f9b92e9fff19bccc36638b10510d5ae"},"headline":"Quelques \u00e9l\u00e9ments pour mieux s&rsquo;indigner au sujet des incendies en Amazonie","datePublished":"2019-08-15T09:23:52+00:00","dateModified":"2020-01-17T15:37:09+00:00","mainEntityOfPage":{"@id":"https:\/\/outsiderland.com\/danahilliot\/quelques-elements-pour-mieux-sindigner-au-sujet-des-incendies-en-amazonie\/"},"wordCount":1040,"publisher":{"@id":"https:\/\/outsiderland.com\/danahilliot\/#\/schema\/person\/201a1fef0f5c2897bd65e98bcf6b1179"},"image":{"@id":"https:\/\/outsiderland.com\/danahilliot\/quelques-elements-pour-mieux-sindigner-au-sujet-des-incendies-en-amazonie\/#primaryimage"},"thumbnailUrl":"https:\/\/outsiderland.com\/danahilliot\/wp-content\/uploads\/2019\/08\/69021614_2157842941181708_6201184355897835520_n.jpg","articleSection":["Articles","Catastrophe Climatique","PUBLICATIONS"],"inLanguage":"fr-FR"},{"@type":"WebPage","@id":"https:\/\/outsiderland.com\/danahilliot\/quelques-elements-pour-mieux-sindigner-au-sujet-des-incendies-en-amazonie\/","url":"https:\/\/outsiderland.com\/danahilliot\/quelques-elements-pour-mieux-sindigner-au-sujet-des-incendies-en-amazonie\/","name":"Quelques \u00e9l\u00e9ments pour mieux s'indigner au sujet des incendies en Amazonie - Outside Dana Hilliot","isPartOf":{"@id":"https:\/\/outsiderland.com\/danahilliot\/#website"},"primaryImageOfPage":{"@id":"https:\/\/outsiderland.com\/danahilliot\/quelques-elements-pour-mieux-sindigner-au-sujet-des-incendies-en-amazonie\/#primaryimage"},"image":{"@id":"https:\/\/outsiderland.com\/danahilliot\/quelques-elements-pour-mieux-sindigner-au-sujet-des-incendies-en-amazonie\/#primaryimage"},"thumbnailUrl":"https:\/\/outsiderland.com\/danahilliot\/wp-content\/uploads\/2019\/08\/69021614_2157842941181708_6201184355897835520_n.jpg","datePublished":"2019-08-15T09:23:52+00:00","dateModified":"2020-01-17T15:37:09+00:00","breadcrumb":{"@id":"https:\/\/outsiderland.com\/danahilliot\/quelques-elements-pour-mieux-sindigner-au-sujet-des-incendies-en-amazonie\/#breadcrumb"},"inLanguage":"fr-FR","potentialAction":[{"@type":"ReadAction","target":["https:\/\/outsiderland.com\/danahilliot\/quelques-elements-pour-mieux-sindigner-au-sujet-des-incendies-en-amazonie\/"]}]},{"@type":"ImageObject","inLanguage":"fr-FR","@id":"https:\/\/outsiderland.com\/danahilliot\/quelques-elements-pour-mieux-sindigner-au-sujet-des-incendies-en-amazonie\/#primaryimage","url":"https:\/\/outsiderland.com\/danahilliot\/wp-content\/uploads\/2019\/08\/69021614_2157842941181708_6201184355897835520_n.jpg","contentUrl":"https:\/\/outsiderland.com\/danahilliot\/wp-content\/uploads\/2019\/08\/69021614_2157842941181708_6201184355897835520_n.jpg","width":960,"height":575},{"@type":"BreadcrumbList","@id":"https:\/\/outsiderland.com\/danahilliot\/quelques-elements-pour-mieux-sindigner-au-sujet-des-incendies-en-amazonie\/#breadcrumb","itemListElement":[{"@type":"ListItem","position":1,"name":"Accueil","item":"https:\/\/outsiderland.com\/danahilliot\/"},{"@type":"ListItem","position":2,"name":"Quelques \u00e9l\u00e9ments pour mieux s&rsquo;indigner au sujet des incendies en Amazonie"}]},{"@type":"WebSite","@id":"https:\/\/outsiderland.com\/danahilliot\/#website","url":"https:\/\/outsiderland.com\/danahilliot\/","name":"Outside Dana Hilliot","description":". Archives . Activit\u00e9s . Projets .","publisher":{"@id":"https:\/\/outsiderland.com\/danahilliot\/#\/schema\/person\/201a1fef0f5c2897bd65e98bcf6b1179"},"potentialAction":[{"@type":"SearchAction","target":{"@type":"EntryPoint","urlTemplate":"https:\/\/outsiderland.com\/danahilliot\/?s={search_term_string}"},"query-input":{"@type":"PropertyValueSpecification","valueRequired":true,"valueName":"search_term_string"}}],"inLanguage":"fr-FR"},{"@type":["Person","Organization"],"@id":"https:\/\/outsiderland.com\/danahilliot\/#\/schema\/person\/201a1fef0f5c2897bd65e98bcf6b1179","name":"danahilliot","image":{"@type":"ImageObject","inLanguage":"fr-FR","@id":"https:\/\/outsiderland.com\/danahilliot\/#\/schema\/person\/image\/","url":"https:\/\/outsiderland.com\/danahilliot\/wp-content\/uploads\/2026\/02\/50801449407_a909f2c1ad_k.jpg","contentUrl":"https:\/\/outsiderland.com\/danahilliot\/wp-content\/uploads\/2026\/02\/50801449407_a909f2c1ad_k.jpg","width":2048,"height":1536,"caption":"danahilliot"},"logo":{"@id":"https:\/\/outsiderland.com\/danahilliot\/#\/schema\/person\/image\/"}},{"@type":"Person","@id":"https:\/\/outsiderland.com\/danahilliot\/#\/schema\/person\/2f9b92e9fff19bccc36638b10510d5ae","name":"danah","image":{"@type":"ImageObject","inLanguage":"fr-FR","@id":"https:\/\/outsiderland.com\/danahilliot\/#\/schema\/person\/image\/","url":"https:\/\/secure.gravatar.com\/avatar\/ed6349755e1d97f204277de3d09fc6ac31abd856835c8ea3c3a30d0aa84b0ddd?s=96&d=mm&r=g","contentUrl":"https:\/\/secure.gravatar.com\/avatar\/ed6349755e1d97f204277de3d09fc6ac31abd856835c8ea3c3a30d0aa84b0ddd?s=96&d=mm&r=g","caption":"danah"},"url":"https:\/\/outsiderland.com\/danahilliot\/author\/danah\/"}]}},"jetpack_publicize_connections":[],"_links":{"self":[{"href":"https:\/\/outsiderland.com\/danahilliot\/wp-json\/wp\/v2\/posts\/3116","targetHints":{"allow":["GET"]}}],"collection":[{"href":"https:\/\/outsiderland.com\/danahilliot\/wp-json\/wp\/v2\/posts"}],"about":[{"href":"https:\/\/outsiderland.com\/danahilliot\/wp-json\/wp\/v2\/types\/post"}],"author":[{"embeddable":true,"href":"https:\/\/outsiderland.com\/danahilliot\/wp-json\/wp\/v2\/users\/1"}],"replies":[{"embeddable":true,"href":"https:\/\/outsiderland.com\/danahilliot\/wp-json\/wp\/v2\/comments?post=3116"}],"version-history":[{"count":1,"href":"https:\/\/outsiderland.com\/danahilliot\/wp-json\/wp\/v2\/posts\/3116\/revisions"}],"predecessor-version":[{"id":3118,"href":"https:\/\/outsiderland.com\/danahilliot\/wp-json\/wp\/v2\/posts\/3116\/revisions\/3118"}],"wp:featuredmedia":[{"embeddable":true,"href":"https:\/\/outsiderland.com\/danahilliot\/wp-json\/wp\/v2\/media\/3117"}],"wp:attachment":[{"href":"https:\/\/outsiderland.com\/danahilliot\/wp-json\/wp\/v2\/media?parent=3116"}],"wp:term":[{"taxonomy":"category","embeddable":true,"href":"https:\/\/outsiderland.com\/danahilliot\/wp-json\/wp\/v2\/categories?post=3116"},{"taxonomy":"post_tag","embeddable":true,"href":"https:\/\/outsiderland.com\/danahilliot\/wp-json\/wp\/v2\/tags?post=3116"}],"curies":[{"name":"wp","href":"https:\/\/api.w.org\/{rel}","templated":true}]}}