{"id":2927,"date":"2019-06-10T19:36:44","date_gmt":"2019-06-10T19:36:44","guid":{"rendered":"https:\/\/outsiderland.com\/danahilliot\/?p=2927"},"modified":"2019-06-10T19:37:01","modified_gmt":"2019-06-10T19:37:01","slug":"sortie-de-lemancipation-des-domestiques","status":"publish","type":"post","link":"https:\/\/outsiderland.com\/danahilliot\/sortie-de-lemancipation-des-domestiques\/","title":{"rendered":"Sortie de L&rsquo;\u00c9mancipation des domestiques"},"content":{"rendered":"<figure id=\"attachment_2923\" aria-describedby=\"caption-attachment-2923\" style=\"width: 200px\" class=\"wp-caption alignleft\"><img decoding=\"async\" class=\"wp-image-2923 size-medium\" src=\"https:\/\/outsiderland.com\/danahilliot\/wp-content\/uploads\/2019\/06\/dom2-200x300.png\" alt=\"Dana Hilliot, De l'\u00e9mancipation des domestiques\" width=\"200\" height=\"300\" srcset=\"https:\/\/outsiderland.com\/danahilliot\/wp-content\/uploads\/2019\/06\/dom2-200x300.png 200w, https:\/\/outsiderland.com\/danahilliot\/wp-content\/uploads\/2019\/06\/dom2-768x1155.png 768w, https:\/\/outsiderland.com\/danahilliot\/wp-content\/uploads\/2019\/06\/dom2-681x1024.png 681w, https:\/\/outsiderland.com\/danahilliot\/wp-content\/uploads\/2019\/06\/dom2-590x887.png 590w, https:\/\/outsiderland.com\/danahilliot\/wp-content\/uploads\/2019\/06\/dom2.png 1440w\" sizes=\"(max-width: 200px) 100vw, 200px\" \/><figcaption id=\"caption-attachment-2923\" class=\"wp-caption-text\">Dana Hilliot, De l&rsquo;\u00c9mancipation des domestiques<\/figcaption><\/figure>\n<p>Ce recueil de 5 textes sort aux <a href=\"https:\/\/www.laptiteheleneeditions.com\/\">\u00c9ditions La P&rsquo;tite H\u00e9l\u00e8ne<\/a>, et il est d&rsquo;ores et d\u00e9j\u00e0 disponible en pr\u00e9vente (et en promotion jusqu&rsquo;au 4 ao\u00fbt). <a href=\"https:\/\/www.laptiteheleneeditions.com\/boutique\/l-emancipation-des-domestiques-et-autres-nouvelles.html\">On peut se le procurer ici.<\/a><\/p>\n<p>Voici un extrait de la lettre qui accompagnait ce livre pour les \u00e9diteurs :<\/p>\n<p><strong>L\u2019\u00c9mancipation des domestiques<\/strong> : mes grands-parents du c\u00f4t\u00e9 paternel ont exerc\u00e9 durant une partie leur vie la profession de domestiques, puis, assez logiquement, sont devenus concierges. J\u2019avais envie de les lib\u00e9rer de cette condition, et de m\u2019en lib\u00e9rer du m\u00eame coup. D\u2019o\u00f9 ce texte. J\u2019y r\u00e8gle des comptes \u00e9videmment (voir la partie concernant la visite du propri\u00e9taire), mais pas que : j\u2019y explore \u00e9galement des th\u00e8mes qui doivent beaucoup \u00e0 ce que les anthropologues contemporains (Descola ou Viveros Del Castro par exemple) d\u00e9signent comme ontologie animiste. Et je suis pr\u00eat \u00e0 d\u00e9fendre l\u2019id\u00e9e que c\u2019est un texte \u00ab \u00e9cologique \u00bb autant que politique, m\u00eame si on risque de me regarder d\u2019un air bizarre apr\u00e8s l\u2019avoir lu. C\u2019est enfin un hommage \u00e0 deux r\u00e9cits qui m\u2019ont marqu\u00e9 : <em>Le mar\u00e9cage d\u00e9finitif<\/em> de Giorgio Manganelli, et <em>La Montagne morte de la vie<\/em> de Michel Bernanos.<\/p>\n<p><strong>Rentrer chez soi<\/strong> s\u2019appuie sur une des innombrables variantes antiques du r\u00e9cit des aventures d\u2019Ulysse (<em>Odysseos<\/em>) et un passage du mythe d\u2019Er, racont\u00e9 par Platon dans la R\u00e9publique, selon lequel Ulysse, une fois mort, choisit pour se r\u00e9incarner le corps et le destin qui va avec d\u2019un quidam discret, normal, sans gloire ni fortune. Je m\u2019appuie sur cette possibilit\u00e9 de la personnalit\u00e9 d\u2019Ulysse pour broder quelques fils sur le th\u00e8me de la tyrannie qu\u2019exercent sur nous autres, pauvres mortels, les motifs des r\u00e9cits dont nous sommes faits. Il est l\u00e0 aussi question d\u2019\u00e9mancipation donc.<\/p>\n<p><strong>Le Cimeti\u00e8re des \u00e9crivains<\/strong> est une pure fantaisie, une parodie de r\u00e9cit d\u2019espionnage. En l\u2019\u00e9crivant, je me suis rendu compte que j\u2019\u00e9tais amen\u00e9 \u00e0 me laisser aller dans des digressions qui m\u2019ont rappel\u00e9 le style si amusant de Jos\u00e9 Saramengo. L\u00e0 encore, le th\u00e8me de l\u2019identit\u00e9 est central puisque les personnages du r\u00e9cit s\u2019efforcent de ressembler \u00e0 ce qu\u2019ils sont cens\u00e9s \u00eatre ou \u00e0 ce qu\u2019ils croient qu\u2019ils sont cens\u00e9s \u00eatre. Si je puis dire. Une histoire d\u2019 \u00ab imposteur \u00bb donc. C\u2019est aussi une petite blagounette sur les r\u00e9sidences d\u2019\u00e9crivains.<\/p>\n<p><strong>Leurs derniers mots<\/strong> reprend quelques fragments qui avaient \u00e9t\u00e9 publi\u00e9s dans le volume<strong> <a href=\"https:\/\/outsiderland.com\/orpailleur\/livres-numeriques\/\">Sauver sa peau<\/a><\/strong> aux \u00c9ditions de l\u2019Orpailleur (j\u2019ai compil\u00e9, revu et augment\u00e9 ces textes afin d\u2019en proposer une nouvelle version ici). Durant un \u00e9t\u00e9, ma vie onirique \u00e9tait litt\u00e9ralement berc\u00e9e par les assassinats de personnalit\u00e9s en vue, assassinats dont j\u2019\u00e9tais l\u2019auteur (ou, pour \u00eatre plus pr\u00e9cis\u00a0: le r\u00eaveur). Je me suis souvent dit qu\u2019il \u00e9tait heureux, au moins d\u2019une point de vue communautaire, que j\u2019ai finalement d\u00e9cid\u00e9 de me consacrer \u00e0 la litt\u00e9rature (plut\u00f4t qu\u2019\u00e0 la profession d\u2019assassin par exemple).<\/p>\n<p><strong>Le Sermon sur la montagne<\/strong> peut se lire comme un r\u00e9cit d\u2019anticipation, qui r\u00e9pond en fait \u00e0 l\u2019\u00e9chec d\u2019un essai de 500 pages que j\u2019ai essay\u00e9 de publier l\u2019ann\u00e9e derni\u00e8re (mais aucun \u00e9diteur n\u2019en a voulu &#8211; ce sont des choses qui arrivent) intitul\u00e9 : <a href=\"https:\/\/outsiderland.com\/danahilliot\/vivre-ici-chroniques-de-larriere-pays-2017\/\"><strong>Vivre ici, chroniques de l\u2019arri\u00e8re-pays<\/strong><\/a>. J\u2019y d\u00e9ployais toutes les ressources de mon pessimisme visc\u00e9ral pour signifier la fin prochaine des mondes ruraux \u2013 ayant v\u00e9cu 15 ans dans le Cantal, je sais de quoi je parle. Plein de ressentiment apr\u00e8s l\u2019\u00e9chec de cet ouvrage, j\u2019ai \u00e9crit ce texte dans lequel un d\u00e9sormais vieillard s\u2019est install\u00e9 au sommet d\u2019une montagne, plus pr\u00e9cis\u00e9ment au refuge du Plomb du Cantal, apr\u00e8s qu\u2019un ultime exode rural ait quasiment achev\u00e9 le processus de d\u00e9population et d\u2019abandon des arri\u00e8res-pays. Mais en r\u00e9alit\u00e9, ce n\u2019est pas vraiment un r\u00e9cit d\u2019anticipation. De fait, on n\u2019y trouvera ni robots, ni biotechnologies, ni connexions intrac\u00e9r\u00e9brales aux r\u00e9seaux sociaux. Non. Mais pas mal d\u2019animaux, de neige et de m\u00e9ditations sur la philosophie platonicienne. J\u2019y parle aussi de ce que \u00e7a fait de penser quand il n\u2019y a plus personne autour pour penser avec (ce qui reste de soi dans ces circonstances et comment \u00e9viter de devenir fou quand on est condamn\u00e9 \u00e0 vieillir et mourir seul), et peut-\u00eatre aussi une r\u00e9flexion sur l\u2019amiti\u00e9. Malgr\u00e9 tout, j\u2019esp\u00e8re que c\u2019est assez dr\u00f4le.<\/p>\n<p>Quelques cl\u00e9s\u00a0: tout mon travail litt\u00e9raire depuis maintenant une dizaine d\u2019ann\u00e9es s\u2019articule autour de la question de l\u2019identit\u00e9 \u2013 jusqu\u2019\u00e0 pr\u00e9sent, j\u2019ai surtout explor\u00e9 le registre de la m\u00e9moire, de la falsification inconsciente des souvenirs, de la mani\u00e8re dont tout un chacun se compose un r\u00e9cit de soi, provisoire et changeant, qui aide plus ou moins efficacement \u00e0 vivre ici-bas (un vade-mecum plus ou moins litt\u00e9raire et plus ou moins inspir\u00e9 avec lequel on se d\u00e9brouille faute de mieux). Dans ce recueil, je creuse la question sur le versant de l\u2019imposture, du renoncement \u00e0 l\u2019id\u00e9al (l\u2019id\u00e9al du moi pour parler comme les freudiens) jusqu\u2019\u00e0 la dislocation de l\u2019identit\u00e9 (notamment dans le texte qui ouvre le recueil). Le fait est que je vieillis (j\u2019ai 51 ans), que vieillir constitue une exp\u00e9rience int\u00e9ressante, laquelle exp\u00e9rience a beaucoup inspir\u00e9 ces pages.<\/p>\n","protected":false},"excerpt":{"rendered":"<p>Ce recueil de 5 textes sort aux \u00c9ditions La P&rsquo;tite H\u00e9l\u00e8ne, et il est d&rsquo;ores et d\u00e9j\u00e0 disponible en pr\u00e9vente (et en promotion jusqu&rsquo;au 4 ao\u00fbt). On peut se le procurer ici. Voici un extrait de la lettre qui accompagnait ce livre pour les \u00e9diteurs : L\u2019\u00c9mancipation des domestiques : mes grands-parents du c\u00f4t\u00e9 paternel&hellip;<\/p>\n <a href=\"https:\/\/outsiderland.com\/danahilliot\/sortie-de-lemancipation-des-domestiques\/\" title=\"Sortie de L&rsquo;\u00c9mancipation des domestiques\" class=\"entry-more-link\"><span>Read More<\/span> <span class=\"screen-reader-text\">Sortie de L&rsquo;\u00c9mancipation des domestiques<\/span><\/a>","protected":false},"author":1,"featured_media":2923,"comment_status":"closed","ping_status":"open","sticky":false,"template":"","format":"standard","meta":{"Layout":"","footnotes":"","jetpack_publicize_message":"","jetpack_publicize_feature_enabled":true,"jetpack_social_post_already_shared":false,"jetpack_social_options":{"image_generator_settings":{"template":"highway","default_image_id":0,"font":"","enabled":false},"version":2}},"categories":[26],"tags":[],"class_list":["entry","author-danah","post-2927","post","type-post","status-publish","format-standard","has-post-thumbnail","category-litt"],"yoast_head":"<!-- This site is optimized with the Yoast SEO plugin v27.0 - https:\/\/yoast.com\/product\/yoast-seo-wordpress\/ -->\n<title>Sortie de L&#039;\u00c9mancipation des domestiques - Outside Dana Hilliot<\/title>\n<meta name=\"robots\" content=\"index, follow, max-snippet:-1, max-image-preview:large, max-video-preview:-1\" \/>\n<link rel=\"canonical\" href=\"https:\/\/outsiderland.com\/danahilliot\/sortie-de-lemancipation-des-domestiques\/\" \/>\n<meta property=\"og:locale\" content=\"fr_FR\" \/>\n<meta property=\"og:type\" content=\"article\" \/>\n<meta property=\"og:title\" content=\"Sortie de L&#039;\u00c9mancipation des domestiques - Outside Dana Hilliot\" \/>\n<meta property=\"og:description\" content=\"Ce recueil de 5 textes sort aux \u00c9ditions La P&rsquo;tite H\u00e9l\u00e8ne, et il est d&rsquo;ores et d\u00e9j\u00e0 disponible en pr\u00e9vente (et en promotion jusqu&rsquo;au 4 ao\u00fbt). On peut se le procurer ici. Voici un extrait de la lettre qui accompagnait ce livre pour les \u00e9diteurs : L\u2019\u00c9mancipation des domestiques : mes grands-parents du c\u00f4t\u00e9 paternel&hellip;\" \/>\n<meta property=\"og:url\" content=\"https:\/\/outsiderland.com\/danahilliot\/sortie-de-lemancipation-des-domestiques\/\" \/>\n<meta property=\"og:site_name\" content=\"Outside Dana Hilliot\" \/>\n<meta property=\"article:published_time\" content=\"2019-06-10T19:36:44+00:00\" \/>\n<meta property=\"article:modified_time\" content=\"2019-06-10T19:37:01+00:00\" \/>\n<meta property=\"og:image\" content=\"https:\/\/outsiderland.com\/danahilliot\/wp-content\/uploads\/2019\/06\/dom2-681x1024.png\" \/>\n\t<meta property=\"og:image:width\" content=\"681\" \/>\n\t<meta property=\"og:image:height\" content=\"1024\" \/>\n\t<meta property=\"og:image:type\" content=\"image\/png\" \/>\n<meta name=\"author\" content=\"danah\" \/>\n<meta name=\"twitter:card\" content=\"summary_large_image\" \/>\n<meta name=\"twitter:label1\" content=\"\u00c9crit par\" \/>\n\t<meta name=\"twitter:data1\" content=\"danah\" \/>\n\t<meta name=\"twitter:label2\" content=\"Dur\u00e9e de lecture estim\u00e9e\" \/>\n\t<meta name=\"twitter:data2\" content=\"5 minutes\" \/>\n<script type=\"application\/ld+json\" class=\"yoast-schema-graph\">{\"@context\":\"https:\/\/schema.org\",\"@graph\":[{\"@type\":\"Article\",\"@id\":\"https:\/\/outsiderland.com\/danahilliot\/sortie-de-lemancipation-des-domestiques\/#article\",\"isPartOf\":{\"@id\":\"https:\/\/outsiderland.com\/danahilliot\/sortie-de-lemancipation-des-domestiques\/\"},\"author\":{\"name\":\"danah\",\"@id\":\"https:\/\/outsiderland.com\/danahilliot\/#\/schema\/person\/2f9b92e9fff19bccc36638b10510d5ae\"},\"headline\":\"Sortie de L&rsquo;\u00c9mancipation des domestiques\",\"datePublished\":\"2019-06-10T19:36:44+00:00\",\"dateModified\":\"2019-06-10T19:37:01+00:00\",\"mainEntityOfPage\":{\"@id\":\"https:\/\/outsiderland.com\/danahilliot\/sortie-de-lemancipation-des-domestiques\/\"},\"wordCount\":978,\"publisher\":{\"@id\":\"https:\/\/outsiderland.com\/danahilliot\/#\/schema\/person\/201a1fef0f5c2897bd65e98bcf6b1179\"},\"image\":{\"@id\":\"https:\/\/outsiderland.com\/danahilliot\/sortie-de-lemancipation-des-domestiques\/#primaryimage\"},\"thumbnailUrl\":\"https:\/\/outsiderland.com\/danahilliot\/wp-content\/uploads\/2019\/06\/dom2.png\",\"articleSection\":[\"Litt\u00e9rature\"],\"inLanguage\":\"fr-FR\"},{\"@type\":\"WebPage\",\"@id\":\"https:\/\/outsiderland.com\/danahilliot\/sortie-de-lemancipation-des-domestiques\/\",\"url\":\"https:\/\/outsiderland.com\/danahilliot\/sortie-de-lemancipation-des-domestiques\/\",\"name\":\"Sortie de L'\u00c9mancipation des domestiques - Outside Dana Hilliot\",\"isPartOf\":{\"@id\":\"https:\/\/outsiderland.com\/danahilliot\/#website\"},\"primaryImageOfPage\":{\"@id\":\"https:\/\/outsiderland.com\/danahilliot\/sortie-de-lemancipation-des-domestiques\/#primaryimage\"},\"image\":{\"@id\":\"https:\/\/outsiderland.com\/danahilliot\/sortie-de-lemancipation-des-domestiques\/#primaryimage\"},\"thumbnailUrl\":\"https:\/\/outsiderland.com\/danahilliot\/wp-content\/uploads\/2019\/06\/dom2.png\",\"datePublished\":\"2019-06-10T19:36:44+00:00\",\"dateModified\":\"2019-06-10T19:37:01+00:00\",\"breadcrumb\":{\"@id\":\"https:\/\/outsiderland.com\/danahilliot\/sortie-de-lemancipation-des-domestiques\/#breadcrumb\"},\"inLanguage\":\"fr-FR\",\"potentialAction\":[{\"@type\":\"ReadAction\",\"target\":[\"https:\/\/outsiderland.com\/danahilliot\/sortie-de-lemancipation-des-domestiques\/\"]}]},{\"@type\":\"ImageObject\",\"inLanguage\":\"fr-FR\",\"@id\":\"https:\/\/outsiderland.com\/danahilliot\/sortie-de-lemancipation-des-domestiques\/#primaryimage\",\"url\":\"https:\/\/outsiderland.com\/danahilliot\/wp-content\/uploads\/2019\/06\/dom2.png\",\"contentUrl\":\"https:\/\/outsiderland.com\/danahilliot\/wp-content\/uploads\/2019\/06\/dom2.png\",\"width\":1440,\"height\":2165,\"caption\":\"Dana Hilliot, De l'\u00e9mancipation des domestiques\"},{\"@type\":\"BreadcrumbList\",\"@id\":\"https:\/\/outsiderland.com\/danahilliot\/sortie-de-lemancipation-des-domestiques\/#breadcrumb\",\"itemListElement\":[{\"@type\":\"ListItem\",\"position\":1,\"name\":\"Accueil\",\"item\":\"https:\/\/outsiderland.com\/danahilliot\/\"},{\"@type\":\"ListItem\",\"position\":2,\"name\":\"Sortie de L&rsquo;\u00c9mancipation des domestiques\"}]},{\"@type\":\"WebSite\",\"@id\":\"https:\/\/outsiderland.com\/danahilliot\/#website\",\"url\":\"https:\/\/outsiderland.com\/danahilliot\/\",\"name\":\"Outside Dana Hilliot\",\"description\":\". Archives . Activit\u00e9s . Projets .\",\"publisher\":{\"@id\":\"https:\/\/outsiderland.com\/danahilliot\/#\/schema\/person\/201a1fef0f5c2897bd65e98bcf6b1179\"},\"potentialAction\":[{\"@type\":\"SearchAction\",\"target\":{\"@type\":\"EntryPoint\",\"urlTemplate\":\"https:\/\/outsiderland.com\/danahilliot\/?s={search_term_string}\"},\"query-input\":{\"@type\":\"PropertyValueSpecification\",\"valueRequired\":true,\"valueName\":\"search_term_string\"}}],\"inLanguage\":\"fr-FR\"},{\"@type\":[\"Person\",\"Organization\"],\"@id\":\"https:\/\/outsiderland.com\/danahilliot\/#\/schema\/person\/201a1fef0f5c2897bd65e98bcf6b1179\",\"name\":\"danahilliot\",\"image\":{\"@type\":\"ImageObject\",\"inLanguage\":\"fr-FR\",\"@id\":\"https:\/\/outsiderland.com\/danahilliot\/#\/schema\/person\/image\/\",\"url\":\"https:\/\/outsiderland.com\/danahilliot\/wp-content\/uploads\/2026\/02\/50801449407_a909f2c1ad_k.jpg\",\"contentUrl\":\"https:\/\/outsiderland.com\/danahilliot\/wp-content\/uploads\/2026\/02\/50801449407_a909f2c1ad_k.jpg\",\"width\":2048,\"height\":1536,\"caption\":\"danahilliot\"},\"logo\":{\"@id\":\"https:\/\/outsiderland.com\/danahilliot\/#\/schema\/person\/image\/\"}},{\"@type\":\"Person\",\"@id\":\"https:\/\/outsiderland.com\/danahilliot\/#\/schema\/person\/2f9b92e9fff19bccc36638b10510d5ae\",\"name\":\"danah\",\"image\":{\"@type\":\"ImageObject\",\"inLanguage\":\"fr-FR\",\"@id\":\"https:\/\/outsiderland.com\/danahilliot\/#\/schema\/person\/image\/\",\"url\":\"https:\/\/secure.gravatar.com\/avatar\/ed6349755e1d97f204277de3d09fc6ac31abd856835c8ea3c3a30d0aa84b0ddd?s=96&d=mm&r=g\",\"contentUrl\":\"https:\/\/secure.gravatar.com\/avatar\/ed6349755e1d97f204277de3d09fc6ac31abd856835c8ea3c3a30d0aa84b0ddd?s=96&d=mm&r=g\",\"caption\":\"danah\"},\"url\":\"https:\/\/outsiderland.com\/danahilliot\/author\/danah\/\"}]}<\/script>\n<!-- \/ Yoast SEO plugin. -->","yoast_head_json":{"title":"Sortie de L'\u00c9mancipation des domestiques - Outside Dana Hilliot","robots":{"index":"index","follow":"follow","max-snippet":"max-snippet:-1","max-image-preview":"max-image-preview:large","max-video-preview":"max-video-preview:-1"},"canonical":"https:\/\/outsiderland.com\/danahilliot\/sortie-de-lemancipation-des-domestiques\/","og_locale":"fr_FR","og_type":"article","og_title":"Sortie de L'\u00c9mancipation des domestiques - Outside Dana Hilliot","og_description":"Ce recueil de 5 textes sort aux \u00c9ditions La P&rsquo;tite H\u00e9l\u00e8ne, et il est d&rsquo;ores et d\u00e9j\u00e0 disponible en pr\u00e9vente (et en promotion jusqu&rsquo;au 4 ao\u00fbt). On peut se le procurer ici. Voici un extrait de la lettre qui accompagnait ce livre pour les \u00e9diteurs : L\u2019\u00c9mancipation des domestiques : mes grands-parents du c\u00f4t\u00e9 paternel&hellip;","og_url":"https:\/\/outsiderland.com\/danahilliot\/sortie-de-lemancipation-des-domestiques\/","og_site_name":"Outside Dana Hilliot","article_published_time":"2019-06-10T19:36:44+00:00","article_modified_time":"2019-06-10T19:37:01+00:00","og_image":[{"width":681,"height":1024,"url":"https:\/\/outsiderland.com\/danahilliot\/wp-content\/uploads\/2019\/06\/dom2-681x1024.png","type":"image\/png"}],"author":"danah","twitter_card":"summary_large_image","twitter_misc":{"\u00c9crit par":"danah","Dur\u00e9e de lecture estim\u00e9e":"5 minutes"},"schema":{"@context":"https:\/\/schema.org","@graph":[{"@type":"Article","@id":"https:\/\/outsiderland.com\/danahilliot\/sortie-de-lemancipation-des-domestiques\/#article","isPartOf":{"@id":"https:\/\/outsiderland.com\/danahilliot\/sortie-de-lemancipation-des-domestiques\/"},"author":{"name":"danah","@id":"https:\/\/outsiderland.com\/danahilliot\/#\/schema\/person\/2f9b92e9fff19bccc36638b10510d5ae"},"headline":"Sortie de L&rsquo;\u00c9mancipation des domestiques","datePublished":"2019-06-10T19:36:44+00:00","dateModified":"2019-06-10T19:37:01+00:00","mainEntityOfPage":{"@id":"https:\/\/outsiderland.com\/danahilliot\/sortie-de-lemancipation-des-domestiques\/"},"wordCount":978,"publisher":{"@id":"https:\/\/outsiderland.com\/danahilliot\/#\/schema\/person\/201a1fef0f5c2897bd65e98bcf6b1179"},"image":{"@id":"https:\/\/outsiderland.com\/danahilliot\/sortie-de-lemancipation-des-domestiques\/#primaryimage"},"thumbnailUrl":"https:\/\/outsiderland.com\/danahilliot\/wp-content\/uploads\/2019\/06\/dom2.png","articleSection":["Litt\u00e9rature"],"inLanguage":"fr-FR"},{"@type":"WebPage","@id":"https:\/\/outsiderland.com\/danahilliot\/sortie-de-lemancipation-des-domestiques\/","url":"https:\/\/outsiderland.com\/danahilliot\/sortie-de-lemancipation-des-domestiques\/","name":"Sortie de L'\u00c9mancipation des domestiques - Outside Dana Hilliot","isPartOf":{"@id":"https:\/\/outsiderland.com\/danahilliot\/#website"},"primaryImageOfPage":{"@id":"https:\/\/outsiderland.com\/danahilliot\/sortie-de-lemancipation-des-domestiques\/#primaryimage"},"image":{"@id":"https:\/\/outsiderland.com\/danahilliot\/sortie-de-lemancipation-des-domestiques\/#primaryimage"},"thumbnailUrl":"https:\/\/outsiderland.com\/danahilliot\/wp-content\/uploads\/2019\/06\/dom2.png","datePublished":"2019-06-10T19:36:44+00:00","dateModified":"2019-06-10T19:37:01+00:00","breadcrumb":{"@id":"https:\/\/outsiderland.com\/danahilliot\/sortie-de-lemancipation-des-domestiques\/#breadcrumb"},"inLanguage":"fr-FR","potentialAction":[{"@type":"ReadAction","target":["https:\/\/outsiderland.com\/danahilliot\/sortie-de-lemancipation-des-domestiques\/"]}]},{"@type":"ImageObject","inLanguage":"fr-FR","@id":"https:\/\/outsiderland.com\/danahilliot\/sortie-de-lemancipation-des-domestiques\/#primaryimage","url":"https:\/\/outsiderland.com\/danahilliot\/wp-content\/uploads\/2019\/06\/dom2.png","contentUrl":"https:\/\/outsiderland.com\/danahilliot\/wp-content\/uploads\/2019\/06\/dom2.png","width":1440,"height":2165,"caption":"Dana Hilliot, De l'\u00e9mancipation des domestiques"},{"@type":"BreadcrumbList","@id":"https:\/\/outsiderland.com\/danahilliot\/sortie-de-lemancipation-des-domestiques\/#breadcrumb","itemListElement":[{"@type":"ListItem","position":1,"name":"Accueil","item":"https:\/\/outsiderland.com\/danahilliot\/"},{"@type":"ListItem","position":2,"name":"Sortie de L&rsquo;\u00c9mancipation des domestiques"}]},{"@type":"WebSite","@id":"https:\/\/outsiderland.com\/danahilliot\/#website","url":"https:\/\/outsiderland.com\/danahilliot\/","name":"Outside Dana Hilliot","description":". Archives . Activit\u00e9s . Projets .","publisher":{"@id":"https:\/\/outsiderland.com\/danahilliot\/#\/schema\/person\/201a1fef0f5c2897bd65e98bcf6b1179"},"potentialAction":[{"@type":"SearchAction","target":{"@type":"EntryPoint","urlTemplate":"https:\/\/outsiderland.com\/danahilliot\/?s={search_term_string}"},"query-input":{"@type":"PropertyValueSpecification","valueRequired":true,"valueName":"search_term_string"}}],"inLanguage":"fr-FR"},{"@type":["Person","Organization"],"@id":"https:\/\/outsiderland.com\/danahilliot\/#\/schema\/person\/201a1fef0f5c2897bd65e98bcf6b1179","name":"danahilliot","image":{"@type":"ImageObject","inLanguage":"fr-FR","@id":"https:\/\/outsiderland.com\/danahilliot\/#\/schema\/person\/image\/","url":"https:\/\/outsiderland.com\/danahilliot\/wp-content\/uploads\/2026\/02\/50801449407_a909f2c1ad_k.jpg","contentUrl":"https:\/\/outsiderland.com\/danahilliot\/wp-content\/uploads\/2026\/02\/50801449407_a909f2c1ad_k.jpg","width":2048,"height":1536,"caption":"danahilliot"},"logo":{"@id":"https:\/\/outsiderland.com\/danahilliot\/#\/schema\/person\/image\/"}},{"@type":"Person","@id":"https:\/\/outsiderland.com\/danahilliot\/#\/schema\/person\/2f9b92e9fff19bccc36638b10510d5ae","name":"danah","image":{"@type":"ImageObject","inLanguage":"fr-FR","@id":"https:\/\/outsiderland.com\/danahilliot\/#\/schema\/person\/image\/","url":"https:\/\/secure.gravatar.com\/avatar\/ed6349755e1d97f204277de3d09fc6ac31abd856835c8ea3c3a30d0aa84b0ddd?s=96&d=mm&r=g","contentUrl":"https:\/\/secure.gravatar.com\/avatar\/ed6349755e1d97f204277de3d09fc6ac31abd856835c8ea3c3a30d0aa84b0ddd?s=96&d=mm&r=g","caption":"danah"},"url":"https:\/\/outsiderland.com\/danahilliot\/author\/danah\/"}]}},"jetpack_publicize_connections":[],"_links":{"self":[{"href":"https:\/\/outsiderland.com\/danahilliot\/wp-json\/wp\/v2\/posts\/2927","targetHints":{"allow":["GET"]}}],"collection":[{"href":"https:\/\/outsiderland.com\/danahilliot\/wp-json\/wp\/v2\/posts"}],"about":[{"href":"https:\/\/outsiderland.com\/danahilliot\/wp-json\/wp\/v2\/types\/post"}],"author":[{"embeddable":true,"href":"https:\/\/outsiderland.com\/danahilliot\/wp-json\/wp\/v2\/users\/1"}],"replies":[{"embeddable":true,"href":"https:\/\/outsiderland.com\/danahilliot\/wp-json\/wp\/v2\/comments?post=2927"}],"version-history":[{"count":1,"href":"https:\/\/outsiderland.com\/danahilliot\/wp-json\/wp\/v2\/posts\/2927\/revisions"}],"predecessor-version":[{"id":2928,"href":"https:\/\/outsiderland.com\/danahilliot\/wp-json\/wp\/v2\/posts\/2927\/revisions\/2928"}],"wp:featuredmedia":[{"embeddable":true,"href":"https:\/\/outsiderland.com\/danahilliot\/wp-json\/wp\/v2\/media\/2923"}],"wp:attachment":[{"href":"https:\/\/outsiderland.com\/danahilliot\/wp-json\/wp\/v2\/media?parent=2927"}],"wp:term":[{"taxonomy":"category","embeddable":true,"href":"https:\/\/outsiderland.com\/danahilliot\/wp-json\/wp\/v2\/categories?post=2927"},{"taxonomy":"post_tag","embeddable":true,"href":"https:\/\/outsiderland.com\/danahilliot\/wp-json\/wp\/v2\/tags?post=2927"}],"curies":[{"name":"wp","href":"https:\/\/api.w.org\/{rel}","templated":true}]}}