{"id":2774,"date":"2019-05-16T21:59:47","date_gmt":"2019-05-16T21:59:47","guid":{"rendered":"https:\/\/outsiderland.com\/danahilliot\/?p=2774"},"modified":"2019-05-22T07:07:41","modified_gmt":"2019-05-22T07:07:41","slug":"au-lac-daubusson-en-foret-dayguebonne","status":"publish","type":"post","link":"https:\/\/outsiderland.com\/danahilliot\/au-lac-daubusson-en-foret-dayguebonne\/","title":{"rendered":"Au lac d&rsquo;Aubusson, en for\u00eat d&rsquo;Ayguebonne"},"content":{"rendered":"<p>Lundi j&rsquo;\u00e9tais en for\u00eat d&rsquo;Ayguebonne, sans l&rsquo;avoir fait expr\u00e8s. Le fait est qu&rsquo;apr\u00e8s Thiers, je voulais aller au col de la Charme, et de l\u00e0, grimper le long des cr\u00eates au Puy de Montoncel. Je voulais, c&rsquo;est peut-\u00eatre beaucoup dire. Je devrais \u00e9crire : j&rsquo;en avais vaguement l&rsquo;intention. Il faisait grand beau temps, mais assez frais, pas plus de 4 \u00b0C en altitude, et sur ces routes \u00e9troites, je roulais berc\u00e9 par la musique de chambre de C\u00e9sar Franck et Alexander Von Zemlinsky, autant dire que je roulais au pas, prenant chaque virage avec une extr\u00eame douceur, histoire de ne pas r\u00e9veiller Iris qui dormait sur le si\u00e8ge arri\u00e8re.<\/p>\n<p><iframe title=\"Isabelle Faust Plays Franck  Sonata for Violin and Piano  Ep\" width=\"1280\" height=\"960\" src=\"https:\/\/www.youtube.com\/embed\/NkMFy7wRX2k?feature=oembed\" frameborder=\"0\" allow=\"accelerometer; autoplay; clipboard-write; encrypted-media; gyroscope; picture-in-picture\" allowfullscreen><\/iframe><\/p>\n<p>Puis, \u00e0 ma grand surprise, j&rsquo;avisais un panneau VOLLORE-VILLE, tout \u00e0 fait \u00e0 l&rsquo;oppos\u00e9 de l\u00e0 o\u00f9 je croyais \u00eatre. On croit \u00eatre quelque part, on est en r\u00e9alit\u00e9 ailleurs, ce qui est troublant, sur le coup du moins, mais apr\u00e8s tout, telle \u00e9tait sans doute la volont\u00e9 des dieux &#8211; me suis-je dit en substance, et j&rsquo;ai gar\u00e9 la voiture de c\u00f4t\u00e9, d\u00e9pli\u00e9 la carte : j&rsquo;\u00e9tais d\u00e9j\u00e0 all\u00e9 par cette route qui traverse la for\u00eat jusqu&rsquo;au col de la Loge et ND de l&rsquo;Hermitage, et ma foi, il y a bien des endroits pour marcher par ici, alors un endroit ou un autre apr\u00e8s tout qu&rsquo;importe et donc, gardant l&rsquo;id\u00e9e de partir depuis un col, j&rsquo;ai choisi, au-dessus de Vollore-Montagne, le col de Pertuis, d&rsquo;o\u00f9 l&rsquo;on peut marcher \u00e0 loisir notamment dans la for\u00eat d&rsquo;Ayguebonne, en caract\u00e8re gras sur la carte, et nous voil\u00e0 donc, peu apr\u00e8s, parcourant de larges chemins : le vent soufflait fort, depuis le nord et l&rsquo;ouest, et \u00e0 l&rsquo;ombre des h\u00eatres et des sapins, on supportait une laine \u00e9paisse.<\/p>\n<p><a href=\"https:\/\/flic.kr\/p\/2fPL775\"><img decoding=\"async\" src=\"https:\/\/live.staticflickr.com\/65535\/47798168072_363369404f_b.jpg\" alt=\"For\u00eat d&#039;Ayguebonne\" width=\"1024\" height=\"633\" \/><\/a><\/p>\n<p>Peu apr\u00e8s le d\u00e9part, en s&rsquo;engageant dans la for\u00eat, une jeune jument, pas plus d&rsquo;un an je pense, surgissant d&rsquo;un pr\u00e9 ouvert, nous barrait avec d\u00e9termination le chemin. Je m&rsquo;avance en parlant doucement, tandis qu&rsquo;Iris, prudemment, demeure \u00e0 l&rsquo;abri derri\u00e8re mes pattes. L&rsquo;animal fait un pas de c\u00f4t\u00e9, rel\u00e8ve la t\u00eate avec brusquerie, se recule l&rsquo;air craintif, puis s&rsquo;avance sans crier gare, se penche vers Iris qui s&rsquo;\u00e9carte : que veux-tu l&rsquo;amie ? Manifestement, elle veut juste nous suivre un peu\u00a0 &#8211; ce qu&rsquo;elle fait, apr\u00e8s nous avoir c\u00e9d\u00e9 le passage, marchant lentement derri\u00e8re nous, \u00e0 une dizaine de pas, durant un bon miles, avant de s&rsquo;en retourner \u00e0 son poste de garde je suppose.<\/p>\n<p>Plus tard, apr\u00e8s notre escapade, ponctu\u00e9 d&rsquo;un concert de fl\u00fbte improvis\u00e9 que je jouais devant l&rsquo;ancienne maison foresti\u00e8re, en nous retournant vers le col, c&rsquo;est cette fois-ci non pas une mais deux juments, accompagn\u00e9 d&rsquo;un poulain en bas \u00e2ge, qui se tiennent au milieu du chemin. La tribu, tranquille \u00e0 l&rsquo;ombre des sapins et non loin du ruisseau, nous laisse libre un passage tout en nous observant, surtout Iris, avec circonspection. J&rsquo;imagine qu&rsquo;en contrebas, il doit y avoir une cl\u00f4ture effondr\u00e9e dans un pr\u00e9, et que toute cette soci\u00e9t\u00e9 a d\u00e9cid\u00e9 de prendre ses aises en cette belle journ\u00e9e de printemps.<\/p>\n<p><a href=\"https:\/\/flic.kr\/p\/2fPL9mq\"><img decoding=\"async\" src=\"https:\/\/live.staticflickr.com\/65535\/47798175632_d243b837a1_b.jpg\" alt=\"For\u00eat d&#039;Ayguebonne\" width=\"1024\" height=\"768\" \/><\/a><\/p>\n<p>Aujourd&rsquo;hui, jeudi, comme le temps est de nouveau au beau, je file avec Iris et Capou au lac d&rsquo;Aubusson, d\u00e9licieux quand la saison touristique n&rsquo;a pas encore d\u00e9marr\u00e9, et je suppose, quand elle s&rsquo;est achev\u00e9e &#8211; j&rsquo;ai bien h\u00e2te d&rsquo;y retourner cet automne, mais aussi cet hiver ! Nous faisons le tour du lac tranquillement : pas grand monde ici, quelques p\u00eacheurs, des randonneurs \u00e0 trottinette &#8211; la sp\u00e9cialit\u00e9 de l&rsquo;endroit -, quelques canards et pas mal d&rsquo;oiseaux voletant en lisi\u00e8re des bois le long des berges. Puis, nous nous installons sur l&rsquo;herbe pour un modeste pique-nique : les chiens sont ravis et je ne le suis pas moins. Tandis qu&rsquo;Iris et moi nous allongeons sous un saule pour la sieste, berc\u00e9s du chant des vaguelettes du lac et du ruisseau attenant, Capou explore les environs. Pench\u00e9 de c\u00f4t\u00e9, je le surveille d&rsquo;un \u0153il &#8211; il vaque \u00e0 ses occupations de petit m\u00e2le soucieux d&rsquo;informer son monde, s&rsquo;approche de la berge du ruisseau, et soudainement : dispara\u00eet ! J&rsquo;entends un l\u00e9ger plouf. M&rsquo;extirpant difficilement d&rsquo;un sommeil naissant, j&rsquo;accours : mon ami est bel et bien dans l&rsquo;eau jusqu&rsquo;au cou, et ma foi, <em>nage<\/em> \u00e0 ce qu&rsquo;il me semble, bien que le ruisselet ne soit gu\u00e8re profond, mais peine \u00e0 remonter sur la terre ferme : je l&rsquo;y aide \u00e9videmment &#8211; il s&rsquo;\u00e9broue, pas plus inquiet que cela, et retourne illico \u00e0 ses occupations. J&rsquo;ignorais que Capou savait nager ! Apr\u00e8s dix ans de vie commune, voil\u00e0 une chose qu&rsquo;il m&rsquo;avait cach\u00e9e. Mais peut-\u00eatre l&rsquo;ignorait-il tout autant ? Aura-t-il vers\u00e9 dans le ruisseau en essayant d&rsquo;y boire un peu ? Se serait-il admir\u00e9 tel Narcisse \u00e0 la surface des eaux et subi le sort de son malheureux anc\u00eatre ? Ou les bords terreux auraient-ils c\u00e9d\u00e9 sous son poids &#8211; un l\u00e9ger effondrement de terrain \u00e0 la mesure de mon modeste compagnon ? C&rsquo;\u00e9tait l\u00e0 en tous cas le genre d&rsquo;aventure qui vaut la peine d&rsquo;\u00eatre v\u00e9cue et qui rend la promenade inoubliable.<\/p>\n<p><a href=\"https:\/\/flic.kr\/p\/TMbrZW\"><img decoding=\"async\" src=\"https:\/\/live.staticflickr.com\/65535\/33985476068_e324eb55eb_b.jpg\" alt=\"Au Lac d&#039;Aubusson d&#039;Auvergne\" width=\"1024\" height=\"768\" \/><\/a><\/p>\n<p style=\"text-align: left;\">Et maintenant c&rsquo;est le soir, et nous sommes tous trois dans le petit salon, \u00e9coutant de la musique tandis que j&rsquo;\u00e9cris ce petit morceau &#8211; d&rsquo;autres projets en cours, plus ambitieux, attendront demain, ou le jour suivant, apr\u00e8s tout rien ne presse, le temps est en train de changer, la lune cern\u00e9e de nuages, la fra\u00eecheur qui descend \u00e0 nouveau sur le village, j&rsquo;\u00e9teins le po\u00eale \u00e0 bois et ferme les volets.<\/p>\n<p><iframe title=\"Zemlinsky - Trio d-moll, op. 3\" width=\"1280\" height=\"960\" src=\"https:\/\/www.youtube.com\/embed\/vp0jj0zPw9w?feature=oembed\" frameborder=\"0\" allow=\"accelerometer; autoplay; clipboard-write; encrypted-media; gyroscope; picture-in-picture\" allowfullscreen><\/iframe><\/p>\n","protected":false},"excerpt":{"rendered":"<p>Lundi j&rsquo;\u00e9tais en for\u00eat d&rsquo;Ayguebonne, sans l&rsquo;avoir fait expr\u00e8s. Le fait est qu&rsquo;apr\u00e8s Thiers, je voulais aller au col de la Charme, et de l\u00e0, grimper le long des cr\u00eates au Puy de Montoncel. Je voulais, c&rsquo;est peut-\u00eatre beaucoup dire. Je devrais \u00e9crire : j&rsquo;en avais vaguement l&rsquo;intention. Il faisait grand beau temps, mais assez&hellip;<\/p>\n <a href=\"https:\/\/outsiderland.com\/danahilliot\/au-lac-daubusson-en-foret-dayguebonne\/\" title=\"Au lac d&rsquo;Aubusson, en for\u00eat d&rsquo;Ayguebonne\" class=\"entry-more-link\"><span>Read More<\/span> <span class=\"screen-reader-text\">Au lac d&rsquo;Aubusson, en for\u00eat d&rsquo;Ayguebonne<\/span><\/a>","protected":false},"author":1,"featured_media":2811,"comment_status":"closed","ping_status":"open","sticky":false,"template":"","format":"standard","meta":{"Layout":"","footnotes":"","jetpack_publicize_message":"","jetpack_publicize_feature_enabled":true,"jetpack_social_post_already_shared":false,"jetpack_social_options":{"image_generator_settings":{"template":"highway","default_image_id":0,"font":"","enabled":false},"version":2}},"categories":[57],"tags":[],"class_list":["entry","author-danah","post-2774","post","type-post","status-publish","format-standard","has-post-thumbnail","category-articles"],"yoast_head":"<!-- This site is optimized with the Yoast SEO plugin v27.0 - https:\/\/yoast.com\/product\/yoast-seo-wordpress\/ -->\n<title>Au lac d&#039;Aubusson, en for\u00eat d&#039;Ayguebonne - Outside Dana Hilliot<\/title>\n<meta name=\"robots\" content=\"index, follow, max-snippet:-1, max-image-preview:large, max-video-preview:-1\" \/>\n<link rel=\"canonical\" href=\"https:\/\/outsiderland.com\/danahilliot\/au-lac-daubusson-en-foret-dayguebonne\/\" \/>\n<meta property=\"og:locale\" content=\"fr_FR\" \/>\n<meta property=\"og:type\" content=\"article\" \/>\n<meta property=\"og:title\" content=\"Au lac d&#039;Aubusson, en for\u00eat d&#039;Ayguebonne - Outside Dana Hilliot\" \/>\n<meta property=\"og:description\" content=\"Lundi j&rsquo;\u00e9tais en for\u00eat d&rsquo;Ayguebonne, sans l&rsquo;avoir fait expr\u00e8s. Le fait est qu&rsquo;apr\u00e8s Thiers, je voulais aller au col de la Charme, et de l\u00e0, grimper le long des cr\u00eates au Puy de Montoncel. Je voulais, c&rsquo;est peut-\u00eatre beaucoup dire. Je devrais \u00e9crire : j&rsquo;en avais vaguement l&rsquo;intention. Il faisait grand beau temps, mais assez&hellip;\" \/>\n<meta property=\"og:url\" content=\"https:\/\/outsiderland.com\/danahilliot\/au-lac-daubusson-en-foret-dayguebonne\/\" \/>\n<meta property=\"og:site_name\" content=\"Outside Dana Hilliot\" \/>\n<meta property=\"article:published_time\" content=\"2019-05-16T21:59:47+00:00\" \/>\n<meta property=\"article:modified_time\" content=\"2019-05-22T07:07:41+00:00\" \/>\n<meta property=\"og:image\" content=\"https:\/\/outsiderland.com\/danahilliot\/wp-content\/uploads\/2019\/05\/47798168072_363369404f.jpg\" \/>\n\t<meta property=\"og:image:width\" content=\"500\" \/>\n\t<meta property=\"og:image:height\" content=\"309\" \/>\n\t<meta property=\"og:image:type\" content=\"image\/jpeg\" \/>\n<meta name=\"author\" content=\"danah\" \/>\n<meta name=\"twitter:card\" content=\"summary_large_image\" \/>\n<meta name=\"twitter:label1\" content=\"\u00c9crit par\" \/>\n\t<meta name=\"twitter:data1\" content=\"danah\" \/>\n\t<meta name=\"twitter:label2\" content=\"Dur\u00e9e de lecture estim\u00e9e\" \/>\n\t<meta name=\"twitter:data2\" content=\"5 minutes\" \/>\n<script type=\"application\/ld+json\" class=\"yoast-schema-graph\">{\"@context\":\"https:\/\/schema.org\",\"@graph\":[{\"@type\":\"Article\",\"@id\":\"https:\/\/outsiderland.com\/danahilliot\/au-lac-daubusson-en-foret-dayguebonne\/#article\",\"isPartOf\":{\"@id\":\"https:\/\/outsiderland.com\/danahilliot\/au-lac-daubusson-en-foret-dayguebonne\/\"},\"author\":{\"name\":\"danah\",\"@id\":\"https:\/\/outsiderland.com\/danahilliot\/#\/schema\/person\/2f9b92e9fff19bccc36638b10510d5ae\"},\"headline\":\"Au lac d&rsquo;Aubusson, en for\u00eat d&rsquo;Ayguebonne\",\"datePublished\":\"2019-05-16T21:59:47+00:00\",\"dateModified\":\"2019-05-22T07:07:41+00:00\",\"mainEntityOfPage\":{\"@id\":\"https:\/\/outsiderland.com\/danahilliot\/au-lac-daubusson-en-foret-dayguebonne\/\"},\"wordCount\":1052,\"publisher\":{\"@id\":\"https:\/\/outsiderland.com\/danahilliot\/#\/schema\/person\/201a1fef0f5c2897bd65e98bcf6b1179\"},\"image\":{\"@id\":\"https:\/\/outsiderland.com\/danahilliot\/au-lac-daubusson-en-foret-dayguebonne\/#primaryimage\"},\"thumbnailUrl\":\"https:\/\/outsiderland.com\/danahilliot\/wp-content\/uploads\/2019\/05\/47798168072_363369404f.jpg\",\"articleSection\":[\"Articles\"],\"inLanguage\":\"fr-FR\"},{\"@type\":\"WebPage\",\"@id\":\"https:\/\/outsiderland.com\/danahilliot\/au-lac-daubusson-en-foret-dayguebonne\/\",\"url\":\"https:\/\/outsiderland.com\/danahilliot\/au-lac-daubusson-en-foret-dayguebonne\/\",\"name\":\"Au lac d'Aubusson, en for\u00eat d'Ayguebonne - Outside Dana Hilliot\",\"isPartOf\":{\"@id\":\"https:\/\/outsiderland.com\/danahilliot\/#website\"},\"primaryImageOfPage\":{\"@id\":\"https:\/\/outsiderland.com\/danahilliot\/au-lac-daubusson-en-foret-dayguebonne\/#primaryimage\"},\"image\":{\"@id\":\"https:\/\/outsiderland.com\/danahilliot\/au-lac-daubusson-en-foret-dayguebonne\/#primaryimage\"},\"thumbnailUrl\":\"https:\/\/outsiderland.com\/danahilliot\/wp-content\/uploads\/2019\/05\/47798168072_363369404f.jpg\",\"datePublished\":\"2019-05-16T21:59:47+00:00\",\"dateModified\":\"2019-05-22T07:07:41+00:00\",\"breadcrumb\":{\"@id\":\"https:\/\/outsiderland.com\/danahilliot\/au-lac-daubusson-en-foret-dayguebonne\/#breadcrumb\"},\"inLanguage\":\"fr-FR\",\"potentialAction\":[{\"@type\":\"ReadAction\",\"target\":[\"https:\/\/outsiderland.com\/danahilliot\/au-lac-daubusson-en-foret-dayguebonne\/\"]}]},{\"@type\":\"ImageObject\",\"inLanguage\":\"fr-FR\",\"@id\":\"https:\/\/outsiderland.com\/danahilliot\/au-lac-daubusson-en-foret-dayguebonne\/#primaryimage\",\"url\":\"https:\/\/outsiderland.com\/danahilliot\/wp-content\/uploads\/2019\/05\/47798168072_363369404f.jpg\",\"contentUrl\":\"https:\/\/outsiderland.com\/danahilliot\/wp-content\/uploads\/2019\/05\/47798168072_363369404f.jpg\",\"width\":500,\"height\":309},{\"@type\":\"BreadcrumbList\",\"@id\":\"https:\/\/outsiderland.com\/danahilliot\/au-lac-daubusson-en-foret-dayguebonne\/#breadcrumb\",\"itemListElement\":[{\"@type\":\"ListItem\",\"position\":1,\"name\":\"Accueil\",\"item\":\"https:\/\/outsiderland.com\/danahilliot\/\"},{\"@type\":\"ListItem\",\"position\":2,\"name\":\"Au lac d&rsquo;Aubusson, en for\u00eat d&rsquo;Ayguebonne\"}]},{\"@type\":\"WebSite\",\"@id\":\"https:\/\/outsiderland.com\/danahilliot\/#website\",\"url\":\"https:\/\/outsiderland.com\/danahilliot\/\",\"name\":\"Outside Dana Hilliot\",\"description\":\". Archives . Activit\u00e9s . Projets .\",\"publisher\":{\"@id\":\"https:\/\/outsiderland.com\/danahilliot\/#\/schema\/person\/201a1fef0f5c2897bd65e98bcf6b1179\"},\"potentialAction\":[{\"@type\":\"SearchAction\",\"target\":{\"@type\":\"EntryPoint\",\"urlTemplate\":\"https:\/\/outsiderland.com\/danahilliot\/?s={search_term_string}\"},\"query-input\":{\"@type\":\"PropertyValueSpecification\",\"valueRequired\":true,\"valueName\":\"search_term_string\"}}],\"inLanguage\":\"fr-FR\"},{\"@type\":[\"Person\",\"Organization\"],\"@id\":\"https:\/\/outsiderland.com\/danahilliot\/#\/schema\/person\/201a1fef0f5c2897bd65e98bcf6b1179\",\"name\":\"danahilliot\",\"image\":{\"@type\":\"ImageObject\",\"inLanguage\":\"fr-FR\",\"@id\":\"https:\/\/outsiderland.com\/danahilliot\/#\/schema\/person\/image\/\",\"url\":\"https:\/\/outsiderland.com\/danahilliot\/wp-content\/uploads\/2026\/02\/50801449407_a909f2c1ad_k.jpg\",\"contentUrl\":\"https:\/\/outsiderland.com\/danahilliot\/wp-content\/uploads\/2026\/02\/50801449407_a909f2c1ad_k.jpg\",\"width\":2048,\"height\":1536,\"caption\":\"danahilliot\"},\"logo\":{\"@id\":\"https:\/\/outsiderland.com\/danahilliot\/#\/schema\/person\/image\/\"}},{\"@type\":\"Person\",\"@id\":\"https:\/\/outsiderland.com\/danahilliot\/#\/schema\/person\/2f9b92e9fff19bccc36638b10510d5ae\",\"name\":\"danah\",\"image\":{\"@type\":\"ImageObject\",\"inLanguage\":\"fr-FR\",\"@id\":\"https:\/\/outsiderland.com\/danahilliot\/#\/schema\/person\/image\/\",\"url\":\"https:\/\/secure.gravatar.com\/avatar\/ed6349755e1d97f204277de3d09fc6ac31abd856835c8ea3c3a30d0aa84b0ddd?s=96&d=mm&r=g\",\"contentUrl\":\"https:\/\/secure.gravatar.com\/avatar\/ed6349755e1d97f204277de3d09fc6ac31abd856835c8ea3c3a30d0aa84b0ddd?s=96&d=mm&r=g\",\"caption\":\"danah\"},\"url\":\"https:\/\/outsiderland.com\/danahilliot\/author\/danah\/\"}]}<\/script>\n<!-- \/ Yoast SEO plugin. -->","yoast_head_json":{"title":"Au lac d'Aubusson, en for\u00eat d'Ayguebonne - Outside Dana Hilliot","robots":{"index":"index","follow":"follow","max-snippet":"max-snippet:-1","max-image-preview":"max-image-preview:large","max-video-preview":"max-video-preview:-1"},"canonical":"https:\/\/outsiderland.com\/danahilliot\/au-lac-daubusson-en-foret-dayguebonne\/","og_locale":"fr_FR","og_type":"article","og_title":"Au lac d'Aubusson, en for\u00eat d'Ayguebonne - Outside Dana Hilliot","og_description":"Lundi j&rsquo;\u00e9tais en for\u00eat d&rsquo;Ayguebonne, sans l&rsquo;avoir fait expr\u00e8s. Le fait est qu&rsquo;apr\u00e8s Thiers, je voulais aller au col de la Charme, et de l\u00e0, grimper le long des cr\u00eates au Puy de Montoncel. Je voulais, c&rsquo;est peut-\u00eatre beaucoup dire. Je devrais \u00e9crire : j&rsquo;en avais vaguement l&rsquo;intention. Il faisait grand beau temps, mais assez&hellip;","og_url":"https:\/\/outsiderland.com\/danahilliot\/au-lac-daubusson-en-foret-dayguebonne\/","og_site_name":"Outside Dana Hilliot","article_published_time":"2019-05-16T21:59:47+00:00","article_modified_time":"2019-05-22T07:07:41+00:00","og_image":[{"width":500,"height":309,"url":"https:\/\/outsiderland.com\/danahilliot\/wp-content\/uploads\/2019\/05\/47798168072_363369404f.jpg","type":"image\/jpeg"}],"author":"danah","twitter_card":"summary_large_image","twitter_misc":{"\u00c9crit par":"danah","Dur\u00e9e de lecture estim\u00e9e":"5 minutes"},"schema":{"@context":"https:\/\/schema.org","@graph":[{"@type":"Article","@id":"https:\/\/outsiderland.com\/danahilliot\/au-lac-daubusson-en-foret-dayguebonne\/#article","isPartOf":{"@id":"https:\/\/outsiderland.com\/danahilliot\/au-lac-daubusson-en-foret-dayguebonne\/"},"author":{"name":"danah","@id":"https:\/\/outsiderland.com\/danahilliot\/#\/schema\/person\/2f9b92e9fff19bccc36638b10510d5ae"},"headline":"Au lac d&rsquo;Aubusson, en for\u00eat d&rsquo;Ayguebonne","datePublished":"2019-05-16T21:59:47+00:00","dateModified":"2019-05-22T07:07:41+00:00","mainEntityOfPage":{"@id":"https:\/\/outsiderland.com\/danahilliot\/au-lac-daubusson-en-foret-dayguebonne\/"},"wordCount":1052,"publisher":{"@id":"https:\/\/outsiderland.com\/danahilliot\/#\/schema\/person\/201a1fef0f5c2897bd65e98bcf6b1179"},"image":{"@id":"https:\/\/outsiderland.com\/danahilliot\/au-lac-daubusson-en-foret-dayguebonne\/#primaryimage"},"thumbnailUrl":"https:\/\/outsiderland.com\/danahilliot\/wp-content\/uploads\/2019\/05\/47798168072_363369404f.jpg","articleSection":["Articles"],"inLanguage":"fr-FR"},{"@type":"WebPage","@id":"https:\/\/outsiderland.com\/danahilliot\/au-lac-daubusson-en-foret-dayguebonne\/","url":"https:\/\/outsiderland.com\/danahilliot\/au-lac-daubusson-en-foret-dayguebonne\/","name":"Au lac d'Aubusson, en for\u00eat d'Ayguebonne - Outside Dana Hilliot","isPartOf":{"@id":"https:\/\/outsiderland.com\/danahilliot\/#website"},"primaryImageOfPage":{"@id":"https:\/\/outsiderland.com\/danahilliot\/au-lac-daubusson-en-foret-dayguebonne\/#primaryimage"},"image":{"@id":"https:\/\/outsiderland.com\/danahilliot\/au-lac-daubusson-en-foret-dayguebonne\/#primaryimage"},"thumbnailUrl":"https:\/\/outsiderland.com\/danahilliot\/wp-content\/uploads\/2019\/05\/47798168072_363369404f.jpg","datePublished":"2019-05-16T21:59:47+00:00","dateModified":"2019-05-22T07:07:41+00:00","breadcrumb":{"@id":"https:\/\/outsiderland.com\/danahilliot\/au-lac-daubusson-en-foret-dayguebonne\/#breadcrumb"},"inLanguage":"fr-FR","potentialAction":[{"@type":"ReadAction","target":["https:\/\/outsiderland.com\/danahilliot\/au-lac-daubusson-en-foret-dayguebonne\/"]}]},{"@type":"ImageObject","inLanguage":"fr-FR","@id":"https:\/\/outsiderland.com\/danahilliot\/au-lac-daubusson-en-foret-dayguebonne\/#primaryimage","url":"https:\/\/outsiderland.com\/danahilliot\/wp-content\/uploads\/2019\/05\/47798168072_363369404f.jpg","contentUrl":"https:\/\/outsiderland.com\/danahilliot\/wp-content\/uploads\/2019\/05\/47798168072_363369404f.jpg","width":500,"height":309},{"@type":"BreadcrumbList","@id":"https:\/\/outsiderland.com\/danahilliot\/au-lac-daubusson-en-foret-dayguebonne\/#breadcrumb","itemListElement":[{"@type":"ListItem","position":1,"name":"Accueil","item":"https:\/\/outsiderland.com\/danahilliot\/"},{"@type":"ListItem","position":2,"name":"Au lac d&rsquo;Aubusson, en for\u00eat d&rsquo;Ayguebonne"}]},{"@type":"WebSite","@id":"https:\/\/outsiderland.com\/danahilliot\/#website","url":"https:\/\/outsiderland.com\/danahilliot\/","name":"Outside Dana Hilliot","description":". Archives . Activit\u00e9s . Projets .","publisher":{"@id":"https:\/\/outsiderland.com\/danahilliot\/#\/schema\/person\/201a1fef0f5c2897bd65e98bcf6b1179"},"potentialAction":[{"@type":"SearchAction","target":{"@type":"EntryPoint","urlTemplate":"https:\/\/outsiderland.com\/danahilliot\/?s={search_term_string}"},"query-input":{"@type":"PropertyValueSpecification","valueRequired":true,"valueName":"search_term_string"}}],"inLanguage":"fr-FR"},{"@type":["Person","Organization"],"@id":"https:\/\/outsiderland.com\/danahilliot\/#\/schema\/person\/201a1fef0f5c2897bd65e98bcf6b1179","name":"danahilliot","image":{"@type":"ImageObject","inLanguage":"fr-FR","@id":"https:\/\/outsiderland.com\/danahilliot\/#\/schema\/person\/image\/","url":"https:\/\/outsiderland.com\/danahilliot\/wp-content\/uploads\/2026\/02\/50801449407_a909f2c1ad_k.jpg","contentUrl":"https:\/\/outsiderland.com\/danahilliot\/wp-content\/uploads\/2026\/02\/50801449407_a909f2c1ad_k.jpg","width":2048,"height":1536,"caption":"danahilliot"},"logo":{"@id":"https:\/\/outsiderland.com\/danahilliot\/#\/schema\/person\/image\/"}},{"@type":"Person","@id":"https:\/\/outsiderland.com\/danahilliot\/#\/schema\/person\/2f9b92e9fff19bccc36638b10510d5ae","name":"danah","image":{"@type":"ImageObject","inLanguage":"fr-FR","@id":"https:\/\/outsiderland.com\/danahilliot\/#\/schema\/person\/image\/","url":"https:\/\/secure.gravatar.com\/avatar\/ed6349755e1d97f204277de3d09fc6ac31abd856835c8ea3c3a30d0aa84b0ddd?s=96&d=mm&r=g","contentUrl":"https:\/\/secure.gravatar.com\/avatar\/ed6349755e1d97f204277de3d09fc6ac31abd856835c8ea3c3a30d0aa84b0ddd?s=96&d=mm&r=g","caption":"danah"},"url":"https:\/\/outsiderland.com\/danahilliot\/author\/danah\/"}]}},"jetpack_publicize_connections":[],"_links":{"self":[{"href":"https:\/\/outsiderland.com\/danahilliot\/wp-json\/wp\/v2\/posts\/2774","targetHints":{"allow":["GET"]}}],"collection":[{"href":"https:\/\/outsiderland.com\/danahilliot\/wp-json\/wp\/v2\/posts"}],"about":[{"href":"https:\/\/outsiderland.com\/danahilliot\/wp-json\/wp\/v2\/types\/post"}],"author":[{"embeddable":true,"href":"https:\/\/outsiderland.com\/danahilliot\/wp-json\/wp\/v2\/users\/1"}],"replies":[{"embeddable":true,"href":"https:\/\/outsiderland.com\/danahilliot\/wp-json\/wp\/v2\/comments?post=2774"}],"version-history":[{"count":6,"href":"https:\/\/outsiderland.com\/danahilliot\/wp-json\/wp\/v2\/posts\/2774\/revisions"}],"predecessor-version":[{"id":2796,"href":"https:\/\/outsiderland.com\/danahilliot\/wp-json\/wp\/v2\/posts\/2774\/revisions\/2796"}],"wp:featuredmedia":[{"embeddable":true,"href":"https:\/\/outsiderland.com\/danahilliot\/wp-json\/wp\/v2\/media\/2811"}],"wp:attachment":[{"href":"https:\/\/outsiderland.com\/danahilliot\/wp-json\/wp\/v2\/media?parent=2774"}],"wp:term":[{"taxonomy":"category","embeddable":true,"href":"https:\/\/outsiderland.com\/danahilliot\/wp-json\/wp\/v2\/categories?post=2774"},{"taxonomy":"post_tag","embeddable":true,"href":"https:\/\/outsiderland.com\/danahilliot\/wp-json\/wp\/v2\/tags?post=2774"}],"curies":[{"name":"wp","href":"https:\/\/api.w.org\/{rel}","templated":true}]}}