{"id":2429,"date":"2016-06-24T19:22:57","date_gmt":"2016-06-24T18:22:57","guid":{"rendered":"https:\/\/outsiderland.com\/dehors\/?p=1783"},"modified":"2016-06-24T19:22:57","modified_gmt":"2016-06-24T18:22:57","slug":"les-senateurs-dechaines-contre-la-biodiversite","status":"publish","type":"post","link":"https:\/\/outsiderland.com\/danahilliot\/les-senateurs-dechaines-contre-la-biodiversite\/","title":{"rendered":"Les s\u00e9nateurs d\u00e9cha\u00een\u00e9s contre la biodiversit\u00e9"},"content":{"rendered":"<p>En ce jeudi 12 mai 2016, se tenait au s\u00e9nat une s\u00e9ance consacr\u00e9e, entre autre, \u00e0 l&rsquo;examen d&rsquo;un projet de loi relatif \u00e0 la reconqu\u00eate de la biodiversit\u00e9. L&rsquo;intitul\u00e9 plut\u00f4t sympathique de cet ensemble l\u00e9gislatif ne devrait pas nous bercer d&rsquo;illusions : en r\u00e9alit\u00e9, il est surtout question de mesures de compensation, et de l&rsquo;assouplissement possible de ces mesures pour les pauvres am\u00e9nageurs d&rsquo;infrastructures, les malheureux promoteurs immobiliers, et les industries de l&rsquo;extractivisme emp\u00each\u00e9es de s&rsquo;\u00e9panouir dans le pays qui vient d&rsquo;accueillir et consacrer le succ\u00e8s de la COP 21.<\/p>\n<p>Audrey Jarric le dit mille fois mieux que moi dans le Monde du 19 janvier 2016 :<\/p>\n<p>\u00ab<em> Le projet de loi sur la biodiversit\u00e9 insiste surtout sur la compensation, en g\u00e9n\u00e9ralisant ce qui n\u2019\u00e9tait alors qu\u2019une exp\u00e9rimentation : des r\u00e9serves d\u2019actifs naturels, g\u00e9r\u00e9es par des acteurs priv\u00e9s, qui fourniront des mesures compensatoires \u00ab cl\u00e9 en main \u00bb aux am\u00e9nageurs. Cela donne un droit \u00e0 d\u00e9truire la nature et laisse entendre qu\u2019on peut remplacer ce qu\u2019on a d\u00e9truit \u00e0 un endroit par un bout de nature suppos\u00e9 \u00e9quivalent \u00e0 un autre endroit. Or, nombre d\u2019\u00e9tudes scientifiques ont prouv\u00e9 que la fonctionnalit\u00e9 des \u00e9cosyst\u00e8mes restaur\u00e9s n\u2019atteint jamais celle de ceux d\u00e9truits, tant il est difficile de r\u00e9cr\u00e9er des milieux constitu\u00e9s au fil des si\u00e8cles. Au final, il y a \u00ab financiarisation de la biodiversit\u00e9 \u00bb, banques de compensation, transfert des actifs naturels, reprise du vocabulaire de l\u2019\u00e9conomie<\/em>. \u00bb<\/p>\n<p>&nbsp;<\/p>\n<p>Effectivement, quand on s\u00e9lectionne quelques morceaux choisis de la s\u00e9ance du 12 mai 2016, on mesure la gravit\u00e9 du souci de certains s\u00e9nateurs pour la biodiversit\u00e9 et sa reconqu\u00eate :<\/p>\n<blockquote><p>M. Jean-Claude Boulard (PS). \u2013 Parmi les esp\u00e8ces menac\u00e9es, il y a l\u2019\u00e9lu am\u00e9nageur&#8230; Quand un projet d\u2019int\u00e9r\u00eat public, port\u00e9 par une collectivit\u00e9 publique, rencontre une esp\u00e8ce prot\u00e9g\u00e9e, il est g\u00e9n\u00e9ralement retard\u00e9, ench\u00e9ri, voire abandonn\u00e9. L\u2019autoroute A28 a \u00e9t\u00e9 paralys\u00e9e pendant dix ans par le pique-prune, un scarab\u00e9e ! (Mme Goulet rench\u00e9rit). Et des dizaines d\u2019exemples pourraient \u00eatre cit\u00e9s, comme le blocage caus\u00e9 par l\u2019escargot de Quimper&#8230; Il faudrait dresser la liste des projets ainsi remis en cause.<\/p><\/blockquote>\n<p>La figure de l&rsquo;\u00e9lu am\u00e9nageur en esp\u00e8ce menac\u00e9e figurera peut-\u00eatre dans une anthologie de la verve s\u00e9natoriale. En attendant, le S\u00e9nateur Boulard n&rsquo;est pas menac\u00e9, alors que la situation du scarab\u00e9e Pique-prune est plus pr\u00e9occupante.<\/p>\n<figure id=\"attachment_1840\" aria-describedby=\"caption-attachment-1840\" style=\"width: 300px\" class=\"wp-caption alignright\"><a href=\"https:\/\/outsiderland.com\/danahilliot\/wp-content\/uploads\/2016\/06\/Osmoderma_eremita_female.jpg\"><img decoding=\"async\" class=\"size-medium wp-image-1840\" src=\"https:\/\/outsiderland.com\/danahilliot\/wp-content\/uploads\/2016\/06\/Osmoderma_eremita_female-300x197.jpg\" alt=\"https:\/\/fr.wikipedia.org\/wiki\/Pique-prune#\/media\/File:Osmoderma_eremita_female.jpg\" width=\"300\" height=\"197\" \/><\/a><figcaption id=\"caption-attachment-1840\" class=\"wp-caption-text\">https:\/\/fr.wikipedia.org\/wiki\/Pique-prune#\/media\/File:Osmoderma_eremita_female.jpg<\/figcaption><\/figure>\n<blockquote><p>M. Daniel Dubois (UDI). \u2013 Je rejoins M. Boulard. On parle de risques pr\u00e9visibles. Et s\u2019ils ne se r\u00e9alisent pas ? Versera-t-on des dommages et int\u00e9r\u00eats \u00e0 la collectivit\u00e9 dont le projet a \u00e9t\u00e9 bloqu\u00e9 pendant des ann\u00e9es ? Une zone d&rsquo;am\u00e9nagement concert\u00e9 (ZAC) a \u00e9t\u00e9 bloqu\u00e9e chez moi pendant cinq ans \u00e0 cause de l\u2019oedicn\u00e8me criard : les 250 emplois promis sont partis ailleurs, le syndicat mixte se retrouve \u00e0 devoir supporter les investissements. Cet amendement est important pour les collectivit\u00e9s et les \u00e9tablissements publics qui s\u2019engagent dans ces travaux.<\/p><\/blockquote>\n<p>\u00c9tant bon prince, je voudrais publier ici une photo de l&rsquo;oedicn\u00e8me criard, devenu un peu contre son gr\u00e9 il faut l&rsquo;admettre, un animal politique gr\u00e2ce au s\u00e9nateur Dubois :<\/p>\n<figure id=\"attachment_1826\" aria-describedby=\"caption-attachment-1826\" style=\"width: 740px\" class=\"wp-caption aligncenter\"><a href=\"https:\/\/outsiderland.com\/danahilliot\/wp-content\/uploads\/2016\/06\/Oedicn\u00e8me_criard_Argel\u00e8s-Gazost_parc_animalier_3.jpg\"><img decoding=\"async\" class=\"wp-image-1826 size-large\" src=\"https:\/\/outsiderland.com\/danahilliot\/wp-content\/uploads\/2016\/06\/Oedicn\u00e8me_criard_Argel\u00e8s-Gazost_parc_animalier_3-1024x769.jpg\" alt=\" \u0152dicn\u00e8me criard (Burhinus oedicnemus), parc animalier des Pyr\u00e9n\u00e9es, Argel\u00e8s-Gazost, Hautes-Pyr\u00e9n\u00e9es, France. Photo P\u00e8re Igor, Wikimedia Commons.\" width=\"740\" height=\"556\" srcset=\"https:\/\/outsiderland.com\/danahilliot\/wp-content\/uploads\/2016\/06\/Oedicn\u00e8me_criard_Argel\u00e8s-Gazost_parc_animalier_3-1024x769.jpg 1024w, https:\/\/outsiderland.com\/danahilliot\/wp-content\/uploads\/2016\/06\/Oedicn\u00e8me_criard_Argel\u00e8s-Gazost_parc_animalier_3-300x225.jpg 300w, https:\/\/outsiderland.com\/danahilliot\/wp-content\/uploads\/2016\/06\/Oedicn\u00e8me_criard_Argel\u00e8s-Gazost_parc_animalier_3-768x576.jpg 768w, https:\/\/outsiderland.com\/danahilliot\/wp-content\/uploads\/2016\/06\/Oedicn\u00e8me_criard_Argel\u00e8s-Gazost_parc_animalier_3-590x443.jpg 590w\" sizes=\"(max-width: 740px) 100vw, 740px\" \/><\/a><figcaption id=\"caption-attachment-1826\" class=\"wp-caption-text\">\u0152dicn\u00e8me criard (Burhinus oedicnemus), parc animalier des Pyr\u00e9n\u00e9es, Argel\u00e8s-Gazost, Hautes-Pyr\u00e9n\u00e9es, France. Photo P\u00e8re Igor, Wikimedia Commons.<\/figcaption><\/figure>\n<p>Il se trouve que cet \u0152dicn\u00e8me criard est un oiseau particuli\u00e8rement int\u00e9ressant, qui vient nous visiter en \u00e9t\u00e9, alors qu&rsquo;il pr\u00e9f\u00e8re hiverner plus au sud, en Afrique de l&rsquo;ouest ou de l&rsquo;est. Son chant plaintif et profond a inspir\u00e9 bien des po\u00e8tes \u00e9gyptiens. En voici un aper\u00e7u sonore :<\/p>\n<audio class=\"wp-audio-shortcode\" id=\"audio-2429-1\" preload=\"none\" style=\"width: 100%;\" controls=\"controls\"><source type=\"audio\/ogg\" src=\"https:\/\/outsiderland.com\/danahilliot\/wp-content\/uploads\/2016\/06\/dicne\u0300me-criard.ogg?_=1\" \/><a href=\"https:\/\/outsiderland.com\/danahilliot\/wp-content\/uploads\/2016\/06\/dicne\u0300me-criard.ogg\">https:\/\/outsiderland.com\/danahilliot\/wp-content\/uploads\/2016\/06\/dicne\u0300me-criard.ogg<\/a><\/audio>\n<p>Et, le saviez-vous ?, si l&rsquo;on braque une lumi\u00e8re sur le nid de l&rsquo;oedicn\u00e8me criard, les parents abandonnent leur nid et les petits p\u00e9rissent. C&rsquo;est un <em>vrai probl\u00e8me<\/em> pour l&rsquo;oedicn\u00e8me criard.<\/p>\n<blockquote><p>M. Charles Revet (LR) \u2013 C\u2019est un vrai probl\u00e8me. L\u2019A28, ch\u00e8re \u00e0 notre ancien coll\u00e8gue Daniel Goulet, a pris deux ans de retard et co\u00fbt\u00e9 20 millions de plus, alors qu\u2019on s\u2019est aper\u00e7u que le scarab\u00e9e, qui habitait dans un arbre mort, existait juste \u00e0 c\u00f4t\u00e9 ! Il suffisait de d\u00e9placer la branche. On ne peut pas retarder \u00e0 l\u2019infini des projets indispensables !<\/p><\/blockquote>\n<p>Encore cette autoroute et ce scarab\u00e9e donc, qui manifestement deviennent un exemple Princeps \u00e0 la deuxi\u00e8me chambre.<\/p>\n<blockquote><p>&nbsp;<\/p>\n<p>M. Jean-No\u00ebl Cardoux. (LR) \u2013 \u00c0 Sully-sur-Loire, nous voulions, avec le d\u00e9partement du Loiret, construire un nouveau franchissement de fleuve \u00e0 c\u00f4t\u00e9 du pont existant, sur lequel passaient 18 000 v\u00e9hicules par jour. Nous pensions arriver au bout du tunnel quand on nous a demand\u00e9 une \u00e9ni\u00e8me \u00e9tude d\u2019impact, qui a co\u00fbt\u00e9 environ 200 000 euros, dur\u00e9 18 mois, et qui a conclu que la sous-esp\u00e8ce de chauve-souris nichant sous les arches du pont serait perturb\u00e9e par les travaux. Je n\u2019invente rien ! Nous attendons encore le premier coup de pioche, et les habitants continuent de subir les nuisances sonores et olfactives li\u00e9es au passage de 18 000 v\u00e9hicules par jour !<\/p><\/blockquote>\n<p>J&rsquo;aime beaucoup le condescendant \u00ab\u00a0u<em>ne sous-esp\u00e8ce<\/em>\u00a0\u00bb de Chauve-Souris. S&rsquo;il s&rsquo;\u00e9tait agi de l&rsquo;esp\u00e8ce chauve-souris en g\u00e9n\u00e9ral, la chauve-souris dans sa puret\u00e9, et pas cette d\u00e9generescence \u00e9volutive qu&rsquo;est la sous-esp\u00e8ce de la chauve-souris dont se plaint le s\u00e9nateur, \u00e7a aurait \u00e9t\u00e9 moins douloureux de retarder la construction de ce tunnel. Mais une \u00ab\u00a0sous-esp\u00e8ce\u00a0\u00bb, d\u00e9cid\u00e9ment, non ! 200 000 euros, \u00e7a fait vraiment trop cher pour une vulgaire sous-esp\u00e8ce. (<a href=\"http:\/\/www.gcprovence.org\/cd.htm\">je signale au passage qu&rsquo;un bon tiers des esp\u00e8ces et sous-esp\u00e8ces de nos mammif\u00e8res cavernicoles sont menac\u00e9es d&rsquo;extinction, les autres \u00e9tant en danger r\u00e9el pour des tas de raisons<\/a>)<\/p>\n<p>&nbsp;<\/p>\n<blockquote><p>M. G\u00e9rard Bailly. (LR) \u2013 Cet amendement est tr\u00e8s important, tous ceux qui ont exerc\u00e9 des responsabilit\u00e9s locales le savent. Quinze ans apr\u00e8s, on n\u2019a toujours pas refait les virages sur une route du Jura parce qu\u2019il faut prot\u00e9ger la flore ! Ce genre de probl\u00e8me explique neuf fois sur dix les retards ; on consent de lourds investissements qui n\u2019aboutissent pas, on p\u00e9nalise les entreprises du b\u00e2timent. Revenons sur le terrain ! Rappelez-vous l\u2019autoroute que Mme Voynet a fait arr\u00eater 30 kilom\u00e8tres au Sud de Grenoble, et qui ne d\u00e9bouche sur rien, alors qu\u2019on aurait pu d\u00e9congestionner la vall\u00e9e du Rh\u00f4ne ! Quand pensera-t-on aux hommes d\u2019abord ?<br \/>\n(Applaudissements \u00e0 droite)<\/p><\/blockquote>\n<p>P\u00e9naliser les entreprises du b\u00e2timent, Vinci par exemple, c&rsquo;est effectivement souvent la plus grande nuisance occasionn\u00e9e par ces bestioles ridicules et inutiles &#8211; c&rsquo;est encore plus p\u00e9nible quand il s&rsquo;agit de prot\u00e9ger de petites fleurs. Quant \u00e0 d\u00e9congestionner la vall\u00e9e du Rh\u00f4ne en construisant de nouvelles autoroutes, j&rsquo;en connais plus d&rsquo;un, dans la vall\u00e9e du Rh\u00f4ne, que \u00e7a ferait bondir.<\/p>\n<p>&nbsp;<\/p>\n<p>&nbsp;<\/p>\n<blockquote><p>M. Jean-Claude Requier. (RDSE) \u2013 Apr\u00e8s le scarab\u00e9e pique-prune dans la Sarthe, l\u2019escargot de Quimper, les chauves-souris de Sully-sur-Loire, le crapaud sonneur \u00e0 ventre jaune, qui a co\u00fbt\u00e9 cher au Lot : il a fallu des crapauducs \u2013 oui, cela existe \u2013, mais aussi des barri\u00e8res pour les emp\u00eacher de revenir sur les chantiers. Avan\u00e7ons, pensons aux \u00e9lus !<\/p><\/blockquote>\n<p>Oui, les crapauducs existent s\u00e9nateur Requier : ils constituent m\u00eame, avec tous les autres passages artificiels qu&rsquo;on s&rsquo;efforce d&rsquo;installer quand une voie de transport par exemple, vient trancher dans le territoire d&rsquo;un non-humain, une des rares solution pour r\u00e9tablir (\u00e0 peu de frais admettons-le) un corridor qui leur \u00e9vite de finir sous les roues des automobiles pour lesquels nos \u00e9lus semblent aux petits soins.<\/p>\n<p>(&#8230;)<\/p>\n<p>La secr\u00e9taire d&rsquo;\u00c9tat, qui s&rsquo;efforce malgr\u00e9 tout de d\u00e9fendre ce projet de loi, d\u00e9j\u00e0 peu affriolant, et si peu favorable \u00e0 la biodiversit\u00e9, contre les v\u00e9ll\u00e9it\u00e9s de destruction des s\u00e9nateurs, finit tout de m\u00eame par tenir ce discours, qui ne mange pas de pain et peine \u00e0 faire oublier qu&rsquo;il s&rsquo;agit surtout encore une fois d&rsquo;encadrer le droit \u00e0 polluer et \u00e0 d\u00e9truire, en m\u00e9nageant de timides \u00ab\u00a0compensations\u00a0\u00bb et \u00ab\u00a0r\u00e9parations\u00a0\u00bb &#8211; une vaste fumisterie donc :<\/p>\n<blockquote><p>Mme Barbara Pompili, secr\u00e9taire d&rsquo;\u00c9tat. \u2013<br \/>\nComment r\u00e9ussir \u00e0 d\u00e9passer le court terme pour pr\u00e9server le long terme, l\u2019avenir de nos enfants ? Nous devons faire en sorte que nos am\u00e9nagements ne gr\u00e8vent pas la vie de ceux qui nous succ\u00e9deront, penser le pr\u00e9sent sans ob\u00e9rer le futur. Ce n\u2019est pas facile pour un \u00e9lu, le nez dans le guidon et soumis \u00e0 la pression des \u00e9lections \u00e0 venir. Pique-prune ou crapaud, on peut tout de m\u00eame am\u00e9nager dans ce pays ! Revenons \u00e0 la raison. Chaque ann\u00e9e, ce sont 60 000 hectares de milieu agricole ou naturel qui sont am\u00e9nag\u00e9s, soit l\u2019\u00e9quivalent d\u2019un d\u00e9partement tous les dix ans. Assez de fantasmes !<\/p><\/blockquote>\n","protected":false},"excerpt":{"rendered":"<p>En ce jeudi 12 mai 2016, se tenait au s\u00e9nat une s\u00e9ance consacr\u00e9e, entre autre, \u00e0 l&rsquo;examen d&rsquo;un projet de loi relatif \u00e0 la reconqu\u00eate de la biodiversit\u00e9. L&rsquo;intitul\u00e9 plut\u00f4t sympathique de cet ensemble l\u00e9gislatif ne devrait pas nous bercer d&rsquo;illusions : en r\u00e9alit\u00e9, il est surtout question de mesures de compensation, et de l&rsquo;assouplissement&hellip;<\/p>\n <a href=\"https:\/\/outsiderland.com\/danahilliot\/les-senateurs-dechaines-contre-la-biodiversite\/\" title=\"Les s\u00e9nateurs d\u00e9cha\u00een\u00e9s contre la biodiversit\u00e9\" class=\"entry-more-link\"><span>Read More<\/span> <span class=\"screen-reader-text\">Les s\u00e9nateurs d\u00e9cha\u00een\u00e9s contre la biodiversit\u00e9<\/span><\/a>","protected":false},"author":1,"featured_media":1826,"comment_status":"closed","ping_status":"closed","sticky":false,"template":"","format":"standard","meta":{"Layout":"","footnotes":"","jetpack_publicize_message":"","jetpack_publicize_feature_enabled":true,"jetpack_social_post_already_shared":false,"jetpack_social_options":{"image_generator_settings":{"template":"highway","default_image_id":0,"font":"","enabled":false},"version":2}},"categories":[36,39],"tags":[],"class_list":["entry","author-danah","post-2429","post","type-post","status-publish","format-standard","has-post-thumbnail","category-avenir","category-references"],"yoast_head":"<!-- This site is optimized with the Yoast SEO plugin v27.0 - https:\/\/yoast.com\/product\/yoast-seo-wordpress\/ -->\n<title>Les s\u00e9nateurs d\u00e9cha\u00een\u00e9s contre la biodiversit\u00e9 - Outside Dana Hilliot<\/title>\n<meta name=\"robots\" content=\"index, follow, max-snippet:-1, max-image-preview:large, max-video-preview:-1\" \/>\n<link rel=\"canonical\" href=\"https:\/\/outsiderland.com\/danahilliot\/les-senateurs-dechaines-contre-la-biodiversite\/\" \/>\n<meta property=\"og:locale\" content=\"fr_FR\" \/>\n<meta property=\"og:type\" content=\"article\" \/>\n<meta property=\"og:title\" content=\"Les s\u00e9nateurs d\u00e9cha\u00een\u00e9s contre la biodiversit\u00e9 - Outside Dana Hilliot\" \/>\n<meta property=\"og:description\" content=\"En ce jeudi 12 mai 2016, se tenait au s\u00e9nat une s\u00e9ance consacr\u00e9e, entre autre, \u00e0 l&rsquo;examen d&rsquo;un projet de loi relatif \u00e0 la reconqu\u00eate de la biodiversit\u00e9. L&rsquo;intitul\u00e9 plut\u00f4t sympathique de cet ensemble l\u00e9gislatif ne devrait pas nous bercer d&rsquo;illusions : en r\u00e9alit\u00e9, il est surtout question de mesures de compensation, et de l&rsquo;assouplissement&hellip;\" \/>\n<meta property=\"og:url\" content=\"https:\/\/outsiderland.com\/danahilliot\/les-senateurs-dechaines-contre-la-biodiversite\/\" \/>\n<meta property=\"og:site_name\" content=\"Outside Dana Hilliot\" \/>\n<meta property=\"article:published_time\" content=\"2016-06-24T18:22:57+00:00\" \/>\n<meta property=\"og:image\" content=\"https:\/\/outsiderland.com\/danahilliot\/wp-content\/uploads\/2016\/06\/Oedicn\u00e8me_criard_Argel\u00e8s-Gazost_parc_animalier_3.jpg\" \/>\n\t<meta property=\"og:image:width\" content=\"2501\" \/>\n\t<meta property=\"og:image:height\" content=\"1877\" \/>\n\t<meta property=\"og:image:type\" content=\"image\/jpeg\" \/>\n<meta name=\"author\" content=\"danah\" \/>\n<meta name=\"twitter:card\" content=\"summary_large_image\" \/>\n<meta name=\"twitter:label1\" content=\"\u00c9crit par\" \/>\n\t<meta name=\"twitter:data1\" content=\"danah\" \/>\n\t<meta name=\"twitter:label2\" content=\"Dur\u00e9e de lecture estim\u00e9e\" \/>\n\t<meta name=\"twitter:data2\" content=\"8 minutes\" \/>\n<script type=\"application\/ld+json\" class=\"yoast-schema-graph\">{\"@context\":\"https:\/\/schema.org\",\"@graph\":[{\"@type\":\"Article\",\"@id\":\"https:\/\/outsiderland.com\/danahilliot\/les-senateurs-dechaines-contre-la-biodiversite\/#article\",\"isPartOf\":{\"@id\":\"https:\/\/outsiderland.com\/danahilliot\/les-senateurs-dechaines-contre-la-biodiversite\/\"},\"author\":{\"name\":\"danah\",\"@id\":\"https:\/\/outsiderland.com\/danahilliot\/#\/schema\/person\/2f9b92e9fff19bccc36638b10510d5ae\"},\"headline\":\"Les s\u00e9nateurs d\u00e9cha\u00een\u00e9s contre la biodiversit\u00e9\",\"datePublished\":\"2016-06-24T18:22:57+00:00\",\"mainEntityOfPage\":{\"@id\":\"https:\/\/outsiderland.com\/danahilliot\/les-senateurs-dechaines-contre-la-biodiversite\/\"},\"wordCount\":1590,\"publisher\":{\"@id\":\"https:\/\/outsiderland.com\/danahilliot\/#\/schema\/person\/201a1fef0f5c2897bd65e98bcf6b1179\"},\"image\":{\"@id\":\"https:\/\/outsiderland.com\/danahilliot\/les-senateurs-dechaines-contre-la-biodiversite\/#primaryimage\"},\"thumbnailUrl\":\"https:\/\/outsiderland.com\/danahilliot\/wp-content\/uploads\/2016\/06\/Oedicn\u00e8me_criard_Argel\u00e8s-Gazost_parc_animalier_3.jpg\",\"articleSection\":[\"L'avenir de la ruralit\u00e9\",\"References\"],\"inLanguage\":\"fr-FR\"},{\"@type\":\"WebPage\",\"@id\":\"https:\/\/outsiderland.com\/danahilliot\/les-senateurs-dechaines-contre-la-biodiversite\/\",\"url\":\"https:\/\/outsiderland.com\/danahilliot\/les-senateurs-dechaines-contre-la-biodiversite\/\",\"name\":\"Les s\u00e9nateurs d\u00e9cha\u00een\u00e9s contre la biodiversit\u00e9 - Outside Dana Hilliot\",\"isPartOf\":{\"@id\":\"https:\/\/outsiderland.com\/danahilliot\/#website\"},\"primaryImageOfPage\":{\"@id\":\"https:\/\/outsiderland.com\/danahilliot\/les-senateurs-dechaines-contre-la-biodiversite\/#primaryimage\"},\"image\":{\"@id\":\"https:\/\/outsiderland.com\/danahilliot\/les-senateurs-dechaines-contre-la-biodiversite\/#primaryimage\"},\"thumbnailUrl\":\"https:\/\/outsiderland.com\/danahilliot\/wp-content\/uploads\/2016\/06\/Oedicn\u00e8me_criard_Argel\u00e8s-Gazost_parc_animalier_3.jpg\",\"datePublished\":\"2016-06-24T18:22:57+00:00\",\"breadcrumb\":{\"@id\":\"https:\/\/outsiderland.com\/danahilliot\/les-senateurs-dechaines-contre-la-biodiversite\/#breadcrumb\"},\"inLanguage\":\"fr-FR\",\"potentialAction\":[{\"@type\":\"ReadAction\",\"target\":[\"https:\/\/outsiderland.com\/danahilliot\/les-senateurs-dechaines-contre-la-biodiversite\/\"]}]},{\"@type\":\"ImageObject\",\"inLanguage\":\"fr-FR\",\"@id\":\"https:\/\/outsiderland.com\/danahilliot\/les-senateurs-dechaines-contre-la-biodiversite\/#primaryimage\",\"url\":\"https:\/\/outsiderland.com\/danahilliot\/wp-content\/uploads\/2016\/06\/Oedicn\u00e8me_criard_Argel\u00e8s-Gazost_parc_animalier_3.jpg\",\"contentUrl\":\"https:\/\/outsiderland.com\/danahilliot\/wp-content\/uploads\/2016\/06\/Oedicn\u00e8me_criard_Argel\u00e8s-Gazost_parc_animalier_3.jpg\",\"width\":2501,\"height\":1877,\"caption\":\"\u0152dicn\u00e8me criard (Burhinus oedicnemus), parc animalier des Pyr\u00e9n\u00e9es, Argel\u00e8s-Gazost, Hautes-Pyr\u00e9n\u00e9es, France. Photo P\u00e8re Igor, Wikimedia Commons.\"},{\"@type\":\"BreadcrumbList\",\"@id\":\"https:\/\/outsiderland.com\/danahilliot\/les-senateurs-dechaines-contre-la-biodiversite\/#breadcrumb\",\"itemListElement\":[{\"@type\":\"ListItem\",\"position\":1,\"name\":\"Accueil\",\"item\":\"https:\/\/outsiderland.com\/danahilliot\/\"},{\"@type\":\"ListItem\",\"position\":2,\"name\":\"Les s\u00e9nateurs d\u00e9cha\u00een\u00e9s contre la biodiversit\u00e9\"}]},{\"@type\":\"WebSite\",\"@id\":\"https:\/\/outsiderland.com\/danahilliot\/#website\",\"url\":\"https:\/\/outsiderland.com\/danahilliot\/\",\"name\":\"Outside Dana Hilliot\",\"description\":\". Archives . Activit\u00e9s . Projets .\",\"publisher\":{\"@id\":\"https:\/\/outsiderland.com\/danahilliot\/#\/schema\/person\/201a1fef0f5c2897bd65e98bcf6b1179\"},\"potentialAction\":[{\"@type\":\"SearchAction\",\"target\":{\"@type\":\"EntryPoint\",\"urlTemplate\":\"https:\/\/outsiderland.com\/danahilliot\/?s={search_term_string}\"},\"query-input\":{\"@type\":\"PropertyValueSpecification\",\"valueRequired\":true,\"valueName\":\"search_term_string\"}}],\"inLanguage\":\"fr-FR\"},{\"@type\":[\"Person\",\"Organization\"],\"@id\":\"https:\/\/outsiderland.com\/danahilliot\/#\/schema\/person\/201a1fef0f5c2897bd65e98bcf6b1179\",\"name\":\"danahilliot\",\"image\":{\"@type\":\"ImageObject\",\"inLanguage\":\"fr-FR\",\"@id\":\"https:\/\/outsiderland.com\/danahilliot\/#\/schema\/person\/image\/\",\"url\":\"https:\/\/outsiderland.com\/danahilliot\/wp-content\/uploads\/2026\/02\/50801449407_a909f2c1ad_k.jpg\",\"contentUrl\":\"https:\/\/outsiderland.com\/danahilliot\/wp-content\/uploads\/2026\/02\/50801449407_a909f2c1ad_k.jpg\",\"width\":2048,\"height\":1536,\"caption\":\"danahilliot\"},\"logo\":{\"@id\":\"https:\/\/outsiderland.com\/danahilliot\/#\/schema\/person\/image\/\"}},{\"@type\":\"Person\",\"@id\":\"https:\/\/outsiderland.com\/danahilliot\/#\/schema\/person\/2f9b92e9fff19bccc36638b10510d5ae\",\"name\":\"danah\",\"image\":{\"@type\":\"ImageObject\",\"inLanguage\":\"fr-FR\",\"@id\":\"https:\/\/outsiderland.com\/danahilliot\/#\/schema\/person\/image\/\",\"url\":\"https:\/\/secure.gravatar.com\/avatar\/ed6349755e1d97f204277de3d09fc6ac31abd856835c8ea3c3a30d0aa84b0ddd?s=96&d=mm&r=g\",\"contentUrl\":\"https:\/\/secure.gravatar.com\/avatar\/ed6349755e1d97f204277de3d09fc6ac31abd856835c8ea3c3a30d0aa84b0ddd?s=96&d=mm&r=g\",\"caption\":\"danah\"},\"url\":\"https:\/\/outsiderland.com\/danahilliot\/author\/danah\/\"}]}<\/script>\n<!-- \/ Yoast SEO plugin. -->","yoast_head_json":{"title":"Les s\u00e9nateurs d\u00e9cha\u00een\u00e9s contre la biodiversit\u00e9 - Outside Dana Hilliot","robots":{"index":"index","follow":"follow","max-snippet":"max-snippet:-1","max-image-preview":"max-image-preview:large","max-video-preview":"max-video-preview:-1"},"canonical":"https:\/\/outsiderland.com\/danahilliot\/les-senateurs-dechaines-contre-la-biodiversite\/","og_locale":"fr_FR","og_type":"article","og_title":"Les s\u00e9nateurs d\u00e9cha\u00een\u00e9s contre la biodiversit\u00e9 - Outside Dana Hilliot","og_description":"En ce jeudi 12 mai 2016, se tenait au s\u00e9nat une s\u00e9ance consacr\u00e9e, entre autre, \u00e0 l&rsquo;examen d&rsquo;un projet de loi relatif \u00e0 la reconqu\u00eate de la biodiversit\u00e9. L&rsquo;intitul\u00e9 plut\u00f4t sympathique de cet ensemble l\u00e9gislatif ne devrait pas nous bercer d&rsquo;illusions : en r\u00e9alit\u00e9, il est surtout question de mesures de compensation, et de l&rsquo;assouplissement&hellip;","og_url":"https:\/\/outsiderland.com\/danahilliot\/les-senateurs-dechaines-contre-la-biodiversite\/","og_site_name":"Outside Dana Hilliot","article_published_time":"2016-06-24T18:22:57+00:00","og_image":[{"width":2501,"height":1877,"url":"https:\/\/outsiderland.com\/danahilliot\/wp-content\/uploads\/2016\/06\/Oedicn\u00e8me_criard_Argel\u00e8s-Gazost_parc_animalier_3.jpg","type":"image\/jpeg"}],"author":"danah","twitter_card":"summary_large_image","twitter_misc":{"\u00c9crit par":"danah","Dur\u00e9e de lecture estim\u00e9e":"8 minutes"},"schema":{"@context":"https:\/\/schema.org","@graph":[{"@type":"Article","@id":"https:\/\/outsiderland.com\/danahilliot\/les-senateurs-dechaines-contre-la-biodiversite\/#article","isPartOf":{"@id":"https:\/\/outsiderland.com\/danahilliot\/les-senateurs-dechaines-contre-la-biodiversite\/"},"author":{"name":"danah","@id":"https:\/\/outsiderland.com\/danahilliot\/#\/schema\/person\/2f9b92e9fff19bccc36638b10510d5ae"},"headline":"Les s\u00e9nateurs d\u00e9cha\u00een\u00e9s contre la biodiversit\u00e9","datePublished":"2016-06-24T18:22:57+00:00","mainEntityOfPage":{"@id":"https:\/\/outsiderland.com\/danahilliot\/les-senateurs-dechaines-contre-la-biodiversite\/"},"wordCount":1590,"publisher":{"@id":"https:\/\/outsiderland.com\/danahilliot\/#\/schema\/person\/201a1fef0f5c2897bd65e98bcf6b1179"},"image":{"@id":"https:\/\/outsiderland.com\/danahilliot\/les-senateurs-dechaines-contre-la-biodiversite\/#primaryimage"},"thumbnailUrl":"https:\/\/outsiderland.com\/danahilliot\/wp-content\/uploads\/2016\/06\/Oedicn\u00e8me_criard_Argel\u00e8s-Gazost_parc_animalier_3.jpg","articleSection":["L'avenir de la ruralit\u00e9","References"],"inLanguage":"fr-FR"},{"@type":"WebPage","@id":"https:\/\/outsiderland.com\/danahilliot\/les-senateurs-dechaines-contre-la-biodiversite\/","url":"https:\/\/outsiderland.com\/danahilliot\/les-senateurs-dechaines-contre-la-biodiversite\/","name":"Les s\u00e9nateurs d\u00e9cha\u00een\u00e9s contre la biodiversit\u00e9 - Outside Dana Hilliot","isPartOf":{"@id":"https:\/\/outsiderland.com\/danahilliot\/#website"},"primaryImageOfPage":{"@id":"https:\/\/outsiderland.com\/danahilliot\/les-senateurs-dechaines-contre-la-biodiversite\/#primaryimage"},"image":{"@id":"https:\/\/outsiderland.com\/danahilliot\/les-senateurs-dechaines-contre-la-biodiversite\/#primaryimage"},"thumbnailUrl":"https:\/\/outsiderland.com\/danahilliot\/wp-content\/uploads\/2016\/06\/Oedicn\u00e8me_criard_Argel\u00e8s-Gazost_parc_animalier_3.jpg","datePublished":"2016-06-24T18:22:57+00:00","breadcrumb":{"@id":"https:\/\/outsiderland.com\/danahilliot\/les-senateurs-dechaines-contre-la-biodiversite\/#breadcrumb"},"inLanguage":"fr-FR","potentialAction":[{"@type":"ReadAction","target":["https:\/\/outsiderland.com\/danahilliot\/les-senateurs-dechaines-contre-la-biodiversite\/"]}]},{"@type":"ImageObject","inLanguage":"fr-FR","@id":"https:\/\/outsiderland.com\/danahilliot\/les-senateurs-dechaines-contre-la-biodiversite\/#primaryimage","url":"https:\/\/outsiderland.com\/danahilliot\/wp-content\/uploads\/2016\/06\/Oedicn\u00e8me_criard_Argel\u00e8s-Gazost_parc_animalier_3.jpg","contentUrl":"https:\/\/outsiderland.com\/danahilliot\/wp-content\/uploads\/2016\/06\/Oedicn\u00e8me_criard_Argel\u00e8s-Gazost_parc_animalier_3.jpg","width":2501,"height":1877,"caption":"\u0152dicn\u00e8me criard (Burhinus oedicnemus), parc animalier des Pyr\u00e9n\u00e9es, Argel\u00e8s-Gazost, Hautes-Pyr\u00e9n\u00e9es, France. Photo P\u00e8re Igor, Wikimedia Commons."},{"@type":"BreadcrumbList","@id":"https:\/\/outsiderland.com\/danahilliot\/les-senateurs-dechaines-contre-la-biodiversite\/#breadcrumb","itemListElement":[{"@type":"ListItem","position":1,"name":"Accueil","item":"https:\/\/outsiderland.com\/danahilliot\/"},{"@type":"ListItem","position":2,"name":"Les s\u00e9nateurs d\u00e9cha\u00een\u00e9s contre la biodiversit\u00e9"}]},{"@type":"WebSite","@id":"https:\/\/outsiderland.com\/danahilliot\/#website","url":"https:\/\/outsiderland.com\/danahilliot\/","name":"Outside Dana Hilliot","description":". Archives . Activit\u00e9s . Projets .","publisher":{"@id":"https:\/\/outsiderland.com\/danahilliot\/#\/schema\/person\/201a1fef0f5c2897bd65e98bcf6b1179"},"potentialAction":[{"@type":"SearchAction","target":{"@type":"EntryPoint","urlTemplate":"https:\/\/outsiderland.com\/danahilliot\/?s={search_term_string}"},"query-input":{"@type":"PropertyValueSpecification","valueRequired":true,"valueName":"search_term_string"}}],"inLanguage":"fr-FR"},{"@type":["Person","Organization"],"@id":"https:\/\/outsiderland.com\/danahilliot\/#\/schema\/person\/201a1fef0f5c2897bd65e98bcf6b1179","name":"danahilliot","image":{"@type":"ImageObject","inLanguage":"fr-FR","@id":"https:\/\/outsiderland.com\/danahilliot\/#\/schema\/person\/image\/","url":"https:\/\/outsiderland.com\/danahilliot\/wp-content\/uploads\/2026\/02\/50801449407_a909f2c1ad_k.jpg","contentUrl":"https:\/\/outsiderland.com\/danahilliot\/wp-content\/uploads\/2026\/02\/50801449407_a909f2c1ad_k.jpg","width":2048,"height":1536,"caption":"danahilliot"},"logo":{"@id":"https:\/\/outsiderland.com\/danahilliot\/#\/schema\/person\/image\/"}},{"@type":"Person","@id":"https:\/\/outsiderland.com\/danahilliot\/#\/schema\/person\/2f9b92e9fff19bccc36638b10510d5ae","name":"danah","image":{"@type":"ImageObject","inLanguage":"fr-FR","@id":"https:\/\/outsiderland.com\/danahilliot\/#\/schema\/person\/image\/","url":"https:\/\/secure.gravatar.com\/avatar\/ed6349755e1d97f204277de3d09fc6ac31abd856835c8ea3c3a30d0aa84b0ddd?s=96&d=mm&r=g","contentUrl":"https:\/\/secure.gravatar.com\/avatar\/ed6349755e1d97f204277de3d09fc6ac31abd856835c8ea3c3a30d0aa84b0ddd?s=96&d=mm&r=g","caption":"danah"},"url":"https:\/\/outsiderland.com\/danahilliot\/author\/danah\/"}]}},"jetpack_publicize_connections":[],"_links":{"self":[{"href":"https:\/\/outsiderland.com\/danahilliot\/wp-json\/wp\/v2\/posts\/2429","targetHints":{"allow":["GET"]}}],"collection":[{"href":"https:\/\/outsiderland.com\/danahilliot\/wp-json\/wp\/v2\/posts"}],"about":[{"href":"https:\/\/outsiderland.com\/danahilliot\/wp-json\/wp\/v2\/types\/post"}],"author":[{"embeddable":true,"href":"https:\/\/outsiderland.com\/danahilliot\/wp-json\/wp\/v2\/users\/1"}],"replies":[{"embeddable":true,"href":"https:\/\/outsiderland.com\/danahilliot\/wp-json\/wp\/v2\/comments?post=2429"}],"version-history":[{"count":0,"href":"https:\/\/outsiderland.com\/danahilliot\/wp-json\/wp\/v2\/posts\/2429\/revisions"}],"wp:featuredmedia":[{"embeddable":true,"href":"https:\/\/outsiderland.com\/danahilliot\/wp-json\/wp\/v2\/media\/1826"}],"wp:attachment":[{"href":"https:\/\/outsiderland.com\/danahilliot\/wp-json\/wp\/v2\/media?parent=2429"}],"wp:term":[{"taxonomy":"category","embeddable":true,"href":"https:\/\/outsiderland.com\/danahilliot\/wp-json\/wp\/v2\/categories?post=2429"},{"taxonomy":"post_tag","embeddable":true,"href":"https:\/\/outsiderland.com\/danahilliot\/wp-json\/wp\/v2\/tags?post=2429"}],"curies":[{"name":"wp","href":"https:\/\/api.w.org\/{rel}","templated":true}]}}