{"id":2428,"date":"2016-06-18T23:16:31","date_gmt":"2016-06-18T22:16:31","guid":{"rendered":"https:\/\/outsiderland.com\/dehors\/?p=1695"},"modified":"2016-06-18T23:16:31","modified_gmt":"2016-06-18T22:16:31","slug":"un-conflit-cantalaveyron-pour-la-montagne","status":"publish","type":"post","link":"https:\/\/outsiderland.com\/danahilliot\/un-conflit-cantalaveyron-pour-la-montagne\/","title":{"rendered":"Un conflit Cantal\/Aveyron pour la montagne"},"content":{"rendered":"<p>Nous sommes dans ce qu&rsquo;on appelle ici une \u00ab\u00a0montagne\u00a0\u00bb, c&rsquo;est-\u00e0-dire, au sein du grand massif cantalien, une estive d&rsquo;altitude, le genre d&rsquo;endroit o\u00f9 j&rsquo;aime me balader, \u00e9t\u00e9 comme hiver, \u00e0 skis ou \u00e0 pied. Apr\u00e8s une bonne heure et demie de grimpette avec les chiens, voici la vaste prairie d&rsquo;alpage, sise \u00e0 plus de 1500 m\u00e8tres. Je croise deux jeunes gens qui ont gar\u00e9 leur voiture en contrebas, \u00e0 l&rsquo;entr\u00e9e d&rsquo;un \u00e9troit chemin peu carrossable. On discute un peu, quand un autre bruit de moteur se fait entendre. Un 4&#215;4 d\u00e9boule \u00e0 son tour dans la prairie, et je m&rsquo;\u00e9tonne qu&rsquo;il ait r\u00e9ussi \u00e0 passer par ce chemin de montagne si escarp\u00e9, d\u00e9j\u00e0 obstru\u00e9 par la voiture de mes interlocuteurs. Je laisse l\u00e0 cette nouvelle assembl\u00e9e pour aller me reposer un peu sur un caillou et offrir un go\u00fbter fort m\u00e9rit\u00e9 aux chiens.<\/p>\n<p><a title=\"dh - au cirque de Chamali\u00e8res\" href=\"https:\/\/www.flickr.com\/photos\/danahilliot\/27476825470\/\" data-flickr-embed=\"true\"><img decoding=\"async\" src=\"https:\/\/c7.staticflickr.com\/8\/7456\/27476825470_bdb02b5464_b.jpg\" alt=\"dh - au cirque de Chamali\u00e8res\" width=\"1024\" height=\"768\" \/><\/a><script src=\"\/\/embedr.flickr.com\/assets\/client-code.js\" async=\"\" charset=\"utf-8\"><\/script><\/p>\n<p>Une voix forte se fait entendre en contrebas. L&rsquo;homme qui sort du 4&#215;4, dans lequel se tient son \u00e9pouse, est manifestement furieux, fait de grands gestes \u00e0 l&rsquo;attention des jeunes gens : il a pris des risques pour grimper jusqu&rsquo;ici, empruntant le bas c\u00f4t\u00e9, parce que leur voiture \u00e9tait gar\u00e9e en plein milieu du chemin, c&rsquo;est pas croyable de voir des jeunes aussi paresseux, moi je travaille, on ne se gare pas en plein milieu d&rsquo;un chemin pareil, il faut penser aux gens qui travaillent, etc etc. C&rsquo;est \u00e0 l&rsquo;\u00e9vidence le paysan qui poss\u00e8de le troupeau p\u00e2turant, tranquille, un peu plus haut. Le jeune homme se d\u00e9fend comme il peut, puis contre-attaque &#8211; et l\u00e0 je tends l&rsquo;oreille ! &#8211; : d&rsquo;abord, le vieux, tout paysan qu&rsquo;il est, n&rsquo;est pas d&rsquo;ici, pas du village, alors que lui, le jeune homme, son grand-p\u00e8re y menait les vaches dans ce pr\u00e9, et que les aveyronnais, on le conna\u00eet, ils ont tout pris, ils ont pris la montagne, etc. J&rsquo;ai rien contre les cantalous, fait le vieux, et \u00e7a fait vingt-neuf ans que je travaille ici , t&rsquo;\u00e9tais m\u00eame pas n\u00e9 que j&rsquo;y conduisais d\u00e9j\u00e0 mes vaches, etc. Les argumentaires sont entrecoup\u00e9s d&rsquo;insultes en bonne et due forme, et bient\u00f4t, on en vient aux mains, c&rsquo;est un combat d\u00e9s\u00e9quilibr\u00e9, le paysan est assez \u00e2g\u00e9, le jeune homme plut\u00f4t costaud, les deux femmes commencent \u00e0 crier, le ton monte et \u00e7a s&rsquo;agrippe. je quitte mon poste d&rsquo;observation \u00e9th(n)osociologique (?), et fonce dans le tas en gueulant un bon coup (chacun rentre chez soi et si vous avez des comptes \u00e0 r\u00e9gler, r\u00e9glez-les au village &#8211; mais pas ici, ici, c&rsquo;est la montagne, et j&rsquo;ai pour principe qu&rsquo;on ne se bat pas en montagne). Les deux bellig\u00e9rants obtemp\u00e8rent, n&rsquo;\u00e9tant manifestement pas si dispos\u00e9s que \u00e7a \u00e0 la bagarre. Le jeune couple regagne la for\u00eat et le couple plus \u00e2g\u00e9 monte dans l&rsquo;estive prendre soin du troupeau.<\/p>\n<p>Les principales concern\u00e9es dans l&rsquo;histoire, les vaches, n&rsquo;ont pas daign\u00e9 mugir une seule fois, et des hauteurs d&rsquo;o\u00f9 elles contemplent la sc\u00e8ne, je suppose qu&rsquo;elles portent un jugement non d\u00e9nu\u00e9 d&rsquo;ironie. Capou, le petit Spitz, est rest\u00e9 \u00e0 l&rsquo;abri du rocher et Iris, ma ch\u00e8re \u00e9pagneule accourt vers les lieux du litige avec l&rsquo;air \u00e9tonn\u00e9 parce que j&rsquo;ai fait ma grosse voix &#8211; ce qui m&rsquo;arrive, mais rarement tout de m\u00eame. Apr\u00e8s cela, la montagne retrouve sa douceur et son calme habituel et nous allons, les cabots et moi, explorer les hauteurs de l&rsquo;autre c\u00f4t\u00e9 de la rivi\u00e8re (et de l&rsquo;autre c\u00f4t\u00e9 du troupeau surtout, car en d\u00e9but de saison, quand les vaches ont leurs veaux, elles ne sont pas toujours commodes).<\/p>\n<p>Plus tard, redescendu au village, je croise le restaurateur qui sort les poubelles &#8211; son restaurant est excellent, mais je ne peux en donner l&rsquo;adresse ici car il est pr\u00e9f\u00e9rable d&rsquo;anonymiser cette histoire, afin que nul, parmi mes lecteurs, ne puissent identifier les lieux et les protagonistes de l&rsquo;histoire. Je m&rsquo;arr\u00eate pour le saluer et m&#8217;empresse de lui raconter l&rsquo;esclandre de tout \u00e0 l&rsquo;heure. Cet homme est un fin observateur de la vie du village, il pourra m&rsquo;apprendre beaucoup sur les raisons de cette col\u00e8re. \u00c7a ne l&rsquo;\u00e9tonne pas : les gens du village (nous sommes dans le Cantal) n&rsquo;aiment pas les Aveyronnais. Na\u00efvement, je r\u00e9p\u00e8te ce que j&rsquo;ai d\u00e9j\u00e0 entendu : \u00ab\u00a0Parce qu&rsquo;ils rach\u00e8tent toutes les estives que les cantalous n&rsquo;ont pas les moyens d&rsquo;acheter ?\u00a0\u00bb. C&rsquo;est plus compliqu\u00e9 que cela, me dit-il. La v\u00e9rit\u00e9, c&rsquo;est qu&rsquo;autrefois, jusque dans les ann\u00e9es 60, les montagnes \u00e9taient pour ainsi dire abandonn\u00e9es &#8211; on avait cess\u00e9 d&rsquo;y mener les b\u00eates. Le prix des terres \u00e9tait peu \u00e9lev\u00e9, et des \u00e9leveurs aveyronnais ont commenc\u00e9 \u00e0 acheter ou louer ces terres qui n&rsquo;int\u00e9ressaient personne. Quasiment toute la montagne est devenue \u00ab\u00a0aveyronnaise\u00a0\u00bb. Mais aujourd&rsquo;hui, les plus jeunes, encourag\u00e9s en secret par les vieux du village, voudraient r\u00e9cup\u00e9rer ces r\u00e9serves d&rsquo;herbage si pris\u00e9es (\u00e0 l&rsquo;heure o\u00f9 des primes sont accord\u00e9es pour l&rsquo;entretien des prairies). La mairie a m\u00eame essay\u00e9 de d\u00e9noncer les contrats d&rsquo;exploitation poss\u00e9d\u00e9s par les aveyronnais, mais la justice ne l&rsquo;a pas entendu de cette oreille. Bref : les ranc\u0153urs sont tenaces, l&rsquo;ambiance est tendue au village, ce qui est dommage, ajoute mon restaurateur, parce que les aveyronnais sont des clients sympathiques, avec lesquels on n&rsquo;a jamais eu de probl\u00e8me. Certes, ils ne font que passer, mais tout bien consid\u00e9r\u00e9, les plus jeunes ayant tendance \u00e0 snober les caf\u00e9s et les lieux de convivialit\u00e9 du village, on les croise moins souvent que les aveyronnais.<\/p>\n<p>De retour chez moi, je m&#8217;empresse de chercher dans un moteur de recherche des informations suppl\u00e9mentaires, car il faut toujours v\u00e9rifier ces histoires avant de les raconter. Je tombe sur un ouvrage d&rsquo;un professeur de l&rsquo;Universit\u00e9 de Clermont-Ferrand, \u00c9ric Bordessoul, <em>Les \u00ab montagnes \u00bb du Massif central<\/em>, Presses universitaires Blaise Pascal (Clermont-Ferrand), collection CERAMAC, 2001. Et je trouve sans peine la confirmation du r\u00e9cit du restaurateur : \u00ab\u00a0De 1965 \u00e0 1972 (ces montagnes du Cantal) se n\u00e9gocient \u00e0 bas prix, entre mille et deux milles francs l&rsquo;hectare, soient dix fois moins que dans l&rsquo;Aubrac aveyronnais.\u00a0\u00bb Avec l&rsquo;appui du Cr\u00e9dit Agricole Aveyronnais, qui propose des pr\u00eats plus avantageux que son homologue cantalien, les aveyronnais vont effectivement mettre main basse sur ces montagnes &#8211; ils ont eu le nez fin, peut-on dire r\u00e9trospectivement, car d\u00e9sormais leur valeur est infiniment plus \u00e9lev\u00e9e qu&rsquo;elle ne l&rsquo;\u00e9tait alors. Les acquisitions de nos voisins n&rsquo;ont pas cess\u00e9 depuis, et on doit bien constater que les transhumances des troupeaux venus des d\u00e9partements limitrophes (transhumances qui se font bien entendu par camions) constituent le gros des mont\u00e9es aux estives dans le d\u00e9partement. Le nombre de vaches par exploitation en Aveyron, si on excepte les \u00e9levages bio ( plus modestes), est en moyenne bien sup\u00e9rieur \u00e0 celui des \u00e9leveurs cantaliens. On trouve m\u00eame, m&rsquo;a expliqu\u00e9 avec admiration un jeune homme qui travaille en Aubrac pour plusieurs exploitants, des fermes d&rsquo;environ mille vaches. On peut deviner d&rsquo;o\u00f9 vient le ressentiment d&rsquo;une partie des jeunes paysans cantaliens.<\/p>\n<p>Il n&#8217;emp\u00eache, la lutte pour les terres exploitables est devenue un enjeu majeur. Et l\u00e0 il n&rsquo;est pas question d&rsquo;aveyronnais. <em>Reporterre<\/em> titrait il y a quelques jours : \u00ab\u00a0<a href=\"https:\/\/reporterre.net\/Des-Chinois-achetent-en-France-des-centaines-d-hectares-de-terres-agricoles\" target=\"_blank\">Des Chinois ach\u00e8tent en France des centaines d\u2019hectares de terres agricoles<\/a>\u00ab\u00a0. De fait, l&rsquo;accaparement des terres, pas forc\u00e9ment d&rsquo;ailleurs \u00e0 des fins agricoles, constitue une des menaces qui p\u00e8se sur nos territoires : il suffit de voir ce qu&rsquo;il en est dans plusieurs pays dans toute l&rsquo;Afrique, o\u00f9 les terres sont c\u00e9d\u00e9es \u00e0 bas prix, ou bien \u00e0 des \u00c9tats \u00e9trangers, ou bien \u00e0 des multinationales, ou bien \u00e0 des fonds sp\u00e9culatifs. On lira \u00e0 ce sujet le deuxi\u00e8me chapitre du livre r\u00e9cent de Saskia Sassen <em>Expulsions<\/em>, chapitre intitul\u00e9 : \u00ab\u00a0Le nouveau march\u00e9 globale des terres\u00a0\u00bb. En Europe de l&rsquo;est, le processus d&rsquo;accaparement des terres a commenc\u00e9 depuis longtemps &#8211; je me souviens avoir discut\u00e9 dans les ann\u00e9es 90 avec un jeune agriculteur c\u00e9r\u00e9alier de mon village dans le Poitou qui me montrait avec fiert\u00e9 comment il g\u00e9rait, gr\u00e2ce \u00e0 son ordinateur, des terres qu&rsquo;il avait acquis en Roumanie. L&rsquo;Europe de l&rsquo;ouest n&rsquo;\u00e9chappe plus \u00e0 ce processus de sp\u00e9culation sur les terres, et viendra un jour o\u00f9 notre conflit interd\u00e9partemental fera sans doute bien p\u00e2le figure compar\u00e9 aux conflits \u00e0 venir.<\/p>\n<p>J&rsquo;en reste l\u00e0 pour aujourd&rsquo;hui, avec cette petite vignette prise sur le vif &#8211; je me contenterai d&rsquo;ajouter que l&rsquo;automobile rend d\u00e9cid\u00e9ment les hommes stupides. Si on quantifiait le nombre de conflits et la violence des rapports sociaux dus aux rivalit\u00e9s autour des places de parking, le nombre serait sans nul doute cons\u00e9quent. Et je repense aux paysans d&rsquo;autrefois, qui montaient \u00e0 l&rsquo;estive visiter leurs vaches \u00e0 pied, et \u00e0 l&rsquo;anc\u00eatre des skieurs de fond du Cantal, Alfred Jacomi (dont je connais bien le petit neveu) qui chaque jour montait \u00e0 l&rsquo;\u00e9table, m\u00eame en plein hiver, et redescendait avec des bidons de lait sur le dos, \u00e0 pied comme \u00e0 ski ! <a href=\"https:\/\/outsiderland.com\/Roger-Delcros\/?page_id=281\" target=\"_blank\">On lira son histoire remarquable ici<\/a>, et on mesurera \u00e0 quel point les choses ont chang\u00e9 &#8211; et je ne me ferais jamais au spectacle de ces 4&#215;4 qui gravissent les pentes les plus escarp\u00e9es, pour amener le paysan au plus pr\u00e8s de ses vaches &#8211; si bien qu&rsquo;on se demande s&rsquo;il arrive encore \u00e0 ces derniers de marcher \u00e0 pied !<\/p>\n<p>&nbsp;<\/p>\n<p>&nbsp;<\/p>\n","protected":false},"excerpt":{"rendered":"<p>Nous sommes dans ce qu&rsquo;on appelle ici une \u00ab\u00a0montagne\u00a0\u00bb, c&rsquo;est-\u00e0-dire, au sein du grand massif cantalien, une estive d&rsquo;altitude, le genre d&rsquo;endroit o\u00f9 j&rsquo;aime me balader, \u00e9t\u00e9 comme hiver, \u00e0 skis ou \u00e0 pied. Apr\u00e8s une bonne heure et demie de grimpette avec les chiens, voici la vaste prairie d&rsquo;alpage, sise \u00e0 plus de 1500&hellip;<\/p>\n <a href=\"https:\/\/outsiderland.com\/danahilliot\/un-conflit-cantalaveyron-pour-la-montagne\/\" title=\"Un conflit Cantal\/Aveyron pour la montagne\" class=\"entry-more-link\"><span>Read More<\/span> <span class=\"screen-reader-text\">Un conflit Cantal\/Aveyron pour la montagne<\/span><\/a>","protected":false},"author":1,"featured_media":1703,"comment_status":"closed","ping_status":"closed","sticky":false,"template":"","format":"standard","meta":{"Layout":"","footnotes":"","jetpack_publicize_message":"","jetpack_publicize_feature_enabled":true,"jetpack_social_post_already_shared":false,"jetpack_social_options":{"image_generator_settings":{"template":"highway","default_image_id":0,"font":"","enabled":false},"version":2}},"categories":[36],"tags":[],"class_list":["entry","author-danah","post-2428","post","type-post","status-publish","format-standard","has-post-thumbnail","category-avenir"],"yoast_head":"<!-- This site is optimized with the Yoast SEO plugin v27.0 - https:\/\/yoast.com\/product\/yoast-seo-wordpress\/ -->\n<title>Un conflit Cantal\/Aveyron pour la montagne - Outside Dana Hilliot<\/title>\n<meta name=\"robots\" content=\"index, follow, max-snippet:-1, max-image-preview:large, max-video-preview:-1\" \/>\n<link rel=\"canonical\" href=\"https:\/\/outsiderland.com\/danahilliot\/un-conflit-cantalaveyron-pour-la-montagne\/\" \/>\n<meta property=\"og:locale\" content=\"fr_FR\" \/>\n<meta property=\"og:type\" content=\"article\" \/>\n<meta property=\"og:title\" content=\"Un conflit Cantal\/Aveyron pour la montagne - Outside Dana Hilliot\" \/>\n<meta property=\"og:description\" content=\"Nous sommes dans ce qu&rsquo;on appelle ici une \u00ab\u00a0montagne\u00a0\u00bb, c&rsquo;est-\u00e0-dire, au sein du grand massif cantalien, une estive d&rsquo;altitude, le genre d&rsquo;endroit o\u00f9 j&rsquo;aime me balader, \u00e9t\u00e9 comme hiver, \u00e0 skis ou \u00e0 pied. Apr\u00e8s une bonne heure et demie de grimpette avec les chiens, voici la vaste prairie d&rsquo;alpage, sise \u00e0 plus de 1500&hellip;\" \/>\n<meta property=\"og:url\" content=\"https:\/\/outsiderland.com\/danahilliot\/un-conflit-cantalaveyron-pour-la-montagne\/\" \/>\n<meta property=\"og:site_name\" content=\"Outside Dana Hilliot\" \/>\n<meta property=\"article:published_time\" content=\"2016-06-18T22:16:31+00:00\" \/>\n<meta property=\"og:image\" content=\"https:\/\/outsiderland.com\/danahilliot\/wp-content\/uploads\/2016\/06\/27138190574_f7a1ee6bde_m.jpg\" \/>\n\t<meta property=\"og:image:width\" content=\"240\" \/>\n\t<meta property=\"og:image:height\" content=\"180\" \/>\n\t<meta property=\"og:image:type\" content=\"image\/jpeg\" \/>\n<meta name=\"author\" content=\"danah\" \/>\n<meta name=\"twitter:card\" content=\"summary_large_image\" \/>\n<meta name=\"twitter:label1\" content=\"\u00c9crit par\" \/>\n\t<meta name=\"twitter:data1\" content=\"danah\" \/>\n\t<meta name=\"twitter:label2\" content=\"Dur\u00e9e de lecture estim\u00e9e\" \/>\n\t<meta name=\"twitter:data2\" content=\"8 minutes\" \/>\n<script type=\"application\/ld+json\" class=\"yoast-schema-graph\">{\"@context\":\"https:\/\/schema.org\",\"@graph\":[{\"@type\":\"Article\",\"@id\":\"https:\/\/outsiderland.com\/danahilliot\/un-conflit-cantalaveyron-pour-la-montagne\/#article\",\"isPartOf\":{\"@id\":\"https:\/\/outsiderland.com\/danahilliot\/un-conflit-cantalaveyron-pour-la-montagne\/\"},\"author\":{\"name\":\"danah\",\"@id\":\"https:\/\/outsiderland.com\/danahilliot\/#\/schema\/person\/2f9b92e9fff19bccc36638b10510d5ae\"},\"headline\":\"Un conflit Cantal\/Aveyron pour la montagne\",\"datePublished\":\"2016-06-18T22:16:31+00:00\",\"mainEntityOfPage\":{\"@id\":\"https:\/\/outsiderland.com\/danahilliot\/un-conflit-cantalaveyron-pour-la-montagne\/\"},\"wordCount\":1691,\"publisher\":{\"@id\":\"https:\/\/outsiderland.com\/danahilliot\/#\/schema\/person\/201a1fef0f5c2897bd65e98bcf6b1179\"},\"image\":{\"@id\":\"https:\/\/outsiderland.com\/danahilliot\/un-conflit-cantalaveyron-pour-la-montagne\/#primaryimage\"},\"thumbnailUrl\":\"https:\/\/outsiderland.com\/danahilliot\/wp-content\/uploads\/2016\/06\/27138190574_f7a1ee6bde_m.jpg\",\"articleSection\":[\"L'avenir de la ruralit\u00e9\"],\"inLanguage\":\"fr-FR\"},{\"@type\":\"WebPage\",\"@id\":\"https:\/\/outsiderland.com\/danahilliot\/un-conflit-cantalaveyron-pour-la-montagne\/\",\"url\":\"https:\/\/outsiderland.com\/danahilliot\/un-conflit-cantalaveyron-pour-la-montagne\/\",\"name\":\"Un conflit Cantal\/Aveyron pour la montagne - Outside Dana Hilliot\",\"isPartOf\":{\"@id\":\"https:\/\/outsiderland.com\/danahilliot\/#website\"},\"primaryImageOfPage\":{\"@id\":\"https:\/\/outsiderland.com\/danahilliot\/un-conflit-cantalaveyron-pour-la-montagne\/#primaryimage\"},\"image\":{\"@id\":\"https:\/\/outsiderland.com\/danahilliot\/un-conflit-cantalaveyron-pour-la-montagne\/#primaryimage\"},\"thumbnailUrl\":\"https:\/\/outsiderland.com\/danahilliot\/wp-content\/uploads\/2016\/06\/27138190574_f7a1ee6bde_m.jpg\",\"datePublished\":\"2016-06-18T22:16:31+00:00\",\"breadcrumb\":{\"@id\":\"https:\/\/outsiderland.com\/danahilliot\/un-conflit-cantalaveyron-pour-la-montagne\/#breadcrumb\"},\"inLanguage\":\"fr-FR\",\"potentialAction\":[{\"@type\":\"ReadAction\",\"target\":[\"https:\/\/outsiderland.com\/danahilliot\/un-conflit-cantalaveyron-pour-la-montagne\/\"]}]},{\"@type\":\"ImageObject\",\"inLanguage\":\"fr-FR\",\"@id\":\"https:\/\/outsiderland.com\/danahilliot\/un-conflit-cantalaveyron-pour-la-montagne\/#primaryimage\",\"url\":\"https:\/\/outsiderland.com\/danahilliot\/wp-content\/uploads\/2016\/06\/27138190574_f7a1ee6bde_m.jpg\",\"contentUrl\":\"https:\/\/outsiderland.com\/danahilliot\/wp-content\/uploads\/2016\/06\/27138190574_f7a1ee6bde_m.jpg\",\"width\":240,\"height\":180},{\"@type\":\"BreadcrumbList\",\"@id\":\"https:\/\/outsiderland.com\/danahilliot\/un-conflit-cantalaveyron-pour-la-montagne\/#breadcrumb\",\"itemListElement\":[{\"@type\":\"ListItem\",\"position\":1,\"name\":\"Accueil\",\"item\":\"https:\/\/outsiderland.com\/danahilliot\/\"},{\"@type\":\"ListItem\",\"position\":2,\"name\":\"Un conflit Cantal\/Aveyron pour la montagne\"}]},{\"@type\":\"WebSite\",\"@id\":\"https:\/\/outsiderland.com\/danahilliot\/#website\",\"url\":\"https:\/\/outsiderland.com\/danahilliot\/\",\"name\":\"Outside Dana Hilliot\",\"description\":\". Archives . Activit\u00e9s . Projets .\",\"publisher\":{\"@id\":\"https:\/\/outsiderland.com\/danahilliot\/#\/schema\/person\/201a1fef0f5c2897bd65e98bcf6b1179\"},\"potentialAction\":[{\"@type\":\"SearchAction\",\"target\":{\"@type\":\"EntryPoint\",\"urlTemplate\":\"https:\/\/outsiderland.com\/danahilliot\/?s={search_term_string}\"},\"query-input\":{\"@type\":\"PropertyValueSpecification\",\"valueRequired\":true,\"valueName\":\"search_term_string\"}}],\"inLanguage\":\"fr-FR\"},{\"@type\":[\"Person\",\"Organization\"],\"@id\":\"https:\/\/outsiderland.com\/danahilliot\/#\/schema\/person\/201a1fef0f5c2897bd65e98bcf6b1179\",\"name\":\"danahilliot\",\"image\":{\"@type\":\"ImageObject\",\"inLanguage\":\"fr-FR\",\"@id\":\"https:\/\/outsiderland.com\/danahilliot\/#\/schema\/person\/image\/\",\"url\":\"https:\/\/outsiderland.com\/danahilliot\/wp-content\/uploads\/2026\/02\/50801449407_a909f2c1ad_k.jpg\",\"contentUrl\":\"https:\/\/outsiderland.com\/danahilliot\/wp-content\/uploads\/2026\/02\/50801449407_a909f2c1ad_k.jpg\",\"width\":2048,\"height\":1536,\"caption\":\"danahilliot\"},\"logo\":{\"@id\":\"https:\/\/outsiderland.com\/danahilliot\/#\/schema\/person\/image\/\"}},{\"@type\":\"Person\",\"@id\":\"https:\/\/outsiderland.com\/danahilliot\/#\/schema\/person\/2f9b92e9fff19bccc36638b10510d5ae\",\"name\":\"danah\",\"image\":{\"@type\":\"ImageObject\",\"inLanguage\":\"fr-FR\",\"@id\":\"https:\/\/outsiderland.com\/danahilliot\/#\/schema\/person\/image\/\",\"url\":\"https:\/\/secure.gravatar.com\/avatar\/ed6349755e1d97f204277de3d09fc6ac31abd856835c8ea3c3a30d0aa84b0ddd?s=96&d=mm&r=g\",\"contentUrl\":\"https:\/\/secure.gravatar.com\/avatar\/ed6349755e1d97f204277de3d09fc6ac31abd856835c8ea3c3a30d0aa84b0ddd?s=96&d=mm&r=g\",\"caption\":\"danah\"},\"url\":\"https:\/\/outsiderland.com\/danahilliot\/author\/danah\/\"}]}<\/script>\n<!-- \/ Yoast SEO plugin. -->","yoast_head_json":{"title":"Un conflit Cantal\/Aveyron pour la montagne - Outside Dana Hilliot","robots":{"index":"index","follow":"follow","max-snippet":"max-snippet:-1","max-image-preview":"max-image-preview:large","max-video-preview":"max-video-preview:-1"},"canonical":"https:\/\/outsiderland.com\/danahilliot\/un-conflit-cantalaveyron-pour-la-montagne\/","og_locale":"fr_FR","og_type":"article","og_title":"Un conflit Cantal\/Aveyron pour la montagne - Outside Dana Hilliot","og_description":"Nous sommes dans ce qu&rsquo;on appelle ici une \u00ab\u00a0montagne\u00a0\u00bb, c&rsquo;est-\u00e0-dire, au sein du grand massif cantalien, une estive d&rsquo;altitude, le genre d&rsquo;endroit o\u00f9 j&rsquo;aime me balader, \u00e9t\u00e9 comme hiver, \u00e0 skis ou \u00e0 pied. Apr\u00e8s une bonne heure et demie de grimpette avec les chiens, voici la vaste prairie d&rsquo;alpage, sise \u00e0 plus de 1500&hellip;","og_url":"https:\/\/outsiderland.com\/danahilliot\/un-conflit-cantalaveyron-pour-la-montagne\/","og_site_name":"Outside Dana Hilliot","article_published_time":"2016-06-18T22:16:31+00:00","og_image":[{"width":240,"height":180,"url":"https:\/\/outsiderland.com\/danahilliot\/wp-content\/uploads\/2016\/06\/27138190574_f7a1ee6bde_m.jpg","type":"image\/jpeg"}],"author":"danah","twitter_card":"summary_large_image","twitter_misc":{"\u00c9crit par":"danah","Dur\u00e9e de lecture estim\u00e9e":"8 minutes"},"schema":{"@context":"https:\/\/schema.org","@graph":[{"@type":"Article","@id":"https:\/\/outsiderland.com\/danahilliot\/un-conflit-cantalaveyron-pour-la-montagne\/#article","isPartOf":{"@id":"https:\/\/outsiderland.com\/danahilliot\/un-conflit-cantalaveyron-pour-la-montagne\/"},"author":{"name":"danah","@id":"https:\/\/outsiderland.com\/danahilliot\/#\/schema\/person\/2f9b92e9fff19bccc36638b10510d5ae"},"headline":"Un conflit Cantal\/Aveyron pour la montagne","datePublished":"2016-06-18T22:16:31+00:00","mainEntityOfPage":{"@id":"https:\/\/outsiderland.com\/danahilliot\/un-conflit-cantalaveyron-pour-la-montagne\/"},"wordCount":1691,"publisher":{"@id":"https:\/\/outsiderland.com\/danahilliot\/#\/schema\/person\/201a1fef0f5c2897bd65e98bcf6b1179"},"image":{"@id":"https:\/\/outsiderland.com\/danahilliot\/un-conflit-cantalaveyron-pour-la-montagne\/#primaryimage"},"thumbnailUrl":"https:\/\/outsiderland.com\/danahilliot\/wp-content\/uploads\/2016\/06\/27138190574_f7a1ee6bde_m.jpg","articleSection":["L'avenir de la ruralit\u00e9"],"inLanguage":"fr-FR"},{"@type":"WebPage","@id":"https:\/\/outsiderland.com\/danahilliot\/un-conflit-cantalaveyron-pour-la-montagne\/","url":"https:\/\/outsiderland.com\/danahilliot\/un-conflit-cantalaveyron-pour-la-montagne\/","name":"Un conflit Cantal\/Aveyron pour la montagne - Outside Dana Hilliot","isPartOf":{"@id":"https:\/\/outsiderland.com\/danahilliot\/#website"},"primaryImageOfPage":{"@id":"https:\/\/outsiderland.com\/danahilliot\/un-conflit-cantalaveyron-pour-la-montagne\/#primaryimage"},"image":{"@id":"https:\/\/outsiderland.com\/danahilliot\/un-conflit-cantalaveyron-pour-la-montagne\/#primaryimage"},"thumbnailUrl":"https:\/\/outsiderland.com\/danahilliot\/wp-content\/uploads\/2016\/06\/27138190574_f7a1ee6bde_m.jpg","datePublished":"2016-06-18T22:16:31+00:00","breadcrumb":{"@id":"https:\/\/outsiderland.com\/danahilliot\/un-conflit-cantalaveyron-pour-la-montagne\/#breadcrumb"},"inLanguage":"fr-FR","potentialAction":[{"@type":"ReadAction","target":["https:\/\/outsiderland.com\/danahilliot\/un-conflit-cantalaveyron-pour-la-montagne\/"]}]},{"@type":"ImageObject","inLanguage":"fr-FR","@id":"https:\/\/outsiderland.com\/danahilliot\/un-conflit-cantalaveyron-pour-la-montagne\/#primaryimage","url":"https:\/\/outsiderland.com\/danahilliot\/wp-content\/uploads\/2016\/06\/27138190574_f7a1ee6bde_m.jpg","contentUrl":"https:\/\/outsiderland.com\/danahilliot\/wp-content\/uploads\/2016\/06\/27138190574_f7a1ee6bde_m.jpg","width":240,"height":180},{"@type":"BreadcrumbList","@id":"https:\/\/outsiderland.com\/danahilliot\/un-conflit-cantalaveyron-pour-la-montagne\/#breadcrumb","itemListElement":[{"@type":"ListItem","position":1,"name":"Accueil","item":"https:\/\/outsiderland.com\/danahilliot\/"},{"@type":"ListItem","position":2,"name":"Un conflit Cantal\/Aveyron pour la montagne"}]},{"@type":"WebSite","@id":"https:\/\/outsiderland.com\/danahilliot\/#website","url":"https:\/\/outsiderland.com\/danahilliot\/","name":"Outside Dana Hilliot","description":". Archives . Activit\u00e9s . Projets .","publisher":{"@id":"https:\/\/outsiderland.com\/danahilliot\/#\/schema\/person\/201a1fef0f5c2897bd65e98bcf6b1179"},"potentialAction":[{"@type":"SearchAction","target":{"@type":"EntryPoint","urlTemplate":"https:\/\/outsiderland.com\/danahilliot\/?s={search_term_string}"},"query-input":{"@type":"PropertyValueSpecification","valueRequired":true,"valueName":"search_term_string"}}],"inLanguage":"fr-FR"},{"@type":["Person","Organization"],"@id":"https:\/\/outsiderland.com\/danahilliot\/#\/schema\/person\/201a1fef0f5c2897bd65e98bcf6b1179","name":"danahilliot","image":{"@type":"ImageObject","inLanguage":"fr-FR","@id":"https:\/\/outsiderland.com\/danahilliot\/#\/schema\/person\/image\/","url":"https:\/\/outsiderland.com\/danahilliot\/wp-content\/uploads\/2026\/02\/50801449407_a909f2c1ad_k.jpg","contentUrl":"https:\/\/outsiderland.com\/danahilliot\/wp-content\/uploads\/2026\/02\/50801449407_a909f2c1ad_k.jpg","width":2048,"height":1536,"caption":"danahilliot"},"logo":{"@id":"https:\/\/outsiderland.com\/danahilliot\/#\/schema\/person\/image\/"}},{"@type":"Person","@id":"https:\/\/outsiderland.com\/danahilliot\/#\/schema\/person\/2f9b92e9fff19bccc36638b10510d5ae","name":"danah","image":{"@type":"ImageObject","inLanguage":"fr-FR","@id":"https:\/\/outsiderland.com\/danahilliot\/#\/schema\/person\/image\/","url":"https:\/\/secure.gravatar.com\/avatar\/ed6349755e1d97f204277de3d09fc6ac31abd856835c8ea3c3a30d0aa84b0ddd?s=96&d=mm&r=g","contentUrl":"https:\/\/secure.gravatar.com\/avatar\/ed6349755e1d97f204277de3d09fc6ac31abd856835c8ea3c3a30d0aa84b0ddd?s=96&d=mm&r=g","caption":"danah"},"url":"https:\/\/outsiderland.com\/danahilliot\/author\/danah\/"}]}},"jetpack_publicize_connections":[],"_links":{"self":[{"href":"https:\/\/outsiderland.com\/danahilliot\/wp-json\/wp\/v2\/posts\/2428","targetHints":{"allow":["GET"]}}],"collection":[{"href":"https:\/\/outsiderland.com\/danahilliot\/wp-json\/wp\/v2\/posts"}],"about":[{"href":"https:\/\/outsiderland.com\/danahilliot\/wp-json\/wp\/v2\/types\/post"}],"author":[{"embeddable":true,"href":"https:\/\/outsiderland.com\/danahilliot\/wp-json\/wp\/v2\/users\/1"}],"replies":[{"embeddable":true,"href":"https:\/\/outsiderland.com\/danahilliot\/wp-json\/wp\/v2\/comments?post=2428"}],"version-history":[{"count":0,"href":"https:\/\/outsiderland.com\/danahilliot\/wp-json\/wp\/v2\/posts\/2428\/revisions"}],"wp:featuredmedia":[{"embeddable":true,"href":"https:\/\/outsiderland.com\/danahilliot\/wp-json\/wp\/v2\/media\/1703"}],"wp:attachment":[{"href":"https:\/\/outsiderland.com\/danahilliot\/wp-json\/wp\/v2\/media?parent=2428"}],"wp:term":[{"taxonomy":"category","embeddable":true,"href":"https:\/\/outsiderland.com\/danahilliot\/wp-json\/wp\/v2\/categories?post=2428"},{"taxonomy":"post_tag","embeddable":true,"href":"https:\/\/outsiderland.com\/danahilliot\/wp-json\/wp\/v2\/tags?post=2428"}],"curies":[{"name":"wp","href":"https:\/\/api.w.org\/{rel}","templated":true}]}}