{"id":241,"date":"2014-06-17T16:44:21","date_gmt":"2014-06-17T15:44:21","guid":{"rendered":"https:\/\/outsiderland.com\/dehors\/?p=241"},"modified":"2014-06-17T16:44:21","modified_gmt":"2014-06-17T15:44:21","slug":"nous-sommes-les-pions-des-multinationales","status":"publish","type":"post","link":"https:\/\/outsiderland.com\/danahilliot\/nous-sommes-les-pions-des-multinationales\/","title":{"rendered":"Les Derni\u00e8res Herbes, parcours et r\u00e9flexions d&rsquo;un \u00e9leveur cantalien"},"content":{"rendered":"<p>Jean-Pierre Lombard est \u00e9leveur retrait\u00e9. Sa ferme \u00e9tait\u00a0situ\u00e9e non loin de Saint-Flour, sur la commune de Saint-George, dans le Cantal. Dans son livre<em> Les Derni\u00e8res Herbes<\/em>, publi\u00e9 en 2012 aux \u00e9ditions de la Haute-Auvergne, il tire un bilan de sa vie de paysan. Son enfance dans la petite ferme familiale, \u00a0une exp\u00e9rience de facteur \u00e0 Paris, la reprise compliqu\u00e9e de la ferme \u00e0 son retour au pays, en pleine \u00ab r\u00e9volution verte\u00bb, la g\u00e9n\u00e9ralisation du machinisme,\u00a0l&rsquo;industrialisation croissante du m\u00e9tier, une administration toujours plus pressante, la sp\u00e9cialisation, la course \u00e0 la productivit\u00e9, l&rsquo;arriv\u00e9e de la biotechnologie, voil\u00e0 les \u00e9pisodes qui scandent cette histoire, et s&rsquo;ach\u00e8ve avec la revente des terres et des b\u00eates, dont il tire dans son livre des pages bouleversantes. Cette histoire\u00a0\u00e9pouse les grands bouleversements qui ont secou\u00e9 le monde agricole depuis les ann\u00e9es 60\u00a0et ce livre\u00a0constitue\u00a0un t\u00e9moignage pr\u00e9cieux, sinc\u00e8re, lucide et sans concession.<\/p>\n<p><strong>L&rsquo;impact des nouvelles pratiques :<\/strong><\/p>\n<blockquote><p>\u00ab Nous ne produisons que des mati\u00e8res premi\u00e8res dont les prix sont tributaires des sp\u00e9culateurs et des prix mondiaux. C&rsquo;est triste, nous revenons au point de d\u00e9part. Au Moyen-\u00c2ge nous \u00e9tions les serfs et les valets des familles seigneuriales, puis fermiers et m\u00e9tayers de riches propri\u00e9taires, et aujourd&rsquo;hui, les pions des multinationales. Pourtant le progr\u00e8s est pass\u00e9 par l\u00e0. Il a soulag\u00e9 la peine, redonn\u00e9 une nouvelle image de cette soci\u00e9t\u00e9 paysanne, mais il aurait du soutenir\u00a0davantage une innovation utile et adapt\u00e9e \u00e0 notre milieu o\u00f9 chacun peut se prendre en main afin que l&rsquo;on ne soit pas toujours en train d&rsquo;attendre les aides sous toutes leurs formes, parfois humiliantes, qui arrivent d&rsquo;en haut. On nous a enlev\u00e9 notre amour-propre, notre go\u00fbt du travail bien fait pour devenir des serviteurs d&rsquo;une politique banani\u00e8re. Ces nouvelles pratiques, inverses du bon sens agricole et de la logique, se d\u00e9veloppent \u00e0 la m\u00eame cadence. Ainsi ces veaux laitiers \u00e9lev\u00e9s en batterie, achet\u00e9s sur les march\u00e9s ou aux coop\u00e9ratives par des int\u00e9grateurs, ballott\u00e9s, transport\u00e9s 24 heures et plus (sans boire) jusqu&rsquo;\u00e0 700 ou 800 kilom\u00e8tres, mis en atelier pendant cinq mois sur 3 m2, retransport\u00e9s vers le centre d&rsquo;abattage \u00e0 300 ou 400 kilom\u00e8tres ! L&rsquo;agriculteur, qu&rsquo;est-il devenu dans cet engrenage ? Un maillon sans identit\u00e9.<br \/>\nQuand \u00e0 nous \u00e9leveurs, qui avons pass\u00e9 des nuits \u00e0 les faire na\u00eetre, \u00e0 leur apporter toute attention, quand la porte du camion se referme, il y a d&rsquo;un c\u00f4t\u00e9 la recette, mais de l&rsquo;autre un certain malaise, car cette organisation n&rsquo;a aucune logique et bafoue les bases m\u00eames de notre m\u00e9tier. L&rsquo;engouement pour le progr\u00e8s a \u00e9touff\u00e9 tout sentiment et toute conduite d&rsquo;\u00e9levage peu performant. Il en est de m\u00eame pour d&rsquo;autres animaux qui pourraient \u00eatre abattus dans leur r\u00e9gion de production, dans des d\u00e9lais acceptables, alors qu&rsquo;il n&rsquo;en est rien. \u00bb<\/p><\/blockquote>\n<p><em>Les derni\u00e8res herbes<\/em>, p. 57-8.<\/p>\n<p><strong>Le D\u00e9part des animaux :<\/strong><\/p>\n<blockquote><p>\u00ab Ce fut une des p\u00e9riodes les plus difficiles de ma carri\u00e8re. Il y a des jours qui marquent une vie. C&rsquo;\u00e9tait une matin\u00e9e d&rsquo;automne, vers la fin novembre. Le ciel \u00e9tait bas et rempli de gros nuages noirs qui annon\u00e7aient la pluie. Le vent du sud avait souffl\u00e9 depuis plusieurs jours et j&rsquo;\u00e9tais venu avec ma femme rassembler des animaux qui \u00e9taient sur une parcelle d&rsquo;estive. Ils broutaient les derni\u00e8res herbes car la venue de l&rsquo;hiver \u00e9tait imminente. Arriv\u00e9es dans la p\u00e2ture, les b\u00eates lev\u00e8rent la t\u00eate pour nous saluer, puis continu\u00e8rent \u00e0 pa\u00eetre. On les appela : elles se rassembl\u00e8rent et vinrent vers nous tranquillement. Elles comprenaient que c&rsquo;\u00e9tait la fin de la saison et qu&rsquo;il fallait rentrer \u00e0 l&rsquo;\u00e9table.<\/p>\n<p>J&rsquo;observais les vaches une \u00e0 une. Le vent caressait leurs poils d&rsquo;automne ample et volumineux qui les rendait encore plus belles. Je savais que les adieux allaient bient\u00f4t commencer. La derni\u00e8re page de ma passion allait se tourner. Je continuais \u00e0 leur parler et \u00e0 les caresser. je crois que l&rsquo;on se comprenait. Puis ce fut le dernier convoi.<\/p>\n<p>(&#8230;)<\/p>\n<p>Le plus gros lot d&rsquo;animaux partit par un froid matin de d\u00e9cembre. Ce d\u00e9part avait \u00e9t\u00e9 retard\u00e9 par les intemp\u00e9ries des jours pr\u00e9c\u00e9dents. Ce sursis m&rsquo;avait permis de leur parler ; mais les mots n&rsquo;\u00e9taient plus les m\u00eames et eux-m\u00eames en \u00e9taient surpris. La nuit avant fut longue et le chargement difficile. Le camion charg\u00e9, certaines b\u00eates me regardaient avec intensit\u00e9. Elles auraient voulu comprendre. Je baissais les yeux, j&rsquo;\u00e9tais \u00e0 la limite de pleurer. C&rsquo;est par leur haleine, condens\u00e9e par le froid et sortie de leurs naseaux vers le haut du camion, que mes animaux me dirent \u00ab\u00a0adieu\u00a0\u00bb. \u00bb<\/p><\/blockquote>\n<p>(<em>Les derni\u00e8res herbes<\/em>, p. 111-112)<\/p>\n<figure id=\"attachment_221\" aria-describedby=\"caption-attachment-221\" style=\"width: 224px\" class=\"wp-caption alignnone\"><a href=\"https:\/\/outsiderland.com\/danahilliot\/wp-content\/uploads\/2014\/06\/10389974_306678206163408_5696660655063785493_n.jpg\"><img decoding=\"async\" class=\"size-medium wp-image-221\" src=\"https:\/\/outsiderland.com\/danahilliot\/wp-content\/uploads\/2014\/06\/10389974_306678206163408_5696660655063785493_n-224x300.jpg\" alt=\"Jean-Pierre Lombard, Les derni\u00e8res herbes\" width=\"224\" height=\"300\" srcset=\"https:\/\/outsiderland.com\/danahilliot\/wp-content\/uploads\/2014\/06\/10389974_306678206163408_5696660655063785493_n-224x300.jpg 224w, https:\/\/outsiderland.com\/danahilliot\/wp-content\/uploads\/2014\/06\/10389974_306678206163408_5696660655063785493_n.jpg 351w\" sizes=\"(max-width: 224px) 100vw, 224px\" \/><\/a><figcaption id=\"caption-attachment-221\" class=\"wp-caption-text\">Jean-Pierre Lombard, Les derni\u00e8res herbes<\/figcaption><\/figure>\n<p>SOURCE : <a href=\"http:\/\/www.editions-des-monts-dauvergne.com\/index.php?route=product\/product&amp;path=9_119_107&amp;product_id=104\" target=\"_blank\">Jean-Pierre Lombard, Les Derni\u00e8res herbes, \u00c9ditions de la Haute-Auvergne 2012.<\/a><\/p>\n","protected":false},"excerpt":{"rendered":"<p>Jean-Pierre Lombard est \u00e9leveur retrait\u00e9. Sa ferme \u00e9tait\u00a0situ\u00e9e non loin de Saint-Flour, sur la commune de Saint-George, dans le Cantal. Dans son livre Les Derni\u00e8res Herbes, publi\u00e9 en 2012 aux \u00e9ditions de la Haute-Auvergne, il tire un bilan de sa vie de paysan. Son enfance dans la petite ferme familiale, \u00a0une exp\u00e9rience de facteur \u00e0&hellip;<\/p>\n <a href=\"https:\/\/outsiderland.com\/danahilliot\/nous-sommes-les-pions-des-multinationales\/\" title=\"Les Derni\u00e8res Herbes, parcours et r\u00e9flexions d&rsquo;un \u00e9leveur cantalien\" class=\"entry-more-link\"><span>Read More<\/span> <span class=\"screen-reader-text\">Les Derni\u00e8res Herbes, parcours et r\u00e9flexions d&rsquo;un \u00e9leveur cantalien<\/span><\/a>","protected":false},"author":1,"featured_media":221,"comment_status":"closed","ping_status":"closed","sticky":false,"template":"","format":"standard","meta":{"Layout":"","footnotes":"","jetpack_publicize_message":"","jetpack_publicize_feature_enabled":true,"jetpack_social_post_already_shared":false,"jetpack_social_options":{"image_generator_settings":{"template":"highway","default_image_id":0,"font":"","enabled":false},"version":2}},"categories":[36],"tags":[],"class_list":["entry","author-danah","post-241","post","type-post","status-publish","format-standard","has-post-thumbnail","category-avenir"],"yoast_head":"<!-- This site is optimized with the Yoast SEO plugin v27.0 - https:\/\/yoast.com\/product\/yoast-seo-wordpress\/ -->\n<title>Les Derni\u00e8res Herbes, parcours et r\u00e9flexions d&#039;un \u00e9leveur cantalien - Outside Dana Hilliot<\/title>\n<meta name=\"robots\" content=\"index, follow, max-snippet:-1, max-image-preview:large, max-video-preview:-1\" \/>\n<link rel=\"canonical\" href=\"https:\/\/outsiderland.com\/danahilliot\/nous-sommes-les-pions-des-multinationales\/\" \/>\n<meta property=\"og:locale\" content=\"fr_FR\" \/>\n<meta property=\"og:type\" content=\"article\" \/>\n<meta property=\"og:title\" content=\"Les Derni\u00e8res Herbes, parcours et r\u00e9flexions d&#039;un \u00e9leveur cantalien - Outside Dana Hilliot\" \/>\n<meta property=\"og:description\" content=\"Jean-Pierre Lombard est \u00e9leveur retrait\u00e9. Sa ferme \u00e9tait\u00a0situ\u00e9e non loin de Saint-Flour, sur la commune de Saint-George, dans le Cantal. Dans son livre Les Derni\u00e8res Herbes, publi\u00e9 en 2012 aux \u00e9ditions de la Haute-Auvergne, il tire un bilan de sa vie de paysan. Son enfance dans la petite ferme familiale, \u00a0une exp\u00e9rience de facteur \u00e0&hellip;\" \/>\n<meta property=\"og:url\" content=\"https:\/\/outsiderland.com\/danahilliot\/nous-sommes-les-pions-des-multinationales\/\" \/>\n<meta property=\"og:site_name\" content=\"Outside Dana Hilliot\" \/>\n<meta property=\"article:published_time\" content=\"2014-06-17T15:44:21+00:00\" \/>\n<meta property=\"og:image\" content=\"https:\/\/outsiderland.com\/danahilliot\/wp-content\/uploads\/2014\/06\/10389974_306678206163408_5696660655063785493_n.jpg\" \/>\n\t<meta property=\"og:image:width\" content=\"351\" \/>\n\t<meta property=\"og:image:height\" content=\"470\" \/>\n\t<meta property=\"og:image:type\" content=\"image\/jpeg\" \/>\n<meta name=\"author\" content=\"danah\" \/>\n<meta name=\"twitter:card\" content=\"summary_large_image\" \/>\n<meta name=\"twitter:label1\" content=\"\u00c9crit par\" \/>\n\t<meta name=\"twitter:data1\" content=\"danah\" \/>\n\t<meta name=\"twitter:label2\" content=\"Dur\u00e9e de lecture estim\u00e9e\" \/>\n\t<meta name=\"twitter:data2\" content=\"4 minutes\" \/>\n<script type=\"application\/ld+json\" class=\"yoast-schema-graph\">{\"@context\":\"https:\/\/schema.org\",\"@graph\":[{\"@type\":\"Article\",\"@id\":\"https:\/\/outsiderland.com\/danahilliot\/nous-sommes-les-pions-des-multinationales\/#article\",\"isPartOf\":{\"@id\":\"https:\/\/outsiderland.com\/danahilliot\/nous-sommes-les-pions-des-multinationales\/\"},\"author\":{\"name\":\"danah\",\"@id\":\"https:\/\/outsiderland.com\/danahilliot\/#\/schema\/person\/2f9b92e9fff19bccc36638b10510d5ae\"},\"headline\":\"Les Derni\u00e8res Herbes, parcours et r\u00e9flexions d&rsquo;un \u00e9leveur cantalien\",\"datePublished\":\"2014-06-17T15:44:21+00:00\",\"mainEntityOfPage\":{\"@id\":\"https:\/\/outsiderland.com\/danahilliot\/nous-sommes-les-pions-des-multinationales\/\"},\"wordCount\":872,\"publisher\":{\"@id\":\"https:\/\/outsiderland.com\/danahilliot\/#\/schema\/person\/201a1fef0f5c2897bd65e98bcf6b1179\"},\"image\":{\"@id\":\"https:\/\/outsiderland.com\/danahilliot\/nous-sommes-les-pions-des-multinationales\/#primaryimage\"},\"thumbnailUrl\":\"https:\/\/outsiderland.com\/danahilliot\/wp-content\/uploads\/2014\/06\/10389974_306678206163408_5696660655063785493_n.jpg\",\"articleSection\":[\"L'avenir de la ruralit\u00e9\"],\"inLanguage\":\"fr-FR\"},{\"@type\":\"WebPage\",\"@id\":\"https:\/\/outsiderland.com\/danahilliot\/nous-sommes-les-pions-des-multinationales\/\",\"url\":\"https:\/\/outsiderland.com\/danahilliot\/nous-sommes-les-pions-des-multinationales\/\",\"name\":\"Les Derni\u00e8res Herbes, parcours et r\u00e9flexions d'un \u00e9leveur cantalien - Outside Dana Hilliot\",\"isPartOf\":{\"@id\":\"https:\/\/outsiderland.com\/danahilliot\/#website\"},\"primaryImageOfPage\":{\"@id\":\"https:\/\/outsiderland.com\/danahilliot\/nous-sommes-les-pions-des-multinationales\/#primaryimage\"},\"image\":{\"@id\":\"https:\/\/outsiderland.com\/danahilliot\/nous-sommes-les-pions-des-multinationales\/#primaryimage\"},\"thumbnailUrl\":\"https:\/\/outsiderland.com\/danahilliot\/wp-content\/uploads\/2014\/06\/10389974_306678206163408_5696660655063785493_n.jpg\",\"datePublished\":\"2014-06-17T15:44:21+00:00\",\"breadcrumb\":{\"@id\":\"https:\/\/outsiderland.com\/danahilliot\/nous-sommes-les-pions-des-multinationales\/#breadcrumb\"},\"inLanguage\":\"fr-FR\",\"potentialAction\":[{\"@type\":\"ReadAction\",\"target\":[\"https:\/\/outsiderland.com\/danahilliot\/nous-sommes-les-pions-des-multinationales\/\"]}]},{\"@type\":\"ImageObject\",\"inLanguage\":\"fr-FR\",\"@id\":\"https:\/\/outsiderland.com\/danahilliot\/nous-sommes-les-pions-des-multinationales\/#primaryimage\",\"url\":\"https:\/\/outsiderland.com\/danahilliot\/wp-content\/uploads\/2014\/06\/10389974_306678206163408_5696660655063785493_n.jpg\",\"contentUrl\":\"https:\/\/outsiderland.com\/danahilliot\/wp-content\/uploads\/2014\/06\/10389974_306678206163408_5696660655063785493_n.jpg\",\"width\":351,\"height\":470,\"caption\":\"Jean-Pierre Lombard, Les derni\u00e8res herbes\"},{\"@type\":\"BreadcrumbList\",\"@id\":\"https:\/\/outsiderland.com\/danahilliot\/nous-sommes-les-pions-des-multinationales\/#breadcrumb\",\"itemListElement\":[{\"@type\":\"ListItem\",\"position\":1,\"name\":\"Accueil\",\"item\":\"https:\/\/outsiderland.com\/danahilliot\/\"},{\"@type\":\"ListItem\",\"position\":2,\"name\":\"Les Derni\u00e8res Herbes, parcours et r\u00e9flexions d&rsquo;un \u00e9leveur cantalien\"}]},{\"@type\":\"WebSite\",\"@id\":\"https:\/\/outsiderland.com\/danahilliot\/#website\",\"url\":\"https:\/\/outsiderland.com\/danahilliot\/\",\"name\":\"Outside Dana Hilliot\",\"description\":\". Archives . Activit\u00e9s . Projets .\",\"publisher\":{\"@id\":\"https:\/\/outsiderland.com\/danahilliot\/#\/schema\/person\/201a1fef0f5c2897bd65e98bcf6b1179\"},\"potentialAction\":[{\"@type\":\"SearchAction\",\"target\":{\"@type\":\"EntryPoint\",\"urlTemplate\":\"https:\/\/outsiderland.com\/danahilliot\/?s={search_term_string}\"},\"query-input\":{\"@type\":\"PropertyValueSpecification\",\"valueRequired\":true,\"valueName\":\"search_term_string\"}}],\"inLanguage\":\"fr-FR\"},{\"@type\":[\"Person\",\"Organization\"],\"@id\":\"https:\/\/outsiderland.com\/danahilliot\/#\/schema\/person\/201a1fef0f5c2897bd65e98bcf6b1179\",\"name\":\"danahilliot\",\"image\":{\"@type\":\"ImageObject\",\"inLanguage\":\"fr-FR\",\"@id\":\"https:\/\/outsiderland.com\/danahilliot\/#\/schema\/person\/image\/\",\"url\":\"https:\/\/outsiderland.com\/danahilliot\/wp-content\/uploads\/2026\/02\/50801449407_a909f2c1ad_k.jpg\",\"contentUrl\":\"https:\/\/outsiderland.com\/danahilliot\/wp-content\/uploads\/2026\/02\/50801449407_a909f2c1ad_k.jpg\",\"width\":2048,\"height\":1536,\"caption\":\"danahilliot\"},\"logo\":{\"@id\":\"https:\/\/outsiderland.com\/danahilliot\/#\/schema\/person\/image\/\"}},{\"@type\":\"Person\",\"@id\":\"https:\/\/outsiderland.com\/danahilliot\/#\/schema\/person\/2f9b92e9fff19bccc36638b10510d5ae\",\"name\":\"danah\",\"image\":{\"@type\":\"ImageObject\",\"inLanguage\":\"fr-FR\",\"@id\":\"https:\/\/outsiderland.com\/danahilliot\/#\/schema\/person\/image\/\",\"url\":\"https:\/\/secure.gravatar.com\/avatar\/ed6349755e1d97f204277de3d09fc6ac31abd856835c8ea3c3a30d0aa84b0ddd?s=96&d=mm&r=g\",\"contentUrl\":\"https:\/\/secure.gravatar.com\/avatar\/ed6349755e1d97f204277de3d09fc6ac31abd856835c8ea3c3a30d0aa84b0ddd?s=96&d=mm&r=g\",\"caption\":\"danah\"},\"url\":\"https:\/\/outsiderland.com\/danahilliot\/author\/danah\/\"}]}<\/script>\n<!-- \/ Yoast SEO plugin. -->","yoast_head_json":{"title":"Les Derni\u00e8res Herbes, parcours et r\u00e9flexions d'un \u00e9leveur cantalien - Outside Dana Hilliot","robots":{"index":"index","follow":"follow","max-snippet":"max-snippet:-1","max-image-preview":"max-image-preview:large","max-video-preview":"max-video-preview:-1"},"canonical":"https:\/\/outsiderland.com\/danahilliot\/nous-sommes-les-pions-des-multinationales\/","og_locale":"fr_FR","og_type":"article","og_title":"Les Derni\u00e8res Herbes, parcours et r\u00e9flexions d'un \u00e9leveur cantalien - Outside Dana Hilliot","og_description":"Jean-Pierre Lombard est \u00e9leveur retrait\u00e9. Sa ferme \u00e9tait\u00a0situ\u00e9e non loin de Saint-Flour, sur la commune de Saint-George, dans le Cantal. Dans son livre Les Derni\u00e8res Herbes, publi\u00e9 en 2012 aux \u00e9ditions de la Haute-Auvergne, il tire un bilan de sa vie de paysan. Son enfance dans la petite ferme familiale, \u00a0une exp\u00e9rience de facteur \u00e0&hellip;","og_url":"https:\/\/outsiderland.com\/danahilliot\/nous-sommes-les-pions-des-multinationales\/","og_site_name":"Outside Dana Hilliot","article_published_time":"2014-06-17T15:44:21+00:00","og_image":[{"width":351,"height":470,"url":"https:\/\/outsiderland.com\/danahilliot\/wp-content\/uploads\/2014\/06\/10389974_306678206163408_5696660655063785493_n.jpg","type":"image\/jpeg"}],"author":"danah","twitter_card":"summary_large_image","twitter_misc":{"\u00c9crit par":"danah","Dur\u00e9e de lecture estim\u00e9e":"4 minutes"},"schema":{"@context":"https:\/\/schema.org","@graph":[{"@type":"Article","@id":"https:\/\/outsiderland.com\/danahilliot\/nous-sommes-les-pions-des-multinationales\/#article","isPartOf":{"@id":"https:\/\/outsiderland.com\/danahilliot\/nous-sommes-les-pions-des-multinationales\/"},"author":{"name":"danah","@id":"https:\/\/outsiderland.com\/danahilliot\/#\/schema\/person\/2f9b92e9fff19bccc36638b10510d5ae"},"headline":"Les Derni\u00e8res Herbes, parcours et r\u00e9flexions d&rsquo;un \u00e9leveur cantalien","datePublished":"2014-06-17T15:44:21+00:00","mainEntityOfPage":{"@id":"https:\/\/outsiderland.com\/danahilliot\/nous-sommes-les-pions-des-multinationales\/"},"wordCount":872,"publisher":{"@id":"https:\/\/outsiderland.com\/danahilliot\/#\/schema\/person\/201a1fef0f5c2897bd65e98bcf6b1179"},"image":{"@id":"https:\/\/outsiderland.com\/danahilliot\/nous-sommes-les-pions-des-multinationales\/#primaryimage"},"thumbnailUrl":"https:\/\/outsiderland.com\/danahilliot\/wp-content\/uploads\/2014\/06\/10389974_306678206163408_5696660655063785493_n.jpg","articleSection":["L'avenir de la ruralit\u00e9"],"inLanguage":"fr-FR"},{"@type":"WebPage","@id":"https:\/\/outsiderland.com\/danahilliot\/nous-sommes-les-pions-des-multinationales\/","url":"https:\/\/outsiderland.com\/danahilliot\/nous-sommes-les-pions-des-multinationales\/","name":"Les Derni\u00e8res Herbes, parcours et r\u00e9flexions d'un \u00e9leveur cantalien - Outside Dana Hilliot","isPartOf":{"@id":"https:\/\/outsiderland.com\/danahilliot\/#website"},"primaryImageOfPage":{"@id":"https:\/\/outsiderland.com\/danahilliot\/nous-sommes-les-pions-des-multinationales\/#primaryimage"},"image":{"@id":"https:\/\/outsiderland.com\/danahilliot\/nous-sommes-les-pions-des-multinationales\/#primaryimage"},"thumbnailUrl":"https:\/\/outsiderland.com\/danahilliot\/wp-content\/uploads\/2014\/06\/10389974_306678206163408_5696660655063785493_n.jpg","datePublished":"2014-06-17T15:44:21+00:00","breadcrumb":{"@id":"https:\/\/outsiderland.com\/danahilliot\/nous-sommes-les-pions-des-multinationales\/#breadcrumb"},"inLanguage":"fr-FR","potentialAction":[{"@type":"ReadAction","target":["https:\/\/outsiderland.com\/danahilliot\/nous-sommes-les-pions-des-multinationales\/"]}]},{"@type":"ImageObject","inLanguage":"fr-FR","@id":"https:\/\/outsiderland.com\/danahilliot\/nous-sommes-les-pions-des-multinationales\/#primaryimage","url":"https:\/\/outsiderland.com\/danahilliot\/wp-content\/uploads\/2014\/06\/10389974_306678206163408_5696660655063785493_n.jpg","contentUrl":"https:\/\/outsiderland.com\/danahilliot\/wp-content\/uploads\/2014\/06\/10389974_306678206163408_5696660655063785493_n.jpg","width":351,"height":470,"caption":"Jean-Pierre Lombard, Les derni\u00e8res herbes"},{"@type":"BreadcrumbList","@id":"https:\/\/outsiderland.com\/danahilliot\/nous-sommes-les-pions-des-multinationales\/#breadcrumb","itemListElement":[{"@type":"ListItem","position":1,"name":"Accueil","item":"https:\/\/outsiderland.com\/danahilliot\/"},{"@type":"ListItem","position":2,"name":"Les Derni\u00e8res Herbes, parcours et r\u00e9flexions d&rsquo;un \u00e9leveur cantalien"}]},{"@type":"WebSite","@id":"https:\/\/outsiderland.com\/danahilliot\/#website","url":"https:\/\/outsiderland.com\/danahilliot\/","name":"Outside Dana Hilliot","description":". Archives . Activit\u00e9s . Projets .","publisher":{"@id":"https:\/\/outsiderland.com\/danahilliot\/#\/schema\/person\/201a1fef0f5c2897bd65e98bcf6b1179"},"potentialAction":[{"@type":"SearchAction","target":{"@type":"EntryPoint","urlTemplate":"https:\/\/outsiderland.com\/danahilliot\/?s={search_term_string}"},"query-input":{"@type":"PropertyValueSpecification","valueRequired":true,"valueName":"search_term_string"}}],"inLanguage":"fr-FR"},{"@type":["Person","Organization"],"@id":"https:\/\/outsiderland.com\/danahilliot\/#\/schema\/person\/201a1fef0f5c2897bd65e98bcf6b1179","name":"danahilliot","image":{"@type":"ImageObject","inLanguage":"fr-FR","@id":"https:\/\/outsiderland.com\/danahilliot\/#\/schema\/person\/image\/","url":"https:\/\/outsiderland.com\/danahilliot\/wp-content\/uploads\/2026\/02\/50801449407_a909f2c1ad_k.jpg","contentUrl":"https:\/\/outsiderland.com\/danahilliot\/wp-content\/uploads\/2026\/02\/50801449407_a909f2c1ad_k.jpg","width":2048,"height":1536,"caption":"danahilliot"},"logo":{"@id":"https:\/\/outsiderland.com\/danahilliot\/#\/schema\/person\/image\/"}},{"@type":"Person","@id":"https:\/\/outsiderland.com\/danahilliot\/#\/schema\/person\/2f9b92e9fff19bccc36638b10510d5ae","name":"danah","image":{"@type":"ImageObject","inLanguage":"fr-FR","@id":"https:\/\/outsiderland.com\/danahilliot\/#\/schema\/person\/image\/","url":"https:\/\/secure.gravatar.com\/avatar\/ed6349755e1d97f204277de3d09fc6ac31abd856835c8ea3c3a30d0aa84b0ddd?s=96&d=mm&r=g","contentUrl":"https:\/\/secure.gravatar.com\/avatar\/ed6349755e1d97f204277de3d09fc6ac31abd856835c8ea3c3a30d0aa84b0ddd?s=96&d=mm&r=g","caption":"danah"},"url":"https:\/\/outsiderland.com\/danahilliot\/author\/danah\/"}]}},"jetpack_publicize_connections":[],"_links":{"self":[{"href":"https:\/\/outsiderland.com\/danahilliot\/wp-json\/wp\/v2\/posts\/241","targetHints":{"allow":["GET"]}}],"collection":[{"href":"https:\/\/outsiderland.com\/danahilliot\/wp-json\/wp\/v2\/posts"}],"about":[{"href":"https:\/\/outsiderland.com\/danahilliot\/wp-json\/wp\/v2\/types\/post"}],"author":[{"embeddable":true,"href":"https:\/\/outsiderland.com\/danahilliot\/wp-json\/wp\/v2\/users\/1"}],"replies":[{"embeddable":true,"href":"https:\/\/outsiderland.com\/danahilliot\/wp-json\/wp\/v2\/comments?post=241"}],"version-history":[{"count":0,"href":"https:\/\/outsiderland.com\/danahilliot\/wp-json\/wp\/v2\/posts\/241\/revisions"}],"wp:featuredmedia":[{"embeddable":true,"href":"https:\/\/outsiderland.com\/danahilliot\/wp-json\/wp\/v2\/media\/221"}],"wp:attachment":[{"href":"https:\/\/outsiderland.com\/danahilliot\/wp-json\/wp\/v2\/media?parent=241"}],"wp:term":[{"taxonomy":"category","embeddable":true,"href":"https:\/\/outsiderland.com\/danahilliot\/wp-json\/wp\/v2\/categories?post=241"},{"taxonomy":"post_tag","embeddable":true,"href":"https:\/\/outsiderland.com\/danahilliot\/wp-json\/wp\/v2\/tags?post=241"}],"curies":[{"name":"wp","href":"https:\/\/api.w.org\/{rel}","templated":true}]}}