{"id":236,"date":"2014-06-17T16:34:27","date_gmt":"2014-06-17T15:34:27","guid":{"rendered":"https:\/\/outsiderland.com\/dehors\/?p=236"},"modified":"2014-06-17T16:34:27","modified_gmt":"2014-06-17T15:34:27","slug":"la-guerre-pour-la-terre","status":"publish","type":"post","link":"https:\/\/outsiderland.com\/danahilliot\/la-guerre-pour-la-terre\/","title":{"rendered":"Une r\u00e9serve de vie sauvage associative"},"content":{"rendered":"<p>L&rsquo;<a href=\"http:\/\/www.aspas-nature.org\/conservatoire-de-laspas\/les-reserves-de-vie-sauvage\/rvs-du-grand-barry\/\" target=\"_blank\">Association pour la Protection des Animaux Sauvages<\/a>\u00a0a lanc\u00e9 ces derni\u00e8res ann\u00e9es un programme d&rsquo;acquisition fonci\u00e8re en vue de cr\u00e9er des espaces\u00a0d\u00e9di\u00e9s \u00e0 la pr\u00e9servation de la vie sauvage.\u00a0Les fonds n\u00e9cessaires \u00e0 l&rsquo;acquisition de ces terrains proviennent de dons priv\u00e9s ou de contributions de fondations. Les terrains sont parfois l\u00e9gu\u00e9s par donation. Trois\u00a0projets d&rsquo;acquisition ont abouti au jour d&rsquo;aujourd&rsquo;hui, la R\u00e9serve de Vie Sauvage du Grand Barry \u00ae (dans la Dr\u00f4me), domaine bois\u00e9 et montagneux de 105 hectares, la R\u00e9serve de Vie Sauvage des Deux Lacs \u00ae (\u00e9galement dans la Dr\u00f4me), zone humide de 60 ha, et la R\u00e9serve de Vie Sauvage du Tr\u00e9gor \u00ae (dans les C\u00f4tes-d\u2019Armor), un morceau de for\u00eat de 60 ha long\u00e9 par une rivi\u00e8re. Les militants de l&rsquo;association esp\u00e8rent qu&rsquo;une diversit\u00e9 d&rsquo;esp\u00e8ces animales et v\u00e9g\u00e9tales pourront y trouver refuge, et pour ce faire, ils instaurent \u00e0 l&rsquo;entr\u00e9e de chaque r\u00e9serve trois interdits : la chasse, l&rsquo;exploitation foresti\u00e8re et la circulation d&rsquo;engins motoris\u00e9s.<\/p>\n<p>Prenons la r\u00e9serve du Barry, qui a fait parler d&rsquo;elle dans les m\u00e9dias. Une centaine d&rsquo;hectares repr\u00e9sente un carr\u00e9 de un kilom\u00e8tre\u00a0de c\u00f4t\u00e9. C&rsquo;est peu, diront les uns, mais c&rsquo;est d\u00e9j\u00e0 pas mal diront les autres. La valeur\u00a0symbolique de ces acquisitions est \u00e9vidente, et nous y reviendrons, mais leur fonction de refuge pourrait bien s\u00e9duire certaines esp\u00e8ces, dont le territoire vital trouverait \u00e0 s&rsquo;\u00e9tendre au sein de ces domaines. Il sera int\u00e9ressant en tous cas d&rsquo;\u00e9tudier les comportements spatiaux des grands mammif\u00e8res et des carnivores qui vivent aux alentours du massif : feront-ils un usage diff\u00e9renci\u00e9 d&rsquo;un tel espace ?\u00a0Si, au bout d&rsquo;un certain temps, cet espace est utilis\u00e9 comme un refuge, et si, d&rsquo;un autre c\u00f4t\u00e9, la chasse s&rsquo;intensifie aux abords de la r\u00e9serve, dans quelle mesure la concurrence n&rsquo;induira-t-elle pas des d\u00e9s\u00e9quilibres entre les esp\u00e8ces ? Pour les grands mammif\u00e8res, le territoire vital d\u00e9passe largement cent hectares (un cerf par exemple se d\u00e9place sur 1000 \u00e0 2000 hectares, beaucoup d&rsquo;animaux changent de domaine vital (<em>home range<\/em>)\u00a0selon la saison, la disponibilit\u00e9 des ressources alimentaires, les variations de la population, la pression des concurrents et des pr\u00e9dateurs, etc.. Les chasseurs qui poss\u00e8dent des parcs de chasse priv\u00e9s connaissent bien la difficult\u00e9 qu&rsquo;il y a \u00e0 fixer le gibier sur un territoire donn\u00e9). Que penser enfin du credo de l&rsquo;ASPAS :<\/p>\n<blockquote><p>\u00ab\u00a0La gestion conservatoire recommande la non-intervention. Ces zones naturelles ne recevront dans la mesure du possible aucune intervention humaine. Elles seront laiss\u00e9es en libre \u00e9volution. \u00bb ?<\/p><\/blockquote>\n<p>Ce principe de non-intervention (qui constitue un <em>leitmotiv<\/em> classique chez les militants de la cause animale : \u00ab <em>let animal be<\/em> \u00bb) vaudra-t-il en cas d&rsquo;incendie ou de catastrophes naturelles, et que ferons-nous si une \u00e9pid\u00e9mie se d\u00e9clenche ? Souhaite-t-on prot\u00e9ger une zone \u00abnaturelle\u00bb ou prot\u00e9ger les animaux cens\u00e9s adopter ce sanctuaire\u00a0? Est-il si \u00e9vident qu&rsquo;en poursuivant le premier objectif on atteigne \u00e9galement le second ? Je laisse ici les naturalistes r\u00e9pondre \u2014 et l&rsquo;avenir en tous cas nous dira comment les animaux r\u00e9pondent aux intentions des humains qui ont cr\u00e9\u00e9 la r\u00e9serve.<\/p>\n<p>Je voudrais toutefois apporter un point de vue tout \u00e0 fait diff\u00e9rent sur cette initiative. Il est exprim\u00e9 sur le\u00a0forum\u00a0<em>chassepassion.net<\/em>, un des espaces de discussion les plus actifs en France concernant\u00a0la chasse, et le th\u00e8me est abord\u00e9 sous le titre : \u00ab\u00a0ACHAT DE TERRAINS PAR DES ANTI-CHASSE \u00bb. Le ton est donn\u00e9 d&#8217;embl\u00e9e, mais, en r\u00e9alit\u00e9, quand on entre dans les argumentaires des uns et des autres, qu&rsquo;on d\u00e9passe l&rsquo;ironie assez nette des intervenants vis-\u00e0-vis des \u00ab\u00e9cologistes\u00bb, notamment concernant les suppos\u00e9es comp\u00e9tences et connaissances des une et des autres en mati\u00e8re de milieux naturels, les objections et commentaires fournissent la mati\u00e8re d&rsquo;un d\u00e9bat qui m\u00e9riterait d&rsquo;\u00eatre pos\u00e9.<\/p>\n<p>L&rsquo;objection majeure\u00a0repose sur la na\u00efvet\u00e9 suppos\u00e9e des concepteurs de ces parcs naturels priv\u00e9s (et reprend des questions que j&rsquo;ai pos\u00e9es ci-dessus) : on \u00e9met de s\u00e9rieux doutes sur l&rsquo;\u00e9quilibre des esp\u00e8ces dans ce genre de sanctuaire. Un des interlocuteurs pr\u00e9voit que les sangliers vont y pulluler (et, reprenant la rh\u00e9torique classique chez les chasseurs, anticipe et la col\u00e8re des agriculteurs et les co\u00fbts pour la f\u00e9d\u00e9ration de chasse locale). Un autre (RedCloud), que je rejoins sur ce point, attend de voir : \u00ab\u00a0Alors l\u00e0 qu&rsquo;ils ach\u00e8tent des terrains pour leurs sanctuaires je trouve \u00e7a tr\u00e8s bien,(&#8230;)\u00a0comme \u00e7a un jour on fera un comparatif de la biodiversit\u00e9 dans les zones chass\u00e9es normales, entretenues et leurs sanctuaires. \u00bb. Autre argument visant cette fois la non-intervention (et que je rejoins \u00e9galement)\u00a0: \u00ab \u00c7a peut marcher mais malheureusement la r\u00e9gulation du grand gibier sera in\u00e9vitable. Car les espaces ne sont pas herm\u00e9tiques.\u00bb La question de l&rsquo;entretien de la for\u00eat se pose \u00e9galement, dans la mesure o\u00f9 tout activit\u00e9 de foresterie \u00e9tant proscrite, il y a l\u00e0 un facteur favorable au d\u00e9clenchement d&rsquo;incendie (l&rsquo;incendie fait partie des \u00e9v\u00e9nements qui affectent \u00abnaturellement\u00bb si je puis dire les for\u00eats s\u00e8ches, comme c&rsquo;est le cas des for\u00eats du bassin m\u00e9diterran\u00e9en. Mais, compte-tenu de la densit\u00e9 des habitats humains, et des risques inh\u00e9rents aux incendies, un propri\u00e9taire forestier est tenu d&rsquo;assurer un entretien suffisant de sa for\u00eat pour pr\u00e9venir les incendies. D&rsquo;autre part, si la for\u00eat br\u00fble, l&rsquo;objectif de sanctuariser un espace pour les animaux sauvages est-il rempli ?<\/p>\n<p>Dans le cours de la discussion, on en vient \u00e0 \u00e9voquer la question de l&rsquo;achat de foncier.\u00a0Un interlocuteur fait remarquer que la chasse en milieu naturel\u00a0n&rsquo;est pas s\u00e9rieusement\u00a0menac\u00e9e par ces projets \u00e9cologistes (lesquels pour le moment ne concernent que des surfaces ridiculement petites), mais plut\u00f4t par les acquisitions de terrain de chasse par des \u00ab fonds d&rsquo;investissement\u00bb, qui privatisent ainsi de vastes parties de for\u00eat ou de moyenne montagne,\u00a0les cl\u00f4turent, pour y organiser des parties de chasse r\u00e9serv\u00e9es \u00e0 des\u00a0participants tri\u00e9s sur le volet, ou dans une perspective sp\u00e9culative (par exemple en vue d&rsquo;exploiter des richesses mini\u00e8res \u00e9ventuelles). Ce constat rejoint bizarrement celui des militants de\u00a0l&rsquo;ASPAS :\u00a0\u00ab (&#8230;)\u00a0de plus en plus de grands espaces \u00e9tant utilis\u00e9s pour des chasses priv\u00e9es, les animaux ont de moins en moins de refuges. \u00bb Le ph\u00e9nom\u00e8ne d&rsquo;<a href=\"http:\/\/farmlandgrab.org\/\" target=\"_blank\">accaparement des terres<\/a> n&rsquo;a rien d&rsquo;une chim\u00e8re \u2014 il est encore mod\u00e9r\u00e9 en France (<a href=\"http:\/\/farmlandgrab.org\/post\/view\/23563\" target=\"_blank\">mais cela peut changer \u00e0 l&rsquo;avenir<\/a>), mais prend des proportions extraordinaire dans le monde, et notamment dans les pays du sud.\u00a0\u00a0Les chasseurs et les d\u00e9fenseurs de la nature, apr\u00e8s <a href=\"http:\/\/www.confederationpaysanne.fr\/mc_nos_positions.php?mc=18\" target=\"_blank\">les paysans<\/a>, ont donc raison de s&rsquo;en inqui\u00e9ter, et ce n&rsquo;est pas moindre paradoxe qu&rsquo;ils puissent se rejoindre sur cette question, et en concluent que\u00a0la r\u00e9alisation de leurs objectifs passent par l&rsquo;achat collectif (par voie associative ou autre) de foncier.<\/p>\n<p>&nbsp;<\/p>\n<hr \/>\n<p>[En relisant cet article je d\u00e9couvre sur le site chasse-passion.net <a href=\"http:\/\/www.chassepassion.net\/chasse\/actualite-de-la-chasse\/2473-quand-president-de-la-federation-des-chasseurs-de-la-drome-remet-laspas-a-sa-place\" target=\"_blank\">le communiqu\u00e9 de presse r\u00e9dig\u00e9 par le pr\u00e9sident de la F\u00e9d\u00e9ration de chasse de la Dr\u00f4me,\u00a0<\/a><a href=\"http:\/\/www.chassepassion.net\/chasse\/actualite-de-la-chasse\/2473-quand-president-de-la-federation-des-chasseurs-de-la-drome-remet-laspas-a-sa-place\" target=\"_blank\">Alain Hurtevent<\/a>, lequel est manifestement agac\u00e9, et on le comprend, par l&rsquo;abattage m\u00e9diatique autour de cette acquisition de terrain par l&rsquo;ASPAS. Il y a une disproportion \u00e9vidente entre la modestie de l&rsquo;acquisition de l&rsquo;ASPAS et sa port\u00e9e symbolique. Or, rappelle-t-il, des initiatives dans ce genre, il en existe d\u00e9j\u00e0 en France, bien plus cons\u00e9quente, et qui se sont op\u00e9r\u00e9es dans une bien plus grande discr\u00e9tion. Ne serait-ce que dans la Dr\u00f4me : \u00ab\u00a0Que repr\u00e9sentent en effet ces 100 hectares au regard des plus de 50.000 hectares de r\u00e9serves de chasse institu\u00e9es depuis 50 ans dans le d\u00e9partement par les chasseurs dr\u00f4mois, soit une superficie 500 fois sup\u00e9rieure \u00e0 celle de l\u2019acquisition de l\u2019ASPAS ? \u00bb Et, pour ce qui est de l&rsquo;acquisition priv\u00e9e sous forme de r\u00e9serve int\u00e9grale, nous avons l&rsquo;exemple r\u00e9cent de la \u00ab\u00a0r\u00e9serve biologique int\u00e9grale (RBI ) de Saint Agnan en Vercors ( Dr\u00f4me) et Saint And\u00e9ol en Vercors (Is\u00e8re). Cette RBI couvre une superficie de 3000 hectares o\u00f9 depuis 3 ans le gestionnaire laisse libre cours \u00a0\u00ab\u00a0\u00e0 la dynamique spontan\u00e9e des habitats, aux fins d&rsquo;\u00e9tude et de connaissance des processus impliqu\u00e9s, ainsi que de conservation ou d\u00e9veloppement de la biodiversit\u00e9 associ\u00e9e (entomofaune saproxylique, etc.)\u00a0\u00bb \u00bb L\u00e0 aussi, les interventions sylvicoles et la chasse sont interdites, et l&rsquo;acc\u00e8s extr\u00eamement r\u00e9glement\u00e9. Enfin, il rappelle l&rsquo;existence de la\u00a0Wildlife Habitats Foundation (WHF), cr\u00e9\u00e9 en \u00a01979 et reconnue d&rsquo;utilit\u00e9 publique depuis 1983, qui, gr\u00e2ce aux donations volontaires de chasseurs, a permis l&rsquo;acquisition de plus 5500 ha riches d&rsquo;une biodiversit\u00e9 remarquable sur tout le territoire.<\/p>\n<p>Il est effectivement frappant de constater comment ces pratiques sont peu m\u00e9diatis\u00e9es comparativement aux initiatives qui viennent de la sph\u00e8re \u00ab \u00e9cologique \u00bb proprement dite (ou revendiqu\u00e9e comme telle). Alain Hurtevent ajoute, et je le suivrais sur ce point, qu&rsquo;on ne souffre pas tant d&rsquo;une diminution de la population des grands mammif\u00e8res en France (\u00e0 commencer par les cervid\u00e9s et les sangliers) que de l&rsquo;explosion de ces populations (mais je noterai qu&rsquo;il faudrait vivre \u00e0 la campagne et fr\u00e9quenter les for\u00eats pour s&rsquo;en rendre compte !). Et il conclut en conc\u00e9dant que \u00ab le monde de la chasse p\u00e8che sans doute d\u2019un d\u00e9ficit de communication. \u00bb (point sur lequel je reviendrais) ]<\/p>\n<hr \/>\n<p>&nbsp;<\/p>\n<p>Toutefois, si les lois qui r\u00e9gulent\u00a0plus ou moins en France l&rsquo;achat de foncier (notamment de terres agricoles \u00e0 travers les SAFER) et garantissent des zones de protection relative (\u00e0 travers les parcs naturels et les zones Natura 2000 par exemple) venaient \u00e0 s&rsquo;affaiblir, ou que des investisseurs parviennent \u00e0 les contourner avec le soutien des pouvoirs publics et des potentats locaux, comme c&rsquo;est d\u00e9j\u00e0 le cas dans bien des r\u00e9gions du monde, ces initiatives \u00ab citoyennes \u00bb (et je compte ici pour citoyens aussi bien les d\u00e9fenseurs de la nature que les chasseurs, les p\u00e9cheurs et les petits paysans) feraient bien p\u00e2le figure compar\u00e9es\u00a0\u00e0 la puissance des multinationales qui s\u00e9vissent un peu partout dans le monde. Et nous assisterions non seulement\u00a0\u00e0 une privatisation tout azimut du territoire, mais aussi \u00e0 la restriction des zones publiquement accessible (on imagine une\u00a0myriade de zones \u00abr\u00e9serv\u00e9es\u00bb \u00e0 tel ou tel usage). L&rsquo;exemple accablant de la Sologne, territoire litt\u00e9ralement accapar\u00e9 par\u00a0les propri\u00e9taires de chasses priv\u00e9es, et fragment\u00e9 en zones cl\u00f4tur\u00e9es laisse imaginer \u00e0 quoi pourrait ressembler un paysage livr\u00e9 \u00e0 la course \u00e0 l&rsquo;appropriation des terres : on lira avec attention le dossier que le <a href=\"http:\/\/www.lepetitsolognot.fr\/categorie\/dossiers\/clotures-sologne\/\" target=\"_blank\">Petit Solognot<\/a> a consacr\u00e9 aux grillages qui d\u00e9coupent la Sologne de part en part.<\/p>\n<p>Un autre exemple me vient \u00e0 l&rsquo;esprit :\u00a0celui de\u00a0<a href=\"http:\/\/www.youphil.com\/fr\/article\/03998-douglas-tompkins-l-homme-qui-achete-la-patagonie?ypcli=ano\" target=\"_blank\">Douglas Tompkins<\/a>, l&rsquo;ex-PDG de The North Face (une marque de v\u00eatements fameuses chez tous les amateurs de sports de pleine nature) et de son \u00e9pouse <span style=\"color: #463a34;\">Kristine, propri\u00e9taire de Patagonia, autre marque de v\u00eatements r\u00e9put\u00e9e<\/span>. Le couple,\u00a0devenu extr\u00eamement fortun\u00e9, a entrepris de racheter des terres en Patagonie afin de cr\u00e9er une r\u00e9serve environnementale (et, de mani\u00e8re plus ambitieuse, un parc naturel). Ils suivent l&rsquo;exemple de ce millionnaire italien qui avait d\u00e9j\u00e0 l\u00e9gu\u00e9 au Chili les terres qui sont devenues le\u00a0<span style=\"color: #463a34;\">parc national\u00a0<\/span><a style=\"color: #ff2d00;\" href=\"http:\/\/www.torresdelpaine.com\/\" target=\"_blank\">Torres del Paine.<\/a>\u00a0Le projet des Tomkins est, comme celui des membres de l&rsquo;association pour la protection des animaux sauvages, largement inspir\u00e9 de la <em>deep ecology<\/em>, mais\u00a0les superficies concern\u00e9es sont incomparables : il s&rsquo;agit ici de prot\u00e9ger plus de 8000 kilom\u00e8tres carr\u00e9s. Cet espace serait avant tout d\u00e9di\u00e9 aux touristes, ou du moins \u00e0 une poign\u00e9e de touristes suffisamment ais\u00e9s pour pouvoir se rendre en Patagonie, et l&rsquo;espace accessible par les visiteurs n&rsquo;occupe actuellement que 2% du parc. Conform\u00e9ment aux principes radicaux de Tompkins, un espace naturel se porte mieux sans pr\u00e9sence humaine, et les humains ne seront tol\u00e9r\u00e9s que dans les sanctuaires \u00e0 vocation p\u00e9dagogique, selon un mod\u00e8le d\u00e9fendu \u00e9galement par nombre de protecteurs des animaux (la protection de la nature et les animaux doivent \u00eatre prot\u00e9g\u00e9s des humains \u2014\u00a0quelle genre de vie devrait alors vivre les humains, ainsi coup\u00e9s de la nature et des animaux, voil\u00e0 une cons\u00e9quence qu&rsquo;on d\u00e9veloppe rarement, mais passons). On notera avec int\u00e9r\u00eat que Douglas Tomkins se garde bien\u00a0d&rsquo;\u00e9voquer les rares humains qui vivent sur place ou ont\u00a0un certain usage des montagnes dont il est d\u00e9sormais l&rsquo;heureux propri\u00e9taire\u00a0:\u00a0une densit\u00e9 humaine peu importante \u00a0ne signifie pas pour autant une absence totale d&rsquo;humains, ou une \u00ab nature \u00bb absolument vierge. Les r\u00e9criminations et les\u00a0craintes des \u00ab rares \u00bb habitants sont \u00e9videmment autant qu&rsquo;il est possible pass\u00e9es sous silence par les promoteurs du projet et les \u00e9tats concern\u00e9s (l&rsquo;Argentine et le Chili).<\/p>\n<p>Que penser de ce projet ? Quand une multinationale s&rsquo;accapare des terres en Afrique, en Asie, en Am\u00e9rique du sud, pour y lancer des projets d&rsquo;extraction mini\u00e8re ou d&rsquo;exploitation des sous-sol par exemple, on est fond\u00e9 \u00e0 craindre un cas relevant de la justice environnementale (on devrait dire, de l&rsquo;injustice environnementale). Dans le cas de Tomkins, les choses paraissent plus compliqu\u00e9es. L&rsquo;environnement se portera certainement mieux dans le parc cr\u00e9\u00e9 par le millionnaire am\u00e9ricain que si l&rsquo;on abandonne ces m\u00eames terres \u00e0 des projets visant \u00e0 d\u00e9velopper l\u2019exploitation des \u00e9nergies hydrauliques ou issues de l&rsquo;extraction d&rsquo;hydrocarbures. Le point de savoir si la population est l\u00e9s\u00e9e dans l&rsquo;affaire importe n\u00e9anmoins\u00a0si on se place du point de vue de la justice environnementale. Le fait est que les habitants des environs se m\u00e9fient (ils craignent par exemple de ne plus avoir l&rsquo;usage de ces terres, ou que leur avis ne soit plus jamais pris en compte).\u00a0La conception priv\u00e9e\u00a0que Tomkins se fait du bien se traduit en acte dans la mesure o\u00f9 Tomkins dispose d&rsquo;une immense fortune. Quant aux habitants du Chili ou d&rsquo;Argentine, on ne prend pas la peine de recueillir leur avis \u00e0 ce sujet. La conception politique du bien\u00a0g\u00e9n\u00e9ral et le d\u00e9bat qu&rsquo;elle suppose (et qui, il faut bien\u00a0le reconna\u00eetre, est trop souvent\u00a0\u00e9vit\u00e9 par la puissance publique, \u00e0 coup de proc\u00e9dures sp\u00e9ciales) sont r\u00e9duits\u00a0au silence par la conception des plus riches.\u00a0Assez typiquement, les Tomkins se permettent de r\u00e9aliser leur conception du bien dans un pays lointain (la Patagonie) parce qu&rsquo;ils se pensent\u00a0comme\u00a0citoyens du monde, et, mieux encore, comme des repr\u00e9sentants l\u00e9gitimes de la plan\u00e8te en danger. Ce droit et cette l\u00e9gitimit\u00e9 que leur argent leur donne, et qui leur permet de n\u00e9gocier en position de force avec les gouvernements et les propri\u00e9taires concern\u00e9s, n&rsquo;est pas un droit politique. Quand des terres sont rachet\u00e9es par une puissance priv\u00e9e, les citoyens sont mis en quelque sorte devant le fait accompli. Tomkins n&rsquo;a pas besoin de cr\u00e9er un d\u00e9bat autour de l&rsquo;avenir de la Patagonie \u2014 il a le pouvoir de fabriquer cet avenir, quoiqu&rsquo;en pensent les gens\u00a0du cru. Les politiques de la nature, qui restent \u00e0 inventer, ne peuvent pour le moment que c\u00e9der devant les puissances du march\u00e9 \u2014 reste \u00e0 prier que les \u00ab protecteurs de la nature\u00bb\u00a0l&#8217;emporte sur les \u00abma\u00eetres et les possesseurs de la nature\u00bb : mais prier n&rsquo;est pas un comportement politique, c&rsquo;est s&rsquo;en remettre, et c&rsquo;est trop souvent le cas, au fait du Prince, \u00e0 une forme de despotisme\u00a0pr\u00e9tendument\u00a0\u00e9clair\u00e9.<\/p>\n<p>Il semble illusoire d&rsquo;esp\u00e9rer lutter contre l&rsquo;appropriation des terres par les soci\u00e9t\u00e9s priv\u00e9es en achetant collectivement quelques lambeaux de prairies, de for\u00eats ou de montagnes. Cette lutte sera de toutes fa\u00e7ons in\u00e9gale et ne fera qu&rsquo;accro\u00eetre une parcellisation du territoire, laquelle est dommageable me semble-t-il \u00e0 tous \u00e9gards, et pour tous les acteurs concern\u00e9s, les paysans, les chasseurs et les \u00e9cologistes, bien entendu, mais \u00e9galement et surtout pour les animaux (sans parler des randonneurs et des promeneurs du dimanche). Cette question de la propri\u00e9t\u00e9 des terres s&rsquo;inscrit plus globalement dans la perspective\u00a0des paysages \u00ab que nous voulons \u00bb (ce que j&rsquo;appelle le \u00abdroit aux paysages\u00bb) : et c&rsquo;est ici que les instances politiques doivent faire valoir leurs droits (y compris et peut-\u00eatre m\u00eame surtout au niveau le plus local, \u00e0 travers des outils de concertation et de d\u00e9cision r\u00e9unissant les habitants des territoires concern\u00e9s). Les droits de pr\u00e9emption des\u00a0organismes existants (la SAFER par exemple) doit \u00eatre \u00e9largi, dans le cadre de n\u00e9gociation syst\u00e9matique avec les repr\u00e9sentants des communes concern\u00e9es. Les espaces appartenant \u00e0 la collectivit\u00e9 (par exemple les biens communaux, utilis\u00e9s et valoris\u00e9s dans une perspective environnementale) doivent \u00eatre prot\u00e9g\u00e9s et augment\u00e9s. \u00c0 contre-courant de la tendance majeure du capitalisme de march\u00e9, il faut affirmer la n\u00e9cessit\u00e9 d&rsquo;une augmentation\u00a0territoriale du domaine public et mettre en place des modalit\u00e9s de discussions entre les habitants, discussions portant sur les usages possibles de tel ou tel domaine.<\/p>\n<p>&nbsp;<\/p>\n<p>SOURCES : <a href=\"http:\/\/www.aspas-nature.org\/conservatoire-de-laspas\/les-reserves-de-vie-sauvage\/rvs-du-grand-barry\/\" target=\"_blank\">La R\u00e9serve de vie sauvage du Grand Barry<\/a><br \/>\n<a href=\"http:\/\/www.aspas-nature.org\/conservatoire-de-laspas\/les-reserves-de-vie-sauvage\/rvs-du-grand-barry\/\" target=\"_blank\">Association pour la Protection des Animaux Sauvages<\/a><\/p>\n<p><a href=\"http:\/\/www.youphil.com\/fr\/article\/03998-douglas-tompkins-l-homme-qui-achete-la-patagonie?ypcli=ano\" target=\"_blank\">Douglas Tompkins, l\u2019homme qui ach\u00e8te la Patagonie<\/a><br \/>\n<a href=\"http:\/\/www.youphil.com\/fr\/article\/03998-douglas-tompkins-l-homme-qui-achete-la-patagonie?ypcli=ano\" target=\"_blank\">R\u00e9daction | Jean-Baptiste Mouttet | 20\/06\/2011, YOUPHIL<\/a><\/p>\n<p><a href=\"http:\/\/www.chassepassion.net\/chasse\/actualite-de-la-chasse\/2473-quand-president-de-la-federation-des-chasseurs-de-la-drome-remet-laspas-a-sa-place\" target=\"_blank\">\u00a0Communiqu\u00e9 de presse du pr\u00e9sident FDC 26 :\u00a0Alain Hurtevent (Chasse-Passion.net, juillet 2014)<\/a><\/p>\n","protected":false},"excerpt":{"rendered":"<p>L&rsquo;Association pour la Protection des Animaux Sauvages\u00a0a lanc\u00e9 ces derni\u00e8res ann\u00e9es un programme d&rsquo;acquisition fonci\u00e8re en vue de cr\u00e9er des espaces\u00a0d\u00e9di\u00e9s \u00e0 la pr\u00e9servation de la vie sauvage.\u00a0Les fonds n\u00e9cessaires \u00e0 l&rsquo;acquisition de ces terrains proviennent de dons priv\u00e9s ou de contributions de fondations. Les terrains sont parfois l\u00e9gu\u00e9s par donation. Trois\u00a0projets d&rsquo;acquisition ont abouti&hellip;<\/p>\n <a href=\"https:\/\/outsiderland.com\/danahilliot\/la-guerre-pour-la-terre\/\" title=\"Une r\u00e9serve de vie sauvage associative\" class=\"entry-more-link\"><span>Read More<\/span> <span class=\"screen-reader-text\">Une r\u00e9serve de vie sauvage associative<\/span><\/a>","protected":false},"author":1,"featured_media":238,"comment_status":"closed","ping_status":"closed","sticky":false,"template":"","format":"standard","meta":{"Layout":"","footnotes":"","jetpack_publicize_message":"","jetpack_publicize_feature_enabled":true,"jetpack_social_post_already_shared":false,"jetpack_social_options":{"image_generator_settings":{"template":"highway","default_image_id":0,"font":"","enabled":false},"version":2}},"categories":[38],"tags":[],"class_list":["entry","author-danah","post-236","post","type-post","status-publish","format-standard","has-post-thumbnail","category-deep-ecology"],"yoast_head":"<!-- This site is optimized with the Yoast SEO plugin v27.0 - https:\/\/yoast.com\/product\/yoast-seo-wordpress\/ -->\n<title>Une r\u00e9serve de vie sauvage associative - Outside Dana Hilliot<\/title>\n<meta name=\"robots\" content=\"index, follow, max-snippet:-1, max-image-preview:large, max-video-preview:-1\" \/>\n<link rel=\"canonical\" href=\"https:\/\/outsiderland.com\/danahilliot\/la-guerre-pour-la-terre\/\" \/>\n<meta property=\"og:locale\" content=\"fr_FR\" \/>\n<meta property=\"og:type\" content=\"article\" \/>\n<meta property=\"og:title\" content=\"Une r\u00e9serve de vie sauvage associative - Outside Dana Hilliot\" \/>\n<meta property=\"og:description\" content=\"L&rsquo;Association pour la Protection des Animaux Sauvages\u00a0a lanc\u00e9 ces derni\u00e8res ann\u00e9es un programme d&rsquo;acquisition fonci\u00e8re en vue de cr\u00e9er des espaces\u00a0d\u00e9di\u00e9s \u00e0 la pr\u00e9servation de la vie sauvage.\u00a0Les fonds n\u00e9cessaires \u00e0 l&rsquo;acquisition de ces terrains proviennent de dons priv\u00e9s ou de contributions de fondations. Les terrains sont parfois l\u00e9gu\u00e9s par donation. Trois\u00a0projets d&rsquo;acquisition ont abouti&hellip;\" \/>\n<meta property=\"og:url\" content=\"https:\/\/outsiderland.com\/danahilliot\/la-guerre-pour-la-terre\/\" \/>\n<meta property=\"og:site_name\" content=\"Outside Dana Hilliot\" \/>\n<meta property=\"article:published_time\" content=\"2014-06-17T15:34:27+00:00\" \/>\n<meta property=\"og:image\" content=\"https:\/\/outsiderland.com\/danahilliot\/wp-content\/uploads\/2014\/06\/RVS.Grand_.Barry-R.Collange.jpg\" \/>\n\t<meta property=\"og:image:width\" content=\"710\" \/>\n\t<meta property=\"og:image:height\" content=\"473\" \/>\n\t<meta property=\"og:image:type\" content=\"image\/jpeg\" \/>\n<meta name=\"author\" content=\"danah\" \/>\n<meta name=\"twitter:card\" content=\"summary_large_image\" \/>\n<meta name=\"twitter:label1\" content=\"\u00c9crit par\" \/>\n\t<meta name=\"twitter:data1\" content=\"danah\" \/>\n\t<meta name=\"twitter:label2\" content=\"Dur\u00e9e de lecture estim\u00e9e\" \/>\n\t<meta name=\"twitter:data2\" content=\"15 minutes\" \/>\n<script type=\"application\/ld+json\" class=\"yoast-schema-graph\">{\"@context\":\"https:\/\/schema.org\",\"@graph\":[{\"@type\":\"Article\",\"@id\":\"https:\/\/outsiderland.com\/danahilliot\/la-guerre-pour-la-terre\/#article\",\"isPartOf\":{\"@id\":\"https:\/\/outsiderland.com\/danahilliot\/la-guerre-pour-la-terre\/\"},\"author\":{\"name\":\"danah\",\"@id\":\"https:\/\/outsiderland.com\/danahilliot\/#\/schema\/person\/2f9b92e9fff19bccc36638b10510d5ae\"},\"headline\":\"Une r\u00e9serve de vie sauvage associative\",\"datePublished\":\"2014-06-17T15:34:27+00:00\",\"mainEntityOfPage\":{\"@id\":\"https:\/\/outsiderland.com\/danahilliot\/la-guerre-pour-la-terre\/\"},\"wordCount\":3038,\"publisher\":{\"@id\":\"https:\/\/outsiderland.com\/danahilliot\/#\/schema\/person\/201a1fef0f5c2897bd65e98bcf6b1179\"},\"image\":{\"@id\":\"https:\/\/outsiderland.com\/danahilliot\/la-guerre-pour-la-terre\/#primaryimage\"},\"thumbnailUrl\":\"https:\/\/outsiderland.com\/danahilliot\/wp-content\/uploads\/2014\/06\/RVS.Grand_.Barry-R.Collange.jpg\",\"articleSection\":[\"Deep Ecology\"],\"inLanguage\":\"fr-FR\"},{\"@type\":\"WebPage\",\"@id\":\"https:\/\/outsiderland.com\/danahilliot\/la-guerre-pour-la-terre\/\",\"url\":\"https:\/\/outsiderland.com\/danahilliot\/la-guerre-pour-la-terre\/\",\"name\":\"Une r\u00e9serve de vie sauvage associative - Outside Dana Hilliot\",\"isPartOf\":{\"@id\":\"https:\/\/outsiderland.com\/danahilliot\/#website\"},\"primaryImageOfPage\":{\"@id\":\"https:\/\/outsiderland.com\/danahilliot\/la-guerre-pour-la-terre\/#primaryimage\"},\"image\":{\"@id\":\"https:\/\/outsiderland.com\/danahilliot\/la-guerre-pour-la-terre\/#primaryimage\"},\"thumbnailUrl\":\"https:\/\/outsiderland.com\/danahilliot\/wp-content\/uploads\/2014\/06\/RVS.Grand_.Barry-R.Collange.jpg\",\"datePublished\":\"2014-06-17T15:34:27+00:00\",\"breadcrumb\":{\"@id\":\"https:\/\/outsiderland.com\/danahilliot\/la-guerre-pour-la-terre\/#breadcrumb\"},\"inLanguage\":\"fr-FR\",\"potentialAction\":[{\"@type\":\"ReadAction\",\"target\":[\"https:\/\/outsiderland.com\/danahilliot\/la-guerre-pour-la-terre\/\"]}]},{\"@type\":\"ImageObject\",\"inLanguage\":\"fr-FR\",\"@id\":\"https:\/\/outsiderland.com\/danahilliot\/la-guerre-pour-la-terre\/#primaryimage\",\"url\":\"https:\/\/outsiderland.com\/danahilliot\/wp-content\/uploads\/2014\/06\/RVS.Grand_.Barry-R.Collange.jpg\",\"contentUrl\":\"https:\/\/outsiderland.com\/danahilliot\/wp-content\/uploads\/2014\/06\/RVS.Grand_.Barry-R.Collange.jpg\",\"width\":710,\"height\":473},{\"@type\":\"BreadcrumbList\",\"@id\":\"https:\/\/outsiderland.com\/danahilliot\/la-guerre-pour-la-terre\/#breadcrumb\",\"itemListElement\":[{\"@type\":\"ListItem\",\"position\":1,\"name\":\"Accueil\",\"item\":\"https:\/\/outsiderland.com\/danahilliot\/\"},{\"@type\":\"ListItem\",\"position\":2,\"name\":\"Une r\u00e9serve de vie sauvage associative\"}]},{\"@type\":\"WebSite\",\"@id\":\"https:\/\/outsiderland.com\/danahilliot\/#website\",\"url\":\"https:\/\/outsiderland.com\/danahilliot\/\",\"name\":\"Outside Dana Hilliot\",\"description\":\". Archives . Activit\u00e9s . Projets .\",\"publisher\":{\"@id\":\"https:\/\/outsiderland.com\/danahilliot\/#\/schema\/person\/201a1fef0f5c2897bd65e98bcf6b1179\"},\"potentialAction\":[{\"@type\":\"SearchAction\",\"target\":{\"@type\":\"EntryPoint\",\"urlTemplate\":\"https:\/\/outsiderland.com\/danahilliot\/?s={search_term_string}\"},\"query-input\":{\"@type\":\"PropertyValueSpecification\",\"valueRequired\":true,\"valueName\":\"search_term_string\"}}],\"inLanguage\":\"fr-FR\"},{\"@type\":[\"Person\",\"Organization\"],\"@id\":\"https:\/\/outsiderland.com\/danahilliot\/#\/schema\/person\/201a1fef0f5c2897bd65e98bcf6b1179\",\"name\":\"danahilliot\",\"image\":{\"@type\":\"ImageObject\",\"inLanguage\":\"fr-FR\",\"@id\":\"https:\/\/outsiderland.com\/danahilliot\/#\/schema\/person\/image\/\",\"url\":\"https:\/\/outsiderland.com\/danahilliot\/wp-content\/uploads\/2026\/02\/50801449407_a909f2c1ad_k.jpg\",\"contentUrl\":\"https:\/\/outsiderland.com\/danahilliot\/wp-content\/uploads\/2026\/02\/50801449407_a909f2c1ad_k.jpg\",\"width\":2048,\"height\":1536,\"caption\":\"danahilliot\"},\"logo\":{\"@id\":\"https:\/\/outsiderland.com\/danahilliot\/#\/schema\/person\/image\/\"}},{\"@type\":\"Person\",\"@id\":\"https:\/\/outsiderland.com\/danahilliot\/#\/schema\/person\/2f9b92e9fff19bccc36638b10510d5ae\",\"name\":\"danah\",\"image\":{\"@type\":\"ImageObject\",\"inLanguage\":\"fr-FR\",\"@id\":\"https:\/\/outsiderland.com\/danahilliot\/#\/schema\/person\/image\/\",\"url\":\"https:\/\/secure.gravatar.com\/avatar\/ed6349755e1d97f204277de3d09fc6ac31abd856835c8ea3c3a30d0aa84b0ddd?s=96&d=mm&r=g\",\"contentUrl\":\"https:\/\/secure.gravatar.com\/avatar\/ed6349755e1d97f204277de3d09fc6ac31abd856835c8ea3c3a30d0aa84b0ddd?s=96&d=mm&r=g\",\"caption\":\"danah\"},\"url\":\"https:\/\/outsiderland.com\/danahilliot\/author\/danah\/\"}]}<\/script>\n<!-- \/ Yoast SEO plugin. -->","yoast_head_json":{"title":"Une r\u00e9serve de vie sauvage associative - Outside Dana Hilliot","robots":{"index":"index","follow":"follow","max-snippet":"max-snippet:-1","max-image-preview":"max-image-preview:large","max-video-preview":"max-video-preview:-1"},"canonical":"https:\/\/outsiderland.com\/danahilliot\/la-guerre-pour-la-terre\/","og_locale":"fr_FR","og_type":"article","og_title":"Une r\u00e9serve de vie sauvage associative - Outside Dana Hilliot","og_description":"L&rsquo;Association pour la Protection des Animaux Sauvages\u00a0a lanc\u00e9 ces derni\u00e8res ann\u00e9es un programme d&rsquo;acquisition fonci\u00e8re en vue de cr\u00e9er des espaces\u00a0d\u00e9di\u00e9s \u00e0 la pr\u00e9servation de la vie sauvage.\u00a0Les fonds n\u00e9cessaires \u00e0 l&rsquo;acquisition de ces terrains proviennent de dons priv\u00e9s ou de contributions de fondations. Les terrains sont parfois l\u00e9gu\u00e9s par donation. Trois\u00a0projets d&rsquo;acquisition ont abouti&hellip;","og_url":"https:\/\/outsiderland.com\/danahilliot\/la-guerre-pour-la-terre\/","og_site_name":"Outside Dana Hilliot","article_published_time":"2014-06-17T15:34:27+00:00","og_image":[{"width":710,"height":473,"url":"https:\/\/outsiderland.com\/danahilliot\/wp-content\/uploads\/2014\/06\/RVS.Grand_.Barry-R.Collange.jpg","type":"image\/jpeg"}],"author":"danah","twitter_card":"summary_large_image","twitter_misc":{"\u00c9crit par":"danah","Dur\u00e9e de lecture estim\u00e9e":"15 minutes"},"schema":{"@context":"https:\/\/schema.org","@graph":[{"@type":"Article","@id":"https:\/\/outsiderland.com\/danahilliot\/la-guerre-pour-la-terre\/#article","isPartOf":{"@id":"https:\/\/outsiderland.com\/danahilliot\/la-guerre-pour-la-terre\/"},"author":{"name":"danah","@id":"https:\/\/outsiderland.com\/danahilliot\/#\/schema\/person\/2f9b92e9fff19bccc36638b10510d5ae"},"headline":"Une r\u00e9serve de vie sauvage associative","datePublished":"2014-06-17T15:34:27+00:00","mainEntityOfPage":{"@id":"https:\/\/outsiderland.com\/danahilliot\/la-guerre-pour-la-terre\/"},"wordCount":3038,"publisher":{"@id":"https:\/\/outsiderland.com\/danahilliot\/#\/schema\/person\/201a1fef0f5c2897bd65e98bcf6b1179"},"image":{"@id":"https:\/\/outsiderland.com\/danahilliot\/la-guerre-pour-la-terre\/#primaryimage"},"thumbnailUrl":"https:\/\/outsiderland.com\/danahilliot\/wp-content\/uploads\/2014\/06\/RVS.Grand_.Barry-R.Collange.jpg","articleSection":["Deep Ecology"],"inLanguage":"fr-FR"},{"@type":"WebPage","@id":"https:\/\/outsiderland.com\/danahilliot\/la-guerre-pour-la-terre\/","url":"https:\/\/outsiderland.com\/danahilliot\/la-guerre-pour-la-terre\/","name":"Une r\u00e9serve de vie sauvage associative - Outside Dana Hilliot","isPartOf":{"@id":"https:\/\/outsiderland.com\/danahilliot\/#website"},"primaryImageOfPage":{"@id":"https:\/\/outsiderland.com\/danahilliot\/la-guerre-pour-la-terre\/#primaryimage"},"image":{"@id":"https:\/\/outsiderland.com\/danahilliot\/la-guerre-pour-la-terre\/#primaryimage"},"thumbnailUrl":"https:\/\/outsiderland.com\/danahilliot\/wp-content\/uploads\/2014\/06\/RVS.Grand_.Barry-R.Collange.jpg","datePublished":"2014-06-17T15:34:27+00:00","breadcrumb":{"@id":"https:\/\/outsiderland.com\/danahilliot\/la-guerre-pour-la-terre\/#breadcrumb"},"inLanguage":"fr-FR","potentialAction":[{"@type":"ReadAction","target":["https:\/\/outsiderland.com\/danahilliot\/la-guerre-pour-la-terre\/"]}]},{"@type":"ImageObject","inLanguage":"fr-FR","@id":"https:\/\/outsiderland.com\/danahilliot\/la-guerre-pour-la-terre\/#primaryimage","url":"https:\/\/outsiderland.com\/danahilliot\/wp-content\/uploads\/2014\/06\/RVS.Grand_.Barry-R.Collange.jpg","contentUrl":"https:\/\/outsiderland.com\/danahilliot\/wp-content\/uploads\/2014\/06\/RVS.Grand_.Barry-R.Collange.jpg","width":710,"height":473},{"@type":"BreadcrumbList","@id":"https:\/\/outsiderland.com\/danahilliot\/la-guerre-pour-la-terre\/#breadcrumb","itemListElement":[{"@type":"ListItem","position":1,"name":"Accueil","item":"https:\/\/outsiderland.com\/danahilliot\/"},{"@type":"ListItem","position":2,"name":"Une r\u00e9serve de vie sauvage associative"}]},{"@type":"WebSite","@id":"https:\/\/outsiderland.com\/danahilliot\/#website","url":"https:\/\/outsiderland.com\/danahilliot\/","name":"Outside Dana Hilliot","description":". Archives . Activit\u00e9s . Projets .","publisher":{"@id":"https:\/\/outsiderland.com\/danahilliot\/#\/schema\/person\/201a1fef0f5c2897bd65e98bcf6b1179"},"potentialAction":[{"@type":"SearchAction","target":{"@type":"EntryPoint","urlTemplate":"https:\/\/outsiderland.com\/danahilliot\/?s={search_term_string}"},"query-input":{"@type":"PropertyValueSpecification","valueRequired":true,"valueName":"search_term_string"}}],"inLanguage":"fr-FR"},{"@type":["Person","Organization"],"@id":"https:\/\/outsiderland.com\/danahilliot\/#\/schema\/person\/201a1fef0f5c2897bd65e98bcf6b1179","name":"danahilliot","image":{"@type":"ImageObject","inLanguage":"fr-FR","@id":"https:\/\/outsiderland.com\/danahilliot\/#\/schema\/person\/image\/","url":"https:\/\/outsiderland.com\/danahilliot\/wp-content\/uploads\/2026\/02\/50801449407_a909f2c1ad_k.jpg","contentUrl":"https:\/\/outsiderland.com\/danahilliot\/wp-content\/uploads\/2026\/02\/50801449407_a909f2c1ad_k.jpg","width":2048,"height":1536,"caption":"danahilliot"},"logo":{"@id":"https:\/\/outsiderland.com\/danahilliot\/#\/schema\/person\/image\/"}},{"@type":"Person","@id":"https:\/\/outsiderland.com\/danahilliot\/#\/schema\/person\/2f9b92e9fff19bccc36638b10510d5ae","name":"danah","image":{"@type":"ImageObject","inLanguage":"fr-FR","@id":"https:\/\/outsiderland.com\/danahilliot\/#\/schema\/person\/image\/","url":"https:\/\/secure.gravatar.com\/avatar\/ed6349755e1d97f204277de3d09fc6ac31abd856835c8ea3c3a30d0aa84b0ddd?s=96&d=mm&r=g","contentUrl":"https:\/\/secure.gravatar.com\/avatar\/ed6349755e1d97f204277de3d09fc6ac31abd856835c8ea3c3a30d0aa84b0ddd?s=96&d=mm&r=g","caption":"danah"},"url":"https:\/\/outsiderland.com\/danahilliot\/author\/danah\/"}]}},"jetpack_publicize_connections":[],"_links":{"self":[{"href":"https:\/\/outsiderland.com\/danahilliot\/wp-json\/wp\/v2\/posts\/236","targetHints":{"allow":["GET"]}}],"collection":[{"href":"https:\/\/outsiderland.com\/danahilliot\/wp-json\/wp\/v2\/posts"}],"about":[{"href":"https:\/\/outsiderland.com\/danahilliot\/wp-json\/wp\/v2\/types\/post"}],"author":[{"embeddable":true,"href":"https:\/\/outsiderland.com\/danahilliot\/wp-json\/wp\/v2\/users\/1"}],"replies":[{"embeddable":true,"href":"https:\/\/outsiderland.com\/danahilliot\/wp-json\/wp\/v2\/comments?post=236"}],"version-history":[{"count":0,"href":"https:\/\/outsiderland.com\/danahilliot\/wp-json\/wp\/v2\/posts\/236\/revisions"}],"wp:featuredmedia":[{"embeddable":true,"href":"https:\/\/outsiderland.com\/danahilliot\/wp-json\/wp\/v2\/media\/238"}],"wp:attachment":[{"href":"https:\/\/outsiderland.com\/danahilliot\/wp-json\/wp\/v2\/media?parent=236"}],"wp:term":[{"taxonomy":"category","embeddable":true,"href":"https:\/\/outsiderland.com\/danahilliot\/wp-json\/wp\/v2\/categories?post=236"},{"taxonomy":"post_tag","embeddable":true,"href":"https:\/\/outsiderland.com\/danahilliot\/wp-json\/wp\/v2\/tags?post=236"}],"curies":[{"name":"wp","href":"https:\/\/api.w.org\/{rel}","templated":true}]}}